{"id":71261,"date":"2026-04-27T10:52:53","date_gmt":"2026-04-27T09:52:53","guid":{"rendered":"https:\/\/www.turismoitinerante.com\/site\/?p=71261"},"modified":"2026-04-28T10:40:19","modified_gmt":"2026-04-28T09:40:19","slug":"gli-eventi-da-non-perdere-nel-fine-settimana-1-2-3-maggio","status":"publish","type":"post","link":"https:\/\/www.turismoitinerante.com\/site\/gli-eventi-da-non-perdere-nel-fine-settimana-1-2-3-maggio\/","title":{"rendered":"Gli eventi da non perdere nel fine settimana 1-2-3 maggio"},"content":{"rendered":"<p>Abbiamo selezionato per voi <strong>i<\/strong> <strong><span class=\"google-anno-t\">migliori eventi<\/span> da non perdere nel fine settimana 1-2-3 maggio<\/strong> in giro per l\u2019Italia! Scegliete il vostro preferito! Viaggiate in sicurezza con il vostro <span class=\"google-anno-t\">camper<\/span> con la <a href=\"https:\/\/www.assicurazionecamperdorazio.it\/Promo.aspx?Promo=TurismoItinerante\" target=\"_blank\" rel=\"noopener\"><strong>\u201cPolizza degli Amici di Turismo Itinerante\u201d<\/strong><\/a> in convenzione con la D\u2019Orazio Assicurazioni.<\/p>\n<p>&nbsp;<\/p>\n<p><a href=\"https:\/\/www.turismoitinerante.com\/site\/water-light-festival-2026-luci-suoni-e-arte-a-bressanone\/\" target=\"_blank\" rel=\"noopener\"><strong>Water Light Festival 2026: luci, suoni e arte a Bressanone<\/strong><\/a><\/p>\n<p>Dal 29 aprile al 16 maggio 2026, il centro storico di Bressanone si trasforma in un palco vivo di luce, suono e arte: torna il Water Light Festival \u00a9, una delle manifestazioni di light art pi\u00f9 attese d\u2019Europa, che quest\u2019anno propone un programma straordinario di oltre venti installazioni e performance sparse in tutto il territorio della citt\u00e0. Un\u2019edizione speciale, perch\u00e9 per la prima volta il festival fa parte di un progetto europeo dedicato alla pace: Imagine Peace.<\/p>\n<p>23 tra artiste, artisti e collettivi provenienti da 13 nazioni daranno vita a installazioni, proiezioni e opere immersive che dialogano con l\u2019architettura, i corsi d\u2019acqua e lo spazio urbano. La citt\u00e0 diventa cos\u00ec un laboratorio a cielo aperto, dove la luce non \u00e8 solo materia estetica, ma linguaggio, esperienza condivisa, occasione di incontro.<\/p>\n<p>L\u2019acqua \u00e8 vita, la luce \u00e8 arte \u2014 e quest\u2019anno, la luce diventa anche lingua della pace. Il tema della pace attraversa l\u2019intera edizione del festival come mai prima: dalle sculture interattive che invitano a superare l\u2019ego fino alle proiezioni che raccontano le storie di resistenza e memoria, ogni installazione \u00e8 un invito a fermarsi, a guardare, a riflettere. Il festival non \u00e8 mai stato solo uno spettacolo: \u00e8 sempre stato un luogo di incontro, di dialogo, di connessione tra persone e comunit\u00e0.<\/p>\n<figure id=\"attachment_71190\" aria-describedby=\"caption-attachment-71190\" style=\"width: 1024px\" class=\"wp-caption alignnone\"><img decoding=\"async\" class=\"size-large wp-image-71190\" src=\"https:\/\/www.turismoitinerante.com\/site\/wp-content\/uploads\/2026\/04\/18_WLF_Through-the-clouds-the-breathtaking-of-a-rough-diamond_SpectaculairescBrixen-Tourismus_Santifaller-Photography-1024x683.jpg\" alt=\"\" width=\"1024\" height=\"683\" srcset=\"https:\/\/www.turismoitinerante.com\/site\/wp-content\/uploads\/2026\/04\/18_WLF_Through-the-clouds-the-breathtaking-of-a-rough-diamond_SpectaculairescBrixen-Tourismus_Santifaller-Photography-1024x683.jpg 1024w, https:\/\/www.turismoitinerante.com\/site\/wp-content\/uploads\/2026\/04\/18_WLF_Through-the-clouds-the-breathtaking-of-a-rough-diamond_SpectaculairescBrixen-Tourismus_Santifaller-Photography-300x200.jpg 300w, https:\/\/www.turismoitinerante.com\/site\/wp-content\/uploads\/2026\/04\/18_WLF_Through-the-clouds-the-breathtaking-of-a-rough-diamond_SpectaculairescBrixen-Tourismus_Santifaller-Photography-768x512.jpg 768w, https:\/\/www.turismoitinerante.com\/site\/wp-content\/uploads\/2026\/04\/18_WLF_Through-the-clouds-the-breathtaking-of-a-rough-diamond_SpectaculairescBrixen-Tourismus_Santifaller-Photography-1536x1024.jpg 1536w, https:\/\/www.turismoitinerante.com\/site\/wp-content\/uploads\/2026\/04\/18_WLF_Through-the-clouds-the-breathtaking-of-a-rough-diamond_SpectaculairescBrixen-Tourismus_Santifaller-Photography-2048x1365.jpg 2048w, https:\/\/www.turismoitinerante.com\/site\/wp-content\/uploads\/2026\/04\/18_WLF_Through-the-clouds-the-breathtaking-of-a-rough-diamond_SpectaculairescBrixen-Tourismus_Santifaller-Photography-750x500.jpg 750w, https:\/\/www.turismoitinerante.com\/site\/wp-content\/uploads\/2026\/04\/18_WLF_Through-the-clouds-the-breathtaking-of-a-rough-diamond_SpectaculairescBrixen-Tourismus_Santifaller-Photography-1140x760.jpg 1140w\" sizes=\"(max-width: 1024px) 100vw, 1024px\" \/><figcaption id=\"caption-attachment-71190\" class=\"wp-caption-text\">Brixen Water Light Festival (c) Brixen Tourismus, Santifaller Photography<\/figcaption><\/figure>\n<p>&nbsp;<\/p>\n<p><a href=\"https:\/\/www.bikefestivalriva.com\/it\" target=\"_blank\" rel=\"noopener\"><strong>Bici, feste ed esperienze: a Riva del Garda dall&#8217;1 al 3 maggio arriva il Bike Festival<\/strong><\/a><\/p>\n<p>Il countdown \u00e8 iniziato: a Riva del Garda sta arrivando il FSA Bike Festival Riva del Garda, l\u2019evento internazionale di mountain bike e gravel. In questa 32esima edizione, Garda Trentino ha sviluppato un programma con format innovativi, nuove esperienze e uno spirito di community ancora pi\u00f9 forte. Dalle uscite notturne alle votazioni interattive, fino alle fantastiche feste, FSA Bike Festival amplia la propria offerta ben oltre i percorsi e le esposizioni, trasformando gli ospiti in partecipanti attivi. L\u2019ingresso all\u2019area espositiva ampliata rimarr\u00e0 gratuito anche nel 2026: i visitatori potranno consultare la mappa interattiva e registrarsi per l\u2019accesso qui. Novit\u00e0 di quest\u2019anno il \u201cBiker\u2019s Choice\u201d, dove i visitatori decideranno per la prima volta quali stand li hanno colpiti di pi\u00f9.<\/p>\n<p>EPICNIGHT: pedalare al chiaro di luna<br \/>\nCon l\u2019EPICNIGHT di EpicDays.cc, il Bike Festival si arricchisce di un nuovo appuntamento clou che rompe con i formati tradizionali: un percorso notturno non competitivo dedicato agli appassionati di gravel, MTB ed e-MTB. Il percorso prende il via il 30 aprile mentre il sole tramonta su Torbole e da l\u00ec si snoda attraverso la Valle del Sarca, accompagnati solo dalla propria luce, dal silenzio della notte e da un senso esteso di condivisione. Due percorsi, uno da 40 km e uno da 80 km, offrono opzioni adatte sia per chi vuole iniziare presto a festeggiare, sia per coloro che non sono ancora stanchi.<br \/>\nNon c&#8217;\u00e8 un podio al traguardo, ma un party in riva al lago, con DJ set e un&#8217;atmosfera da festival per dare il via a un intero weekend di avventure in bicicletta e clima di festa.<\/p>\n<p>Quando la bici si fa spettacolo<br \/>\nAllo Skill Park Busatte di Torbole, i ciclisti di ogni livello possono migliorare la propria tecnica, ad esempio alla MTB School \u201cRide Like a Pro!\u201d, che unisce controllo, tecnica e sicurezza per un\u2019esperienza ancora pi\u00f9 divertente in sella. Il SICK! Show, a cura di Bikeflip, offre ulteriore azione grazie alle acrobazie spettacolari, alle linee creative e alle sfide interattive proposte dai rider professionisti. Qui, tecnica, stile e intrattenimento si fondono in un\u2019esperienza elettrizzante per tutti coloro che non vogliono solo pedalare, ma anche divertirsi.<\/p>\n<p>Sapori e sensazioni di Bike Festival<br \/>\nOltre ai trail, FSA Bike Festival 2026 rivela anche il proprio lato divertente e vivace: nell\u2019Area Ristorazione, ogni stand invita a scoprire una diversa specialit\u00e0 locale e a gustare le delizie culinarie del territorio del Garda Trentino.<br \/>\nVenerd\u00ec, il Red Bull Summer Vibes Party animer\u00e0 le rive del lago, mentre sabato il Warm-up Party by FENZ, novit\u00e0 di questa edizione, inizier\u00e0 alle 18:00, prima del leggendario Bike Festival Party alla Spiaggia degli Olivi. Qui, sport, divertimento e musica si fondono in un&#8217;esperienza da festival senza soluzione di continuit\u00e0 \u2013 dalla prima pedalata all&#8217;ultimo ballo.<\/p>\n<figure id=\"attachment_71262\" aria-describedby=\"caption-attachment-71262\" style=\"width: 1024px\" class=\"wp-caption alignnone\"><img decoding=\"async\" class=\"size-large wp-image-71262\" src=\"https:\/\/www.turismoitinerante.com\/site\/wp-content\/uploads\/2026\/04\/Photo-Credit-Garda-Dolomiti-Spa-1024x683.jpg\" alt=\"\" width=\"1024\" height=\"683\" srcset=\"https:\/\/www.turismoitinerante.com\/site\/wp-content\/uploads\/2026\/04\/Photo-Credit-Garda-Dolomiti-Spa-1024x683.jpg 1024w, https:\/\/www.turismoitinerante.com\/site\/wp-content\/uploads\/2026\/04\/Photo-Credit-Garda-Dolomiti-Spa-300x200.jpg 300w, https:\/\/www.turismoitinerante.com\/site\/wp-content\/uploads\/2026\/04\/Photo-Credit-Garda-Dolomiti-Spa-768x512.jpg 768w, https:\/\/www.turismoitinerante.com\/site\/wp-content\/uploads\/2026\/04\/Photo-Credit-Garda-Dolomiti-Spa-1536x1024.jpg 1536w, https:\/\/www.turismoitinerante.com\/site\/wp-content\/uploads\/2026\/04\/Photo-Credit-Garda-Dolomiti-Spa-750x500.jpg 750w, https:\/\/www.turismoitinerante.com\/site\/wp-content\/uploads\/2026\/04\/Photo-Credit-Garda-Dolomiti-Spa-1140x760.jpg 1140w, https:\/\/www.turismoitinerante.com\/site\/wp-content\/uploads\/2026\/04\/Photo-Credit-Garda-Dolomiti-Spa.jpg 1920w\" sizes=\"(max-width: 1024px) 100vw, 1024px\" \/><figcaption id=\"caption-attachment-71262\" class=\"wp-caption-text\">Photo Credit Garda Dolomiti Spa<\/figcaption><\/figure>\n<p>&nbsp;<\/p>\n<p><a href=\"https:\/\/www.stramilano.it\/\" target=\"_blank\" rel=\"noopener\"><strong>Domenica 3 maggio a Milano la 53\u1d43 edizione della Stramilano<\/strong><\/a><\/p>\n<p>Milano si prepara ad accogliere la stracittadina pi\u00f9 attesa della stagione: la Stramilano 2026, che domenica 3 maggio giunge alla sua 53\u1d43 edizione. Come da tradizione, Piazza Duomo e Piazza Castello saranno i punti di partenza delle competizioni. Migliaia di runners, appassionati e famiglie trasformeranno le strade milanesi in un fiume di entusiasmo e sportivit\u00e0. Dopo il successo dello scorso anno, che ha visto la partecipazione di oltre 55.000 appassionati nonostante la pioggia, l\u2019appuntamento si rinnova con energia e affetto immutati.<\/p>\n<p>Madrina della manifestazione di quest\u2019anno sar\u00e0 Francesca Lollobrigida, pattinatrice di velocit\u00e0 italiana e considerata unanimemente una delle pi\u00f9 grandi sportive della storia nostrana. Tra i successi recenti, impossibile non menzionare la storica doppietta ottenuta nel corso delle Olimpiadi invernali di Milano-Cortina, con i due ori conquistati nei 3000 metri (record olimpico) e nei 5000 metri.<\/p>\n<p>Come da tradizione, Stramilano 2026 prevede tre differenti percorsi, adatti a ogni livello di esperienza: Stramilano 10Km, Stramilanina 5Km e Stramilano Half Marathon.<br \/>\nLa prima a partire sar\u00e0 la Half Marathon alle 8:30 da Piazza Castello; dopo ben 21,097 km tra le vie di Milano, i corridori torneranno proprio ai piedi del famoso Castello per tagliare il traguardo. Dedicata ai runners professionisti, la mezza maratona conferma il successo della passata edizione e anzi fa sold out con oltre 10.000 iscritti, portando al suo apice la popolarit\u00e0 della gara.<\/p>\n<p>Alle 10:00 da Piazza Duomo, invece, sar\u00e0 il turno della Stramilano 10 km, la corsa non competitiva aperta a tutti, senza distinzione di et\u00e0 ed esperienza. Il percorso si snoder\u00e0 tra le strade pi\u00f9 rappresentative della citt\u00e0, toccando punti simbolici come Piazza San Babila, Corso Venezia e Piazza XXIV Maggio. Mezz\u2019ora dopo, alle 10:30, sempre da Piazza Duomo, partir\u00e0 la Stramilanina, dedicata ai pi\u00f9 piccini e alle loro famiglie: un percorso di 5 km che attraverser\u00e0 il centro storico regalando ai bambini e alle loro famiglie un\u2019esperienza all\u2019aria aperta e all\u2019insegna dello sport.<br \/>\nL\u2019arrivo per entrambe le corse non competitive sar\u00e0 presso il suggestivo Arco della Pace, dove tutti i partecipanti riceveranno la loro medaglia e potranno finalmente divertirsi e godersi un meritato riposo.<\/p>\n<p><img decoding=\"async\" class=\"alignnone wp-image-71287 aligncenter\" src=\"https:\/\/www.turismoitinerante.com\/site\/wp-content\/uploads\/2026\/04\/StraMilano-eventi.jpg\" alt=\"\" width=\"786\" height=\"1115\" srcset=\"https:\/\/www.turismoitinerante.com\/site\/wp-content\/uploads\/2026\/04\/StraMilano-eventi.jpg 590w, https:\/\/www.turismoitinerante.com\/site\/wp-content\/uploads\/2026\/04\/StraMilano-eventi-211x300.jpg 211w\" sizes=\"(max-width: 786px) 100vw, 786px\" \/><\/p>\n<p>&nbsp;<\/p>\n<p><a href=\"http:\/\/www.ordinemauriziano.it\" target=\"_blank\" rel=\"noopener\"><strong>La Palazzina di Caccia di Stupinigi aperta nei ponti di primavera<\/strong><\/a><\/p>\n<p>La Palazzina di Caccia di Stupinigi (TO) \u00e8 aperta al pubblico nei ponti del 25 e 26 aprile e dell\u20191, 2 e 3 maggio con un\u2019offerta che unisce una passeggiata nel verde del Giardino Storico restaurato, una visita alla mostra che racconta le origini dell\u2019automobile moderna Sulle strade della Regina e un percorso di scoperta de Le stanze di Margherita nell\u2019Appartamento di Levante.<\/p>\n<p>Il Giardino Storico, recentemente restituito alla fruizione, rende nuovamente leggibile una parte significativa del paesaggio che circonda la residenza sabauda. Le gallerie verdi delle stanze di verzura tornano a definire il disegno del giardino, i parterre recuperano la loro geometria storica e il giardino di levante diventa il primo spazio di accoglienza del percorso di visita.<br \/>\nTra gli interventi realizzati, percorsi pi\u00f9 accessibili, la diffusione della rete wi-fi, una applicazione digitale personalizzata che accompagna la visita e la rievocazione della vasca di Fritz, l\u2019elefante che nell\u2019Ottocento visse a Stupinigi e che qui trovava spazio anche per le proprie abluzioni. L\u2019antica piscina \u00e8 oggi evocata attraverso una composizione vegetale che ne riproduce la forma, con specie capaci di garantire una fioritura stagionale che suggeriscono, con il colore, la presenza dell\u2019acqua.<\/p>\n<p>Tra cavalli e motori: la mostra Sulle strade della Regina. Alle origini dell\u2019automobile moderna, fino al 28 giugno 2026 nella Citroniera di Ponente, racconta il passaggio dalla carrozza all\u2019automobile ai tempi di Margherita di Savoia mettendo in relazione eleganza formale, innovazione tecnica e trasformazioni della mobilit\u00e0. Prodotta da FOM \u2013 Fondazione Ordine Mauriziano e MAUTO \u2013 Museo Nazionale dell\u2019Automobile, la mostra mette per la prima volta a confronto automobili storiche provenienti dal MAUTO e carrozze ottocentesche della collezione Nicolotti Furno, offrendo un nuovo sguardo sul mondo dei trasporti tra XIX e XX secolo. Il percorso espositivo attraversa un secolo di cambiamenti culturali e tecnologici, dalle carrozze &#8211; come Landau Ronde, Phaeton, Coup\u00e8 Brougham, espressioni di prestigio, ritualit\u00e0 e status sociale &#8211; alle prime automobili italiane e straniere, tra cui Fiat Tipo Zero A, Isotta Fraschini BN 30\/40 HP, Oldsmobile 6C Curved Dash, Benz Victoria. Ogni mezzo racconta un mondo in trasformazione: dalla lentezza e ritualit\u00e0 dei viaggi in carrozza, segno evidente di rango e potere, alla novit\u00e0 e al fascino delle prime automobili, ancora rare e sorprendenti, che condividono le strade con i cavalli. Costruttori come Benz, Fiat, Decauville, De Dion Bouton presentano modelli unici, spesso realizzati su misura e destinati a una committenza limitata e selezionata.<\/p>\n<p>Non solo una Regina, ma una donna con un gusto preciso, abitudini quotidiane, affetti, rituali e un\u2019idea moderna dell\u2019abitare. Con \u201cLe stanze di Margherita\u201d, la Palazzina di Caccia di Stupinigi, in occasione del centenario della morte, invita i visitatori ad entrare nella dimensione pi\u00f9 privata e concreta di Margherita di Savoia, ultima sovrana ad abitare la residenza prima della sua trasformazione in museo. Il percorso restituisce l\u2019ultima stagione vissuta di Stupinigi come dimora reale, tra il 1901 e il 1919. In quegli anni la Palazzina non fu pi\u00f9 soltanto una residenza di caccia, ma una casa vissuta, adattata, trasformata per rispondere alle esigenze quotidiane della Regina Madre. Attraverso una serie di pannelli tematici con grafica dedicata, collocati nell\u2019Appartamento e nell\u2019Atrio di Levante e nell\u2019area dell\u2019ascensore storico, il percorso mette in dialogo fotografie d\u2019epoca, immagini tratte da riviste del primo Novecento e ambienti attuali, permettendo ai visitatori di confrontare passato e presente in modo immediato e suggestivo. Un QR code, inoltre, consentir\u00e0 di approfondire la storia attraverso testi e immagini di inizio Novecento.<\/p>\n<figure id=\"attachment_71263\" aria-describedby=\"caption-attachment-71263\" style=\"width: 1024px\" class=\"wp-caption alignnone\"><img decoding=\"async\" class=\"wp-image-71263 size-large\" src=\"https:\/\/www.turismoitinerante.com\/site\/wp-content\/uploads\/2026\/04\/Giardino-Storico-Stupinigi-ph-Silvano-Pupella-1024x378.jpg\" alt=\"\" width=\"1024\" height=\"378\" srcset=\"https:\/\/www.turismoitinerante.com\/site\/wp-content\/uploads\/2026\/04\/Giardino-Storico-Stupinigi-ph-Silvano-Pupella-1024x378.jpg 1024w, https:\/\/www.turismoitinerante.com\/site\/wp-content\/uploads\/2026\/04\/Giardino-Storico-Stupinigi-ph-Silvano-Pupella-300x111.jpg 300w, https:\/\/www.turismoitinerante.com\/site\/wp-content\/uploads\/2026\/04\/Giardino-Storico-Stupinigi-ph-Silvano-Pupella-768x284.jpg 768w, https:\/\/www.turismoitinerante.com\/site\/wp-content\/uploads\/2026\/04\/Giardino-Storico-Stupinigi-ph-Silvano-Pupella-1536x568.jpg 1536w, https:\/\/www.turismoitinerante.com\/site\/wp-content\/uploads\/2026\/04\/Giardino-Storico-Stupinigi-ph-Silvano-Pupella-2048x757.jpg 2048w, https:\/\/www.turismoitinerante.com\/site\/wp-content\/uploads\/2026\/04\/Giardino-Storico-Stupinigi-ph-Silvano-Pupella-750x277.jpg 750w, https:\/\/www.turismoitinerante.com\/site\/wp-content\/uploads\/2026\/04\/Giardino-Storico-Stupinigi-ph-Silvano-Pupella-1140x421.jpg 1140w\" sizes=\"(max-width: 1024px) 100vw, 1024px\" \/><figcaption id=\"caption-attachment-71263\" class=\"wp-caption-text\">Giardino Storico Stupinigi, ph Silvano Pupella<\/figcaption><\/figure>\n<p>&nbsp;<\/p>\n<p><a href=\"https:\/\/www.turismoitinerante.com\/site\/dal-2-al-10-maggio-torna-il-festival-ravenna-jazz\/\" target=\"_blank\" rel=\"noopener\"><strong>Dal 2 al 10 maggio torna il festival Ravenna Jazz<\/strong><\/a><\/p>\n<p>Ravenna Jazz 2026: sar\u00e0 una expanded edition, la 53a per uno dei pi\u00f9 longevi festival jazz d\u2019Italia. Dopo la prima fase del festival, nel consueto periodo dal 2 al 10 maggio, la kermesse torner\u00e0 in scena con una spumeggiante tripletta di serate estive (1-3-9 luglio) alla Rocca Brancaleone, storica sede della manifestazione, che viene riaperta agli spettacoli, restaurata e rinata a nuovo splendore.<\/p>\n<p>Un ritorno logistico alle origini che ha suggerito di convocare alcuni degli artisti la cui partecipazione a precedenti edizioni del festival ha lasciato un segno: dal guitar hero Pat Metheny a Matteo Mancuso, un altro divo della chitarra, giovanissimo ma gi\u00e0 acclamato in tutto il mondo. E poi il tributo filologico ad Astor Piazzolla e Gary Burton nel quarantennale dello storico concerto di \u201cRavenna Jazz 1986\u201d, affidato all\u2019Orchestra Giovanile Cherubini con Daniele di Bonaventura, Daniele Di Gregorio e Massimo Recalcati. A completare il cast estivo c\u2019\u00e8 poi Nik West, bassista e cantante americana gi\u00e0 al fianco di Prince e Quincy Jones.<\/p>\n<p>La sezione primaverile del festival sar\u00e0 altrettanto enciclopedica: dal jazz \u2018sinfonico\u2019 dell\u2019Italian Jazz Orchestra con Flavio Boltro e Walter Ricci a un nutrito cast di voci: quelle di Vanessa Tagliabue Yorke (in \u201cNada M\u00e0s Fuerte\u201d di Mauro Ottolini), della carismatica Petra Magoni assieme all\u2019Ark\u00e8 String Quartet, di Maria Pia De Vito e del giovane cantautore e rapper in profumo di jazz Davide Shorty. E poi ancora il piano solo di Bill Laurance (mente creativa degli Snarky Puppy), il quintetto romano Sinnerman, il viaggio nel regno dei grandi tenorsassofonisti del passato con Alessandro Scala e Fabio Petretti.<\/p>\n<p>All\u2019interno di Ravenna Jazz si colloca anche il gran finale dell\u2019iniziativa didattica \u201cPazzi di Jazz\u201d: l\u2019imponente produzione corale-orchestrale con un vasto organico di baby musicisti preparati, affiancati e diretti da Mauro Ottolini, Mauro Negri, Alien Dee e Tommaso Vittorini.<\/p>\n<figure id=\"attachment_71244\" aria-describedby=\"caption-attachment-71244\" style=\"width: 1024px\" class=\"wp-caption alignnone\"><img decoding=\"async\" class=\"size-large wp-image-71244\" src=\"https:\/\/www.turismoitinerante.com\/site\/wp-content\/uploads\/2026\/04\/Mauro-Ottolini-Vanessa-Tagliabue-Yorke-di-Roberto-Cifarelli-2-1024x1024.jpg\" alt=\"\" width=\"1024\" height=\"1024\" srcset=\"https:\/\/www.turismoitinerante.com\/site\/wp-content\/uploads\/2026\/04\/Mauro-Ottolini-Vanessa-Tagliabue-Yorke-di-Roberto-Cifarelli-2-1024x1024.jpg 1024w, https:\/\/www.turismoitinerante.com\/site\/wp-content\/uploads\/2026\/04\/Mauro-Ottolini-Vanessa-Tagliabue-Yorke-di-Roberto-Cifarelli-2-300x300.jpg 300w, https:\/\/www.turismoitinerante.com\/site\/wp-content\/uploads\/2026\/04\/Mauro-Ottolini-Vanessa-Tagliabue-Yorke-di-Roberto-Cifarelli-2-150x150.jpg 150w, https:\/\/www.turismoitinerante.com\/site\/wp-content\/uploads\/2026\/04\/Mauro-Ottolini-Vanessa-Tagliabue-Yorke-di-Roberto-Cifarelli-2-768x768.jpg 768w, https:\/\/www.turismoitinerante.com\/site\/wp-content\/uploads\/2026\/04\/Mauro-Ottolini-Vanessa-Tagliabue-Yorke-di-Roberto-Cifarelli-2-1536x1536.jpg 1536w, https:\/\/www.turismoitinerante.com\/site\/wp-content\/uploads\/2026\/04\/Mauro-Ottolini-Vanessa-Tagliabue-Yorke-di-Roberto-Cifarelli-2-75x75.jpg 75w, https:\/\/www.turismoitinerante.com\/site\/wp-content\/uploads\/2026\/04\/Mauro-Ottolini-Vanessa-Tagliabue-Yorke-di-Roberto-Cifarelli-2-350x350.jpg 350w, https:\/\/www.turismoitinerante.com\/site\/wp-content\/uploads\/2026\/04\/Mauro-Ottolini-Vanessa-Tagliabue-Yorke-di-Roberto-Cifarelli-2-750x750.jpg 750w, https:\/\/www.turismoitinerante.com\/site\/wp-content\/uploads\/2026\/04\/Mauro-Ottolini-Vanessa-Tagliabue-Yorke-di-Roberto-Cifarelli-2-1140x1140.jpg 1140w, https:\/\/www.turismoitinerante.com\/site\/wp-content\/uploads\/2026\/04\/Mauro-Ottolini-Vanessa-Tagliabue-Yorke-di-Roberto-Cifarelli-2.jpg 1852w\" sizes=\"(max-width: 1024px) 100vw, 1024px\" \/><figcaption id=\"caption-attachment-71244\" class=\"wp-caption-text\">Vanessa Tagliabue Yorke \u00a9 Roberto Cifarelli<\/figcaption><\/figure>\n<p>&nbsp;<\/p>\n<p><a href=\"https:\/\/suberfestival.it\/\" target=\"_blank\" rel=\"noopener\"><strong>Dall&#8217;1 al 3 maggio a Suvereto la terza edizione di SUBER &#8211; Suvereto Wine Festival<\/strong><\/a><\/p>\n<p>Una nuova energia fatta di radici antiche e giovani sguardi vibra tra i filari della Val di Cornia e i vicoli di Suvereto. La terza edizione di SUBER &#8211; Suvereto Wine Festival, dal 1\u00b0 al 3 maggio 2026, racconta una metamorfosi: la revisione del disciplinare con il nuovo Suvereto DOCG segna un passaggio chiave nella costruzione di vini pi\u00f9 identitari.<\/p>\n<p>Un\u2019evoluzione che non riguarda solo la produzione, ma ridefinisce il posizionamento di questo territorio dell\u2019Alta Maremma dove l\u2019enoturismo assume un ruolo strutturale che genera valore e orienta i flussi. \u00c8 su questo terreno che le nuove generazioni &#8211; viticoltori, ristoratori, artigiani e amministratori locali &#8211; sono chiamate a confrontarsi, delineando un percorso condiviso capace di tenere insieme identit\u00e0, sostenibilit\u00e0 e competitivit\u00e0 in un contesto globale.<\/p>\n<p>A questo cambiamento \u00e8 dedicata la masterclass &#8220;Suvereto Docg, una nuova storia&#8221;: 12 assaggi guidati e comparati per capire come le nuove regole produttive stiano gi\u00e0 disegnando il profilo dei vini di domani di questa giovane denominazione (sabato 2 e domenica 3 maggio alle ore 15).<br \/>\nApre ufficialmente il Festival, venerd\u00ec 1\u00b0 maggio dalle 19.30 alle 22.30, il SUBER Aperitivo con musica dal vivo: tramonto con vista sulla Val di Cornia con calici locali, finger food e note nei giardini del Consorzio vini Suvereto e Val di Cornia, che organizza tutto il Festival con il patrocinio del Comune di Suvereto.<\/p>\n<p>Sabato 2 e domenica 3 maggio SUBER entra nel vivo e la sua energia si diffonde lungo le strade di Suvereto, in una festa diffusa che coinvolge tutto il borgo con negozi, botteghe, enoteche e ristoranti aperti fino a tarda sera: i vicoli acciottolati, i palazzi e le piazzette dell&#8217;urbe medievale ospitano degustazioni, laboratori, attivit\u00e0 sportive e ludiche, talk, show cooking e spettacoli. Calice alla mano, i visitatori sono invitati a passeggiare tra le vie di Suvereto, i suoi profumi e sapori e cimentarsi nelle diverse attivit\u00e0 proposte per celebrare, insieme alla comunit\u00e0 locale, la Val di Cornia, dove vino, cibo, storia, paesaggio e innovazione permeano economia e societ\u00e0.<\/p>\n<p><img decoding=\"async\" class=\"alignnone size-large wp-image-71290\" src=\"https:\/\/www.turismoitinerante.com\/site\/wp-content\/uploads\/2026\/04\/Suber-Wine-Festival_2025_27-1024x719.jpg\" alt=\"\" width=\"1024\" height=\"719\" srcset=\"https:\/\/www.turismoitinerante.com\/site\/wp-content\/uploads\/2026\/04\/Suber-Wine-Festival_2025_27-1024x719.jpg 1024w, https:\/\/www.turismoitinerante.com\/site\/wp-content\/uploads\/2026\/04\/Suber-Wine-Festival_2025_27-300x211.jpg 300w, https:\/\/www.turismoitinerante.com\/site\/wp-content\/uploads\/2026\/04\/Suber-Wine-Festival_2025_27-768x539.jpg 768w, https:\/\/www.turismoitinerante.com\/site\/wp-content\/uploads\/2026\/04\/Suber-Wine-Festival_2025_27-1536x1079.jpg 1536w, https:\/\/www.turismoitinerante.com\/site\/wp-content\/uploads\/2026\/04\/Suber-Wine-Festival_2025_27-2048x1439.jpg 2048w, https:\/\/www.turismoitinerante.com\/site\/wp-content\/uploads\/2026\/04\/Suber-Wine-Festival_2025_27-750x527.jpg 750w, https:\/\/www.turismoitinerante.com\/site\/wp-content\/uploads\/2026\/04\/Suber-Wine-Festival_2025_27-1140x801.jpg 1140w\" sizes=\"(max-width: 1024px) 100vw, 1024px\" \/><\/p>\n<p>&nbsp;<\/p>\n<p><a href=\"https:\/\/visitfano.info\/un-mare-di-aquiloni-2026-2a-edizione\/\" target=\"_blank\" rel=\"noopener\"><strong>L&#8217;1 e 2 maggio Fano (PU) apre la stagione con Un Mare di Aquiloni<\/strong><\/a><\/p>\n<p>Il cielo del Lido di Fano \u00e8 pronto a trasformarsi in un suggestivo mosaico di colori in volo, un palcoscenico a cielo aperto con la seconda edizione di \u201cUn Mare di Aquiloni\u201d, evento per il quale si prevedono arrivi in citt\u00e0 da tutta Italia tra professionisti, appassionati, famiglie o semplici curiosi. Appuntamento per le giornate dell\u20191\u00b0 e del 2 maggio, con tanto di voli luminosi in notturna, grande novit\u00e0 di quest\u2019anno, ad aprire nel migliore dei modi la stagione fanese con una manifestazione \u201cche lo scorso anno ha sorpreso tutti per partecipazione e riscontro \u2013 evidenzia l\u2019assessore ai Grandi Eventi, Alberto Santorelli &#8211; Ci auguriamo che anche questa volta Fano possa accogliere migliaia di visitatori: sar\u00e0 un\u2019occasione straordinaria per vivere la citt\u00e0, il mare e un evento capace di unire spettacolo, famiglie e promozione del territorio\u201d.<\/p>\n<p>Nati migliaia di anni fa in Oriente, costruiti con bamb\u00f9, seta e carta, da sempre, gli aquiloni, parlano di leggerezza e di sogni che si alzano in volo. Legati a riti, cerimonie e feste rappresentano un filo sottile che unisce la terra al cielo, le persone ai loro desideri. In molte culture sono simbolo di speranza, libert\u00e0 e buon auspicio. A maggior ragione in una citt\u00e0 vocata alla dea Fortuna. Per due giorni il Lido sar\u00e0 quindi una lunga festa sulla sabbia: dalle ore 10 il cielo si riempir\u00e0 di aquiloni acrobatici che danzeranno sopra l\u2019acqua, tra figure spettacolari, forme inaspettate e personaggi sospesi sul mare. Le famiglie potranno camminare a pochi passi dalla riva con lo sguardo rivolto al cielo, seguendo scie di colore spinte dal vento, mentre i bambini saranno protagonisti dei laboratori dedicati alla costruzione e al volo degli aquiloni.<\/p>\n<p>Lungo la spiaggia e la passeggiata troveranno spazio mercatini, artigianato e sapori del territorio: piccoli mondi da scoprire tra un volo e l\u2019altro, in un\u2019atmosfera rilassata e insieme vivace, dove il rumore delle onde si intreccia alle voci, alle risate, alla musica. Al tramonto, il Lido cambia pelle ma non perde magia: venerd\u00ec 1\u00b0 maggio, dalle ore 18, il palco centrale ospiter\u00e0 il live di Zebra Tre, con un concerto che accompagner\u00e0 il calare del sole trasformando la spiaggia in una grande piazza affacciata sul mare mentre il cielo notturno sar\u00e0 costellato di aquiloni giganti e illuminati.<\/p>\n<p><img decoding=\"async\" class=\"alignnone size-large wp-image-71264\" src=\"https:\/\/www.turismoitinerante.com\/site\/wp-content\/uploads\/2026\/04\/Fano-eventi-819x1024.jpeg\" alt=\"\" width=\"819\" height=\"1024\" srcset=\"https:\/\/www.turismoitinerante.com\/site\/wp-content\/uploads\/2026\/04\/Fano-eventi-819x1024.jpeg 819w, https:\/\/www.turismoitinerante.com\/site\/wp-content\/uploads\/2026\/04\/Fano-eventi-240x300.jpeg 240w, https:\/\/www.turismoitinerante.com\/site\/wp-content\/uploads\/2026\/04\/Fano-eventi-768x960.jpeg 768w, https:\/\/www.turismoitinerante.com\/site\/wp-content\/uploads\/2026\/04\/Fano-eventi-750x938.jpeg 750w, https:\/\/www.turismoitinerante.com\/site\/wp-content\/uploads\/2026\/04\/Fano-eventi.jpeg 1080w\" sizes=\"(max-width: 819px) 100vw, 819px\" \/><\/p>\n<p>&nbsp;<\/p>\n<p><span style=\"color: #ff0000;\"><strong>Ad Ancona torna la Fiera di San Ciriaco: tanti appuntamenti illuminano la citt\u00e0 dall&#8217;1 al 4 maggio<\/strong><\/span><\/p>\n<p>Con un percorso \u201cda mare a mare\u201d, con una passeggiata panoramica tra la Mole Vanvitelliana e il Passetto, interamente organizzata dal Comune di Ancona tramite Ancona Servizi, torna dal 1\u00b0 al 4 maggio la Fiera di San Ciriaco con l\u2019ormai tradizionale pre-apertura del 30 aprile degli stand gastronomici in Piazza Cavour.<\/p>\n<p>La fiera cambia location toccando il Viale della Vittoria (ma soltanto la parte pedonale mentre rimarr\u00e0 invariata la circolazione stradale a salire e scendere). La fiera si estende in Corso Stamira, in piazza Kennedy e in Via XXIX Settembre. Il food approda a Piazza Cavour con il contorno di intrattenimenti musicali.<\/p>\n<p>La Fiera Tradizionale trover\u00e0 posto al Viale della Vittoria e in Corso Stamira fino a Via XXIX Settembre; la mostra mercato del Mercatino Artigiano al Viale della Vittoria; la Fiera Campionaria e le Associazioni a Piazza Cavour;<br \/>\nSan Ciriaco Street Food, in Piazza Cavour: nell\u2019ambito di San Ciriaco Street Food \u00e8 previsto, come nel 2025, un programma di intrattenimenti musicali, quest&#8217;anno nella centralissima piazza Cavour, con concerti live e DJ set; nell\u2019ambito della manifestazione \u00e8 prevista anche la consegna delle civiche benemerenze con la \u201cFesta dei Ciriachini 2026\u201d.<\/p>\n<p>Canalone di Piazza Cavour: come lo scorso anno, confermata la partnership con Co.GE.VO. (Consorzio di gestione della pesca delle vongole nel Compartimento marittimo di Ancona): infatti un punto ristoro dedicato alla degustazione delle tipicit\u00e0 di mare. CO.GE.VO. ANCONA parteciper\u00e0 alla fiera di San Ciriaco al fine di promuovere il proprio prodotto (vongola) frutto di una filiera garantita trasparente di qualit\u00e0 nell\u2019ambito del progetto Mare Magnum . Il prodotto sar\u00e0 valorizzato in un contesto incentrato sulla promozione della territorio di Ancona. Nel men\u00f9 saranno presenti: spaghetto alle vongole, tagliatella allo scoglio, sout\u00e8 di vongole, frittura di pesce, grigliata mista ecc\u2026\u2026Lo stand sar\u00e0 aperto dalla cena del 30 aprile alla cena del 4 maggio dalle ore 10.00 alle ore 24.00.<\/p>\n<p>Passetto: qui trover\u00e0 posto il Villaggio della Legalit\u00e0, iniziativa in collaborazione con la Polizia di Stato.<\/p>\n<p>Piazza Pertini: qui saranno collocati gli intrattenimenti per tutte le et\u00e0 con anche il parco giochi. L&#8217;area sar\u00e0 aperta con le sue venti attrazioni gi\u00e0 dal 26 aprile e operativa fino al 10 maggio.<\/p>\n<p>La Tombola &#8211; La Croce Gialla organizza la tradizionale \u201cTombola di solidariet\u00e0\u201d che rappresenta un appuntamento molto popolare a conclusione della Fiera. La vendita delle cartelle avviene prima e durante la Fiera. Estrazione premi nella serata del 4 maggio in piazza Diaz.<br \/>\nPer il Patrono &#8211; La Cattedrale di San Ciriaco \u00e8 il luogo rituale privilegiato per i festeggiamenti del Patrono. Com&#8217;\u00e8 consuetudine, al mattino del 4 maggio, vi si tengono le celebrazioni religiose dedicate al Santo. II programma delle funzioni religiose sar\u00e0 pubblicizzato direttamente dalla Curia.<\/p>\n<p><img decoding=\"async\" class=\"alignnone size-large wp-image-40822\" src=\"https:\/\/www.turismoitinerante.com\/site\/wp-content\/uploads\/2019\/04\/fiera-di-san-ciriaco-4-1024x683.jpg\" alt=\"fiera di san ciriaco\" width=\"1024\" height=\"683\" srcset=\"https:\/\/www.turismoitinerante.com\/site\/wp-content\/uploads\/2019\/04\/fiera-di-san-ciriaco-4-1024x683.jpg 1024w, https:\/\/www.turismoitinerante.com\/site\/wp-content\/uploads\/2019\/04\/fiera-di-san-ciriaco-4-300x200.jpg 300w, https:\/\/www.turismoitinerante.com\/site\/wp-content\/uploads\/2019\/04\/fiera-di-san-ciriaco-4-768x512.jpg 768w, https:\/\/www.turismoitinerante.com\/site\/wp-content\/uploads\/2019\/04\/fiera-di-san-ciriaco-4-750x500.jpg 750w, https:\/\/www.turismoitinerante.com\/site\/wp-content\/uploads\/2019\/04\/fiera-di-san-ciriaco-4.jpg 1140w\" sizes=\"(max-width: 1024px) 100vw, 1024px\" \/><\/p>\n<p>&nbsp;<\/p>\n<p><a href=\"https:\/\/www.visitmassamartana.it\/it\" target=\"_blank\" rel=\"noopener\"><strong>&#8220;Sentieri Martani&#8221;: in Umbria continuano le escursioni<\/strong><\/a><\/p>\n<p>Sentieri Martani \u00e8 un calendario di eventi dedicato al territorio di Massa Martana e dintorni. 11 escursioni ed esperienze tra natura e storia, per scoprire il territorio a 360 gradi. Dai panoramici crinali alle verdi valli, Sentieri Martani vi porter\u00e0 tra le meraviglie pi\u00f9 autentiche della nostra terra, spaziando dalla fotografia naturalistica al birdwatching, dall\u2019archeotrekking alle escursioni al tramonto, e molto molto altro.<br \/>\nUn vero e proprio viaggio nella natura, che si concluder\u00e0 con un grande festival di 3 giorni dedicato alla biodiversit\u00e0: Martana Wild.<\/p>\n<p>Sabato 2 maggio si prosegue con l&#8217;escursione intitolata &#8220;Tra natura e storia&#8221;: un viaggio unico tra natura e archeologia, tra le tracce antiche lasciate dall&#8217;uomo in un dialogo costante tra l&#8217;ambiente e secoli di storia. Il percorso sveler\u00e0 luoghi di grande fascino come la suggestiva Catacomba di Villa San Faustino e vi condurr\u00e0 lungo un tratto dell&#8217;antica Via Flaminia, dove sorge il meraviglioso Ponte Fonnaia. Ogni passo inviter\u00e0 a riflettere sull&#8217;ancestrale identit\u00e0 di questo territorio.<\/p>\n<p>EVENTO GRATUITO<br \/>\nLunghezza: 5,2 km<br \/>\nDislivello: 160 m<br \/>\nTipologia: percorso ad anello&nbsp;<br \/>\nDifficolt\u00e0: medio-facile (livello turistico\/escursionistico)<br \/>\nAdatto a: tutti (bambini da 8 anni in su). Richiede un minimo di abitudine alla camminata in natura.<br \/>\nCome vestirsi e cosa portare: abbigliamento adeguato all\u2019attivit\u00e0 escursionistica, scarpe da trekking, piccolo zaino con acqua e snack.<br \/>\nOrario e luogo appuntamento: ore 09:30 presso le Catacombe di Villa San Faustino. Il link google maps al punto esatto di ritrovo verr\u00e0 inviato nel messaggio di conferma.<br \/>\nIscrizione obbligatoria compilando il modulo online (posti limitati): https:\/\/forms.gle\/HyDLLnMC2tDypmP78<br \/>\nPer info: +39 371 574 7944 &#8211; info@hylagroup.net<br \/>\nLa conferma dell\u2019evento avverr\u00e0 tramite messaggio WhatsApp al numero indicato nel modulo di prenotazione (ENTRO LE ORE 18:00 DEL GIORNO CHE PRECEDE L&#8217;EVENTO). Il messaggio conterr\u00e0 anche il link google maps al punto esatto di ritrovo.<\/p>\n<p><img decoding=\"async\" class=\"alignnone size-large wp-image-71265\" src=\"https:\/\/www.turismoitinerante.com\/site\/wp-content\/uploads\/2026\/04\/Tra-storia-e-natura-locandina-724x1024.jpg\" alt=\"\" width=\"724\" height=\"1024\" srcset=\"https:\/\/www.turismoitinerante.com\/site\/wp-content\/uploads\/2026\/04\/Tra-storia-e-natura-locandina-724x1024.jpg 724w, https:\/\/www.turismoitinerante.com\/site\/wp-content\/uploads\/2026\/04\/Tra-storia-e-natura-locandina-212x300.jpg 212w, https:\/\/www.turismoitinerante.com\/site\/wp-content\/uploads\/2026\/04\/Tra-storia-e-natura-locandina-768x1086.jpg 768w, https:\/\/www.turismoitinerante.com\/site\/wp-content\/uploads\/2026\/04\/Tra-storia-e-natura-locandina-1086x1536.jpg 1086w, https:\/\/www.turismoitinerante.com\/site\/wp-content\/uploads\/2026\/04\/Tra-storia-e-natura-locandina-750x1061.jpg 750w, https:\/\/www.turismoitinerante.com\/site\/wp-content\/uploads\/2026\/04\/Tra-storia-e-natura-locandina-1140x1612.jpg 1140w, https:\/\/www.turismoitinerante.com\/site\/wp-content\/uploads\/2026\/04\/Tra-storia-e-natura-locandina.jpg 1414w\" sizes=\"(max-width: 724px) 100vw, 724px\" \/><\/p>\n<p><a href=\"https:\/\/www.ilmercatodellegaite.it\/la-primavera-medievale\/\" target=\"_blank\" rel=\"noopener\"><strong>Dal 30 aprile al 3 maggio a Bevagna (PG) arriva la \u201cPrimavera medievale\u201d<\/strong><\/a><\/p>\n<p>Appuntamento a Bevagna dal 30 aprile al 3 maggio prossimi con cultura, spettacoli e gastronomia. Il titolo e il tema scelto per la Primavera \u00e8 \u201cFrancesco, il Santo che chiam\u00f2 fratello il Sole &#8211; omaggio a Francesco d\u2019Assisi, a 800 anni dalla morte\u201d. Dal 30 aprile al 3 maggio, dunque, turisti e visitatori potranno trovare a Bevagna quasi un anticipo di quello che sar\u00e0 il Mercato delle Gaite, con cultura e quindi convegni e conferenze, spettacoli suggestivi e le taverne delle Gaite aperte per regalare una esperienza unica. Non mancheranno i prelibati piatti delle quattro Taverne, i Mestieri Medievali, i giullari, i cantastorie e un ricco e colorato Mercato in piazza, con prodotti e manufatti, artigiani e mercanti.<\/p>\n<p>Tra gli eventi da segnalare, il primo giorno, la conferenza a cura del cardinale Domenico Battaglia, arcivescovo di Napoli, dal titolo \u201cFrancesco cantore del Creato\u201d, che si svolger\u00e0 dopo l\u2019apertura ufficiale con la presidente della Regione Stefania Proietti, la sindaca Annarita Falsacappa, il podest\u00e0 Massimiliano Bianchi e l\u2019arcivescovo di Spoleto &#8211; Norcia, monsignor Renato Boccardo. Le strade di Bevagna si riempiranno poi della magia del Teatro di strada, dei \u2018Giullari del diavolo\u2019 e ci sar\u00e0 poi la Gara di tiro con l\u2019arco organizzata dall\u2019associazione Arcatores de Mevania.<\/p>\n<p>Il secondo giorno apriranno i mestieri medievali e partiranno anche gli itinerari al tramonto, visite guidate nei luoghi pi\u00f9 suggestivi delle quattro Gaite. Da evidenziare anche l\u2019appuntamento \u201cFrancesco e Chiara nei set di Bevagna &#8211; Fratello Sole, Sorella Luna\u201d, dedicato al film di Franco Zeffirelli del 1972, che gir\u00f2 proprio a Bevagna. Sabato 2 gennaio occhi puntati sul convegno di studi \u201cFrancesco, la natura e gli animali\u201d, al via all\u2019Auditorio di Santa Maria Laurentia alle 10. Parteciperanno insigni accademici provenienti anche dalle universit\u00e0 francesi. Ci sar\u00e0 anche il professor Franco Cardini, dell\u2019Istituto italiano di Scienze umane e sociali della Scuola Normale di Superiore di Pisa e Franco Franceschi, dell\u2019Universit\u00e0 di Siena. Domenica 3 maggio visite guidate, mestieri, cantastorie, mercato medievale e conclusione con \u201cCantico &#8211; Narrazione in musica\u201d, al chiostro di San Domenico. Uno spettacolo di e con Francesca Breschi e Giulia Zeetti.<\/p>\n<p><img decoding=\"async\" class=\"alignnone size-large wp-image-71276\" src=\"https:\/\/www.turismoitinerante.com\/site\/wp-content\/uploads\/2026\/04\/Manifesto_Primavera-1-819x1024.jpg\" alt=\"\" width=\"819\" height=\"1024\" srcset=\"https:\/\/www.turismoitinerante.com\/site\/wp-content\/uploads\/2026\/04\/Manifesto_Primavera-1-819x1024.jpg 819w, https:\/\/www.turismoitinerante.com\/site\/wp-content\/uploads\/2026\/04\/Manifesto_Primavera-1-240x300.jpg 240w, https:\/\/www.turismoitinerante.com\/site\/wp-content\/uploads\/2026\/04\/Manifesto_Primavera-1-768x960.jpg 768w, https:\/\/www.turismoitinerante.com\/site\/wp-content\/uploads\/2026\/04\/Manifesto_Primavera-1-1229x1536.jpg 1229w, https:\/\/www.turismoitinerante.com\/site\/wp-content\/uploads\/2026\/04\/Manifesto_Primavera-1-1638x2048.jpg 1638w, https:\/\/www.turismoitinerante.com\/site\/wp-content\/uploads\/2026\/04\/Manifesto_Primavera-1-750x938.jpg 750w, https:\/\/www.turismoitinerante.com\/site\/wp-content\/uploads\/2026\/04\/Manifesto_Primavera-1-1140x1425.jpg 1140w, https:\/\/www.turismoitinerante.com\/site\/wp-content\/uploads\/2026\/04\/Manifesto_Primavera-1-scaled.jpg 2048w\" sizes=\"(max-width: 819px) 100vw, 819px\" \/><\/p>\n<p>&nbsp;<\/p>\n<p><a href=\"https:\/\/www.comune.vasanello.vt.it\/\" target=\"_blank\" rel=\"noopener\"><strong>A Vasanello (VT) festa grande dal 2 all&#8217;8 maggio per il patrono San Lanno<\/strong><\/a><\/p>\n<p>E\u2019iniziato a Vasanello il conto alla rovescia per i festeggiamenti in onore del patrono San Lanno, che, come da tradizione, aprono il calendario dei grandi concerti in piazza. L\u2019evento di punta dell\u2019intero cartellone sar\u00e0 il concerto dei Nomadi, una band che ha fatto la storia della musica italiana che si esibir\u00e0, in un live gratuito, il prossimo 6 maggio.<\/p>\n<p>Da pi\u00f9 di sessant\u2019anni sulla scena, hanno pubblicato ottantadue album, e sono il secondo gruppo pi\u00f9 longevo al mondo, preceduti solo dai Rolling Stones, il primo in Italia. Hanno venduto pi\u00f9 di 15 milioni di dischi ed alcuni tra i loro pi\u00f9 grandi successi, da Dio \u00e8 morto a Io Vagabondo, da Dove si va a Noi non ci saremo, rappresentano delle pietre miliari della discografia nazionale. Possono vantare circa 80 concerti ogni anno e l\u2019appuntamento del 6 maggio rappresenta quindi un momento imperdibile per tutti gli appassionati che, in ogni tappa, seguono la band da intere generazioni.<\/p>\n<p>L\u2019esibizione dei Nomadi \u00e8 la data pi\u00f9 importante del cartellone delle celebrazioni, che prevede, in realt\u00e0 tantissimi altri appuntamenti per tutte le et\u00e0.<br \/>\nLa festa, organizzata dal comitato classe 85 guidato dal presidente Gianluca Biagini, in collaborazione con l\u2019amministrazione comunale, prende infatti il via il 2 maggio e proseguir\u00e0 fino a venerd\u00ec 8 maggio.<\/p>\n<p>Ricchissimo il programma messo a punto dai componenti della Classe che, lavorando sodo tutto l\u2019anno con eventi ed iniziative, sono riusciti, come sempre, ad onorare la tradizione di un programma in grande stile che prevede concerti, spettacoli, animazione per bambini, mostre di pittura, spettacoli teatrali oltre alla tradizionale tombolata conclusiva. Un calendario di tutto rispetto insomma, per celebrare, tra fede e folclore, il patrono San Lanno, amatissimo da tutta la comunit\u00e0.<\/p>\n<p><img decoding=\"async\" class=\"alignnone wp-image-71266\" src=\"https:\/\/www.turismoitinerante.com\/site\/wp-content\/uploads\/2026\/04\/Vasanello-eventi-717x1024.jpg\" alt=\"\" width=\"770\" height=\"1100\" srcset=\"https:\/\/www.turismoitinerante.com\/site\/wp-content\/uploads\/2026\/04\/Vasanello-eventi-717x1024.jpg 717w, https:\/\/www.turismoitinerante.com\/site\/wp-content\/uploads\/2026\/04\/Vasanello-eventi-210x300.jpg 210w, https:\/\/www.turismoitinerante.com\/site\/wp-content\/uploads\/2026\/04\/Vasanello-eventi-768x1098.jpg 768w, https:\/\/www.turismoitinerante.com\/site\/wp-content\/uploads\/2026\/04\/Vasanello-eventi-1075x1536.jpg 1075w, https:\/\/www.turismoitinerante.com\/site\/wp-content\/uploads\/2026\/04\/Vasanello-eventi-750x1072.jpg 750w, https:\/\/www.turismoitinerante.com\/site\/wp-content\/uploads\/2026\/04\/Vasanello-eventi-1140x1629.jpg 1140w, https:\/\/www.turismoitinerante.com\/site\/wp-content\/uploads\/2026\/04\/Vasanello-eventi.jpg 1433w\" sizes=\"(max-width: 770px) 100vw, 770px\" \/><\/p>\n<p>&nbsp;<\/p>\n<p><a href=\"https:\/\/vinidabbazia.com\/eventi\/\" target=\"_blank\" rel=\"noopener\"><strong>Il fascino dei \u201cVini d\u2019Abbazia\u201d approda in Calabria: il 2 e 3 maggio all\u2019Abbazia della Matina<\/strong><\/a><\/p>\n<p>Vini d\u2019Abbazia arriva per la prima volta in Calabria e sceglie l\u2019Abbazia Cistercense di Santa Maria della Matina a San Marco Argentano (CS) per presentare, nelle giornate di sabato 2 e domenica 3 maggio, un\u2019anteprima dell\u2019edizione nazionale che si svolger\u00e0 a giugno nel Borgo di Fossanova, Priverno (LT).<br \/>\nNata sulla scia del successo dell\u2019edizione nazionale che si svolge nel Lazio, la tappa calabrese di Vini d\u2019Abbazia si propone di valorizzare il legame tra cultura monastica e viticoltura, mettendo in dialogo esperienze produttive storiche e identit\u00e0 territoriali contemporanee.<\/p>\n<p>Per due giorni, l\u2019Abbazia La Matina diventer\u00e0 un luogo di incontro tra appassionati, operatori del settore e produttori, attraverso un percorso di degustazione che intreccia spiritualit\u00e0, storia e vino. Protagoniste saranno le etichette provenienti da abbazie italiane, affiancate dalle produzioni dei consorzi di tutela calabresi, in un confronto che attraversa territori, vitigni e tradizioni.<\/p>\n<p>Il programma si articoler\u00e0 tra banchi d\u2019assaggio e momenti di approfondimento, offrendo al pubblico l\u2019opportunit\u00e0 di scoprire sia la dimensione storica della viticoltura monastica sia l\u2019evoluzione contemporanea del vino calabrese. Le degustazioni guidate \u2013 affidate a professionisti del settore \u2013 accompagneranno i partecipanti in un percorso sensoriale dedicato ai vitigni autoctoni e alle loro espressioni pi\u00f9 rappresentative.<br \/>\nVini d\u2019Abbazia si configura come un progetto culturale che restituisce centralit\u00e0 al ruolo delle abbazie nella conservazione del patrimonio vitivinicolo europeo, rilanciandone oggi il valore attraverso il dialogo con i territori.<\/p>\n<p>I biglietti per Vini d\u2019Abbazia Calabria sono disponibili online, con la possibilit\u00e0 di acquistare l\u2019ingresso per le singole giornate: https:\/\/vinidabbazia.com\/eventi\/<\/p>\n<p><img decoding=\"async\" class=\"alignnone size-large wp-image-71267\" src=\"https:\/\/www.turismoitinerante.com\/site\/wp-content\/uploads\/2026\/04\/Vini-dAbbazia-1024x769.jpg\" alt=\"\" width=\"1024\" height=\"769\" srcset=\"https:\/\/www.turismoitinerante.com\/site\/wp-content\/uploads\/2026\/04\/Vini-dAbbazia-1024x769.jpg 1024w, https:\/\/www.turismoitinerante.com\/site\/wp-content\/uploads\/2026\/04\/Vini-dAbbazia-300x225.jpg 300w, https:\/\/www.turismoitinerante.com\/site\/wp-content\/uploads\/2026\/04\/Vini-dAbbazia-768x577.jpg 768w, https:\/\/www.turismoitinerante.com\/site\/wp-content\/uploads\/2026\/04\/Vini-dAbbazia-1536x1154.jpg 1536w, https:\/\/www.turismoitinerante.com\/site\/wp-content\/uploads\/2026\/04\/Vini-dAbbazia-750x563.jpg 750w, https:\/\/www.turismoitinerante.com\/site\/wp-content\/uploads\/2026\/04\/Vini-dAbbazia-1140x856.jpg 1140w, https:\/\/www.turismoitinerante.com\/site\/wp-content\/uploads\/2026\/04\/Vini-dAbbazia.jpg 2000w\" sizes=\"(max-width: 1024px) 100vw, 1024px\" \/><\/p>\n<p>&nbsp;<\/p>\n<p>Vi ricordiamo inoltre che nelle vicinanze di tutte queste zone potrete usufruire degli <a href=\"https:\/\/www.turismoitinerante.com\/site\/elenco-convenzioni-tessera-turit\/\" target=\"_blank\" rel=\"noreferrer noopener\"><strong>sconti esclusivi<\/strong><\/a> riservati da molti esercizi turistici ai possessori della nostra <strong><a href=\"https:\/\/www.turismoitinerante.com\/site\/tessera-turit-gli-amici-di-turismo-itinerante\/\" target=\"_blank\" rel=\"noreferrer noopener\">Tessera Turit<\/a><\/strong>.<\/p>\n<p><strong>Buon weekend!!!<\/strong><\/p>\n<p>&nbsp;<\/p>\n<p>&nbsp;<\/p>\n<p>&nbsp;<\/p>\n<div class=\"7863122cad8776726ec303240ed69aa5\" data-index=\"4\" style=\"float: none; margin:10px 0 10px 0; text-align:center;\">\n<script async src=\"\/\/pagead2.googlesyndication.com\/pagead\/js\/adsbygoogle.js\"><\/script>\r\n<!-- 728x90, creato 23\/02\/11 -->\r\n<ins class=\"adsbygoogle\"\r\n     style=\"display:inline-block;width:728px;height:90px\"\r\n     data-ad-client=\"ca-pub-5798583071070083\"\r\n     data-ad-slot=\"5935394872\"><\/ins>\r\n<script>\r\n(adsbygoogle = window.adsbygoogle || []).push({});\r\n<\/script>\n<\/div>\n\n<div style=\"font-size: 0px; height: 0px; line-height: 0px; margin: 0; padding: 0; clear: both;\"><\/div>","protected":false},"excerpt":{"rendered":"<p>Abbiamo selezionato per voi i migliori eventi da non perdere nel fine settimana 1-2-3 maggio in giro per l\u2019Italia! Scegliete il vostro preferito! Viaggiate in sicurezza con il vostro camper con la \u201cPolizza degli Amici di Turismo Itinerante\u201d in convenzione con la D\u2019Orazio Assicurazioni. &nbsp; Water Light Festival 2026: luci, suoni e arte a Bressanone [&hellip;]<\/p>\n","protected":false},"author":1,"featured_media":40822,"comment_status":"closed","ping_status":"open","sticky":false,"template":"","format":"standard","meta":{"ngg_post_thumbnail":0,"jnews-multi-image_gallery":[],"jnews_single_post":{"subtitle":"","format":"standard","override":[{"template":"1","parallax":"1","fullscreen":"1","layout":"right-sidebar","sidebar":"default-sidebar","second_sidebar":"default-sidebar","sticky_sidebar":"1","share_position":"top","share_float_style":"share-monocrhome","show_share_counter":"1","show_view_counter":"1","show_featured":"1","show_post_meta":"1","show_post_author":"1","show_post_author_image":"1","show_post_date":"1","post_date_format":"default","post_date_format_custom":"Y\/m\/d","show_post_category":"1","show_post_reading_time":"0","post_reading_time_wpm":"300","post_calculate_word_method":"str_word_count","show_zoom_button":"0","zoom_button_out_step":"2","zoom_button_in_step":"3","show_post_tag":"1","show_prev_next_post":"1","show_popup_post":"1","show_comment_section":"1","number_popup_post":"1","show_author_box":"1","show_post_related":"0","show_inline_post_related":"0"}],"image_override":[{"single_post_thumbnail_size":"crop-500","single_post_gallery_size":"crop-500"}],"trending_post_position":"meta","trending_post_label":"Trending","sponsored_post_label":"Sponsored by","disable_ad":"0"},"jnews_primary_category":[],"jnews_override_counter":{"view_counter_number":"0","share_counter_number":"0","like_counter_number":"0","dislike_counter_number":"0"},"footnotes":""},"categories":[621],"tags":[112,121,1437],"class_list":["post-71261","post","type-post","status-publish","format-standard","has-post-thumbnail","hentry","category-info-turismo","tag-eventi","tag-italia","tag-weekend"],"yoast_head":"<!-- This site is optimized with the Yoast SEO plugin v27.4 - https:\/\/yoast.com\/product\/yoast-seo-wordpress\/ -->\n<title>Gli eventi da non perdere nel fine settimana 1-2-3 maggio<\/title>\n<meta name=\"description\" content=\"Abbiamo selezionato per voi i migliori eventi da non perdere nel fine settimana 1-2-3 maggio in giro per l\u2019Italia\" \/>\n<meta name=\"robots\" content=\"index, follow, max-snippet:-1, max-image-preview:large, max-video-preview:-1\" \/>\n<link rel=\"canonical\" href=\"https:\/\/www.turismoitinerante.com\/site\/gli-eventi-da-non-perdere-nel-fine-settimana-1-2-3-maggio\/\" \/>\n<meta property=\"og:locale\" content=\"it_IT\" \/>\n<meta property=\"og:type\" content=\"article\" \/>\n<meta property=\"og:title\" content=\"Gli eventi da non perdere nel fine settimana 1-2-3 maggio\" \/>\n<meta property=\"og:description\" content=\"Abbiamo selezionato per voi i migliori eventi da non perdere nel fine settimana 1-2-3 maggio in giro per l\u2019Italia\" \/>\n<meta property=\"og:url\" content=\"https:\/\/www.turismoitinerante.com\/site\/gli-eventi-da-non-perdere-nel-fine-settimana-1-2-3-maggio\/\" \/>\n<meta property=\"og:site_name\" content=\"TI - Turismo Itinerante\" \/>\n<meta property=\"article:published_time\" content=\"2026-04-27T09:52:53+00:00\" \/>\n<meta property=\"article:modified_time\" content=\"2026-04-28T09:40:19+00:00\" \/>\n<meta property=\"og:image\" content=\"https:\/\/www.turismoitinerante.com\/site\/wp-content\/uploads\/2019\/04\/fiera-di-san-ciriaco-4.jpg\" \/>\n\t<meta property=\"og:image:width\" content=\"1140\" \/>\n\t<meta property=\"og:image:height\" content=\"760\" \/>\n\t<meta property=\"og:image:type\" content=\"image\/jpeg\" \/>\n<meta name=\"author\" content=\"admin\" \/>\n<meta name=\"twitter:card\" content=\"summary_large_image\" \/>\n<meta name=\"twitter:label1\" content=\"Scritto da\" \/>\n\t<meta name=\"twitter:data1\" content=\"admin\" \/>\n\t<meta name=\"twitter:label2\" content=\"Tempo di lettura stimato\" \/>\n\t<meta name=\"twitter:data2\" content=\"27 minuti\" \/>\n<script type=\"application\/ld+json\" class=\"yoast-schema-graph\">{\"@context\":\"https:\\\/\\\/schema.org\",\"@graph\":[{\"@type\":\"Article\",\"@id\":\"https:\\\/\\\/www.turismoitinerante.com\\\/site\\\/gli-eventi-da-non-perdere-nel-fine-settimana-1-2-3-maggio\\\/#article\",\"isPartOf\":{\"@id\":\"https:\\\/\\\/www.turismoitinerante.com\\\/site\\\/gli-eventi-da-non-perdere-nel-fine-settimana-1-2-3-maggio\\\/\"},\"author\":{\"name\":\"admin\",\"@id\":\"https:\\\/\\\/www.turismoitinerante.com\\\/site\\\/#\\\/schema\\\/person\\\/1e1238d2d1617438f3682e54bf4d6c05\"},\"headline\":\"Gli eventi da non perdere nel fine settimana 1-2-3 maggio\",\"datePublished\":\"2026-04-27T09:52:53+00:00\",\"dateModified\":\"2026-04-28T09:40:19+00:00\",\"mainEntityOfPage\":{\"@id\":\"https:\\\/\\\/www.turismoitinerante.com\\\/site\\\/gli-eventi-da-non-perdere-nel-fine-settimana-1-2-3-maggio\\\/\"},\"wordCount\":4497,\"image\":{\"@id\":\"https:\\\/\\\/www.turismoitinerante.com\\\/site\\\/gli-eventi-da-non-perdere-nel-fine-settimana-1-2-3-maggio\\\/#primaryimage\"},\"thumbnailUrl\":\"https:\\\/\\\/www.turismoitinerante.com\\\/site\\\/wp-content\\\/uploads\\\/2019\\\/04\\\/fiera-di-san-ciriaco-4.jpg\",\"keywords\":[\"eventi\",\"Italia\",\"Weekend\"],\"articleSection\":[\"Turismo\"],\"inLanguage\":\"it-IT\"},{\"@type\":\"WebPage\",\"@id\":\"https:\\\/\\\/www.turismoitinerante.com\\\/site\\\/gli-eventi-da-non-perdere-nel-fine-settimana-1-2-3-maggio\\\/\",\"url\":\"https:\\\/\\\/www.turismoitinerante.com\\\/site\\\/gli-eventi-da-non-perdere-nel-fine-settimana-1-2-3-maggio\\\/\",\"name\":\"Gli eventi da non perdere nel fine settimana 1-2-3 maggio\",\"isPartOf\":{\"@id\":\"https:\\\/\\\/www.turismoitinerante.com\\\/site\\\/#website\"},\"primaryImageOfPage\":{\"@id\":\"https:\\\/\\\/www.turismoitinerante.com\\\/site\\\/gli-eventi-da-non-perdere-nel-fine-settimana-1-2-3-maggio\\\/#primaryimage\"},\"image\":{\"@id\":\"https:\\\/\\\/www.turismoitinerante.com\\\/site\\\/gli-eventi-da-non-perdere-nel-fine-settimana-1-2-3-maggio\\\/#primaryimage\"},\"thumbnailUrl\":\"https:\\\/\\\/www.turismoitinerante.com\\\/site\\\/wp-content\\\/uploads\\\/2019\\\/04\\\/fiera-di-san-ciriaco-4.jpg\",\"datePublished\":\"2026-04-27T09:52:53+00:00\",\"dateModified\":\"2026-04-28T09:40:19+00:00\",\"author\":{\"@id\":\"https:\\\/\\\/www.turismoitinerante.com\\\/site\\\/#\\\/schema\\\/person\\\/1e1238d2d1617438f3682e54bf4d6c05\"},\"description\":\"Abbiamo selezionato per voi i migliori eventi da non perdere nel fine settimana 1-2-3 maggio in giro per l\u2019Italia\",\"breadcrumb\":{\"@id\":\"https:\\\/\\\/www.turismoitinerante.com\\\/site\\\/gli-eventi-da-non-perdere-nel-fine-settimana-1-2-3-maggio\\\/#breadcrumb\"},\"inLanguage\":\"it-IT\",\"potentialAction\":[{\"@type\":\"ReadAction\",\"target\":[\"https:\\\/\\\/www.turismoitinerante.com\\\/site\\\/gli-eventi-da-non-perdere-nel-fine-settimana-1-2-3-maggio\\\/\"]}]},{\"@type\":\"ImageObject\",\"inLanguage\":\"it-IT\",\"@id\":\"https:\\\/\\\/www.turismoitinerante.com\\\/site\\\/gli-eventi-da-non-perdere-nel-fine-settimana-1-2-3-maggio\\\/#primaryimage\",\"url\":\"https:\\\/\\\/www.turismoitinerante.com\\\/site\\\/wp-content\\\/uploads\\\/2019\\\/04\\\/fiera-di-san-ciriaco-4.jpg\",\"contentUrl\":\"https:\\\/\\\/www.turismoitinerante.com\\\/site\\\/wp-content\\\/uploads\\\/2019\\\/04\\\/fiera-di-san-ciriaco-4.jpg\",\"width\":1140,\"height\":760,\"caption\":\"fiera di san ciriaco\"},{\"@type\":\"BreadcrumbList\",\"@id\":\"https:\\\/\\\/www.turismoitinerante.com\\\/site\\\/gli-eventi-da-non-perdere-nel-fine-settimana-1-2-3-maggio\\\/#breadcrumb\",\"itemListElement\":[{\"@type\":\"ListItem\",\"position\":1,\"name\":\"Home\",\"item\":\"https:\\\/\\\/www.turismoitinerante.com\\\/site\\\/\"},{\"@type\":\"ListItem\",\"position\":2,\"name\":\"Gli eventi da non perdere nel fine settimana 1-2-3 maggio\"}]},{\"@type\":\"WebSite\",\"@id\":\"https:\\\/\\\/www.turismoitinerante.com\\\/site\\\/#website\",\"url\":\"https:\\\/\\\/www.turismoitinerante.com\\\/site\\\/\",\"name\":\"TI - Turismo Itinerante\",\"description\":\"Ritrovarsi su internet per informarsi, per informare. Il portale del turismo itinerante. Una infinit\u00e0 di notizie su camper, itinerari, aree sosta camper, concessionari, campeggi, agriturismo, raduni, sagre, fiere, mostre, associazioni, club, forum, bacheca annunci\",\"potentialAction\":[{\"@type\":\"SearchAction\",\"target\":{\"@type\":\"EntryPoint\",\"urlTemplate\":\"https:\\\/\\\/www.turismoitinerante.com\\\/site\\\/?s={search_term_string}\"},\"query-input\":{\"@type\":\"PropertyValueSpecification\",\"valueRequired\":true,\"valueName\":\"search_term_string\"}}],\"inLanguage\":\"it-IT\"},{\"@type\":\"Person\",\"@id\":\"https:\\\/\\\/www.turismoitinerante.com\\\/site\\\/#\\\/schema\\\/person\\\/1e1238d2d1617438f3682e54bf4d6c05\",\"name\":\"admin\",\"image\":{\"@type\":\"ImageObject\",\"inLanguage\":\"it-IT\",\"@id\":\"https:\\\/\\\/secure.gravatar.com\\\/avatar\\\/9102d8c23b35e2809b07ebc42ce126daa3d6a47cce9878a22d14d9852ade629e?s=96&d=mm&r=g\",\"url\":\"https:\\\/\\\/secure.gravatar.com\\\/avatar\\\/9102d8c23b35e2809b07ebc42ce126daa3d6a47cce9878a22d14d9852ade629e?s=96&d=mm&r=g\",\"contentUrl\":\"https:\\\/\\\/secure.gravatar.com\\\/avatar\\\/9102d8c23b35e2809b07ebc42ce126daa3d6a47cce9878a22d14d9852ade629e?s=96&d=mm&r=g\",\"caption\":\"admin\"},\"url\":\"https:\\\/\\\/www.turismoitinerante.com\\\/site\\\/author\\\/admin\\\/\"}]}<\/script>\n<!-- \/ Yoast SEO plugin. -->","yoast_head_json":{"title":"Gli eventi da non perdere nel fine settimana 1-2-3 maggio","description":"Abbiamo selezionato per voi i migliori eventi da non perdere nel fine settimana 1-2-3 maggio in giro per l\u2019Italia","robots":{"index":"index","follow":"follow","max-snippet":"max-snippet:-1","max-image-preview":"max-image-preview:large","max-video-preview":"max-video-preview:-1"},"canonical":"https:\/\/www.turismoitinerante.com\/site\/gli-eventi-da-non-perdere-nel-fine-settimana-1-2-3-maggio\/","og_locale":"it_IT","og_type":"article","og_title":"Gli eventi da non perdere nel fine settimana 1-2-3 maggio","og_description":"Abbiamo selezionato per voi i migliori eventi da non perdere nel fine settimana 1-2-3 maggio in giro per l\u2019Italia","og_url":"https:\/\/www.turismoitinerante.com\/site\/gli-eventi-da-non-perdere-nel-fine-settimana-1-2-3-maggio\/","og_site_name":"TI - Turismo Itinerante","article_published_time":"2026-04-27T09:52:53+00:00","article_modified_time":"2026-04-28T09:40:19+00:00","og_image":[{"width":1140,"height":760,"url":"https:\/\/www.turismoitinerante.com\/site\/wp-content\/uploads\/2019\/04\/fiera-di-san-ciriaco-4.jpg","type":"image\/jpeg"}],"author":"admin","twitter_card":"summary_large_image","twitter_misc":{"Scritto da":"admin","Tempo di lettura stimato":"27 minuti"},"schema":{"@context":"https:\/\/schema.org","@graph":[{"@type":"Article","@id":"https:\/\/www.turismoitinerante.com\/site\/gli-eventi-da-non-perdere-nel-fine-settimana-1-2-3-maggio\/#article","isPartOf":{"@id":"https:\/\/www.turismoitinerante.com\/site\/gli-eventi-da-non-perdere-nel-fine-settimana-1-2-3-maggio\/"},"author":{"name":"admin","@id":"https:\/\/www.turismoitinerante.com\/site\/#\/schema\/person\/1e1238d2d1617438f3682e54bf4d6c05"},"headline":"Gli eventi da non perdere nel fine settimana 1-2-3 maggio","datePublished":"2026-04-27T09:52:53+00:00","dateModified":"2026-04-28T09:40:19+00:00","mainEntityOfPage":{"@id":"https:\/\/www.turismoitinerante.com\/site\/gli-eventi-da-non-perdere-nel-fine-settimana-1-2-3-maggio\/"},"wordCount":4497,"image":{"@id":"https:\/\/www.turismoitinerante.com\/site\/gli-eventi-da-non-perdere-nel-fine-settimana-1-2-3-maggio\/#primaryimage"},"thumbnailUrl":"https:\/\/www.turismoitinerante.com\/site\/wp-content\/uploads\/2019\/04\/fiera-di-san-ciriaco-4.jpg","keywords":["eventi","Italia","Weekend"],"articleSection":["Turismo"],"inLanguage":"it-IT"},{"@type":"WebPage","@id":"https:\/\/www.turismoitinerante.com\/site\/gli-eventi-da-non-perdere-nel-fine-settimana-1-2-3-maggio\/","url":"https:\/\/www.turismoitinerante.com\/site\/gli-eventi-da-non-perdere-nel-fine-settimana-1-2-3-maggio\/","name":"Gli eventi da non perdere nel fine settimana 1-2-3 maggio","isPartOf":{"@id":"https:\/\/www.turismoitinerante.com\/site\/#website"},"primaryImageOfPage":{"@id":"https:\/\/www.turismoitinerante.com\/site\/gli-eventi-da-non-perdere-nel-fine-settimana-1-2-3-maggio\/#primaryimage"},"image":{"@id":"https:\/\/www.turismoitinerante.com\/site\/gli-eventi-da-non-perdere-nel-fine-settimana-1-2-3-maggio\/#primaryimage"},"thumbnailUrl":"https:\/\/www.turismoitinerante.com\/site\/wp-content\/uploads\/2019\/04\/fiera-di-san-ciriaco-4.jpg","datePublished":"2026-04-27T09:52:53+00:00","dateModified":"2026-04-28T09:40:19+00:00","author":{"@id":"https:\/\/www.turismoitinerante.com\/site\/#\/schema\/person\/1e1238d2d1617438f3682e54bf4d6c05"},"description":"Abbiamo selezionato per voi i migliori eventi da non perdere nel fine settimana 1-2-3 maggio in giro per l\u2019Italia","breadcrumb":{"@id":"https:\/\/www.turismoitinerante.com\/site\/gli-eventi-da-non-perdere-nel-fine-settimana-1-2-3-maggio\/#breadcrumb"},"inLanguage":"it-IT","potentialAction":[{"@type":"ReadAction","target":["https:\/\/www.turismoitinerante.com\/site\/gli-eventi-da-non-perdere-nel-fine-settimana-1-2-3-maggio\/"]}]},{"@type":"ImageObject","inLanguage":"it-IT","@id":"https:\/\/www.turismoitinerante.com\/site\/gli-eventi-da-non-perdere-nel-fine-settimana-1-2-3-maggio\/#primaryimage","url":"https:\/\/www.turismoitinerante.com\/site\/wp-content\/uploads\/2019\/04\/fiera-di-san-ciriaco-4.jpg","contentUrl":"https:\/\/www.turismoitinerante.com\/site\/wp-content\/uploads\/2019\/04\/fiera-di-san-ciriaco-4.jpg","width":1140,"height":760,"caption":"fiera di san ciriaco"},{"@type":"BreadcrumbList","@id":"https:\/\/www.turismoitinerante.com\/site\/gli-eventi-da-non-perdere-nel-fine-settimana-1-2-3-maggio\/#breadcrumb","itemListElement":[{"@type":"ListItem","position":1,"name":"Home","item":"https:\/\/www.turismoitinerante.com\/site\/"},{"@type":"ListItem","position":2,"name":"Gli eventi da non perdere nel fine settimana 1-2-3 maggio"}]},{"@type":"WebSite","@id":"https:\/\/www.turismoitinerante.com\/site\/#website","url":"https:\/\/www.turismoitinerante.com\/site\/","name":"TI - Turismo Itinerante","description":"Ritrovarsi su internet per informarsi, per informare. Il portale del turismo itinerante. Una infinit\u00e0 di notizie su camper, itinerari, aree sosta camper, concessionari, campeggi, agriturismo, raduni, sagre, fiere, mostre, associazioni, club, forum, bacheca annunci","potentialAction":[{"@type":"SearchAction","target":{"@type":"EntryPoint","urlTemplate":"https:\/\/www.turismoitinerante.com\/site\/?s={search_term_string}"},"query-input":{"@type":"PropertyValueSpecification","valueRequired":true,"valueName":"search_term_string"}}],"inLanguage":"it-IT"},{"@type":"Person","@id":"https:\/\/www.turismoitinerante.com\/site\/#\/schema\/person\/1e1238d2d1617438f3682e54bf4d6c05","name":"admin","image":{"@type":"ImageObject","inLanguage":"it-IT","@id":"https:\/\/secure.gravatar.com\/avatar\/9102d8c23b35e2809b07ebc42ce126daa3d6a47cce9878a22d14d9852ade629e?s=96&d=mm&r=g","url":"https:\/\/secure.gravatar.com\/avatar\/9102d8c23b35e2809b07ebc42ce126daa3d6a47cce9878a22d14d9852ade629e?s=96&d=mm&r=g","contentUrl":"https:\/\/secure.gravatar.com\/avatar\/9102d8c23b35e2809b07ebc42ce126daa3d6a47cce9878a22d14d9852ade629e?s=96&d=mm&r=g","caption":"admin"},"url":"https:\/\/www.turismoitinerante.com\/site\/author\/admin\/"}]}},"_links":{"self":[{"href":"https:\/\/www.turismoitinerante.com\/site\/wp-json\/wp\/v2\/posts\/71261","targetHints":{"allow":["GET"]}}],"collection":[{"href":"https:\/\/www.turismoitinerante.com\/site\/wp-json\/wp\/v2\/posts"}],"about":[{"href":"https:\/\/www.turismoitinerante.com\/site\/wp-json\/wp\/v2\/types\/post"}],"author":[{"embeddable":true,"href":"https:\/\/www.turismoitinerante.com\/site\/wp-json\/wp\/v2\/users\/1"}],"replies":[{"embeddable":true,"href":"https:\/\/www.turismoitinerante.com\/site\/wp-json\/wp\/v2\/comments?post=71261"}],"version-history":[{"count":7,"href":"https:\/\/www.turismoitinerante.com\/site\/wp-json\/wp\/v2\/posts\/71261\/revisions"}],"predecessor-version":[{"id":71291,"href":"https:\/\/www.turismoitinerante.com\/site\/wp-json\/wp\/v2\/posts\/71261\/revisions\/71291"}],"wp:featuredmedia":[{"embeddable":true,"href":"https:\/\/www.turismoitinerante.com\/site\/wp-json\/wp\/v2\/media\/40822"}],"wp:attachment":[{"href":"https:\/\/www.turismoitinerante.com\/site\/wp-json\/wp\/v2\/media?parent=71261"}],"wp:term":[{"taxonomy":"category","embeddable":true,"href":"https:\/\/www.turismoitinerante.com\/site\/wp-json\/wp\/v2\/categories?post=71261"},{"taxonomy":"post_tag","embeddable":true,"href":"https:\/\/www.turismoitinerante.com\/site\/wp-json\/wp\/v2\/tags?post=71261"}],"curies":[{"name":"wp","href":"https:\/\/api.w.org\/{rel}","templated":true}]}}