{"id":71128,"date":"2026-04-10T11:20:40","date_gmt":"2026-04-10T10:20:40","guid":{"rendered":"https:\/\/www.turismoitinerante.com\/site\/?p=71128"},"modified":"2026-04-16T09:39:16","modified_gmt":"2026-04-16T08:39:16","slug":"gli-eventi-da-non-perdere-nel-fine-settimana-17-18-19-aprile","status":"publish","type":"post","link":"https:\/\/www.turismoitinerante.com\/site\/gli-eventi-da-non-perdere-nel-fine-settimana-17-18-19-aprile\/","title":{"rendered":"Gli eventi da non perdere nel fine settimana 17-18-19 aprile"},"content":{"rendered":"<p>Abbiamo selezionato per voi <strong>i<\/strong> <strong><span class=\"google-anno-t\">migliori eventi<\/span> da non perdere nel fine settimana 17-18-19 aprile<\/strong> in giro per l\u2019Italia! Scegliete il vostro preferito! Viaggiate in sicurezza con il vostro <span class=\"google-anno-t\">camper<\/span> con la <a href=\"https:\/\/www.assicurazionecamperdorazio.it\/Promo.aspx?Promo=TurismoItinerante\" target=\"_blank\" rel=\"noopener\"><strong>\u201cPolizza degli Amici di Turismo Itinerante\u201d<\/strong><\/a> in convenzione con la D\u2019Orazio Assicurazioni.<\/p>\n<p>&nbsp;<\/p>\n<p><a href=\"https:\/\/www.yogameeting.org\/xii-edizione-pianeta-1-1\" target=\"_blank\" rel=\"noopener\"><strong>Il 18 e 19 aprile a Merano (BZ) arriva il 14\u00b0 Yoga Meeting<\/strong><\/a><\/p>\n<p>La quattordicesima edizione di Yoga Meeting Merano, il tradizionale appuntamento di primavera dedicato allo yoga e alle discipline olistiche, si focalizza sul profondo effetto di benessere psicofisico della pratica yoga.<br \/>\nLa comunit\u00e0 scientifica ha prodotto centinaia di studi sul valore terapeutico dello yoga, con revisioni sistematiche che ne confermano una quindicina di benefici principali, tra cui riduzione dello stress, miglioramento della salute cardiovascolare, supporto al sistema immunitario, effetti positivi su ansia e depressione, miglioramento della respirazione, della flessibilit\u00e0 e della postura.<\/p>\n<p>Tra tradizione e neuroscienze, la pratica dello yoga \u00e8 pi\u00f9 viva che mai, aiuta milioni di persone in tutto il mondo ad essere pi\u00f9 sane, pi\u00f9 serene, grazie all\u2019armonia tra corpo, mente, e cuore. Il suo segreto? Offrire insegnamenti che favoriscono la forma fisica, alti livelli di energia, la pace della mente e l\u2019apertura del cuore.<br \/>\nAllo Yoga Meeting, riconosciuti maestri yoga, condividono nelle master class, nei workshop e nelle open class ci\u00f2 che per loro \u00e8 pi\u00f9 prezioso, l\u2019essenza profonda dello yoga, mentre sul palco della Kurhaus un articolato programma di conferenze gratuite presenta i benefici della pratica yoga.<\/p>\n<p>A questo importante appuntamento, i visitatori possono frequentare le master class di rinomati maestri, nel confort ed eleganza della settecentesca Kurhaus e gratuitamente partecipare ai canti kirtan e ai bagni di gong, gustare la cucina vegana, visitare stand di raffinati prodotti green e la mostra di mosaici di Roberto Daniel Giubera \u201cCamminando con le pietre memoria e simboli lungo i sentieri degli Inca&#8221;.<\/p>\n<p>Il Meeting \u00e8 una esperienza immersiva ad entrata gratuita. Nelle splendide sale settecentesche della Kurhaus, il visitatore trova stand dedicati al biologico e allo spirituale, ha la possibilit\u00e0 di provare dei trattamenti olistici, pu\u00f2 visitare mostre, mangiare al bistr\u00f2 vegetariano\/vegano e frequentare gratuitamente (open class) o a pagamento (master class e workshop) importanti insegnamenti yoga. Il Meeting \u00e8 anche una occasione per esplorare tutto lo charme Merano.<br \/>\nAl seguente link il programma completo e l\u2019elenco dei maestri ospiti: https:\/\/www.yogameeting.org\/xii-edizione-pianeta-1-1<\/p>\n<p><img decoding=\"async\" class=\"alignnone wp-image-71129 aligncenter\" src=\"https:\/\/www.turismoitinerante.com\/site\/wp-content\/uploads\/2026\/04\/Yoga-Meeting-Eventi.jpg\" alt=\"\" width=\"792\" height=\"1030\" srcset=\"https:\/\/www.turismoitinerante.com\/site\/wp-content\/uploads\/2026\/04\/Yoga-Meeting-Eventi.jpg 750w, https:\/\/www.turismoitinerante.com\/site\/wp-content\/uploads\/2026\/04\/Yoga-Meeting-Eventi-231x300.jpg 231w\" sizes=\"(max-width: 792px) 100vw, 792px\" \/><\/p>\n<p>&nbsp;<\/p>\n<p><a href=\"https:\/\/www.turismoitinerante.com\/site\/formaggio-in-villa-dal-17-al-19-aprile-tanti-assaggi-a-cittadella-pd\/\" target=\"_blank\" rel=\"noopener\"><strong>Formaggio in Villa: dal 17 al 19 aprile tanti assaggi a Cittadella (PD)<\/strong><\/a><\/p>\n<p>Un fine settimana dove i formaggi pi\u00f9 rappresentativi del nostro Paese si incontrano, creando un\u2019occasione unica per scoprire sapori celebri e rarit\u00e0, nuove interpretazioni e tradizioni che resistono nel tempo. Formaggio in Villa diventa cos\u00ec un viaggio attraverso l\u2019universo caseario, un\u2019esperienza che si snoda tra le mura medievali e che permette ai visitatori di conoscere da vicino il lavoro, la passione e l\u2019innovazione che ogni produttore porta con s\u00e9.<br \/>\nLe giornate si aprono con la presenza scenica di Mimmo La Vecchia, casaro del Caseificio Il Casolare, che porta sul palco in piazza Pierobon la filatura tradizionale della mozzarella di bufala aversana: un gesto antico che prende forma davanti al pubblico, mentre \u201cla cagliata si trasforma in una massa lucida ed elastica grazie all\u2019acqua bollente e alla maestria delle sue mani\u201d. \u00c8 un momento che non si limita a mostrare una tecnica, ma racconta un mestiere, una storia, un\u2019identit\u00e0.<\/p>\n<p>Il programma delle Masterclass di Formaggio in Villa 2026 si sviluppa come un viaggio sensoriale di tre giorni nella Torre di Malta, dove il pubblico potr\u00e0 scoprire formaggi italiani ed europei attraverso abbinamenti inediti, racconti di territorio e incursioni nel mondo dei distillati, dei vini e dei cocktail. Dal dialogo tra tequila, mezcal e formaggi sardi alle degustazioni dedicate ai freschi senza lattosio, dalle eccellenze delle Orobie ai caprini francesi, ogni appuntamento mette in scena una storia diversa, fatta di tecniche casearie, tradizioni locali e nuove interpretazioni del gusto. Non mancano i formaggi premiati agli Italian Cheese Awards e un affondo sull\u2019incontro sorprendente tra formaggi italiani e sak\u00e8, guidato dal filo conduttore dell\u2019umami. Tra le masterclass da segnalare, sabato 18 aprile, alle ore 17:00, \u201cAsiago Dop &amp; vini nuovo mondo\u201d, un viaggio sensoriale che attraversa quattro continenti nel quale le diverse stagionature di formaggio Asiago incontrano i vini simbolo del nuovo mondo enologico e domenica 19 aprile, alle ore 17:00, \u201cAsiago Dop &amp; Cocktail\u201d dove l\u2019Asiago DOP sar\u00e0 protagonista in tre abbinamenti contemporanei, sorprendenti e perfettamente calibrati con cocktail di tendenza.<\/p>\n<p><img decoding=\"async\" class=\"alignnone size-large wp-image-71124\" src=\"https:\/\/www.turismoitinerante.com\/site\/wp-content\/uploads\/2026\/04\/Formaggio-in-villa-3-1024x1024.jpg\" alt=\"\" width=\"1024\" height=\"1024\" srcset=\"https:\/\/www.turismoitinerante.com\/site\/wp-content\/uploads\/2026\/04\/Formaggio-in-villa-3-1024x1024.jpg 1024w, https:\/\/www.turismoitinerante.com\/site\/wp-content\/uploads\/2026\/04\/Formaggio-in-villa-3-300x300.jpg 300w, https:\/\/www.turismoitinerante.com\/site\/wp-content\/uploads\/2026\/04\/Formaggio-in-villa-3-150x150.jpg 150w, https:\/\/www.turismoitinerante.com\/site\/wp-content\/uploads\/2026\/04\/Formaggio-in-villa-3-768x768.jpg 768w, https:\/\/www.turismoitinerante.com\/site\/wp-content\/uploads\/2026\/04\/Formaggio-in-villa-3-75x75.jpg 75w, https:\/\/www.turismoitinerante.com\/site\/wp-content\/uploads\/2026\/04\/Formaggio-in-villa-3-350x350.jpg 350w, https:\/\/www.turismoitinerante.com\/site\/wp-content\/uploads\/2026\/04\/Formaggio-in-villa-3-750x750.jpg 750w, https:\/\/www.turismoitinerante.com\/site\/wp-content\/uploads\/2026\/04\/Formaggio-in-villa-3.jpg 1039w\" sizes=\"(max-width: 1024px) 100vw, 1024px\" \/><\/p>\n<p>&nbsp;<\/p>\n<p><a href=\"http:\/\/www.milanoartweek.it\" target=\"_blank\" rel=\"noopener\"><strong>Milano Art Week 2026: dal 13 al 19 aprile la settimana dedicata all\u2019arte in tutte le sue forme<\/strong><\/a><\/p>\n<p>Torna dal 13 al 19 aprile Milano Art Week, la settimana dedicata all\u2019arte contemporanea promossa dal Comune di Milano in concomitanza con miart, la fiera internazionale d\u2019arte moderna e contemporanea organizzata da Fiera Milano, che si svolger\u00e0 dal 17 al 19 aprile.<br \/>\nCon oltre 400 appuntamenti promossi da 230 realt\u00e0, questa decima edizione di Milano Art Week \u00e8 coordinata da Arte Totale ETS, associazione che riunisce ArtsFor_, Artshell e MAC Milano Art Community, ed \u00e8 realizzata grazie al main sponsor Banca Generali.<br \/>\nIl programma delle mostre e delle inaugurazioni nei musei cittadini rappresenta il cuore della Milano Art Week, articolandosi in progetti che attraversano linguaggi, generazioni e prospettive della ricerca artistica contemporanea.<\/p>\n<p>Tra le novit\u00e0 della decima edizione va segnalato Ghost Track, il progetto nato dalla collaborazione tra i Musei Civici del Comune di Milano e MAC \u2013 Milano Art Community, associazione che riunisce oltre 30 realt\u00e0 tra gallerie, fondazioni, istituzioni e spazi no-profit della scena artistica contemporanea milanese. Una serie di interventi di artisti contemporanei dialoga con le collezioni permanenti di musei e istituzioni culturali cittadine non dedicate all\u2019arte moderna e contemporanea \u2013 tra cui i Musei del Castello Sforzesco, il Civico Museo Archeologico, il Museo di Storia Naturale, l\u2019Acquario Civico e il Museo del Risorgimento \u2013 come veri e propri contrappunti visivi accanto alle opere storiche, inseriti nelle vetrine o nei percorsi espositivi. Interventi che non alterano la fruizione consueta, ma introducono nuovi livelli di lettura. Un progetto che invita il pubblico a riscoprire i musei cittadini e a vivere il patrimonio culturale in modo rinnovato, rafforzando al tempo stesso i legami all\u2019interno della comunit\u00e0 artistica e museale.<\/p>\n<p>Il programma della Milano Art Week si estende poi ad altre istituzioni cittadine, tra cui l\u2019Istituto Svizzero, con la mostra di Romane de Watteville e la serata di proiezioni dedicata ai 20 anni di Mousse Magazine. E poi ancora Fondazione ICA Milano, Fondazione Luigi Rovati, Gallerie d\u2019Italia \u2013 Milano, Museo Poldi Pezzoli, Museo Bagatti Valsecchi, Museo Nazionale Scienza e Tecnologia Leonardo da Vinci, ADI Design Museum che ospita la mostra dei partecipanti alla XXIX edizione del Premio Compasso d\u2019Oro.<\/p>\n<p><img decoding=\"async\" class=\"alignnone size-large wp-image-71131\" src=\"https:\/\/www.turismoitinerante.com\/site\/wp-content\/uploads\/2026\/04\/Milano-eventi-1024x578.png\" alt=\"\" width=\"1024\" height=\"578\" srcset=\"https:\/\/www.turismoitinerante.com\/site\/wp-content\/uploads\/2026\/04\/Milano-eventi-1024x578.png 1024w, https:\/\/www.turismoitinerante.com\/site\/wp-content\/uploads\/2026\/04\/Milano-eventi-300x169.png 300w, https:\/\/www.turismoitinerante.com\/site\/wp-content\/uploads\/2026\/04\/Milano-eventi-768x433.png 768w, https:\/\/www.turismoitinerante.com\/site\/wp-content\/uploads\/2026\/04\/Milano-eventi-1536x867.png 1536w, https:\/\/www.turismoitinerante.com\/site\/wp-content\/uploads\/2026\/04\/Milano-eventi-750x423.png 750w, https:\/\/www.turismoitinerante.com\/site\/wp-content\/uploads\/2026\/04\/Milano-eventi-1140x643.png 1140w, https:\/\/www.turismoitinerante.com\/site\/wp-content\/uploads\/2026\/04\/Milano-eventi.png 1900w\" sizes=\"(max-width: 1024px) 100vw, 1024px\" \/><\/p>\n<p>&nbsp;<\/p>\n<p><a href=\"https:\/\/www.belgioioso.it\/vintage\/next\/\" target=\"_blank\" rel=\"noopener\"><strong>Dal 17 al 20 aprile al Castello di Belgioioso (PV) arriva l&#8217;edizione primaverile di Next Vintage, moda e accessori d&#8217;epoca<\/strong><\/a><\/p>\n<p>Next Vintage, la mostra pi\u00f9 aristocratica dedicata alla moda e agli accessori d\u2019epoca si svolger\u00e0 al Castello di Belgioioso, in provincia di Pavia, dal 17 al 20 aprile 2026. Vetrina esclusiva dove i protagonisti saranno gli abiti e gli accessori di varie epoche selezionate dai 60 espositori presenti.<br \/>\nRiscoprire e valorizzare il passato per offrire al futuro lo spessore del tempo non smette di essere, accanto alla sostenibilit\u00e0, una delle priorit\u00e0 della mostra che fin dalla prima edizione ha sostenuto e promosso la cultura della moda vintage.<\/p>\n<p>La moda del passato torna sempre. Non solo come fonte d\u2019ispirazione ma anche negli abiti e negli accessori di epoche passate che vivono una seconda giovinezza perch\u00e9 ricercati, scovati e messi in vendita. Sono tantissime infatti le persone che optano per capi d\u2019antan invece di acquistare il nuovo.<br \/>\nQuando passato e presente si intrecciano, nasce una tendenza che non \u00e8 mai solo moda: il vintage diventa una dichiarazione d\u2019identit\u00e0, un rifugio emotivo e un ponte tra generazioni.<br \/>\nNell\u2019epoca dell\u2019iper-connessione, degli aggiornamenti continui e del \u201cnuovo a tutti i costi\u201d, il vintage si prende la sua rivincita. Abiti, vinili, oggetti d\u2019arredo, automobili e persino elettrodomestici degli anni passati tornano a far parte della vita quotidiana. Non si tratta soltanto di un trend estetico, ma di un movimento culturale che cresce anno dopo anno, capace di parlare al cuore delle persone in cerca di autenticit\u00e0.<\/p>\n<p>Il vintage \u00e8 un modo per riappropriarsi di un tempo percepito come pi\u00f9 lento, vero e tangibile. \u00c8 un richiamo a storie personali e collettive che, in un mondo accelerato, sembrano diventare ancora pi\u00f9 preziose.<br \/>\nComprare vintage significa anche abbracciare uno stile pi\u00f9 sostenibile. In un\u2019epoca in cui l\u2019impatto ambientale della moda \u00e8 sotto i riflettori, scegliere un capo, un vinile o un oggetto che ha gi\u00e0 vissuto \u00e8 un atto di consapevolezza e rispetto verso il pianeta.<\/p>\n<p>Le tendenze moda 2026 abbracciano un\u2019estetica futuristica, che trasforma i capi quotidiani in visioni d\u2019avanguardia, irrompono pronte a trasformare i nostri armadi in veri scenari di stile. Quest\u2019anno, gli stili puntano su contrasti netti: dal futuristico al sacro, dal boho rilassato al punk ribelle, senza dimenticare i mix vintage, che regalano un tocco personale.<br \/>\nUn mix eclettico tra gli anni &#8217;80 e l&#8217;inizio dei 2000 (Y2K), con un focus su blazer strutturati, vita bassa, minigonne e capi in pelle. Dominano colori vivaci come il viola ametista e giallo limoncello, affiancati da uno stile romantico con pizzi, balze e stampe floreali retr\u00f2.<\/p>\n<figure id=\"attachment_71132\" aria-describedby=\"caption-attachment-71132\" style=\"width: 1024px\" class=\"wp-caption alignnone\"><img decoding=\"async\" class=\"size-large wp-image-71132\" src=\"https:\/\/www.turismoitinerante.com\/site\/wp-content\/uploads\/2026\/04\/Vintage-Vestiti-vari-uomo-ph232-1024x683.jpg\" alt=\"\" width=\"1024\" height=\"683\" srcset=\"https:\/\/www.turismoitinerante.com\/site\/wp-content\/uploads\/2026\/04\/Vintage-Vestiti-vari-uomo-ph232-1024x683.jpg 1024w, https:\/\/www.turismoitinerante.com\/site\/wp-content\/uploads\/2026\/04\/Vintage-Vestiti-vari-uomo-ph232-300x200.jpg 300w, https:\/\/www.turismoitinerante.com\/site\/wp-content\/uploads\/2026\/04\/Vintage-Vestiti-vari-uomo-ph232-768x512.jpg 768w, https:\/\/www.turismoitinerante.com\/site\/wp-content\/uploads\/2026\/04\/Vintage-Vestiti-vari-uomo-ph232-1536x1024.jpg 1536w, https:\/\/www.turismoitinerante.com\/site\/wp-content\/uploads\/2026\/04\/Vintage-Vestiti-vari-uomo-ph232-750x500.jpg 750w, https:\/\/www.turismoitinerante.com\/site\/wp-content\/uploads\/2026\/04\/Vintage-Vestiti-vari-uomo-ph232-1140x760.jpg 1140w, https:\/\/www.turismoitinerante.com\/site\/wp-content\/uploads\/2026\/04\/Vintage-Vestiti-vari-uomo-ph232.jpg 1771w\" sizes=\"(max-width: 1024px) 100vw, 1024px\" \/><figcaption id=\"caption-attachment-71132\" class=\"wp-caption-text\">Vintage &#8211; Vestiti vari uomo ph232<\/figcaption><\/figure>\n<p>&nbsp;<\/p>\n<p><a href=\"https:\/\/www.apeclubditalia.it\/\" target=\"_blank\" rel=\"noopener\"><strong>EuroApe 2026: nella Riviera dei Fiori arriva il raduno dell&#8217;Ape Club d\u2019Italia<\/strong><\/a><\/p>\n<p>Nel 2026 l\u2019Ape compie 80 anni. Un traguardo che non riguarda soltanto uno dei veicoli pi\u00f9 riconoscibili e longevi del panorama italiano, ma una parte significativa della storia economica e sociale del Paese. Sempre quest\u2019anno l\u2019Ape Club d\u2019Italia celebra i suoi primi vent\u2019anni di attivit\u00e0, segnando una doppia ricorrenza che accompagner\u00e0 l\u2019intero calendario 2026-2027 con un palinsesto di appuntamenti distribuiti sul territorio nazionale.<br \/>\nIl momento centrale di questo percorso sar\u00e0 EuroApe 2026, in programma il 18 e 19 aprile a Vallebona, nel cuore della Riviera dei Fiori, in provincia di Imperia. L\u2019evento, occasione annuale di incontro fra gli Apisti europei, rappresenta oggi la tappa principale del programma celebrativo dedicato agli ottant\u2019anni della tre ruote Piaggio e ai vent\u2019anni dell\u2019associazione che, nel mondo, ne custodisce la storia e ne promuove la cultura.<\/p>\n<p>La scelta di Vallebona, piccolo borgo dell\u2019entroterra ligure tra uliveti e scorci panoramici in provincia di Imperia, risponde a una logica precisa: riportare l\u2019Ape in un contesto che ne richiami l\u2019identit\u00e0 originaria, fatta di lavoro quotidiano, relazioni di prossimit\u00e0 e forte legame con il territorio. Il programma ufficiale si concentrer\u00e0 nel fine settimana, preceduto il venerd\u00ec dall\u2019arrivo e dai primi momenti di incontro informale tra club italiani ed europei nelle vie del borgo.<\/p>\n<p>Sabato 18 aprile l\u2019Ape Village diventer\u00e0 il fulcro dell\u2019evento, con l\u2019Assemblea Generale, la conferenza stampa e il vernissage della mostra celebrativa \u201c20 anni di Ape Club d\u2019Italia\u201d. Nel pomeriggio Vallebona si trasformer\u00e0 in un percorso diffuso tra degustazioni, show cooking, visite guidate e laboratori dedicati ai prodotti liguri.<br \/>\nLe attivit\u00e0 di sabato saranno aperte gratuitamente al pubblico per l\u2019intera giornata, con navette gratuite da Bordighera per favorire la partecipazione di residenti e visitatori. Una scelta condivisa con le istituzioni locali per rendere l\u2019anniversario un momento collettivo e accessibile, non limitato ai soli appassionati. La cena sociale e le premiazioni serali resteranno invece riservate agli Apisti, partecipanti iscritti all\u2019Ape Club.<\/p>\n<p>Domenica 19 aprile sar\u00e0 il momento della ApeParade, una sfilata in corteo che attraverser\u00e0 il territorio destinazione Seborga come uno sciame colorato di tre ruote. Modelli di epoche diverse formeranno un serpentone in movimento tra curve strette e panorami affacciati sul mare, offrendo un colpo d\u2019occhio che unisce valore simbolico e spettacolarit\u00e0: non una semplice passerella, ma una rappresentazione dinamica di ottant\u2019anni di storia che si muove dentro un paesaggio che sembra disegnato per l\u2019Ape.<\/p>\n<p><img decoding=\"async\" class=\"alignnone wp-image-71133\" src=\"https:\/\/www.turismoitinerante.com\/site\/wp-content\/uploads\/2026\/04\/Ape-eventi-729x1024.jpg\" alt=\"\" width=\"780\" height=\"1096\" srcset=\"https:\/\/www.turismoitinerante.com\/site\/wp-content\/uploads\/2026\/04\/Ape-eventi-729x1024.jpg 729w, https:\/\/www.turismoitinerante.com\/site\/wp-content\/uploads\/2026\/04\/Ape-eventi-214x300.jpg 214w, https:\/\/www.turismoitinerante.com\/site\/wp-content\/uploads\/2026\/04\/Ape-eventi-768x1079.jpg 768w, https:\/\/www.turismoitinerante.com\/site\/wp-content\/uploads\/2026\/04\/Ape-eventi-750x1054.jpg 750w, https:\/\/www.turismoitinerante.com\/site\/wp-content\/uploads\/2026\/04\/Ape-eventi.jpg 911w\" sizes=\"(max-width: 780px) 100vw, 780px\" \/><\/p>\n<p>&nbsp;<\/p>\n<p><a href=\"https:\/\/www.turismoitinerante.com\/site\/passi-e-parole-di-vino-18-e-19-aprile-mercato-saraceno-escursioni-degustazioni\/\" target=\"_blank\" rel=\"noopener\"><strong>Passi e parole di vino: il 18 e 19 aprile a Mercato Saraceno (FC) escursioni e degustazioni<\/strong><\/a><\/p>\n<p>Col pieno sbocciare della primavera, sabato 18 e domenica 19 aprile gli amanti delle occasioni conviviali, gli appassionati di vino e delle camminate potranno gustare le numerose proposte delle cantine di Mercato Saraceno, Citt\u00e0 del Vino della Valle del Savio, alla scoperta del territorio passo a passo: Passi e parole di vino \u00e8 un magico connubio fra visite e degustazioni in azienda, escursioni, cene d\u2019eccellenza e tanto altro.<\/p>\n<p>Al sabato \u00e8 in programma un pomeriggio di eventi in piazza Mazzini e una cena d\u2019eccellenza a Palazzo Dolcini, mentre domenica verr\u00e0 proposta un\u2019intera giornata di iniziative, con trekking guidati ed escursioni in e-bike e visite alle cantine, e momenti di degustazioni di vini accompagnati da assaggi di prodotti tipici. Si potranno, cos\u00ec, visitare, a piedi o in bicicletta, le prestigiose cantine di produzione mercatesi, indicate sulla mappa creata ad hoc. Sar\u00e0 un\u2019esperienza unica sentire profumi e sapori, ammirando i colori della vigna e della terra. Un piacere che coinvolge tutti i sensi: l\u2019emozione di degustare un intero territorio in un calice.<\/p>\n<p><img decoding=\"async\" class=\"alignnone size-large wp-image-71092\" src=\"https:\/\/www.turismoitinerante.com\/site\/wp-content\/uploads\/2026\/04\/Passi-e-parole-di-vino-trekking-primavera-1024x768.jpeg\" alt=\"\" width=\"1024\" height=\"768\" srcset=\"https:\/\/www.turismoitinerante.com\/site\/wp-content\/uploads\/2026\/04\/Passi-e-parole-di-vino-trekking-primavera-1024x768.jpeg 1024w, https:\/\/www.turismoitinerante.com\/site\/wp-content\/uploads\/2026\/04\/Passi-e-parole-di-vino-trekking-primavera-300x225.jpeg 300w, https:\/\/www.turismoitinerante.com\/site\/wp-content\/uploads\/2026\/04\/Passi-e-parole-di-vino-trekking-primavera-768x576.jpeg 768w, https:\/\/www.turismoitinerante.com\/site\/wp-content\/uploads\/2026\/04\/Passi-e-parole-di-vino-trekking-primavera-750x563.jpeg 750w, https:\/\/www.turismoitinerante.com\/site\/wp-content\/uploads\/2026\/04\/Passi-e-parole-di-vino-trekking-primavera-1140x855.jpeg 1140w, https:\/\/www.turismoitinerante.com\/site\/wp-content\/uploads\/2026\/04\/Passi-e-parole-di-vino-trekking-primavera.jpeg 1440w\" sizes=\"(max-width: 1024px) 100vw, 1024px\" \/><\/p>\n<p>&nbsp;<\/p>\n<p><a href=\"https:\/\/www.comune.pesaro.pu.it\/cultura\/dettaglio\/news\/suoni-dal-futuro-live-tour-primavera-2026\" target=\"_blank\" rel=\"noopener\"><strong>Suoni dal futuro: dal 16 al 18 aprile a Pesaro tre serate dedicate alla musica<\/strong><\/a><\/p>\n<p>Dal 16 al 18 aprile a partire dalle 20.30 a Urbica &#8211; Velostazione tre giorni dedicati alla nuova musica italiana con una tappa del Live Tour Primavera 2026 di &#8216;Suoni dal futuro&#8217;, il progetto nato dall&#8217;incontro tra Manuel Agnelli, il collettivo di Germi LdC e Siae &#8211; Societ\u00e0 Italiana degli Autori ed Editori, che mette al centro creativit\u00e0, diritto d\u2019autore e dimensione live. Sul palco Wayloz, Dlemma, Grida, Mars on Suicide, Dirty Noise e Kahlumet, insieme a talenti del territorio per un dialogo diretto tra scena locale e nazionale: Andrea Paglialunga, Vinappa e Surreal Sound Project.<\/p>\n<p>Suoni dal futuro Live Tour \u00e8 la rassegna itinerante che porter\u00e0 ogni anno, per tre anni, una selezione di 12 progetti musicali nei club di otto citt\u00e0 italiane \u2013 accanto a Pesaro, Milano, Roma, Bologna, Napoli, Palermo, Taranto e Torino \u2013 con 96 concerti complessivi distribuiti in due tranche tra primavera e autunno. Il tour primavera 2026 parte il 10 aprile da Milano e si conclude il 30 maggio a Torino. L&#8217;appuntamento di Pesaro \u00e8 realizzato in collaborazione con Amat.<\/p>\n<p>Ingresso gratuito e focus su creativit\u00e0, live e nuove generazioni, con l\u2019obiettivo di sostenere giovani musicisti e valorizzare la musica come spazio di espressione e crescita.<\/p>\n<p><img decoding=\"async\" class=\"alignnone size-large wp-image-71134\" src=\"https:\/\/www.turismoitinerante.com\/site\/wp-content\/uploads\/2026\/04\/Pesaro-eventi-819x1024.jpg\" alt=\"\" width=\"819\" height=\"1024\" srcset=\"https:\/\/www.turismoitinerante.com\/site\/wp-content\/uploads\/2026\/04\/Pesaro-eventi-819x1024.jpg 819w, https:\/\/www.turismoitinerante.com\/site\/wp-content\/uploads\/2026\/04\/Pesaro-eventi-240x300.jpg 240w, https:\/\/www.turismoitinerante.com\/site\/wp-content\/uploads\/2026\/04\/Pesaro-eventi-768x960.jpg 768w, https:\/\/www.turismoitinerante.com\/site\/wp-content\/uploads\/2026\/04\/Pesaro-eventi-1229x1536.jpg 1229w, https:\/\/www.turismoitinerante.com\/site\/wp-content\/uploads\/2026\/04\/Pesaro-eventi-750x938.jpg 750w, https:\/\/www.turismoitinerante.com\/site\/wp-content\/uploads\/2026\/04\/Pesaro-eventi-1140x1425.jpg 1140w, https:\/\/www.turismoitinerante.com\/site\/wp-content\/uploads\/2026\/04\/Pesaro-eventi.jpg 1280w\" sizes=\"(max-width: 819px) 100vw, 819px\" \/><\/p>\n<p>&nbsp;<\/p>\n<p><a href=\"https:\/\/www.festascienzafilosofia.it\/\" target=\"_blank\" rel=\"noopener\"><strong>Dal 15 al 19 aprile la Festa Scienza e Filosofia: 158 conferenze tra Foligno (PG) e Fabriano (AN)<\/strong><\/a><\/p>\n<p>Mettere l\u2019uomo al centro della ricerca, trasformando la tecnologia da potenziale minaccia a strumento di libert\u00e0. \u00c8 questa la sfida della XV\u00aa \u201cFesta di Scienza e Filosofia &#8211; Virtute e Canoscenza\u201d, presentata ufficialmente questa mattina ad Ancona, a Palazzo Raffaello, alla presenza del sottosegretario alla Presidenza della Regione Silvia Luconi, dell\u2019assessore alla Bellezza con delega Unesco della citt\u00e0 di Fabriano Maura Nataloni, del presidente e del direttore del Laboratorio di Scienze Sperimentali di Foligno, rispettivamente, Maurizio Renzini e Pierluigi Mingarelli, che da quindici anni organizzano e promuovono la Festa, e del presidente del Rotary club di Fabriano Gabriele Alfonsi. Nella citt\u00e0 marchigiana si \u00e8 giunti alla quarta edizione. Sostegno all\u2019iniziativa \u00e8 venuto anche dalla Associazione culturale per lo sviluppo dell\u2019Appennino umbro-marchigiano e dal suo presidente Piero Chiorri.<\/p>\n<p>L\u2019evento, che si terr\u00e0 dal 15 al 19 aprile a Foligno e dal 16 al 18 aprile a Fabriano, si propone come un ponte tra Umbria e Marche per ribadire un concetto fondamentale: non esiste progresso autentico senza un\u2019integrazione profonda tra metodo scientifico e valori umanistici. Con un fitto calendario di 158 conferenze ad ingresso gratuito, di cui 132 a Foligno e 26 a Fabriano, Festa di Scienza e Filosofia chiamer\u00e0 a raccolta importanti scienziati, filosofi ed esperti da tutta Italia e non solo per dialogare con il pubblico e, soprattutto, con le nuove generazioni.<\/p>\n<p>Tema scelto per l\u2019edizione 2026 \u00e8 \u201cUn nuovo umanesimo scientifico. Prospettive. Speranze. Rischi\u201d, una riflessione necessaria in un\u2019epoca segnata da scetticismo verso le evidenze scientifiche e dal timore che l\u2019innovazione possa travolgere i diritti fondamentali. Il programma esplorer\u00e0 la necessit\u00e0 di superare la separazione tra arti e scienze, mettendo al centro le grandi questioni del nostro tempo: dall\u2019uso etico dell\u2019Intelligenza Artificiale alla gestione delle risorse nello spazio (con il ritorno sulla Luna e la conquista di Marte), fino al ruolo della scienza come costruttrice di pace. Durante i giorni della Festa, i partecipanti potranno costruire percorsi personalizzati toccando sei macro-aree tematiche: dalla salute della mente e dell&#8217;ambiente all&#8217;energia per il futuro, dai conflitti tra Stati alla nuova dimensione del cielo.<\/p>\n<p>Ad anticipare i cinque giorni della Festa \u00e8 stato, anche quest\u2019anno, l\u2019appuntamento con le \u201cAnteprime\u201d, un ciclo di conferenze che fino al 10 aprile prossimo animer\u00e0 le frazioni di Foligno e la citt\u00e0 di Fabriano. A partire dal 15 aprile, poi, si entrer\u00e0 nel vivo dell\u2019edizione 2026 di Festa di Scienza e Filosofia, che si avvale di un comitato di referenti scientifici di altissimo profilo: il linguista Massimo Arcangeli, il fisico Roberto Battiston (presidente ESSC), il docente dell\u2019Istituto Italiano di Tecnologia Alberto Diaspro, la giornalista scientifica Silvia Rosa Brusin e il filosofo della scienza Silvano Tagliagambe. Oltre 150 i relatori pronti ad arrivare in Umbria e nelle Marche: di questi 129 a Foligno e 30 a Fabriano. Tra gli ospiti pi\u00f9 attesi figurano nomi del calibro di Franco Cardini, Gianvito Martino, Dario Fabbri, Silvio Garattini, Michela Marzano, Paola Bonfante, Paolo Nespoli, Piergiorgio Odifreddi, Patrizia Caraveo, Giulia Monteleone, Cristina Trombetti, Don Dante Carraro, Anna Flavia d\u2019Amelio Einaudi, Giorgio Vallortigara, Roberto Battiston, Dario Bressanini, Piergiuseppe Fortunato, Giuseppe Cataldo, Paola D\u2019Angelo. Tra le iniziative in programma anche una mattinata dedicata al ricordo del genetista e fisico Edoardo Boncinelli, storico referente e sostenitore della Festa fin dagli albori.<\/p>\n<p>Motore dell\u2019evento saranno i giovani. Oltre a incontri pensati e realizzati proprio per le scuole, infatti, i ragazzi saranno presenti come \u201cAmbasciatori\u201d della Festa di Scienza e Filosofia, ma non solo. Sono, infatti, anche costruttori e organizzatori dell\u2019evento, attraverso percorsi di Formazione Scuola Lavoro. Tanti, poi, saranno anche i giovani scienziati e filosofi che saliranno in cattedra nel ruolo di relatori.<\/p>\n<p>Conferenze, ma non solo. Durante la Festa, infatti, verranno presentati i risultati di alcuni progetti didattico-educativi avviati nelle passate edizioni: Scienza e Natura nel Parco di Colfiorito; la premiazione del Concorso nazionale SAIt dedicato all\u2019astronomo folignate Paolo Maffei. Torna puntuale, poi, anche l\u2019appuntamento con Experimenta. Si tratta di un contenitore dedicato alla pratica e al saper fare, che proporr\u00e0 26 tipologie di laboratori didattici rivolti a studenti e adulti. A corredo della manifestazione, infine, una rassegna di 16 percorsi culturali collaterali animer\u00e0 il territorio grazie alla sinergia con associazioni e scuole locali, trasformando le citt\u00e0 in laboratori a cielo aperto.<\/p>\n<p><img decoding=\"async\" class=\"alignnone size-large wp-image-71135\" src=\"https:\/\/www.turismoitinerante.com\/site\/wp-content\/uploads\/2026\/04\/Filosofia-1024x576.jpg\" alt=\"\" width=\"1024\" height=\"576\" srcset=\"https:\/\/www.turismoitinerante.com\/site\/wp-content\/uploads\/2026\/04\/Filosofia-1024x576.jpg 1024w, https:\/\/www.turismoitinerante.com\/site\/wp-content\/uploads\/2026\/04\/Filosofia-300x169.jpg 300w, https:\/\/www.turismoitinerante.com\/site\/wp-content\/uploads\/2026\/04\/Filosofia-768x432.jpg 768w, https:\/\/www.turismoitinerante.com\/site\/wp-content\/uploads\/2026\/04\/Filosofia-1536x864.jpg 1536w, https:\/\/www.turismoitinerante.com\/site\/wp-content\/uploads\/2026\/04\/Filosofia-2048x1152.jpg 2048w, https:\/\/www.turismoitinerante.com\/site\/wp-content\/uploads\/2026\/04\/Filosofia-750x422.jpg 750w, https:\/\/www.turismoitinerante.com\/site\/wp-content\/uploads\/2026\/04\/Filosofia-1140x641.jpg 1140w\" sizes=\"(max-width: 1024px) 100vw, 1024px\" \/><\/p>\n<p>&nbsp;<\/p>\n<p><a href=\"https:\/\/www.comune.massamartana.pg.it\/vivere_il_comune\/eventi\/evento_95.html\" target=\"_blank\" rel=\"noopener\"><strong>Sentieri Martani: in Umbria continuano le escursioni nella natura di Massa Martana<\/strong><\/a><\/p>\n<p>Sentieri Martani \u00e8 un calendario di eventi dedicato al territorio di Massa Martana e dintorni. 11 escursioni ed esperienze tra natura e storia, per scoprire il territorio a 360 gradi. Dai panoramici crinali alle verdi valli, Sentieri Martani vi porter\u00e0 tra le meraviglie pi\u00f9 autentiche della nostra terra, spaziando dalla fotografia naturalistica al birdwatching, dall\u2019archeotrekking alle escursioni al tramonto, e molto molto altro.<br \/>\nUn vero e proprio viaggio nella natura, che si concluder\u00e0 con un grande festival di 3 giorni dedicato alla biodiversit\u00e0: Martana Wild.<\/p>\n<p>Domenica 19 aprile &#8211; Alla scoperta degli impollinatori e delle orchidee<br \/>\nL\u2019area di Monte il Cerchio, con le sue praterie tra i lecci, far\u00e0 da cornice a questa esperienza alla scoperta degli impollinatori e delle orchidee. L\u2019escursione vi condurr\u00e0 tra le fioriture spontanee e le orchidee selvatiche che caratterizzano gli ambienti montani, per conoscerne il ruolo ecologico e le strategie evolutive. Esplorerete l&#8217;affascinante mondo degli impollinatori, figure chiave per la biodiversit\u00e0 e la riproduzione delle piante, con un ruolo cruciale negli ecosistemi.<\/p>\n<p>EVENTO GRATUITO<br \/>\nLunghezza: 3,7 km<br \/>\nDislivello: 80 m<br \/>\nTipologia: percorso andata\/ritorno<br \/>\nDifficolt\u00e0: facile (livello turistico)<br \/>\nAdatto a: tutti (bambini da 8 anni in su). Non richiede allenamento e abitudine all\u2019attivit\u00e0 escursionistica.<br \/>\nCome vestirsi e cosa portare: abbigliamento adeguato alla camminata in ambiente montano, scarpe da trekking, piccolo zaino con acqua e snack.<br \/>\nOrario e luogo appuntamento: ore 09:30 presso Monte il Cerchio. Il link google maps al punto esatto di ritrovo verr\u00e0 inviato nel messaggio di conferma.<br \/>\nIscrizione obbligatoria compilando il modulo online (posti limitati): <a href=\"https:\/\/forms.gle\/HyDLLnMC2tDypmP78\" target=\"_blank\" rel=\"noopener\">https:\/\/forms.gle\/HyDLLnMC2tDypmP78<\/a><br \/>\nPer info: +39 371 574 7944 &#8211; <a href=\"mailto:info@hylagroup.net\" target=\"_blank\" rel=\"noopener\">info@hylagroup.net<\/a><br \/>\nEscursione a cura di: Studio Naturalistico Hyla S.r.l. (partner di progetto)<br \/>\nEsperto\/guida: Paul Harcourt Davies, fotografo naturalista<\/p>\n<p>Prossime escursioni:<br \/>\nSabato 25 aprile &#8211; Bat Night: i signori della notte<br \/>\nSabato 2 maggio &#8211; Tra natura e storia<br \/>\nDomenica 10 maggio &#8211; I faggi secolari di San Pietro in Monte<br \/>\nSabato 16 maggio &#8211; Tramonto sui crinali<br \/>\nDa venerd\u00ec 29 a domenica 31 maggio \u2013 FESTIVAL MARTANA WILD<\/p>\n<p>Le attivit\u00e0 sono aperte a tutti. Per conoscere i dettagli di ogni singolo evento consulta le specifiche schede pubblicate nei nostri canali social. Il calendario potr\u00e0 subire variazioni in caso di maltempo o altri imprevisti di carattere organizzativo.<\/p>\n<p><img decoding=\"async\" class=\"alignnone size-large wp-image-71194\" src=\"https:\/\/www.turismoitinerante.com\/site\/wp-content\/uploads\/2026\/04\/Massa-Martana-eventi-819x1024.jpg\" alt=\"\" width=\"819\" height=\"1024\" srcset=\"https:\/\/www.turismoitinerante.com\/site\/wp-content\/uploads\/2026\/04\/Massa-Martana-eventi-819x1024.jpg 819w, https:\/\/www.turismoitinerante.com\/site\/wp-content\/uploads\/2026\/04\/Massa-Martana-eventi-240x300.jpg 240w, https:\/\/www.turismoitinerante.com\/site\/wp-content\/uploads\/2026\/04\/Massa-Martana-eventi-768x960.jpg 768w, https:\/\/www.turismoitinerante.com\/site\/wp-content\/uploads\/2026\/04\/Massa-Martana-eventi-750x938.jpg 750w, https:\/\/www.turismoitinerante.com\/site\/wp-content\/uploads\/2026\/04\/Massa-Martana-eventi.jpg 1080w\" sizes=\"(max-width: 819px) 100vw, 819px\" \/><\/p>\n<p>&nbsp;<\/p>\n<p><a href=\"https:\/\/www.supertrebbiano.it\/\" target=\"_blank\" rel=\"noopener\"><strong>Il 19 aprile torna Supertrebbiano, la fiera mercato umbra che celebra il trebbiano spoletino e i suoi vignaioli<\/strong><\/a><\/p>\n<p>Torna in Umbria, a Spoleto, Supertrebbiano, la fiera mercato che celebra il trebbiano spoletino, i suoi produttori vinicoli e tutto il territorio umbro. Oltre 15 cantine provenienti da ogni parte della regione e piccoli produttori di eccellenze alimentari locali saranno al centro della manifestazione che si terr\u00e0 il prossimo 19 aprile all\u2019Hotel Albornoz di Spoleto.<\/p>\n<p>La seconda edizione. Dopo i numeri dello scorso anno, con oltre 500 visitatori, pi\u00f9 di 20 espositori e oltre 50 tipi di trebbiano spoletino in degustazione, Supertrebbiano si prepara a replicare il successo anche in questa seconda edizione. La regola \u00e8 sempre la stessa: sar\u00e0 possibile degustare il trebbiano spoletino in tutte le sue versioni &#8211; spumantizzato, ancestrale, orange e bianco &#8211; purch\u00e9 lavorato in purezza, cio\u00e8 realizzato al 100% con uve provenienti dall\u2019omonimo vitigno.<\/p>\n<p>Dalla cantina Raina (Montefalco) alla cantina Lorenzo Mattoni (Bevagna), da I Fenicotteri (Todi) ai Viticoltori Anonimi (Foligno), dalla cantina Ninni (Spoleto) a quella di Collecapretta (Spoleto). E ancora: cantina Dentici (Montefalco), Fongoli (Montefalco), La Fonte (Bevagna), Cantina dei Conti (Trevi e Montefalco), Alma Raminga (Foligno), Terre di San Felice (Castel Ritaldi), cantina Belei (Citt\u00e0 di Castello), cantina Annesanti (Arrone), Paolo Bea (Montefalco), cantina La Spina (Marsciano), Ril\u00f2 (Montefalco) e Cantina Iannoni Sebastianini (Montefalco). Queste le cantine che parteciperanno a Supertrebbiano, in un percorso sensoriale che attraversa idealmente buona parte dell\u2019Umbria. Per i prodotti del territorio presenti Ora Forneria e Orto Sive Natura.<\/p>\n<p><img decoding=\"async\" class=\"alignnone size-large wp-image-71136\" src=\"https:\/\/www.turismoitinerante.com\/site\/wp-content\/uploads\/2026\/04\/Spoleto-eventi-1024x1024.jpeg\" alt=\"\" width=\"1024\" height=\"1024\" srcset=\"https:\/\/www.turismoitinerante.com\/site\/wp-content\/uploads\/2026\/04\/Spoleto-eventi-1024x1024.jpeg 1024w, https:\/\/www.turismoitinerante.com\/site\/wp-content\/uploads\/2026\/04\/Spoleto-eventi-300x300.jpeg 300w, https:\/\/www.turismoitinerante.com\/site\/wp-content\/uploads\/2026\/04\/Spoleto-eventi-150x150.jpeg 150w, https:\/\/www.turismoitinerante.com\/site\/wp-content\/uploads\/2026\/04\/Spoleto-eventi-768x768.jpeg 768w, https:\/\/www.turismoitinerante.com\/site\/wp-content\/uploads\/2026\/04\/Spoleto-eventi-75x75.jpeg 75w, https:\/\/www.turismoitinerante.com\/site\/wp-content\/uploads\/2026\/04\/Spoleto-eventi-350x350.jpeg 350w, https:\/\/www.turismoitinerante.com\/site\/wp-content\/uploads\/2026\/04\/Spoleto-eventi-750x750.jpeg 750w, https:\/\/www.turismoitinerante.com\/site\/wp-content\/uploads\/2026\/04\/Spoleto-eventi-1140x1140.jpeg 1140w, https:\/\/www.turismoitinerante.com\/site\/wp-content\/uploads\/2026\/04\/Spoleto-eventi.jpeg 1440w\" sizes=\"(max-width: 1024px) 100vw, 1024px\" \/><\/p>\n<p>&nbsp;<\/p>\n<p><a href=\"https:\/\/www.boxol.it\/next\/it\/TeatroPalladium\/select-seat\/610552\/biglietti-kazakh-state-symphony-orchestra-con-aiman-mussakhajayeva\" target=\"_blank\" rel=\"noopener\"><strong>Il 19 aprile Kazakh State Symphony Orchestra in concerto a Roma<\/strong><\/a><\/p>\n<p>Nel 2026 prosegue il tour internazionale della Kazakh State Symphony Orchestra, che arriva a Roma il 19 aprile sul palco del Teatro Palladium, portando con s\u00e9 una delle espressioni pi\u00f9 autorevoli e riconosciute della tradizione musicale kazaka contemporanea.<br \/>\nUn appuntamento che si configura come un\u2019occasione rara per scoprire dal vivo una delle orchestre pi\u00f9 prestigiose dell\u2019Asia Centrale, capace di coniugare rigore esecutivo, ricchezza timbrica e una forte identit\u00e0 culturale in un dialogo costante con il grande repertorio internazionale.<\/p>\n<p>Fondata nel 1991 su iniziativa della violinista Aiman Mussakhajayeva, che sar\u00e0 anche protagonista della serata in qualit\u00e0 di solista, l\u2019orchestra riunisce circa 90 musicisti di altissimo livello, molti dei quali premiati in concorsi internazionali, distinguendosi per compattezza, virtuosismo e qualit\u00e0 d\u2019insieme. Accanto alla solista, il concerto vedr\u00e0 la partecipazione di altri interpreti della scena musicale kazaka, contribuendo a restituire la ricchezza e la variet\u00e0 della tradizione esecutiva del Paese.<\/p>\n<p>Sostenuta dal Ministero della Cultura e dello Sport della Repubblica del Kazakhstan, l\u2019orchestra rappresenta a livello internazionale il patrimonio musicale nazionale, portando nei principali teatri e festival un repertorio che attraversa epoche e linguaggi, dal Barocco alla contemporaneit\u00e0.<br \/>\nAl centro del concerto, la presenza magnetica di Mussakhajayeva, tra le pi\u00f9 importanti esponenti della scuola violinistica del Kazakhstan, artista capace di attraversare repertori e stili con una cifra espressiva che unisce virtuosismo, profondit\u00e0 e sensibilit\u00e0 musicale.<\/p>\n<figure id=\"attachment_71137\" aria-describedby=\"caption-attachment-71137\" style=\"width: 1024px\" class=\"wp-caption alignnone\"><img decoding=\"async\" class=\"size-large wp-image-71137\" src=\"https:\/\/www.turismoitinerante.com\/site\/wp-content\/uploads\/2026\/04\/Kazakh-State-Symphony-Orchestra_Foto-via-State-Academic-Concert-Organization-Qazaqconcert-1-1024x767.jpg\" alt=\"\" width=\"1024\" height=\"767\" srcset=\"https:\/\/www.turismoitinerante.com\/site\/wp-content\/uploads\/2026\/04\/Kazakh-State-Symphony-Orchestra_Foto-via-State-Academic-Concert-Organization-Qazaqconcert-1-1024x767.jpg 1024w, https:\/\/www.turismoitinerante.com\/site\/wp-content\/uploads\/2026\/04\/Kazakh-State-Symphony-Orchestra_Foto-via-State-Academic-Concert-Organization-Qazaqconcert-1-300x225.jpg 300w, https:\/\/www.turismoitinerante.com\/site\/wp-content\/uploads\/2026\/04\/Kazakh-State-Symphony-Orchestra_Foto-via-State-Academic-Concert-Organization-Qazaqconcert-1-768x575.jpg 768w, https:\/\/www.turismoitinerante.com\/site\/wp-content\/uploads\/2026\/04\/Kazakh-State-Symphony-Orchestra_Foto-via-State-Academic-Concert-Organization-Qazaqconcert-1-750x562.jpg 750w, https:\/\/www.turismoitinerante.com\/site\/wp-content\/uploads\/2026\/04\/Kazakh-State-Symphony-Orchestra_Foto-via-State-Academic-Concert-Organization-Qazaqconcert-1-1140x854.jpg 1140w, https:\/\/www.turismoitinerante.com\/site\/wp-content\/uploads\/2026\/04\/Kazakh-State-Symphony-Orchestra_Foto-via-State-Academic-Concert-Organization-Qazaqconcert-1.jpg 1200w\" sizes=\"(max-width: 1024px) 100vw, 1024px\" \/><figcaption id=\"caption-attachment-71137\" class=\"wp-caption-text\">Kazakh State Symphony Orchestra &#8211; Foto via State Academic Concert Organization Qazaqconcert<\/figcaption><\/figure>\n<p>&nbsp;<\/p>\n<p><a href=\"http:\/\/www.immaginafestivalroma.it\" target=\"_blank\" rel=\"noopener\"><strong>Dal 17 al 20 aprile arriva la 6\u00aa edizione del Festival Internazionale del Teatro di Figura di Roma<\/strong><\/a><\/p>\n<p>Da venerd\u00ec 17 a luned\u00ec 20 aprile 2026 torna IMMAGINA \u2013 Festival Internazionale del Teatro di Figura di Roma, sesta edizione di un festival diffuso che mette al centro marionette, burattini, ombre, teatro d\u2019oggetti e figure animate: un universo poetico e sorprendente capace di parlare a tutte le et\u00e0.<\/p>\n<p>I Teatri in Comune \u2013 Teatro Biblioteca Quarticciolo, Teatro Villa Pamphilj, Teatro Tor Bella Monaca, Teatro del Lido di Ostia \u2013 insieme al MUCIV-Museo delle Civilt\u00e0, all\u2019ICPI-Istituto Centrale per il Patrimonio Immateriale e allo Spazio Rossellini (Polo Culturale Multidisciplinare della Regione Lazio), ospiteranno 10 compagnie con oltre 25 artisti provenienti da 6 Paesi (Argentina, Francia, Uruguay, Estonia, Grecia e Italia) che si alterneranno con spettacoli dal vivo, mostre, laboratori, incontri, oltre ad alcuni appuntamenti di approfondimento legati al festival che si terranno anche all\u2019Universit\u00e0 Roma Tre \u2013 DAMS e alla Biblioteca Museo Teatrale SIAE.<\/p>\n<p>Quattro giorni interamente dedicati al teatro di figura e alle sue molteplici espressioni all\u2019insegna dell\u2019immaginazione e della creativit\u00e0, per grandi e piccoli, con una direzione artistica condivisa tra i 7 partner promotori, 8 spazi della citt\u00e0 con 11 spettacoli &#8211; per un totale di 28 repliche &#8211; 4 laboratori, 4 incontri, 1 performance e 1 mostra.<\/p>\n<p><img decoding=\"async\" class=\"size-full wp-image-71138 aligncenter\" src=\"https:\/\/www.turismoitinerante.com\/site\/wp-content\/uploads\/2026\/04\/Roma-eventi.png\" alt=\"\" width=\"562\" height=\"165\" srcset=\"https:\/\/www.turismoitinerante.com\/site\/wp-content\/uploads\/2026\/04\/Roma-eventi.png 562w, https:\/\/www.turismoitinerante.com\/site\/wp-content\/uploads\/2026\/04\/Roma-eventi-300x88.png 300w\" sizes=\"(max-width: 562px) 100vw, 562px\" \/><\/p>\n<p>&nbsp;<\/p>\n<p>&nbsp;<\/p>\n<p>Vi ricordiamo inoltre che nelle vicinanze di tutte queste zone potrete usufruire degli <a href=\"https:\/\/www.turismoitinerante.com\/site\/elenco-convenzioni-tessera-turit\/\" target=\"_blank\" rel=\"noreferrer noopener\"><strong>sconti esclusivi<\/strong><\/a> riservati da molti esercizi turistici ai possessori della nostra <strong><a href=\"https:\/\/www.turismoitinerante.com\/site\/tessera-turit-gli-amici-di-turismo-itinerante\/\" target=\"_blank\" rel=\"noreferrer noopener\">Tessera Turit<\/a><\/strong>.<\/p>\n<p><strong>Buon weekend!!!<\/strong><\/p>\n<p>&nbsp;<\/p>\n<p>&nbsp;<\/p>\n<div class=\"7863122cad8776726ec303240ed69aa5\" data-index=\"4\" style=\"float: none; margin:10px 0 10px 0; text-align:center;\">\n<script async src=\"\/\/pagead2.googlesyndication.com\/pagead\/js\/adsbygoogle.js\"><\/script>\r\n<!-- 728x90, creato 23\/02\/11 -->\r\n<ins class=\"adsbygoogle\"\r\n     style=\"display:inline-block;width:728px;height:90px\"\r\n     data-ad-client=\"ca-pub-5798583071070083\"\r\n     data-ad-slot=\"5935394872\"><\/ins>\r\n<script>\r\n(adsbygoogle = window.adsbygoogle || []).push({});\r\n<\/script>\n<\/div>\n\n<div style=\"font-size: 0px; height: 0px; line-height: 0px; margin: 0; padding: 0; clear: both;\"><\/div>","protected":false},"excerpt":{"rendered":"<p>Abbiamo selezionato per voi i migliori eventi da non perdere nel fine settimana 17-18-19 aprile in giro per l\u2019Italia! Scegliete il vostro preferito! Viaggiate in sicurezza con il vostro camper con la \u201cPolizza degli Amici di Turismo Itinerante\u201d in convenzione con la D\u2019Orazio Assicurazioni. &nbsp; Il 18 e 19 aprile a Merano (BZ) arriva il [&hellip;]<\/p>\n","protected":false},"author":1,"featured_media":71130,"comment_status":"closed","ping_status":"open","sticky":false,"template":"","format":"standard","meta":{"ngg_post_thumbnail":0,"jnews-multi-image_gallery":[],"jnews_single_post":{"subtitle":"","format":"standard","override":[{"template":"1","parallax":"1","fullscreen":"1","layout":"right-sidebar","sidebar":"default-sidebar","second_sidebar":"default-sidebar","sticky_sidebar":"1","share_position":"top","share_float_style":"share-monocrhome","show_share_counter":"1","show_view_counter":"1","show_featured":"1","show_post_meta":"1","show_post_author":"1","show_post_author_image":"1","show_post_date":"1","post_date_format":"default","post_date_format_custom":"Y\/m\/d","show_post_category":"1","show_post_reading_time":"0","post_reading_time_wpm":"300","post_calculate_word_method":"str_word_count","show_zoom_button":"0","zoom_button_out_step":"2","zoom_button_in_step":"3","show_post_tag":"1","show_prev_next_post":"1","show_popup_post":"1","show_comment_section":"1","number_popup_post":"1","show_author_box":"1","show_post_related":"0","show_inline_post_related":"0"}],"image_override":[{"single_post_thumbnail_size":"crop-500","single_post_gallery_size":"crop-500"}],"trending_post_position":"meta","trending_post_label":"Trending","sponsored_post_label":"Sponsored by","disable_ad":"0"},"jnews_primary_category":[],"jnews_override_counter":{"view_counter_number":"0","share_counter_number":"0","like_counter_number":"0","dislike_counter_number":"0"},"footnotes":""},"categories":[621],"tags":[112,121,1437],"class_list":["post-71128","post","type-post","status-publish","format-standard","has-post-thumbnail","hentry","category-info-turismo","tag-eventi","tag-italia","tag-weekend"],"yoast_head":"<!-- This site is optimized with the Yoast SEO plugin v27.4 - https:\/\/yoast.com\/product\/yoast-seo-wordpress\/ -->\n<title>Gli eventi da non perdere nel fine settimana 17-18-19 aprile<\/title>\n<meta name=\"description\" content=\"Abbiamo selezionato per voi i migliori eventi da non perdere nel fine settimana 17-18-19 aprile in giro per l\u2019Italia\" \/>\n<meta name=\"robots\" content=\"index, follow, max-snippet:-1, max-image-preview:large, max-video-preview:-1\" \/>\n<link rel=\"canonical\" href=\"https:\/\/www.turismoitinerante.com\/site\/gli-eventi-da-non-perdere-nel-fine-settimana-17-18-19-aprile\/\" \/>\n<meta property=\"og:locale\" content=\"it_IT\" \/>\n<meta property=\"og:type\" content=\"article\" \/>\n<meta property=\"og:title\" content=\"Gli eventi da non perdere nel fine settimana 17-18-19 aprile\" \/>\n<meta property=\"og:description\" content=\"Abbiamo selezionato per voi i migliori eventi da non perdere nel fine settimana 17-18-19 aprile in giro per l\u2019Italia\" \/>\n<meta property=\"og:url\" content=\"https:\/\/www.turismoitinerante.com\/site\/gli-eventi-da-non-perdere-nel-fine-settimana-17-18-19-aprile\/\" \/>\n<meta property=\"og:site_name\" content=\"TI - Turismo Itinerante\" \/>\n<meta property=\"article:published_time\" content=\"2026-04-10T10:20:40+00:00\" \/>\n<meta property=\"article:modified_time\" content=\"2026-04-16T08:39:16+00:00\" \/>\n<meta property=\"og:image\" content=\"https:\/\/www.turismoitinerante.com\/site\/wp-content\/uploads\/2026\/04\/Yoga-Meeting-Eventi.jpeg\" \/>\n\t<meta property=\"og:image:width\" content=\"1280\" \/>\n\t<meta property=\"og:image:height\" content=\"853\" \/>\n\t<meta property=\"og:image:type\" content=\"image\/jpeg\" \/>\n<meta name=\"author\" content=\"admin\" \/>\n<meta name=\"twitter:card\" content=\"summary_large_image\" \/>\n<meta name=\"twitter:label1\" content=\"Scritto da\" \/>\n\t<meta name=\"twitter:data1\" content=\"admin\" \/>\n\t<meta name=\"twitter:label2\" content=\"Tempo di lettura stimato\" \/>\n\t<meta name=\"twitter:data2\" content=\"25 minuti\" \/>\n<script type=\"application\/ld+json\" class=\"yoast-schema-graph\">{\"@context\":\"https:\\\/\\\/schema.org\",\"@graph\":[{\"@type\":\"Article\",\"@id\":\"https:\\\/\\\/www.turismoitinerante.com\\\/site\\\/gli-eventi-da-non-perdere-nel-fine-settimana-17-18-19-aprile\\\/#article\",\"isPartOf\":{\"@id\":\"https:\\\/\\\/www.turismoitinerante.com\\\/site\\\/gli-eventi-da-non-perdere-nel-fine-settimana-17-18-19-aprile\\\/\"},\"author\":{\"name\":\"admin\",\"@id\":\"https:\\\/\\\/www.turismoitinerante.com\\\/site\\\/#\\\/schema\\\/person\\\/1e1238d2d1617438f3682e54bf4d6c05\"},\"headline\":\"Gli eventi da non perdere nel fine settimana 17-18-19 aprile\",\"datePublished\":\"2026-04-10T10:20:40+00:00\",\"dateModified\":\"2026-04-16T08:39:16+00:00\",\"mainEntityOfPage\":{\"@id\":\"https:\\\/\\\/www.turismoitinerante.com\\\/site\\\/gli-eventi-da-non-perdere-nel-fine-settimana-17-18-19-aprile\\\/\"},\"wordCount\":4173,\"image\":{\"@id\":\"https:\\\/\\\/www.turismoitinerante.com\\\/site\\\/gli-eventi-da-non-perdere-nel-fine-settimana-17-18-19-aprile\\\/#primaryimage\"},\"thumbnailUrl\":\"https:\\\/\\\/www.turismoitinerante.com\\\/site\\\/wp-content\\\/uploads\\\/2026\\\/04\\\/Yoga-Meeting-Eventi.jpeg\",\"keywords\":[\"eventi\",\"Italia\",\"Weekend\"],\"articleSection\":[\"Turismo\"],\"inLanguage\":\"it-IT\"},{\"@type\":\"WebPage\",\"@id\":\"https:\\\/\\\/www.turismoitinerante.com\\\/site\\\/gli-eventi-da-non-perdere-nel-fine-settimana-17-18-19-aprile\\\/\",\"url\":\"https:\\\/\\\/www.turismoitinerante.com\\\/site\\\/gli-eventi-da-non-perdere-nel-fine-settimana-17-18-19-aprile\\\/\",\"name\":\"Gli eventi da non perdere nel fine settimana 17-18-19 aprile\",\"isPartOf\":{\"@id\":\"https:\\\/\\\/www.turismoitinerante.com\\\/site\\\/#website\"},\"primaryImageOfPage\":{\"@id\":\"https:\\\/\\\/www.turismoitinerante.com\\\/site\\\/gli-eventi-da-non-perdere-nel-fine-settimana-17-18-19-aprile\\\/#primaryimage\"},\"image\":{\"@id\":\"https:\\\/\\\/www.turismoitinerante.com\\\/site\\\/gli-eventi-da-non-perdere-nel-fine-settimana-17-18-19-aprile\\\/#primaryimage\"},\"thumbnailUrl\":\"https:\\\/\\\/www.turismoitinerante.com\\\/site\\\/wp-content\\\/uploads\\\/2026\\\/04\\\/Yoga-Meeting-Eventi.jpeg\",\"datePublished\":\"2026-04-10T10:20:40+00:00\",\"dateModified\":\"2026-04-16T08:39:16+00:00\",\"author\":{\"@id\":\"https:\\\/\\\/www.turismoitinerante.com\\\/site\\\/#\\\/schema\\\/person\\\/1e1238d2d1617438f3682e54bf4d6c05\"},\"description\":\"Abbiamo selezionato per voi i migliori eventi da non perdere nel fine settimana 17-18-19 aprile in giro per l\u2019Italia\",\"breadcrumb\":{\"@id\":\"https:\\\/\\\/www.turismoitinerante.com\\\/site\\\/gli-eventi-da-non-perdere-nel-fine-settimana-17-18-19-aprile\\\/#breadcrumb\"},\"inLanguage\":\"it-IT\",\"potentialAction\":[{\"@type\":\"ReadAction\",\"target\":[\"https:\\\/\\\/www.turismoitinerante.com\\\/site\\\/gli-eventi-da-non-perdere-nel-fine-settimana-17-18-19-aprile\\\/\"]}]},{\"@type\":\"ImageObject\",\"inLanguage\":\"it-IT\",\"@id\":\"https:\\\/\\\/www.turismoitinerante.com\\\/site\\\/gli-eventi-da-non-perdere-nel-fine-settimana-17-18-19-aprile\\\/#primaryimage\",\"url\":\"https:\\\/\\\/www.turismoitinerante.com\\\/site\\\/wp-content\\\/uploads\\\/2026\\\/04\\\/Yoga-Meeting-Eventi.jpeg\",\"contentUrl\":\"https:\\\/\\\/www.turismoitinerante.com\\\/site\\\/wp-content\\\/uploads\\\/2026\\\/04\\\/Yoga-Meeting-Eventi.jpeg\",\"width\":1280,\"height\":853,\"caption\":\"Yoga Meeting - Merano\"},{\"@type\":\"BreadcrumbList\",\"@id\":\"https:\\\/\\\/www.turismoitinerante.com\\\/site\\\/gli-eventi-da-non-perdere-nel-fine-settimana-17-18-19-aprile\\\/#breadcrumb\",\"itemListElement\":[{\"@type\":\"ListItem\",\"position\":1,\"name\":\"Home\",\"item\":\"https:\\\/\\\/www.turismoitinerante.com\\\/site\\\/\"},{\"@type\":\"ListItem\",\"position\":2,\"name\":\"Gli eventi da non perdere nel fine settimana 17-18-19 aprile\"}]},{\"@type\":\"WebSite\",\"@id\":\"https:\\\/\\\/www.turismoitinerante.com\\\/site\\\/#website\",\"url\":\"https:\\\/\\\/www.turismoitinerante.com\\\/site\\\/\",\"name\":\"TI - Turismo Itinerante\",\"description\":\"Ritrovarsi su internet per informarsi, per informare. Il portale del turismo itinerante. Una infinit\u00e0 di notizie su camper, itinerari, aree sosta camper, concessionari, campeggi, agriturismo, raduni, sagre, fiere, mostre, associazioni, club, forum, bacheca annunci\",\"potentialAction\":[{\"@type\":\"SearchAction\",\"target\":{\"@type\":\"EntryPoint\",\"urlTemplate\":\"https:\\\/\\\/www.turismoitinerante.com\\\/site\\\/?s={search_term_string}\"},\"query-input\":{\"@type\":\"PropertyValueSpecification\",\"valueRequired\":true,\"valueName\":\"search_term_string\"}}],\"inLanguage\":\"it-IT\"},{\"@type\":\"Person\",\"@id\":\"https:\\\/\\\/www.turismoitinerante.com\\\/site\\\/#\\\/schema\\\/person\\\/1e1238d2d1617438f3682e54bf4d6c05\",\"name\":\"admin\",\"image\":{\"@type\":\"ImageObject\",\"inLanguage\":\"it-IT\",\"@id\":\"https:\\\/\\\/secure.gravatar.com\\\/avatar\\\/9102d8c23b35e2809b07ebc42ce126daa3d6a47cce9878a22d14d9852ade629e?s=96&d=mm&r=g\",\"url\":\"https:\\\/\\\/secure.gravatar.com\\\/avatar\\\/9102d8c23b35e2809b07ebc42ce126daa3d6a47cce9878a22d14d9852ade629e?s=96&d=mm&r=g\",\"contentUrl\":\"https:\\\/\\\/secure.gravatar.com\\\/avatar\\\/9102d8c23b35e2809b07ebc42ce126daa3d6a47cce9878a22d14d9852ade629e?s=96&d=mm&r=g\",\"caption\":\"admin\"},\"url\":\"https:\\\/\\\/www.turismoitinerante.com\\\/site\\\/author\\\/admin\\\/\"}]}<\/script>\n<!-- \/ Yoast SEO plugin. -->","yoast_head_json":{"title":"Gli eventi da non perdere nel fine settimana 17-18-19 aprile","description":"Abbiamo selezionato per voi i migliori eventi da non perdere nel fine settimana 17-18-19 aprile in giro per l\u2019Italia","robots":{"index":"index","follow":"follow","max-snippet":"max-snippet:-1","max-image-preview":"max-image-preview:large","max-video-preview":"max-video-preview:-1"},"canonical":"https:\/\/www.turismoitinerante.com\/site\/gli-eventi-da-non-perdere-nel-fine-settimana-17-18-19-aprile\/","og_locale":"it_IT","og_type":"article","og_title":"Gli eventi da non perdere nel fine settimana 17-18-19 aprile","og_description":"Abbiamo selezionato per voi i migliori eventi da non perdere nel fine settimana 17-18-19 aprile in giro per l\u2019Italia","og_url":"https:\/\/www.turismoitinerante.com\/site\/gli-eventi-da-non-perdere-nel-fine-settimana-17-18-19-aprile\/","og_site_name":"TI - Turismo Itinerante","article_published_time":"2026-04-10T10:20:40+00:00","article_modified_time":"2026-04-16T08:39:16+00:00","og_image":[{"width":1280,"height":853,"url":"https:\/\/www.turismoitinerante.com\/site\/wp-content\/uploads\/2026\/04\/Yoga-Meeting-Eventi.jpeg","type":"image\/jpeg"}],"author":"admin","twitter_card":"summary_large_image","twitter_misc":{"Scritto da":"admin","Tempo di lettura stimato":"25 minuti"},"schema":{"@context":"https:\/\/schema.org","@graph":[{"@type":"Article","@id":"https:\/\/www.turismoitinerante.com\/site\/gli-eventi-da-non-perdere-nel-fine-settimana-17-18-19-aprile\/#article","isPartOf":{"@id":"https:\/\/www.turismoitinerante.com\/site\/gli-eventi-da-non-perdere-nel-fine-settimana-17-18-19-aprile\/"},"author":{"name":"admin","@id":"https:\/\/www.turismoitinerante.com\/site\/#\/schema\/person\/1e1238d2d1617438f3682e54bf4d6c05"},"headline":"Gli eventi da non perdere nel fine settimana 17-18-19 aprile","datePublished":"2026-04-10T10:20:40+00:00","dateModified":"2026-04-16T08:39:16+00:00","mainEntityOfPage":{"@id":"https:\/\/www.turismoitinerante.com\/site\/gli-eventi-da-non-perdere-nel-fine-settimana-17-18-19-aprile\/"},"wordCount":4173,"image":{"@id":"https:\/\/www.turismoitinerante.com\/site\/gli-eventi-da-non-perdere-nel-fine-settimana-17-18-19-aprile\/#primaryimage"},"thumbnailUrl":"https:\/\/www.turismoitinerante.com\/site\/wp-content\/uploads\/2026\/04\/Yoga-Meeting-Eventi.jpeg","keywords":["eventi","Italia","Weekend"],"articleSection":["Turismo"],"inLanguage":"it-IT"},{"@type":"WebPage","@id":"https:\/\/www.turismoitinerante.com\/site\/gli-eventi-da-non-perdere-nel-fine-settimana-17-18-19-aprile\/","url":"https:\/\/www.turismoitinerante.com\/site\/gli-eventi-da-non-perdere-nel-fine-settimana-17-18-19-aprile\/","name":"Gli eventi da non perdere nel fine settimana 17-18-19 aprile","isPartOf":{"@id":"https:\/\/www.turismoitinerante.com\/site\/#website"},"primaryImageOfPage":{"@id":"https:\/\/www.turismoitinerante.com\/site\/gli-eventi-da-non-perdere-nel-fine-settimana-17-18-19-aprile\/#primaryimage"},"image":{"@id":"https:\/\/www.turismoitinerante.com\/site\/gli-eventi-da-non-perdere-nel-fine-settimana-17-18-19-aprile\/#primaryimage"},"thumbnailUrl":"https:\/\/www.turismoitinerante.com\/site\/wp-content\/uploads\/2026\/04\/Yoga-Meeting-Eventi.jpeg","datePublished":"2026-04-10T10:20:40+00:00","dateModified":"2026-04-16T08:39:16+00:00","author":{"@id":"https:\/\/www.turismoitinerante.com\/site\/#\/schema\/person\/1e1238d2d1617438f3682e54bf4d6c05"},"description":"Abbiamo selezionato per voi i migliori eventi da non perdere nel fine settimana 17-18-19 aprile in giro per l\u2019Italia","breadcrumb":{"@id":"https:\/\/www.turismoitinerante.com\/site\/gli-eventi-da-non-perdere-nel-fine-settimana-17-18-19-aprile\/#breadcrumb"},"inLanguage":"it-IT","potentialAction":[{"@type":"ReadAction","target":["https:\/\/www.turismoitinerante.com\/site\/gli-eventi-da-non-perdere-nel-fine-settimana-17-18-19-aprile\/"]}]},{"@type":"ImageObject","inLanguage":"it-IT","@id":"https:\/\/www.turismoitinerante.com\/site\/gli-eventi-da-non-perdere-nel-fine-settimana-17-18-19-aprile\/#primaryimage","url":"https:\/\/www.turismoitinerante.com\/site\/wp-content\/uploads\/2026\/04\/Yoga-Meeting-Eventi.jpeg","contentUrl":"https:\/\/www.turismoitinerante.com\/site\/wp-content\/uploads\/2026\/04\/Yoga-Meeting-Eventi.jpeg","width":1280,"height":853,"caption":"Yoga Meeting - Merano"},{"@type":"BreadcrumbList","@id":"https:\/\/www.turismoitinerante.com\/site\/gli-eventi-da-non-perdere-nel-fine-settimana-17-18-19-aprile\/#breadcrumb","itemListElement":[{"@type":"ListItem","position":1,"name":"Home","item":"https:\/\/www.turismoitinerante.com\/site\/"},{"@type":"ListItem","position":2,"name":"Gli eventi da non perdere nel fine settimana 17-18-19 aprile"}]},{"@type":"WebSite","@id":"https:\/\/www.turismoitinerante.com\/site\/#website","url":"https:\/\/www.turismoitinerante.com\/site\/","name":"TI - Turismo Itinerante","description":"Ritrovarsi su internet per informarsi, per informare. Il portale del turismo itinerante. Una infinit\u00e0 di notizie su camper, itinerari, aree sosta camper, concessionari, campeggi, agriturismo, raduni, sagre, fiere, mostre, associazioni, club, forum, bacheca annunci","potentialAction":[{"@type":"SearchAction","target":{"@type":"EntryPoint","urlTemplate":"https:\/\/www.turismoitinerante.com\/site\/?s={search_term_string}"},"query-input":{"@type":"PropertyValueSpecification","valueRequired":true,"valueName":"search_term_string"}}],"inLanguage":"it-IT"},{"@type":"Person","@id":"https:\/\/www.turismoitinerante.com\/site\/#\/schema\/person\/1e1238d2d1617438f3682e54bf4d6c05","name":"admin","image":{"@type":"ImageObject","inLanguage":"it-IT","@id":"https:\/\/secure.gravatar.com\/avatar\/9102d8c23b35e2809b07ebc42ce126daa3d6a47cce9878a22d14d9852ade629e?s=96&d=mm&r=g","url":"https:\/\/secure.gravatar.com\/avatar\/9102d8c23b35e2809b07ebc42ce126daa3d6a47cce9878a22d14d9852ade629e?s=96&d=mm&r=g","contentUrl":"https:\/\/secure.gravatar.com\/avatar\/9102d8c23b35e2809b07ebc42ce126daa3d6a47cce9878a22d14d9852ade629e?s=96&d=mm&r=g","caption":"admin"},"url":"https:\/\/www.turismoitinerante.com\/site\/author\/admin\/"}]}},"_links":{"self":[{"href":"https:\/\/www.turismoitinerante.com\/site\/wp-json\/wp\/v2\/posts\/71128","targetHints":{"allow":["GET"]}}],"collection":[{"href":"https:\/\/www.turismoitinerante.com\/site\/wp-json\/wp\/v2\/posts"}],"about":[{"href":"https:\/\/www.turismoitinerante.com\/site\/wp-json\/wp\/v2\/types\/post"}],"author":[{"embeddable":true,"href":"https:\/\/www.turismoitinerante.com\/site\/wp-json\/wp\/v2\/users\/1"}],"replies":[{"embeddable":true,"href":"https:\/\/www.turismoitinerante.com\/site\/wp-json\/wp\/v2\/comments?post=71128"}],"version-history":[{"count":3,"href":"https:\/\/www.turismoitinerante.com\/site\/wp-json\/wp\/v2\/posts\/71128\/revisions"}],"predecessor-version":[{"id":71193,"href":"https:\/\/www.turismoitinerante.com\/site\/wp-json\/wp\/v2\/posts\/71128\/revisions\/71193"}],"wp:featuredmedia":[{"embeddable":true,"href":"https:\/\/www.turismoitinerante.com\/site\/wp-json\/wp\/v2\/media\/71130"}],"wp:attachment":[{"href":"https:\/\/www.turismoitinerante.com\/site\/wp-json\/wp\/v2\/media?parent=71128"}],"wp:term":[{"taxonomy":"category","embeddable":true,"href":"https:\/\/www.turismoitinerante.com\/site\/wp-json\/wp\/v2\/categories?post=71128"},{"taxonomy":"post_tag","embeddable":true,"href":"https:\/\/www.turismoitinerante.com\/site\/wp-json\/wp\/v2\/tags?post=71128"}],"curies":[{"name":"wp","href":"https:\/\/api.w.org\/{rel}","templated":true}]}}