{"id":69887,"date":"2026-01-08T11:57:21","date_gmt":"2026-01-08T10:57:21","guid":{"rendered":"https:\/\/www.turismoitinerante.com\/site\/?p=69887"},"modified":"2026-01-08T11:57:21","modified_gmt":"2026-01-08T10:57:21","slug":"gibellina-tp-capitale-italiana-dellarte-contemporanea-2026-al-via-tanti-eventi","status":"publish","type":"post","link":"https:\/\/www.turismoitinerante.com\/site\/gibellina-tp-capitale-italiana-dellarte-contemporanea-2026-al-via-tanti-eventi\/","title":{"rendered":"Gibellina (TP) &#8211; Capitale Italiana dell\u2019Arte Contemporanea 2026: al via tanti eventi"},"content":{"rendered":"<p class=\"m_-638002277656407699fyxDET\">Presentata a Roma <strong>Gibellina &#8211; Capitale Italiana dell\u2019Arte Contemporanea 2026. <\/strong>Sono intervenuti: Angelo Piero Cappello, Direttore Generale Creativit\u00e0 Contemporanea del Ministero della Cultura; Salvatore Sutera, Sindaco di Gibellina; Andrea Cusumano, Direttore Artistico di Gibellina 2026; Rosalia D\u2019Al\u00ec, Presidente del Distretto Turistico della Sicilia Occidentale; Francesca Corrao, Presidente della Fondazione Orestiadi; Francesco Paolo Scarpinato, Assessore dei beni culturali e dell&#8217;identit\u00e0 siciliana, Regione Siciliana.<\/p>\n<p class=\"m_-638002277656407699fyxDET\">Portami il futuro \u00e8 il titolo scelto dal Comune di Gibellina (TP) per il programma ufficiale di Gibellina \u2013 Capitale Italiana dell\u2019Arte Contemporanea 2026, iniziativa promossa dalla Direzione Generale Creativit\u00e0 Contemporanea del Ministero della Cultura.<\/p>\n<p class=\"m_-638002277656407699fyxDET\">Sostenuta da Regione Siciliana, Comune di Gibellina, Museo d\u2019Arte Contemporanea Ludovico Corrao e Fondazione Orestiadi, la cura della manifestazione \u00e8 affidata al Direttore Artistico Andrea Cusumano.<\/p>\n<p class=\"m_-638002277656407699fyxDET\">La programmazione si avvale inoltre del contributo dei co-curatori Cristina Costanzo ed Enzo Fiammetta e del coordinatore del progetto Antonio Leone, del Comitato curatoriale di supporto &#8211; composto da Antonella Corrao, Arianna Catania, Alfio Scuderi e Giuseppe Maiorana &#8211; e del Comitato Scientifico, formato da Antonia Alampi, Achille Bonito Oliva, Marco Bazzini, Michele Cometa, Hedwig Fijen, Claudio Gulli, Teresa Macr\u00ec e Maurizio Oddo.<\/p>\n<p class=\"m_-638002277656407699fyxDET\">La cerimonia ufficiale di inaugurazione si svolger\u00e0 gioved\u00ec 15 gennaio 2026: data simbolica che coincide con l\u2019anniversario del terremoto del 1968 che devast\u00f2 Gibellina e la Valle del Bel\u00ecce.<\/p>\n<p class=\"m_-638002277656407699fyxDET\">Per tutto il 2026, la citt\u00e0 sar\u00e0 animata da un articolato calendario di mostre, residenze, eventi, progetti e attivit\u00e0 incentrati sul valore sociale dell\u2019arte e sulla cultura come strumento di rigenerazione e bene comune.<\/p>\n<p class=\"m_-638002277656407699fyxDET\">Portami il futuro nasce come iniziativa corale, costruita in rete con i comuni della Valle del Bel\u00ecce, i numerosi centri della provincia di Trapani e un ampio partenariato nazionale e internazionale, con l\u2019obiettivo di attrarre sul territorio artisti, operatori culturali e visitatori dall\u2019Italia e dal mondo.<\/p>\n<p class=\"m_-638002277656407699fyxDET\">Gibellina \u00e8 un unicum nel panorama italiano e un caso di rilievo internazionale: una citt\u00e0 rinata dalle macerie grazie a un pionieristico e visionario processo di rigenerazione culturale e artistica voluto dal Senatore Ludovico Corrao, prima come sindaco di Gibellina e successivamente come presidente della Fondazione Orestiadi, che oggi evolve in un progetto simbolico per l\u2019intero Paese, capace di immaginare nuove forme di trasformazione sociale attraverso il dialogo con gli artisti.<\/p>\n<p class=\"m_-638002277656407699fyxDET\">Con Portami il futuro la citt\u00e0 assume anche il ruolo di epicentro di una cultura mediterranea rinnovata, fondata sul valore della persona e della collettivit\u00e0, e sul principio che arte e cultura siano un diritto partecipativo e un bene inalienabile.<\/p>\n<p class=\"m_-638002277656407699fyxDET\">Il progetto punta a generare processi virtuosi di progettazione integrata e partecipata, in cui sar\u00e0 centrale il coinvolgimento diretto dei cittadini, chiamati a essere protagonisti sia nella relazione con gli artisti ospiti, sia nella definizione condivisa del futuro della citt\u00e0.<\/p>\n<p class=\"m_-638002277656407699fyxDET\">Organizzate in cinque aree di intervento &#8211; Mostre; Residenze; Arti performative; Educazione e partecipazione; Simposi, conferenze e giornate di studio &#8211; le attivit\u00e0 della manifestazione si articolano in un ampio insieme di iniziative: mostre, laboratori, percorsi partecipativi e residenze, nuove produzioni e podcast, programmi dedicati alle arti performative e al cinema, simposi, conferenze e giornate di studio, che propongono una visione di futuro fondata sulla bellezza comevalore condiviso, capace di generare comunit\u00e0.<\/p>\n<p class=\"m_-638002277656407699fyxDET\">Un programma ricco e articolato, che non si esaurisce in un calendario chiuso di mostre e attivit\u00e0 programmate, ma che intende definirsi come processo generativo, capace di evolversi ed espandersi nel tempo grazie al confronto, alla partecipazione e ai processi innescati dal dialogo costante tra artisti e comunit\u00e0.<\/p>\n<p><strong>Info: <a href=\"http:\/\/www.gibellina2026.it\/\" target=\"_blank\" rel=\"noopener\" data-saferedirecturl=\"https:\/\/www.google.com\/url?q=http:\/\/www.gibellina2026.it&amp;source=gmail&amp;ust=1767955756045000&amp;usg=AOvVaw1LAcBDRgrL9IzzFviUROK5\">www.gibellina2026.it<\/a><\/strong><\/p>\n<p>&nbsp;<\/p>\n<p>&nbsp;<\/p>\n<div class=\"7863122cad8776726ec303240ed69aa5\" data-index=\"4\" style=\"float: none; margin:10px 0 10px 0; text-align:center;\">\n<script async src=\"\/\/pagead2.googlesyndication.com\/pagead\/js\/adsbygoogle.js\"><\/script>\r\n<!-- 728x90, creato 23\/02\/11 -->\r\n<ins class=\"adsbygoogle\"\r\n     style=\"display:inline-block;width:728px;height:90px\"\r\n     data-ad-client=\"ca-pub-5798583071070083\"\r\n     data-ad-slot=\"5935394872\"><\/ins>\r\n<script>\r\n(adsbygoogle = window.adsbygoogle || []).push({});\r\n<\/script>\n<\/div>\n\n<div style=\"font-size: 0px; height: 0px; line-height: 0px; margin: 0; padding: 0; clear: both;\"><\/div>","protected":false},"excerpt":{"rendered":"<p>Presentata a Roma Gibellina &#8211; Capitale Italiana dell\u2019Arte Contemporanea 2026. Sono intervenuti: Angelo Piero Cappello, Direttore Generale Creativit\u00e0 Contemporanea del Ministero della Cultura; Salvatore Sutera, Sindaco di Gibellina; Andrea Cusumano, Direttore Artistico di Gibellina 2026; Rosalia D\u2019Al\u00ec, Presidente del Distretto Turistico della Sicilia Occidentale; Francesca Corrao, Presidente della Fondazione Orestiadi; Francesco Paolo Scarpinato, Assessore dei [&hellip;]<\/p>\n","protected":false},"author":1,"featured_media":69888,"comment_status":"closed","ping_status":"open","sticky":false,"template":"","format":"standard","meta":{"ngg_post_thumbnail":0,"jnews-multi-image_gallery":[],"jnews_single_post":{"subtitle":"","format":"standard","override":[{"template":"1","parallax":"1","fullscreen":"1","layout":"right-sidebar","sidebar":"default-sidebar","second_sidebar":"default-sidebar","sticky_sidebar":"1","share_position":"top","share_float_style":"share-monocrhome","show_share_counter":"1","show_view_counter":"1","show_featured":"1","show_post_meta":"1","show_post_author":"1","show_post_author_image":"1","show_post_date":"1","post_date_format":"default","post_date_format_custom":"Y\/m\/d","show_post_category":"1","show_post_reading_time":"0","post_reading_time_wpm":"300","post_calculate_word_method":"str_word_count","show_zoom_button":"0","zoom_button_out_step":"2","zoom_button_in_step":"3","show_post_tag":"1","show_prev_next_post":"1","show_popup_post":"1","show_comment_section":"1","number_popup_post":"1","show_author_box":"1","show_post_related":"0","show_inline_post_related":"0"}],"image_override":[{"single_post_thumbnail_size":"crop-500","single_post_gallery_size":"crop-500"}],"trending_post_position":"meta","trending_post_label":"Trending","sponsored_post_label":"Sponsored by","disable_ad":"0"},"jnews_primary_category":[],"jnews_override_counter":{"view_counter_number":"0","share_counter_number":"0","like_counter_number":"0","dislike_counter_number":"0"},"footnotes":""},"categories":[621],"tags":[2842,2841,388,2437],"class_list":["post-69887","post","type-post","status-publish","format-standard","has-post-thumbnail","hentry","category-info-turismo","tag-capitale-italiana-dellarte-contemporanea","tag-gibellina","tag-sicilia","tag-trapani"],"yoast_head":"<!-- This site is optimized with the Yoast SEO plugin v27.4 - https:\/\/yoast.com\/product\/yoast-seo-wordpress\/ -->\n<title>Gibellina (TP) - Capitale Italiana dell\u2019Arte Contemporanea 2026: al via tanti eventi<\/title>\n<meta name=\"description\" content=\"Per tutto il 2026 la citt\u00e0 sar\u00e0 animata da un articolato calendario di mostre, eventi e attivit\u00e0 incentrati sull\u2019arte e sulla cultura\" \/>\n<meta name=\"robots\" content=\"index, follow, max-snippet:-1, max-image-preview:large, max-video-preview:-1\" \/>\n<link rel=\"canonical\" href=\"https:\/\/www.turismoitinerante.com\/site\/gibellina-tp-capitale-italiana-dellarte-contemporanea-2026-al-via-tanti-eventi\/\" \/>\n<meta property=\"og:locale\" content=\"it_IT\" \/>\n<meta property=\"og:type\" content=\"article\" \/>\n<meta property=\"og:title\" content=\"Gibellina (TP) - Capitale Italiana dell\u2019Arte Contemporanea 2026: al via tanti eventi\" \/>\n<meta property=\"og:description\" content=\"Per tutto il 2026 la citt\u00e0 sar\u00e0 animata da un articolato calendario di mostre, eventi e attivit\u00e0 incentrati sull\u2019arte e sulla cultura\" \/>\n<meta property=\"og:url\" content=\"https:\/\/www.turismoitinerante.com\/site\/gibellina-tp-capitale-italiana-dellarte-contemporanea-2026-al-via-tanti-eventi\/\" \/>\n<meta property=\"og:site_name\" content=\"TI - Turismo Itinerante\" \/>\n<meta property=\"article:published_time\" content=\"2026-01-08T10:57:21+00:00\" \/>\n<meta property=\"og:image\" content=\"https:\/\/www.turismoitinerante.com\/site\/wp-content\/uploads\/2026\/01\/Gibellina-Arte.jpg\" \/>\n\t<meta property=\"og:image:width\" content=\"1900\" \/>\n\t<meta property=\"og:image:height\" content=\"1221\" \/>\n\t<meta property=\"og:image:type\" content=\"image\/jpeg\" \/>\n<meta name=\"author\" content=\"admin\" \/>\n<meta name=\"twitter:card\" content=\"summary_large_image\" \/>\n<meta name=\"twitter:label1\" content=\"Scritto da\" \/>\n\t<meta name=\"twitter:data1\" content=\"admin\" \/>\n\t<meta name=\"twitter:label2\" content=\"Tempo di lettura stimato\" \/>\n\t<meta name=\"twitter:data2\" content=\"4 minuti\" \/>\n<script type=\"application\/ld+json\" class=\"yoast-schema-graph\">{\"@context\":\"https:\\\/\\\/schema.org\",\"@graph\":[{\"@type\":\"Article\",\"@id\":\"https:\\\/\\\/www.turismoitinerante.com\\\/site\\\/gibellina-tp-capitale-italiana-dellarte-contemporanea-2026-al-via-tanti-eventi\\\/#article\",\"isPartOf\":{\"@id\":\"https:\\\/\\\/www.turismoitinerante.com\\\/site\\\/gibellina-tp-capitale-italiana-dellarte-contemporanea-2026-al-via-tanti-eventi\\\/\"},\"author\":{\"name\":\"admin\",\"@id\":\"https:\\\/\\\/www.turismoitinerante.com\\\/site\\\/#\\\/schema\\\/person\\\/1e1238d2d1617438f3682e54bf4d6c05\"},\"headline\":\"Gibellina (TP) &#8211; Capitale Italiana dell\u2019Arte Contemporanea 2026: al via tanti eventi\",\"datePublished\":\"2026-01-08T10:57:21+00:00\",\"mainEntityOfPage\":{\"@id\":\"https:\\\/\\\/www.turismoitinerante.com\\\/site\\\/gibellina-tp-capitale-italiana-dellarte-contemporanea-2026-al-via-tanti-eventi\\\/\"},\"wordCount\":584,\"image\":{\"@id\":\"https:\\\/\\\/www.turismoitinerante.com\\\/site\\\/gibellina-tp-capitale-italiana-dellarte-contemporanea-2026-al-via-tanti-eventi\\\/#primaryimage\"},\"thumbnailUrl\":\"https:\\\/\\\/www.turismoitinerante.com\\\/site\\\/wp-content\\\/uploads\\\/2026\\\/01\\\/Gibellina-Arte.jpg\",\"keywords\":[\"Capitale Italiana dell\u2019Arte Contemporanea\",\"Gibellina\",\"Sicilia\",\"Trapani\"],\"articleSection\":[\"Turismo\"],\"inLanguage\":\"it-IT\"},{\"@type\":\"WebPage\",\"@id\":\"https:\\\/\\\/www.turismoitinerante.com\\\/site\\\/gibellina-tp-capitale-italiana-dellarte-contemporanea-2026-al-via-tanti-eventi\\\/\",\"url\":\"https:\\\/\\\/www.turismoitinerante.com\\\/site\\\/gibellina-tp-capitale-italiana-dellarte-contemporanea-2026-al-via-tanti-eventi\\\/\",\"name\":\"Gibellina (TP) - Capitale Italiana dell\u2019Arte Contemporanea 2026: al via tanti eventi\",\"isPartOf\":{\"@id\":\"https:\\\/\\\/www.turismoitinerante.com\\\/site\\\/#website\"},\"primaryImageOfPage\":{\"@id\":\"https:\\\/\\\/www.turismoitinerante.com\\\/site\\\/gibellina-tp-capitale-italiana-dellarte-contemporanea-2026-al-via-tanti-eventi\\\/#primaryimage\"},\"image\":{\"@id\":\"https:\\\/\\\/www.turismoitinerante.com\\\/site\\\/gibellina-tp-capitale-italiana-dellarte-contemporanea-2026-al-via-tanti-eventi\\\/#primaryimage\"},\"thumbnailUrl\":\"https:\\\/\\\/www.turismoitinerante.com\\\/site\\\/wp-content\\\/uploads\\\/2026\\\/01\\\/Gibellina-Arte.jpg\",\"datePublished\":\"2026-01-08T10:57:21+00:00\",\"author\":{\"@id\":\"https:\\\/\\\/www.turismoitinerante.com\\\/site\\\/#\\\/schema\\\/person\\\/1e1238d2d1617438f3682e54bf4d6c05\"},\"description\":\"Per tutto il 2026 la citt\u00e0 sar\u00e0 animata da un articolato calendario di mostre, eventi e attivit\u00e0 incentrati sull\u2019arte e sulla cultura\",\"breadcrumb\":{\"@id\":\"https:\\\/\\\/www.turismoitinerante.com\\\/site\\\/gibellina-tp-capitale-italiana-dellarte-contemporanea-2026-al-via-tanti-eventi\\\/#breadcrumb\"},\"inLanguage\":\"it-IT\",\"potentialAction\":[{\"@type\":\"ReadAction\",\"target\":[\"https:\\\/\\\/www.turismoitinerante.com\\\/site\\\/gibellina-tp-capitale-italiana-dellarte-contemporanea-2026-al-via-tanti-eventi\\\/\"]}]},{\"@type\":\"ImageObject\",\"inLanguage\":\"it-IT\",\"@id\":\"https:\\\/\\\/www.turismoitinerante.com\\\/site\\\/gibellina-tp-capitale-italiana-dellarte-contemporanea-2026-al-via-tanti-eventi\\\/#primaryimage\",\"url\":\"https:\\\/\\\/www.turismoitinerante.com\\\/site\\\/wp-content\\\/uploads\\\/2026\\\/01\\\/Gibellina-Arte.jpg\",\"contentUrl\":\"https:\\\/\\\/www.turismoitinerante.com\\\/site\\\/wp-content\\\/uploads\\\/2026\\\/01\\\/Gibellina-Arte.jpg\",\"width\":1900,\"height\":1221},{\"@type\":\"BreadcrumbList\",\"@id\":\"https:\\\/\\\/www.turismoitinerante.com\\\/site\\\/gibellina-tp-capitale-italiana-dellarte-contemporanea-2026-al-via-tanti-eventi\\\/#breadcrumb\",\"itemListElement\":[{\"@type\":\"ListItem\",\"position\":1,\"name\":\"Home\",\"item\":\"https:\\\/\\\/www.turismoitinerante.com\\\/site\\\/\"},{\"@type\":\"ListItem\",\"position\":2,\"name\":\"Gibellina (TP) &#8211; Capitale Italiana dell\u2019Arte Contemporanea 2026: al via tanti eventi\"}]},{\"@type\":\"WebSite\",\"@id\":\"https:\\\/\\\/www.turismoitinerante.com\\\/site\\\/#website\",\"url\":\"https:\\\/\\\/www.turismoitinerante.com\\\/site\\\/\",\"name\":\"TI - Turismo Itinerante\",\"description\":\"Ritrovarsi su internet per informarsi, per informare. Il portale del turismo itinerante. Una infinit\u00e0 di notizie su camper, itinerari, aree sosta camper, concessionari, campeggi, agriturismo, raduni, sagre, fiere, mostre, associazioni, club, forum, bacheca annunci\",\"potentialAction\":[{\"@type\":\"SearchAction\",\"target\":{\"@type\":\"EntryPoint\",\"urlTemplate\":\"https:\\\/\\\/www.turismoitinerante.com\\\/site\\\/?s={search_term_string}\"},\"query-input\":{\"@type\":\"PropertyValueSpecification\",\"valueRequired\":true,\"valueName\":\"search_term_string\"}}],\"inLanguage\":\"it-IT\"},{\"@type\":\"Person\",\"@id\":\"https:\\\/\\\/www.turismoitinerante.com\\\/site\\\/#\\\/schema\\\/person\\\/1e1238d2d1617438f3682e54bf4d6c05\",\"name\":\"admin\",\"image\":{\"@type\":\"ImageObject\",\"inLanguage\":\"it-IT\",\"@id\":\"https:\\\/\\\/secure.gravatar.com\\\/avatar\\\/9102d8c23b35e2809b07ebc42ce126daa3d6a47cce9878a22d14d9852ade629e?s=96&d=mm&r=g\",\"url\":\"https:\\\/\\\/secure.gravatar.com\\\/avatar\\\/9102d8c23b35e2809b07ebc42ce126daa3d6a47cce9878a22d14d9852ade629e?s=96&d=mm&r=g\",\"contentUrl\":\"https:\\\/\\\/secure.gravatar.com\\\/avatar\\\/9102d8c23b35e2809b07ebc42ce126daa3d6a47cce9878a22d14d9852ade629e?s=96&d=mm&r=g\",\"caption\":\"admin\"},\"url\":\"https:\\\/\\\/www.turismoitinerante.com\\\/site\\\/author\\\/admin\\\/\"}]}<\/script>\n<!-- \/ Yoast SEO plugin. -->","yoast_head_json":{"title":"Gibellina (TP) - Capitale Italiana dell\u2019Arte Contemporanea 2026: al via tanti eventi","description":"Per tutto il 2026 la citt\u00e0 sar\u00e0 animata da un articolato calendario di mostre, eventi e attivit\u00e0 incentrati sull\u2019arte e sulla cultura","robots":{"index":"index","follow":"follow","max-snippet":"max-snippet:-1","max-image-preview":"max-image-preview:large","max-video-preview":"max-video-preview:-1"},"canonical":"https:\/\/www.turismoitinerante.com\/site\/gibellina-tp-capitale-italiana-dellarte-contemporanea-2026-al-via-tanti-eventi\/","og_locale":"it_IT","og_type":"article","og_title":"Gibellina (TP) - Capitale Italiana dell\u2019Arte Contemporanea 2026: al via tanti eventi","og_description":"Per tutto il 2026 la citt\u00e0 sar\u00e0 animata da un articolato calendario di mostre, eventi e attivit\u00e0 incentrati sull\u2019arte e sulla cultura","og_url":"https:\/\/www.turismoitinerante.com\/site\/gibellina-tp-capitale-italiana-dellarte-contemporanea-2026-al-via-tanti-eventi\/","og_site_name":"TI - Turismo Itinerante","article_published_time":"2026-01-08T10:57:21+00:00","og_image":[{"width":1900,"height":1221,"url":"https:\/\/www.turismoitinerante.com\/site\/wp-content\/uploads\/2026\/01\/Gibellina-Arte.jpg","type":"image\/jpeg"}],"author":"admin","twitter_card":"summary_large_image","twitter_misc":{"Scritto da":"admin","Tempo di lettura stimato":"4 minuti"},"schema":{"@context":"https:\/\/schema.org","@graph":[{"@type":"Article","@id":"https:\/\/www.turismoitinerante.com\/site\/gibellina-tp-capitale-italiana-dellarte-contemporanea-2026-al-via-tanti-eventi\/#article","isPartOf":{"@id":"https:\/\/www.turismoitinerante.com\/site\/gibellina-tp-capitale-italiana-dellarte-contemporanea-2026-al-via-tanti-eventi\/"},"author":{"name":"admin","@id":"https:\/\/www.turismoitinerante.com\/site\/#\/schema\/person\/1e1238d2d1617438f3682e54bf4d6c05"},"headline":"Gibellina (TP) &#8211; Capitale Italiana dell\u2019Arte Contemporanea 2026: al via tanti eventi","datePublished":"2026-01-08T10:57:21+00:00","mainEntityOfPage":{"@id":"https:\/\/www.turismoitinerante.com\/site\/gibellina-tp-capitale-italiana-dellarte-contemporanea-2026-al-via-tanti-eventi\/"},"wordCount":584,"image":{"@id":"https:\/\/www.turismoitinerante.com\/site\/gibellina-tp-capitale-italiana-dellarte-contemporanea-2026-al-via-tanti-eventi\/#primaryimage"},"thumbnailUrl":"https:\/\/www.turismoitinerante.com\/site\/wp-content\/uploads\/2026\/01\/Gibellina-Arte.jpg","keywords":["Capitale Italiana dell\u2019Arte Contemporanea","Gibellina","Sicilia","Trapani"],"articleSection":["Turismo"],"inLanguage":"it-IT"},{"@type":"WebPage","@id":"https:\/\/www.turismoitinerante.com\/site\/gibellina-tp-capitale-italiana-dellarte-contemporanea-2026-al-via-tanti-eventi\/","url":"https:\/\/www.turismoitinerante.com\/site\/gibellina-tp-capitale-italiana-dellarte-contemporanea-2026-al-via-tanti-eventi\/","name":"Gibellina (TP) - Capitale Italiana dell\u2019Arte Contemporanea 2026: al via tanti eventi","isPartOf":{"@id":"https:\/\/www.turismoitinerante.com\/site\/#website"},"primaryImageOfPage":{"@id":"https:\/\/www.turismoitinerante.com\/site\/gibellina-tp-capitale-italiana-dellarte-contemporanea-2026-al-via-tanti-eventi\/#primaryimage"},"image":{"@id":"https:\/\/www.turismoitinerante.com\/site\/gibellina-tp-capitale-italiana-dellarte-contemporanea-2026-al-via-tanti-eventi\/#primaryimage"},"thumbnailUrl":"https:\/\/www.turismoitinerante.com\/site\/wp-content\/uploads\/2026\/01\/Gibellina-Arte.jpg","datePublished":"2026-01-08T10:57:21+00:00","author":{"@id":"https:\/\/www.turismoitinerante.com\/site\/#\/schema\/person\/1e1238d2d1617438f3682e54bf4d6c05"},"description":"Per tutto il 2026 la citt\u00e0 sar\u00e0 animata da un articolato calendario di mostre, eventi e attivit\u00e0 incentrati sull\u2019arte e sulla cultura","breadcrumb":{"@id":"https:\/\/www.turismoitinerante.com\/site\/gibellina-tp-capitale-italiana-dellarte-contemporanea-2026-al-via-tanti-eventi\/#breadcrumb"},"inLanguage":"it-IT","potentialAction":[{"@type":"ReadAction","target":["https:\/\/www.turismoitinerante.com\/site\/gibellina-tp-capitale-italiana-dellarte-contemporanea-2026-al-via-tanti-eventi\/"]}]},{"@type":"ImageObject","inLanguage":"it-IT","@id":"https:\/\/www.turismoitinerante.com\/site\/gibellina-tp-capitale-italiana-dellarte-contemporanea-2026-al-via-tanti-eventi\/#primaryimage","url":"https:\/\/www.turismoitinerante.com\/site\/wp-content\/uploads\/2026\/01\/Gibellina-Arte.jpg","contentUrl":"https:\/\/www.turismoitinerante.com\/site\/wp-content\/uploads\/2026\/01\/Gibellina-Arte.jpg","width":1900,"height":1221},{"@type":"BreadcrumbList","@id":"https:\/\/www.turismoitinerante.com\/site\/gibellina-tp-capitale-italiana-dellarte-contemporanea-2026-al-via-tanti-eventi\/#breadcrumb","itemListElement":[{"@type":"ListItem","position":1,"name":"Home","item":"https:\/\/www.turismoitinerante.com\/site\/"},{"@type":"ListItem","position":2,"name":"Gibellina (TP) &#8211; Capitale Italiana dell\u2019Arte Contemporanea 2026: al via tanti eventi"}]},{"@type":"WebSite","@id":"https:\/\/www.turismoitinerante.com\/site\/#website","url":"https:\/\/www.turismoitinerante.com\/site\/","name":"TI - Turismo Itinerante","description":"Ritrovarsi su internet per informarsi, per informare. Il portale del turismo itinerante. Una infinit\u00e0 di notizie su camper, itinerari, aree sosta camper, concessionari, campeggi, agriturismo, raduni, sagre, fiere, mostre, associazioni, club, forum, bacheca annunci","potentialAction":[{"@type":"SearchAction","target":{"@type":"EntryPoint","urlTemplate":"https:\/\/www.turismoitinerante.com\/site\/?s={search_term_string}"},"query-input":{"@type":"PropertyValueSpecification","valueRequired":true,"valueName":"search_term_string"}}],"inLanguage":"it-IT"},{"@type":"Person","@id":"https:\/\/www.turismoitinerante.com\/site\/#\/schema\/person\/1e1238d2d1617438f3682e54bf4d6c05","name":"admin","image":{"@type":"ImageObject","inLanguage":"it-IT","@id":"https:\/\/secure.gravatar.com\/avatar\/9102d8c23b35e2809b07ebc42ce126daa3d6a47cce9878a22d14d9852ade629e?s=96&d=mm&r=g","url":"https:\/\/secure.gravatar.com\/avatar\/9102d8c23b35e2809b07ebc42ce126daa3d6a47cce9878a22d14d9852ade629e?s=96&d=mm&r=g","contentUrl":"https:\/\/secure.gravatar.com\/avatar\/9102d8c23b35e2809b07ebc42ce126daa3d6a47cce9878a22d14d9852ade629e?s=96&d=mm&r=g","caption":"admin"},"url":"https:\/\/www.turismoitinerante.com\/site\/author\/admin\/"}]}},"_links":{"self":[{"href":"https:\/\/www.turismoitinerante.com\/site\/wp-json\/wp\/v2\/posts\/69887","targetHints":{"allow":["GET"]}}],"collection":[{"href":"https:\/\/www.turismoitinerante.com\/site\/wp-json\/wp\/v2\/posts"}],"about":[{"href":"https:\/\/www.turismoitinerante.com\/site\/wp-json\/wp\/v2\/types\/post"}],"author":[{"embeddable":true,"href":"https:\/\/www.turismoitinerante.com\/site\/wp-json\/wp\/v2\/users\/1"}],"replies":[{"embeddable":true,"href":"https:\/\/www.turismoitinerante.com\/site\/wp-json\/wp\/v2\/comments?post=69887"}],"version-history":[{"count":2,"href":"https:\/\/www.turismoitinerante.com\/site\/wp-json\/wp\/v2\/posts\/69887\/revisions"}],"predecessor-version":[{"id":69890,"href":"https:\/\/www.turismoitinerante.com\/site\/wp-json\/wp\/v2\/posts\/69887\/revisions\/69890"}],"wp:featuredmedia":[{"embeddable":true,"href":"https:\/\/www.turismoitinerante.com\/site\/wp-json\/wp\/v2\/media\/69888"}],"wp:attachment":[{"href":"https:\/\/www.turismoitinerante.com\/site\/wp-json\/wp\/v2\/media?parent=69887"}],"wp:term":[{"taxonomy":"category","embeddable":true,"href":"https:\/\/www.turismoitinerante.com\/site\/wp-json\/wp\/v2\/categories?post=69887"},{"taxonomy":"post_tag","embeddable":true,"href":"https:\/\/www.turismoitinerante.com\/site\/wp-json\/wp\/v2\/tags?post=69887"}],"curies":[{"name":"wp","href":"https:\/\/api.w.org\/{rel}","templated":true}]}}