{"id":68888,"date":"2025-10-24T11:14:07","date_gmt":"2025-10-24T10:14:07","guid":{"rendered":"https:\/\/www.turismoitinerante.com\/site\/?p=68888"},"modified":"2025-10-24T11:14:07","modified_gmt":"2025-10-24T10:14:07","slug":"i-migliori-eventi-da-non-perdere-nel-fine-settimana-di-halloween","status":"publish","type":"post","link":"https:\/\/www.turismoitinerante.com\/site\/i-migliori-eventi-da-non-perdere-nel-fine-settimana-di-halloween\/","title":{"rendered":"I migliori eventi da non perdere nel fine settimana di Halloween"},"content":{"rendered":"<p>Abbiamo selezionato per voi <strong>i<\/strong> <strong><span class=\"google-anno-t\">migliori eventi<\/span> da non perdere nel fine settimana di Halloween <\/strong>in giro per l\u2019Italia! Scegliete il vostro preferito! Viaggiate in sicurezza con il vostro <span class=\"google-anno-t\">camper<\/span> con la <a href=\"https:\/\/www.assicurazionecamperdorazio.it\/Promo.aspx?Promo=TurismoItinerante\" target=\"_blank\" rel=\"noopener\"><strong>\u201cPolizza degli Amici di Turismo Itinerante\u201d<\/strong><\/a> in convenzione con la D\u2019Orazio Assicurazioni.<\/p>\n<p>&nbsp;<\/p>\n<p><a href=\"https:\/\/www.turismoitinerante.com\/site\/dal-1-al-3-novembre-la-ventesima-edizione-di-golosaria-milano\/\" target=\"_blank\" rel=\"noopener\"><strong>Dal 1\u00b0 al 3 novembre la ventesima edizione di Golosaria Milano<\/strong><\/a><\/p>\n<p>Sar\u00e0 il Gusto della Contemporaneit\u00e0 il tema della 20esima edizione di Golosaria Milano in programma a Fiera Milano Rho (padiglione 1) da sabato 1\u00b0 a luned\u00ec 3 novembre 2025. La crescita della manifestazione in un arco di tempo di quattro lustri vedr\u00e0 dunque una celebrazione speciale quest\u2019anno, con centinaia di espositori Food&amp;Wine provenienti da tutta Italia e un ricco calendario di masterclass dedicate ai vini, di laboratori del gusto e show-cooking. \u201cL\u2019unicit\u00e0 di Golosaria \u00e8 la scoperta di chi ha saputo innovare, partendo una intuizione per cui quest\u2019anno, da scoprire, saranno soprattutto i piccoli produttori che, puntando sulla tradizione, sono diventati contemporanei\u201d, spiega il fondatore e organizzatore Paolo Massobrio.<\/p>\n<p>Nello spazio Agor\u00e0, cuore della fiera che si estende su 17mila metri quadrati, sfileranno mille ristoratori e cuochi per la presentazione della guida IlGolosario Ristoranti 2026, ma anche le migliori botteghe d\u2019Italia recensite sul libro ammiraglio IlGolosario e i 10 Comuni d\u2019Italia virtuosi scelti da Golosaria e Comieco nel segno del gusto e della sostenibilit\u00e0. Paolo Massobrio nel giorno di apertura porter\u00e0 sul palco anche i campioni de Il Golosario, ovvero le aziende che meglio hanno interpretato il tema di quest\u2019anno, mentre con il collega Marco Gatti si andr\u00e0 alla proclamazione dei 100 vini migliori d\u2019Italia, 24esima edizione, da assaggiare fra i produttori dell\u2019area Wine e nella grande Enoteca di Golosaria.<\/p>\n<p><img decoding=\"async\" class=\"alignnone size-large wp-image-68877\" src=\"https:\/\/www.turismoitinerante.com\/site\/wp-content\/uploads\/2025\/10\/Golosaria-1-1024x683.jpg\" alt=\"\" width=\"1024\" height=\"683\" srcset=\"https:\/\/www.turismoitinerante.com\/site\/wp-content\/uploads\/2025\/10\/Golosaria-1-1024x683.jpg 1024w, https:\/\/www.turismoitinerante.com\/site\/wp-content\/uploads\/2025\/10\/Golosaria-1-300x200.jpg 300w, https:\/\/www.turismoitinerante.com\/site\/wp-content\/uploads\/2025\/10\/Golosaria-1-768x512.jpg 768w, https:\/\/www.turismoitinerante.com\/site\/wp-content\/uploads\/2025\/10\/Golosaria-1-1536x1025.jpg 1536w, https:\/\/www.turismoitinerante.com\/site\/wp-content\/uploads\/2025\/10\/Golosaria-1-2048x1366.jpg 2048w, https:\/\/www.turismoitinerante.com\/site\/wp-content\/uploads\/2025\/10\/Golosaria-1-750x500.jpg 750w, https:\/\/www.turismoitinerante.com\/site\/wp-content\/uploads\/2025\/10\/Golosaria-1-1140x760.jpg 1140w\" sizes=\"(max-width: 1024px) 100vw, 1024px\" \/><\/p>\n<p>&nbsp;<\/p>\n<p><a href=\"https:\/\/www.turismoitinerante.com\/site\/halloween-a-carmagnola-to-il-25-e-il-31-ottobre-con-laboratori-spettacoli-e-cene-mostruose\/\" target=\"_blank\" rel=\"noopener\"><strong>Halloween a Carmagnola (TO) il 25 e il 31 ottobre con laboratori, spettacoli e cene mostruose<\/strong><\/a><\/p>\n<p>Torna a Carmagnola \u201cQuesto \u00e8 Halloween\u201d, manifestazione di successo molto attesa da famiglie e bambini, che colora di magia, mistero e divertimento il centro storico cittadino.<\/p>\n<p>Protagonista tematico di quest\u2019anno \u00e8 il corvo, uccello da sempre associato a superstizioni e misteri, ma anche simbolo di intelligenza e prezioso alleato dell\u2019equilibrio ambientale, che la manifestazione intende rivalutare, soprattutto agli occhi dei bambini, come importante protagonista dell\u2019ecosistema e della natura che ci circonda.<\/p>\n<p>Questa 11\u00aa edizione si sviluppa in due giornate ricche di appuntamenti.<br \/>\nSabato 25 ottobre, con una speciale anteprima tra laboratori creativi, giochi, presentazioni di libri e uno speciale Tour delle Tenebre con teatro e degustazioni nel centro cittadino.<br \/>\nVenerd\u00ec 31 ottobre, con un articolato programma pomeridiano e serale che spazia dai laboratori alle merende paurose e alle cene mostruose, fino alla tradizionale \u201cParata in Notturna\u201d e al grande spettacolo conclusivo di danza e teatro \u201cHalloween Nightmare\u201d.<\/p>\n<p><img decoding=\"async\" class=\"alignnone size-large wp-image-68860\" src=\"https:\/\/www.turismoitinerante.com\/site\/wp-content\/uploads\/2025\/10\/Halloween-Carmagnola-2023-4-1024x577.jpg\" alt=\"\" width=\"1024\" height=\"577\" srcset=\"https:\/\/www.turismoitinerante.com\/site\/wp-content\/uploads\/2025\/10\/Halloween-Carmagnola-2023-4-1024x577.jpg 1024w, https:\/\/www.turismoitinerante.com\/site\/wp-content\/uploads\/2025\/10\/Halloween-Carmagnola-2023-4-300x169.jpg 300w, https:\/\/www.turismoitinerante.com\/site\/wp-content\/uploads\/2025\/10\/Halloween-Carmagnola-2023-4-768x432.jpg 768w, https:\/\/www.turismoitinerante.com\/site\/wp-content\/uploads\/2025\/10\/Halloween-Carmagnola-2023-4-1536x865.jpg 1536w, https:\/\/www.turismoitinerante.com\/site\/wp-content\/uploads\/2025\/10\/Halloween-Carmagnola-2023-4-2048x1153.jpg 2048w, https:\/\/www.turismoitinerante.com\/site\/wp-content\/uploads\/2025\/10\/Halloween-Carmagnola-2023-4-750x422.jpg 750w, https:\/\/www.turismoitinerante.com\/site\/wp-content\/uploads\/2025\/10\/Halloween-Carmagnola-2023-4-1140x642.jpg 1140w\" sizes=\"(max-width: 1024px) 100vw, 1024px\" \/><\/p>\n<p>&nbsp;<\/p>\n<p><a href=\"https:\/\/www.turismoitinerante.com\/site\/ferrara-food-festival-gusto-incontra-cultura-e-spettacolo\/\" target=\"_blank\" rel=\"noopener\"><strong>Ferrara Food Festival: dal 31 ottobre al 2 novembre il gusto incontra cultura e spettacolo<\/strong><\/a><\/p>\n<p>Un\u2019immersione totale nelle eccellenze enogastronomiche ferraresi, con un ricco calendario di appuntamenti che trasformeranno il cuore storico di Ferrara. \u00c8 quanto promesso dalla quinta edizione del Ferrara Food Festival, che si prepara a incantare la citt\u00e0 estense dal 31 ottobre al 2 novembre 2025. Organizzato da SGP Grandi Eventi e dall\u2019Associazione Strada dei Vini e dei Sapori della Provincia di Ferrara e con il patrocinio e la collaborazione fattiva del Comune di Ferrara e della Camera di Commercio di Ferrara, il festival \u00e8 un\u2019autentica celebrazione della ricchezza del territorio.<\/p>\n<p>Il festival si distingue per un format originale, unendo il meglio delle eccellenze enogastronomiche locale con una selezione raffinata di specialit\u00e0 da altre regioni italiane. Piazza Trento Trieste offrir\u00e0 il meglio della produzione tipica ferrarese, mentre le affascinanti Piazze Castello e Savonarola accoglieranno le migliori proposte tipiche nazionali. L\u2019area eventi di Piazza Municipale ospiter\u00e0 show cooking con chef di locali e nazionali, disfide gastronomiche, degustazioni guidate e masterclass, tutti appuntamenti gratuiti dedicati a visitatori e appassionati, oltre a premiazioni, firmacopie e grandi ospiti. Per tre giorni, il centro storico di Ferrara sar\u00e0 animato da un ricco programma di appuntamenti, tra spettacoli itineranti, rivisitazioni storiche e performance musicali. Non mancheranno momenti informativi e culturali come mostre, convegni e laboratori didattici, che permetteranno di scoprire le bellezze artistiche e architettoniche del capoluogo emiliano.<\/p>\n<p><img decoding=\"async\" class=\"alignnone size-large wp-image-68843\" src=\"https:\/\/www.turismoitinerante.com\/site\/wp-content\/uploads\/2025\/10\/ferrara-food-festival-2-1024x683.jpg\" alt=\"\" width=\"1024\" height=\"683\" srcset=\"https:\/\/www.turismoitinerante.com\/site\/wp-content\/uploads\/2025\/10\/ferrara-food-festival-2-1024x683.jpg 1024w, https:\/\/www.turismoitinerante.com\/site\/wp-content\/uploads\/2025\/10\/ferrara-food-festival-2-300x200.jpg 300w, https:\/\/www.turismoitinerante.com\/site\/wp-content\/uploads\/2025\/10\/ferrara-food-festival-2-768x512.jpg 768w, https:\/\/www.turismoitinerante.com\/site\/wp-content\/uploads\/2025\/10\/ferrara-food-festival-2-1536x1024.jpg 1536w, https:\/\/www.turismoitinerante.com\/site\/wp-content\/uploads\/2025\/10\/ferrara-food-festival-2-2048x1365.jpg 2048w, https:\/\/www.turismoitinerante.com\/site\/wp-content\/uploads\/2025\/10\/ferrara-food-festival-2-750x500.jpg 750w, https:\/\/www.turismoitinerante.com\/site\/wp-content\/uploads\/2025\/10\/ferrara-food-festival-2-1140x760.jpg 1140w\" sizes=\"(max-width: 1024px) 100vw, 1024px\" \/><\/p>\n<p>&nbsp;<\/p>\n<p><a href=\"http:\/\/www.sagrasancarlo.it\" target=\"_blank\" rel=\"noopener\"><strong>Dal 31 ottobre al 2 novembre a San Carlo (FE) torna la Sagra della Zucca e del suo Cappellaccio Ferrarese IGP Sapori d\u2019Autunno<\/strong><\/a><\/p>\n<p>Dal 31 ottobre al 2 novembre a San Carlo, in provincia di Ferrara, torna la Sagra della Zucca e del Cappellaccio Ferrarese IGP. Tre giorni per gustare i migliori piatti a base di zucca, tra tradizione e sapori autentici, per l\u2019edizione autunnale, con i suoi \u2018Sapori d\u2019autunno e profumo di tartufo\u2019 ricchi e odorosi di stagione.<br \/>\nCappellacci di zucca alla ferrarese IGP al tartufo (stracchino e tartufo)<br \/>\nI protagonisti della festa saranno i Tortellini della nonna (al tartufo), le Crespelle zucca e porcini con tartufo e il Tortino di zucca alle erbette con tartufo.<br \/>\nE ancora: Spatzle di zucca Sapori d\u2019Autunno, Salama da sugo con pur\u00e8, Baccal\u00e0 alla vicentina con polenta e Somarino con polenta.<br \/>\nInsomma, non solo cappellacci!<br \/>\nIl 31 ottobre festeggiamo insieme Halloween, con la strega e tante sorprese per grandi e bambini!<br \/>\nTi aspettiamo a San Carlo (FE), dal 31 ottobre al 2 novembre, tutti i giorni sia a pranzo che a cena alla Sagra della Zucca e del Cappellaccio Ferrarese IGP!<br \/>\nInfo e prenotazioni sagrasancarlo.it<\/p>\n<p><img decoding=\"async\" class=\"alignnone size-full wp-image-68889\" src=\"https:\/\/www.turismoitinerante.com\/site\/wp-content\/uploads\/2025\/10\/Ferrara-eventi-2.jpg\" alt=\"\" width=\"1020\" height=\"362\" srcset=\"https:\/\/www.turismoitinerante.com\/site\/wp-content\/uploads\/2025\/10\/Ferrara-eventi-2.jpg 1020w, https:\/\/www.turismoitinerante.com\/site\/wp-content\/uploads\/2025\/10\/Ferrara-eventi-2-300x106.jpg 300w, https:\/\/www.turismoitinerante.com\/site\/wp-content\/uploads\/2025\/10\/Ferrara-eventi-2-768x273.jpg 768w, https:\/\/www.turismoitinerante.com\/site\/wp-content\/uploads\/2025\/10\/Ferrara-eventi-2-750x266.jpg 750w\" sizes=\"(max-width: 1020px) 100vw, 1020px\" \/><\/p>\n<p>&nbsp;<\/p>\n<p><a href=\"https:\/\/www.turismoitinerante.com\/site\/modena-torna-sciocola-il-festival-del-cioccolato-artigianale\/\" target=\"_blank\" rel=\"noopener\"><strong>Dal 30 ottobre al 2 novembre a Modena torna Sciocol\u00e0, il Festival del Cioccolato Artigianale<\/strong><\/a><\/p>\n<p>Il Cuore di Modena \u2013Via Emilia Centro, Corso Duomo, Piazza Matteotti, Piazza Grande, Piazza Mazzini e Piazza Torre \u2013 si animer\u00e0 offrendo sfondi perfetti per scatti memorabili e momenti di puro divertimento. Piazza Grande, Patrimonio UNESCO, con la sua maestosa Ghirlandina far\u00e0 da cornice a questo imperdibile connubio di dolcezza e fantasia.<\/p>\n<p>Anche per l\u2019edizione 2025 il programma \u00e8 ricchissimo, tra showcooking che sveleranno i segreti dei maestri, degustazioni guidate per esplorare le mille declinazioni del cioccolato (dal fondente all\u2019aromatizzato, dal gluten-free al piccante), e incontri tematici che percorreranno il legame tra cibo e arte. Ci saranno anche laboratori per bambini e adolescenti dove potranno sperimentare l\u2019arte del cioccolato e magari disegnare il loro primo fumetto, musica, spettacoli itineranti e tanto altro.<\/p>\n<p>Sciocol\u00e0 2025 celebrer\u00e0 l\u2019eccellenza con i suoi riconoscimenti speciali: lo Sciocol\u00e0 d\u2019Oro, lo Sciocol\u00e0 Rosa, il premio dedicato a grandi personaggi del mondo della Pasticceria, il premio dedicato ai progetti di inclusione sociale, il Premio Artistico 2025, incontri con molti Artisti del Fumetto. Saranno occasioni per onorare coloro che, con la loro maestria e dedizione, contribuiscono a valorizzare il territorio Emiliano e le sue eccellenze.<\/p>\n<p><img decoding=\"async\" class=\"alignnone size-large wp-image-68853\" src=\"https:\/\/www.turismoitinerante.com\/site\/wp-content\/uploads\/2025\/10\/sciocola-Mondena-2025-1-1024x684.jpg\" alt=\"\" width=\"1024\" height=\"684\" srcset=\"https:\/\/www.turismoitinerante.com\/site\/wp-content\/uploads\/2025\/10\/sciocola-Mondena-2025-1-1024x684.jpg 1024w, https:\/\/www.turismoitinerante.com\/site\/wp-content\/uploads\/2025\/10\/sciocola-Mondena-2025-1-300x200.jpg 300w, https:\/\/www.turismoitinerante.com\/site\/wp-content\/uploads\/2025\/10\/sciocola-Mondena-2025-1-768x513.jpg 768w, https:\/\/www.turismoitinerante.com\/site\/wp-content\/uploads\/2025\/10\/sciocola-Mondena-2025-1-1536x1025.jpg 1536w, https:\/\/www.turismoitinerante.com\/site\/wp-content\/uploads\/2025\/10\/sciocola-Mondena-2025-1-2048x1367.jpg 2048w, https:\/\/www.turismoitinerante.com\/site\/wp-content\/uploads\/2025\/10\/sciocola-Mondena-2025-1-750x501.jpg 750w, https:\/\/www.turismoitinerante.com\/site\/wp-content\/uploads\/2025\/10\/sciocola-Mondena-2025-1-1140x761.jpg 1140w\" sizes=\"(max-width: 1024px) 100vw, 1024px\" \/><\/p>\n<p>&nbsp;<\/p>\n<p><a href=\"https:\/\/www.franceodeon.com\/\" target=\"_blank\" rel=\"noopener\"><strong>Dal 30 ottobre al 2 novembre il Festival del cinema francese a Firenze<\/strong><\/a><\/p>\n<p>Dal 30 ottobre al 2 novembre 2025 torna France Odeon, il festival del cinema francese di Firenze, giunto alla XVII edizione e ormai punto di riferimento nel dialogo culturale tra Italia e Francia. Con una pre-apertura il 29 ottobre, France Odeon si conferma tassello imprescindibile dei 50 giorni di cinema internazionale a Firenze, con una selezione di film, incontri e ospiti di prestigio che animeranno gli spazi del Cinema La Compagnia, in collaborazione con l\u2019Institut Fran\u00e7ais di Firenze.<\/p>\n<p>L\u2019edizione 2025 celebra anche i 40 anni di cinema francese a Firenze: un percorso iniziato con France Cin\u00e9ma e proseguito, da diciassette anni, con France Odeon, che ne ha raccolto il testimone rinnovandone la visione e consolidandone il prestigio. Un anniversario che testimonia la continuit\u00e0 e la ricchezza di un progetto artistico e culturale capace di evolvere nel tempo.<\/p>\n<p>France Odeon continua a proporre al pubblico italiano anteprime assolute, film premiati nei maggiori festival internazionali e titoli inediti, accanto a incontri con registi, attori, scrittori, intellettuali e momenti di approfondimento come la presentazione di libri e il consueto Convegno, organizzato con l\u2019Associazione Murmuris, divenuto ormai un appuntamento centrale nel confronto tra professionisti e studiosi.<\/p>\n<p><img decoding=\"async\" class=\"alignnone  wp-image-68890 aligncenter\" src=\"https:\/\/www.turismoitinerante.com\/site\/wp-content\/uploads\/2025\/10\/Firenze-eventi.jpg\" alt=\"\" width=\"789\" height=\"435\" srcset=\"https:\/\/www.turismoitinerante.com\/site\/wp-content\/uploads\/2025\/10\/Firenze-eventi.jpg 642w, https:\/\/www.turismoitinerante.com\/site\/wp-content\/uploads\/2025\/10\/Firenze-eventi-300x165.jpg 300w\" sizes=\"(max-width: 789px) 100vw, 789px\" \/><\/p>\n<p>&nbsp;<\/p>\n<p><a href=\"http:\/\/www.comunedimontalcino.it\" target=\"_blank\" rel=\"noopener\"><strong>Dal 31 ottobre al 2 novembre a Montisi (SI) &#8220;Il primo olio e altro ancora&#8221;<\/strong><\/a><\/p>\n<p>Nel piccolissimo borgo medioevale di Montisi fra le Crete senesi e la Val D\u2019Orcia (a 15 km dal casello Valdichiana A1, a 15 Km da Pienza, 20 Km da Montalcino e 25 Km da Montepulciano) si svolger\u00e0 la 25\u00b0 edizione di &#8220;Il primo olio e altro ancora&#8221; nell\u2019ambito della manifestazione &#8220;Andar per frantoi e mercatini&#8221; a cura dell\u2019Associazione Nazionale Citt\u00e0 dell\u2019Olio.<\/p>\n<p>Si tratta di un fine settimana all\u2019insegna della cultura gastronomica dove sar\u00e0 possibile degustare l\u2019olio di nuovissima spremitura di quest\u2019angolo delle crete senesi accompagnato dagli altri prodotti tipici di questa zona (tartufo bianco delle crete senesi e Vino Doc Orcia) nelle sede delle contrade e nei ristoranti. Sar\u00e0 possibile fare visite guidate ai frantoi del paese e fare mini corsi d\u2019assaggio d\u2019olio, vino, miele e formaggi nonch\u00e9 visite alle contrade della Giostra di Simone, al Museo della Compagnia, al Piccolo Teatrino della Grancia recentemente ristrutturato.<\/p>\n<p>Ci saranno mercatini e mostre dell\u2019artigianato antiquariato lungo tutto il borgo e spettacoli itineranti d&#8217;intrattenimento, l&#8217;organizzazione \u00e8 a cura dell\u2019 Associazione Pro Loco Giostra di Simone di Montisi in collaborazione con il Comune di Montalcino.<\/p>\n<p>Per infomazioni: 3338988032<\/p>\n<p><img decoding=\"async\" class=\" wp-image-68891 aligncenter\" src=\"https:\/\/www.turismoitinerante.com\/site\/wp-content\/uploads\/2025\/10\/Montisi-eventi-653x1024.jpg\" alt=\"\" width=\"744\" height=\"1167\" srcset=\"https:\/\/www.turismoitinerante.com\/site\/wp-content\/uploads\/2025\/10\/Montisi-eventi-653x1024.jpg 653w, https:\/\/www.turismoitinerante.com\/site\/wp-content\/uploads\/2025\/10\/Montisi-eventi-191x300.jpg 191w, https:\/\/www.turismoitinerante.com\/site\/wp-content\/uploads\/2025\/10\/Montisi-eventi-768x1204.jpg 768w, https:\/\/www.turismoitinerante.com\/site\/wp-content\/uploads\/2025\/10\/Montisi-eventi-980x1536.jpg 980w, https:\/\/www.turismoitinerante.com\/site\/wp-content\/uploads\/2025\/10\/Montisi-eventi-750x1176.jpg 750w, https:\/\/www.turismoitinerante.com\/site\/wp-content\/uploads\/2025\/10\/Montisi-eventi-1140x1788.jpg 1140w, https:\/\/www.turismoitinerante.com\/site\/wp-content\/uploads\/2025\/10\/Montisi-eventi.jpg 1306w\" sizes=\"(max-width: 744px) 100vw, 744px\" \/><\/p>\n<p>&nbsp;<\/p>\n<p><a href=\"https:\/\/acqualagna.com\/fiera-internazionale\/\" target=\"_blank\" rel=\"noopener\"><strong>Dall&#8217;1 e 2 novembre ad Acqualagna (PU) la 60^ Fiera Internazionale del Tartufo Bianco<\/strong><\/a><\/p>\n<p>Presentata la La 60^ 60^ Fiera Internazionale del Tartufo Bianco di Acqualagna (PU): questa edizione ha il cuore in piazza Enrico Mattei, centro del mercato del tartufo fresco e punto di partenza di un itinerario gustosissimo. Raddoppia Risto Tartufo dove gustare in cucina alcuni dei grandi classici della tradizione locale e ricette a base di tartufo bianco. Nasce Truffle Bistrot, uno spazio raffinato dove assaggiare la cucina di qualit\u00e0 a cura dello chef Samuele Ferri. La Piazza del Gusto (parte espositiva) aperto alle tipicit\u00e0 locali, nazionali di eccellenze agroalimentari e di artigianato e International Expo nuovo spazio che ospitera\u0300 produttori da tutto il mondo con le loro specialita\u0300 locali.<\/p>\n<p>Tra i pi\u00f9 importanti appuntamenti c\u2019\u00e8 la Gara Nazionale delle Citt\u00e0 del Tartufo, che si disputer\u00e0 sabato 8 e domenica 9 novembre tra le citt\u00e0 italiane del tartufo e in collaborazione con l\u2019Associazione Nazionale Citt\u00e0 del Tartufo e Pasta Luciana Mosconi. Due giorni di competizione per eleggere il vincitore nella sfida in cucina tra le principali citt\u00e0 testimonial del tartufo in Italia e nel mondo. Presidente di Giuria sar\u00e0 il giornalista Gabriele Principato del Corriere della Sera, si occupa di food per Cook, testata dedicata all\u2019enogastronomia e al lifestyle.<br \/>\nIl Grand Ordine della Ruscella d\u2019Oro assegner\u00e0 il piu\u0300 importante riconoscimento della Capitale del Tartufo a personalita\u0300 nazionali e internazionali che si distinguono per la loro attivita\u0300 nei diversi settori e che con il loro operato hanno contribuito a portare il nome di Acqualagna nel mondo. Per l\u2019edizione 2025 sar\u00e0 premiato Max Mariola chef, cuoco, conduttore televisivo e youtuber romano, noto per il suo stile semplice e popolare, volto di Gambero Rosso Channel e per il suo canale You Tube \u2018Casa Mariola\u2019 (Salotto da gustare \u2013 1\u00b0 novembre, ore 18).<br \/>\nGrandi novit\u00e0 per il Premio Mattei (domenica 23 novembre): il riconoscimento a imprenditori innovativi, assume una dimensione pi\u00f9 importante con l\u2019obiettivo di rafforzare l\u2019identit\u00e0 e l\u2019impatto su scala nazionale e internazionale. Il Premio, nato per rendere tributo alla gloriosa memoria di Enrico Mattei, diviene un grande progetto condiviso con Confindustria Pesaro Urbino, Universit\u00e0 degli Studi di Urbino Carlo Bo, Camera di Commercio Marche, con il sostegno di Confindustria e con Partner Eni, la pi\u00f9 grande impresa italiana fondata da Enrico Mattei. \u201cIl Premio Mattei rappresenta oggi molto pi\u00f9 di un riconoscimento al merito imprenditoriale: \u00e8 un progetto condiviso che mira a valorizzare la cultura dell\u2019innovazione, della sostenibilit\u00e0 e della responsabilit\u00e0 sociale d\u2019impresa, con l\u2019obiettivo di rafforzare il legame tra il territorio e le grandi eccellenze nazionali, creando un ponte concreto tra tradizione e futuro, nel solco dei valori e della visione di Enrico Mattei\u201d ha dichiara in conferenza stampa Andrea Baroni \u2013 Direttore Confindustria Pesaro Urbino.<\/p>\n<p>Tra gli eventi da segnalare: \u2018Culture di vigna tra Alba e Acqualagna, il valore della terra\u2019 il primo forum nazionale dei vini da tartufo (Salotto da gustare &#8211; 2 novembre ore 12 e ore 18). Sabato 15 novembre (ore 12.30) il palcoscenico della cucina del Salotto da gustare ospita lo spettacolo di cucina con chef stellati, televisivi e food blogger di Santa Giustina Bellunese. Due giorni di scambi culturali europei con la visita del sindaco di Sarri\u00f2n, Estefan\u00eda Do\u00f1ate Ad\u00e1n, con una delegazione spagnola, che fa parte della Confraternita gastronomica del Tartufo Nero e la celebrazione ufficiale di questo traguardo oltre confine che si chiuder\u00e0 con il cooking show di Manolo G\u00f3rriz e Pilar Tor\u00e1n, del ristorante Los Leones di Rubielos de Mora (Salotto da gustare &#8211; domenica 16 novembre, ore 12.30). Alle ore 18 cooking sociale con Don Aldo Boaniuto, sacerdote della Comunit\u00e0 Papa Giovanni XXIII, con la ricetta \u2018Le penne del curato\u2019. Parte dell\u2019incasso verr\u00e0 devoluto alla Cooperativa Pace in Terra. Sabato 22 novembre (ore 18) il celebrity cooking show con ospiti d\u2019eccezione: Giancarlo Magalli conduce lo spettacolo in cucina con Tiberio Timperi. Il talk \u2018I Consorzi di Tutela protagonisti verso sistemi alimentari sostenibili\u201d a cura di Aecis, con degustazione guidata sui formaggi Casciotta d\u2019Urbino DOP, Provolone Valpadana DOP, Piave DOP (Salotto da gustare \u2013 22 novembre, ore 12.20). Il Salotto da Gustare briller\u00e0 con alcuni nomi della cucina nazionale ma anche noti volti televisivi e social: Max Mariola (Salotto da gustare \u2013 1\u00b0 novembre, ore 18). Giorgio Barchiesi alias Giorgione, cuoco simpatico di Gambero Rosso, amante della natura e delle materie prime (Salotto da Gustare \u2013 15 novembre, ore 17). Chef Giacomo Devoto, anima della Locanda de Banchieri, stella Michelin, figura carismatica della cucina delle Terre de Luni (Salotto da gustare &#8211; domenica 23, ore 12.30) e gran finale con Davide Oldani (ore 17) chef del ristorante D\u2019O, due stelle Michelin e una stella verde per la sostenibilit\u00e0, noto per la sua \u2018cucina pop\u2019 che coniuga qualit\u00e0 e accessibilit\u00e0.<\/p>\n<p><img decoding=\"async\" class=\"alignnone size-large wp-image-68892\" src=\"https:\/\/www.turismoitinerante.com\/site\/wp-content\/uploads\/2025\/10\/Tartufo-Bianco-di-Acqualagna--1024x849.jpg\" alt=\"\" width=\"1024\" height=\"849\" srcset=\"https:\/\/www.turismoitinerante.com\/site\/wp-content\/uploads\/2025\/10\/Tartufo-Bianco-di-Acqualagna--1024x849.jpg 1024w, https:\/\/www.turismoitinerante.com\/site\/wp-content\/uploads\/2025\/10\/Tartufo-Bianco-di-Acqualagna--300x249.jpg 300w, https:\/\/www.turismoitinerante.com\/site\/wp-content\/uploads\/2025\/10\/Tartufo-Bianco-di-Acqualagna--768x636.jpg 768w, https:\/\/www.turismoitinerante.com\/site\/wp-content\/uploads\/2025\/10\/Tartufo-Bianco-di-Acqualagna--1536x1273.jpg 1536w, https:\/\/www.turismoitinerante.com\/site\/wp-content\/uploads\/2025\/10\/Tartufo-Bianco-di-Acqualagna--2048x1697.jpg 2048w, https:\/\/www.turismoitinerante.com\/site\/wp-content\/uploads\/2025\/10\/Tartufo-Bianco-di-Acqualagna--750x622.jpg 750w, https:\/\/www.turismoitinerante.com\/site\/wp-content\/uploads\/2025\/10\/Tartufo-Bianco-di-Acqualagna--1140x945.jpg 1140w\" sizes=\"(max-width: 1024px) 100vw, 1024px\" \/><\/p>\n<p>&nbsp;<\/p>\n<p><a href=\"http:\/\/www.parcozoofalconara.com\" target=\"_blank\" rel=\"noopener\"><strong>Brividi e divertimento al Parco Zoo di Falconara con la Festa di Halloween<\/strong><\/a><\/p>\n<p>\u00c8 tempo di curiosit\u00e0 e avventura al Parco Zoo Falconara, dove la Caccia alle Zucche, in programma domenica 26 ottobre e nel weekend dell\u20191 e 2 novembre, sar\u00e0 il cuore pulsante della Halloween Edition, l\u2019appuntamento pi\u00f9 atteso dell\u2019autunno pensato per famiglie e bambini.<br \/>\nI posti disponibili sono limitati e per partecipare \u00e8 necessaria la prenotazione sul sito ufficiale della struttura al seguente link: https:\/\/bit.ly\/47c8ehz. Con partenza alle ore 11:00, l\u2019iniziativa coinvolger\u00e0 i piccoli visitatori dai cinque anni in su, in compagnia di un adulto, in un percorso di circa un\u2019ora lungo i sentieri del giardino zoologico.<\/p>\n<p>Una sfida a squadre che metter\u00e0 alla prova intuito, collaborazione e intraprendenza: i partecipanti andranno alla ricerca delle zucche colorate di carta e prepareranno gli arricchimenti destinati agli animali. Il programma prevede anche la possibilit\u00e0 di osservare i keeper durante la distribuzione dei pasti, per conoscere da vicino abitudini e comportamenti delle diverse specie.<br \/>\nUn\u2019esperienza che unisce divertimento, esplorazione e sensibilizzazione ambientale, offrendo un modo originale per vivere la festa pi\u00f9 stregata dell\u2019anno a contatto con la natura.<\/p>\n<p>Per prendere parte all\u2019attivit\u00e0 si richiede un contributo di 5 euro a bambino sopra i 5 anni, destinato al progetto di conservazione dell\u2019okapi, simbolo dell\u2019impegno del Parco per la tutela della biodiversit\u00e0.<br \/>\nNelle stesse date, l\u2019Aia del Contadino accoglier\u00e0 i visitatori con ambientazioni ispirate ad Halloween, tra ragnatele, tunnel misteriosi e piccoli dettagli da brivido, creando un\u2019occasione di svago e coinvolgimento, perfettamente in sintonia con lo spirito della ricorrenza.<\/p>\n<p>Nel pomeriggio, inoltre, spazio al trucca bimbi \u2013 Halloween Edition: ogni domenica, dalle 14:00 alle 16:00, all\u2019Aia del Contadino, pennelli e fantasia trasformeranno i pi\u00f9 piccoli in fantasmi, pipistrelli o altre simpatiche creature a tema.<br \/>\nIl Parco Zoo \u00e8 aperto tutti i giorni, escluso il marted\u00ec: fino al 25 ottobre dalle 10:00 alle 18:30 (ingresso entro le 17:00); dal 26 ottobre al 2 novembre, ultimo giorno di visite prima della chiusura stagionale, dalle 10:00 alle 17:00 (ingresso entro le 15:30).<\/p>\n<p><img decoding=\"async\" class=\"alignnone size-large wp-image-68893\" src=\"https:\/\/www.turismoitinerante.com\/site\/wp-content\/uploads\/2025\/10\/Parco_Zoo_Falconara_Halloween_2025-1024x768.jpeg\" alt=\"\" width=\"1024\" height=\"768\" srcset=\"https:\/\/www.turismoitinerante.com\/site\/wp-content\/uploads\/2025\/10\/Parco_Zoo_Falconara_Halloween_2025-1024x768.jpeg 1024w, https:\/\/www.turismoitinerante.com\/site\/wp-content\/uploads\/2025\/10\/Parco_Zoo_Falconara_Halloween_2025-300x225.jpeg 300w, https:\/\/www.turismoitinerante.com\/site\/wp-content\/uploads\/2025\/10\/Parco_Zoo_Falconara_Halloween_2025-768x576.jpeg 768w, https:\/\/www.turismoitinerante.com\/site\/wp-content\/uploads\/2025\/10\/Parco_Zoo_Falconara_Halloween_2025-1536x1152.jpeg 1536w, https:\/\/www.turismoitinerante.com\/site\/wp-content\/uploads\/2025\/10\/Parco_Zoo_Falconara_Halloween_2025-750x563.jpeg 750w, https:\/\/www.turismoitinerante.com\/site\/wp-content\/uploads\/2025\/10\/Parco_Zoo_Falconara_Halloween_2025-1140x855.jpeg 1140w, https:\/\/www.turismoitinerante.com\/site\/wp-content\/uploads\/2025\/10\/Parco_Zoo_Falconara_Halloween_2025.jpeg 1600w\" sizes=\"(max-width: 1024px) 100vw, 1024px\" \/><\/p>\n<p>&nbsp;<\/p>\n<p><a href=\"http:\/\/www.tipicita.it\" target=\"_blank\" rel=\"noopener\"><strong>A Montedinove (AP) nei giorni 1 e 2 novembre &#8220;Sibillini in Rosa 2025&#8221;<\/strong><\/a><\/p>\n<p>Rosa, biologica e romantica, sempre pi\u00f9 icona di un territorio sano ed affascinante qual \u00e8 l\u2019entroterra piceno! Stiamo parlando della Mela Rosa, che torna protagonista a Montedinove. La quindicesima edizione di Sibillini in Rosa \u00e8 l\u2019indiscussa star del fine settimana di sabato 1 e domenica 2 novembre, un\u2019ottima occasione per un\u2019escursione golosa nel territorio dei Monti Sibillini. Montedinove, infatti, \u00e8 parte del progetto Sibillini Romantici, un circuito che vede protagoniste anche Amandola e Rotella attraverso percorsi, paesaggi e suggestioni che, tra belvederi, meleti, laghi e uliveti accompagnano l\u2019ospite in un reame boscoso e magico, quello che un tempo era incontrastato dominio della misteriosa Sibilla Appenninica.<\/p>\n<p>Sono tante le attivit\u00e0 in programma nel piccolo ed accogliente centro storico dell\u2019Ascolano. Nei due giorni, questo piccolo e suggestivo borgo si veste a festa per celebrare la regina dei Monti Sibillini: la Mela Rosa!<br \/>\nSabato, in mattinata, spazio agli approfondimenti tecnici e scientifici intorno al prezioso frutto di montagna che, oltre ad essere annoverato tra i Presidi Slow Food, sta anche compiendo il processo di certificazione biologica, una caratteristica insita nella natura stessa della mela rosa.<br \/>\nInoltre, fino alla sera di domenica, il centro storico sar\u00e0 popolato da piccoli produttori custodi delle eccellenze locali e, in particolare, della montagna, mentre negli stand gastronomici si potranno assaggiare le pietanze tipiche del territorio, con un\u2019attenzione speciale riservata proprio a lei, la regina\u2026 la Mela Rosa!<\/p>\n<p>Ad animare vicoli e piazzette anche gli artisti di strada con la rassegna \u201cSibillini in arte\u201d e tante iniziative speciali, tra le quali il tradizionale show cooking in programma domenica pomeriggio, nel corso del quale l\u2019Accademia di Tipicit\u00e0 interpreter\u00e0 in versione gourmet alcune delle molteplici potenzialit\u00e0 espressive di questo frutto della natura dalla versatilit\u00e0 ineguagliabile e con tante propriet\u00e0 benefiche per l\u2019organismo umano, grazie all\u2019elevata concentrazione di polifenoli e antiossidanti.<\/p>\n<p>Sibillini in Rosa \u00e8 promossa dal Comune di Montedinove e fa parte del circuito di eventi selezionati dal Grand Tour delle Marche di Tipicit\u00e0 ed ANCI Marche. Il programma della manifestazione e le informazioni su esperienze ed occasioni uniche per scoprire l\u2019anima delle Marche su www.tipicita.it.<\/p>\n<p><img decoding=\"async\" class=\"alignnone size-large wp-image-68894\" src=\"https:\/\/www.turismoitinerante.com\/site\/wp-content\/uploads\/2025\/10\/Montedinove-eventi-1024x683.jpg\" alt=\"\" width=\"1024\" height=\"683\" srcset=\"https:\/\/www.turismoitinerante.com\/site\/wp-content\/uploads\/2025\/10\/Montedinove-eventi-1024x683.jpg 1024w, https:\/\/www.turismoitinerante.com\/site\/wp-content\/uploads\/2025\/10\/Montedinove-eventi-300x200.jpg 300w, https:\/\/www.turismoitinerante.com\/site\/wp-content\/uploads\/2025\/10\/Montedinove-eventi-768x512.jpg 768w, https:\/\/www.turismoitinerante.com\/site\/wp-content\/uploads\/2025\/10\/Montedinove-eventi-750x500.jpg 750w, https:\/\/www.turismoitinerante.com\/site\/wp-content\/uploads\/2025\/10\/Montedinove-eventi.jpg 1080w\" sizes=\"(max-width: 1024px) 100vw, 1024px\" \/><\/p>\n<p>&nbsp;<\/p>\n<p><span style=\"color: #ff0000;\"><strong>Halloween a Tarquinia (VT), magia e divertimento anche per i pi\u00f9 piccoli<\/strong><\/span><\/p>\n<p>Tarquinia si prepara a vivere Halloween all\u2019insegna della fantasia, della musica e del brivido. Venerd\u00ec 31 ottobre 2025, la citt\u00e0 etrusca si vestir\u00e0 di mistero e allegria per accogliere bambini, famiglie e appassionati delle emozioni forti in una giornata ricca di eventi.<\/p>\n<p>\u201cFacciamo Baccano!\u201d, aspettando \u201cLe vie dell\u2019Horror\u201d<br \/>\nMaschere, costumi e voglia di divertirsi saranno gli ingredienti principali di \u201cFacciamo Baccano!\u201d, il coloratissimo percorso animato dedicato soprattutto ai pi\u00f9 piccoli. L\u2019appuntamento \u00e8 alle 16:30 in viale Bruschi Falgari: da l\u00ec partir\u00e0 un vivace corteo che attraverser\u00e0 via Giuseppe Garibaldi e corso Vittorio Emanuele, fino a piazza Cavour, dove si terr\u00e0 la super festa di Halloween, con animazione, musica e truccabimbi, a cura di Konsu Animazione.<\/p>\n<p>\u201cLe vie dell\u2019horror\u201d<br \/>\nTra archi, torri, chiese e antichi palazzi, dalle 17,30 alle 20,30, prender\u00e0 vita \u201cLe Vie dell\u2019Horror\u201d, un percorso immersivo tra scenografie spettacolari, effetti speciali e ambientazioni da brivido. Si entrer\u00e0 da via Giuseppe Mazzini, per proseguire in via della Cateratta, via dei Granari, via del Duomo, vicolo e piazza Soderini, via Giacomo Setaccioli, piazza Giuseppe Verdi, via dell\u2019Archetto e, infine, via delle Torri. Lungo il cammino, i visitatori incontreranno i pi\u00f9 celebri personaggi dei film horror e mostri terrificanti, tra inseguimenti e improvvisi colpi di scena. Un\u2019esperienza mozzafiato in cui la paura diventa spettacolo e il divertimento si mescola alla suspence. Il costo del biglietto \u00e8 di 5 euro, mentre l\u2019ingresso \u00e8 gratuito per i minori di 14 anni.<\/p>\n<p>Organizzazione e collaborazioni<br \/>\nL\u2019evento \u201cLe Vie dell\u2019Horror\u201d \u00e8 organizzato da un gruppo di volontari tarquiniesi, con il sostegno e contributo del Comune di Tarquinia, in collaborazione con la Pro Loco Tarquinia, il Centro di Aggregazione Giovanile di Tarquinia ed Evensound. L\u2019iniziativa \u00e8 sostenuta anche dal ristorante Bacco Perbacco, dall\u2019Azienda agricola Barucca, dalla Centrale Ortofrutticola di Tarquinia e dai commercianti del centro storico.<\/p>\n<p><img decoding=\"async\" class=\"alignnone size-large wp-image-68895\" src=\"https:\/\/www.turismoitinerante.com\/site\/wp-content\/uploads\/2025\/10\/Locandina-Le-vie-dellhorror-2025-819x1024.jpg\" alt=\"\" width=\"819\" height=\"1024\" srcset=\"https:\/\/www.turismoitinerante.com\/site\/wp-content\/uploads\/2025\/10\/Locandina-Le-vie-dellhorror-2025-819x1024.jpg 819w, https:\/\/www.turismoitinerante.com\/site\/wp-content\/uploads\/2025\/10\/Locandina-Le-vie-dellhorror-2025-240x300.jpg 240w, https:\/\/www.turismoitinerante.com\/site\/wp-content\/uploads\/2025\/10\/Locandina-Le-vie-dellhorror-2025-768x960.jpg 768w, https:\/\/www.turismoitinerante.com\/site\/wp-content\/uploads\/2025\/10\/Locandina-Le-vie-dellhorror-2025-750x938.jpg 750w, https:\/\/www.turismoitinerante.com\/site\/wp-content\/uploads\/2025\/10\/Locandina-Le-vie-dellhorror-2025.jpg 1080w\" sizes=\"(max-width: 819px) 100vw, 819px\" \/><\/p>\n<p>&nbsp;<\/p>\n<p><a href=\"https:\/\/www.facebook.com\/profile.php?id=61568456544063\" target=\"_blank\" rel=\"noopener\"><strong>L&#8217;1 e 2 novembre a Canterano (RM) arriva la festa d&#8217;autunno<\/strong><\/a><\/p>\n<p>Chi dice autunno dice\u2026 castagne! Ma a Canterano non ci si ferma certo l\u00ec: il primo weekend di novembre, sabato 1 e domenica 2, la Festa d\u2019Autunno vi aspetta con un men\u00f9 che \u00e8 tutto un fuoriporta di gusto. Si parte con pane alle castagne e formaggio locale, per poi tuffarsi nei maltagliati con fagioli e granella di castagne DOP. E siccome senza brace non \u00e8 vera festa, ecco arrivare anche loro: gli arrosticini fumanti, pronti a conquistare ogni palato. Immancabili le caldarroste, da gustare rigorosamente con un bicchiere di vino caldo. A chiudere in dolcezza ci penseranno il Mont Blanc, la crostatina al limone e, per i pi\u00f9 coraggiosi, la meringa: una sfida dichiarata a qualsiasi dieta autunnale.<\/p>\n<p>L\u2019autunno \u00e8 la stagione che pi\u00f9 sa sorprendere: il tempo rallenta, le giornate si accorciano, le foglie si accendono di giallo, arancio e rosso. Canterano vi invita a celebrarlo nel modo pi\u00f9 genuino: un borgo sospeso tra i boschi, nella Valle dell\u2019Aniene, a pochi chilometri da Roma, che per due giorni si trasforma in un palcoscenico di sapori e tradizioni. La Festa d\u2019Autunno parte sabato 1 novembre dalle 17 e continua domenica 2 novembre a pranzo, dalle 12 in poi, grazie all\u2019entusiasmo della Pro Loco \u201cnuova di zecca\u201d, pronta a farvi sentire a casa.<\/p>\n<p>Oltre alla tavola, Canterano regala emozioni da cartolina: scorci che si affacciano sul Parco Naturale Regionale dei Monti Simbruini, passeggiate tra le vie silenziose del borgo, il Municipio con le epigrafi romane, la Chiesa di San Mauro custode di antichi manoscritti e dipinti, e le misteriose grotte sotterranee, un tempo rifugio di guerra, oggi custodi di memorie senza tempo. Un fine settimana che unisce la gola alla bellezza, il gusto alla natura. Un fuoriporta d\u2019autunno che sazia occhi, cuore e pancia.<\/p>\n<p><img decoding=\"async\" class=\"size-full wp-image-68896 aligncenter\" src=\"https:\/\/www.turismoitinerante.com\/site\/wp-content\/uploads\/2025\/10\/Canterano-RM-e-festa-d-autunno-\u2013-1_2-nov.png\" alt=\"\" width=\"498\" height=\"711\" srcset=\"https:\/\/www.turismoitinerante.com\/site\/wp-content\/uploads\/2025\/10\/Canterano-RM-e-festa-d-autunno-\u2013-1_2-nov.png 498w, https:\/\/www.turismoitinerante.com\/site\/wp-content\/uploads\/2025\/10\/Canterano-RM-e-festa-d-autunno-\u2013-1_2-nov-210x300.png 210w\" sizes=\"(max-width: 498px) 100vw, 498px\" \/><\/p>\n<p>&nbsp;<\/p>\n<p><a href=\"http:\/\/www.prolocolagopesole.it\" target=\"_blank\" rel=\"noopener\"><strong>Il 31 ottobre, 1 e 2 novembre a Lagopesole (PZ) arriva la 26\u00b0 Sagra della Strazzata<\/strong><\/a><\/p>\n<p>Il borgo di Lagopesole per tre giorni sar\u00e0 animato da artisti di strada, spettacoli, mostre, falconeria, mercatini artigianali e street band.<br \/>\nNegli stand gastronomici piatti locali come il provolone impiccato, il baccal\u00e0 con i peperoni cruschi, i dolci tipici, caldarroste e i vini faranno da cornice alla protagonista indiscussa della Sagra, la mitica Strazzata, la focaccia con il pepe nell\u2019impasto farcita con salumi e formaggi, con frittata e peperoni e con tante altre tipicit\u00e0 gastronomiche lucane e non solo.<\/p>\n<p>\ud835\ude17\ud835\ude19\ud835\ude16\ud835\ude0e\ud835\ude19\ud835\ude08\ud835\ude14\ud835\ude14\ud835\ude08 \ud835\ude17\ud835\ude19\ud835\ude16\ud835\ude1d\ud835\ude1d\ud835\ude10\ud835\ude1a\ud835\ude16\ud835\ude19\ud835\ude10\ud835\ude16<br \/>\n\ud835\udfef\ud835\udfed \ud835\udde2\ud835\ude01\ud835\ude01\ud835\uddfc\ud835\uddef\ud835\uddff\ud835\uddf2 \ud835\udfee\ud835\udfec\ud835\udfee\ud835\udff1<br \/>\nore 17:30 Convegno di apertura<br \/>\nore 18:30 apertura stand nelle vie del borgo<br \/>\nore 20:00 artisti di strada<br \/>\nore 21:00 concerto in piazza con \u201c\ud835\udc6e\ud835\udc73\ud835\udc70 \ud835\udc68\ud835\udc74\ud835\udc68\ud835\udc79\ud835\udc70\ud835\udc74\ud835\udc68\ud835\udc70\u201d<br \/>\n\ud835\udde6\ud835\uddee\ud835\uddef\ud835\uddee\ud835\ude01\ud835\uddfc \ud835\udfed \ud835\udde1\ud835\uddfc\ud835\ude03\ud835\uddf2\ud835\uddfa\ud835\uddef\ud835\uddff\ud835\uddf2 \ud835\udfee\ud835\udfec\ud835\udfee\ud835\udff1<br \/>\nDalle 08:00 alle 13:00 Fiera di tutti i santi in via Giacomo Leopardi<br \/>\nDalle ore 10:00 passeggiate nel Bosco di Federico (Coste Castello) partenza dalla Pro Loco prenotazione obbligatoria tel. 333.8663901<br \/>\nOre 12:00 Apertura stand per le vie del borgo<br \/>\nOre 12:30 Esposizione Falconeria<br \/>\nOre 13:00 Spettacolo musicale in piazza<br \/>\nDalle 16:00 Spettacolo di Falconeria<br \/>\nore 18:30 artisti di strada<br \/>\nore 20:00 Federico Falasca band<br \/>\nore 21:30 concerto in piazza Federico II con \u201c\ud835\ude44 \ud835\ude4f\ud835\ude3c\ud835\ude4d\ud835\ude3c\ud835\ude49\ud835\ude4f\ud835\ude4a\ud835\ude47\ud835\ude3c\ud835\ude4f\ud835\ude44\u201d<br \/>\n\ud835\uddd7\ud835\uddfc\ud835\uddfa\ud835\uddf2\ud835\uddfb\ud835\uddf6\ud835\uddf0\ud835\uddee \ud835\udfee \ud835\udde1\ud835\uddfc\ud835\ude03\ud835\uddf2\ud835\uddfa\ud835\uddef\ud835\uddff\ud835\uddf2 \ud835\udfee\ud835\udfec\ud835\udfee\ud835\udff1<br \/>\nDalle ore 10:00 passeggiata nel Bosco di Federico (Coste Castello) partenza dalla Pro Loco per prenotazioni tel. 333.8663901<br \/>\nore 12:00 apertura stand nelle vie del borgo<br \/>\nore 12:30 Esposizione Falconeria<br \/>\nore 13:00 &#8220;\ud835\udc7a\ud835\udc95\ud835\udc93\ud835\udc82\ud835\udc9b\ud835\udc9b\ud835\udc82\ud835\udc95\ud835\udc82 \ud835\udc8a\ud835\udc8f \ud835\udc7b\ud835\udc82\ud835\udc97\ud835\udc90\ud835\udc8d\ud835\udc82&#8221; pranzo a cura dell&#8217;IIS &#8220;G. Gasparrini&#8221; di Melfi (posti limitati, prenotazione allo +39 333 866 3901)<br \/>\nore 13:00 intrattenimento musicale in piazza Federico II con \u201cDj Andrea Megamix e il sax di Giuseppe Muccilli\u201d<br \/>\nDalle ore 14:30 Passeggiata nel Bosco di Federico II (Coste Castello) partenza dalla Pro Loco per prenotazioni tel. 333.8663901<br \/>\nore 16:00 Spettacolo di Falconeria<br \/>\nore 18:00 street band per le vie del borgo<br \/>\nore 20:30 Spettacolo Musicale finale in PiazzaFederico II \u201c\ud835\udc68\ud835\udc8d\ud835\udc8d \ud835\udc71\ud835\udc82\ud835\udc84\ud835\udc8c&#8217;\ud835\udc94 &#8211; \ud835\udc6c\ud835\udc8d\ud835\udc97\ud835\udc8a\ud835\udc94 \ud835\udc82\ud835\udc8f\ud835\udc85 \ud835\udc70\ud835\udc8f\ud835\udc95\ud835\udc86\ud835\udc93\ud835\udc8f\ud835\udc82\ud835\udc95\ud835\udc8a\ud835\udc90\ud835\udc8f\ud835\udc82\ud835\udc8d \ud835\udc94\ud835\udc90\ud835\udc8f\ud835\udc88\ud835\udc94 \ud835\udc95\ud835\udc93\ud835\udc8a\ud835\udc83\ud835\udc96\ud835\udc95\ud835\udc86\u201d<br \/>\nOrario apertura Castello di Lagopesole:<br \/>\nVenerd\u00ec dalle 9.30 alle 13.30 e dalle 15:30 alle 18:30;<br \/>\nSabato dalle 09:30 alle 13.30 e dalle 15:30 alle 22:30;<br \/>\nDomenica dalle ore 09:30 alle ore 19:30<br \/>\nParcheggio zona PIP Castel Lagopesole<br \/>\nServizio Navetta per tutti e tre i giorni dalle ore 18.00<br \/>\nPer info 097186251 &#8211; 3338663901 info@prolocolagopesole.it<\/p>\n<p><img decoding=\"async\" class=\"alignnone size-large wp-image-68897\" src=\"https:\/\/www.turismoitinerante.com\/site\/wp-content\/uploads\/2025\/10\/Lagopesole-eventi-1024x1024.jpg\" alt=\"\" width=\"1024\" height=\"1024\" srcset=\"https:\/\/www.turismoitinerante.com\/site\/wp-content\/uploads\/2025\/10\/Lagopesole-eventi-1024x1024.jpg 1024w, https:\/\/www.turismoitinerante.com\/site\/wp-content\/uploads\/2025\/10\/Lagopesole-eventi-300x300.jpg 300w, https:\/\/www.turismoitinerante.com\/site\/wp-content\/uploads\/2025\/10\/Lagopesole-eventi-150x150.jpg 150w, https:\/\/www.turismoitinerante.com\/site\/wp-content\/uploads\/2025\/10\/Lagopesole-eventi-768x768.jpg 768w, https:\/\/www.turismoitinerante.com\/site\/wp-content\/uploads\/2025\/10\/Lagopesole-eventi-75x75.jpg 75w, https:\/\/www.turismoitinerante.com\/site\/wp-content\/uploads\/2025\/10\/Lagopesole-eventi-350x350.jpg 350w, https:\/\/www.turismoitinerante.com\/site\/wp-content\/uploads\/2025\/10\/Lagopesole-eventi-750x750.jpg 750w, https:\/\/www.turismoitinerante.com\/site\/wp-content\/uploads\/2025\/10\/Lagopesole-eventi-1140x1140.jpg 1140w, https:\/\/www.turismoitinerante.com\/site\/wp-content\/uploads\/2025\/10\/Lagopesole-eventi.jpg 1280w\" sizes=\"(max-width: 1024px) 100vw, 1024px\" \/><\/p>\n<p>&nbsp;<\/p>\n<p>Il 2 novembre sul lungomare di Salerno la tavoletta di cioccolato pi\u00f9 lunga del mondo<\/p>\n<blockquote class=\"wp-embedded-content\" data-secret=\"zsGXvrndhJ\"><p><a href=\"https:\/\/rosmarinonews.it\/sul-lungomare-di-salerno-la-tavoletta-di-cioccolato-piu-lunga-del-mondo\/\">Sul lungomare di Salerno la tavoletta di cioccolato pi\u00f9 lunga del mondo<\/a><\/p><\/blockquote>\n<p><iframe loading=\"lazy\" class=\"wp-embedded-content\" sandbox=\"allow-scripts\" security=\"restricted\" style=\"position: absolute; visibility: hidden;\" title=\"&#8220;Sul lungomare di Salerno la tavoletta di cioccolato pi\u00f9 lunga del mondo&#8221; &#8212; Rosmarinonews.it\" src=\"https:\/\/rosmarinonews.it\/sul-lungomare-di-salerno-la-tavoletta-di-cioccolato-piu-lunga-del-mondo\/embed\/#?secret=6RGDBK4l6Y#?secret=zsGXvrndhJ\" data-secret=\"zsGXvrndhJ\" width=\"500\" height=\"282\" frameborder=\"0\" marginwidth=\"0\" marginheight=\"0\" scrolling=\"no\"><\/iframe><br \/>\nIl prossimo 2 novembre, alle ore 17, il Lungomare di Salerno accoglier\u00e0 un record dolcissimo. A raggiungerlo sar\u00e0 il maestro cioccolatiere Mirco Della Vecchia, noto per i suoi numerosi Guinnes World Record, guadagnati realizzando sculture e preparazioni di cioccolato sorprendenti. A coadiuvarlo un altro straordinario artigiano: il perugino Fausto Ercolani.<\/p>\n<p>Questa volta, nell\u2019ambito delle attivit\u00e0 di Salerno Dolcissima, dar\u00e0 vita alla tavoletta di cioccolato pi\u00f9 lunga al mondo. Gli oltre 35 metri di dolcezza uniranno e racconteranno l\u2019intero territorio salernitano con la presenza dei limoni della Costa d\u2019Amalfi e dei fichi del Cilento. Al termine della preparazione tutti coloro i quali avranno scelto di acquistare dagli artigiani e dai produttori del mercatino potranno degustare gratuitamente l\u2019originale creazione dolciaria.<br \/>\nL\u2019evento, una delle tappe itineranti del tour di Choco Italia, prender\u00e0 il via gioved\u00ec 30 ottobre e proseguir\u00e0 fino a domenica 2 novembre sul lungomare, all\u2019altezza della spiaggetta di Santa Teresa.<\/p>\n<p>Mercatini, degustazioni, laboratori, spettacoli e un record senza eguali: gli ingredienti promettono un fine settimana entusiasmante che accoglier\u00e0 cittadini e turisti per festeggiare Halloween, ma anche le celebrazioni di Tutti i Santi.<br \/>\nSalerno Dolcissima \u00e8 promossa dalla CNA Salerno, organizzata dall\u2019Associazione Italia Eventi, con il patrocinio del Comune di Salerno, della Camera di Commercio di Salerno, dell\u2019UNOE Unione Nazionale Organizzatori di Eventi e dell\u2019Associazione The Chocolate Way.<\/p>\n<p><img decoding=\"async\" class=\"alignnone size-large wp-image-68898\" src=\"https:\/\/www.turismoitinerante.com\/site\/wp-content\/uploads\/2025\/10\/Salerno-eventi-819x1024.jpg\" alt=\"\" width=\"819\" height=\"1024\" srcset=\"https:\/\/www.turismoitinerante.com\/site\/wp-content\/uploads\/2025\/10\/Salerno-eventi-819x1024.jpg 819w, https:\/\/www.turismoitinerante.com\/site\/wp-content\/uploads\/2025\/10\/Salerno-eventi-240x300.jpg 240w, https:\/\/www.turismoitinerante.com\/site\/wp-content\/uploads\/2025\/10\/Salerno-eventi-768x960.jpg 768w, https:\/\/www.turismoitinerante.com\/site\/wp-content\/uploads\/2025\/10\/Salerno-eventi-1229x1536.jpg 1229w, https:\/\/www.turismoitinerante.com\/site\/wp-content\/uploads\/2025\/10\/Salerno-eventi-1638x2048.jpg 1638w, https:\/\/www.turismoitinerante.com\/site\/wp-content\/uploads\/2025\/10\/Salerno-eventi-750x938.jpg 750w, https:\/\/www.turismoitinerante.com\/site\/wp-content\/uploads\/2025\/10\/Salerno-eventi-1140x1425.jpg 1140w, https:\/\/www.turismoitinerante.com\/site\/wp-content\/uploads\/2025\/10\/Salerno-eventi.jpg 2048w\" sizes=\"(max-width: 819px) 100vw, 819px\" \/><\/p>\n<p>&nbsp;<\/p>\n<p>Vi ricordiamo inoltre che nelle vicinanze di tutte queste zone potrete usufruire degli <a href=\"https:\/\/www.turismoitinerante.com\/site\/elenco-convenzioni-tessera-turit\/\" target=\"_blank\" rel=\"noreferrer noopener\"><strong>sconti esclusivi<\/strong><\/a> riservati da molti esercizi turistici ai possessori della nostra <strong><a href=\"https:\/\/www.turismoitinerante.com\/site\/tessera-turit-gli-amici-di-turismo-itinerante\/\" target=\"_blank\" rel=\"noreferrer noopener\">Tessera Turit<\/a><\/strong>.<\/p>\n<p><strong>Buon fine settimana!<\/strong><\/p>\n<p>&nbsp;<\/p>\n<p>&nbsp;<\/p>\n<p>&nbsp;<\/p>\n<div class=\"7863122cad8776726ec303240ed69aa5\" data-index=\"4\" style=\"float: none; margin:10px 0 10px 0; text-align:center;\">\n<script async src=\"\/\/pagead2.googlesyndication.com\/pagead\/js\/adsbygoogle.js\"><\/script>\r\n<!-- 728x90, creato 23\/02\/11 -->\r\n<ins class=\"adsbygoogle\"\r\n     style=\"display:inline-block;width:728px;height:90px\"\r\n     data-ad-client=\"ca-pub-5798583071070083\"\r\n     data-ad-slot=\"5935394872\"><\/ins>\r\n<script>\r\n(adsbygoogle = window.adsbygoogle || []).push({});\r\n<\/script>\n<\/div>\n\n<div style=\"font-size: 0px; height: 0px; line-height: 0px; margin: 0; padding: 0; clear: both;\"><\/div>","protected":false},"excerpt":{"rendered":"<p>Abbiamo selezionato per voi i migliori eventi da non perdere nel fine settimana di Halloween in giro per l\u2019Italia! Scegliete il vostro preferito! Viaggiate in sicurezza con il vostro camper con la \u201cPolizza degli Amici di Turismo Itinerante\u201d in convenzione con la D\u2019Orazio Assicurazioni. &nbsp; Dal 1\u00b0 al 3 novembre la ventesima edizione di Golosaria [&hellip;]<\/p>\n","protected":false},"author":1,"featured_media":68894,"comment_status":"closed","ping_status":"open","sticky":false,"template":"","format":"standard","meta":{"ngg_post_thumbnail":0,"jnews-multi-image_gallery":[],"jnews_single_post":{"format":"standard","override":[{"template":"1","parallax":"1","fullscreen":"1","layout":"right-sidebar","sidebar":"default-sidebar","second_sidebar":"default-sidebar","sticky_sidebar":"1","share_position":"top","share_float_style":"share-monocrhome","show_share_counter":"1","show_view_counter":"1","show_featured":"1","show_post_meta":"1","show_post_author":"1","show_post_author_image":"1","show_post_date":"1","post_date_format":"default","post_date_format_custom":"Y\/m\/d","show_post_category":"1","show_post_reading_time":"0","post_reading_time_wpm":"300","post_calculate_word_method":"str_word_count","show_zoom_button":"0","zoom_button_out_step":"2","zoom_button_in_step":"3","show_post_tag":"1","show_prev_next_post":"1","show_popup_post":"1","number_popup_post":"1","show_author_box":"1","show_post_related":"0","show_inline_post_related":"0"}],"image_override":[{"single_post_thumbnail_size":"crop-500","single_post_gallery_size":"crop-500"}],"trending_post_position":"meta","trending_post_label":"Trending","sponsored_post_label":"Sponsored by","disable_ad":"0","subtitle":""},"jnews_primary_category":[],"jnews_override_counter":{"view_counter_number":"0","share_counter_number":"0","like_counter_number":"0","dislike_counter_number":"0"},"footnotes":""},"categories":[621],"tags":[112,1047,121],"class_list":["post-68888","post","type-post","status-publish","format-standard","has-post-thumbnail","hentry","category-info-turismo","tag-eventi","tag-halloween","tag-italia"],"yoast_head":"<!-- This site is optimized with the Yoast SEO plugin v27.4 - https:\/\/yoast.com\/product\/yoast-seo-wordpress\/ -->\n<title>I migliori eventi da non perdere nel fine settimana di Halloween<\/title>\n<meta name=\"description\" content=\"Abbiamo selezionato per voi i migliori eventi da non perdere nel fine settimana di Halloween in giro per l\u2019Italia\" \/>\n<meta name=\"robots\" content=\"index, follow, max-snippet:-1, max-image-preview:large, max-video-preview:-1\" \/>\n<link rel=\"canonical\" href=\"https:\/\/www.turismoitinerante.com\/site\/i-migliori-eventi-da-non-perdere-nel-fine-settimana-di-halloween\/\" \/>\n<meta property=\"og:locale\" content=\"it_IT\" \/>\n<meta property=\"og:type\" content=\"article\" \/>\n<meta property=\"og:title\" content=\"I migliori eventi da non perdere nel fine settimana di Halloween\" \/>\n<meta property=\"og:description\" content=\"Abbiamo selezionato per voi i migliori eventi da non perdere nel fine settimana di Halloween in giro per l\u2019Italia\" \/>\n<meta property=\"og:url\" content=\"https:\/\/www.turismoitinerante.com\/site\/i-migliori-eventi-da-non-perdere-nel-fine-settimana-di-halloween\/\" \/>\n<meta property=\"og:site_name\" content=\"TI - Turismo Itinerante\" \/>\n<meta property=\"article:published_time\" content=\"2025-10-24T10:14:07+00:00\" \/>\n<meta property=\"og:image\" content=\"https:\/\/www.turismoitinerante.com\/site\/wp-content\/uploads\/2025\/10\/Montedinove-eventi.jpg\" \/>\n\t<meta property=\"og:image:width\" content=\"1080\" \/>\n\t<meta property=\"og:image:height\" content=\"720\" \/>\n\t<meta property=\"og:image:type\" content=\"image\/jpeg\" \/>\n<meta name=\"author\" content=\"admin\" \/>\n<meta name=\"twitter:card\" content=\"summary_large_image\" \/>\n<meta name=\"twitter:label1\" content=\"Scritto da\" \/>\n\t<meta name=\"twitter:data1\" content=\"admin\" \/>\n\t<meta name=\"twitter:label2\" content=\"Tempo di lettura stimato\" \/>\n\t<meta name=\"twitter:data2\" content=\"26 minuti\" \/>\n<script type=\"application\/ld+json\" class=\"yoast-schema-graph\">{\"@context\":\"https:\\\/\\\/schema.org\",\"@graph\":[{\"@type\":\"Article\",\"@id\":\"https:\\\/\\\/www.turismoitinerante.com\\\/site\\\/i-migliori-eventi-da-non-perdere-nel-fine-settimana-di-halloween\\\/#article\",\"isPartOf\":{\"@id\":\"https:\\\/\\\/www.turismoitinerante.com\\\/site\\\/i-migliori-eventi-da-non-perdere-nel-fine-settimana-di-halloween\\\/\"},\"author\":{\"name\":\"admin\",\"@id\":\"https:\\\/\\\/www.turismoitinerante.com\\\/site\\\/#\\\/schema\\\/person\\\/1e1238d2d1617438f3682e54bf4d6c05\"},\"headline\":\"I migliori eventi da non perdere nel fine settimana di Halloween\",\"datePublished\":\"2025-10-24T10:14:07+00:00\",\"mainEntityOfPage\":{\"@id\":\"https:\\\/\\\/www.turismoitinerante.com\\\/site\\\/i-migliori-eventi-da-non-perdere-nel-fine-settimana-di-halloween\\\/\"},\"wordCount\":4146,\"image\":{\"@id\":\"https:\\\/\\\/www.turismoitinerante.com\\\/site\\\/i-migliori-eventi-da-non-perdere-nel-fine-settimana-di-halloween\\\/#primaryimage\"},\"thumbnailUrl\":\"https:\\\/\\\/www.turismoitinerante.com\\\/site\\\/wp-content\\\/uploads\\\/2025\\\/10\\\/Montedinove-eventi.jpg\",\"keywords\":[\"eventi\",\"Halloween\",\"Italia\"],\"articleSection\":[\"Turismo\"],\"inLanguage\":\"it-IT\"},{\"@type\":\"WebPage\",\"@id\":\"https:\\\/\\\/www.turismoitinerante.com\\\/site\\\/i-migliori-eventi-da-non-perdere-nel-fine-settimana-di-halloween\\\/\",\"url\":\"https:\\\/\\\/www.turismoitinerante.com\\\/site\\\/i-migliori-eventi-da-non-perdere-nel-fine-settimana-di-halloween\\\/\",\"name\":\"I migliori eventi da non perdere nel fine settimana di Halloween\",\"isPartOf\":{\"@id\":\"https:\\\/\\\/www.turismoitinerante.com\\\/site\\\/#website\"},\"primaryImageOfPage\":{\"@id\":\"https:\\\/\\\/www.turismoitinerante.com\\\/site\\\/i-migliori-eventi-da-non-perdere-nel-fine-settimana-di-halloween\\\/#primaryimage\"},\"image\":{\"@id\":\"https:\\\/\\\/www.turismoitinerante.com\\\/site\\\/i-migliori-eventi-da-non-perdere-nel-fine-settimana-di-halloween\\\/#primaryimage\"},\"thumbnailUrl\":\"https:\\\/\\\/www.turismoitinerante.com\\\/site\\\/wp-content\\\/uploads\\\/2025\\\/10\\\/Montedinove-eventi.jpg\",\"datePublished\":\"2025-10-24T10:14:07+00:00\",\"author\":{\"@id\":\"https:\\\/\\\/www.turismoitinerante.com\\\/site\\\/#\\\/schema\\\/person\\\/1e1238d2d1617438f3682e54bf4d6c05\"},\"description\":\"Abbiamo selezionato per voi i migliori eventi da non perdere nel fine settimana di Halloween in giro per l\u2019Italia\",\"breadcrumb\":{\"@id\":\"https:\\\/\\\/www.turismoitinerante.com\\\/site\\\/i-migliori-eventi-da-non-perdere-nel-fine-settimana-di-halloween\\\/#breadcrumb\"},\"inLanguage\":\"it-IT\",\"potentialAction\":[{\"@type\":\"ReadAction\",\"target\":[\"https:\\\/\\\/www.turismoitinerante.com\\\/site\\\/i-migliori-eventi-da-non-perdere-nel-fine-settimana-di-halloween\\\/\"]}]},{\"@type\":\"ImageObject\",\"inLanguage\":\"it-IT\",\"@id\":\"https:\\\/\\\/www.turismoitinerante.com\\\/site\\\/i-migliori-eventi-da-non-perdere-nel-fine-settimana-di-halloween\\\/#primaryimage\",\"url\":\"https:\\\/\\\/www.turismoitinerante.com\\\/site\\\/wp-content\\\/uploads\\\/2025\\\/10\\\/Montedinove-eventi.jpg\",\"contentUrl\":\"https:\\\/\\\/www.turismoitinerante.com\\\/site\\\/wp-content\\\/uploads\\\/2025\\\/10\\\/Montedinove-eventi.jpg\",\"width\":1080,\"height\":720},{\"@type\":\"BreadcrumbList\",\"@id\":\"https:\\\/\\\/www.turismoitinerante.com\\\/site\\\/i-migliori-eventi-da-non-perdere-nel-fine-settimana-di-halloween\\\/#breadcrumb\",\"itemListElement\":[{\"@type\":\"ListItem\",\"position\":1,\"name\":\"Home\",\"item\":\"https:\\\/\\\/www.turismoitinerante.com\\\/site\\\/\"},{\"@type\":\"ListItem\",\"position\":2,\"name\":\"I migliori eventi da non perdere nel fine settimana di Halloween\"}]},{\"@type\":\"WebSite\",\"@id\":\"https:\\\/\\\/www.turismoitinerante.com\\\/site\\\/#website\",\"url\":\"https:\\\/\\\/www.turismoitinerante.com\\\/site\\\/\",\"name\":\"TI - Turismo Itinerante\",\"description\":\"Ritrovarsi su internet per informarsi, per informare. Il portale del turismo itinerante. Una infinit\u00e0 di notizie su camper, itinerari, aree sosta camper, concessionari, campeggi, agriturismo, raduni, sagre, fiere, mostre, associazioni, club, forum, bacheca annunci\",\"potentialAction\":[{\"@type\":\"SearchAction\",\"target\":{\"@type\":\"EntryPoint\",\"urlTemplate\":\"https:\\\/\\\/www.turismoitinerante.com\\\/site\\\/?s={search_term_string}\"},\"query-input\":{\"@type\":\"PropertyValueSpecification\",\"valueRequired\":true,\"valueName\":\"search_term_string\"}}],\"inLanguage\":\"it-IT\"},{\"@type\":\"Person\",\"@id\":\"https:\\\/\\\/www.turismoitinerante.com\\\/site\\\/#\\\/schema\\\/person\\\/1e1238d2d1617438f3682e54bf4d6c05\",\"name\":\"admin\",\"image\":{\"@type\":\"ImageObject\",\"inLanguage\":\"it-IT\",\"@id\":\"https:\\\/\\\/secure.gravatar.com\\\/avatar\\\/9102d8c23b35e2809b07ebc42ce126daa3d6a47cce9878a22d14d9852ade629e?s=96&d=mm&r=g\",\"url\":\"https:\\\/\\\/secure.gravatar.com\\\/avatar\\\/9102d8c23b35e2809b07ebc42ce126daa3d6a47cce9878a22d14d9852ade629e?s=96&d=mm&r=g\",\"contentUrl\":\"https:\\\/\\\/secure.gravatar.com\\\/avatar\\\/9102d8c23b35e2809b07ebc42ce126daa3d6a47cce9878a22d14d9852ade629e?s=96&d=mm&r=g\",\"caption\":\"admin\"},\"url\":\"https:\\\/\\\/www.turismoitinerante.com\\\/site\\\/author\\\/admin\\\/\"}]}<\/script>\n<!-- \/ Yoast SEO plugin. -->","yoast_head_json":{"title":"I migliori eventi da non perdere nel fine settimana di Halloween","description":"Abbiamo selezionato per voi i migliori eventi da non perdere nel fine settimana di Halloween in giro per l\u2019Italia","robots":{"index":"index","follow":"follow","max-snippet":"max-snippet:-1","max-image-preview":"max-image-preview:large","max-video-preview":"max-video-preview:-1"},"canonical":"https:\/\/www.turismoitinerante.com\/site\/i-migliori-eventi-da-non-perdere-nel-fine-settimana-di-halloween\/","og_locale":"it_IT","og_type":"article","og_title":"I migliori eventi da non perdere nel fine settimana di Halloween","og_description":"Abbiamo selezionato per voi i migliori eventi da non perdere nel fine settimana di Halloween in giro per l\u2019Italia","og_url":"https:\/\/www.turismoitinerante.com\/site\/i-migliori-eventi-da-non-perdere-nel-fine-settimana-di-halloween\/","og_site_name":"TI - Turismo Itinerante","article_published_time":"2025-10-24T10:14:07+00:00","og_image":[{"width":1080,"height":720,"url":"https:\/\/www.turismoitinerante.com\/site\/wp-content\/uploads\/2025\/10\/Montedinove-eventi.jpg","type":"image\/jpeg"}],"author":"admin","twitter_card":"summary_large_image","twitter_misc":{"Scritto da":"admin","Tempo di lettura stimato":"26 minuti"},"schema":{"@context":"https:\/\/schema.org","@graph":[{"@type":"Article","@id":"https:\/\/www.turismoitinerante.com\/site\/i-migliori-eventi-da-non-perdere-nel-fine-settimana-di-halloween\/#article","isPartOf":{"@id":"https:\/\/www.turismoitinerante.com\/site\/i-migliori-eventi-da-non-perdere-nel-fine-settimana-di-halloween\/"},"author":{"name":"admin","@id":"https:\/\/www.turismoitinerante.com\/site\/#\/schema\/person\/1e1238d2d1617438f3682e54bf4d6c05"},"headline":"I migliori eventi da non perdere nel fine settimana di Halloween","datePublished":"2025-10-24T10:14:07+00:00","mainEntityOfPage":{"@id":"https:\/\/www.turismoitinerante.com\/site\/i-migliori-eventi-da-non-perdere-nel-fine-settimana-di-halloween\/"},"wordCount":4146,"image":{"@id":"https:\/\/www.turismoitinerante.com\/site\/i-migliori-eventi-da-non-perdere-nel-fine-settimana-di-halloween\/#primaryimage"},"thumbnailUrl":"https:\/\/www.turismoitinerante.com\/site\/wp-content\/uploads\/2025\/10\/Montedinove-eventi.jpg","keywords":["eventi","Halloween","Italia"],"articleSection":["Turismo"],"inLanguage":"it-IT"},{"@type":"WebPage","@id":"https:\/\/www.turismoitinerante.com\/site\/i-migliori-eventi-da-non-perdere-nel-fine-settimana-di-halloween\/","url":"https:\/\/www.turismoitinerante.com\/site\/i-migliori-eventi-da-non-perdere-nel-fine-settimana-di-halloween\/","name":"I migliori eventi da non perdere nel fine settimana di Halloween","isPartOf":{"@id":"https:\/\/www.turismoitinerante.com\/site\/#website"},"primaryImageOfPage":{"@id":"https:\/\/www.turismoitinerante.com\/site\/i-migliori-eventi-da-non-perdere-nel-fine-settimana-di-halloween\/#primaryimage"},"image":{"@id":"https:\/\/www.turismoitinerante.com\/site\/i-migliori-eventi-da-non-perdere-nel-fine-settimana-di-halloween\/#primaryimage"},"thumbnailUrl":"https:\/\/www.turismoitinerante.com\/site\/wp-content\/uploads\/2025\/10\/Montedinove-eventi.jpg","datePublished":"2025-10-24T10:14:07+00:00","author":{"@id":"https:\/\/www.turismoitinerante.com\/site\/#\/schema\/person\/1e1238d2d1617438f3682e54bf4d6c05"},"description":"Abbiamo selezionato per voi i migliori eventi da non perdere nel fine settimana di Halloween in giro per l\u2019Italia","breadcrumb":{"@id":"https:\/\/www.turismoitinerante.com\/site\/i-migliori-eventi-da-non-perdere-nel-fine-settimana-di-halloween\/#breadcrumb"},"inLanguage":"it-IT","potentialAction":[{"@type":"ReadAction","target":["https:\/\/www.turismoitinerante.com\/site\/i-migliori-eventi-da-non-perdere-nel-fine-settimana-di-halloween\/"]}]},{"@type":"ImageObject","inLanguage":"it-IT","@id":"https:\/\/www.turismoitinerante.com\/site\/i-migliori-eventi-da-non-perdere-nel-fine-settimana-di-halloween\/#primaryimage","url":"https:\/\/www.turismoitinerante.com\/site\/wp-content\/uploads\/2025\/10\/Montedinove-eventi.jpg","contentUrl":"https:\/\/www.turismoitinerante.com\/site\/wp-content\/uploads\/2025\/10\/Montedinove-eventi.jpg","width":1080,"height":720},{"@type":"BreadcrumbList","@id":"https:\/\/www.turismoitinerante.com\/site\/i-migliori-eventi-da-non-perdere-nel-fine-settimana-di-halloween\/#breadcrumb","itemListElement":[{"@type":"ListItem","position":1,"name":"Home","item":"https:\/\/www.turismoitinerante.com\/site\/"},{"@type":"ListItem","position":2,"name":"I migliori eventi da non perdere nel fine settimana di Halloween"}]},{"@type":"WebSite","@id":"https:\/\/www.turismoitinerante.com\/site\/#website","url":"https:\/\/www.turismoitinerante.com\/site\/","name":"TI - Turismo Itinerante","description":"Ritrovarsi su internet per informarsi, per informare. Il portale del turismo itinerante. Una infinit\u00e0 di notizie su camper, itinerari, aree sosta camper, concessionari, campeggi, agriturismo, raduni, sagre, fiere, mostre, associazioni, club, forum, bacheca annunci","potentialAction":[{"@type":"SearchAction","target":{"@type":"EntryPoint","urlTemplate":"https:\/\/www.turismoitinerante.com\/site\/?s={search_term_string}"},"query-input":{"@type":"PropertyValueSpecification","valueRequired":true,"valueName":"search_term_string"}}],"inLanguage":"it-IT"},{"@type":"Person","@id":"https:\/\/www.turismoitinerante.com\/site\/#\/schema\/person\/1e1238d2d1617438f3682e54bf4d6c05","name":"admin","image":{"@type":"ImageObject","inLanguage":"it-IT","@id":"https:\/\/secure.gravatar.com\/avatar\/9102d8c23b35e2809b07ebc42ce126daa3d6a47cce9878a22d14d9852ade629e?s=96&d=mm&r=g","url":"https:\/\/secure.gravatar.com\/avatar\/9102d8c23b35e2809b07ebc42ce126daa3d6a47cce9878a22d14d9852ade629e?s=96&d=mm&r=g","contentUrl":"https:\/\/secure.gravatar.com\/avatar\/9102d8c23b35e2809b07ebc42ce126daa3d6a47cce9878a22d14d9852ade629e?s=96&d=mm&r=g","caption":"admin"},"url":"https:\/\/www.turismoitinerante.com\/site\/author\/admin\/"}]}},"_links":{"self":[{"href":"https:\/\/www.turismoitinerante.com\/site\/wp-json\/wp\/v2\/posts\/68888","targetHints":{"allow":["GET"]}}],"collection":[{"href":"https:\/\/www.turismoitinerante.com\/site\/wp-json\/wp\/v2\/posts"}],"about":[{"href":"https:\/\/www.turismoitinerante.com\/site\/wp-json\/wp\/v2\/types\/post"}],"author":[{"embeddable":true,"href":"https:\/\/www.turismoitinerante.com\/site\/wp-json\/wp\/v2\/users\/1"}],"replies":[{"embeddable":true,"href":"https:\/\/www.turismoitinerante.com\/site\/wp-json\/wp\/v2\/comments?post=68888"}],"version-history":[{"count":1,"href":"https:\/\/www.turismoitinerante.com\/site\/wp-json\/wp\/v2\/posts\/68888\/revisions"}],"predecessor-version":[{"id":68899,"href":"https:\/\/www.turismoitinerante.com\/site\/wp-json\/wp\/v2\/posts\/68888\/revisions\/68899"}],"wp:featuredmedia":[{"embeddable":true,"href":"https:\/\/www.turismoitinerante.com\/site\/wp-json\/wp\/v2\/media\/68894"}],"wp:attachment":[{"href":"https:\/\/www.turismoitinerante.com\/site\/wp-json\/wp\/v2\/media?parent=68888"}],"wp:term":[{"taxonomy":"category","embeddable":true,"href":"https:\/\/www.turismoitinerante.com\/site\/wp-json\/wp\/v2\/categories?post=68888"},{"taxonomy":"post_tag","embeddable":true,"href":"https:\/\/www.turismoitinerante.com\/site\/wp-json\/wp\/v2\/tags?post=68888"}],"curies":[{"name":"wp","href":"https:\/\/api.w.org\/{rel}","templated":true}]}}