{"id":68870,"date":"2025-10-23T09:18:45","date_gmt":"2025-10-23T08:18:45","guid":{"rendered":"https:\/\/www.turismoitinerante.com\/site\/?p=68870"},"modified":"2025-10-23T09:18:45","modified_gmt":"2025-10-23T08:18:45","slug":"la-regione-marche-entra-a-far-parte-dellassociazione-italiana-citta-della-ceramica","status":"publish","type":"post","link":"https:\/\/www.turismoitinerante.com\/site\/la-regione-marche-entra-a-far-parte-dellassociazione-italiana-citta-della-ceramica\/","title":{"rendered":"La Regione Marche entra a far parte dell\u2019Associazione Italiana Citt\u00e0 della Ceramica"},"content":{"rendered":"<p>Il 2025 segna l\u2019anno in cui la prima regione italiana entra a far parte di&nbsp;<strong>AiCC &#8211; Associazione italiana Citt\u00e0 della Ceramica<\/strong>. Si tratta della&nbsp;<strong>Regione Marche<\/strong>, che ha recentemente concluso l\u2019iter di adesione alla rete delle citt\u00e0 riconosciute dal Ministero delle Imprese e del Made in Italy (MIMIT) come sedi di affermata tradizione ceramica.<\/p>\n<p>L\u2019ingresso della Regione Marche rappresenta un riconoscimento di rilievo per l\u2019intero territorio, valorizzando il ruolo della ceramica non solo come espressione culturale, ma anche come strumento strategico per lo sviluppo locale, la promozione turistica e la salvaguardia del saper fare artigiano.<\/p>\n<p>Si tratta inoltre di un passaggio cruciale nel percorso di rafforzamento della rete AiCC, che negli ultimi anni ha promosso e intensificato un dialogo sempre pi\u00f9 stretto con le istituzioni regionali, al fine di strutturare nuove forme di collaborazione e sinergie. Con l\u2019ingresso delle Regioni, l\u2019Associazione potr\u00e0 infatti disporre di strumenti pi\u00f9 efficaci per supportare le realt\u00e0 produttive locali, migliorare il coordinamento territoriale e attivare un collegamento pi\u00f9 diretto con il Ministero, nell\u2019ottica di una collaborazione pi\u00f9 articolata nel comparto ceramico italiano.<\/p>\n<p>Le Marche si distinguono per essere una delle regioni italiane con il maggior numero di citt\u00e0 riconosciute nella rete AiCC. Attualmente sono cinque i comuni marchigiani che fanno parte dell\u2019Associazione:&nbsp;<strong>Appignano<\/strong>,&nbsp;<strong>Ascoli Piceno<\/strong>,&nbsp;<strong>Fratte Rosa<\/strong>,&nbsp;<strong>Pesaro<\/strong>&nbsp;e&nbsp;<strong>Urbania<\/strong>. Ognuno di essi rappresenta un centro di eccellenza, in cui la ceramica si \u00e8 evoluta nel tempo tra tradizione e innovazione, rappresentando una componente identitaria fondamentale.<\/p>\n<p><em>&#8220;Una bella notizia, che giunge dopo un percorso piuttosto articolato e che ha portato anche alla modifica dello statuto di AiCC.<\/em>&nbsp;\u2013 ha dichiarato il Presidente di AiCC&nbsp;<strong>Massimo isola<\/strong>, Sindaco di Faenza&nbsp;<em>\u2013&nbsp;Siamo convinti che si tratti della prima tappa di un percorso che potr\u00e0 vedere il coinvolgimento di altre regioni italiane impegnate nella valorizzazione dell\u2019artigianato artistico. Da anni lavoriamo per allargare i perimetri dell\u2019Associazione; questo ci ha portato ad avere concentrazioni piuttosto importanti su diverse regioni italiane, stimolando una riflessione che, pur mantenendo la centralit\u00e0 delle municipalit\u00e0, ha avuto come risultato il coinvolgimento del sistema istituzionale regionale. Questo ci permette di aver maggiori capacit\u00e0 di dialogo con le strutture centrali del Governo, di essere pi\u00f9 forti e strutturati. L\u2019ingresso delle Marche ci serve da esempio per il coinvolgimento di nuove realt\u00e0<\/em>\u201d.<\/p>\n<p><em>&#8220;Mi fa piacere che da molti anni l\u2019Associazione italiana Citt\u00e0 della Ceramica sia cos\u00ec attiva e che si sia giunti a questa volont\u00e0 di aprirsi, di espandersi con maglie un po\u2019 pi\u00f9 larghe.&nbsp;<\/em>\u2013 ha dichiarato&nbsp;<strong>Andrea Maria Antonini<\/strong>, Consigliere Regionale delle Marche \u2013&nbsp;<em>Sono fiero di poter dire che la regione Marche \u00e8 la prima regione italiana ad entrare nell\u2019AiCC. Tutte le regioni italiane vantano la presenza di comuni dove ci sono citt\u00e0 della ceramica, nelle Marche ce ne sono cinque, e le regioni hanno gli strumenti di sostegno che possono essere messi a disposizione. Il nostro ruolo sar\u00e0 fondamentale per realizzare azioni concrete su pi\u00f9 livelli e fare da tramite con il Ministero&#8221;.<\/em><\/p>\n<figure id=\"attachment_68872\" aria-describedby=\"caption-attachment-68872\" style=\"width: 800px\" class=\"wp-caption alignnone\"><img decoding=\"async\" class=\"size-full wp-image-68872\" src=\"https:\/\/www.turismoitinerante.com\/site\/wp-content\/uploads\/2025\/10\/Marche-ceramica-1.jpg\" alt=\"\" width=\"800\" height=\"533\" srcset=\"https:\/\/www.turismoitinerante.com\/site\/wp-content\/uploads\/2025\/10\/Marche-ceramica-1.jpg 800w, https:\/\/www.turismoitinerante.com\/site\/wp-content\/uploads\/2025\/10\/Marche-ceramica-1-300x200.jpg 300w, https:\/\/www.turismoitinerante.com\/site\/wp-content\/uploads\/2025\/10\/Marche-ceramica-1-768x512.jpg 768w, https:\/\/www.turismoitinerante.com\/site\/wp-content\/uploads\/2025\/10\/Marche-ceramica-1-750x500.jpg 750w\" sizes=\"(max-width: 800px) 100vw, 800px\" \/><figcaption id=\"caption-attachment-68872\" class=\"wp-caption-text\">Museo delle Ceramiche di Pesaro, ph Fabio Cecchi<\/figcaption><\/figure>\n<p><strong>Le cinque citt\u00e0 marchigiane della ceramica<\/strong><\/p>\n<p><strong>Appignano (MC)<\/strong><br \/>\nIncuneata tra il mare e l\u2019Appennino, Appignano conserva un suggestivo centro storico cinto da mura medievali. Qui la lavorazione della ceramica \u00e8 attestata sin dal XV secolo, come documentano i registri delle Riformanze, che citano la presenza di fornaci e artigiani detti \u201cfornaciai\u201d. La tradizione si \u00e8 tramandata nei secoli, trovando oggi nuova espressione nelle botteghe e laboratori che coniugano competenze antiche con linguaggi contemporanei.<\/p>\n<p><strong>Ascoli Piceno (AP)<\/strong><br \/>\nAscoli Piceno vanta una lunga storia nella produzione ceramica. Le manifatture locali si distinsero per la qualit\u00e0 dei decori e per la capacit\u00e0 di dialogare con le principali correnti artistiche delle diverse epoche. Oggi la citt\u00e0 continua a promuovere la ceramica come elemento culturale e turistico, anche attraverso eventi e percorsi espositivi.<\/p>\n<p><strong>Fratte Rosa (PU)<\/strong><br \/>\nPiccolo borgo collinare dell\u2019entroterra pesarese, Fratte Rosa \u00e8 da secoli sinonimo di terrecotte artigianali. I suoi \u201ccocciari\u201d o \u201cpignattari\u201d, come venivano chiamati gli artigiani locali, sono parte integrante dell\u2019identit\u00e0 del luogo. Qui la lavorazione dell\u2019argilla \u00e8 ancora strettamente legata al territorio, sia per la composizione del materiale che per le tecniche di foggiatura e cottura, oggi valorizzate anche attraverso percorsi didattici e mostre mercato.<\/p>\n<p><strong>Pesaro (PU)<\/strong><br \/>\nCentro di grande rilevanza artistica e culturale, Pesaro \u00e8 una delle capitali della maiolica italiana. La produzione ceramica si sviluppa gi\u00e0 in epoca rinascimentale, raggiungendo nel Settecento un periodo di massimo splendore grazie a decori come &#8220;la rosa&#8221; e &#8220;il ticchio&#8221;, tuttora emblemi della ceramica pesarese. Nell\u2019Ottocento la citt\u00e0 si afferma anche nella produzione di terraglie, mantenendo un alto livello qualitativo che prosegue fino ai giorni nostri. La ceramica \u00e8 oggi protagonista nella vita culturale cittadina, tra musei, collezioni storiche e botteghe attive.<\/p>\n<p><strong>Urbania (PU)<\/strong><br \/>\nGi\u00e0 nota come Casteldurante, Urbania \u00e8 uno dei centri ceramici pi\u00f9 antichi delle Marche. La sua tradizione affonda le radici nel Medioevo, come dimostrano documenti d\u2019archivio e reperti archeologici. Durante il Rinascimento, la citt\u00e0 divenne celebre per la produzione di maioliche istoriate di grande raffinatezza, apprezzate nelle corti italiane ed europee. Ancora oggi, Urbania \u00e8 un punto di riferimento per la ceramica artistica e per la formazione di nuove generazioni di ceramisti.<\/p>\n<div class=\"7863122cad8776726ec303240ed69aa5\" data-index=\"4\" style=\"float: none; margin:10px 0 10px 0; text-align:center;\">\n<script async src=\"\/\/pagead2.googlesyndication.com\/pagead\/js\/adsbygoogle.js\"><\/script>\r\n<!-- 728x90, creato 23\/02\/11 -->\r\n<ins class=\"adsbygoogle\"\r\n     style=\"display:inline-block;width:728px;height:90px\"\r\n     data-ad-client=\"ca-pub-5798583071070083\"\r\n     data-ad-slot=\"5935394872\"><\/ins>\r\n<script>\r\n(adsbygoogle = window.adsbygoogle || []).push({});\r\n<\/script>\n<\/div>\n\n<div style=\"font-size: 0px; height: 0px; line-height: 0px; margin: 0; padding: 0; clear: both;\"><\/div>","protected":false},"excerpt":{"rendered":"<p>Il 2025 segna l\u2019anno in cui la prima regione italiana entra a far parte di&nbsp;AiCC &#8211; Associazione italiana Citt\u00e0 della Ceramica. Si tratta della&nbsp;Regione Marche, che ha recentemente concluso l\u2019iter di adesione alla rete delle citt\u00e0 riconosciute dal Ministero delle Imprese e del Made in Italy (MIMIT) come sedi di affermata tradizione ceramica. L\u2019ingresso della [&hellip;]<\/p>\n","protected":false},"author":1,"featured_media":68871,"comment_status":"closed","ping_status":"open","sticky":false,"template":"","format":"standard","meta":{"ngg_post_thumbnail":0,"jnews-multi-image_gallery":[],"jnews_single_post":{"format":"standard","override":[{"template":"1","parallax":"1","fullscreen":"1","layout":"right-sidebar","sidebar":"default-sidebar","second_sidebar":"default-sidebar","sticky_sidebar":"1","share_position":"top","share_float_style":"share-monocrhome","show_share_counter":"1","show_view_counter":"1","show_featured":"1","show_post_meta":"1","show_post_author":"1","show_post_author_image":"1","show_post_date":"1","post_date_format":"default","post_date_format_custom":"Y\/m\/d","show_post_category":"1","show_post_reading_time":"0","post_reading_time_wpm":"300","post_calculate_word_method":"str_word_count","show_zoom_button":"0","zoom_button_out_step":"2","zoom_button_in_step":"3","show_post_tag":"1","show_prev_next_post":"1","show_popup_post":"1","number_popup_post":"1","show_author_box":"1","show_post_related":"0","show_inline_post_related":"0"}],"image_override":[{"single_post_thumbnail_size":"crop-500","single_post_gallery_size":"crop-500"}],"trending_post_position":"meta","trending_post_label":"Trending","sponsored_post_label":"Sponsored by","disable_ad":"0","subtitle":"\u00c8 la prima regione italiana ad aderire"},"jnews_primary_category":[],"jnews_override_counter":{"view_counter_number":"0","share_counter_number":"0","like_counter_number":"0","dislike_counter_number":"0"},"footnotes":""},"categories":[621],"tags":[2803,727],"class_list":["post-68870","post","type-post","status-publish","format-standard","has-post-thumbnail","hentry","category-info-turismo","tag-associazione-italiana-citta-della-ceramica","tag-regione-marche"],"yoast_head":"<!-- This site is optimized with the Yoast SEO plugin v27.4 - https:\/\/yoast.com\/product\/yoast-seo-wordpress\/ -->\n<title>La Regione Marche entra a far parte dell\u2019Associazione Italiana Citt\u00e0 della Ceramica<\/title>\n<meta name=\"description\" content=\"\u00c8 la prima regione italiana ad aderire\" \/>\n<meta name=\"robots\" content=\"index, follow, max-snippet:-1, max-image-preview:large, max-video-preview:-1\" \/>\n<link rel=\"canonical\" href=\"https:\/\/www.turismoitinerante.com\/site\/la-regione-marche-entra-a-far-parte-dellassociazione-italiana-citta-della-ceramica\/\" \/>\n<meta property=\"og:locale\" content=\"it_IT\" \/>\n<meta property=\"og:type\" content=\"article\" \/>\n<meta property=\"og:title\" content=\"La Regione Marche entra a far parte dell\u2019Associazione Italiana Citt\u00e0 della Ceramica\" \/>\n<meta property=\"og:description\" content=\"\u00c8 la prima regione italiana ad aderire\" \/>\n<meta property=\"og:url\" content=\"https:\/\/www.turismoitinerante.com\/site\/la-regione-marche-entra-a-far-parte-dellassociazione-italiana-citta-della-ceramica\/\" \/>\n<meta property=\"og:site_name\" content=\"TI - Turismo Itinerante\" \/>\n<meta property=\"article:published_time\" content=\"2025-10-23T08:18:45+00:00\" \/>\n<meta property=\"og:image\" content=\"https:\/\/www.turismoitinerante.com\/site\/wp-content\/uploads\/2025\/10\/Marche-ceramica-2.jpg\" \/>\n\t<meta property=\"og:image:width\" content=\"1024\" \/>\n\t<meta property=\"og:image:height\" content=\"651\" \/>\n\t<meta property=\"og:image:type\" content=\"image\/jpeg\" \/>\n<meta name=\"author\" content=\"admin\" \/>\n<meta name=\"twitter:card\" content=\"summary_large_image\" \/>\n<meta name=\"twitter:label1\" content=\"Scritto da\" \/>\n\t<meta name=\"twitter:data1\" content=\"admin\" \/>\n\t<meta name=\"twitter:label2\" content=\"Tempo di lettura stimato\" \/>\n\t<meta name=\"twitter:data2\" content=\"5 minuti\" \/>\n<script type=\"application\/ld+json\" class=\"yoast-schema-graph\">{\"@context\":\"https:\\\/\\\/schema.org\",\"@graph\":[{\"@type\":\"Article\",\"@id\":\"https:\\\/\\\/www.turismoitinerante.com\\\/site\\\/la-regione-marche-entra-a-far-parte-dellassociazione-italiana-citta-della-ceramica\\\/#article\",\"isPartOf\":{\"@id\":\"https:\\\/\\\/www.turismoitinerante.com\\\/site\\\/la-regione-marche-entra-a-far-parte-dellassociazione-italiana-citta-della-ceramica\\\/\"},\"author\":{\"name\":\"admin\",\"@id\":\"https:\\\/\\\/www.turismoitinerante.com\\\/site\\\/#\\\/schema\\\/person\\\/1e1238d2d1617438f3682e54bf4d6c05\"},\"headline\":\"La Regione Marche entra a far parte dell\u2019Associazione Italiana Citt\u00e0 della Ceramica\",\"datePublished\":\"2025-10-23T08:18:45+00:00\",\"mainEntityOfPage\":{\"@id\":\"https:\\\/\\\/www.turismoitinerante.com\\\/site\\\/la-regione-marche-entra-a-far-parte-dellassociazione-italiana-citta-della-ceramica\\\/\"},\"wordCount\":892,\"image\":{\"@id\":\"https:\\\/\\\/www.turismoitinerante.com\\\/site\\\/la-regione-marche-entra-a-far-parte-dellassociazione-italiana-citta-della-ceramica\\\/#primaryimage\"},\"thumbnailUrl\":\"https:\\\/\\\/www.turismoitinerante.com\\\/site\\\/wp-content\\\/uploads\\\/2025\\\/10\\\/Marche-ceramica-2.jpg\",\"keywords\":[\"Associazione Italiana Citt\u00e0 della Ceramica\",\"Regione Marche\"],\"articleSection\":[\"Turismo\"],\"inLanguage\":\"it-IT\"},{\"@type\":\"WebPage\",\"@id\":\"https:\\\/\\\/www.turismoitinerante.com\\\/site\\\/la-regione-marche-entra-a-far-parte-dellassociazione-italiana-citta-della-ceramica\\\/\",\"url\":\"https:\\\/\\\/www.turismoitinerante.com\\\/site\\\/la-regione-marche-entra-a-far-parte-dellassociazione-italiana-citta-della-ceramica\\\/\",\"name\":\"La Regione Marche entra a far parte dell\u2019Associazione Italiana Citt\u00e0 della Ceramica\",\"isPartOf\":{\"@id\":\"https:\\\/\\\/www.turismoitinerante.com\\\/site\\\/#website\"},\"primaryImageOfPage\":{\"@id\":\"https:\\\/\\\/www.turismoitinerante.com\\\/site\\\/la-regione-marche-entra-a-far-parte-dellassociazione-italiana-citta-della-ceramica\\\/#primaryimage\"},\"image\":{\"@id\":\"https:\\\/\\\/www.turismoitinerante.com\\\/site\\\/la-regione-marche-entra-a-far-parte-dellassociazione-italiana-citta-della-ceramica\\\/#primaryimage\"},\"thumbnailUrl\":\"https:\\\/\\\/www.turismoitinerante.com\\\/site\\\/wp-content\\\/uploads\\\/2025\\\/10\\\/Marche-ceramica-2.jpg\",\"datePublished\":\"2025-10-23T08:18:45+00:00\",\"author\":{\"@id\":\"https:\\\/\\\/www.turismoitinerante.com\\\/site\\\/#\\\/schema\\\/person\\\/1e1238d2d1617438f3682e54bf4d6c05\"},\"description\":\"\u00c8 la prima regione italiana ad aderire\",\"breadcrumb\":{\"@id\":\"https:\\\/\\\/www.turismoitinerante.com\\\/site\\\/la-regione-marche-entra-a-far-parte-dellassociazione-italiana-citta-della-ceramica\\\/#breadcrumb\"},\"inLanguage\":\"it-IT\",\"potentialAction\":[{\"@type\":\"ReadAction\",\"target\":[\"https:\\\/\\\/www.turismoitinerante.com\\\/site\\\/la-regione-marche-entra-a-far-parte-dellassociazione-italiana-citta-della-ceramica\\\/\"]}]},{\"@type\":\"ImageObject\",\"inLanguage\":\"it-IT\",\"@id\":\"https:\\\/\\\/www.turismoitinerante.com\\\/site\\\/la-regione-marche-entra-a-far-parte-dellassociazione-italiana-citta-della-ceramica\\\/#primaryimage\",\"url\":\"https:\\\/\\\/www.turismoitinerante.com\\\/site\\\/wp-content\\\/uploads\\\/2025\\\/10\\\/Marche-ceramica-2.jpg\",\"contentUrl\":\"https:\\\/\\\/www.turismoitinerante.com\\\/site\\\/wp-content\\\/uploads\\\/2025\\\/10\\\/Marche-ceramica-2.jpg\",\"width\":1024,\"height\":651,\"caption\":\"Museo dell\u2019Arte Ceramica di Ascoli Piceno\"},{\"@type\":\"BreadcrumbList\",\"@id\":\"https:\\\/\\\/www.turismoitinerante.com\\\/site\\\/la-regione-marche-entra-a-far-parte-dellassociazione-italiana-citta-della-ceramica\\\/#breadcrumb\",\"itemListElement\":[{\"@type\":\"ListItem\",\"position\":1,\"name\":\"Home\",\"item\":\"https:\\\/\\\/www.turismoitinerante.com\\\/site\\\/\"},{\"@type\":\"ListItem\",\"position\":2,\"name\":\"La Regione Marche entra a far parte dell\u2019Associazione Italiana Citt\u00e0 della Ceramica\"}]},{\"@type\":\"WebSite\",\"@id\":\"https:\\\/\\\/www.turismoitinerante.com\\\/site\\\/#website\",\"url\":\"https:\\\/\\\/www.turismoitinerante.com\\\/site\\\/\",\"name\":\"TI - Turismo Itinerante\",\"description\":\"Ritrovarsi su internet per informarsi, per informare. Il portale del turismo itinerante. Una infinit\u00e0 di notizie su camper, itinerari, aree sosta camper, concessionari, campeggi, agriturismo, raduni, sagre, fiere, mostre, associazioni, club, forum, bacheca annunci\",\"potentialAction\":[{\"@type\":\"SearchAction\",\"target\":{\"@type\":\"EntryPoint\",\"urlTemplate\":\"https:\\\/\\\/www.turismoitinerante.com\\\/site\\\/?s={search_term_string}\"},\"query-input\":{\"@type\":\"PropertyValueSpecification\",\"valueRequired\":true,\"valueName\":\"search_term_string\"}}],\"inLanguage\":\"it-IT\"},{\"@type\":\"Person\",\"@id\":\"https:\\\/\\\/www.turismoitinerante.com\\\/site\\\/#\\\/schema\\\/person\\\/1e1238d2d1617438f3682e54bf4d6c05\",\"name\":\"admin\",\"image\":{\"@type\":\"ImageObject\",\"inLanguage\":\"it-IT\",\"@id\":\"https:\\\/\\\/secure.gravatar.com\\\/avatar\\\/9102d8c23b35e2809b07ebc42ce126daa3d6a47cce9878a22d14d9852ade629e?s=96&d=mm&r=g\",\"url\":\"https:\\\/\\\/secure.gravatar.com\\\/avatar\\\/9102d8c23b35e2809b07ebc42ce126daa3d6a47cce9878a22d14d9852ade629e?s=96&d=mm&r=g\",\"contentUrl\":\"https:\\\/\\\/secure.gravatar.com\\\/avatar\\\/9102d8c23b35e2809b07ebc42ce126daa3d6a47cce9878a22d14d9852ade629e?s=96&d=mm&r=g\",\"caption\":\"admin\"},\"url\":\"https:\\\/\\\/www.turismoitinerante.com\\\/site\\\/author\\\/admin\\\/\"}]}<\/script>\n<!-- \/ Yoast SEO plugin. -->","yoast_head_json":{"title":"La Regione Marche entra a far parte dell\u2019Associazione Italiana Citt\u00e0 della Ceramica","description":"\u00c8 la prima regione italiana ad aderire","robots":{"index":"index","follow":"follow","max-snippet":"max-snippet:-1","max-image-preview":"max-image-preview:large","max-video-preview":"max-video-preview:-1"},"canonical":"https:\/\/www.turismoitinerante.com\/site\/la-regione-marche-entra-a-far-parte-dellassociazione-italiana-citta-della-ceramica\/","og_locale":"it_IT","og_type":"article","og_title":"La Regione Marche entra a far parte dell\u2019Associazione Italiana Citt\u00e0 della Ceramica","og_description":"\u00c8 la prima regione italiana ad aderire","og_url":"https:\/\/www.turismoitinerante.com\/site\/la-regione-marche-entra-a-far-parte-dellassociazione-italiana-citta-della-ceramica\/","og_site_name":"TI - Turismo Itinerante","article_published_time":"2025-10-23T08:18:45+00:00","og_image":[{"width":1024,"height":651,"url":"https:\/\/www.turismoitinerante.com\/site\/wp-content\/uploads\/2025\/10\/Marche-ceramica-2.jpg","type":"image\/jpeg"}],"author":"admin","twitter_card":"summary_large_image","twitter_misc":{"Scritto da":"admin","Tempo di lettura stimato":"5 minuti"},"schema":{"@context":"https:\/\/schema.org","@graph":[{"@type":"Article","@id":"https:\/\/www.turismoitinerante.com\/site\/la-regione-marche-entra-a-far-parte-dellassociazione-italiana-citta-della-ceramica\/#article","isPartOf":{"@id":"https:\/\/www.turismoitinerante.com\/site\/la-regione-marche-entra-a-far-parte-dellassociazione-italiana-citta-della-ceramica\/"},"author":{"name":"admin","@id":"https:\/\/www.turismoitinerante.com\/site\/#\/schema\/person\/1e1238d2d1617438f3682e54bf4d6c05"},"headline":"La Regione Marche entra a far parte dell\u2019Associazione Italiana Citt\u00e0 della Ceramica","datePublished":"2025-10-23T08:18:45+00:00","mainEntityOfPage":{"@id":"https:\/\/www.turismoitinerante.com\/site\/la-regione-marche-entra-a-far-parte-dellassociazione-italiana-citta-della-ceramica\/"},"wordCount":892,"image":{"@id":"https:\/\/www.turismoitinerante.com\/site\/la-regione-marche-entra-a-far-parte-dellassociazione-italiana-citta-della-ceramica\/#primaryimage"},"thumbnailUrl":"https:\/\/www.turismoitinerante.com\/site\/wp-content\/uploads\/2025\/10\/Marche-ceramica-2.jpg","keywords":["Associazione Italiana Citt\u00e0 della Ceramica","Regione Marche"],"articleSection":["Turismo"],"inLanguage":"it-IT"},{"@type":"WebPage","@id":"https:\/\/www.turismoitinerante.com\/site\/la-regione-marche-entra-a-far-parte-dellassociazione-italiana-citta-della-ceramica\/","url":"https:\/\/www.turismoitinerante.com\/site\/la-regione-marche-entra-a-far-parte-dellassociazione-italiana-citta-della-ceramica\/","name":"La Regione Marche entra a far parte dell\u2019Associazione Italiana Citt\u00e0 della Ceramica","isPartOf":{"@id":"https:\/\/www.turismoitinerante.com\/site\/#website"},"primaryImageOfPage":{"@id":"https:\/\/www.turismoitinerante.com\/site\/la-regione-marche-entra-a-far-parte-dellassociazione-italiana-citta-della-ceramica\/#primaryimage"},"image":{"@id":"https:\/\/www.turismoitinerante.com\/site\/la-regione-marche-entra-a-far-parte-dellassociazione-italiana-citta-della-ceramica\/#primaryimage"},"thumbnailUrl":"https:\/\/www.turismoitinerante.com\/site\/wp-content\/uploads\/2025\/10\/Marche-ceramica-2.jpg","datePublished":"2025-10-23T08:18:45+00:00","author":{"@id":"https:\/\/www.turismoitinerante.com\/site\/#\/schema\/person\/1e1238d2d1617438f3682e54bf4d6c05"},"description":"\u00c8 la prima regione italiana ad aderire","breadcrumb":{"@id":"https:\/\/www.turismoitinerante.com\/site\/la-regione-marche-entra-a-far-parte-dellassociazione-italiana-citta-della-ceramica\/#breadcrumb"},"inLanguage":"it-IT","potentialAction":[{"@type":"ReadAction","target":["https:\/\/www.turismoitinerante.com\/site\/la-regione-marche-entra-a-far-parte-dellassociazione-italiana-citta-della-ceramica\/"]}]},{"@type":"ImageObject","inLanguage":"it-IT","@id":"https:\/\/www.turismoitinerante.com\/site\/la-regione-marche-entra-a-far-parte-dellassociazione-italiana-citta-della-ceramica\/#primaryimage","url":"https:\/\/www.turismoitinerante.com\/site\/wp-content\/uploads\/2025\/10\/Marche-ceramica-2.jpg","contentUrl":"https:\/\/www.turismoitinerante.com\/site\/wp-content\/uploads\/2025\/10\/Marche-ceramica-2.jpg","width":1024,"height":651,"caption":"Museo dell\u2019Arte Ceramica di Ascoli Piceno"},{"@type":"BreadcrumbList","@id":"https:\/\/www.turismoitinerante.com\/site\/la-regione-marche-entra-a-far-parte-dellassociazione-italiana-citta-della-ceramica\/#breadcrumb","itemListElement":[{"@type":"ListItem","position":1,"name":"Home","item":"https:\/\/www.turismoitinerante.com\/site\/"},{"@type":"ListItem","position":2,"name":"La Regione Marche entra a far parte dell\u2019Associazione Italiana Citt\u00e0 della Ceramica"}]},{"@type":"WebSite","@id":"https:\/\/www.turismoitinerante.com\/site\/#website","url":"https:\/\/www.turismoitinerante.com\/site\/","name":"TI - Turismo Itinerante","description":"Ritrovarsi su internet per informarsi, per informare. Il portale del turismo itinerante. Una infinit\u00e0 di notizie su camper, itinerari, aree sosta camper, concessionari, campeggi, agriturismo, raduni, sagre, fiere, mostre, associazioni, club, forum, bacheca annunci","potentialAction":[{"@type":"SearchAction","target":{"@type":"EntryPoint","urlTemplate":"https:\/\/www.turismoitinerante.com\/site\/?s={search_term_string}"},"query-input":{"@type":"PropertyValueSpecification","valueRequired":true,"valueName":"search_term_string"}}],"inLanguage":"it-IT"},{"@type":"Person","@id":"https:\/\/www.turismoitinerante.com\/site\/#\/schema\/person\/1e1238d2d1617438f3682e54bf4d6c05","name":"admin","image":{"@type":"ImageObject","inLanguage":"it-IT","@id":"https:\/\/secure.gravatar.com\/avatar\/9102d8c23b35e2809b07ebc42ce126daa3d6a47cce9878a22d14d9852ade629e?s=96&d=mm&r=g","url":"https:\/\/secure.gravatar.com\/avatar\/9102d8c23b35e2809b07ebc42ce126daa3d6a47cce9878a22d14d9852ade629e?s=96&d=mm&r=g","contentUrl":"https:\/\/secure.gravatar.com\/avatar\/9102d8c23b35e2809b07ebc42ce126daa3d6a47cce9878a22d14d9852ade629e?s=96&d=mm&r=g","caption":"admin"},"url":"https:\/\/www.turismoitinerante.com\/site\/author\/admin\/"}]}},"_links":{"self":[{"href":"https:\/\/www.turismoitinerante.com\/site\/wp-json\/wp\/v2\/posts\/68870","targetHints":{"allow":["GET"]}}],"collection":[{"href":"https:\/\/www.turismoitinerante.com\/site\/wp-json\/wp\/v2\/posts"}],"about":[{"href":"https:\/\/www.turismoitinerante.com\/site\/wp-json\/wp\/v2\/types\/post"}],"author":[{"embeddable":true,"href":"https:\/\/www.turismoitinerante.com\/site\/wp-json\/wp\/v2\/users\/1"}],"replies":[{"embeddable":true,"href":"https:\/\/www.turismoitinerante.com\/site\/wp-json\/wp\/v2\/comments?post=68870"}],"version-history":[{"count":2,"href":"https:\/\/www.turismoitinerante.com\/site\/wp-json\/wp\/v2\/posts\/68870\/revisions"}],"predecessor-version":[{"id":68874,"href":"https:\/\/www.turismoitinerante.com\/site\/wp-json\/wp\/v2\/posts\/68870\/revisions\/68874"}],"wp:featuredmedia":[{"embeddable":true,"href":"https:\/\/www.turismoitinerante.com\/site\/wp-json\/wp\/v2\/media\/68871"}],"wp:attachment":[{"href":"https:\/\/www.turismoitinerante.com\/site\/wp-json\/wp\/v2\/media?parent=68870"}],"wp:term":[{"taxonomy":"category","embeddable":true,"href":"https:\/\/www.turismoitinerante.com\/site\/wp-json\/wp\/v2\/categories?post=68870"},{"taxonomy":"post_tag","embeddable":true,"href":"https:\/\/www.turismoitinerante.com\/site\/wp-json\/wp\/v2\/tags?post=68870"}],"curies":[{"name":"wp","href":"https:\/\/api.w.org\/{rel}","templated":true}]}}