{"id":6875,"date":"2011-11-28T11:23:31","date_gmt":"2011-11-28T10:23:31","guid":{"rendered":"http:\/\/www.turismoitinerante.com\/site\/?p=6875"},"modified":"2011-11-28T11:23:31","modified_gmt":"2011-11-28T10:23:31","slug":"ii-raduno-camper-bussolengo-verona-6-gennaio-2012","status":"publish","type":"post","link":"https:\/\/www.turismoitinerante.com\/site\/ii-raduno-camper-bussolengo-verona-6-gennaio-2012\/","title":{"rendered":"II Raduno camper Bussolengo Verona 6 gennaio 2012"},"content":{"rendered":"<h2><strong>Villaggio di Natale Flover<\/strong> <strong> Venerdi 6 gennaio 2012<\/strong> <strong> II\u00b0 raduno nazionale di Camper per salutare la Befana<\/strong><\/h2>\n<p><a href=\"http:\/\/www.nataleaverona.it\/wp-content\/uploads\/2011\/11\/camper_befana.jpg\"> <\/a>Dopo il successo dell&#8217;anno scorso si ripropone, ai camperisti alla  scoperta di tradizioni originali, il raduno dei Re Magi che chiude tutte  le festivit\u00e0.<\/p>\n<p><a href=\"http:\/\/www.turismoitinerante.com\/site\/wp-content\/uploads\/2011\/11\/raduno-camper-befana-verona.jpg\"><img decoding=\"async\" class=\"alignright size-full wp-image-6876\" title=\"raduno-camper-befana-verona\" src=\"http:\/\/www.turismoitinerante.com\/site\/wp-content\/uploads\/2011\/11\/raduno-camper-befana-verona-e1322475729727.jpg\" alt=\"raduno-camper-befana-verona\" width=\"300\" height=\"425\" \/><\/a>I Re Magi, se fossero vissuti ai giorni  nostri, sarebbero sicuramente stati dei camperisti. Per festeggiare il  loro arrivo nel presepio del <a href=\"http:\/\/ilvillaggiodinatale.it\/\" target=\"_blank\">Villaggio di Natale di Bussolengo<\/a>, \u00a0<a href=\"http:\/\/www.lavieonroad.it\/\" target=\"_blank\">\u201cLa vie on the road\u201d<\/a> in collaborazione con <a href=\"http:\/\/www.flover.it\/\" target=\"_blank\">Flover<\/a>,  e \u201cLa Carica\u201d di Pastrengo suggeriscono il seguente programma a tutti  gli equipaggi che si trovano a transitare nei paraggi (non vincolante):<\/p>\n<hr \/>\n<p><strong>&#8211; Se arrivate Giovedi 5 Gennaio:<\/strong> pernottamento a Pastrengo presso <a href=\"http:\/\/www.lacarica.com\/\" target=\"_blank\">Hotel Ristorante \u201cLa Carica\u201d<\/a>.  Silenziosa e sicura area sosta dotata di carico\/scarico acqua adiacente  all\u2019Hotel. Con la quota di pernottamento (Euro 10,00) riceverete 1  bottiglia di vino del territorio. Inoltre family men\u00f9 e piatti della  tradizione.<\/p>\n<hr \/>\n<p><strong> &#8211; Venerdi 6 Gennaio: <\/strong><strong>dalle 9,30 alle 13,00 <\/strong>colazione offerta a tutti gli equipaggi presso <a href=\"http:\/\/www.lavieonroad.it\/\" target=\"_blank\">\u201cLa vie on the road\u201d<\/a> <strong>+ sconto del 30%<\/strong> su tutto il market accessori a tutti gli ospiti!<\/p>\n<p><strong>13,00:<\/strong> Villaggio di Natale Flover a Bussolengo. Dotato di ampia zona  parcheggio Camper (seguire le indicazioni) il Villaggio di Natale  propone un suggestivo percorso tra gli allestimenti natalizi, gli gnomi e  le fate. Il giusto scenario in cui accogliere i Re Magi ormai giunti al  cospetto del presepio.<\/p>\n<p>Alla Cassa Centrale, esibendo la tessera  della Vostra associazione Camper Club, riceverete in omaggio la  simpatica mascotte &#8220;Lo Gnomo del Villaggio&#8221;.<\/p>\n<p>&#8211; Pranzo della Befana nell&#8217;area ristoro  del Villaggio. Un ampio, confortevole e riscaldato giardino d\u2019inverno  dotato di un ricco self service con menu a prezzi speciali. Potrai  gustare e regalare specialit\u00e0 tipiche dell\u2019Alto Adige e Veronesi.<\/p>\n<p>&#8211; <strong>Ore 15,00:<\/strong> Attivit\u00e0 per grandi e piccini. Piacevoli attivit\u00e0 di intrattenimento ed ornamento. Chi fosse interessato a visitare il villaggio e ad effettuare il laboratorio pu\u00f2 scrivere una mail a <a href=\"mailto:info@flover.it\">info@flover.it<\/a> oppure chiamando lo 045\/2225411 chiedendo di parlare con la cassa e prenotarsi per il laboratorio creativo con HIlde.<\/p>\n<p>Dal Villaggio di Natale Flover in direzione Pastrengo l&#8217;Hotel Ristorante &#8220;La Carica&#8221; (10&#8242;)<\/p>\n<p>&#8211; <strong>Ore 18,30:<\/strong> Hotel  Ristorante \u201cLa Carica\u201d: Fal\u00f2 della Befana (tradizione tipica veronese  \u201cBr\u00f9sa la Vecia\u201d) con vin Broul\u00e8 per tutti. Suggestiva fiaccolata al  Forte Austroungarico di Piovezzano con accensione del megafal\u00f2.\u00a0 &#8211;  Possibilit\u00e0 di pernottamento.<\/p>\n<p>&#8211; Sabato 7 e Domenica 8 Gennaio: alla scoperta di Verona citt\u00e0 e dei borghi e Castelli della Provincia di Verona.<\/p>\n<hr \/>\n<p><strong>Per tutto il periodo natalizio:<\/strong><\/p>\n<p>Assistenza Camper, ricambi bombole ed accessori: <span style=\"text-decoration: underline;\"><a href=\"http:\/\/www.lavieonroad.it\/\" target=\"_blank\">www.lavieonroad.it<\/a><\/span><\/p>\n<p>Parcheggi a Verona Citt\u00e0: <span style=\"text-decoration: underline;\"><a href=\"http:\/\/www.poliziamunicipale.comune.verona.it\/nqcontent.cfm?a_id=20488\" target=\"_blank\">www.poliziamunicipale.comune.verona.it<\/a><\/span><\/p>\n<p>Area sosta Pastrengo:\u00a0<span style=\"text-decoration: underline;\"><a href=\"http:\/\/www.lacarica.com\/\" target=\"_blank\">www.lacarica.com<\/a><a href=\"http:\/\/www.poliziamunicipale.comune.verona.it\/nqcontent.cfm?a_id=20488\" target=\"_blank\"> <\/a><\/span><\/p>\n<p>Area sosta Castello di Soave:\u00a0<span style=\"text-decoration: underline;\"><a href=\"http:\/\/www.comunesoave.it\/fotoareasosta.php\" target=\"_blank\">www.comunesoave.it <\/a><\/span><\/p>\n<div class=\"7863122cad8776726ec303240ed69aa5\" data-index=\"4\" style=\"float: none; margin:10px 0 10px 0; text-align:center;\">\n<script async src=\"\/\/pagead2.googlesyndication.com\/pagead\/js\/adsbygoogle.js\"><\/script>\r\n<!-- 728x90, creato 23\/02\/11 -->\r\n<ins class=\"adsbygoogle\"\r\n     style=\"display:inline-block;width:728px;height:90px\"\r\n     data-ad-client=\"ca-pub-5798583071070083\"\r\n     data-ad-slot=\"5935394872\"><\/ins>\r\n<script>\r\n(adsbygoogle = window.adsbygoogle || []).push({});\r\n<\/script>\n<\/div>\n\n<div style=\"font-size: 0px; height: 0px; line-height: 0px; margin: 0; padding: 0; clear: both;\"><\/div>","protected":false},"excerpt":{"rendered":"<p>Villaggio di Natale Flover Venerdi 6 gennaio 2012 II\u00b0 raduno nazionale di Camper per salutare la Befana Dopo il successo dell&#8217;anno scorso si ripropone, ai camperisti alla scoperta di tradizioni originali, il raduno dei Re Magi che chiude tutte le festivit\u00e0. I Re Magi, se fossero vissuti ai giorni nostri, sarebbero sicuramente stati dei camperisti. [&hellip;]<\/p>\n","protected":false},"author":1,"featured_media":6876,"comment_status":"closed","ping_status":"open","sticky":false,"template":"","format":"standard","meta":{"ngg_post_thumbnail":0,"jnews-multi-image_gallery":[],"jnews_single_post":[],"jnews_primary_category":[],"jnews_override_counter":[],"footnotes":""},"categories":[164],"tags":[168],"class_list":["post-6875","post","type-post","status-publish","format-standard","has-post-thumbnail","hentry","category-associazioni","tag-raduni"],"yoast_head":"<!-- This site is optimized with the Yoast SEO plugin v27.4 - https:\/\/yoast.com\/product\/yoast-seo-wordpress\/ -->\n<title>II Raduno camper Bussolengo Verona 6 gennaio 2012 - TI - Turismo Itinerante<\/title>\n<meta name=\"robots\" content=\"index, follow, max-snippet:-1, max-image-preview:large, max-video-preview:-1\" \/>\n<link rel=\"canonical\" href=\"https:\/\/www.turismoitinerante.com\/site\/ii-raduno-camper-bussolengo-verona-6-gennaio-2012\/\" \/>\n<meta property=\"og:locale\" content=\"it_IT\" \/>\n<meta property=\"og:type\" content=\"article\" \/>\n<meta property=\"og:title\" content=\"II Raduno camper Bussolengo Verona 6 gennaio 2012 - TI - Turismo Itinerante\" \/>\n<meta property=\"og:description\" content=\"Villaggio di Natale Flover Venerdi 6 gennaio 2012 II\u00b0 raduno nazionale di Camper per salutare la Befana Dopo il successo dell&#8217;anno scorso si ripropone, ai camperisti alla scoperta di tradizioni originali, il raduno dei Re Magi che chiude tutte le festivit\u00e0. I Re Magi, se fossero vissuti ai giorni nostri, sarebbero sicuramente stati dei camperisti. [&hellip;]\" \/>\n<meta property=\"og:url\" content=\"https:\/\/www.turismoitinerante.com\/site\/ii-raduno-camper-bussolengo-verona-6-gennaio-2012\/\" \/>\n<meta property=\"og:site_name\" content=\"TI - Turismo Itinerante\" \/>\n<meta property=\"article:published_time\" content=\"2011-11-28T10:23:31+00:00\" \/>\n<meta property=\"og:image\" content=\"https:\/\/www.turismoitinerante.com\/site\/wp-content\/uploads\/2011\/11\/raduno-camper-befana-verona-e1322475729727.jpg\" \/>\n\t<meta property=\"og:image:width\" content=\"300\" \/>\n\t<meta property=\"og:image:height\" content=\"425\" \/>\n\t<meta property=\"og:image:type\" content=\"image\/jpeg\" \/>\n<meta name=\"author\" content=\"admin\" \/>\n<meta name=\"twitter:card\" content=\"summary_large_image\" \/>\n<meta name=\"twitter:label1\" content=\"Scritto da\" \/>\n\t<meta name=\"twitter:data1\" content=\"admin\" \/>\n\t<meta name=\"twitter:label2\" content=\"Tempo di lettura stimato\" \/>\n\t<meta name=\"twitter:data2\" content=\"2 minuti\" \/>\n<script type=\"application\/ld+json\" class=\"yoast-schema-graph\">{\"@context\":\"https:\\\/\\\/schema.org\",\"@graph\":[{\"@type\":\"Article\",\"@id\":\"https:\\\/\\\/www.turismoitinerante.com\\\/site\\\/ii-raduno-camper-bussolengo-verona-6-gennaio-2012\\\/#article\",\"isPartOf\":{\"@id\":\"https:\\\/\\\/www.turismoitinerante.com\\\/site\\\/ii-raduno-camper-bussolengo-verona-6-gennaio-2012\\\/\"},\"author\":{\"name\":\"admin\",\"@id\":\"https:\\\/\\\/www.turismoitinerante.com\\\/site\\\/#\\\/schema\\\/person\\\/1e1238d2d1617438f3682e54bf4d6c05\"},\"headline\":\"II Raduno camper Bussolengo Verona 6 gennaio 2012\",\"datePublished\":\"2011-11-28T10:23:31+00:00\",\"mainEntityOfPage\":{\"@id\":\"https:\\\/\\\/www.turismoitinerante.com\\\/site\\\/ii-raduno-camper-bussolengo-verona-6-gennaio-2012\\\/\"},\"wordCount\":437,\"image\":{\"@id\":\"https:\\\/\\\/www.turismoitinerante.com\\\/site\\\/ii-raduno-camper-bussolengo-verona-6-gennaio-2012\\\/#primaryimage\"},\"thumbnailUrl\":\"https:\\\/\\\/www.turismoitinerante.com\\\/site\\\/wp-content\\\/uploads\\\/2011\\\/11\\\/raduno-camper-befana-verona-e1322475729727.jpg\",\"keywords\":[\"Raduni camper\"],\"articleSection\":[\"Associazioni\"],\"inLanguage\":\"it-IT\"},{\"@type\":\"WebPage\",\"@id\":\"https:\\\/\\\/www.turismoitinerante.com\\\/site\\\/ii-raduno-camper-bussolengo-verona-6-gennaio-2012\\\/\",\"url\":\"https:\\\/\\\/www.turismoitinerante.com\\\/site\\\/ii-raduno-camper-bussolengo-verona-6-gennaio-2012\\\/\",\"name\":\"II Raduno camper Bussolengo Verona 6 gennaio 2012 - TI - Turismo Itinerante\",\"isPartOf\":{\"@id\":\"https:\\\/\\\/www.turismoitinerante.com\\\/site\\\/#website\"},\"primaryImageOfPage\":{\"@id\":\"https:\\\/\\\/www.turismoitinerante.com\\\/site\\\/ii-raduno-camper-bussolengo-verona-6-gennaio-2012\\\/#primaryimage\"},\"image\":{\"@id\":\"https:\\\/\\\/www.turismoitinerante.com\\\/site\\\/ii-raduno-camper-bussolengo-verona-6-gennaio-2012\\\/#primaryimage\"},\"thumbnailUrl\":\"https:\\\/\\\/www.turismoitinerante.com\\\/site\\\/wp-content\\\/uploads\\\/2011\\\/11\\\/raduno-camper-befana-verona-e1322475729727.jpg\",\"datePublished\":\"2011-11-28T10:23:31+00:00\",\"author\":{\"@id\":\"https:\\\/\\\/www.turismoitinerante.com\\\/site\\\/#\\\/schema\\\/person\\\/1e1238d2d1617438f3682e54bf4d6c05\"},\"breadcrumb\":{\"@id\":\"https:\\\/\\\/www.turismoitinerante.com\\\/site\\\/ii-raduno-camper-bussolengo-verona-6-gennaio-2012\\\/#breadcrumb\"},\"inLanguage\":\"it-IT\",\"potentialAction\":[{\"@type\":\"ReadAction\",\"target\":[\"https:\\\/\\\/www.turismoitinerante.com\\\/site\\\/ii-raduno-camper-bussolengo-verona-6-gennaio-2012\\\/\"]}]},{\"@type\":\"ImageObject\",\"inLanguage\":\"it-IT\",\"@id\":\"https:\\\/\\\/www.turismoitinerante.com\\\/site\\\/ii-raduno-camper-bussolengo-verona-6-gennaio-2012\\\/#primaryimage\",\"url\":\"https:\\\/\\\/www.turismoitinerante.com\\\/site\\\/wp-content\\\/uploads\\\/2011\\\/11\\\/raduno-camper-befana-verona-e1322475729727.jpg\",\"contentUrl\":\"https:\\\/\\\/www.turismoitinerante.com\\\/site\\\/wp-content\\\/uploads\\\/2011\\\/11\\\/raduno-camper-befana-verona-e1322475729727.jpg\",\"width\":\"300\",\"height\":\"425\",\"caption\":\"raduno-camper-befana-verona\"},{\"@type\":\"BreadcrumbList\",\"@id\":\"https:\\\/\\\/www.turismoitinerante.com\\\/site\\\/ii-raduno-camper-bussolengo-verona-6-gennaio-2012\\\/#breadcrumb\",\"itemListElement\":[{\"@type\":\"ListItem\",\"position\":1,\"name\":\"Home\",\"item\":\"https:\\\/\\\/www.turismoitinerante.com\\\/site\\\/\"},{\"@type\":\"ListItem\",\"position\":2,\"name\":\"II Raduno camper Bussolengo Verona 6 gennaio 2012\"}]},{\"@type\":\"WebSite\",\"@id\":\"https:\\\/\\\/www.turismoitinerante.com\\\/site\\\/#website\",\"url\":\"https:\\\/\\\/www.turismoitinerante.com\\\/site\\\/\",\"name\":\"TI - Turismo Itinerante\",\"description\":\"Ritrovarsi su internet per informarsi, per informare. Il portale del turismo itinerante. Una infinit\u00e0 di notizie su camper, itinerari, aree sosta camper, concessionari, campeggi, agriturismo, raduni, sagre, fiere, mostre, associazioni, club, forum, bacheca annunci\",\"potentialAction\":[{\"@type\":\"SearchAction\",\"target\":{\"@type\":\"EntryPoint\",\"urlTemplate\":\"https:\\\/\\\/www.turismoitinerante.com\\\/site\\\/?s={search_term_string}\"},\"query-input\":{\"@type\":\"PropertyValueSpecification\",\"valueRequired\":true,\"valueName\":\"search_term_string\"}}],\"inLanguage\":\"it-IT\"},{\"@type\":\"Person\",\"@id\":\"https:\\\/\\\/www.turismoitinerante.com\\\/site\\\/#\\\/schema\\\/person\\\/1e1238d2d1617438f3682e54bf4d6c05\",\"name\":\"admin\",\"image\":{\"@type\":\"ImageObject\",\"inLanguage\":\"it-IT\",\"@id\":\"https:\\\/\\\/secure.gravatar.com\\\/avatar\\\/9102d8c23b35e2809b07ebc42ce126daa3d6a47cce9878a22d14d9852ade629e?s=96&d=mm&r=g\",\"url\":\"https:\\\/\\\/secure.gravatar.com\\\/avatar\\\/9102d8c23b35e2809b07ebc42ce126daa3d6a47cce9878a22d14d9852ade629e?s=96&d=mm&r=g\",\"contentUrl\":\"https:\\\/\\\/secure.gravatar.com\\\/avatar\\\/9102d8c23b35e2809b07ebc42ce126daa3d6a47cce9878a22d14d9852ade629e?s=96&d=mm&r=g\",\"caption\":\"admin\"},\"url\":\"https:\\\/\\\/www.turismoitinerante.com\\\/site\\\/author\\\/admin\\\/\"}]}<\/script>\n<!-- \/ Yoast SEO plugin. -->","yoast_head_json":{"title":"II Raduno camper Bussolengo Verona 6 gennaio 2012 - TI - Turismo Itinerante","robots":{"index":"index","follow":"follow","max-snippet":"max-snippet:-1","max-image-preview":"max-image-preview:large","max-video-preview":"max-video-preview:-1"},"canonical":"https:\/\/www.turismoitinerante.com\/site\/ii-raduno-camper-bussolengo-verona-6-gennaio-2012\/","og_locale":"it_IT","og_type":"article","og_title":"II Raduno camper Bussolengo Verona 6 gennaio 2012 - TI - Turismo Itinerante","og_description":"Villaggio di Natale Flover Venerdi 6 gennaio 2012 II\u00b0 raduno nazionale di Camper per salutare la Befana Dopo il successo dell&#8217;anno scorso si ripropone, ai camperisti alla scoperta di tradizioni originali, il raduno dei Re Magi che chiude tutte le festivit\u00e0. I Re Magi, se fossero vissuti ai giorni nostri, sarebbero sicuramente stati dei camperisti. [&hellip;]","og_url":"https:\/\/www.turismoitinerante.com\/site\/ii-raduno-camper-bussolengo-verona-6-gennaio-2012\/","og_site_name":"TI - Turismo Itinerante","article_published_time":"2011-11-28T10:23:31+00:00","og_image":[{"width":300,"height":425,"url":"https:\/\/www.turismoitinerante.com\/site\/wp-content\/uploads\/2011\/11\/raduno-camper-befana-verona-e1322475729727.jpg","type":"image\/jpeg"}],"author":"admin","twitter_card":"summary_large_image","twitter_misc":{"Scritto da":"admin","Tempo di lettura stimato":"2 minuti"},"schema":{"@context":"https:\/\/schema.org","@graph":[{"@type":"Article","@id":"https:\/\/www.turismoitinerante.com\/site\/ii-raduno-camper-bussolengo-verona-6-gennaio-2012\/#article","isPartOf":{"@id":"https:\/\/www.turismoitinerante.com\/site\/ii-raduno-camper-bussolengo-verona-6-gennaio-2012\/"},"author":{"name":"admin","@id":"https:\/\/www.turismoitinerante.com\/site\/#\/schema\/person\/1e1238d2d1617438f3682e54bf4d6c05"},"headline":"II Raduno camper Bussolengo Verona 6 gennaio 2012","datePublished":"2011-11-28T10:23:31+00:00","mainEntityOfPage":{"@id":"https:\/\/www.turismoitinerante.com\/site\/ii-raduno-camper-bussolengo-verona-6-gennaio-2012\/"},"wordCount":437,"image":{"@id":"https:\/\/www.turismoitinerante.com\/site\/ii-raduno-camper-bussolengo-verona-6-gennaio-2012\/#primaryimage"},"thumbnailUrl":"https:\/\/www.turismoitinerante.com\/site\/wp-content\/uploads\/2011\/11\/raduno-camper-befana-verona-e1322475729727.jpg","keywords":["Raduni camper"],"articleSection":["Associazioni"],"inLanguage":"it-IT"},{"@type":"WebPage","@id":"https:\/\/www.turismoitinerante.com\/site\/ii-raduno-camper-bussolengo-verona-6-gennaio-2012\/","url":"https:\/\/www.turismoitinerante.com\/site\/ii-raduno-camper-bussolengo-verona-6-gennaio-2012\/","name":"II Raduno camper Bussolengo Verona 6 gennaio 2012 - TI - Turismo Itinerante","isPartOf":{"@id":"https:\/\/www.turismoitinerante.com\/site\/#website"},"primaryImageOfPage":{"@id":"https:\/\/www.turismoitinerante.com\/site\/ii-raduno-camper-bussolengo-verona-6-gennaio-2012\/#primaryimage"},"image":{"@id":"https:\/\/www.turismoitinerante.com\/site\/ii-raduno-camper-bussolengo-verona-6-gennaio-2012\/#primaryimage"},"thumbnailUrl":"https:\/\/www.turismoitinerante.com\/site\/wp-content\/uploads\/2011\/11\/raduno-camper-befana-verona-e1322475729727.jpg","datePublished":"2011-11-28T10:23:31+00:00","author":{"@id":"https:\/\/www.turismoitinerante.com\/site\/#\/schema\/person\/1e1238d2d1617438f3682e54bf4d6c05"},"breadcrumb":{"@id":"https:\/\/www.turismoitinerante.com\/site\/ii-raduno-camper-bussolengo-verona-6-gennaio-2012\/#breadcrumb"},"inLanguage":"it-IT","potentialAction":[{"@type":"ReadAction","target":["https:\/\/www.turismoitinerante.com\/site\/ii-raduno-camper-bussolengo-verona-6-gennaio-2012\/"]}]},{"@type":"ImageObject","inLanguage":"it-IT","@id":"https:\/\/www.turismoitinerante.com\/site\/ii-raduno-camper-bussolengo-verona-6-gennaio-2012\/#primaryimage","url":"https:\/\/www.turismoitinerante.com\/site\/wp-content\/uploads\/2011\/11\/raduno-camper-befana-verona-e1322475729727.jpg","contentUrl":"https:\/\/www.turismoitinerante.com\/site\/wp-content\/uploads\/2011\/11\/raduno-camper-befana-verona-e1322475729727.jpg","width":"300","height":"425","caption":"raduno-camper-befana-verona"},{"@type":"BreadcrumbList","@id":"https:\/\/www.turismoitinerante.com\/site\/ii-raduno-camper-bussolengo-verona-6-gennaio-2012\/#breadcrumb","itemListElement":[{"@type":"ListItem","position":1,"name":"Home","item":"https:\/\/www.turismoitinerante.com\/site\/"},{"@type":"ListItem","position":2,"name":"II Raduno camper Bussolengo Verona 6 gennaio 2012"}]},{"@type":"WebSite","@id":"https:\/\/www.turismoitinerante.com\/site\/#website","url":"https:\/\/www.turismoitinerante.com\/site\/","name":"TI - Turismo Itinerante","description":"Ritrovarsi su internet per informarsi, per informare. Il portale del turismo itinerante. Una infinit\u00e0 di notizie su camper, itinerari, aree sosta camper, concessionari, campeggi, agriturismo, raduni, sagre, fiere, mostre, associazioni, club, forum, bacheca annunci","potentialAction":[{"@type":"SearchAction","target":{"@type":"EntryPoint","urlTemplate":"https:\/\/www.turismoitinerante.com\/site\/?s={search_term_string}"},"query-input":{"@type":"PropertyValueSpecification","valueRequired":true,"valueName":"search_term_string"}}],"inLanguage":"it-IT"},{"@type":"Person","@id":"https:\/\/www.turismoitinerante.com\/site\/#\/schema\/person\/1e1238d2d1617438f3682e54bf4d6c05","name":"admin","image":{"@type":"ImageObject","inLanguage":"it-IT","@id":"https:\/\/secure.gravatar.com\/avatar\/9102d8c23b35e2809b07ebc42ce126daa3d6a47cce9878a22d14d9852ade629e?s=96&d=mm&r=g","url":"https:\/\/secure.gravatar.com\/avatar\/9102d8c23b35e2809b07ebc42ce126daa3d6a47cce9878a22d14d9852ade629e?s=96&d=mm&r=g","contentUrl":"https:\/\/secure.gravatar.com\/avatar\/9102d8c23b35e2809b07ebc42ce126daa3d6a47cce9878a22d14d9852ade629e?s=96&d=mm&r=g","caption":"admin"},"url":"https:\/\/www.turismoitinerante.com\/site\/author\/admin\/"}]}},"_links":{"self":[{"href":"https:\/\/www.turismoitinerante.com\/site\/wp-json\/wp\/v2\/posts\/6875","targetHints":{"allow":["GET"]}}],"collection":[{"href":"https:\/\/www.turismoitinerante.com\/site\/wp-json\/wp\/v2\/posts"}],"about":[{"href":"https:\/\/www.turismoitinerante.com\/site\/wp-json\/wp\/v2\/types\/post"}],"author":[{"embeddable":true,"href":"https:\/\/www.turismoitinerante.com\/site\/wp-json\/wp\/v2\/users\/1"}],"replies":[{"embeddable":true,"href":"https:\/\/www.turismoitinerante.com\/site\/wp-json\/wp\/v2\/comments?post=6875"}],"version-history":[{"count":2,"href":"https:\/\/www.turismoitinerante.com\/site\/wp-json\/wp\/v2\/posts\/6875\/revisions"}],"predecessor-version":[{"id":6878,"href":"https:\/\/www.turismoitinerante.com\/site\/wp-json\/wp\/v2\/posts\/6875\/revisions\/6878"}],"wp:featuredmedia":[{"embeddable":true,"href":"https:\/\/www.turismoitinerante.com\/site\/wp-json\/wp\/v2\/media\/6876"}],"wp:attachment":[{"href":"https:\/\/www.turismoitinerante.com\/site\/wp-json\/wp\/v2\/media?parent=6875"}],"wp:term":[{"taxonomy":"category","embeddable":true,"href":"https:\/\/www.turismoitinerante.com\/site\/wp-json\/wp\/v2\/categories?post=6875"},{"taxonomy":"post_tag","embeddable":true,"href":"https:\/\/www.turismoitinerante.com\/site\/wp-json\/wp\/v2\/tags?post=6875"}],"curies":[{"name":"wp","href":"https:\/\/api.w.org\/{rel}","templated":true}]}}