{"id":68694,"date":"2025-10-06T08:55:43","date_gmt":"2025-10-06T07:55:43","guid":{"rendered":"https:\/\/www.turismoitinerante.com\/site\/?p=68694"},"modified":"2025-10-06T08:55:43","modified_gmt":"2025-10-06T07:55:43","slug":"il-wttc-global-summit-ha-posto-roma-al-centro-del-turismo-mondiale","status":"publish","type":"post","link":"https:\/\/www.turismoitinerante.com\/site\/il-wttc-global-summit-ha-posto-roma-al-centro-del-turismo-mondiale\/","title":{"rendered":"Il WTTC Global Summit ha posto Roma al centro del turismo mondiale"},"content":{"rendered":"<p><strong>Di Tania Turnaturi<\/strong><\/p>\n<p>Il vertice del turismo mondiale, ospitato per la prima volta in Italia, ha concluso la sua tre giorni con un annuncio significativo: dal WTTC Global Summit 8 miliardi di investimenti per il futuro del turismo italiano.<\/p>\n<p>&#8220;Questo annuncio rappresenta una svolta storica per il turismo italiano. L&#8217;arrivo di otto miliardi di euro di investimenti non solo testimonia la fiducia delle grandi aziende nel nostro Paese, ma \u00e8 anche un chiaro segnale che l&#8217;Italia resta una delle destinazioni pi\u00f9 ambite a livello globale. Il WTTC Global Summit ha dimostrato di essere un catalizzatore di opportunit\u00e0, e la visione e l&#8217;impegno del governo Meloni hanno certamente giocato un ruolo cruciale in questo successo. Siamo di fronte a un&#8217;opportunit\u00e0 imperdibile per reinventare e rilanciare il nostro settore, creando posti di lavoro e promuovendo l&#8217;innovazione. Il turismo, in quanto motore dell&#8217;economia, continuer\u00e0 a svolgere un ruolo fondamentale nel nostro sviluppo. Dobbiamo ora lavorare insieme per garantire che questi investimenti si traducano in risultati concreti e duraturi\u201d. Ha commentato <b>Manfredi Lefebvre d\u2019Ovidio, Chairman&nbsp;eletto&nbsp;del&nbsp;WTTC<\/b>.<\/p>\n<p>World Travel and Tourism Council \u00e8 il forum permanente del turismo, composto da membri della comunit\u00e0 imprenditoriale globale che collaborano con i governi, <b>tornato dopo 6 anni in Europa e per la prima volta in Italia, <\/b>primo Paese del G7 a ospitare il WTTC Global Summit dal 2015 (dopo gli Stati Uniti).&nbsp;<\/p>\n<p>Organizzato insieme al ministero del Turismo, ENIT, Regione Lazio e Comune di Roma, ha portato nella capitale oltre mille delegati dai cinque continenti.<\/p>\n<p>Questa venticinquesima edizione, sul leit motif della \u201cGrande Bellezza\u201d, ha affrontato le prospettive e nuove opportunit\u00e0 occupazionali e l\u2019innovazione guidata dall\u2019intelligenza artificiale, evidenziando la capacit\u00e0 italiana di attrarre fiducia, capitali e investitori.&nbsp;&nbsp;<\/p>\n<p><img decoding=\"async\" class=\"size-large wp-image-68696\" src=\"https:\/\/www.turismoitinerante.com\/site\/wp-content\/uploads\/2025\/10\/WTTC-1-1024x636.jpg\" alt=\"\" width=\"1024\" height=\"636\" srcset=\"https:\/\/www.turismoitinerante.com\/site\/wp-content\/uploads\/2025\/10\/WTTC-1-1024x636.jpg 1024w, https:\/\/www.turismoitinerante.com\/site\/wp-content\/uploads\/2025\/10\/WTTC-1-300x186.jpg 300w, https:\/\/www.turismoitinerante.com\/site\/wp-content\/uploads\/2025\/10\/WTTC-1-768x477.jpg 768w, https:\/\/www.turismoitinerante.com\/site\/wp-content\/uploads\/2025\/10\/WTTC-1-750x466.jpg 750w, https:\/\/www.turismoitinerante.com\/site\/wp-content\/uploads\/2025\/10\/WTTC-1-1140x708.jpg 1140w, https:\/\/www.turismoitinerante.com\/site\/wp-content\/uploads\/2025\/10\/WTTC-1.jpg 1200w\" sizes=\"(max-width: 1024px) 100vw, 1024px\" \/><\/p>\n<p>Rivolgendosi alla platea di centinaia di delegati internazionali, 310 Ceo e presidenti d\u2019azienda, ministri e leader del settore, il presidente del Consiglio <b>Giorgia Meloni<\/b>, in apertura dei lavori ha sostenuto: \u201cIl turismo \u00e8 uno straordinario generatore di ricchezza, che vale il 13% del PIL nazionale ed \u00e8 uno strumento con cui l\u2019Italia parla al mondo della sua identit\u00e0 e la rende ammirata ovunque\u201d.&nbsp;<\/p>\n<p>Il ministro del Turismo&nbsp;<b>Daniela Santanch\u00e8<\/b> ha sottolineato: \u201cL\u2019impegno istituzionale per la crescita e modernizzazione del comparto e il forum \u00e8 una straordinaria opportunit\u00e0 per mostrare al mondo i nostri risultati e il nostro potenziale. Questi investimenti si tradurranno nella creazione di posti di lavoro, a conferma di come il turismo sia un potente ascensore sociale per le nuove generazioni, soprattutto in quelle aree ancora poco conosciute che rappresentano il 96% del territorio nazionale\u201d.&nbsp;<\/p>\n<p>I dati sono confortanti: +6,22% di arrivi rispetto al 2024, superando la&nbsp;<b>Spagna<\/b>&nbsp;nella crescita dei pernottamenti fino a luglio 2025 (+2,2% contro +1,6%).<\/p>\n<p>\u201cL\u2019Italia&nbsp;non solo vanta un travel fiorente, destinato a contribuire con oltre 237 mld di euro all\u2019economia quest\u2019anno, ma dimostra anche una vera leadership e sta definendo lo standard su come il turismo pu\u00f2 alimentare le economie, creare occupazione e ispirare la collaborazione globale\u201d, ha sottolineato&nbsp;<b>Gloria Guevara<\/b>, Ceo ad interim del WTTC.<\/p>\n<p>Nel 2025 si avranno 14 milioni di nuovi posti di lavoro, per un totale di 371 milioni, ed entro il 2035 il comparto varr\u00e0 16.500 miliardi di euro, pari all\u201911,5% del PIL mondiale. Il turismo cresce del 3,5% annuo, superiore alla media globale, con in testa <b>Stati Uniti&nbsp;e Cina<\/b>, mentre cinque dei dieci mercati pi\u00f9 potenti del mondo sono europei:&nbsp;<b>Italia, Francia, Spagna, Germania&nbsp;e&nbsp;Regno Unito<\/b>. In crescita il business travel e il turismo luxury che pone al centro l\u2019esperienza. Il travel in&nbsp;Italia&nbsp;genera oltre 3 milioni di posti, contribuendo alla crescita delle economie locali e alla valorizzazione delle eccellenze del&nbsp;made in Italy, mantenendo l\u2019Italia nella top 10 globale.<\/p>\n<p>L\u2019occupazione nazionale dovrebbe salire a 3,2 milioni di posti di lavoro, mentre la spesa dei visitatori internazionali dovrebbe superare i 60 miliardi di euro nell\u2019anno corrente, consolidando la posizione dell\u2019Italia tra le prime sei destinazioni al mondo per spesa dei visitatori internazionali.<\/p>\n<p>\u201cIl WTTC \u00e8 impegnato nel sostenere le imprese del settore sensibilizzando i governi sull\u2019importanza del turismo come motore di crescita e opportunit\u00e0 economica. Al tempo stesso, come settore abbiamo la responsabilit\u00e0 di ridurre al minimo il nostro impatto ambientale e promuovere pratiche che proteggano il nostro pianeta, ci\u00f2 significa investire in iniziative di turismo sostenibile, sostenere le comunit\u00e0 locali e incoraggiare comportamenti di viaggio responsabili&#8221;. Ha affermato <b>Manfredi Lefebvre d\u2019Ovidio<\/b>, Presidente eletto del World Travel &amp; Tourism Council (WTTC).<\/p>\n<p><img decoding=\"async\" class=\"alignnone size-large wp-image-68697\" src=\"https:\/\/www.turismoitinerante.com\/site\/wp-content\/uploads\/2025\/10\/WTTC-1-1-1024x683.jpg\" alt=\"\" width=\"1024\" height=\"683\" srcset=\"https:\/\/www.turismoitinerante.com\/site\/wp-content\/uploads\/2025\/10\/WTTC-1-1-1024x683.jpg 1024w, https:\/\/www.turismoitinerante.com\/site\/wp-content\/uploads\/2025\/10\/WTTC-1-1-300x200.jpg 300w, https:\/\/www.turismoitinerante.com\/site\/wp-content\/uploads\/2025\/10\/WTTC-1-1-768x512.jpg 768w, https:\/\/www.turismoitinerante.com\/site\/wp-content\/uploads\/2025\/10\/WTTC-1-1-1536x1025.jpg 1536w, https:\/\/www.turismoitinerante.com\/site\/wp-content\/uploads\/2025\/10\/WTTC-1-1-750x500.jpg 750w, https:\/\/www.turismoitinerante.com\/site\/wp-content\/uploads\/2025\/10\/WTTC-1-1-1140x760.jpg 1140w, https:\/\/www.turismoitinerante.com\/site\/wp-content\/uploads\/2025\/10\/WTTC-1-1.jpg 2048w\" sizes=\"(max-width: 1024px) 100vw, 1024px\" \/><\/p>\n<p>Il settore dei Viaggi &amp; Turismo sta creando opportunit\u00e0 concrete per i giovani: il 9,2 per cento dei posti di lavoro diretti in Italia \u00e8 occupato da lavoratori sotto i 25 anni, quasi il doppio rispetto alla loro quota nell\u2019economia in generale.&nbsp;<\/p>\n<p>Le partnership internazionali e le sinergie pubblico-privato, gli ecosistemi digitali e la capacit\u00e0 attrattiva del territorio offrono all\u2019Italia la possibilit\u00e0 di attrarre capitali utili sia per il rilancio dei territori meno noti sia per le citt\u00e0 d\u2019arte.&nbsp;<\/p>\n<p>L\u2019intelligenza artificiale \u00e8 stata al centro del dibattito: entro il 2026, il 65% dei turisti utilizzer\u00e0 strumenti di AI per pianificare itinerari, contro il 16% del 2023. Negli Stati Uniti, il 90% delle compagnie di viaggio sta gi\u00e0 sperimentando agenti digitali. \u201cL\u2019AI non \u00e8 una minaccia ma un\u2019opportunit\u00e0 &#8211; ha spiegato&nbsp;<b>Santanch\u00e8 &#8211;<\/b>. Deve aiutarci a innovare, senza dimenticare che la centralit\u00e0 dell\u2019uomo resta la nostra bussola\u201d.<\/p>\n<p>Svariati i temi affrontati nei panel e tavole rotonde: riduzione dell\u2019impatto ambientale delle strutture ricettive; mobilit\u00e0 sostenibile e intermodale; esperienze autentiche che valorizzino le comunit\u00e0 locali; digitalizzazione dei servizi; utilizzo di big data e intelligenza artificiale per gestire il flusso turistico ed evitare l\u2019overtourism; esperienze immersive di realt\u00e0 aumentata nei siti culturali; valorizzazione delle destinazioni minori.<\/p>\n<p>L\u2019Italia, tra i protagonisti del turismo mondiale, si candida ad un ruolo di leadership. Il successo dell\u2019estate 2025 dimostra che investire su valore, qualit\u00e0, formazione e rispetto dell\u2019ambiente \u00e8 strategia premiante.<\/p>\n<p>Nei prossimi anni bisogner\u00e0 consolidare e valorizzare questa eredit\u00e0, ponendo l\u2019Italia al centro tra storia, cultura, sostenibilit\u00e0 e nuove tecnologie.&nbsp;&nbsp;<\/p>\n<p>&nbsp;<\/p>\n<div class=\"7863122cad8776726ec303240ed69aa5\" data-index=\"4\" style=\"float: none; margin:10px 0 10px 0; text-align:center;\">\n<script async src=\"\/\/pagead2.googlesyndication.com\/pagead\/js\/adsbygoogle.js\"><\/script>\r\n<!-- 728x90, creato 23\/02\/11 -->\r\n<ins class=\"adsbygoogle\"\r\n     style=\"display:inline-block;width:728px;height:90px\"\r\n     data-ad-client=\"ca-pub-5798583071070083\"\r\n     data-ad-slot=\"5935394872\"><\/ins>\r\n<script>\r\n(adsbygoogle = window.adsbygoogle || []).push({});\r\n<\/script>\n<\/div>\n\n<div style=\"font-size: 0px; height: 0px; line-height: 0px; margin: 0; padding: 0; clear: both;\"><\/div>","protected":false},"excerpt":{"rendered":"<p>Di Tania Turnaturi Il vertice del turismo mondiale, ospitato per la prima volta in Italia, ha concluso la sua tre giorni con un annuncio significativo: dal WTTC Global Summit 8 miliardi di investimenti per il futuro del turismo italiano. &#8220;Questo annuncio rappresenta una svolta storica per il turismo italiano. L&#8217;arrivo di otto miliardi di euro [&hellip;]<\/p>\n","protected":false},"author":1,"featured_media":68695,"comment_status":"closed","ping_status":"open","sticky":false,"template":"","format":"standard","meta":{"ngg_post_thumbnail":0,"jnews-multi-image_gallery":[],"jnews_single_post":{"format":"standard","override":[{"template":"1","parallax":"1","fullscreen":"1","layout":"right-sidebar","sidebar":"default-sidebar","second_sidebar":"default-sidebar","sticky_sidebar":"1","share_position":"top","share_float_style":"share-monocrhome","show_share_counter":"1","show_view_counter":"1","show_featured":"1","show_post_meta":"1","show_post_author":"1","show_post_author_image":"1","show_post_date":"1","post_date_format":"default","post_date_format_custom":"Y\/m\/d","show_post_category":"1","show_post_reading_time":"0","post_reading_time_wpm":"300","post_calculate_word_method":"str_word_count","show_zoom_button":"0","zoom_button_out_step":"2","zoom_button_in_step":"3","show_post_tag":"1","show_prev_next_post":"1","show_popup_post":"1","number_popup_post":"1","show_author_box":"1","show_post_related":"0","show_inline_post_related":"0"}],"image_override":[{"single_post_thumbnail_size":"crop-500","single_post_gallery_size":"crop-500"}],"trending_post_position":"meta","trending_post_label":"Trending","sponsored_post_label":"Sponsored by","disable_ad":"0","subtitle":""},"jnews_primary_category":[],"jnews_override_counter":{"view_counter_number":"0","share_counter_number":"0","like_counter_number":"0","dislike_counter_number":"0"},"footnotes":""},"categories":[621],"tags":[2792],"class_list":["post-68694","post","type-post","status-publish","format-standard","has-post-thumbnail","hentry","category-info-turismo","tag-wttc-global-summit"],"yoast_head":"<!-- This site is optimized with the Yoast SEO plugin v27.4 - https:\/\/yoast.com\/product\/yoast-seo-wordpress\/ -->\n<title>Il WTTC Global Summit ha posto Roma al centro del turismo mondiale<\/title>\n<meta name=\"description\" content=\"Dal WTTC Global Summit 8 miliardi di investimenti per il futuro del turismo italiano\" \/>\n<meta name=\"robots\" content=\"index, follow, max-snippet:-1, max-image-preview:large, max-video-preview:-1\" \/>\n<link rel=\"canonical\" href=\"https:\/\/www.turismoitinerante.com\/site\/il-wttc-global-summit-ha-posto-roma-al-centro-del-turismo-mondiale\/\" \/>\n<meta property=\"og:locale\" content=\"it_IT\" \/>\n<meta property=\"og:type\" content=\"article\" \/>\n<meta property=\"og:title\" content=\"Il WTTC Global Summit ha posto Roma al centro del turismo mondiale\" \/>\n<meta property=\"og:description\" content=\"Dal WTTC Global Summit 8 miliardi di investimenti per il futuro del turismo italiano\" \/>\n<meta property=\"og:url\" content=\"https:\/\/www.turismoitinerante.com\/site\/il-wttc-global-summit-ha-posto-roma-al-centro-del-turismo-mondiale\/\" \/>\n<meta property=\"og:site_name\" content=\"TI - Turismo Itinerante\" \/>\n<meta property=\"article:published_time\" content=\"2025-10-06T07:55:43+00:00\" \/>\n<meta property=\"og:image\" content=\"https:\/\/www.turismoitinerante.com\/site\/wp-content\/uploads\/2025\/10\/Apertura-WTTC.jpeg\" \/>\n\t<meta property=\"og:image:width\" content=\"2048\" \/>\n\t<meta property=\"og:image:height\" content=\"1536\" \/>\n\t<meta property=\"og:image:type\" content=\"image\/jpeg\" \/>\n<meta name=\"author\" content=\"admin\" \/>\n<meta name=\"twitter:card\" content=\"summary_large_image\" \/>\n<meta name=\"twitter:label1\" content=\"Scritto da\" \/>\n\t<meta name=\"twitter:data1\" content=\"admin\" \/>\n\t<meta name=\"twitter:label2\" content=\"Tempo di lettura stimato\" \/>\n\t<meta name=\"twitter:data2\" content=\"6 minuti\" \/>\n<script type=\"application\/ld+json\" class=\"yoast-schema-graph\">{\"@context\":\"https:\\\/\\\/schema.org\",\"@graph\":[{\"@type\":\"Article\",\"@id\":\"https:\\\/\\\/www.turismoitinerante.com\\\/site\\\/il-wttc-global-summit-ha-posto-roma-al-centro-del-turismo-mondiale\\\/#article\",\"isPartOf\":{\"@id\":\"https:\\\/\\\/www.turismoitinerante.com\\\/site\\\/il-wttc-global-summit-ha-posto-roma-al-centro-del-turismo-mondiale\\\/\"},\"author\":{\"name\":\"admin\",\"@id\":\"https:\\\/\\\/www.turismoitinerante.com\\\/site\\\/#\\\/schema\\\/person\\\/1e1238d2d1617438f3682e54bf4d6c05\"},\"headline\":\"Il WTTC Global Summit ha posto Roma al centro del turismo mondiale\",\"datePublished\":\"2025-10-06T07:55:43+00:00\",\"mainEntityOfPage\":{\"@id\":\"https:\\\/\\\/www.turismoitinerante.com\\\/site\\\/il-wttc-global-summit-ha-posto-roma-al-centro-del-turismo-mondiale\\\/\"},\"wordCount\":1009,\"image\":{\"@id\":\"https:\\\/\\\/www.turismoitinerante.com\\\/site\\\/il-wttc-global-summit-ha-posto-roma-al-centro-del-turismo-mondiale\\\/#primaryimage\"},\"thumbnailUrl\":\"https:\\\/\\\/www.turismoitinerante.com\\\/site\\\/wp-content\\\/uploads\\\/2025\\\/10\\\/Apertura-WTTC.jpeg\",\"keywords\":[\"WTTC Global Summit\"],\"articleSection\":[\"Turismo\"],\"inLanguage\":\"it-IT\"},{\"@type\":\"WebPage\",\"@id\":\"https:\\\/\\\/www.turismoitinerante.com\\\/site\\\/il-wttc-global-summit-ha-posto-roma-al-centro-del-turismo-mondiale\\\/\",\"url\":\"https:\\\/\\\/www.turismoitinerante.com\\\/site\\\/il-wttc-global-summit-ha-posto-roma-al-centro-del-turismo-mondiale\\\/\",\"name\":\"Il WTTC Global Summit ha posto Roma al centro del turismo mondiale\",\"isPartOf\":{\"@id\":\"https:\\\/\\\/www.turismoitinerante.com\\\/site\\\/#website\"},\"primaryImageOfPage\":{\"@id\":\"https:\\\/\\\/www.turismoitinerante.com\\\/site\\\/il-wttc-global-summit-ha-posto-roma-al-centro-del-turismo-mondiale\\\/#primaryimage\"},\"image\":{\"@id\":\"https:\\\/\\\/www.turismoitinerante.com\\\/site\\\/il-wttc-global-summit-ha-posto-roma-al-centro-del-turismo-mondiale\\\/#primaryimage\"},\"thumbnailUrl\":\"https:\\\/\\\/www.turismoitinerante.com\\\/site\\\/wp-content\\\/uploads\\\/2025\\\/10\\\/Apertura-WTTC.jpeg\",\"datePublished\":\"2025-10-06T07:55:43+00:00\",\"author\":{\"@id\":\"https:\\\/\\\/www.turismoitinerante.com\\\/site\\\/#\\\/schema\\\/person\\\/1e1238d2d1617438f3682e54bf4d6c05\"},\"description\":\"Dal WTTC Global Summit 8 miliardi di investimenti per il futuro del turismo italiano\",\"breadcrumb\":{\"@id\":\"https:\\\/\\\/www.turismoitinerante.com\\\/site\\\/il-wttc-global-summit-ha-posto-roma-al-centro-del-turismo-mondiale\\\/#breadcrumb\"},\"inLanguage\":\"it-IT\",\"potentialAction\":[{\"@type\":\"ReadAction\",\"target\":[\"https:\\\/\\\/www.turismoitinerante.com\\\/site\\\/il-wttc-global-summit-ha-posto-roma-al-centro-del-turismo-mondiale\\\/\"]}]},{\"@type\":\"ImageObject\",\"inLanguage\":\"it-IT\",\"@id\":\"https:\\\/\\\/www.turismoitinerante.com\\\/site\\\/il-wttc-global-summit-ha-posto-roma-al-centro-del-turismo-mondiale\\\/#primaryimage\",\"url\":\"https:\\\/\\\/www.turismoitinerante.com\\\/site\\\/wp-content\\\/uploads\\\/2025\\\/10\\\/Apertura-WTTC.jpeg\",\"contentUrl\":\"https:\\\/\\\/www.turismoitinerante.com\\\/site\\\/wp-content\\\/uploads\\\/2025\\\/10\\\/Apertura-WTTC.jpeg\",\"width\":2048,\"height\":1536},{\"@type\":\"BreadcrumbList\",\"@id\":\"https:\\\/\\\/www.turismoitinerante.com\\\/site\\\/il-wttc-global-summit-ha-posto-roma-al-centro-del-turismo-mondiale\\\/#breadcrumb\",\"itemListElement\":[{\"@type\":\"ListItem\",\"position\":1,\"name\":\"Home\",\"item\":\"https:\\\/\\\/www.turismoitinerante.com\\\/site\\\/\"},{\"@type\":\"ListItem\",\"position\":2,\"name\":\"Il WTTC Global Summit ha posto Roma al centro del turismo mondiale\"}]},{\"@type\":\"WebSite\",\"@id\":\"https:\\\/\\\/www.turismoitinerante.com\\\/site\\\/#website\",\"url\":\"https:\\\/\\\/www.turismoitinerante.com\\\/site\\\/\",\"name\":\"TI - Turismo Itinerante\",\"description\":\"Ritrovarsi su internet per informarsi, per informare. Il portale del turismo itinerante. Una infinit\u00e0 di notizie su camper, itinerari, aree sosta camper, concessionari, campeggi, agriturismo, raduni, sagre, fiere, mostre, associazioni, club, forum, bacheca annunci\",\"potentialAction\":[{\"@type\":\"SearchAction\",\"target\":{\"@type\":\"EntryPoint\",\"urlTemplate\":\"https:\\\/\\\/www.turismoitinerante.com\\\/site\\\/?s={search_term_string}\"},\"query-input\":{\"@type\":\"PropertyValueSpecification\",\"valueRequired\":true,\"valueName\":\"search_term_string\"}}],\"inLanguage\":\"it-IT\"},{\"@type\":\"Person\",\"@id\":\"https:\\\/\\\/www.turismoitinerante.com\\\/site\\\/#\\\/schema\\\/person\\\/1e1238d2d1617438f3682e54bf4d6c05\",\"name\":\"admin\",\"image\":{\"@type\":\"ImageObject\",\"inLanguage\":\"it-IT\",\"@id\":\"https:\\\/\\\/secure.gravatar.com\\\/avatar\\\/9102d8c23b35e2809b07ebc42ce126daa3d6a47cce9878a22d14d9852ade629e?s=96&d=mm&r=g\",\"url\":\"https:\\\/\\\/secure.gravatar.com\\\/avatar\\\/9102d8c23b35e2809b07ebc42ce126daa3d6a47cce9878a22d14d9852ade629e?s=96&d=mm&r=g\",\"contentUrl\":\"https:\\\/\\\/secure.gravatar.com\\\/avatar\\\/9102d8c23b35e2809b07ebc42ce126daa3d6a47cce9878a22d14d9852ade629e?s=96&d=mm&r=g\",\"caption\":\"admin\"},\"url\":\"https:\\\/\\\/www.turismoitinerante.com\\\/site\\\/author\\\/admin\\\/\"}]}<\/script>\n<!-- \/ Yoast SEO plugin. -->","yoast_head_json":{"title":"Il WTTC Global Summit ha posto Roma al centro del turismo mondiale","description":"Dal WTTC Global Summit 8 miliardi di investimenti per il futuro del turismo italiano","robots":{"index":"index","follow":"follow","max-snippet":"max-snippet:-1","max-image-preview":"max-image-preview:large","max-video-preview":"max-video-preview:-1"},"canonical":"https:\/\/www.turismoitinerante.com\/site\/il-wttc-global-summit-ha-posto-roma-al-centro-del-turismo-mondiale\/","og_locale":"it_IT","og_type":"article","og_title":"Il WTTC Global Summit ha posto Roma al centro del turismo mondiale","og_description":"Dal WTTC Global Summit 8 miliardi di investimenti per il futuro del turismo italiano","og_url":"https:\/\/www.turismoitinerante.com\/site\/il-wttc-global-summit-ha-posto-roma-al-centro-del-turismo-mondiale\/","og_site_name":"TI - Turismo Itinerante","article_published_time":"2025-10-06T07:55:43+00:00","og_image":[{"width":2048,"height":1536,"url":"https:\/\/www.turismoitinerante.com\/site\/wp-content\/uploads\/2025\/10\/Apertura-WTTC.jpeg","type":"image\/jpeg"}],"author":"admin","twitter_card":"summary_large_image","twitter_misc":{"Scritto da":"admin","Tempo di lettura stimato":"6 minuti"},"schema":{"@context":"https:\/\/schema.org","@graph":[{"@type":"Article","@id":"https:\/\/www.turismoitinerante.com\/site\/il-wttc-global-summit-ha-posto-roma-al-centro-del-turismo-mondiale\/#article","isPartOf":{"@id":"https:\/\/www.turismoitinerante.com\/site\/il-wttc-global-summit-ha-posto-roma-al-centro-del-turismo-mondiale\/"},"author":{"name":"admin","@id":"https:\/\/www.turismoitinerante.com\/site\/#\/schema\/person\/1e1238d2d1617438f3682e54bf4d6c05"},"headline":"Il WTTC Global Summit ha posto Roma al centro del turismo mondiale","datePublished":"2025-10-06T07:55:43+00:00","mainEntityOfPage":{"@id":"https:\/\/www.turismoitinerante.com\/site\/il-wttc-global-summit-ha-posto-roma-al-centro-del-turismo-mondiale\/"},"wordCount":1009,"image":{"@id":"https:\/\/www.turismoitinerante.com\/site\/il-wttc-global-summit-ha-posto-roma-al-centro-del-turismo-mondiale\/#primaryimage"},"thumbnailUrl":"https:\/\/www.turismoitinerante.com\/site\/wp-content\/uploads\/2025\/10\/Apertura-WTTC.jpeg","keywords":["WTTC Global Summit"],"articleSection":["Turismo"],"inLanguage":"it-IT"},{"@type":"WebPage","@id":"https:\/\/www.turismoitinerante.com\/site\/il-wttc-global-summit-ha-posto-roma-al-centro-del-turismo-mondiale\/","url":"https:\/\/www.turismoitinerante.com\/site\/il-wttc-global-summit-ha-posto-roma-al-centro-del-turismo-mondiale\/","name":"Il WTTC Global Summit ha posto Roma al centro del turismo mondiale","isPartOf":{"@id":"https:\/\/www.turismoitinerante.com\/site\/#website"},"primaryImageOfPage":{"@id":"https:\/\/www.turismoitinerante.com\/site\/il-wttc-global-summit-ha-posto-roma-al-centro-del-turismo-mondiale\/#primaryimage"},"image":{"@id":"https:\/\/www.turismoitinerante.com\/site\/il-wttc-global-summit-ha-posto-roma-al-centro-del-turismo-mondiale\/#primaryimage"},"thumbnailUrl":"https:\/\/www.turismoitinerante.com\/site\/wp-content\/uploads\/2025\/10\/Apertura-WTTC.jpeg","datePublished":"2025-10-06T07:55:43+00:00","author":{"@id":"https:\/\/www.turismoitinerante.com\/site\/#\/schema\/person\/1e1238d2d1617438f3682e54bf4d6c05"},"description":"Dal WTTC Global Summit 8 miliardi di investimenti per il futuro del turismo italiano","breadcrumb":{"@id":"https:\/\/www.turismoitinerante.com\/site\/il-wttc-global-summit-ha-posto-roma-al-centro-del-turismo-mondiale\/#breadcrumb"},"inLanguage":"it-IT","potentialAction":[{"@type":"ReadAction","target":["https:\/\/www.turismoitinerante.com\/site\/il-wttc-global-summit-ha-posto-roma-al-centro-del-turismo-mondiale\/"]}]},{"@type":"ImageObject","inLanguage":"it-IT","@id":"https:\/\/www.turismoitinerante.com\/site\/il-wttc-global-summit-ha-posto-roma-al-centro-del-turismo-mondiale\/#primaryimage","url":"https:\/\/www.turismoitinerante.com\/site\/wp-content\/uploads\/2025\/10\/Apertura-WTTC.jpeg","contentUrl":"https:\/\/www.turismoitinerante.com\/site\/wp-content\/uploads\/2025\/10\/Apertura-WTTC.jpeg","width":2048,"height":1536},{"@type":"BreadcrumbList","@id":"https:\/\/www.turismoitinerante.com\/site\/il-wttc-global-summit-ha-posto-roma-al-centro-del-turismo-mondiale\/#breadcrumb","itemListElement":[{"@type":"ListItem","position":1,"name":"Home","item":"https:\/\/www.turismoitinerante.com\/site\/"},{"@type":"ListItem","position":2,"name":"Il WTTC Global Summit ha posto Roma al centro del turismo mondiale"}]},{"@type":"WebSite","@id":"https:\/\/www.turismoitinerante.com\/site\/#website","url":"https:\/\/www.turismoitinerante.com\/site\/","name":"TI - Turismo Itinerante","description":"Ritrovarsi su internet per informarsi, per informare. Il portale del turismo itinerante. Una infinit\u00e0 di notizie su camper, itinerari, aree sosta camper, concessionari, campeggi, agriturismo, raduni, sagre, fiere, mostre, associazioni, club, forum, bacheca annunci","potentialAction":[{"@type":"SearchAction","target":{"@type":"EntryPoint","urlTemplate":"https:\/\/www.turismoitinerante.com\/site\/?s={search_term_string}"},"query-input":{"@type":"PropertyValueSpecification","valueRequired":true,"valueName":"search_term_string"}}],"inLanguage":"it-IT"},{"@type":"Person","@id":"https:\/\/www.turismoitinerante.com\/site\/#\/schema\/person\/1e1238d2d1617438f3682e54bf4d6c05","name":"admin","image":{"@type":"ImageObject","inLanguage":"it-IT","@id":"https:\/\/secure.gravatar.com\/avatar\/9102d8c23b35e2809b07ebc42ce126daa3d6a47cce9878a22d14d9852ade629e?s=96&d=mm&r=g","url":"https:\/\/secure.gravatar.com\/avatar\/9102d8c23b35e2809b07ebc42ce126daa3d6a47cce9878a22d14d9852ade629e?s=96&d=mm&r=g","contentUrl":"https:\/\/secure.gravatar.com\/avatar\/9102d8c23b35e2809b07ebc42ce126daa3d6a47cce9878a22d14d9852ade629e?s=96&d=mm&r=g","caption":"admin"},"url":"https:\/\/www.turismoitinerante.com\/site\/author\/admin\/"}]}},"_links":{"self":[{"href":"https:\/\/www.turismoitinerante.com\/site\/wp-json\/wp\/v2\/posts\/68694","targetHints":{"allow":["GET"]}}],"collection":[{"href":"https:\/\/www.turismoitinerante.com\/site\/wp-json\/wp\/v2\/posts"}],"about":[{"href":"https:\/\/www.turismoitinerante.com\/site\/wp-json\/wp\/v2\/types\/post"}],"author":[{"embeddable":true,"href":"https:\/\/www.turismoitinerante.com\/site\/wp-json\/wp\/v2\/users\/1"}],"replies":[{"embeddable":true,"href":"https:\/\/www.turismoitinerante.com\/site\/wp-json\/wp\/v2\/comments?post=68694"}],"version-history":[{"count":1,"href":"https:\/\/www.turismoitinerante.com\/site\/wp-json\/wp\/v2\/posts\/68694\/revisions"}],"predecessor-version":[{"id":68698,"href":"https:\/\/www.turismoitinerante.com\/site\/wp-json\/wp\/v2\/posts\/68694\/revisions\/68698"}],"wp:featuredmedia":[{"embeddable":true,"href":"https:\/\/www.turismoitinerante.com\/site\/wp-json\/wp\/v2\/media\/68695"}],"wp:attachment":[{"href":"https:\/\/www.turismoitinerante.com\/site\/wp-json\/wp\/v2\/media?parent=68694"}],"wp:term":[{"taxonomy":"category","embeddable":true,"href":"https:\/\/www.turismoitinerante.com\/site\/wp-json\/wp\/v2\/categories?post=68694"},{"taxonomy":"post_tag","embeddable":true,"href":"https:\/\/www.turismoitinerante.com\/site\/wp-json\/wp\/v2\/tags?post=68694"}],"curies":[{"name":"wp","href":"https:\/\/api.w.org\/{rel}","templated":true}]}}