{"id":68679,"date":"2025-10-03T11:34:47","date_gmt":"2025-10-03T10:34:47","guid":{"rendered":"https:\/\/www.turismoitinerante.com\/site\/?p=68679"},"modified":"2025-10-03T11:34:47","modified_gmt":"2025-10-03T10:34:47","slug":"i-migliori-eventi-da-non-perdere-nel-fine-settimana-10-11-12-ottobre","status":"publish","type":"post","link":"https:\/\/www.turismoitinerante.com\/site\/i-migliori-eventi-da-non-perdere-nel-fine-settimana-10-11-12-ottobre\/","title":{"rendered":"I migliori eventi da non perdere nel fine settimana 10-11-12 ottobre"},"content":{"rendered":"<p>Abbiamo selezionato per voi <strong>i<\/strong> <strong><span class=\"google-anno-t\">migliori eventi<\/span> da non perdere nel fine settimana 10-11-12 ottobre <\/strong>in giro per l\u2019Italia! Scegliete il vostro preferito! Viaggiate in sicurezza con il vostro <span class=\"google-anno-t\">camper<\/span> con la <a href=\"https:\/\/www.assicurazionecamperdorazio.it\/Promo.aspx?Promo=TurismoItinerante\" target=\"_blank\" rel=\"noopener\"><strong>\u201cPolizza degli Amici di Turismo Itinerante\u201d<\/strong><\/a> in convenzione con la D\u2019Orazio Assicurazioni.<\/p>\n<p>&nbsp;<\/p>\n<p><a href=\"http:\/\/www.giornatefai.it\" target=\"_blank\" rel=\"noopener\"><strong>Sabato 11 e domenica 12 ottobre tornano in tutta Italia le Giornate FAI d&#8217;Autunno<\/strong><\/a><\/p>\n<p>Oltre 700 luoghi eccezionali, solitamente non visitabili, poco conosciuti e lontani dai consueti itinerari turistici, saranno protagonisti delle Giornate FAI d\u2019Autunno 2025, in programma sabato 11 e domenica 12 ottobre in 350 citt\u00e0, da nord a sud della Penisola. Torna per la quattordicesima edizione il grande evento di piazza che il FAI-Fondo per l\u2019Ambiente Italiano ETS dedica ogni autunno al patrimonio culturale e paesaggistico del nostro Paese: una festa diffusa \u2013 organizzata dalle Delegazioni FAI e dai Gruppi FAI sul territorio, con l\u2019importante partecipazione dei giovani volontari \u2013 che conferma l\u2019impegno della Fondazione nel promuovere presso la cittadinanza, pi\u00f9 larga possibile, la conoscenza del patrimonio, ricchissimo e variegato, di storia, arte e natura del nostro Paese, per favorirne la tutela e la valorizzazione con il contributo di tutti, e cos\u00ec svolgere la sua missione di educazione culturale e civica (elenco dei luoghi aperti e modalit\u00e0 di visita consultabili su www.giornatefai.it). Partecipare alle Giornate FAI d\u2019Autunno non \u00e8 solo un\u2019occasione per scoprire e per godere del patrimonio che ci circonda, ma anche un modo concreto per contribuire alla sua cura e alla sua valorizzazione attraverso l\u2019attivit\u00e0 del FAI; ad ogni visita si potr\u00e0 sostenere, infatti, la missione della Fondazione con una donazione.<\/p>\n<p>L\u2019edizione di quest\u2019anno &#8211; occasione speciale per celebrare i cinquant\u2019anni dalla nascita del FAI, fondato nel 1975 da Giulia Maria Crespi e Renato Bazzoni, con Alberto Predieri e Franco Russoli \u2013 \u00e8 stata presentata oggi a Roma, al Viminale, che sar\u00e0 straordinariamente visitabile in occasione dell\u2019evento (solo domenica 12 ottobre, su prenotazione). Voluto da Giovanni Giolitti come sede dell&#8217;Esecutivo, il palazzo \u2013 progettato nel 1911 dall\u2019architetto Manfredo Manfredi \u2013 unisce il ricordo della Roma dei Cesari con il gusto monumentale del periodo ed \u00e8 oggi sede del Ministero dell\u2019Interno. Un\u2019apertura che ben rappresenta la missione culturale che la Fondazione svolge a fianco delle istituzioni, con i cittadini e per il Paese, e che si realizza nella cura e nella valorizzazione di tanti luoghi speciali e nel coinvolgimento attivo di sempre pi\u00f9 persone con lo scopo di educarle all&#8217;amore, alla conoscenza, alla tutela e al godimento del patrimonio storico, artistico e paesaggistico d\u2019Italia.<\/p>\n<figure id=\"attachment_68680\" aria-describedby=\"caption-attachment-68680\" style=\"width: 1024px\" class=\"wp-caption alignnone\"><img decoding=\"async\" class=\"size-large wp-image-68680\" src=\"https:\/\/www.turismoitinerante.com\/site\/wp-content\/uploads\/2025\/10\/FAI-Milano-Palazzo-Litta-Sala-degli-Specchi_0001-\u00a9Roberto-Morelli-1024x682.jpg\" alt=\"\" width=\"1024\" height=\"682\" srcset=\"https:\/\/www.turismoitinerante.com\/site\/wp-content\/uploads\/2025\/10\/FAI-Milano-Palazzo-Litta-Sala-degli-Specchi_0001-\u00a9Roberto-Morelli-1024x682.jpg 1024w, https:\/\/www.turismoitinerante.com\/site\/wp-content\/uploads\/2025\/10\/FAI-Milano-Palazzo-Litta-Sala-degli-Specchi_0001-\u00a9Roberto-Morelli-300x200.jpg 300w, https:\/\/www.turismoitinerante.com\/site\/wp-content\/uploads\/2025\/10\/FAI-Milano-Palazzo-Litta-Sala-degli-Specchi_0001-\u00a9Roberto-Morelli-768x512.jpg 768w, https:\/\/www.turismoitinerante.com\/site\/wp-content\/uploads\/2025\/10\/FAI-Milano-Palazzo-Litta-Sala-degli-Specchi_0001-\u00a9Roberto-Morelli-1536x1024.jpg 1536w, https:\/\/www.turismoitinerante.com\/site\/wp-content\/uploads\/2025\/10\/FAI-Milano-Palazzo-Litta-Sala-degli-Specchi_0001-\u00a9Roberto-Morelli-750x500.jpg 750w, https:\/\/www.turismoitinerante.com\/site\/wp-content\/uploads\/2025\/10\/FAI-Milano-Palazzo-Litta-Sala-degli-Specchi_0001-\u00a9Roberto-Morelli-1140x760.jpg 1140w, https:\/\/www.turismoitinerante.com\/site\/wp-content\/uploads\/2025\/10\/FAI-Milano-Palazzo-Litta-Sala-degli-Specchi_0001-\u00a9Roberto-Morelli.jpg 1583w\" sizes=\"(max-width: 1024px) 100vw, 1024px\" \/><figcaption id=\"caption-attachment-68680\" class=\"wp-caption-text\">FAI &#8211; Milano, Palazzo Litta Sala degli Specchi &#8211; \u00a9Roberto Morelli<\/figcaption><\/figure>\n<p>&nbsp;<\/p>\n<p><a href=\"https:\/\/www.turismoitinerante.com\/site\/pomaria-2025-l11-e-12-ottobre-in-val-di-non-torna-la-festa-della-mela\/\" target=\"_blank\" rel=\"noopener\"><strong>Pomaria 2025: l\u201911 e 12 ottobre in Val di Non torna la festa della mela<\/strong><\/a><\/p>\n<p>In Trentino, le mele, affettuosamente chiamate \u201cpomi\u201d, sono da sempre il prezioso simbolo di una terra generosa, custode di antiche tradizioni e sapori autentici. Da questo legame profondo nasce Pomaria. Il nome evocativo deriva da \u201cpomarium\u201d (frutteto in latino) e omaggia la dea Pomona, protettrice dei frutti, degli alberi da frutto e dei frutteti, simboleggiando il forte legame con questa terra antica. Una terra che valorizza il passato come elemento centrale per far conoscere la propria cultura e le proprie tradizioni.<br \/>\nPomaria, che celebra la raccolta delle mele e si \u00e8 progressivamente evoluta in un laboratorio diffuso, vivo e interattivo, torna quest\u2019anno pi\u00f9 ricca che mai. \u00c8 un evento interamente dedicato all\u2019eccellenza enogastronomica locale, organizzata dalla Strada della Mela e dei Sapori delle Valli di Non e di Sole.<\/p>\n<p>Protagoniste indiscusse, come da tradizione, sono le rinomate mele della valle trentina, le prime in Europa ad aver ottenuto il prestigioso marchio D.O.P. Saranno presenti tutte le variet\u00e0 del consorzio Melinda, affiancate da quelle antiche e pi\u00f9 rare. Insieme, queste mele formeranno una tavolozza di colori, profumi e aromi unica nel panorama delle feste d\u2019autunno, offrendo un\u2019esperienza sensoriale indimenticabile.<\/p>\n<p>\u00c8 proprio nel cuore della Val di Non, una delle valli pi\u00f9 suggestive del Trentino, che prende vita questo evento che ogni anno incanta visitatori e appassionati di sapori genuini: Pomaria, la storica festa della mela, giunge alla sua 19\u00b0 edizione con una bella novit\u00e0. Per la prima volta sar\u00e0 il suggestivo borgo di Denno ad accogliere questa celebrazione, trasformando le sue vie e piazze in un vivace scrigno di tradizione, gusto e cultura.<\/p>\n<p>Tra le novit\u00e0 di Pomaria 2025 spicca la Via dell\u2019Arte, un percorso unico lungo via Roma dove artisti locali apriranno le porte dei loro atelier. Dalla ceramica raffinata di Pietro Weber alle tele vibranti di Claudia Salvadori, fino alle opere di Inma Garcia Arribas, Giulia Parisi, Mara Zadra e Paolo Cattani, un\u2019occasione preziosa per scoprire il talento che anima Denno e la Val di Non.<\/p>\n<p>Per chi ama mettere \u201cle mani in pasta\u201d, il nuovo laboratorio dedicato agli gnocchi di patate crude, gli \u201csmalzadi\u201d, far\u00e0 scoprire come preparare questo piatto tradizionale accompagnato da burro fuso e pancetta croccante, un sapore autentico che parla di casa e convivialit\u00e0.<br \/>\nNon mancher\u00e0 un momento di magia per i pi\u00f9 piccoli: nel centro della festa ritorna il Circo Bolla di Sapone con il suo \u201cBaracca Jukebox\u201d, un accampamento incantato dove i bambini potranno ridere e sognare tra acrobazie e giocolerie sotto una luce retr\u00f2 e suggestiva.<\/p>\n<p>La collaborazione con la Biblioteca di Denno porta un\u2019altra sorpresa: la presentazione del libro profumato \u201cLa mela non cade mai lontano dall\u2019albero\u201d di Bianca Cruciani, accompagnata da letture di albi illustrati autunnali dedicati ai pi\u00f9 piccoli, per intrecciare la narrazione e la natura in un\u2019esperienza unica.<br \/>\nOspite speciale di Pomaria 2025 sar\u00e0 il Gruppo Culturale Orti Giudicariesi, da anni impegnato nel recupero di antiche variet\u00e0 orticole e frutticole delle Valli Giudicarie. Porteranno in esposizione sementi ed erbe ormai rare, preziose per preservare la biodiversit\u00e0 e la memoria agricola del territorio.<\/p>\n<p><img decoding=\"async\" class=\"alignnone size-large wp-image-68616\" src=\"https:\/\/www.turismoitinerante.com\/site\/wp-content\/uploads\/2025\/09\/Pomaria-12-1024x683.jpg\" alt=\"\" width=\"1024\" height=\"683\" srcset=\"https:\/\/www.turismoitinerante.com\/site\/wp-content\/uploads\/2025\/09\/Pomaria-12-1024x683.jpg 1024w, https:\/\/www.turismoitinerante.com\/site\/wp-content\/uploads\/2025\/09\/Pomaria-12-300x200.jpg 300w, https:\/\/www.turismoitinerante.com\/site\/wp-content\/uploads\/2025\/09\/Pomaria-12-768x512.jpg 768w, https:\/\/www.turismoitinerante.com\/site\/wp-content\/uploads\/2025\/09\/Pomaria-12-1536x1024.jpg 1536w, https:\/\/www.turismoitinerante.com\/site\/wp-content\/uploads\/2025\/09\/Pomaria-12-750x500.jpg 750w, https:\/\/www.turismoitinerante.com\/site\/wp-content\/uploads\/2025\/09\/Pomaria-12-1140x760.jpg 1140w, https:\/\/www.turismoitinerante.com\/site\/wp-content\/uploads\/2025\/09\/Pomaria-12.jpg 1920w\" sizes=\"(max-width: 1024px) 100vw, 1024px\" \/><\/p>\n<p>&nbsp;<\/p>\n<p><a href=\"https:\/\/www.fattiadarte.it\/\" target=\"_blank\" rel=\"noopener\"><strong>Fatti ad Arte: dal 10 al 12 ottobre i Palazzi storici Ferrero e La Marmora di Biella ospitano i grandi maestri artigiani<\/strong> <\/a><\/p>\n<p>Gli artigiani protagonisti assoluti a \u201cFatti ad Arte\u201d 2025: dal 10 al 12 ottobre 2025 le sale delle dimore storiche di Palazzo La Marmora e Palazzo Ferrero, nell\u2019antico borgo del Piazzo di Biella, Citt\u00e0 Creativa UNESCO per l&#8217;Artigianato, torneranno a essere il cuore pulsante dell&#8217;Alto Artigianato con la nona edizione di \u201cFatti ad Arte&#8221;.<\/p>\n<p>Al centro della manifestazione ci saranno loro, gli artigiani, veri custodi di saperi millenari e interpreti contemporanei della bellezza. Una selezione unica di maestri provenienti da tutta Italia porter\u00e0 in mostra il valore inestimabile dell\u2019artigianato artistico, trasformando ogni sala in un laboratorio di creativit\u00e0.<br \/>\nL\u2019edizione 2025 si preannuncia particolarmente ricca e coinvolgente, con un affascinante viaggio dal nord al sud dell\u2019Italia alla scoperta di quel saper fare che racconta territori, gesti e, soprattutto, persone. Una celebrazione della creativit\u00e0 e della maestria del fatto a mano che contraddistinguono il nostro Paese e che da sempre sanno emozionare il mondo. Dalle maioliche umbre alle raffinate ceramiche di Castellamonte, dalle pipe realizzate a mano, ai tessuti e alle borse artigianali sarde, dall\u2019antica produzione dello scapin valsesiano, all\u2019arte profumiera e orafa: questi sono solo alcuni esempi delle lavorazioni uniche che i visitatori potranno ammirare.<\/p>\n<p>Fatti ad Arte non \u00e8 solo un&#8217;occasione per ammirare pezzi esclusivi di ceramica, vetro, tessile, sartoria, oreficeria, mosaico, liuteria, ma \u00e8 anche un\u2019esperienza immersiva. Per tutta la durata dell&#8217;evento, i visitatori avranno la possibilit\u00e0 di vedere gli artigiani all&#8217;opera, scoprendo i processi produttivi che trasformano la materia in bellezza. Sono inoltre previsti incontri dedicati tra i maestri artigiani e gli studenti delle scuole, per avvicinare le nuove generazioni ai mestieri d\u2019arte.<\/p>\n<p>Come da tradizione, sar\u00e0 centrale il tema del legame tra Alto Artigianato e Dimore Storiche. Nel salone affrescato dai Galliari, al primo piano di Palazzo La Marmora, ADSI (Associazione Dimore Storiche Italiane) avr\u00e0 uno spazio dedicato, insieme ad artigiani specializzati nel restauro e nella manutenzione dei beni storici: una sinergia fondamentale per tutelare e tramandare il nostro patrimonio culturale.<\/p>\n<p><img decoding=\"async\" class=\"alignnone size-full wp-image-68681\" src=\"https:\/\/www.turismoitinerante.com\/site\/wp-content\/uploads\/2025\/10\/Fatti-ad-arte-pubblico-3.jpg\" alt=\"\" width=\"886\" height=\"592\" srcset=\"https:\/\/www.turismoitinerante.com\/site\/wp-content\/uploads\/2025\/10\/Fatti-ad-arte-pubblico-3.jpg 886w, https:\/\/www.turismoitinerante.com\/site\/wp-content\/uploads\/2025\/10\/Fatti-ad-arte-pubblico-3-300x200.jpg 300w, https:\/\/www.turismoitinerante.com\/site\/wp-content\/uploads\/2025\/10\/Fatti-ad-arte-pubblico-3-768x513.jpg 768w, https:\/\/www.turismoitinerante.com\/site\/wp-content\/uploads\/2025\/10\/Fatti-ad-arte-pubblico-3-750x501.jpg 750w\" sizes=\"(max-width: 886px) 100vw, 886px\" \/><\/p>\n<p>&nbsp;<\/p>\n<p><a href=\"https:\/\/www.turismoitinerante.com\/site\/flora-et-decora-dal-10-al-12-ottobre-sant-ambrogio-giardino-urbano\/\" target=\"_blank\" rel=\"noopener\"><strong>Flora et Decora: dal 10 al 12 ottobre Sant\u2019Ambrogio (MI) si trasforma in un giardino urbano<\/strong><\/a><\/p>\n<p>Flora et Decora, tra gli appuntamenti pi\u00f9 amati dai milanesi e dai visitatori, taglia il traguardo della ventesima edizione. Da venerd\u00ec 10 a domenica 12 ottobre 2025, l\u2019evento si svolger\u00e0 anche per l\u2019edizione autunnale nell\u2019iconica piazza sant\u2019Ambrogio, luogo simbolico della citt\u00e0 e sede originaria della manifestazione. Obiettivo: celebrare la bellezza del verde, la creativit\u00e0 artigiana e il gusto autentico.<\/p>\n<p>Organizzata da Lamberto Rubini, Flora et Decora propone un format consolidato. Per un\u2019esperienza ricca di colori, profumi e sapori, le tre aree tematiche della manifestazione \u2013 Flora, Decora e Ristora \u2013 accoglieranno oltre ottanta espositori selezionati, laboratori, incontri e degustazioni provenienti da diverse zone d\u2019Italia. L\u2019ingresso \u00e8 gratuito, per tre giorni aperti a tutti, all\u2019insegna della natura, dell\u2019artigianato di qualit\u00e0 e del piacere di stare insieme.<\/p>\n<figure id=\"attachment_68628\" aria-describedby=\"caption-attachment-68628\" style=\"width: 1024px\" class=\"wp-caption alignnone\"><img decoding=\"async\" class=\"size-large wp-image-68628\" src=\"https:\/\/www.turismoitinerante.com\/site\/wp-content\/uploads\/2025\/09\/Flora-et-Decora_Sant-Ambrogio-2-1024x682.jpeg\" alt=\"\" width=\"1024\" height=\"682\" srcset=\"https:\/\/www.turismoitinerante.com\/site\/wp-content\/uploads\/2025\/09\/Flora-et-Decora_Sant-Ambrogio-2-1024x682.jpeg 1024w, https:\/\/www.turismoitinerante.com\/site\/wp-content\/uploads\/2025\/09\/Flora-et-Decora_Sant-Ambrogio-2-300x200.jpeg 300w, https:\/\/www.turismoitinerante.com\/site\/wp-content\/uploads\/2025\/09\/Flora-et-Decora_Sant-Ambrogio-2-768x512.jpeg 768w, https:\/\/www.turismoitinerante.com\/site\/wp-content\/uploads\/2025\/09\/Flora-et-Decora_Sant-Ambrogio-2-750x500.jpeg 750w, https:\/\/www.turismoitinerante.com\/site\/wp-content\/uploads\/2025\/09\/Flora-et-Decora_Sant-Ambrogio-2-1140x760.jpeg 1140w, https:\/\/www.turismoitinerante.com\/site\/wp-content\/uploads\/2025\/09\/Flora-et-Decora_Sant-Ambrogio-2.jpeg 1280w\" sizes=\"(max-width: 1024px) 100vw, 1024px\" \/><figcaption id=\"caption-attachment-68628\" class=\"wp-caption-text\">Milano, Piazza Sant&#8217;Ambrogio, mercato Flora et decora<\/figcaption><\/figure>\n<p>&nbsp;<\/p>\n<p><a href=\"https:\/\/www.turismoitinerante.com\/site\/dal-10-al-12-ottobre-al-castello-di-strassoldo-di-sopra-ud-magici-intrecci-autunnali\/\" target=\"_blank\" rel=\"noopener\"><strong>Dal 10 al 12 ottobre al Castello di Strassoldo di Sopra (UD) \u201cMagici Intrecci Autunnali\u201d<\/strong><\/a><\/p>\n<p>Dal 10 al 12 ottobre 2025, il Castello di Strassoldo di Sopra \u2013 solitamente non accessibile al pubblico \u2013 aprir\u00e0 eccezionalmente i suoi battenti per la 54\u00aa edizione di \u201cMagici Intrecci\u201d: una rassegna che da 27 anni, ogni primavera e ogni autunno, accoglie i visitatori in atmosfere sempre diverse, ispirate ai colori, ai profumi e alle suggestioni delle stagioni, per emozionare chi \u00e8 in cerca di autenticit\u00e0, creativit\u00e0 e bellezza senza tempo.<\/p>\n<p>Circa 120 artigiani, vivaisti e piccoli produttori agricoli d\u2019eccellenza, provenienti da tutta Italia, daranno vita a un percorso coinvolgente tra saloni storici, giardini segreti e angoli suggestivi del complesso castellano, dove ogni dettaglio \u00e8 curato con amore. I visitatori potranno scoprire una straordinaria variet\u00e0 di creazioni autenticamente artigianali: abiti unici, gioielli d\u2019autore, arredi originali, piante rare e sapori genuini, tutti frutto di passione e maestria. Il tutto sar\u00e0 decorato a tema autunnale, con le raffinate e ogni volta diverse creazioni che sono una delle attrattive dell\u2019evento. La manifestazione \u00e8 l\u2019occasione perfetta per trovare regali di Natale originali.<\/p>\n<p>\u201cMagici Intrecci\u201d non \u00e8 solo un viaggio tra le meraviglie del fatto a mano. \u00c8 un invito a rallentare il passo, immergersi nella bellezza e lasciarsi ispirare, in un equilibrio delicato tra storia, natura e creativit\u00e0. A rendere il tutto ancora pi\u00f9 interessante, ci sar\u00e0 anche un calendario di iniziative collaterali, che spazieranno dalle visite guidate nel parco del Castello di Sotto e nel borgo storico, alle conversazioni botaniche, dalle presentazioni editoriali alle attivit\u00e0 dedicate ai pi\u00f9 piccoli. Per chi desidera una pausa golosa, lungo il percorso saranno presenti tre punti ristoro selezionati, con proposte genuine da gustare tra scorci affascinanti e atmosfere rilassate.<\/p>\n<p>&nbsp;<\/p>\n<p><img decoding=\"async\" class=\"alignnone size-large wp-image-68648\" src=\"https:\/\/www.turismoitinerante.com\/site\/wp-content\/uploads\/2025\/09\/01-Magici-Intrecci-Autunnali-1024x683.jpg\" alt=\"\" width=\"1024\" height=\"683\" srcset=\"https:\/\/www.turismoitinerante.com\/site\/wp-content\/uploads\/2025\/09\/01-Magici-Intrecci-Autunnali-1024x683.jpg 1024w, https:\/\/www.turismoitinerante.com\/site\/wp-content\/uploads\/2025\/09\/01-Magici-Intrecci-Autunnali-300x200.jpg 300w, https:\/\/www.turismoitinerante.com\/site\/wp-content\/uploads\/2025\/09\/01-Magici-Intrecci-Autunnali-768x512.jpg 768w, https:\/\/www.turismoitinerante.com\/site\/wp-content\/uploads\/2025\/09\/01-Magici-Intrecci-Autunnali-1536x1024.jpg 1536w, https:\/\/www.turismoitinerante.com\/site\/wp-content\/uploads\/2025\/09\/01-Magici-Intrecci-Autunnali-750x500.jpg 750w, https:\/\/www.turismoitinerante.com\/site\/wp-content\/uploads\/2025\/09\/01-Magici-Intrecci-Autunnali-1140x760.jpg 1140w, https:\/\/www.turismoitinerante.com\/site\/wp-content\/uploads\/2025\/09\/01-Magici-Intrecci-Autunnali.jpg 1800w\" sizes=\"(max-width: 1024px) 100vw, 1024px\" \/><\/p>\n<p>&nbsp;<\/p>\n<p><a href=\"http:\/\/www.turismovaltaro.it\" target=\"_blank\" rel=\"noopener\"><strong>Il 12 ottobre ad Albareto (PR) arriva la Festa della Castagna<\/strong><\/a><br \/>\n&nbsp;<br \/>\nC&#8217;\u00e8 un momento dell&#8217;anno in cui l&#8217;Appennino parmense si trasforma in una cornucopia di sapori e tradizioni, quando le valli si tingono di rosso e oro e l&#8217;aria profuma di castagne arrosto e funghi trifolati. \u00c8 l&#8217;autunno in Valtaro e Valceno, stagione benedetta in cui le sagre spuntano come i porcini dopo la pioggia, con quella stessa spontaneit\u00e0 che appartiene alle cose vere.<\/p>\n<p>Il 12 ottobre tocca a Folta (Albareto) con la Festa della Castagna, seguita da Bedonia che, dal 17 al 19 ottobre, dedica tre giorni al tartufo, quel diamante del sottobosco che cresce nascosto come i sogni pi\u00f9 belli. Il 18 ottobre Bardi si accende con la sua Festa della Castagna, mentre il 19 ottobre Tiedoli chiude il cerchio delle castagne con la sua festa tra castagni secolari.<\/p>\n<p>In questo teatro di sapori, due musei fanno da custodi della memoria: il Museo del Fungo Porcino a Borgotaro, nelle antiche Mura di via Cesare Battisti, e il Museo del Fungo ad Albareto, nel Palazzo della Comunalia. Entrambi visitabili per chi vuole approfondire la conoscenza di questo prezioso tesoro del sottobosco.<\/p>\n<figure id=\"attachment_68682\" aria-describedby=\"caption-attachment-68682\" style=\"width: 1024px\" class=\"wp-caption alignnone\"><img decoding=\"async\" class=\"size-large wp-image-68682\" src=\"https:\/\/www.turismoitinerante.com\/site\/wp-content\/uploads\/2025\/10\/Albareto-Castagne-foto-di-Carla-Soffritti-1024x768.jpg\" alt=\"\" width=\"1024\" height=\"768\" srcset=\"https:\/\/www.turismoitinerante.com\/site\/wp-content\/uploads\/2025\/10\/Albareto-Castagne-foto-di-Carla-Soffritti-1024x768.jpg 1024w, https:\/\/www.turismoitinerante.com\/site\/wp-content\/uploads\/2025\/10\/Albareto-Castagne-foto-di-Carla-Soffritti-300x225.jpg 300w, https:\/\/www.turismoitinerante.com\/site\/wp-content\/uploads\/2025\/10\/Albareto-Castagne-foto-di-Carla-Soffritti-768x576.jpg 768w, https:\/\/www.turismoitinerante.com\/site\/wp-content\/uploads\/2025\/10\/Albareto-Castagne-foto-di-Carla-Soffritti-1536x1152.jpg 1536w, https:\/\/www.turismoitinerante.com\/site\/wp-content\/uploads\/2025\/10\/Albareto-Castagne-foto-di-Carla-Soffritti-2048x1536.jpg 2048w, https:\/\/www.turismoitinerante.com\/site\/wp-content\/uploads\/2025\/10\/Albareto-Castagne-foto-di-Carla-Soffritti-750x563.jpg 750w, https:\/\/www.turismoitinerante.com\/site\/wp-content\/uploads\/2025\/10\/Albareto-Castagne-foto-di-Carla-Soffritti-1140x855.jpg 1140w\" sizes=\"(max-width: 1024px) 100vw, 1024px\" \/><figcaption id=\"caption-attachment-68682\" class=\"wp-caption-text\">Albareto Festa della Castagna, foto di Carla Soffritti<\/figcaption><\/figure>\n<p>&nbsp;<\/p>\n<p><a href=\"https:\/\/www.turismoitinerante.com\/site\/4x4fest-al-salone-del-fuoristrada-di-carrara-con-turismo-itinerante\/\" target=\"_blank\" rel=\"noopener\"><strong>4x4Fest: al Salone del fuoristrada di Carrara con Turismo Itinerante!<\/strong><\/a><\/p>\n<p>Arriva in Toscana 4\u00d74 Fest, 21\u00b0 Salone Internazionale Off-Road e Outdoor, l\u2019iconico evento dedicato agli appassionati del fuoristrada e della vita all\u2019aria aperta ambientato in una location unica, tra il mare della costa tirrenica e le cave di marmo bianco pi\u00f9 famose al mondo.<\/p>\n<p>Appuntamento dal 10 al 12 ottobre 2025 nel complesso fieristico di CarraraFiere con una nuova disposizione dei padiglioni, un nuovo layout della pista interna e nuovi percorsi per i Tour nelle Cave di Marmo e nel Centro Storico di Carrara, oltre alla pista esterna e alla spiaggia. Area campeggio \u201cmodello Africa\u201d nell\u2019Area Sarzana.<br \/>\n4x4Fest \u00e8 l\u2019evento di riferimento in Italia (con respiro europeo) per il mondo off-road, che offre una full immersion di tre giorni, dagli stand con i principali marchi e le ultime proposte del settore al serrato programma di eventi, con la possibilit\u00e0 di fare esperienze uniche in esterna su diversi tipi di tracciati: in pista, in spiaggia e nei bacini marmiferi.<\/p>\n<p><span style=\"color: #ff0000;\"><strong>AL 4X4 FEST CON TURISMO ITINERANTE!!<\/strong><\/span><br \/>\n<strong>Turismo Itinerante offre la possibilit\u00e0 ai possessori della TESSERA TURIT di accedere con una tariffa speciale nella giornata di venerd\u00ec 10 ottobre \u201cOff-Road &amp; Outdoor Professionals Day\u201d.<\/strong><\/p>\n<p><strong>Vi baster\u00e0 richiedere il codice-promozione al nostro indirizzo email <a href=\"mailto:turismoitinerante@gmail.com\" target=\"_blank\" rel=\"noopener\">turismoitinerante@gmail.com<\/a> inserendolo poi nella biglietteria online, al seguente link: <a href=\"https:\/\/4x4fest.com\/ticket\/\" target=\"_blank\" rel=\"noopener\">https:\/\/4x4fest.com\/ticket\/<\/a><\/strong><\/p>\n<p><strong>Il biglietto avr\u00e0 un costo ridotto di 5 \u20ac.<\/strong><\/p>\n<p><img decoding=\"async\" class=\"alignnone size-large wp-image-68640\" src=\"https:\/\/www.turismoitinerante.com\/site\/wp-content\/uploads\/2025\/09\/copertinafb25-1024x389.jpg\" alt=\"\" width=\"1024\" height=\"389\" srcset=\"https:\/\/www.turismoitinerante.com\/site\/wp-content\/uploads\/2025\/09\/copertinafb25-1024x389.jpg 1024w, https:\/\/www.turismoitinerante.com\/site\/wp-content\/uploads\/2025\/09\/copertinafb25-300x114.jpg 300w, https:\/\/www.turismoitinerante.com\/site\/wp-content\/uploads\/2025\/09\/copertinafb25-768x292.jpg 768w, https:\/\/www.turismoitinerante.com\/site\/wp-content\/uploads\/2025\/09\/copertinafb25-1536x584.jpg 1536w, https:\/\/www.turismoitinerante.com\/site\/wp-content\/uploads\/2025\/09\/copertinafb25-750x285.jpg 750w, https:\/\/www.turismoitinerante.com\/site\/wp-content\/uploads\/2025\/09\/copertinafb25-1140x433.jpg 1140w, https:\/\/www.turismoitinerante.com\/site\/wp-content\/uploads\/2025\/09\/copertinafb25.jpg 1920w\" sizes=\"(max-width: 1024px) 100vw, 1024px\" \/><\/p>\n<p>&nbsp;<\/p>\n<p><a href=\"http:\/\/pergolaturismo.it\" target=\"_blank\" rel=\"noopener\"><strong>Ottobre fa rima con tartufo, nelle Marche torna la Fiera Nazionale del Tartufo Bianco Pregiato<\/strong><\/a><\/p>\n<p>Ottobre fa rima con tartufo e a Pergola (PU) torna puntuale la magia della Fiera Nazionale del Tartufo Bianco Pregiato e dei prodotti tipici. Quella in programma i primi tre week-end di ottobre (5-12-19) \u00e8 la 28esima edizione di una kermesse, che anche quest\u2019anno viaggia spedita nel segno dello slogan \u201cThe Unexpected Marche &#8211; Le Marche che non ti aspetti\u201d.<\/p>\n<p>Nelle tre domeniche della Fiera Nazionale del Tartufo Bianco Pregiato di Pergola brilleranno gli \u201cOri di Pergola\u201d, il re indiscusso della stagione autunnale insieme ai i Bronzi dorati, il gruppo equestre unico al mondo: 9 quintali di bronzo e oro magistralmente forgiati duemila anni fa.<br \/>\nNella Piazza del Gusto \u201cMarche da Mangiare\u201d, con la professionalit\u00e0 di Mas\u00adsimo Biagiali, sar\u00e0 proposto lo Speciale Pacchetto Cultura &amp; Cucina: degustazione di un men\u00f9 al tartufo e visita al Museo dei Bronzi Dorati e della Citt\u00e0 di Pergola. Si potr\u00e0 pranzare, inoltre, nei ristoranti del centro storico.<\/p>\n<p>Quello che attende migliaia di visitatori \u00e8 un viaggio autentico e affascinante tra gusto e bellezza in uno de \u201cI Borghi pi\u00f9 Belli d\u2019Italia\u201d. Il tartufo al centro dell\u2019evento: sar\u00e0 valorizzato nella Casa del Tartufo, nel cuore della Fiera, dove troveranno spazio i migliori produttori, rivenditori ed espositori. L\u2019inizio di una passeggiata capace di esaltare tutti i sensi, tra profumi, sapori e fascino. Lungo corso Matteotti, via Don Minzoni e viale Martiri della Libert\u00e0, tipicit\u00e0 ed eccellenze enogastronomiche da tutta Italia e anche dalla Germania, con lo stand della citt\u00e0 gemellata di Gernsbach, si intrecceranno con la fiera commerciale.<\/p>\n<p>Il programma sar\u00e0 impreziosito da show cooking, laboratori, degustazioni, concerti, spettacoli, animazione per tre domeniche dedicate agli appassionati del principe indiscusso della tavola, ai turisti, alle famiglie, ai giovani e agli amanti dei weekend di \u201cprossimit\u00e0\u201d.<br \/>\nMusica e spettacolo in Piazza Fulvi. Si partir\u00e0 domenica 5 con \u201cVoglia di tornare negli anni \u201890\u00ae\u201d: il live show dedicato ai mitici anni Novanta pi\u00f9 amato d\u2019Italia.<br \/>\nDomenica 12 spazio al \u201cMichael Jackson Show\u201d, protagonista il poliedrico artista Roy Paladini, noto al grande pubblico per essere stato il vincitore dell\u2019edizione 2023 del programma \u201cTali e Quali Show\u201d. Infine, domenica 19, l\u2019omaggio a Zucchero Fornaciari di cui verranno riproposti i brani storici e pi\u00f9 emozionanti.<br \/>\nPer i pi\u00f9 piccoli sar\u00e0 allestita in piazza Leopardi, un\u2019area con laboratori e gonfiabili a cura della Pro loco. Durante le tre domeniche grazie al gruppo \u2018I Viaggiatori\u2019 si potranno visitare chiese e palazzi storici.<\/p>\n<p>Domenica 5 la giornata scatter\u00e0 alle 9 con la quinta edizione della \u201cCamminata Rosa\u201d, organizzata da Avis Pergola Frontone Serra Sant\u2019Abbondio, a sostegno della ricerca sul tumore al seno. L\u2019ingresso \u00e8 gratuito.<\/p>\n<p><img decoding=\"async\" class=\"alignnone size-large wp-image-68683\" src=\"https:\/\/www.turismoitinerante.com\/site\/wp-content\/uploads\/2025\/10\/pergola-fiera-tartufo-2025-1024x1024.jpg\" alt=\"\" width=\"1024\" height=\"1024\" srcset=\"https:\/\/www.turismoitinerante.com\/site\/wp-content\/uploads\/2025\/10\/pergola-fiera-tartufo-2025-1024x1024.jpg 1024w, https:\/\/www.turismoitinerante.com\/site\/wp-content\/uploads\/2025\/10\/pergola-fiera-tartufo-2025-300x300.jpg 300w, https:\/\/www.turismoitinerante.com\/site\/wp-content\/uploads\/2025\/10\/pergola-fiera-tartufo-2025-150x150.jpg 150w, https:\/\/www.turismoitinerante.com\/site\/wp-content\/uploads\/2025\/10\/pergola-fiera-tartufo-2025-768x768.jpg 768w, https:\/\/www.turismoitinerante.com\/site\/wp-content\/uploads\/2025\/10\/pergola-fiera-tartufo-2025-75x75.jpg 75w, https:\/\/www.turismoitinerante.com\/site\/wp-content\/uploads\/2025\/10\/pergola-fiera-tartufo-2025-350x350.jpg 350w, https:\/\/www.turismoitinerante.com\/site\/wp-content\/uploads\/2025\/10\/pergola-fiera-tartufo-2025-750x750.jpg 750w, https:\/\/www.turismoitinerante.com\/site\/wp-content\/uploads\/2025\/10\/pergola-fiera-tartufo-2025-1140x1140.jpg 1140w, https:\/\/www.turismoitinerante.com\/site\/wp-content\/uploads\/2025\/10\/pergola-fiera-tartufo-2025.jpg 1440w\" sizes=\"(max-width: 1024px) 100vw, 1024px\" \/><\/p>\n<p>&nbsp;<\/p>\n<p><strong><a href=\"http:\/\/visioninmusica.com\" target=\"_blank\" rel=\"noopener\">Dal 10 ottobre in Umbria al via la VI edizione di Spoleto Jazz<\/a><\/strong><\/p>\n<p>La musica jazz torna protagonista nella citt\u00e0 simbolo dell\u2019eccellenza artistica italiana con la sesta edizione di Spoleto Jazz, in programma dal 10 ottobre al 22 novembre 2025 presso due teatri iconici della citt\u00e0: il Caio Melisso \u2013 Spazio Carla Fendi e il Teatro Nuovo Gian Carlo Menotti. Un progetto ideato, promosso e organizzato da Visioninmusica, con il contributo e la collaborazione del Comune di Spoleto, che conferma la vitalit\u00e0 e la visione di una rassegna capace di coniugare prestigio internazionale, programmazione originale e apertura al nuovo.<\/p>\n<p>Dopo i successi delle precedenti edizioni, la rassegna si prepara a offrire al pubblico un viaggio sonoro ricco e trasversale, con quattro concerti che spaziano dalle atmosfere sofisticate dello swing alla potenza espressiva delle influenze latino-americane, passando per la sperimentazione vocale e la fusion d\u2019autore.<\/p>\n<p>A inaugurare la rassegna, venerd\u00ec 10 ottobre, sar\u00e0 Lari Basilio, chitarrista brasiliana apprezzata a livello globale per la sua sensibilit\u00e0 e la sua tecnica fuori dal comune. Il suo progetto Redemption rappresenta una sintesi perfetta tra virtuosismo e narrazione emotiva, in un equilibrio sospeso tra jazz moderno, rock strumentale e suggestioni acustiche.<\/p>\n<p>Venerd\u00ec 17 ottobre, sar\u00e0 la volta di Michael Mayo, astro nascente del vocal jazz americano. Con FLY, l\u2019artista ridefinisce il concetto di canto jazzistico fondendolo con elettronica, soul e sperimentazione timbrica. Dotato di una voce caleidoscopica e di un senso della performance magnetico, Mayo trasporta lo spettatore in un universo sonoro personale e profondamente innovativo.<\/p>\n<p><img decoding=\"async\" class=\"alignnone size-large wp-image-68684\" src=\"https:\/\/www.turismoitinerante.com\/site\/wp-content\/uploads\/2025\/10\/Spoleto-jazz-1024x683.png\" alt=\"\" width=\"1024\" height=\"683\" srcset=\"https:\/\/www.turismoitinerante.com\/site\/wp-content\/uploads\/2025\/10\/Spoleto-jazz-1024x683.png 1024w, https:\/\/www.turismoitinerante.com\/site\/wp-content\/uploads\/2025\/10\/Spoleto-jazz-300x200.png 300w, https:\/\/www.turismoitinerante.com\/site\/wp-content\/uploads\/2025\/10\/Spoleto-jazz-768x512.png 768w, https:\/\/www.turismoitinerante.com\/site\/wp-content\/uploads\/2025\/10\/Spoleto-jazz-1536x1024.png 1536w, https:\/\/www.turismoitinerante.com\/site\/wp-content\/uploads\/2025\/10\/Spoleto-jazz-750x500.png 750w, https:\/\/www.turismoitinerante.com\/site\/wp-content\/uploads\/2025\/10\/Spoleto-jazz-1140x760.png 1140w, https:\/\/www.turismoitinerante.com\/site\/wp-content\/uploads\/2025\/10\/Spoleto-jazz.png 1920w\" sizes=\"(max-width: 1024px) 100vw, 1024px\" \/><\/p>\n<p>&nbsp;<\/p>\n<p><a href=\"https:\/\/www.facebook.com\/prolocoleonessa.official\" target=\"_blank\" rel=\"noopener\"><strong>A Leonessa (RI) la patata \u00e8 in sagra il 10, 11 e 12 ottobre<\/strong><\/a><\/p>\n<p>Dal 10 al 12 ottobre 2025 il borgo reatino di Leonessa celebra la 35\u00aa Sagra della Patata, tre giorni in cui il tubero pi\u00f9 democratico del mondo diventa protagonista assoluto della tavola. Il motto, che \u00e8 gi\u00e0 un programma, recita: \u201cFritta, lessa. Un piatto co\u2019 li fiocchi: lu tartufu co\u2019 li gnocchi\u201d. Traduzione libera: qui non si scherza, qui si mangia. Il men\u00f9 \u00e8 quello che fa felici grandi e bambini, con piatti che sanno di tradizione e sostanza: gnocchi al sugo o con tartufo, salsicce alla brace e montagne di patatine fritte.<\/p>\n<p>Non mancheranno il vino generoso della zona e una mostra mercato con oltre 150 espositori: artigianato, agronomia, formaggi, miele, funghi, salumi e tartufi per un percorso che profuma di festa e autenticit\u00e0. Perch\u00e9 s\u00ec, si viene per le patate, ma si resta per tutto il resto.<br \/>\nLeonessa, per\u00f2, non \u00e8 solo gastronomia: \u00e8 un borgo che vale la gita. Citt\u00e0 d\u2019Arte e Bandiera Arancione, conserva intatto il fascino medievale del centro storico, dove spiccano monumenti e chiese di grande valore. Impossibile non fermarsi davanti alla Fontana Farnesiana del XVI secolo, dono di Margherita d\u2019Austria, o visitare la Chiesa di San Francesco con il suo presepe in terracotta policroma del \u2018500 e la cripta con affreschi giotteschi scoperta solo nel 1993. E ancora le chiese di San Pietro, San Giuseppe, Santa Maria del Popolo e San Carlo: veri scrigni d\u2019arte e storia.<\/p>\n<p>E per chi non si accontenta di riempirsi il piatto (e la pancia), Leonessa regala panorami da cartolina: adagiata a 1000 metri di altitudine, incastonata tra Lazio, Umbria e Abruzzo, \u00e8 il punto di partenza ideale per escursioni sul Terminillo e nell\u2019Appennino centrale.<br \/>\nInsomma: la Sagra della Patata di Leonessa, giunta alla sua 35\u00aa edizione, \u00e8 il fuoriporta autunnale perfetto. Perch\u00e9 qui la patata non \u00e8 solo un contorno: diventa protagonista assoluta di un weekend che mescola gusto, tradizione, natura e arte.<\/p>\n<p><img decoding=\"async\" class=\" wp-image-68685 aligncenter\" src=\"https:\/\/www.turismoitinerante.com\/site\/wp-content\/uploads\/2025\/10\/Leonessa-eventi-576x1024.jpg\" alt=\"\" width=\"675\" height=\"1200\" srcset=\"https:\/\/www.turismoitinerante.com\/site\/wp-content\/uploads\/2025\/10\/Leonessa-eventi-576x1024.jpg 576w, https:\/\/www.turismoitinerante.com\/site\/wp-content\/uploads\/2025\/10\/Leonessa-eventi-169x300.jpg 169w, https:\/\/www.turismoitinerante.com\/site\/wp-content\/uploads\/2025\/10\/Leonessa-eventi-768x1365.jpg 768w, https:\/\/www.turismoitinerante.com\/site\/wp-content\/uploads\/2025\/10\/Leonessa-eventi-864x1536.jpg 864w, https:\/\/www.turismoitinerante.com\/site\/wp-content\/uploads\/2025\/10\/Leonessa-eventi-750x1333.jpg 750w, https:\/\/www.turismoitinerante.com\/site\/wp-content\/uploads\/2025\/10\/Leonessa-eventi.jpg 1080w\" sizes=\"(max-width: 675px) 100vw, 675px\" \/><\/p>\n<p>&nbsp;<\/p>\n<p><a href=\"https:\/\/reggiadicaserta.cultura.gov.it\/dall11-al-13-ottobre-2025-iv-edizione-terra-di-lavoro-wines\/\" target=\"_blank\" rel=\"noopener\"><strong>Dall\u201911 al 13 ottobre alla Reggia di Caserta la IV edizione Terra di Lavoro Wines: tre giorni dedicati all\u2019eccellenza enologica casertana<\/strong><\/a><\/p>\n<p>Tre giorni per scoprire, assaporare e raccontare l\u2019anima di un territorio attraverso i suoi vini: dall\u201911 al 13 ottobre, la Reggia di Caserta ospita la quarta edizione di Terra di Lavoro Wines, l\u2019evento che celebra le eccellenze vitivinicole della provincia casertana.<br \/>\nPromosso dal Consorzio Tutela Vini Caserta \u2013 VITICA in collaborazione con il Museo Reggia di Caserta, Terra di Lavoro Wines si inserisce in un ampio progetto di valorizzazione delle identit\u00e0 locali. La Reggia di Caserta conferma l&#8217;impegno condiviso con la Camera di Commercio di Caserta, con la quale ha sottoscritto un protocollo di intesa nel 2024, per sostenere tramite i consorzi le produzioni che raccontano il territorio e ne promuovono lo sviluppo sostenibile.<\/p>\n<p>Terra di Lavoro Wines \u00e8 un omaggio alle cinque denominazioni tutelate dal Consorzio VITICA \u2013 Aversa Asprinio DOP, Falerno del Massico DOP, Galluccio DOP, Roccamonfina IGP e Terre del Volturno IGP \u2013 che racchiudono secoli di tradizione, cultura e saperi agricoli.<br \/>\nNel suggestivo cortile del Palazzo reale, operatori del settore, appassionati e stampa potranno partecipare a degustazioni guidate, banchi d\u2019assaggio e incontri tematici dedicati all\u2019universo del vino. Non solo calici, ma anche contenuti: si parler\u00e0 di sostenibilit\u00e0 e innovazione in cantina, enoturismo ed esperienze sensoriali, nuovi linguaggi e trend di consumo, mercati emergenti e strategie di comunicazione.<\/p>\n<p>La manifestazione si inserisce nel solco delle attivit\u00e0 promosse dalla Reggia di Caserta in attuazione del Piano di Gestione del Sito UNESCO, rafforzando il legame tra patrimonio culturale e sviluppo locale. Un appuntamento da non perdere per chi vuole conoscere da vicino la vera essenza di Terra di Lavoro.<\/p>\n<p><img decoding=\"async\" class=\"alignnone size-large wp-image-68686\" src=\"https:\/\/www.turismoitinerante.com\/site\/wp-content\/uploads\/2025\/10\/Caserta-eventi-1024x576.jpg\" alt=\"\" width=\"1024\" height=\"576\" srcset=\"https:\/\/www.turismoitinerante.com\/site\/wp-content\/uploads\/2025\/10\/Caserta-eventi-1024x576.jpg 1024w, https:\/\/www.turismoitinerante.com\/site\/wp-content\/uploads\/2025\/10\/Caserta-eventi-300x169.jpg 300w, https:\/\/www.turismoitinerante.com\/site\/wp-content\/uploads\/2025\/10\/Caserta-eventi-768x432.jpg 768w, https:\/\/www.turismoitinerante.com\/site\/wp-content\/uploads\/2025\/10\/Caserta-eventi-1536x864.jpg 1536w, https:\/\/www.turismoitinerante.com\/site\/wp-content\/uploads\/2025\/10\/Caserta-eventi-750x422.jpg 750w, https:\/\/www.turismoitinerante.com\/site\/wp-content\/uploads\/2025\/10\/Caserta-eventi-1140x642.jpg 1140w, https:\/\/www.turismoitinerante.com\/site\/wp-content\/uploads\/2025\/10\/Caserta-eventi.jpg 1919w\" sizes=\"(max-width: 1024px) 100vw, 1024px\" \/><\/p>\n<p>&nbsp;<\/p>\n<p><strong><a href=\"https:\/\/etnawineforum.it\/\" target=\"_blank\" rel=\"noopener\">Dal 10 al 12 ottobre a Biancavilla (CT) arriva Etna Wine Forum 2025, il festival del vino etneo<\/a><\/strong><\/p>\n<p>Torna Etna Wine Forum, la manifestazione che nasce a Biancavilla, comune in provincia di Catania, con l\u2019obiettivo di valorizzare il patrimonio vitivinicolo del versante sud-ovest dell\u2019Etna, un areale dalle condizioni pedo-climatiche uniche.<br \/>\nTante le novit\u00e0 della IV edizione, in programma i prossimi 10,11 e 12 ottobre presso Villa delle Favare, a Biancavilla: dallo show cooking con lo chef stellato Pino Cuttaia del ristorante &#8220;La Madia di Licata&#8221;, al giornalista americano Robert Camuto, firma autorevole di Wine Spectator, che presenter\u00e0 il suo libro \u201cAltrove al Sud\u201d.<\/p>\n<p>I dettagli del programma sono stati annunciati oggi durante la conferenza stampa a Villa delle Favare, in presenza del sindaco di Biancavilla, Antonio Bonanno, e del presidente della Fondazione italiana sommelier, Paolo Di Caro.<br \/>\nUn calendario fitto di appuntamenti per una tre giorni dove si alterneranno masterclass, talk, convegni, approfondimenti, degustazioni, show cooking. Protagoniste dei banchi di assaggio, in programma domenica 12 Ottobre nella corte di Villa delle Favare, saranno le cantine siciliane del Sud Ovest, e non solo.<\/p>\n<p>Promossa dall\u2019amministrazione del comune di Biancavilla, Etna Wine Forum si avvale della collaborazione della Fondazione Italiana Sommelier, in qualit\u00e0 di partner tecnico, e del patrocinio degli assessorati Enti Locali e Agricoltura della Regione Siciliana, il Ministero dell\u2019Agricoltura e Sovranit\u00e0 Alimentare MASAF, Confagricoltura, Parco dell\u2019Etna.<\/p>\n<p><img decoding=\"async\" class=\"alignnone size-large wp-image-68687\" src=\"https:\/\/www.turismoitinerante.com\/site\/wp-content\/uploads\/2025\/10\/Etna-eventi-1024x576.png\" alt=\"\" width=\"1024\" height=\"576\" srcset=\"https:\/\/www.turismoitinerante.com\/site\/wp-content\/uploads\/2025\/10\/Etna-eventi-1024x576.png 1024w, https:\/\/www.turismoitinerante.com\/site\/wp-content\/uploads\/2025\/10\/Etna-eventi-300x169.png 300w, https:\/\/www.turismoitinerante.com\/site\/wp-content\/uploads\/2025\/10\/Etna-eventi-768x432.png 768w, https:\/\/www.turismoitinerante.com\/site\/wp-content\/uploads\/2025\/10\/Etna-eventi-750x422.png 750w, https:\/\/www.turismoitinerante.com\/site\/wp-content\/uploads\/2025\/10\/Etna-eventi-1140x641.png 1140w, https:\/\/www.turismoitinerante.com\/site\/wp-content\/uploads\/2025\/10\/Etna-eventi.png 1200w\" sizes=\"(max-width: 1024px) 100vw, 1024px\" \/><\/p>\n<p>&nbsp;<\/p>\n<p>Vi ricordiamo inoltre che nelle vicinanze di tutte queste zone potrete usufruire degli <a href=\"https:\/\/www.turismoitinerante.com\/site\/elenco-convenzioni-tessera-turit\/\" target=\"_blank\" rel=\"noreferrer noopener\"><strong>sconti esclusivi<\/strong><\/a> riservati da molti esercizi turistici ai possessori della nostra <strong><a href=\"https:\/\/www.turismoitinerante.com\/site\/tessera-turit-gli-amici-di-turismo-itinerante\/\" target=\"_blank\" rel=\"noreferrer noopener\">Tessera Turit<\/a><\/strong>.<\/p>\n<p><strong>Buon fine settimana!<\/strong><\/p>\n<p>&nbsp;<\/p>\n<div class=\"7863122cad8776726ec303240ed69aa5\" data-index=\"4\" style=\"float: none; margin:10px 0 10px 0; text-align:center;\">\n<script async src=\"\/\/pagead2.googlesyndication.com\/pagead\/js\/adsbygoogle.js\"><\/script>\r\n<!-- 728x90, creato 23\/02\/11 -->\r\n<ins class=\"adsbygoogle\"\r\n     style=\"display:inline-block;width:728px;height:90px\"\r\n     data-ad-client=\"ca-pub-5798583071070083\"\r\n     data-ad-slot=\"5935394872\"><\/ins>\r\n<script>\r\n(adsbygoogle = window.adsbygoogle || []).push({});\r\n<\/script>\n<\/div>\n\n<div style=\"font-size: 0px; height: 0px; line-height: 0px; margin: 0; padding: 0; clear: both;\"><\/div>","protected":false},"excerpt":{"rendered":"<p>Abbiamo selezionato per voi i migliori eventi da non perdere nel fine settimana 10-11-12 ottobre in giro per l\u2019Italia! Scegliete il vostro preferito! Viaggiate in sicurezza con il vostro camper con la \u201cPolizza degli Amici di Turismo Itinerante\u201d in convenzione con la D\u2019Orazio Assicurazioni. &nbsp; Sabato 11 e domenica 12 ottobre tornano in tutta Italia [&hellip;]<\/p>\n","protected":false},"author":1,"featured_media":68628,"comment_status":"closed","ping_status":"open","sticky":false,"template":"","format":"standard","meta":{"ngg_post_thumbnail":0,"jnews-multi-image_gallery":[],"jnews_single_post":{"format":"standard","override":[{"template":"1","parallax":"1","fullscreen":"1","layout":"right-sidebar","sidebar":"default-sidebar","second_sidebar":"default-sidebar","sticky_sidebar":"1","share_position":"top","share_float_style":"share-monocrhome","show_share_counter":"1","show_view_counter":"1","show_featured":"1","show_post_meta":"1","show_post_author":"1","show_post_author_image":"1","show_post_date":"1","post_date_format":"default","post_date_format_custom":"Y\/m\/d","show_post_category":"1","show_post_reading_time":"0","post_reading_time_wpm":"300","post_calculate_word_method":"str_word_count","show_zoom_button":"0","zoom_button_out_step":"2","zoom_button_in_step":"3","show_post_tag":"1","show_prev_next_post":"1","show_popup_post":"1","number_popup_post":"1","show_author_box":"1","show_post_related":"0","show_inline_post_related":"0"}],"image_override":[{"single_post_thumbnail_size":"crop-500","single_post_gallery_size":"crop-500"}],"trending_post_position":"meta","trending_post_label":"Trending","sponsored_post_label":"Sponsored by","disable_ad":"0","subtitle":""},"jnews_primary_category":[],"jnews_override_counter":{"view_counter_number":"0","share_counter_number":"0","like_counter_number":"0","dislike_counter_number":"0"},"footnotes":""},"categories":[621],"tags":[112,121,1437],"class_list":["post-68679","post","type-post","status-publish","format-standard","has-post-thumbnail","hentry","category-info-turismo","tag-eventi","tag-italia","tag-weekend"],"yoast_head":"<!-- This site is optimized with the Yoast SEO plugin v27.4 - https:\/\/yoast.com\/product\/yoast-seo-wordpress\/ -->\n<title>I migliori eventi da non perdere nel fine settimana 10-11-12 ottobre<\/title>\n<meta name=\"description\" content=\"Abbiamo selezionato per voi i migliori eventi da non perdere nel fine settimana 10-11-12 ottobre in giro per l\u2019Italia\" \/>\n<meta name=\"robots\" content=\"index, follow, max-snippet:-1, max-image-preview:large, max-video-preview:-1\" \/>\n<link rel=\"canonical\" href=\"https:\/\/www.turismoitinerante.com\/site\/i-migliori-eventi-da-non-perdere-nel-fine-settimana-10-11-12-ottobre\/\" \/>\n<meta property=\"og:locale\" content=\"it_IT\" \/>\n<meta property=\"og:type\" content=\"article\" \/>\n<meta property=\"og:title\" content=\"I migliori eventi da non perdere nel fine settimana 10-11-12 ottobre\" \/>\n<meta property=\"og:description\" content=\"Abbiamo selezionato per voi i migliori eventi da non perdere nel fine settimana 10-11-12 ottobre in giro per l\u2019Italia\" \/>\n<meta property=\"og:url\" content=\"https:\/\/www.turismoitinerante.com\/site\/i-migliori-eventi-da-non-perdere-nel-fine-settimana-10-11-12-ottobre\/\" \/>\n<meta property=\"og:site_name\" content=\"TI - Turismo Itinerante\" \/>\n<meta property=\"article:published_time\" content=\"2025-10-03T10:34:47+00:00\" \/>\n<meta property=\"og:image\" content=\"https:\/\/www.turismoitinerante.com\/site\/wp-content\/uploads\/2025\/09\/Flora-et-Decora_Sant-Ambrogio-2.jpeg\" \/>\n\t<meta property=\"og:image:width\" content=\"1280\" \/>\n\t<meta property=\"og:image:height\" content=\"853\" \/>\n\t<meta property=\"og:image:type\" content=\"image\/jpeg\" \/>\n<meta name=\"author\" content=\"admin\" \/>\n<meta name=\"twitter:card\" content=\"summary_large_image\" \/>\n<meta name=\"twitter:label1\" content=\"Scritto da\" \/>\n\t<meta name=\"twitter:data1\" content=\"admin\" \/>\n\t<meta name=\"twitter:label2\" content=\"Tempo di lettura stimato\" \/>\n\t<meta name=\"twitter:data2\" content=\"23 minuti\" \/>\n<script type=\"application\/ld+json\" class=\"yoast-schema-graph\">{\"@context\":\"https:\\\/\\\/schema.org\",\"@graph\":[{\"@type\":\"Article\",\"@id\":\"https:\\\/\\\/www.turismoitinerante.com\\\/site\\\/i-migliori-eventi-da-non-perdere-nel-fine-settimana-10-11-12-ottobre\\\/#article\",\"isPartOf\":{\"@id\":\"https:\\\/\\\/www.turismoitinerante.com\\\/site\\\/i-migliori-eventi-da-non-perdere-nel-fine-settimana-10-11-12-ottobre\\\/\"},\"author\":{\"name\":\"admin\",\"@id\":\"https:\\\/\\\/www.turismoitinerante.com\\\/site\\\/#\\\/schema\\\/person\\\/1e1238d2d1617438f3682e54bf4d6c05\"},\"headline\":\"I migliori eventi da non perdere nel fine settimana 10-11-12 ottobre\",\"datePublished\":\"2025-10-03T10:34:47+00:00\",\"mainEntityOfPage\":{\"@id\":\"https:\\\/\\\/www.turismoitinerante.com\\\/site\\\/i-migliori-eventi-da-non-perdere-nel-fine-settimana-10-11-12-ottobre\\\/\"},\"wordCount\":3732,\"image\":{\"@id\":\"https:\\\/\\\/www.turismoitinerante.com\\\/site\\\/i-migliori-eventi-da-non-perdere-nel-fine-settimana-10-11-12-ottobre\\\/#primaryimage\"},\"thumbnailUrl\":\"https:\\\/\\\/www.turismoitinerante.com\\\/site\\\/wp-content\\\/uploads\\\/2025\\\/09\\\/Flora-et-Decora_Sant-Ambrogio-2.jpeg\",\"keywords\":[\"eventi\",\"Italia\",\"Weekend\"],\"articleSection\":[\"Turismo\"],\"inLanguage\":\"it-IT\"},{\"@type\":\"WebPage\",\"@id\":\"https:\\\/\\\/www.turismoitinerante.com\\\/site\\\/i-migliori-eventi-da-non-perdere-nel-fine-settimana-10-11-12-ottobre\\\/\",\"url\":\"https:\\\/\\\/www.turismoitinerante.com\\\/site\\\/i-migliori-eventi-da-non-perdere-nel-fine-settimana-10-11-12-ottobre\\\/\",\"name\":\"I migliori eventi da non perdere nel fine settimana 10-11-12 ottobre\",\"isPartOf\":{\"@id\":\"https:\\\/\\\/www.turismoitinerante.com\\\/site\\\/#website\"},\"primaryImageOfPage\":{\"@id\":\"https:\\\/\\\/www.turismoitinerante.com\\\/site\\\/i-migliori-eventi-da-non-perdere-nel-fine-settimana-10-11-12-ottobre\\\/#primaryimage\"},\"image\":{\"@id\":\"https:\\\/\\\/www.turismoitinerante.com\\\/site\\\/i-migliori-eventi-da-non-perdere-nel-fine-settimana-10-11-12-ottobre\\\/#primaryimage\"},\"thumbnailUrl\":\"https:\\\/\\\/www.turismoitinerante.com\\\/site\\\/wp-content\\\/uploads\\\/2025\\\/09\\\/Flora-et-Decora_Sant-Ambrogio-2.jpeg\",\"datePublished\":\"2025-10-03T10:34:47+00:00\",\"author\":{\"@id\":\"https:\\\/\\\/www.turismoitinerante.com\\\/site\\\/#\\\/schema\\\/person\\\/1e1238d2d1617438f3682e54bf4d6c05\"},\"description\":\"Abbiamo selezionato per voi i migliori eventi da non perdere nel fine settimana 10-11-12 ottobre in giro per l\u2019Italia\",\"breadcrumb\":{\"@id\":\"https:\\\/\\\/www.turismoitinerante.com\\\/site\\\/i-migliori-eventi-da-non-perdere-nel-fine-settimana-10-11-12-ottobre\\\/#breadcrumb\"},\"inLanguage\":\"it-IT\",\"potentialAction\":[{\"@type\":\"ReadAction\",\"target\":[\"https:\\\/\\\/www.turismoitinerante.com\\\/site\\\/i-migliori-eventi-da-non-perdere-nel-fine-settimana-10-11-12-ottobre\\\/\"]}]},{\"@type\":\"ImageObject\",\"inLanguage\":\"it-IT\",\"@id\":\"https:\\\/\\\/www.turismoitinerante.com\\\/site\\\/i-migliori-eventi-da-non-perdere-nel-fine-settimana-10-11-12-ottobre\\\/#primaryimage\",\"url\":\"https:\\\/\\\/www.turismoitinerante.com\\\/site\\\/wp-content\\\/uploads\\\/2025\\\/09\\\/Flora-et-Decora_Sant-Ambrogio-2.jpeg\",\"contentUrl\":\"https:\\\/\\\/www.turismoitinerante.com\\\/site\\\/wp-content\\\/uploads\\\/2025\\\/09\\\/Flora-et-Decora_Sant-Ambrogio-2.jpeg\",\"width\":1280,\"height\":853,\"caption\":\"Milano, Piazza Sant'Ambrogio, mercato Flora et decora\"},{\"@type\":\"BreadcrumbList\",\"@id\":\"https:\\\/\\\/www.turismoitinerante.com\\\/site\\\/i-migliori-eventi-da-non-perdere-nel-fine-settimana-10-11-12-ottobre\\\/#breadcrumb\",\"itemListElement\":[{\"@type\":\"ListItem\",\"position\":1,\"name\":\"Home\",\"item\":\"https:\\\/\\\/www.turismoitinerante.com\\\/site\\\/\"},{\"@type\":\"ListItem\",\"position\":2,\"name\":\"I migliori eventi da non perdere nel fine settimana 10-11-12 ottobre\"}]},{\"@type\":\"WebSite\",\"@id\":\"https:\\\/\\\/www.turismoitinerante.com\\\/site\\\/#website\",\"url\":\"https:\\\/\\\/www.turismoitinerante.com\\\/site\\\/\",\"name\":\"TI - Turismo Itinerante\",\"description\":\"Ritrovarsi su internet per informarsi, per informare. Il portale del turismo itinerante. Una infinit\u00e0 di notizie su camper, itinerari, aree sosta camper, concessionari, campeggi, agriturismo, raduni, sagre, fiere, mostre, associazioni, club, forum, bacheca annunci\",\"potentialAction\":[{\"@type\":\"SearchAction\",\"target\":{\"@type\":\"EntryPoint\",\"urlTemplate\":\"https:\\\/\\\/www.turismoitinerante.com\\\/site\\\/?s={search_term_string}\"},\"query-input\":{\"@type\":\"PropertyValueSpecification\",\"valueRequired\":true,\"valueName\":\"search_term_string\"}}],\"inLanguage\":\"it-IT\"},{\"@type\":\"Person\",\"@id\":\"https:\\\/\\\/www.turismoitinerante.com\\\/site\\\/#\\\/schema\\\/person\\\/1e1238d2d1617438f3682e54bf4d6c05\",\"name\":\"admin\",\"image\":{\"@type\":\"ImageObject\",\"inLanguage\":\"it-IT\",\"@id\":\"https:\\\/\\\/secure.gravatar.com\\\/avatar\\\/9102d8c23b35e2809b07ebc42ce126daa3d6a47cce9878a22d14d9852ade629e?s=96&d=mm&r=g\",\"url\":\"https:\\\/\\\/secure.gravatar.com\\\/avatar\\\/9102d8c23b35e2809b07ebc42ce126daa3d6a47cce9878a22d14d9852ade629e?s=96&d=mm&r=g\",\"contentUrl\":\"https:\\\/\\\/secure.gravatar.com\\\/avatar\\\/9102d8c23b35e2809b07ebc42ce126daa3d6a47cce9878a22d14d9852ade629e?s=96&d=mm&r=g\",\"caption\":\"admin\"},\"url\":\"https:\\\/\\\/www.turismoitinerante.com\\\/site\\\/author\\\/admin\\\/\"}]}<\/script>\n<!-- \/ Yoast SEO plugin. -->","yoast_head_json":{"title":"I migliori eventi da non perdere nel fine settimana 10-11-12 ottobre","description":"Abbiamo selezionato per voi i migliori eventi da non perdere nel fine settimana 10-11-12 ottobre in giro per l\u2019Italia","robots":{"index":"index","follow":"follow","max-snippet":"max-snippet:-1","max-image-preview":"max-image-preview:large","max-video-preview":"max-video-preview:-1"},"canonical":"https:\/\/www.turismoitinerante.com\/site\/i-migliori-eventi-da-non-perdere-nel-fine-settimana-10-11-12-ottobre\/","og_locale":"it_IT","og_type":"article","og_title":"I migliori eventi da non perdere nel fine settimana 10-11-12 ottobre","og_description":"Abbiamo selezionato per voi i migliori eventi da non perdere nel fine settimana 10-11-12 ottobre in giro per l\u2019Italia","og_url":"https:\/\/www.turismoitinerante.com\/site\/i-migliori-eventi-da-non-perdere-nel-fine-settimana-10-11-12-ottobre\/","og_site_name":"TI - Turismo Itinerante","article_published_time":"2025-10-03T10:34:47+00:00","og_image":[{"width":1280,"height":853,"url":"https:\/\/www.turismoitinerante.com\/site\/wp-content\/uploads\/2025\/09\/Flora-et-Decora_Sant-Ambrogio-2.jpeg","type":"image\/jpeg"}],"author":"admin","twitter_card":"summary_large_image","twitter_misc":{"Scritto da":"admin","Tempo di lettura stimato":"23 minuti"},"schema":{"@context":"https:\/\/schema.org","@graph":[{"@type":"Article","@id":"https:\/\/www.turismoitinerante.com\/site\/i-migliori-eventi-da-non-perdere-nel-fine-settimana-10-11-12-ottobre\/#article","isPartOf":{"@id":"https:\/\/www.turismoitinerante.com\/site\/i-migliori-eventi-da-non-perdere-nel-fine-settimana-10-11-12-ottobre\/"},"author":{"name":"admin","@id":"https:\/\/www.turismoitinerante.com\/site\/#\/schema\/person\/1e1238d2d1617438f3682e54bf4d6c05"},"headline":"I migliori eventi da non perdere nel fine settimana 10-11-12 ottobre","datePublished":"2025-10-03T10:34:47+00:00","mainEntityOfPage":{"@id":"https:\/\/www.turismoitinerante.com\/site\/i-migliori-eventi-da-non-perdere-nel-fine-settimana-10-11-12-ottobre\/"},"wordCount":3732,"image":{"@id":"https:\/\/www.turismoitinerante.com\/site\/i-migliori-eventi-da-non-perdere-nel-fine-settimana-10-11-12-ottobre\/#primaryimage"},"thumbnailUrl":"https:\/\/www.turismoitinerante.com\/site\/wp-content\/uploads\/2025\/09\/Flora-et-Decora_Sant-Ambrogio-2.jpeg","keywords":["eventi","Italia","Weekend"],"articleSection":["Turismo"],"inLanguage":"it-IT"},{"@type":"WebPage","@id":"https:\/\/www.turismoitinerante.com\/site\/i-migliori-eventi-da-non-perdere-nel-fine-settimana-10-11-12-ottobre\/","url":"https:\/\/www.turismoitinerante.com\/site\/i-migliori-eventi-da-non-perdere-nel-fine-settimana-10-11-12-ottobre\/","name":"I migliori eventi da non perdere nel fine settimana 10-11-12 ottobre","isPartOf":{"@id":"https:\/\/www.turismoitinerante.com\/site\/#website"},"primaryImageOfPage":{"@id":"https:\/\/www.turismoitinerante.com\/site\/i-migliori-eventi-da-non-perdere-nel-fine-settimana-10-11-12-ottobre\/#primaryimage"},"image":{"@id":"https:\/\/www.turismoitinerante.com\/site\/i-migliori-eventi-da-non-perdere-nel-fine-settimana-10-11-12-ottobre\/#primaryimage"},"thumbnailUrl":"https:\/\/www.turismoitinerante.com\/site\/wp-content\/uploads\/2025\/09\/Flora-et-Decora_Sant-Ambrogio-2.jpeg","datePublished":"2025-10-03T10:34:47+00:00","author":{"@id":"https:\/\/www.turismoitinerante.com\/site\/#\/schema\/person\/1e1238d2d1617438f3682e54bf4d6c05"},"description":"Abbiamo selezionato per voi i migliori eventi da non perdere nel fine settimana 10-11-12 ottobre in giro per l\u2019Italia","breadcrumb":{"@id":"https:\/\/www.turismoitinerante.com\/site\/i-migliori-eventi-da-non-perdere-nel-fine-settimana-10-11-12-ottobre\/#breadcrumb"},"inLanguage":"it-IT","potentialAction":[{"@type":"ReadAction","target":["https:\/\/www.turismoitinerante.com\/site\/i-migliori-eventi-da-non-perdere-nel-fine-settimana-10-11-12-ottobre\/"]}]},{"@type":"ImageObject","inLanguage":"it-IT","@id":"https:\/\/www.turismoitinerante.com\/site\/i-migliori-eventi-da-non-perdere-nel-fine-settimana-10-11-12-ottobre\/#primaryimage","url":"https:\/\/www.turismoitinerante.com\/site\/wp-content\/uploads\/2025\/09\/Flora-et-Decora_Sant-Ambrogio-2.jpeg","contentUrl":"https:\/\/www.turismoitinerante.com\/site\/wp-content\/uploads\/2025\/09\/Flora-et-Decora_Sant-Ambrogio-2.jpeg","width":1280,"height":853,"caption":"Milano, Piazza Sant'Ambrogio, mercato Flora et decora"},{"@type":"BreadcrumbList","@id":"https:\/\/www.turismoitinerante.com\/site\/i-migliori-eventi-da-non-perdere-nel-fine-settimana-10-11-12-ottobre\/#breadcrumb","itemListElement":[{"@type":"ListItem","position":1,"name":"Home","item":"https:\/\/www.turismoitinerante.com\/site\/"},{"@type":"ListItem","position":2,"name":"I migliori eventi da non perdere nel fine settimana 10-11-12 ottobre"}]},{"@type":"WebSite","@id":"https:\/\/www.turismoitinerante.com\/site\/#website","url":"https:\/\/www.turismoitinerante.com\/site\/","name":"TI - Turismo Itinerante","description":"Ritrovarsi su internet per informarsi, per informare. Il portale del turismo itinerante. Una infinit\u00e0 di notizie su camper, itinerari, aree sosta camper, concessionari, campeggi, agriturismo, raduni, sagre, fiere, mostre, associazioni, club, forum, bacheca annunci","potentialAction":[{"@type":"SearchAction","target":{"@type":"EntryPoint","urlTemplate":"https:\/\/www.turismoitinerante.com\/site\/?s={search_term_string}"},"query-input":{"@type":"PropertyValueSpecification","valueRequired":true,"valueName":"search_term_string"}}],"inLanguage":"it-IT"},{"@type":"Person","@id":"https:\/\/www.turismoitinerante.com\/site\/#\/schema\/person\/1e1238d2d1617438f3682e54bf4d6c05","name":"admin","image":{"@type":"ImageObject","inLanguage":"it-IT","@id":"https:\/\/secure.gravatar.com\/avatar\/9102d8c23b35e2809b07ebc42ce126daa3d6a47cce9878a22d14d9852ade629e?s=96&d=mm&r=g","url":"https:\/\/secure.gravatar.com\/avatar\/9102d8c23b35e2809b07ebc42ce126daa3d6a47cce9878a22d14d9852ade629e?s=96&d=mm&r=g","contentUrl":"https:\/\/secure.gravatar.com\/avatar\/9102d8c23b35e2809b07ebc42ce126daa3d6a47cce9878a22d14d9852ade629e?s=96&d=mm&r=g","caption":"admin"},"url":"https:\/\/www.turismoitinerante.com\/site\/author\/admin\/"}]}},"_links":{"self":[{"href":"https:\/\/www.turismoitinerante.com\/site\/wp-json\/wp\/v2\/posts\/68679","targetHints":{"allow":["GET"]}}],"collection":[{"href":"https:\/\/www.turismoitinerante.com\/site\/wp-json\/wp\/v2\/posts"}],"about":[{"href":"https:\/\/www.turismoitinerante.com\/site\/wp-json\/wp\/v2\/types\/post"}],"author":[{"embeddable":true,"href":"https:\/\/www.turismoitinerante.com\/site\/wp-json\/wp\/v2\/users\/1"}],"replies":[{"embeddable":true,"href":"https:\/\/www.turismoitinerante.com\/site\/wp-json\/wp\/v2\/comments?post=68679"}],"version-history":[{"count":2,"href":"https:\/\/www.turismoitinerante.com\/site\/wp-json\/wp\/v2\/posts\/68679\/revisions"}],"predecessor-version":[{"id":68689,"href":"https:\/\/www.turismoitinerante.com\/site\/wp-json\/wp\/v2\/posts\/68679\/revisions\/68689"}],"wp:featuredmedia":[{"embeddable":true,"href":"https:\/\/www.turismoitinerante.com\/site\/wp-json\/wp\/v2\/media\/68628"}],"wp:attachment":[{"href":"https:\/\/www.turismoitinerante.com\/site\/wp-json\/wp\/v2\/media?parent=68679"}],"wp:term":[{"taxonomy":"category","embeddable":true,"href":"https:\/\/www.turismoitinerante.com\/site\/wp-json\/wp\/v2\/categories?post=68679"},{"taxonomy":"post_tag","embeddable":true,"href":"https:\/\/www.turismoitinerante.com\/site\/wp-json\/wp\/v2\/tags?post=68679"}],"curies":[{"name":"wp","href":"https:\/\/api.w.org\/{rel}","templated":true}]}}