{"id":68658,"date":"2025-10-01T10:18:33","date_gmt":"2025-10-01T09:18:33","guid":{"rendered":"https:\/\/www.turismoitinerante.com\/site\/?p=68658"},"modified":"2025-10-01T10:18:33","modified_gmt":"2025-10-01T09:18:33","slug":"dalla-valle-alle-stelle-valtellina-eventi-cielo-astri","status":"publish","type":"post","link":"https:\/\/www.turismoitinerante.com\/site\/dalla-valle-alle-stelle-valtellina-eventi-cielo-astri\/","title":{"rendered":"Dalla valle alle stelle: in Valtellina tanti eventi per ammirare il cielo e i suoi astri"},"content":{"rendered":"<p><b>La Valtellina \u00e8 un luogo privilegiato per chi ama osservare il cielo<\/b>: lontano dal fondovalle e dai centri abitati maggiori, le notti sono protette da un basso livello di inquinamento luminoso. In particolare, \u00e8 vicino alle date di luna nuova che il buio diventa pi\u00f9 intenso e le stelle sembrano moltiplicarsi, rivelando le costellazioni e i fenomeni celesti con una nitidezza rara. Gi\u00e0 a quote intorno ai 1.200-1.500 metri, l\u2019aria, resa pi\u00f9 tersa dalle brezze, offre <b>cieli limpidi e profondi<\/b> che fanno risaltare le stelle, pi\u00f9 brillanti e facili da osservare. Negli ultimi mesi del 2025, i momenti ideali saranno <b>intorno al 21 ottobre, al 20 novembre e al 20 dicembre, notti senza luna<\/b>, perfette per alzare lo sguardo e lasciarsi stupire.<\/p>\n<p>Tra gli appuntamenti pi\u00f9 attesi dell\u2019inverno ci sono poi le <b>Geminidi, conosciute anche come \u201cstelle di Natale\u201d<\/b>: ogni anno, <b>tra il 4 e il 17 dicembre<\/b>, lo sciame meteorico attraversa il cielo regalando decine di scie luminose ogni ora, con un picco spettacolare il 13 e 14 dicembre. Nel 2025 la coincidenza con il novilunio render\u00e0 l\u2019oscurit\u00e0 ancora pi\u00f9 profonda, creando le condizioni ideali per ammirare uno dei fenomeni pi\u00f9 emozionanti dell\u2019anno.<\/p>\n<p>Ma la magia non si esaurisce con le meteore. In Valtellina \u00e8 facile <b>riconoscere le costellazioni pi\u00f9 note<\/b> e alcune figure stagionali: <b>il maestoso Pegaso, il mitico Perseo<\/b> con i suoi ammassi stellari e, per occhi esperti, anche l\u2019elegante Andromeda con la sua galassia. Poi arriva l\u2019inverno e lo scenario diventa ancora pi\u00f9 intenso: il <b>Toro con le Pleiadi, l\u2019inconfondibile Orione<\/b> con la sua cintura di tre stelle, e i <b>Gemelli<\/b>, guidati da Castore e Polluce, che riportano alla mente proprio lo sciame delle Geminidi.<\/p>\n<p>Ecco quindi alcuni dei punti migliori in Valtellina per alzare lo sguardo e perdersi in un mare di stelle, magari sfruttando le date pi\u00f9 indicate dei prossimi mesi per osservare questi incantevoli fenomeni celesti.<\/p>\n<p><b>PONTE IN VALTELLINA, IL BORGO CHE GUARDA LE STELLE<\/b><\/p>\n<p>In questo tour astronomico della Valtellina, si parte da un borgo storico a pochi chilometri da Sondrio, nella media valle, <b>Ponte in Valtellina<\/b>, che ospita <b>l&#8217;Osservatorio Astronomico \u201cGiuseppe Piazzi\u201d<\/b>. La struttura sorge in localit\u00e0 San Bernardo, a circa <b>1.283 metri<\/b> di altitudine, ed \u00e8 l\u2019<b>osservatorio pi\u00f9 alto della Lombardia<\/b>: una posizione scelta per la limpidezza del cielo, poco disturbato dall\u2019inquinamento luminoso, e per la facilit\u00e0 di accesso durante tutto l\u2019anno.<\/p>\n<p>L\u2019osservatorio \u00e8 intitolato a <b>Giuseppe Piazzi<\/b>, nato proprio a Ponte nel 1746: sacerdote, matematico e astronomo, Piazzi fond\u00f2 l\u2019Osservatorio di Palermo e si distinse per i suoi cataloghi stellari e per la scoperta di Cerere (1801), il pi\u00f9 grande corpo della fascia principale degli asteroidi, oggi classificato come pianeta nano.<\/p>\n<p>Accanto alla ricerca scientifica, la struttura svolge un ruolo di divulgazione con diverse attivit\u00e0 rivolte ai visitatori. Le <b>serate dedicate all\u2019osservazione del cielo <\/b>notturno, guidate da conferenze e dimostrazioni pratiche, offrono l\u2019occasione di conoscere da vicino fenomeni celesti e strumenti astronomici. In questo modo, l\u2019osservatorio diventa un luogo in cui il sapere scientifico si intreccia con la storia locale e con il paesaggio valtellinese, rendendo l\u2019esperienza accessibile anche a chi si avvicina all\u2019astronomia per la prima volta.<br \/>\n<a href=\"https:\/\/www.valtellina.it\/it\/approfondimenti\/musei\/osservatorio-astronomico-piazzi\">Maggiori informazioni sull\u2019Osservatorio Astronomico \u201cGiuseppe Piazzi\u201d<\/a><\/p>\n<p><b>TRIVIGNO, BALCONE STELLATO<\/b><\/p>\n<p>Sopra Tirano e Aprica, a cavallo tra la Valle di Poschiavo (verso nord) e la Valle di Corteno (verso sud), si trova <b>Trivigno<\/b>, un piccolo altopiano alpino della <b>Media Valtellina<\/b>. \u00c8 uno dei luoghi pi\u00f9 adatti per l&#8217;osservazione del cielo notturno, specialmente in autunno, quando l\u2019aria tersa regala notti limpide e fa brillare le stelle ancora di pi\u00f9. L&#8217;esperienza pu\u00f2 essere arricchita con un <b>trekking al tramonto<\/b> lungo uno dei percorsi della zona o con sessioni fotografiche dedicate al cielo stellato, trasformando la montagna in un palcoscenico ideale per l\u2019astroturismo.<\/p>\n<p><b>VALMALENCO: NATURA, MISTERI E FENOMENI NON IDENTIFICATI<\/b><\/p>\n<p>Dalla Media Valtellina muovendosi verso ovest in direzione di Sondrio, si raggiunge l\u2019imbocco della <b>Valmalenco<\/b>, che si apre poi verso nord fino al confine con la Svizzera. <b>Porta d\u2019accesso alle ascensioni del Bernina <\/b>(4.050m), questa valle offre ai visitatori un\u2019esperienza unica, in cui la bellezza dei paesaggi alpini si intreccia con il fascino dei misteri celesti. In autunno i boschi di larici e betulle si tingono di colori caldi, dal giallo dorato al rosso intenso, mentre le serate fresche rendono il cielo terso, ideale per l\u2019osservazione dei fenomeni astronomici\u2026 e non solo.<\/p>\n<p>La Valmalenco \u00e8 infatti nota anche per la <b>frequente segnalazione di luci misteriose, fasci luminosi e oggetti volanti non identificati<\/b>, che hanno attirato l\u2019attenzione di appassionati di ufologia e curiosi. Testimonianze locali raccontano di bagliori improvvisi tra le montagne, oggetti luminosi sopra i ghiacciai e altri episodi enigmatici che stimolano l\u2019immaginazione di chi visita la valle.<\/p>\n<p>Data la frequenza di questi peculiari fenomeni, <b>dal 2021 gli avvistamenti sono monitorati tramite webcam<\/b>, con raccolta di testimonianze, video e immagini grazie al progetto <b>Valmalenco UFO Target (VUT)<\/b>, mentre <b>l\u2019associazione AR\u00ccA (Associazione Ricerca Italiana Aliena)<\/b> si occupa di analizzarli con attenzione. Nessuna segnalazione passa inosservata, perch\u00e9 tra le tante potrebbe nascondersi qualcosa di davvero eccezionale. Nonostante la maggior parte delle rilevazioni abbia spiegazioni ordinarie, la valle continua a suscitare curiosit\u00e0 e alimenta narrazioni locali, come quella dei <b>\u201cMalieni\u201d<\/b>, simpatici extraterrestri immaginari approdati tra le montagne e i boschi della Valmalenco.<\/p>\n<figure id=\"attachment_68660\" aria-describedby=\"caption-attachment-68660\" style=\"width: 1024px\" class=\"wp-caption alignnone\"><img decoding=\"async\" class=\"size-large wp-image-68660\" src=\"https:\/\/www.turismoitinerante.com\/site\/wp-content\/uploads\/2025\/10\/Valmalenco_CimeDiMusella_Notturna_ViaLattea15-8218-1024x682.jpg\" alt=\"\" width=\"1024\" height=\"682\" srcset=\"https:\/\/www.turismoitinerante.com\/site\/wp-content\/uploads\/2025\/10\/Valmalenco_CimeDiMusella_Notturna_ViaLattea15-8218-1024x682.jpg 1024w, https:\/\/www.turismoitinerante.com\/site\/wp-content\/uploads\/2025\/10\/Valmalenco_CimeDiMusella_Notturna_ViaLattea15-8218-300x200.jpg 300w, https:\/\/www.turismoitinerante.com\/site\/wp-content\/uploads\/2025\/10\/Valmalenco_CimeDiMusella_Notturna_ViaLattea15-8218-768x512.jpg 768w, https:\/\/www.turismoitinerante.com\/site\/wp-content\/uploads\/2025\/10\/Valmalenco_CimeDiMusella_Notturna_ViaLattea15-8218-1536x1024.jpg 1536w, https:\/\/www.turismoitinerante.com\/site\/wp-content\/uploads\/2025\/10\/Valmalenco_CimeDiMusella_Notturna_ViaLattea15-8218-750x500.jpg 750w, https:\/\/www.turismoitinerante.com\/site\/wp-content\/uploads\/2025\/10\/Valmalenco_CimeDiMusella_Notturna_ViaLattea15-8218-1140x760.jpg 1140w, https:\/\/www.turismoitinerante.com\/site\/wp-content\/uploads\/2025\/10\/Valmalenco_CimeDiMusella_Notturna_ViaLattea15-8218.jpg 2000w\" sizes=\"(max-width: 1024px) 100vw, 1024px\" \/><figcaption id=\"caption-attachment-68660\" class=\"wp-caption-text\">Valmalenco &#8211; Cime Di Musella &#8211; Notturna &#8211; Via Lattea<\/figcaption><\/figure>\n<p><b>AL CHIARO DI LUNA: ESCURSIONE NOTTURNA A CODERA<\/b><\/p>\n<p>Lasciate le fascinazioni di questa valle, procedendo verso il Lago di Como si raggiunge l\u2019imbocco della <b>Valchiavenna<\/b>, la punta nord ovest valtellinese che stupisce nelle ore diurne e rapisce al calar del sole. Tra le tante location per visitarla di sera, un luogo unico \u00e8 l\u2019<b>antico borgo di Codera<\/b>, tenuto vivo da meno di dieci abitanti e raggiungibile solo a piedi. Un\u2019avventura unica tra natura, storia e leggenda attende chi partecipa all\u2019<b>escursione<\/b> \u201c<b>Al chiaro di luna\u201d sabato 8 novembre<\/b>, organizzata dall\u2019Associazione Amici Val Codera, che segue l\u2019antica mulattiera di collegamento fra Mezzolpiano e Codera. Lungo il percorso sono previste soste durante le quali una guida esperta racconta storie e misteri locali, accompagnando i partecipanti in un viaggio a ritroso nel tempo.<\/p>\n<p>All\u2019arrivo a Codera, la serata prosegue con una cena a base di prodotti del territorio e il pernottamento presso il <b>Rifugio Osteria Alpina<\/b> (aperto tutto l\u2019anno). Il mattino seguente, dopo la colazione, \u00e8 prevista una visita guidata al borgo e agli orti della biodiversit\u00e0, curati dai volontari dell\u2019associazione locale, per conoscere da vicino le pratiche sostenibili e la variet\u00e0 della flora montana. L\u2019escursione parte da Mezzolpiano, Novate Mezzola (SO) ed \u00e8 richiesto un equipaggiamento da media montagna e una torcia. Lo stesso percorso pu\u00f2 essere seguito anche nelle notti in cui la luna lascia lo spazio a un cielo pieno di stelle. <a href=\"https:\/\/www.valcodera.com\/\">Info e prenotazioni Associazione Amici Val Codera<\/a> entro il mercoled\u00ec precedente l\u2019escursione (tel. 0343 62037 &#8211; 338 1865169, mail <a href=\"mailto:Info@valcodera.com\">Info@valcodera.com<\/a>).<\/p>\n<p><b>PALCOSCENICI NOTTURNI A POCHI PASSI DA BORMIO<\/b><\/p>\n<p>Da Nord Ovest della Valtellina ai piedi del Passo dello Spluga, fino a Nord Est dove si trova <b>Bormio<\/b>, ai piedi del Passo dello Stelvio, lo scenario \u00e8 altrettanto iconico. Lontano dei grandi centri abitati, le montagne diventano un palcoscenico silenzioso dove alzare lo sguardo e scrutare le stelle: un momento che unisce la bellezza della natura incontaminata al piacere di riconnettersi con s\u00e9 stessi.<\/p>\n<p>A pochi chilometri dal centro di Bormio, in direzione Sondalo, la<b> Val di Rezzalo <\/b>offre un punto di osservazione ideale per gli appassionati di astronomia. Con un paio d\u2019ore di cammino dal parcheggio di Fumero, lungo una strada sterrata non impegnativa con circa 400m di dislivello, si raggiunge il Rifugio La Baita, aperto d\u2019estate e tutto l\u2019anno nei fine settimana. Ideale per una cena tipicamente valtellinese, si pu\u00f2 poi rientrare lungo la stessa strada facendo una suggestiva passeggiata sotto le stelle, che in inverno diventa ancora pi\u00f9 emozionante grazie alla discesa con gli slittini noleggiabili direttamente in struttura. <a href=\"https:\/\/www.valtellinaoutdoor.it\/it\/tour\/escursione\/val-di-rezzalo-con-joelette\/804596021\/\">Dettagli dell\u2019escursione<\/a><\/p>\n<p>Un\u2019altra opzione per un\u2019immersione nella natura \u00e8 la <b>Val Viola<\/b>, che si pu\u00f2 raggiungere percorrendo la strada verso Livigno fino ad Arnoga (necessario pagare un pedaggio &#8211; ticket giornaliero di 5,00 \u20ac), punto di accesso alla valle. Qui, il cielo terso, lontano dall\u2019inquinamento luminoso, regala serate spettacolari per ammirare <b>stelle, costellazioni<\/b> e altri fenomeni celesti. Da <b>Arnoga<\/b> si pu\u00f2 salire verso <b>Sattarona<\/b>, nel cuore della Val Viola: il percorso si sviluppa su un sentiero ben segnalato che attraversa boschi di conifere e pascoli alpini, con un dislivello di circa 500 metri. E lo sguardo e il cuore si riempiono al cospetto della volta stellata. <a href=\"https:\/\/www.valtellinaoutdoor.it\/it\/tour\/escursione\/panoramica-sulla-val-viola\/804595666\/#caml=8vj,1ofxza,7ok50v,0,0\">Dettagli dell\u2019escursione<\/a><\/p>\n<p><b>A LIVIGNO DOVE LE STELLE SEMBRANO A PORTATA DI MANO<\/b><\/p>\n<p>Oltre le valli di Bormio si apre l&#8217;altopiano di&nbsp;<b>Livigno<\/b>, il piccolo Tibet,&nbsp;tra le vette del Parco Nazionale dello Stelvio, qui il cielo sembra essere pi\u00f9 vicino. Appena si lasciano le luci dell\u2019abitato, le stelle emergono dalla volta celeste. Il percorso pi\u00f9 semplice per osservare le costellazioni va dal Pass d\u2019Eira al Crap de la Par\u00e8: conviene posizionarsi sul versante verso Trepalle per ridurre il riverbero delle luci. Fuori dal centro abitato, <b>l\u2019Alpe Vago <\/b>\u00e8 raggiungibile anche in auto e offre un\u2019immersione suggestiva nella natura circostante, magari al chiaro di luna. Salendo di quota (per chi non ha esperienza sui sentieri di montagna, \u00e8 consigliabile farsi accompagnare dalle guide escursionistiche locali) si arriva a zone pi\u00f9 riparate, come <b>i Laghi della Forcola e il Lago del Monte<\/b>, da cui si gode di un ampio settore di cielo, perfetto per un&#8217;osservazione astronomica dal &#8220;tetto del mondo&#8221; italiano.<\/p>\n<p>Per maggiori informazioni sul territorio della Valtellina: <a href=\"http:\/\/www.valtellina.it\"><b>www.valtellina.it<\/b><\/a><\/p>\n<div class=\"7863122cad8776726ec303240ed69aa5\" data-index=\"4\" style=\"float: none; margin:10px 0 10px 0; text-align:center;\">\n<script async src=\"\/\/pagead2.googlesyndication.com\/pagead\/js\/adsbygoogle.js\"><\/script>\r\n<!-- 728x90, creato 23\/02\/11 -->\r\n<ins class=\"adsbygoogle\"\r\n     style=\"display:inline-block;width:728px;height:90px\"\r\n     data-ad-client=\"ca-pub-5798583071070083\"\r\n     data-ad-slot=\"5935394872\"><\/ins>\r\n<script>\r\n(adsbygoogle = window.adsbygoogle || []).push({});\r\n<\/script>\n<\/div>\n\n<div style=\"font-size: 0px; height: 0px; line-height: 0px; margin: 0; padding: 0; clear: both;\"><\/div>","protected":false},"excerpt":{"rendered":"<p>La Valtellina \u00e8 un luogo privilegiato per chi ama osservare il cielo: lontano dal fondovalle e dai centri abitati maggiori, le notti sono protette da un basso livello di inquinamento luminoso. In particolare, \u00e8 vicino alle date di luna nuova che il buio diventa pi\u00f9 intenso e le stelle sembrano moltiplicarsi, rivelando le costellazioni e [&hellip;]<\/p>\n","protected":false},"author":1,"featured_media":68659,"comment_status":"closed","ping_status":"open","sticky":false,"template":"","format":"standard","meta":{"ngg_post_thumbnail":0,"jnews-multi-image_gallery":[],"jnews_single_post":{"format":"standard","override":[{"template":"1","parallax":"1","fullscreen":"1","layout":"right-sidebar","sidebar":"default-sidebar","second_sidebar":"default-sidebar","sticky_sidebar":"1","share_position":"top","share_float_style":"share-monocrhome","show_share_counter":"1","show_view_counter":"1","show_featured":"1","show_post_meta":"1","show_post_author":"1","show_post_author_image":"1","show_post_date":"1","post_date_format":"default","post_date_format_custom":"Y\/m\/d","show_post_category":"1","show_post_reading_time":"0","post_reading_time_wpm":"300","post_calculate_word_method":"str_word_count","show_zoom_button":"0","zoom_button_out_step":"2","zoom_button_in_step":"3","show_post_tag":"1","show_prev_next_post":"1","show_popup_post":"1","number_popup_post":"1","show_author_box":"1","show_post_related":"0","show_inline_post_related":"0"}],"image_override":[{"single_post_thumbnail_size":"crop-500","single_post_gallery_size":"crop-500"}],"trending_post_position":"meta","trending_post_label":"Trending","sponsored_post_label":"Sponsored by","disable_ad":"0","subtitle":""},"jnews_primary_category":[],"jnews_override_counter":{"view_counter_number":"0","share_counter_number":"0","like_counter_number":"0","dislike_counter_number":"0"},"footnotes":""},"categories":[621],"tags":[2791],"class_list":["post-68658","post","type-post","status-publish","format-standard","has-post-thumbnail","hentry","category-info-turismo","tag-valtellina"],"yoast_head":"<!-- This site is optimized with the Yoast SEO plugin v27.4 - https:\/\/yoast.com\/product\/yoast-seo-wordpress\/ -->\n<title>Dalla valle alle stelle: in Valtellina tanti eventi per ammirare il cielo e i suoi astri<\/title>\n<meta name=\"description\" content=\"Tra gli appuntamenti pi\u00f9 attesi dell\u2019inverno ci sono poi le Geminidi, conosciute anche come \u201cstelle di Natale\u201d\" \/>\n<meta name=\"robots\" content=\"index, follow, max-snippet:-1, max-image-preview:large, max-video-preview:-1\" \/>\n<link rel=\"canonical\" href=\"https:\/\/www.turismoitinerante.com\/site\/dalla-valle-alle-stelle-valtellina-eventi-cielo-astri\/\" \/>\n<meta property=\"og:locale\" content=\"it_IT\" \/>\n<meta property=\"og:type\" content=\"article\" \/>\n<meta property=\"og:title\" content=\"Dalla valle alle stelle: in Valtellina tanti eventi per ammirare il cielo e i suoi astri\" \/>\n<meta property=\"og:description\" content=\"Tra gli appuntamenti pi\u00f9 attesi dell\u2019inverno ci sono poi le Geminidi, conosciute anche come \u201cstelle di Natale\u201d\" \/>\n<meta property=\"og:url\" content=\"https:\/\/www.turismoitinerante.com\/site\/dalla-valle-alle-stelle-valtellina-eventi-cielo-astri\/\" \/>\n<meta property=\"og:site_name\" content=\"TI - Turismo Itinerante\" \/>\n<meta property=\"article:published_time\" content=\"2025-10-01T09:18:33+00:00\" \/>\n<meta property=\"og:image\" content=\"https:\/\/www.turismoitinerante.com\/site\/wp-content\/uploads\/2025\/10\/APF-Valtellina-AlpiOrobie_ValGerola_RifugioDeLaCorte_Binocolo_Notturna17-5548_web.jpg\" \/>\n\t<meta property=\"og:image:width\" content=\"2000\" \/>\n\t<meta property=\"og:image:height\" content=\"1333\" \/>\n\t<meta property=\"og:image:type\" content=\"image\/jpeg\" \/>\n<meta name=\"author\" content=\"admin\" \/>\n<meta name=\"twitter:card\" content=\"summary_large_image\" \/>\n<meta name=\"twitter:label1\" content=\"Scritto da\" \/>\n\t<meta name=\"twitter:data1\" content=\"admin\" \/>\n\t<meta name=\"twitter:label2\" content=\"Tempo di lettura stimato\" \/>\n\t<meta name=\"twitter:data2\" content=\"9 minuti\" \/>\n<script type=\"application\/ld+json\" class=\"yoast-schema-graph\">{\"@context\":\"https:\\\/\\\/schema.org\",\"@graph\":[{\"@type\":\"Article\",\"@id\":\"https:\\\/\\\/www.turismoitinerante.com\\\/site\\\/dalla-valle-alle-stelle-valtellina-eventi-cielo-astri\\\/#article\",\"isPartOf\":{\"@id\":\"https:\\\/\\\/www.turismoitinerante.com\\\/site\\\/dalla-valle-alle-stelle-valtellina-eventi-cielo-astri\\\/\"},\"author\":{\"name\":\"admin\",\"@id\":\"https:\\\/\\\/www.turismoitinerante.com\\\/site\\\/#\\\/schema\\\/person\\\/1e1238d2d1617438f3682e54bf4d6c05\"},\"headline\":\"Dalla valle alle stelle: in Valtellina tanti eventi per ammirare il cielo e i suoi astri\",\"datePublished\":\"2025-10-01T09:18:33+00:00\",\"mainEntityOfPage\":{\"@id\":\"https:\\\/\\\/www.turismoitinerante.com\\\/site\\\/dalla-valle-alle-stelle-valtellina-eventi-cielo-astri\\\/\"},\"wordCount\":1613,\"image\":{\"@id\":\"https:\\\/\\\/www.turismoitinerante.com\\\/site\\\/dalla-valle-alle-stelle-valtellina-eventi-cielo-astri\\\/#primaryimage\"},\"thumbnailUrl\":\"https:\\\/\\\/www.turismoitinerante.com\\\/site\\\/wp-content\\\/uploads\\\/2025\\\/10\\\/APF-Valtellina-AlpiOrobie_ValGerola_RifugioDeLaCorte_Binocolo_Notturna17-5548_web.jpg\",\"keywords\":[\"Valtellina\"],\"articleSection\":[\"Turismo\"],\"inLanguage\":\"it-IT\"},{\"@type\":\"WebPage\",\"@id\":\"https:\\\/\\\/www.turismoitinerante.com\\\/site\\\/dalla-valle-alle-stelle-valtellina-eventi-cielo-astri\\\/\",\"url\":\"https:\\\/\\\/www.turismoitinerante.com\\\/site\\\/dalla-valle-alle-stelle-valtellina-eventi-cielo-astri\\\/\",\"name\":\"Dalla valle alle stelle: in Valtellina tanti eventi per ammirare il cielo e i suoi astri\",\"isPartOf\":{\"@id\":\"https:\\\/\\\/www.turismoitinerante.com\\\/site\\\/#website\"},\"primaryImageOfPage\":{\"@id\":\"https:\\\/\\\/www.turismoitinerante.com\\\/site\\\/dalla-valle-alle-stelle-valtellina-eventi-cielo-astri\\\/#primaryimage\"},\"image\":{\"@id\":\"https:\\\/\\\/www.turismoitinerante.com\\\/site\\\/dalla-valle-alle-stelle-valtellina-eventi-cielo-astri\\\/#primaryimage\"},\"thumbnailUrl\":\"https:\\\/\\\/www.turismoitinerante.com\\\/site\\\/wp-content\\\/uploads\\\/2025\\\/10\\\/APF-Valtellina-AlpiOrobie_ValGerola_RifugioDeLaCorte_Binocolo_Notturna17-5548_web.jpg\",\"datePublished\":\"2025-10-01T09:18:33+00:00\",\"author\":{\"@id\":\"https:\\\/\\\/www.turismoitinerante.com\\\/site\\\/#\\\/schema\\\/person\\\/1e1238d2d1617438f3682e54bf4d6c05\"},\"description\":\"Tra gli appuntamenti pi\u00f9 attesi dell\u2019inverno ci sono poi le Geminidi, conosciute anche come \u201cstelle di Natale\u201d\",\"breadcrumb\":{\"@id\":\"https:\\\/\\\/www.turismoitinerante.com\\\/site\\\/dalla-valle-alle-stelle-valtellina-eventi-cielo-astri\\\/#breadcrumb\"},\"inLanguage\":\"it-IT\",\"potentialAction\":[{\"@type\":\"ReadAction\",\"target\":[\"https:\\\/\\\/www.turismoitinerante.com\\\/site\\\/dalla-valle-alle-stelle-valtellina-eventi-cielo-astri\\\/\"]}]},{\"@type\":\"ImageObject\",\"inLanguage\":\"it-IT\",\"@id\":\"https:\\\/\\\/www.turismoitinerante.com\\\/site\\\/dalla-valle-alle-stelle-valtellina-eventi-cielo-astri\\\/#primaryimage\",\"url\":\"https:\\\/\\\/www.turismoitinerante.com\\\/site\\\/wp-content\\\/uploads\\\/2025\\\/10\\\/APF-Valtellina-AlpiOrobie_ValGerola_RifugioDeLaCorte_Binocolo_Notturna17-5548_web.jpg\",\"contentUrl\":\"https:\\\/\\\/www.turismoitinerante.com\\\/site\\\/wp-content\\\/uploads\\\/2025\\\/10\\\/APF-Valtellina-AlpiOrobie_ValGerola_RifugioDeLaCorte_Binocolo_Notturna17-5548_web.jpg\",\"width\":2000,\"height\":1333,\"caption\":\"APF Valtellina - Alpi Orobie - Val Gerola - Rifugio De La Corte - Binocolo - Notturna 17-5548_web\"},{\"@type\":\"BreadcrumbList\",\"@id\":\"https:\\\/\\\/www.turismoitinerante.com\\\/site\\\/dalla-valle-alle-stelle-valtellina-eventi-cielo-astri\\\/#breadcrumb\",\"itemListElement\":[{\"@type\":\"ListItem\",\"position\":1,\"name\":\"Home\",\"item\":\"https:\\\/\\\/www.turismoitinerante.com\\\/site\\\/\"},{\"@type\":\"ListItem\",\"position\":2,\"name\":\"Dalla valle alle stelle: in Valtellina tanti eventi per ammirare il cielo e i suoi astri\"}]},{\"@type\":\"WebSite\",\"@id\":\"https:\\\/\\\/www.turismoitinerante.com\\\/site\\\/#website\",\"url\":\"https:\\\/\\\/www.turismoitinerante.com\\\/site\\\/\",\"name\":\"TI - Turismo Itinerante\",\"description\":\"Ritrovarsi su internet per informarsi, per informare. Il portale del turismo itinerante. Una infinit\u00e0 di notizie su camper, itinerari, aree sosta camper, concessionari, campeggi, agriturismo, raduni, sagre, fiere, mostre, associazioni, club, forum, bacheca annunci\",\"potentialAction\":[{\"@type\":\"SearchAction\",\"target\":{\"@type\":\"EntryPoint\",\"urlTemplate\":\"https:\\\/\\\/www.turismoitinerante.com\\\/site\\\/?s={search_term_string}\"},\"query-input\":{\"@type\":\"PropertyValueSpecification\",\"valueRequired\":true,\"valueName\":\"search_term_string\"}}],\"inLanguage\":\"it-IT\"},{\"@type\":\"Person\",\"@id\":\"https:\\\/\\\/www.turismoitinerante.com\\\/site\\\/#\\\/schema\\\/person\\\/1e1238d2d1617438f3682e54bf4d6c05\",\"name\":\"admin\",\"image\":{\"@type\":\"ImageObject\",\"inLanguage\":\"it-IT\",\"@id\":\"https:\\\/\\\/secure.gravatar.com\\\/avatar\\\/9102d8c23b35e2809b07ebc42ce126daa3d6a47cce9878a22d14d9852ade629e?s=96&d=mm&r=g\",\"url\":\"https:\\\/\\\/secure.gravatar.com\\\/avatar\\\/9102d8c23b35e2809b07ebc42ce126daa3d6a47cce9878a22d14d9852ade629e?s=96&d=mm&r=g\",\"contentUrl\":\"https:\\\/\\\/secure.gravatar.com\\\/avatar\\\/9102d8c23b35e2809b07ebc42ce126daa3d6a47cce9878a22d14d9852ade629e?s=96&d=mm&r=g\",\"caption\":\"admin\"},\"url\":\"https:\\\/\\\/www.turismoitinerante.com\\\/site\\\/author\\\/admin\\\/\"}]}<\/script>\n<!-- \/ Yoast SEO plugin. -->","yoast_head_json":{"title":"Dalla valle alle stelle: in Valtellina tanti eventi per ammirare il cielo e i suoi astri","description":"Tra gli appuntamenti pi\u00f9 attesi dell\u2019inverno ci sono poi le Geminidi, conosciute anche come \u201cstelle di Natale\u201d","robots":{"index":"index","follow":"follow","max-snippet":"max-snippet:-1","max-image-preview":"max-image-preview:large","max-video-preview":"max-video-preview:-1"},"canonical":"https:\/\/www.turismoitinerante.com\/site\/dalla-valle-alle-stelle-valtellina-eventi-cielo-astri\/","og_locale":"it_IT","og_type":"article","og_title":"Dalla valle alle stelle: in Valtellina tanti eventi per ammirare il cielo e i suoi astri","og_description":"Tra gli appuntamenti pi\u00f9 attesi dell\u2019inverno ci sono poi le Geminidi, conosciute anche come \u201cstelle di Natale\u201d","og_url":"https:\/\/www.turismoitinerante.com\/site\/dalla-valle-alle-stelle-valtellina-eventi-cielo-astri\/","og_site_name":"TI - Turismo Itinerante","article_published_time":"2025-10-01T09:18:33+00:00","og_image":[{"width":2000,"height":1333,"url":"https:\/\/www.turismoitinerante.com\/site\/wp-content\/uploads\/2025\/10\/APF-Valtellina-AlpiOrobie_ValGerola_RifugioDeLaCorte_Binocolo_Notturna17-5548_web.jpg","type":"image\/jpeg"}],"author":"admin","twitter_card":"summary_large_image","twitter_misc":{"Scritto da":"admin","Tempo di lettura stimato":"9 minuti"},"schema":{"@context":"https:\/\/schema.org","@graph":[{"@type":"Article","@id":"https:\/\/www.turismoitinerante.com\/site\/dalla-valle-alle-stelle-valtellina-eventi-cielo-astri\/#article","isPartOf":{"@id":"https:\/\/www.turismoitinerante.com\/site\/dalla-valle-alle-stelle-valtellina-eventi-cielo-astri\/"},"author":{"name":"admin","@id":"https:\/\/www.turismoitinerante.com\/site\/#\/schema\/person\/1e1238d2d1617438f3682e54bf4d6c05"},"headline":"Dalla valle alle stelle: in Valtellina tanti eventi per ammirare il cielo e i suoi astri","datePublished":"2025-10-01T09:18:33+00:00","mainEntityOfPage":{"@id":"https:\/\/www.turismoitinerante.com\/site\/dalla-valle-alle-stelle-valtellina-eventi-cielo-astri\/"},"wordCount":1613,"image":{"@id":"https:\/\/www.turismoitinerante.com\/site\/dalla-valle-alle-stelle-valtellina-eventi-cielo-astri\/#primaryimage"},"thumbnailUrl":"https:\/\/www.turismoitinerante.com\/site\/wp-content\/uploads\/2025\/10\/APF-Valtellina-AlpiOrobie_ValGerola_RifugioDeLaCorte_Binocolo_Notturna17-5548_web.jpg","keywords":["Valtellina"],"articleSection":["Turismo"],"inLanguage":"it-IT"},{"@type":"WebPage","@id":"https:\/\/www.turismoitinerante.com\/site\/dalla-valle-alle-stelle-valtellina-eventi-cielo-astri\/","url":"https:\/\/www.turismoitinerante.com\/site\/dalla-valle-alle-stelle-valtellina-eventi-cielo-astri\/","name":"Dalla valle alle stelle: in Valtellina tanti eventi per ammirare il cielo e i suoi astri","isPartOf":{"@id":"https:\/\/www.turismoitinerante.com\/site\/#website"},"primaryImageOfPage":{"@id":"https:\/\/www.turismoitinerante.com\/site\/dalla-valle-alle-stelle-valtellina-eventi-cielo-astri\/#primaryimage"},"image":{"@id":"https:\/\/www.turismoitinerante.com\/site\/dalla-valle-alle-stelle-valtellina-eventi-cielo-astri\/#primaryimage"},"thumbnailUrl":"https:\/\/www.turismoitinerante.com\/site\/wp-content\/uploads\/2025\/10\/APF-Valtellina-AlpiOrobie_ValGerola_RifugioDeLaCorte_Binocolo_Notturna17-5548_web.jpg","datePublished":"2025-10-01T09:18:33+00:00","author":{"@id":"https:\/\/www.turismoitinerante.com\/site\/#\/schema\/person\/1e1238d2d1617438f3682e54bf4d6c05"},"description":"Tra gli appuntamenti pi\u00f9 attesi dell\u2019inverno ci sono poi le Geminidi, conosciute anche come \u201cstelle di Natale\u201d","breadcrumb":{"@id":"https:\/\/www.turismoitinerante.com\/site\/dalla-valle-alle-stelle-valtellina-eventi-cielo-astri\/#breadcrumb"},"inLanguage":"it-IT","potentialAction":[{"@type":"ReadAction","target":["https:\/\/www.turismoitinerante.com\/site\/dalla-valle-alle-stelle-valtellina-eventi-cielo-astri\/"]}]},{"@type":"ImageObject","inLanguage":"it-IT","@id":"https:\/\/www.turismoitinerante.com\/site\/dalla-valle-alle-stelle-valtellina-eventi-cielo-astri\/#primaryimage","url":"https:\/\/www.turismoitinerante.com\/site\/wp-content\/uploads\/2025\/10\/APF-Valtellina-AlpiOrobie_ValGerola_RifugioDeLaCorte_Binocolo_Notturna17-5548_web.jpg","contentUrl":"https:\/\/www.turismoitinerante.com\/site\/wp-content\/uploads\/2025\/10\/APF-Valtellina-AlpiOrobie_ValGerola_RifugioDeLaCorte_Binocolo_Notturna17-5548_web.jpg","width":2000,"height":1333,"caption":"APF Valtellina - Alpi Orobie - Val Gerola - Rifugio De La Corte - Binocolo - Notturna 17-5548_web"},{"@type":"BreadcrumbList","@id":"https:\/\/www.turismoitinerante.com\/site\/dalla-valle-alle-stelle-valtellina-eventi-cielo-astri\/#breadcrumb","itemListElement":[{"@type":"ListItem","position":1,"name":"Home","item":"https:\/\/www.turismoitinerante.com\/site\/"},{"@type":"ListItem","position":2,"name":"Dalla valle alle stelle: in Valtellina tanti eventi per ammirare il cielo e i suoi astri"}]},{"@type":"WebSite","@id":"https:\/\/www.turismoitinerante.com\/site\/#website","url":"https:\/\/www.turismoitinerante.com\/site\/","name":"TI - Turismo Itinerante","description":"Ritrovarsi su internet per informarsi, per informare. Il portale del turismo itinerante. Una infinit\u00e0 di notizie su camper, itinerari, aree sosta camper, concessionari, campeggi, agriturismo, raduni, sagre, fiere, mostre, associazioni, club, forum, bacheca annunci","potentialAction":[{"@type":"SearchAction","target":{"@type":"EntryPoint","urlTemplate":"https:\/\/www.turismoitinerante.com\/site\/?s={search_term_string}"},"query-input":{"@type":"PropertyValueSpecification","valueRequired":true,"valueName":"search_term_string"}}],"inLanguage":"it-IT"},{"@type":"Person","@id":"https:\/\/www.turismoitinerante.com\/site\/#\/schema\/person\/1e1238d2d1617438f3682e54bf4d6c05","name":"admin","image":{"@type":"ImageObject","inLanguage":"it-IT","@id":"https:\/\/secure.gravatar.com\/avatar\/9102d8c23b35e2809b07ebc42ce126daa3d6a47cce9878a22d14d9852ade629e?s=96&d=mm&r=g","url":"https:\/\/secure.gravatar.com\/avatar\/9102d8c23b35e2809b07ebc42ce126daa3d6a47cce9878a22d14d9852ade629e?s=96&d=mm&r=g","contentUrl":"https:\/\/secure.gravatar.com\/avatar\/9102d8c23b35e2809b07ebc42ce126daa3d6a47cce9878a22d14d9852ade629e?s=96&d=mm&r=g","caption":"admin"},"url":"https:\/\/www.turismoitinerante.com\/site\/author\/admin\/"}]}},"_links":{"self":[{"href":"https:\/\/www.turismoitinerante.com\/site\/wp-json\/wp\/v2\/posts\/68658","targetHints":{"allow":["GET"]}}],"collection":[{"href":"https:\/\/www.turismoitinerante.com\/site\/wp-json\/wp\/v2\/posts"}],"about":[{"href":"https:\/\/www.turismoitinerante.com\/site\/wp-json\/wp\/v2\/types\/post"}],"author":[{"embeddable":true,"href":"https:\/\/www.turismoitinerante.com\/site\/wp-json\/wp\/v2\/users\/1"}],"replies":[{"embeddable":true,"href":"https:\/\/www.turismoitinerante.com\/site\/wp-json\/wp\/v2\/comments?post=68658"}],"version-history":[{"count":2,"href":"https:\/\/www.turismoitinerante.com\/site\/wp-json\/wp\/v2\/posts\/68658\/revisions"}],"predecessor-version":[{"id":68662,"href":"https:\/\/www.turismoitinerante.com\/site\/wp-json\/wp\/v2\/posts\/68658\/revisions\/68662"}],"wp:featuredmedia":[{"embeddable":true,"href":"https:\/\/www.turismoitinerante.com\/site\/wp-json\/wp\/v2\/media\/68659"}],"wp:attachment":[{"href":"https:\/\/www.turismoitinerante.com\/site\/wp-json\/wp\/v2\/media?parent=68658"}],"wp:term":[{"taxonomy":"category","embeddable":true,"href":"https:\/\/www.turismoitinerante.com\/site\/wp-json\/wp\/v2\/categories?post=68658"},{"taxonomy":"post_tag","embeddable":true,"href":"https:\/\/www.turismoitinerante.com\/site\/wp-json\/wp\/v2\/tags?post=68658"}],"curies":[{"name":"wp","href":"https:\/\/api.w.org\/{rel}","templated":true}]}}