{"id":68624,"date":"2025-09-29T10:46:45","date_gmt":"2025-09-29T09:46:45","guid":{"rendered":"https:\/\/www.turismoitinerante.com\/site\/?p=68624"},"modified":"2025-09-29T10:46:45","modified_gmt":"2025-09-29T09:46:45","slug":"flora-et-decora-dal-10-al-12-ottobre-sant-ambrogio-giardino-urbano","status":"publish","type":"post","link":"https:\/\/www.turismoitinerante.com\/site\/flora-et-decora-dal-10-al-12-ottobre-sant-ambrogio-giardino-urbano\/","title":{"rendered":"Flora et Decora: dal 10 al 12 ottobre Sant\u2019Ambrogio (MI) si trasforma in un giardino urbano"},"content":{"rendered":"<p><strong><em>Flora et Decora<\/em><\/strong>, tra gli appuntamenti pi\u00f9 amati dai milanesi e dai visitatori, taglia il traguardo della ventesima edizione.&nbsp;<strong>Da venerd\u00ec 10 a domenica 12 ottobre 2025<\/strong>, l\u2019evento si svolger\u00e0 anche per l\u2019edizione autunnale nell\u2019iconica&nbsp;<strong>piazza sant\u2019Ambrogio<\/strong>, luogo simbolico della citt\u00e0 e sede originaria della manifestazione. Obiettivo: celebrare la bellezza del verde, la creativit\u00e0 artigiana e il gusto autentico.<\/p>\n<p>Organizzata da&nbsp;<strong>Lamberto Rubini<\/strong>,&nbsp;<em>Flora et Decora<\/em>&nbsp;propone un format consolidato. Per un\u2019esperienza ricca di colori, profumi e sapori, le tre aree tematiche della manifestazione \u2013 Flora, Decora e Ristora &#8211; accoglieranno oltre ottanta espositori selezionati, laboratori, incontri e degustazioni provenienti da diverse zone d\u2019Italia. L\u2019ingresso \u00e8&nbsp;<strong>gratuito<\/strong>, per tre giorni aperti a tutti, all\u2019insegna della natura, dell\u2019artigianato di qualit\u00e0 e del piacere di stare insieme.<\/p>\n<figure id=\"attachment_68627\" aria-describedby=\"caption-attachment-68627\" style=\"width: 1024px\" class=\"wp-caption alignnone\"><img decoding=\"async\" class=\"size-large wp-image-68627\" src=\"https:\/\/www.turismoitinerante.com\/site\/wp-content\/uploads\/2025\/09\/Flora-et-Decora_Sant-Ambrogio-3-1024x682.jpeg\" alt=\"\" width=\"1024\" height=\"682\" srcset=\"https:\/\/www.turismoitinerante.com\/site\/wp-content\/uploads\/2025\/09\/Flora-et-Decora_Sant-Ambrogio-3-1024x682.jpeg 1024w, https:\/\/www.turismoitinerante.com\/site\/wp-content\/uploads\/2025\/09\/Flora-et-Decora_Sant-Ambrogio-3-300x200.jpeg 300w, https:\/\/www.turismoitinerante.com\/site\/wp-content\/uploads\/2025\/09\/Flora-et-Decora_Sant-Ambrogio-3-768x512.jpeg 768w, https:\/\/www.turismoitinerante.com\/site\/wp-content\/uploads\/2025\/09\/Flora-et-Decora_Sant-Ambrogio-3-750x500.jpeg 750w, https:\/\/www.turismoitinerante.com\/site\/wp-content\/uploads\/2025\/09\/Flora-et-Decora_Sant-Ambrogio-3-1140x760.jpeg 1140w, https:\/\/www.turismoitinerante.com\/site\/wp-content\/uploads\/2025\/09\/Flora-et-Decora_Sant-Ambrogio-3.jpeg 1280w\" sizes=\"(max-width: 1024px) 100vw, 1024px\" \/><figcaption id=\"caption-attachment-68627\" class=\"wp-caption-text\">Milano, Piazza Sant&#8217;Ambrogio, mercato Flora et decora<\/figcaption><\/figure>\n<p><strong>FLORA<\/strong>&nbsp;\u00e8 il cuore botanico della manifestazione, con vivaisti e floricoltori provenienti da tutta Italia. Dalle ornamentali alle officinali, dai bonsai alle graminacee, ogni stand \u00e8 pensato per offrire variet\u00e0, bellezza e conoscenza. Tra le novit\u00e0 del 2025, il ritorno delle orchidee, alcune rose speciali e una serie di incontri informativi sul verde organizzati da espositori selezionati, con orari specifici disponibili durante l\u2019evento.<\/p>\n<p><strong>DECORA<\/strong>&nbsp;\u00e8 lo spazio dedicato alla creativit\u00e0 e al saper fare: un\u2019area dove l\u2019artigianato artistico incontra il design sostenibile, tra oggetti d\u2019arredo, ceramiche, tessuti naturali e soluzioni originali per la casa e il giardino. Ogni proposta \u00e8 frutto di ricerca, qualit\u00e0 e unicit\u00e0. Tra le novit\u00e0 di quest\u2019anno spiccano<em>&nbsp;Fiori Pazzi<\/em>, con sorprendenti composizioni floreali in legno e cartapesta, realizzate in diverse dimensioni, e&nbsp;<em>Paco Srl<\/em>, storico showroom di corso Magenta, che presenta una linea di arredi classici ed eleganti, per chi ama un gusto raffinato e senza tempo.<\/p>\n<p><strong>RISTORA<\/strong>&nbsp;\u00e8 il percorso dedicato ai sapori autentici del territorio, dove i visitatori possono scoprire, assaggiare e acquistare prodotti enogastronomici di alta qualit\u00e0: dalle confetture biologiche agli oli extravergine, dai formaggi ai salumi artigianali. Tra le proposte da non perdere, le celebri&nbsp;<em>Torte Pistocchi<\/em>&nbsp;al cioccolato direttamente da Firenze, un\u2019azienda che presenter\u00e0 il panettone ufficiale delle Olimpiadi Invernali Milano-Cortina 2026, e una giovane realt\u00e0 innovativa specializzata in granola artigianale a base di frutta, perfetta per una colazione sana e gustosa.<\/p>\n<figure id=\"attachment_68628\" aria-describedby=\"caption-attachment-68628\" style=\"width: 1024px\" class=\"wp-caption alignnone\"><img decoding=\"async\" class=\"size-large wp-image-68628\" src=\"https:\/\/www.turismoitinerante.com\/site\/wp-content\/uploads\/2025\/09\/Flora-et-Decora_Sant-Ambrogio-2-1024x682.jpeg\" alt=\"\" width=\"1024\" height=\"682\" srcset=\"https:\/\/www.turismoitinerante.com\/site\/wp-content\/uploads\/2025\/09\/Flora-et-Decora_Sant-Ambrogio-2-1024x682.jpeg 1024w, https:\/\/www.turismoitinerante.com\/site\/wp-content\/uploads\/2025\/09\/Flora-et-Decora_Sant-Ambrogio-2-300x200.jpeg 300w, https:\/\/www.turismoitinerante.com\/site\/wp-content\/uploads\/2025\/09\/Flora-et-Decora_Sant-Ambrogio-2-768x512.jpeg 768w, https:\/\/www.turismoitinerante.com\/site\/wp-content\/uploads\/2025\/09\/Flora-et-Decora_Sant-Ambrogio-2-750x500.jpeg 750w, https:\/\/www.turismoitinerante.com\/site\/wp-content\/uploads\/2025\/09\/Flora-et-Decora_Sant-Ambrogio-2-1140x760.jpeg 1140w, https:\/\/www.turismoitinerante.com\/site\/wp-content\/uploads\/2025\/09\/Flora-et-Decora_Sant-Ambrogio-2.jpeg 1280w\" sizes=\"(max-width: 1024px) 100vw, 1024px\" \/><figcaption id=\"caption-attachment-68628\" class=\"wp-caption-text\">Milano, Piazza Sant&#8217;Ambrogio, mercato Flora et decora<\/figcaption><\/figure>\n<p>In occasione della ventesima edizione,&nbsp;<em>Flora et Decora<\/em>&nbsp;rafforza anche il proprio&nbsp;<strong>impegno sul fronte sociale<\/strong>, accogliendo la collaborazione con&nbsp;<strong>Vivi Down OdV<\/strong>, associazione attiva da oltre 35 anni nella tutela dei diritti, della salute e del benessere delle persone con sindrome di Down e delle loro famiglie. Durante i tre giorni, alcuni ragazzi selezionati<strong>&nbsp;<\/strong>in base alle loro competenze, parteciperanno attivamente all\u2019organizzazione e all\u2019accoglienza, con l\u2019obiettivo di favorire percorsi di inclusione lavorativa e autonomia personale.<\/p>\n<p>Anche quest\u2019anno&nbsp;<strong>AMSA \u2013 Gruppo A2A<\/strong>&nbsp;\u00e8 partner tecnico della manifestazione, come fin dalla sua prima edizione nel 2013. Il suo contributo \u00e8 fondamentale per garantire il mantenimento del decoro urbano, la pulizia della piazza e il corretto smaltimento dei rifiuti nei tre giorni dell\u2019evento. Un impegno che va oltre la logistica e rappresenta un esempio concreto di collaborazione virtuosa tra pubblico e privato a beneficio della qualit\u00e0 della vita cittadina.<\/p>\n<p>\u201cIl verde, l\u2019artigianato e il gusto sono tre espressioni del vivere bene e in armonia con ci\u00f2 che ci circonda \u2013 afferma&nbsp;<strong>Lamberto Rubini<\/strong>&nbsp;\u2013. Piazza Sant\u2019Ambrogio \u00e8 il cuore pulsante della nostra visione: uno spazio aperto, accogliente, ricco di storia e di energia. Invitiamo tutti a prendersi del tempo, a rallentare, a lasciarsi ispirare da chi coltiva, crea e produce con passione. Flora et Decora \u00e8 un format consolidato e apprezzato, capace di unire estetica, qualit\u00e0 e sostenibilit\u00e0 in un\u2019esperienza unica nel cuore urbano\u201d.<\/p>\n<p><img decoding=\"async\" class=\"alignnone size-full wp-image-68626\" src=\"https:\/\/www.turismoitinerante.com\/site\/wp-content\/uploads\/2025\/09\/Flora-Decora_Ott25.jpeg\" alt=\"\" width=\"960\" height=\"960\" srcset=\"https:\/\/www.turismoitinerante.com\/site\/wp-content\/uploads\/2025\/09\/Flora-Decora_Ott25.jpeg 960w, https:\/\/www.turismoitinerante.com\/site\/wp-content\/uploads\/2025\/09\/Flora-Decora_Ott25-300x300.jpeg 300w, https:\/\/www.turismoitinerante.com\/site\/wp-content\/uploads\/2025\/09\/Flora-Decora_Ott25-150x150.jpeg 150w, https:\/\/www.turismoitinerante.com\/site\/wp-content\/uploads\/2025\/09\/Flora-Decora_Ott25-768x768.jpeg 768w, https:\/\/www.turismoitinerante.com\/site\/wp-content\/uploads\/2025\/09\/Flora-Decora_Ott25-75x75.jpeg 75w, https:\/\/www.turismoitinerante.com\/site\/wp-content\/uploads\/2025\/09\/Flora-Decora_Ott25-350x350.jpeg 350w, https:\/\/www.turismoitinerante.com\/site\/wp-content\/uploads\/2025\/09\/Flora-Decora_Ott25-750x750.jpeg 750w\" sizes=\"(max-width: 960px) 100vw, 960px\" \/><\/p>\n<p><strong><em>Flora et Decora<\/em>&nbsp;\u2013 Ventesima edizione<\/strong><br \/>\nVenerd\u00ec 10 e sabato 11 ottobre dalle 10:00 alle 20:00, domenica 12 ottobre dalle 10:00 alle 19:00<br \/>\nPiazza&nbsp;sant\u2019Ambrogio,&nbsp;Milano<br \/>\nIngresso gratuito<br \/>\nInfo: <a href=\"http:\/\/floraetdecora.it\/\" target=\"_blank\" rel=\"noopener\" data-saferedirecturl=\"https:\/\/www.google.com\/url?q=http:\/\/floraetdecora.it&amp;source=gmail&amp;ust=1759225098275000&amp;usg=AOvVaw3FT3qTAbO5R7sqmoZj-IH9\">floraetdecora.it<\/a><\/p>\n<div class=\"7863122cad8776726ec303240ed69aa5\" data-index=\"4\" style=\"float: none; margin:10px 0 10px 0; text-align:center;\">\n<script async src=\"\/\/pagead2.googlesyndication.com\/pagead\/js\/adsbygoogle.js\"><\/script>\r\n<!-- 728x90, creato 23\/02\/11 -->\r\n<ins class=\"adsbygoogle\"\r\n     style=\"display:inline-block;width:728px;height:90px\"\r\n     data-ad-client=\"ca-pub-5798583071070083\"\r\n     data-ad-slot=\"5935394872\"><\/ins>\r\n<script>\r\n(adsbygoogle = window.adsbygoogle || []).push({});\r\n<\/script>\n<\/div>\n\n<div style=\"font-size: 0px; height: 0px; line-height: 0px; margin: 0; padding: 0; clear: both;\"><\/div>","protected":false},"excerpt":{"rendered":"<p>Flora et Decora, tra gli appuntamenti pi\u00f9 amati dai milanesi e dai visitatori, taglia il traguardo della ventesima edizione.&nbsp;Da venerd\u00ec 10 a domenica 12 ottobre 2025, l\u2019evento si svolger\u00e0 anche per l\u2019edizione autunnale nell\u2019iconica&nbsp;piazza sant\u2019Ambrogio, luogo simbolico della citt\u00e0 e sede originaria della manifestazione. Obiettivo: celebrare la bellezza del verde, la creativit\u00e0 artigiana e il [&hellip;]<\/p>\n","protected":false},"author":1,"featured_media":68625,"comment_status":"closed","ping_status":"open","sticky":false,"template":"","format":"standard","meta":{"ngg_post_thumbnail":0,"jnews-multi-image_gallery":[],"jnews_single_post":{"format":"standard","override":[{"template":"1","parallax":"1","fullscreen":"1","layout":"right-sidebar","sidebar":"default-sidebar","second_sidebar":"default-sidebar","sticky_sidebar":"1","share_position":"top","share_float_style":"share-monocrhome","show_share_counter":"1","show_view_counter":"1","show_featured":"1","show_post_meta":"1","show_post_author":"1","show_post_author_image":"1","show_post_date":"1","post_date_format":"default","post_date_format_custom":"Y\/m\/d","show_post_category":"1","show_post_reading_time":"0","post_reading_time_wpm":"300","post_calculate_word_method":"str_word_count","show_zoom_button":"0","zoom_button_out_step":"2","zoom_button_in_step":"3","show_post_tag":"1","show_prev_next_post":"1","show_popup_post":"1","number_popup_post":"1","show_author_box":"1","show_post_related":"0","show_inline_post_related":"0"}],"image_override":[{"single_post_thumbnail_size":"crop-500","single_post_gallery_size":"crop-500"}],"trending_post_position":"meta","trending_post_label":"Trending","sponsored_post_label":"Sponsored by","disable_ad":"0","subtitle":"Venti edizioni, una citt\u00e0 che fiorisce tra verde, arte e gusto"},"jnews_primary_category":[],"jnews_override_counter":{"view_counter_number":"0","share_counter_number":"0","like_counter_number":"0","dislike_counter_number":"0"},"footnotes":""},"categories":[621],"tags":[2789,424,1109,2788],"class_list":["post-68624","post","type-post","status-publish","format-standard","has-post-thumbnail","hentry","category-info-turismo","tag-botanica","tag-lombardia","tag-milano","tag-santambrogio"],"yoast_head":"<!-- This site is optimized with the Yoast SEO plugin v27.4 - https:\/\/yoast.com\/product\/yoast-seo-wordpress\/ -->\n<title>Flora et Decora: dal 10 al 12 ottobre Sant\u2019Ambrogio (MI) si trasforma in un giardino urbano<\/title>\n<meta name=\"description\" content=\"Venti edizioni, una citt\u00e0 che fiorisce tra verde, arte e gusto\" \/>\n<meta name=\"robots\" content=\"index, follow, max-snippet:-1, max-image-preview:large, max-video-preview:-1\" \/>\n<link rel=\"canonical\" href=\"https:\/\/www.turismoitinerante.com\/site\/flora-et-decora-dal-10-al-12-ottobre-sant-ambrogio-giardino-urbano\/\" \/>\n<meta property=\"og:locale\" content=\"it_IT\" \/>\n<meta property=\"og:type\" content=\"article\" \/>\n<meta property=\"og:title\" content=\"Flora et Decora: dal 10 al 12 ottobre Sant\u2019Ambrogio (MI) si trasforma in un giardino urbano\" \/>\n<meta property=\"og:description\" content=\"Venti edizioni, una citt\u00e0 che fiorisce tra verde, arte e gusto\" \/>\n<meta property=\"og:url\" content=\"https:\/\/www.turismoitinerante.com\/site\/flora-et-decora-dal-10-al-12-ottobre-sant-ambrogio-giardino-urbano\/\" \/>\n<meta property=\"og:site_name\" content=\"TI - Turismo Itinerante\" \/>\n<meta property=\"article:published_time\" content=\"2025-09-29T09:46:45+00:00\" \/>\n<meta property=\"og:image\" content=\"https:\/\/www.turismoitinerante.com\/site\/wp-content\/uploads\/2025\/09\/Flora-et-Decora_Sant-Ambrogio-1.jpeg\" \/>\n\t<meta property=\"og:image:width\" content=\"1280\" \/>\n\t<meta property=\"og:image:height\" content=\"853\" \/>\n\t<meta property=\"og:image:type\" content=\"image\/jpeg\" \/>\n<meta name=\"author\" content=\"admin\" \/>\n<meta name=\"twitter:card\" content=\"summary_large_image\" \/>\n<meta name=\"twitter:label1\" content=\"Scritto da\" \/>\n\t<meta name=\"twitter:data1\" content=\"admin\" \/>\n\t<meta name=\"twitter:label2\" content=\"Tempo di lettura stimato\" \/>\n\t<meta name=\"twitter:data2\" content=\"5 minuti\" \/>\n<script type=\"application\/ld+json\" class=\"yoast-schema-graph\">{\"@context\":\"https:\\\/\\\/schema.org\",\"@graph\":[{\"@type\":\"Article\",\"@id\":\"https:\\\/\\\/www.turismoitinerante.com\\\/site\\\/flora-et-decora-dal-10-al-12-ottobre-sant-ambrogio-giardino-urbano\\\/#article\",\"isPartOf\":{\"@id\":\"https:\\\/\\\/www.turismoitinerante.com\\\/site\\\/flora-et-decora-dal-10-al-12-ottobre-sant-ambrogio-giardino-urbano\\\/\"},\"author\":{\"name\":\"admin\",\"@id\":\"https:\\\/\\\/www.turismoitinerante.com\\\/site\\\/#\\\/schema\\\/person\\\/1e1238d2d1617438f3682e54bf4d6c05\"},\"headline\":\"Flora et Decora: dal 10 al 12 ottobre Sant\u2019Ambrogio (MI) si trasforma in un giardino urbano\",\"datePublished\":\"2025-09-29T09:46:45+00:00\",\"mainEntityOfPage\":{\"@id\":\"https:\\\/\\\/www.turismoitinerante.com\\\/site\\\/flora-et-decora-dal-10-al-12-ottobre-sant-ambrogio-giardino-urbano\\\/\"},\"wordCount\":684,\"image\":{\"@id\":\"https:\\\/\\\/www.turismoitinerante.com\\\/site\\\/flora-et-decora-dal-10-al-12-ottobre-sant-ambrogio-giardino-urbano\\\/#primaryimage\"},\"thumbnailUrl\":\"https:\\\/\\\/www.turismoitinerante.com\\\/site\\\/wp-content\\\/uploads\\\/2025\\\/09\\\/Flora-et-Decora_Sant-Ambrogio-1.jpeg\",\"keywords\":[\"Botanica\",\"Lombardia\",\"Milano\",\"Sant\u2019Ambrogio\"],\"articleSection\":[\"Turismo\"],\"inLanguage\":\"it-IT\"},{\"@type\":\"WebPage\",\"@id\":\"https:\\\/\\\/www.turismoitinerante.com\\\/site\\\/flora-et-decora-dal-10-al-12-ottobre-sant-ambrogio-giardino-urbano\\\/\",\"url\":\"https:\\\/\\\/www.turismoitinerante.com\\\/site\\\/flora-et-decora-dal-10-al-12-ottobre-sant-ambrogio-giardino-urbano\\\/\",\"name\":\"Flora et Decora: dal 10 al 12 ottobre Sant\u2019Ambrogio (MI) si trasforma in un giardino urbano\",\"isPartOf\":{\"@id\":\"https:\\\/\\\/www.turismoitinerante.com\\\/site\\\/#website\"},\"primaryImageOfPage\":{\"@id\":\"https:\\\/\\\/www.turismoitinerante.com\\\/site\\\/flora-et-decora-dal-10-al-12-ottobre-sant-ambrogio-giardino-urbano\\\/#primaryimage\"},\"image\":{\"@id\":\"https:\\\/\\\/www.turismoitinerante.com\\\/site\\\/flora-et-decora-dal-10-al-12-ottobre-sant-ambrogio-giardino-urbano\\\/#primaryimage\"},\"thumbnailUrl\":\"https:\\\/\\\/www.turismoitinerante.com\\\/site\\\/wp-content\\\/uploads\\\/2025\\\/09\\\/Flora-et-Decora_Sant-Ambrogio-1.jpeg\",\"datePublished\":\"2025-09-29T09:46:45+00:00\",\"author\":{\"@id\":\"https:\\\/\\\/www.turismoitinerante.com\\\/site\\\/#\\\/schema\\\/person\\\/1e1238d2d1617438f3682e54bf4d6c05\"},\"description\":\"Venti edizioni, una citt\u00e0 che fiorisce tra verde, arte e gusto\",\"breadcrumb\":{\"@id\":\"https:\\\/\\\/www.turismoitinerante.com\\\/site\\\/flora-et-decora-dal-10-al-12-ottobre-sant-ambrogio-giardino-urbano\\\/#breadcrumb\"},\"inLanguage\":\"it-IT\",\"potentialAction\":[{\"@type\":\"ReadAction\",\"target\":[\"https:\\\/\\\/www.turismoitinerante.com\\\/site\\\/flora-et-decora-dal-10-al-12-ottobre-sant-ambrogio-giardino-urbano\\\/\"]}]},{\"@type\":\"ImageObject\",\"inLanguage\":\"it-IT\",\"@id\":\"https:\\\/\\\/www.turismoitinerante.com\\\/site\\\/flora-et-decora-dal-10-al-12-ottobre-sant-ambrogio-giardino-urbano\\\/#primaryimage\",\"url\":\"https:\\\/\\\/www.turismoitinerante.com\\\/site\\\/wp-content\\\/uploads\\\/2025\\\/09\\\/Flora-et-Decora_Sant-Ambrogio-1.jpeg\",\"contentUrl\":\"https:\\\/\\\/www.turismoitinerante.com\\\/site\\\/wp-content\\\/uploads\\\/2025\\\/09\\\/Flora-et-Decora_Sant-Ambrogio-1.jpeg\",\"width\":1280,\"height\":853,\"caption\":\"Milano, Piazza Sant'Ambrogio, mercato Flora et decora\"},{\"@type\":\"BreadcrumbList\",\"@id\":\"https:\\\/\\\/www.turismoitinerante.com\\\/site\\\/flora-et-decora-dal-10-al-12-ottobre-sant-ambrogio-giardino-urbano\\\/#breadcrumb\",\"itemListElement\":[{\"@type\":\"ListItem\",\"position\":1,\"name\":\"Home\",\"item\":\"https:\\\/\\\/www.turismoitinerante.com\\\/site\\\/\"},{\"@type\":\"ListItem\",\"position\":2,\"name\":\"Flora et Decora: dal 10 al 12 ottobre Sant\u2019Ambrogio (MI) si trasforma in un giardino urbano\"}]},{\"@type\":\"WebSite\",\"@id\":\"https:\\\/\\\/www.turismoitinerante.com\\\/site\\\/#website\",\"url\":\"https:\\\/\\\/www.turismoitinerante.com\\\/site\\\/\",\"name\":\"TI - Turismo Itinerante\",\"description\":\"Ritrovarsi su internet per informarsi, per informare. Il portale del turismo itinerante. Una infinit\u00e0 di notizie su camper, itinerari, aree sosta camper, concessionari, campeggi, agriturismo, raduni, sagre, fiere, mostre, associazioni, club, forum, bacheca annunci\",\"potentialAction\":[{\"@type\":\"SearchAction\",\"target\":{\"@type\":\"EntryPoint\",\"urlTemplate\":\"https:\\\/\\\/www.turismoitinerante.com\\\/site\\\/?s={search_term_string}\"},\"query-input\":{\"@type\":\"PropertyValueSpecification\",\"valueRequired\":true,\"valueName\":\"search_term_string\"}}],\"inLanguage\":\"it-IT\"},{\"@type\":\"Person\",\"@id\":\"https:\\\/\\\/www.turismoitinerante.com\\\/site\\\/#\\\/schema\\\/person\\\/1e1238d2d1617438f3682e54bf4d6c05\",\"name\":\"admin\",\"image\":{\"@type\":\"ImageObject\",\"inLanguage\":\"it-IT\",\"@id\":\"https:\\\/\\\/secure.gravatar.com\\\/avatar\\\/9102d8c23b35e2809b07ebc42ce126daa3d6a47cce9878a22d14d9852ade629e?s=96&d=mm&r=g\",\"url\":\"https:\\\/\\\/secure.gravatar.com\\\/avatar\\\/9102d8c23b35e2809b07ebc42ce126daa3d6a47cce9878a22d14d9852ade629e?s=96&d=mm&r=g\",\"contentUrl\":\"https:\\\/\\\/secure.gravatar.com\\\/avatar\\\/9102d8c23b35e2809b07ebc42ce126daa3d6a47cce9878a22d14d9852ade629e?s=96&d=mm&r=g\",\"caption\":\"admin\"},\"url\":\"https:\\\/\\\/www.turismoitinerante.com\\\/site\\\/author\\\/admin\\\/\"}]}<\/script>\n<!-- \/ Yoast SEO plugin. -->","yoast_head_json":{"title":"Flora et Decora: dal 10 al 12 ottobre Sant\u2019Ambrogio (MI) si trasforma in un giardino urbano","description":"Venti edizioni, una citt\u00e0 che fiorisce tra verde, arte e gusto","robots":{"index":"index","follow":"follow","max-snippet":"max-snippet:-1","max-image-preview":"max-image-preview:large","max-video-preview":"max-video-preview:-1"},"canonical":"https:\/\/www.turismoitinerante.com\/site\/flora-et-decora-dal-10-al-12-ottobre-sant-ambrogio-giardino-urbano\/","og_locale":"it_IT","og_type":"article","og_title":"Flora et Decora: dal 10 al 12 ottobre Sant\u2019Ambrogio (MI) si trasforma in un giardino urbano","og_description":"Venti edizioni, una citt\u00e0 che fiorisce tra verde, arte e gusto","og_url":"https:\/\/www.turismoitinerante.com\/site\/flora-et-decora-dal-10-al-12-ottobre-sant-ambrogio-giardino-urbano\/","og_site_name":"TI - Turismo Itinerante","article_published_time":"2025-09-29T09:46:45+00:00","og_image":[{"width":1280,"height":853,"url":"https:\/\/www.turismoitinerante.com\/site\/wp-content\/uploads\/2025\/09\/Flora-et-Decora_Sant-Ambrogio-1.jpeg","type":"image\/jpeg"}],"author":"admin","twitter_card":"summary_large_image","twitter_misc":{"Scritto da":"admin","Tempo di lettura stimato":"5 minuti"},"schema":{"@context":"https:\/\/schema.org","@graph":[{"@type":"Article","@id":"https:\/\/www.turismoitinerante.com\/site\/flora-et-decora-dal-10-al-12-ottobre-sant-ambrogio-giardino-urbano\/#article","isPartOf":{"@id":"https:\/\/www.turismoitinerante.com\/site\/flora-et-decora-dal-10-al-12-ottobre-sant-ambrogio-giardino-urbano\/"},"author":{"name":"admin","@id":"https:\/\/www.turismoitinerante.com\/site\/#\/schema\/person\/1e1238d2d1617438f3682e54bf4d6c05"},"headline":"Flora et Decora: dal 10 al 12 ottobre Sant\u2019Ambrogio (MI) si trasforma in un giardino urbano","datePublished":"2025-09-29T09:46:45+00:00","mainEntityOfPage":{"@id":"https:\/\/www.turismoitinerante.com\/site\/flora-et-decora-dal-10-al-12-ottobre-sant-ambrogio-giardino-urbano\/"},"wordCount":684,"image":{"@id":"https:\/\/www.turismoitinerante.com\/site\/flora-et-decora-dal-10-al-12-ottobre-sant-ambrogio-giardino-urbano\/#primaryimage"},"thumbnailUrl":"https:\/\/www.turismoitinerante.com\/site\/wp-content\/uploads\/2025\/09\/Flora-et-Decora_Sant-Ambrogio-1.jpeg","keywords":["Botanica","Lombardia","Milano","Sant\u2019Ambrogio"],"articleSection":["Turismo"],"inLanguage":"it-IT"},{"@type":"WebPage","@id":"https:\/\/www.turismoitinerante.com\/site\/flora-et-decora-dal-10-al-12-ottobre-sant-ambrogio-giardino-urbano\/","url":"https:\/\/www.turismoitinerante.com\/site\/flora-et-decora-dal-10-al-12-ottobre-sant-ambrogio-giardino-urbano\/","name":"Flora et Decora: dal 10 al 12 ottobre Sant\u2019Ambrogio (MI) si trasforma in un giardino urbano","isPartOf":{"@id":"https:\/\/www.turismoitinerante.com\/site\/#website"},"primaryImageOfPage":{"@id":"https:\/\/www.turismoitinerante.com\/site\/flora-et-decora-dal-10-al-12-ottobre-sant-ambrogio-giardino-urbano\/#primaryimage"},"image":{"@id":"https:\/\/www.turismoitinerante.com\/site\/flora-et-decora-dal-10-al-12-ottobre-sant-ambrogio-giardino-urbano\/#primaryimage"},"thumbnailUrl":"https:\/\/www.turismoitinerante.com\/site\/wp-content\/uploads\/2025\/09\/Flora-et-Decora_Sant-Ambrogio-1.jpeg","datePublished":"2025-09-29T09:46:45+00:00","author":{"@id":"https:\/\/www.turismoitinerante.com\/site\/#\/schema\/person\/1e1238d2d1617438f3682e54bf4d6c05"},"description":"Venti edizioni, una citt\u00e0 che fiorisce tra verde, arte e gusto","breadcrumb":{"@id":"https:\/\/www.turismoitinerante.com\/site\/flora-et-decora-dal-10-al-12-ottobre-sant-ambrogio-giardino-urbano\/#breadcrumb"},"inLanguage":"it-IT","potentialAction":[{"@type":"ReadAction","target":["https:\/\/www.turismoitinerante.com\/site\/flora-et-decora-dal-10-al-12-ottobre-sant-ambrogio-giardino-urbano\/"]}]},{"@type":"ImageObject","inLanguage":"it-IT","@id":"https:\/\/www.turismoitinerante.com\/site\/flora-et-decora-dal-10-al-12-ottobre-sant-ambrogio-giardino-urbano\/#primaryimage","url":"https:\/\/www.turismoitinerante.com\/site\/wp-content\/uploads\/2025\/09\/Flora-et-Decora_Sant-Ambrogio-1.jpeg","contentUrl":"https:\/\/www.turismoitinerante.com\/site\/wp-content\/uploads\/2025\/09\/Flora-et-Decora_Sant-Ambrogio-1.jpeg","width":1280,"height":853,"caption":"Milano, Piazza Sant'Ambrogio, mercato Flora et decora"},{"@type":"BreadcrumbList","@id":"https:\/\/www.turismoitinerante.com\/site\/flora-et-decora-dal-10-al-12-ottobre-sant-ambrogio-giardino-urbano\/#breadcrumb","itemListElement":[{"@type":"ListItem","position":1,"name":"Home","item":"https:\/\/www.turismoitinerante.com\/site\/"},{"@type":"ListItem","position":2,"name":"Flora et Decora: dal 10 al 12 ottobre Sant\u2019Ambrogio (MI) si trasforma in un giardino urbano"}]},{"@type":"WebSite","@id":"https:\/\/www.turismoitinerante.com\/site\/#website","url":"https:\/\/www.turismoitinerante.com\/site\/","name":"TI - Turismo Itinerante","description":"Ritrovarsi su internet per informarsi, per informare. Il portale del turismo itinerante. Una infinit\u00e0 di notizie su camper, itinerari, aree sosta camper, concessionari, campeggi, agriturismo, raduni, sagre, fiere, mostre, associazioni, club, forum, bacheca annunci","potentialAction":[{"@type":"SearchAction","target":{"@type":"EntryPoint","urlTemplate":"https:\/\/www.turismoitinerante.com\/site\/?s={search_term_string}"},"query-input":{"@type":"PropertyValueSpecification","valueRequired":true,"valueName":"search_term_string"}}],"inLanguage":"it-IT"},{"@type":"Person","@id":"https:\/\/www.turismoitinerante.com\/site\/#\/schema\/person\/1e1238d2d1617438f3682e54bf4d6c05","name":"admin","image":{"@type":"ImageObject","inLanguage":"it-IT","@id":"https:\/\/secure.gravatar.com\/avatar\/9102d8c23b35e2809b07ebc42ce126daa3d6a47cce9878a22d14d9852ade629e?s=96&d=mm&r=g","url":"https:\/\/secure.gravatar.com\/avatar\/9102d8c23b35e2809b07ebc42ce126daa3d6a47cce9878a22d14d9852ade629e?s=96&d=mm&r=g","contentUrl":"https:\/\/secure.gravatar.com\/avatar\/9102d8c23b35e2809b07ebc42ce126daa3d6a47cce9878a22d14d9852ade629e?s=96&d=mm&r=g","caption":"admin"},"url":"https:\/\/www.turismoitinerante.com\/site\/author\/admin\/"}]}},"_links":{"self":[{"href":"https:\/\/www.turismoitinerante.com\/site\/wp-json\/wp\/v2\/posts\/68624","targetHints":{"allow":["GET"]}}],"collection":[{"href":"https:\/\/www.turismoitinerante.com\/site\/wp-json\/wp\/v2\/posts"}],"about":[{"href":"https:\/\/www.turismoitinerante.com\/site\/wp-json\/wp\/v2\/types\/post"}],"author":[{"embeddable":true,"href":"https:\/\/www.turismoitinerante.com\/site\/wp-json\/wp\/v2\/users\/1"}],"replies":[{"embeddable":true,"href":"https:\/\/www.turismoitinerante.com\/site\/wp-json\/wp\/v2\/comments?post=68624"}],"version-history":[{"count":1,"href":"https:\/\/www.turismoitinerante.com\/site\/wp-json\/wp\/v2\/posts\/68624\/revisions"}],"predecessor-version":[{"id":68629,"href":"https:\/\/www.turismoitinerante.com\/site\/wp-json\/wp\/v2\/posts\/68624\/revisions\/68629"}],"wp:featuredmedia":[{"embeddable":true,"href":"https:\/\/www.turismoitinerante.com\/site\/wp-json\/wp\/v2\/media\/68625"}],"wp:attachment":[{"href":"https:\/\/www.turismoitinerante.com\/site\/wp-json\/wp\/v2\/media?parent=68624"}],"wp:term":[{"taxonomy":"category","embeddable":true,"href":"https:\/\/www.turismoitinerante.com\/site\/wp-json\/wp\/v2\/categories?post=68624"},{"taxonomy":"post_tag","embeddable":true,"href":"https:\/\/www.turismoitinerante.com\/site\/wp-json\/wp\/v2\/tags?post=68624"}],"curies":[{"name":"wp","href":"https:\/\/api.w.org\/{rel}","templated":true}]}}