{"id":68619,"date":"2025-09-29T10:14:25","date_gmt":"2025-09-29T09:14:25","guid":{"rendered":"https:\/\/www.turismoitinerante.com\/site\/?p=68619"},"modified":"2025-09-29T10:14:25","modified_gmt":"2025-09-29T09:14:25","slug":"dal-3-al-5-ottobre-in-veneto-la-xx-edizione-della-centomiglia","status":"publish","type":"post","link":"https:\/\/www.turismoitinerante.com\/site\/dal-3-al-5-ottobre-in-veneto-la-xx-edizione-della-centomiglia\/","title":{"rendered":"Dal 3 al 5 ottobre in Veneto la XX^ edizione della Centomiglia"},"content":{"rendered":"<p>La&nbsp;<i>Centomiglia<\/i>&nbsp;\u00e8 un mix di fascino, storia, natura e cultura. Una tre giorni che ritorna puntualmente con l\u2019autunno per celebrare la&nbsp;<i>Strada del Conegliano Valdobbiadene<\/i>&nbsp;e le auto d\u2019epoca.<\/p>\n<p>Un compleanno tondo per una edizione che si preannuncia ricca di emozioni: \u201cFesteggiamo i 20 anni di una manifestazione \u2013 afferma Isidoro Rebuli, presidente della&nbsp;<i>Strada<\/i>&nbsp;&#8211; che ogni anno registra il sold out nelle iscrizioni, che vengono chiuse in pochi giorni; quasi una gara di velocit\u00e0 tra gli equipaggi che amano la nostra terra e apprezzano la qualit\u00e0 dei nostri servizi. Ci dispiace non riuscire ad accogliere tutti\u201d.<\/p>\n<p>Una&nbsp;<b>settantina le auto d\u2019epoca<\/b>, che percorreranno i&nbsp;<b>160 chilometri<\/b>&nbsp;previsti dal programma, e altrettanti equipaggi, di cui&nbsp;<b>35 provenienti dall\u2019estero<\/b>&nbsp;(Austria, Belgio, Francia, Germania, Gran Bretagna, Lussemburgo, Repubblica Ceca) e da&nbsp;<b>diverse regioni italiane<\/b>&nbsp;(Friuli Venezia Giulia, Emilia Romagna, Lombardia, Piemonte, Trentino Alto Adige e Veneto).<\/p>\n<p>Per onorare il traguardo dei vent\u2019anni questa edizione vede una collaborazione allargata: \u201cOltre alla partnership collaudata il&nbsp;<b><i>Consorzio di Tutela del Conegliano Valdobbiadene Prosecco Docg<\/i><\/b>&nbsp;e con il&nbsp;<b><i>Club Serenissima Storico<\/i><\/b>&nbsp;&#8211; aggiunge Rebuli -, la kermesse pu\u00f2 contare sul&nbsp;<b><i>Coordinamento Strade del vino e dei prodotti tipici del Veneto<\/i><\/b>, in un\u2019ottica di stretta sinergia con la Regione al fine di&nbsp;<b>promuovere e valorizzare gli straordinari percorsi enogastronomici del nostro territorio<\/b>. Hanno parte attiva inoltre i comuni di Conegliano, Follina, Valdobbiadene, Associazione Visit Follina, Pro Loco di Conegliano e Pro Loco di Follina\u201d.<\/p>\n<p>Parteciperanno alla 20^ edizione della&nbsp;<i>Centomiglia<\/i>&nbsp;<b>auto che hanno fatto la storia, modelli unici che rappresentano ben 25 grandi marchi<\/b>&nbsp;come: Alfa Romeo, Austin Healey, BMW, Borgward, Bugatti, Chevrolet, Ferrari, Fiat, Ford, Hillman, Innocenti, Iso Rivolta, Jaguar, Lancia, Leyland MGB, Maserati, Mercedes, Morgan, Opel, Porsche, Skoda, Sunbeam, Triumph, Volkswagen, Volvo.<\/p>\n<p>Tra le pi\u00f9 \u201csignore pi\u00f9 attempate\u201d spiccano:&nbsp;<b>la Bugatti del T37 del 1927<\/b>, la Fiat Balilla Lusso del 1932, la Morgan 1100 Super Sport del 1933 (a tre ruote), la Ford V8 Phaeton del 1935 e la Bmw Sport Cabrio del 1938.<\/p>\n<p>Una menzione particolare merita la \u2018<b>Weldangrind Maserati Parson\u2019 del 1957, costruita a Londra ma con motore Maserati<\/b>, auto gi\u00e0 partecipante a Gran Premi di Silverstone.<\/p>\n<p>Singolari infine i 2 esemplari della Iso Rivolta, la \u2018Grifo\u2019 e la \u2018Lele\u2019, auto italiane degli anni \u201860-70.<\/p>\n<p>Vetture che continuano ad affascinare per la loro qualit\u00e0 ingegneristica e che \u00e8 possibile ammirare in modalit\u00e0 slow: \u201cLe vetture percorreranno la Strada del Conegliano Valdobbiadene lentamente immergendosi in modo gentile e rispettoso &#8211; ci tiene a precisare il presidente Rebuli \u2013 in un paesaggio che solo cos\u00ec pu\u00f2 essere apprezzato appieno\u201d.<\/p>\n<p>La&nbsp;<i>Centomiglia<\/i>&nbsp;diventa allora un\u2019occasione unica, per gli appassionati, per ammirare straordinari modelli di interesse storico e per condividere con gli equipaggi l\u2019amore per le auto d\u2019epoca; mentre i partecipanti hanno l\u2019opportunit\u00e0 di percorrere la Strada del Vino pi\u00f9 antica d\u2019Italia \u2013 il prossimo anno si celebrer\u00e0 il sessantesimo dalla fondazione \u2013 in un viaggio nel tempo, tra passato e futuro, in comunione con la bellezza delle Colline UNESCO.<\/p>\n<p>&nbsp;<\/p>\n<p><span style=\"color: #ff0000;\"><strong>Programma<\/strong><\/span><\/p>\n<p><strong>Venerd\u00ec 3 ottobre<\/strong>, accoglienza degli equipaggi e raduno in piazza Cavalieri del Tempio a Follina dove partir\u00e0 il \u201cPrologo della Centomiglia\u201d con soste presso le cantine Campion, Tenuta Torre Zecchei&nbsp;Wine Experience&nbsp;di Valdobbiadene e cena di benvenuto presso Locanda da Lino a Solighetto.<\/p>\n<p><strong>Sabato 4 ottobre<\/strong>, alle ore 9:00 raduno in piazza Marconi a Valdobbiadene. Alle 10:00 partenza primo concorrente. Sono previste soste presso le cantine Rivalta di Valdobbiadene e Scandolera di Colbertaldo. A mezzogiorno buffet presso La Tordera di Vidor. Nel pomeriggio, dopo una sosta alla cantina Perini San Giovanni di Manzan, la carovana si diriger\u00e0 a Conegliano per la visita alla nuova sala immersiva di Palazzo Sarcinelli,&nbsp;un viaggio multimediale che racconta la storia di Conegliano dal Medioevo ai giorni nostri, seguir\u00e0, in piazza Cima, lo spettacolo della Dama Castellana con l\u2019esibizione degli abili Tamburi &amp; Sbandieratori.<\/p>\n<p>In seguito, a Castelbrando di Cison di Valmarino, cena finale con premiazioni.<\/p>\n<p><strong>Domenica 5 ottobre<\/strong>, alle ore 10:00, visita guidata presso la cantina La Casa Vecchia di Valdobbiadene.<\/p>\n<p>Collaborano alla realizzazione della&nbsp;<i>Centomiglia 2025<\/i>&nbsp;alcune tra le pi\u00f9 rinomate cantine della Docg Conegliano Valdobbiadene:<\/p>\n<p>Ballancin, Bortolin Angelo, Campion, Canevel, De Riz, Gemin, La Casa Vecchia, La Svolta, La Tordera, Le Bertole, Malibr\u00e0n, Perini-San Giovanni, Rivalta, Scandolera, Serre, Tenuta Torre Zecchei Wine, Experience, Valdo Spumanti. Inoltre la distilleria Andrea Da Ponte e la Bottega de Combai con i suoi prodotti tipici.<\/p>\n<p>La manifestazione gode del patrocinio di Regione del Veneto, Associazione per il Patrimonio delle Colline del Prosecco di Conegliano e Valdobbiadene e dei comuni di Conegliano, Follina e Valdobbiadene.<\/p>\n<p><b>Info: <a href=\"https:\/\/www.coneglianovaldobbiadene.it\/100miglia-sulla-strada-del-conegliano-valdobbiadene\/\" target=\"_blank\" rel=\"noopener\" data-saferedirecturl=\"https:\/\/www.google.com\/url?q=https:\/\/www.coneglianovaldobbiadene.it\/100miglia-sulla-strada-del-conegliano-valdobbiadene\/&amp;source=gmail&amp;ust=1759217382322000&amp;usg=AOvVaw2RK4DMSW-kNUoJdh3tN9P-\">https:\/\/www.<wbr>coneglianovaldobbiadene.it\/<wbr>100miglia-sulla-strada-del-<wbr>conegliano-valdobbiadene\/<\/a><\/b><\/p>\n<div class=\"7863122cad8776726ec303240ed69aa5\" data-index=\"4\" style=\"float: none; margin:10px 0 10px 0; text-align:center;\">\n<script async src=\"\/\/pagead2.googlesyndication.com\/pagead\/js\/adsbygoogle.js\"><\/script>\r\n<!-- 728x90, creato 23\/02\/11 -->\r\n<ins class=\"adsbygoogle\"\r\n     style=\"display:inline-block;width:728px;height:90px\"\r\n     data-ad-client=\"ca-pub-5798583071070083\"\r\n     data-ad-slot=\"5935394872\"><\/ins>\r\n<script>\r\n(adsbygoogle = window.adsbygoogle || []).push({});\r\n<\/script>\n<\/div>\n\n<div style=\"font-size: 0px; height: 0px; line-height: 0px; margin: 0; padding: 0; clear: both;\"><\/div>","protected":false},"excerpt":{"rendered":"<p>La&nbsp;Centomiglia&nbsp;\u00e8 un mix di fascino, storia, natura e cultura. Una tre giorni che ritorna puntualmente con l\u2019autunno per celebrare la&nbsp;Strada del Conegliano Valdobbiadene&nbsp;e le auto d\u2019epoca. Un compleanno tondo per una edizione che si preannuncia ricca di emozioni: \u201cFesteggiamo i 20 anni di una manifestazione \u2013 afferma Isidoro Rebuli, presidente della&nbsp;Strada&nbsp;&#8211; che ogni anno registra [&hellip;]<\/p>\n","protected":false},"author":1,"featured_media":68620,"comment_status":"closed","ping_status":"open","sticky":false,"template":"","format":"standard","meta":{"ngg_post_thumbnail":0,"jnews-multi-image_gallery":[],"jnews_single_post":{"format":"standard","override":[{"template":"1","parallax":"1","fullscreen":"1","layout":"right-sidebar","sidebar":"default-sidebar","second_sidebar":"default-sidebar","sticky_sidebar":"1","share_position":"top","share_float_style":"share-monocrhome","show_share_counter":"1","show_view_counter":"1","show_featured":"1","show_post_meta":"1","show_post_author":"1","show_post_author_image":"1","show_post_date":"1","post_date_format":"default","post_date_format_custom":"Y\/m\/d","show_post_category":"1","show_post_reading_time":"0","post_reading_time_wpm":"300","post_calculate_word_method":"str_word_count","show_zoom_button":"0","zoom_button_out_step":"2","zoom_button_in_step":"3","show_post_tag":"1","show_prev_next_post":"1","show_popup_post":"1","number_popup_post":"1","show_author_box":"1","show_post_related":"0","show_inline_post_related":"0"}],"image_override":[{"single_post_thumbnail_size":"crop-500","single_post_gallery_size":"crop-500"}],"trending_post_position":"meta","trending_post_label":"Trending","sponsored_post_label":"Sponsored by","disable_ad":"0","subtitle":"Dal 3 al 5 ottobre si terr\u00e0 la XX^ edizione della celebre manifestazione turistica e culturale per auto d\u2019epoca."},"jnews_primary_category":[],"jnews_override_counter":{"view_counter_number":"0","share_counter_number":"0","like_counter_number":"0","dislike_counter_number":"0"},"footnotes":""},"categories":[621],"tags":[2787,2785,2786,423],"class_list":["post-68619","post","type-post","status-publish","format-standard","has-post-thumbnail","hentry","category-info-turismo","tag-auto-depoca","tag-centomiglia","tag-strada-del-conegliano-valdobbiadene","tag-veneto"],"yoast_head":"<!-- This site is optimized with the Yoast SEO plugin v27.4 - https:\/\/yoast.com\/product\/yoast-seo-wordpress\/ -->\n<title>Dal 3 al 5 ottobre in Veneto la XX^ edizione della Centomiglia<\/title>\n<meta name=\"description\" content=\"Dal 3 al 5 ottobre si terr\u00e0 la XX^ edizione della celebre manifestazione turistica e culturale per auto d\u2019epoca.\" \/>\n<meta name=\"robots\" content=\"index, follow, max-snippet:-1, max-image-preview:large, max-video-preview:-1\" \/>\n<link rel=\"canonical\" href=\"https:\/\/www.turismoitinerante.com\/site\/dal-3-al-5-ottobre-in-veneto-la-xx-edizione-della-centomiglia\/\" \/>\n<meta property=\"og:locale\" content=\"it_IT\" \/>\n<meta property=\"og:type\" content=\"article\" \/>\n<meta property=\"og:title\" content=\"Dal 3 al 5 ottobre in Veneto la XX^ edizione della Centomiglia\" \/>\n<meta property=\"og:description\" content=\"Dal 3 al 5 ottobre si terr\u00e0 la XX^ edizione della celebre manifestazione turistica e culturale per auto d\u2019epoca.\" \/>\n<meta property=\"og:url\" content=\"https:\/\/www.turismoitinerante.com\/site\/dal-3-al-5-ottobre-in-veneto-la-xx-edizione-della-centomiglia\/\" \/>\n<meta property=\"og:site_name\" content=\"TI - Turismo Itinerante\" \/>\n<meta property=\"article:published_time\" content=\"2025-09-29T09:14:25+00:00\" \/>\n<meta property=\"og:image\" content=\"https:\/\/www.turismoitinerante.com\/site\/wp-content\/uploads\/2025\/09\/Borgward-Isabella-Coupe-del-1960.jpg\" \/>\n\t<meta property=\"og:image:width\" content=\"886\" \/>\n\t<meta property=\"og:image:height\" content=\"591\" \/>\n\t<meta property=\"og:image:type\" content=\"image\/jpeg\" \/>\n<meta name=\"author\" content=\"admin\" \/>\n<meta name=\"twitter:card\" content=\"summary_large_image\" \/>\n<meta name=\"twitter:label1\" content=\"Scritto da\" \/>\n\t<meta name=\"twitter:data1\" content=\"admin\" \/>\n\t<meta name=\"twitter:label2\" content=\"Tempo di lettura stimato\" \/>\n\t<meta name=\"twitter:data2\" content=\"5 minuti\" \/>\n<script type=\"application\/ld+json\" class=\"yoast-schema-graph\">{\"@context\":\"https:\\\/\\\/schema.org\",\"@graph\":[{\"@type\":\"Article\",\"@id\":\"https:\\\/\\\/www.turismoitinerante.com\\\/site\\\/dal-3-al-5-ottobre-in-veneto-la-xx-edizione-della-centomiglia\\\/#article\",\"isPartOf\":{\"@id\":\"https:\\\/\\\/www.turismoitinerante.com\\\/site\\\/dal-3-al-5-ottobre-in-veneto-la-xx-edizione-della-centomiglia\\\/\"},\"author\":{\"name\":\"admin\",\"@id\":\"https:\\\/\\\/www.turismoitinerante.com\\\/site\\\/#\\\/schema\\\/person\\\/1e1238d2d1617438f3682e54bf4d6c05\"},\"headline\":\"Dal 3 al 5 ottobre in Veneto la XX^ edizione della Centomiglia\",\"datePublished\":\"2025-09-29T09:14:25+00:00\",\"mainEntityOfPage\":{\"@id\":\"https:\\\/\\\/www.turismoitinerante.com\\\/site\\\/dal-3-al-5-ottobre-in-veneto-la-xx-edizione-della-centomiglia\\\/\"},\"wordCount\":789,\"image\":{\"@id\":\"https:\\\/\\\/www.turismoitinerante.com\\\/site\\\/dal-3-al-5-ottobre-in-veneto-la-xx-edizione-della-centomiglia\\\/#primaryimage\"},\"thumbnailUrl\":\"https:\\\/\\\/www.turismoitinerante.com\\\/site\\\/wp-content\\\/uploads\\\/2025\\\/09\\\/Borgward-Isabella-Coupe-del-1960.jpg\",\"keywords\":[\"Auto d'epoca\",\"Centomiglia\",\"Strada del Conegliano Valdobbiadene\",\"Veneto\"],\"articleSection\":[\"Turismo\"],\"inLanguage\":\"it-IT\"},{\"@type\":\"WebPage\",\"@id\":\"https:\\\/\\\/www.turismoitinerante.com\\\/site\\\/dal-3-al-5-ottobre-in-veneto-la-xx-edizione-della-centomiglia\\\/\",\"url\":\"https:\\\/\\\/www.turismoitinerante.com\\\/site\\\/dal-3-al-5-ottobre-in-veneto-la-xx-edizione-della-centomiglia\\\/\",\"name\":\"Dal 3 al 5 ottobre in Veneto la XX^ edizione della Centomiglia\",\"isPartOf\":{\"@id\":\"https:\\\/\\\/www.turismoitinerante.com\\\/site\\\/#website\"},\"primaryImageOfPage\":{\"@id\":\"https:\\\/\\\/www.turismoitinerante.com\\\/site\\\/dal-3-al-5-ottobre-in-veneto-la-xx-edizione-della-centomiglia\\\/#primaryimage\"},\"image\":{\"@id\":\"https:\\\/\\\/www.turismoitinerante.com\\\/site\\\/dal-3-al-5-ottobre-in-veneto-la-xx-edizione-della-centomiglia\\\/#primaryimage\"},\"thumbnailUrl\":\"https:\\\/\\\/www.turismoitinerante.com\\\/site\\\/wp-content\\\/uploads\\\/2025\\\/09\\\/Borgward-Isabella-Coupe-del-1960.jpg\",\"datePublished\":\"2025-09-29T09:14:25+00:00\",\"author\":{\"@id\":\"https:\\\/\\\/www.turismoitinerante.com\\\/site\\\/#\\\/schema\\\/person\\\/1e1238d2d1617438f3682e54bf4d6c05\"},\"description\":\"Dal 3 al 5 ottobre si terr\u00e0 la XX^ edizione della celebre manifestazione turistica e culturale per auto d\u2019epoca.\",\"breadcrumb\":{\"@id\":\"https:\\\/\\\/www.turismoitinerante.com\\\/site\\\/dal-3-al-5-ottobre-in-veneto-la-xx-edizione-della-centomiglia\\\/#breadcrumb\"},\"inLanguage\":\"it-IT\",\"potentialAction\":[{\"@type\":\"ReadAction\",\"target\":[\"https:\\\/\\\/www.turismoitinerante.com\\\/site\\\/dal-3-al-5-ottobre-in-veneto-la-xx-edizione-della-centomiglia\\\/\"]}]},{\"@type\":\"ImageObject\",\"inLanguage\":\"it-IT\",\"@id\":\"https:\\\/\\\/www.turismoitinerante.com\\\/site\\\/dal-3-al-5-ottobre-in-veneto-la-xx-edizione-della-centomiglia\\\/#primaryimage\",\"url\":\"https:\\\/\\\/www.turismoitinerante.com\\\/site\\\/wp-content\\\/uploads\\\/2025\\\/09\\\/Borgward-Isabella-Coupe-del-1960.jpg\",\"contentUrl\":\"https:\\\/\\\/www.turismoitinerante.com\\\/site\\\/wp-content\\\/uploads\\\/2025\\\/09\\\/Borgward-Isabella-Coupe-del-1960.jpg\",\"width\":886,\"height\":591,\"caption\":\"Borgward Isabella Coupe\u0300 del 1960\"},{\"@type\":\"BreadcrumbList\",\"@id\":\"https:\\\/\\\/www.turismoitinerante.com\\\/site\\\/dal-3-al-5-ottobre-in-veneto-la-xx-edizione-della-centomiglia\\\/#breadcrumb\",\"itemListElement\":[{\"@type\":\"ListItem\",\"position\":1,\"name\":\"Home\",\"item\":\"https:\\\/\\\/www.turismoitinerante.com\\\/site\\\/\"},{\"@type\":\"ListItem\",\"position\":2,\"name\":\"Dal 3 al 5 ottobre in Veneto la XX^ edizione della Centomiglia\"}]},{\"@type\":\"WebSite\",\"@id\":\"https:\\\/\\\/www.turismoitinerante.com\\\/site\\\/#website\",\"url\":\"https:\\\/\\\/www.turismoitinerante.com\\\/site\\\/\",\"name\":\"TI - Turismo Itinerante\",\"description\":\"Ritrovarsi su internet per informarsi, per informare. Il portale del turismo itinerante. Una infinit\u00e0 di notizie su camper, itinerari, aree sosta camper, concessionari, campeggi, agriturismo, raduni, sagre, fiere, mostre, associazioni, club, forum, bacheca annunci\",\"potentialAction\":[{\"@type\":\"SearchAction\",\"target\":{\"@type\":\"EntryPoint\",\"urlTemplate\":\"https:\\\/\\\/www.turismoitinerante.com\\\/site\\\/?s={search_term_string}\"},\"query-input\":{\"@type\":\"PropertyValueSpecification\",\"valueRequired\":true,\"valueName\":\"search_term_string\"}}],\"inLanguage\":\"it-IT\"},{\"@type\":\"Person\",\"@id\":\"https:\\\/\\\/www.turismoitinerante.com\\\/site\\\/#\\\/schema\\\/person\\\/1e1238d2d1617438f3682e54bf4d6c05\",\"name\":\"admin\",\"image\":{\"@type\":\"ImageObject\",\"inLanguage\":\"it-IT\",\"@id\":\"https:\\\/\\\/secure.gravatar.com\\\/avatar\\\/9102d8c23b35e2809b07ebc42ce126daa3d6a47cce9878a22d14d9852ade629e?s=96&d=mm&r=g\",\"url\":\"https:\\\/\\\/secure.gravatar.com\\\/avatar\\\/9102d8c23b35e2809b07ebc42ce126daa3d6a47cce9878a22d14d9852ade629e?s=96&d=mm&r=g\",\"contentUrl\":\"https:\\\/\\\/secure.gravatar.com\\\/avatar\\\/9102d8c23b35e2809b07ebc42ce126daa3d6a47cce9878a22d14d9852ade629e?s=96&d=mm&r=g\",\"caption\":\"admin\"},\"url\":\"https:\\\/\\\/www.turismoitinerante.com\\\/site\\\/author\\\/admin\\\/\"}]}<\/script>\n<!-- \/ Yoast SEO plugin. -->","yoast_head_json":{"title":"Dal 3 al 5 ottobre in Veneto la XX^ edizione della Centomiglia","description":"Dal 3 al 5 ottobre si terr\u00e0 la XX^ edizione della celebre manifestazione turistica e culturale per auto d\u2019epoca.","robots":{"index":"index","follow":"follow","max-snippet":"max-snippet:-1","max-image-preview":"max-image-preview:large","max-video-preview":"max-video-preview:-1"},"canonical":"https:\/\/www.turismoitinerante.com\/site\/dal-3-al-5-ottobre-in-veneto-la-xx-edizione-della-centomiglia\/","og_locale":"it_IT","og_type":"article","og_title":"Dal 3 al 5 ottobre in Veneto la XX^ edizione della Centomiglia","og_description":"Dal 3 al 5 ottobre si terr\u00e0 la XX^ edizione della celebre manifestazione turistica e culturale per auto d\u2019epoca.","og_url":"https:\/\/www.turismoitinerante.com\/site\/dal-3-al-5-ottobre-in-veneto-la-xx-edizione-della-centomiglia\/","og_site_name":"TI - Turismo Itinerante","article_published_time":"2025-09-29T09:14:25+00:00","og_image":[{"width":886,"height":591,"url":"https:\/\/www.turismoitinerante.com\/site\/wp-content\/uploads\/2025\/09\/Borgward-Isabella-Coupe-del-1960.jpg","type":"image\/jpeg"}],"author":"admin","twitter_card":"summary_large_image","twitter_misc":{"Scritto da":"admin","Tempo di lettura stimato":"5 minuti"},"schema":{"@context":"https:\/\/schema.org","@graph":[{"@type":"Article","@id":"https:\/\/www.turismoitinerante.com\/site\/dal-3-al-5-ottobre-in-veneto-la-xx-edizione-della-centomiglia\/#article","isPartOf":{"@id":"https:\/\/www.turismoitinerante.com\/site\/dal-3-al-5-ottobre-in-veneto-la-xx-edizione-della-centomiglia\/"},"author":{"name":"admin","@id":"https:\/\/www.turismoitinerante.com\/site\/#\/schema\/person\/1e1238d2d1617438f3682e54bf4d6c05"},"headline":"Dal 3 al 5 ottobre in Veneto la XX^ edizione della Centomiglia","datePublished":"2025-09-29T09:14:25+00:00","mainEntityOfPage":{"@id":"https:\/\/www.turismoitinerante.com\/site\/dal-3-al-5-ottobre-in-veneto-la-xx-edizione-della-centomiglia\/"},"wordCount":789,"image":{"@id":"https:\/\/www.turismoitinerante.com\/site\/dal-3-al-5-ottobre-in-veneto-la-xx-edizione-della-centomiglia\/#primaryimage"},"thumbnailUrl":"https:\/\/www.turismoitinerante.com\/site\/wp-content\/uploads\/2025\/09\/Borgward-Isabella-Coupe-del-1960.jpg","keywords":["Auto d'epoca","Centomiglia","Strada del Conegliano Valdobbiadene","Veneto"],"articleSection":["Turismo"],"inLanguage":"it-IT"},{"@type":"WebPage","@id":"https:\/\/www.turismoitinerante.com\/site\/dal-3-al-5-ottobre-in-veneto-la-xx-edizione-della-centomiglia\/","url":"https:\/\/www.turismoitinerante.com\/site\/dal-3-al-5-ottobre-in-veneto-la-xx-edizione-della-centomiglia\/","name":"Dal 3 al 5 ottobre in Veneto la XX^ edizione della Centomiglia","isPartOf":{"@id":"https:\/\/www.turismoitinerante.com\/site\/#website"},"primaryImageOfPage":{"@id":"https:\/\/www.turismoitinerante.com\/site\/dal-3-al-5-ottobre-in-veneto-la-xx-edizione-della-centomiglia\/#primaryimage"},"image":{"@id":"https:\/\/www.turismoitinerante.com\/site\/dal-3-al-5-ottobre-in-veneto-la-xx-edizione-della-centomiglia\/#primaryimage"},"thumbnailUrl":"https:\/\/www.turismoitinerante.com\/site\/wp-content\/uploads\/2025\/09\/Borgward-Isabella-Coupe-del-1960.jpg","datePublished":"2025-09-29T09:14:25+00:00","author":{"@id":"https:\/\/www.turismoitinerante.com\/site\/#\/schema\/person\/1e1238d2d1617438f3682e54bf4d6c05"},"description":"Dal 3 al 5 ottobre si terr\u00e0 la XX^ edizione della celebre manifestazione turistica e culturale per auto d\u2019epoca.","breadcrumb":{"@id":"https:\/\/www.turismoitinerante.com\/site\/dal-3-al-5-ottobre-in-veneto-la-xx-edizione-della-centomiglia\/#breadcrumb"},"inLanguage":"it-IT","potentialAction":[{"@type":"ReadAction","target":["https:\/\/www.turismoitinerante.com\/site\/dal-3-al-5-ottobre-in-veneto-la-xx-edizione-della-centomiglia\/"]}]},{"@type":"ImageObject","inLanguage":"it-IT","@id":"https:\/\/www.turismoitinerante.com\/site\/dal-3-al-5-ottobre-in-veneto-la-xx-edizione-della-centomiglia\/#primaryimage","url":"https:\/\/www.turismoitinerante.com\/site\/wp-content\/uploads\/2025\/09\/Borgward-Isabella-Coupe-del-1960.jpg","contentUrl":"https:\/\/www.turismoitinerante.com\/site\/wp-content\/uploads\/2025\/09\/Borgward-Isabella-Coupe-del-1960.jpg","width":886,"height":591,"caption":"Borgward Isabella Coupe\u0300 del 1960"},{"@type":"BreadcrumbList","@id":"https:\/\/www.turismoitinerante.com\/site\/dal-3-al-5-ottobre-in-veneto-la-xx-edizione-della-centomiglia\/#breadcrumb","itemListElement":[{"@type":"ListItem","position":1,"name":"Home","item":"https:\/\/www.turismoitinerante.com\/site\/"},{"@type":"ListItem","position":2,"name":"Dal 3 al 5 ottobre in Veneto la XX^ edizione della Centomiglia"}]},{"@type":"WebSite","@id":"https:\/\/www.turismoitinerante.com\/site\/#website","url":"https:\/\/www.turismoitinerante.com\/site\/","name":"TI - Turismo Itinerante","description":"Ritrovarsi su internet per informarsi, per informare. Il portale del turismo itinerante. Una infinit\u00e0 di notizie su camper, itinerari, aree sosta camper, concessionari, campeggi, agriturismo, raduni, sagre, fiere, mostre, associazioni, club, forum, bacheca annunci","potentialAction":[{"@type":"SearchAction","target":{"@type":"EntryPoint","urlTemplate":"https:\/\/www.turismoitinerante.com\/site\/?s={search_term_string}"},"query-input":{"@type":"PropertyValueSpecification","valueRequired":true,"valueName":"search_term_string"}}],"inLanguage":"it-IT"},{"@type":"Person","@id":"https:\/\/www.turismoitinerante.com\/site\/#\/schema\/person\/1e1238d2d1617438f3682e54bf4d6c05","name":"admin","image":{"@type":"ImageObject","inLanguage":"it-IT","@id":"https:\/\/secure.gravatar.com\/avatar\/9102d8c23b35e2809b07ebc42ce126daa3d6a47cce9878a22d14d9852ade629e?s=96&d=mm&r=g","url":"https:\/\/secure.gravatar.com\/avatar\/9102d8c23b35e2809b07ebc42ce126daa3d6a47cce9878a22d14d9852ade629e?s=96&d=mm&r=g","contentUrl":"https:\/\/secure.gravatar.com\/avatar\/9102d8c23b35e2809b07ebc42ce126daa3d6a47cce9878a22d14d9852ade629e?s=96&d=mm&r=g","caption":"admin"},"url":"https:\/\/www.turismoitinerante.com\/site\/author\/admin\/"}]}},"_links":{"self":[{"href":"https:\/\/www.turismoitinerante.com\/site\/wp-json\/wp\/v2\/posts\/68619","targetHints":{"allow":["GET"]}}],"collection":[{"href":"https:\/\/www.turismoitinerante.com\/site\/wp-json\/wp\/v2\/posts"}],"about":[{"href":"https:\/\/www.turismoitinerante.com\/site\/wp-json\/wp\/v2\/types\/post"}],"author":[{"embeddable":true,"href":"https:\/\/www.turismoitinerante.com\/site\/wp-json\/wp\/v2\/users\/1"}],"replies":[{"embeddable":true,"href":"https:\/\/www.turismoitinerante.com\/site\/wp-json\/wp\/v2\/comments?post=68619"}],"version-history":[{"count":1,"href":"https:\/\/www.turismoitinerante.com\/site\/wp-json\/wp\/v2\/posts\/68619\/revisions"}],"predecessor-version":[{"id":68621,"href":"https:\/\/www.turismoitinerante.com\/site\/wp-json\/wp\/v2\/posts\/68619\/revisions\/68621"}],"wp:featuredmedia":[{"embeddable":true,"href":"https:\/\/www.turismoitinerante.com\/site\/wp-json\/wp\/v2\/media\/68620"}],"wp:attachment":[{"href":"https:\/\/www.turismoitinerante.com\/site\/wp-json\/wp\/v2\/media?parent=68619"}],"wp:term":[{"taxonomy":"category","embeddable":true,"href":"https:\/\/www.turismoitinerante.com\/site\/wp-json\/wp\/v2\/categories?post=68619"},{"taxonomy":"post_tag","embeddable":true,"href":"https:\/\/www.turismoitinerante.com\/site\/wp-json\/wp\/v2\/tags?post=68619"}],"curies":[{"name":"wp","href":"https:\/\/api.w.org\/{rel}","templated":true}]}}