{"id":66955,"date":"2025-06-11T09:38:49","date_gmt":"2025-06-11T08:38:49","guid":{"rendered":"https:\/\/www.turismoitinerante.com\/site\/?p=66955"},"modified":"2025-06-11T09:38:49","modified_gmt":"2025-06-11T08:38:49","slug":"dal-21-al-23-giugno-a-san-marco-in-lamis-fg-arriva-grani-futuri-il-festival-del-pane","status":"publish","type":"post","link":"https:\/\/www.turismoitinerante.com\/site\/dal-21-al-23-giugno-a-san-marco-in-lamis-fg-arriva-grani-futuri-il-festival-del-pane\/","title":{"rendered":"Dal 21 al 23 giugno a San Marco in Lamis (FG) arriva Grani Futuri, il festival del pane"},"content":{"rendered":"<p>Le citt\u00e0 identitarie del Pane della Puglia si incontreranno in occasione di Grani Futuri 2025 con il Pancotto Contest dove, domenica 22 giugno 2025, il pane raffermo diventer\u00e0 il principale ingrediente interpretato da vari Comuni fra i quali Altamura, Laterza, Guagnano, Monte Sant\u2019Angelo. L\u2019economia circolare di un tempo, in cui di certo il pane \u201cvecchio\u201d non si buttava, ritorner\u00e0 sulle nostre tavole e diventer\u00e0 una risorsa con sapori dimenticati da riscoprire.<br \/>\nIl Pancotto Contest nasce \u2013 come spiega il fornaio economista Antonio Cera, ideatore di Grani Futuri &#8211; come pretesto della costruzione della via del pane in Puglia. Il punto di partenza di questo ambizioso progetto \u00e8, partendo dal Gargano, coinvolgere un po\u2019 alla volta tutte le province pugliesi, per poi ampliare il coinvolgimento a livello nazionale cos\u00ec da far nascere una nuova rotta turistica seguendo le tracce del pane.<br \/>\nDacci oggi il nostro pane quotidiano, con i venti di guerra di questi anni recenti, non \u00e8 pi\u00f9 un gesto abituale ma ogni pagnotta ha assunto di nuovo il valore simbolico della pace. Grani Futuri, l\u2019evento nazionale del pane che dal 2017 organizza il fornaio economista Antonio Cera con la sua associazione, risponde al desiderio che unisce con un filo di candida farina tutto il mondo e per il 2025 propone come tema di riflessione, confronto e di gustosi assaggi e workshop \u201cIl pane della speranza\u201d.<br \/>\nGrani Futuri da sabato 21 a luned\u00ec 23 giugno 2025 mescoler\u00e0 mirabilmente l\u2019eredit\u00e0 del passato, attraverso tutte le attivit\u00e0 che per tre giorni a San Marco in Lamis, in localit\u00e0 Stignano, animeranno questo angolo incantevole della provincia di Foggia dove i campi di grano si intersecano con gli antichissimi eremi, la via Francigena e i percorsi dei Cammini da fare a piedi, in un giardino all\u2019aperto fatto di erbe spontanee commestibili, in luoghi dove la bellezza incontaminata della natura alimenta spiritualit\u00e0 e meditazione.<br \/>\nLe citt\u00e0 identitarie del Pane della Puglia si incontreranno per Grani Futuri 2025 con il Pancotto Contest dove, domenica 22 giugno 2025, il pane raffermo diventer\u00e0 il principale ingrediente interpretato da vari Comuni fra i quali Altamura, Laterza, Guagnano, Monte Sant\u2019Angelo. L\u2019economia circolare di un tempo, in cui di certo il pane \u201cvecchio\u201d non si buttava, ritorner\u00e0 sulle nostre tavole e diventer\u00e0 una risorsa con sapori dimenticati da riscoprire. Il \u201cPancotto Contest\u201d nasce come pretesto della costruzione della via del pane in Puglia, partendo dal Gargano in tutte le province pugliesi, per poi allargarlo a livello nazionale per far nascere una nuova rotta turistica seguendo le tracce del pane.<br \/>\nDue le novit\u00e0 dell\u2019edizione 2025 di Grani Futuri:<br \/>\n\u00b7 Ogni sera, per tre serate consecutive, ci saranno le cene esclusive con chef di fama nazionale, in cui il menu verr\u00e0 realizzato per valorizzare il pane, nelle sue diverse tipologie, in un vero e proprio dialogo gastronomico condito da produttori di olio e vino e dai loro racconti. La location sar\u00e0 all\u2019interno dell\u2019Auditorium, con posti solo su prenotazione, mentre all\u2019esterno proseguiranno le degustazioni nelle varie postazioni e gli altri eventi.<br \/>\n\u00b7 L\u2019arte orafa di San Marco in Lamis, frutto di sapienti artigiani, briller\u00e0 luned\u00ec 23 giugno, ultima giornata di Grani Futuri. Il pane e l\u2019oro diventano simboli tangibili di una sapienza antica, due arti manuali, unite da gesti precisi, cura quotidiana e capacit\u00e0 di trasformare l\u2019essenza della bellezza.<\/p>\n<p><img decoding=\"async\" class=\"alignnone  wp-image-66958 aligncenter\" src=\"https:\/\/www.turismoitinerante.com\/site\/wp-content\/uploads\/2025\/06\/Grani-futuri-Puglia-717x1024.jpeg\" alt=\"\" width=\"769\" height=\"1098\" srcset=\"https:\/\/www.turismoitinerante.com\/site\/wp-content\/uploads\/2025\/06\/Grani-futuri-Puglia-717x1024.jpeg 717w, https:\/\/www.turismoitinerante.com\/site\/wp-content\/uploads\/2025\/06\/Grani-futuri-Puglia-210x300.jpeg 210w, https:\/\/www.turismoitinerante.com\/site\/wp-content\/uploads\/2025\/06\/Grani-futuri-Puglia-768x1097.jpeg 768w, https:\/\/www.turismoitinerante.com\/site\/wp-content\/uploads\/2025\/06\/Grani-futuri-Puglia-1075x1536.jpeg 1075w, https:\/\/www.turismoitinerante.com\/site\/wp-content\/uploads\/2025\/06\/Grani-futuri-Puglia-1434x2048.jpeg 1434w, https:\/\/www.turismoitinerante.com\/site\/wp-content\/uploads\/2025\/06\/Grani-futuri-Puglia-750x1071.jpeg 750w, https:\/\/www.turismoitinerante.com\/site\/wp-content\/uploads\/2025\/06\/Grani-futuri-Puglia-1140x1629.jpeg 1140w, https:\/\/www.turismoitinerante.com\/site\/wp-content\/uploads\/2025\/06\/Grani-futuri-Puglia-scaled.jpeg 1792w\" sizes=\"(max-width: 769px) 100vw, 769px\" \/><\/p>\n<p>Ed ecco quelli che saranno i tre i pilastri di Grani Futuri 2025:<br \/>\n\u00b7 Contesto territoriale: il Pane come nutrimento materiale e immateriale<br \/>\n\u00b7 Pancotto Contest e i Comuni identitari del Pane<br \/>\n\u00b7 Serate tra Pane, cultura e alta cucina.<br \/>\nSotto i riflettori torna il Gargano interno, quello lontano dal mare, da esplorare tutto l\u2019anno con la sua rete di conventi, la sua collezione di grani antichi da gustare, le tradizioni artigianali che mani sapienti hanno saputo tramandare. Sono alcuni degli ingredienti del Pane come nutrimento materiale e immateriale che, in tour riservati a giornalisti e blogger, verranno condivisi attraverso tre percorsi esperenziali. Il primo attraverso i conventi e i luoghi della spiritualit\u00e0, per sottolineare come il pane sia stato \u2013 e sia tuttora \u2013 un elemento centrale nei riti religiosi e nella cultura monastica. Il secondo dedicato alla mietitura e molitura nei campi locali, per riscoprire il valore del lavoro agricolo e delle filiere etiche. Il terzo alla scoperta dell\u2019arte orafa locale, altra preziosa espressione di San Marco in Lamis: il pane e l\u2019oro diventano simboli tangibili di una sapienza antica, due arti manuali, unite da gesti precisi, cura quotidiana e capacit\u00e0 di trasformare l\u2019essenza della bellezza.<br \/>\nLa full immersion di tre giorni, da sabato 21 a luned\u00ec 23 giugno 2025, a San Marco in Lamis (Foggia) in localit\u00e0 Stignano, dar\u00e0 ogni mattina l\u2019opportunit\u00e0 di conoscere il Gargano interno con escursioni ed attivit\u00e0 e assaggi dedicati ai turisti ed ai visitatori. Nella prima parte della serata si terranno salotti letterari con autori, intellettuali e giornalisti, seguiti da tavole rotonde con fornai e panificatori provenienti da tutta Italia per discutere del valore morale e sociale del \u201cPane della Speranza\u201d, condividendo esperienze e progetti tra etica del cibo, sostenibilit\u00e0, spiritualit\u00e0 e rigenerazione sociale.<\/p>\n<p><strong>Per info: <a href=\"http:\/\/www.granifuturi.com\" target=\"_blank\" rel=\"noopener\">www.granifuturi.com<\/a> &#8211;&nbsp;<a href=\"https:\/\/www.facebook.com\/granifuturi\" target=\"_blank\" rel=\"noopener\">https:\/\/www.facebook.com\/granifuturi<\/a> &#8211; <a href=\"https:\/\/www.instagram.com\/granifuturi\/\" target=\"_blank\" rel=\"noopener\">https:\/\/www.instagram.com\/granifuturi\/<\/a><\/strong><\/p>\n<p>&nbsp;<\/p>\n<div class=\"7863122cad8776726ec303240ed69aa5\" data-index=\"4\" style=\"float: none; margin:10px 0 10px 0; text-align:center;\">\n<script async src=\"\/\/pagead2.googlesyndication.com\/pagead\/js\/adsbygoogle.js\"><\/script>\r\n<!-- 728x90, creato 23\/02\/11 -->\r\n<ins class=\"adsbygoogle\"\r\n     style=\"display:inline-block;width:728px;height:90px\"\r\n     data-ad-client=\"ca-pub-5798583071070083\"\r\n     data-ad-slot=\"5935394872\"><\/ins>\r\n<script>\r\n(adsbygoogle = window.adsbygoogle || []).push({});\r\n<\/script>\n<\/div>\n\n<div style=\"font-size: 0px; height: 0px; line-height: 0px; margin: 0; padding: 0; clear: both;\"><\/div>","protected":false},"excerpt":{"rendered":"<p>Le citt\u00e0 identitarie del Pane della Puglia si incontreranno in occasione di Grani Futuri 2025 con il Pancotto Contest dove, domenica 22 giugno 2025, il pane raffermo diventer\u00e0 il principale ingrediente interpretato da vari Comuni fra i quali Altamura, Laterza, Guagnano, Monte Sant\u2019Angelo. L\u2019economia circolare di un tempo, in cui di certo il pane \u201cvecchio\u201d [&hellip;]<\/p>\n","protected":false},"author":1,"featured_media":66957,"comment_status":"closed","ping_status":"open","sticky":false,"template":"","format":"standard","meta":{"ngg_post_thumbnail":0,"jnews-multi-image_gallery":[],"jnews_single_post":{"subtitle":""},"jnews_primary_category":[],"jnews_override_counter":{"view_counter_number":"0","share_counter_number":"0","like_counter_number":"0","dislike_counter_number":"0"},"footnotes":""},"categories":[621],"tags":[2686,2261],"class_list":["post-66955","post","type-post","status-publish","format-standard","has-post-thumbnail","hentry","category-info-turismo","tag-foggia-puglia","tag-san-marco-in-lamis"],"yoast_head":"<!-- This site is optimized with the Yoast SEO plugin v27.4 - https:\/\/yoast.com\/product\/yoast-seo-wordpress\/ -->\n<title>Dal 21 al 23 giugno a San Marco in Lamis (FG) arriva Grani Futuri, il festival del pane<\/title>\n<meta name=\"description\" content=\"Le citt\u00e0 identitarie del Pane della Puglia si incontreranno in occasione di Grani Futuri 2025 con il Pancotto Contest\" \/>\n<meta name=\"robots\" content=\"index, follow, max-snippet:-1, max-image-preview:large, max-video-preview:-1\" \/>\n<link rel=\"canonical\" href=\"https:\/\/www.turismoitinerante.com\/site\/dal-21-al-23-giugno-a-san-marco-in-lamis-fg-arriva-grani-futuri-il-festival-del-pane\/\" \/>\n<meta property=\"og:locale\" content=\"it_IT\" \/>\n<meta property=\"og:type\" content=\"article\" \/>\n<meta property=\"og:title\" content=\"Dal 21 al 23 giugno a San Marco in Lamis (FG) arriva Grani Futuri, il festival del pane\" \/>\n<meta property=\"og:description\" content=\"Le citt\u00e0 identitarie del Pane della Puglia si incontreranno in occasione di Grani Futuri 2025 con il Pancotto Contest\" \/>\n<meta property=\"og:url\" content=\"https:\/\/www.turismoitinerante.com\/site\/dal-21-al-23-giugno-a-san-marco-in-lamis-fg-arriva-grani-futuri-il-festival-del-pane\/\" \/>\n<meta property=\"og:site_name\" content=\"TI - Turismo Itinerante\" \/>\n<meta property=\"article:published_time\" content=\"2025-06-11T08:38:49+00:00\" \/>\n<meta property=\"og:image\" content=\"https:\/\/www.turismoitinerante.com\/site\/wp-content\/uploads\/2025\/06\/Grani-futuri-Puglia.jpg\" \/>\n\t<meta property=\"og:image:width\" content=\"768\" \/>\n\t<meta property=\"og:image:height\" content=\"1024\" \/>\n\t<meta property=\"og:image:type\" content=\"image\/jpeg\" \/>\n<meta name=\"author\" content=\"admin\" \/>\n<meta name=\"twitter:card\" content=\"summary_large_image\" \/>\n<meta name=\"twitter:label1\" content=\"Scritto da\" \/>\n\t<meta name=\"twitter:data1\" content=\"admin\" \/>\n\t<meta name=\"twitter:label2\" content=\"Tempo di lettura stimato\" \/>\n\t<meta name=\"twitter:data2\" content=\"5 minuti\" \/>\n<script type=\"application\/ld+json\" class=\"yoast-schema-graph\">{\"@context\":\"https:\\\/\\\/schema.org\",\"@graph\":[{\"@type\":\"Article\",\"@id\":\"https:\\\/\\\/www.turismoitinerante.com\\\/site\\\/dal-21-al-23-giugno-a-san-marco-in-lamis-fg-arriva-grani-futuri-il-festival-del-pane\\\/#article\",\"isPartOf\":{\"@id\":\"https:\\\/\\\/www.turismoitinerante.com\\\/site\\\/dal-21-al-23-giugno-a-san-marco-in-lamis-fg-arriva-grani-futuri-il-festival-del-pane\\\/\"},\"author\":{\"name\":\"admin\",\"@id\":\"https:\\\/\\\/www.turismoitinerante.com\\\/site\\\/#\\\/schema\\\/person\\\/1e1238d2d1617438f3682e54bf4d6c05\"},\"headline\":\"Dal 21 al 23 giugno a San Marco in Lamis (FG) arriva Grani Futuri, il festival del pane\",\"datePublished\":\"2025-06-11T08:38:49+00:00\",\"mainEntityOfPage\":{\"@id\":\"https:\\\/\\\/www.turismoitinerante.com\\\/site\\\/dal-21-al-23-giugno-a-san-marco-in-lamis-fg-arriva-grani-futuri-il-festival-del-pane\\\/\"},\"wordCount\":864,\"image\":{\"@id\":\"https:\\\/\\\/www.turismoitinerante.com\\\/site\\\/dal-21-al-23-giugno-a-san-marco-in-lamis-fg-arriva-grani-futuri-il-festival-del-pane\\\/#primaryimage\"},\"thumbnailUrl\":\"https:\\\/\\\/www.turismoitinerante.com\\\/site\\\/wp-content\\\/uploads\\\/2025\\\/06\\\/Grani-futuri-Puglia.jpg\",\"keywords\":[\"Foggia Puglia\",\"San Marco in Lamis\"],\"articleSection\":[\"Turismo\"],\"inLanguage\":\"it-IT\"},{\"@type\":\"WebPage\",\"@id\":\"https:\\\/\\\/www.turismoitinerante.com\\\/site\\\/dal-21-al-23-giugno-a-san-marco-in-lamis-fg-arriva-grani-futuri-il-festival-del-pane\\\/\",\"url\":\"https:\\\/\\\/www.turismoitinerante.com\\\/site\\\/dal-21-al-23-giugno-a-san-marco-in-lamis-fg-arriva-grani-futuri-il-festival-del-pane\\\/\",\"name\":\"Dal 21 al 23 giugno a San Marco in Lamis (FG) arriva Grani Futuri, il festival del pane\",\"isPartOf\":{\"@id\":\"https:\\\/\\\/www.turismoitinerante.com\\\/site\\\/#website\"},\"primaryImageOfPage\":{\"@id\":\"https:\\\/\\\/www.turismoitinerante.com\\\/site\\\/dal-21-al-23-giugno-a-san-marco-in-lamis-fg-arriva-grani-futuri-il-festival-del-pane\\\/#primaryimage\"},\"image\":{\"@id\":\"https:\\\/\\\/www.turismoitinerante.com\\\/site\\\/dal-21-al-23-giugno-a-san-marco-in-lamis-fg-arriva-grani-futuri-il-festival-del-pane\\\/#primaryimage\"},\"thumbnailUrl\":\"https:\\\/\\\/www.turismoitinerante.com\\\/site\\\/wp-content\\\/uploads\\\/2025\\\/06\\\/Grani-futuri-Puglia.jpg\",\"datePublished\":\"2025-06-11T08:38:49+00:00\",\"author\":{\"@id\":\"https:\\\/\\\/www.turismoitinerante.com\\\/site\\\/#\\\/schema\\\/person\\\/1e1238d2d1617438f3682e54bf4d6c05\"},\"description\":\"Le citt\u00e0 identitarie del Pane della Puglia si incontreranno in occasione di Grani Futuri 2025 con il Pancotto Contest\",\"breadcrumb\":{\"@id\":\"https:\\\/\\\/www.turismoitinerante.com\\\/site\\\/dal-21-al-23-giugno-a-san-marco-in-lamis-fg-arriva-grani-futuri-il-festival-del-pane\\\/#breadcrumb\"},\"inLanguage\":\"it-IT\",\"potentialAction\":[{\"@type\":\"ReadAction\",\"target\":[\"https:\\\/\\\/www.turismoitinerante.com\\\/site\\\/dal-21-al-23-giugno-a-san-marco-in-lamis-fg-arriva-grani-futuri-il-festival-del-pane\\\/\"]}]},{\"@type\":\"ImageObject\",\"inLanguage\":\"it-IT\",\"@id\":\"https:\\\/\\\/www.turismoitinerante.com\\\/site\\\/dal-21-al-23-giugno-a-san-marco-in-lamis-fg-arriva-grani-futuri-il-festival-del-pane\\\/#primaryimage\",\"url\":\"https:\\\/\\\/www.turismoitinerante.com\\\/site\\\/wp-content\\\/uploads\\\/2025\\\/06\\\/Grani-futuri-Puglia.jpg\",\"contentUrl\":\"https:\\\/\\\/www.turismoitinerante.com\\\/site\\\/wp-content\\\/uploads\\\/2025\\\/06\\\/Grani-futuri-Puglia.jpg\",\"width\":768,\"height\":1024},{\"@type\":\"BreadcrumbList\",\"@id\":\"https:\\\/\\\/www.turismoitinerante.com\\\/site\\\/dal-21-al-23-giugno-a-san-marco-in-lamis-fg-arriva-grani-futuri-il-festival-del-pane\\\/#breadcrumb\",\"itemListElement\":[{\"@type\":\"ListItem\",\"position\":1,\"name\":\"Home\",\"item\":\"https:\\\/\\\/www.turismoitinerante.com\\\/site\\\/\"},{\"@type\":\"ListItem\",\"position\":2,\"name\":\"Dal 21 al 23 giugno a San Marco in Lamis (FG) arriva Grani Futuri, il festival del pane\"}]},{\"@type\":\"WebSite\",\"@id\":\"https:\\\/\\\/www.turismoitinerante.com\\\/site\\\/#website\",\"url\":\"https:\\\/\\\/www.turismoitinerante.com\\\/site\\\/\",\"name\":\"TI - Turismo Itinerante\",\"description\":\"Ritrovarsi su internet per informarsi, per informare. Il portale del turismo itinerante. Una infinit\u00e0 di notizie su camper, itinerari, aree sosta camper, concessionari, campeggi, agriturismo, raduni, sagre, fiere, mostre, associazioni, club, forum, bacheca annunci\",\"potentialAction\":[{\"@type\":\"SearchAction\",\"target\":{\"@type\":\"EntryPoint\",\"urlTemplate\":\"https:\\\/\\\/www.turismoitinerante.com\\\/site\\\/?s={search_term_string}\"},\"query-input\":{\"@type\":\"PropertyValueSpecification\",\"valueRequired\":true,\"valueName\":\"search_term_string\"}}],\"inLanguage\":\"it-IT\"},{\"@type\":\"Person\",\"@id\":\"https:\\\/\\\/www.turismoitinerante.com\\\/site\\\/#\\\/schema\\\/person\\\/1e1238d2d1617438f3682e54bf4d6c05\",\"name\":\"admin\",\"image\":{\"@type\":\"ImageObject\",\"inLanguage\":\"it-IT\",\"@id\":\"https:\\\/\\\/secure.gravatar.com\\\/avatar\\\/9102d8c23b35e2809b07ebc42ce126daa3d6a47cce9878a22d14d9852ade629e?s=96&d=mm&r=g\",\"url\":\"https:\\\/\\\/secure.gravatar.com\\\/avatar\\\/9102d8c23b35e2809b07ebc42ce126daa3d6a47cce9878a22d14d9852ade629e?s=96&d=mm&r=g\",\"contentUrl\":\"https:\\\/\\\/secure.gravatar.com\\\/avatar\\\/9102d8c23b35e2809b07ebc42ce126daa3d6a47cce9878a22d14d9852ade629e?s=96&d=mm&r=g\",\"caption\":\"admin\"},\"url\":\"https:\\\/\\\/www.turismoitinerante.com\\\/site\\\/author\\\/admin\\\/\"}]}<\/script>\n<!-- \/ Yoast SEO plugin. -->","yoast_head_json":{"title":"Dal 21 al 23 giugno a San Marco in Lamis (FG) arriva Grani Futuri, il festival del pane","description":"Le citt\u00e0 identitarie del Pane della Puglia si incontreranno in occasione di Grani Futuri 2025 con il Pancotto Contest","robots":{"index":"index","follow":"follow","max-snippet":"max-snippet:-1","max-image-preview":"max-image-preview:large","max-video-preview":"max-video-preview:-1"},"canonical":"https:\/\/www.turismoitinerante.com\/site\/dal-21-al-23-giugno-a-san-marco-in-lamis-fg-arriva-grani-futuri-il-festival-del-pane\/","og_locale":"it_IT","og_type":"article","og_title":"Dal 21 al 23 giugno a San Marco in Lamis (FG) arriva Grani Futuri, il festival del pane","og_description":"Le citt\u00e0 identitarie del Pane della Puglia si incontreranno in occasione di Grani Futuri 2025 con il Pancotto Contest","og_url":"https:\/\/www.turismoitinerante.com\/site\/dal-21-al-23-giugno-a-san-marco-in-lamis-fg-arriva-grani-futuri-il-festival-del-pane\/","og_site_name":"TI - Turismo Itinerante","article_published_time":"2025-06-11T08:38:49+00:00","og_image":[{"width":768,"height":1024,"url":"https:\/\/www.turismoitinerante.com\/site\/wp-content\/uploads\/2025\/06\/Grani-futuri-Puglia.jpg","type":"image\/jpeg"}],"author":"admin","twitter_card":"summary_large_image","twitter_misc":{"Scritto da":"admin","Tempo di lettura stimato":"5 minuti"},"schema":{"@context":"https:\/\/schema.org","@graph":[{"@type":"Article","@id":"https:\/\/www.turismoitinerante.com\/site\/dal-21-al-23-giugno-a-san-marco-in-lamis-fg-arriva-grani-futuri-il-festival-del-pane\/#article","isPartOf":{"@id":"https:\/\/www.turismoitinerante.com\/site\/dal-21-al-23-giugno-a-san-marco-in-lamis-fg-arriva-grani-futuri-il-festival-del-pane\/"},"author":{"name":"admin","@id":"https:\/\/www.turismoitinerante.com\/site\/#\/schema\/person\/1e1238d2d1617438f3682e54bf4d6c05"},"headline":"Dal 21 al 23 giugno a San Marco in Lamis (FG) arriva Grani Futuri, il festival del pane","datePublished":"2025-06-11T08:38:49+00:00","mainEntityOfPage":{"@id":"https:\/\/www.turismoitinerante.com\/site\/dal-21-al-23-giugno-a-san-marco-in-lamis-fg-arriva-grani-futuri-il-festival-del-pane\/"},"wordCount":864,"image":{"@id":"https:\/\/www.turismoitinerante.com\/site\/dal-21-al-23-giugno-a-san-marco-in-lamis-fg-arriva-grani-futuri-il-festival-del-pane\/#primaryimage"},"thumbnailUrl":"https:\/\/www.turismoitinerante.com\/site\/wp-content\/uploads\/2025\/06\/Grani-futuri-Puglia.jpg","keywords":["Foggia Puglia","San Marco in Lamis"],"articleSection":["Turismo"],"inLanguage":"it-IT"},{"@type":"WebPage","@id":"https:\/\/www.turismoitinerante.com\/site\/dal-21-al-23-giugno-a-san-marco-in-lamis-fg-arriva-grani-futuri-il-festival-del-pane\/","url":"https:\/\/www.turismoitinerante.com\/site\/dal-21-al-23-giugno-a-san-marco-in-lamis-fg-arriva-grani-futuri-il-festival-del-pane\/","name":"Dal 21 al 23 giugno a San Marco in Lamis (FG) arriva Grani Futuri, il festival del pane","isPartOf":{"@id":"https:\/\/www.turismoitinerante.com\/site\/#website"},"primaryImageOfPage":{"@id":"https:\/\/www.turismoitinerante.com\/site\/dal-21-al-23-giugno-a-san-marco-in-lamis-fg-arriva-grani-futuri-il-festival-del-pane\/#primaryimage"},"image":{"@id":"https:\/\/www.turismoitinerante.com\/site\/dal-21-al-23-giugno-a-san-marco-in-lamis-fg-arriva-grani-futuri-il-festival-del-pane\/#primaryimage"},"thumbnailUrl":"https:\/\/www.turismoitinerante.com\/site\/wp-content\/uploads\/2025\/06\/Grani-futuri-Puglia.jpg","datePublished":"2025-06-11T08:38:49+00:00","author":{"@id":"https:\/\/www.turismoitinerante.com\/site\/#\/schema\/person\/1e1238d2d1617438f3682e54bf4d6c05"},"description":"Le citt\u00e0 identitarie del Pane della Puglia si incontreranno in occasione di Grani Futuri 2025 con il Pancotto Contest","breadcrumb":{"@id":"https:\/\/www.turismoitinerante.com\/site\/dal-21-al-23-giugno-a-san-marco-in-lamis-fg-arriva-grani-futuri-il-festival-del-pane\/#breadcrumb"},"inLanguage":"it-IT","potentialAction":[{"@type":"ReadAction","target":["https:\/\/www.turismoitinerante.com\/site\/dal-21-al-23-giugno-a-san-marco-in-lamis-fg-arriva-grani-futuri-il-festival-del-pane\/"]}]},{"@type":"ImageObject","inLanguage":"it-IT","@id":"https:\/\/www.turismoitinerante.com\/site\/dal-21-al-23-giugno-a-san-marco-in-lamis-fg-arriva-grani-futuri-il-festival-del-pane\/#primaryimage","url":"https:\/\/www.turismoitinerante.com\/site\/wp-content\/uploads\/2025\/06\/Grani-futuri-Puglia.jpg","contentUrl":"https:\/\/www.turismoitinerante.com\/site\/wp-content\/uploads\/2025\/06\/Grani-futuri-Puglia.jpg","width":768,"height":1024},{"@type":"BreadcrumbList","@id":"https:\/\/www.turismoitinerante.com\/site\/dal-21-al-23-giugno-a-san-marco-in-lamis-fg-arriva-grani-futuri-il-festival-del-pane\/#breadcrumb","itemListElement":[{"@type":"ListItem","position":1,"name":"Home","item":"https:\/\/www.turismoitinerante.com\/site\/"},{"@type":"ListItem","position":2,"name":"Dal 21 al 23 giugno a San Marco in Lamis (FG) arriva Grani Futuri, il festival del pane"}]},{"@type":"WebSite","@id":"https:\/\/www.turismoitinerante.com\/site\/#website","url":"https:\/\/www.turismoitinerante.com\/site\/","name":"TI - Turismo Itinerante","description":"Ritrovarsi su internet per informarsi, per informare. Il portale del turismo itinerante. Una infinit\u00e0 di notizie su camper, itinerari, aree sosta camper, concessionari, campeggi, agriturismo, raduni, sagre, fiere, mostre, associazioni, club, forum, bacheca annunci","potentialAction":[{"@type":"SearchAction","target":{"@type":"EntryPoint","urlTemplate":"https:\/\/www.turismoitinerante.com\/site\/?s={search_term_string}"},"query-input":{"@type":"PropertyValueSpecification","valueRequired":true,"valueName":"search_term_string"}}],"inLanguage":"it-IT"},{"@type":"Person","@id":"https:\/\/www.turismoitinerante.com\/site\/#\/schema\/person\/1e1238d2d1617438f3682e54bf4d6c05","name":"admin","image":{"@type":"ImageObject","inLanguage":"it-IT","@id":"https:\/\/secure.gravatar.com\/avatar\/9102d8c23b35e2809b07ebc42ce126daa3d6a47cce9878a22d14d9852ade629e?s=96&d=mm&r=g","url":"https:\/\/secure.gravatar.com\/avatar\/9102d8c23b35e2809b07ebc42ce126daa3d6a47cce9878a22d14d9852ade629e?s=96&d=mm&r=g","contentUrl":"https:\/\/secure.gravatar.com\/avatar\/9102d8c23b35e2809b07ebc42ce126daa3d6a47cce9878a22d14d9852ade629e?s=96&d=mm&r=g","caption":"admin"},"url":"https:\/\/www.turismoitinerante.com\/site\/author\/admin\/"}]}},"_links":{"self":[{"href":"https:\/\/www.turismoitinerante.com\/site\/wp-json\/wp\/v2\/posts\/66955","targetHints":{"allow":["GET"]}}],"collection":[{"href":"https:\/\/www.turismoitinerante.com\/site\/wp-json\/wp\/v2\/posts"}],"about":[{"href":"https:\/\/www.turismoitinerante.com\/site\/wp-json\/wp\/v2\/types\/post"}],"author":[{"embeddable":true,"href":"https:\/\/www.turismoitinerante.com\/site\/wp-json\/wp\/v2\/users\/1"}],"replies":[{"embeddable":true,"href":"https:\/\/www.turismoitinerante.com\/site\/wp-json\/wp\/v2\/comments?post=66955"}],"version-history":[{"count":2,"href":"https:\/\/www.turismoitinerante.com\/site\/wp-json\/wp\/v2\/posts\/66955\/revisions"}],"predecessor-version":[{"id":66959,"href":"https:\/\/www.turismoitinerante.com\/site\/wp-json\/wp\/v2\/posts\/66955\/revisions\/66959"}],"wp:featuredmedia":[{"embeddable":true,"href":"https:\/\/www.turismoitinerante.com\/site\/wp-json\/wp\/v2\/media\/66957"}],"wp:attachment":[{"href":"https:\/\/www.turismoitinerante.com\/site\/wp-json\/wp\/v2\/media?parent=66955"}],"wp:term":[{"taxonomy":"category","embeddable":true,"href":"https:\/\/www.turismoitinerante.com\/site\/wp-json\/wp\/v2\/categories?post=66955"},{"taxonomy":"post_tag","embeddable":true,"href":"https:\/\/www.turismoitinerante.com\/site\/wp-json\/wp\/v2\/tags?post=66955"}],"curies":[{"name":"wp","href":"https:\/\/api.w.org\/{rel}","templated":true}]}}