{"id":61692,"date":"2024-06-19T11:19:46","date_gmt":"2024-06-19T10:19:46","guid":{"rendered":"https:\/\/www.turismoitinerante.com\/site\/?p=61692"},"modified":"2024-06-19T11:21:59","modified_gmt":"2024-06-19T10:21:59","slug":"estate-al-parco-al-castello-di-miradolo-to-tanti-appuntamenti-nella-natura-da-giugno-a-settembre","status":"publish","type":"post","link":"https:\/\/www.turismoitinerante.com\/site\/estate-al-parco-al-castello-di-miradolo-to-tanti-appuntamenti-nella-natura-da-giugno-a-settembre\/","title":{"rendered":"Estate al Parco al Castello di Miradolo (TO): tanti appuntamenti nella natura da giugno a settembre"},"content":{"rendered":"<p>Dopo le prime fioriture primaverili e la copiosa pioggia, la natura nel parco del Castello di Miradolo \u00e8 esplosa in un tripudio di colori. Con questa scenografia,&nbsp;<strong>la Fondazione Cosso organizza nel Parco del Castello di Miradolo 40 appuntamenti, dal 27 giugno al 22 settembre, per adulti e famiglie alla scoperta del parco e dell\u2019orto disegnato da Paolo Pejrone<\/strong>, con le proiezioni di \u201cCinema nel Parco\u201d, i gioved\u00ec alle 21.30, tra film d\u2019animazione per famiglie, film drammatici e documentari; visite in notturna al Parco e alla mostra \u201cGiorgio Griffa. Una linea, Montale e qualcos\u2019altro\u201d; sedute di yoga, balance e forest bathing; incontri con gli autori Claudio Marinaccio e Francesca Diotallevi per \u201cBellezza tra le Righe\u201d e con Silvia Einaudi per \u201cMezz\u2019ora con\u201d intorno alla mostra di Giorgio Griffa; lezioni sulla cura dell\u2019orto estivo; letture sotto il ginkgo; laboratori per famiglie.<\/p>\n<p>&nbsp;<\/p>\n<p><span style=\"color: #ff0000;\"><strong>IL PROGRAMMA<\/strong><\/span><\/p>\n<p>Gioved\u00ec 27 giugno, ore 21.30<\/p>\n<p><strong>Cinema nel parco<\/strong><\/p>\n<p><strong><em>Ruby Gillman, la ragazza con i tentacoli&nbsp;<\/em><\/strong><em>(2023)<\/em><\/p>\n<p>Un\u2019avventura di animazione con protagonista Ruby Gillman, una sedicenne dolce e un po\u2019 goffa. Studentessa alla Oceanside High, si sente invisibile tra i suoi coetanei. La sua mamma iperprotettiva le ha proibito di avvicinarsi all\u2019acqua, ma infrangere le regole porter\u00e0 Ruby a una grande scoperta. Ruby \u00e8 infatti una discendente delle regine guerriere Kraken destinata a diventare la Regina Guerriera dei Sette Mari. Le nemiche di sempre sono le sirene, vanitose e ambiziose. C\u2019\u00e8 per\u00f2 un problema: la ragazza pi\u00f9 popolare della scuola, Chelsea, \u00e8 proprio una sirena. Ruby dovr\u00e0 accettare la sua natura e combattere per proteggere chi ama di pi\u00f9.<\/p>\n<p>Biglietti: 8,50 euro a persona; ridotto 0-5 anni 3 euro; gratuito per i bambini che non vogliono la cuffia.<\/p>\n<p>&nbsp;<\/p>\n<p>Venerd\u00ec 28 giugno, ore 18.30<\/p>\n<p><strong>Yoga nel parco<\/strong><\/p>\n<p>Una pratica di yoga adatta a tutti nel parco del Castello di Miradolo. Un appuntamento per prendersi del tempo per rallentare, per stare a contatto con i suoni della natura e respirare. Un momento per&nbsp;s\u00e9 stessi.<\/p>\n<p>Costo: 15 euro (prezzo scontato per chi acquista pi\u00f9 incontri).<\/p>\n<p>&nbsp;<\/p>\n<p>Venerd\u00ec 28 giugno, ore 21<\/p>\n<p><strong>Visita al parco in notturna<\/strong><\/p>\n<p><strong>Speciale lucciole<\/strong><\/p>\n<p>Tante piccole luci danzanti si muovono magiche nelle notti estive rendendo scintillante il Parco del Castello di Miradolo. Le lucciole accompagnano i partecipanti in questa passeggiata notturna: il loro bagliore, affascinante ed emozionante, aiuta a comprendere il delicato equilibrio e l\u2019importanza all\u2019interno dell\u2019ecosistema. L\u2019attivit\u00e0 \u00e8 indicata per bambini dai 6 agli 11 anni, in collaborazione con Cooperativa Arnica.<\/p>\n<p>Costo: 6 euro + biglietto di ingresso al parco.<\/p>\n<p>&nbsp;<\/p>\n<p>Domenica 30 giugno, ore 15<\/p>\n<p><strong>Bellezza tra le righe<\/strong><\/p>\n<p><strong>Incontro con Claudio Marinaccio<\/strong><\/p>\n<p><em>Trentatr\u00e9 raggi ionizzanti<\/em>&nbsp;(Feltrinelli comics 2021)<\/p>\n<p>Claudio ha trentasei anni, \u00e8 sposato e ha un figlio. Una vita come tante altre. Fino al giorno in cui, a seguito di un infortunio durante una partita di calcetto, scopre di avere un tumore maligno rarissimo: da quel momento tutto cambier\u00e0 per sempre. Un nuovo lessico entrer\u00e0 a far parte della sua quotidianit\u00e0: operazioni, chemioterapia, controlli. Un percorso fisico ed emotivo impervio, doloroso e a tratti perfino surreale, fatto di tante storie assurde e straordinarie affrontate ogni volta con una dose di pungente ironia. Nessuna lotta, nessuna battaglia, solo la speranza di poter guarire e tornare a qualcosa che si possa avvicinare alla normalit\u00e0. La vera storia di come l\u2019autore ha affrontato e superato la malattia. Il diario di bordo di un viaggio pieno di ottimismo, spontaneit\u00e0 e pura gioia di vivere.<\/p>\n<p>Claudio Marinaccio&nbsp;<em>(Torino, 1982)<\/em>&nbsp;\u00e8 un autore di fumetti, strisce e articoli di graphic journalism per diverse riviste e quotidiani tra cui Internazionale, La Stampa e Skytg24. Ha pubblicato la graphic novel&nbsp;<em>Trentatr\u00e9 raggi ionizzanti<\/em>&nbsp;(Feltrinelli Comics, 2021) e l&#8217;inchiesta a fumetti sulla salute mentale dei giovani dal titolo&nbsp;<em>Non pu\u00f2 piovere per sempre<\/em>&nbsp;(Skytg24, 2023). Il suo ultimo libro \u00e8&nbsp;<em>Aimone l&#8217;airone<\/em>&nbsp;(D Editore, 2024).<\/p>\n<p>Incontro compreso nel biglietto di ingresso al parco.<\/p>\n<p><strong>&nbsp;<\/strong><\/p>\n<p>Gioved\u00ec 4 luglio, ore 21.30<\/p>\n<p><strong>Cinema nel parco<\/strong><\/p>\n<p><strong><em>Titina&nbsp;<\/em><\/strong><em>(2022)<\/em><\/p>\n<p>L\u2019ingegnere aeronautico italiano Umberto Nobile vive con la famiglia e l\u2019amata cagnolina Titina. Un giorno, riceve una telefonata dal famoso esploratore norvegese Roald Amundsen, che gli propone di progettare il dirigibile che li condurr\u00e0 nella prima spedizione dell\u2019uomo al Polo Nord. Ultimata la progettazione e l\u2019imponente costruzione del velivolo, Nobile parte con Amundsen e Titina alla scoperta di uno dei luoghi pi\u00f9 remoti del pianeta. Ad attenderli, un viaggio ai confini del mondo e dell\u2019immaginazione, tra momenti di gloria e complicati imprevisti.<\/p>\n<p>Biglietti: 8,50 euro a persona; ridotto 0-5 anni 3 euro; gratuito per i bambini che non vogliono la cuffia.<\/p>\n<p>&nbsp;<\/p>\n<p>Venerd\u00ec 5 luglio, ore 18.30<\/p>\n<p><strong>Yoga nel parco<\/strong><\/p>\n<p>Una pratica di yoga adatta a tutti nel parco del Castello di Miradolo. Un appuntamento per prendersi del tempo per rallentare, per stare a contatto con i suoni della natura e respirare. Un momento per&nbsp;s\u00e9 stessi.<\/p>\n<p>Costo: 15 euro (prezzo scontato per chi acquista pi\u00f9 incontri).<\/p>\n<p>&nbsp;<\/p>\n<p>Venerd\u00ec 5 luglio, ore 20<\/p>\n<p><strong>La cura dell\u2019orto estivo<\/strong><\/p>\n<p>L\u2019Orto in estate \u00e8 all\u2019apice del suo sviluppo e d\u00e0 anche il massimo del raccolto. I piselli e gli spinaci lasciano spazio a coltivazioni pi\u00f9 mediterranee con ortaggi e frutti che amano il caldo. Nell\u2019Orto del Castello di Miradolo, disegnato da Paolo Pejrone, si parler\u00e0 di come affrontare i piccoli problemi che le specie a produzione estiva possono avere in questo periodo. Ad esempio, come effettuare correttamente la cimatura dei pomodori o delle dalie per avere raccolti e fiori pi\u00f9 abbondanti. Spazio alle consociazioni per limitare i parassiti con utilizzo di piante fiorite come lavande e tageti. E dove questi non bastassero si offrono alcune indicazioni sui rimedi da applicare in caso di presenza di parassiti che possono infestare e danneggiare le produzioni a chilometri zero. L\u2019attivit\u00e0 \u00e8 realizzata in collaborazione con Cooperativa Arnica.<\/p>\n<p>Costo: 6 euro + biglietto di ingresso al parco.<\/p>\n<p>&nbsp;<\/p>\n<p>Sabato 6 luglio, ore 16.30<\/p>\n<p><strong>Mezz\u2019ora con Silvia Einaudi<\/strong><\/p>\n<p><strong>Passione Egitto. Il fascino della terra dei faraoni in Occidente<\/strong><\/p>\n<p>Dopo la spedizione napoleonica in Egitto, la civilt\u00e0 faraonica inizi\u00f2 ad aprirsi alla curiosit\u00e0 del mondo occidentale, che rimase immediatamente affascinato dalla sua storia e dai suoi monumenti. Fu tuttavia solo a seguito della formazione delle prime collezioni di antichit\u00e0 egizie in Europa e, soprattutto, del deciframento dei geroglifici ad opera di Champollion (1822) che ebbe inizio lo studio scientifico di quel mondo lontano e in gran parte sconosciuto. Da allora, l\u2019Egitto non ha smesso di essere fonte di ispirazione, influendo sulla produzione artistica, letteraria e musicale dell\u2019epoca moderna e contemporanea.<\/p>\n<p>A subirne il fascino anche Giorgio Griffa che cos\u00ec descrive il Museo Egizio di Torino (in \u201cUna carriera dietro la tela\u201d, Il Sole 24 Ore, 2022):&nbsp;<em>\u201cIl Museo Egizio \u00e8 un museo d\u2019arte di una grandezza straordinaria. Mi ha aiutato ad aprire gli occhi. Lavorare con l\u2019intelligenza della pittura \u00e8 un\u2019operazione complicata perch\u00e9, essendo un prodotto dell\u2019uomo, significa non solo lavorare con l\u2019intelligenza dei colori e dei materiali che si fondono fra di loro, ma anche con tutta la memoria che l&#8217;uomo ci ha messo\u201d.<\/em><\/p>\n<p>A parlare del tema, sabato 6 luglio al Castello di Miradolo, Silvia Einaudi, docente di Egittologia all\u2019Universit\u00e0 di Cagliari e codirettrice di due missioni archeologiche internazionali nella necropoli di Luxor. \u00c8 autrice di numerose pubblicazioni scientifiche sull\u2019Egitto antico, incentrate sulle credenze, i rituali e i testi funerari. Da anni si interessa alla storia dell\u2019egittologia, argomento su cui ha pubblicato&nbsp;<em>Il Decifratore e l\u2019Abate. Il carteggio tra gli Champollion e Costanzo Gazzera<\/em>&nbsp;(2019). L\u2019incontro fa parte del programma di \u201cMezz\u2019ora con\u201d, gli appuntamenti di approfondimento sulle tematiche e sulle opere esposte nella mostra \u201cGiorgio Griffa. Una linea, Montale e qualcos\u2019altro\u201d al Castello di Miradolo (TO), in programma fino al 25 dicembre 2024.<\/p>\n<p>Incontro compreso nel biglietto di ingresso alla mostra.<\/p>\n<p>&nbsp;<\/p>\n<p>Domenica 7 luglio, ore 10.30<\/p>\n<p><strong>Letture sotto il Ginkgo<\/strong><\/p>\n<p>Letture animate per i pi\u00f9 piccoli circondati dalla natura del parco del Castello di Miradolo, tra fioriture inaspettate e piccoli animali che si nascondono tra le folte chiome degli alberi e i cespugli: sotto il ginkgo le storie prendono vita. Et\u00e0: 2-5 anni.<\/p>\n<p>Costo: 6 euro a partecipante (per gli accompagnatori l\u2019attivit\u00e0 \u00e8 compresa nel biglietto di ingresso).<\/p>\n<p>&nbsp;<\/p>\n<p>&nbsp;<\/p>\n<p>Gioved\u00ec 11 luglio, ore 21.30<\/p>\n<p><strong>Cinema nel parco<\/strong><\/p>\n<p><strong><em>Strange World &#8211; Un mondo misterioso&nbsp;<\/em><\/strong><em>(2022)<\/em><\/p>\n<p>Movimentata commedia targata Walt Disney Animation Studios, narra le avventure di tre generazioni dei leggendari Clade, che dovranno unire gli sforzi per andare alla scoperta di un territorio inesplorato e pericoloso, nel sottosuolo del mondo. Nel cast vocale originale, Jake Gyllenhaal nel ruolo di Searcher Clade, padre di famiglia catapultato fuori dal suo elemento, di fronte a una missione imprevista e imprevedibile; Dennis Quaid nella parte dell\u2019esploratore Jaeger, ingombrante padre di Searcher; Jaboukie Young-White in quella di Ethan, sedicenne figlio di Searcher, che si nasconde a bordo all\u2019insaputa di tutti per vivere l\u2019avventura che ha sempre sognato; Gabrielle Union interpreta Meridian Clade, pilota esperta e partner simbiotica di Searcher, mentre Lucy Liu interpreta Callisto Mal, indomita leader di Avalonia, a capo della spedizione nel misterioso mondo.<\/p>\n<p>Biglietti: 8,50 euro a persona; ridotto 0-5 anni 3 euro; gratuito per i bambini che non vogliono la cuffia.<\/p>\n<p>&nbsp;<\/p>\n<p>Venerd\u00ec 12 luglio, ore 18<\/p>\n<p><strong>Ortensieto<\/strong><\/p>\n<p><strong>Visita guidata alla collezione di ortensie del Parco<\/strong><\/p>\n<p>Un viaggio tra ortensie e idrangee di colori e forme diverse, dalle pi\u00f9 note ad altre insolite e curiose: dal bianco puro al rosso cremisi, passando per le diverse tonalit\u00e0 dell\u2019azzurro, fino al viola, le ortensie e le idrangee colorano il parco e raccontano storie. Incontro a cura di Eva Boasso Ormezzano.<\/p>\n<p>Biglietti: 6 euro + biglietto di ingresso al parco.<\/p>\n<p>&nbsp;<\/p>\n<p>Venerd\u00ec 12 luglio, ore 18.30<\/p>\n<p><strong>Yoga nel parco<\/strong><\/p>\n<p>Una pratica di yoga adatta a tutti nel parco del Castello di Miradolo. Un appuntamento per prendersi del tempo per rallentare, per stare a contatto con i suoni della natura e respirare. Un momento per&nbsp;s\u00e9 stessi.<\/p>\n<p>Costo: 15 euro (prezzo scontato per chi acquista pi\u00f9 incontri).<\/p>\n<p><img decoding=\"async\" class=\"alignnone size-large wp-image-61694\" src=\"https:\/\/www.turismoitinerante.com\/site\/wp-content\/uploads\/2024\/06\/Bellezza-tra-le-righe-2021-1024x681.jpg\" alt=\"\" width=\"1024\" height=\"681\" srcset=\"https:\/\/www.turismoitinerante.com\/site\/wp-content\/uploads\/2024\/06\/Bellezza-tra-le-righe-2021-1024x681.jpg 1024w, https:\/\/www.turismoitinerante.com\/site\/wp-content\/uploads\/2024\/06\/Bellezza-tra-le-righe-2021-300x200.jpg 300w, https:\/\/www.turismoitinerante.com\/site\/wp-content\/uploads\/2024\/06\/Bellezza-tra-le-righe-2021-768x511.jpg 768w, https:\/\/www.turismoitinerante.com\/site\/wp-content\/uploads\/2024\/06\/Bellezza-tra-le-righe-2021-1536x1022.jpg 1536w, https:\/\/www.turismoitinerante.com\/site\/wp-content\/uploads\/2024\/06\/Bellezza-tra-le-righe-2021-2048x1363.jpg 2048w, https:\/\/www.turismoitinerante.com\/site\/wp-content\/uploads\/2024\/06\/Bellezza-tra-le-righe-2021-750x499.jpg 750w, https:\/\/www.turismoitinerante.com\/site\/wp-content\/uploads\/2024\/06\/Bellezza-tra-le-righe-2021-1140x758.jpg 1140w\" sizes=\"(max-width: 1024px) 100vw, 1024px\" \/><\/p>\n<p>Venerd\u00ec 12 luglio, ore 20<\/p>\n<p><strong>Venerd\u00ec nell\u2019orto<\/strong><\/p>\n<p>Erbe e fiori per i piatti (e non solo): visita speciale all\u2019orto del Castello con approfondimenti dedicati alle erbe aromatiche pi\u00f9 tradizionali e pi\u00f9 esotiche, come mantenerle sempre belle e utilizzarle tutti i giorni in cucina.<\/p>\n<p>Costo: 6 euro + biglietto di ingresso al parco.<\/p>\n<p>&nbsp;<\/p>\n<p>Sabato 13 luglio, ore 21<\/p>\n<p><strong>Visita serale alla mostra<\/strong><\/p>\n<p>Un\u2019occasione per scoprire la mostra \u201cGiorgio Griffa. Una linea, Montale e qualcos\u2019altro\u201d in compagnia del curatore Roberto Galimberti, quando al calare del sole mutano luci e prospettive sulle opere nel parco.<\/p>\n<p>Costo: 8 euro + biglietto di ingresso alla mostra.<\/p>\n<p>&nbsp;<\/p>\n<p>Domenica 14 luglio, ore 10.30<\/p>\n<p><strong>Nature scomposte<\/strong><\/p>\n<p><strong>Attivit\u00e0 per famiglie intorno alla mostra<\/strong><\/p>\n<p>Per entrare in un mondo nuovo, \u00e8 inevitabile tornare al canone aureo, rapporto matematico, misura di tutte le cose. \u00abPer entrare in un mondo che non si conosce, che non ha identit\u00e0, bisogna usare parole che non hanno identit\u00e0\u00bb. Ogni bambino osservando e toccando diverse superfici naturali potr\u00e0 realizzare la sua spirale aurea. Et\u00e0: 6-9 anni.<\/p>\n<p>Costo: 6 euro a partecipante (per gli accompagnatori l\u2019attivit\u00e0 \u00e8 compresa nel biglietto di ingresso).<\/p>\n<p>&nbsp;<\/p>\n<p>Gioved\u00ec 18 luglio, ore 21.30<\/p>\n<p><strong>Cinema nel parco<\/strong><\/p>\n<p><strong><em>La zona d\u2019interesse&nbsp;<\/em><\/strong><em>(2023)<strong>&nbsp;&nbsp;<\/strong><\/em><\/p>\n<p>Liberamente ispirato all\u2019omonimo romanzo di Martin Amis, \u201cLa zona d\u2019interesse\u201d \u00e8 la storia di una famiglia tedesca apparentemente normale che vive \u2013 in una bucolica casetta con piscina \u2013 una quotidianit\u00e0 fatta di gite in barca, il lavoro d\u2019ufficio del padre, i t\u00e8 della moglie con le amiche, le domeniche passate a pescare al fiume. Peccato che l\u2019uomo in questione sia Rudolf H\u00f6ss, comandante di Auschwitz, e la deliziosa villetta con giardino in cui vive con la sua famiglia in una surreale serenit\u00e0 \u00e8 situata proprio al confine con il campo di concentramento, a due passi dall\u2019orrore, cos\u00ec vicino e cos\u00ec lontano. Il film, scritto e diretto da Jonathan Glazer, ha vinto due premi Oscar: miglior film internazionale e miglior sonoro.<\/p>\n<p>Biglietti: 8,50 euro a persona; ridotto 0-5 anni 3 euro; gratuito per i bambini che non vogliono la cuffia.<\/p>\n<p>&nbsp;<\/p>\n<p>Venerd\u00ec 19 luglio, ore 18.30<\/p>\n<p><strong>Yoga nel parco<\/strong><\/p>\n<p>Una pratica di yoga adatta a tutti nel parco del Castello di Miradolo. Un appuntamento per prendersi del tempo per rallentare, per stare a contatto con i suoni della natura e respirare. Un momento per&nbsp;s\u00e9 stessi.<\/p>\n<p>Costo: 15 euro (prezzo scontato per chi acquista pi\u00f9 incontri).<\/p>\n<p>&nbsp;<\/p>\n<p>Venerd\u00ec 19 luglio, ore 20<\/p>\n<p><strong>Venerd\u00ec nell\u2019orto<\/strong><\/p>\n<p>Attivit\u00e0, al calare del sole, per scoprire aneddoti e segreti dell\u2019orto, in estate. In collaborazione con Cooperativa Arnica.<\/p>\n<p>Costo: 6 euro + biglietto di ingresso al parco. &nbsp;<\/p>\n<p>&nbsp;<\/p>\n<p>Sabato 20 luglio ore 10-16<\/p>\n<p><strong><em>Forest Bathing<\/em><\/strong><strong>&nbsp;nel parco<\/strong><\/p>\n<p>In estate, quando la natura esplode in tutta la sua vitalit\u00e0, si sperimentano i benefici di un\u2019immersione in natura per scoprire gli effetti della vicinanza degli alberi sulla propria salute attraverso pratiche esperienziali come la camminata consapevole, l\u2019abbraccio agli alberi, la respirazione con il bosco, l\u2019ascolto. Un \u201cbagno nella foresta\u201d per entrare dolcemente in natura ed aprirsi ai suoi suoni, profumi, colori, ed alle sensazioni piacevoli che questi creano dentro di noi. Con Fabio Castello.<\/p>\n<p>Costo: 50 euro, comprensivo di light lunch.<\/p>\n<p>&nbsp;<\/p>\n<p>Domenica 21 luglio, ore 10.30<\/p>\n<p><strong>Il parco in famiglia<\/strong><\/p>\n<p><strong>Speciale tatto<\/strong><\/p>\n<p>Una mattinata insieme tra i secolari alberi del Parco per vivere e giocare con la natura. La costruzione di un piccolo libro tattile accompagner\u00e0 per mano grandi e piccini in questa scoperta. Et\u00e0: 2-5 anni. &nbsp;<\/p>\n<p>Costo: 6 euro a partecipante (per gli accompagnatori l\u2019attivit\u00e0 \u00e8 compresa nel biglietto di ingresso).<\/p>\n<p>&nbsp;<\/p>\n<p><strong>&nbsp;<\/strong><\/p>\n<p>Gioved\u00ec 25 luglio, ore 21,30<\/p>\n<p><strong>Cinema nel parco<\/strong><\/p>\n<p><strong><em>La quercia e i suoi abitanti&nbsp;<\/em><\/strong><em>(2022)<\/em><\/p>\n<p>Considerata il re degli alberi, la quercia \u00e8 un albero alto e maestoso. Lungo i suoi 210 anni di vita \u00e8 diventata la casa e il punto di riferimento di un intero universo di creature. Scoiattoli, balanini, ghiandaie, formiche e topi di campagna. Ognuno dimora tra i rami, affrontando i tipici problemi di vicinato, cercando di sopravvivere e coesistere in modo educato e solidale. Nonostante le differenze di specie le loro vite sono accomunate dalla presenza della quercia, rifugio e protezione comune dalle radici alla cima. &nbsp;<\/p>\n<p>Biglietti: 8,50 euro a persona; ridotto 0-5 anni 3 euro; gratuito per i bambini che non vogliono la cuffia.<\/p>\n<p>&nbsp;<\/p>\n<p>Venerd\u00ec 26 luglio, ore 18.30<\/p>\n<p><strong>Yoga nel parco<\/strong><\/p>\n<p>Una pratica di yoga adatta a tutti nel parco del Castello di Miradolo. Un appuntamento per prendersi del tempo per rallentare, per stare a contatto con i suoni della natura e respirare. Un momento per&nbsp;s\u00e9 stessi.<\/p>\n<p>Costo: 15 euro (prezzo scontato per chi acquista pi\u00f9 incontri).<\/p>\n<p>&nbsp;<\/p>\n<p>Venerd\u00ec 26 luglio, ore 20<\/p>\n<p><strong>Venerd\u00ec nell\u2019orto<\/strong><\/p>\n<p>Buonanotte ravanello: letture a tema \u201corto\u201d per bambini 0-6 anni accompagnati dalle famiglie.<\/p>\n<p>Costo: 6 euro a partecipante (per gli accompagnatori l\u2019attivit\u00e0 \u00e8 compresa nel biglietto di ingresso).<\/p>\n<p>&nbsp;<\/p>\n<p>Domenica 28 luglio, ore 10.30<\/p>\n<p><strong>Visita ornitologica al parco<\/strong><\/p>\n<p>Ma quanto \u201cchiacchericcio\u201d tra i rami degli alberi in estate? Non c\u2019\u00e8 periodo migliore per imparare a riconoscere qualche canto e provare a scovare i loro preziosi nidi, veri capolavori di architettura. Si prover\u00e0 a scoprire insieme questi segreti&#8230;..con il naso all&#8217;ins\u00f9! L\u2019attivit\u00e0 \u00e8 realizzata in collaborazione con Cooperativa Arnica.<\/p>\n<p>Costo: 6 euro + biglietto di ingresso al parco.<\/p>\n<p>&nbsp;<\/p>\n<p>Gioved\u00ec 1 agosto ore 21:30<\/p>\n<p><strong>Cinema nel parco<\/strong><\/p>\n<p><strong><em>Anselm&nbsp;<\/em><\/strong><em>(2023)<\/em><\/p>\n<p>Dopo il grande successo di&nbsp;<em>Perfect Days<\/em>, Wim Wenders torna al cinema con l\u2019omaggio ad Anselm Kiefer, uno dei pi\u00f9 innovativi e importanti artisti del nostro tempo. Girato in 3D e risoluzione 6K, il film racconta il percorso di vita del pittore e scultore tedesco, la sua visione, il suo stile rivoluzionario e il suo immenso lavoro di esplorazione dell\u2019esistenza umana e della natura ciclica della storia. Wenders realizza un\u2019esperienza cinematografica unica, che mette in luce il linguaggio di Kiefer, fortemente influenzato dalla poesia, la letteratura, la filosofia, la scienza, la mitologia e la religione. Per oltre due anni, il regista \u00e8 tornato sulle tracce di Kiefer partendo dalla nativa Germania fino alla sua attuale casa in Francia, ripercorrendo le tappe di un viaggio dietro le quinte della sua arte. &nbsp;<\/p>\n<p>Biglietti: 8,50 euro a persona; ridotto 0-5 anni 3 euro; gratuito per i bambini che non vogliono la cuffia.<\/p>\n<p>&nbsp;<\/p>\n<p>Domenica 4 agosto, ore 10.30<\/p>\n<p><strong>Balance nel parco e brunch<\/strong><\/p>\n<p>Un appuntamento per prendersi il proprio tempo e scoprire il Balance: una disciplina che unisce yoga, pilates e tai chi nell\u2019affascinante contesto del parco storico di Miradolo. Al termine, \u00e8 in programma uno speciale brunch alla Caffetteria.<\/p>\n<p>Costo: 15 euro e possibilit\u00e0 di brunch al termine della lezione.<\/p>\n<p>&nbsp;<\/p>\n<p>Gioved\u00ec 8 agosto, ore 21.30<\/p>\n<p><strong>Cinema nel parco<\/strong><\/p>\n<p><strong><em>Elemental (2023) &nbsp;<\/em><\/strong><\/p>\n<p>Il lungometraggio targato Disney-Pixar ambientato a Element City, popolata da cittadini appartenenti ai 4 elementi essenziali, ovvero fuoco, acqua, terra e aria. Ember \u00e8 una giovane donna tenace, brillante e impetuosa la cui improvvisa amicizia con Wade, un ragazzo spiritoso, accomodante e ipersensibile, finisce per scardinare le certezze e i punti di riferimento del mondo in cui vivono. &nbsp;<\/p>\n<p>Biglietti: 8,50 euro a persona; ridotto 0-5 anni 3 euro; gratuito per i bambini che non vogliono la cuffia.<\/p>\n<p>&nbsp;<\/p>\n<p>Domenica 11 agosto, ore 10.30<\/p>\n<p><strong>Musica, maestra<\/strong><\/p>\n<p>La Natura, nostra maestra, caccompagner\u00e0 alla scoperta dei suoni dell\u2019estate. Il fruscio del vento tra le foglie, il cinguettio delle cince, il tamburellare del picchio, il frinire dei grilli, lo scroscio della pioggia sono la colonna sonora di questa visita dedicata all\u2019udito. Il dolce suono dello scorrere dell\u2019acqua dei canali del parco ci accompagna lungo il percorso alla scoperta dell\u2019importanza vitale di questo elemento. Et\u00e0: 2\/5 anni. In collaborazione con Cooperativa Arnica.<\/p>\n<p>Costo: 6 euro a partecipante (per gli accompagnatori l\u2019attivit\u00e0 \u00e8 compresa nel biglietto di ingresso).<\/p>\n<p>&nbsp;<\/p>\n<p>Gioved\u00ec 15 agosto, ore 15<\/p>\n<p><strong>Caccia al tesoro nel parco di Ferragosto<\/strong><\/p>\n<p>A Ferragosto immancabile appuntamento con la Caccia al Tesoro nel parco \u201cAll\u2019ombra degli alberi\u201d. Indizio dopo indizio si andr\u00e0 alla scoperta del tesoro botanico del parco. Attraverso storie e curiosit\u00e0 si conosceranno meglio questi vetusti e preziosi abitanti che in una giornata d\u2019estate rigenerano con la loro ombra. Un\u2019esperienza di gioco educativo per tutti, immersi nella natura.<\/p>\n<p>Costo: 6 euro a partecipante<\/p>\n<p>Apertura straordinaria della mostra e del parco, ore 10\/19. Picnic goloso nel parco con i cesti confezionati da&nbsp;<em>Antica Pasticceria Castino<\/em>&nbsp;di Pinerolo, disponibili presso la Caffetteria del Castello, su prenotazione (ritiro entro le ore 12). &nbsp;<\/p>\n<p>Costo: 10 euro cesto bimbi, 14 euro cesto adulti. Disponibile proposta vegetariana. Non \u00e8 consentito il picnic libero.<\/p>\n<p>&nbsp;<\/p>\n<p>Domenica 25 agosto, ore 17<\/p>\n<p><strong>Visita guidata al parco<\/strong><\/p>\n<p><strong>Piante utili, piante dannose, una questione di percezione<\/strong><\/p>\n<p>Passeggiando nel parco si scopriranno le piante principali dal punto di vista della loro utilit\u00e0 o della loro dannosit\u00e0, apprese dall&#8217;uomo attraverso i secoli per via dello stretto rapporto di dipendenza tra la nostra specie e le essenze vegetali che continua ancora al giorno d&#8217;oggi.<\/p>\n<p>Costo: 6 euro + biglietto di ingresso al parco.<\/p>\n<p>&nbsp;<\/p>\n<p>Domenica 1 settembre, ore 17<\/p>\n<p><strong>Visita guidata al parco<\/strong><\/p>\n<p><strong>Com\u2019\u00e8 andata l\u2019estate?<\/strong><\/p>\n<p>Come hanno trascorso l\u2019estate i grandi alberi del parco? Lo si scoprir\u00e0 passeggiando con un esperto nel parco all\u2019inglese del Castello di Miradolo.<\/p>\n<p>Costo: 6 euro + biglietto di ingresso al parco.<\/p>\n<p>&nbsp;<\/p>\n<p>Venerd\u00ec 6 settembre, ore 18.30<\/p>\n<p><strong>Yoga nel parco<\/strong><\/p>\n<p>Una pratica di yoga adatta a tutti nel parco del Castello di Miradolo. Un appuntamento per prendersi del tempo per rallentare, per stare a contatto con i suoni della natura e respirare. Un momento per&nbsp;s\u00e9 stessi.<\/p>\n<p>Costo: 15 euro (prezzo scontato per chi acquista pi\u00f9 incontri).<\/p>\n<p>&nbsp;<\/p>\n<p>Venerd\u00ec 6 settembre, ore 20<\/p>\n<p><strong>Venerd\u00ec nell\u2019orto<\/strong><\/p>\n<p><strong>Orto aromatico<\/strong><\/p>\n<p>Nell\u2019orto del Castello di Miradolo disegnato da Paolo Pejrone sono state inserite piante aromatiche utilizzabili soprattutto in cucina ma utili anche ad allontanare i parassiti dalle piante fiorite, intorno. Molto spesso le aromatiche sono piante sempreverdi che crescono spontanee in aree con inverni piuttosto miti: la passeggiata nell\u2019orto permette di scoprire le specie presenti in inverno e raccogliere consigli proposti dalla guida per la coltivazione l\u2019utilizzo al meglio. La visita termina con l\u2019allestimento di sacchettini di sali aromatici da usare in cucina o in bagni rilassanti. A cura di Cooperativa Arnica. &nbsp;&nbsp;&nbsp;<\/p>\n<p>Costo: 6 euro + biglietto di ingresso al parco.<\/p>\n<p>&nbsp;<\/p>\n<p>Domenica 8 settembre, ore 16.30<\/p>\n<p><strong>Visita ornitologica al parco<\/strong><\/p>\n<p><strong>Le migrazioni<\/strong><\/p>\n<p>Ma quanto \u201cchiacchiericcio\u201d tra i rami degli alberi anche in estate! Durante la visita si imparer\u00e0 a riconoscere qualche canto e si proveranno a scovare preziosi nidi, veri capolavori di architettura. Con il naso all&#8217;ins\u00f9 si approfondir\u00e0 in compagnia di un ornitologo il tema delle migrazioni. L\u2019attivit\u00e0 \u00e8 realizzata in collaborazione con Cooperativa Arnica.<\/p>\n<p>Costo: 6 euro + biglietto di ingresso al parco. &nbsp;<\/p>\n<p>&nbsp;<\/p>\n<p>Venerd\u00ec 13 settembre, ore 18.30<\/p>\n<p><strong>Yoga nel parco<\/strong><\/p>\n<p>Una pratica di yoga adatta a tutti nel parco del Castello di Miradolo. Un appuntamento per prendersi del tempo per rallentare, per stare a contatto con i suoni della natura e respirare. Un momento per&nbsp;s\u00e9 stessi.<\/p>\n<p>Costo: 15 euro (prezzo scontato per chi acquista pi\u00f9 incontri).<\/p>\n<p>&nbsp;<\/p>\n<p>Venerd\u00ec 13 settembre, ore 20<\/p>\n<p><strong>Venerd\u00ec nell\u2019orto<\/strong><\/p>\n<p>Attivit\u00e0, al calare del sole, per scoprire aneddoti e segreti dell\u2019orto, in estate. In collaborazione con Cooperativa Arnica.<\/p>\n<p>Costo: 6 euro + biglietto di ingresso al parco. &nbsp;<\/p>\n<p><img decoding=\"async\" class=\"alignnone size-large wp-image-61695\" src=\"https:\/\/www.turismoitinerante.com\/site\/wp-content\/uploads\/2024\/06\/PM_0155_CASTELLO-DI-MIRADOLO_CINEMA-SOTTO-LE-STELLE_2022-1024x681.jpg\" alt=\"\" width=\"1024\" height=\"681\" srcset=\"https:\/\/www.turismoitinerante.com\/site\/wp-content\/uploads\/2024\/06\/PM_0155_CASTELLO-DI-MIRADOLO_CINEMA-SOTTO-LE-STELLE_2022-1024x681.jpg 1024w, https:\/\/www.turismoitinerante.com\/site\/wp-content\/uploads\/2024\/06\/PM_0155_CASTELLO-DI-MIRADOLO_CINEMA-SOTTO-LE-STELLE_2022-300x200.jpg 300w, https:\/\/www.turismoitinerante.com\/site\/wp-content\/uploads\/2024\/06\/PM_0155_CASTELLO-DI-MIRADOLO_CINEMA-SOTTO-LE-STELLE_2022-768x511.jpg 768w, https:\/\/www.turismoitinerante.com\/site\/wp-content\/uploads\/2024\/06\/PM_0155_CASTELLO-DI-MIRADOLO_CINEMA-SOTTO-LE-STELLE_2022-1536x1022.jpg 1536w, https:\/\/www.turismoitinerante.com\/site\/wp-content\/uploads\/2024\/06\/PM_0155_CASTELLO-DI-MIRADOLO_CINEMA-SOTTO-LE-STELLE_2022-2048x1363.jpg 2048w, https:\/\/www.turismoitinerante.com\/site\/wp-content\/uploads\/2024\/06\/PM_0155_CASTELLO-DI-MIRADOLO_CINEMA-SOTTO-LE-STELLE_2022-750x499.jpg 750w, https:\/\/www.turismoitinerante.com\/site\/wp-content\/uploads\/2024\/06\/PM_0155_CASTELLO-DI-MIRADOLO_CINEMA-SOTTO-LE-STELLE_2022-1140x758.jpg 1140w\" sizes=\"(max-width: 1024px) 100vw, 1024px\" \/><\/p>\n<p>Sabato 14 settembre, ore 10.30<\/p>\n<p><strong>Balance nel parco e brunch<\/strong><\/p>\n<p>Un appuntamento per prendersi il proprio tempo e scoprire il Balance: una disciplina che unisce yoga, pilates e tai chi nell\u2019affascinante contesto del parco storico di Miradolo. Al termine, \u00e8 in programma uno speciale brunch alla Caffetteria.<\/p>\n<p>Costo: 15 euro e possibilit\u00e0 di brunch al termine della lezione.<\/p>\n<p>&nbsp;<\/p>\n<p>Domenica 15 settembre, ore 10.30<\/p>\n<p><strong>Le sfumature dell\u2019acqua<\/strong><\/p>\n<p><strong>Laboratorio per famiglie intorno alla mostra di Giorgio Griffa<\/strong><\/p>\n<p>Nell\u2019opera di Griffa il cromatismo si condensa in segni e tratti che segnano, nel loro fluire libero e liquido, l\u2019intelligenza di una sostanza capace di rinnovare sempre il binomio tela-colore.<br \/>\nQuesta attivit\u00e0 comprende una passeggiata nel parco per la raccolta di materiale vegetale che in laboratorio, sperimentando varie diluizioni di colore, si trasformer\u00e0 in una grande scala cromatica. Et\u00e0: 6-9 anni.<\/p>\n<p>Costo: 6 euro a partecipante (per gli accompagnatori l\u2019attivit\u00e0 \u00e8 compresa nel biglietto di ingresso).<\/p>\n<p>&nbsp;<\/p>\n<p>Venerd\u00ec 20 settembre, ore 18.30<\/p>\n<p><strong>Yoga nel parco<\/strong><\/p>\n<p>Una pratica di yoga adatta a tutti nel parco del Castello di Miradolo. Un appuntamento per prendersi del tempo per rallentare, per stare a contatto con i suoni della natura e respirare. Un momento per&nbsp;s\u00e9 stessi.<\/p>\n<p>Costo: 15 euro (prezzo scontato per chi acquista pi\u00f9 incontri).<\/p>\n<p>&nbsp;<\/p>\n<p>Venerd\u00ec 20 settembre, ore 20<\/p>\n<p><strong>Venerd\u00ec nell\u2019orto<\/strong><\/p>\n<p>Erbe e fiori per i piatti (e non solo): visita speciale all\u2019orto del Castello con approfondimenti dedicati alle erbe aromatiche pi\u00f9 tradizionali e pi\u00f9 esotiche, come mantenerle sempre belle e utilizzarle tutti i giorni in cucina.<\/p>\n<p>Costo: 6 euro + biglietto di ingresso al parco.<\/p>\n<p>&nbsp;<\/p>\n<p>Domenica 22 settembre, ore 15<\/p>\n<p><strong>Bellezza tra le righe<\/strong><\/p>\n<p><strong>Incontro con Francesca Diotallevi<\/strong><\/p>\n<p><em>L\u2019ultimo mago<\/em>&nbsp;(Neri Pozza, 2024)<\/p>\n<p>\u00c8 la notte di Capodanno del 1960 e, in un lussuoso appartamento affacciato sul parco del Valentino, un gruppo di persone siede attorno a un tavolo. L\u2019aria \u00e8 quasi elettrica e nessuno osa emettere un fiato. Aspettano l\u2019inizio di quelli che il padrone di casa chiama \u00abesperimenti\u00bb ma che per chi \u00e8 l\u00ec hanno un valore inestimabile, metafisico, soprannaturale. Gustavo Rol ha l\u2019eleganza garbata e poco esibita di chi cammina con naturalezza in qualunque stanza del mondo, e il pubblico pende dalle sue labbra. Solo un uomo lo guarda con sospetto, \u00e8 sicuro che ci sia un trucco e vuole svelarlo. Nino Giacosa \u00e8 un uomo rotto, in fuga: dai debiti di gioco, dai fantasmi della disfatta di El Alamein, da Miriam, la donna che ha amato. Da s\u00e9 stesso. Dopo tanti sogni infranti, tuttavia, ha trovato qualcosa che pu\u00f2 riempire il vuoto della sua esistenza: una storia. La storia che sta scrivendo giorno e notte nella squallida stanza di una pensione \u00e8 quella di un grande imbroglio, celato dalle mani sapienti di un illusionista. Ed \u00e8 con questo atteggiamento scettico, l\u2019occhio attento a ogni dettaglio, che Nino inizia a partecipare alle serate di Rol. Ma tra i due uomini, all\u2019apparenza cos\u00ec diversi, si crea presto una complicit\u00e0 imprevista. E nelle passeggiate attraverso una Torino gelida e impenetrabile, Rol racconta a Nino la propria vita, il \u00abdono\u00bb che ha scoperto grazie a un polacco conosciuto a Marsiglia, gli studi e lo scoramento all\u2019idea di essere ammirato ma mai compreso. Ci sono le storie che raccontiamo agli altri, e poi ci sono quelle con cui convinciamo noi stessi. A volte accade che le due versioni coincidano, ma non era quello il caso.<\/p>\n<p>Francesca Diotallevi \u00e8 nata a Milano nel 1985. \u00c8 laureata in Scienze dei Beni Culturali. Tra le sue opere&nbsp;<em>Amedeo, je t\u2019aime<\/em>&nbsp;(Mondadori Electa, 2015),&nbsp;<em>Dentro soffia il vento<\/em>&nbsp;(Neri Pozza, 2016), vincitore della seconda edizione del Premio Neri Pozza sezione giovani e&nbsp;<em>Dai tuoi occhi solamente<\/em>&nbsp;(Neri Pozza, 2018), candidato al Premio Strega e vincitore del Premio Comisso sezione giovani, del Premio Manzoni e del Premio Mastronardi.&nbsp;<em>Le stanze buie<\/em>&nbsp;(Neri Pozza, 2021), oggi ripubblicato in una versione profondamente rivista, apparve, come suo romanzo di esordio, per Mursia nel 2013.<\/p>\n<p>Incontro compreso nel biglietto di ingresso al parco.<\/p>\n<p>&nbsp;<\/p>\n<p><span style=\"color: #ff0000;\"><strong>INFO<\/strong><\/span><\/p>\n<p>Castello di Miradolo, via Cardonata 2, San Secondo di Pinerolo (TO)<\/p>\n<p>Prenotazione obbligatoria: 0121 502761&nbsp;<a href=\"mailto:prenotazioni@fondazionecosso.it\" target=\"_blank\" rel=\"noopener\">prenotazioni@fondazionecosso.<wbr>it<\/a><\/p>\n<p><a href=\"http:\/\/www.fondazionecosso.it\" target=\"_blank\" rel=\"noopener\">www.fondazionecosso.it<\/a><\/p>\n<p><span style=\"color: #ff0000;\"><strong>ORARI<\/strong><\/span><\/p>\n<p><em>Giugno<\/em><\/p>\n<p>Gioved\u00ec 27 giugno picnic e Cinema nel parco dalle 19.30<\/p>\n<p>Aperto venerd\u00ec 28 giugno ore 15\/23, sabato 29 e domenica 30 giugno ore 10\/19<\/p>\n<p><em>Luglio<\/em><\/p>\n<p>Aperto venerd\u00ec ore 15\/23, sabato e domenica ore 10\/19<\/p>\n<p>Gioved\u00ec 4, 11, 18, 25 luglio picnic e Cinema nel parco dalle 19.30<\/p>\n<p><em>Agosto<\/em><\/p>\n<p>Aperto la domenica ore 10\/19 e a Ferragosto<\/p>\n<p>Gioved\u00ec 1 e 8 agosto picnic e Cinema nel parco dalle 19.30<\/p>\n<p><em>Settembre<\/em><\/p>\n<p>Dal 6 settembre: venerd\u00ec ore 15\/23, sabato e domenica ore 10\/19<\/p>\n<div class=\"7863122cad8776726ec303240ed69aa5\" data-index=\"4\" style=\"float: none; margin:10px 0 10px 0; text-align:center;\">\n<script async src=\"\/\/pagead2.googlesyndication.com\/pagead\/js\/adsbygoogle.js\"><\/script>\r\n<!-- 728x90, creato 23\/02\/11 -->\r\n<ins class=\"adsbygoogle\"\r\n     style=\"display:inline-block;width:728px;height:90px\"\r\n     data-ad-client=\"ca-pub-5798583071070083\"\r\n     data-ad-slot=\"5935394872\"><\/ins>\r\n<script>\r\n(adsbygoogle = window.adsbygoogle || []).push({});\r\n<\/script>\n<\/div>\n\n<div style=\"font-size: 0px; height: 0px; line-height: 0px; margin: 0; padding: 0; clear: both;\"><\/div>","protected":false},"excerpt":{"rendered":"<p>Dopo le prime fioriture primaverili e la copiosa pioggia, la natura nel parco del Castello di Miradolo \u00e8 esplosa in un tripudio di colori. Con questa scenografia,&nbsp;la Fondazione Cosso organizza nel Parco del Castello di Miradolo 40 appuntamenti, dal 27 giugno al 22 settembre, per adulti e famiglie alla scoperta del parco e dell\u2019orto disegnato [&hellip;]<\/p>\n","protected":false},"author":1,"featured_media":61693,"comment_status":"closed","ping_status":"open","sticky":false,"template":"","format":"standard","meta":{"ngg_post_thumbnail":0,"jnews-multi-image_gallery":[],"jnews_single_post":{"source_name":"","source_url":"","via_name":"","via_url":"","override_template":"0","override":[{"template":"1","single_blog_custom":"","parallax":"1","fullscreen":"1","layout":"right-sidebar","sidebar":"default-sidebar","second_sidebar":"default-sidebar","sticky_sidebar":"1","share_position":"top","share_float_style":"share-monocrhome","show_share_counter":"1","show_view_counter":"1","show_featured":"1","show_post_meta":"1","show_post_author":"1","show_post_author_image":"1","show_post_date":"1","post_date_format":"default","post_date_format_custom":"Y\/m\/d","show_post_category":"1","show_post_reading_time":"0","post_reading_time_wpm":"300","show_zoom_button":"0","zoom_button_out_step":"2","zoom_button_in_step":"3","show_post_tag":"1","show_prev_next_post":"1","show_popup_post":"1","number_popup_post":"1","show_author_box":"1","show_post_related":"0","show_inline_post_related":"0"}],"override_image_size":"0","image_override":[{"single_post_thumbnail_size":"crop-500","single_post_gallery_size":"crop-500"}],"trending_post":"0","trending_post_position":"meta","trending_post_label":"Trending","sponsored_post":"0","sponsored_post_label":"Sponsored by","sponsored_post_name":"","sponsored_post_url":"","sponsored_post_logo_enable":"0","sponsored_post_logo":"","sponsored_post_desc":"","disable_ad":"0"},"jnews_primary_category":{"id":"","hide":""},"jnews_override_counter":{"override_view_counter":"0","view_counter_number":"0","override_share_counter":"0","share_counter_number":"0","override_like_counter":"0","like_counter_number":"0","override_dislike_counter":"0","dislike_counter_number":"0"},"footnotes":""},"categories":[621],"tags":[2372],"class_list":["post-61692","post","type-post","status-publish","format-standard","has-post-thumbnail","hentry","category-info-turismo","tag-castello-di-miradolo"],"yoast_head":"<!-- This site is optimized with the Yoast SEO plugin v27.4 - https:\/\/yoast.com\/product\/yoast-seo-wordpress\/ -->\n<title>Estate al Parco al Castello di Miradolo (TO): tanti appuntamenti nella natura da giugno a settembre<\/title>\n<meta name=\"description\" content=\"Gli appuntamenti nella natura tra incontri, sedute di yoga e balance, proiezioni cinematografiche e visite in notturna\" \/>\n<meta name=\"robots\" content=\"index, follow, max-snippet:-1, max-image-preview:large, max-video-preview:-1\" \/>\n<link rel=\"canonical\" href=\"https:\/\/www.turismoitinerante.com\/site\/estate-al-parco-al-castello-di-miradolo-to-tanti-appuntamenti-nella-natura-da-giugno-a-settembre\/\" \/>\n<meta property=\"og:locale\" content=\"it_IT\" \/>\n<meta property=\"og:type\" content=\"article\" \/>\n<meta property=\"og:title\" content=\"Estate al Parco al Castello di Miradolo (TO): tanti appuntamenti nella natura da giugno a settembre\" \/>\n<meta property=\"og:description\" content=\"Gli appuntamenti nella natura tra incontri, sedute di yoga e balance, proiezioni cinematografiche e visite in notturna\" \/>\n<meta property=\"og:url\" content=\"https:\/\/www.turismoitinerante.com\/site\/estate-al-parco-al-castello-di-miradolo-to-tanti-appuntamenti-nella-natura-da-giugno-a-settembre\/\" \/>\n<meta property=\"og:site_name\" content=\"TI - Turismo Itinerante\" \/>\n<meta property=\"article:published_time\" content=\"2024-06-19T10:19:46+00:00\" \/>\n<meta property=\"article:modified_time\" content=\"2024-06-19T10:21:59+00:00\" \/>\n<meta property=\"og:image\" content=\"https:\/\/www.turismoitinerante.com\/site\/wp-content\/uploads\/2024\/06\/Castello-di-Miradolo-e-Parco-ph-Paolo-Mantovan-low-scaled.jpg\" \/>\n\t<meta property=\"og:image:width\" content=\"2560\" \/>\n\t<meta property=\"og:image:height\" content=\"1703\" \/>\n\t<meta property=\"og:image:type\" content=\"image\/jpeg\" \/>\n<meta name=\"author\" content=\"admin\" \/>\n<meta name=\"twitter:card\" content=\"summary_large_image\" \/>\n<meta name=\"twitter:label1\" content=\"Scritto da\" \/>\n\t<meta name=\"twitter:data1\" content=\"admin\" \/>\n\t<meta name=\"twitter:label2\" content=\"Tempo di lettura stimato\" \/>\n\t<meta name=\"twitter:data2\" content=\"23 minuti\" \/>\n<script type=\"application\/ld+json\" class=\"yoast-schema-graph\">{\"@context\":\"https:\\\/\\\/schema.org\",\"@graph\":[{\"@type\":\"Article\",\"@id\":\"https:\\\/\\\/www.turismoitinerante.com\\\/site\\\/estate-al-parco-al-castello-di-miradolo-to-tanti-appuntamenti-nella-natura-da-giugno-a-settembre\\\/#article\",\"isPartOf\":{\"@id\":\"https:\\\/\\\/www.turismoitinerante.com\\\/site\\\/estate-al-parco-al-castello-di-miradolo-to-tanti-appuntamenti-nella-natura-da-giugno-a-settembre\\\/\"},\"author\":{\"name\":\"admin\",\"@id\":\"https:\\\/\\\/www.turismoitinerante.com\\\/site\\\/#\\\/schema\\\/person\\\/1e1238d2d1617438f3682e54bf4d6c05\"},\"headline\":\"Estate al Parco al Castello di Miradolo (TO): tanti appuntamenti nella natura da giugno a settembre\",\"datePublished\":\"2024-06-19T10:19:46+00:00\",\"dateModified\":\"2024-06-19T10:21:59+00:00\",\"mainEntityOfPage\":{\"@id\":\"https:\\\/\\\/www.turismoitinerante.com\\\/site\\\/estate-al-parco-al-castello-di-miradolo-to-tanti-appuntamenti-nella-natura-da-giugno-a-settembre\\\/\"},\"wordCount\":4183,\"image\":{\"@id\":\"https:\\\/\\\/www.turismoitinerante.com\\\/site\\\/estate-al-parco-al-castello-di-miradolo-to-tanti-appuntamenti-nella-natura-da-giugno-a-settembre\\\/#primaryimage\"},\"thumbnailUrl\":\"https:\\\/\\\/www.turismoitinerante.com\\\/site\\\/wp-content\\\/uploads\\\/2024\\\/06\\\/Castello-di-Miradolo-e-Parco-ph-Paolo-Mantovan-low-scaled.jpg\",\"keywords\":[\"Castello di Miradolo\"],\"articleSection\":[\"Turismo\"],\"inLanguage\":\"it-IT\"},{\"@type\":\"WebPage\",\"@id\":\"https:\\\/\\\/www.turismoitinerante.com\\\/site\\\/estate-al-parco-al-castello-di-miradolo-to-tanti-appuntamenti-nella-natura-da-giugno-a-settembre\\\/\",\"url\":\"https:\\\/\\\/www.turismoitinerante.com\\\/site\\\/estate-al-parco-al-castello-di-miradolo-to-tanti-appuntamenti-nella-natura-da-giugno-a-settembre\\\/\",\"name\":\"Estate al Parco al Castello di Miradolo (TO): tanti appuntamenti nella natura da giugno a settembre\",\"isPartOf\":{\"@id\":\"https:\\\/\\\/www.turismoitinerante.com\\\/site\\\/#website\"},\"primaryImageOfPage\":{\"@id\":\"https:\\\/\\\/www.turismoitinerante.com\\\/site\\\/estate-al-parco-al-castello-di-miradolo-to-tanti-appuntamenti-nella-natura-da-giugno-a-settembre\\\/#primaryimage\"},\"image\":{\"@id\":\"https:\\\/\\\/www.turismoitinerante.com\\\/site\\\/estate-al-parco-al-castello-di-miradolo-to-tanti-appuntamenti-nella-natura-da-giugno-a-settembre\\\/#primaryimage\"},\"thumbnailUrl\":\"https:\\\/\\\/www.turismoitinerante.com\\\/site\\\/wp-content\\\/uploads\\\/2024\\\/06\\\/Castello-di-Miradolo-e-Parco-ph-Paolo-Mantovan-low-scaled.jpg\",\"datePublished\":\"2024-06-19T10:19:46+00:00\",\"dateModified\":\"2024-06-19T10:21:59+00:00\",\"author\":{\"@id\":\"https:\\\/\\\/www.turismoitinerante.com\\\/site\\\/#\\\/schema\\\/person\\\/1e1238d2d1617438f3682e54bf4d6c05\"},\"description\":\"Gli appuntamenti nella natura tra incontri, sedute di yoga e balance, proiezioni cinematografiche e visite in notturna\",\"breadcrumb\":{\"@id\":\"https:\\\/\\\/www.turismoitinerante.com\\\/site\\\/estate-al-parco-al-castello-di-miradolo-to-tanti-appuntamenti-nella-natura-da-giugno-a-settembre\\\/#breadcrumb\"},\"inLanguage\":\"it-IT\",\"potentialAction\":[{\"@type\":\"ReadAction\",\"target\":[\"https:\\\/\\\/www.turismoitinerante.com\\\/site\\\/estate-al-parco-al-castello-di-miradolo-to-tanti-appuntamenti-nella-natura-da-giugno-a-settembre\\\/\"]}]},{\"@type\":\"ImageObject\",\"inLanguage\":\"it-IT\",\"@id\":\"https:\\\/\\\/www.turismoitinerante.com\\\/site\\\/estate-al-parco-al-castello-di-miradolo-to-tanti-appuntamenti-nella-natura-da-giugno-a-settembre\\\/#primaryimage\",\"url\":\"https:\\\/\\\/www.turismoitinerante.com\\\/site\\\/wp-content\\\/uploads\\\/2024\\\/06\\\/Castello-di-Miradolo-e-Parco-ph-Paolo-Mantovan-low-scaled.jpg\",\"contentUrl\":\"https:\\\/\\\/www.turismoitinerante.com\\\/site\\\/wp-content\\\/uploads\\\/2024\\\/06\\\/Castello-di-Miradolo-e-Parco-ph-Paolo-Mantovan-low-scaled.jpg\",\"width\":2560,\"height\":1703,\"caption\":\"Castello di Miradolo e Parco, ph Paolo Mantovan\"},{\"@type\":\"BreadcrumbList\",\"@id\":\"https:\\\/\\\/www.turismoitinerante.com\\\/site\\\/estate-al-parco-al-castello-di-miradolo-to-tanti-appuntamenti-nella-natura-da-giugno-a-settembre\\\/#breadcrumb\",\"itemListElement\":[{\"@type\":\"ListItem\",\"position\":1,\"name\":\"Home\",\"item\":\"https:\\\/\\\/www.turismoitinerante.com\\\/site\\\/\"},{\"@type\":\"ListItem\",\"position\":2,\"name\":\"Estate al Parco al Castello di Miradolo (TO): tanti appuntamenti nella natura da giugno a settembre\"}]},{\"@type\":\"WebSite\",\"@id\":\"https:\\\/\\\/www.turismoitinerante.com\\\/site\\\/#website\",\"url\":\"https:\\\/\\\/www.turismoitinerante.com\\\/site\\\/\",\"name\":\"TI - Turismo Itinerante\",\"description\":\"Ritrovarsi su internet per informarsi, per informare. Il portale del turismo itinerante. Una infinit\u00e0 di notizie su camper, itinerari, aree sosta camper, concessionari, campeggi, agriturismo, raduni, sagre, fiere, mostre, associazioni, club, forum, bacheca annunci\",\"potentialAction\":[{\"@type\":\"SearchAction\",\"target\":{\"@type\":\"EntryPoint\",\"urlTemplate\":\"https:\\\/\\\/www.turismoitinerante.com\\\/site\\\/?s={search_term_string}\"},\"query-input\":{\"@type\":\"PropertyValueSpecification\",\"valueRequired\":true,\"valueName\":\"search_term_string\"}}],\"inLanguage\":\"it-IT\"},{\"@type\":\"Person\",\"@id\":\"https:\\\/\\\/www.turismoitinerante.com\\\/site\\\/#\\\/schema\\\/person\\\/1e1238d2d1617438f3682e54bf4d6c05\",\"name\":\"admin\",\"image\":{\"@type\":\"ImageObject\",\"inLanguage\":\"it-IT\",\"@id\":\"https:\\\/\\\/secure.gravatar.com\\\/avatar\\\/9102d8c23b35e2809b07ebc42ce126daa3d6a47cce9878a22d14d9852ade629e?s=96&d=mm&r=g\",\"url\":\"https:\\\/\\\/secure.gravatar.com\\\/avatar\\\/9102d8c23b35e2809b07ebc42ce126daa3d6a47cce9878a22d14d9852ade629e?s=96&d=mm&r=g\",\"contentUrl\":\"https:\\\/\\\/secure.gravatar.com\\\/avatar\\\/9102d8c23b35e2809b07ebc42ce126daa3d6a47cce9878a22d14d9852ade629e?s=96&d=mm&r=g\",\"caption\":\"admin\"},\"url\":\"https:\\\/\\\/www.turismoitinerante.com\\\/site\\\/author\\\/admin\\\/\"}]}<\/script>\n<!-- \/ Yoast SEO plugin. -->","yoast_head_json":{"title":"Estate al Parco al Castello di Miradolo (TO): tanti appuntamenti nella natura da giugno a settembre","description":"Gli appuntamenti nella natura tra incontri, sedute di yoga e balance, proiezioni cinematografiche e visite in notturna","robots":{"index":"index","follow":"follow","max-snippet":"max-snippet:-1","max-image-preview":"max-image-preview:large","max-video-preview":"max-video-preview:-1"},"canonical":"https:\/\/www.turismoitinerante.com\/site\/estate-al-parco-al-castello-di-miradolo-to-tanti-appuntamenti-nella-natura-da-giugno-a-settembre\/","og_locale":"it_IT","og_type":"article","og_title":"Estate al Parco al Castello di Miradolo (TO): tanti appuntamenti nella natura da giugno a settembre","og_description":"Gli appuntamenti nella natura tra incontri, sedute di yoga e balance, proiezioni cinematografiche e visite in notturna","og_url":"https:\/\/www.turismoitinerante.com\/site\/estate-al-parco-al-castello-di-miradolo-to-tanti-appuntamenti-nella-natura-da-giugno-a-settembre\/","og_site_name":"TI - Turismo Itinerante","article_published_time":"2024-06-19T10:19:46+00:00","article_modified_time":"2024-06-19T10:21:59+00:00","og_image":[{"width":2560,"height":1703,"url":"https:\/\/www.turismoitinerante.com\/site\/wp-content\/uploads\/2024\/06\/Castello-di-Miradolo-e-Parco-ph-Paolo-Mantovan-low-scaled.jpg","type":"image\/jpeg"}],"author":"admin","twitter_card":"summary_large_image","twitter_misc":{"Scritto da":"admin","Tempo di lettura stimato":"23 minuti"},"schema":{"@context":"https:\/\/schema.org","@graph":[{"@type":"Article","@id":"https:\/\/www.turismoitinerante.com\/site\/estate-al-parco-al-castello-di-miradolo-to-tanti-appuntamenti-nella-natura-da-giugno-a-settembre\/#article","isPartOf":{"@id":"https:\/\/www.turismoitinerante.com\/site\/estate-al-parco-al-castello-di-miradolo-to-tanti-appuntamenti-nella-natura-da-giugno-a-settembre\/"},"author":{"name":"admin","@id":"https:\/\/www.turismoitinerante.com\/site\/#\/schema\/person\/1e1238d2d1617438f3682e54bf4d6c05"},"headline":"Estate al Parco al Castello di Miradolo (TO): tanti appuntamenti nella natura da giugno a settembre","datePublished":"2024-06-19T10:19:46+00:00","dateModified":"2024-06-19T10:21:59+00:00","mainEntityOfPage":{"@id":"https:\/\/www.turismoitinerante.com\/site\/estate-al-parco-al-castello-di-miradolo-to-tanti-appuntamenti-nella-natura-da-giugno-a-settembre\/"},"wordCount":4183,"image":{"@id":"https:\/\/www.turismoitinerante.com\/site\/estate-al-parco-al-castello-di-miradolo-to-tanti-appuntamenti-nella-natura-da-giugno-a-settembre\/#primaryimage"},"thumbnailUrl":"https:\/\/www.turismoitinerante.com\/site\/wp-content\/uploads\/2024\/06\/Castello-di-Miradolo-e-Parco-ph-Paolo-Mantovan-low-scaled.jpg","keywords":["Castello di Miradolo"],"articleSection":["Turismo"],"inLanguage":"it-IT"},{"@type":"WebPage","@id":"https:\/\/www.turismoitinerante.com\/site\/estate-al-parco-al-castello-di-miradolo-to-tanti-appuntamenti-nella-natura-da-giugno-a-settembre\/","url":"https:\/\/www.turismoitinerante.com\/site\/estate-al-parco-al-castello-di-miradolo-to-tanti-appuntamenti-nella-natura-da-giugno-a-settembre\/","name":"Estate al Parco al Castello di Miradolo (TO): tanti appuntamenti nella natura da giugno a settembre","isPartOf":{"@id":"https:\/\/www.turismoitinerante.com\/site\/#website"},"primaryImageOfPage":{"@id":"https:\/\/www.turismoitinerante.com\/site\/estate-al-parco-al-castello-di-miradolo-to-tanti-appuntamenti-nella-natura-da-giugno-a-settembre\/#primaryimage"},"image":{"@id":"https:\/\/www.turismoitinerante.com\/site\/estate-al-parco-al-castello-di-miradolo-to-tanti-appuntamenti-nella-natura-da-giugno-a-settembre\/#primaryimage"},"thumbnailUrl":"https:\/\/www.turismoitinerante.com\/site\/wp-content\/uploads\/2024\/06\/Castello-di-Miradolo-e-Parco-ph-Paolo-Mantovan-low-scaled.jpg","datePublished":"2024-06-19T10:19:46+00:00","dateModified":"2024-06-19T10:21:59+00:00","author":{"@id":"https:\/\/www.turismoitinerante.com\/site\/#\/schema\/person\/1e1238d2d1617438f3682e54bf4d6c05"},"description":"Gli appuntamenti nella natura tra incontri, sedute di yoga e balance, proiezioni cinematografiche e visite in notturna","breadcrumb":{"@id":"https:\/\/www.turismoitinerante.com\/site\/estate-al-parco-al-castello-di-miradolo-to-tanti-appuntamenti-nella-natura-da-giugno-a-settembre\/#breadcrumb"},"inLanguage":"it-IT","potentialAction":[{"@type":"ReadAction","target":["https:\/\/www.turismoitinerante.com\/site\/estate-al-parco-al-castello-di-miradolo-to-tanti-appuntamenti-nella-natura-da-giugno-a-settembre\/"]}]},{"@type":"ImageObject","inLanguage":"it-IT","@id":"https:\/\/www.turismoitinerante.com\/site\/estate-al-parco-al-castello-di-miradolo-to-tanti-appuntamenti-nella-natura-da-giugno-a-settembre\/#primaryimage","url":"https:\/\/www.turismoitinerante.com\/site\/wp-content\/uploads\/2024\/06\/Castello-di-Miradolo-e-Parco-ph-Paolo-Mantovan-low-scaled.jpg","contentUrl":"https:\/\/www.turismoitinerante.com\/site\/wp-content\/uploads\/2024\/06\/Castello-di-Miradolo-e-Parco-ph-Paolo-Mantovan-low-scaled.jpg","width":2560,"height":1703,"caption":"Castello di Miradolo e Parco, ph Paolo Mantovan"},{"@type":"BreadcrumbList","@id":"https:\/\/www.turismoitinerante.com\/site\/estate-al-parco-al-castello-di-miradolo-to-tanti-appuntamenti-nella-natura-da-giugno-a-settembre\/#breadcrumb","itemListElement":[{"@type":"ListItem","position":1,"name":"Home","item":"https:\/\/www.turismoitinerante.com\/site\/"},{"@type":"ListItem","position":2,"name":"Estate al Parco al Castello di Miradolo (TO): tanti appuntamenti nella natura da giugno a settembre"}]},{"@type":"WebSite","@id":"https:\/\/www.turismoitinerante.com\/site\/#website","url":"https:\/\/www.turismoitinerante.com\/site\/","name":"TI - Turismo Itinerante","description":"Ritrovarsi su internet per informarsi, per informare. Il portale del turismo itinerante. Una infinit\u00e0 di notizie su camper, itinerari, aree sosta camper, concessionari, campeggi, agriturismo, raduni, sagre, fiere, mostre, associazioni, club, forum, bacheca annunci","potentialAction":[{"@type":"SearchAction","target":{"@type":"EntryPoint","urlTemplate":"https:\/\/www.turismoitinerante.com\/site\/?s={search_term_string}"},"query-input":{"@type":"PropertyValueSpecification","valueRequired":true,"valueName":"search_term_string"}}],"inLanguage":"it-IT"},{"@type":"Person","@id":"https:\/\/www.turismoitinerante.com\/site\/#\/schema\/person\/1e1238d2d1617438f3682e54bf4d6c05","name":"admin","image":{"@type":"ImageObject","inLanguage":"it-IT","@id":"https:\/\/secure.gravatar.com\/avatar\/9102d8c23b35e2809b07ebc42ce126daa3d6a47cce9878a22d14d9852ade629e?s=96&d=mm&r=g","url":"https:\/\/secure.gravatar.com\/avatar\/9102d8c23b35e2809b07ebc42ce126daa3d6a47cce9878a22d14d9852ade629e?s=96&d=mm&r=g","contentUrl":"https:\/\/secure.gravatar.com\/avatar\/9102d8c23b35e2809b07ebc42ce126daa3d6a47cce9878a22d14d9852ade629e?s=96&d=mm&r=g","caption":"admin"},"url":"https:\/\/www.turismoitinerante.com\/site\/author\/admin\/"}]}},"_links":{"self":[{"href":"https:\/\/www.turismoitinerante.com\/site\/wp-json\/wp\/v2\/posts\/61692","targetHints":{"allow":["GET"]}}],"collection":[{"href":"https:\/\/www.turismoitinerante.com\/site\/wp-json\/wp\/v2\/posts"}],"about":[{"href":"https:\/\/www.turismoitinerante.com\/site\/wp-json\/wp\/v2\/types\/post"}],"author":[{"embeddable":true,"href":"https:\/\/www.turismoitinerante.com\/site\/wp-json\/wp\/v2\/users\/1"}],"replies":[{"embeddable":true,"href":"https:\/\/www.turismoitinerante.com\/site\/wp-json\/wp\/v2\/comments?post=61692"}],"version-history":[{"count":2,"href":"https:\/\/www.turismoitinerante.com\/site\/wp-json\/wp\/v2\/posts\/61692\/revisions"}],"predecessor-version":[{"id":61697,"href":"https:\/\/www.turismoitinerante.com\/site\/wp-json\/wp\/v2\/posts\/61692\/revisions\/61697"}],"wp:featuredmedia":[{"embeddable":true,"href":"https:\/\/www.turismoitinerante.com\/site\/wp-json\/wp\/v2\/media\/61693"}],"wp:attachment":[{"href":"https:\/\/www.turismoitinerante.com\/site\/wp-json\/wp\/v2\/media?parent=61692"}],"wp:term":[{"taxonomy":"category","embeddable":true,"href":"https:\/\/www.turismoitinerante.com\/site\/wp-json\/wp\/v2\/categories?post=61692"},{"taxonomy":"post_tag","embeddable":true,"href":"https:\/\/www.turismoitinerante.com\/site\/wp-json\/wp\/v2\/tags?post=61692"}],"curies":[{"name":"wp","href":"https:\/\/api.w.org\/{rel}","templated":true}]}}