{"id":60020,"date":"2024-03-01T12:46:50","date_gmt":"2024-03-01T11:46:50","guid":{"rendered":"https:\/\/www.turismoitinerante.com\/site\/?p=60020"},"modified":"2024-03-01T12:47:16","modified_gmt":"2024-03-01T11:47:16","slug":"e-online-turismo-allaria-aperta-di-marzo","status":"publish","type":"post","link":"https:\/\/www.turismoitinerante.com\/site\/e-online-turismo-allaria-aperta-di-marzo\/","title":{"rendered":"E\u2019 online Turismo all\u2019Aria Aperta di Marzo!"},"content":{"rendered":"<p><span style=\"color: #ff0000;\"><strong>Si riparte, tante idee per le vostre prime escursioni primaverili!<\/strong><\/span><\/p>\n<p>La primavera \u00e8 in arrivo: il clima inizia pi\u00f9 che mai ad addolcirsi favorendo cos\u00ec tanti viaggi, escursioni e weekend fuori porta. Qualcuno sceglier\u00e0 una bella passeggiata in spiaggia per godersi una brezza di mare non pi\u00f9 cos\u00ec gelida ma, anzi, sempre pi\u00f9 tiepida, mentre per qualcun altro sar\u00e0 il momento ideale per una prima scampagnata tra le colline dell&#8217;entroterra, dove gli alberi iniziano a fiorire lasciando intravedere i primi spiragli della bella stagione. In questo mese di marzo le giornate per far festa e viaggiare, dunque, non mancheranno di certo: in questo numero di Turismo all&#8217;Aria Aperta proveremo a darvi alcuni consigli per passare il periodo di avvicinamento alla Pasqua all&#8217;insegna del relax e della spensieratezza, in Italia e all&#8217;estero.<\/p>\n<p>Una delle migliori zone d&#8217;Italia in cui godersi delle belle giornate soleggiate \u00e8 sicuramente quella dei Castelli Romani: vi condurremo in un percorso fatto di parchi naturali, residenze medievali e bont\u00e0 della tavola tra la via Appia e la via dei Laghi. E visto che la primavera \u00e8 forse il periodo ideale per fare un giro in moto, vi porteremo con noi sulle due ruote sul percorso sterrato della Via del Sale, nell&#8217;entroterra ligure, da dove apprezzare degli scorci paesaggistici meravigliosi. Dalla Liguria proseguiremo spingendoci oltre i confini, con tanti itinerari di viaggio che vi permetteranno di tuffarvi nella natura e nella storia di luoghi incantevoli come le grotte e i parchi naturali nei pressi di Zara, il punto di partenza ideale per visitare la Croazia e le sue isole. Il nostro viaggio all&#8217;estero continuer\u00e0 poi in Germania tra i suoi castelli e le sue rocche storiche, partendo dalla Baviera e dal suo Castello di Neuschwanstein, ed arrivando successivamente fino in Francia, dove si respira gi\u00e0 un&#8217;aria olimpica in vista dei Giochi della prossima estate: un itinerario variegato di paesaggi e bellezze che va dalla Normandia alla Costa Azzurra passando per i paesi della Valle della Loira. Vi porteremo poi nella lussuosa Monte-Carlo, dove la primavera esplode in tutto il suo splendore con il Festival Printemps des Arts, una manifestazione artistico-musicale che si snoda in 25 appuntamenti di assoluto livello concentrati in quattro lunghi fine settimana.<\/p>\n<p>Negli Itinerari Gustosi festeggeremo la Pasqua e le sue prelibatezze andando a visitare un&#8217;antica cioccolateria che da cento anni nel cuore di Roma esaudisce i desideri dei tanti golosi di tutte le et\u00e0: un vero trionfo per il palato per chi decide di trascorrere le feste nella Capitale. Vi parleremo poi del Toc, un piatto caratteristico della zona del Lago di Como ideale per passare un momento conviviale nei giorni di festa. Come di consueto, poi, troverete tanti altri spunti per arricchire la vostra tavola con formaggi, erbe fresche di stagione, vini e tanti dolciumi.<\/p>\n<p><strong>Sfogliate qua gratuitamente la nostra rivista: <a href=\"https:\/\/www.turismoitinerante.com\/Rivista2021\/archivioFree.php\" target=\"_blank\" rel=\"noopener\">https:\/\/www.turismoitinerante.com\/Rivista2021\/archivioFree.php<\/a><\/strong><\/p>\n<div class=\"7863122cad8776726ec303240ed69aa5\" data-index=\"4\" style=\"float: none; margin:10px 0 10px 0; text-align:center;\">\n<script async src=\"\/\/pagead2.googlesyndication.com\/pagead\/js\/adsbygoogle.js\"><\/script>\r\n<!-- 728x90, creato 23\/02\/11 -->\r\n<ins class=\"adsbygoogle\"\r\n     style=\"display:inline-block;width:728px;height:90px\"\r\n     data-ad-client=\"ca-pub-5798583071070083\"\r\n     data-ad-slot=\"5935394872\"><\/ins>\r\n<script>\r\n(adsbygoogle = window.adsbygoogle || []).push({});\r\n<\/script>\n<\/div>\n\n<div style=\"font-size: 0px; height: 0px; line-height: 0px; margin: 0; padding: 0; clear: both;\"><\/div>","protected":false},"excerpt":{"rendered":"<p>Si riparte, tante idee per le vostre prime escursioni primaverili! La primavera \u00e8 in arrivo: il clima inizia pi\u00f9 che mai ad addolcirsi favorendo cos\u00ec tanti viaggi, escursioni e weekend fuori porta. Qualcuno sceglier\u00e0 una bella passeggiata in spiaggia per godersi una brezza di mare non pi\u00f9 cos\u00ec gelida ma, anzi, sempre pi\u00f9 tiepida, mentre [&hellip;]<\/p>\n","protected":false},"author":1,"featured_media":60021,"comment_status":"closed","ping_status":"open","sticky":false,"template":"","format":"standard","meta":{"ngg_post_thumbnail":0,"jnews-multi-image_gallery":[],"jnews_single_post":{"source_name":"","source_url":"","via_name":"","via_url":"","override_template":"0","override":[{"template":"1","single_blog_custom":"","parallax":"1","fullscreen":"1","layout":"right-sidebar","sidebar":"default-sidebar","second_sidebar":"default-sidebar","sticky_sidebar":"1","share_position":"top","share_float_style":"share-monocrhome","show_share_counter":"1","show_view_counter":"1","show_featured":"1","show_post_meta":"1","show_post_author":"1","show_post_author_image":"1","show_post_date":"1","post_date_format":"default","post_date_format_custom":"Y\/m\/d","show_post_category":"1","show_post_reading_time":"0","post_reading_time_wpm":"300","show_zoom_button":"0","zoom_button_out_step":"2","zoom_button_in_step":"3","show_post_tag":"1","show_prev_next_post":"1","show_popup_post":"1","number_popup_post":"1","show_author_box":"1","show_post_related":"0","show_inline_post_related":"0"}],"override_image_size":"0","image_override":[{"single_post_thumbnail_size":"crop-500","single_post_gallery_size":"crop-500"}],"trending_post":"0","trending_post_position":"meta","trending_post_label":"Trending","sponsored_post":"0","sponsored_post_label":"Sponsored by","sponsored_post_name":"","sponsored_post_url":"","sponsored_post_logo_enable":"0","sponsored_post_logo":"","sponsored_post_desc":"","disable_ad":"0"},"jnews_primary_category":{"id":"","hide":""},"jnews_override_counter":{"override_view_counter":"0","view_counter_number":"0","override_share_counter":"0","share_counter_number":"0","override_like_counter":"0","like_counter_number":"0","override_dislike_counter":"0","dislike_counter_number":"0"},"footnotes":""},"categories":[621],"tags":[1928],"class_list":["post-60020","post","type-post","status-publish","format-standard","has-post-thumbnail","hentry","category-info-turismo","tag-turismo-allaria-aperta"],"yoast_head":"<!-- This site is optimized with the Yoast SEO plugin v27.4 - https:\/\/yoast.com\/product\/yoast-seo-wordpress\/ -->\n<title>E\u2019 online Turismo all\u2019Aria Aperta di Marzo!<\/title>\n<meta name=\"description\" content=\"Si riparte, tante idee per le vostre prime escursioni primaverili!\" \/>\n<meta name=\"robots\" content=\"index, follow, max-snippet:-1, max-image-preview:large, max-video-preview:-1\" \/>\n<link rel=\"canonical\" href=\"https:\/\/www.turismoitinerante.com\/site\/e-online-turismo-allaria-aperta-di-marzo\/\" \/>\n<meta property=\"og:locale\" content=\"it_IT\" \/>\n<meta property=\"og:type\" content=\"article\" \/>\n<meta property=\"og:title\" content=\"E\u2019 online Turismo all\u2019Aria Aperta di Marzo!\" \/>\n<meta property=\"og:description\" content=\"Si riparte, tante idee per le vostre prime escursioni primaverili!\" \/>\n<meta property=\"og:url\" content=\"https:\/\/www.turismoitinerante.com\/site\/e-online-turismo-allaria-aperta-di-marzo\/\" \/>\n<meta property=\"og:site_name\" content=\"TI - Turismo Itinerante\" \/>\n<meta property=\"article:published_time\" content=\"2024-03-01T11:46:50+00:00\" \/>\n<meta property=\"article:modified_time\" content=\"2024-03-01T11:47:16+00:00\" \/>\n<meta property=\"og:image\" content=\"https:\/\/www.turismoitinerante.com\/site\/wp-content\/uploads\/2024\/03\/TI-Marzo.png\" \/>\n\t<meta property=\"og:image:width\" content=\"912\" \/>\n\t<meta property=\"og:image:height\" content=\"638\" \/>\n\t<meta property=\"og:image:type\" content=\"image\/png\" \/>\n<meta name=\"author\" content=\"admin\" \/>\n<meta name=\"twitter:card\" content=\"summary_large_image\" \/>\n<meta name=\"twitter:label1\" content=\"Scritto da\" \/>\n\t<meta name=\"twitter:data1\" content=\"admin\" \/>\n\t<meta name=\"twitter:label2\" content=\"Tempo di lettura stimato\" \/>\n\t<meta name=\"twitter:data2\" content=\"3 minuti\" \/>\n<script type=\"application\/ld+json\" class=\"yoast-schema-graph\">{\"@context\":\"https:\\\/\\\/schema.org\",\"@graph\":[{\"@type\":\"Article\",\"@id\":\"https:\\\/\\\/www.turismoitinerante.com\\\/site\\\/e-online-turismo-allaria-aperta-di-marzo\\\/#article\",\"isPartOf\":{\"@id\":\"https:\\\/\\\/www.turismoitinerante.com\\\/site\\\/e-online-turismo-allaria-aperta-di-marzo\\\/\"},\"author\":{\"name\":\"admin\",\"@id\":\"https:\\\/\\\/www.turismoitinerante.com\\\/site\\\/#\\\/schema\\\/person\\\/1e1238d2d1617438f3682e54bf4d6c05\"},\"headline\":\"E\u2019 online Turismo all\u2019Aria Aperta di Marzo!\",\"datePublished\":\"2024-03-01T11:46:50+00:00\",\"dateModified\":\"2024-03-01T11:47:16+00:00\",\"mainEntityOfPage\":{\"@id\":\"https:\\\/\\\/www.turismoitinerante.com\\\/site\\\/e-online-turismo-allaria-aperta-di-marzo\\\/\"},\"wordCount\":479,\"image\":{\"@id\":\"https:\\\/\\\/www.turismoitinerante.com\\\/site\\\/e-online-turismo-allaria-aperta-di-marzo\\\/#primaryimage\"},\"thumbnailUrl\":\"https:\\\/\\\/www.turismoitinerante.com\\\/site\\\/wp-content\\\/uploads\\\/2024\\\/03\\\/TI-Marzo.png\",\"keywords\":[\"Turismo All'Aria Aperta\"],\"articleSection\":[\"Turismo\"],\"inLanguage\":\"it-IT\"},{\"@type\":\"WebPage\",\"@id\":\"https:\\\/\\\/www.turismoitinerante.com\\\/site\\\/e-online-turismo-allaria-aperta-di-marzo\\\/\",\"url\":\"https:\\\/\\\/www.turismoitinerante.com\\\/site\\\/e-online-turismo-allaria-aperta-di-marzo\\\/\",\"name\":\"E\u2019 online Turismo all\u2019Aria Aperta di Marzo!\",\"isPartOf\":{\"@id\":\"https:\\\/\\\/www.turismoitinerante.com\\\/site\\\/#website\"},\"primaryImageOfPage\":{\"@id\":\"https:\\\/\\\/www.turismoitinerante.com\\\/site\\\/e-online-turismo-allaria-aperta-di-marzo\\\/#primaryimage\"},\"image\":{\"@id\":\"https:\\\/\\\/www.turismoitinerante.com\\\/site\\\/e-online-turismo-allaria-aperta-di-marzo\\\/#primaryimage\"},\"thumbnailUrl\":\"https:\\\/\\\/www.turismoitinerante.com\\\/site\\\/wp-content\\\/uploads\\\/2024\\\/03\\\/TI-Marzo.png\",\"datePublished\":\"2024-03-01T11:46:50+00:00\",\"dateModified\":\"2024-03-01T11:47:16+00:00\",\"author\":{\"@id\":\"https:\\\/\\\/www.turismoitinerante.com\\\/site\\\/#\\\/schema\\\/person\\\/1e1238d2d1617438f3682e54bf4d6c05\"},\"description\":\"Si riparte, tante idee per le vostre prime escursioni primaverili!\",\"breadcrumb\":{\"@id\":\"https:\\\/\\\/www.turismoitinerante.com\\\/site\\\/e-online-turismo-allaria-aperta-di-marzo\\\/#breadcrumb\"},\"inLanguage\":\"it-IT\",\"potentialAction\":[{\"@type\":\"ReadAction\",\"target\":[\"https:\\\/\\\/www.turismoitinerante.com\\\/site\\\/e-online-turismo-allaria-aperta-di-marzo\\\/\"]}]},{\"@type\":\"ImageObject\",\"inLanguage\":\"it-IT\",\"@id\":\"https:\\\/\\\/www.turismoitinerante.com\\\/site\\\/e-online-turismo-allaria-aperta-di-marzo\\\/#primaryimage\",\"url\":\"https:\\\/\\\/www.turismoitinerante.com\\\/site\\\/wp-content\\\/uploads\\\/2024\\\/03\\\/TI-Marzo.png\",\"contentUrl\":\"https:\\\/\\\/www.turismoitinerante.com\\\/site\\\/wp-content\\\/uploads\\\/2024\\\/03\\\/TI-Marzo.png\",\"width\":912,\"height\":638},{\"@type\":\"BreadcrumbList\",\"@id\":\"https:\\\/\\\/www.turismoitinerante.com\\\/site\\\/e-online-turismo-allaria-aperta-di-marzo\\\/#breadcrumb\",\"itemListElement\":[{\"@type\":\"ListItem\",\"position\":1,\"name\":\"Home\",\"item\":\"https:\\\/\\\/www.turismoitinerante.com\\\/site\\\/\"},{\"@type\":\"ListItem\",\"position\":2,\"name\":\"E\u2019 online Turismo all\u2019Aria Aperta di Marzo!\"}]},{\"@type\":\"WebSite\",\"@id\":\"https:\\\/\\\/www.turismoitinerante.com\\\/site\\\/#website\",\"url\":\"https:\\\/\\\/www.turismoitinerante.com\\\/site\\\/\",\"name\":\"TI - Turismo Itinerante\",\"description\":\"Ritrovarsi su internet per informarsi, per informare. Il portale del turismo itinerante. Una infinit\u00e0 di notizie su camper, itinerari, aree sosta camper, concessionari, campeggi, agriturismo, raduni, sagre, fiere, mostre, associazioni, club, forum, bacheca annunci\",\"potentialAction\":[{\"@type\":\"SearchAction\",\"target\":{\"@type\":\"EntryPoint\",\"urlTemplate\":\"https:\\\/\\\/www.turismoitinerante.com\\\/site\\\/?s={search_term_string}\"},\"query-input\":{\"@type\":\"PropertyValueSpecification\",\"valueRequired\":true,\"valueName\":\"search_term_string\"}}],\"inLanguage\":\"it-IT\"},{\"@type\":\"Person\",\"@id\":\"https:\\\/\\\/www.turismoitinerante.com\\\/site\\\/#\\\/schema\\\/person\\\/1e1238d2d1617438f3682e54bf4d6c05\",\"name\":\"admin\",\"image\":{\"@type\":\"ImageObject\",\"inLanguage\":\"it-IT\",\"@id\":\"https:\\\/\\\/secure.gravatar.com\\\/avatar\\\/9102d8c23b35e2809b07ebc42ce126daa3d6a47cce9878a22d14d9852ade629e?s=96&d=mm&r=g\",\"url\":\"https:\\\/\\\/secure.gravatar.com\\\/avatar\\\/9102d8c23b35e2809b07ebc42ce126daa3d6a47cce9878a22d14d9852ade629e?s=96&d=mm&r=g\",\"contentUrl\":\"https:\\\/\\\/secure.gravatar.com\\\/avatar\\\/9102d8c23b35e2809b07ebc42ce126daa3d6a47cce9878a22d14d9852ade629e?s=96&d=mm&r=g\",\"caption\":\"admin\"},\"url\":\"https:\\\/\\\/www.turismoitinerante.com\\\/site\\\/author\\\/admin\\\/\"}]}<\/script>\n<!-- \/ Yoast SEO plugin. -->","yoast_head_json":{"title":"E\u2019 online Turismo all\u2019Aria Aperta di Marzo!","description":"Si riparte, tante idee per le vostre prime escursioni primaverili!","robots":{"index":"index","follow":"follow","max-snippet":"max-snippet:-1","max-image-preview":"max-image-preview:large","max-video-preview":"max-video-preview:-1"},"canonical":"https:\/\/www.turismoitinerante.com\/site\/e-online-turismo-allaria-aperta-di-marzo\/","og_locale":"it_IT","og_type":"article","og_title":"E\u2019 online Turismo all\u2019Aria Aperta di Marzo!","og_description":"Si riparte, tante idee per le vostre prime escursioni primaverili!","og_url":"https:\/\/www.turismoitinerante.com\/site\/e-online-turismo-allaria-aperta-di-marzo\/","og_site_name":"TI - Turismo Itinerante","article_published_time":"2024-03-01T11:46:50+00:00","article_modified_time":"2024-03-01T11:47:16+00:00","og_image":[{"width":912,"height":638,"url":"https:\/\/www.turismoitinerante.com\/site\/wp-content\/uploads\/2024\/03\/TI-Marzo.png","type":"image\/png"}],"author":"admin","twitter_card":"summary_large_image","twitter_misc":{"Scritto da":"admin","Tempo di lettura stimato":"3 minuti"},"schema":{"@context":"https:\/\/schema.org","@graph":[{"@type":"Article","@id":"https:\/\/www.turismoitinerante.com\/site\/e-online-turismo-allaria-aperta-di-marzo\/#article","isPartOf":{"@id":"https:\/\/www.turismoitinerante.com\/site\/e-online-turismo-allaria-aperta-di-marzo\/"},"author":{"name":"admin","@id":"https:\/\/www.turismoitinerante.com\/site\/#\/schema\/person\/1e1238d2d1617438f3682e54bf4d6c05"},"headline":"E\u2019 online Turismo all\u2019Aria Aperta di Marzo!","datePublished":"2024-03-01T11:46:50+00:00","dateModified":"2024-03-01T11:47:16+00:00","mainEntityOfPage":{"@id":"https:\/\/www.turismoitinerante.com\/site\/e-online-turismo-allaria-aperta-di-marzo\/"},"wordCount":479,"image":{"@id":"https:\/\/www.turismoitinerante.com\/site\/e-online-turismo-allaria-aperta-di-marzo\/#primaryimage"},"thumbnailUrl":"https:\/\/www.turismoitinerante.com\/site\/wp-content\/uploads\/2024\/03\/TI-Marzo.png","keywords":["Turismo All'Aria Aperta"],"articleSection":["Turismo"],"inLanguage":"it-IT"},{"@type":"WebPage","@id":"https:\/\/www.turismoitinerante.com\/site\/e-online-turismo-allaria-aperta-di-marzo\/","url":"https:\/\/www.turismoitinerante.com\/site\/e-online-turismo-allaria-aperta-di-marzo\/","name":"E\u2019 online Turismo all\u2019Aria Aperta di Marzo!","isPartOf":{"@id":"https:\/\/www.turismoitinerante.com\/site\/#website"},"primaryImageOfPage":{"@id":"https:\/\/www.turismoitinerante.com\/site\/e-online-turismo-allaria-aperta-di-marzo\/#primaryimage"},"image":{"@id":"https:\/\/www.turismoitinerante.com\/site\/e-online-turismo-allaria-aperta-di-marzo\/#primaryimage"},"thumbnailUrl":"https:\/\/www.turismoitinerante.com\/site\/wp-content\/uploads\/2024\/03\/TI-Marzo.png","datePublished":"2024-03-01T11:46:50+00:00","dateModified":"2024-03-01T11:47:16+00:00","author":{"@id":"https:\/\/www.turismoitinerante.com\/site\/#\/schema\/person\/1e1238d2d1617438f3682e54bf4d6c05"},"description":"Si riparte, tante idee per le vostre prime escursioni primaverili!","breadcrumb":{"@id":"https:\/\/www.turismoitinerante.com\/site\/e-online-turismo-allaria-aperta-di-marzo\/#breadcrumb"},"inLanguage":"it-IT","potentialAction":[{"@type":"ReadAction","target":["https:\/\/www.turismoitinerante.com\/site\/e-online-turismo-allaria-aperta-di-marzo\/"]}]},{"@type":"ImageObject","inLanguage":"it-IT","@id":"https:\/\/www.turismoitinerante.com\/site\/e-online-turismo-allaria-aperta-di-marzo\/#primaryimage","url":"https:\/\/www.turismoitinerante.com\/site\/wp-content\/uploads\/2024\/03\/TI-Marzo.png","contentUrl":"https:\/\/www.turismoitinerante.com\/site\/wp-content\/uploads\/2024\/03\/TI-Marzo.png","width":912,"height":638},{"@type":"BreadcrumbList","@id":"https:\/\/www.turismoitinerante.com\/site\/e-online-turismo-allaria-aperta-di-marzo\/#breadcrumb","itemListElement":[{"@type":"ListItem","position":1,"name":"Home","item":"https:\/\/www.turismoitinerante.com\/site\/"},{"@type":"ListItem","position":2,"name":"E\u2019 online Turismo all\u2019Aria Aperta di Marzo!"}]},{"@type":"WebSite","@id":"https:\/\/www.turismoitinerante.com\/site\/#website","url":"https:\/\/www.turismoitinerante.com\/site\/","name":"TI - Turismo Itinerante","description":"Ritrovarsi su internet per informarsi, per informare. Il portale del turismo itinerante. Una infinit\u00e0 di notizie su camper, itinerari, aree sosta camper, concessionari, campeggi, agriturismo, raduni, sagre, fiere, mostre, associazioni, club, forum, bacheca annunci","potentialAction":[{"@type":"SearchAction","target":{"@type":"EntryPoint","urlTemplate":"https:\/\/www.turismoitinerante.com\/site\/?s={search_term_string}"},"query-input":{"@type":"PropertyValueSpecification","valueRequired":true,"valueName":"search_term_string"}}],"inLanguage":"it-IT"},{"@type":"Person","@id":"https:\/\/www.turismoitinerante.com\/site\/#\/schema\/person\/1e1238d2d1617438f3682e54bf4d6c05","name":"admin","image":{"@type":"ImageObject","inLanguage":"it-IT","@id":"https:\/\/secure.gravatar.com\/avatar\/9102d8c23b35e2809b07ebc42ce126daa3d6a47cce9878a22d14d9852ade629e?s=96&d=mm&r=g","url":"https:\/\/secure.gravatar.com\/avatar\/9102d8c23b35e2809b07ebc42ce126daa3d6a47cce9878a22d14d9852ade629e?s=96&d=mm&r=g","contentUrl":"https:\/\/secure.gravatar.com\/avatar\/9102d8c23b35e2809b07ebc42ce126daa3d6a47cce9878a22d14d9852ade629e?s=96&d=mm&r=g","caption":"admin"},"url":"https:\/\/www.turismoitinerante.com\/site\/author\/admin\/"}]}},"_links":{"self":[{"href":"https:\/\/www.turismoitinerante.com\/site\/wp-json\/wp\/v2\/posts\/60020","targetHints":{"allow":["GET"]}}],"collection":[{"href":"https:\/\/www.turismoitinerante.com\/site\/wp-json\/wp\/v2\/posts"}],"about":[{"href":"https:\/\/www.turismoitinerante.com\/site\/wp-json\/wp\/v2\/types\/post"}],"author":[{"embeddable":true,"href":"https:\/\/www.turismoitinerante.com\/site\/wp-json\/wp\/v2\/users\/1"}],"replies":[{"embeddable":true,"href":"https:\/\/www.turismoitinerante.com\/site\/wp-json\/wp\/v2\/comments?post=60020"}],"version-history":[{"count":1,"href":"https:\/\/www.turismoitinerante.com\/site\/wp-json\/wp\/v2\/posts\/60020\/revisions"}],"predecessor-version":[{"id":60022,"href":"https:\/\/www.turismoitinerante.com\/site\/wp-json\/wp\/v2\/posts\/60020\/revisions\/60022"}],"wp:featuredmedia":[{"embeddable":true,"href":"https:\/\/www.turismoitinerante.com\/site\/wp-json\/wp\/v2\/media\/60021"}],"wp:attachment":[{"href":"https:\/\/www.turismoitinerante.com\/site\/wp-json\/wp\/v2\/media?parent=60020"}],"wp:term":[{"taxonomy":"category","embeddable":true,"href":"https:\/\/www.turismoitinerante.com\/site\/wp-json\/wp\/v2\/categories?post=60020"},{"taxonomy":"post_tag","embeddable":true,"href":"https:\/\/www.turismoitinerante.com\/site\/wp-json\/wp\/v2\/tags?post=60020"}],"curies":[{"name":"wp","href":"https:\/\/api.w.org\/{rel}","templated":true}]}}