{"id":55275,"date":"2023-02-16T11:43:38","date_gmt":"2023-02-16T10:43:38","guid":{"rendered":"https:\/\/www.turismoitinerante.com\/site\/?p=55275"},"modified":"2023-02-16T11:43:38","modified_gmt":"2023-02-16T10:43:38","slug":"sabato-18-febbraio-torna-in-liguria-il-carnevale-dei-belli-e-brutti-di-suvero-sp","status":"publish","type":"post","link":"https:\/\/www.turismoitinerante.com\/site\/sabato-18-febbraio-torna-in-liguria-il-carnevale-dei-belli-e-brutti-di-suvero-sp\/","title":{"rendered":"Sabato 18 febbraio torna in Liguria il Carnevale dei Belli e Brutti di Suvero (SP)"},"content":{"rendered":"<div>Sabato 18 febbraio 2023 si rinnova l&#8217;appuntamento con l\u2019ancestrale Carnevale dei Belli e Brutti di Suvero, in Val di Vara che anche quest&#8217;anno sar\u00e0 patrocinato da Regione Liguria.<\/div>\n<div>La manifestazione avr\u00e0 l\u2019onore di ospitare il gruppo sardo &#8220;Sos Colonganos&#8221; proveniente da Austis paese della Barbagia di Ollolai in provincia di Nuoro che si trova quasi nel centro esatto della Sardegna.<\/div>\n<div><img decoding=\"async\" class=\"alignnone size-large wp-image-55278\" src=\"https:\/\/www.turismoitinerante.com\/site\/wp-content\/uploads\/2023\/02\/bella-1024x683.jpg\" alt=\"\" width=\"1024\" height=\"683\" srcset=\"https:\/\/www.turismoitinerante.com\/site\/wp-content\/uploads\/2023\/02\/bella-1024x683.jpg 1024w, https:\/\/www.turismoitinerante.com\/site\/wp-content\/uploads\/2023\/02\/bella-300x200.jpg 300w, https:\/\/www.turismoitinerante.com\/site\/wp-content\/uploads\/2023\/02\/bella-768x512.jpg 768w, https:\/\/www.turismoitinerante.com\/site\/wp-content\/uploads\/2023\/02\/bella-1536x1024.jpg 1536w, https:\/\/www.turismoitinerante.com\/site\/wp-content\/uploads\/2023\/02\/bella-750x500.jpg 750w, https:\/\/www.turismoitinerante.com\/site\/wp-content\/uploads\/2023\/02\/bella-1140x760.jpg 1140w, https:\/\/www.turismoitinerante.com\/site\/wp-content\/uploads\/2023\/02\/bella.jpg 2048w\" sizes=\"(max-width: 1024px) 100vw, 1024px\" \/><\/div>\n<div>\n<p>Sos Colong\u00e0nos si distinguono per l\u2019abbigliamento, senza uguali nei carnevali della Sardegna. In testa portano pelli di volpe o di martora, sul viso una maschera di sughero nera nascosta sotto rametti e foglie di corbezzolo pianta sempreverde che ha in se contemporaneamente fiori e frutti come auspicio di fertilit\u00e0 continua; indossano lunghe e scure pelli di capra ritenute necessarie ad invocare la pioggia; portano sulle spalle un carico di ossi di animali, l&#8217;uso degli ossi ha il significato rituale della rigenerazione perch\u00e9 dall&#8217;osso si rigenera la vita. In mano hanno un bastone o un forcone. Il nome Colonganos deriva dal greco Kolos ossia \u201ccolui che si veste di pelli\u201d.<\/p>\n<div>Dell\u2019antico rito fa parte s\u2019Urtzu, vittima sacrificale che indossa una pelle di cinghiale completa di testa, il viso imbrattato di carbone rappresenta colui che viene percosso, martoriato. \u00c8 tenuto alla fune da alcuni bardi\u00e0nos (guardiani) dal viso nero, vestiti con pastrano di orbace e cambales e muniti di bastoni.<\/div>\n<\/div>\n<div>&nbsp;<\/div>\n<div>Il programma del Carnevale di Suvero prevede il raduno dei &#8216;mascheri&#8217; (cos\u00ec vengono chiamati i Belli e Brutti in Val di Vara), tradizionale per i soli abitanti del luogo, per l\u2019inizio del giro dei poderi tra musica, canti e prodotti offerti ai mascheri dai mezzadri.<\/div>\n<div><img decoding=\"async\" class=\"alignnone  wp-image-55279\" src=\"https:\/\/www.turismoitinerante.com\/site\/wp-content\/uploads\/2023\/02\/suvero-576x1024.jpg\" alt=\"\" width=\"750\" height=\"1333\" srcset=\"https:\/\/www.turismoitinerante.com\/site\/wp-content\/uploads\/2023\/02\/suvero-576x1024.jpg 576w, https:\/\/www.turismoitinerante.com\/site\/wp-content\/uploads\/2023\/02\/suvero-169x300.jpg 169w, https:\/\/www.turismoitinerante.com\/site\/wp-content\/uploads\/2023\/02\/suvero-768x1365.jpg 768w, https:\/\/www.turismoitinerante.com\/site\/wp-content\/uploads\/2023\/02\/suvero-864x1536.jpg 864w, https:\/\/www.turismoitinerante.com\/site\/wp-content\/uploads\/2023\/02\/suvero-750x1333.jpg 750w, https:\/\/www.turismoitinerante.com\/site\/wp-content\/uploads\/2023\/02\/suvero.jpg 900w\" sizes=\"(max-width: 750px) 100vw, 750px\" \/><\/div>\n<div>&nbsp;<\/div>\n<div>Dalle 15.00 a Suvero ecco che inizier\u00e0 la tradizionale sfilata nel centro del paese dei &#8216;Belli e dei Brutti&#8217; insieme ai Sos Colonganos, con musica, canti e punti ristoro preparati dagli abitanti con tante specialit\u00e0 e buon vino.<\/div>\n<div>La sera chiusura dell&#8217;intensa giornata con la cena conviviale e nottata disco al Cuccaro Club sopra la stupenda pineta Suvero.<\/div>\n<div>&nbsp;<\/div>\n<div>ll Carnevale dei Belli e Brutti \u00e8 sempre stato gelosamente conservato all&#8217;interno del paese di Suvero, in Val di Vara nella provincia di La Spezia, e tramandato di generazione in generazione senza nessun clamore ma preservato come tradizione quasi familiare e paesana. La peculiarit\u00e0 di questo carnevale \u00e8 che si trova esclusivamente nel territorio di Suvero ed \u00e8 una caratteristica unica nel territorio ligure: le sue maschere tradizionali sono i Belli e i Brutti, i primi indossano abiti dai colori sgargianti, pizzi, perline e campanellini, i secondi utilizzano velli di capra e indossano in testa lunghe e grosse corna, la faccia \u00e8 tinta di nero oppure indossano orribili maschere e in vita legano campanacci da mucca che scuotono mentre camminano. La sfilata ha inizio al suono di particolari Lumache.<\/div>\n<div>&nbsp;<\/div>\n<div>\n<div>Solo ultimamente, nell&#8217;ultimo decennio, si \u00e8 inteso valorizzare questo carnevale uscendo anche al di fuori della Liguria partecipando a varie manifestazioni in varie localit\u00e0 italiane.<\/div>\n<\/div>\n<div><img decoding=\"async\" class=\"alignnone size-large wp-image-55219\" src=\"https:\/\/www.turismoitinerante.com\/site\/wp-content\/uploads\/2023\/02\/locandina2023-724x1024.jpg\" alt=\"\" width=\"724\" height=\"1024\" srcset=\"https:\/\/www.turismoitinerante.com\/site\/wp-content\/uploads\/2023\/02\/locandina2023-724x1024.jpg 724w, https:\/\/www.turismoitinerante.com\/site\/wp-content\/uploads\/2023\/02\/locandina2023-212x300.jpg 212w, https:\/\/www.turismoitinerante.com\/site\/wp-content\/uploads\/2023\/02\/locandina2023-768x1086.jpg 768w, https:\/\/www.turismoitinerante.com\/site\/wp-content\/uploads\/2023\/02\/locandina2023-750x1061.jpg 750w, https:\/\/www.turismoitinerante.com\/site\/wp-content\/uploads\/2023\/02\/locandina2023.jpg 1024w\" sizes=\"(max-width: 724px) 100vw, 724px\" \/><\/div>\n<div><strong>Info:<\/strong><br \/>\nAssociazione del Carnevale dei belli e Brutti di Suvero &#8211; <a href=\"http:\/\/www.carnevaledisuvero.it\">www.carnevaledisuvero.it<\/a><br \/>\nFacebook: <a href=\"http:\/\/www.facebook.com\/carnevaledisuvero\">www.facebook.com\/carnevaledisuvero<\/a><\/div>\n<div class=\"7863122cad8776726ec303240ed69aa5\" data-index=\"4\" style=\"float: none; margin:10px 0 10px 0; text-align:center;\">\n<script async src=\"\/\/pagead2.googlesyndication.com\/pagead\/js\/adsbygoogle.js\"><\/script>\r\n<!-- 728x90, creato 23\/02\/11 -->\r\n<ins class=\"adsbygoogle\"\r\n     style=\"display:inline-block;width:728px;height:90px\"\r\n     data-ad-client=\"ca-pub-5798583071070083\"\r\n     data-ad-slot=\"5935394872\"><\/ins>\r\n<script>\r\n(adsbygoogle = window.adsbygoogle || []).push({});\r\n<\/script>\n<\/div>\n\n<div style=\"font-size: 0px; height: 0px; line-height: 0px; margin: 0; padding: 0; clear: both;\"><\/div>","protected":false},"excerpt":{"rendered":"<p>Sabato 18 febbraio 2023 si rinnova l&#8217;appuntamento con l\u2019ancestrale Carnevale dei Belli e Brutti di Suvero, in Val di Vara che anche quest&#8217;anno sar\u00e0 patrocinato da Regione Liguria. La manifestazione avr\u00e0 l\u2019onore di ospitare il gruppo sardo &#8220;Sos Colonganos&#8221; proveniente da Austis paese della Barbagia di Ollolai in provincia di Nuoro che si trova quasi [&hellip;]<\/p>\n","protected":false},"author":1,"featured_media":55276,"comment_status":"closed","ping_status":"open","sticky":false,"template":"","format":"standard","meta":{"ngg_post_thumbnail":0,"jnews-multi-image_gallery":[],"jnews_single_post":{"source_name":"","source_url":"","via_name":"","via_url":"","override_template":"0","override":[{"template":"1","single_blog_custom":"","parallax":"1","fullscreen":"1","layout":"right-sidebar","sidebar":"default-sidebar","second_sidebar":"default-sidebar","sticky_sidebar":"1","share_position":"top","share_float_style":"share-monocrhome","show_share_counter":"1","show_view_counter":"1","show_featured":"1","show_post_meta":"1","show_post_author":"1","show_post_author_image":"1","show_post_date":"1","post_date_format":"default","post_date_format_custom":"Y\/m\/d","show_post_category":"1","show_post_reading_time":"0","post_reading_time_wpm":"300","show_zoom_button":"0","zoom_button_out_step":"2","zoom_button_in_step":"3","show_post_tag":"1","show_prev_next_post":"1","show_popup_post":"1","number_popup_post":"1","show_author_box":"1","show_post_related":"0","show_inline_post_related":"0"}],"override_image_size":"0","image_override":[{"single_post_thumbnail_size":"crop-500","single_post_gallery_size":"crop-500"}],"trending_post":"0","trending_post_position":"meta","trending_post_label":"Trending","sponsored_post":"0","sponsored_post_label":"Sponsored by","sponsored_post_name":"","sponsored_post_url":"","sponsored_post_logo_enable":"0","sponsored_post_logo":"","sponsored_post_desc":"","disable_ad":"0"},"jnews_primary_category":{"id":"","hide":""},"jnews_override_counter":{"override_view_counter":"0","view_counter_number":"0","override_share_counter":"0","share_counter_number":"0","override_like_counter":"0","like_counter_number":"0","override_dislike_counter":"0","dislike_counter_number":"0"},"footnotes":""},"categories":[621],"tags":[432,607],"class_list":["post-55275","post","type-post","status-publish","format-standard","has-post-thumbnail","hentry","category-info-turismo","tag-carnevale","tag-liguria"],"yoast_head":"<!-- This site is optimized with the Yoast SEO plugin v27.4 - https:\/\/yoast.com\/product\/yoast-seo-wordpress\/ -->\n<title>Sabato 18 febbraio torna in Liguria il Carnevale dei Belli e Brutti di Suvero (SP)<\/title>\n<meta name=\"description\" content=\"Sabato 18 febbraio 2023 si rinnova l&#039;appuntamento con l\u2019ancestrale Carnevale dei Belli e Brutti di Suvero, in Val di Vara\" \/>\n<meta name=\"robots\" content=\"index, follow, max-snippet:-1, max-image-preview:large, max-video-preview:-1\" \/>\n<link rel=\"canonical\" href=\"https:\/\/www.turismoitinerante.com\/site\/sabato-18-febbraio-torna-in-liguria-il-carnevale-dei-belli-e-brutti-di-suvero-sp\/\" \/>\n<meta property=\"og:locale\" content=\"it_IT\" \/>\n<meta property=\"og:type\" content=\"article\" \/>\n<meta property=\"og:title\" content=\"Sabato 18 febbraio torna in Liguria il Carnevale dei Belli e Brutti di Suvero (SP)\" \/>\n<meta property=\"og:description\" content=\"Sabato 18 febbraio 2023 si rinnova l&#039;appuntamento con l\u2019ancestrale Carnevale dei Belli e Brutti di Suvero, in Val di Vara\" \/>\n<meta property=\"og:url\" content=\"https:\/\/www.turismoitinerante.com\/site\/sabato-18-febbraio-torna-in-liguria-il-carnevale-dei-belli-e-brutti-di-suvero-sp\/\" \/>\n<meta property=\"og:site_name\" content=\"TI - Turismo Itinerante\" \/>\n<meta property=\"article:published_time\" content=\"2023-02-16T10:43:38+00:00\" \/>\n<meta property=\"og:image\" content=\"https:\/\/www.turismoitinerante.com\/site\/wp-content\/uploads\/2023\/02\/striscio.jpg\" \/>\n\t<meta property=\"og:image:width\" content=\"2048\" \/>\n\t<meta property=\"og:image:height\" content=\"1365\" \/>\n\t<meta property=\"og:image:type\" content=\"image\/jpeg\" \/>\n<meta name=\"author\" content=\"admin\" \/>\n<meta name=\"twitter:card\" content=\"summary_large_image\" \/>\n<meta name=\"twitter:label1\" content=\"Scritto da\" \/>\n\t<meta name=\"twitter:data1\" content=\"admin\" \/>\n\t<meta name=\"twitter:label2\" content=\"Tempo di lettura stimato\" \/>\n\t<meta name=\"twitter:data2\" content=\"4 minuti\" \/>\n<script type=\"application\/ld+json\" class=\"yoast-schema-graph\">{\"@context\":\"https:\\\/\\\/schema.org\",\"@graph\":[{\"@type\":\"Article\",\"@id\":\"https:\\\/\\\/www.turismoitinerante.com\\\/site\\\/sabato-18-febbraio-torna-in-liguria-il-carnevale-dei-belli-e-brutti-di-suvero-sp\\\/#article\",\"isPartOf\":{\"@id\":\"https:\\\/\\\/www.turismoitinerante.com\\\/site\\\/sabato-18-febbraio-torna-in-liguria-il-carnevale-dei-belli-e-brutti-di-suvero-sp\\\/\"},\"author\":{\"name\":\"admin\",\"@id\":\"https:\\\/\\\/www.turismoitinerante.com\\\/site\\\/#\\\/schema\\\/person\\\/1e1238d2d1617438f3682e54bf4d6c05\"},\"headline\":\"Sabato 18 febbraio torna in Liguria il Carnevale dei Belli e Brutti di Suvero (SP)\",\"datePublished\":\"2023-02-16T10:43:38+00:00\",\"mainEntityOfPage\":{\"@id\":\"https:\\\/\\\/www.turismoitinerante.com\\\/site\\\/sabato-18-febbraio-torna-in-liguria-il-carnevale-dei-belli-e-brutti-di-suvero-sp\\\/\"},\"wordCount\":511,\"image\":{\"@id\":\"https:\\\/\\\/www.turismoitinerante.com\\\/site\\\/sabato-18-febbraio-torna-in-liguria-il-carnevale-dei-belli-e-brutti-di-suvero-sp\\\/#primaryimage\"},\"thumbnailUrl\":\"https:\\\/\\\/www.turismoitinerante.com\\\/site\\\/wp-content\\\/uploads\\\/2023\\\/02\\\/striscio.jpg\",\"keywords\":[\"carnevale\",\"Liguria\"],\"articleSection\":[\"Turismo\"],\"inLanguage\":\"it-IT\"},{\"@type\":\"WebPage\",\"@id\":\"https:\\\/\\\/www.turismoitinerante.com\\\/site\\\/sabato-18-febbraio-torna-in-liguria-il-carnevale-dei-belli-e-brutti-di-suvero-sp\\\/\",\"url\":\"https:\\\/\\\/www.turismoitinerante.com\\\/site\\\/sabato-18-febbraio-torna-in-liguria-il-carnevale-dei-belli-e-brutti-di-suvero-sp\\\/\",\"name\":\"Sabato 18 febbraio torna in Liguria il Carnevale dei Belli e Brutti di Suvero (SP)\",\"isPartOf\":{\"@id\":\"https:\\\/\\\/www.turismoitinerante.com\\\/site\\\/#website\"},\"primaryImageOfPage\":{\"@id\":\"https:\\\/\\\/www.turismoitinerante.com\\\/site\\\/sabato-18-febbraio-torna-in-liguria-il-carnevale-dei-belli-e-brutti-di-suvero-sp\\\/#primaryimage\"},\"image\":{\"@id\":\"https:\\\/\\\/www.turismoitinerante.com\\\/site\\\/sabato-18-febbraio-torna-in-liguria-il-carnevale-dei-belli-e-brutti-di-suvero-sp\\\/#primaryimage\"},\"thumbnailUrl\":\"https:\\\/\\\/www.turismoitinerante.com\\\/site\\\/wp-content\\\/uploads\\\/2023\\\/02\\\/striscio.jpg\",\"datePublished\":\"2023-02-16T10:43:38+00:00\",\"author\":{\"@id\":\"https:\\\/\\\/www.turismoitinerante.com\\\/site\\\/#\\\/schema\\\/person\\\/1e1238d2d1617438f3682e54bf4d6c05\"},\"description\":\"Sabato 18 febbraio 2023 si rinnova l'appuntamento con l\u2019ancestrale Carnevale dei Belli e Brutti di Suvero, in Val di Vara\",\"breadcrumb\":{\"@id\":\"https:\\\/\\\/www.turismoitinerante.com\\\/site\\\/sabato-18-febbraio-torna-in-liguria-il-carnevale-dei-belli-e-brutti-di-suvero-sp\\\/#breadcrumb\"},\"inLanguage\":\"it-IT\",\"potentialAction\":[{\"@type\":\"ReadAction\",\"target\":[\"https:\\\/\\\/www.turismoitinerante.com\\\/site\\\/sabato-18-febbraio-torna-in-liguria-il-carnevale-dei-belli-e-brutti-di-suvero-sp\\\/\"]}]},{\"@type\":\"ImageObject\",\"inLanguage\":\"it-IT\",\"@id\":\"https:\\\/\\\/www.turismoitinerante.com\\\/site\\\/sabato-18-febbraio-torna-in-liguria-il-carnevale-dei-belli-e-brutti-di-suvero-sp\\\/#primaryimage\",\"url\":\"https:\\\/\\\/www.turismoitinerante.com\\\/site\\\/wp-content\\\/uploads\\\/2023\\\/02\\\/striscio.jpg\",\"contentUrl\":\"https:\\\/\\\/www.turismoitinerante.com\\\/site\\\/wp-content\\\/uploads\\\/2023\\\/02\\\/striscio.jpg\",\"width\":2048,\"height\":1365},{\"@type\":\"BreadcrumbList\",\"@id\":\"https:\\\/\\\/www.turismoitinerante.com\\\/site\\\/sabato-18-febbraio-torna-in-liguria-il-carnevale-dei-belli-e-brutti-di-suvero-sp\\\/#breadcrumb\",\"itemListElement\":[{\"@type\":\"ListItem\",\"position\":1,\"name\":\"Home\",\"item\":\"https:\\\/\\\/www.turismoitinerante.com\\\/site\\\/\"},{\"@type\":\"ListItem\",\"position\":2,\"name\":\"Sabato 18 febbraio torna in Liguria il Carnevale dei Belli e Brutti di Suvero (SP)\"}]},{\"@type\":\"WebSite\",\"@id\":\"https:\\\/\\\/www.turismoitinerante.com\\\/site\\\/#website\",\"url\":\"https:\\\/\\\/www.turismoitinerante.com\\\/site\\\/\",\"name\":\"TI - Turismo Itinerante\",\"description\":\"Ritrovarsi su internet per informarsi, per informare. Il portale del turismo itinerante. Una infinit\u00e0 di notizie su camper, itinerari, aree sosta camper, concessionari, campeggi, agriturismo, raduni, sagre, fiere, mostre, associazioni, club, forum, bacheca annunci\",\"potentialAction\":[{\"@type\":\"SearchAction\",\"target\":{\"@type\":\"EntryPoint\",\"urlTemplate\":\"https:\\\/\\\/www.turismoitinerante.com\\\/site\\\/?s={search_term_string}\"},\"query-input\":{\"@type\":\"PropertyValueSpecification\",\"valueRequired\":true,\"valueName\":\"search_term_string\"}}],\"inLanguage\":\"it-IT\"},{\"@type\":\"Person\",\"@id\":\"https:\\\/\\\/www.turismoitinerante.com\\\/site\\\/#\\\/schema\\\/person\\\/1e1238d2d1617438f3682e54bf4d6c05\",\"name\":\"admin\",\"image\":{\"@type\":\"ImageObject\",\"inLanguage\":\"it-IT\",\"@id\":\"https:\\\/\\\/secure.gravatar.com\\\/avatar\\\/9102d8c23b35e2809b07ebc42ce126daa3d6a47cce9878a22d14d9852ade629e?s=96&d=mm&r=g\",\"url\":\"https:\\\/\\\/secure.gravatar.com\\\/avatar\\\/9102d8c23b35e2809b07ebc42ce126daa3d6a47cce9878a22d14d9852ade629e?s=96&d=mm&r=g\",\"contentUrl\":\"https:\\\/\\\/secure.gravatar.com\\\/avatar\\\/9102d8c23b35e2809b07ebc42ce126daa3d6a47cce9878a22d14d9852ade629e?s=96&d=mm&r=g\",\"caption\":\"admin\"},\"url\":\"https:\\\/\\\/www.turismoitinerante.com\\\/site\\\/author\\\/admin\\\/\"}]}<\/script>\n<!-- \/ Yoast SEO plugin. -->","yoast_head_json":{"title":"Sabato 18 febbraio torna in Liguria il Carnevale dei Belli e Brutti di Suvero (SP)","description":"Sabato 18 febbraio 2023 si rinnova l'appuntamento con l\u2019ancestrale Carnevale dei Belli e Brutti di Suvero, in Val di Vara","robots":{"index":"index","follow":"follow","max-snippet":"max-snippet:-1","max-image-preview":"max-image-preview:large","max-video-preview":"max-video-preview:-1"},"canonical":"https:\/\/www.turismoitinerante.com\/site\/sabato-18-febbraio-torna-in-liguria-il-carnevale-dei-belli-e-brutti-di-suvero-sp\/","og_locale":"it_IT","og_type":"article","og_title":"Sabato 18 febbraio torna in Liguria il Carnevale dei Belli e Brutti di Suvero (SP)","og_description":"Sabato 18 febbraio 2023 si rinnova l'appuntamento con l\u2019ancestrale Carnevale dei Belli e Brutti di Suvero, in Val di Vara","og_url":"https:\/\/www.turismoitinerante.com\/site\/sabato-18-febbraio-torna-in-liguria-il-carnevale-dei-belli-e-brutti-di-suvero-sp\/","og_site_name":"TI - Turismo Itinerante","article_published_time":"2023-02-16T10:43:38+00:00","og_image":[{"width":2048,"height":1365,"url":"https:\/\/www.turismoitinerante.com\/site\/wp-content\/uploads\/2023\/02\/striscio.jpg","type":"image\/jpeg"}],"author":"admin","twitter_card":"summary_large_image","twitter_misc":{"Scritto da":"admin","Tempo di lettura stimato":"4 minuti"},"schema":{"@context":"https:\/\/schema.org","@graph":[{"@type":"Article","@id":"https:\/\/www.turismoitinerante.com\/site\/sabato-18-febbraio-torna-in-liguria-il-carnevale-dei-belli-e-brutti-di-suvero-sp\/#article","isPartOf":{"@id":"https:\/\/www.turismoitinerante.com\/site\/sabato-18-febbraio-torna-in-liguria-il-carnevale-dei-belli-e-brutti-di-suvero-sp\/"},"author":{"name":"admin","@id":"https:\/\/www.turismoitinerante.com\/site\/#\/schema\/person\/1e1238d2d1617438f3682e54bf4d6c05"},"headline":"Sabato 18 febbraio torna in Liguria il Carnevale dei Belli e Brutti di Suvero (SP)","datePublished":"2023-02-16T10:43:38+00:00","mainEntityOfPage":{"@id":"https:\/\/www.turismoitinerante.com\/site\/sabato-18-febbraio-torna-in-liguria-il-carnevale-dei-belli-e-brutti-di-suvero-sp\/"},"wordCount":511,"image":{"@id":"https:\/\/www.turismoitinerante.com\/site\/sabato-18-febbraio-torna-in-liguria-il-carnevale-dei-belli-e-brutti-di-suvero-sp\/#primaryimage"},"thumbnailUrl":"https:\/\/www.turismoitinerante.com\/site\/wp-content\/uploads\/2023\/02\/striscio.jpg","keywords":["carnevale","Liguria"],"articleSection":["Turismo"],"inLanguage":"it-IT"},{"@type":"WebPage","@id":"https:\/\/www.turismoitinerante.com\/site\/sabato-18-febbraio-torna-in-liguria-il-carnevale-dei-belli-e-brutti-di-suvero-sp\/","url":"https:\/\/www.turismoitinerante.com\/site\/sabato-18-febbraio-torna-in-liguria-il-carnevale-dei-belli-e-brutti-di-suvero-sp\/","name":"Sabato 18 febbraio torna in Liguria il Carnevale dei Belli e Brutti di Suvero (SP)","isPartOf":{"@id":"https:\/\/www.turismoitinerante.com\/site\/#website"},"primaryImageOfPage":{"@id":"https:\/\/www.turismoitinerante.com\/site\/sabato-18-febbraio-torna-in-liguria-il-carnevale-dei-belli-e-brutti-di-suvero-sp\/#primaryimage"},"image":{"@id":"https:\/\/www.turismoitinerante.com\/site\/sabato-18-febbraio-torna-in-liguria-il-carnevale-dei-belli-e-brutti-di-suvero-sp\/#primaryimage"},"thumbnailUrl":"https:\/\/www.turismoitinerante.com\/site\/wp-content\/uploads\/2023\/02\/striscio.jpg","datePublished":"2023-02-16T10:43:38+00:00","author":{"@id":"https:\/\/www.turismoitinerante.com\/site\/#\/schema\/person\/1e1238d2d1617438f3682e54bf4d6c05"},"description":"Sabato 18 febbraio 2023 si rinnova l'appuntamento con l\u2019ancestrale Carnevale dei Belli e Brutti di Suvero, in Val di Vara","breadcrumb":{"@id":"https:\/\/www.turismoitinerante.com\/site\/sabato-18-febbraio-torna-in-liguria-il-carnevale-dei-belli-e-brutti-di-suvero-sp\/#breadcrumb"},"inLanguage":"it-IT","potentialAction":[{"@type":"ReadAction","target":["https:\/\/www.turismoitinerante.com\/site\/sabato-18-febbraio-torna-in-liguria-il-carnevale-dei-belli-e-brutti-di-suvero-sp\/"]}]},{"@type":"ImageObject","inLanguage":"it-IT","@id":"https:\/\/www.turismoitinerante.com\/site\/sabato-18-febbraio-torna-in-liguria-il-carnevale-dei-belli-e-brutti-di-suvero-sp\/#primaryimage","url":"https:\/\/www.turismoitinerante.com\/site\/wp-content\/uploads\/2023\/02\/striscio.jpg","contentUrl":"https:\/\/www.turismoitinerante.com\/site\/wp-content\/uploads\/2023\/02\/striscio.jpg","width":2048,"height":1365},{"@type":"BreadcrumbList","@id":"https:\/\/www.turismoitinerante.com\/site\/sabato-18-febbraio-torna-in-liguria-il-carnevale-dei-belli-e-brutti-di-suvero-sp\/#breadcrumb","itemListElement":[{"@type":"ListItem","position":1,"name":"Home","item":"https:\/\/www.turismoitinerante.com\/site\/"},{"@type":"ListItem","position":2,"name":"Sabato 18 febbraio torna in Liguria il Carnevale dei Belli e Brutti di Suvero (SP)"}]},{"@type":"WebSite","@id":"https:\/\/www.turismoitinerante.com\/site\/#website","url":"https:\/\/www.turismoitinerante.com\/site\/","name":"TI - Turismo Itinerante","description":"Ritrovarsi su internet per informarsi, per informare. Il portale del turismo itinerante. Una infinit\u00e0 di notizie su camper, itinerari, aree sosta camper, concessionari, campeggi, agriturismo, raduni, sagre, fiere, mostre, associazioni, club, forum, bacheca annunci","potentialAction":[{"@type":"SearchAction","target":{"@type":"EntryPoint","urlTemplate":"https:\/\/www.turismoitinerante.com\/site\/?s={search_term_string}"},"query-input":{"@type":"PropertyValueSpecification","valueRequired":true,"valueName":"search_term_string"}}],"inLanguage":"it-IT"},{"@type":"Person","@id":"https:\/\/www.turismoitinerante.com\/site\/#\/schema\/person\/1e1238d2d1617438f3682e54bf4d6c05","name":"admin","image":{"@type":"ImageObject","inLanguage":"it-IT","@id":"https:\/\/secure.gravatar.com\/avatar\/9102d8c23b35e2809b07ebc42ce126daa3d6a47cce9878a22d14d9852ade629e?s=96&d=mm&r=g","url":"https:\/\/secure.gravatar.com\/avatar\/9102d8c23b35e2809b07ebc42ce126daa3d6a47cce9878a22d14d9852ade629e?s=96&d=mm&r=g","contentUrl":"https:\/\/secure.gravatar.com\/avatar\/9102d8c23b35e2809b07ebc42ce126daa3d6a47cce9878a22d14d9852ade629e?s=96&d=mm&r=g","caption":"admin"},"url":"https:\/\/www.turismoitinerante.com\/site\/author\/admin\/"}]}},"_links":{"self":[{"href":"https:\/\/www.turismoitinerante.com\/site\/wp-json\/wp\/v2\/posts\/55275","targetHints":{"allow":["GET"]}}],"collection":[{"href":"https:\/\/www.turismoitinerante.com\/site\/wp-json\/wp\/v2\/posts"}],"about":[{"href":"https:\/\/www.turismoitinerante.com\/site\/wp-json\/wp\/v2\/types\/post"}],"author":[{"embeddable":true,"href":"https:\/\/www.turismoitinerante.com\/site\/wp-json\/wp\/v2\/users\/1"}],"replies":[{"embeddable":true,"href":"https:\/\/www.turismoitinerante.com\/site\/wp-json\/wp\/v2\/comments?post=55275"}],"version-history":[{"count":2,"href":"https:\/\/www.turismoitinerante.com\/site\/wp-json\/wp\/v2\/posts\/55275\/revisions"}],"predecessor-version":[{"id":55281,"href":"https:\/\/www.turismoitinerante.com\/site\/wp-json\/wp\/v2\/posts\/55275\/revisions\/55281"}],"wp:featuredmedia":[{"embeddable":true,"href":"https:\/\/www.turismoitinerante.com\/site\/wp-json\/wp\/v2\/media\/55276"}],"wp:attachment":[{"href":"https:\/\/www.turismoitinerante.com\/site\/wp-json\/wp\/v2\/media?parent=55275"}],"wp:term":[{"taxonomy":"category","embeddable":true,"href":"https:\/\/www.turismoitinerante.com\/site\/wp-json\/wp\/v2\/categories?post=55275"},{"taxonomy":"post_tag","embeddable":true,"href":"https:\/\/www.turismoitinerante.com\/site\/wp-json\/wp\/v2\/tags?post=55275"}],"curies":[{"name":"wp","href":"https:\/\/api.w.org\/{rel}","templated":true}]}}