{"id":55091,"date":"2023-01-26T11:47:40","date_gmt":"2023-01-26T10:47:40","guid":{"rendered":"https:\/\/www.turismoitinerante.com\/site\/?p=55091"},"modified":"2023-01-26T11:47:40","modified_gmt":"2023-01-26T10:47:40","slug":"antiqua-2023-28-gennaio-al-5-febbraio-porto-antico-di-genova","status":"publish","type":"post","link":"https:\/\/www.turismoitinerante.com\/site\/antiqua-2023-28-gennaio-al-5-febbraio-porto-antico-di-genova\/","title":{"rendered":"Antiqua 2023, nel segno del mare dal 28 gennaio al 5 febbraio al Porto Antico di Genova"},"content":{"rendered":"<p class=\"m_6329833190410311576text-build-content\">Dopo il profumo dei fiori dell\u2019edizione 2022 dedicata a Euroflora, arriva il sapore del mare. In onore di The Ocean Race \u2013 Genova The Grand Finale, la 32^ edizione di&nbsp;<span class=\"il\">ANTIQUA<\/span>&nbsp;\u2013 Mostra Mercato di Arte Antica sar\u00e0 dedicata al tema marino.<u><\/u><u><\/u><\/p>\n<p class=\"m_6329833190410311576text-build-content\">La manifestazione, in programma nei Magazzini del Cotone del Porto Antico di Genova dal 28 gennaio al 5 febbraio, \u00e8 stata presentata oggi al Galata Museo del Mare e della Navigazione da Mauro Ferrando, presidente di Porto Antico di Genova Spa, con gli interventi dell\u2019Assessore allo Sviluppo Economico di Regione Liguria Andrea Benveduti, dell\u2019assessore all\u2019Urbanistica e al Demanio marittimo Mario Mascia, del direttore territoriale Liguria BPER Banca Luigi Zanti, del direttore della Galleria d\u2019Arte Moderna di Genova Francesca Serrati e del curatore del Galata Gianni Carosio. &nbsp;A fare gli onori di casa Nicoletta Viziano, presidente del Mu.Ma.<u><\/u><u><\/u><\/p>\n<p class=\"m_6329833190410311576text-build-content\"><span class=\"il\">ANTIQUA<\/span>&nbsp;vedr\u00e0 la partecipazione di&nbsp;<b>trentacinque espositori&nbsp;<\/b>provenienti da tutta Italia con una ricercata e ampia galleria di&nbsp;<b>arredi di alta epoca, sculture, tappeti pregiati, dipinti a partire dal Seicento con un poderoso excursus nella pittura ligure del XIX e XX secolo, argenti e gioielli, sculture lignee e in marmo, ceramiche, vetri artistici, libri e stampe<\/b>.<u><\/u><u><\/u><\/p>\n<p class=\"m_6329833190410311576text-build-content\">Il \u201cfilo blu\u201d toccher\u00e0 tutte le forme d\u2019arte: carte, modelli, strumenti, attrezzature e arredi di bordo, antichi volumi, ritratti di velieri e vapori, marine, argenterie e gioielli.&nbsp;<b>Tre sezioni speciali sono state realizzate grazie alla collaborazione con Galata &#8211; Museo del Mare e della Navigazione, Galleria d\u2019arte Moderna di Genova e La Galleria Corporate Collection di BPER Banca.<\/b><u><\/u><u><\/u><\/p>\n<p class=\"m_6329833190410311576text-build-content\">\u201c<i><span class=\"il\">Antiqua<\/span>&nbsp;si conferma una delle mostre di antiquariato pi\u00f9 longeve in Italia \u2013<\/i>&nbsp;ha sottolineato il presidente<b>&nbsp;Ferrando<\/b>&nbsp;\u2013&nbsp;<i>anche grazie a una formula attenta a creare collegamenti con gli eventi pi\u00f9 significativi in citt\u00e0, oltre a reti di collaborazione sul piano culturale e operativo. Siamo orgogliosi della fiducia che \u2013 partecipando all\u2019esposizione \u2013 ci riconoscono espositori di altissimo livello. La passione per l\u2019arte e per il bello vanno oltre le mode del momento\u201c<\/i>.<u><\/u><u><\/u><\/p>\n<p class=\"m_6329833190410311576text-build-content\">&#8220;<i>Sar\u00e0 appassionante riscoprire la storia dei mobili d&#8217;epoca, i dipinti, gli argenti e tutti i preziosi oggetti di alto antiquariato che espositori italiani ed esteri hanno portato a Genova per la settimana di&nbsp;<span class=\"il\">Antiqua<\/span>&nbsp;&#8211;&nbsp;<\/i>sottolinea&nbsp;<b>Andrea Benveduti<\/b>&nbsp;<i>&#8211; In un&#8217;edizione, la 32esima della sua storia, che si appresta ad essere ancor pi\u00f9 ancorata alla tradizione ligure, con percorsi espositivi e collaterali ispirati al mare in omaggio dell&#8217;arrivo a giugno della &#8216;The Ocean Race &#8211; The Grand Finale<\/i>&#8216;&#8221;.<u><\/u><u><\/u><\/p>\n<p class=\"m_6329833190410311576text-build-content\"><i>\u00abSar\u00e0 il mare, declinato nelle diverse forme artistiche sul tema, il filo conduttore di&nbsp;<span class=\"il\">Antiqua<\/span>&nbsp;2023, che si apre nella ormai consueta sede dei Magazzini del Cotone al Porto Antico \u2013<\/i>&nbsp;ha commentato&nbsp;<b>Mario Mascia<i>&nbsp;<\/i><\/b><i>&#8211; La 32esima edizione della mostra mercato di arte antica, che per una settimana trasformer\u00e0 Genova nella capitale dell\u2019antiquariato, quest\u2019anno omaggia The Ocean Race \u2013 The Grand Finale presentando alcune sezioni speciali sul tema marino, in collaborazione con il Museo del Mare della Navigazione e con la Galleria d\u2019arte Moderna dei Musei di Nervi\u00bb.<\/i><u><\/u><u><\/u><\/p>\n<p class=\"m_6329833190410311576text-build-content\"><i>\u201cIl Mu.MA e il Galata Museo del Mare \u2013<\/i>&nbsp;ha affermato<b>&nbsp;Nicoletta Viziano<\/b><i>&nbsp;&#8211; non potevano mancare in un\u2019edizione speciale come quella di&nbsp;<span class=\"il\">Antiqua<\/span>&nbsp;2023 dedicata al mare e a The Ocean Race che vedr\u00e0 Genova protagonista con il Grand Finale dal 24 giugno al 2 luglio prossimi nel Waterfront di Levante. Dalle ricostruzioni a grandezza naturale di imbarcazioni d\u2019epoca agli oggetti originali, passando per importanti quadrerie a tema marino, il Galata Museo del Mare \u00e8 il contenitore per eccellenza della cultura del mare e dell\u2019andar per mare\u201d. &nbsp;<\/i><u><\/u><u><\/u><\/p>\n<p class=\"m_6329833190410311576text-build-content\"><b>Curiosando in anteprima<\/b><u><\/u><u><\/u><\/p>\n<p class=\"m_6329833190410311576text-build-content\">Tra le&nbsp;<b>opere d\u2019ispirazione marina&nbsp;<\/b>troviamo \u201cGenova, veduta di Priaruggia\u201d di Angelo Costa, \u201cBonassola\u201d di Antonio Discovolo, \u201cPini sul mare\u201d di Rubaldo Merello, \u201cScirocco\u201d di Evasio Montanella, \u201cLa Foce dell\u2019Entella a Chiavari\u201d di Paolo Sala, alcune marine della stagione tarda di Pompeo Mariani, e, con un salto indietro di quasi tre secoli, un olio su tela di Giovanni Carlone dove compare l\u2019emblema dell\u2019ordine dei Trinitari: una galea rossa che solca il mare guidata dalla Lanterna. Di Cesare Bentivoglio una grande \u201cMarina\u201d e \u201cLa vecchia Foce\u201d, di Giovanni Sacheri \u201cVele sul mare\u201d. Accantonando il tema, saranno in mostra il \u201cPresepe\u201d di Vincent Mal\u00f2, una movimentata adorazione dei pastori dove il paesaggio \u00e8 parte integrante della scena, gi\u00e0 molto apprezzato nella mostra \u201cGenova nell\u2019et\u00e0 barocca\u201d del 2022 e quattro tele di Angelo Maria Crivelli detto Crivellone, due delle quali provenienti dalla collezione conti Rossi di Montelera e probabilmente provenienti da casa Savoia. Poi, ancora, la coppia di paesaggi con figure di Francesco Zuccarelli mentre, dalla lunga tradizione di pittori liguri di nascita o di adozione, arrivano \u201cCristo e l\u2019Adultera\u201d di Giovanni Domenico Cappellino, \u201cSusanna e i vecchioni\u201d di Luciano Borzone, \u201cCaccia al ladro\u201d di Alessandro Magnasco, scene impressioniste della vita mondana della Belle Epoque di Pompeo Mariani, \u201cCirce e la trasformazione da essa operata sui compagni di Ulisse\u201d, acquaforte di Giovanni Benedetto Castiglione e poi ancora tele di Tammar Luxoro, Ernesto Rayper, Alfredo d\u2019Andrade, Antonio Varni, Andrea Figari, Paolo Stamaty Rodoconachi e Alessandro Viazzi, Due i Piola: di Pierfrancesco \u201cLa Madonna allatta il bambino alla presenza di San Giuseppe, Santa Elisabetta e San Giovannino\u201d e di Domenico la \u201cMaddalena penitente\u201d. Dalla<b>&nbsp;scuola fiamminga&nbsp;<\/b>arrivano due stampe molto particolari: la prima ricca di simboli legati all\u2019alchimia \u00e8 \u201cMelancholia\u201d di Johannes Wierix, datata 1602; la seconda \u201cRitratto di giovane con teschio\u201d di Lucas Van Leyden, datata 1519, immagine che precede di ottant\u2019anni l\u2019Amleto di Shakespeare. Tra i&nbsp;<b>ritratti femminili&nbsp;<\/b>spiccano il volto della bellissima contessa de Gunzbourg di Giovanni Boldini e \u201c\u00c0 Montmartre \u201c di Federico Zandomeneghi e due tele di Pietro Dodero.<u><\/u><u><\/u><\/p>\n<p class=\"m_6329833190410311576text-build-content\">In tema di&nbsp;<b>arredi<\/b>, sono di manifattura genovese del periodo Luigi XV la ribalta interamente lastronata in noce e perfettamente integra, le quattro specchiere in legno dorato, il trumeau \u201cquadrifoglio\u201d di forma mossa lastronato in legno di viola e filettato in legno di rosa, la coppia di poltrone \u201c\u00e0 la Reine\u201d che riprende il gusto di corte francese, proveniente dal castello di Lerma, e il com\u00f2 lastronato, filettato e intarsiato a medaglione e ghirlanda, interessante e raro esemplare di transizione dallo stile Luigi XV a quello Luigi XVI. Arrivano&nbsp;<b>dal Giappone le due coppie di vasi in porcellana<\/b>, la prima Imari e la seconda Kutani, databili al periodo Meji (XIX secolo).<u><\/u><u><\/u><\/p>\n<p class=\"m_6329833190410311576text-build-content\"><b>Galata Museo del mare e della Navigazione &#8211; Piroscafi e bell\u2019\u00e9poque: l\u2019arte a bordo<\/b><u><\/u><u><\/u><\/p>\n<p class=\"m_6329833190410311576text-build-content\">Sar\u00e0 composta da una serie di arredi mai esposti prima e provenienti da una donazione privata l\u2019area del Galata Museo del Mare e della Navigazione che presenta, in anteprima per&nbsp;<span class=\"il\">Antiqua<\/span>, l\u2019ambiente della&nbsp;<b>cabina del comandante del transatlantico \u201cRe Vittorio\u201d<\/b>. Il \u201cRe Vittorio\u201d apparteneva alla classe di piroscafi detta \u201cregale\u201d (gli altri furono il \u201cRegina Elena\u201d e il \u201cPrincipe Umberto\u201d). Insieme alla classe \u201cducale\u201d, furono sei le navi che la Navigazione Generale Italiana &#8211; la maggiore compagnia marittima nazionale &#8211; mise in cantiere agli inizi del \u2018900 per servire la rotta sudamericana. Erano navi con una stazza media di quasi 8000 tonnellate, ben lungi da quelle adottate in Nordeuropa, che si aggiravano intorno alle 10-12.000 tonnellate. Tuttavia \u2013 per velocit\u00e0, capienza di passeggeri, lusso e comfort &#8211; esse costituivano un felice compromesso tra costi di gestione ed esigenze della linea. Inoltre, erano i primi grandi transatlantici prodotti \u201cin casa\u201d e non commissionati all\u2019estero. &nbsp;<u><\/u><u><\/u><\/p>\n<p class=\"m_6329833190410311576text-build-content\"><b>Il \u201cRe Vittorio\u201d venne infatti costruito a Genova nei cantieri Odero,<\/b>&nbsp;varato nel 1908 e demolito nel 1928. La realizzazione degli interni era opera di decine di ebanisti, intarsiatori, cesellatori e decoratori della Societ\u00e0 \u201cRinaldo Piaggio\u201d, che aveva sede in un capannone a Sestri Ponente, confinante con i cantieri Odero. Qui si trovavano anche gli uffici di progettazione degli allestimenti. Questi ispiravano \u201ccalore\u201d attraverso i materiali impiegati: legno e tessuti, tappezzerie, decorazioni in vetro, ferro battuto e stucchi.&nbsp;<b>Ad&nbsp;<span class=\"il\">Antiqua<\/span>&nbsp;si potr\u00e0 ammirare la poltrona del Comandante, un com\u00f2 in legno e ottone, le lampade a muro e il grande ritratto del piroscafo, commissionato come tradizione dalla societ\u00e0 armatrice.<\/b><u><\/u><u><\/u><\/p>\n<p class=\"m_6329833190410311576text-build-content\"><b>Galleria d\u2019Arte Moderna &#8211; \u201cIl cammino finisce a queste prode\u201d<\/b><u><\/u><u><\/u><\/p>\n<p class=\"m_6329833190410311576text-build-content\">Si tratta di una piccola esposizione che raccoglie un\u2019attenta selezione di opere non al momento esposte al pubblico della Galleria d\u2019Arte Moderna di Genova. Il titolo, ripreso da uno dei versi finali della poesia \u201cCasa sul mare\u201d di Eugenio Montale, \u00e8 stato scelto per marcare metaforicamente il termine del percorso dell\u2019appassionato visitatore di&nbsp;<span class=\"il\">Antiqua<\/span>&nbsp;che trover\u00e0 uno spazio appositamente studiato per godere appieno della contemplazione di una parte del patrimonio culturale cittadino.<u><\/u><u><\/u><\/p>\n<p class=\"m_6329833190410311576text-build-content\">Filo conduttore della mostra \u00e8, assecondando il tema della kermesse, il mare. Cos\u00ec, come&nbsp;<b>il mare pu\u00f2 trascorrere da una languida serenit\u00e0 alla pi\u00f9 cupa delle tempeste, anche l\u2019arte ci pone difronte a soggetti lieti e talora giocosi, come le figure marine scolpite da Angelo Camillo Maine&nbsp;<\/b>(Genova, 1892-1969);&nbsp;<b>talora mesti, come ne \u201cL\u2019addio del marinaio.<\/b>&nbsp;La partenza del marinaio\u201d di Pompeo Mariani (Monza, 1857 &#8211; Bordighera, 1927). Genova e il suo rapporto con il mare vanno anche declinati nel senso dell\u2019<b>intenso lavoro del porto<\/b>: e allora, ecco che lo \u201cScaricatore\u201d di Guido Micheletti (Carrara, 1889-Genova, 1981) ci riporta dal sentimentalismo di Mariani alla dura realt\u00e0 della fatica fisica dei camalli, con la marcata geometrizzazione e la decisa volumetria delle forme, che fa apparire l\u2019uomo come una creatura spersonalizzata dal peso del carico di una merce che pare fondersi perfettamente con la sua corporeit\u00e0.<u><\/u><u><\/u><\/p>\n<p><img decoding=\"async\" class=\"alignnone size-large wp-image-55093\" src=\"https:\/\/www.turismoitinerante.com\/site\/wp-content\/uploads\/2023\/01\/antiqua-genova-1-724x1024.jpg\" alt=\"\" width=\"724\" height=\"1024\" srcset=\"https:\/\/www.turismoitinerante.com\/site\/wp-content\/uploads\/2023\/01\/antiqua-genova-1-724x1024.jpg 724w, https:\/\/www.turismoitinerante.com\/site\/wp-content\/uploads\/2023\/01\/antiqua-genova-1-212x300.jpg 212w, https:\/\/www.turismoitinerante.com\/site\/wp-content\/uploads\/2023\/01\/antiqua-genova-1-768x1086.jpg 768w, https:\/\/www.turismoitinerante.com\/site\/wp-content\/uploads\/2023\/01\/antiqua-genova-1-1086x1536.jpg 1086w, https:\/\/www.turismoitinerante.com\/site\/wp-content\/uploads\/2023\/01\/antiqua-genova-1-1448x2048.jpg 1448w, https:\/\/www.turismoitinerante.com\/site\/wp-content\/uploads\/2023\/01\/antiqua-genova-1-750x1061.jpg 750w, https:\/\/www.turismoitinerante.com\/site\/wp-content\/uploads\/2023\/01\/antiqua-genova-1-1140x1613.jpg 1140w, https:\/\/www.turismoitinerante.com\/site\/wp-content\/uploads\/2023\/01\/antiqua-genova-1.jpg 1754w\" sizes=\"(max-width: 724px) 100vw, 724px\" \/><\/p>\n<p>&nbsp;<\/p>\n<p class=\"m_6329833190410311576text-build-content\"><b>La Galleria Corporate Collection BPER Banca \u2013 \u201cGenova e il suo mare<\/b>\u201d<u><\/u><u><\/u><\/p>\n<p class=\"m_6329833190410311576text-build-content\"><b>Partner e sponsor della 32^ edizione di&nbsp;<span class=\"il\">Antiqua<\/span>, BPER Banca&nbsp;<\/b>presenta in manifestazione alcune opere del nucleo genovese de \u201cLa Galleria\u201d, la propria corporate collection, ulteriormente ampliata grazie all&#8217;ingresso del prezioso patrimonio culturale ex Carige. La Galleria BPER Banca accoglie i visitatori di&nbsp;<span class=\"il\">Antiqua<\/span>&nbsp;con \u201cGenova e il suo mare\u201d,&nbsp;<b>una rassegna artistica che restituisce immagini e suggestioni del waterfront cittadino dal XVIII al XX secolo<\/b>. Un rapporto indissolubile, simbiotico, quello tra la citt\u00e0 e il mare, testimoniato dalle opere proposte da La Galleria di BPER Banca.<u><\/u><u><\/u><\/p>\n<p class=\"m_6329833190410311576text-build-content\">Si parte dalla visione della&nbsp;<b>Genova Repubblica aristocratica e mercantile, raffigurata dalle quattro grandi stampe di Antonio Giolfi&nbsp;<\/b>che restituiscono l\u2019immagine di una citt\u00e0 arroccata sul suo porto, circondata da fortificazioni, con i suoi maestosi palazzi nobiliari e le sue grandi ville alessiane nelle localit\u00e0 di villeggiatura di Albaro e Sampierdarena. Le quattro grandi vedute della citt\u00e0 dal mare e dalle colline circostanti fanno parte di una raccolta di venti stampe dedicate alle bellezze citt\u00e0 che l\u2019abate Antonio Giolfi nel Settecento raccolse in un volume dedicato a promuovere Genova come tappa del Grand Tour, viaggio di formazione che aristocratici e intellettuali percorrevano nella Penisola, divenuto di moda nell\u2019Europa dei Lumi. Le stampe del Giolfi restituiscono alcune delle immagini pi\u00f9 conosciute della Genova storica e sono tra le opere pi\u00f9 popolari del patrimonio artistico genovese della Galleria di BPER Banca, che custodisce una delle due raccolte integrali delle venti incisioni arrivate fino a noi.<u><\/u><u><\/u><\/p>\n<p class=\"m_6329833190410311576text-build-content\"><b>L\u2019innovazione e le nuove tecniche fotografiche che si fanno strada nel primo Ottocento ispirano invece la \u201cVeduta di Genova da San Lazzaro\u201d di Luigi Garibbo e il grande acquerello di Henry Parke \u201cPanorama di Genova e San Pier d\u2019Arena da San Benigno\u201d.<\/b>&nbsp;&nbsp;Quest\u2019ultimo \u00e8 l\u2019originalissimo studio che l\u2019artista americano fece per un diorama, costruzione cilindrica di grandi dimensioni che avrebbe dovuto restituire allo spettatore il panorama del Golfo di Genova visto dalla Lanterna in grandezza naturale. &nbsp;Sia l\u2019opera del Garibbo sia quella del Parke, realizzate con l\u2019ausilio di camere ottiche, rappresentano con la massima fedelt\u00e0 l\u2019immagine di una citt\u00e0 e di un porto che vediamo gi\u00e0 in forte crescita, soprattutto verso Ponente.<u><\/u><u><\/u><\/p>\n<p class=\"m_6329833190410311576text-build-content\">Uno scalo che si appresta a diventare quella grande macchina industriale di fine &#8216;800, fatta di vapori, macchine e lamiere, pulsante di lavoro, come lo ammiriamo immortalato nella tela \u201cIl porto di Genova\u201d di Angelo Costa.<u><\/u><u><\/u><\/p>\n<p>&nbsp;<\/p>\n<p class=\"m_6329833190410311576text-build-content\"><b><u>Gli incontri con il pubblico<\/u><\/b><u><\/u><u><\/u><\/p>\n<p class=\"m_6329833190410311576text-build-content\">Per offrire ai visitatori una visita pi\u00f9 immersiva sono stati programmati tre incontri con i curatori delle sezioni collaterali: si parte&nbsp;<b>domenica 29 gennaio alle ore 16 con \u201cOltre il mare di Mariani. Opere di Pompeo Mariani dalla Galleria d\u2019Arte Moderna di Genova\u201d con Simona Parigi, conservatrice della Gam. &nbsp;Si prosegue venerd\u00ec 3 febbraio alle 16.30 con \u201cGenova e il suo mare\u201d a cura della Galleria Corporate Collection di BPER Banca,&nbsp;<\/b>ultimo appuntamento&nbsp;<b>sabato 4 alle 15 con \u201cPiroscafi e bell\u2019\u00e9poque: l\u2019arte a bordo\u201d con il direttore di Galata Museo del Mare e della Navigazione Pierangelo Campodonico.<\/b><u><\/u><u><\/u><\/p>\n<p>&nbsp;<\/p>\n<p class=\"m_6329833190410311576text-build-content\"><b><u>Patrocini e partnership<\/u><\/b><u><\/u><u><\/u><\/p>\n<p class=\"m_6329833190410311576text-build-content\">La 32^ edizione di&nbsp;<span class=\"il\">Antiqua<\/span>&nbsp;\u00e8 patrocinata da Regione Liguria, Comune di Genova e Camera di Commercio. Partner sono BPER Banca, Galata Museo del Mare e della Navigazione e Galleria d\u2019Arte Moderna di Genova.<u><\/u><u><\/u><\/p>\n<p>&nbsp;<\/p>\n<p class=\"m_6329833190410311576text-build-content\"><b><u>Orari di apertura, biglietti e convenzioni<\/u><\/b><u><\/u><u><\/u><\/p>\n<p class=\"m_6329833190410311576text-build-content\"><span class=\"il\">Antiqua<\/span>&nbsp;sar\u00e0 aperta al pubblico nei festivi e prefestivi dalle 10 alle 20, nei giorni feriali dalle 14 alle 20. Intero 12 Euro, ridotto 8 Euro. Con il biglietto di&nbsp;<span class=\"il\">Antiqua<\/span>&nbsp;si avr\u00e0 diritto all\u2019ingresso ridotto presso il Museo del Mare e della Navigazione e viceversa. Riduzioni anche per i possessori &nbsp;di Bancomat e Carte di credito BPER\/Banca Carige e dei biglietti della mostra di Rubens a Palazzo Ducale. Info e biglietti on line su:&nbsp;<a title=\"www.antiquagenova.it\" href=\"https:\/\/urlsand.esvalabs.com\/?u=http%3A%2F%2Fwww.antiquagenova.it&amp;e=a1796bfb&amp;h=f2396d30&amp;f=n&amp;p=n\" target=\"_blank\" rel=\"noopener\" data-saferedirecturl=\"https:\/\/www.google.com\/url?q=https:\/\/urlsand.esvalabs.com\/?u%3Dhttp%253A%252F%252Fwww.antiquagenova.it%26e%3Da1796bfb%26h%3Df2396d30%26f%3Dn%26p%3Dn&amp;source=gmail&amp;ust=1674812994701000&amp;usg=AOvVaw33YQjwin5K7v7EKkcS5iqT\">www.antiquagenova.it<\/a>.<\/p>\n<div class=\"7863122cad8776726ec303240ed69aa5\" data-index=\"4\" style=\"float: none; margin:10px 0 10px 0; text-align:center;\">\n<script async src=\"\/\/pagead2.googlesyndication.com\/pagead\/js\/adsbygoogle.js\"><\/script>\r\n<!-- 728x90, creato 23\/02\/11 -->\r\n<ins class=\"adsbygoogle\"\r\n     style=\"display:inline-block;width:728px;height:90px\"\r\n     data-ad-client=\"ca-pub-5798583071070083\"\r\n     data-ad-slot=\"5935394872\"><\/ins>\r\n<script>\r\n(adsbygoogle = window.adsbygoogle || []).push({});\r\n<\/script>\n<\/div>\n\n<div style=\"font-size: 0px; height: 0px; line-height: 0px; margin: 0; padding: 0; clear: both;\"><\/div>","protected":false},"excerpt":{"rendered":"<p>Dopo il profumo dei fiori dell\u2019edizione 2022 dedicata a Euroflora, arriva il sapore del mare. In onore di The Ocean Race \u2013 Genova The Grand Finale, la 32^ edizione di&nbsp;ANTIQUA&nbsp;\u2013 Mostra Mercato di Arte Antica sar\u00e0 dedicata al tema marino. La manifestazione, in programma nei Magazzini del Cotone del Porto Antico di Genova dal 28 [&hellip;]<\/p>\n","protected":false},"author":1,"featured_media":55092,"comment_status":"closed","ping_status":"open","sticky":false,"template":"","format":"standard","meta":{"ngg_post_thumbnail":0,"jnews-multi-image_gallery":[],"jnews_single_post":{"source_name":"","source_url":"","via_name":"","via_url":"","override_template":"0","override":[{"template":"1","single_blog_custom":"","parallax":"1","fullscreen":"1","layout":"right-sidebar","sidebar":"default-sidebar","second_sidebar":"default-sidebar","sticky_sidebar":"1","share_position":"top","share_float_style":"share-monocrhome","show_share_counter":"1","show_view_counter":"1","show_featured":"1","show_post_meta":"1","show_post_author":"1","show_post_author_image":"1","show_post_date":"1","post_date_format":"default","post_date_format_custom":"Y\/m\/d","show_post_category":"1","show_post_reading_time":"0","post_reading_time_wpm":"300","show_zoom_button":"0","zoom_button_out_step":"2","zoom_button_in_step":"3","show_post_tag":"1","show_prev_next_post":"1","show_popup_post":"1","number_popup_post":"1","show_author_box":"1","show_post_related":"0","show_inline_post_related":"0"}],"override_image_size":"0","image_override":[{"single_post_thumbnail_size":"crop-500","single_post_gallery_size":"crop-500"}],"trending_post":"0","trending_post_position":"meta","trending_post_label":"Trending","sponsored_post":"0","sponsored_post_label":"Sponsored by","sponsored_post_name":"","sponsored_post_url":"","sponsored_post_logo_enable":"0","sponsored_post_logo":"","sponsored_post_desc":"","disable_ad":"0"},"jnews_primary_category":{"id":"","hide":""},"jnews_override_counter":{"override_view_counter":"0","view_counter_number":"0","override_share_counter":"0","share_counter_number":"0","override_like_counter":"0","like_counter_number":"0","override_dislike_counter":"0","dislike_counter_number":"0"},"footnotes":""},"categories":[621],"tags":[1512,607],"class_list":["post-55091","post","type-post","status-publish","format-standard","has-post-thumbnail","hentry","category-info-turismo","tag-genova","tag-liguria"],"yoast_head":"<!-- This site is optimized with the Yoast SEO plugin v27.4 - https:\/\/yoast.com\/product\/yoast-seo-wordpress\/ -->\n<title>Antiqua 2023, nel segno del mare dal 28 gennaio al 5 febbraio al Porto Antico di Genova<\/title>\n<meta name=\"description\" content=\"La 32^ Mostra mercato di Arte Antica al Porto Antico di Genova torna dal 28 gennaio al 5 febbraio\" \/>\n<meta name=\"robots\" content=\"index, follow, max-snippet:-1, max-image-preview:large, max-video-preview:-1\" \/>\n<link rel=\"canonical\" href=\"https:\/\/www.turismoitinerante.com\/site\/antiqua-2023-28-gennaio-al-5-febbraio-porto-antico-di-genova\/\" \/>\n<meta property=\"og:locale\" content=\"it_IT\" \/>\n<meta property=\"og:type\" content=\"article\" \/>\n<meta property=\"og:title\" content=\"Antiqua 2023, nel segno del mare dal 28 gennaio al 5 febbraio al Porto Antico di Genova\" \/>\n<meta property=\"og:description\" content=\"La 32^ Mostra mercato di Arte Antica al Porto Antico di Genova torna dal 28 gennaio al 5 febbraio\" \/>\n<meta property=\"og:url\" content=\"https:\/\/www.turismoitinerante.com\/site\/antiqua-2023-28-gennaio-al-5-febbraio-porto-antico-di-genova\/\" \/>\n<meta property=\"og:site_name\" content=\"TI - Turismo Itinerante\" \/>\n<meta property=\"article:published_time\" content=\"2023-01-26T10:47:40+00:00\" \/>\n<meta property=\"og:image\" content=\"https:\/\/www.turismoitinerante.com\/site\/wp-content\/uploads\/2023\/01\/antiqua-genova-2.jpg\" \/>\n\t<meta property=\"og:image:width\" content=\"1920\" \/>\n\t<meta property=\"og:image:height\" content=\"1080\" \/>\n\t<meta property=\"og:image:type\" content=\"image\/jpeg\" \/>\n<meta name=\"author\" content=\"admin\" \/>\n<meta name=\"twitter:card\" content=\"summary_large_image\" \/>\n<meta name=\"twitter:label1\" content=\"Scritto da\" \/>\n\t<meta name=\"twitter:data1\" content=\"admin\" \/>\n\t<meta name=\"twitter:label2\" content=\"Tempo di lettura stimato\" \/>\n\t<meta name=\"twitter:data2\" content=\"12 minuti\" \/>\n<script type=\"application\/ld+json\" class=\"yoast-schema-graph\">{\"@context\":\"https:\\\/\\\/schema.org\",\"@graph\":[{\"@type\":\"Article\",\"@id\":\"https:\\\/\\\/www.turismoitinerante.com\\\/site\\\/antiqua-2023-28-gennaio-al-5-febbraio-porto-antico-di-genova\\\/#article\",\"isPartOf\":{\"@id\":\"https:\\\/\\\/www.turismoitinerante.com\\\/site\\\/antiqua-2023-28-gennaio-al-5-febbraio-porto-antico-di-genova\\\/\"},\"author\":{\"name\":\"admin\",\"@id\":\"https:\\\/\\\/www.turismoitinerante.com\\\/site\\\/#\\\/schema\\\/person\\\/1e1238d2d1617438f3682e54bf4d6c05\"},\"headline\":\"Antiqua 2023, nel segno del mare dal 28 gennaio al 5 febbraio al Porto Antico di Genova\",\"datePublished\":\"2023-01-26T10:47:40+00:00\",\"mainEntityOfPage\":{\"@id\":\"https:\\\/\\\/www.turismoitinerante.com\\\/site\\\/antiqua-2023-28-gennaio-al-5-febbraio-porto-antico-di-genova\\\/\"},\"wordCount\":2252,\"image\":{\"@id\":\"https:\\\/\\\/www.turismoitinerante.com\\\/site\\\/antiqua-2023-28-gennaio-al-5-febbraio-porto-antico-di-genova\\\/#primaryimage\"},\"thumbnailUrl\":\"https:\\\/\\\/www.turismoitinerante.com\\\/site\\\/wp-content\\\/uploads\\\/2023\\\/01\\\/antiqua-genova-2.jpg\",\"keywords\":[\"Genova\",\"Liguria\"],\"articleSection\":[\"Turismo\"],\"inLanguage\":\"it-IT\"},{\"@type\":\"WebPage\",\"@id\":\"https:\\\/\\\/www.turismoitinerante.com\\\/site\\\/antiqua-2023-28-gennaio-al-5-febbraio-porto-antico-di-genova\\\/\",\"url\":\"https:\\\/\\\/www.turismoitinerante.com\\\/site\\\/antiqua-2023-28-gennaio-al-5-febbraio-porto-antico-di-genova\\\/\",\"name\":\"Antiqua 2023, nel segno del mare dal 28 gennaio al 5 febbraio al Porto Antico di Genova\",\"isPartOf\":{\"@id\":\"https:\\\/\\\/www.turismoitinerante.com\\\/site\\\/#website\"},\"primaryImageOfPage\":{\"@id\":\"https:\\\/\\\/www.turismoitinerante.com\\\/site\\\/antiqua-2023-28-gennaio-al-5-febbraio-porto-antico-di-genova\\\/#primaryimage\"},\"image\":{\"@id\":\"https:\\\/\\\/www.turismoitinerante.com\\\/site\\\/antiqua-2023-28-gennaio-al-5-febbraio-porto-antico-di-genova\\\/#primaryimage\"},\"thumbnailUrl\":\"https:\\\/\\\/www.turismoitinerante.com\\\/site\\\/wp-content\\\/uploads\\\/2023\\\/01\\\/antiqua-genova-2.jpg\",\"datePublished\":\"2023-01-26T10:47:40+00:00\",\"author\":{\"@id\":\"https:\\\/\\\/www.turismoitinerante.com\\\/site\\\/#\\\/schema\\\/person\\\/1e1238d2d1617438f3682e54bf4d6c05\"},\"description\":\"La 32^ Mostra mercato di Arte Antica al Porto Antico di Genova torna dal 28 gennaio al 5 febbraio\",\"breadcrumb\":{\"@id\":\"https:\\\/\\\/www.turismoitinerante.com\\\/site\\\/antiqua-2023-28-gennaio-al-5-febbraio-porto-antico-di-genova\\\/#breadcrumb\"},\"inLanguage\":\"it-IT\",\"potentialAction\":[{\"@type\":\"ReadAction\",\"target\":[\"https:\\\/\\\/www.turismoitinerante.com\\\/site\\\/antiqua-2023-28-gennaio-al-5-febbraio-porto-antico-di-genova\\\/\"]}]},{\"@type\":\"ImageObject\",\"inLanguage\":\"it-IT\",\"@id\":\"https:\\\/\\\/www.turismoitinerante.com\\\/site\\\/antiqua-2023-28-gennaio-al-5-febbraio-porto-antico-di-genova\\\/#primaryimage\",\"url\":\"https:\\\/\\\/www.turismoitinerante.com\\\/site\\\/wp-content\\\/uploads\\\/2023\\\/01\\\/antiqua-genova-2.jpg\",\"contentUrl\":\"https:\\\/\\\/www.turismoitinerante.com\\\/site\\\/wp-content\\\/uploads\\\/2023\\\/01\\\/antiqua-genova-2.jpg\",\"width\":1920,\"height\":1080},{\"@type\":\"BreadcrumbList\",\"@id\":\"https:\\\/\\\/www.turismoitinerante.com\\\/site\\\/antiqua-2023-28-gennaio-al-5-febbraio-porto-antico-di-genova\\\/#breadcrumb\",\"itemListElement\":[{\"@type\":\"ListItem\",\"position\":1,\"name\":\"Home\",\"item\":\"https:\\\/\\\/www.turismoitinerante.com\\\/site\\\/\"},{\"@type\":\"ListItem\",\"position\":2,\"name\":\"Antiqua 2023, nel segno del mare dal 28 gennaio al 5 febbraio al Porto Antico di Genova\"}]},{\"@type\":\"WebSite\",\"@id\":\"https:\\\/\\\/www.turismoitinerante.com\\\/site\\\/#website\",\"url\":\"https:\\\/\\\/www.turismoitinerante.com\\\/site\\\/\",\"name\":\"TI - Turismo Itinerante\",\"description\":\"Ritrovarsi su internet per informarsi, per informare. Il portale del turismo itinerante. Una infinit\u00e0 di notizie su camper, itinerari, aree sosta camper, concessionari, campeggi, agriturismo, raduni, sagre, fiere, mostre, associazioni, club, forum, bacheca annunci\",\"potentialAction\":[{\"@type\":\"SearchAction\",\"target\":{\"@type\":\"EntryPoint\",\"urlTemplate\":\"https:\\\/\\\/www.turismoitinerante.com\\\/site\\\/?s={search_term_string}\"},\"query-input\":{\"@type\":\"PropertyValueSpecification\",\"valueRequired\":true,\"valueName\":\"search_term_string\"}}],\"inLanguage\":\"it-IT\"},{\"@type\":\"Person\",\"@id\":\"https:\\\/\\\/www.turismoitinerante.com\\\/site\\\/#\\\/schema\\\/person\\\/1e1238d2d1617438f3682e54bf4d6c05\",\"name\":\"admin\",\"image\":{\"@type\":\"ImageObject\",\"inLanguage\":\"it-IT\",\"@id\":\"https:\\\/\\\/secure.gravatar.com\\\/avatar\\\/9102d8c23b35e2809b07ebc42ce126daa3d6a47cce9878a22d14d9852ade629e?s=96&d=mm&r=g\",\"url\":\"https:\\\/\\\/secure.gravatar.com\\\/avatar\\\/9102d8c23b35e2809b07ebc42ce126daa3d6a47cce9878a22d14d9852ade629e?s=96&d=mm&r=g\",\"contentUrl\":\"https:\\\/\\\/secure.gravatar.com\\\/avatar\\\/9102d8c23b35e2809b07ebc42ce126daa3d6a47cce9878a22d14d9852ade629e?s=96&d=mm&r=g\",\"caption\":\"admin\"},\"url\":\"https:\\\/\\\/www.turismoitinerante.com\\\/site\\\/author\\\/admin\\\/\"}]}<\/script>\n<!-- \/ Yoast SEO plugin. -->","yoast_head_json":{"title":"Antiqua 2023, nel segno del mare dal 28 gennaio al 5 febbraio al Porto Antico di Genova","description":"La 32^ Mostra mercato di Arte Antica al Porto Antico di Genova torna dal 28 gennaio al 5 febbraio","robots":{"index":"index","follow":"follow","max-snippet":"max-snippet:-1","max-image-preview":"max-image-preview:large","max-video-preview":"max-video-preview:-1"},"canonical":"https:\/\/www.turismoitinerante.com\/site\/antiqua-2023-28-gennaio-al-5-febbraio-porto-antico-di-genova\/","og_locale":"it_IT","og_type":"article","og_title":"Antiqua 2023, nel segno del mare dal 28 gennaio al 5 febbraio al Porto Antico di Genova","og_description":"La 32^ Mostra mercato di Arte Antica al Porto Antico di Genova torna dal 28 gennaio al 5 febbraio","og_url":"https:\/\/www.turismoitinerante.com\/site\/antiqua-2023-28-gennaio-al-5-febbraio-porto-antico-di-genova\/","og_site_name":"TI - Turismo Itinerante","article_published_time":"2023-01-26T10:47:40+00:00","og_image":[{"width":1920,"height":1080,"url":"https:\/\/www.turismoitinerante.com\/site\/wp-content\/uploads\/2023\/01\/antiqua-genova-2.jpg","type":"image\/jpeg"}],"author":"admin","twitter_card":"summary_large_image","twitter_misc":{"Scritto da":"admin","Tempo di lettura stimato":"12 minuti"},"schema":{"@context":"https:\/\/schema.org","@graph":[{"@type":"Article","@id":"https:\/\/www.turismoitinerante.com\/site\/antiqua-2023-28-gennaio-al-5-febbraio-porto-antico-di-genova\/#article","isPartOf":{"@id":"https:\/\/www.turismoitinerante.com\/site\/antiqua-2023-28-gennaio-al-5-febbraio-porto-antico-di-genova\/"},"author":{"name":"admin","@id":"https:\/\/www.turismoitinerante.com\/site\/#\/schema\/person\/1e1238d2d1617438f3682e54bf4d6c05"},"headline":"Antiqua 2023, nel segno del mare dal 28 gennaio al 5 febbraio al Porto Antico di Genova","datePublished":"2023-01-26T10:47:40+00:00","mainEntityOfPage":{"@id":"https:\/\/www.turismoitinerante.com\/site\/antiqua-2023-28-gennaio-al-5-febbraio-porto-antico-di-genova\/"},"wordCount":2252,"image":{"@id":"https:\/\/www.turismoitinerante.com\/site\/antiqua-2023-28-gennaio-al-5-febbraio-porto-antico-di-genova\/#primaryimage"},"thumbnailUrl":"https:\/\/www.turismoitinerante.com\/site\/wp-content\/uploads\/2023\/01\/antiqua-genova-2.jpg","keywords":["Genova","Liguria"],"articleSection":["Turismo"],"inLanguage":"it-IT"},{"@type":"WebPage","@id":"https:\/\/www.turismoitinerante.com\/site\/antiqua-2023-28-gennaio-al-5-febbraio-porto-antico-di-genova\/","url":"https:\/\/www.turismoitinerante.com\/site\/antiqua-2023-28-gennaio-al-5-febbraio-porto-antico-di-genova\/","name":"Antiqua 2023, nel segno del mare dal 28 gennaio al 5 febbraio al Porto Antico di Genova","isPartOf":{"@id":"https:\/\/www.turismoitinerante.com\/site\/#website"},"primaryImageOfPage":{"@id":"https:\/\/www.turismoitinerante.com\/site\/antiqua-2023-28-gennaio-al-5-febbraio-porto-antico-di-genova\/#primaryimage"},"image":{"@id":"https:\/\/www.turismoitinerante.com\/site\/antiqua-2023-28-gennaio-al-5-febbraio-porto-antico-di-genova\/#primaryimage"},"thumbnailUrl":"https:\/\/www.turismoitinerante.com\/site\/wp-content\/uploads\/2023\/01\/antiqua-genova-2.jpg","datePublished":"2023-01-26T10:47:40+00:00","author":{"@id":"https:\/\/www.turismoitinerante.com\/site\/#\/schema\/person\/1e1238d2d1617438f3682e54bf4d6c05"},"description":"La 32^ Mostra mercato di Arte Antica al Porto Antico di Genova torna dal 28 gennaio al 5 febbraio","breadcrumb":{"@id":"https:\/\/www.turismoitinerante.com\/site\/antiqua-2023-28-gennaio-al-5-febbraio-porto-antico-di-genova\/#breadcrumb"},"inLanguage":"it-IT","potentialAction":[{"@type":"ReadAction","target":["https:\/\/www.turismoitinerante.com\/site\/antiqua-2023-28-gennaio-al-5-febbraio-porto-antico-di-genova\/"]}]},{"@type":"ImageObject","inLanguage":"it-IT","@id":"https:\/\/www.turismoitinerante.com\/site\/antiqua-2023-28-gennaio-al-5-febbraio-porto-antico-di-genova\/#primaryimage","url":"https:\/\/www.turismoitinerante.com\/site\/wp-content\/uploads\/2023\/01\/antiqua-genova-2.jpg","contentUrl":"https:\/\/www.turismoitinerante.com\/site\/wp-content\/uploads\/2023\/01\/antiqua-genova-2.jpg","width":1920,"height":1080},{"@type":"BreadcrumbList","@id":"https:\/\/www.turismoitinerante.com\/site\/antiqua-2023-28-gennaio-al-5-febbraio-porto-antico-di-genova\/#breadcrumb","itemListElement":[{"@type":"ListItem","position":1,"name":"Home","item":"https:\/\/www.turismoitinerante.com\/site\/"},{"@type":"ListItem","position":2,"name":"Antiqua 2023, nel segno del mare dal 28 gennaio al 5 febbraio al Porto Antico di Genova"}]},{"@type":"WebSite","@id":"https:\/\/www.turismoitinerante.com\/site\/#website","url":"https:\/\/www.turismoitinerante.com\/site\/","name":"TI - Turismo Itinerante","description":"Ritrovarsi su internet per informarsi, per informare. Il portale del turismo itinerante. Una infinit\u00e0 di notizie su camper, itinerari, aree sosta camper, concessionari, campeggi, agriturismo, raduni, sagre, fiere, mostre, associazioni, club, forum, bacheca annunci","potentialAction":[{"@type":"SearchAction","target":{"@type":"EntryPoint","urlTemplate":"https:\/\/www.turismoitinerante.com\/site\/?s={search_term_string}"},"query-input":{"@type":"PropertyValueSpecification","valueRequired":true,"valueName":"search_term_string"}}],"inLanguage":"it-IT"},{"@type":"Person","@id":"https:\/\/www.turismoitinerante.com\/site\/#\/schema\/person\/1e1238d2d1617438f3682e54bf4d6c05","name":"admin","image":{"@type":"ImageObject","inLanguage":"it-IT","@id":"https:\/\/secure.gravatar.com\/avatar\/9102d8c23b35e2809b07ebc42ce126daa3d6a47cce9878a22d14d9852ade629e?s=96&d=mm&r=g","url":"https:\/\/secure.gravatar.com\/avatar\/9102d8c23b35e2809b07ebc42ce126daa3d6a47cce9878a22d14d9852ade629e?s=96&d=mm&r=g","contentUrl":"https:\/\/secure.gravatar.com\/avatar\/9102d8c23b35e2809b07ebc42ce126daa3d6a47cce9878a22d14d9852ade629e?s=96&d=mm&r=g","caption":"admin"},"url":"https:\/\/www.turismoitinerante.com\/site\/author\/admin\/"}]}},"_links":{"self":[{"href":"https:\/\/www.turismoitinerante.com\/site\/wp-json\/wp\/v2\/posts\/55091","targetHints":{"allow":["GET"]}}],"collection":[{"href":"https:\/\/www.turismoitinerante.com\/site\/wp-json\/wp\/v2\/posts"}],"about":[{"href":"https:\/\/www.turismoitinerante.com\/site\/wp-json\/wp\/v2\/types\/post"}],"author":[{"embeddable":true,"href":"https:\/\/www.turismoitinerante.com\/site\/wp-json\/wp\/v2\/users\/1"}],"replies":[{"embeddable":true,"href":"https:\/\/www.turismoitinerante.com\/site\/wp-json\/wp\/v2\/comments?post=55091"}],"version-history":[{"count":1,"href":"https:\/\/www.turismoitinerante.com\/site\/wp-json\/wp\/v2\/posts\/55091\/revisions"}],"predecessor-version":[{"id":55094,"href":"https:\/\/www.turismoitinerante.com\/site\/wp-json\/wp\/v2\/posts\/55091\/revisions\/55094"}],"wp:featuredmedia":[{"embeddable":true,"href":"https:\/\/www.turismoitinerante.com\/site\/wp-json\/wp\/v2\/media\/55092"}],"wp:attachment":[{"href":"https:\/\/www.turismoitinerante.com\/site\/wp-json\/wp\/v2\/media?parent=55091"}],"wp:term":[{"taxonomy":"category","embeddable":true,"href":"https:\/\/www.turismoitinerante.com\/site\/wp-json\/wp\/v2\/categories?post=55091"},{"taxonomy":"post_tag","embeddable":true,"href":"https:\/\/www.turismoitinerante.com\/site\/wp-json\/wp\/v2\/tags?post=55091"}],"curies":[{"name":"wp","href":"https:\/\/api.w.org\/{rel}","templated":true}]}}