{"id":55086,"date":"2023-01-26T11:21:57","date_gmt":"2023-01-26T10:21:57","guid":{"rendered":"https:\/\/www.turismoitinerante.com\/site\/?p=55086"},"modified":"2023-01-26T11:21:57","modified_gmt":"2023-01-26T10:21:57","slug":"alle-tre-cime-di-lavaredo-torna-la-festa-della-luna-piena","status":"publish","type":"post","link":"https:\/\/www.turismoitinerante.com\/site\/alle-tre-cime-di-lavaredo-torna-la-festa-della-luna-piena\/","title":{"rendered":"Alle Tre Cime di Lavaredo torna la Festa della luna piena"},"content":{"rendered":"<p>Maestose e inconfondibili. Le&nbsp;<strong>Tre Cime di Lavaredo, in Veneto<\/strong>, sono il simbolo delle&nbsp;<strong>Dolomiti Patrimonio dell\u2019Umanit\u00e0 Unesco<\/strong>. Un tesoro inestimabile la cui bellezza splende ancora di pi\u00f9 al chiaro di luna e per questo le attivit\u00e0 di&nbsp;<strong>Misurina<\/strong>&nbsp;in collaborazione con il&nbsp;<strong>Consorzio Turistico Tre Cime Dolomiti<\/strong>&nbsp;organizzano la&nbsp;<strong>Festa della Luna piena<\/strong>. Un appuntamento per celebrare queste montagne nella&nbsp;<strong>notte pi\u00f9 luminosa dell\u2019anno<\/strong>&nbsp;con escursioni sugli&nbsp;<strong>sci<\/strong>, in&nbsp;<strong>slittino<\/strong>, sulle&nbsp;<strong>ciaspole<\/strong>&nbsp;o in&nbsp;<strong>motoslitta<\/strong>&nbsp;e tante attivit\u00e0 sulla neve,&nbsp;<strong>dall\u2019aperitivo attorno al fuoco con vin brul\u00e8<\/strong>&nbsp;al&nbsp;<strong>Piatto della luna piena<\/strong>.<\/p>\n<p>Gli appuntamenti con la Festa della luna piena sono&nbsp;il&nbsp;<strong>7 febbraio e il 4 marzo 2023<\/strong>.<\/p>\n<p>&nbsp;<\/p>\n<p><span style=\"color: #ff0000;\"><strong>Tre Cime al chiaro di luna<\/strong><\/span><\/p>\n<p>Quando la&nbsp;<strong>luna piena<\/strong>&nbsp;si riflette sulla&nbsp;<strong>neve candida<\/strong>&nbsp;il paesaggio assume&nbsp;<strong>contorni magici<\/strong>. Il silenzio che avvolge le montagne, i passi attutiti, il freddo pungente, l\u2019aria limpida rendono la notte pi\u00f9 luminosa dell\u2019anno un momento atteso per ammirare le&nbsp;<strong>Dolomiti Patrimonio dell\u2019Umanit\u00e0 Unesco<\/strong>, con una luce nuova, che le rende ancora pi\u00f9 imponenti e affascinanti.<\/p>\n<p>Il&nbsp;<strong>Consorzio Turistico Tre Cime Dolomiti, in Veneto<\/strong>,&nbsp;<strong>unica porta accessibile per visitare queste montagne<\/strong>, organizza, con le attivit\u00e0 di&nbsp;<strong>Misurina<\/strong>, la&nbsp;<strong>Festa della luna piena<\/strong>, un appuntamento che si ripete nei sabati che precedono la serata pi\u00f9 luminosa del mese e che&nbsp;<strong>nel 2023<\/strong>&nbsp;si&nbsp;terr\u00e0 il&nbsp;<strong>7 febbraio e il 4 marzo<\/strong>.<\/p>\n<p>Nello splendido scenario delle Dolomiti, dal tardo pomeriggio, saranno organizzate tante&nbsp;<strong>attivit\u00e0 al chiaro di luna<\/strong>, dalle salite con&nbsp;<strong>le ciaspole al Monte Piana<\/strong>&nbsp;alla discesa con gli&nbsp;<strong>slittini dal Rifugio Auronzo alle Tre Cime di Lavaredo.&nbsp;<\/strong>Si potr\u00e0&nbsp;<strong>sciare sulla pista del Col De Varda<\/strong>&nbsp;o dedicarsi al&nbsp;<strong>fondo alla pista Loita<\/strong>&nbsp;oppure&nbsp;<strong>pattinare illuminati dalla luna sul Lago Antorno<\/strong>. Sempre partendo dal lago si potranno&nbsp;<strong>raggiungere le Tre Cime anche in motoslitta e tornare poi in slittino<\/strong>.&nbsp;<\/p>\n<p>Per chi vuole godersi semplicemente la natura in queste notti cos\u00ec particolari o vuole fare una pausa dopo tanto sport, l\u2019appuntamento \u00e8 nel tardo pomeriggio con un&nbsp;<strong>aperitivo accanto al fuoco con un profumato vin brul\u00e8 e deliziosi dolcetti<\/strong>&nbsp;tipici della cucina delle Dolomiti bellunesi. Se poi non si \u00e8 ancora stanchi e si vuole proseguire la serata gli chalet e i ristoranti organizzano&nbsp;<strong>eventi speciali con il Piatto della luna piena e musica dal vivo.&nbsp;<\/strong><\/p>\n<p><img decoding=\"async\" class=\"alignnone  wp-image-55088\" src=\"https:\/\/www.turismoitinerante.com\/site\/wp-content\/uploads\/2023\/01\/Lavaredo-3.jpg\" alt=\"\" width=\"795\" height=\"528\" srcset=\"https:\/\/www.turismoitinerante.com\/site\/wp-content\/uploads\/2023\/01\/Lavaredo-3.jpg 700w, https:\/\/www.turismoitinerante.com\/site\/wp-content\/uploads\/2023\/01\/Lavaredo-3-300x199.jpg 300w\" sizes=\"(max-width: 795px) 100vw, 795px\" \/><\/p>\n<p><span style=\"color: #ff0000;\"><strong>Divertimento sulla neve<\/strong><\/span><\/p>\n<p>Per gli sportivi pi\u00f9 preparati, per chi mette gli sci per la prima volta e per tutti quelli che amano il divertimento sulla neve il Consorzio turistico Tre Cime Dolomiti con la&nbsp;<strong>Ski Area Auronzo Misurina<\/strong>&nbsp;\u00e8 l\u2019ideale. La&nbsp;<strong>qualit\u00e0 Dolomiti Superski<\/strong>&nbsp;e la tranquillit\u00e0 di un\u2019area di piccole dimensioni, ma perfettamente attrezzata garantiscono la vacanza perfetta.<\/p>\n<p><strong>15 km di piste<\/strong>&nbsp;adatte a sciatori di ogni capacit\u00e0 e raggiungibili in poco tempo dal centro del paese attendono gli appassionati sul&nbsp;<strong>monte Agudo<\/strong>, con la&nbsp;<strong>Ski Area Auronzo<\/strong>. I&nbsp;<strong>bambini&nbsp;<\/strong>che mettono gli sci per la prima volta saranno seguiti dagli istruttori del&nbsp;<strong>Campo scuola Ansiei<\/strong>, dotato di tappeto e baby skilift. Gli&nbsp;<strong>sciatori pi\u00f9 esperti<\/strong>&nbsp;potranno invece divertirsi su&nbsp;<strong>piste<\/strong>&nbsp;con&nbsp;<strong>numerosi cambi di pendenza.<\/strong><\/p>\n<p>La famosa&nbsp;<strong>Misurina<\/strong>, con&nbsp;<strong>l\u2019area sciistica sul Col De Varda<\/strong>,&nbsp;<strong>vanta una delle terrazze panoramiche pi\u00f9 spettacolari delle Dolomiti<\/strong>, dove si scia circondati dalle montagne pi\u00f9 famose dai Cadini al Sorapiss, dal Cristallo alle Tofane. Grazie alla particolare esposizione a sud \u00e8 possibile sciare&nbsp;<strong>da dicembre a marzo baciati dal sole.<\/strong>&nbsp;L\u2019area sciistica di Misurina \u00e8 ideale anche per chi vuole avvicinarsi a questo sport, grazie al&nbsp;<strong>Campo scuola Loita<\/strong>.&nbsp;<strong>Per chi preferisce invece lo&nbsp;sci di fondo, sempre a&nbsp;Misurina in prossimit\u00e0 della Loita,&nbsp;<\/strong>si scia su un anello di 5 km.&nbsp;<\/p>\n<p>Il divertimento sulla neve per\u00f2 non \u00e8 solo sci! Per chi vuole regalarsi qualche giorno in montagna, ma non ama sciare ci sono tante attivit\u00e0 che faranno ammirare da vicino la bellezza di queste montagne:&nbsp;<strong>piste da slittino adatte anche alle famiglie,<\/strong>&nbsp;che partono&nbsp;<strong>dalle Tre Cime di Lavaredo<\/strong>&nbsp;e dal Monte Piana, percorsi alla portata di tutti con le&nbsp;<strong>ciaspole<\/strong>, che portano ai rifugi in quota seguendo sentieri battuti o semplici&nbsp;<strong>passeggiate circondati dalla natura<\/strong>.<\/p>\n<p><img decoding=\"async\" class=\"alignnone  wp-image-55089\" src=\"https:\/\/www.turismoitinerante.com\/site\/wp-content\/uploads\/2023\/01\/Lavaredo-1.jpg\" alt=\"\" width=\"766\" height=\"453\" srcset=\"https:\/\/www.turismoitinerante.com\/site\/wp-content\/uploads\/2023\/01\/Lavaredo-1.jpg 700w, https:\/\/www.turismoitinerante.com\/site\/wp-content\/uploads\/2023\/01\/Lavaredo-1-300x177.jpg 300w\" sizes=\"(max-width: 766px) 100vw, 766px\" \/><\/p>\n<p><strong>Info:<\/strong> <a href=\"https:\/\/7mydu.r.ag.d.sendibm3.com\/mk\/cl\/f\/mSUc5lvessn3R3j5jXKP9gt7MQgZQQWe-TGKed6Ub-7c2hOG314BgzOkogMoovXMe68QK4OkhGy5MdfPkf5R_h5Pe9h4hqGfK4GSKfwhSyKtdCU5zNnVna6WWLG0RElDxjb2JjgXg5zslu1Ddo6lnH2-ORiacChS9Sr-ukQFsVm-_ddBhxhIhUFs7asBRwWmuGN2lV2O\" target=\"_blank\" rel=\"noopener\" data-saferedirecturl=\"https:\/\/www.google.com\/url?q=https:\/\/7mydu.r.ag.d.sendibm3.com\/mk\/cl\/f\/mSUc5lvessn3R3j5jXKP9gt7MQgZQQWe-TGKed6Ub-7c2hOG314BgzOkogMoovXMe68QK4OkhGy5MdfPkf5R_h5Pe9h4hqGfK4GSKfwhSyKtdCU5zNnVna6WWLG0RElDxjb2JjgXg5zslu1Ddo6lnH2-ORiacChS9Sr-ukQFsVm-_ddBhxhIhUFs7asBRwWmuGN2lV2O&amp;source=gmail&amp;ust=1674814585638000&amp;usg=AOvVaw2FC8kXmCvRlvDdWhRNq4Ik\">www.auronzomisurina.it&nbsp;<\/a><\/p>\n<div class=\"7863122cad8776726ec303240ed69aa5\" data-index=\"4\" style=\"float: none; margin:10px 0 10px 0; text-align:center;\">\n<script async src=\"\/\/pagead2.googlesyndication.com\/pagead\/js\/adsbygoogle.js\"><\/script>\r\n<!-- 728x90, creato 23\/02\/11 -->\r\n<ins class=\"adsbygoogle\"\r\n     style=\"display:inline-block;width:728px;height:90px\"\r\n     data-ad-client=\"ca-pub-5798583071070083\"\r\n     data-ad-slot=\"5935394872\"><\/ins>\r\n<script>\r\n(adsbygoogle = window.adsbygoogle || []).push({});\r\n<\/script>\n<\/div>\n\n<div style=\"font-size: 0px; height: 0px; line-height: 0px; margin: 0; padding: 0; clear: both;\"><\/div>","protected":false},"excerpt":{"rendered":"<p>Maestose e inconfondibili. Le&nbsp;Tre Cime di Lavaredo, in Veneto, sono il simbolo delle&nbsp;Dolomiti Patrimonio dell\u2019Umanit\u00e0 Unesco. Un tesoro inestimabile la cui bellezza splende ancora di pi\u00f9 al chiaro di luna e per questo le attivit\u00e0 di&nbsp;Misurina&nbsp;in collaborazione con il&nbsp;Consorzio Turistico Tre Cime Dolomiti&nbsp;organizzano la&nbsp;Festa della Luna piena. Un appuntamento per celebrare queste montagne nella&nbsp;notte pi\u00f9 [&hellip;]<\/p>\n","protected":false},"author":1,"featured_media":55087,"comment_status":"closed","ping_status":"open","sticky":false,"template":"","format":"standard","meta":{"ngg_post_thumbnail":0,"jnews-multi-image_gallery":[],"jnews_single_post":{"source_name":"","source_url":"","via_name":"","via_url":"","override_template":"0","override":[{"template":"1","single_blog_custom":"","parallax":"1","fullscreen":"1","layout":"right-sidebar","sidebar":"default-sidebar","second_sidebar":"default-sidebar","sticky_sidebar":"1","share_position":"top","share_float_style":"share-monocrhome","show_share_counter":"1","show_view_counter":"1","show_featured":"1","show_post_meta":"1","show_post_author":"1","show_post_author_image":"1","show_post_date":"1","post_date_format":"default","post_date_format_custom":"Y\/m\/d","show_post_category":"1","show_post_reading_time":"0","post_reading_time_wpm":"300","show_zoom_button":"0","zoom_button_out_step":"2","zoom_button_in_step":"3","show_post_tag":"1","show_prev_next_post":"1","show_popup_post":"1","number_popup_post":"1","show_author_box":"1","show_post_related":"0","show_inline_post_related":"0"}],"override_image_size":"0","image_override":[{"single_post_thumbnail_size":"crop-500","single_post_gallery_size":"crop-500"}],"trending_post":"0","trending_post_position":"meta","trending_post_label":"Trending","sponsored_post":"0","sponsored_post_label":"Sponsored by","sponsored_post_name":"","sponsored_post_url":"","sponsored_post_logo_enable":"0","sponsored_post_logo":"","sponsored_post_desc":"","disable_ad":"0"},"jnews_primary_category":{"id":"","hide":""},"jnews_override_counter":{"override_view_counter":"0","view_counter_number":"0","override_share_counter":"0","share_counter_number":"0","override_like_counter":"0","like_counter_number":"0","override_dislike_counter":"0","dislike_counter_number":"0"},"footnotes":""},"categories":[621],"tags":[423],"class_list":["post-55086","post","type-post","status-publish","format-standard","has-post-thumbnail","hentry","category-info-turismo","tag-veneto"],"yoast_head":"<!-- This site is optimized with the Yoast SEO plugin v27.4 - https:\/\/yoast.com\/product\/yoast-seo-wordpress\/ -->\n<title>Alle Tre Cime di Lavaredo torna la Festa della luna piena<\/title>\n<meta name=\"description\" content=\"Maestose e inconfondibili. Le\u00a0Tre Cime di Lavaredo, in Veneto, sono il simbolo delle\u00a0Dolomiti Patrimonio dell\u2019Umanit\u00e0 Unesco\" \/>\n<meta name=\"robots\" content=\"index, follow, max-snippet:-1, max-image-preview:large, max-video-preview:-1\" \/>\n<link rel=\"canonical\" href=\"https:\/\/www.turismoitinerante.com\/site\/alle-tre-cime-di-lavaredo-torna-la-festa-della-luna-piena\/\" \/>\n<meta property=\"og:locale\" content=\"it_IT\" \/>\n<meta property=\"og:type\" content=\"article\" \/>\n<meta property=\"og:title\" content=\"Alle Tre Cime di Lavaredo torna la Festa della luna piena\" \/>\n<meta property=\"og:description\" content=\"Maestose e inconfondibili. Le\u00a0Tre Cime di Lavaredo, in Veneto, sono il simbolo delle\u00a0Dolomiti Patrimonio dell\u2019Umanit\u00e0 Unesco\" \/>\n<meta property=\"og:url\" content=\"https:\/\/www.turismoitinerante.com\/site\/alle-tre-cime-di-lavaredo-torna-la-festa-della-luna-piena\/\" \/>\n<meta property=\"og:site_name\" content=\"TI - Turismo Itinerante\" \/>\n<meta property=\"article:published_time\" content=\"2023-01-26T10:21:57+00:00\" \/>\n<meta property=\"og:image\" content=\"https:\/\/www.turismoitinerante.com\/site\/wp-content\/uploads\/2023\/01\/Lavaredo-2.jpg\" \/>\n\t<meta property=\"og:image:width\" content=\"700\" \/>\n\t<meta property=\"og:image:height\" content=\"356\" \/>\n\t<meta property=\"og:image:type\" content=\"image\/jpeg\" \/>\n<meta name=\"author\" content=\"admin\" \/>\n<meta name=\"twitter:card\" content=\"summary_large_image\" \/>\n<meta name=\"twitter:label1\" content=\"Scritto da\" \/>\n\t<meta name=\"twitter:data1\" content=\"admin\" \/>\n\t<meta name=\"twitter:label2\" content=\"Tempo di lettura stimato\" \/>\n\t<meta name=\"twitter:data2\" content=\"5 minuti\" \/>\n<script type=\"application\/ld+json\" class=\"yoast-schema-graph\">{\"@context\":\"https:\\\/\\\/schema.org\",\"@graph\":[{\"@type\":\"Article\",\"@id\":\"https:\\\/\\\/www.turismoitinerante.com\\\/site\\\/alle-tre-cime-di-lavaredo-torna-la-festa-della-luna-piena\\\/#article\",\"isPartOf\":{\"@id\":\"https:\\\/\\\/www.turismoitinerante.com\\\/site\\\/alle-tre-cime-di-lavaredo-torna-la-festa-della-luna-piena\\\/\"},\"author\":{\"name\":\"admin\",\"@id\":\"https:\\\/\\\/www.turismoitinerante.com\\\/site\\\/#\\\/schema\\\/person\\\/1e1238d2d1617438f3682e54bf4d6c05\"},\"headline\":\"Alle Tre Cime di Lavaredo torna la Festa della luna piena\",\"datePublished\":\"2023-01-26T10:21:57+00:00\",\"mainEntityOfPage\":{\"@id\":\"https:\\\/\\\/www.turismoitinerante.com\\\/site\\\/alle-tre-cime-di-lavaredo-torna-la-festa-della-luna-piena\\\/\"},\"wordCount\":774,\"image\":{\"@id\":\"https:\\\/\\\/www.turismoitinerante.com\\\/site\\\/alle-tre-cime-di-lavaredo-torna-la-festa-della-luna-piena\\\/#primaryimage\"},\"thumbnailUrl\":\"https:\\\/\\\/www.turismoitinerante.com\\\/site\\\/wp-content\\\/uploads\\\/2023\\\/01\\\/Lavaredo-2.jpg\",\"keywords\":[\"Veneto\"],\"articleSection\":[\"Turismo\"],\"inLanguage\":\"it-IT\"},{\"@type\":\"WebPage\",\"@id\":\"https:\\\/\\\/www.turismoitinerante.com\\\/site\\\/alle-tre-cime-di-lavaredo-torna-la-festa-della-luna-piena\\\/\",\"url\":\"https:\\\/\\\/www.turismoitinerante.com\\\/site\\\/alle-tre-cime-di-lavaredo-torna-la-festa-della-luna-piena\\\/\",\"name\":\"Alle Tre Cime di Lavaredo torna la Festa della luna piena\",\"isPartOf\":{\"@id\":\"https:\\\/\\\/www.turismoitinerante.com\\\/site\\\/#website\"},\"primaryImageOfPage\":{\"@id\":\"https:\\\/\\\/www.turismoitinerante.com\\\/site\\\/alle-tre-cime-di-lavaredo-torna-la-festa-della-luna-piena\\\/#primaryimage\"},\"image\":{\"@id\":\"https:\\\/\\\/www.turismoitinerante.com\\\/site\\\/alle-tre-cime-di-lavaredo-torna-la-festa-della-luna-piena\\\/#primaryimage\"},\"thumbnailUrl\":\"https:\\\/\\\/www.turismoitinerante.com\\\/site\\\/wp-content\\\/uploads\\\/2023\\\/01\\\/Lavaredo-2.jpg\",\"datePublished\":\"2023-01-26T10:21:57+00:00\",\"author\":{\"@id\":\"https:\\\/\\\/www.turismoitinerante.com\\\/site\\\/#\\\/schema\\\/person\\\/1e1238d2d1617438f3682e54bf4d6c05\"},\"description\":\"Maestose e inconfondibili. Le\u00a0Tre Cime di Lavaredo, in Veneto, sono il simbolo delle\u00a0Dolomiti Patrimonio dell\u2019Umanit\u00e0 Unesco\",\"breadcrumb\":{\"@id\":\"https:\\\/\\\/www.turismoitinerante.com\\\/site\\\/alle-tre-cime-di-lavaredo-torna-la-festa-della-luna-piena\\\/#breadcrumb\"},\"inLanguage\":\"it-IT\",\"potentialAction\":[{\"@type\":\"ReadAction\",\"target\":[\"https:\\\/\\\/www.turismoitinerante.com\\\/site\\\/alle-tre-cime-di-lavaredo-torna-la-festa-della-luna-piena\\\/\"]}]},{\"@type\":\"ImageObject\",\"inLanguage\":\"it-IT\",\"@id\":\"https:\\\/\\\/www.turismoitinerante.com\\\/site\\\/alle-tre-cime-di-lavaredo-torna-la-festa-della-luna-piena\\\/#primaryimage\",\"url\":\"https:\\\/\\\/www.turismoitinerante.com\\\/site\\\/wp-content\\\/uploads\\\/2023\\\/01\\\/Lavaredo-2.jpg\",\"contentUrl\":\"https:\\\/\\\/www.turismoitinerante.com\\\/site\\\/wp-content\\\/uploads\\\/2023\\\/01\\\/Lavaredo-2.jpg\",\"width\":700,\"height\":356},{\"@type\":\"BreadcrumbList\",\"@id\":\"https:\\\/\\\/www.turismoitinerante.com\\\/site\\\/alle-tre-cime-di-lavaredo-torna-la-festa-della-luna-piena\\\/#breadcrumb\",\"itemListElement\":[{\"@type\":\"ListItem\",\"position\":1,\"name\":\"Home\",\"item\":\"https:\\\/\\\/www.turismoitinerante.com\\\/site\\\/\"},{\"@type\":\"ListItem\",\"position\":2,\"name\":\"Alle Tre Cime di Lavaredo torna la Festa della luna piena\"}]},{\"@type\":\"WebSite\",\"@id\":\"https:\\\/\\\/www.turismoitinerante.com\\\/site\\\/#website\",\"url\":\"https:\\\/\\\/www.turismoitinerante.com\\\/site\\\/\",\"name\":\"TI - Turismo Itinerante\",\"description\":\"Ritrovarsi su internet per informarsi, per informare. Il portale del turismo itinerante. Una infinit\u00e0 di notizie su camper, itinerari, aree sosta camper, concessionari, campeggi, agriturismo, raduni, sagre, fiere, mostre, associazioni, club, forum, bacheca annunci\",\"potentialAction\":[{\"@type\":\"SearchAction\",\"target\":{\"@type\":\"EntryPoint\",\"urlTemplate\":\"https:\\\/\\\/www.turismoitinerante.com\\\/site\\\/?s={search_term_string}\"},\"query-input\":{\"@type\":\"PropertyValueSpecification\",\"valueRequired\":true,\"valueName\":\"search_term_string\"}}],\"inLanguage\":\"it-IT\"},{\"@type\":\"Person\",\"@id\":\"https:\\\/\\\/www.turismoitinerante.com\\\/site\\\/#\\\/schema\\\/person\\\/1e1238d2d1617438f3682e54bf4d6c05\",\"name\":\"admin\",\"image\":{\"@type\":\"ImageObject\",\"inLanguage\":\"it-IT\",\"@id\":\"https:\\\/\\\/secure.gravatar.com\\\/avatar\\\/9102d8c23b35e2809b07ebc42ce126daa3d6a47cce9878a22d14d9852ade629e?s=96&d=mm&r=g\",\"url\":\"https:\\\/\\\/secure.gravatar.com\\\/avatar\\\/9102d8c23b35e2809b07ebc42ce126daa3d6a47cce9878a22d14d9852ade629e?s=96&d=mm&r=g\",\"contentUrl\":\"https:\\\/\\\/secure.gravatar.com\\\/avatar\\\/9102d8c23b35e2809b07ebc42ce126daa3d6a47cce9878a22d14d9852ade629e?s=96&d=mm&r=g\",\"caption\":\"admin\"},\"url\":\"https:\\\/\\\/www.turismoitinerante.com\\\/site\\\/author\\\/admin\\\/\"}]}<\/script>\n<!-- \/ Yoast SEO plugin. -->","yoast_head_json":{"title":"Alle Tre Cime di Lavaredo torna la Festa della luna piena","description":"Maestose e inconfondibili. Le\u00a0Tre Cime di Lavaredo, in Veneto, sono il simbolo delle\u00a0Dolomiti Patrimonio dell\u2019Umanit\u00e0 Unesco","robots":{"index":"index","follow":"follow","max-snippet":"max-snippet:-1","max-image-preview":"max-image-preview:large","max-video-preview":"max-video-preview:-1"},"canonical":"https:\/\/www.turismoitinerante.com\/site\/alle-tre-cime-di-lavaredo-torna-la-festa-della-luna-piena\/","og_locale":"it_IT","og_type":"article","og_title":"Alle Tre Cime di Lavaredo torna la Festa della luna piena","og_description":"Maestose e inconfondibili. Le\u00a0Tre Cime di Lavaredo, in Veneto, sono il simbolo delle\u00a0Dolomiti Patrimonio dell\u2019Umanit\u00e0 Unesco","og_url":"https:\/\/www.turismoitinerante.com\/site\/alle-tre-cime-di-lavaredo-torna-la-festa-della-luna-piena\/","og_site_name":"TI - Turismo Itinerante","article_published_time":"2023-01-26T10:21:57+00:00","og_image":[{"width":700,"height":356,"url":"https:\/\/www.turismoitinerante.com\/site\/wp-content\/uploads\/2023\/01\/Lavaredo-2.jpg","type":"image\/jpeg"}],"author":"admin","twitter_card":"summary_large_image","twitter_misc":{"Scritto da":"admin","Tempo di lettura stimato":"5 minuti"},"schema":{"@context":"https:\/\/schema.org","@graph":[{"@type":"Article","@id":"https:\/\/www.turismoitinerante.com\/site\/alle-tre-cime-di-lavaredo-torna-la-festa-della-luna-piena\/#article","isPartOf":{"@id":"https:\/\/www.turismoitinerante.com\/site\/alle-tre-cime-di-lavaredo-torna-la-festa-della-luna-piena\/"},"author":{"name":"admin","@id":"https:\/\/www.turismoitinerante.com\/site\/#\/schema\/person\/1e1238d2d1617438f3682e54bf4d6c05"},"headline":"Alle Tre Cime di Lavaredo torna la Festa della luna piena","datePublished":"2023-01-26T10:21:57+00:00","mainEntityOfPage":{"@id":"https:\/\/www.turismoitinerante.com\/site\/alle-tre-cime-di-lavaredo-torna-la-festa-della-luna-piena\/"},"wordCount":774,"image":{"@id":"https:\/\/www.turismoitinerante.com\/site\/alle-tre-cime-di-lavaredo-torna-la-festa-della-luna-piena\/#primaryimage"},"thumbnailUrl":"https:\/\/www.turismoitinerante.com\/site\/wp-content\/uploads\/2023\/01\/Lavaredo-2.jpg","keywords":["Veneto"],"articleSection":["Turismo"],"inLanguage":"it-IT"},{"@type":"WebPage","@id":"https:\/\/www.turismoitinerante.com\/site\/alle-tre-cime-di-lavaredo-torna-la-festa-della-luna-piena\/","url":"https:\/\/www.turismoitinerante.com\/site\/alle-tre-cime-di-lavaredo-torna-la-festa-della-luna-piena\/","name":"Alle Tre Cime di Lavaredo torna la Festa della luna piena","isPartOf":{"@id":"https:\/\/www.turismoitinerante.com\/site\/#website"},"primaryImageOfPage":{"@id":"https:\/\/www.turismoitinerante.com\/site\/alle-tre-cime-di-lavaredo-torna-la-festa-della-luna-piena\/#primaryimage"},"image":{"@id":"https:\/\/www.turismoitinerante.com\/site\/alle-tre-cime-di-lavaredo-torna-la-festa-della-luna-piena\/#primaryimage"},"thumbnailUrl":"https:\/\/www.turismoitinerante.com\/site\/wp-content\/uploads\/2023\/01\/Lavaredo-2.jpg","datePublished":"2023-01-26T10:21:57+00:00","author":{"@id":"https:\/\/www.turismoitinerante.com\/site\/#\/schema\/person\/1e1238d2d1617438f3682e54bf4d6c05"},"description":"Maestose e inconfondibili. Le\u00a0Tre Cime di Lavaredo, in Veneto, sono il simbolo delle\u00a0Dolomiti Patrimonio dell\u2019Umanit\u00e0 Unesco","breadcrumb":{"@id":"https:\/\/www.turismoitinerante.com\/site\/alle-tre-cime-di-lavaredo-torna-la-festa-della-luna-piena\/#breadcrumb"},"inLanguage":"it-IT","potentialAction":[{"@type":"ReadAction","target":["https:\/\/www.turismoitinerante.com\/site\/alle-tre-cime-di-lavaredo-torna-la-festa-della-luna-piena\/"]}]},{"@type":"ImageObject","inLanguage":"it-IT","@id":"https:\/\/www.turismoitinerante.com\/site\/alle-tre-cime-di-lavaredo-torna-la-festa-della-luna-piena\/#primaryimage","url":"https:\/\/www.turismoitinerante.com\/site\/wp-content\/uploads\/2023\/01\/Lavaredo-2.jpg","contentUrl":"https:\/\/www.turismoitinerante.com\/site\/wp-content\/uploads\/2023\/01\/Lavaredo-2.jpg","width":700,"height":356},{"@type":"BreadcrumbList","@id":"https:\/\/www.turismoitinerante.com\/site\/alle-tre-cime-di-lavaredo-torna-la-festa-della-luna-piena\/#breadcrumb","itemListElement":[{"@type":"ListItem","position":1,"name":"Home","item":"https:\/\/www.turismoitinerante.com\/site\/"},{"@type":"ListItem","position":2,"name":"Alle Tre Cime di Lavaredo torna la Festa della luna piena"}]},{"@type":"WebSite","@id":"https:\/\/www.turismoitinerante.com\/site\/#website","url":"https:\/\/www.turismoitinerante.com\/site\/","name":"TI - Turismo Itinerante","description":"Ritrovarsi su internet per informarsi, per informare. Il portale del turismo itinerante. Una infinit\u00e0 di notizie su camper, itinerari, aree sosta camper, concessionari, campeggi, agriturismo, raduni, sagre, fiere, mostre, associazioni, club, forum, bacheca annunci","potentialAction":[{"@type":"SearchAction","target":{"@type":"EntryPoint","urlTemplate":"https:\/\/www.turismoitinerante.com\/site\/?s={search_term_string}"},"query-input":{"@type":"PropertyValueSpecification","valueRequired":true,"valueName":"search_term_string"}}],"inLanguage":"it-IT"},{"@type":"Person","@id":"https:\/\/www.turismoitinerante.com\/site\/#\/schema\/person\/1e1238d2d1617438f3682e54bf4d6c05","name":"admin","image":{"@type":"ImageObject","inLanguage":"it-IT","@id":"https:\/\/secure.gravatar.com\/avatar\/9102d8c23b35e2809b07ebc42ce126daa3d6a47cce9878a22d14d9852ade629e?s=96&d=mm&r=g","url":"https:\/\/secure.gravatar.com\/avatar\/9102d8c23b35e2809b07ebc42ce126daa3d6a47cce9878a22d14d9852ade629e?s=96&d=mm&r=g","contentUrl":"https:\/\/secure.gravatar.com\/avatar\/9102d8c23b35e2809b07ebc42ce126daa3d6a47cce9878a22d14d9852ade629e?s=96&d=mm&r=g","caption":"admin"},"url":"https:\/\/www.turismoitinerante.com\/site\/author\/admin\/"}]}},"_links":{"self":[{"href":"https:\/\/www.turismoitinerante.com\/site\/wp-json\/wp\/v2\/posts\/55086","targetHints":{"allow":["GET"]}}],"collection":[{"href":"https:\/\/www.turismoitinerante.com\/site\/wp-json\/wp\/v2\/posts"}],"about":[{"href":"https:\/\/www.turismoitinerante.com\/site\/wp-json\/wp\/v2\/types\/post"}],"author":[{"embeddable":true,"href":"https:\/\/www.turismoitinerante.com\/site\/wp-json\/wp\/v2\/users\/1"}],"replies":[{"embeddable":true,"href":"https:\/\/www.turismoitinerante.com\/site\/wp-json\/wp\/v2\/comments?post=55086"}],"version-history":[{"count":1,"href":"https:\/\/www.turismoitinerante.com\/site\/wp-json\/wp\/v2\/posts\/55086\/revisions"}],"predecessor-version":[{"id":55090,"href":"https:\/\/www.turismoitinerante.com\/site\/wp-json\/wp\/v2\/posts\/55086\/revisions\/55090"}],"wp:featuredmedia":[{"embeddable":true,"href":"https:\/\/www.turismoitinerante.com\/site\/wp-json\/wp\/v2\/media\/55087"}],"wp:attachment":[{"href":"https:\/\/www.turismoitinerante.com\/site\/wp-json\/wp\/v2\/media?parent=55086"}],"wp:term":[{"taxonomy":"category","embeddable":true,"href":"https:\/\/www.turismoitinerante.com\/site\/wp-json\/wp\/v2\/categories?post=55086"},{"taxonomy":"post_tag","embeddable":true,"href":"https:\/\/www.turismoitinerante.com\/site\/wp-json\/wp\/v2\/tags?post=55086"}],"curies":[{"name":"wp","href":"https:\/\/api.w.org\/{rel}","templated":true}]}}