{"id":53322,"date":"2022-06-21T09:29:03","date_gmt":"2022-06-21T08:29:03","guid":{"rendered":"https:\/\/www.turismoitinerante.com\/site\/?p=53322"},"modified":"2022-06-21T09:29:03","modified_gmt":"2022-06-21T08:29:03","slug":"ai-nastri-di-partenza-la-xxvi-edizione-della-festa-artusiana-a-forlimpopoli","status":"publish","type":"post","link":"https:\/\/www.turismoitinerante.com\/site\/ai-nastri-di-partenza-la-xxvi-edizione-della-festa-artusiana-a-forlimpopoli\/","title":{"rendered":"Ai nastri di partenza la XXVI edizione della Festa Artusiana a Forlimpopoli"},"content":{"rendered":"<p>Torna nel tradizionale periodo di inizio estate &#8211; <span style=\"color: #ff0000;\"><strong>dal 25 giugno al 3 luglio<\/strong><\/span> &#8211; la Festa Artusiana, che &nbsp;quest\u2019anno arriva alla ventiseiesima edizione. Per nove giorni Forlimpopoli si trasforma nella capitale del \u2018bello e del buono\u2019 in cucina per rendere omaggio al suo concittadino pi\u00f9 illustre, il grande gastronomo&nbsp; Pellegrino Artusi,&nbsp; padre indiscusso della cucina italiana.<\/p>\n<p>Confermati gli ingredienti che nel corso degli anni hanno reso celebre la manifestazione: gastronomia, cultura, intrattenimento, legati dal filo conduttore del manuale artusiano.<\/p>\n<p>Tutte le sere nella piazza principale (ribattezzata per l\u2019occasione \u2018Piazza Pellegrino Artusi\u2019) saranno protagonisti i prodotti di qualit\u00e0 delle diverse aree e regionali italiane, con banchi dove degustare e acquistare. Ma l\u2019intero centro storico, con i suoi ristoranti e i suoi stand allestiti lungo le strade, imbandisce per i visitatori un goloso men\u00f9 in cui la fanno da padrone le 790 ricette del testo di Artusi.<\/p>\n<p>E poi c\u2019\u00e8 un ricco cartellone, che mette insieme una settantina di appuntamenti fra spettacoli, concerti, incontri con autori, convegni, laboratori di degustazione, animazioni per bambini. Ogni sera un caleidoscopio di eventi in grado di soddisfare &nbsp;i diversi tipi di pubblico.<\/p>\n<p><img decoding=\"async\" class=\"aligncenter size-full wp-image-53323\" src=\"https:\/\/www.turismoitinerante.com\/site\/wp-content\/uploads\/2022\/06\/festa-artusiana-forlimpopoli-1.jpg\" alt=\"\" width=\"851\" height=\"315\" srcset=\"https:\/\/www.turismoitinerante.com\/site\/wp-content\/uploads\/2022\/06\/festa-artusiana-forlimpopoli-1.jpg 851w, https:\/\/www.turismoitinerante.com\/site\/wp-content\/uploads\/2022\/06\/festa-artusiana-forlimpopoli-1-300x111.jpg 300w, https:\/\/www.turismoitinerante.com\/site\/wp-content\/uploads\/2022\/06\/festa-artusiana-forlimpopoli-1-768x284.jpg 768w, https:\/\/www.turismoitinerante.com\/site\/wp-content\/uploads\/2022\/06\/festa-artusiana-forlimpopoli-1-750x278.jpg 750w\" sizes=\"(max-width: 851px) 100vw, 851px\" \/><\/p>\n<p>&nbsp;<\/p>\n<p><strong>Il convegno inaugurale<\/strong><\/p>\n<p>Si parte sabato 25 giugno e il compito di aprire la manifestazione \u00e8 affidato, come da tradizione, al convegno inaugurale, che quest\u2019anno affronter\u00e0 il tema \u201cCucina di casa e cucina professionale\u201d. Realizzato&nbsp; da Casa Artusi con in&nbsp; collaborazione con Alma, la Scuola Internazionale di cucina italiana di Colorno (PR), l\u2019incontro metter\u00e0 a fuoco l\u2019interazione costruttiva fra ambito domestico e ambito professionale che caratterizza la cucina italiana. Del resto, non \u00e8 forse vero che il modello pi\u00f9 tipico della cucina professionale italiana \u00e8, pi\u00f9 ancora del ristorante, la trattoria (spesso a gestione familiare) e che anche i grandi cuochi come Massimo Bottura (e prima di lui Gualtiero Marchesi) &nbsp;fanno spesso riferimento a una tradizione appresa tra le mura domestiche?<\/p>\n<p>Per parlare di questi temi si ritroveranno nella Chiesa dei Servi sabato 25 giugno alle ore 17, relatori del calibro di Massimo Montanari, docente dell\u2019Alma Mater Bologna e Presidente comitato scientifico Casa Artusi, le Maestre di cucina Aurora Mazzucchelli di Sasso Marconi, Ambra Lenini di Imola, Antonella Ricci di Ceglie Messapica, Fabio Amadei, Docente di cultura gastronomica e sostenibilit\u00e0 di Alma, Alberto Capatti, Direttore Scientifico Casa Artusi.<\/p>\n<p>In apertura i saluti istituzionali della Sindaca di Forlimpopoli Milena Garavini, della Presidente di Casa Artusi Laila Tentoni, del Direttore di Alma Andrea Sinigaglia.&nbsp;<\/p>\n<p>&nbsp;<\/p>\n<p><strong>I premi Marietta ad honorem<\/strong><\/p>\n<p>Domenica 26 giugno sar\u00e0 la giornata dei premi Marietta. In mattinata i finalisti del concorso dedicato ai cuochi non professionisti si sfideranno preparando le loro ricette. In serata, alle ore 21, nell\u2019arena centrale ospitata nella corte della Rocca, si terr\u00e0 la cerimonia di premiazione del concorso e. contstuamente, saranno consegnati i premi Marietta ad honorem, assegnati su indicazione del comitato scientifico di Casa Artusi come riconoscimento per chi&nbsp;consacra tempo e talento per promuovere la scoperta, la tutela, la cultura delle risorse alimentari del territorio. Il premio Marietta ad honorem 2022 \u00e8 stato assegnato a:<\/p>\n<p><strong>Fattoria Trapoggio di Santa Sofia<\/strong>, che vanta una lunga esperienza famigliare nel campo dei prodotti lattiero-caseari, con una lavorazione tramandata di padre in figlio e legata alla tradizione produttiva d\u2019eccellenza dell\u2019Appennino tosco-romagnolo. Il latte usato \u00e8 quello dei loro animali, alimentati solo con&nbsp; foraggi aziendali e&nbsp; cereali misti. L\u2019Azienda produce&nbsp; squacquerone, ricotta, vari formaggi vaccini freschi, semi stagionati, stagionati, misti e pecorini e il Raviggiolo, presidio Slow Food .<\/p>\n<p><strong>Maria Pia Timo<\/strong>, attrice e comica nata a Faenza, personaggio televisivo noto al pubblico, autrice di diversi testi legati al cibo,&nbsp; importante protagonista sia in teatro, memorabile Marietta in Artusi. Bollito d\u2019amore, sia al cinema con performances memorabili. Le viene riconosciuto e conferito il Premio per aver rappresentato con leggerezza e profondit\u00e0 la cucina della propria terra (la Romagna), unendola con grande capacit\u00e0 alle storie legate a personaggi, luoghi e aneddoti memorabili che rispecchiano i valori della festa e di tutta la citt\u00e0 artusiana.<\/p>\n<p>&nbsp;<\/p>\n<p><strong>Il Premio Artusi<\/strong><\/p>\n<p>Nell\u2019ambito delle manifestazioni artusiane viene comunicato il \u201c Premio Artusi\u201d, assegnato ogni anno a grandi personalit\u00e0 del mondo della cultura, con particolare riferimento a quella alimentare<\/p>\n<p>Quest\u2019anno, la citt\u00e0 di Forlimpopoli, su proposta del Comitato Scientifico di Casa Artusi, intende assegnare Il premio Artusi al regista e produttore cinematografico&nbsp;<strong>Pupi Avati<\/strong>, per essere riuscito a rappresentare nella sua opera i caratteri essenziali della cucina di casa e a nutrire l&#8217;immaginario collettivo con forme e figure emblematiche in grado di cogliere lo spirito autentico della convivialit\u00e0 familiare.<\/p>\n<p>Il Premio consiste in una scultura in bronzo del busto di Artusi ad opera dell&#8217;artista Pasquale Marzelli, e la consegna \u00e8 prevista&nbsp;<strong>nel giorno del compleanno di Pellegrino Artusi, il 4 agosto alle ore 21.30<\/strong>&nbsp;in Arena,&nbsp; a cui seguir\u00e0 la proiezione del documentario: \u201cPupi Avati, La tavola racconta\u201d di Adriano Pintaldii che narra uno spaccato della carriera del maestro,&nbsp; in occasione della tappa forlimpopolese di \u2018Tramonto Di Vino 2022\u2019 .<\/p>\n<p>&nbsp;<\/p>\n<p><strong>Il compleanno di Casa Artusi e dell\u2019Associazione delle Mariette<\/strong><\/p>\n<p>Nel 2022 Casa Artusi e l\u2019associazione delle Mariette compiono 15 anni. Per festeggiare degnamente questo traguardo \u00e8 stato organizzato un evento da non perdere. Sabato 1 luglio dalle ore 21:30 a Casa Artusi andr\u00e0 in scena uno spettacolo di videomapping: una tavola imbandita diventa il palcoscenico in cui far convogliare immagini, racconti e animazioni sull\u2019opera artusiana. Al lavoro anche le Mariette &nbsp;che mostreranno la loro abilit\u00e0 con tagliere e mattarello.<\/p>\n<p><img decoding=\"async\" class=\"aligncenter size-large wp-image-53324\" src=\"https:\/\/www.turismoitinerante.com\/site\/wp-content\/uploads\/2022\/06\/festa-artusiana-forlimpopoli-2-1024x681.jpg\" alt=\"\" width=\"1024\" height=\"681\" srcset=\"https:\/\/www.turismoitinerante.com\/site\/wp-content\/uploads\/2022\/06\/festa-artusiana-forlimpopoli-2-1024x681.jpg 1024w, https:\/\/www.turismoitinerante.com\/site\/wp-content\/uploads\/2022\/06\/festa-artusiana-forlimpopoli-2-300x199.jpg 300w, https:\/\/www.turismoitinerante.com\/site\/wp-content\/uploads\/2022\/06\/festa-artusiana-forlimpopoli-2-768x511.jpg 768w, https:\/\/www.turismoitinerante.com\/site\/wp-content\/uploads\/2022\/06\/festa-artusiana-forlimpopoli-2-750x499.jpg 750w, https:\/\/www.turismoitinerante.com\/site\/wp-content\/uploads\/2022\/06\/festa-artusiana-forlimpopoli-2-1140x758.jpg 1140w, https:\/\/www.turismoitinerante.com\/site\/wp-content\/uploads\/2022\/06\/festa-artusiana-forlimpopoli-2.jpg 1444w\" sizes=\"(max-width: 1024px) 100vw, 1024px\" \/><\/p>\n<p><strong>In piazza e nei ristoranti con i prodotti d\u2019eccellenza dei territori<\/strong><\/p>\n<p>Pellegrino Artusi non aveva dubbi: per cucinare bene bisogna partire da materie prime eccellenti. Ecco perch\u00e9 la Festa Artusiana dedica la massima attenzione ai prodotti a marchio, tradizionali e tipici, cio\u00e8 a quei prodotti che rappresentano la massima garanzia di genuinit\u00e0, autenticit\u00e0 e legame con il territorio, all\u2019interno di una produzione agro-alimentare rispettosa dell\u2019ambiente naturale e culturale d\u2019origine.<\/p>\n<p>Non a caso, per garantire questi aspetti,&nbsp; tutti i ristoratori coinvolti nella Festa devono attenersi a un rigido disciplinare, elaborato da un\u2019apposita Commissione Gastronomica.<\/p>\n<p>Per trovare questo \u2018paradiso del gusto\u2019 basta andare nella centrale Piazza Garibaldi (per l\u2019occasione ribattezzata Piazza Pellegrino Artusi), che \u00e8, appunto, dedicata alla valorizzazione dei prodotti di qualit\u00e0 delle diverse aree e regionali italiane. All\u2019interno degli stand sono presenti prodotti agricoli e alimentari \u201cidentitari\u201d e caratterizzanti, che ciascun produttore e ristoratore illustra nelle proprie caratteristiche e tecniche di utilizzo, anche con degustazioni guidate. Oltre a numerosi Comuni della Romagna e altri provenienti da tutta Italia, la piazza ospita ogni anno anche Comuni e Regioni provenienti dal resto del mondo con le proprie cucine tipiche Tra gli ospiti stranieri, immancabile la presenza dei \u2018gemelli\u2019 di Villeneuve-Loubet, citt\u00e0 natale di Auguste Escoffier.<\/p>\n<p>Anche i ristoranti fissi della citt\u00e0 di Forlimpopoli, in occasione della Festa, adattano i loro men\u00f9 integrandoli con ricette artusiane per rendere omaggio al padre della cucina domestica italiana.<\/p>\n<p>Inoltre, nelle diverse vie del Centro Storico si accenderanno, per tutte e nove le serate della Festa i colori di un piccolo mercato animato da associazioni, aziende agro-alimentari, piccoli artigiani ed allevatori, che non si limiteranno ad offrire i loro prodotti ma ne illustreranno la filosofia basata sulla sostenibilit\u00e0 ambientale e sulle scelte consapevoli.<\/p>\n<p>&nbsp;<\/p>\n<p>&nbsp;<\/p>\n<p><strong>Le rassegne di spettacolo<\/strong><\/p>\n<p>Ogni sera, nell\u2019arena centrale di piazza Fratti andranno in scena concerti e spettacoli. Si comincia il 25 giugno con il concerto di Bend-it, big band slovena di grande impatto. Marted\u00ec 27 l\u2019 Associazione Ostinata Contraria proporr\u00e0&nbsp; \u201cL\u2019anno che non caddero le foglie\u201d, con la regia di Denio Derni e la partecipazione degli allievi del Laboratorio Teatrale Teatro degli Avanzi (si tratta del 1\u00b0 appuntamento della Settimana del Buon Vivere\u201d). Mercoled\u00ec 28 il Centro diurno Ulisse di Forl\u00ec &#8211; AUSL&nbsp; della Romagna presenter\u00e0 \u201cCarissimo Pellegrino\u201d,&nbsp; readings dedicato al grande gastronomo forlimpopolese. Mercoled\u00ec 29 arriver\u00e0 il sorprendente Shezan con uno spettacolo che mette insieme giocoleria, magia, fachirismo estremo. Il 30 giugno sar\u00e0 proiettato il film \u201cQuel che conta \u00e8 il pensiero\u201d, mentre il 1 luglio riflettori puntati su \u201cLa mortadella. Un bacio rosa e profumato\u201d: sul palco Franz Campi voce, Davide Falconi al pianoforte, Marcello Ferrarini all\u2019affettatrice. Sabato 2 luglio \u00e8 in programma \u201cPindarico\u201d, rappresentazione all\u2019insegna della leggerezza acrobatica e del&nbsp; trasformismo a cura di Terzostudio \u2013 Circo Improvviso. Si conclude domenica 3 luglio con Tiziano&nbsp; Cellai campione italiano di magia 2022, e il suo Fantasy Illusion\u201d.<\/p>\n<p>Per i pi\u00f9 piccoli, tutte le sere alle 20,45 l\u2019appuntamento \u00e8 nel fossato della Rocca. Ci saranno spettacoli e animazioni pensati per loro: giocolieri, burattini, storie fantastiche, clowneria con compagnie e artisti come Gambeinspalla&nbsp;Teatro, Paolo Rech, Allincirco, Otto il Bassotto, A tuttotondoteatro , Teatro Lunatico, la Combriccola&nbsp;dei&nbsp;Lillipuziani, Dante&nbsp;Cigarini, Checco Tonti.<\/p>\n<p>A completare il quadro gli spettacoli e le animazioni itineranti che si svolgeranno ogni sera in piazza Pompilio e per le vie circostanti.<\/p>\n<p><strong>&nbsp;<\/strong><\/p>\n<p><strong>&nbsp;<\/strong><\/p>\n<p><strong>Gli aperitivi&nbsp; a corte&nbsp;<\/strong><strong>: buone letture e buon cibo<\/strong><\/p>\n<p>Quasi ogni sera, alle ore 19, nella corte di Casa Artusi va in scena la rassegna&nbsp;dedicata ai libri e alle storie legate al cibo. E dopo l\u2019incontro con l\u2019autore, ci sar\u00e0 un aperitivo con ricetta artusiana in abbinamento ad un calice di vino del nostro territorio.<\/p>\n<p>Ad aprire la rassegna domenica 26 giugno sar\u00e0&nbsp;Alberto Capatti con il suo &nbsp;<em>Piccolo atlante dei cibi perduti. Storie di cucina dimenticata<\/em>, Slow Food, 2022<\/p>\n<p>A dialogare con l\u2019autore sar\u00e0 il responsabile Biblioteca Comunale Artusi, Antonio Tolo<\/p>\n<p><em>Il&nbsp;<\/em>&nbsp;27 giugno sar\u00f2 presentato&nbsp;&nbsp;\u201c<em>L\u2019Ultima ostessa. Vita, passioni e ricette di Anna Dente\u201d<\/em>, di Paolo Massobrio. Sar\u00e0 presente&nbsp;Angela Ferracci, figlia di Anna Dente, e con lei dialogher\u00e0 l\u2019imprenditore Premio Artusi 2011, Oscar Farinetti<\/p>\n<p>Il 28 giugno salir\u00e0 alla ribalta&nbsp;Graziano Pozzetto che parler\u00e0 del suo \u201c<em>Tonino Guerra. Il cibo e l\u2019infanzia. Noi continuiamo a mangiare nei piatti della mamma\u201d<\/em>&nbsp;(Il ponte vecchio, 2020). Con lui&nbsp;la scrittrice e biografa ufficiale del poeta, Rita Giannini<\/p>\n<p>Mercoled\u00ec 29 giugno il libro in vetrina sar\u00e0&nbsp;\u201c<em>Monoporzioni lievitate. La pasticceria circolare\u201d di&nbsp;<\/em>Stefano Laghi, Alessandro Bertuzzi. A conversare con&nbsp;il maestro di pasticceria Alessandro Bertuzzi ci sar\u00e0 il gastronomo Mattia Fiandaca<\/p>\n<p>Gioved\u00ec 30 giugno&nbsp;Monica Alba, autrice di \u201c<em>Artusi e gli editori fiorentini. La scienza in cucina e l\u2019arte della stampa\u201d parler\u00e0 del suo libro con Giovanna Frosini,<\/em>&nbsp;ordinaria di storia della lingua italiana Universit\u00e0 per Stranieri di Siena, Giovanna Frosini<\/p>\n<p>Infine, sabato 2 luglio, sar\u00e0 protagonista il volume \u201c<em>Viaggio con formaggio. Citt\u00e0 e territori d\u2019Italia raccontati dagli assaggiatori Onaf\u201d<\/em>. Ne parleranno&nbsp;Elio Ragazzoni (curatore dell\u2019opera insieme a Fiorenzo Cravetto) e Paolo Rambelli, Assessore alla cultura e turismo del Comune di Forlimpopoli<\/p>\n<p>&nbsp;<\/p>\n<p>&nbsp;<\/p>\n<p><strong>Show Cooking in piazza Pompilio<\/strong><\/p>\n<p>Tutte le sere, a partire dalle ore 20, piazza Pompilio ospiter\u00e0 incontri capaci di combinare spettacolo, cultura e gastronomia nella forma degli show cooking. Sul palco, ovvero ai fornelli, si alterneranno ogni sera alcuni tra i maggiori chef italiani, tutti concordi nel riconoscere \u2013 al di l\u00e0 delle scelte compiute e delle ricerche gastronomiche condotte \u2013 nell\u2019opera di Artusi un punto di riferimento per la storia del gusto italiano.<\/p>\n<p>&nbsp;<\/p>\n<p><strong>&#8220;Esperienze sensoriali sui torrioni&#8221; Laboratori\/esperienze sensoriali con diversi assaggi.<\/strong><\/p>\n<p>Tre appuntamenti sui torrioni della Rocca per imparare a sollecitare i sensi e cogliere i segreti di alcune eccellenze. Questo il programma:<\/p>\n<p>&nbsp;25 giugno ore 19,30&nbsp; &#8211; &#8220;Odore di chiuso. Un giallo per raccontare i segreti dell&#8217;olfatto&#8221;.<\/p>\n<p>1 luglio, 19,30&nbsp; &#8211;&nbsp;&#8220;Usa il buon senso&#8221;<\/p>\n<p>3 luglio, ore 19,30 &#8211;&nbsp;&#8220;Buono a sapersi&#8221;<\/p>\n<p>Iscrizioni entro il giorno precedente all&#8217;evento scrivendo a&nbsp;<a href=\"mailto:holami68@icloud.com\">holami68@icloud.com<\/a>&nbsp;o via Whatsapp a&nbsp;MICAELA 366 4444131<\/p>\n<p>&nbsp;<\/p>\n<p><strong>Incontri alla Chiesa dei Servi<\/strong><\/p>\n<p>Ogni sera, dalle 21,15, incontri di approfondimento alla Chiesa dei Servi.<\/p>\n<p>Il 25 giugno, sar\u00e0 inaugurato il murales dedicato ad Artusi da Cibo in piazzetta delle staffette partigiane, e a seguire, nella&nbsp; Chiesa dei Servi, Marco Miccoli intervista Cibo sul suo lavoro artistico<\/p>\n<p>Il 26 giugno sar\u00e0 presentato il&nbsp; progetto \u201cVitis\u201d del fotografo Mirco Villa, in collaborazione con l\u2019ass. cult. \u201cIl lavoro dei contadini\u201d<\/p>\n<p>Il 27 giugno di parler\u00e0 \u201cYogurt: tipologie, caratteristiche ed analisi sensoriale\u201d in un incontro con Michele Grassi, maestro assaggiatore e docente Onaf<\/p>\n<p>Il 28 giugno \u00e8 in programma la conferenza \u201cLivio Modigliani a Forlimpopoli\u201d a cura della storica dell\u2019arte Paola Salzano.<\/p>\n<p>Il 29 giugno \u00e8 in programma un incontro con l\u2019archeologa Carlotta Bendi e l\u2019economista esperto di agribusiness Gianluca Bagnara per parlare di \u201cLa centuriazione e l\u2019evoluzione del paesaggio agrario in Romagna\u201d<\/p>\n<p>Il 30 giugno sar\u00e0 presentato \u201cAemilia, una via lunga 2200 anni\u201d,&nbsp;&nbsp;progetto&nbsp;<strong>di \u201c<\/strong>carta parlante\u201d volta a valorizzare paesaggi, beni culturali e prodotti tipici lungo la via Emilia, a cura del Touring Club Italiano in collaborazione con l\u2019Apt dell\u2019Emilia-Romagna. Interviene &nbsp;Pier Luigi<strong>&nbsp;Bazzocchi,<\/strong>&nbsp;console del<strong>&nbsp;Touring<\/strong><strong>&nbsp;<\/strong>per<strong>&nbsp;l\u2019Emilia<\/strong>&nbsp;Romagna<\/p>\n<p>Infine, il 2 luglio, si terr\u00e0 l\u2019intitolazione di Forlimpopoli come Citt\u00e0 del Formaggio<\/p>\n<p>Interviene il presidente dell\u2019Organizzazione Nazionale Assaggiatori Formaggi.<\/p>\n<p><img decoding=\"async\" class=\"aligncenter size-large wp-image-50303\" src=\"https:\/\/www.turismoitinerante.com\/site\/wp-content\/uploads\/2021\/07\/Festa-artusiana-forlimpopoli-4-1-1024x681.jpg\" alt=\"\" width=\"1024\" height=\"681\" srcset=\"https:\/\/www.turismoitinerante.com\/site\/wp-content\/uploads\/2021\/07\/Festa-artusiana-forlimpopoli-4-1-1024x681.jpg 1024w, https:\/\/www.turismoitinerante.com\/site\/wp-content\/uploads\/2021\/07\/Festa-artusiana-forlimpopoli-4-1-300x200.jpg 300w, https:\/\/www.turismoitinerante.com\/site\/wp-content\/uploads\/2021\/07\/Festa-artusiana-forlimpopoli-4-1-768x511.jpg 768w, https:\/\/www.turismoitinerante.com\/site\/wp-content\/uploads\/2021\/07\/Festa-artusiana-forlimpopoli-4-1-750x499.jpg 750w, https:\/\/www.turismoitinerante.com\/site\/wp-content\/uploads\/2021\/07\/Festa-artusiana-forlimpopoli-4-1-1140x758.jpg 1140w, https:\/\/www.turismoitinerante.com\/site\/wp-content\/uploads\/2021\/07\/Festa-artusiana-forlimpopoli-4-1.jpg 1200w\" sizes=\"(max-width: 1024px) 100vw, 1024px\" \/><\/p>\n<p>&nbsp;<\/p>\n<p><strong>MOSTRE<\/strong><\/p>\n<p>In occasione della Festa la citt\u00e0 ospita numerose mostre disseminate lungo le vie del Centro, sia in luoghi deputati (come il Museo Archeologico e la sala mostre nella Rocca), sia in spazi non convenzionali.<\/p>\n<p>&nbsp;<\/p>\n<p><em>Casa Artusi \u2013 Ufficio turistico &#8211; Sala Mostre<\/em><br \/>\n<strong>Pellegrino Artusi. Una vita da manuale<\/strong><br \/>\nQuattro installazioni firmate da Peter Bottazzi e Silvia Rigon per raccontare in maniera ironica e spettacolare la figura dell\u2019Artusi, la redazione del suo manuale e l\u2019importanza che questo ha avuto nella storia della cultura gastronomica italiana e non solo<\/p>\n<p>&nbsp;<\/p>\n<p><strong>MAF \u2013 Museo Archeologico di Forlimpopoli \u201cTobia Aldini\u201d<\/strong><\/p>\n<p><strong>\u201cFrammenti\u201d di Luca Freschi<\/strong><\/p>\n<p>Un\u2019antologica che mette in luce la capacit\u00e0 delle ceramiche di Luca Freschi di far dialogare il presente con il passato, ulteriormente esaltate dal confronto con i reperti conservati nel museo archeologico. Un\u2019occasione unica per ammirare l\u2019opera di Freschi in una cornice che ne moltiplica il fascino.<\/p>\n<p><em>Apertura nelle sere della Festa dalle ore 19 alle 21<\/em><\/p>\n<p>&nbsp;<\/p>\n<p><strong>Casa Artusi \u2013 Galleria delle ricette<\/strong><\/p>\n<p><strong>Ricette di casa, in Casa<\/strong><\/p>\n<p>Esposizione di ricette di famiglia da parte di appassionati, curiosi e donatori del progetto \u2018Raccontare la cucina italiana\u2019 per i 15 anni di Casa Artusi e Mariette.<\/p>\n<p>&nbsp;<\/p>\n<p><strong>Casa Artusi \u2013 primo piano<\/strong><\/p>\n<p><strong>Auguste Escoffier, un umanista<\/strong><\/p>\n<p>Mostra dedicata al grande cuoco francese per metterne in luce gli aspetti umani meno conosciuti: la visione globale, la generosit\u00e0 e il suo impegno sociale.<\/p>\n<p>&nbsp;<\/p>\n<p><strong>Casa Artusi \u2013 Biblioteca gastronomica<\/strong><\/p>\n<p><strong>Vite quotidiane nell\u2019epistolario artusiano<\/strong><\/p>\n<p>La mostra, a cura di Antonio Tolo e Alberto Capatti, vuole far conoscere lati inediti del rapporto tra Artusi e i suoi&nbsp;<em>lettori<\/em>&nbsp;a partire dalle circa 2000 lettere indirizzate ad Artusi conservate nella sua Casa forlimpopolese<\/p>\n<p>&nbsp;<\/p>\n<p><strong>Biblioteca gastronomica in Casa Artusi<\/strong><\/p>\n<p><strong>Oltre la cucina<\/strong><\/p>\n<p><strong>Vite quotidiane nell\u2019epistolario artusiano<\/strong><\/p>\n<p><em>A cura di Antonio Tolo e Alberto Capatti<\/em><\/p>\n<p>Il carteggio di circa 2000 lettere indirizzate a Pellegrino Artusi si presta a essere un itinerario di straordinaria efficacia, sotto questo punto di vista, le lettere si rivelano preziosi documenti utili a comporre il ritratto del&nbsp;modus vivendi&nbsp;di una fetta significativa della societ\u00e0 italiana a cavallo tra Otto e Novecento<\/p>\n<p>Il carteggio, tuttavia, non conserva solo le lettere indirizzate allo scrittore Artusi, al \u201cpersonaggio pubblico\u201d; tante sono per l\u2019uomo&nbsp;Artusi: allo zio di numerosi nipoti che chiedono un consiglio e un sostegno anche economico; all\u2019amico cui chiedere pareri e aiuti; al datore di lavoro per questioni riguardanti la conduzione della casa o delle tenute romagnole; insomma, sono in tanti a rivolgersi all\u2019Artusi privato. L\u2019esposizione \u2018Oltre la cucina\u2019 in biblioteca gastronomica vuole far conoscere lati inediti del rapporto tra Artusi e i suoi lettori<\/p>\n<p>&nbsp;<\/p>\n<p><strong>Sala Refettorio (primo piano Casa Artusi)<\/strong><\/p>\n<p><strong>FOTO&amp;GRAMMI<\/strong><\/p>\n<p><strong>del&nbsp; sapere e del sapere fare di Romagna<\/strong><\/p>\n<p>Programmazione continua di video sul territorio, sulla eccellenze di Romagna, su Forlimpopoli Citt\u00e0 artusiana. In programma gli spot&nbsp; realizzati da&nbsp; Casa Artusi e Mariette, in occasione dei 15 anni di attivit\u00e0, a cura di Roberto Feroli e Andrea Zanzucchi,&nbsp;&nbsp; \u2018Raccontare la cucina italiana\u2019 con le realt\u00e0, le persone e le aziende che hanno sostenuto il progetto.<\/p>\n<ul>\n<li><strong>Il saper fare,&nbsp;&nbsp;<\/strong>Cia soc coop,&nbsp; Forl\u00ec<\/li>\n<li><strong>Artusi e la Romagna,&nbsp;<\/strong>Elfi spa, Forl\u00ec<\/li>\n<li><strong>Storie del territorio,&nbsp;&nbsp;<\/strong>Formula Ambiente spa, Linea Sterile spa, Formula Servizi soc. coop Forl\u00ec<\/li>\n<li><strong>Dalla terra alla tavola,&nbsp;<\/strong>Ca Colonna, Ravenna&nbsp; &amp; Caseificio Mambelli, Santa Maria Nuova<\/li>\n<\/ul>\n<p>&nbsp;<\/p>\n<p>Orari di apertura: tutte le sere ore 18.00-23.00<\/p>\n<p>&nbsp;<\/p>\n<p><em>Galleria d\u2019Arte \u201cA casa di Paola\u201d (via A. Costa n. 22)<\/em><em><br \/>\n<\/em><strong>Non di solo pane<\/strong><br \/>\nL\u2019arte&nbsp;\u00e8 cibo per la mente: due estremi apparentemente opposti, ma entrambi volti a nutrire l\u2019essere umano, fatto di corpo e di sostanza sottile, la mente. Il connubio fra arte figurativa e culinaria \u00e8 raccontato attraverso opere di vari artisti, distanti per stili ma accomunati dall\u2019interesse per la rappresentazione degli alimenti.<\/p>\n<p>&nbsp;<\/p>\n<p><em>Negozio di Via A. Costa n. 24<\/em><strong><br \/>\nProgetto VITIS<\/strong><\/p>\n<p>Ideato e curato dal fotografo&nbsp;<em>Mirco Villa<\/em>, il progetto mira a raccontare il vino attraverso il suo viaggio dalle viti fino alla tavola. In collaborazione con l\u2019ass. cult. \u201cIl lavoro dei contadini\u201d.<\/p>\n<p><strong>&nbsp;<\/strong><\/p>\n<p><strong>Corte di Palazzo Ginanni<\/strong><strong><em><br \/>\n<\/em><\/strong><strong>Amici dell\u2019Arte \u2013 Artisti alla Festa<\/strong><\/p>\n<p>Gli allievi e i docenti partecipanti ai corsi di disegno e pittura organizzati dall\u2019ass. cult. \u201cAmici dell\u2019Arte di Forlimpopoli\u201d allestiscono una collettiva a tema libero<\/p>\n<p><em>apertura in orario della Festa<\/em><\/p>\n<p>&nbsp;<\/p>\n<p><strong>Altre info: <a href=\"http:\/\/www.festartusiana.it\/\" target=\"_blank\" rel=\"noopener\">http:\/\/www.festartusiana.it\/<\/a><\/strong><\/p>\n<div class=\"7863122cad8776726ec303240ed69aa5\" data-index=\"4\" style=\"float: none; margin:10px 0 10px 0; text-align:center;\">\n<script async src=\"\/\/pagead2.googlesyndication.com\/pagead\/js\/adsbygoogle.js\"><\/script>\r\n<!-- 728x90, creato 23\/02\/11 -->\r\n<ins class=\"adsbygoogle\"\r\n     style=\"display:inline-block;width:728px;height:90px\"\r\n     data-ad-client=\"ca-pub-5798583071070083\"\r\n     data-ad-slot=\"5935394872\"><\/ins>\r\n<script>\r\n(adsbygoogle = window.adsbygoogle || []).push({});\r\n<\/script>\n<\/div>\n\n<div style=\"font-size: 0px; height: 0px; line-height: 0px; margin: 0; padding: 0; clear: both;\"><\/div>","protected":false},"excerpt":{"rendered":"<p>Torna nel tradizionale periodo di inizio estate &#8211; dal 25 giugno al 3 luglio &#8211; la Festa Artusiana, che &nbsp;quest\u2019anno arriva alla ventiseiesima edizione. Per nove giorni Forlimpopoli si trasforma nella capitale del \u2018bello e del buono\u2019 in cucina per rendere omaggio al suo concittadino pi\u00f9 illustre, il grande gastronomo&nbsp; Pellegrino Artusi,&nbsp; padre indiscusso della [&hellip;]<\/p>\n","protected":false},"author":1,"featured_media":50295,"comment_status":"closed","ping_status":"open","sticky":false,"template":"","format":"standard","meta":{"ngg_post_thumbnail":0,"jnews-multi-image_gallery":[],"jnews_single_post":{"source_name":"","source_url":"","via_name":"","via_url":"","override_template":"0","override":[{"template":"1","single_blog_custom":"","parallax":"1","fullscreen":"1","layout":"right-sidebar","sidebar":"default-sidebar","second_sidebar":"default-sidebar","sticky_sidebar":"1","share_position":"top","share_float_style":"share-monocrhome","show_share_counter":"1","show_view_counter":"1","show_featured":"1","show_post_meta":"1","show_post_author":"1","show_post_author_image":"1","show_post_date":"1","post_date_format":"default","post_date_format_custom":"Y\/m\/d","show_post_category":"1","show_post_reading_time":"0","post_reading_time_wpm":"300","show_zoom_button":"0","zoom_button_out_step":"2","zoom_button_in_step":"3","show_post_tag":"1","show_prev_next_post":"1","show_popup_post":"1","number_popup_post":"1","show_author_box":"1","show_post_related":"0","show_inline_post_related":"0"}],"override_image_size":"0","image_override":[{"single_post_thumbnail_size":"crop-500","single_post_gallery_size":"crop-500"}],"trending_post":"0","trending_post_position":"meta","trending_post_label":"Trending","sponsored_post":"0","sponsored_post_label":"Sponsored by","sponsored_post_name":"","sponsored_post_url":"","sponsored_post_logo_enable":"0","sponsored_post_logo":"","sponsored_post_desc":"","disable_ad":"0"},"jnews_primary_category":{"id":""},"jnews_override_counter":{"override_view_counter":"0","view_counter_number":"0","override_share_counter":"0","share_counter_number":"0","override_like_counter":"0","like_counter_number":"0","override_dislike_counter":"0","dislike_counter_number":"0"},"footnotes":""},"categories":[621],"tags":[111,1719,764],"class_list":["post-53322","post","type-post","status-publish","format-standard","has-post-thumbnail","hentry","category-info-turismo","tag-emilia-romagna","tag-festa-artusiana","tag-forlimpopoli"],"yoast_head":"<!-- This site is optimized with the Yoast SEO plugin v27.4 - https:\/\/yoast.com\/product\/yoast-seo-wordpress\/ -->\n<title>Ai nastri di partenza la XXVI edizione della Festa Artusiana a Forlimpopoli<\/title>\n<meta name=\"description\" content=\"Torna nel tradizionale periodo di inizio estate - dal 25 giugno al 3 luglio - la Festa Artusiana di Forlimpopoli\" \/>\n<meta name=\"robots\" content=\"index, follow, max-snippet:-1, max-image-preview:large, max-video-preview:-1\" \/>\n<link rel=\"canonical\" href=\"https:\/\/www.turismoitinerante.com\/site\/ai-nastri-di-partenza-la-xxvi-edizione-della-festa-artusiana-a-forlimpopoli\/\" \/>\n<meta property=\"og:locale\" content=\"it_IT\" \/>\n<meta property=\"og:type\" content=\"article\" \/>\n<meta property=\"og:title\" content=\"Ai nastri di partenza la XXVI edizione della Festa Artusiana a Forlimpopoli\" \/>\n<meta property=\"og:description\" content=\"Torna nel tradizionale periodo di inizio estate - dal 25 giugno al 3 luglio - la Festa Artusiana di Forlimpopoli\" \/>\n<meta property=\"og:url\" content=\"https:\/\/www.turismoitinerante.com\/site\/ai-nastri-di-partenza-la-xxvi-edizione-della-festa-artusiana-a-forlimpopoli\/\" \/>\n<meta property=\"og:site_name\" content=\"TI - Turismo Itinerante\" \/>\n<meta property=\"article:published_time\" content=\"2022-06-21T08:29:03+00:00\" \/>\n<meta property=\"og:image\" content=\"https:\/\/www.turismoitinerante.com\/site\/wp-content\/uploads\/2021\/07\/Festa-artusiana-forlimpopoli-1-1.jpg\" \/>\n\t<meta property=\"og:image:width\" content=\"993\" \/>\n\t<meta property=\"og:image:height\" content=\"661\" \/>\n\t<meta property=\"og:image:type\" content=\"image\/jpeg\" \/>\n<meta name=\"author\" content=\"admin\" \/>\n<meta name=\"twitter:card\" content=\"summary_large_image\" \/>\n<meta name=\"twitter:label1\" content=\"Scritto da\" \/>\n\t<meta name=\"twitter:data1\" content=\"admin\" \/>\n\t<meta name=\"twitter:label2\" content=\"Tempo di lettura stimato\" \/>\n\t<meta name=\"twitter:data2\" content=\"16 minuti\" \/>\n<script type=\"application\/ld+json\" class=\"yoast-schema-graph\">{\"@context\":\"https:\\\/\\\/schema.org\",\"@graph\":[{\"@type\":\"Article\",\"@id\":\"https:\\\/\\\/www.turismoitinerante.com\\\/site\\\/ai-nastri-di-partenza-la-xxvi-edizione-della-festa-artusiana-a-forlimpopoli\\\/#article\",\"isPartOf\":{\"@id\":\"https:\\\/\\\/www.turismoitinerante.com\\\/site\\\/ai-nastri-di-partenza-la-xxvi-edizione-della-festa-artusiana-a-forlimpopoli\\\/\"},\"author\":{\"name\":\"admin\",\"@id\":\"https:\\\/\\\/www.turismoitinerante.com\\\/site\\\/#\\\/schema\\\/person\\\/1e1238d2d1617438f3682e54bf4d6c05\"},\"headline\":\"Ai nastri di partenza la XXVI edizione della Festa Artusiana a Forlimpopoli\",\"datePublished\":\"2022-06-21T08:29:03+00:00\",\"mainEntityOfPage\":{\"@id\":\"https:\\\/\\\/www.turismoitinerante.com\\\/site\\\/ai-nastri-di-partenza-la-xxvi-edizione-della-festa-artusiana-a-forlimpopoli\\\/\"},\"wordCount\":2896,\"image\":{\"@id\":\"https:\\\/\\\/www.turismoitinerante.com\\\/site\\\/ai-nastri-di-partenza-la-xxvi-edizione-della-festa-artusiana-a-forlimpopoli\\\/#primaryimage\"},\"thumbnailUrl\":\"https:\\\/\\\/www.turismoitinerante.com\\\/site\\\/wp-content\\\/uploads\\\/2021\\\/07\\\/Festa-artusiana-forlimpopoli-1-1.jpg\",\"keywords\":[\"Emilia Romagna\",\"Festa Artusiana\",\"Forlimpopoli\"],\"articleSection\":[\"Turismo\"],\"inLanguage\":\"it-IT\"},{\"@type\":\"WebPage\",\"@id\":\"https:\\\/\\\/www.turismoitinerante.com\\\/site\\\/ai-nastri-di-partenza-la-xxvi-edizione-della-festa-artusiana-a-forlimpopoli\\\/\",\"url\":\"https:\\\/\\\/www.turismoitinerante.com\\\/site\\\/ai-nastri-di-partenza-la-xxvi-edizione-della-festa-artusiana-a-forlimpopoli\\\/\",\"name\":\"Ai nastri di partenza la XXVI edizione della Festa Artusiana a Forlimpopoli\",\"isPartOf\":{\"@id\":\"https:\\\/\\\/www.turismoitinerante.com\\\/site\\\/#website\"},\"primaryImageOfPage\":{\"@id\":\"https:\\\/\\\/www.turismoitinerante.com\\\/site\\\/ai-nastri-di-partenza-la-xxvi-edizione-della-festa-artusiana-a-forlimpopoli\\\/#primaryimage\"},\"image\":{\"@id\":\"https:\\\/\\\/www.turismoitinerante.com\\\/site\\\/ai-nastri-di-partenza-la-xxvi-edizione-della-festa-artusiana-a-forlimpopoli\\\/#primaryimage\"},\"thumbnailUrl\":\"https:\\\/\\\/www.turismoitinerante.com\\\/site\\\/wp-content\\\/uploads\\\/2021\\\/07\\\/Festa-artusiana-forlimpopoli-1-1.jpg\",\"datePublished\":\"2022-06-21T08:29:03+00:00\",\"author\":{\"@id\":\"https:\\\/\\\/www.turismoitinerante.com\\\/site\\\/#\\\/schema\\\/person\\\/1e1238d2d1617438f3682e54bf4d6c05\"},\"description\":\"Torna nel tradizionale periodo di inizio estate - dal 25 giugno al 3 luglio - la Festa Artusiana di Forlimpopoli\",\"breadcrumb\":{\"@id\":\"https:\\\/\\\/www.turismoitinerante.com\\\/site\\\/ai-nastri-di-partenza-la-xxvi-edizione-della-festa-artusiana-a-forlimpopoli\\\/#breadcrumb\"},\"inLanguage\":\"it-IT\",\"potentialAction\":[{\"@type\":\"ReadAction\",\"target\":[\"https:\\\/\\\/www.turismoitinerante.com\\\/site\\\/ai-nastri-di-partenza-la-xxvi-edizione-della-festa-artusiana-a-forlimpopoli\\\/\"]}]},{\"@type\":\"ImageObject\",\"inLanguage\":\"it-IT\",\"@id\":\"https:\\\/\\\/www.turismoitinerante.com\\\/site\\\/ai-nastri-di-partenza-la-xxvi-edizione-della-festa-artusiana-a-forlimpopoli\\\/#primaryimage\",\"url\":\"https:\\\/\\\/www.turismoitinerante.com\\\/site\\\/wp-content\\\/uploads\\\/2021\\\/07\\\/Festa-artusiana-forlimpopoli-1-1.jpg\",\"contentUrl\":\"https:\\\/\\\/www.turismoitinerante.com\\\/site\\\/wp-content\\\/uploads\\\/2021\\\/07\\\/Festa-artusiana-forlimpopoli-1-1.jpg\",\"width\":993,\"height\":661},{\"@type\":\"BreadcrumbList\",\"@id\":\"https:\\\/\\\/www.turismoitinerante.com\\\/site\\\/ai-nastri-di-partenza-la-xxvi-edizione-della-festa-artusiana-a-forlimpopoli\\\/#breadcrumb\",\"itemListElement\":[{\"@type\":\"ListItem\",\"position\":1,\"name\":\"Home\",\"item\":\"https:\\\/\\\/www.turismoitinerante.com\\\/site\\\/\"},{\"@type\":\"ListItem\",\"position\":2,\"name\":\"Ai nastri di partenza la XXVI edizione della Festa Artusiana a Forlimpopoli\"}]},{\"@type\":\"WebSite\",\"@id\":\"https:\\\/\\\/www.turismoitinerante.com\\\/site\\\/#website\",\"url\":\"https:\\\/\\\/www.turismoitinerante.com\\\/site\\\/\",\"name\":\"TI - Turismo Itinerante\",\"description\":\"Ritrovarsi su internet per informarsi, per informare. Il portale del turismo itinerante. Una infinit\u00e0 di notizie su camper, itinerari, aree sosta camper, concessionari, campeggi, agriturismo, raduni, sagre, fiere, mostre, associazioni, club, forum, bacheca annunci\",\"potentialAction\":[{\"@type\":\"SearchAction\",\"target\":{\"@type\":\"EntryPoint\",\"urlTemplate\":\"https:\\\/\\\/www.turismoitinerante.com\\\/site\\\/?s={search_term_string}\"},\"query-input\":{\"@type\":\"PropertyValueSpecification\",\"valueRequired\":true,\"valueName\":\"search_term_string\"}}],\"inLanguage\":\"it-IT\"},{\"@type\":\"Person\",\"@id\":\"https:\\\/\\\/www.turismoitinerante.com\\\/site\\\/#\\\/schema\\\/person\\\/1e1238d2d1617438f3682e54bf4d6c05\",\"name\":\"admin\",\"image\":{\"@type\":\"ImageObject\",\"inLanguage\":\"it-IT\",\"@id\":\"https:\\\/\\\/secure.gravatar.com\\\/avatar\\\/9102d8c23b35e2809b07ebc42ce126daa3d6a47cce9878a22d14d9852ade629e?s=96&d=mm&r=g\",\"url\":\"https:\\\/\\\/secure.gravatar.com\\\/avatar\\\/9102d8c23b35e2809b07ebc42ce126daa3d6a47cce9878a22d14d9852ade629e?s=96&d=mm&r=g\",\"contentUrl\":\"https:\\\/\\\/secure.gravatar.com\\\/avatar\\\/9102d8c23b35e2809b07ebc42ce126daa3d6a47cce9878a22d14d9852ade629e?s=96&d=mm&r=g\",\"caption\":\"admin\"},\"url\":\"https:\\\/\\\/www.turismoitinerante.com\\\/site\\\/author\\\/admin\\\/\"}]}<\/script>\n<!-- \/ Yoast SEO plugin. -->","yoast_head_json":{"title":"Ai nastri di partenza la XXVI edizione della Festa Artusiana a Forlimpopoli","description":"Torna nel tradizionale periodo di inizio estate - dal 25 giugno al 3 luglio - la Festa Artusiana di Forlimpopoli","robots":{"index":"index","follow":"follow","max-snippet":"max-snippet:-1","max-image-preview":"max-image-preview:large","max-video-preview":"max-video-preview:-1"},"canonical":"https:\/\/www.turismoitinerante.com\/site\/ai-nastri-di-partenza-la-xxvi-edizione-della-festa-artusiana-a-forlimpopoli\/","og_locale":"it_IT","og_type":"article","og_title":"Ai nastri di partenza la XXVI edizione della Festa Artusiana a Forlimpopoli","og_description":"Torna nel tradizionale periodo di inizio estate - dal 25 giugno al 3 luglio - la Festa Artusiana di Forlimpopoli","og_url":"https:\/\/www.turismoitinerante.com\/site\/ai-nastri-di-partenza-la-xxvi-edizione-della-festa-artusiana-a-forlimpopoli\/","og_site_name":"TI - Turismo Itinerante","article_published_time":"2022-06-21T08:29:03+00:00","og_image":[{"width":993,"height":661,"url":"https:\/\/www.turismoitinerante.com\/site\/wp-content\/uploads\/2021\/07\/Festa-artusiana-forlimpopoli-1-1.jpg","type":"image\/jpeg"}],"author":"admin","twitter_card":"summary_large_image","twitter_misc":{"Scritto da":"admin","Tempo di lettura stimato":"16 minuti"},"schema":{"@context":"https:\/\/schema.org","@graph":[{"@type":"Article","@id":"https:\/\/www.turismoitinerante.com\/site\/ai-nastri-di-partenza-la-xxvi-edizione-della-festa-artusiana-a-forlimpopoli\/#article","isPartOf":{"@id":"https:\/\/www.turismoitinerante.com\/site\/ai-nastri-di-partenza-la-xxvi-edizione-della-festa-artusiana-a-forlimpopoli\/"},"author":{"name":"admin","@id":"https:\/\/www.turismoitinerante.com\/site\/#\/schema\/person\/1e1238d2d1617438f3682e54bf4d6c05"},"headline":"Ai nastri di partenza la XXVI edizione della Festa Artusiana a Forlimpopoli","datePublished":"2022-06-21T08:29:03+00:00","mainEntityOfPage":{"@id":"https:\/\/www.turismoitinerante.com\/site\/ai-nastri-di-partenza-la-xxvi-edizione-della-festa-artusiana-a-forlimpopoli\/"},"wordCount":2896,"image":{"@id":"https:\/\/www.turismoitinerante.com\/site\/ai-nastri-di-partenza-la-xxvi-edizione-della-festa-artusiana-a-forlimpopoli\/#primaryimage"},"thumbnailUrl":"https:\/\/www.turismoitinerante.com\/site\/wp-content\/uploads\/2021\/07\/Festa-artusiana-forlimpopoli-1-1.jpg","keywords":["Emilia Romagna","Festa Artusiana","Forlimpopoli"],"articleSection":["Turismo"],"inLanguage":"it-IT"},{"@type":"WebPage","@id":"https:\/\/www.turismoitinerante.com\/site\/ai-nastri-di-partenza-la-xxvi-edizione-della-festa-artusiana-a-forlimpopoli\/","url":"https:\/\/www.turismoitinerante.com\/site\/ai-nastri-di-partenza-la-xxvi-edizione-della-festa-artusiana-a-forlimpopoli\/","name":"Ai nastri di partenza la XXVI edizione della Festa Artusiana a Forlimpopoli","isPartOf":{"@id":"https:\/\/www.turismoitinerante.com\/site\/#website"},"primaryImageOfPage":{"@id":"https:\/\/www.turismoitinerante.com\/site\/ai-nastri-di-partenza-la-xxvi-edizione-della-festa-artusiana-a-forlimpopoli\/#primaryimage"},"image":{"@id":"https:\/\/www.turismoitinerante.com\/site\/ai-nastri-di-partenza-la-xxvi-edizione-della-festa-artusiana-a-forlimpopoli\/#primaryimage"},"thumbnailUrl":"https:\/\/www.turismoitinerante.com\/site\/wp-content\/uploads\/2021\/07\/Festa-artusiana-forlimpopoli-1-1.jpg","datePublished":"2022-06-21T08:29:03+00:00","author":{"@id":"https:\/\/www.turismoitinerante.com\/site\/#\/schema\/person\/1e1238d2d1617438f3682e54bf4d6c05"},"description":"Torna nel tradizionale periodo di inizio estate - dal 25 giugno al 3 luglio - la Festa Artusiana di Forlimpopoli","breadcrumb":{"@id":"https:\/\/www.turismoitinerante.com\/site\/ai-nastri-di-partenza-la-xxvi-edizione-della-festa-artusiana-a-forlimpopoli\/#breadcrumb"},"inLanguage":"it-IT","potentialAction":[{"@type":"ReadAction","target":["https:\/\/www.turismoitinerante.com\/site\/ai-nastri-di-partenza-la-xxvi-edizione-della-festa-artusiana-a-forlimpopoli\/"]}]},{"@type":"ImageObject","inLanguage":"it-IT","@id":"https:\/\/www.turismoitinerante.com\/site\/ai-nastri-di-partenza-la-xxvi-edizione-della-festa-artusiana-a-forlimpopoli\/#primaryimage","url":"https:\/\/www.turismoitinerante.com\/site\/wp-content\/uploads\/2021\/07\/Festa-artusiana-forlimpopoli-1-1.jpg","contentUrl":"https:\/\/www.turismoitinerante.com\/site\/wp-content\/uploads\/2021\/07\/Festa-artusiana-forlimpopoli-1-1.jpg","width":993,"height":661},{"@type":"BreadcrumbList","@id":"https:\/\/www.turismoitinerante.com\/site\/ai-nastri-di-partenza-la-xxvi-edizione-della-festa-artusiana-a-forlimpopoli\/#breadcrumb","itemListElement":[{"@type":"ListItem","position":1,"name":"Home","item":"https:\/\/www.turismoitinerante.com\/site\/"},{"@type":"ListItem","position":2,"name":"Ai nastri di partenza la XXVI edizione della Festa Artusiana a Forlimpopoli"}]},{"@type":"WebSite","@id":"https:\/\/www.turismoitinerante.com\/site\/#website","url":"https:\/\/www.turismoitinerante.com\/site\/","name":"TI - Turismo Itinerante","description":"Ritrovarsi su internet per informarsi, per informare. Il portale del turismo itinerante. Una infinit\u00e0 di notizie su camper, itinerari, aree sosta camper, concessionari, campeggi, agriturismo, raduni, sagre, fiere, mostre, associazioni, club, forum, bacheca annunci","potentialAction":[{"@type":"SearchAction","target":{"@type":"EntryPoint","urlTemplate":"https:\/\/www.turismoitinerante.com\/site\/?s={search_term_string}"},"query-input":{"@type":"PropertyValueSpecification","valueRequired":true,"valueName":"search_term_string"}}],"inLanguage":"it-IT"},{"@type":"Person","@id":"https:\/\/www.turismoitinerante.com\/site\/#\/schema\/person\/1e1238d2d1617438f3682e54bf4d6c05","name":"admin","image":{"@type":"ImageObject","inLanguage":"it-IT","@id":"https:\/\/secure.gravatar.com\/avatar\/9102d8c23b35e2809b07ebc42ce126daa3d6a47cce9878a22d14d9852ade629e?s=96&d=mm&r=g","url":"https:\/\/secure.gravatar.com\/avatar\/9102d8c23b35e2809b07ebc42ce126daa3d6a47cce9878a22d14d9852ade629e?s=96&d=mm&r=g","contentUrl":"https:\/\/secure.gravatar.com\/avatar\/9102d8c23b35e2809b07ebc42ce126daa3d6a47cce9878a22d14d9852ade629e?s=96&d=mm&r=g","caption":"admin"},"url":"https:\/\/www.turismoitinerante.com\/site\/author\/admin\/"}]}},"_links":{"self":[{"href":"https:\/\/www.turismoitinerante.com\/site\/wp-json\/wp\/v2\/posts\/53322","targetHints":{"allow":["GET"]}}],"collection":[{"href":"https:\/\/www.turismoitinerante.com\/site\/wp-json\/wp\/v2\/posts"}],"about":[{"href":"https:\/\/www.turismoitinerante.com\/site\/wp-json\/wp\/v2\/types\/post"}],"author":[{"embeddable":true,"href":"https:\/\/www.turismoitinerante.com\/site\/wp-json\/wp\/v2\/users\/1"}],"replies":[{"embeddable":true,"href":"https:\/\/www.turismoitinerante.com\/site\/wp-json\/wp\/v2\/comments?post=53322"}],"version-history":[{"count":2,"href":"https:\/\/www.turismoitinerante.com\/site\/wp-json\/wp\/v2\/posts\/53322\/revisions"}],"predecessor-version":[{"id":53326,"href":"https:\/\/www.turismoitinerante.com\/site\/wp-json\/wp\/v2\/posts\/53322\/revisions\/53326"}],"wp:featuredmedia":[{"embeddable":true,"href":"https:\/\/www.turismoitinerante.com\/site\/wp-json\/wp\/v2\/media\/50295"}],"wp:attachment":[{"href":"https:\/\/www.turismoitinerante.com\/site\/wp-json\/wp\/v2\/media?parent=53322"}],"wp:term":[{"taxonomy":"category","embeddable":true,"href":"https:\/\/www.turismoitinerante.com\/site\/wp-json\/wp\/v2\/categories?post=53322"},{"taxonomy":"post_tag","embeddable":true,"href":"https:\/\/www.turismoitinerante.com\/site\/wp-json\/wp\/v2\/tags?post=53322"}],"curies":[{"name":"wp","href":"https:\/\/api.w.org\/{rel}","templated":true}]}}