{"id":52709,"date":"2022-04-11T10:41:03","date_gmt":"2022-04-11T09:41:03","guid":{"rendered":"https:\/\/www.turismoitinerante.com\/site\/?p=52709"},"modified":"2022-04-11T10:41:03","modified_gmt":"2022-04-11T09:41:03","slug":"tempo-libero-e-vacanze-in-bicicletta-al-via-la-stagione-del-cicloturismo","status":"publish","type":"post","link":"https:\/\/www.turismoitinerante.com\/site\/tempo-libero-e-vacanze-in-bicicletta-al-via-la-stagione-del-cicloturismo\/","title":{"rendered":"Tempo libero e vacanze in bicicletta, al via la stagione del Cicloturismo"},"content":{"rendered":"<p>Con l\u2019arrivo della primavera risboccia il desiderio di esperienze all\u2019aria aperta. La bicicletta, (ri)scoperta negli ultimi due anni da molte persone quale mezzo di trasporto urbano sicuro e sostenibile, si rivela l\u2019alleata ideale anche nel tempo libero e, perch\u00e9 no, per le vacanze.<\/p>\n<p><b>FIAB-Federazione Italiana Ambiente e Bicicletta, attiva da oltre trent\u2019anni nella promozione del <\/b><a href=\"https:\/\/fiabitalia.it\/fiab\/cosa-facciamo\/turismo-in-bicicletta\/\"><b>turismo in bicicletta<\/b><\/a><b>, \u00e8 il punto di riferimento per tutti coloro che vogliono vivere un\u2019esperienza di cicloturismo.<\/b> Muoversi sulle due ruote \u00e8 una attivit\u00e0 salutare, rispettosa dell\u2019ambiente e adatta a tutti, anche ai bambini o alle persone meno sportive o meno giovani che possono agevolmente avvalersi dell\u2019e-bike (mezzo ideale nei tragitti pi\u00f9 impegnativi). Pedalare per una semplice escursione giornaliera o per una vera e propria vacanza sulle due ruote offre l\u2019opportunit\u00e0 di immergersi, a ritmo slow, nella natura e nelle bellezze dei territori che si attraversano, alla scoperta dei patrimoni culturali e artistici e delle specialit\u00e0 eno-gastronomiche. Il cicloturismo, inoltre, rappresenta una concreta opportunit\u00e0 di rilancio e sviluppo per le piccole economie locali.<\/p>\n<p><img decoding=\"async\" class=\"aligncenter size-large wp-image-52713\" src=\"https:\/\/www.turismoitinerante.com\/site\/wp-content\/uploads\/2022\/04\/bici-2-1024x768.jpeg\" alt=\"\" width=\"1024\" height=\"768\" srcset=\"https:\/\/www.turismoitinerante.com\/site\/wp-content\/uploads\/2022\/04\/bici-2-1024x768.jpeg 1024w, https:\/\/www.turismoitinerante.com\/site\/wp-content\/uploads\/2022\/04\/bici-2-300x225.jpeg 300w, https:\/\/www.turismoitinerante.com\/site\/wp-content\/uploads\/2022\/04\/bici-2-768x576.jpeg 768w, https:\/\/www.turismoitinerante.com\/site\/wp-content\/uploads\/2022\/04\/bici-2-1536x1152.jpeg 1536w, https:\/\/www.turismoitinerante.com\/site\/wp-content\/uploads\/2022\/04\/bici-2-750x563.jpeg 750w, https:\/\/www.turismoitinerante.com\/site\/wp-content\/uploads\/2022\/04\/bici-2-1140x855.jpeg 1140w, https:\/\/www.turismoitinerante.com\/site\/wp-content\/uploads\/2022\/04\/bici-2.jpeg 1802w\" sizes=\"(max-width: 1024px) 100vw, 1024px\" \/><\/p>\n<p><b>La rete Bicitalia: le tracce GPS scaricabili gratuitamente e gli itinerari sul podio<\/b><\/p>\n<p>L\u2019interesse per viaggi itineranti sulle due ruote \u00e8 confermato dalla costante crescita di ricerche on line di informazioni e dettagli sui percorsi presenti nel nostro Paese e sui territori da esplorare in bici.<\/p>\n<p>Secondo gli ultimi dati di <a href=\"http:\/\/www.bicitalia.org\/\"><b>Bicitalia.org<\/b><\/a> &#8211; la Rete Ciclabile Nazionale mappata da FIAB che include 20 gradi itinerari nazionali oltre a ciclovie di qualit\u00e0, percorsi regionali e ciclovie lungo le linee ferroviarie dismesse &#8211;&nbsp; nell\u2019ultimo anno si registrano oltre 600.000 visualizzazioni, in linea con l\u2019anno precedente ma con una media annuale di click raddoppiata rispetto ai valori registrati tra il 2014 e il 2019.<\/p>\n<p><i>\u201cPer rispondere alle richieste dei cicloviaggiatori abbiamo notevolmente incrementato il numero delle <\/i><b><i>tracce GPS scaricabili gratuitamente dal sito Bicitalia.org<\/i><\/b> \u2013 spiega Antonio Dalla Venezia, responsabile FIAB per la rete Bicitalia. &#8211; <i>Stiamo parlando di quasi 23.000 km di tracciati provati, testati e mappati dai volontari FIAB che hanno verificato il tipo di percorso (ciclabile dedicata, strada a basso traffico, ecc.) e le relative caratteristiche e difficolt\u00e0\u201d.<\/i><\/p>\n<p>Sempre secondo i dati di accesso al sito Bicitalia.org dell\u2019ultimo anno \u00e8 possibile tracciare gli <b>interessi e le preferenze in termini di percorsi da esplorare in bicicletta<\/b>. Tra i grandi itinerari, oltre alla <i>Ciclovia del Sole<\/i> (ovvero il tratto italiano, dal Brennero alla Sicilia, dell\u2019itinerario EuroVelo 7 che collega Capo Nord a Malta) e alla<i> Ciclovia Adriatica<\/i> (da Trieste a Santa Maria di Leuca), il terzo percorso pi\u00f9 cliccato \u00e8 stato la <i>Ciclovia dell\u2019Alpe Adria<\/i>, mentre quella che ha registrato una crescita maggiore di accessi con il +33% \u00e8 stata la <i>Ciclovia AIDA<\/i> (Alta Italia Da Attraversare), che dalla Val di Susa in Piemonte arriva a Trieste toccando tutte le citt\u00e0 della Pianura Padana.&nbsp;&nbsp;<\/p>\n<p>Nella classifica che riguarda le \u201cciclovie di qualit\u00e0\u201d, invece, dopo la conferma della <i>Spoleto-Assisi<\/i> si piazza al secondo posto la <i>Ciclabile del Ticino<\/i> \u201c<i>a conferma che gli itinerari facilmente accessibili da una grande citt\u00e0 come Milano sono di grande appeal in ogni momento dell\u2019anno, per gite ed escursioni in bici\u201d<\/i>, commenta Antonio Dalla Venezia.<\/p>\n<p><img decoding=\"async\" class=\"aligncenter size-large wp-image-52711\" src=\"https:\/\/www.turismoitinerante.com\/site\/wp-content\/uploads\/2022\/04\/bici-3-1024x501.jpeg\" alt=\"\" width=\"1024\" height=\"501\" srcset=\"https:\/\/www.turismoitinerante.com\/site\/wp-content\/uploads\/2022\/04\/bici-3-1024x501.jpeg 1024w, https:\/\/www.turismoitinerante.com\/site\/wp-content\/uploads\/2022\/04\/bici-3-300x147.jpeg 300w, https:\/\/www.turismoitinerante.com\/site\/wp-content\/uploads\/2022\/04\/bici-3-768x376.jpeg 768w, https:\/\/www.turismoitinerante.com\/site\/wp-content\/uploads\/2022\/04\/bici-3-1536x752.jpeg 1536w, https:\/\/www.turismoitinerante.com\/site\/wp-content\/uploads\/2022\/04\/bici-3-750x367.jpeg 750w, https:\/\/www.turismoitinerante.com\/site\/wp-content\/uploads\/2022\/04\/bici-3-1140x558.jpeg 1140w, https:\/\/www.turismoitinerante.com\/site\/wp-content\/uploads\/2022\/04\/bici-3.jpeg 1920w\" sizes=\"(max-width: 1024px) 100vw, 1024px\" \/><\/p>\n<p><b>Due iniziative FIAB per provare a salire in sella: <\/b><b>la settimana in bici lungo le vie d\u2019acqua (a maggio) e le Giornate Nazionali del Cicloturismo (a giugno)<\/b><\/p>\n<p>Due sono gli appuntamenti nazionali di FIAB programmati per l\u2019inizio della stagione.<\/p>\n<p><b>Da sabato 14 a domenica 22 maggio la Settimana della bicicletta lungo le Vie d\u2019Acqua<\/b>: in collaborazione con ANBI (Associazione Nazionale dei Consorzi per la Gestione e la Tutela del Territorio e delle Acque Irrigue) FIAB propone una serie di eventi, gite ed escursioni in bicicletta per pedalare lunghi lungo fiumi, laghi e canali,&nbsp;alla&nbsp;scoperta delle ricchezze del patrimonio idrico italiano e con la possibilit\u00e0 di visite a opere idrauliche (centrali, idrovore, ponti canali, ecc.) dove solitamente \u00e8 interdetto l\u2019accesso al pubblico.<\/p>\n<p><i>Programma completo, in costante aggiornamento, sul sito FIAB <\/i><a href=\"https:\/\/www.andiamoinbici.it\/home\/search?date_start=21%2F02%2F2022&amp;search_area=&amp;ass_id=&amp;filters%5B%5D=&amp;filters%5B%5D=&amp;filters%5B%5D=&amp;filters%5B%5D=&amp;filters%5B%5D=&amp;filters%5B%5D=41\"><i>andiamoinbici.it<\/i><\/a><\/p>\n<p>&nbsp;<\/p>\n<p><b>Il week-end 11 e 12 giugno, invece, \u00e8 dedicato alle Giornate Nazionali del Cicloturismo: <\/b>seconda edizione dell\u2019iniziativa che permette a chiunque di partecipare, in tutta Italia, a tantissime attivit\u00e0 e pedalate. Si sale in sella per andare alla scoperta delle bellezze, dei sapori e dei colori dei territori, a partire da quelli pi\u00f9 vicini: gli itinerari fuori porta, i parchi regionali, le ciclabili adatte a tutti, le riserve naturali e le oasi, le cascine dietro casa con i prodotti a km 0, ecc.<\/p>\n<p><i>Il calendario degli eventi in programma (in costante aggiornamento) \u00e8 disponibile sul sito FIAB <\/i><a href=\"https:\/\/www.andiamoinbici.it\/home\/search?date_start=03%2F03%2F2022&amp;search_area=&amp;ass_id=&amp;filters%5B%5D=&amp;filters%5B%5D=&amp;filters%5B%5D=&amp;filters%5B%5D=&amp;filters%5B%5D=&amp;filters%5B%5D=38\"><i>andiamoinbici.it<\/i><\/a><\/p>\n<p><img decoding=\"async\" class=\"aligncenter size-large wp-image-52712\" src=\"https:\/\/www.turismoitinerante.com\/site\/wp-content\/uploads\/2022\/04\/bici-5-1024x768.jpeg\" alt=\"\" width=\"1024\" height=\"768\" srcset=\"https:\/\/www.turismoitinerante.com\/site\/wp-content\/uploads\/2022\/04\/bici-5-1024x768.jpeg 1024w, https:\/\/www.turismoitinerante.com\/site\/wp-content\/uploads\/2022\/04\/bici-5-300x225.jpeg 300w, https:\/\/www.turismoitinerante.com\/site\/wp-content\/uploads\/2022\/04\/bici-5-768x576.jpeg 768w, https:\/\/www.turismoitinerante.com\/site\/wp-content\/uploads\/2022\/04\/bici-5-1536x1152.jpeg 1536w, https:\/\/www.turismoitinerante.com\/site\/wp-content\/uploads\/2022\/04\/bici-5-2048x1536.jpeg 2048w, https:\/\/www.turismoitinerante.com\/site\/wp-content\/uploads\/2022\/04\/bici-5-750x563.jpeg 750w, https:\/\/www.turismoitinerante.com\/site\/wp-content\/uploads\/2022\/04\/bici-5-1140x855.jpeg 1140w\" sizes=\"(max-width: 1024px) 100vw, 1024px\" \/><\/p>\n<p><b>Cicloturismo fai da te: i servizi FIAB per chi viaggia in autonomia<\/b><\/p>\n<p>Oltre al gi\u00e0 citato sito della Rete Ciclabile Nazionale <a href=\"http:\/\/www.bicitalia.org\/\">Bicitalia.org,<\/a> tra i numerosi e collaudati strumenti dedicati al turismo in bicicletta che FIAB mette a disposizione di chi vuole pianificare in modo autonomo una ciclo-vacanza ricordiamo il sito <a href=\"https:\/\/www.albergabici.it\/it\/\"><b>Albergabici.it<\/b><\/a>, il portale creato da FIAB nel 2003&nbsp; dove individuare l\u2019alloggio ideale tra oltre 600 strutture ricettive <i>bike friendly<\/i>, ovvero hotel, agriturismi, bed &amp; breakfast, campeggi, rifugi, ecc. attrezzati per garantire i servizi di accoglienza indispensabili a chi si muove sulle due ruote: un ricovero sicuro per le bici, attrezzi per la manutenzione di base, possibilit\u00e0 di lavare vestiti e attrezzature, colazione abbondante, informazioni sulle ciclovie e gli itinerari nella zona e molto altro.<\/p>\n<p>Molto utile \u00e8 consultare anche <a href=\"https:\/\/www.andiamoinbici.it\/\"><b>Andiamoinbici.it<\/b><\/a> il portale che racchiude gite giornaliere, escursioni, vacanze e attivit\u00e0 su due ruote proposte dalle FIAB di tutta Italia e non solo. Ci sono iniziative per ogni target e, grazie al motore di ricerca (per data, parola chiave, area geografica, tipologia o difficolt\u00e0 del percorso) \u00e8 facile individuare le iniziative di interesse nella regione in cui si \u00e8 in vacanza.<\/p>\n<div class=\"7863122cad8776726ec303240ed69aa5\" data-index=\"4\" style=\"float: none; margin:10px 0 10px 0; text-align:center;\">\n<script async src=\"\/\/pagead2.googlesyndication.com\/pagead\/js\/adsbygoogle.js\"><\/script>\r\n<!-- 728x90, creato 23\/02\/11 -->\r\n<ins class=\"adsbygoogle\"\r\n     style=\"display:inline-block;width:728px;height:90px\"\r\n     data-ad-client=\"ca-pub-5798583071070083\"\r\n     data-ad-slot=\"5935394872\"><\/ins>\r\n<script>\r\n(adsbygoogle = window.adsbygoogle || []).push({});\r\n<\/script>\n<\/div>\n\n<div style=\"font-size: 0px; height: 0px; line-height: 0px; margin: 0; padding: 0; clear: both;\"><\/div>","protected":false},"excerpt":{"rendered":"<p>Con l\u2019arrivo della primavera risboccia il desiderio di esperienze all\u2019aria aperta. La bicicletta, (ri)scoperta negli ultimi due anni da molte persone quale mezzo di trasporto urbano sicuro e sostenibile, si rivela l\u2019alleata ideale anche nel tempo libero e, perch\u00e9 no, per le vacanze. FIAB-Federazione Italiana Ambiente e Bicicletta, attiva da oltre trent\u2019anni nella promozione del [&hellip;]<\/p>\n","protected":false},"author":1,"featured_media":52710,"comment_status":"closed","ping_status":"open","sticky":false,"template":"","format":"standard","meta":{"ngg_post_thumbnail":0,"jnews-multi-image_gallery":[],"jnews_single_post":{"source_name":"","source_url":"","via_name":"","via_url":"","override_template":"0","override":[{"template":"1","single_blog_custom":"","parallax":"1","fullscreen":"1","layout":"right-sidebar","sidebar":"default-sidebar","second_sidebar":"default-sidebar","sticky_sidebar":"1","share_position":"top","share_float_style":"share-monocrhome","show_share_counter":"1","show_view_counter":"1","show_featured":"1","show_post_meta":"1","show_post_author":"1","show_post_author_image":"1","show_post_date":"1","post_date_format":"default","post_date_format_custom":"Y\/m\/d","show_post_category":"1","show_post_reading_time":"0","post_reading_time_wpm":"300","show_zoom_button":"0","zoom_button_out_step":"2","zoom_button_in_step":"3","show_post_tag":"1","show_prev_next_post":"1","show_popup_post":"1","number_popup_post":"1","show_author_box":"0","show_post_related":"0","show_inline_post_related":"0"}],"override_image_size":"0","image_override":[{"single_post_thumbnail_size":"crop-500","single_post_gallery_size":"crop-500"}],"trending_post":"0","trending_post_position":"meta","trending_post_label":"Trending","sponsored_post":"0","sponsored_post_label":"Sponsored by","sponsored_post_name":"","sponsored_post_url":"","sponsored_post_logo_enable":"0","sponsored_post_logo":"","sponsored_post_desc":"","disable_ad":"0"},"jnews_primary_category":{"id":""},"jnews_override_counter":[],"footnotes":""},"categories":[575],"tags":[],"class_list":["post-52709","post","type-post","status-publish","format-standard","has-post-thumbnail","hentry","category-motociclismo"],"yoast_head":"<!-- This site is optimized with the Yoast SEO plugin v27.4 - https:\/\/yoast.com\/product\/yoast-seo-wordpress\/ -->\n<title>Tempo libero e vacanze in bicicletta, al via la stagione del Cicloturismo<\/title>\n<meta name=\"description\" content=\"Con l\u2019arrivo della primavera risboccia il desiderio di esperienze all\u2019aria aperta. La bicicletta si rivela l\u2019alleata ideale nel tempo libero\" \/>\n<meta name=\"robots\" content=\"index, follow, max-snippet:-1, max-image-preview:large, max-video-preview:-1\" \/>\n<link rel=\"canonical\" href=\"https:\/\/www.turismoitinerante.com\/site\/tempo-libero-e-vacanze-in-bicicletta-al-via-la-stagione-del-cicloturismo\/\" \/>\n<meta property=\"og:locale\" content=\"it_IT\" \/>\n<meta property=\"og:type\" content=\"article\" \/>\n<meta property=\"og:title\" content=\"Tempo libero e vacanze in bicicletta, al via la stagione del Cicloturismo\" \/>\n<meta property=\"og:description\" content=\"Con l\u2019arrivo della primavera risboccia il desiderio di esperienze all\u2019aria aperta. La bicicletta si rivela l\u2019alleata ideale nel tempo libero\" \/>\n<meta property=\"og:url\" content=\"https:\/\/www.turismoitinerante.com\/site\/tempo-libero-e-vacanze-in-bicicletta-al-via-la-stagione-del-cicloturismo\/\" \/>\n<meta property=\"og:site_name\" content=\"TI - Turismo Itinerante\" \/>\n<meta property=\"article:published_time\" content=\"2022-04-11T09:41:03+00:00\" \/>\n<meta property=\"og:image\" content=\"https:\/\/www.turismoitinerante.com\/site\/wp-content\/uploads\/2022\/04\/bici-4.jpeg\" \/>\n\t<meta property=\"og:image:width\" content=\"1000\" \/>\n\t<meta property=\"og:image:height\" content=\"664\" \/>\n\t<meta property=\"og:image:type\" content=\"image\/jpeg\" \/>\n<meta name=\"author\" content=\"admin\" \/>\n<meta name=\"twitter:card\" content=\"summary_large_image\" \/>\n<meta name=\"twitter:label1\" content=\"Scritto da\" \/>\n\t<meta name=\"twitter:data1\" content=\"admin\" \/>\n\t<meta name=\"twitter:label2\" content=\"Tempo di lettura stimato\" \/>\n\t<meta name=\"twitter:data2\" content=\"6 minuti\" \/>\n<script type=\"application\/ld+json\" class=\"yoast-schema-graph\">{\"@context\":\"https:\\\/\\\/schema.org\",\"@graph\":[{\"@type\":\"Article\",\"@id\":\"https:\\\/\\\/www.turismoitinerante.com\\\/site\\\/tempo-libero-e-vacanze-in-bicicletta-al-via-la-stagione-del-cicloturismo\\\/#article\",\"isPartOf\":{\"@id\":\"https:\\\/\\\/www.turismoitinerante.com\\\/site\\\/tempo-libero-e-vacanze-in-bicicletta-al-via-la-stagione-del-cicloturismo\\\/\"},\"author\":{\"name\":\"admin\",\"@id\":\"https:\\\/\\\/www.turismoitinerante.com\\\/site\\\/#\\\/schema\\\/person\\\/1e1238d2d1617438f3682e54bf4d6c05\"},\"headline\":\"Tempo libero e vacanze in bicicletta, al via la stagione del Cicloturismo\",\"datePublished\":\"2022-04-11T09:41:03+00:00\",\"mainEntityOfPage\":{\"@id\":\"https:\\\/\\\/www.turismoitinerante.com\\\/site\\\/tempo-libero-e-vacanze-in-bicicletta-al-via-la-stagione-del-cicloturismo\\\/\"},\"wordCount\":954,\"image\":{\"@id\":\"https:\\\/\\\/www.turismoitinerante.com\\\/site\\\/tempo-libero-e-vacanze-in-bicicletta-al-via-la-stagione-del-cicloturismo\\\/#primaryimage\"},\"thumbnailUrl\":\"https:\\\/\\\/www.turismoitinerante.com\\\/site\\\/wp-content\\\/uploads\\\/2022\\\/04\\\/bici-4.jpeg\",\"articleSection\":[\"Ciclismo e Motociclismo\"],\"inLanguage\":\"it-IT\"},{\"@type\":\"WebPage\",\"@id\":\"https:\\\/\\\/www.turismoitinerante.com\\\/site\\\/tempo-libero-e-vacanze-in-bicicletta-al-via-la-stagione-del-cicloturismo\\\/\",\"url\":\"https:\\\/\\\/www.turismoitinerante.com\\\/site\\\/tempo-libero-e-vacanze-in-bicicletta-al-via-la-stagione-del-cicloturismo\\\/\",\"name\":\"Tempo libero e vacanze in bicicletta, al via la stagione del Cicloturismo\",\"isPartOf\":{\"@id\":\"https:\\\/\\\/www.turismoitinerante.com\\\/site\\\/#website\"},\"primaryImageOfPage\":{\"@id\":\"https:\\\/\\\/www.turismoitinerante.com\\\/site\\\/tempo-libero-e-vacanze-in-bicicletta-al-via-la-stagione-del-cicloturismo\\\/#primaryimage\"},\"image\":{\"@id\":\"https:\\\/\\\/www.turismoitinerante.com\\\/site\\\/tempo-libero-e-vacanze-in-bicicletta-al-via-la-stagione-del-cicloturismo\\\/#primaryimage\"},\"thumbnailUrl\":\"https:\\\/\\\/www.turismoitinerante.com\\\/site\\\/wp-content\\\/uploads\\\/2022\\\/04\\\/bici-4.jpeg\",\"datePublished\":\"2022-04-11T09:41:03+00:00\",\"author\":{\"@id\":\"https:\\\/\\\/www.turismoitinerante.com\\\/site\\\/#\\\/schema\\\/person\\\/1e1238d2d1617438f3682e54bf4d6c05\"},\"description\":\"Con l\u2019arrivo della primavera risboccia il desiderio di esperienze all\u2019aria aperta. La bicicletta si rivela l\u2019alleata ideale nel tempo libero\",\"breadcrumb\":{\"@id\":\"https:\\\/\\\/www.turismoitinerante.com\\\/site\\\/tempo-libero-e-vacanze-in-bicicletta-al-via-la-stagione-del-cicloturismo\\\/#breadcrumb\"},\"inLanguage\":\"it-IT\",\"potentialAction\":[{\"@type\":\"ReadAction\",\"target\":[\"https:\\\/\\\/www.turismoitinerante.com\\\/site\\\/tempo-libero-e-vacanze-in-bicicletta-al-via-la-stagione-del-cicloturismo\\\/\"]}]},{\"@type\":\"ImageObject\",\"inLanguage\":\"it-IT\",\"@id\":\"https:\\\/\\\/www.turismoitinerante.com\\\/site\\\/tempo-libero-e-vacanze-in-bicicletta-al-via-la-stagione-del-cicloturismo\\\/#primaryimage\",\"url\":\"https:\\\/\\\/www.turismoitinerante.com\\\/site\\\/wp-content\\\/uploads\\\/2022\\\/04\\\/bici-4.jpeg\",\"contentUrl\":\"https:\\\/\\\/www.turismoitinerante.com\\\/site\\\/wp-content\\\/uploads\\\/2022\\\/04\\\/bici-4.jpeg\",\"width\":1000,\"height\":664},{\"@type\":\"BreadcrumbList\",\"@id\":\"https:\\\/\\\/www.turismoitinerante.com\\\/site\\\/tempo-libero-e-vacanze-in-bicicletta-al-via-la-stagione-del-cicloturismo\\\/#breadcrumb\",\"itemListElement\":[{\"@type\":\"ListItem\",\"position\":1,\"name\":\"Home\",\"item\":\"https:\\\/\\\/www.turismoitinerante.com\\\/site\\\/\"},{\"@type\":\"ListItem\",\"position\":2,\"name\":\"Tempo libero e vacanze in bicicletta, al via la stagione del Cicloturismo\"}]},{\"@type\":\"WebSite\",\"@id\":\"https:\\\/\\\/www.turismoitinerante.com\\\/site\\\/#website\",\"url\":\"https:\\\/\\\/www.turismoitinerante.com\\\/site\\\/\",\"name\":\"TI - Turismo Itinerante\",\"description\":\"Ritrovarsi su internet per informarsi, per informare. Il portale del turismo itinerante. Una infinit\u00e0 di notizie su camper, itinerari, aree sosta camper, concessionari, campeggi, agriturismo, raduni, sagre, fiere, mostre, associazioni, club, forum, bacheca annunci\",\"potentialAction\":[{\"@type\":\"SearchAction\",\"target\":{\"@type\":\"EntryPoint\",\"urlTemplate\":\"https:\\\/\\\/www.turismoitinerante.com\\\/site\\\/?s={search_term_string}\"},\"query-input\":{\"@type\":\"PropertyValueSpecification\",\"valueRequired\":true,\"valueName\":\"search_term_string\"}}],\"inLanguage\":\"it-IT\"},{\"@type\":\"Person\",\"@id\":\"https:\\\/\\\/www.turismoitinerante.com\\\/site\\\/#\\\/schema\\\/person\\\/1e1238d2d1617438f3682e54bf4d6c05\",\"name\":\"admin\",\"image\":{\"@type\":\"ImageObject\",\"inLanguage\":\"it-IT\",\"@id\":\"https:\\\/\\\/secure.gravatar.com\\\/avatar\\\/9102d8c23b35e2809b07ebc42ce126daa3d6a47cce9878a22d14d9852ade629e?s=96&d=mm&r=g\",\"url\":\"https:\\\/\\\/secure.gravatar.com\\\/avatar\\\/9102d8c23b35e2809b07ebc42ce126daa3d6a47cce9878a22d14d9852ade629e?s=96&d=mm&r=g\",\"contentUrl\":\"https:\\\/\\\/secure.gravatar.com\\\/avatar\\\/9102d8c23b35e2809b07ebc42ce126daa3d6a47cce9878a22d14d9852ade629e?s=96&d=mm&r=g\",\"caption\":\"admin\"},\"url\":\"https:\\\/\\\/www.turismoitinerante.com\\\/site\\\/author\\\/admin\\\/\"}]}<\/script>\n<!-- \/ Yoast SEO plugin. -->","yoast_head_json":{"title":"Tempo libero e vacanze in bicicletta, al via la stagione del Cicloturismo","description":"Con l\u2019arrivo della primavera risboccia il desiderio di esperienze all\u2019aria aperta. La bicicletta si rivela l\u2019alleata ideale nel tempo libero","robots":{"index":"index","follow":"follow","max-snippet":"max-snippet:-1","max-image-preview":"max-image-preview:large","max-video-preview":"max-video-preview:-1"},"canonical":"https:\/\/www.turismoitinerante.com\/site\/tempo-libero-e-vacanze-in-bicicletta-al-via-la-stagione-del-cicloturismo\/","og_locale":"it_IT","og_type":"article","og_title":"Tempo libero e vacanze in bicicletta, al via la stagione del Cicloturismo","og_description":"Con l\u2019arrivo della primavera risboccia il desiderio di esperienze all\u2019aria aperta. La bicicletta si rivela l\u2019alleata ideale nel tempo libero","og_url":"https:\/\/www.turismoitinerante.com\/site\/tempo-libero-e-vacanze-in-bicicletta-al-via-la-stagione-del-cicloturismo\/","og_site_name":"TI - Turismo Itinerante","article_published_time":"2022-04-11T09:41:03+00:00","og_image":[{"width":1000,"height":664,"url":"https:\/\/www.turismoitinerante.com\/site\/wp-content\/uploads\/2022\/04\/bici-4.jpeg","type":"image\/jpeg"}],"author":"admin","twitter_card":"summary_large_image","twitter_misc":{"Scritto da":"admin","Tempo di lettura stimato":"6 minuti"},"schema":{"@context":"https:\/\/schema.org","@graph":[{"@type":"Article","@id":"https:\/\/www.turismoitinerante.com\/site\/tempo-libero-e-vacanze-in-bicicletta-al-via-la-stagione-del-cicloturismo\/#article","isPartOf":{"@id":"https:\/\/www.turismoitinerante.com\/site\/tempo-libero-e-vacanze-in-bicicletta-al-via-la-stagione-del-cicloturismo\/"},"author":{"name":"admin","@id":"https:\/\/www.turismoitinerante.com\/site\/#\/schema\/person\/1e1238d2d1617438f3682e54bf4d6c05"},"headline":"Tempo libero e vacanze in bicicletta, al via la stagione del Cicloturismo","datePublished":"2022-04-11T09:41:03+00:00","mainEntityOfPage":{"@id":"https:\/\/www.turismoitinerante.com\/site\/tempo-libero-e-vacanze-in-bicicletta-al-via-la-stagione-del-cicloturismo\/"},"wordCount":954,"image":{"@id":"https:\/\/www.turismoitinerante.com\/site\/tempo-libero-e-vacanze-in-bicicletta-al-via-la-stagione-del-cicloturismo\/#primaryimage"},"thumbnailUrl":"https:\/\/www.turismoitinerante.com\/site\/wp-content\/uploads\/2022\/04\/bici-4.jpeg","articleSection":["Ciclismo e Motociclismo"],"inLanguage":"it-IT"},{"@type":"WebPage","@id":"https:\/\/www.turismoitinerante.com\/site\/tempo-libero-e-vacanze-in-bicicletta-al-via-la-stagione-del-cicloturismo\/","url":"https:\/\/www.turismoitinerante.com\/site\/tempo-libero-e-vacanze-in-bicicletta-al-via-la-stagione-del-cicloturismo\/","name":"Tempo libero e vacanze in bicicletta, al via la stagione del Cicloturismo","isPartOf":{"@id":"https:\/\/www.turismoitinerante.com\/site\/#website"},"primaryImageOfPage":{"@id":"https:\/\/www.turismoitinerante.com\/site\/tempo-libero-e-vacanze-in-bicicletta-al-via-la-stagione-del-cicloturismo\/#primaryimage"},"image":{"@id":"https:\/\/www.turismoitinerante.com\/site\/tempo-libero-e-vacanze-in-bicicletta-al-via-la-stagione-del-cicloturismo\/#primaryimage"},"thumbnailUrl":"https:\/\/www.turismoitinerante.com\/site\/wp-content\/uploads\/2022\/04\/bici-4.jpeg","datePublished":"2022-04-11T09:41:03+00:00","author":{"@id":"https:\/\/www.turismoitinerante.com\/site\/#\/schema\/person\/1e1238d2d1617438f3682e54bf4d6c05"},"description":"Con l\u2019arrivo della primavera risboccia il desiderio di esperienze all\u2019aria aperta. La bicicletta si rivela l\u2019alleata ideale nel tempo libero","breadcrumb":{"@id":"https:\/\/www.turismoitinerante.com\/site\/tempo-libero-e-vacanze-in-bicicletta-al-via-la-stagione-del-cicloturismo\/#breadcrumb"},"inLanguage":"it-IT","potentialAction":[{"@type":"ReadAction","target":["https:\/\/www.turismoitinerante.com\/site\/tempo-libero-e-vacanze-in-bicicletta-al-via-la-stagione-del-cicloturismo\/"]}]},{"@type":"ImageObject","inLanguage":"it-IT","@id":"https:\/\/www.turismoitinerante.com\/site\/tempo-libero-e-vacanze-in-bicicletta-al-via-la-stagione-del-cicloturismo\/#primaryimage","url":"https:\/\/www.turismoitinerante.com\/site\/wp-content\/uploads\/2022\/04\/bici-4.jpeg","contentUrl":"https:\/\/www.turismoitinerante.com\/site\/wp-content\/uploads\/2022\/04\/bici-4.jpeg","width":1000,"height":664},{"@type":"BreadcrumbList","@id":"https:\/\/www.turismoitinerante.com\/site\/tempo-libero-e-vacanze-in-bicicletta-al-via-la-stagione-del-cicloturismo\/#breadcrumb","itemListElement":[{"@type":"ListItem","position":1,"name":"Home","item":"https:\/\/www.turismoitinerante.com\/site\/"},{"@type":"ListItem","position":2,"name":"Tempo libero e vacanze in bicicletta, al via la stagione del Cicloturismo"}]},{"@type":"WebSite","@id":"https:\/\/www.turismoitinerante.com\/site\/#website","url":"https:\/\/www.turismoitinerante.com\/site\/","name":"TI - Turismo Itinerante","description":"Ritrovarsi su internet per informarsi, per informare. Il portale del turismo itinerante. Una infinit\u00e0 di notizie su camper, itinerari, aree sosta camper, concessionari, campeggi, agriturismo, raduni, sagre, fiere, mostre, associazioni, club, forum, bacheca annunci","potentialAction":[{"@type":"SearchAction","target":{"@type":"EntryPoint","urlTemplate":"https:\/\/www.turismoitinerante.com\/site\/?s={search_term_string}"},"query-input":{"@type":"PropertyValueSpecification","valueRequired":true,"valueName":"search_term_string"}}],"inLanguage":"it-IT"},{"@type":"Person","@id":"https:\/\/www.turismoitinerante.com\/site\/#\/schema\/person\/1e1238d2d1617438f3682e54bf4d6c05","name":"admin","image":{"@type":"ImageObject","inLanguage":"it-IT","@id":"https:\/\/secure.gravatar.com\/avatar\/9102d8c23b35e2809b07ebc42ce126daa3d6a47cce9878a22d14d9852ade629e?s=96&d=mm&r=g","url":"https:\/\/secure.gravatar.com\/avatar\/9102d8c23b35e2809b07ebc42ce126daa3d6a47cce9878a22d14d9852ade629e?s=96&d=mm&r=g","contentUrl":"https:\/\/secure.gravatar.com\/avatar\/9102d8c23b35e2809b07ebc42ce126daa3d6a47cce9878a22d14d9852ade629e?s=96&d=mm&r=g","caption":"admin"},"url":"https:\/\/www.turismoitinerante.com\/site\/author\/admin\/"}]}},"_links":{"self":[{"href":"https:\/\/www.turismoitinerante.com\/site\/wp-json\/wp\/v2\/posts\/52709","targetHints":{"allow":["GET"]}}],"collection":[{"href":"https:\/\/www.turismoitinerante.com\/site\/wp-json\/wp\/v2\/posts"}],"about":[{"href":"https:\/\/www.turismoitinerante.com\/site\/wp-json\/wp\/v2\/types\/post"}],"author":[{"embeddable":true,"href":"https:\/\/www.turismoitinerante.com\/site\/wp-json\/wp\/v2\/users\/1"}],"replies":[{"embeddable":true,"href":"https:\/\/www.turismoitinerante.com\/site\/wp-json\/wp\/v2\/comments?post=52709"}],"version-history":[{"count":1,"href":"https:\/\/www.turismoitinerante.com\/site\/wp-json\/wp\/v2\/posts\/52709\/revisions"}],"predecessor-version":[{"id":52714,"href":"https:\/\/www.turismoitinerante.com\/site\/wp-json\/wp\/v2\/posts\/52709\/revisions\/52714"}],"wp:featuredmedia":[{"embeddable":true,"href":"https:\/\/www.turismoitinerante.com\/site\/wp-json\/wp\/v2\/media\/52710"}],"wp:attachment":[{"href":"https:\/\/www.turismoitinerante.com\/site\/wp-json\/wp\/v2\/media?parent=52709"}],"wp:term":[{"taxonomy":"category","embeddable":true,"href":"https:\/\/www.turismoitinerante.com\/site\/wp-json\/wp\/v2\/categories?post=52709"},{"taxonomy":"post_tag","embeddable":true,"href":"https:\/\/www.turismoitinerante.com\/site\/wp-json\/wp\/v2\/tags?post=52709"}],"curies":[{"name":"wp","href":"https:\/\/api.w.org\/{rel}","templated":true}]}}