{"id":51409,"date":"2021-10-29T09:55:58","date_gmt":"2021-10-29T08:55:58","guid":{"rendered":"https:\/\/www.turismoitinerante.com\/site\/?p=51409"},"modified":"2021-10-29T09:58:13","modified_gmt":"2021-10-29T08:58:13","slug":"gli-eventi-da-non-perdere-nel-fine-settimana-5-6-7-novembre","status":"publish","type":"post","link":"https:\/\/www.turismoitinerante.com\/site\/gli-eventi-da-non-perdere-nel-fine-settimana-5-6-7-novembre\/","title":{"rendered":"Gli eventi da non perdere nel fine settimana 5-6-7 novembre"},"content":{"rendered":"<p>Abbiamo selezionato per voi i migliori eventi in giro per l\u2019Italia nel weekend <strong>5-6-7 novembre!<\/strong> Turismo Itinerante vi invita a contattare direttamente gli organizzatori degli eventi, per prenotare comodamente il vostro posto continuando a restare vigili sulla situazione sanitaria.<\/p>\n<p>&nbsp;<\/p>\n<p><a href=\"http:\/\/movimentoturismodelvino.it\" target=\"_blank\" rel=\"noopener\"><strong>Da sabato 6 a domenica 14 novembre in tutta Italia si accende la festa del vino con Cantine Aperte a San Martino<\/strong><\/a><\/p>\n<p>A San Martino si spilla il vino, ogni mosto si trasforma e, come da tradizione, scoppia la festa! L\u2019autunno porta il vino nuovo nelle cantine e nel denso calendario del Movimento Turismo del Vino torna Cantine Aperte a San Martino, l\u2019appuntamento pi\u00f9 allegro della stagione.<br \/>\nGrande attesa quindi per una manifestazione che offre agli appassionati di tutte le et\u00e0, ma anche ai semplici curiosi, un assaggio di quello che \u00e8 il lavoro nei campi e poi in cantina, per vivere emozioni autentiche in compagnia, brindando all\u2019inizio di un nuovo anno agricolo.<\/p>\n<p>Nei giorni dell\u2019Estate di San Martino si pu\u00f2 approfittare di un ritorno a temperature miti per godersi esperienze uniche tra vigna e cantina. Il Movimento Turismo del Vino per 9 giorni di seguito ha previsto centinaia di appuntamenti da Nord a Sud. Da sabato 6 a domenica 14 novembre le aziende socie del Movimento propongono assaggi dei vini dell\u2019ultima vendemmia e non solo: passeggiate in vigna, degustazioni guidate, visite in cantina e ancora ascolto canti popolari, pranzi con i vignaioli, degustazione dei prodotti tipici e di stagione, aperitivi al tramonto tra i filari, corsi e attivit\u00e0 per i pi\u00f9 piccoli e mostre d\u2019arte. Il tutto, garantendo agli enoturisti esperienze uniche su prenotazione e in sicurezza<\/p>\n<p>Sono 11 le regioni d\u2019Italia che aderiscono a Cantine Aperte a San Martino 2021.<br \/>\nI programmi, in corso di definizione, sono aggiornati quotidianamente sul nuovo portale del MTV: movimentoturismovinolive.it e sul sito movimentoturismodelvino.it.<\/p>\n<p>Ricordiamo inoltre che per accedere alle esperienze proposte dalle cantine sar\u00e0 obbligatoria la prenotazione e, come da normativa vigente, la certificazione verde.<\/p>\n<p><img decoding=\"async\" class=\"aligncenter size-large wp-image-51418\" src=\"https:\/\/www.turismoitinerante.com\/site\/wp-content\/uploads\/2021\/10\/unnamed-32-1024x1024.jpg\" alt=\"\" width=\"1024\" height=\"1024\" srcset=\"https:\/\/www.turismoitinerante.com\/site\/wp-content\/uploads\/2021\/10\/unnamed-32-1024x1024.jpg 1024w, https:\/\/www.turismoitinerante.com\/site\/wp-content\/uploads\/2021\/10\/unnamed-32-300x300.jpg 300w, https:\/\/www.turismoitinerante.com\/site\/wp-content\/uploads\/2021\/10\/unnamed-32-150x150.jpg 150w, https:\/\/www.turismoitinerante.com\/site\/wp-content\/uploads\/2021\/10\/unnamed-32-768x768.jpg 768w, https:\/\/www.turismoitinerante.com\/site\/wp-content\/uploads\/2021\/10\/unnamed-32-75x75.jpg 75w, https:\/\/www.turismoitinerante.com\/site\/wp-content\/uploads\/2021\/10\/unnamed-32-350x350.jpg 350w, https:\/\/www.turismoitinerante.com\/site\/wp-content\/uploads\/2021\/10\/unnamed-32-750x750.jpg 750w, https:\/\/www.turismoitinerante.com\/site\/wp-content\/uploads\/2021\/10\/unnamed-32.jpg 1080w\" sizes=\"(max-width: 1024px) 100vw, 1024px\" \/><\/p>\n<p>&nbsp;<\/p>\n<p><a href=\"https:\/\/meranowinefestival.com\/\" target=\"_blank\" rel=\"noopener\"><strong>Dal 5 al 9 novembre il 30\u00b0 Merano WineFestival<\/strong><\/a><\/p>\n<p>Dal 5 al 9 novembre torna il Merano Wine Festival. \u201cLe ali della bellezza\u201d, in nome della bellezza al centro del panorama enogastronomico nazionale, \u00e8 il tema della 30^ edizione del festival dell\u2019eccellenza Food&amp;Wine, che quest\u2019anno dedica maggiore spazio anche al settore Cocktail &amp; Drink. Oltre il cibo e il vino, il mondo degli spirits gi\u00e0 da tempo \u00e8 protagonista al Merano WineFestival, che in pi\u00f9, da quest\u2019anno, vuole dare il giusto risalto a un fenomeno che sta diventando sempre pi\u00f9 di tendenza: la Mixology. Infatti, tra le novit\u00e0 di questa trentesima edizione, in programma nell\u2019area Spirits Emotion, spicca \u201cItinerari Miscelati\u201d, la Cocktail &amp; Drink Competition, in co-ideazione con 5 Hats, suddivisa in tre sessioni nelle giornate di venerd\u00ec, sabato e domenica e che si conclude il luned\u00ec con una super finale, che mette in competizione 26 bartender selezionati e 26 famosi mixology bar del panorama italiano.<\/p>\n<p>Cocktail &amp; Drink Competition \u00e8 una gara all\u2019ultimo shaker dove, dal venerd\u00ec alla domenica, si sfidano 8 bartender al giorno per contendersi il WH Globe Gold di ogni giornata; premio che d\u00e0 accesso alla finalissima di luned\u00ec 8 novembre in cui i due vincitori delle prime tre giornate si scontrano con i due vincitori della tappa di giugno del Merano WineFestival. A vincere saranno sempre in due perch\u00e9 due sono le categorie di sfida: Cocktail, ricetta alcolica uguale o al di sopra dei 22 gradi, e Drink, ricetta alcolica al di sotto dei 22 gradi. La premiazione finale decreter\u00e0 il WH Globe Platinum, il miglior Bartender Cocktail, il miglior Bartender Drink d\u2019Italia, ed miglior locale d\u2019Italia.<\/p>\n<p><img decoding=\"async\" class=\"aligncenter size-large wp-image-51410\" src=\"https:\/\/www.turismoitinerante.com\/site\/wp-content\/uploads\/2021\/10\/merano-eventi-1024x682.jpeg\" alt=\"\" width=\"1024\" height=\"682\" srcset=\"https:\/\/www.turismoitinerante.com\/site\/wp-content\/uploads\/2021\/10\/merano-eventi-1024x682.jpeg 1024w, https:\/\/www.turismoitinerante.com\/site\/wp-content\/uploads\/2021\/10\/merano-eventi-300x200.jpeg 300w, https:\/\/www.turismoitinerante.com\/site\/wp-content\/uploads\/2021\/10\/merano-eventi-768x512.jpeg 768w, https:\/\/www.turismoitinerante.com\/site\/wp-content\/uploads\/2021\/10\/merano-eventi-1536x1023.jpeg 1536w, https:\/\/www.turismoitinerante.com\/site\/wp-content\/uploads\/2021\/10\/merano-eventi-750x500.jpeg 750w, https:\/\/www.turismoitinerante.com\/site\/wp-content\/uploads\/2021\/10\/merano-eventi-1140x760.jpeg 1140w, https:\/\/www.turismoitinerante.com\/site\/wp-content\/uploads\/2021\/10\/merano-eventi.jpeg 1600w\" sizes=\"(max-width: 1024px) 100vw, 1024px\" \/><\/p>\n<p>&nbsp;<\/p>\n<p><a href=\"http:\/\/www.bardolinotop.it\" target=\"_blank\" rel=\"noopener\"><strong>Sabato 6 e domenica 7 novembre vino novello in festa a Bardolino<\/strong> <\/a><\/p>\n<p>Tradizione, cultura ed enogastronomia, si intrecciano a Bardolino con i colori e i sapori dell\u2019autunno. Sabato 6 e domenica 7 novembre in Piazza del Porto, Parco Carrara Bottagisio e Lungolago Cornicello il protagonista assoluto sar\u00e0 il Bardolino Novello, per un evento che oltre a promuovere il vino giovane, mira ad incentivare il turismo destagionalizzato.<\/p>\n<p>Le cantine produttrici saranno presenti nell\u2019area allestita di Piazza del Porto per proporre in degustazione e in anteprima il rosso che ben si sposa con l\u2019altro prodotto tipico autunnale, ossia le castagne, anch\u2019esse proposte in piazza dall\u2019associazione G.S. Bardolino.<\/p>\n<p>Lungolago Cornicello ospiter\u00e0 invece il mercatino del vintage e dell\u2019handmade, con decine di espositori provenienti da ogni parte d\u2019Italia. La promenade di Bardolino si trasformer\u00e0 in una piccola Portobello Road londinese con bigiotteria, poster, cd, borse e vestiti di seconda mano, oggetti d\u2019arredamento e particolarit\u00e0 della tradizione artigiana italiana.<\/p>\n<p>A fare da cornice allo shopping ci saranno i panorami unici che si possono osservare da questo romantico lungolago, in particolare all\u2019ora del tramonto, con le acque del lago che si colorano di rosa e rosso.<\/p>\n<p>Al termine di questo lungo viale, a Parco Carrara Bottagisio, spazio allo Street Food Festival, con il meglio della gastronomia tipica regionale italiana all\u2019interno di truck originali e dal grande impatto visivo.<\/p>\n<p>A vigilare sull\u2019evento sar\u00e0 aperta la grande ruota panoramica di Bardolino posizionata nei pressi di Punta Cornicello, che permetter\u00e0 ai visitatori di salire fino a 25 metri d\u2019altezza per ammirare il Lago di Garda e il territorio da un punto di vista unico.<\/p>\n<p>Non solo vino dunque, ma anche shopping e gastronomia, in quella che pu\u00f2 essere considerata un\u2019anteprima dei grandi appuntamenti natalizi bardolinesi che partiranno il 27 novembre con importanti novit\u00e0. La Festa del Vino Novello apre alle 10 del mattino e fino alle 22 ed \u00e8 organizzata dalla Fondazione Bardolino Top in collaborazione con la Fondazione Bardolino Top Giovani, Garda Tourism e il Comune di Bardolino.<\/p>\n<p><img decoding=\"async\" class=\"aligncenter size-large wp-image-51411\" src=\"https:\/\/www.turismoitinerante.com\/site\/wp-content\/uploads\/2021\/10\/bardolino-eventi-1024x536.jpg\" alt=\"\" width=\"1024\" height=\"536\" srcset=\"https:\/\/www.turismoitinerante.com\/site\/wp-content\/uploads\/2021\/10\/bardolino-eventi-1024x536.jpg 1024w, https:\/\/www.turismoitinerante.com\/site\/wp-content\/uploads\/2021\/10\/bardolino-eventi-300x157.jpg 300w, https:\/\/www.turismoitinerante.com\/site\/wp-content\/uploads\/2021\/10\/bardolino-eventi-768x402.jpg 768w, https:\/\/www.turismoitinerante.com\/site\/wp-content\/uploads\/2021\/10\/bardolino-eventi-750x393.jpg 750w, https:\/\/www.turismoitinerante.com\/site\/wp-content\/uploads\/2021\/10\/bardolino-eventi-1140x597.jpg 1140w, https:\/\/www.turismoitinerante.com\/site\/wp-content\/uploads\/2021\/10\/bardolino-eventi.jpg 1200w\" sizes=\"(max-width: 1024px) 100vw, 1024px\" \/><\/p>\n<p>&nbsp;<\/p>\n<p><a href=\"https:\/\/moncalierijazz.com\/calendario\/\" target=\"_blank\" rel=\"noopener\"><strong>A Moncalieri (TO) prosegue la XXIV edizione del Moncalieri Jazz Festival<\/strong> <\/a><\/p>\n<p>La XXIV edizione del Moncalieri Jazz Festival si svolger\u00e0 dal 30 ottobre al 14 novembre, con il sostegno della Citt\u00e0 di Moncalieri, della Regione Piemonte, della Fondazione CRT e con il Patrocinio del Consolato d\u2019Italia di Basilea e il Comites di Basilea.<br \/>\nQuesta edizione festegger\u00e0 i ventiquattro anni del Festival, traguardo che proietta il festival nel terzo decennio della manifestazione. Anche quest\u2019anno continuer\u00e0, come nelle precedenti 23 edizioni, a stimolare, a consolidare e a sviluppare nella comunit\u00e0 cittadina, la conoscenza culturale e musicale. Come sempre il Moncalieri Jazz Festival si vuole contraddistinguere per la sua anima anticipatrice ed innovatrice.<\/p>\n<p>In questa edizione si celebrer\u00e0 un\u2019altra ricorrenza importante a livello mondiale, il settecentenario della morte di \u201cDANTE\u201d. Per celebrare il grande poeta, verr\u00e0 realizzata un\u2019Opera epica-jazz, denominata \u201cBEATRICE\u201d, dove sar\u00e0 la Donna cardine del Dolce Stil Novo a prendere parola in un ribaltamento di specchi e ad accompagnare il poeta durante il suo viaggio lungo tutta una vita. Questo concerto sar\u00e0 dedicato in particolar modo ad \u201cIrene Bertello\u201d, una ragazza di soli 25 anni che ci ha improvvisamente lasciati all\u2019inizio di quest\u2019anno troppo prematuramente, figlia di Marisa Mirabelli e Ezio Bertello Presidente della Pro Loco di Moncalieri, Associazione che collabora con il Moncalieri Jazz Festival sin dalla sua nascita.<\/p>\n<p><img decoding=\"async\" class=\"aligncenter size-large wp-image-51412\" src=\"https:\/\/www.turismoitinerante.com\/site\/wp-content\/uploads\/2021\/10\/Moncalieri-eventi-1024x445.png\" alt=\"\" width=\"1024\" height=\"445\" srcset=\"https:\/\/www.turismoitinerante.com\/site\/wp-content\/uploads\/2021\/10\/Moncalieri-eventi-1024x445.png 1024w, https:\/\/www.turismoitinerante.com\/site\/wp-content\/uploads\/2021\/10\/Moncalieri-eventi-300x130.png 300w, https:\/\/www.turismoitinerante.com\/site\/wp-content\/uploads\/2021\/10\/Moncalieri-eventi-768x334.png 768w, https:\/\/www.turismoitinerante.com\/site\/wp-content\/uploads\/2021\/10\/Moncalieri-eventi-1536x667.png 1536w, https:\/\/www.turismoitinerante.com\/site\/wp-content\/uploads\/2021\/10\/Moncalieri-eventi-750x326.png 750w, https:\/\/www.turismoitinerante.com\/site\/wp-content\/uploads\/2021\/10\/Moncalieri-eventi-1140x495.png 1140w, https:\/\/www.turismoitinerante.com\/site\/wp-content\/uploads\/2021\/10\/Moncalieri-eventi.png 1750w\" sizes=\"(max-width: 1024px) 100vw, 1024px\" \/><\/p>\n<p><a href=\"http:\/\/www.villaterzaghi.it\" target=\"_blank\" rel=\"noopener\"><strong>A Villa Terzaghi (MI) il 6 novembre \u201cA cena con le stelle\u201d<\/strong><\/a><\/p>\n<p>Sabato 6 novembre prender\u00e0 il via nel Ristorante didattico di Villa Terzaghi a Robecco sul Naviglio (MI), sede dell\u2019Associazione Maestro Martino presieduta dallo Chef Carlo Cracco, una kermesse di appuntamenti che coinvolgeranno alcuni fra i pi\u00f9 noti Chef Ambassador del Cook &amp; Chef Institute (www.cookandchefinstitute.com), con cui la Villa ha stretto una importante partnership per condividere il pensiero strategico sulla cucina e l&#8217;innovazione tecnologica.<\/p>\n<p>La prima serata avr\u00e0 come protagonista d&#8217;eccezione lo Chef francese stellato \u00c9ric Jambon che proporr\u00e0 una Cena Stellata realizzata in collaborazione con il resident chef di Villa Terzaghi Federico Urbani e gli studenti della scuola.<\/p>\n<p>Jambon, membro del Cook &amp; Chef Institute, insegner\u00e0 alle brigate di studenti, durante i giorni di lezione, tecniche e segreti di preparazione delle portate del men\u00f9 speciale che verr\u00e0 poi proposto durante l&#8217;evento del 6 novembre (alcuni dei piatti verranno riproposti anche domenica 7 novembre a pranzo).<\/p>\n<p>Il men\u00f9 raccoglie i piatti iconici dello chef francese, in un tripudio gusto e innovazione nel rispetto dell&#8217;autenticit\u00e0 dei gusti degli ingredienti.<\/p>\n<p><img decoding=\"async\" class=\"aligncenter size-large wp-image-51413\" src=\"https:\/\/www.turismoitinerante.com\/site\/wp-content\/uploads\/2021\/10\/Milano-eventi-1024x536.png\" alt=\"\" width=\"1024\" height=\"536\" srcset=\"https:\/\/www.turismoitinerante.com\/site\/wp-content\/uploads\/2021\/10\/Milano-eventi-1024x536.png 1024w, https:\/\/www.turismoitinerante.com\/site\/wp-content\/uploads\/2021\/10\/Milano-eventi-300x157.png 300w, https:\/\/www.turismoitinerante.com\/site\/wp-content\/uploads\/2021\/10\/Milano-eventi-768x402.png 768w, https:\/\/www.turismoitinerante.com\/site\/wp-content\/uploads\/2021\/10\/Milano-eventi-1536x804.png 1536w, https:\/\/www.turismoitinerante.com\/site\/wp-content\/uploads\/2021\/10\/Milano-eventi-750x393.png 750w, https:\/\/www.turismoitinerante.com\/site\/wp-content\/uploads\/2021\/10\/Milano-eventi-1140x597.png 1140w, https:\/\/www.turismoitinerante.com\/site\/wp-content\/uploads\/2021\/10\/Milano-eventi.png 1920w\" sizes=\"(max-width: 1024px) 100vw, 1024px\" \/><\/p>\n<p><a href=\"https:\/\/www.facebook.com\/events\/genova-la-superba-genoa-g%C3%AAnes\/ghost-tour-by-bus-at-night\/277167050928832\/\" target=\"_blank\" rel=\"noopener\"><strong>Venerd\u00ec 5 novembre a Genova &#8220;Ghost Tour By Bus at Night&#8221;<\/strong> <\/a><\/p>\n<p>Un giro dei fantasmi, tutto particolare, \u00e8 quello che si svolger\u00e0 il giorno 5 Novembre all&#8217;imbrunire a bordo del \u201cGhost Tour Bus\u201d<\/p>\n<p>Un tour da brivido a bordo di un pullman GT , che permetter\u00e0 al viaggiatore di scoprire i fantasmi, noti e meno noti, che si annidano all&#8217;ombra della Lanterna, anche quelli di alcune case definite dimore del mistero.<\/p>\n<p>Quindi non solo cento Storico ma anche altre zone della nostra bella e intrigante citt\u00e0.<\/p>\n<p>Sar\u00e0 sicuramente stimolante introdursi nelle pieghe del tempo, alla scoperta di alcuni aspetti molto spettrali della citt\u00e0 di Genova.<\/p>\n<p>Genova: una citt\u00e0 sorprendente, affascinante, misteriosa che invita a scoprire tesori d&#8217;arte, di storia, di tradizioni, di memorie e a vivere sempre nuove proposte. Attraente per le infinite prospettive che offre, intrigante per le infinite sensazioni che suggerisce, Genova \u00e8 una citt\u00e0 da conoscere e da vivere provando l&#8217;emozione di poter passeggiare, anche seduti comodamente su di un Pullman GT, nel cuore della storia e di potersi imbattere pertanto, ad ogni angolo nelle tracce delle presenze del passato.<\/p>\n<p>Chiss\u00e0 mai che ci si possa imbattere, lungo il percorso presso il passo dello zerbino, nello spettro dal truce aspetto\u2026 E poi che i pi\u00f9 fortunati tra i partecipanti non si trovino a percepire, poco pi\u00f9 oltre dello Stadio Luigi Ferraris, l&#8217;eco della maledizione della Manente, scagliata sul Marchese Piantelli, magari dopo aver incontrato nei dintorni di Piazza Terralba il fantasma che ci parla dell\u2019ormai perduto Albero d\u2019Oro, o ancora i sussurri provenienti dalla misteriosa Villa Paradiso la stessa frequentata da Lord Byron nei suoi soggiorni genovesi.<\/p>\n<p><img decoding=\"async\" class=\"aligncenter wp-image-51414\" src=\"https:\/\/www.turismoitinerante.com\/site\/wp-content\/uploads\/2021\/10\/genova-eventi-683x1024.jpg\" alt=\"\" width=\"758\" height=\"1136\" srcset=\"https:\/\/www.turismoitinerante.com\/site\/wp-content\/uploads\/2021\/10\/genova-eventi-683x1024.jpg 683w, https:\/\/www.turismoitinerante.com\/site\/wp-content\/uploads\/2021\/10\/genova-eventi-200x300.jpg 200w, https:\/\/www.turismoitinerante.com\/site\/wp-content\/uploads\/2021\/10\/genova-eventi-768x1152.jpg 768w, https:\/\/www.turismoitinerante.com\/site\/wp-content\/uploads\/2021\/10\/genova-eventi-1024x1536.jpg 1024w, https:\/\/www.turismoitinerante.com\/site\/wp-content\/uploads\/2021\/10\/genova-eventi-750x1125.jpg 750w, https:\/\/www.turismoitinerante.com\/site\/wp-content\/uploads\/2021\/10\/genova-eventi-1140x1710.jpg 1140w, https:\/\/www.turismoitinerante.com\/site\/wp-content\/uploads\/2021\/10\/genova-eventi.jpg 1200w\" sizes=\"(max-width: 758px) 100vw, 758px\" \/><\/p>\n<p>&nbsp;<\/p>\n<p><a href=\"https:\/\/www.turismoitinerante.com\/site\/a-rimini-dal-5-al-7-novembre-arriva-cioculeda-la-festa-del-cioccolato\/\" target=\"_blank\" rel=\"noopener\"><strong>A Rimini dal 5 al 7 novembre arriva \u201cCioculeda\u201d, la Festa del Cioccolato<\/strong><\/a><\/p>\n<p>Da venerd\u00ec 5 a domenica 7 novembre 2021 torna a Rimini Cioculeda, la kermesse pi\u00f9 dolce d\u2019Italia con una veste tutta nuova, dove gli attori primari sono i maestri cioccolatieri, la loro arte e l\u2019eccellenza dei loro prodotti.<br \/>\nUn weekend con il market del cioccolato, le degustazioni, i laboratori e un immancabile clima di festa.<br \/>\nUn appuntamento speciale con la Festa del Cioccolato, ha luogo tra Piazza Cavour e la Vecchia Pescheria.<\/p>\n<p>La manifestazione si svilupper\u00e0 con il taglio di festival all\u2019aperto sviluppando cos\u00ec un evento ambientato nelle strade, sotto i portici, nei negozi e nelle piazze, con un ampia visibilit\u00e0 delle iniziative. L\u2019evento si configura in una proposta enogastronomica, culturale e di animazione che con mostre e performance, incontri, show cooking, laboratori, musica, arte e cultura sar\u00e0 in grado di comunicare con forme diverse i veri valori del territorio.<\/p>\n<p><img decoding=\"async\" class=\"aligncenter size-large wp-image-51372\" src=\"https:\/\/www.turismoitinerante.com\/site\/wp-content\/uploads\/2021\/10\/rimini-1-1024x697.jpg\" alt=\"\" width=\"1024\" height=\"697\" srcset=\"https:\/\/www.turismoitinerante.com\/site\/wp-content\/uploads\/2021\/10\/rimini-1-1024x697.jpg 1024w, https:\/\/www.turismoitinerante.com\/site\/wp-content\/uploads\/2021\/10\/rimini-1-300x204.jpg 300w, https:\/\/www.turismoitinerante.com\/site\/wp-content\/uploads\/2021\/10\/rimini-1-768x523.jpg 768w, https:\/\/www.turismoitinerante.com\/site\/wp-content\/uploads\/2021\/10\/rimini-1-750x511.jpg 750w, https:\/\/www.turismoitinerante.com\/site\/wp-content\/uploads\/2021\/10\/rimini-1-1140x776.jpg 1140w, https:\/\/www.turismoitinerante.com\/site\/wp-content\/uploads\/2021\/10\/rimini-1.jpg 1332w\" sizes=\"(max-width: 1024px) 100vw, 1024px\" \/><\/p>\n<p>&nbsp;<\/p>\n<p><a href=\"https:\/\/www.turismoitinerante.com\/site\/sabato-6-novembre-a-roma-alla-scoperta-del-caravaggio\/\" target=\"_blank\" rel=\"noopener\"><strong>Sabato 6 novembre a Roma alla scoperta del Caravaggio con AMI &#8211; Ambiente Mare Italia<\/strong> <\/a><\/p>\n<p>Sono tornate le visite guidate di Ambiente Mare Italia-AMI alla scoperta delle bellezze culturali e naturalistiche del nostro Paese, con lo slogan AmiCultura e AmiNatura, perch\u00e9 se lo conosci lo Ami e se lo Ami lo proteggi.<br \/>\nAmbiente Mare Italia infatti in questi anni ha permesso a tanti italiani di scoprire o riscoprire luoghi dimenticati o poco conosciuti del nostro bellissimo Paese. Sono oltre 60 i siti archeologici, i luoghi d\u2019arte e le meraviglie della natura che circa 1.600 cittadini hanno potuto visitare grazie al progetto di Ambiente Mare Italia.<\/p>\n<p>AmiCultura riparte il 6 novembre con una passeggiata tra vicoli, piazze e cortili della Citt\u00e0 eterna alla scoperta del Caravaggio per conoscere meglio i luoghi in cui il maestro della luce e genio assoluto della pittura italiana ha vissuto la sua fase romana. Partendo dalla chiesa di San Luigi dei Francesi e visitando le tele della Cappella Cantarelli, I visitatori avranno l\u2019occasione di essere trasportati in un viaggio culturale e artistico unico. Il percorso proseguir\u00e0 verso la chiesa di Sant\u2019Agostino fino a Santa Maria del Popolo.<\/p>\n<p><img decoding=\"async\" class=\"aligncenter size-large wp-image-51405\" src=\"https:\/\/www.turismoitinerante.com\/site\/wp-content\/uploads\/2021\/10\/AMBIENTE-MARE-ITALIA-AFFRESCO-1024x768.jpeg\" alt=\"\" width=\"1024\" height=\"768\" srcset=\"https:\/\/www.turismoitinerante.com\/site\/wp-content\/uploads\/2021\/10\/AMBIENTE-MARE-ITALIA-AFFRESCO-1024x768.jpeg 1024w, https:\/\/www.turismoitinerante.com\/site\/wp-content\/uploads\/2021\/10\/AMBIENTE-MARE-ITALIA-AFFRESCO-300x225.jpeg 300w, https:\/\/www.turismoitinerante.com\/site\/wp-content\/uploads\/2021\/10\/AMBIENTE-MARE-ITALIA-AFFRESCO-768x576.jpeg 768w, https:\/\/www.turismoitinerante.com\/site\/wp-content\/uploads\/2021\/10\/AMBIENTE-MARE-ITALIA-AFFRESCO-1536x1152.jpeg 1536w, https:\/\/www.turismoitinerante.com\/site\/wp-content\/uploads\/2021\/10\/AMBIENTE-MARE-ITALIA-AFFRESCO-750x563.jpeg 750w, https:\/\/www.turismoitinerante.com\/site\/wp-content\/uploads\/2021\/10\/AMBIENTE-MARE-ITALIA-AFFRESCO-1140x855.jpeg 1140w, https:\/\/www.turismoitinerante.com\/site\/wp-content\/uploads\/2021\/10\/AMBIENTE-MARE-ITALIA-AFFRESCO.jpeg 1920w\" sizes=\"(max-width: 1024px) 100vw, 1024px\" \/><\/p>\n<p>&nbsp;<\/p>\n<p><a href=\"https:\/\/www.turismoitinerante.com\/site\/dal-30-ottobre-gaeta-si-illumina-con-favole-di-luce\/\" target=\"_blank\" rel=\"noopener\"><strong>A Gaeta la magia delle luminarie con le Favole di Luce<\/strong><\/a><\/p>\n<p>Nel Lazio torna la magia del Natale con &#8220;Gaeta si illumina con Favole di Luce&#8221;, installazioni e proiezioni artistiche dislocate dall\u2019ingresso citt\u00e0 fino al quartiere di Sant\u2019Erasmo di Gaeta passando per il centro.<\/p>\n<p>La Citt\u00e0 di Gaeta, quest\u2019anno inoltre, celebra Dante con 10 proiezioni artistiche che illuminano i monumenti storici della citt\u00e0 a partire dalla Porta Carlo III, passando dai monumentali bastioni per arrivare al castello Angioino. A corredo delle spettacolari proiezioni artistiche dedicate alla Divina Commedia, il sabato, domenica e festivi alle 16:30 e 17:30, si svolgeranno due percorsi teatralizzati itineranti. I turisti e visitatori accompagnati da \u201cDante\u201d e \u201cBeatrice\u201d ripercorreranno il sentiero illuminato dalle proiezioni artistiche in una suggestiva e spettacolare passeggiata culturale.<\/p>\n<p><img decoding=\"async\" class=\"aligncenter size-large wp-image-51357\" src=\"https:\/\/www.turismoitinerante.com\/site\/wp-content\/uploads\/2021\/10\/Gaeta-1-1024x756.jpg\" alt=\"\" width=\"1024\" height=\"756\" srcset=\"https:\/\/www.turismoitinerante.com\/site\/wp-content\/uploads\/2021\/10\/Gaeta-1-1024x756.jpg 1024w, https:\/\/www.turismoitinerante.com\/site\/wp-content\/uploads\/2021\/10\/Gaeta-1-300x221.jpg 300w, https:\/\/www.turismoitinerante.com\/site\/wp-content\/uploads\/2021\/10\/Gaeta-1-768x567.jpg 768w, https:\/\/www.turismoitinerante.com\/site\/wp-content\/uploads\/2021\/10\/Gaeta-1-750x554.jpg 750w, https:\/\/www.turismoitinerante.com\/site\/wp-content\/uploads\/2021\/10\/Gaeta-1.jpg 1028w\" sizes=\"(max-width: 1024px) 100vw, 1024px\" \/><\/p>\n<p>&nbsp;<\/p>\n<p>&nbsp;<\/p>\n<p>Vi ricordiamo inoltre che nelle vicinanze di tutte queste zone potrete usufruire degli <a href=\"https:\/\/www.turismoitinerante.com\/site\/elenco-convenzioni-tessera-turit\/\" target=\"_blank\" rel=\"noreferrer noopener\"><strong>sconti esclusivi<\/strong><\/a> riservati da molti esercizi turistici ai possessori della nostra <strong><a href=\"https:\/\/www.turismoitinerante.com\/site\/tessera-turit-gli-amici-di-turismo-itinerante\/\" target=\"_blank\" rel=\"noreferrer noopener\">Tessera Turit<\/a><\/strong>.<\/p>\n<p><strong>Buon weekend!!!<\/strong><\/p>\n<div class=\"7863122cad8776726ec303240ed69aa5\" data-index=\"4\" style=\"float: none; margin:10px 0 10px 0; text-align:center;\">\n<script async src=\"\/\/pagead2.googlesyndication.com\/pagead\/js\/adsbygoogle.js\"><\/script>\r\n<!-- 728x90, creato 23\/02\/11 -->\r\n<ins class=\"adsbygoogle\"\r\n     style=\"display:inline-block;width:728px;height:90px\"\r\n     data-ad-client=\"ca-pub-5798583071070083\"\r\n     data-ad-slot=\"5935394872\"><\/ins>\r\n<script>\r\n(adsbygoogle = window.adsbygoogle || []).push({});\r\n<\/script>\n<\/div>\n\n<div style=\"font-size: 0px; height: 0px; line-height: 0px; margin: 0; padding: 0; clear: both;\"><\/div>","protected":false},"excerpt":{"rendered":"<p>Abbiamo selezionato per voi i migliori eventi in giro per l\u2019Italia nel weekend 5-6-7 novembre! Turismo Itinerante vi invita a contattare direttamente gli organizzatori degli eventi, per prenotare comodamente il vostro posto continuando a restare vigili sulla situazione sanitaria. &nbsp; Da sabato 6 a domenica 14 novembre in tutta Italia si accende la festa del [&hellip;]<\/p>\n","protected":false},"author":1,"featured_media":51416,"comment_status":"closed","ping_status":"open","sticky":false,"template":"","format":"standard","meta":{"ngg_post_thumbnail":0,"jnews-multi-image_gallery":[],"jnews_single_post":{"source_name":"","source_url":"","via_name":"","via_url":"","override_template":"0","override":[{"template":"1","single_blog_custom":"","parallax":"1","fullscreen":"1","layout":"right-sidebar","sidebar":"default-sidebar","second_sidebar":"default-sidebar","sticky_sidebar":"1","share_position":"top","share_float_style":"share-monocrhome","show_share_counter":"1","show_view_counter":"1","show_featured":"1","show_post_meta":"1","show_post_author":"1","show_post_author_image":"1","show_post_date":"1","post_date_format":"default","post_date_format_custom":"Y\/m\/d","show_post_category":"1","show_post_reading_time":"0","post_reading_time_wpm":"300","show_zoom_button":"0","zoom_button_out_step":"2","zoom_button_in_step":"3","show_post_tag":"1","show_prev_next_post":"1","show_popup_post":"1","number_popup_post":"1","show_author_box":"0","show_post_related":"0","show_inline_post_related":"0"}],"override_image_size":"0","image_override":[{"single_post_thumbnail_size":"crop-500","single_post_gallery_size":"crop-500"}],"trending_post":"0","trending_post_position":"meta","trending_post_label":"Trending","sponsored_post":"0","sponsored_post_label":"Sponsored by","sponsored_post_name":"","sponsored_post_url":"","sponsored_post_logo_enable":"0","sponsored_post_logo":"","sponsored_post_desc":""},"jnews_primary_category":{"id":""},"jnews_override_counter":[],"footnotes":""},"categories":[621],"tags":[112,1437],"class_list":["post-51409","post","type-post","status-publish","format-standard","has-post-thumbnail","hentry","category-info-turismo","tag-eventi","tag-weekend"],"yoast_head":"<!-- This site is optimized with the Yoast SEO plugin v27.4 - https:\/\/yoast.com\/product\/yoast-seo-wordpress\/ -->\n<title>Gli eventi da non perdere nel fine settimana 5-6-7 novembre<\/title>\n<meta name=\"description\" content=\"Abbiamo selezionato per voi i migliori eventi in giro per l\u2019Italia nel weekend 5-6-7 novembre!\" \/>\n<meta name=\"robots\" content=\"index, follow, max-snippet:-1, max-image-preview:large, max-video-preview:-1\" \/>\n<link rel=\"canonical\" href=\"https:\/\/www.turismoitinerante.com\/site\/gli-eventi-da-non-perdere-nel-fine-settimana-5-6-7-novembre\/\" \/>\n<meta property=\"og:locale\" content=\"it_IT\" \/>\n<meta property=\"og:type\" content=\"article\" \/>\n<meta property=\"og:title\" content=\"Gli eventi da non perdere nel fine settimana 5-6-7 novembre\" \/>\n<meta property=\"og:description\" content=\"Abbiamo selezionato per voi i migliori eventi in giro per l\u2019Italia nel weekend 5-6-7 novembre!\" \/>\n<meta property=\"og:url\" content=\"https:\/\/www.turismoitinerante.com\/site\/gli-eventi-da-non-perdere-nel-fine-settimana-5-6-7-novembre\/\" \/>\n<meta property=\"og:site_name\" content=\"TI - Turismo Itinerante\" \/>\n<meta property=\"article:published_time\" content=\"2021-10-29T08:55:58+00:00\" \/>\n<meta property=\"article:modified_time\" content=\"2021-10-29T08:58:13+00:00\" \/>\n<meta property=\"og:image\" content=\"https:\/\/www.turismoitinerante.com\/site\/wp-content\/uploads\/2021\/10\/copertina-eventi-2.jpg\" \/>\n\t<meta property=\"og:image:width\" content=\"1620\" \/>\n\t<meta property=\"og:image:height\" content=\"1080\" \/>\n\t<meta property=\"og:image:type\" content=\"image\/jpeg\" \/>\n<meta name=\"author\" content=\"admin\" \/>\n<meta name=\"twitter:card\" content=\"summary_large_image\" \/>\n<meta name=\"twitter:label1\" content=\"Scritto da\" \/>\n\t<meta name=\"twitter:data1\" content=\"admin\" \/>\n\t<meta name=\"twitter:label2\" content=\"Tempo di lettura stimato\" \/>\n\t<meta name=\"twitter:data2\" content=\"12 minuti\" \/>\n<script type=\"application\/ld+json\" class=\"yoast-schema-graph\">{\"@context\":\"https:\\\/\\\/schema.org\",\"@graph\":[{\"@type\":\"Article\",\"@id\":\"https:\\\/\\\/www.turismoitinerante.com\\\/site\\\/gli-eventi-da-non-perdere-nel-fine-settimana-5-6-7-novembre\\\/#article\",\"isPartOf\":{\"@id\":\"https:\\\/\\\/www.turismoitinerante.com\\\/site\\\/gli-eventi-da-non-perdere-nel-fine-settimana-5-6-7-novembre\\\/\"},\"author\":{\"name\":\"admin\",\"@id\":\"https:\\\/\\\/www.turismoitinerante.com\\\/site\\\/#\\\/schema\\\/person\\\/1e1238d2d1617438f3682e54bf4d6c05\"},\"headline\":\"Gli eventi da non perdere nel fine settimana 5-6-7 novembre\",\"datePublished\":\"2021-10-29T08:55:58+00:00\",\"dateModified\":\"2021-10-29T08:58:13+00:00\",\"mainEntityOfPage\":{\"@id\":\"https:\\\/\\\/www.turismoitinerante.com\\\/site\\\/gli-eventi-da-non-perdere-nel-fine-settimana-5-6-7-novembre\\\/\"},\"wordCount\":2108,\"image\":{\"@id\":\"https:\\\/\\\/www.turismoitinerante.com\\\/site\\\/gli-eventi-da-non-perdere-nel-fine-settimana-5-6-7-novembre\\\/#primaryimage\"},\"thumbnailUrl\":\"https:\\\/\\\/www.turismoitinerante.com\\\/site\\\/wp-content\\\/uploads\\\/2021\\\/10\\\/copertina-eventi-2.jpg\",\"keywords\":[\"eventi\",\"Weekend\"],\"articleSection\":[\"Turismo\"],\"inLanguage\":\"it-IT\"},{\"@type\":\"WebPage\",\"@id\":\"https:\\\/\\\/www.turismoitinerante.com\\\/site\\\/gli-eventi-da-non-perdere-nel-fine-settimana-5-6-7-novembre\\\/\",\"url\":\"https:\\\/\\\/www.turismoitinerante.com\\\/site\\\/gli-eventi-da-non-perdere-nel-fine-settimana-5-6-7-novembre\\\/\",\"name\":\"Gli eventi da non perdere nel fine settimana 5-6-7 novembre\",\"isPartOf\":{\"@id\":\"https:\\\/\\\/www.turismoitinerante.com\\\/site\\\/#website\"},\"primaryImageOfPage\":{\"@id\":\"https:\\\/\\\/www.turismoitinerante.com\\\/site\\\/gli-eventi-da-non-perdere-nel-fine-settimana-5-6-7-novembre\\\/#primaryimage\"},\"image\":{\"@id\":\"https:\\\/\\\/www.turismoitinerante.com\\\/site\\\/gli-eventi-da-non-perdere-nel-fine-settimana-5-6-7-novembre\\\/#primaryimage\"},\"thumbnailUrl\":\"https:\\\/\\\/www.turismoitinerante.com\\\/site\\\/wp-content\\\/uploads\\\/2021\\\/10\\\/copertina-eventi-2.jpg\",\"datePublished\":\"2021-10-29T08:55:58+00:00\",\"dateModified\":\"2021-10-29T08:58:13+00:00\",\"author\":{\"@id\":\"https:\\\/\\\/www.turismoitinerante.com\\\/site\\\/#\\\/schema\\\/person\\\/1e1238d2d1617438f3682e54bf4d6c05\"},\"description\":\"Abbiamo selezionato per voi i migliori eventi in giro per l\u2019Italia nel weekend 5-6-7 novembre!\",\"breadcrumb\":{\"@id\":\"https:\\\/\\\/www.turismoitinerante.com\\\/site\\\/gli-eventi-da-non-perdere-nel-fine-settimana-5-6-7-novembre\\\/#breadcrumb\"},\"inLanguage\":\"it-IT\",\"potentialAction\":[{\"@type\":\"ReadAction\",\"target\":[\"https:\\\/\\\/www.turismoitinerante.com\\\/site\\\/gli-eventi-da-non-perdere-nel-fine-settimana-5-6-7-novembre\\\/\"]}]},{\"@type\":\"ImageObject\",\"inLanguage\":\"it-IT\",\"@id\":\"https:\\\/\\\/www.turismoitinerante.com\\\/site\\\/gli-eventi-da-non-perdere-nel-fine-settimana-5-6-7-novembre\\\/#primaryimage\",\"url\":\"https:\\\/\\\/www.turismoitinerante.com\\\/site\\\/wp-content\\\/uploads\\\/2021\\\/10\\\/copertina-eventi-2.jpg\",\"contentUrl\":\"https:\\\/\\\/www.turismoitinerante.com\\\/site\\\/wp-content\\\/uploads\\\/2021\\\/10\\\/copertina-eventi-2.jpg\",\"width\":1620,\"height\":1080},{\"@type\":\"BreadcrumbList\",\"@id\":\"https:\\\/\\\/www.turismoitinerante.com\\\/site\\\/gli-eventi-da-non-perdere-nel-fine-settimana-5-6-7-novembre\\\/#breadcrumb\",\"itemListElement\":[{\"@type\":\"ListItem\",\"position\":1,\"name\":\"Home\",\"item\":\"https:\\\/\\\/www.turismoitinerante.com\\\/site\\\/\"},{\"@type\":\"ListItem\",\"position\":2,\"name\":\"Gli eventi da non perdere nel fine settimana 5-6-7 novembre\"}]},{\"@type\":\"WebSite\",\"@id\":\"https:\\\/\\\/www.turismoitinerante.com\\\/site\\\/#website\",\"url\":\"https:\\\/\\\/www.turismoitinerante.com\\\/site\\\/\",\"name\":\"TI - Turismo Itinerante\",\"description\":\"Ritrovarsi su internet per informarsi, per informare. Il portale del turismo itinerante. Una infinit\u00e0 di notizie su camper, itinerari, aree sosta camper, concessionari, campeggi, agriturismo, raduni, sagre, fiere, mostre, associazioni, club, forum, bacheca annunci\",\"potentialAction\":[{\"@type\":\"SearchAction\",\"target\":{\"@type\":\"EntryPoint\",\"urlTemplate\":\"https:\\\/\\\/www.turismoitinerante.com\\\/site\\\/?s={search_term_string}\"},\"query-input\":{\"@type\":\"PropertyValueSpecification\",\"valueRequired\":true,\"valueName\":\"search_term_string\"}}],\"inLanguage\":\"it-IT\"},{\"@type\":\"Person\",\"@id\":\"https:\\\/\\\/www.turismoitinerante.com\\\/site\\\/#\\\/schema\\\/person\\\/1e1238d2d1617438f3682e54bf4d6c05\",\"name\":\"admin\",\"image\":{\"@type\":\"ImageObject\",\"inLanguage\":\"it-IT\",\"@id\":\"https:\\\/\\\/secure.gravatar.com\\\/avatar\\\/9102d8c23b35e2809b07ebc42ce126daa3d6a47cce9878a22d14d9852ade629e?s=96&d=mm&r=g\",\"url\":\"https:\\\/\\\/secure.gravatar.com\\\/avatar\\\/9102d8c23b35e2809b07ebc42ce126daa3d6a47cce9878a22d14d9852ade629e?s=96&d=mm&r=g\",\"contentUrl\":\"https:\\\/\\\/secure.gravatar.com\\\/avatar\\\/9102d8c23b35e2809b07ebc42ce126daa3d6a47cce9878a22d14d9852ade629e?s=96&d=mm&r=g\",\"caption\":\"admin\"},\"url\":\"https:\\\/\\\/www.turismoitinerante.com\\\/site\\\/author\\\/admin\\\/\"}]}<\/script>\n<!-- \/ Yoast SEO plugin. -->","yoast_head_json":{"title":"Gli eventi da non perdere nel fine settimana 5-6-7 novembre","description":"Abbiamo selezionato per voi i migliori eventi in giro per l\u2019Italia nel weekend 5-6-7 novembre!","robots":{"index":"index","follow":"follow","max-snippet":"max-snippet:-1","max-image-preview":"max-image-preview:large","max-video-preview":"max-video-preview:-1"},"canonical":"https:\/\/www.turismoitinerante.com\/site\/gli-eventi-da-non-perdere-nel-fine-settimana-5-6-7-novembre\/","og_locale":"it_IT","og_type":"article","og_title":"Gli eventi da non perdere nel fine settimana 5-6-7 novembre","og_description":"Abbiamo selezionato per voi i migliori eventi in giro per l\u2019Italia nel weekend 5-6-7 novembre!","og_url":"https:\/\/www.turismoitinerante.com\/site\/gli-eventi-da-non-perdere-nel-fine-settimana-5-6-7-novembre\/","og_site_name":"TI - Turismo Itinerante","article_published_time":"2021-10-29T08:55:58+00:00","article_modified_time":"2021-10-29T08:58:13+00:00","og_image":[{"width":1620,"height":1080,"url":"https:\/\/www.turismoitinerante.com\/site\/wp-content\/uploads\/2021\/10\/copertina-eventi-2.jpg","type":"image\/jpeg"}],"author":"admin","twitter_card":"summary_large_image","twitter_misc":{"Scritto da":"admin","Tempo di lettura stimato":"12 minuti"},"schema":{"@context":"https:\/\/schema.org","@graph":[{"@type":"Article","@id":"https:\/\/www.turismoitinerante.com\/site\/gli-eventi-da-non-perdere-nel-fine-settimana-5-6-7-novembre\/#article","isPartOf":{"@id":"https:\/\/www.turismoitinerante.com\/site\/gli-eventi-da-non-perdere-nel-fine-settimana-5-6-7-novembre\/"},"author":{"name":"admin","@id":"https:\/\/www.turismoitinerante.com\/site\/#\/schema\/person\/1e1238d2d1617438f3682e54bf4d6c05"},"headline":"Gli eventi da non perdere nel fine settimana 5-6-7 novembre","datePublished":"2021-10-29T08:55:58+00:00","dateModified":"2021-10-29T08:58:13+00:00","mainEntityOfPage":{"@id":"https:\/\/www.turismoitinerante.com\/site\/gli-eventi-da-non-perdere-nel-fine-settimana-5-6-7-novembre\/"},"wordCount":2108,"image":{"@id":"https:\/\/www.turismoitinerante.com\/site\/gli-eventi-da-non-perdere-nel-fine-settimana-5-6-7-novembre\/#primaryimage"},"thumbnailUrl":"https:\/\/www.turismoitinerante.com\/site\/wp-content\/uploads\/2021\/10\/copertina-eventi-2.jpg","keywords":["eventi","Weekend"],"articleSection":["Turismo"],"inLanguage":"it-IT"},{"@type":"WebPage","@id":"https:\/\/www.turismoitinerante.com\/site\/gli-eventi-da-non-perdere-nel-fine-settimana-5-6-7-novembre\/","url":"https:\/\/www.turismoitinerante.com\/site\/gli-eventi-da-non-perdere-nel-fine-settimana-5-6-7-novembre\/","name":"Gli eventi da non perdere nel fine settimana 5-6-7 novembre","isPartOf":{"@id":"https:\/\/www.turismoitinerante.com\/site\/#website"},"primaryImageOfPage":{"@id":"https:\/\/www.turismoitinerante.com\/site\/gli-eventi-da-non-perdere-nel-fine-settimana-5-6-7-novembre\/#primaryimage"},"image":{"@id":"https:\/\/www.turismoitinerante.com\/site\/gli-eventi-da-non-perdere-nel-fine-settimana-5-6-7-novembre\/#primaryimage"},"thumbnailUrl":"https:\/\/www.turismoitinerante.com\/site\/wp-content\/uploads\/2021\/10\/copertina-eventi-2.jpg","datePublished":"2021-10-29T08:55:58+00:00","dateModified":"2021-10-29T08:58:13+00:00","author":{"@id":"https:\/\/www.turismoitinerante.com\/site\/#\/schema\/person\/1e1238d2d1617438f3682e54bf4d6c05"},"description":"Abbiamo selezionato per voi i migliori eventi in giro per l\u2019Italia nel weekend 5-6-7 novembre!","breadcrumb":{"@id":"https:\/\/www.turismoitinerante.com\/site\/gli-eventi-da-non-perdere-nel-fine-settimana-5-6-7-novembre\/#breadcrumb"},"inLanguage":"it-IT","potentialAction":[{"@type":"ReadAction","target":["https:\/\/www.turismoitinerante.com\/site\/gli-eventi-da-non-perdere-nel-fine-settimana-5-6-7-novembre\/"]}]},{"@type":"ImageObject","inLanguage":"it-IT","@id":"https:\/\/www.turismoitinerante.com\/site\/gli-eventi-da-non-perdere-nel-fine-settimana-5-6-7-novembre\/#primaryimage","url":"https:\/\/www.turismoitinerante.com\/site\/wp-content\/uploads\/2021\/10\/copertina-eventi-2.jpg","contentUrl":"https:\/\/www.turismoitinerante.com\/site\/wp-content\/uploads\/2021\/10\/copertina-eventi-2.jpg","width":1620,"height":1080},{"@type":"BreadcrumbList","@id":"https:\/\/www.turismoitinerante.com\/site\/gli-eventi-da-non-perdere-nel-fine-settimana-5-6-7-novembre\/#breadcrumb","itemListElement":[{"@type":"ListItem","position":1,"name":"Home","item":"https:\/\/www.turismoitinerante.com\/site\/"},{"@type":"ListItem","position":2,"name":"Gli eventi da non perdere nel fine settimana 5-6-7 novembre"}]},{"@type":"WebSite","@id":"https:\/\/www.turismoitinerante.com\/site\/#website","url":"https:\/\/www.turismoitinerante.com\/site\/","name":"TI - Turismo Itinerante","description":"Ritrovarsi su internet per informarsi, per informare. Il portale del turismo itinerante. Una infinit\u00e0 di notizie su camper, itinerari, aree sosta camper, concessionari, campeggi, agriturismo, raduni, sagre, fiere, mostre, associazioni, club, forum, bacheca annunci","potentialAction":[{"@type":"SearchAction","target":{"@type":"EntryPoint","urlTemplate":"https:\/\/www.turismoitinerante.com\/site\/?s={search_term_string}"},"query-input":{"@type":"PropertyValueSpecification","valueRequired":true,"valueName":"search_term_string"}}],"inLanguage":"it-IT"},{"@type":"Person","@id":"https:\/\/www.turismoitinerante.com\/site\/#\/schema\/person\/1e1238d2d1617438f3682e54bf4d6c05","name":"admin","image":{"@type":"ImageObject","inLanguage":"it-IT","@id":"https:\/\/secure.gravatar.com\/avatar\/9102d8c23b35e2809b07ebc42ce126daa3d6a47cce9878a22d14d9852ade629e?s=96&d=mm&r=g","url":"https:\/\/secure.gravatar.com\/avatar\/9102d8c23b35e2809b07ebc42ce126daa3d6a47cce9878a22d14d9852ade629e?s=96&d=mm&r=g","contentUrl":"https:\/\/secure.gravatar.com\/avatar\/9102d8c23b35e2809b07ebc42ce126daa3d6a47cce9878a22d14d9852ade629e?s=96&d=mm&r=g","caption":"admin"},"url":"https:\/\/www.turismoitinerante.com\/site\/author\/admin\/"}]}},"_links":{"self":[{"href":"https:\/\/www.turismoitinerante.com\/site\/wp-json\/wp\/v2\/posts\/51409","targetHints":{"allow":["GET"]}}],"collection":[{"href":"https:\/\/www.turismoitinerante.com\/site\/wp-json\/wp\/v2\/posts"}],"about":[{"href":"https:\/\/www.turismoitinerante.com\/site\/wp-json\/wp\/v2\/types\/post"}],"author":[{"embeddable":true,"href":"https:\/\/www.turismoitinerante.com\/site\/wp-json\/wp\/v2\/users\/1"}],"replies":[{"embeddable":true,"href":"https:\/\/www.turismoitinerante.com\/site\/wp-json\/wp\/v2\/comments?post=51409"}],"version-history":[{"count":3,"href":"https:\/\/www.turismoitinerante.com\/site\/wp-json\/wp\/v2\/posts\/51409\/revisions"}],"predecessor-version":[{"id":51419,"href":"https:\/\/www.turismoitinerante.com\/site\/wp-json\/wp\/v2\/posts\/51409\/revisions\/51419"}],"wp:featuredmedia":[{"embeddable":true,"href":"https:\/\/www.turismoitinerante.com\/site\/wp-json\/wp\/v2\/media\/51416"}],"wp:attachment":[{"href":"https:\/\/www.turismoitinerante.com\/site\/wp-json\/wp\/v2\/media?parent=51409"}],"wp:term":[{"taxonomy":"category","embeddable":true,"href":"https:\/\/www.turismoitinerante.com\/site\/wp-json\/wp\/v2\/categories?post=51409"},{"taxonomy":"post_tag","embeddable":true,"href":"https:\/\/www.turismoitinerante.com\/site\/wp-json\/wp\/v2\/tags?post=51409"}],"curies":[{"name":"wp","href":"https:\/\/api.w.org\/{rel}","templated":true}]}}