{"id":51002,"date":"2021-09-23T10:18:14","date_gmt":"2021-09-23T09:18:14","guid":{"rendered":"https:\/\/www.turismoitinerante.com\/site\/?p=51002"},"modified":"2021-09-23T10:18:14","modified_gmt":"2021-09-23T09:18:14","slug":"raduni-camper-in-occasione-dei-tre-week-end-della-fiera-nazionale-del-tartufo-di-pergola-pu","status":"publish","type":"post","link":"https:\/\/www.turismoitinerante.com\/site\/raduni-camper-in-occasione-dei-tre-week-end-della-fiera-nazionale-del-tartufo-di-pergola-pu\/","title":{"rendered":"Raduni camper in occasione dei tre week-end della Fiera nazionale del tartufo di Pergola (PU)"},"content":{"rendered":"<p><span style=\"color: #000000;\"><span style=\"font-family: Arial, sans-serif;\"><span>Torna con la 25esima edizione della Fiera nazionale del tartufo bianco pregiato di Pergola il tradizionale appuntamento per i camperisti organizzato dalla Pro Loco.<\/span><\/span><\/span><\/p>\n<p><span style=\"color: #000000;\"><span style=\"font-family: Arial, sans-serif;\"><span>La citt\u00e0 dei Bronzi Dorati ospita nelle prime tre domeniche di ottobre (3, 10, 17 ottobre 2021) la manifestazione dedicata al tartufo e ai prodotti tipici e, come ormai da anni, la Pro Loco invita chi ama viaggiare in camper a visitare Pergola, uno de I Borghi pi\u00f9 Belli d\u2019Italia, che vanta il riconoscimento di &#8220;Citt\u00e0 amica del turismo itinerante&#8221;, nell&#8217;entroterra della regione Marche, ai piedi del Monte Catria.<\/span><\/span><\/span><\/p>\n<p><span style=\"color: #000000;\"><span style=\"font-family: Arial, sans-serif;\"><span>I raduni sono organizzati ogni fine settimana: sabato 2 e domenica 3, sabato 9 e domenica 10, sabato 16 e domenica 17. Ricco e variegato il programma.<\/span><\/span><\/span><\/p>\n<p>&nbsp;<\/p>\n<p><span style=\"color: #ff0000;\"><strong><span style=\"font-family: Arial, sans-serif;\">RADUNO 1\u00b0 FINE SETTIMANA DI FIERA<\/span><\/strong><\/span><\/p>\n<p><strong><span style=\"color: #000000;\"><span style=\"font-family: Arial, sans-serif;\">SABATO 2<\/span><\/span><\/strong><\/p>\n<p><span style=\"color: #000000;\"><span style=\"font-family: Arial, sans-serif;\"><span>dalle 10 alle 12 accoglienza camperisti<\/span><\/span><\/span><\/p>\n<p><span style=\"color: #000000;\"><span style=\"font-family: Arial, sans-serif;\"><span>fino alle 12,30 mercato settimanale<\/span><\/span><\/span><\/p>\n<p><span style=\"color: #000000;\"><span style=\"font-family: Arial, sans-serif;\"><span>ore 15,30 a spasso nel centro, visita alla Chiesa di Santa Maria delle Tinte<\/span><\/span><\/span><\/p>\n<p><span style=\"color: #000000;\"><span style=\"font-family: Arial, sans-serif;\"><span>ore 17 merenda con il tipico &#8220;Moretto di Pergola&#8221;<\/span><\/span><\/span><\/p>\n<p><span style=\"color: #000000;\"><span style=\"font-family: Arial, sans-serif;\"><span>a seguire visita al Museo dei Bronzi Dorati e della Citt\u00e0 di Pergola<\/span><\/span><\/span><\/p>\n<p><strong><span style=\"color: #000000;\"><span style=\"font-family: Arial, sans-serif;\">DOMENICA 3<\/span><\/span><\/strong><\/p>\n<p><span style=\"color: #000000;\"><span style=\"font-family: Arial, sans-serif;\"><span>Fiera Nazionale del Tartufo Bianco Pregiato e della Citt\u00e0 di Pergola<\/span><\/span><\/span><\/p>\n<p><span style=\"color: #000000;\"><span style=\"font-family: Arial, sans-serif;\"><span>per chi vuole: ore 9,30 1\u00b0 Pergola Crossing &#8211; 20km, 600 m dislivello<\/span><\/span><\/span><\/p>\n<p><img decoding=\"async\" class=\"aligncenter size-full wp-image-51004\" src=\"https:\/\/www.turismoitinerante.com\/site\/wp-content\/uploads\/2021\/09\/Pergola-2.jpg\" alt=\"\" width=\"958\" height=\"960\" srcset=\"https:\/\/www.turismoitinerante.com\/site\/wp-content\/uploads\/2021\/09\/Pergola-2.jpg 958w, https:\/\/www.turismoitinerante.com\/site\/wp-content\/uploads\/2021\/09\/Pergola-2-300x300.jpg 300w, https:\/\/www.turismoitinerante.com\/site\/wp-content\/uploads\/2021\/09\/Pergola-2-150x150.jpg 150w, https:\/\/www.turismoitinerante.com\/site\/wp-content\/uploads\/2021\/09\/Pergola-2-768x770.jpg 768w, https:\/\/www.turismoitinerante.com\/site\/wp-content\/uploads\/2021\/09\/Pergola-2-75x75.jpg 75w, https:\/\/www.turismoitinerante.com\/site\/wp-content\/uploads\/2021\/09\/Pergola-2-350x350.jpg 350w, https:\/\/www.turismoitinerante.com\/site\/wp-content\/uploads\/2021\/09\/Pergola-2-750x752.jpg 750w\" sizes=\"(max-width: 958px) 100vw, 958px\" \/><\/p>\n<p><span style=\"color: #ff0000;\"><strong><span style=\"font-family: Arial, sans-serif;\">RADUNO 2\u00b0 FINE SETTIMANA DI FIERA<\/span><\/strong><\/span><\/p>\n<p><strong><span style=\"color: #000000;\"><span style=\"font-family: Arial, sans-serif;\">SABATO 9<\/span><\/span><\/strong><\/p>\n<p><span style=\"color: #000000;\"><span style=\"font-family: Arial, sans-serif;\"><span>dalle 10 alle 12 accoglienza camperisti<\/span><\/span><\/span><\/p>\n<p><span style=\"color: #000000;\"><span style=\"font-family: Arial, sans-serif;\"><span>fino alle 12,30 mercato settimanale<\/span><\/span><\/span><\/p>\n<p><span style=\"color: #000000;\"><span style=\"font-family: Arial, sans-serif;\"><span>ore 15,30 a spasso nel centro, visita alla Chiesa di Santa Maria delle Tinte<\/span><\/span><\/span><\/p>\n<p><span style=\"color: #000000;\"><span style=\"font-family: Arial, sans-serif;\"><span>ore 17 merenda con il tipico &#8220;Moretto di Pergola&#8221;<\/span><\/span><\/span><\/p>\n<p><span style=\"color: #000000;\"><span style=\"font-family: Arial, sans-serif;\"><span>a seguire visita al Museo dei Bronzi Dorati e della Citt\u00e0 di Pergola<\/span><\/span><\/span><\/p>\n<p><strong><span style=\"color: #000000;\"><span style=\"font-family: Arial, sans-serif;\">DOMENICA 10<\/span><\/span><\/strong><\/p>\n<p><span style=\"color: #000000;\"><span style=\"font-family: Arial, sans-serif;\"><span>Fiera Nazionale del Tartufo Bianco Pregiato e della Citt\u00e0 di Pergola<\/span><\/span><\/span><\/p>\n<p>&nbsp;<\/p>\n<p><span style=\"color: #ff0000;\"><strong><span style=\"font-family: Arial, sans-serif;\">RADUNO 3\u00b0 FINE SETTIMANA DI FIERA<\/span><\/strong><\/span><\/p>\n<p><strong><span style=\"color: #000000;\"><span style=\"font-family: Arial, sans-serif;\">SABATO 16<\/span><\/span><\/strong><\/p>\n<p><span style=\"color: #000000;\"><span style=\"font-family: Arial, sans-serif;\"><span>dalle 10 alle 12 accoglienza camperisti<\/span><\/span><\/span><\/p>\n<p><span style=\"color: #000000;\"><span style=\"font-family: Arial, sans-serif;\"><span>fino alle 12,30 mercato settimanale<\/span><\/span><\/span><\/p>\n<p><span style=\"color: #000000;\"><span style=\"font-family: Arial, sans-serif;\"><span>ore 15,30 a spasso nel centro, visita alla Chiesa di Santa Maria delle Tinte<\/span><\/span><\/span><\/p>\n<p><span style=\"color: #000000;\"><span style=\"font-family: Arial, sans-serif;\"><span>ore 17 merenda con crescia e formaggio locale<\/span><\/span><\/span><\/p>\n<p><span style=\"color: #000000;\"><span style=\"font-family: Arial, sans-serif;\"><span>a seguire visita al Museo dei Bronzi Dorati e della Citt\u00e0 di Pergola<\/span><\/span><\/span><\/p>\n<p><strong><span style=\"color: #000000;\"><span style=\"font-family: Arial, sans-serif;\">DOMENICA 17<\/span><\/span><\/strong><\/p>\n<p><span style=\"color: #000000;\"><span style=\"font-family: Arial, sans-serif;\"><span>Fiera Nazionale del Tartufo Bianco Pregiato e della Citt\u00e0 di Pergola<\/span><\/span><\/span><\/p>\n<p><span style=\"color: #000000;\"><span style=\"font-family: Arial, sans-serif;\"><span>da segnalare: ore 17,30 &#8220;Il teatro dei golosi&#8221; e cena al Foyer del Teatro<\/span><\/span><\/span><\/p>\n<p><span style=\"color: #000000;\"><span style=\"font-family: Arial, sans-serif;\"><span>Costo per ogni fine settimana:<\/span><\/span><\/span><\/p>\n<p><span style=\"color: #000000;\"><span style=\"font-family: Arial, sans-serif;\"><span>12 euro (maggiori di 14 anni)<\/span><\/span><\/span><\/p>\n<p><span style=\"color: #000000;\"><span style=\"font-family: Arial, sans-serif;\"><span>6 euro (da 6 a 14 anni)<\/span><\/span><\/span><\/p>\n<p><span style=\"color: #000000;\"><span style=\"font-family: Arial, sans-serif;\"><span>3 euro (da 3 a 5 anni )<\/span><\/span><\/span><\/p>\n<p><img decoding=\"async\" class=\"aligncenter size-large wp-image-51005\" src=\"https:\/\/www.turismoitinerante.com\/site\/wp-content\/uploads\/2021\/09\/Pergola-3-576x1024.jpg\" alt=\"\" width=\"576\" height=\"1024\" srcset=\"https:\/\/www.turismoitinerante.com\/site\/wp-content\/uploads\/2021\/09\/Pergola-3-576x1024.jpg 576w, https:\/\/www.turismoitinerante.com\/site\/wp-content\/uploads\/2021\/09\/Pergola-3-169x300.jpg 169w, https:\/\/www.turismoitinerante.com\/site\/wp-content\/uploads\/2021\/09\/Pergola-3-768x1365.jpg 768w, https:\/\/www.turismoitinerante.com\/site\/wp-content\/uploads\/2021\/09\/Pergola-3-864x1536.jpg 864w, https:\/\/www.turismoitinerante.com\/site\/wp-content\/uploads\/2021\/09\/Pergola-3-750x1333.jpg 750w, https:\/\/www.turismoitinerante.com\/site\/wp-content\/uploads\/2021\/09\/Pergola-3.jpg 1080w\" sizes=\"(max-width: 576px) 100vw, 576px\" \/><\/p>\n<p>&nbsp;<\/p>\n<p><span style=\"color: #000000;\"><span style=\"font-family: Arial, sans-serif;\"><span>L\u2019area camper attrezzata \u00e8 immersa nel verde del Parco Mercatale e si trova proprio in prossimit\u00e0 del centro storico. Non ci sono piazzole predefinite e la sosta \u00e8 gratuita. Non \u00e8 possibile perci\u00f2 riservare nessun posto. Ogni equipaggio si sistemer\u00e0 liberamente al momento dell\u2019arrivo all\u2019area camper di Pergola, in base allo spazio disponibile. Qualora non ci fosse spazio a sufficienza c\u2019\u00e8 la possibilit\u00e0 di sostare in un grande parcheggio in Viale Catria, sempre intorno al centro storico, dove per\u00f2 non sono attualmente presenti gli scarichi per i camper.<\/span><\/span><\/span><\/p>\n<p><span style=\"color: #000000;\"><span style=\"font-family: Arial, sans-serif;\"><span>La quota indicata sar\u00e0 richiesta solo a chi decider\u00e0 di partecipare alle iniziative proposte dalla Pro Loco.<\/span><\/span><\/span><\/p>\n<p><span style=\"color: #000000;\"><span style=\"font-family: Arial, sans-serif;\"><span>Nella mattina di sabato i volontari della Pro loco saranno a disposizione oltre che per le iscrizioni, anche per informazioni su cosa visitare nei dintorni, dove mangiare, eventuali pasti convenzionati etc<\/span><\/span><\/span><\/p>\n<p><span style=\"color: #000000;\"><span style=\"font-family: Arial, sans-serif;\"><span>Chi ha deciso di partecipare al raduno camper \u00e8 invitato a comunicare i propri dati alla mail&nbsp;<a href=\"mailto:info@prolocopergola.it\" target=\"_blank\" rel=\"nofollow noopener\">info@prolocopergola.it<\/a>&nbsp;o al numero 3385279018, per permettere una migliore organizzazione.<\/span><\/span><\/span><\/p>\n<p><img decoding=\"async\" class=\"aligncenter size-large wp-image-51006\" src=\"https:\/\/www.turismoitinerante.com\/site\/wp-content\/uploads\/2021\/09\/Pergola-1-1024x576.png\" alt=\"\" width=\"1024\" height=\"576\" srcset=\"https:\/\/www.turismoitinerante.com\/site\/wp-content\/uploads\/2021\/09\/Pergola-1-1024x576.png 1024w, https:\/\/www.turismoitinerante.com\/site\/wp-content\/uploads\/2021\/09\/Pergola-1-300x169.png 300w, https:\/\/www.turismoitinerante.com\/site\/wp-content\/uploads\/2021\/09\/Pergola-1-768x432.png 768w, https:\/\/www.turismoitinerante.com\/site\/wp-content\/uploads\/2021\/09\/Pergola-1-750x422.png 750w, https:\/\/www.turismoitinerante.com\/site\/wp-content\/uploads\/2021\/09\/Pergola-1.png 1076w\" sizes=\"(max-width: 1024px) 100vw, 1024px\" \/><\/p>\n<p><span style=\"color: #000000;\"><span style=\"font-family: Arial, sans-serif;\"><span>ATTENZIONE: La prenotazione \u00e8 necessaria in particolare per gestire gli ingressi al Museo, date le limitazioni al numero di ingressi dovuti all&#8217;emergenza sanitaria in corso. Non si garantisce la disponibilit\u00e0 dei posti a chi prenoter\u00e0 a ridosso dell&#8217;evento.<\/span><\/span><\/span><\/p>\n<p><span style=\"color: #000000;\"><span style=\"font-family: Arial, sans-serif;\"><span>INFO SULLA FIERA DEL TARTUFO: <a href=\"https:\/\/www.facebook.com\/FieraDelTartufoPergola\/\">pagina Facebook Fiera Nazionale del Tartufo Bianco di Pergola<\/a>.<\/span><\/span><\/span><\/p>\n<p><span style=\"color: #000000;\"><span style=\"font-family: Arial, sans-serif;\"><span>INFO SU AREA CAMPER: L\u2019Area Camper di Pergola si trova in Via San Biagio, nei pressi del Parco Mercatale. Percorrendo via San Biagio l\u2019accesso alla zona di sosta si trova vicino alla chiesa di San Biagio. L\u2019area \u00e8 verde, ombreggiata da numerosi alberi. Per accedere con il camper alla zona verde bisogna transitare sotto un grande ponte. Percorrendo a piedi il ponte si arriva direttamente all\u2019inizio di Corso Matteotti, in pieno centro storico.<\/span><\/span><\/span><\/p>\n<p><span style=\"color: #000000;\"><span style=\"font-family: Arial, sans-serif;\"><span>Parco Mercatale \u2013 Largo XXIV Maggio, 61045 Pergola PU Coordinate: 43.565265, 12.836363<\/span><\/span><\/span><\/p>\n<p><span style=\"color: #000000;\"><span style=\"font-family: Arial, sans-serif;\"><span>Per chi arriva dall\u2019A14: si consiglia di uscire al casello Autostradale di Marotta (e non Fano) e quindi percorrere la Strada provinciale 424 verso Pergola, Via Alcide De Gasperi, alla rotatoria prendere la terza uscita su Via Fermi, infine Via San Biagio<\/span><\/span><\/span><\/p>\n<p><span style=\"color: #000000;\"><span style=\"font-family: Arial, sans-serif;\"><span>Per chi arriva da Cagli: percorrere la Strada provinciale 424 verso Pergola, Via Alcide De Gasperi, alla rotatoria prendere la prima uscita su Via Fermi, infine Via San Biagio<\/span><\/span><\/span><\/p>\n<p><span style=\"color: #000000;\"><span style=\"font-family: Arial, sans-serif;\"><span>Per chi arriva da Fabriano: percorrere la Strada provinciale 16 verso Pergola, al semaforo girare a sinistra su via Marconi, percorrere Via Monte Acuto, all\u2019incrocio svoltare a destra su Via Alcide de Gasperi, alla rotatoria la prima uscita su Via Fermi, infine Via San Biagio<\/span><\/span><\/span><\/p>\n<p><span style=\"color: #000000;\"><span style=\"font-family: Arial, sans-serif;\"><span>Per qualsiasi informazione: 3385279018&nbsp;<a href=\"mailto:info@prolocopergola.it\" target=\"_blank\" rel=\"nofollow noopener\">info@prolocopergola.it<\/a><\/span><\/span><\/span><\/p>\n<div class=\"7863122cad8776726ec303240ed69aa5\" data-index=\"4\" style=\"float: none; margin:10px 0 10px 0; text-align:center;\">\n<script async src=\"\/\/pagead2.googlesyndication.com\/pagead\/js\/adsbygoogle.js\"><\/script>\r\n<!-- 728x90, creato 23\/02\/11 -->\r\n<ins class=\"adsbygoogle\"\r\n     style=\"display:inline-block;width:728px;height:90px\"\r\n     data-ad-client=\"ca-pub-5798583071070083\"\r\n     data-ad-slot=\"5935394872\"><\/ins>\r\n<script>\r\n(adsbygoogle = window.adsbygoogle || []).push({});\r\n<\/script>\n<\/div>\n\n<div style=\"font-size: 0px; height: 0px; line-height: 0px; margin: 0; padding: 0; clear: both;\"><\/div>","protected":false},"excerpt":{"rendered":"<p>Torna con la 25esima edizione della Fiera nazionale del tartufo bianco pregiato di Pergola il tradizionale appuntamento per i camperisti organizzato dalla Pro Loco. La citt\u00e0 dei Bronzi Dorati ospita nelle prime tre domeniche di ottobre (3, 10, 17 ottobre 2021) la manifestazione dedicata al tartufo e ai prodotti tipici e, come ormai da anni, [&hellip;]<\/p>\n","protected":false},"author":1,"featured_media":51003,"comment_status":"closed","ping_status":"open","sticky":false,"template":"","format":"standard","meta":{"ngg_post_thumbnail":0,"jnews-multi-image_gallery":[],"jnews_single_post":{"source_name":"","source_url":"","via_name":"","via_url":"","override_template":"0","override":[{"template":"1","single_blog_custom":"","parallax":"1","fullscreen":"1","layout":"right-sidebar","sidebar":"default-sidebar","second_sidebar":"default-sidebar","sticky_sidebar":"1","share_position":"top","share_float_style":"share-monocrhome","show_share_counter":"1","show_view_counter":"1","show_featured":"1","show_post_meta":"1","show_post_author":"1","show_post_author_image":"1","show_post_date":"1","post_date_format":"default","post_date_format_custom":"Y\/m\/d","show_post_category":"1","show_post_reading_time":"0","post_reading_time_wpm":"300","show_zoom_button":"0","zoom_button_out_step":"2","zoom_button_in_step":"3","show_post_tag":"1","show_prev_next_post":"1","show_popup_post":"1","number_popup_post":"1","show_author_box":"0","show_post_related":"0","show_inline_post_related":"0"}],"override_image_size":"0","image_override":[{"single_post_thumbnail_size":"crop-500","single_post_gallery_size":"crop-500"}],"trending_post":"0","trending_post_position":"meta","trending_post_label":"Trending","sponsored_post":"0","sponsored_post_label":"Sponsored by","sponsored_post_name":"","sponsored_post_url":"","sponsored_post_logo_enable":"0","sponsored_post_logo":"","sponsored_post_desc":""},"jnews_primary_category":{"id":""},"jnews_override_counter":[],"footnotes":""},"categories":[164],"tags":[],"class_list":["post-51002","post","type-post","status-publish","format-standard","has-post-thumbnail","hentry","category-associazioni"],"yoast_head":"<!-- This site is optimized with the Yoast SEO plugin v27.4 - https:\/\/yoast.com\/product\/yoast-seo-wordpress\/ -->\n<title>Raduni camper in occasione dei tre week-end della Fiera nazionale del tartufo di Pergola (PU)<\/title>\n<meta name=\"description\" content=\"Torna con la 25esima edizione della Fiera nazionale del tartufo bianco pregiato di Pergola il tradizionale appuntamento per i camperisti\" \/>\n<meta name=\"robots\" content=\"index, follow, max-snippet:-1, max-image-preview:large, max-video-preview:-1\" \/>\n<link rel=\"canonical\" href=\"https:\/\/www.turismoitinerante.com\/site\/raduni-camper-in-occasione-dei-tre-week-end-della-fiera-nazionale-del-tartufo-di-pergola-pu\/\" \/>\n<meta property=\"og:locale\" content=\"it_IT\" \/>\n<meta property=\"og:type\" content=\"article\" \/>\n<meta property=\"og:title\" content=\"Raduni camper in occasione dei tre week-end della Fiera nazionale del tartufo di Pergola (PU)\" \/>\n<meta property=\"og:description\" content=\"Torna con la 25esima edizione della Fiera nazionale del tartufo bianco pregiato di Pergola il tradizionale appuntamento per i camperisti\" \/>\n<meta property=\"og:url\" content=\"https:\/\/www.turismoitinerante.com\/site\/raduni-camper-in-occasione-dei-tre-week-end-della-fiera-nazionale-del-tartufo-di-pergola-pu\/\" \/>\n<meta property=\"og:site_name\" content=\"TI - Turismo Itinerante\" \/>\n<meta property=\"article:published_time\" content=\"2021-09-23T09:18:14+00:00\" \/>\n<meta property=\"og:image\" content=\"https:\/\/www.turismoitinerante.com\/site\/wp-content\/uploads\/2021\/09\/Pergola-1.jpg\" \/>\n\t<meta property=\"og:image:width\" content=\"1080\" \/>\n\t<meta property=\"og:image:height\" content=\"810\" \/>\n\t<meta property=\"og:image:type\" content=\"image\/jpeg\" \/>\n<meta name=\"author\" content=\"admin\" \/>\n<meta name=\"twitter:card\" content=\"summary_large_image\" \/>\n<meta name=\"twitter:label1\" content=\"Scritto da\" \/>\n\t<meta name=\"twitter:data1\" content=\"admin\" \/>\n\t<meta name=\"twitter:label2\" content=\"Tempo di lettura stimato\" \/>\n\t<meta name=\"twitter:data2\" content=\"5 minuti\" \/>\n<script type=\"application\/ld+json\" class=\"yoast-schema-graph\">{\"@context\":\"https:\\\/\\\/schema.org\",\"@graph\":[{\"@type\":\"Article\",\"@id\":\"https:\\\/\\\/www.turismoitinerante.com\\\/site\\\/raduni-camper-in-occasione-dei-tre-week-end-della-fiera-nazionale-del-tartufo-di-pergola-pu\\\/#article\",\"isPartOf\":{\"@id\":\"https:\\\/\\\/www.turismoitinerante.com\\\/site\\\/raduni-camper-in-occasione-dei-tre-week-end-della-fiera-nazionale-del-tartufo-di-pergola-pu\\\/\"},\"author\":{\"name\":\"admin\",\"@id\":\"https:\\\/\\\/www.turismoitinerante.com\\\/site\\\/#\\\/schema\\\/person\\\/1e1238d2d1617438f3682e54bf4d6c05\"},\"headline\":\"Raduni camper in occasione dei tre week-end della Fiera nazionale del tartufo di Pergola (PU)\",\"datePublished\":\"2021-09-23T09:18:14+00:00\",\"mainEntityOfPage\":{\"@id\":\"https:\\\/\\\/www.turismoitinerante.com\\\/site\\\/raduni-camper-in-occasione-dei-tre-week-end-della-fiera-nazionale-del-tartufo-di-pergola-pu\\\/\"},\"wordCount\":770,\"image\":{\"@id\":\"https:\\\/\\\/www.turismoitinerante.com\\\/site\\\/raduni-camper-in-occasione-dei-tre-week-end-della-fiera-nazionale-del-tartufo-di-pergola-pu\\\/#primaryimage\"},\"thumbnailUrl\":\"https:\\\/\\\/www.turismoitinerante.com\\\/site\\\/wp-content\\\/uploads\\\/2021\\\/09\\\/Pergola-1.jpg\",\"articleSection\":[\"Associazioni\"],\"inLanguage\":\"it-IT\"},{\"@type\":\"WebPage\",\"@id\":\"https:\\\/\\\/www.turismoitinerante.com\\\/site\\\/raduni-camper-in-occasione-dei-tre-week-end-della-fiera-nazionale-del-tartufo-di-pergola-pu\\\/\",\"url\":\"https:\\\/\\\/www.turismoitinerante.com\\\/site\\\/raduni-camper-in-occasione-dei-tre-week-end-della-fiera-nazionale-del-tartufo-di-pergola-pu\\\/\",\"name\":\"Raduni camper in occasione dei tre week-end della Fiera nazionale del tartufo di Pergola (PU)\",\"isPartOf\":{\"@id\":\"https:\\\/\\\/www.turismoitinerante.com\\\/site\\\/#website\"},\"primaryImageOfPage\":{\"@id\":\"https:\\\/\\\/www.turismoitinerante.com\\\/site\\\/raduni-camper-in-occasione-dei-tre-week-end-della-fiera-nazionale-del-tartufo-di-pergola-pu\\\/#primaryimage\"},\"image\":{\"@id\":\"https:\\\/\\\/www.turismoitinerante.com\\\/site\\\/raduni-camper-in-occasione-dei-tre-week-end-della-fiera-nazionale-del-tartufo-di-pergola-pu\\\/#primaryimage\"},\"thumbnailUrl\":\"https:\\\/\\\/www.turismoitinerante.com\\\/site\\\/wp-content\\\/uploads\\\/2021\\\/09\\\/Pergola-1.jpg\",\"datePublished\":\"2021-09-23T09:18:14+00:00\",\"author\":{\"@id\":\"https:\\\/\\\/www.turismoitinerante.com\\\/site\\\/#\\\/schema\\\/person\\\/1e1238d2d1617438f3682e54bf4d6c05\"},\"description\":\"Torna con la 25esima edizione della Fiera nazionale del tartufo bianco pregiato di Pergola il tradizionale appuntamento per i camperisti\",\"breadcrumb\":{\"@id\":\"https:\\\/\\\/www.turismoitinerante.com\\\/site\\\/raduni-camper-in-occasione-dei-tre-week-end-della-fiera-nazionale-del-tartufo-di-pergola-pu\\\/#breadcrumb\"},\"inLanguage\":\"it-IT\",\"potentialAction\":[{\"@type\":\"ReadAction\",\"target\":[\"https:\\\/\\\/www.turismoitinerante.com\\\/site\\\/raduni-camper-in-occasione-dei-tre-week-end-della-fiera-nazionale-del-tartufo-di-pergola-pu\\\/\"]}]},{\"@type\":\"ImageObject\",\"inLanguage\":\"it-IT\",\"@id\":\"https:\\\/\\\/www.turismoitinerante.com\\\/site\\\/raduni-camper-in-occasione-dei-tre-week-end-della-fiera-nazionale-del-tartufo-di-pergola-pu\\\/#primaryimage\",\"url\":\"https:\\\/\\\/www.turismoitinerante.com\\\/site\\\/wp-content\\\/uploads\\\/2021\\\/09\\\/Pergola-1.jpg\",\"contentUrl\":\"https:\\\/\\\/www.turismoitinerante.com\\\/site\\\/wp-content\\\/uploads\\\/2021\\\/09\\\/Pergola-1.jpg\",\"width\":1080,\"height\":810},{\"@type\":\"BreadcrumbList\",\"@id\":\"https:\\\/\\\/www.turismoitinerante.com\\\/site\\\/raduni-camper-in-occasione-dei-tre-week-end-della-fiera-nazionale-del-tartufo-di-pergola-pu\\\/#breadcrumb\",\"itemListElement\":[{\"@type\":\"ListItem\",\"position\":1,\"name\":\"Home\",\"item\":\"https:\\\/\\\/www.turismoitinerante.com\\\/site\\\/\"},{\"@type\":\"ListItem\",\"position\":2,\"name\":\"Raduni camper in occasione dei tre week-end della Fiera nazionale del tartufo di Pergola (PU)\"}]},{\"@type\":\"WebSite\",\"@id\":\"https:\\\/\\\/www.turismoitinerante.com\\\/site\\\/#website\",\"url\":\"https:\\\/\\\/www.turismoitinerante.com\\\/site\\\/\",\"name\":\"TI - Turismo Itinerante\",\"description\":\"Ritrovarsi su internet per informarsi, per informare. Il portale del turismo itinerante. Una infinit\u00e0 di notizie su camper, itinerari, aree sosta camper, concessionari, campeggi, agriturismo, raduni, sagre, fiere, mostre, associazioni, club, forum, bacheca annunci\",\"potentialAction\":[{\"@type\":\"SearchAction\",\"target\":{\"@type\":\"EntryPoint\",\"urlTemplate\":\"https:\\\/\\\/www.turismoitinerante.com\\\/site\\\/?s={search_term_string}\"},\"query-input\":{\"@type\":\"PropertyValueSpecification\",\"valueRequired\":true,\"valueName\":\"search_term_string\"}}],\"inLanguage\":\"it-IT\"},{\"@type\":\"Person\",\"@id\":\"https:\\\/\\\/www.turismoitinerante.com\\\/site\\\/#\\\/schema\\\/person\\\/1e1238d2d1617438f3682e54bf4d6c05\",\"name\":\"admin\",\"image\":{\"@type\":\"ImageObject\",\"inLanguage\":\"it-IT\",\"@id\":\"https:\\\/\\\/secure.gravatar.com\\\/avatar\\\/9102d8c23b35e2809b07ebc42ce126daa3d6a47cce9878a22d14d9852ade629e?s=96&d=mm&r=g\",\"url\":\"https:\\\/\\\/secure.gravatar.com\\\/avatar\\\/9102d8c23b35e2809b07ebc42ce126daa3d6a47cce9878a22d14d9852ade629e?s=96&d=mm&r=g\",\"contentUrl\":\"https:\\\/\\\/secure.gravatar.com\\\/avatar\\\/9102d8c23b35e2809b07ebc42ce126daa3d6a47cce9878a22d14d9852ade629e?s=96&d=mm&r=g\",\"caption\":\"admin\"},\"url\":\"https:\\\/\\\/www.turismoitinerante.com\\\/site\\\/author\\\/admin\\\/\"}]}<\/script>\n<!-- \/ Yoast SEO plugin. -->","yoast_head_json":{"title":"Raduni camper in occasione dei tre week-end della Fiera nazionale del tartufo di Pergola (PU)","description":"Torna con la 25esima edizione della Fiera nazionale del tartufo bianco pregiato di Pergola il tradizionale appuntamento per i camperisti","robots":{"index":"index","follow":"follow","max-snippet":"max-snippet:-1","max-image-preview":"max-image-preview:large","max-video-preview":"max-video-preview:-1"},"canonical":"https:\/\/www.turismoitinerante.com\/site\/raduni-camper-in-occasione-dei-tre-week-end-della-fiera-nazionale-del-tartufo-di-pergola-pu\/","og_locale":"it_IT","og_type":"article","og_title":"Raduni camper in occasione dei tre week-end della Fiera nazionale del tartufo di Pergola (PU)","og_description":"Torna con la 25esima edizione della Fiera nazionale del tartufo bianco pregiato di Pergola il tradizionale appuntamento per i camperisti","og_url":"https:\/\/www.turismoitinerante.com\/site\/raduni-camper-in-occasione-dei-tre-week-end-della-fiera-nazionale-del-tartufo-di-pergola-pu\/","og_site_name":"TI - Turismo Itinerante","article_published_time":"2021-09-23T09:18:14+00:00","og_image":[{"width":1080,"height":810,"url":"https:\/\/www.turismoitinerante.com\/site\/wp-content\/uploads\/2021\/09\/Pergola-1.jpg","type":"image\/jpeg"}],"author":"admin","twitter_card":"summary_large_image","twitter_misc":{"Scritto da":"admin","Tempo di lettura stimato":"5 minuti"},"schema":{"@context":"https:\/\/schema.org","@graph":[{"@type":"Article","@id":"https:\/\/www.turismoitinerante.com\/site\/raduni-camper-in-occasione-dei-tre-week-end-della-fiera-nazionale-del-tartufo-di-pergola-pu\/#article","isPartOf":{"@id":"https:\/\/www.turismoitinerante.com\/site\/raduni-camper-in-occasione-dei-tre-week-end-della-fiera-nazionale-del-tartufo-di-pergola-pu\/"},"author":{"name":"admin","@id":"https:\/\/www.turismoitinerante.com\/site\/#\/schema\/person\/1e1238d2d1617438f3682e54bf4d6c05"},"headline":"Raduni camper in occasione dei tre week-end della Fiera nazionale del tartufo di Pergola (PU)","datePublished":"2021-09-23T09:18:14+00:00","mainEntityOfPage":{"@id":"https:\/\/www.turismoitinerante.com\/site\/raduni-camper-in-occasione-dei-tre-week-end-della-fiera-nazionale-del-tartufo-di-pergola-pu\/"},"wordCount":770,"image":{"@id":"https:\/\/www.turismoitinerante.com\/site\/raduni-camper-in-occasione-dei-tre-week-end-della-fiera-nazionale-del-tartufo-di-pergola-pu\/#primaryimage"},"thumbnailUrl":"https:\/\/www.turismoitinerante.com\/site\/wp-content\/uploads\/2021\/09\/Pergola-1.jpg","articleSection":["Associazioni"],"inLanguage":"it-IT"},{"@type":"WebPage","@id":"https:\/\/www.turismoitinerante.com\/site\/raduni-camper-in-occasione-dei-tre-week-end-della-fiera-nazionale-del-tartufo-di-pergola-pu\/","url":"https:\/\/www.turismoitinerante.com\/site\/raduni-camper-in-occasione-dei-tre-week-end-della-fiera-nazionale-del-tartufo-di-pergola-pu\/","name":"Raduni camper in occasione dei tre week-end della Fiera nazionale del tartufo di Pergola (PU)","isPartOf":{"@id":"https:\/\/www.turismoitinerante.com\/site\/#website"},"primaryImageOfPage":{"@id":"https:\/\/www.turismoitinerante.com\/site\/raduni-camper-in-occasione-dei-tre-week-end-della-fiera-nazionale-del-tartufo-di-pergola-pu\/#primaryimage"},"image":{"@id":"https:\/\/www.turismoitinerante.com\/site\/raduni-camper-in-occasione-dei-tre-week-end-della-fiera-nazionale-del-tartufo-di-pergola-pu\/#primaryimage"},"thumbnailUrl":"https:\/\/www.turismoitinerante.com\/site\/wp-content\/uploads\/2021\/09\/Pergola-1.jpg","datePublished":"2021-09-23T09:18:14+00:00","author":{"@id":"https:\/\/www.turismoitinerante.com\/site\/#\/schema\/person\/1e1238d2d1617438f3682e54bf4d6c05"},"description":"Torna con la 25esima edizione della Fiera nazionale del tartufo bianco pregiato di Pergola il tradizionale appuntamento per i camperisti","breadcrumb":{"@id":"https:\/\/www.turismoitinerante.com\/site\/raduni-camper-in-occasione-dei-tre-week-end-della-fiera-nazionale-del-tartufo-di-pergola-pu\/#breadcrumb"},"inLanguage":"it-IT","potentialAction":[{"@type":"ReadAction","target":["https:\/\/www.turismoitinerante.com\/site\/raduni-camper-in-occasione-dei-tre-week-end-della-fiera-nazionale-del-tartufo-di-pergola-pu\/"]}]},{"@type":"ImageObject","inLanguage":"it-IT","@id":"https:\/\/www.turismoitinerante.com\/site\/raduni-camper-in-occasione-dei-tre-week-end-della-fiera-nazionale-del-tartufo-di-pergola-pu\/#primaryimage","url":"https:\/\/www.turismoitinerante.com\/site\/wp-content\/uploads\/2021\/09\/Pergola-1.jpg","contentUrl":"https:\/\/www.turismoitinerante.com\/site\/wp-content\/uploads\/2021\/09\/Pergola-1.jpg","width":1080,"height":810},{"@type":"BreadcrumbList","@id":"https:\/\/www.turismoitinerante.com\/site\/raduni-camper-in-occasione-dei-tre-week-end-della-fiera-nazionale-del-tartufo-di-pergola-pu\/#breadcrumb","itemListElement":[{"@type":"ListItem","position":1,"name":"Home","item":"https:\/\/www.turismoitinerante.com\/site\/"},{"@type":"ListItem","position":2,"name":"Raduni camper in occasione dei tre week-end della Fiera nazionale del tartufo di Pergola (PU)"}]},{"@type":"WebSite","@id":"https:\/\/www.turismoitinerante.com\/site\/#website","url":"https:\/\/www.turismoitinerante.com\/site\/","name":"TI - Turismo Itinerante","description":"Ritrovarsi su internet per informarsi, per informare. Il portale del turismo itinerante. Una infinit\u00e0 di notizie su camper, itinerari, aree sosta camper, concessionari, campeggi, agriturismo, raduni, sagre, fiere, mostre, associazioni, club, forum, bacheca annunci","potentialAction":[{"@type":"SearchAction","target":{"@type":"EntryPoint","urlTemplate":"https:\/\/www.turismoitinerante.com\/site\/?s={search_term_string}"},"query-input":{"@type":"PropertyValueSpecification","valueRequired":true,"valueName":"search_term_string"}}],"inLanguage":"it-IT"},{"@type":"Person","@id":"https:\/\/www.turismoitinerante.com\/site\/#\/schema\/person\/1e1238d2d1617438f3682e54bf4d6c05","name":"admin","image":{"@type":"ImageObject","inLanguage":"it-IT","@id":"https:\/\/secure.gravatar.com\/avatar\/9102d8c23b35e2809b07ebc42ce126daa3d6a47cce9878a22d14d9852ade629e?s=96&d=mm&r=g","url":"https:\/\/secure.gravatar.com\/avatar\/9102d8c23b35e2809b07ebc42ce126daa3d6a47cce9878a22d14d9852ade629e?s=96&d=mm&r=g","contentUrl":"https:\/\/secure.gravatar.com\/avatar\/9102d8c23b35e2809b07ebc42ce126daa3d6a47cce9878a22d14d9852ade629e?s=96&d=mm&r=g","caption":"admin"},"url":"https:\/\/www.turismoitinerante.com\/site\/author\/admin\/"}]}},"_links":{"self":[{"href":"https:\/\/www.turismoitinerante.com\/site\/wp-json\/wp\/v2\/posts\/51002","targetHints":{"allow":["GET"]}}],"collection":[{"href":"https:\/\/www.turismoitinerante.com\/site\/wp-json\/wp\/v2\/posts"}],"about":[{"href":"https:\/\/www.turismoitinerante.com\/site\/wp-json\/wp\/v2\/types\/post"}],"author":[{"embeddable":true,"href":"https:\/\/www.turismoitinerante.com\/site\/wp-json\/wp\/v2\/users\/1"}],"replies":[{"embeddable":true,"href":"https:\/\/www.turismoitinerante.com\/site\/wp-json\/wp\/v2\/comments?post=51002"}],"version-history":[{"count":1,"href":"https:\/\/www.turismoitinerante.com\/site\/wp-json\/wp\/v2\/posts\/51002\/revisions"}],"predecessor-version":[{"id":51007,"href":"https:\/\/www.turismoitinerante.com\/site\/wp-json\/wp\/v2\/posts\/51002\/revisions\/51007"}],"wp:featuredmedia":[{"embeddable":true,"href":"https:\/\/www.turismoitinerante.com\/site\/wp-json\/wp\/v2\/media\/51003"}],"wp:attachment":[{"href":"https:\/\/www.turismoitinerante.com\/site\/wp-json\/wp\/v2\/media?parent=51002"}],"wp:term":[{"taxonomy":"category","embeddable":true,"href":"https:\/\/www.turismoitinerante.com\/site\/wp-json\/wp\/v2\/categories?post=51002"},{"taxonomy":"post_tag","embeddable":true,"href":"https:\/\/www.turismoitinerante.com\/site\/wp-json\/wp\/v2\/tags?post=51002"}],"curies":[{"name":"wp","href":"https:\/\/api.w.org\/{rel}","templated":true}]}}