{"id":50093,"date":"2021-07-09T10:10:23","date_gmt":"2021-07-09T09:10:23","guid":{"rendered":"https:\/\/www.turismoitinerante.com\/site\/?p=50093"},"modified":"2021-07-09T10:10:26","modified_gmt":"2021-07-09T09:10:26","slug":"i-migliori-eventi-da-non-perdere-nel-fine-settimana-16-17-18-luglio","status":"publish","type":"post","link":"https:\/\/www.turismoitinerante.com\/site\/i-migliori-eventi-da-non-perdere-nel-fine-settimana-16-17-18-luglio\/","title":{"rendered":"I migliori eventi da non perdere nel fine settimana 16-17-18 luglio"},"content":{"rendered":"\n<p>Abbiamo selezionato per voi i migliori eventi in giro per l\u2019Italia nel weekend <strong>16-17-18 luglio!<\/strong> Turismo Itinerante vi invita a contattare direttamente gli organizzatori degli eventi, per prenotare comodamente il vostro posto continuando a restare vigili sulla situazione sanitaria.<\/p>\n\n\n\n<p><strong><a href=\"https:\/\/robioladiroccaverano.com\/\">&#8211; Domenica 18 a Roccaverano (AT) la Festa della Robiola<\/a><\/strong><br><br>Rinascita, rigenerazione, rinnovamento di una festa che compie il suo 20esimo compleanno. La Fiera Carrettesca, Festa della Robiola di Roccaverano D.O.P. vide la luce 21 anni fa ma, per ovvi motivi di pandemia, lo scorso anno non \u00e8 andata in scena. Sar\u00e0 dunque ancora pi\u00f9 festa questo 18 luglio, con le dovute precauzioni certo, ma comunque un momento da non perdere per ritrovare tanti amici. Si, gli amici, ovvero tutti quegli estimatori che in oltre un anno di tempo hanno supportato la Robiola di Roccaverano D.O.P. con affetto, comprensione e acquisti.<\/p>\n\n\n\n<p>Siete tutti invitati a partecipare perch\u00e9, anche con le misure restrittive, non mancheranno sorprese e piacevoli attimi ricchi di buoni sapori. Nella cornice dell\u2019incantevole borgo di Roccaverano, il pi\u00f9 alto della Langa Astigiana, troverete i prodotti tipici di Langa e del Monferrato, tutti i produttori di Robiole con i loro formaggi e le specialit\u00e0 del Progetto Rob-In.<\/p>\n\n\n\n<p>Vini, farine, dolci, zafferano, formaggi, salumi, miele e tanto altro in degustazione per il pubblico. E poi il concorso ONAF per decretare la Robiola migliore e il piatto, proprio con la Robiola come ingrediente, preparato dalla Pro Loco. Ci sar\u00e0 la semplicit\u00e0 e la voglia di stare insieme e, importante, una bellissima novit\u00e0.<\/p>\n\n\n\n<p>A differenza degli altri anni della festa durante i quali \u00e8 stato nominato un Cavaliere della Robiola, Edoardo Raspelli e Tessa Gelisio nelle ultime due edizioni, per questa 20esima Fiera\/Festa ci sar\u00e0 una postazione che i sostenitori del nostro formaggio potranno raggiungere e proporsi come Cavaliere. In poche parole il vero, o meglio i veri, Cavalieri della Robiola saranno i consumatori. Baster\u00e0 farsi scattare una fotografia da un addetto e partecipare al contest. Non solo, sempre dal 18 luglio sulle pagine social del Consorzio di tutela della Robiola, Facebook e Instagram, si potr\u00e0 utilizzare una particolare mascherina con la quale personalizzare la propria fotografia e postarla sulle stesse pagine. Pertanto anche chi non potr\u00e0 godersi la festa dal vivo potr\u00e0 comunque diventare Cavaliere della Robiola. Entro fine anno ci sar\u00e0 cos\u00ec una teca con le nomine investiture.<\/p>\n\n\n\n<p>Con questa iniziativa i produttori del celebre formaggio desiderano fortemente mettere in evidenza le persone che li hanno aiutati durante il lockdown, che amano oggi come ieri e che continueranno domani ad apprezzare il loro formaggio caprino.<\/p>\n\n\n\n<p>Abbiamo voglia di festa ma soprattutto di condividerla con voi. D&#8217;altronde l\u2019Italia \u00e8 il paese che a cavallo tra gli anni 50 e 60 aveva pi\u00f9 feste infrasettimanali, ce ne siamo inventate di ogni genere, mamma, pap\u00e0, innamorati, e allora diciamolo chiaramente che a noi fare festa piace: cos\u00ec come piace la Robiola di Roccaverano D.O.P. deliziosamente saporita e delicata.<\/p>\n\n\n\n<p>Non ci dilunghiamo oltre, vi aspettiamo il 18 luglio a Roccaverano. Grazie al Comune e alla Pro Loco di Roccaverano, all\u2019Unione Montana e alla stampa che ancora una volta ci dar\u00e0 voce. Sar\u00e0 una grande festa dedicata all\u2019amicizia.<\/p>\n\n\n\n<figure class=\"wp-block-image size-large\"><a href=\"https:\/\/www.turismoitinerante.com\/site\/wp-content\/uploads\/2021\/07\/robiola-eventi.jpg\"><img decoding=\"async\" width=\"1024\" height=\"575\" src=\"https:\/\/www.turismoitinerante.com\/site\/wp-content\/uploads\/2021\/07\/robiola-eventi-1024x575.jpg\" alt=\"\" class=\"wp-image-50096\" srcset=\"https:\/\/www.turismoitinerante.com\/site\/wp-content\/uploads\/2021\/07\/robiola-eventi-1024x575.jpg 1024w, https:\/\/www.turismoitinerante.com\/site\/wp-content\/uploads\/2021\/07\/robiola-eventi-300x168.jpg 300w, https:\/\/www.turismoitinerante.com\/site\/wp-content\/uploads\/2021\/07\/robiola-eventi-768x431.jpg 768w, https:\/\/www.turismoitinerante.com\/site\/wp-content\/uploads\/2021\/07\/robiola-eventi-750x421.jpg 750w, https:\/\/www.turismoitinerante.com\/site\/wp-content\/uploads\/2021\/07\/robiola-eventi-1140x640.jpg 1140w, https:\/\/www.turismoitinerante.com\/site\/wp-content\/uploads\/2021\/07\/robiola-eventi.jpg 1400w\" sizes=\"(max-width: 1024px) 100vw, 1024px\" \/><\/a><\/figure>\n\n\n\n<p><strong><a href=\"http:\/\/www.lonatoinfestival.it\">&#8211; Dal 16 luglio a Lonato del Garda (BS) il grande Circo contemporaneo a Lonato in Festival<\/a><\/strong><br><br>Magia, acrobazie, divertimento per grandi e piccoli: Lonato in FESTIVAL, giunto alla nona edizione, seconda dell\u2019era Covid, propone dal 16 luglio al 7 agosto un programma di spettacoli di Circo contemporaneo di qualit\u00e0 per mantener vivo lo spirito del festival e per non mancare all\u2019appuntamento con il pubblico, da troppo tempo orfano di spettacoli, di divertimento e di convivialit\u00e0. Torna quindi, anche se in forma necessariamente ridotta, l\u2019ormai tradizionale appuntamento estivo di Lonato del Garda (Bs), che nelle passate edizioni proponeva un centinaio di spettacoli di circo contemporaneo di artisti di strada, teatro di figura, musica e gruppi etnici. La cornice resta la stessa, ovvero la Rocca Visconteo Veneta, una fra le pi\u00f9 imponenti fortezze del Nord Italia, ai piedi della quale \u00e8 stata allestita un\u2019arena dalla capienza di 200 spettatori, nel rispetto del distanziamento sanitario e delle procedure di sanificazione<\/p>\n\n\n\n<p>Protagonisti di Lonato in FESTIVAL sono tre compagnie di Circo contemporaneo tra le pi\u00f9 prestigiose del panorama contemporaneo italiano e una compagnia cubana. Ciascuna presenta uno spettacolo, che sar\u00e0 messo in scena due volte, il venerd\u00ec e il sabato, alle ore 21.00. La prenotazione \u00e8 obbligatoria.<\/p>\n\n\n\n<p>Il 16 e il 17 luglio la compagnia Teatro Necessario presenta Nuova Barberia Carloni. Tre artisti ripropongono con ironia, comicit\u00e0 e cimentandosi in singolari dimostrazioni di abilit\u00e0 l\u2019atmosfera delle barberie di un tempo, dove la gente del paese si recava per passare il tempo, chiacchierando, scherzando, ascoltando musica e\u2026 tagliandosi i capelli.<\/p>\n\n\n\n<figure class=\"wp-block-image size-large\"><a href=\"https:\/\/www.turismoitinerante.com\/site\/wp-content\/uploads\/2021\/07\/Lonato-eventi-scaled.jpg\"><img decoding=\"async\" width=\"1024\" height=\"683\" src=\"https:\/\/www.turismoitinerante.com\/site\/wp-content\/uploads\/2021\/07\/Lonato-eventi-1024x683.jpg\" alt=\"\" class=\"wp-image-50097\" srcset=\"https:\/\/www.turismoitinerante.com\/site\/wp-content\/uploads\/2021\/07\/Lonato-eventi-1024x683.jpg 1024w, https:\/\/www.turismoitinerante.com\/site\/wp-content\/uploads\/2021\/07\/Lonato-eventi-300x200.jpg 300w, https:\/\/www.turismoitinerante.com\/site\/wp-content\/uploads\/2021\/07\/Lonato-eventi-768x512.jpg 768w, https:\/\/www.turismoitinerante.com\/site\/wp-content\/uploads\/2021\/07\/Lonato-eventi-1536x1024.jpg 1536w, https:\/\/www.turismoitinerante.com\/site\/wp-content\/uploads\/2021\/07\/Lonato-eventi-2048x1365.jpg 2048w, https:\/\/www.turismoitinerante.com\/site\/wp-content\/uploads\/2021\/07\/Lonato-eventi-750x500.jpg 750w, https:\/\/www.turismoitinerante.com\/site\/wp-content\/uploads\/2021\/07\/Lonato-eventi-1140x760.jpg 1140w\" sizes=\"(max-width: 1024px) 100vw, 1024px\" \/><\/a><\/figure>\n\n\n\n<p><strong><a href=\"https:\/\/www.palazzodivarignana.com\/\">&#8211; Fino al 16 luglio appuntamento a Palazzo di Varignana (BO) con il Music Festival<\/a><\/strong><br><br>La musica come terapia per l\u2019anima, \u00e8 questo il segreto della settima edizione del Varignana Music Festival, il programma di concerti di musica classica &#8211; arrivato alla settima edizione &#8211; che quest\u2019anno introduce un nuovo livello di esperienza per gli ospiti del celebre resort sulle colline bolognesi. Perch\u00e9 dall\u20198 al 16 luglio, la musica sar\u00e0 l\u2019ingrediente in pi\u00f9 di una formula di accoglienza che si distingue per la capacit\u00e0 di coniugare in un\u2019unica esperienza il benessere del corpo, la cura dei sensi, il piacere della tavola, l\u2019amore per la natura.<\/p>\n\n\n\n<p>Musica, natura, gastronomia, benessere e salute: Palazzo di Varignana mette a sistema tutte le esperienze per costruire un nuovo senso di ospitalit\u00e0, tra cultura e risveglio dei sensi, immersi in uno straordinario contesto naturale.<\/p>\n\n\n\n<figure class=\"wp-block-image size-large\"><a href=\"https:\/\/www.turismoitinerante.com\/site\/wp-content\/uploads\/2021\/07\/varignana-eventi.jpg\"><img decoding=\"async\" width=\"1024\" height=\"683\" src=\"https:\/\/www.turismoitinerante.com\/site\/wp-content\/uploads\/2021\/07\/varignana-eventi-1024x683.jpg\" alt=\"\" class=\"wp-image-50098\" srcset=\"https:\/\/www.turismoitinerante.com\/site\/wp-content\/uploads\/2021\/07\/varignana-eventi-1024x683.jpg 1024w, https:\/\/www.turismoitinerante.com\/site\/wp-content\/uploads\/2021\/07\/varignana-eventi-300x200.jpg 300w, https:\/\/www.turismoitinerante.com\/site\/wp-content\/uploads\/2021\/07\/varignana-eventi-768x512.jpg 768w, https:\/\/www.turismoitinerante.com\/site\/wp-content\/uploads\/2021\/07\/varignana-eventi-1536x1024.jpg 1536w, https:\/\/www.turismoitinerante.com\/site\/wp-content\/uploads\/2021\/07\/varignana-eventi-750x500.jpg 750w, https:\/\/www.turismoitinerante.com\/site\/wp-content\/uploads\/2021\/07\/varignana-eventi-1140x760.jpg 1140w, https:\/\/www.turismoitinerante.com\/site\/wp-content\/uploads\/2021\/07\/varignana-eventi.jpg 1920w\" sizes=\"(max-width: 1024px) 100vw, 1024px\" \/><\/a><\/figure>\n\n\n\n<p><strong><a href=\"https:\/\/www.santarcangelofestival.com\/\">&#8211; In Romagna fino a domenica 18 il Festival Santarcangelo<\/a><\/strong><br><br>Fra i tanti Festival estivi, questo di Santarcangelo, \u00e8 forse uno fra i pi\u00f9 meritevoli, sia per la variet\u00e0 dei temi presentati sia per le innumerevoli sperimentazioni. Nel suo cinquantesimo anniversario la programmazione si incentrer\u00e0, come sempre, su mondi culturali diversi che qui si incontreranno e confronteranno\u2026fra forme e linguaggi, corpi e voci minoritarie. La dimensione internazionale \u00e8 fondamentale per \u201ccontaminazioni\u201d culturalmente e geograficamente diverse. Gli spazi degli eventi sono fra i pi\u00f9 disparati e suggestivi: strade, piazze, grotte, rocche malatestiane, pievi, cave abbandonate\u2026 anche fuori zona nei vicini comuni, enti soci, di Longiano, Poggio Torriana, San Mauro Pascoli, Rimini\u2026 Quest\u2019anno si parler\u00e0 di crisi climatica e fine dell\u2019Antropocene nella sezione Bestiari Fantastici, con artisti provenienti da America latina, Asia e Africa. L\u2019artista taiwanese Betty Apple, in veste di cyborg, offrir\u00e0 uno sguardo sul futuro. Altre sezioni affronteranno temi riguardanti le giovani generazioni, strutture ecosostenibili, innovazioni tecnologiche, sperimentazioni musicali, teatrali, danza\u2026. In collaborazione con Cinema du Desert (un progetto itinerante di portare il cinema in luoghi sperduti del pianeta) verr\u00e0 utilizzato un camion-camper dotato di impianto fotovoltaico per proiezioni in spazi inusuali. L\u2019emergenza epidemiologica con stravolgimenti devastanti in molti settori, compreso quello riguardante il mondo dello spettacolo, ha impedito una normale programmazione e svolgimento di impegni presi. In questo contesto si sono recuperate opere sospese, riproposte all\u2019aperto in spazi che rispettano la sicurezza e il distanziamento. Impossibile elencare i tanti partecipanti e le compagnie. Nella sezione H24 Accaventiquattro si celebra il mezzo secolo di Santarcangelo Festival con eventi realizzati per favorire la massima partecipazione di tutte le fasce di pubblico. Il Parco Baden-Powel si trasformer\u00e0 in teatro a cielo aperto per spettacoli in ogni ora del giorno e della notte. L\u2019edizione di quest\u2019anno, a cura del gruppo riminese Motus di Enrico Casagrande e Daniela Nicol\u00f2, si aprir\u00e0 con una giornata speciale dedicata ai 50 anni del Festival, dove verr\u00e0 presentato un libro e un documentario. Si racconter\u00e0, accanto ai numerosi incontri fatti di parole, musica, performance, danza\u2026 quanto grandi sono stati i cambiamenti avvenuti in mezzo secolo di storia artistica e sociale e, soprattutto, si auspicher\u00e0 un futuro \u201cfantastico\u201d.<\/p>\n\n\n\n\n\n<p><strong><a href=\"http:\/\/www.museonovecento.it\">&#8211; Il Museo Novecento di Firenze presenta la mostra &#8220;SOLO. Arturo Martini e Firenze&#8221;<\/a><\/strong><br><br>il Museo Novecento presenta la mostra SOLO. Arturo Martini e Firenze, a cura di Lucia Mannini con Eva Francioli e Stefania Rispoli, allestita nelle sale al secondo piano del museo, aperta fino al 14 novembre 2021.<\/p>\n\n\n\n<p>L\u2019esposizione si inserisce all\u2019interno del ciclo Solo dedicato ai maggiori artisti del Novecento, pensato per raccontare aspetti peculiari e meno noti della vita e della pratica di grandi protagonisti nella pittura e scultura del secolo scorso. Dal 2018 il Museo Novecento ha dedicato progetti espositivi a Emilio Vedova, Piero Manzoni, Vincenzo Agnetti, Gino Severini, Fabio Mauri, Mirko e Medardo Rosso, il grande scultore che pu\u00f2 essere considerato un precursore delle avanguardie del XX secolo. Concepite come veri e propri assoli, le mostre presentano di volta in volta un gruppo ristretto di opere, unito a documenti e apparati di vario genere, provenienti dalle collezioni civiche o da prestiti concessi da istituzioni e collezionisti privati. Il progetto Arturo Martini e Firenze \u00e8 realizzato in concomitanza con la grande retrospettiva dedicata a Henry Moore, un altro gigante della scultura moderna e contemporanea.<\/p>\n\n\n\n<p>La presenza di Arturo Martini a Firenze si ricostruisce sia attraverso la sua partecipazione a importanti esposizioni, sia perch\u00e9 \u00e8 stato immediatamente oggetto di interesse da parte di collezionisti privati, come attesta la presenza di una serie di sue sculture conservate nel capoluogo toscano. Gi\u00e0 nel 1922, Martini \u00e8 tra i protagonisti della \u201cFiorentina Primaverile\u201d &#8211; esposizione di arte italiana contemporanea, ideata e organizzata dallo scrittore e drammaturgo Sem Benelli -, presentato da Alberto Savinio, accanto agli artisti del gruppo \u201cValori Plastici\u201d. Torner\u00e0 a Firenze nel 1932, anno del successo ottenuto alla biennale veneziana e della doppia personale con il pittore Primo Conti nei locali della galleria Bellini, in Palazzo Spini Feroni, che suscit\u00f2 ampia partecipazione e interesse a livello nazionale. A distanza di circa quarant\u2019anni, un importante nucleo di opere del maestro approd\u00f2 in citt\u00e0 grazie al generoso lascito dell\u2019ingegnere Alberto Della Ragione. Tra le 241 opere donate da questi alla Citt\u00e0 di Firenze, all\u2019indomani dell\u2019alluvione del 1966, spiccano alcuni capolavori di Arturo Martini, come le grandi sculture La Pisana (1933 ca.), il Leone di Monterosso (1933-1935 ca.) e L\u2019Attesa (1935 ca.), oltre a un nucleo di piccole terrecotte che indagano la figura femminile quali Le collegiali (1927 &#8211; 1931 ca.), La cinese (1931 &#8211; 1933 ca.) e il Nudino sdraiato (1932 ca.).<\/p>\n\n\n\n<p>Tra le collezioni private, va indubbiamente ricordata quella all\u2019interno della Villa Vittoria dei Contini Bonacossi, dove si trovava un altro significativo nucleo di sculture di Martini, tra le quali la Donna al sole, premiata alla Quadriennale di Roma del 1931. L\u2019ingresso di opere di Martini nella raccolta dei Contini Bonacossi, resa nota attraverso le fotografie pubblicate su \u201cDomus\u201d nel 1933, rappresentava il naturale esito del sodalizio che aveva legato lo scultore con il poeta Roberto Papi, genero dei collezionisti, del quale Martini era stato ospite all\u2019inizio del 1931, ma anche della mostra personale con Primo Conti, alla galleria Bellini in Palazzo Spini Feroni.<\/p>\n\n\n\n<figure class=\"wp-block-image size-large\"><a href=\"https:\/\/www.turismoitinerante.com\/site\/wp-content\/uploads\/2021\/07\/firenze-eventi-scaled.jpg\"><img decoding=\"async\" width=\"1024\" height=\"787\" src=\"https:\/\/www.turismoitinerante.com\/site\/wp-content\/uploads\/2021\/07\/firenze-eventi-1024x787.jpg\" alt=\"\" class=\"wp-image-50099\" srcset=\"https:\/\/www.turismoitinerante.com\/site\/wp-content\/uploads\/2021\/07\/firenze-eventi-1024x787.jpg 1024w, https:\/\/www.turismoitinerante.com\/site\/wp-content\/uploads\/2021\/07\/firenze-eventi-300x231.jpg 300w, https:\/\/www.turismoitinerante.com\/site\/wp-content\/uploads\/2021\/07\/firenze-eventi-768x590.jpg 768w, https:\/\/www.turismoitinerante.com\/site\/wp-content\/uploads\/2021\/07\/firenze-eventi-1536x1180.jpg 1536w, https:\/\/www.turismoitinerante.com\/site\/wp-content\/uploads\/2021\/07\/firenze-eventi-2048x1574.jpg 2048w, https:\/\/www.turismoitinerante.com\/site\/wp-content\/uploads\/2021\/07\/firenze-eventi-750x576.jpg 750w, https:\/\/www.turismoitinerante.com\/site\/wp-content\/uploads\/2021\/07\/firenze-eventi-1140x876.jpg 1140w\" sizes=\"(max-width: 1024px) 100vw, 1024px\" \/><\/a><\/figure>\n\n\n\n<p><strong><a href=\"https:\/\/arezzobikefestival.com\/\">&#8211; Dal 18 luglio \u201cArezzo Bike Festival\u201d: tanti eventi per scoprire le terre d\u2019Arezzo in bicicletta<\/a><\/strong><br><br>Alla scoperta delle terre d\u2019Arezzo in bicicletta: si chiama \u201cArezzo Bike Festival\u201d il calendario che dal 18 luglio al 1 agosto 2021 proporr\u00e0 gare, ciclostoriche, iniziative a tema, offrendo agli appassionati delle due ruote un susseguirsi di appuntamenti imperdibili da vivere in un territorio incontaminato, immersi tra paesaggi senza tempo e panorami mozzafiato.<br>La Fondazione Arezzo Intour e le associazioni \u201cGli Arditi del ciclismo\u201d e \u201cADS Cavallino\u201d presentano una vera e propria rassegna ideata per gli amanti dei pedali che riunisce alcune delle manifestazioni ciclistiche fra le pi\u00f9 seguite d\u2019Italia.<br>In ottemperanza delle misure di sicurezza in atto per contenere l\u2019emergenza sanitaria, sar\u00e0 l\u2019estate 2021 a tenere a battesimo la prima edizione della manifestazione (che originariamente era stata programmata per la primavera).<\/p>\n\n\n\n<p>Si comincia con \u201cLa Rampichiana\u201d evento MTB giunto alla sua 16ma edizione che domenica 18 luglio 2021 torna ad Arezzo. La gara, inserita nei circuiti nazionali Tour 3 Regioni Scott, Coppa Toscana, Italian 6 Races, accanto ai due percorsi agonistici propone una rassegna cicloturistico- escursionistica per offrire a tutti coloro che amano pedalare la possibilit\u00e0 di muoversi in un territorio meraviglioso.<\/p>\n\n\n\n<figure class=\"wp-block-image size-large\"><a href=\"https:\/\/www.turismoitinerante.com\/site\/wp-content\/uploads\/2021\/07\/arezzo-eventi.jpg\"><img decoding=\"async\" width=\"1024\" height=\"576\" src=\"https:\/\/www.turismoitinerante.com\/site\/wp-content\/uploads\/2021\/07\/arezzo-eventi-1024x576.jpg\" alt=\"\" class=\"wp-image-50100\" srcset=\"https:\/\/www.turismoitinerante.com\/site\/wp-content\/uploads\/2021\/07\/arezzo-eventi-1024x576.jpg 1024w, https:\/\/www.turismoitinerante.com\/site\/wp-content\/uploads\/2021\/07\/arezzo-eventi-300x169.jpg 300w, https:\/\/www.turismoitinerante.com\/site\/wp-content\/uploads\/2021\/07\/arezzo-eventi-768x432.jpg 768w, https:\/\/www.turismoitinerante.com\/site\/wp-content\/uploads\/2021\/07\/arezzo-eventi-1536x864.jpg 1536w, https:\/\/www.turismoitinerante.com\/site\/wp-content\/uploads\/2021\/07\/arezzo-eventi-750x422.jpg 750w, https:\/\/www.turismoitinerante.com\/site\/wp-content\/uploads\/2021\/07\/arezzo-eventi-1140x641.jpg 1140w, https:\/\/www.turismoitinerante.com\/site\/wp-content\/uploads\/2021\/07\/arezzo-eventi.jpg 1920w\" sizes=\"(max-width: 1024px) 100vw, 1024px\" \/><\/a><\/figure>\n\n\n\n<p><strong><a href=\"http:\/\/www.whitecarraradowntown.it\">&#8211; Arriva la sinfonia del marmo: in programma dal 17 al 25 luglio la quinta White Carrara Downtown<\/a><\/strong><br><br>Torna a grande richiesta White Carrara Downtown, quinta edizione dell\u2019evento di intrattenimento culturale che valorizza, a partire dal suo prezioso oro bianco, il marmo delle Apuane, l\u2019identit\u00e0 della citt\u00e0 e della sua gente con un percorso museale urbano fatto di luoghi d\u2019arte, installazioni, mostre, laboratori artigianali aperti al pubblico, teatro diffuso, lirica, enogastronomia ed eventi esperienziali per scoprire, ma anche ri-scoprire, la bellezza di un territorio unico nel suo genere.<\/p>\n\n\n\n<p>A testimonianza della propria valenza artistica e culturale la rassegna, dopo aver consolidato negli anni un grande successo sia presso il pubblico che per la critica e i media, a partire dalla scorsa edizione \u00e8 stata inserita all\u2019interno del progetto Carrara Citt\u00e0 Creativa Unesco.<\/p>\n\n\n\n<p>Come nel 2020, nonostante il perdurare della pandemia, IMM-Carrarafiere porta avanti il proprio progetto di marketing territoriale con un\u2019offerta integrata capace di esprimere l\u2019identit\u00e0 della citt\u00e0, da sempre contraddistinta dal marmo delle sue montagne e dalle declinazioni artistiche, commerciali e socio-economiche legate al settore lapideo. L\u2019evento vede nel marmo il punto di partenza e di arrivo di un tour esperienziale alla radice delle tradizioni, della cultura e dei sapori del territorio.<br>Quest\u2019anno a fare da contraltare alle opere in marmo della tradizione carrarese potremo ammirare, in Piazza Alberica, quelle di Cracking Art, movimento nato nel 1993 con l\u2019intento di cambiare radicalmente la storia dell\u2019arte attraverso un forte impegno sociale e ambientale che, unito all\u2019utilizzo rivoluzionario dei materiali plastici, mette in evidenza il rapporto sempre pi\u00f9 stretto tra vita naturale e realt\u00e0 artificiale. Si tratta di un incontro tra la tradizione e il pop che tocca il tema della sostenibilit\u00e0 nell&#8217;uso dei materiali. Le opere sono realizzate per sollecitare una riflessione collettiva sui temi dell\u2019effetto antropico sull\u2019ambiente naturale tramite azioni performative coinvolgenti, in cui installazioni fuori scala \u2013 come i celebri animali colorati \u2013 invadono i luoghi pi\u00f9 vari, dagli spazi propriamente deputati all\u2019arte a quelli della vita quotidiana.<br>Ecco dunque che gli eventi\/novit\u00e0 di White Carrara Downtown 2021 saranno, in Piazza Alberica \u201cPenguins on the Rocks\u201d, una colonia di pinguini \u201cappoggiati\u201d su blocchetti di marmo bianco, cos\u00ec da ricreare le condizioni naturali del loro habitat, mentre in Piazza Gramsci \u201cNaturale | Artificiale\u201d, un elefante gigante che entra in contatto con un blocco di marmo come ricerca di continuit\u00e0 tra passato e presente.<\/p>\n\n\n\n<figure class=\"wp-block-image size-large is-resized\"><a href=\"https:\/\/www.turismoitinerante.com\/site\/wp-content\/uploads\/2021\/07\/carrara-eventi.jpg\"><img decoding=\"async\" src=\"https:\/\/www.turismoitinerante.com\/site\/wp-content\/uploads\/2021\/07\/carrara-eventi.jpg\" alt=\"\" class=\"wp-image-50101\" width=\"973\" height=\"372\" srcset=\"https:\/\/www.turismoitinerante.com\/site\/wp-content\/uploads\/2021\/07\/carrara-eventi.jpg 822w, https:\/\/www.turismoitinerante.com\/site\/wp-content\/uploads\/2021\/07\/carrara-eventi-300x115.jpg 300w, https:\/\/www.turismoitinerante.com\/site\/wp-content\/uploads\/2021\/07\/carrara-eventi-768x293.jpg 768w, https:\/\/www.turismoitinerante.com\/site\/wp-content\/uploads\/2021\/07\/carrara-eventi-750x286.jpg 750w\" sizes=\"(max-width: 973px) 100vw, 973px\" \/><\/a><\/figure>\n\n\n\n<p><strong><a href=\"http:\/\/www.ituoicammini.com\">&#8211; Domenica 18 in Umbria trekking a Rasiglia<\/a><\/strong><br><br>In Umbria nel mese di luglio 2021, grazie al progetto \u201cI Tuoi Cammini\u201d, si amplia l\u2019offerta di turismo attivo con proposte di trekking leggeri, accessibili a tutti, in luoghi particolari, ameni, nella natura, in luoghi del silenzio, ma soprattutto passeggiate collegate ad eventi culturali, mostre tematiche, concerti.<\/p>\n\n\n\n<p>Il progetto I tuoi Cammini, nato ad Assisi, ha infatti tra i suoi obiettivi, quello di fare da trait d\u2019union tra coloro che scelgono il turismo attivo all\u2019aria aperta e l\u2019offerta turistica culturale ed enogastronomica del territorio regionale. Un punto di riferimento per rispondere alla richiesta dei turisti che vogliono camminare, ma anche godere di musica, esposizioni, visitare emergenze culturali ed imparare a conoscere ed apprezzare le eccellenze enogastronomiche umbre.<\/p>\n\n\n\n<p>Le passeggiate proposte, della durata di 3\/4 ore circa, con dislivelli dolci, si concludono infatti in genere con una merenda pomeridiana, un aperitivo al tramonto, una visita guidata o un concerto.<\/p>\n\n\n\n<p>Domenica 18 luglio escursione nelle montagne di Foligno (Pg) sopra al piccolo borgo di Rasiglia, il borgo delle acque; al termine della passeggiata Pierpaolo Trevisi, curatore della Mostra Graffiti Umbri, mostra tematica diffusa sulle scritture spontanee medievali e moderne lungo i sentieri del pellegrinaggio, ci mostrer\u00e0 i graffiti contenuti nella Chiesa della Madonna delle Grazie in Rasiglia.<\/p>\n\n\n\n<figure class=\"wp-block-image size-large\"><a href=\"https:\/\/www.turismoitinerante.com\/site\/wp-content\/uploads\/2021\/07\/umbria-eventi.jpg\"><img decoding=\"async\" width=\"722\" height=\"1024\" src=\"https:\/\/www.turismoitinerante.com\/site\/wp-content\/uploads\/2021\/07\/umbria-eventi-722x1024.jpg\" alt=\"\" class=\"wp-image-50102\" srcset=\"https:\/\/www.turismoitinerante.com\/site\/wp-content\/uploads\/2021\/07\/umbria-eventi-722x1024.jpg 722w, https:\/\/www.turismoitinerante.com\/site\/wp-content\/uploads\/2021\/07\/umbria-eventi-211x300.jpg 211w, https:\/\/www.turismoitinerante.com\/site\/wp-content\/uploads\/2021\/07\/umbria-eventi-768x1090.jpg 768w, https:\/\/www.turismoitinerante.com\/site\/wp-content\/uploads\/2021\/07\/umbria-eventi-1083x1536.jpg 1083w, https:\/\/www.turismoitinerante.com\/site\/wp-content\/uploads\/2021\/07\/umbria-eventi-1444x2048.jpg 1444w, https:\/\/www.turismoitinerante.com\/site\/wp-content\/uploads\/2021\/07\/umbria-eventi-750x1064.jpg 750w, https:\/\/www.turismoitinerante.com\/site\/wp-content\/uploads\/2021\/07\/umbria-eventi-1140x1617.jpg 1140w, https:\/\/www.turismoitinerante.com\/site\/wp-content\/uploads\/2021\/07\/umbria-eventi.jpg 1748w\" sizes=\"(max-width: 722px) 100vw, 722px\" \/><\/a><\/figure>\n\n\n\n<p><strong><a href=\"https:\/\/www.vinoxroma.it\">&#8211; Dal 13 al 17 luglio 2021 al Giardino delle Cascate all\u2019Eur di Roma &#8220;VinoXRoma&#8221;<\/a><\/strong><br><br>La cultura del vino italiano incontra la citt\u00e0 di Roma. Nella cornice del Giardino delle Cascate all\u2019Eur dal 13 al 17 luglio, da marted\u00ec a sabato, si terr\u00e0 la manifestazione \u201cVino X Roma\u201d organizzata da Excellence in collaborazione con EUR spa. Cinque giorni dedicati alla cultura enogastronomica, in particolare alla produzione vitivinicola del nostro Paese e alla grande ristorazione della Capitale, il tutto sotto il segno della sostenibilit\u00e0 ambientale, economica e sociale. L\u2019iniziativa mira a fare il punto sui progressi in termini qualitativi che disegnano i contorni di una produzione sempre pi\u00f9 evoluta e amica del territorio, complice la svolta \u201cgreen\u201d intrapresa da un numero di aziende in crescita esponenziale.<\/p>\n\n\n\n<p>Le scenografiche cascate faranno da cornice al teatro, dove il ricco palinsesto porter\u00e0 alla ribalta talk animati da professionisti del settore che si confronteranno sulle attuali tematiche del mondo del vino, momenti di approfondimento culturale con la presentazione di volumi inediti e incontri con gli scrittori, degustazioni tematiche a cura della Fondazione Italiana Sommelier (F.I.S.), mini corsi amatoriali di avvicinamento al vino.<br>Il vino sar\u00e0 protagonista anche del nutrito palinsesto di cooking show, dove ogni piatto uscir\u00e0 in abbinamento con il calice perfetto, mentre nello spazio \u201cWineXability\u201d il barman Massimo D\u2019Addezio porter\u00e0 il pubblico alla scoperta del bere miscelato, svelandoci attraverso \u201cDRINKABLE-Berebeneovunque\u201d l\u2019insolito matrimonio tra vino e spirits.<\/p>\n\n\n\n<div class=\"wp-block-image\"><figure class=\"aligncenter size-large is-resized\"><a href=\"https:\/\/www.turismoitinerante.com\/site\/wp-content\/uploads\/2021\/07\/roma-eventi.jpg\"><img decoding=\"async\" src=\"https:\/\/www.turismoitinerante.com\/site\/wp-content\/uploads\/2021\/07\/roma-eventi.jpg\" alt=\"\" class=\"wp-image-50103\" width=\"764\" height=\"764\" srcset=\"https:\/\/www.turismoitinerante.com\/site\/wp-content\/uploads\/2021\/07\/roma-eventi.jpg 591w, https:\/\/www.turismoitinerante.com\/site\/wp-content\/uploads\/2021\/07\/roma-eventi-300x300.jpg 300w, https:\/\/www.turismoitinerante.com\/site\/wp-content\/uploads\/2021\/07\/roma-eventi-150x150.jpg 150w, https:\/\/www.turismoitinerante.com\/site\/wp-content\/uploads\/2021\/07\/roma-eventi-75x75.jpg 75w, https:\/\/www.turismoitinerante.com\/site\/wp-content\/uploads\/2021\/07\/roma-eventi-350x350.jpg 350w\" sizes=\"(max-width: 764px) 100vw, 764px\" \/><\/a><\/figure><\/div>\n\n\n\n<p><\/p>\n\n\n\n<p><\/p>\n\n\n\n<p>Per parcheggi, campeggi e aree di sosta nei pressi delle localit\u00e0 che ospitano questi eventi, vi consigliamo di cliccare qua: <strong><a href=\"https:\/\/www.turismoitinerante.com\/site\/aree-sosta-camper-italia\/\" target=\"_blank\" rel=\"noreferrer noopener\">Aree di sosta<\/a><\/strong>.<\/p>\n\n\n\n<p>Vi ricordiamo inoltre che nelle vicinanze di tutte queste zone potrete usufruire degli <a href=\"https:\/\/www.turismoitinerante.com\/site\/elenco-convenzioni-tessera-turit\/\" target=\"_blank\" rel=\"noreferrer noopener\"><strong>sconti esclusivi<\/strong><\/a> riservati da molti esercizi turistici ai possessori della nostra <strong><a href=\"https:\/\/www.turismoitinerante.com\/site\/tessera-turit-gli-amici-di-turismo-itinerante\/\" target=\"_blank\" rel=\"noreferrer noopener\">Tessera Turit<\/a><\/strong>.<\/p>\n\n\n\n<p><strong>Buon weekend!!!<\/strong><\/p>\n<div class=\"7863122cad8776726ec303240ed69aa5\" data-index=\"4\" style=\"float: none; margin:10px 0 10px 0; text-align:center;\">\n<script async src=\"\/\/pagead2.googlesyndication.com\/pagead\/js\/adsbygoogle.js\"><\/script>\r\n<!-- 728x90, creato 23\/02\/11 -->\r\n<ins class=\"adsbygoogle\"\r\n     style=\"display:inline-block;width:728px;height:90px\"\r\n     data-ad-client=\"ca-pub-5798583071070083\"\r\n     data-ad-slot=\"5935394872\"><\/ins>\r\n<script>\r\n(adsbygoogle = window.adsbygoogle || []).push({});\r\n<\/script>\n<\/div>\n\n<div style=\"font-size: 0px; height: 0px; line-height: 0px; margin: 0; padding: 0; clear: both;\"><\/div>","protected":false},"excerpt":{"rendered":"<p>Abbiamo selezionato per voi i migliori eventi in giro per l\u2019Italia nel weekend 16-17-18 luglio! Turismo Itinerante vi invita a contattare direttamente gli organizzatori degli eventi, per prenotare comodamente il vostro posto continuando a restare vigili sulla situazione sanitaria. &#8211; Domenica 18 a Roccaverano (AT) la Festa della Robiola Rinascita, rigenerazione, rinnovamento di una festa [&hellip;]<\/p>\n","protected":false},"author":1,"featured_media":50095,"comment_status":"closed","ping_status":"open","sticky":false,"template":"","format":"standard","meta":{"ngg_post_thumbnail":0,"jnews-multi-image_gallery":[],"jnews_single_post":{"subtitle":"","format":"standard","video":"","gallery":"","source_name":"","source_url":"","via_name":"","via_url":"","override":[{"template":"1","single_blog_custom":"","parallax":"1","fullscreen":"1","layout":"right-sidebar","sidebar":"default-sidebar","second_sidebar":"default-sidebar","sticky_sidebar":"1","share_position":"top","share_float_style":"share-monocrhome","show_share_counter":"1","show_view_counter":"1","show_featured":"1","show_post_meta":"1","show_post_author":"1","show_post_author_image":"1","show_post_date":"1","post_date_format":"default","post_date_format_custom":"Y\/m\/d","show_post_category":"1","post_reading_time_wpm":"300","zoom_button_out_step":"2","zoom_button_in_step":"3","show_post_tag":"1","show_prev_next_post":"1","show_popup_post":"1","number_popup_post":"1"}],"image_override":[{"single_post_thumbnail_size":"crop-500","single_post_gallery_size":"crop-500"}],"trending_post_position":"meta","trending_post_label":"Trending","sponsored_post_label":"Sponsored by","sponsored_post_name":"","sponsored_post_url":"","sponsored_post_logo":"","sponsored_post_desc":""},"jnews_primary_category":{"id":""},"jnews_override_counter":[],"footnotes":""},"categories":[24,621],"tags":[112,121],"class_list":["post-50093","post","type-post","status-publish","format-standard","has-post-thumbnail","hentry","category-news","category-info-turismo","tag-eventi","tag-italia"],"yoast_head":"<!-- This site is optimized with the Yoast SEO plugin v27.4 - https:\/\/yoast.com\/product\/yoast-seo-wordpress\/ -->\n<title>I migliori eventi da non perdere nel fine settimana 16-17-18 luglio<\/title>\n<meta name=\"description\" content=\"Abbiamo selezionato per voi i migliori eventi in giro per l\u2019Italia nel weekend 16-17-18 luglio!\" \/>\n<meta name=\"robots\" content=\"index, follow, max-snippet:-1, max-image-preview:large, max-video-preview:-1\" \/>\n<link rel=\"canonical\" href=\"https:\/\/www.turismoitinerante.com\/site\/i-migliori-eventi-da-non-perdere-nel-fine-settimana-16-17-18-luglio\/\" \/>\n<meta property=\"og:locale\" content=\"it_IT\" \/>\n<meta property=\"og:type\" content=\"article\" \/>\n<meta property=\"og:title\" content=\"I migliori eventi da non perdere nel fine settimana 16-17-18 luglio\" \/>\n<meta property=\"og:description\" content=\"Abbiamo selezionato per voi i migliori eventi in giro per l\u2019Italia nel weekend 16-17-18 luglio!\" \/>\n<meta property=\"og:url\" content=\"https:\/\/www.turismoitinerante.com\/site\/i-migliori-eventi-da-non-perdere-nel-fine-settimana-16-17-18-luglio\/\" \/>\n<meta property=\"og:site_name\" content=\"TI - Turismo Itinerante\" \/>\n<meta property=\"article:published_time\" content=\"2021-07-09T09:10:23+00:00\" \/>\n<meta property=\"article:modified_time\" content=\"2021-07-09T09:10:26+00:00\" \/>\n<meta property=\"og:image\" content=\"https:\/\/www.turismoitinerante.com\/site\/wp-content\/uploads\/2021\/07\/copertina-eventi-1-scaled.jpg\" \/>\n\t<meta property=\"og:image:width\" content=\"2560\" \/>\n\t<meta property=\"og:image:height\" content=\"1536\" \/>\n\t<meta property=\"og:image:type\" content=\"image\/jpeg\" \/>\n<meta name=\"author\" content=\"admin\" \/>\n<meta name=\"twitter:card\" content=\"summary_large_image\" \/>\n<meta name=\"twitter:label1\" content=\"Scritto da\" \/>\n\t<meta name=\"twitter:data1\" content=\"admin\" \/>\n\t<meta name=\"twitter:label2\" content=\"Tempo di lettura stimato\" \/>\n\t<meta name=\"twitter:data2\" content=\"15 minuti\" \/>\n<script type=\"application\/ld+json\" class=\"yoast-schema-graph\">{\"@context\":\"https:\\\/\\\/schema.org\",\"@graph\":[{\"@type\":\"Article\",\"@id\":\"https:\\\/\\\/www.turismoitinerante.com\\\/site\\\/i-migliori-eventi-da-non-perdere-nel-fine-settimana-16-17-18-luglio\\\/#article\",\"isPartOf\":{\"@id\":\"https:\\\/\\\/www.turismoitinerante.com\\\/site\\\/i-migliori-eventi-da-non-perdere-nel-fine-settimana-16-17-18-luglio\\\/\"},\"author\":{\"name\":\"admin\",\"@id\":\"https:\\\/\\\/www.turismoitinerante.com\\\/site\\\/#\\\/schema\\\/person\\\/1e1238d2d1617438f3682e54bf4d6c05\"},\"headline\":\"I migliori eventi da non perdere nel fine settimana 16-17-18 luglio\",\"datePublished\":\"2021-07-09T09:10:23+00:00\",\"dateModified\":\"2021-07-09T09:10:26+00:00\",\"mainEntityOfPage\":{\"@id\":\"https:\\\/\\\/www.turismoitinerante.com\\\/site\\\/i-migliori-eventi-da-non-perdere-nel-fine-settimana-16-17-18-luglio\\\/\"},\"wordCount\":2883,\"image\":{\"@id\":\"https:\\\/\\\/www.turismoitinerante.com\\\/site\\\/i-migliori-eventi-da-non-perdere-nel-fine-settimana-16-17-18-luglio\\\/#primaryimage\"},\"thumbnailUrl\":\"https:\\\/\\\/www.turismoitinerante.com\\\/site\\\/wp-content\\\/uploads\\\/2021\\\/07\\\/copertina-eventi-1-scaled.jpg\",\"keywords\":[\"eventi\",\"Italia\"],\"articleSection\":[\"News\",\"Turismo\"],\"inLanguage\":\"it-IT\"},{\"@type\":\"WebPage\",\"@id\":\"https:\\\/\\\/www.turismoitinerante.com\\\/site\\\/i-migliori-eventi-da-non-perdere-nel-fine-settimana-16-17-18-luglio\\\/\",\"url\":\"https:\\\/\\\/www.turismoitinerante.com\\\/site\\\/i-migliori-eventi-da-non-perdere-nel-fine-settimana-16-17-18-luglio\\\/\",\"name\":\"I migliori eventi da non perdere nel fine settimana 16-17-18 luglio\",\"isPartOf\":{\"@id\":\"https:\\\/\\\/www.turismoitinerante.com\\\/site\\\/#website\"},\"primaryImageOfPage\":{\"@id\":\"https:\\\/\\\/www.turismoitinerante.com\\\/site\\\/i-migliori-eventi-da-non-perdere-nel-fine-settimana-16-17-18-luglio\\\/#primaryimage\"},\"image\":{\"@id\":\"https:\\\/\\\/www.turismoitinerante.com\\\/site\\\/i-migliori-eventi-da-non-perdere-nel-fine-settimana-16-17-18-luglio\\\/#primaryimage\"},\"thumbnailUrl\":\"https:\\\/\\\/www.turismoitinerante.com\\\/site\\\/wp-content\\\/uploads\\\/2021\\\/07\\\/copertina-eventi-1-scaled.jpg\",\"datePublished\":\"2021-07-09T09:10:23+00:00\",\"dateModified\":\"2021-07-09T09:10:26+00:00\",\"author\":{\"@id\":\"https:\\\/\\\/www.turismoitinerante.com\\\/site\\\/#\\\/schema\\\/person\\\/1e1238d2d1617438f3682e54bf4d6c05\"},\"description\":\"Abbiamo selezionato per voi i migliori eventi in giro per l\u2019Italia nel weekend 16-17-18 luglio!\",\"breadcrumb\":{\"@id\":\"https:\\\/\\\/www.turismoitinerante.com\\\/site\\\/i-migliori-eventi-da-non-perdere-nel-fine-settimana-16-17-18-luglio\\\/#breadcrumb\"},\"inLanguage\":\"it-IT\",\"potentialAction\":[{\"@type\":\"ReadAction\",\"target\":[\"https:\\\/\\\/www.turismoitinerante.com\\\/site\\\/i-migliori-eventi-da-non-perdere-nel-fine-settimana-16-17-18-luglio\\\/\"]}]},{\"@type\":\"ImageObject\",\"inLanguage\":\"it-IT\",\"@id\":\"https:\\\/\\\/www.turismoitinerante.com\\\/site\\\/i-migliori-eventi-da-non-perdere-nel-fine-settimana-16-17-18-luglio\\\/#primaryimage\",\"url\":\"https:\\\/\\\/www.turismoitinerante.com\\\/site\\\/wp-content\\\/uploads\\\/2021\\\/07\\\/copertina-eventi-1-scaled.jpg\",\"contentUrl\":\"https:\\\/\\\/www.turismoitinerante.com\\\/site\\\/wp-content\\\/uploads\\\/2021\\\/07\\\/copertina-eventi-1-scaled.jpg\",\"width\":2560,\"height\":1536},{\"@type\":\"BreadcrumbList\",\"@id\":\"https:\\\/\\\/www.turismoitinerante.com\\\/site\\\/i-migliori-eventi-da-non-perdere-nel-fine-settimana-16-17-18-luglio\\\/#breadcrumb\",\"itemListElement\":[{\"@type\":\"ListItem\",\"position\":1,\"name\":\"Home\",\"item\":\"https:\\\/\\\/www.turismoitinerante.com\\\/site\\\/\"},{\"@type\":\"ListItem\",\"position\":2,\"name\":\"I migliori eventi da non perdere nel fine settimana 16-17-18 luglio\"}]},{\"@type\":\"WebSite\",\"@id\":\"https:\\\/\\\/www.turismoitinerante.com\\\/site\\\/#website\",\"url\":\"https:\\\/\\\/www.turismoitinerante.com\\\/site\\\/\",\"name\":\"TI - Turismo Itinerante\",\"description\":\"Ritrovarsi su internet per informarsi, per informare. Il portale del turismo itinerante. Una infinit\u00e0 di notizie su camper, itinerari, aree sosta camper, concessionari, campeggi, agriturismo, raduni, sagre, fiere, mostre, associazioni, club, forum, bacheca annunci\",\"potentialAction\":[{\"@type\":\"SearchAction\",\"target\":{\"@type\":\"EntryPoint\",\"urlTemplate\":\"https:\\\/\\\/www.turismoitinerante.com\\\/site\\\/?s={search_term_string}\"},\"query-input\":{\"@type\":\"PropertyValueSpecification\",\"valueRequired\":true,\"valueName\":\"search_term_string\"}}],\"inLanguage\":\"it-IT\"},{\"@type\":\"Person\",\"@id\":\"https:\\\/\\\/www.turismoitinerante.com\\\/site\\\/#\\\/schema\\\/person\\\/1e1238d2d1617438f3682e54bf4d6c05\",\"name\":\"admin\",\"image\":{\"@type\":\"ImageObject\",\"inLanguage\":\"it-IT\",\"@id\":\"https:\\\/\\\/secure.gravatar.com\\\/avatar\\\/9102d8c23b35e2809b07ebc42ce126daa3d6a47cce9878a22d14d9852ade629e?s=96&d=mm&r=g\",\"url\":\"https:\\\/\\\/secure.gravatar.com\\\/avatar\\\/9102d8c23b35e2809b07ebc42ce126daa3d6a47cce9878a22d14d9852ade629e?s=96&d=mm&r=g\",\"contentUrl\":\"https:\\\/\\\/secure.gravatar.com\\\/avatar\\\/9102d8c23b35e2809b07ebc42ce126daa3d6a47cce9878a22d14d9852ade629e?s=96&d=mm&r=g\",\"caption\":\"admin\"},\"url\":\"https:\\\/\\\/www.turismoitinerante.com\\\/site\\\/author\\\/admin\\\/\"}]}<\/script>\n<!-- \/ Yoast SEO plugin. -->","yoast_head_json":{"title":"I migliori eventi da non perdere nel fine settimana 16-17-18 luglio","description":"Abbiamo selezionato per voi i migliori eventi in giro per l\u2019Italia nel weekend 16-17-18 luglio!","robots":{"index":"index","follow":"follow","max-snippet":"max-snippet:-1","max-image-preview":"max-image-preview:large","max-video-preview":"max-video-preview:-1"},"canonical":"https:\/\/www.turismoitinerante.com\/site\/i-migliori-eventi-da-non-perdere-nel-fine-settimana-16-17-18-luglio\/","og_locale":"it_IT","og_type":"article","og_title":"I migliori eventi da non perdere nel fine settimana 16-17-18 luglio","og_description":"Abbiamo selezionato per voi i migliori eventi in giro per l\u2019Italia nel weekend 16-17-18 luglio!","og_url":"https:\/\/www.turismoitinerante.com\/site\/i-migliori-eventi-da-non-perdere-nel-fine-settimana-16-17-18-luglio\/","og_site_name":"TI - Turismo Itinerante","article_published_time":"2021-07-09T09:10:23+00:00","article_modified_time":"2021-07-09T09:10:26+00:00","og_image":[{"width":2560,"height":1536,"url":"https:\/\/www.turismoitinerante.com\/site\/wp-content\/uploads\/2021\/07\/copertina-eventi-1-scaled.jpg","type":"image\/jpeg"}],"author":"admin","twitter_card":"summary_large_image","twitter_misc":{"Scritto da":"admin","Tempo di lettura stimato":"15 minuti"},"schema":{"@context":"https:\/\/schema.org","@graph":[{"@type":"Article","@id":"https:\/\/www.turismoitinerante.com\/site\/i-migliori-eventi-da-non-perdere-nel-fine-settimana-16-17-18-luglio\/#article","isPartOf":{"@id":"https:\/\/www.turismoitinerante.com\/site\/i-migliori-eventi-da-non-perdere-nel-fine-settimana-16-17-18-luglio\/"},"author":{"name":"admin","@id":"https:\/\/www.turismoitinerante.com\/site\/#\/schema\/person\/1e1238d2d1617438f3682e54bf4d6c05"},"headline":"I migliori eventi da non perdere nel fine settimana 16-17-18 luglio","datePublished":"2021-07-09T09:10:23+00:00","dateModified":"2021-07-09T09:10:26+00:00","mainEntityOfPage":{"@id":"https:\/\/www.turismoitinerante.com\/site\/i-migliori-eventi-da-non-perdere-nel-fine-settimana-16-17-18-luglio\/"},"wordCount":2883,"image":{"@id":"https:\/\/www.turismoitinerante.com\/site\/i-migliori-eventi-da-non-perdere-nel-fine-settimana-16-17-18-luglio\/#primaryimage"},"thumbnailUrl":"https:\/\/www.turismoitinerante.com\/site\/wp-content\/uploads\/2021\/07\/copertina-eventi-1-scaled.jpg","keywords":["eventi","Italia"],"articleSection":["News","Turismo"],"inLanguage":"it-IT"},{"@type":"WebPage","@id":"https:\/\/www.turismoitinerante.com\/site\/i-migliori-eventi-da-non-perdere-nel-fine-settimana-16-17-18-luglio\/","url":"https:\/\/www.turismoitinerante.com\/site\/i-migliori-eventi-da-non-perdere-nel-fine-settimana-16-17-18-luglio\/","name":"I migliori eventi da non perdere nel fine settimana 16-17-18 luglio","isPartOf":{"@id":"https:\/\/www.turismoitinerante.com\/site\/#website"},"primaryImageOfPage":{"@id":"https:\/\/www.turismoitinerante.com\/site\/i-migliori-eventi-da-non-perdere-nel-fine-settimana-16-17-18-luglio\/#primaryimage"},"image":{"@id":"https:\/\/www.turismoitinerante.com\/site\/i-migliori-eventi-da-non-perdere-nel-fine-settimana-16-17-18-luglio\/#primaryimage"},"thumbnailUrl":"https:\/\/www.turismoitinerante.com\/site\/wp-content\/uploads\/2021\/07\/copertina-eventi-1-scaled.jpg","datePublished":"2021-07-09T09:10:23+00:00","dateModified":"2021-07-09T09:10:26+00:00","author":{"@id":"https:\/\/www.turismoitinerante.com\/site\/#\/schema\/person\/1e1238d2d1617438f3682e54bf4d6c05"},"description":"Abbiamo selezionato per voi i migliori eventi in giro per l\u2019Italia nel weekend 16-17-18 luglio!","breadcrumb":{"@id":"https:\/\/www.turismoitinerante.com\/site\/i-migliori-eventi-da-non-perdere-nel-fine-settimana-16-17-18-luglio\/#breadcrumb"},"inLanguage":"it-IT","potentialAction":[{"@type":"ReadAction","target":["https:\/\/www.turismoitinerante.com\/site\/i-migliori-eventi-da-non-perdere-nel-fine-settimana-16-17-18-luglio\/"]}]},{"@type":"ImageObject","inLanguage":"it-IT","@id":"https:\/\/www.turismoitinerante.com\/site\/i-migliori-eventi-da-non-perdere-nel-fine-settimana-16-17-18-luglio\/#primaryimage","url":"https:\/\/www.turismoitinerante.com\/site\/wp-content\/uploads\/2021\/07\/copertina-eventi-1-scaled.jpg","contentUrl":"https:\/\/www.turismoitinerante.com\/site\/wp-content\/uploads\/2021\/07\/copertina-eventi-1-scaled.jpg","width":2560,"height":1536},{"@type":"BreadcrumbList","@id":"https:\/\/www.turismoitinerante.com\/site\/i-migliori-eventi-da-non-perdere-nel-fine-settimana-16-17-18-luglio\/#breadcrumb","itemListElement":[{"@type":"ListItem","position":1,"name":"Home","item":"https:\/\/www.turismoitinerante.com\/site\/"},{"@type":"ListItem","position":2,"name":"I migliori eventi da non perdere nel fine settimana 16-17-18 luglio"}]},{"@type":"WebSite","@id":"https:\/\/www.turismoitinerante.com\/site\/#website","url":"https:\/\/www.turismoitinerante.com\/site\/","name":"TI - Turismo Itinerante","description":"Ritrovarsi su internet per informarsi, per informare. Il portale del turismo itinerante. Una infinit\u00e0 di notizie su camper, itinerari, aree sosta camper, concessionari, campeggi, agriturismo, raduni, sagre, fiere, mostre, associazioni, club, forum, bacheca annunci","potentialAction":[{"@type":"SearchAction","target":{"@type":"EntryPoint","urlTemplate":"https:\/\/www.turismoitinerante.com\/site\/?s={search_term_string}"},"query-input":{"@type":"PropertyValueSpecification","valueRequired":true,"valueName":"search_term_string"}}],"inLanguage":"it-IT"},{"@type":"Person","@id":"https:\/\/www.turismoitinerante.com\/site\/#\/schema\/person\/1e1238d2d1617438f3682e54bf4d6c05","name":"admin","image":{"@type":"ImageObject","inLanguage":"it-IT","@id":"https:\/\/secure.gravatar.com\/avatar\/9102d8c23b35e2809b07ebc42ce126daa3d6a47cce9878a22d14d9852ade629e?s=96&d=mm&r=g","url":"https:\/\/secure.gravatar.com\/avatar\/9102d8c23b35e2809b07ebc42ce126daa3d6a47cce9878a22d14d9852ade629e?s=96&d=mm&r=g","contentUrl":"https:\/\/secure.gravatar.com\/avatar\/9102d8c23b35e2809b07ebc42ce126daa3d6a47cce9878a22d14d9852ade629e?s=96&d=mm&r=g","caption":"admin"},"url":"https:\/\/www.turismoitinerante.com\/site\/author\/admin\/"}]}},"_links":{"self":[{"href":"https:\/\/www.turismoitinerante.com\/site\/wp-json\/wp\/v2\/posts\/50093","targetHints":{"allow":["GET"]}}],"collection":[{"href":"https:\/\/www.turismoitinerante.com\/site\/wp-json\/wp\/v2\/posts"}],"about":[{"href":"https:\/\/www.turismoitinerante.com\/site\/wp-json\/wp\/v2\/types\/post"}],"author":[{"embeddable":true,"href":"https:\/\/www.turismoitinerante.com\/site\/wp-json\/wp\/v2\/users\/1"}],"replies":[{"embeddable":true,"href":"https:\/\/www.turismoitinerante.com\/site\/wp-json\/wp\/v2\/comments?post=50093"}],"version-history":[{"count":2,"href":"https:\/\/www.turismoitinerante.com\/site\/wp-json\/wp\/v2\/posts\/50093\/revisions"}],"predecessor-version":[{"id":50104,"href":"https:\/\/www.turismoitinerante.com\/site\/wp-json\/wp\/v2\/posts\/50093\/revisions\/50104"}],"wp:featuredmedia":[{"embeddable":true,"href":"https:\/\/www.turismoitinerante.com\/site\/wp-json\/wp\/v2\/media\/50095"}],"wp:attachment":[{"href":"https:\/\/www.turismoitinerante.com\/site\/wp-json\/wp\/v2\/media?parent=50093"}],"wp:term":[{"taxonomy":"category","embeddable":true,"href":"https:\/\/www.turismoitinerante.com\/site\/wp-json\/wp\/v2\/categories?post=50093"},{"taxonomy":"post_tag","embeddable":true,"href":"https:\/\/www.turismoitinerante.com\/site\/wp-json\/wp\/v2\/tags?post=50093"}],"curies":[{"name":"wp","href":"https:\/\/api.w.org\/{rel}","templated":true}]}}