{"id":49958,"date":"2021-06-29T10:56:51","date_gmt":"2021-06-29T09:56:51","guid":{"rendered":"https:\/\/www.turismoitinerante.com\/site\/?p=49958"},"modified":"2021-06-29T10:56:51","modified_gmt":"2021-06-29T09:56:51","slug":"su-isoradio-parte-camperisti-tana-libera-tutti","status":"publish","type":"post","link":"https:\/\/www.turismoitinerante.com\/site\/su-isoradio-parte-camperisti-tana-libera-tutti\/","title":{"rendered":"Su Isoradio parte \u201cCamperisti: tana libera tutti!\u201d"},"content":{"rendered":"<p>Sabato 1 maggio 2021 \u00e8 partita una rubrica radiofonica settimanale dedicata al mondo del camper, sul canale radio della RAI dedicato alla mobilit\u00e0: RAI ISORADIO.<\/p>\n<p>Questa rubrica, dal titolo \u201cCamperisti: tana libera tutti!\u201d trasmetter\u00e0 interviste con camperisti e con gli addetti ai lavori del settore del turismo itinerante, con l\u2019obiettivo di aprire una&nbsp;finestra sul mondo del caravaning, fornendo informazioni e testimonianze di prima mano al grande pubblico dei radioascoltatori di ISORADIO, sempre orientati al gusto ed alle tematiche della mobilit\u00e0.<\/p>\n<p>L\u2019Associazione Produttori Caravan e Camper (APC), che ha contribuito a promuovere questa rubrica radiofonica, \u00e8 particolarmente soddisfatta per la nascita di questo nuovo programma e desidera&nbsp;ringraziare la RAI ed i giornalisti&nbsp;che curano i contenuti della rubrica&nbsp; con grande professionalit\u00e0 ed accuratezza.<\/p>\n<p>La prima puntata di inaugurazione (sabato 1 maggio 2021, alle ore 09.35) \u00e8 partita con un\u2019intervista al Presidente dell\u2019Associazione Produttori Caravan e Camper,&nbsp;Simone Niccolai, che ha fornito i dati sulle dimensioni del fenomeno camper in Italia. Nella stessa puntata, anche un\u2019intervista ad un camperista, la prima di una lunga serie.<\/p>\n<p>La rubrica settimanale \u201c<a href=\"https:\/\/www.raiplayradio.it\/programmi\/camperisti\" data-saferedirecturl=\"https:\/\/www.google.com\/url?q=https:\/\/www.raiplayradio.it\/programmi\/camperisti&amp;source=gmail&amp;ust=1625044918908000&amp;usg=AFQjCNH_bGdX1CoQpIZk9NU5VmIaZkMD3w\">Camperisti: tana libera tutti!<\/a>\u201d andr\u00e0 in onda&nbsp;su ISORADIO tutti i sabati, intorno alle ore 09.30 con una replica trasmessa tutte le domeniche fra le 19.00 e le 19.30, quando generalmente si \u00e8 in viaggio di ritorno dal fine settimana. \u00c8 previsto che il programma vada in onda tutte le settimane, il sabato e la domenica, per almeno tre mesi.<\/p>\n<p>Questa rubrica radiofonica si propone cos\u00ec di mettere il tema del camper e del turismo itinerante al centro dell\u2018attenzione del grande pubblico, anche di chi non ha ancora mai pensato alle potenzialit\u00e0 ed ai vantaggi che il camper pu\u00f2 offrire. La RAI d\u00e0 cos\u00ec voce ad un fenomeno socio\/culturale,&nbsp;il turismo itinerante&nbsp;appunto, che&nbsp;si sta ormai affermando come megatrend, con i suoi valori pi\u00f9 genuini: la vicinanza alla natura, la voglia di libert\u00e0, la sicurezza di viaggiare con i propri cari, la possibilit\u00e0 di portarsi dietro l\u2019amico a quattro zampe.<\/p>\n<div class=\"7863122cad8776726ec303240ed69aa5\" data-index=\"4\" style=\"float: none; margin:10px 0 10px 0; text-align:center;\">\n<script async src=\"\/\/pagead2.googlesyndication.com\/pagead\/js\/adsbygoogle.js\"><\/script>\r\n<!-- 728x90, creato 23\/02\/11 -->\r\n<ins class=\"adsbygoogle\"\r\n     style=\"display:inline-block;width:728px;height:90px\"\r\n     data-ad-client=\"ca-pub-5798583071070083\"\r\n     data-ad-slot=\"5935394872\"><\/ins>\r\n<script>\r\n(adsbygoogle = window.adsbygoogle || []).push({});\r\n<\/script>\n<\/div>\n\n<div style=\"font-size: 0px; height: 0px; line-height: 0px; margin: 0; padding: 0; clear: both;\"><\/div>","protected":false},"excerpt":{"rendered":"<p>Sabato 1 maggio 2021 \u00e8 partita una rubrica radiofonica settimanale dedicata al mondo del camper, sul canale radio della RAI dedicato alla mobilit\u00e0: RAI ISORADIO. Questa rubrica, dal titolo \u201cCamperisti: tana libera tutti!\u201d trasmetter\u00e0 interviste con camperisti e con gli addetti ai lavori del settore del turismo itinerante, con l\u2019obiettivo di aprire una&nbsp;finestra sul mondo [&hellip;]<\/p>\n","protected":false},"author":1,"featured_media":49959,"comment_status":"closed","ping_status":"open","sticky":false,"template":"","format":"standard","meta":{"ngg_post_thumbnail":0,"jnews-multi-image_gallery":[],"jnews_single_post":{"override_template":"0","override":[{"template":"1","parallax":"1","fullscreen":"0","layout":"right-sidebar","sidebar":"default-sidebar","sticky_sidebar":"1","share_position":"top","share_float_style":"share-monocrhome","show_share_counter":"1","show_view_counter":"1","show_featured":"1","show_post_meta":"1","show_post_author":"1","show_post_author_image":"1","show_post_date":"1","show_post_category":"1","show_post_tag":"1","show_prev_next_post":"1","show_popup_post":"1","number_popup_post":"1","show_author_box":"0","show_post_related":"1"}],"override_image_size":"0","image_override":[{"single_post_thumbnail_size":"crop-500","single_post_gallery_size":"crop-500"}]},"jnews_primary_category":{"id":""},"jnews_override_counter":[],"footnotes":""},"categories":[621],"tags":[],"class_list":["post-49958","post","type-post","status-publish","format-standard","has-post-thumbnail","hentry","category-info-turismo"],"yoast_head":"<!-- This site is optimized with the Yoast SEO plugin v27.4 - https:\/\/yoast.com\/product\/yoast-seo-wordpress\/ -->\n<title>Su Isoradio parte \u201cCamperisti: tana libera tutti!\u201d<\/title>\n<meta name=\"description\" content=\"\u201cCamperisti: tana libera tutti!\u201d trasmetter\u00e0 interviste con camperisti e addetti ai lavori con l\u2019obiettivo di aprire una\u00a0finestra sul mondo del caravaning\" \/>\n<meta name=\"robots\" content=\"index, follow, max-snippet:-1, max-image-preview:large, max-video-preview:-1\" \/>\n<link rel=\"canonical\" href=\"https:\/\/www.turismoitinerante.com\/site\/su-isoradio-parte-camperisti-tana-libera-tutti\/\" \/>\n<meta property=\"og:locale\" content=\"it_IT\" \/>\n<meta property=\"og:type\" content=\"article\" \/>\n<meta property=\"og:title\" content=\"Su Isoradio parte \u201cCamperisti: tana libera tutti!\u201d\" \/>\n<meta property=\"og:description\" content=\"\u201cCamperisti: tana libera tutti!\u201d trasmetter\u00e0 interviste con camperisti e addetti ai lavori con l\u2019obiettivo di aprire una\u00a0finestra sul mondo del caravaning\" \/>\n<meta property=\"og:url\" content=\"https:\/\/www.turismoitinerante.com\/site\/su-isoradio-parte-camperisti-tana-libera-tutti\/\" \/>\n<meta property=\"og:site_name\" content=\"TI - Turismo Itinerante\" \/>\n<meta property=\"article:published_time\" content=\"2021-06-29T09:56:51+00:00\" \/>\n<meta property=\"og:image\" content=\"https:\/\/www.turismoitinerante.com\/site\/wp-content\/uploads\/2021\/06\/Foto-di-Pexels-da-Pixabay.jpg\" \/>\n\t<meta property=\"og:image:width\" content=\"1920\" \/>\n\t<meta property=\"og:image:height\" content=\"1280\" \/>\n\t<meta property=\"og:image:type\" content=\"image\/jpeg\" \/>\n<meta name=\"author\" content=\"admin\" \/>\n<meta name=\"twitter:card\" content=\"summary_large_image\" \/>\n<meta name=\"twitter:label1\" content=\"Scritto da\" \/>\n\t<meta name=\"twitter:data1\" content=\"admin\" \/>\n\t<meta name=\"twitter:label2\" content=\"Tempo di lettura stimato\" \/>\n\t<meta name=\"twitter:data2\" content=\"2 minuti\" \/>\n<script type=\"application\/ld+json\" class=\"yoast-schema-graph\">{\"@context\":\"https:\\\/\\\/schema.org\",\"@graph\":[{\"@type\":\"Article\",\"@id\":\"https:\\\/\\\/www.turismoitinerante.com\\\/site\\\/su-isoradio-parte-camperisti-tana-libera-tutti\\\/#article\",\"isPartOf\":{\"@id\":\"https:\\\/\\\/www.turismoitinerante.com\\\/site\\\/su-isoradio-parte-camperisti-tana-libera-tutti\\\/\"},\"author\":{\"name\":\"admin\",\"@id\":\"https:\\\/\\\/www.turismoitinerante.com\\\/site\\\/#\\\/schema\\\/person\\\/1e1238d2d1617438f3682e54bf4d6c05\"},\"headline\":\"Su Isoradio parte \u201cCamperisti: tana libera tutti!\u201d\",\"datePublished\":\"2021-06-29T09:56:51+00:00\",\"mainEntityOfPage\":{\"@id\":\"https:\\\/\\\/www.turismoitinerante.com\\\/site\\\/su-isoradio-parte-camperisti-tana-libera-tutti\\\/\"},\"wordCount\":340,\"image\":{\"@id\":\"https:\\\/\\\/www.turismoitinerante.com\\\/site\\\/su-isoradio-parte-camperisti-tana-libera-tutti\\\/#primaryimage\"},\"thumbnailUrl\":\"https:\\\/\\\/www.turismoitinerante.com\\\/site\\\/wp-content\\\/uploads\\\/2021\\\/06\\\/Foto-di-Pexels-da-Pixabay.jpg\",\"articleSection\":[\"Turismo\"],\"inLanguage\":\"it-IT\"},{\"@type\":\"WebPage\",\"@id\":\"https:\\\/\\\/www.turismoitinerante.com\\\/site\\\/su-isoradio-parte-camperisti-tana-libera-tutti\\\/\",\"url\":\"https:\\\/\\\/www.turismoitinerante.com\\\/site\\\/su-isoradio-parte-camperisti-tana-libera-tutti\\\/\",\"name\":\"Su Isoradio parte \u201cCamperisti: tana libera tutti!\u201d\",\"isPartOf\":{\"@id\":\"https:\\\/\\\/www.turismoitinerante.com\\\/site\\\/#website\"},\"primaryImageOfPage\":{\"@id\":\"https:\\\/\\\/www.turismoitinerante.com\\\/site\\\/su-isoradio-parte-camperisti-tana-libera-tutti\\\/#primaryimage\"},\"image\":{\"@id\":\"https:\\\/\\\/www.turismoitinerante.com\\\/site\\\/su-isoradio-parte-camperisti-tana-libera-tutti\\\/#primaryimage\"},\"thumbnailUrl\":\"https:\\\/\\\/www.turismoitinerante.com\\\/site\\\/wp-content\\\/uploads\\\/2021\\\/06\\\/Foto-di-Pexels-da-Pixabay.jpg\",\"datePublished\":\"2021-06-29T09:56:51+00:00\",\"author\":{\"@id\":\"https:\\\/\\\/www.turismoitinerante.com\\\/site\\\/#\\\/schema\\\/person\\\/1e1238d2d1617438f3682e54bf4d6c05\"},\"description\":\"\u201cCamperisti: tana libera tutti!\u201d trasmetter\u00e0 interviste con camperisti e addetti ai lavori con l\u2019obiettivo di aprire una\u00a0finestra sul mondo del caravaning\",\"breadcrumb\":{\"@id\":\"https:\\\/\\\/www.turismoitinerante.com\\\/site\\\/su-isoradio-parte-camperisti-tana-libera-tutti\\\/#breadcrumb\"},\"inLanguage\":\"it-IT\",\"potentialAction\":[{\"@type\":\"ReadAction\",\"target\":[\"https:\\\/\\\/www.turismoitinerante.com\\\/site\\\/su-isoradio-parte-camperisti-tana-libera-tutti\\\/\"]}]},{\"@type\":\"ImageObject\",\"inLanguage\":\"it-IT\",\"@id\":\"https:\\\/\\\/www.turismoitinerante.com\\\/site\\\/su-isoradio-parte-camperisti-tana-libera-tutti\\\/#primaryimage\",\"url\":\"https:\\\/\\\/www.turismoitinerante.com\\\/site\\\/wp-content\\\/uploads\\\/2021\\\/06\\\/Foto-di-Pexels-da-Pixabay.jpg\",\"contentUrl\":\"https:\\\/\\\/www.turismoitinerante.com\\\/site\\\/wp-content\\\/uploads\\\/2021\\\/06\\\/Foto-di-Pexels-da-Pixabay.jpg\",\"width\":1920,\"height\":1280,\"caption\":\"Foto di Pexels da Pixabay\"},{\"@type\":\"BreadcrumbList\",\"@id\":\"https:\\\/\\\/www.turismoitinerante.com\\\/site\\\/su-isoradio-parte-camperisti-tana-libera-tutti\\\/#breadcrumb\",\"itemListElement\":[{\"@type\":\"ListItem\",\"position\":1,\"name\":\"Home\",\"item\":\"https:\\\/\\\/www.turismoitinerante.com\\\/site\\\/\"},{\"@type\":\"ListItem\",\"position\":2,\"name\":\"Su Isoradio parte \u201cCamperisti: tana libera tutti!\u201d\"}]},{\"@type\":\"WebSite\",\"@id\":\"https:\\\/\\\/www.turismoitinerante.com\\\/site\\\/#website\",\"url\":\"https:\\\/\\\/www.turismoitinerante.com\\\/site\\\/\",\"name\":\"TI - Turismo Itinerante\",\"description\":\"Ritrovarsi su internet per informarsi, per informare. Il portale del turismo itinerante. Una infinit\u00e0 di notizie su camper, itinerari, aree sosta camper, concessionari, campeggi, agriturismo, raduni, sagre, fiere, mostre, associazioni, club, forum, bacheca annunci\",\"potentialAction\":[{\"@type\":\"SearchAction\",\"target\":{\"@type\":\"EntryPoint\",\"urlTemplate\":\"https:\\\/\\\/www.turismoitinerante.com\\\/site\\\/?s={search_term_string}\"},\"query-input\":{\"@type\":\"PropertyValueSpecification\",\"valueRequired\":true,\"valueName\":\"search_term_string\"}}],\"inLanguage\":\"it-IT\"},{\"@type\":\"Person\",\"@id\":\"https:\\\/\\\/www.turismoitinerante.com\\\/site\\\/#\\\/schema\\\/person\\\/1e1238d2d1617438f3682e54bf4d6c05\",\"name\":\"admin\",\"image\":{\"@type\":\"ImageObject\",\"inLanguage\":\"it-IT\",\"@id\":\"https:\\\/\\\/secure.gravatar.com\\\/avatar\\\/9102d8c23b35e2809b07ebc42ce126daa3d6a47cce9878a22d14d9852ade629e?s=96&d=mm&r=g\",\"url\":\"https:\\\/\\\/secure.gravatar.com\\\/avatar\\\/9102d8c23b35e2809b07ebc42ce126daa3d6a47cce9878a22d14d9852ade629e?s=96&d=mm&r=g\",\"contentUrl\":\"https:\\\/\\\/secure.gravatar.com\\\/avatar\\\/9102d8c23b35e2809b07ebc42ce126daa3d6a47cce9878a22d14d9852ade629e?s=96&d=mm&r=g\",\"caption\":\"admin\"},\"url\":\"https:\\\/\\\/www.turismoitinerante.com\\\/site\\\/author\\\/admin\\\/\"}]}<\/script>\n<!-- \/ Yoast SEO plugin. -->","yoast_head_json":{"title":"Su Isoradio parte \u201cCamperisti: tana libera tutti!\u201d","description":"\u201cCamperisti: tana libera tutti!\u201d trasmetter\u00e0 interviste con camperisti e addetti ai lavori con l\u2019obiettivo di aprire una\u00a0finestra sul mondo del caravaning","robots":{"index":"index","follow":"follow","max-snippet":"max-snippet:-1","max-image-preview":"max-image-preview:large","max-video-preview":"max-video-preview:-1"},"canonical":"https:\/\/www.turismoitinerante.com\/site\/su-isoradio-parte-camperisti-tana-libera-tutti\/","og_locale":"it_IT","og_type":"article","og_title":"Su Isoradio parte \u201cCamperisti: tana libera tutti!\u201d","og_description":"\u201cCamperisti: tana libera tutti!\u201d trasmetter\u00e0 interviste con camperisti e addetti ai lavori con l\u2019obiettivo di aprire una\u00a0finestra sul mondo del caravaning","og_url":"https:\/\/www.turismoitinerante.com\/site\/su-isoradio-parte-camperisti-tana-libera-tutti\/","og_site_name":"TI - Turismo Itinerante","article_published_time":"2021-06-29T09:56:51+00:00","og_image":[{"width":1920,"height":1280,"url":"https:\/\/www.turismoitinerante.com\/site\/wp-content\/uploads\/2021\/06\/Foto-di-Pexels-da-Pixabay.jpg","type":"image\/jpeg"}],"author":"admin","twitter_card":"summary_large_image","twitter_misc":{"Scritto da":"admin","Tempo di lettura stimato":"2 minuti"},"schema":{"@context":"https:\/\/schema.org","@graph":[{"@type":"Article","@id":"https:\/\/www.turismoitinerante.com\/site\/su-isoradio-parte-camperisti-tana-libera-tutti\/#article","isPartOf":{"@id":"https:\/\/www.turismoitinerante.com\/site\/su-isoradio-parte-camperisti-tana-libera-tutti\/"},"author":{"name":"admin","@id":"https:\/\/www.turismoitinerante.com\/site\/#\/schema\/person\/1e1238d2d1617438f3682e54bf4d6c05"},"headline":"Su Isoradio parte \u201cCamperisti: tana libera tutti!\u201d","datePublished":"2021-06-29T09:56:51+00:00","mainEntityOfPage":{"@id":"https:\/\/www.turismoitinerante.com\/site\/su-isoradio-parte-camperisti-tana-libera-tutti\/"},"wordCount":340,"image":{"@id":"https:\/\/www.turismoitinerante.com\/site\/su-isoradio-parte-camperisti-tana-libera-tutti\/#primaryimage"},"thumbnailUrl":"https:\/\/www.turismoitinerante.com\/site\/wp-content\/uploads\/2021\/06\/Foto-di-Pexels-da-Pixabay.jpg","articleSection":["Turismo"],"inLanguage":"it-IT"},{"@type":"WebPage","@id":"https:\/\/www.turismoitinerante.com\/site\/su-isoradio-parte-camperisti-tana-libera-tutti\/","url":"https:\/\/www.turismoitinerante.com\/site\/su-isoradio-parte-camperisti-tana-libera-tutti\/","name":"Su Isoradio parte \u201cCamperisti: tana libera tutti!\u201d","isPartOf":{"@id":"https:\/\/www.turismoitinerante.com\/site\/#website"},"primaryImageOfPage":{"@id":"https:\/\/www.turismoitinerante.com\/site\/su-isoradio-parte-camperisti-tana-libera-tutti\/#primaryimage"},"image":{"@id":"https:\/\/www.turismoitinerante.com\/site\/su-isoradio-parte-camperisti-tana-libera-tutti\/#primaryimage"},"thumbnailUrl":"https:\/\/www.turismoitinerante.com\/site\/wp-content\/uploads\/2021\/06\/Foto-di-Pexels-da-Pixabay.jpg","datePublished":"2021-06-29T09:56:51+00:00","author":{"@id":"https:\/\/www.turismoitinerante.com\/site\/#\/schema\/person\/1e1238d2d1617438f3682e54bf4d6c05"},"description":"\u201cCamperisti: tana libera tutti!\u201d trasmetter\u00e0 interviste con camperisti e addetti ai lavori con l\u2019obiettivo di aprire una\u00a0finestra sul mondo del caravaning","breadcrumb":{"@id":"https:\/\/www.turismoitinerante.com\/site\/su-isoradio-parte-camperisti-tana-libera-tutti\/#breadcrumb"},"inLanguage":"it-IT","potentialAction":[{"@type":"ReadAction","target":["https:\/\/www.turismoitinerante.com\/site\/su-isoradio-parte-camperisti-tana-libera-tutti\/"]}]},{"@type":"ImageObject","inLanguage":"it-IT","@id":"https:\/\/www.turismoitinerante.com\/site\/su-isoradio-parte-camperisti-tana-libera-tutti\/#primaryimage","url":"https:\/\/www.turismoitinerante.com\/site\/wp-content\/uploads\/2021\/06\/Foto-di-Pexels-da-Pixabay.jpg","contentUrl":"https:\/\/www.turismoitinerante.com\/site\/wp-content\/uploads\/2021\/06\/Foto-di-Pexels-da-Pixabay.jpg","width":1920,"height":1280,"caption":"Foto di Pexels da Pixabay"},{"@type":"BreadcrumbList","@id":"https:\/\/www.turismoitinerante.com\/site\/su-isoradio-parte-camperisti-tana-libera-tutti\/#breadcrumb","itemListElement":[{"@type":"ListItem","position":1,"name":"Home","item":"https:\/\/www.turismoitinerante.com\/site\/"},{"@type":"ListItem","position":2,"name":"Su Isoradio parte \u201cCamperisti: tana libera tutti!\u201d"}]},{"@type":"WebSite","@id":"https:\/\/www.turismoitinerante.com\/site\/#website","url":"https:\/\/www.turismoitinerante.com\/site\/","name":"TI - Turismo Itinerante","description":"Ritrovarsi su internet per informarsi, per informare. Il portale del turismo itinerante. Una infinit\u00e0 di notizie su camper, itinerari, aree sosta camper, concessionari, campeggi, agriturismo, raduni, sagre, fiere, mostre, associazioni, club, forum, bacheca annunci","potentialAction":[{"@type":"SearchAction","target":{"@type":"EntryPoint","urlTemplate":"https:\/\/www.turismoitinerante.com\/site\/?s={search_term_string}"},"query-input":{"@type":"PropertyValueSpecification","valueRequired":true,"valueName":"search_term_string"}}],"inLanguage":"it-IT"},{"@type":"Person","@id":"https:\/\/www.turismoitinerante.com\/site\/#\/schema\/person\/1e1238d2d1617438f3682e54bf4d6c05","name":"admin","image":{"@type":"ImageObject","inLanguage":"it-IT","@id":"https:\/\/secure.gravatar.com\/avatar\/9102d8c23b35e2809b07ebc42ce126daa3d6a47cce9878a22d14d9852ade629e?s=96&d=mm&r=g","url":"https:\/\/secure.gravatar.com\/avatar\/9102d8c23b35e2809b07ebc42ce126daa3d6a47cce9878a22d14d9852ade629e?s=96&d=mm&r=g","contentUrl":"https:\/\/secure.gravatar.com\/avatar\/9102d8c23b35e2809b07ebc42ce126daa3d6a47cce9878a22d14d9852ade629e?s=96&d=mm&r=g","caption":"admin"},"url":"https:\/\/www.turismoitinerante.com\/site\/author\/admin\/"}]}},"_links":{"self":[{"href":"https:\/\/www.turismoitinerante.com\/site\/wp-json\/wp\/v2\/posts\/49958","targetHints":{"allow":["GET"]}}],"collection":[{"href":"https:\/\/www.turismoitinerante.com\/site\/wp-json\/wp\/v2\/posts"}],"about":[{"href":"https:\/\/www.turismoitinerante.com\/site\/wp-json\/wp\/v2\/types\/post"}],"author":[{"embeddable":true,"href":"https:\/\/www.turismoitinerante.com\/site\/wp-json\/wp\/v2\/users\/1"}],"replies":[{"embeddable":true,"href":"https:\/\/www.turismoitinerante.com\/site\/wp-json\/wp\/v2\/comments?post=49958"}],"version-history":[{"count":1,"href":"https:\/\/www.turismoitinerante.com\/site\/wp-json\/wp\/v2\/posts\/49958\/revisions"}],"predecessor-version":[{"id":49960,"href":"https:\/\/www.turismoitinerante.com\/site\/wp-json\/wp\/v2\/posts\/49958\/revisions\/49960"}],"wp:featuredmedia":[{"embeddable":true,"href":"https:\/\/www.turismoitinerante.com\/site\/wp-json\/wp\/v2\/media\/49959"}],"wp:attachment":[{"href":"https:\/\/www.turismoitinerante.com\/site\/wp-json\/wp\/v2\/media?parent=49958"}],"wp:term":[{"taxonomy":"category","embeddable":true,"href":"https:\/\/www.turismoitinerante.com\/site\/wp-json\/wp\/v2\/categories?post=49958"},{"taxonomy":"post_tag","embeddable":true,"href":"https:\/\/www.turismoitinerante.com\/site\/wp-json\/wp\/v2\/tags?post=49958"}],"curies":[{"name":"wp","href":"https:\/\/api.w.org\/{rel}","templated":true}]}}