{"id":49947,"date":"2021-06-28T11:13:44","date_gmt":"2021-06-28T10:13:44","guid":{"rendered":"https:\/\/www.turismoitinerante.com\/site\/?p=49947"},"modified":"2021-06-28T11:13:44","modified_gmt":"2021-06-28T10:13:44","slug":"le-rocche-di-caterina-sforza-i-gioielli-dellarchitettura-dellemila-romagna","status":"publish","type":"post","link":"https:\/\/www.turismoitinerante.com\/site\/le-rocche-di-caterina-sforza-i-gioielli-dellarchitettura-dellemila-romagna\/","title":{"rendered":"Le Rocche di Caterina Sforza, i gioielli dell&#8217;architettura dell&#8217;Emila Romagna"},"content":{"rendered":"<p>Tra cultura e natura, in uno \u201cspicchio\u201d&nbsp;di&nbsp;regione fra Emilia e Romagna, si trovano&nbsp;<strong>4 meravigliose Rocche medioevali unite dalla leggendaria figura di una donna che ne fu la Signora: Caterina Sforza<\/strong>, la \u201cleonessa delle Romagne\u201d.&nbsp;Le&nbsp;rocche&nbsp;di&nbsp;<strong>Imola e Dozza<\/strong>, in provincia&nbsp;di&nbsp;Bologna, e quelle&nbsp;di&nbsp;<strong>Riolo Terme e Bagnara&nbsp;di&nbsp;Romagna<\/strong>, in provincia&nbsp;di&nbsp;Ravenna, rappresentano quattro tappe per un tour delle&nbsp;rocche&nbsp;sforzesche, splendidamente conservate e visitabili.<\/p>\n<p>Le&nbsp;rocche&nbsp;si possono raggiungere comodamente in automobile, oppure sperimentando la e-bike (noleggiabile anche in loco), mentre per i pi\u00f9 allenati \u00e8 possibile fare il tour anche in bicicletta (con partenza e arrivo in una delle 4 citt\u00e0, sono circa 70 km complessivi, con dislivelli per raggiungere Riolo Terme e Dozza).<\/p>\n<p>A completare e impreziosire il tour delle&nbsp;rocche,&nbsp;<strong>\u00e8 possibile vivere esperienze cultural-gastronomiche per approfondire la conoscenza del territorio.<\/strong>&nbsp;Come visite &#8220;narrate&#8221; ai borghi e alle&nbsp;rocche&nbsp;(ovviamente ci sono anche quelle&nbsp;<strong>dedicate a&nbsp;Caterina&nbsp;Sforza&nbsp;per scoprire la vita&nbsp;di&nbsp;questo affascinante personaggio anche sotto aspetti inconsueti<\/strong>), degustazioni di vini e dei prodotti locali in locations suggestive o accoglienti agriturismi, piccoli e curiosi musei, esposizioni di artisti internazionali, visite a grotte naturali, sempre in compagnia di esperti che sapranno raccontarne ai visitatori segreti e curiosit\u00e0 dei luoghi. Per saperne di pi\u00f9 &nbsp;<a href=\"http:\/\/www.imolafaenza.it\/experience\" data-saferedirecturl=\"https:\/\/www.google.com\/url?q=http:\/\/www.imolafaenza.it\/experience&amp;source=gmail&amp;ust=1624961111351000&amp;usg=AFQjCNENVYFq3I6DkDFXBOvpsdriwAVnGA\">www.imolafaenza.it\/experience<\/a>.<\/p>\n<p><strong>La Rocca&nbsp;di&nbsp;Imola<\/strong>&nbsp;(Bo) \u00e8 uno splendido esempio&nbsp;di&nbsp;architettura fortificata tra Medioevo e Rinascimento.&nbsp;Le&nbsp;sue origini risalgono al 1261. Sul perimetro della struttura originaria s\u2019impostavano ben nove torri quadrangolari, solo una decima torre, il mastio, campeggia tuttora al centro del cortile interno. La Chiesa&nbsp;di&nbsp;Roma,&nbsp;le&nbsp;nobili famiglie degli Alidosi, dei Visconti poi dei Manfredi guidarono Imola e la Rocca. \u00c8 per\u00f2 alla fine del Quattrocento che si avvi\u00f2 con gli&nbsp;Sforza&nbsp;la completa trasformazione rinascimentale dell\u2019edificio che prosegu\u00ec col nuovo signore&nbsp;di&nbsp;Imola Girolamo Riario, nipote&nbsp;di&nbsp;papa Sisto IV e sposo&nbsp;di&nbsp;<strong>Caterina&nbsp;Sforza<\/strong>. A partire dal 1480&nbsp;le&nbsp;torri angolari quadrate vennero inglobate entro nuovi e pi\u00f9 spessi torrioni circolari capaci&nbsp;di&nbsp;resistere ai colpi delle bombarde, e si avvi\u00f2 anche la costruzione&nbsp;di&nbsp;una residenza, il Palazzetto. La morte&nbsp;di&nbsp;papa Sisto IV segna l\u2019inizio della crisi della signoria Riario-Sforza&nbsp;sulla citt\u00e0, fino all\u2019assedio della Rocca mosso da Cesare Borgia, detto il Valentino, che nel 1499 decreta il ritorno&nbsp;di&nbsp;un diretto dominio pontificio. Il Valentino ricorre poi nel 1502 alla consulenza&nbsp;di&nbsp;Leonardo da Vinci per ispezionare&nbsp;le&nbsp;fortezze romagnole tra cui quella imolese: ne \u00e8 testimonianza la pianta&nbsp;di&nbsp;Imola che Leonardo stese, dove \u00e8 ben visibile anche la Rocca. Infine, con l\u2019annessione definitiva&nbsp;di&nbsp;Imola allo stato pontificio si rafforza l\u2019utilizzo degli ambienti della fortezza come carcere, situazione che si mantiene fino al 1958 quando si avviano i restauri e si destina il monumento sforzesco a museo.<\/p>\n<figure id=\"attachment_49949\" aria-describedby=\"caption-attachment-49949\" style=\"width: 1024px\" class=\"wp-caption aligncenter\"><img decoding=\"async\" class=\"size-full wp-image-49949\" src=\"https:\/\/www.turismoitinerante.com\/site\/wp-content\/uploads\/2021\/06\/Rocca-Imola-foto-MoniaMphoto-con-licenza-CCASA4.0_.jpg\" alt=\"\" width=\"1024\" height=\"507\" srcset=\"https:\/\/www.turismoitinerante.com\/site\/wp-content\/uploads\/2021\/06\/Rocca-Imola-foto-MoniaMphoto-con-licenza-CCASA4.0_.jpg 1024w, https:\/\/www.turismoitinerante.com\/site\/wp-content\/uploads\/2021\/06\/Rocca-Imola-foto-MoniaMphoto-con-licenza-CCASA4.0_-300x149.jpg 300w, https:\/\/www.turismoitinerante.com\/site\/wp-content\/uploads\/2021\/06\/Rocca-Imola-foto-MoniaMphoto-con-licenza-CCASA4.0_-768x380.jpg 768w, https:\/\/www.turismoitinerante.com\/site\/wp-content\/uploads\/2021\/06\/Rocca-Imola-foto-MoniaMphoto-con-licenza-CCASA4.0_-750x371.jpg 750w\" sizes=\"(max-width: 1024px) 100vw, 1024px\" \/><figcaption id=\"caption-attachment-49949\" class=\"wp-caption-text\">Rocca di Imola &#8211; foto MoniaM<\/figcaption><\/figure>\n<p><strong>La Rocca&nbsp;di&nbsp;Dozza<\/strong>&nbsp;(Bo), sulle colline tra Imola e Bologna, \u00e8 un complesso medievale sorto nel XIII secolo, ancora visitabile all&#8217;interno, dove si ammirano la cucina antica, la sala delle torture,&nbsp;le&nbsp;prigioni, i vari appartamenti arredati con mobilio originale e dipinti. Nei sotterranei \u00e8 ospitata l\u2019Enoteca Regionale Emilia Romagna con l\u2019esposizione e la vendita&nbsp;di&nbsp;oltre 1000 etichette&nbsp;di&nbsp;vino. L\u2019attuale aspetto esterno della Rocca \u00e8 ascrivibile al tardo quattrocento, quando Dozza entr\u00f2 a far parte della Signoria Riario\u2013Sforza. Nel 1473, con un matrimonio dalle forti valenze politiche, Girolamo Riario, nipote&nbsp;di&nbsp;Papa Sisto IV, si unisce a&nbsp;<strong>Caterina&nbsp;Sforza<\/strong>, figlia del Duca&nbsp;di&nbsp;Milano e nipote&nbsp;di&nbsp;Ludovico il Moro. Invece, l\u2019impianto distributivo del palazzo &#8211; cortili, atrio, androne e scale &#8211; e l\u2019organizzazione del piano nobile, cos\u00ec come oggi ci appaiono, sono in prevalenza riconducibili alla Signoria dei Campeggi che, nella seconda met\u00e0 del Cinquecento, intraprese massicci interventi&nbsp;di&nbsp;trasformazione allo scopo&nbsp;di&nbsp;trasformare la Rocca da fortezza a sede&nbsp;di&nbsp;rappresentanza diplomatica. Quando il feudo&nbsp;di&nbsp;Dozza fu abolito, la Rocca rimase&nbsp;di&nbsp;propriet\u00e0 dei Malvezzi-Campeggi che ne fecero la loro residenza fino al 1960.<\/p>\n<p><strong>La Rocca&nbsp;di&nbsp;Riolo Terme&nbsp;<\/strong>(Ra) \u00e8 una delle&nbsp;rocche&nbsp;pi\u00f9 interessanti del territorio, per lo stato&nbsp;di&nbsp;conservazione in cui si trova.&nbsp;Di&nbsp;fine XIV secolo, questa fortificazione militare appartiene alla tipologia della \u201ctransizione\u201d, in cui si sommano caratteristiche architettoniche medievali e rinascimentali: il fossato e&nbsp;le&nbsp;caditoie per il tiro piombante,&nbsp;le&nbsp;camere&nbsp;di&nbsp;manovra con&nbsp;le&nbsp;bocche&nbsp;di&nbsp;fuoco per il tiro radente fiancheggiante. Al suo interno si pu\u00f2 vivere una vera immersione nella storia, scoprire il Medioevo tramite la vita&nbsp;di&nbsp;<strong>Caterina&nbsp;Sforza<\/strong>&nbsp;e il territorio faentino e i suoi insediamenti attraverso i reperti rinvenuti nella vicina Grotta&nbsp;di&nbsp;Re Tiberio. Dai sotterranei ai piani alti, attraverso stretti passaggi, ci si cala nelle avventure dei cavalieri medievali indossando e impugnando gli strumenti utilizzati in battaglia, si scopre il funzionamento delle macchine da guerra e si ascoltano i racconti&nbsp;di&nbsp;Caterina&nbsp;Sforza. Nella sala del pozzo l\u2019allestimento multimediale permanente \u201cI misteri&nbsp;di&nbsp;Caterina\u201d, dedicato alle gesta e agli amori&nbsp;di&nbsp;Caterina&nbsp;Sforza, trasporta il visitatore in una realt\u00e0 interattiva, chiamandolo a interagire con la Leonessa delle Romagne in persona. Nel Mastio si trova la sezione archeologica, che ospita reperti databili dall\u2019Et\u00e0 del Ferro all\u2019Epoca Romana. La sezione del Museo del paesaggio dell\u2019Appennino faentino offre un\u2019ampia visione del paesaggio collinare circostante, con i calanchi e gli affioramenti&nbsp;di&nbsp;gesso, osservabili grazie ai binocoli. Essendo Centro&nbsp;di&nbsp;Documentazione del Parco Regionale della Vena del Gesso Romagnola, la Rocca \u00e8 un importante centro&nbsp;di&nbsp;studi, scoperte e attivit\u00e0, un museo del territorio in evoluzione continua.<\/p>\n<p><img decoding=\"async\" class=\"aligncenter size-large wp-image-49950\" src=\"https:\/\/www.turismoitinerante.com\/site\/wp-content\/uploads\/2021\/06\/Rocca-Riolo-esterno-1024x768.jpg\" alt=\"\" width=\"1024\" height=\"768\" srcset=\"https:\/\/www.turismoitinerante.com\/site\/wp-content\/uploads\/2021\/06\/Rocca-Riolo-esterno-1024x768.jpg 1024w, https:\/\/www.turismoitinerante.com\/site\/wp-content\/uploads\/2021\/06\/Rocca-Riolo-esterno-300x225.jpg 300w, https:\/\/www.turismoitinerante.com\/site\/wp-content\/uploads\/2021\/06\/Rocca-Riolo-esterno-768x576.jpg 768w, https:\/\/www.turismoitinerante.com\/site\/wp-content\/uploads\/2021\/06\/Rocca-Riolo-esterno-750x563.jpg 750w, https:\/\/www.turismoitinerante.com\/site\/wp-content\/uploads\/2021\/06\/Rocca-Riolo-esterno-1140x855.jpg 1140w, https:\/\/www.turismoitinerante.com\/site\/wp-content\/uploads\/2021\/06\/Rocca-Riolo-esterno.jpg 1280w\" sizes=\"(max-width: 1024px) 100vw, 1024px\" \/><\/p>\n<p><strong>La Rocca&nbsp;di&nbsp;Bagnara&nbsp;di&nbsp;Romagna<\/strong>&nbsp;(Ra) costituisce il fulcro della struttura difensiva del Castello, la cui organizzazione era completata dalla cinta muraria, dalla porta civica, dal Torrioncello, dai terragli e dalle fosse, oltre che cardine del popolamento e del complesso edilizio e abitativo. L\u2019origine della Rocca \u00e8&nbsp;di&nbsp;datazione incerta, fu probabilmente costruita da Uguccione della Faggiola nel 1297, per poi diventare possedimento dei Barnab\u00f2 Visconti. Dopo diverse distruzioni, restauri e dominazioni, venne concessa da Papa Sisto IV al nipote Girolamo Riario. All\u2019epoca del Riario e&nbsp;di&nbsp;sua moglie<strong>&nbsp;Caterina&nbsp;Sforza<\/strong> risalgono il restauro e l\u2019ammodernamento della Rocca (1487) e della cinta muraria, le primitive strutture del palazzo signorile e la costruzione del mastio (1494). Conquistata dai francesi nel 1494, torn\u00f2 poi sotto il controllo degli Sforza che dovettero cedere nel 1500 all\u2019avanzata di Cesare Borgia, detto il Valentino, evento che segn\u00f2 l\u2019inizio della decadenza della Rocca di Bagnara. La Rocca \u00e8 una tipica costruzione quattrocentesca in mattoni, di aspetto regolare e compatto, a pianta quadrata, con gli edifici articolati attorno a un cortile. Nell\u2019angolo sud-ovest si trova il mastio, poderoso torrione circolare, che rappresentava la difesa principale dell\u2019intero complesso; sull\u2019angolo opposto c\u2019\u00e8 il bastione, un\u2019altra torre circolare di dimensioni pi\u00f9 piccole, collegata al mastio dalle mura di cinta. Il Signore risiedeva nel palazzo, posto sul lato nord, un lungo corpo di fabbrica a pianta rettangolare, a due piani e dotato di una loggia, la cui funzione era strettamente legata ai compiti di rappresentanza, simbolo di potere e, in quanto tale, garanzia di sicurezza contro gli attacchi nemici.<\/p>\n<p>Per informazioni e prenotazioni: tel. 0542 25413 \/ 0546 71044&nbsp;<a href=\"mailto:info@imolafaenza.it\">info@imolafaenza.it<\/a><\/p>\n<div class=\"7863122cad8776726ec303240ed69aa5\" data-index=\"4\" style=\"float: none; margin:10px 0 10px 0; text-align:center;\">\n<script async src=\"\/\/pagead2.googlesyndication.com\/pagead\/js\/adsbygoogle.js\"><\/script>\r\n<!-- 728x90, creato 23\/02\/11 -->\r\n<ins class=\"adsbygoogle\"\r\n     style=\"display:inline-block;width:728px;height:90px\"\r\n     data-ad-client=\"ca-pub-5798583071070083\"\r\n     data-ad-slot=\"5935394872\"><\/ins>\r\n<script>\r\n(adsbygoogle = window.adsbygoogle || []).push({});\r\n<\/script>\n<\/div>\n\n<div style=\"font-size: 0px; height: 0px; line-height: 0px; margin: 0; padding: 0; clear: both;\"><\/div>","protected":false},"excerpt":{"rendered":"<p>Tra cultura e natura, in uno \u201cspicchio\u201d&nbsp;di&nbsp;regione fra Emilia e Romagna, si trovano&nbsp;4 meravigliose Rocche medioevali unite dalla leggendaria figura di una donna che ne fu la Signora: Caterina Sforza, la \u201cleonessa delle Romagne\u201d.&nbsp;Le&nbsp;rocche&nbsp;di&nbsp;Imola e Dozza, in provincia&nbsp;di&nbsp;Bologna, e quelle&nbsp;di&nbsp;Riolo Terme e Bagnara&nbsp;di&nbsp;Romagna, in provincia&nbsp;di&nbsp;Ravenna, rappresentano quattro tappe per un tour delle&nbsp;rocche&nbsp;sforzesche, splendidamente conservate e [&hellip;]<\/p>\n","protected":false},"author":1,"featured_media":49948,"comment_status":"closed","ping_status":"open","sticky":false,"template":"","format":"standard","meta":{"ngg_post_thumbnail":0,"jnews-multi-image_gallery":[],"jnews_single_post":{"override_template":"0","override":[{"template":"1","parallax":"1","fullscreen":"0","layout":"right-sidebar","sidebar":"default-sidebar","sticky_sidebar":"1","share_position":"top","share_float_style":"share-monocrhome","show_share_counter":"1","show_view_counter":"1","show_featured":"1","show_post_meta":"1","show_post_author":"1","show_post_author_image":"1","show_post_date":"1","show_post_category":"1","show_post_tag":"1","show_prev_next_post":"1","show_popup_post":"1","number_popup_post":"1","show_author_box":"0","show_post_related":"1"}],"override_image_size":"0","image_override":[{"single_post_thumbnail_size":"crop-500","single_post_gallery_size":"crop-500"}]},"jnews_primary_category":{"id":""},"jnews_override_counter":[],"footnotes":""},"categories":[621],"tags":[111],"class_list":["post-49947","post","type-post","status-publish","format-standard","has-post-thumbnail","hentry","category-info-turismo","tag-emilia-romagna"],"yoast_head":"<!-- This site is optimized with the Yoast SEO plugin v27.4 - https:\/\/yoast.com\/product\/yoast-seo-wordpress\/ -->\n<title>Le Rocche di Caterina Sforza, i gioielli dell&#039;architettura dell&#039;Emila Romagna<\/title>\n<meta name=\"description\" content=\"Un tour alla scoperta delle Rocche Sforzesche di Bagnara di Romagna, Dozza, Imola e Riolo Terme, tra cultura e natura\" \/>\n<meta name=\"robots\" content=\"index, follow, max-snippet:-1, max-image-preview:large, max-video-preview:-1\" \/>\n<link rel=\"canonical\" href=\"https:\/\/www.turismoitinerante.com\/site\/le-rocche-di-caterina-sforza-i-gioielli-dellarchitettura-dellemila-romagna\/\" \/>\n<meta property=\"og:locale\" content=\"it_IT\" \/>\n<meta property=\"og:type\" content=\"article\" \/>\n<meta property=\"og:title\" content=\"Le Rocche di Caterina Sforza, i gioielli dell&#039;architettura dell&#039;Emila Romagna\" \/>\n<meta property=\"og:description\" content=\"Un tour alla scoperta delle Rocche Sforzesche di Bagnara di Romagna, Dozza, Imola e Riolo Terme, tra cultura e natura\" \/>\n<meta property=\"og:url\" content=\"https:\/\/www.turismoitinerante.com\/site\/le-rocche-di-caterina-sforza-i-gioielli-dellarchitettura-dellemila-romagna\/\" \/>\n<meta property=\"og:site_name\" content=\"TI - Turismo Itinerante\" \/>\n<meta property=\"article:published_time\" content=\"2021-06-28T10:13:44+00:00\" \/>\n<meta property=\"og:image\" content=\"https:\/\/www.turismoitinerante.com\/site\/wp-content\/uploads\/2021\/06\/3-Fronte-Rocca-DOZZA.jpg\" \/>\n\t<meta property=\"og:image:width\" content=\"1280\" \/>\n\t<meta property=\"og:image:height\" content=\"718\" \/>\n\t<meta property=\"og:image:type\" content=\"image\/jpeg\" \/>\n<meta name=\"author\" content=\"admin\" \/>\n<meta name=\"twitter:card\" content=\"summary_large_image\" \/>\n<meta name=\"twitter:label1\" content=\"Scritto da\" \/>\n\t<meta name=\"twitter:data1\" content=\"admin\" \/>\n\t<meta name=\"twitter:label2\" content=\"Tempo di lettura stimato\" \/>\n\t<meta name=\"twitter:data2\" content=\"7 minuti\" \/>\n<script type=\"application\/ld+json\" class=\"yoast-schema-graph\">{\"@context\":\"https:\\\/\\\/schema.org\",\"@graph\":[{\"@type\":\"Article\",\"@id\":\"https:\\\/\\\/www.turismoitinerante.com\\\/site\\\/le-rocche-di-caterina-sforza-i-gioielli-dellarchitettura-dellemila-romagna\\\/#article\",\"isPartOf\":{\"@id\":\"https:\\\/\\\/www.turismoitinerante.com\\\/site\\\/le-rocche-di-caterina-sforza-i-gioielli-dellarchitettura-dellemila-romagna\\\/\"},\"author\":{\"name\":\"admin\",\"@id\":\"https:\\\/\\\/www.turismoitinerante.com\\\/site\\\/#\\\/schema\\\/person\\\/1e1238d2d1617438f3682e54bf4d6c05\"},\"headline\":\"Le Rocche di Caterina Sforza, i gioielli dell&#8217;architettura dell&#8217;Emila Romagna\",\"datePublished\":\"2021-06-28T10:13:44+00:00\",\"mainEntityOfPage\":{\"@id\":\"https:\\\/\\\/www.turismoitinerante.com\\\/site\\\/le-rocche-di-caterina-sforza-i-gioielli-dellarchitettura-dellemila-romagna\\\/\"},\"wordCount\":1348,\"image\":{\"@id\":\"https:\\\/\\\/www.turismoitinerante.com\\\/site\\\/le-rocche-di-caterina-sforza-i-gioielli-dellarchitettura-dellemila-romagna\\\/#primaryimage\"},\"thumbnailUrl\":\"https:\\\/\\\/www.turismoitinerante.com\\\/site\\\/wp-content\\\/uploads\\\/2021\\\/06\\\/3-Fronte-Rocca-DOZZA.jpg\",\"keywords\":[\"Emilia Romagna\"],\"articleSection\":[\"Turismo\"],\"inLanguage\":\"it-IT\"},{\"@type\":\"WebPage\",\"@id\":\"https:\\\/\\\/www.turismoitinerante.com\\\/site\\\/le-rocche-di-caterina-sforza-i-gioielli-dellarchitettura-dellemila-romagna\\\/\",\"url\":\"https:\\\/\\\/www.turismoitinerante.com\\\/site\\\/le-rocche-di-caterina-sforza-i-gioielli-dellarchitettura-dellemila-romagna\\\/\",\"name\":\"Le Rocche di Caterina Sforza, i gioielli dell'architettura dell'Emila Romagna\",\"isPartOf\":{\"@id\":\"https:\\\/\\\/www.turismoitinerante.com\\\/site\\\/#website\"},\"primaryImageOfPage\":{\"@id\":\"https:\\\/\\\/www.turismoitinerante.com\\\/site\\\/le-rocche-di-caterina-sforza-i-gioielli-dellarchitettura-dellemila-romagna\\\/#primaryimage\"},\"image\":{\"@id\":\"https:\\\/\\\/www.turismoitinerante.com\\\/site\\\/le-rocche-di-caterina-sforza-i-gioielli-dellarchitettura-dellemila-romagna\\\/#primaryimage\"},\"thumbnailUrl\":\"https:\\\/\\\/www.turismoitinerante.com\\\/site\\\/wp-content\\\/uploads\\\/2021\\\/06\\\/3-Fronte-Rocca-DOZZA.jpg\",\"datePublished\":\"2021-06-28T10:13:44+00:00\",\"author\":{\"@id\":\"https:\\\/\\\/www.turismoitinerante.com\\\/site\\\/#\\\/schema\\\/person\\\/1e1238d2d1617438f3682e54bf4d6c05\"},\"description\":\"Un tour alla scoperta delle Rocche Sforzesche di Bagnara di Romagna, Dozza, Imola e Riolo Terme, tra cultura e natura\",\"breadcrumb\":{\"@id\":\"https:\\\/\\\/www.turismoitinerante.com\\\/site\\\/le-rocche-di-caterina-sforza-i-gioielli-dellarchitettura-dellemila-romagna\\\/#breadcrumb\"},\"inLanguage\":\"it-IT\",\"potentialAction\":[{\"@type\":\"ReadAction\",\"target\":[\"https:\\\/\\\/www.turismoitinerante.com\\\/site\\\/le-rocche-di-caterina-sforza-i-gioielli-dellarchitettura-dellemila-romagna\\\/\"]}]},{\"@type\":\"ImageObject\",\"inLanguage\":\"it-IT\",\"@id\":\"https:\\\/\\\/www.turismoitinerante.com\\\/site\\\/le-rocche-di-caterina-sforza-i-gioielli-dellarchitettura-dellemila-romagna\\\/#primaryimage\",\"url\":\"https:\\\/\\\/www.turismoitinerante.com\\\/site\\\/wp-content\\\/uploads\\\/2021\\\/06\\\/3-Fronte-Rocca-DOZZA.jpg\",\"contentUrl\":\"https:\\\/\\\/www.turismoitinerante.com\\\/site\\\/wp-content\\\/uploads\\\/2021\\\/06\\\/3-Fronte-Rocca-DOZZA.jpg\",\"width\":1280,\"height\":718},{\"@type\":\"BreadcrumbList\",\"@id\":\"https:\\\/\\\/www.turismoitinerante.com\\\/site\\\/le-rocche-di-caterina-sforza-i-gioielli-dellarchitettura-dellemila-romagna\\\/#breadcrumb\",\"itemListElement\":[{\"@type\":\"ListItem\",\"position\":1,\"name\":\"Home\",\"item\":\"https:\\\/\\\/www.turismoitinerante.com\\\/site\\\/\"},{\"@type\":\"ListItem\",\"position\":2,\"name\":\"Le Rocche di Caterina Sforza, i gioielli dell&#8217;architettura dell&#8217;Emila Romagna\"}]},{\"@type\":\"WebSite\",\"@id\":\"https:\\\/\\\/www.turismoitinerante.com\\\/site\\\/#website\",\"url\":\"https:\\\/\\\/www.turismoitinerante.com\\\/site\\\/\",\"name\":\"TI - Turismo Itinerante\",\"description\":\"Ritrovarsi su internet per informarsi, per informare. Il portale del turismo itinerante. Una infinit\u00e0 di notizie su camper, itinerari, aree sosta camper, concessionari, campeggi, agriturismo, raduni, sagre, fiere, mostre, associazioni, club, forum, bacheca annunci\",\"potentialAction\":[{\"@type\":\"SearchAction\",\"target\":{\"@type\":\"EntryPoint\",\"urlTemplate\":\"https:\\\/\\\/www.turismoitinerante.com\\\/site\\\/?s={search_term_string}\"},\"query-input\":{\"@type\":\"PropertyValueSpecification\",\"valueRequired\":true,\"valueName\":\"search_term_string\"}}],\"inLanguage\":\"it-IT\"},{\"@type\":\"Person\",\"@id\":\"https:\\\/\\\/www.turismoitinerante.com\\\/site\\\/#\\\/schema\\\/person\\\/1e1238d2d1617438f3682e54bf4d6c05\",\"name\":\"admin\",\"image\":{\"@type\":\"ImageObject\",\"inLanguage\":\"it-IT\",\"@id\":\"https:\\\/\\\/secure.gravatar.com\\\/avatar\\\/9102d8c23b35e2809b07ebc42ce126daa3d6a47cce9878a22d14d9852ade629e?s=96&d=mm&r=g\",\"url\":\"https:\\\/\\\/secure.gravatar.com\\\/avatar\\\/9102d8c23b35e2809b07ebc42ce126daa3d6a47cce9878a22d14d9852ade629e?s=96&d=mm&r=g\",\"contentUrl\":\"https:\\\/\\\/secure.gravatar.com\\\/avatar\\\/9102d8c23b35e2809b07ebc42ce126daa3d6a47cce9878a22d14d9852ade629e?s=96&d=mm&r=g\",\"caption\":\"admin\"},\"url\":\"https:\\\/\\\/www.turismoitinerante.com\\\/site\\\/author\\\/admin\\\/\"}]}<\/script>\n<!-- \/ Yoast SEO plugin. -->","yoast_head_json":{"title":"Le Rocche di Caterina Sforza, i gioielli dell'architettura dell'Emila Romagna","description":"Un tour alla scoperta delle Rocche Sforzesche di Bagnara di Romagna, Dozza, Imola e Riolo Terme, tra cultura e natura","robots":{"index":"index","follow":"follow","max-snippet":"max-snippet:-1","max-image-preview":"max-image-preview:large","max-video-preview":"max-video-preview:-1"},"canonical":"https:\/\/www.turismoitinerante.com\/site\/le-rocche-di-caterina-sforza-i-gioielli-dellarchitettura-dellemila-romagna\/","og_locale":"it_IT","og_type":"article","og_title":"Le Rocche di Caterina Sforza, i gioielli dell'architettura dell'Emila Romagna","og_description":"Un tour alla scoperta delle Rocche Sforzesche di Bagnara di Romagna, Dozza, Imola e Riolo Terme, tra cultura e natura","og_url":"https:\/\/www.turismoitinerante.com\/site\/le-rocche-di-caterina-sforza-i-gioielli-dellarchitettura-dellemila-romagna\/","og_site_name":"TI - Turismo Itinerante","article_published_time":"2021-06-28T10:13:44+00:00","og_image":[{"width":1280,"height":718,"url":"https:\/\/www.turismoitinerante.com\/site\/wp-content\/uploads\/2021\/06\/3-Fronte-Rocca-DOZZA.jpg","type":"image\/jpeg"}],"author":"admin","twitter_card":"summary_large_image","twitter_misc":{"Scritto da":"admin","Tempo di lettura stimato":"7 minuti"},"schema":{"@context":"https:\/\/schema.org","@graph":[{"@type":"Article","@id":"https:\/\/www.turismoitinerante.com\/site\/le-rocche-di-caterina-sforza-i-gioielli-dellarchitettura-dellemila-romagna\/#article","isPartOf":{"@id":"https:\/\/www.turismoitinerante.com\/site\/le-rocche-di-caterina-sforza-i-gioielli-dellarchitettura-dellemila-romagna\/"},"author":{"name":"admin","@id":"https:\/\/www.turismoitinerante.com\/site\/#\/schema\/person\/1e1238d2d1617438f3682e54bf4d6c05"},"headline":"Le Rocche di Caterina Sforza, i gioielli dell&#8217;architettura dell&#8217;Emila Romagna","datePublished":"2021-06-28T10:13:44+00:00","mainEntityOfPage":{"@id":"https:\/\/www.turismoitinerante.com\/site\/le-rocche-di-caterina-sforza-i-gioielli-dellarchitettura-dellemila-romagna\/"},"wordCount":1348,"image":{"@id":"https:\/\/www.turismoitinerante.com\/site\/le-rocche-di-caterina-sforza-i-gioielli-dellarchitettura-dellemila-romagna\/#primaryimage"},"thumbnailUrl":"https:\/\/www.turismoitinerante.com\/site\/wp-content\/uploads\/2021\/06\/3-Fronte-Rocca-DOZZA.jpg","keywords":["Emilia Romagna"],"articleSection":["Turismo"],"inLanguage":"it-IT"},{"@type":"WebPage","@id":"https:\/\/www.turismoitinerante.com\/site\/le-rocche-di-caterina-sforza-i-gioielli-dellarchitettura-dellemila-romagna\/","url":"https:\/\/www.turismoitinerante.com\/site\/le-rocche-di-caterina-sforza-i-gioielli-dellarchitettura-dellemila-romagna\/","name":"Le Rocche di Caterina Sforza, i gioielli dell'architettura dell'Emila Romagna","isPartOf":{"@id":"https:\/\/www.turismoitinerante.com\/site\/#website"},"primaryImageOfPage":{"@id":"https:\/\/www.turismoitinerante.com\/site\/le-rocche-di-caterina-sforza-i-gioielli-dellarchitettura-dellemila-romagna\/#primaryimage"},"image":{"@id":"https:\/\/www.turismoitinerante.com\/site\/le-rocche-di-caterina-sforza-i-gioielli-dellarchitettura-dellemila-romagna\/#primaryimage"},"thumbnailUrl":"https:\/\/www.turismoitinerante.com\/site\/wp-content\/uploads\/2021\/06\/3-Fronte-Rocca-DOZZA.jpg","datePublished":"2021-06-28T10:13:44+00:00","author":{"@id":"https:\/\/www.turismoitinerante.com\/site\/#\/schema\/person\/1e1238d2d1617438f3682e54bf4d6c05"},"description":"Un tour alla scoperta delle Rocche Sforzesche di Bagnara di Romagna, Dozza, Imola e Riolo Terme, tra cultura e natura","breadcrumb":{"@id":"https:\/\/www.turismoitinerante.com\/site\/le-rocche-di-caterina-sforza-i-gioielli-dellarchitettura-dellemila-romagna\/#breadcrumb"},"inLanguage":"it-IT","potentialAction":[{"@type":"ReadAction","target":["https:\/\/www.turismoitinerante.com\/site\/le-rocche-di-caterina-sforza-i-gioielli-dellarchitettura-dellemila-romagna\/"]}]},{"@type":"ImageObject","inLanguage":"it-IT","@id":"https:\/\/www.turismoitinerante.com\/site\/le-rocche-di-caterina-sforza-i-gioielli-dellarchitettura-dellemila-romagna\/#primaryimage","url":"https:\/\/www.turismoitinerante.com\/site\/wp-content\/uploads\/2021\/06\/3-Fronte-Rocca-DOZZA.jpg","contentUrl":"https:\/\/www.turismoitinerante.com\/site\/wp-content\/uploads\/2021\/06\/3-Fronte-Rocca-DOZZA.jpg","width":1280,"height":718},{"@type":"BreadcrumbList","@id":"https:\/\/www.turismoitinerante.com\/site\/le-rocche-di-caterina-sforza-i-gioielli-dellarchitettura-dellemila-romagna\/#breadcrumb","itemListElement":[{"@type":"ListItem","position":1,"name":"Home","item":"https:\/\/www.turismoitinerante.com\/site\/"},{"@type":"ListItem","position":2,"name":"Le Rocche di Caterina Sforza, i gioielli dell&#8217;architettura dell&#8217;Emila Romagna"}]},{"@type":"WebSite","@id":"https:\/\/www.turismoitinerante.com\/site\/#website","url":"https:\/\/www.turismoitinerante.com\/site\/","name":"TI - Turismo Itinerante","description":"Ritrovarsi su internet per informarsi, per informare. Il portale del turismo itinerante. Una infinit\u00e0 di notizie su camper, itinerari, aree sosta camper, concessionari, campeggi, agriturismo, raduni, sagre, fiere, mostre, associazioni, club, forum, bacheca annunci","potentialAction":[{"@type":"SearchAction","target":{"@type":"EntryPoint","urlTemplate":"https:\/\/www.turismoitinerante.com\/site\/?s={search_term_string}"},"query-input":{"@type":"PropertyValueSpecification","valueRequired":true,"valueName":"search_term_string"}}],"inLanguage":"it-IT"},{"@type":"Person","@id":"https:\/\/www.turismoitinerante.com\/site\/#\/schema\/person\/1e1238d2d1617438f3682e54bf4d6c05","name":"admin","image":{"@type":"ImageObject","inLanguage":"it-IT","@id":"https:\/\/secure.gravatar.com\/avatar\/9102d8c23b35e2809b07ebc42ce126daa3d6a47cce9878a22d14d9852ade629e?s=96&d=mm&r=g","url":"https:\/\/secure.gravatar.com\/avatar\/9102d8c23b35e2809b07ebc42ce126daa3d6a47cce9878a22d14d9852ade629e?s=96&d=mm&r=g","contentUrl":"https:\/\/secure.gravatar.com\/avatar\/9102d8c23b35e2809b07ebc42ce126daa3d6a47cce9878a22d14d9852ade629e?s=96&d=mm&r=g","caption":"admin"},"url":"https:\/\/www.turismoitinerante.com\/site\/author\/admin\/"}]}},"_links":{"self":[{"href":"https:\/\/www.turismoitinerante.com\/site\/wp-json\/wp\/v2\/posts\/49947","targetHints":{"allow":["GET"]}}],"collection":[{"href":"https:\/\/www.turismoitinerante.com\/site\/wp-json\/wp\/v2\/posts"}],"about":[{"href":"https:\/\/www.turismoitinerante.com\/site\/wp-json\/wp\/v2\/types\/post"}],"author":[{"embeddable":true,"href":"https:\/\/www.turismoitinerante.com\/site\/wp-json\/wp\/v2\/users\/1"}],"replies":[{"embeddable":true,"href":"https:\/\/www.turismoitinerante.com\/site\/wp-json\/wp\/v2\/comments?post=49947"}],"version-history":[{"count":1,"href":"https:\/\/www.turismoitinerante.com\/site\/wp-json\/wp\/v2\/posts\/49947\/revisions"}],"predecessor-version":[{"id":49951,"href":"https:\/\/www.turismoitinerante.com\/site\/wp-json\/wp\/v2\/posts\/49947\/revisions\/49951"}],"wp:featuredmedia":[{"embeddable":true,"href":"https:\/\/www.turismoitinerante.com\/site\/wp-json\/wp\/v2\/media\/49948"}],"wp:attachment":[{"href":"https:\/\/www.turismoitinerante.com\/site\/wp-json\/wp\/v2\/media?parent=49947"}],"wp:term":[{"taxonomy":"category","embeddable":true,"href":"https:\/\/www.turismoitinerante.com\/site\/wp-json\/wp\/v2\/categories?post=49947"},{"taxonomy":"post_tag","embeddable":true,"href":"https:\/\/www.turismoitinerante.com\/site\/wp-json\/wp\/v2\/tags?post=49947"}],"curies":[{"name":"wp","href":"https:\/\/api.w.org\/{rel}","templated":true}]}}