{"id":4805,"date":"2011-09-28T21:08:27","date_gmt":"2011-09-28T20:08:27","guid":{"rendered":"http:\/\/www.turismoitinerante.com\/site\/?p=4805"},"modified":"2011-10-11T15:02:14","modified_gmt":"2011-10-11T14:02:14","slug":"turismo-all%e2%80%99aria-aperta-n-136-di-ottobre-e-in-rete","status":"publish","type":"post","link":"https:\/\/www.turismoitinerante.com\/site\/turismo-all%e2%80%99aria-aperta-n-136-di-ottobre-e-in-rete\/","title":{"rendered":"Turismo all\u2019aria aperta n. 136 di ottobre \u00e8 in rete"},"content":{"rendered":"<p>\u201c<a href=\"http:\/\/www.turismoallariaaperta.com\/sfoglia-ultimo-numero-di-turismo-all-aria-aperta\/\">Turismo all\u2019aria aperta\u201d n. 136 di\u00a0  ottobre \u00e8 in rete<\/a>. In questo numero trovate un\u2019ampia rassegna di quanto \u00e8  successo a \u201cIl Salone del Camper\u201d a Parma.<\/p>\n<figure id=\"attachment_4806\" aria-describedby=\"caption-attachment-4806\" style=\"width: 150px\" class=\"wp-caption alignleft\"><a href=\"http:\/\/www.turismoallariaaperta.com\/sfoglia-ultimo-numero-di-turismo-all-aria-aperta\/\"><img decoding=\"async\" class=\"size-full wp-image-4806 \" title=\"Turismo all'Aria Aperta di ottobre\" src=\"http:\/\/www.turismoitinerante.com\/site\/wp-content\/uploads\/2011\/10\/TAA136.jpg\" alt=\"Copertina Turismo all'Aria Aperta di ottobre\" width=\"150\" height=\"209\" \/><\/a><figcaption id=\"caption-attachment-4806\" class=\"wp-caption-text\">Turismo all&#39;Aria Aperta<\/figcaption><\/figure>\n<p>Innanzi tutto, le principali  novit\u00e0 proposte dai costruttori di veicoli ricreazionali e dai  costruttori e rivenditori di accessori (che saranno completate sul  numero di novembre). Poi la presentazione dei principali eventi che si  sono svolti durante la manifestazione fieristica parmense: convegni,  premiazioni, incontri, ecc.<\/p>\n<p>Uno spazio \u00e8 stato dedicato anche a ci\u00f2  che di nuovo si \u00e8 visto al \u201cCaravan Salon\u201d di D\u00fcsseldorf che ha  preceduto \u201cIl Salone del Camper\u201d.<\/p>\n<p>Infine, tante notizie, le consuete rubriche, i prossimi raduni e gli itinerari di \u201cOn the Road\u201d.<\/p>\n<p>Buona lettura!<\/p>\n<div class=\"7863122cad8776726ec303240ed69aa5\" data-index=\"4\" style=\"float: none; margin:10px 0 10px 0; text-align:center;\">\n<script async src=\"\/\/pagead2.googlesyndication.com\/pagead\/js\/adsbygoogle.js\"><\/script>\r\n<!-- 728x90, creato 23\/02\/11 -->\r\n<ins class=\"adsbygoogle\"\r\n     style=\"display:inline-block;width:728px;height:90px\"\r\n     data-ad-client=\"ca-pub-5798583071070083\"\r\n     data-ad-slot=\"5935394872\"><\/ins>\r\n<script>\r\n(adsbygoogle = window.adsbygoogle || []).push({});\r\n<\/script>\n<\/div>\n\n<div style=\"font-size: 0px; height: 0px; line-height: 0px; margin: 0; padding: 0; clear: both;\"><\/div>","protected":false},"excerpt":{"rendered":"<p>\u201cTurismo all\u2019aria aperta\u201d n. 136 di\u00a0 ottobre \u00e8 in rete. In questo numero trovate un\u2019ampia rassegna di quanto \u00e8 successo a \u201cIl Salone del Camper\u201d a Parma. Innanzi tutto, le principali novit\u00e0 proposte dai costruttori di veicoli ricreazionali e dai costruttori e rivenditori di accessori (che saranno completate sul numero di novembre). Poi la presentazione [&hellip;]<\/p>\n","protected":false},"author":1,"featured_media":4806,"comment_status":"closed","ping_status":"open","sticky":false,"template":"","format":"standard","meta":{"ngg_post_thumbnail":0,"jnews-multi-image_gallery":[],"jnews_single_post":[],"jnews_primary_category":[],"jnews_override_counter":[],"footnotes":""},"categories":[24],"tags":[],"class_list":["post-4805","post","type-post","status-publish","format-standard","has-post-thumbnail","hentry","category-news"],"yoast_head":"<!-- This site is optimized with the Yoast SEO plugin v27.4 - https:\/\/yoast.com\/product\/yoast-seo-wordpress\/ -->\n<title>Turismo all\u2019aria aperta n. 136 di ottobre \u00e8 in rete - TI - Turismo Itinerante<\/title>\n<meta name=\"robots\" content=\"index, follow, max-snippet:-1, max-image-preview:large, max-video-preview:-1\" \/>\n<link rel=\"canonical\" href=\"https:\/\/www.turismoitinerante.com\/site\/turismo-all\u2019aria-aperta-n-136-di-ottobre-e-in-rete\/\" \/>\n<meta property=\"og:locale\" content=\"it_IT\" \/>\n<meta property=\"og:type\" content=\"article\" \/>\n<meta property=\"og:title\" content=\"Turismo all\u2019aria aperta n. 136 di ottobre \u00e8 in rete - TI - Turismo Itinerante\" \/>\n<meta property=\"og:description\" content=\"\u201cTurismo all\u2019aria aperta\u201d n. 136 di\u00a0 ottobre \u00e8 in rete. In questo numero trovate un\u2019ampia rassegna di quanto \u00e8 successo a \u201cIl Salone del Camper\u201d a Parma. Innanzi tutto, le principali novit\u00e0 proposte dai costruttori di veicoli ricreazionali e dai costruttori e rivenditori di accessori (che saranno completate sul numero di novembre). Poi la presentazione [&hellip;]\" \/>\n<meta property=\"og:url\" content=\"https:\/\/www.turismoitinerante.com\/site\/turismo-all\u2019aria-aperta-n-136-di-ottobre-e-in-rete\/\" \/>\n<meta property=\"og:site_name\" content=\"TI - Turismo Itinerante\" \/>\n<meta property=\"article:published_time\" content=\"2011-09-28T20:08:27+00:00\" \/>\n<meta property=\"article:modified_time\" content=\"2011-10-11T14:02:14+00:00\" \/>\n<meta property=\"og:image\" content=\"https:\/\/www.turismoitinerante.com\/site\/wp-content\/uploads\/2011\/10\/TAA136.jpg\" \/>\n\t<meta property=\"og:image:width\" content=\"150\" \/>\n\t<meta property=\"og:image:height\" content=\"209\" \/>\n\t<meta property=\"og:image:type\" content=\"image\/jpeg\" \/>\n<meta name=\"author\" content=\"admin\" \/>\n<meta name=\"twitter:card\" content=\"summary_large_image\" \/>\n<meta name=\"twitter:label1\" content=\"Scritto da\" \/>\n\t<meta name=\"twitter:data1\" content=\"admin\" \/>\n\t<meta name=\"twitter:label2\" content=\"Tempo di lettura stimato\" \/>\n\t<meta name=\"twitter:data2\" content=\"1 minuto\" \/>\n<script type=\"application\/ld+json\" class=\"yoast-schema-graph\">{\"@context\":\"https:\\\/\\\/schema.org\",\"@graph\":[{\"@type\":\"Article\",\"@id\":\"https:\\\/\\\/www.turismoitinerante.com\\\/site\\\/turismo-all%e2%80%99aria-aperta-n-136-di-ottobre-e-in-rete\\\/#article\",\"isPartOf\":{\"@id\":\"https:\\\/\\\/www.turismoitinerante.com\\\/site\\\/turismo-all%e2%80%99aria-aperta-n-136-di-ottobre-e-in-rete\\\/\"},\"author\":{\"name\":\"admin\",\"@id\":\"https:\\\/\\\/www.turismoitinerante.com\\\/site\\\/#\\\/schema\\\/person\\\/1e1238d2d1617438f3682e54bf4d6c05\"},\"headline\":\"Turismo all\u2019aria aperta n. 136 di ottobre \u00e8 in rete\",\"datePublished\":\"2011-09-28T20:08:27+00:00\",\"dateModified\":\"2011-10-11T14:02:14+00:00\",\"mainEntityOfPage\":{\"@id\":\"https:\\\/\\\/www.turismoitinerante.com\\\/site\\\/turismo-all%e2%80%99aria-aperta-n-136-di-ottobre-e-in-rete\\\/\"},\"wordCount\":134,\"image\":{\"@id\":\"https:\\\/\\\/www.turismoitinerante.com\\\/site\\\/turismo-all%e2%80%99aria-aperta-n-136-di-ottobre-e-in-rete\\\/#primaryimage\"},\"thumbnailUrl\":\"https:\\\/\\\/www.turismoitinerante.com\\\/site\\\/wp-content\\\/uploads\\\/2011\\\/10\\\/TAA136.jpg\",\"articleSection\":[\"News\"],\"inLanguage\":\"it-IT\"},{\"@type\":\"WebPage\",\"@id\":\"https:\\\/\\\/www.turismoitinerante.com\\\/site\\\/turismo-all%e2%80%99aria-aperta-n-136-di-ottobre-e-in-rete\\\/\",\"url\":\"https:\\\/\\\/www.turismoitinerante.com\\\/site\\\/turismo-all%e2%80%99aria-aperta-n-136-di-ottobre-e-in-rete\\\/\",\"name\":\"Turismo all\u2019aria aperta n. 136 di ottobre \u00e8 in rete - TI - Turismo Itinerante\",\"isPartOf\":{\"@id\":\"https:\\\/\\\/www.turismoitinerante.com\\\/site\\\/#website\"},\"primaryImageOfPage\":{\"@id\":\"https:\\\/\\\/www.turismoitinerante.com\\\/site\\\/turismo-all%e2%80%99aria-aperta-n-136-di-ottobre-e-in-rete\\\/#primaryimage\"},\"image\":{\"@id\":\"https:\\\/\\\/www.turismoitinerante.com\\\/site\\\/turismo-all%e2%80%99aria-aperta-n-136-di-ottobre-e-in-rete\\\/#primaryimage\"},\"thumbnailUrl\":\"https:\\\/\\\/www.turismoitinerante.com\\\/site\\\/wp-content\\\/uploads\\\/2011\\\/10\\\/TAA136.jpg\",\"datePublished\":\"2011-09-28T20:08:27+00:00\",\"dateModified\":\"2011-10-11T14:02:14+00:00\",\"author\":{\"@id\":\"https:\\\/\\\/www.turismoitinerante.com\\\/site\\\/#\\\/schema\\\/person\\\/1e1238d2d1617438f3682e54bf4d6c05\"},\"breadcrumb\":{\"@id\":\"https:\\\/\\\/www.turismoitinerante.com\\\/site\\\/turismo-all%e2%80%99aria-aperta-n-136-di-ottobre-e-in-rete\\\/#breadcrumb\"},\"inLanguage\":\"it-IT\",\"potentialAction\":[{\"@type\":\"ReadAction\",\"target\":[\"https:\\\/\\\/www.turismoitinerante.com\\\/site\\\/turismo-all%e2%80%99aria-aperta-n-136-di-ottobre-e-in-rete\\\/\"]}]},{\"@type\":\"ImageObject\",\"inLanguage\":\"it-IT\",\"@id\":\"https:\\\/\\\/www.turismoitinerante.com\\\/site\\\/turismo-all%e2%80%99aria-aperta-n-136-di-ottobre-e-in-rete\\\/#primaryimage\",\"url\":\"https:\\\/\\\/www.turismoitinerante.com\\\/site\\\/wp-content\\\/uploads\\\/2011\\\/10\\\/TAA136.jpg\",\"contentUrl\":\"https:\\\/\\\/www.turismoitinerante.com\\\/site\\\/wp-content\\\/uploads\\\/2011\\\/10\\\/TAA136.jpg\",\"width\":\"150\",\"height\":\"209\",\"caption\":\"Turismo all'Aria Aperta\"},{\"@type\":\"BreadcrumbList\",\"@id\":\"https:\\\/\\\/www.turismoitinerante.com\\\/site\\\/turismo-all%e2%80%99aria-aperta-n-136-di-ottobre-e-in-rete\\\/#breadcrumb\",\"itemListElement\":[{\"@type\":\"ListItem\",\"position\":1,\"name\":\"Home\",\"item\":\"https:\\\/\\\/www.turismoitinerante.com\\\/site\\\/\"},{\"@type\":\"ListItem\",\"position\":2,\"name\":\"Turismo all\u2019aria aperta n. 136 di ottobre \u00e8 in rete\"}]},{\"@type\":\"WebSite\",\"@id\":\"https:\\\/\\\/www.turismoitinerante.com\\\/site\\\/#website\",\"url\":\"https:\\\/\\\/www.turismoitinerante.com\\\/site\\\/\",\"name\":\"TI - Turismo Itinerante\",\"description\":\"Ritrovarsi su internet per informarsi, per informare. Il portale del turismo itinerante. Una infinit\u00e0 di notizie su camper, itinerari, aree sosta camper, concessionari, campeggi, agriturismo, raduni, sagre, fiere, mostre, associazioni, club, forum, bacheca annunci\",\"potentialAction\":[{\"@type\":\"SearchAction\",\"target\":{\"@type\":\"EntryPoint\",\"urlTemplate\":\"https:\\\/\\\/www.turismoitinerante.com\\\/site\\\/?s={search_term_string}\"},\"query-input\":{\"@type\":\"PropertyValueSpecification\",\"valueRequired\":true,\"valueName\":\"search_term_string\"}}],\"inLanguage\":\"it-IT\"},{\"@type\":\"Person\",\"@id\":\"https:\\\/\\\/www.turismoitinerante.com\\\/site\\\/#\\\/schema\\\/person\\\/1e1238d2d1617438f3682e54bf4d6c05\",\"name\":\"admin\",\"image\":{\"@type\":\"ImageObject\",\"inLanguage\":\"it-IT\",\"@id\":\"https:\\\/\\\/secure.gravatar.com\\\/avatar\\\/9102d8c23b35e2809b07ebc42ce126daa3d6a47cce9878a22d14d9852ade629e?s=96&d=mm&r=g\",\"url\":\"https:\\\/\\\/secure.gravatar.com\\\/avatar\\\/9102d8c23b35e2809b07ebc42ce126daa3d6a47cce9878a22d14d9852ade629e?s=96&d=mm&r=g\",\"contentUrl\":\"https:\\\/\\\/secure.gravatar.com\\\/avatar\\\/9102d8c23b35e2809b07ebc42ce126daa3d6a47cce9878a22d14d9852ade629e?s=96&d=mm&r=g\",\"caption\":\"admin\"},\"url\":\"https:\\\/\\\/www.turismoitinerante.com\\\/site\\\/author\\\/admin\\\/\"}]}<\/script>\n<!-- \/ Yoast SEO plugin. -->","yoast_head_json":{"title":"Turismo all\u2019aria aperta n. 136 di ottobre \u00e8 in rete - TI - Turismo Itinerante","robots":{"index":"index","follow":"follow","max-snippet":"max-snippet:-1","max-image-preview":"max-image-preview:large","max-video-preview":"max-video-preview:-1"},"canonical":"https:\/\/www.turismoitinerante.com\/site\/turismo-all\u2019aria-aperta-n-136-di-ottobre-e-in-rete\/","og_locale":"it_IT","og_type":"article","og_title":"Turismo all\u2019aria aperta n. 136 di ottobre \u00e8 in rete - TI - Turismo Itinerante","og_description":"\u201cTurismo all\u2019aria aperta\u201d n. 136 di\u00a0 ottobre \u00e8 in rete. In questo numero trovate un\u2019ampia rassegna di quanto \u00e8 successo a \u201cIl Salone del Camper\u201d a Parma. Innanzi tutto, le principali novit\u00e0 proposte dai costruttori di veicoli ricreazionali e dai costruttori e rivenditori di accessori (che saranno completate sul numero di novembre). Poi la presentazione [&hellip;]","og_url":"https:\/\/www.turismoitinerante.com\/site\/turismo-all\u2019aria-aperta-n-136-di-ottobre-e-in-rete\/","og_site_name":"TI - Turismo Itinerante","article_published_time":"2011-09-28T20:08:27+00:00","article_modified_time":"2011-10-11T14:02:14+00:00","og_image":[{"width":150,"height":209,"url":"https:\/\/www.turismoitinerante.com\/site\/wp-content\/uploads\/2011\/10\/TAA136.jpg","type":"image\/jpeg"}],"author":"admin","twitter_card":"summary_large_image","twitter_misc":{"Scritto da":"admin","Tempo di lettura stimato":"1 minuto"},"schema":{"@context":"https:\/\/schema.org","@graph":[{"@type":"Article","@id":"https:\/\/www.turismoitinerante.com\/site\/turismo-all%e2%80%99aria-aperta-n-136-di-ottobre-e-in-rete\/#article","isPartOf":{"@id":"https:\/\/www.turismoitinerante.com\/site\/turismo-all%e2%80%99aria-aperta-n-136-di-ottobre-e-in-rete\/"},"author":{"name":"admin","@id":"https:\/\/www.turismoitinerante.com\/site\/#\/schema\/person\/1e1238d2d1617438f3682e54bf4d6c05"},"headline":"Turismo all\u2019aria aperta n. 136 di ottobre \u00e8 in rete","datePublished":"2011-09-28T20:08:27+00:00","dateModified":"2011-10-11T14:02:14+00:00","mainEntityOfPage":{"@id":"https:\/\/www.turismoitinerante.com\/site\/turismo-all%e2%80%99aria-aperta-n-136-di-ottobre-e-in-rete\/"},"wordCount":134,"image":{"@id":"https:\/\/www.turismoitinerante.com\/site\/turismo-all%e2%80%99aria-aperta-n-136-di-ottobre-e-in-rete\/#primaryimage"},"thumbnailUrl":"https:\/\/www.turismoitinerante.com\/site\/wp-content\/uploads\/2011\/10\/TAA136.jpg","articleSection":["News"],"inLanguage":"it-IT"},{"@type":"WebPage","@id":"https:\/\/www.turismoitinerante.com\/site\/turismo-all%e2%80%99aria-aperta-n-136-di-ottobre-e-in-rete\/","url":"https:\/\/www.turismoitinerante.com\/site\/turismo-all%e2%80%99aria-aperta-n-136-di-ottobre-e-in-rete\/","name":"Turismo all\u2019aria aperta n. 136 di ottobre \u00e8 in rete - TI - Turismo Itinerante","isPartOf":{"@id":"https:\/\/www.turismoitinerante.com\/site\/#website"},"primaryImageOfPage":{"@id":"https:\/\/www.turismoitinerante.com\/site\/turismo-all%e2%80%99aria-aperta-n-136-di-ottobre-e-in-rete\/#primaryimage"},"image":{"@id":"https:\/\/www.turismoitinerante.com\/site\/turismo-all%e2%80%99aria-aperta-n-136-di-ottobre-e-in-rete\/#primaryimage"},"thumbnailUrl":"https:\/\/www.turismoitinerante.com\/site\/wp-content\/uploads\/2011\/10\/TAA136.jpg","datePublished":"2011-09-28T20:08:27+00:00","dateModified":"2011-10-11T14:02:14+00:00","author":{"@id":"https:\/\/www.turismoitinerante.com\/site\/#\/schema\/person\/1e1238d2d1617438f3682e54bf4d6c05"},"breadcrumb":{"@id":"https:\/\/www.turismoitinerante.com\/site\/turismo-all%e2%80%99aria-aperta-n-136-di-ottobre-e-in-rete\/#breadcrumb"},"inLanguage":"it-IT","potentialAction":[{"@type":"ReadAction","target":["https:\/\/www.turismoitinerante.com\/site\/turismo-all%e2%80%99aria-aperta-n-136-di-ottobre-e-in-rete\/"]}]},{"@type":"ImageObject","inLanguage":"it-IT","@id":"https:\/\/www.turismoitinerante.com\/site\/turismo-all%e2%80%99aria-aperta-n-136-di-ottobre-e-in-rete\/#primaryimage","url":"https:\/\/www.turismoitinerante.com\/site\/wp-content\/uploads\/2011\/10\/TAA136.jpg","contentUrl":"https:\/\/www.turismoitinerante.com\/site\/wp-content\/uploads\/2011\/10\/TAA136.jpg","width":"150","height":"209","caption":"Turismo all'Aria Aperta"},{"@type":"BreadcrumbList","@id":"https:\/\/www.turismoitinerante.com\/site\/turismo-all%e2%80%99aria-aperta-n-136-di-ottobre-e-in-rete\/#breadcrumb","itemListElement":[{"@type":"ListItem","position":1,"name":"Home","item":"https:\/\/www.turismoitinerante.com\/site\/"},{"@type":"ListItem","position":2,"name":"Turismo all\u2019aria aperta n. 136 di ottobre \u00e8 in rete"}]},{"@type":"WebSite","@id":"https:\/\/www.turismoitinerante.com\/site\/#website","url":"https:\/\/www.turismoitinerante.com\/site\/","name":"TI - Turismo Itinerante","description":"Ritrovarsi su internet per informarsi, per informare. Il portale del turismo itinerante. Una infinit\u00e0 di notizie su camper, itinerari, aree sosta camper, concessionari, campeggi, agriturismo, raduni, sagre, fiere, mostre, associazioni, club, forum, bacheca annunci","potentialAction":[{"@type":"SearchAction","target":{"@type":"EntryPoint","urlTemplate":"https:\/\/www.turismoitinerante.com\/site\/?s={search_term_string}"},"query-input":{"@type":"PropertyValueSpecification","valueRequired":true,"valueName":"search_term_string"}}],"inLanguage":"it-IT"},{"@type":"Person","@id":"https:\/\/www.turismoitinerante.com\/site\/#\/schema\/person\/1e1238d2d1617438f3682e54bf4d6c05","name":"admin","image":{"@type":"ImageObject","inLanguage":"it-IT","@id":"https:\/\/secure.gravatar.com\/avatar\/9102d8c23b35e2809b07ebc42ce126daa3d6a47cce9878a22d14d9852ade629e?s=96&d=mm&r=g","url":"https:\/\/secure.gravatar.com\/avatar\/9102d8c23b35e2809b07ebc42ce126daa3d6a47cce9878a22d14d9852ade629e?s=96&d=mm&r=g","contentUrl":"https:\/\/secure.gravatar.com\/avatar\/9102d8c23b35e2809b07ebc42ce126daa3d6a47cce9878a22d14d9852ade629e?s=96&d=mm&r=g","caption":"admin"},"url":"https:\/\/www.turismoitinerante.com\/site\/author\/admin\/"}]}},"_links":{"self":[{"href":"https:\/\/www.turismoitinerante.com\/site\/wp-json\/wp\/v2\/posts\/4805","targetHints":{"allow":["GET"]}}],"collection":[{"href":"https:\/\/www.turismoitinerante.com\/site\/wp-json\/wp\/v2\/posts"}],"about":[{"href":"https:\/\/www.turismoitinerante.com\/site\/wp-json\/wp\/v2\/types\/post"}],"author":[{"embeddable":true,"href":"https:\/\/www.turismoitinerante.com\/site\/wp-json\/wp\/v2\/users\/1"}],"replies":[{"embeddable":true,"href":"https:\/\/www.turismoitinerante.com\/site\/wp-json\/wp\/v2\/comments?post=4805"}],"version-history":[{"count":4,"href":"https:\/\/www.turismoitinerante.com\/site\/wp-json\/wp\/v2\/posts\/4805\/revisions"}],"predecessor-version":[{"id":5043,"href":"https:\/\/www.turismoitinerante.com\/site\/wp-json\/wp\/v2\/posts\/4805\/revisions\/5043"}],"wp:featuredmedia":[{"embeddable":true,"href":"https:\/\/www.turismoitinerante.com\/site\/wp-json\/wp\/v2\/media\/4806"}],"wp:attachment":[{"href":"https:\/\/www.turismoitinerante.com\/site\/wp-json\/wp\/v2\/media?parent=4805"}],"wp:term":[{"taxonomy":"category","embeddable":true,"href":"https:\/\/www.turismoitinerante.com\/site\/wp-json\/wp\/v2\/categories?post=4805"},{"taxonomy":"post_tag","embeddable":true,"href":"https:\/\/www.turismoitinerante.com\/site\/wp-json\/wp\/v2\/tags?post=4805"}],"curies":[{"name":"wp","href":"https:\/\/api.w.org\/{rel}","templated":true}]}}