{"id":33698,"date":"2016-11-24T08:52:40","date_gmt":"2016-11-24T07:52:40","guid":{"rendered":"http:\/\/www.turismoitinerante.com\/site\/?p=33698"},"modified":"2016-11-24T08:52:40","modified_gmt":"2016-11-24T07:52:40","slug":"nel-castello-di-babbo-natale-mercatino-del-castello-di-frontone","status":"publish","type":"post","link":"https:\/\/www.turismoitinerante.com\/site\/nel-castello-di-babbo-natale-mercatino-del-castello-di-frontone\/","title":{"rendered":"Nel Castello di Babbo Natale, mercatino del castello di Frontone"},"content":{"rendered":"<p><strong>La magia del Natale, la suggestiva cornice del Castello di Frontone, espositori selezionati, tantissime idee regalo: \u00e8 questa la miscela unica che da ben 15 anni caratterizza il mercatino di Natale \u201cNel Castello di Babbo Natale\u201d, 27 novembre, 4, 8, 11 e 18 dicembre<\/strong><\/p>\n<p>Promossa dalla Pro Loco e dal Comune di Frontone, in collaborazione con l\u2019Associazione Amicizia e Solidariet\u00e0 e il Consorzio Terre del Catria, \u00e8 una delle manifestazioni di maggior successo dell\u2019intera regione Marche, capace di attirare ogni anni migliaia di visitatori provenienti da tutta Italia.<\/p>\n<p>Saranno 5 le date per la quindicesima edizione: 27 novembre, 4, 8, 11 e 18 dicembre. Un mercatino unico nel suo genere quello che ospita il paese ai piedi del monte Catria,<\/p>\n<p><img decoding=\"async\" class=\"alignleft size-medium wp-image-33700\" alt=\"frontone-natale-mercatini\" src=\"http:\/\/www.turismoitinerante.com\/site\/wp-content\/uploads\/2016\/11\/frontone-natale-mercatini-200x300.jpg\" width=\"200\" height=\"300\" srcset=\"https:\/\/www.turismoitinerante.com\/site\/wp-content\/uploads\/2016\/11\/frontone-natale-mercatini-200x300.jpg 200w, https:\/\/www.turismoitinerante.com\/site\/wp-content\/uploads\/2016\/11\/frontone-natale-mercatini.jpg 683w, https:\/\/www.turismoitinerante.com\/site\/wp-content\/uploads\/2016\/11\/frontone-natale-mercatini-400x599.jpg 400w\" sizes=\"(max-width: 200px) 100vw, 200px\" \/><\/p>\n<p>paradiso del divertimento invernale ed estivo, perch\u00e9 allestito per la maggior parte nelle stanze riscaldate del meraviglioso Castello medievale.<\/p>\n<p>All&#8217;interno, castagne e vin brul\u00e9, musica soffusa, il trono di Babbo Natale sul quale i bambini potranno farsi fotografare con Babbo Natale, oltre 50 espositori altamente selezionati da una commissione interna alla Pro Loco per offrire agli ospiti, prodotti qualitativamente ineccepibili ed interessanti idee regalo, che si potranno ricercare percorrendo le molteplici stanze.<br \/>\nAnche il borgo sar\u00e0 animato, con spettacoli e artisti di strada, casette di legno per il mercatino e musica.<\/p>\n<p>Il percorso inizia da piazza del Municipio, dove i visitatori aspetteranno l&#8217;arrivo della navetta sotto il maestoso albero di Natale. La salita \u00e8 affascinante perch\u00e9 il bel panorama \u00e8 dominato dal Castello nella sua atmosfera ovattata. Appena scesi, il borgo medievale, con la sua pietra calcarea, colpir\u00e0 da subito i turisti. Ad accoglierli, all&#8217;ingresso del Castello, il Cavallo dell&#8217;artista Dall&#8217;Osso, una scultura in ferro e fili di rame che con la sua criniera al vento saluta il massiccio del Catria dove si trovano gli impianti scioviari raggiungibili grazie ad una comoda telecabina.<\/p>\n<p>Il Castello \u00e8 una splendida struttura dell&#8217;anno mille, gi\u00e0 di propriet\u00e0 dei Montefeltro prima e dei Della Porta poi, impreziosita dal puntone di eco Martiniano ed utilizzata per mostre, convegni, concerti e banchetti di matrimonio.<\/p>\n<p>Sar\u00e0 riproposto per l&#8217;8 dicembre il consueto Christmas Trek, la Fiaccolata dell\u2019Immacolata. Gli appassionati di trekking saranno accompagnati in una notturna con tanto di fiaccolata ed arrivo al castello. I bambini saranno invece accolti nelle stanze di Babbo Natale all&#8217;interno del Castello e nelle sale di animazione, dove si alterneranno, ad orari prestabiliti, i vari spettacoli.<br \/>\nE la visita ai mercatini di Natale \u00e8 anche l\u2019occasione per immergersi in un paesaggio da favola, che spazia dal monte Nerone a San Marino e all\u2019Adriatico, ammirare un borgo caratteristico e curato, degustare tante specialit\u00e0 enogastronomiche locali.<\/p>\n<p>Il monte Catria vi aspetta con piste da sci e piste per i pi\u00f9 piccoli, ciaspolate e tanto divertimento! E per i pi\u00f9 piccoli il Kinderland: primo parco giochi sulla neve del Centro Italia! Presso il Rifugio Monte Catria Cotaline 1400, il pi\u00f9 alto della provincia, succulenti piatti in alta quota vi attendono per ritemprare corpo e spirito.<\/p>\n<p>\u201cNel Castello di Babbo Natale\u201d \u00e8 una delle tappe de \u201cIl Natale che non ti aspetti\u201d, il ricco e variegato calendario di iniziative natalizie promosso dalla Provincia di Pesaro e Urbino con Comuni e Pro Loco.<\/p>\n<p>I mercatini sono aperti dalle 10.30 alle 19.30. Informazioni:\u00a0mercatini.castellodifrontone.it\u00a0-turismofrontone@gmail.com\u00a0\u2013\u00a0339.8429426\u00a0&#8211; 371.1889708<\/p>\n<div class=\"7863122cad8776726ec303240ed69aa5\" data-index=\"4\" style=\"float: none; margin:10px 0 10px 0; text-align:center;\">\n<script async src=\"\/\/pagead2.googlesyndication.com\/pagead\/js\/adsbygoogle.js\"><\/script>\r\n<!-- 728x90, creato 23\/02\/11 -->\r\n<ins class=\"adsbygoogle\"\r\n     style=\"display:inline-block;width:728px;height:90px\"\r\n     data-ad-client=\"ca-pub-5798583071070083\"\r\n     data-ad-slot=\"5935394872\"><\/ins>\r\n<script>\r\n(adsbygoogle = window.adsbygoogle || []).push({});\r\n<\/script>\n<\/div>\n\n<div style=\"font-size: 0px; height: 0px; line-height: 0px; margin: 0; padding: 0; clear: both;\"><\/div>","protected":false},"excerpt":{"rendered":"<p>La magia del Natale, la suggestiva cornice del Castello di Frontone, espositori selezionati, tantissime idee regalo: \u00e8 questa la miscela unica che da ben 15 anni caratterizza il mercatino di Natale \u201cNel Castello di Babbo Natale\u201d, 27 novembre, 4, 8, 11 e 18 dicembre Promossa dalla Pro Loco e dal Comune di Frontone, in collaborazione [&hellip;]<\/p>\n","protected":false},"author":1,"featured_media":33699,"comment_status":"closed","ping_status":"open","sticky":false,"template":"","format":"standard","meta":{"ngg_post_thumbnail":0,"jnews-multi-image_gallery":[],"jnews_single_post":[],"jnews_primary_category":[],"jnews_override_counter":[],"footnotes":""},"categories":[621],"tags":[721,128],"class_list":["post-33698","post","type-post","status-publish","format-standard","has-post-thumbnail","hentry","category-info-turismo","tag-mercatini-di-natale","tag-natale"],"yoast_head":"<!-- This site is optimized with the Yoast SEO plugin v27.4 - https:\/\/yoast.com\/product\/yoast-seo-wordpress\/ -->\n<title>Nel Castello di Babbo Natale, mercatino del castello di Frontone - TI - Turismo Itinerante<\/title>\n<meta name=\"robots\" content=\"index, follow, max-snippet:-1, max-image-preview:large, max-video-preview:-1\" \/>\n<link rel=\"canonical\" href=\"https:\/\/www.turismoitinerante.com\/site\/nel-castello-di-babbo-natale-mercatino-del-castello-di-frontone\/\" \/>\n<meta property=\"og:locale\" content=\"it_IT\" \/>\n<meta property=\"og:type\" content=\"article\" \/>\n<meta property=\"og:title\" content=\"Nel Castello di Babbo Natale, mercatino del castello di Frontone - TI - Turismo Itinerante\" \/>\n<meta property=\"og:description\" content=\"La magia del Natale, la suggestiva cornice del Castello di Frontone, espositori selezionati, tantissime idee regalo: \u00e8 questa la miscela unica che da ben 15 anni caratterizza il mercatino di Natale \u201cNel Castello di Babbo Natale\u201d, 27 novembre, 4, 8, 11 e 18 dicembre Promossa dalla Pro Loco e dal Comune di Frontone, in collaborazione [&hellip;]\" \/>\n<meta property=\"og:url\" content=\"https:\/\/www.turismoitinerante.com\/site\/nel-castello-di-babbo-natale-mercatino-del-castello-di-frontone\/\" \/>\n<meta property=\"og:site_name\" content=\"TI - Turismo Itinerante\" \/>\n<meta property=\"article:published_time\" content=\"2016-11-24T07:52:40+00:00\" \/>\n<meta property=\"og:image\" content=\"https:\/\/www.turismoitinerante.com\/site\/wp-content\/uploads\/2016\/11\/nel-castello-babbo-natale-frontone-mercatini-2016.jpg\" \/>\n\t<meta property=\"og:image:width\" content=\"679\" \/>\n\t<meta property=\"og:image:height\" content=\"960\" \/>\n\t<meta property=\"og:image:type\" content=\"image\/jpeg\" \/>\n<meta name=\"author\" content=\"admin\" \/>\n<meta name=\"twitter:card\" content=\"summary_large_image\" \/>\n<meta name=\"twitter:label1\" content=\"Scritto da\" \/>\n\t<meta name=\"twitter:data1\" content=\"admin\" \/>\n\t<meta name=\"twitter:label2\" content=\"Tempo di lettura stimato\" \/>\n\t<meta name=\"twitter:data2\" content=\"3 minuti\" \/>\n<script type=\"application\/ld+json\" class=\"yoast-schema-graph\">{\"@context\":\"https:\\\/\\\/schema.org\",\"@graph\":[{\"@type\":\"Article\",\"@id\":\"https:\\\/\\\/www.turismoitinerante.com\\\/site\\\/nel-castello-di-babbo-natale-mercatino-del-castello-di-frontone\\\/#article\",\"isPartOf\":{\"@id\":\"https:\\\/\\\/www.turismoitinerante.com\\\/site\\\/nel-castello-di-babbo-natale-mercatino-del-castello-di-frontone\\\/\"},\"author\":{\"name\":\"admin\",\"@id\":\"https:\\\/\\\/www.turismoitinerante.com\\\/site\\\/#\\\/schema\\\/person\\\/1e1238d2d1617438f3682e54bf4d6c05\"},\"headline\":\"Nel Castello di Babbo Natale, mercatino del castello di Frontone\",\"datePublished\":\"2016-11-24T07:52:40+00:00\",\"mainEntityOfPage\":{\"@id\":\"https:\\\/\\\/www.turismoitinerante.com\\\/site\\\/nel-castello-di-babbo-natale-mercatino-del-castello-di-frontone\\\/\"},\"wordCount\":534,\"image\":{\"@id\":\"https:\\\/\\\/www.turismoitinerante.com\\\/site\\\/nel-castello-di-babbo-natale-mercatino-del-castello-di-frontone\\\/#primaryimage\"},\"thumbnailUrl\":\"https:\\\/\\\/www.turismoitinerante.com\\\/site\\\/wp-content\\\/uploads\\\/2016\\\/11\\\/nel-castello-babbo-natale-frontone-mercatini-2016.jpg\",\"keywords\":[\"Mercatini di Natale\",\"Natale\"],\"articleSection\":[\"Turismo\"],\"inLanguage\":\"it-IT\"},{\"@type\":\"WebPage\",\"@id\":\"https:\\\/\\\/www.turismoitinerante.com\\\/site\\\/nel-castello-di-babbo-natale-mercatino-del-castello-di-frontone\\\/\",\"url\":\"https:\\\/\\\/www.turismoitinerante.com\\\/site\\\/nel-castello-di-babbo-natale-mercatino-del-castello-di-frontone\\\/\",\"name\":\"Nel Castello di Babbo Natale, mercatino del castello di Frontone - TI - Turismo Itinerante\",\"isPartOf\":{\"@id\":\"https:\\\/\\\/www.turismoitinerante.com\\\/site\\\/#website\"},\"primaryImageOfPage\":{\"@id\":\"https:\\\/\\\/www.turismoitinerante.com\\\/site\\\/nel-castello-di-babbo-natale-mercatino-del-castello-di-frontone\\\/#primaryimage\"},\"image\":{\"@id\":\"https:\\\/\\\/www.turismoitinerante.com\\\/site\\\/nel-castello-di-babbo-natale-mercatino-del-castello-di-frontone\\\/#primaryimage\"},\"thumbnailUrl\":\"https:\\\/\\\/www.turismoitinerante.com\\\/site\\\/wp-content\\\/uploads\\\/2016\\\/11\\\/nel-castello-babbo-natale-frontone-mercatini-2016.jpg\",\"datePublished\":\"2016-11-24T07:52:40+00:00\",\"author\":{\"@id\":\"https:\\\/\\\/www.turismoitinerante.com\\\/site\\\/#\\\/schema\\\/person\\\/1e1238d2d1617438f3682e54bf4d6c05\"},\"breadcrumb\":{\"@id\":\"https:\\\/\\\/www.turismoitinerante.com\\\/site\\\/nel-castello-di-babbo-natale-mercatino-del-castello-di-frontone\\\/#breadcrumb\"},\"inLanguage\":\"it-IT\",\"potentialAction\":[{\"@type\":\"ReadAction\",\"target\":[\"https:\\\/\\\/www.turismoitinerante.com\\\/site\\\/nel-castello-di-babbo-natale-mercatino-del-castello-di-frontone\\\/\"]}]},{\"@type\":\"ImageObject\",\"inLanguage\":\"it-IT\",\"@id\":\"https:\\\/\\\/www.turismoitinerante.com\\\/site\\\/nel-castello-di-babbo-natale-mercatino-del-castello-di-frontone\\\/#primaryimage\",\"url\":\"https:\\\/\\\/www.turismoitinerante.com\\\/site\\\/wp-content\\\/uploads\\\/2016\\\/11\\\/nel-castello-babbo-natale-frontone-mercatini-2016.jpg\",\"contentUrl\":\"https:\\\/\\\/www.turismoitinerante.com\\\/site\\\/wp-content\\\/uploads\\\/2016\\\/11\\\/nel-castello-babbo-natale-frontone-mercatini-2016.jpg\",\"width\":679,\"height\":960},{\"@type\":\"BreadcrumbList\",\"@id\":\"https:\\\/\\\/www.turismoitinerante.com\\\/site\\\/nel-castello-di-babbo-natale-mercatino-del-castello-di-frontone\\\/#breadcrumb\",\"itemListElement\":[{\"@type\":\"ListItem\",\"position\":1,\"name\":\"Home\",\"item\":\"https:\\\/\\\/www.turismoitinerante.com\\\/site\\\/\"},{\"@type\":\"ListItem\",\"position\":2,\"name\":\"Nel Castello di Babbo Natale, mercatino del castello di Frontone\"}]},{\"@type\":\"WebSite\",\"@id\":\"https:\\\/\\\/www.turismoitinerante.com\\\/site\\\/#website\",\"url\":\"https:\\\/\\\/www.turismoitinerante.com\\\/site\\\/\",\"name\":\"TI - Turismo Itinerante\",\"description\":\"Ritrovarsi su internet per informarsi, per informare. Il portale del turismo itinerante. Una infinit\u00e0 di notizie su camper, itinerari, aree sosta camper, concessionari, campeggi, agriturismo, raduni, sagre, fiere, mostre, associazioni, club, forum, bacheca annunci\",\"potentialAction\":[{\"@type\":\"SearchAction\",\"target\":{\"@type\":\"EntryPoint\",\"urlTemplate\":\"https:\\\/\\\/www.turismoitinerante.com\\\/site\\\/?s={search_term_string}\"},\"query-input\":{\"@type\":\"PropertyValueSpecification\",\"valueRequired\":true,\"valueName\":\"search_term_string\"}}],\"inLanguage\":\"it-IT\"},{\"@type\":\"Person\",\"@id\":\"https:\\\/\\\/www.turismoitinerante.com\\\/site\\\/#\\\/schema\\\/person\\\/1e1238d2d1617438f3682e54bf4d6c05\",\"name\":\"admin\",\"image\":{\"@type\":\"ImageObject\",\"inLanguage\":\"it-IT\",\"@id\":\"https:\\\/\\\/secure.gravatar.com\\\/avatar\\\/9102d8c23b35e2809b07ebc42ce126daa3d6a47cce9878a22d14d9852ade629e?s=96&d=mm&r=g\",\"url\":\"https:\\\/\\\/secure.gravatar.com\\\/avatar\\\/9102d8c23b35e2809b07ebc42ce126daa3d6a47cce9878a22d14d9852ade629e?s=96&d=mm&r=g\",\"contentUrl\":\"https:\\\/\\\/secure.gravatar.com\\\/avatar\\\/9102d8c23b35e2809b07ebc42ce126daa3d6a47cce9878a22d14d9852ade629e?s=96&d=mm&r=g\",\"caption\":\"admin\"},\"url\":\"https:\\\/\\\/www.turismoitinerante.com\\\/site\\\/author\\\/admin\\\/\"}]}<\/script>\n<!-- \/ Yoast SEO plugin. -->","yoast_head_json":{"title":"Nel Castello di Babbo Natale, mercatino del castello di Frontone - TI - Turismo Itinerante","robots":{"index":"index","follow":"follow","max-snippet":"max-snippet:-1","max-image-preview":"max-image-preview:large","max-video-preview":"max-video-preview:-1"},"canonical":"https:\/\/www.turismoitinerante.com\/site\/nel-castello-di-babbo-natale-mercatino-del-castello-di-frontone\/","og_locale":"it_IT","og_type":"article","og_title":"Nel Castello di Babbo Natale, mercatino del castello di Frontone - TI - Turismo Itinerante","og_description":"La magia del Natale, la suggestiva cornice del Castello di Frontone, espositori selezionati, tantissime idee regalo: \u00e8 questa la miscela unica che da ben 15 anni caratterizza il mercatino di Natale \u201cNel Castello di Babbo Natale\u201d, 27 novembre, 4, 8, 11 e 18 dicembre Promossa dalla Pro Loco e dal Comune di Frontone, in collaborazione [&hellip;]","og_url":"https:\/\/www.turismoitinerante.com\/site\/nel-castello-di-babbo-natale-mercatino-del-castello-di-frontone\/","og_site_name":"TI - Turismo Itinerante","article_published_time":"2016-11-24T07:52:40+00:00","og_image":[{"width":679,"height":960,"url":"https:\/\/www.turismoitinerante.com\/site\/wp-content\/uploads\/2016\/11\/nel-castello-babbo-natale-frontone-mercatini-2016.jpg","type":"image\/jpeg"}],"author":"admin","twitter_card":"summary_large_image","twitter_misc":{"Scritto da":"admin","Tempo di lettura stimato":"3 minuti"},"schema":{"@context":"https:\/\/schema.org","@graph":[{"@type":"Article","@id":"https:\/\/www.turismoitinerante.com\/site\/nel-castello-di-babbo-natale-mercatino-del-castello-di-frontone\/#article","isPartOf":{"@id":"https:\/\/www.turismoitinerante.com\/site\/nel-castello-di-babbo-natale-mercatino-del-castello-di-frontone\/"},"author":{"name":"admin","@id":"https:\/\/www.turismoitinerante.com\/site\/#\/schema\/person\/1e1238d2d1617438f3682e54bf4d6c05"},"headline":"Nel Castello di Babbo Natale, mercatino del castello di Frontone","datePublished":"2016-11-24T07:52:40+00:00","mainEntityOfPage":{"@id":"https:\/\/www.turismoitinerante.com\/site\/nel-castello-di-babbo-natale-mercatino-del-castello-di-frontone\/"},"wordCount":534,"image":{"@id":"https:\/\/www.turismoitinerante.com\/site\/nel-castello-di-babbo-natale-mercatino-del-castello-di-frontone\/#primaryimage"},"thumbnailUrl":"https:\/\/www.turismoitinerante.com\/site\/wp-content\/uploads\/2016\/11\/nel-castello-babbo-natale-frontone-mercatini-2016.jpg","keywords":["Mercatini di Natale","Natale"],"articleSection":["Turismo"],"inLanguage":"it-IT"},{"@type":"WebPage","@id":"https:\/\/www.turismoitinerante.com\/site\/nel-castello-di-babbo-natale-mercatino-del-castello-di-frontone\/","url":"https:\/\/www.turismoitinerante.com\/site\/nel-castello-di-babbo-natale-mercatino-del-castello-di-frontone\/","name":"Nel Castello di Babbo Natale, mercatino del castello di Frontone - TI - Turismo Itinerante","isPartOf":{"@id":"https:\/\/www.turismoitinerante.com\/site\/#website"},"primaryImageOfPage":{"@id":"https:\/\/www.turismoitinerante.com\/site\/nel-castello-di-babbo-natale-mercatino-del-castello-di-frontone\/#primaryimage"},"image":{"@id":"https:\/\/www.turismoitinerante.com\/site\/nel-castello-di-babbo-natale-mercatino-del-castello-di-frontone\/#primaryimage"},"thumbnailUrl":"https:\/\/www.turismoitinerante.com\/site\/wp-content\/uploads\/2016\/11\/nel-castello-babbo-natale-frontone-mercatini-2016.jpg","datePublished":"2016-11-24T07:52:40+00:00","author":{"@id":"https:\/\/www.turismoitinerante.com\/site\/#\/schema\/person\/1e1238d2d1617438f3682e54bf4d6c05"},"breadcrumb":{"@id":"https:\/\/www.turismoitinerante.com\/site\/nel-castello-di-babbo-natale-mercatino-del-castello-di-frontone\/#breadcrumb"},"inLanguage":"it-IT","potentialAction":[{"@type":"ReadAction","target":["https:\/\/www.turismoitinerante.com\/site\/nel-castello-di-babbo-natale-mercatino-del-castello-di-frontone\/"]}]},{"@type":"ImageObject","inLanguage":"it-IT","@id":"https:\/\/www.turismoitinerante.com\/site\/nel-castello-di-babbo-natale-mercatino-del-castello-di-frontone\/#primaryimage","url":"https:\/\/www.turismoitinerante.com\/site\/wp-content\/uploads\/2016\/11\/nel-castello-babbo-natale-frontone-mercatini-2016.jpg","contentUrl":"https:\/\/www.turismoitinerante.com\/site\/wp-content\/uploads\/2016\/11\/nel-castello-babbo-natale-frontone-mercatini-2016.jpg","width":679,"height":960},{"@type":"BreadcrumbList","@id":"https:\/\/www.turismoitinerante.com\/site\/nel-castello-di-babbo-natale-mercatino-del-castello-di-frontone\/#breadcrumb","itemListElement":[{"@type":"ListItem","position":1,"name":"Home","item":"https:\/\/www.turismoitinerante.com\/site\/"},{"@type":"ListItem","position":2,"name":"Nel Castello di Babbo Natale, mercatino del castello di Frontone"}]},{"@type":"WebSite","@id":"https:\/\/www.turismoitinerante.com\/site\/#website","url":"https:\/\/www.turismoitinerante.com\/site\/","name":"TI - Turismo Itinerante","description":"Ritrovarsi su internet per informarsi, per informare. Il portale del turismo itinerante. Una infinit\u00e0 di notizie su camper, itinerari, aree sosta camper, concessionari, campeggi, agriturismo, raduni, sagre, fiere, mostre, associazioni, club, forum, bacheca annunci","potentialAction":[{"@type":"SearchAction","target":{"@type":"EntryPoint","urlTemplate":"https:\/\/www.turismoitinerante.com\/site\/?s={search_term_string}"},"query-input":{"@type":"PropertyValueSpecification","valueRequired":true,"valueName":"search_term_string"}}],"inLanguage":"it-IT"},{"@type":"Person","@id":"https:\/\/www.turismoitinerante.com\/site\/#\/schema\/person\/1e1238d2d1617438f3682e54bf4d6c05","name":"admin","image":{"@type":"ImageObject","inLanguage":"it-IT","@id":"https:\/\/secure.gravatar.com\/avatar\/9102d8c23b35e2809b07ebc42ce126daa3d6a47cce9878a22d14d9852ade629e?s=96&d=mm&r=g","url":"https:\/\/secure.gravatar.com\/avatar\/9102d8c23b35e2809b07ebc42ce126daa3d6a47cce9878a22d14d9852ade629e?s=96&d=mm&r=g","contentUrl":"https:\/\/secure.gravatar.com\/avatar\/9102d8c23b35e2809b07ebc42ce126daa3d6a47cce9878a22d14d9852ade629e?s=96&d=mm&r=g","caption":"admin"},"url":"https:\/\/www.turismoitinerante.com\/site\/author\/admin\/"}]}},"_links":{"self":[{"href":"https:\/\/www.turismoitinerante.com\/site\/wp-json\/wp\/v2\/posts\/33698","targetHints":{"allow":["GET"]}}],"collection":[{"href":"https:\/\/www.turismoitinerante.com\/site\/wp-json\/wp\/v2\/posts"}],"about":[{"href":"https:\/\/www.turismoitinerante.com\/site\/wp-json\/wp\/v2\/types\/post"}],"author":[{"embeddable":true,"href":"https:\/\/www.turismoitinerante.com\/site\/wp-json\/wp\/v2\/users\/1"}],"replies":[{"embeddable":true,"href":"https:\/\/www.turismoitinerante.com\/site\/wp-json\/wp\/v2\/comments?post=33698"}],"version-history":[{"count":2,"href":"https:\/\/www.turismoitinerante.com\/site\/wp-json\/wp\/v2\/posts\/33698\/revisions"}],"predecessor-version":[{"id":33705,"href":"https:\/\/www.turismoitinerante.com\/site\/wp-json\/wp\/v2\/posts\/33698\/revisions\/33705"}],"wp:featuredmedia":[{"embeddable":true,"href":"https:\/\/www.turismoitinerante.com\/site\/wp-json\/wp\/v2\/media\/33699"}],"wp:attachment":[{"href":"https:\/\/www.turismoitinerante.com\/site\/wp-json\/wp\/v2\/media?parent=33698"}],"wp:term":[{"taxonomy":"category","embeddable":true,"href":"https:\/\/www.turismoitinerante.com\/site\/wp-json\/wp\/v2\/categories?post=33698"},{"taxonomy":"post_tag","embeddable":true,"href":"https:\/\/www.turismoitinerante.com\/site\/wp-json\/wp\/v2\/tags?post=33698"}],"curies":[{"name":"wp","href":"https:\/\/api.w.org\/{rel}","templated":true}]}}