{"id":33557,"date":"2016-10-27T19:32:44","date_gmt":"2016-10-27T18:32:44","guid":{"rendered":"http:\/\/www.turismoitinerante.com\/site\/?p=33557"},"modified":"2016-10-27T19:32:44","modified_gmt":"2016-10-27T18:32:44","slug":"la-carica-dei-53-comuni-del-trekking-urbano-fa-tappa-a-bologna","status":"publish","type":"post","link":"https:\/\/www.turismoitinerante.com\/site\/la-carica-dei-53-comuni-del-trekking-urbano-fa-tappa-a-bologna\/","title":{"rendered":"La carica dei 53 Comuni del Trekking Urbano fa tappa a Bologna"},"content":{"rendered":"<p><strong>La carica dei 53 Comuni del Trekking Urbano fa tappa a Bologna. La Sala stampa Luca Savonuzzi, di Palazzo d&#8217;Accursio ospita la presentazione dei percorsi a piedi che andranno in scena luned\u00ec 31 ottobre nei pi\u00f9 belli centri storici del Paese. <\/strong><\/p>\n<p>All\u2019evento parteciperanno Sonia Pallai, assessore al turismo del Comune di Siena, citt\u00e0 capofila del trekking urbano, Matteo Lepore, assessore Economia e promozione della citt\u00e0 del Comune di Bologna e i rappresentanti di tutte le citt\u00e0 del trekking.<\/p>\n<p>L\u2019edizione 2016 della Giornata Nazionale Trekking Urbano sar\u00e0 un viaggio tra sacro e profano, tra maestose cattedrali e basiliche di ogni epoca, tra santuari sperduti sulle montagne e piccole pievi di campagna, passando lungo antichi Cammini di fede per arrivare ai luoghi simbolo della cristianit\u00e0.<\/p>\n<p><strong>I numeri: le citt\u00e0 del Trekking urbano 2016. <\/strong><\/p>\n<p><img decoding=\"async\" class=\"alignleft size-medium wp-image-33558\" alt=\"siena_trekkurbano_piazzacampo3\" src=\"http:\/\/www.turismoitinerante.com\/site\/wp-content\/uploads\/2016\/10\/Siena_TrekkUrbano_PiazzaCampo3-300x200.jpg\" width=\"300\" height=\"200\" srcset=\"https:\/\/www.turismoitinerante.com\/site\/wp-content\/uploads\/2016\/10\/Siena_TrekkUrbano_PiazzaCampo3-300x200.jpg 300w, https:\/\/www.turismoitinerante.com\/site\/wp-content\/uploads\/2016\/10\/Siena_TrekkUrbano_PiazzaCampo3-400x266.jpg 400w, https:\/\/www.turismoitinerante.com\/site\/wp-content\/uploads\/2016\/10\/Siena_TrekkUrbano_PiazzaCampo3.jpg 600w\" sizes=\"(max-width: 300px) 100vw, 300px\" \/><\/p>\n<p>I 53 Comuni che hanno aderito alla XIII Giornata nazionale del Trekking Urbano sono: Acqui Terme (Alessandria), Ancona, Arezzo, Asciano (Siena), Ascoli Piceno, Biella, Bologna, Buccheri (Siracusa), Cagliari, Caserta, Castelfranco Veneto (Treviso), Catania, Ceglie Messapica (Brindisi), Chieti, Cividale del Friuli (Udine), Conegliano (Treviso), Correggio (Reggio Emilia), Cosenza, Feltre (Belluno), Fermo, Follina (Treviso), Forl\u00ec, Grosseto, La Spezia, Lucca, Macerata, Mantova, Massa Marittima (Grosseto), Montalbano Jonico (Matera), Montebelluna (Treviso), Murlo (Siena), Napoli, Narni, Oderzo (Treviso), Padova, Palermo, Palmanova (Udine), Pavia, Pistoia, Ragusa, Rieti, Salerno, Salsomaggiore Terme (Parma), San Giustino (Perugia), Siena, Spoleto, Tempio Pausania, Terracina (Latina), Trento, Treviso, Urbino, Valdobbiadene (Treviso), Vittorio Veneto (Treviso). Saranno 17 le Regioni rappresentate (Calabria, Basilicata, Campania, Emilia Romagna, Friuli Venezia Giulia, Lazio, Liguria, Lombardia, Marche, Piemonte, Puglia, Sardegna, Sicilia, Toscana, Trentino Alto Adige, Umbria, Veneto) e 6 i capoluoghi di regione (Ancona, Bologna, Cagliari, Napoli, Palermo, Trento).<\/p>\n<p><span style=\"text-decoration: underline;\">Cos\u2019\u00e8 il Trekking Urbano<\/span>.<\/p>\n<p>Il trekking urbano \u00e8 un\u2019attivit\u00e0 che coniuga sport, arte, gusto e voglia di scoprire gli angoli pi\u00f9 nascosti e curiosi delle citt\u00e0, attraverso itinerari caratterizzati da forti dislivelli del suolo e da scalinate. Si tratta di una forma di turismo \u201cvagabonding\u201d, libera e ricca di sorprese, adatta a tutte le et\u00e0, senza un particolare allenamento preventivo.<\/p>\n<p>Il trekking urbano fa bene alle citt\u00e0 perch\u00e9 permette di decongestionare le zone attraversate dai flussi turistici tradizionali, allargare il raggio delle visite alle aree pi\u00f9 periferiche dei centri urbani e prolungare i soggiorni.<\/p>\n<p>Info Giornata Nazionale del Trekking Urbano. Per informazioni, \u00e8 possibile contattare l&#8217;assessorato al turismo del Comune di Siena ai numeri 0577-292128, 292178, 292206 oppure inviare un\u2019e-mail a turismo@comune.siena.it.<\/p>\n<p>Per conoscere gli itinerari proposti dalle 53 citt\u00e0, \u00e8 possibile consultare il sito <a href=\"http:\/\/www.trekkingurbano.info\" target=\"_blank\">www.trekkingurbano.info<\/a>, la Pagina Facebook e il Profilo Twitter del Trekking Urbano.<\/p>\n<div class=\"7863122cad8776726ec303240ed69aa5\" data-index=\"4\" style=\"float: none; margin:10px 0 10px 0; text-align:center;\">\n<script async src=\"\/\/pagead2.googlesyndication.com\/pagead\/js\/adsbygoogle.js\"><\/script>\r\n<!-- 728x90, creato 23\/02\/11 -->\r\n<ins class=\"adsbygoogle\"\r\n     style=\"display:inline-block;width:728px;height:90px\"\r\n     data-ad-client=\"ca-pub-5798583071070083\"\r\n     data-ad-slot=\"5935394872\"><\/ins>\r\n<script>\r\n(adsbygoogle = window.adsbygoogle || []).push({});\r\n<\/script>\n<\/div>\n\n<div style=\"font-size: 0px; height: 0px; line-height: 0px; margin: 0; padding: 0; clear: both;\"><\/div>","protected":false},"excerpt":{"rendered":"<p>La carica dei 53 Comuni del Trekking Urbano fa tappa a Bologna. La Sala stampa Luca Savonuzzi, di Palazzo d&#8217;Accursio ospita la presentazione dei percorsi a piedi che andranno in scena luned\u00ec 31 ottobre nei pi\u00f9 belli centri storici del Paese. All\u2019evento parteciperanno Sonia Pallai, assessore al turismo del Comune di Siena, citt\u00e0 capofila del [&hellip;]<\/p>\n","protected":false},"author":1,"featured_media":33558,"comment_status":"closed","ping_status":"open","sticky":false,"template":"","format":"standard","meta":{"ngg_post_thumbnail":0,"jnews-multi-image_gallery":[],"jnews_single_post":[],"jnews_primary_category":[],"jnews_override_counter":[],"footnotes":""},"categories":[621],"tags":[724],"class_list":["post-33557","post","type-post","status-publish","format-standard","has-post-thumbnail","hentry","category-info-turismo","tag-trekking-urbano"],"yoast_head":"<!-- This site is optimized with the Yoast SEO plugin v27.4 - https:\/\/yoast.com\/product\/yoast-seo-wordpress\/ -->\n<title>La carica dei 53 Comuni del Trekking Urbano fa tappa a Bologna - TI - Turismo Itinerante<\/title>\n<meta name=\"robots\" content=\"index, follow, max-snippet:-1, max-image-preview:large, max-video-preview:-1\" \/>\n<link rel=\"canonical\" href=\"https:\/\/www.turismoitinerante.com\/site\/la-carica-dei-53-comuni-del-trekking-urbano-fa-tappa-a-bologna\/\" \/>\n<meta property=\"og:locale\" content=\"it_IT\" \/>\n<meta property=\"og:type\" content=\"article\" \/>\n<meta property=\"og:title\" content=\"La carica dei 53 Comuni del Trekking Urbano fa tappa a Bologna - TI - Turismo Itinerante\" \/>\n<meta property=\"og:description\" content=\"La carica dei 53 Comuni del Trekking Urbano fa tappa a Bologna. La Sala stampa Luca Savonuzzi, di Palazzo d&#8217;Accursio ospita la presentazione dei percorsi a piedi che andranno in scena luned\u00ec 31 ottobre nei pi\u00f9 belli centri storici del Paese. All\u2019evento parteciperanno Sonia Pallai, assessore al turismo del Comune di Siena, citt\u00e0 capofila del [&hellip;]\" \/>\n<meta property=\"og:url\" content=\"https:\/\/www.turismoitinerante.com\/site\/la-carica-dei-53-comuni-del-trekking-urbano-fa-tappa-a-bologna\/\" \/>\n<meta property=\"og:site_name\" content=\"TI - Turismo Itinerante\" \/>\n<meta property=\"article:published_time\" content=\"2016-10-27T18:32:44+00:00\" \/>\n<meta property=\"og:image\" content=\"https:\/\/www.turismoitinerante.com\/site\/wp-content\/uploads\/2016\/10\/Siena_TrekkUrbano_PiazzaCampo3.jpg\" \/>\n\t<meta property=\"og:image:width\" content=\"600\" \/>\n\t<meta property=\"og:image:height\" content=\"400\" \/>\n\t<meta property=\"og:image:type\" content=\"image\/jpeg\" \/>\n<meta name=\"author\" content=\"admin\" \/>\n<meta name=\"twitter:card\" content=\"summary_large_image\" \/>\n<meta name=\"twitter:label1\" content=\"Scritto da\" \/>\n\t<meta name=\"twitter:data1\" content=\"admin\" \/>\n\t<meta name=\"twitter:label2\" content=\"Tempo di lettura stimato\" \/>\n\t<meta name=\"twitter:data2\" content=\"2 minuti\" \/>\n<script type=\"application\/ld+json\" class=\"yoast-schema-graph\">{\"@context\":\"https:\\\/\\\/schema.org\",\"@graph\":[{\"@type\":\"Article\",\"@id\":\"https:\\\/\\\/www.turismoitinerante.com\\\/site\\\/la-carica-dei-53-comuni-del-trekking-urbano-fa-tappa-a-bologna\\\/#article\",\"isPartOf\":{\"@id\":\"https:\\\/\\\/www.turismoitinerante.com\\\/site\\\/la-carica-dei-53-comuni-del-trekking-urbano-fa-tappa-a-bologna\\\/\"},\"author\":{\"name\":\"admin\",\"@id\":\"https:\\\/\\\/www.turismoitinerante.com\\\/site\\\/#\\\/schema\\\/person\\\/1e1238d2d1617438f3682e54bf4d6c05\"},\"headline\":\"La carica dei 53 Comuni del Trekking Urbano fa tappa a Bologna\",\"datePublished\":\"2016-10-27T18:32:44+00:00\",\"mainEntityOfPage\":{\"@id\":\"https:\\\/\\\/www.turismoitinerante.com\\\/site\\\/la-carica-dei-53-comuni-del-trekking-urbano-fa-tappa-a-bologna\\\/\"},\"wordCount\":425,\"image\":{\"@id\":\"https:\\\/\\\/www.turismoitinerante.com\\\/site\\\/la-carica-dei-53-comuni-del-trekking-urbano-fa-tappa-a-bologna\\\/#primaryimage\"},\"thumbnailUrl\":\"https:\\\/\\\/www.turismoitinerante.com\\\/site\\\/wp-content\\\/uploads\\\/2016\\\/10\\\/Siena_TrekkUrbano_PiazzaCampo3.jpg\",\"keywords\":[\"trekking urbano\"],\"articleSection\":[\"Turismo\"],\"inLanguage\":\"it-IT\"},{\"@type\":\"WebPage\",\"@id\":\"https:\\\/\\\/www.turismoitinerante.com\\\/site\\\/la-carica-dei-53-comuni-del-trekking-urbano-fa-tappa-a-bologna\\\/\",\"url\":\"https:\\\/\\\/www.turismoitinerante.com\\\/site\\\/la-carica-dei-53-comuni-del-trekking-urbano-fa-tappa-a-bologna\\\/\",\"name\":\"La carica dei 53 Comuni del Trekking Urbano fa tappa a Bologna - TI - Turismo Itinerante\",\"isPartOf\":{\"@id\":\"https:\\\/\\\/www.turismoitinerante.com\\\/site\\\/#website\"},\"primaryImageOfPage\":{\"@id\":\"https:\\\/\\\/www.turismoitinerante.com\\\/site\\\/la-carica-dei-53-comuni-del-trekking-urbano-fa-tappa-a-bologna\\\/#primaryimage\"},\"image\":{\"@id\":\"https:\\\/\\\/www.turismoitinerante.com\\\/site\\\/la-carica-dei-53-comuni-del-trekking-urbano-fa-tappa-a-bologna\\\/#primaryimage\"},\"thumbnailUrl\":\"https:\\\/\\\/www.turismoitinerante.com\\\/site\\\/wp-content\\\/uploads\\\/2016\\\/10\\\/Siena_TrekkUrbano_PiazzaCampo3.jpg\",\"datePublished\":\"2016-10-27T18:32:44+00:00\",\"author\":{\"@id\":\"https:\\\/\\\/www.turismoitinerante.com\\\/site\\\/#\\\/schema\\\/person\\\/1e1238d2d1617438f3682e54bf4d6c05\"},\"breadcrumb\":{\"@id\":\"https:\\\/\\\/www.turismoitinerante.com\\\/site\\\/la-carica-dei-53-comuni-del-trekking-urbano-fa-tappa-a-bologna\\\/#breadcrumb\"},\"inLanguage\":\"it-IT\",\"potentialAction\":[{\"@type\":\"ReadAction\",\"target\":[\"https:\\\/\\\/www.turismoitinerante.com\\\/site\\\/la-carica-dei-53-comuni-del-trekking-urbano-fa-tappa-a-bologna\\\/\"]}]},{\"@type\":\"ImageObject\",\"inLanguage\":\"it-IT\",\"@id\":\"https:\\\/\\\/www.turismoitinerante.com\\\/site\\\/la-carica-dei-53-comuni-del-trekking-urbano-fa-tappa-a-bologna\\\/#primaryimage\",\"url\":\"https:\\\/\\\/www.turismoitinerante.com\\\/site\\\/wp-content\\\/uploads\\\/2016\\\/10\\\/Siena_TrekkUrbano_PiazzaCampo3.jpg\",\"contentUrl\":\"https:\\\/\\\/www.turismoitinerante.com\\\/site\\\/wp-content\\\/uploads\\\/2016\\\/10\\\/Siena_TrekkUrbano_PiazzaCampo3.jpg\",\"width\":600,\"height\":400},{\"@type\":\"BreadcrumbList\",\"@id\":\"https:\\\/\\\/www.turismoitinerante.com\\\/site\\\/la-carica-dei-53-comuni-del-trekking-urbano-fa-tappa-a-bologna\\\/#breadcrumb\",\"itemListElement\":[{\"@type\":\"ListItem\",\"position\":1,\"name\":\"Home\",\"item\":\"https:\\\/\\\/www.turismoitinerante.com\\\/site\\\/\"},{\"@type\":\"ListItem\",\"position\":2,\"name\":\"La carica dei 53 Comuni del Trekking Urbano fa tappa a Bologna\"}]},{\"@type\":\"WebSite\",\"@id\":\"https:\\\/\\\/www.turismoitinerante.com\\\/site\\\/#website\",\"url\":\"https:\\\/\\\/www.turismoitinerante.com\\\/site\\\/\",\"name\":\"TI - Turismo Itinerante\",\"description\":\"Ritrovarsi su internet per informarsi, per informare. Il portale del turismo itinerante. Una infinit\u00e0 di notizie su camper, itinerari, aree sosta camper, concessionari, campeggi, agriturismo, raduni, sagre, fiere, mostre, associazioni, club, forum, bacheca annunci\",\"potentialAction\":[{\"@type\":\"SearchAction\",\"target\":{\"@type\":\"EntryPoint\",\"urlTemplate\":\"https:\\\/\\\/www.turismoitinerante.com\\\/site\\\/?s={search_term_string}\"},\"query-input\":{\"@type\":\"PropertyValueSpecification\",\"valueRequired\":true,\"valueName\":\"search_term_string\"}}],\"inLanguage\":\"it-IT\"},{\"@type\":\"Person\",\"@id\":\"https:\\\/\\\/www.turismoitinerante.com\\\/site\\\/#\\\/schema\\\/person\\\/1e1238d2d1617438f3682e54bf4d6c05\",\"name\":\"admin\",\"image\":{\"@type\":\"ImageObject\",\"inLanguage\":\"it-IT\",\"@id\":\"https:\\\/\\\/secure.gravatar.com\\\/avatar\\\/9102d8c23b35e2809b07ebc42ce126daa3d6a47cce9878a22d14d9852ade629e?s=96&d=mm&r=g\",\"url\":\"https:\\\/\\\/secure.gravatar.com\\\/avatar\\\/9102d8c23b35e2809b07ebc42ce126daa3d6a47cce9878a22d14d9852ade629e?s=96&d=mm&r=g\",\"contentUrl\":\"https:\\\/\\\/secure.gravatar.com\\\/avatar\\\/9102d8c23b35e2809b07ebc42ce126daa3d6a47cce9878a22d14d9852ade629e?s=96&d=mm&r=g\",\"caption\":\"admin\"},\"url\":\"https:\\\/\\\/www.turismoitinerante.com\\\/site\\\/author\\\/admin\\\/\"}]}<\/script>\n<!-- \/ Yoast SEO plugin. -->","yoast_head_json":{"title":"La carica dei 53 Comuni del Trekking Urbano fa tappa a Bologna - TI - Turismo Itinerante","robots":{"index":"index","follow":"follow","max-snippet":"max-snippet:-1","max-image-preview":"max-image-preview:large","max-video-preview":"max-video-preview:-1"},"canonical":"https:\/\/www.turismoitinerante.com\/site\/la-carica-dei-53-comuni-del-trekking-urbano-fa-tappa-a-bologna\/","og_locale":"it_IT","og_type":"article","og_title":"La carica dei 53 Comuni del Trekking Urbano fa tappa a Bologna - TI - Turismo Itinerante","og_description":"La carica dei 53 Comuni del Trekking Urbano fa tappa a Bologna. La Sala stampa Luca Savonuzzi, di Palazzo d&#8217;Accursio ospita la presentazione dei percorsi a piedi che andranno in scena luned\u00ec 31 ottobre nei pi\u00f9 belli centri storici del Paese. All\u2019evento parteciperanno Sonia Pallai, assessore al turismo del Comune di Siena, citt\u00e0 capofila del [&hellip;]","og_url":"https:\/\/www.turismoitinerante.com\/site\/la-carica-dei-53-comuni-del-trekking-urbano-fa-tappa-a-bologna\/","og_site_name":"TI - Turismo Itinerante","article_published_time":"2016-10-27T18:32:44+00:00","og_image":[{"width":600,"height":400,"url":"https:\/\/www.turismoitinerante.com\/site\/wp-content\/uploads\/2016\/10\/Siena_TrekkUrbano_PiazzaCampo3.jpg","type":"image\/jpeg"}],"author":"admin","twitter_card":"summary_large_image","twitter_misc":{"Scritto da":"admin","Tempo di lettura stimato":"2 minuti"},"schema":{"@context":"https:\/\/schema.org","@graph":[{"@type":"Article","@id":"https:\/\/www.turismoitinerante.com\/site\/la-carica-dei-53-comuni-del-trekking-urbano-fa-tappa-a-bologna\/#article","isPartOf":{"@id":"https:\/\/www.turismoitinerante.com\/site\/la-carica-dei-53-comuni-del-trekking-urbano-fa-tappa-a-bologna\/"},"author":{"name":"admin","@id":"https:\/\/www.turismoitinerante.com\/site\/#\/schema\/person\/1e1238d2d1617438f3682e54bf4d6c05"},"headline":"La carica dei 53 Comuni del Trekking Urbano fa tappa a Bologna","datePublished":"2016-10-27T18:32:44+00:00","mainEntityOfPage":{"@id":"https:\/\/www.turismoitinerante.com\/site\/la-carica-dei-53-comuni-del-trekking-urbano-fa-tappa-a-bologna\/"},"wordCount":425,"image":{"@id":"https:\/\/www.turismoitinerante.com\/site\/la-carica-dei-53-comuni-del-trekking-urbano-fa-tappa-a-bologna\/#primaryimage"},"thumbnailUrl":"https:\/\/www.turismoitinerante.com\/site\/wp-content\/uploads\/2016\/10\/Siena_TrekkUrbano_PiazzaCampo3.jpg","keywords":["trekking urbano"],"articleSection":["Turismo"],"inLanguage":"it-IT"},{"@type":"WebPage","@id":"https:\/\/www.turismoitinerante.com\/site\/la-carica-dei-53-comuni-del-trekking-urbano-fa-tappa-a-bologna\/","url":"https:\/\/www.turismoitinerante.com\/site\/la-carica-dei-53-comuni-del-trekking-urbano-fa-tappa-a-bologna\/","name":"La carica dei 53 Comuni del Trekking Urbano fa tappa a Bologna - TI - Turismo Itinerante","isPartOf":{"@id":"https:\/\/www.turismoitinerante.com\/site\/#website"},"primaryImageOfPage":{"@id":"https:\/\/www.turismoitinerante.com\/site\/la-carica-dei-53-comuni-del-trekking-urbano-fa-tappa-a-bologna\/#primaryimage"},"image":{"@id":"https:\/\/www.turismoitinerante.com\/site\/la-carica-dei-53-comuni-del-trekking-urbano-fa-tappa-a-bologna\/#primaryimage"},"thumbnailUrl":"https:\/\/www.turismoitinerante.com\/site\/wp-content\/uploads\/2016\/10\/Siena_TrekkUrbano_PiazzaCampo3.jpg","datePublished":"2016-10-27T18:32:44+00:00","author":{"@id":"https:\/\/www.turismoitinerante.com\/site\/#\/schema\/person\/1e1238d2d1617438f3682e54bf4d6c05"},"breadcrumb":{"@id":"https:\/\/www.turismoitinerante.com\/site\/la-carica-dei-53-comuni-del-trekking-urbano-fa-tappa-a-bologna\/#breadcrumb"},"inLanguage":"it-IT","potentialAction":[{"@type":"ReadAction","target":["https:\/\/www.turismoitinerante.com\/site\/la-carica-dei-53-comuni-del-trekking-urbano-fa-tappa-a-bologna\/"]}]},{"@type":"ImageObject","inLanguage":"it-IT","@id":"https:\/\/www.turismoitinerante.com\/site\/la-carica-dei-53-comuni-del-trekking-urbano-fa-tappa-a-bologna\/#primaryimage","url":"https:\/\/www.turismoitinerante.com\/site\/wp-content\/uploads\/2016\/10\/Siena_TrekkUrbano_PiazzaCampo3.jpg","contentUrl":"https:\/\/www.turismoitinerante.com\/site\/wp-content\/uploads\/2016\/10\/Siena_TrekkUrbano_PiazzaCampo3.jpg","width":600,"height":400},{"@type":"BreadcrumbList","@id":"https:\/\/www.turismoitinerante.com\/site\/la-carica-dei-53-comuni-del-trekking-urbano-fa-tappa-a-bologna\/#breadcrumb","itemListElement":[{"@type":"ListItem","position":1,"name":"Home","item":"https:\/\/www.turismoitinerante.com\/site\/"},{"@type":"ListItem","position":2,"name":"La carica dei 53 Comuni del Trekking Urbano fa tappa a Bologna"}]},{"@type":"WebSite","@id":"https:\/\/www.turismoitinerante.com\/site\/#website","url":"https:\/\/www.turismoitinerante.com\/site\/","name":"TI - Turismo Itinerante","description":"Ritrovarsi su internet per informarsi, per informare. Il portale del turismo itinerante. Una infinit\u00e0 di notizie su camper, itinerari, aree sosta camper, concessionari, campeggi, agriturismo, raduni, sagre, fiere, mostre, associazioni, club, forum, bacheca annunci","potentialAction":[{"@type":"SearchAction","target":{"@type":"EntryPoint","urlTemplate":"https:\/\/www.turismoitinerante.com\/site\/?s={search_term_string}"},"query-input":{"@type":"PropertyValueSpecification","valueRequired":true,"valueName":"search_term_string"}}],"inLanguage":"it-IT"},{"@type":"Person","@id":"https:\/\/www.turismoitinerante.com\/site\/#\/schema\/person\/1e1238d2d1617438f3682e54bf4d6c05","name":"admin","image":{"@type":"ImageObject","inLanguage":"it-IT","@id":"https:\/\/secure.gravatar.com\/avatar\/9102d8c23b35e2809b07ebc42ce126daa3d6a47cce9878a22d14d9852ade629e?s=96&d=mm&r=g","url":"https:\/\/secure.gravatar.com\/avatar\/9102d8c23b35e2809b07ebc42ce126daa3d6a47cce9878a22d14d9852ade629e?s=96&d=mm&r=g","contentUrl":"https:\/\/secure.gravatar.com\/avatar\/9102d8c23b35e2809b07ebc42ce126daa3d6a47cce9878a22d14d9852ade629e?s=96&d=mm&r=g","caption":"admin"},"url":"https:\/\/www.turismoitinerante.com\/site\/author\/admin\/"}]}},"_links":{"self":[{"href":"https:\/\/www.turismoitinerante.com\/site\/wp-json\/wp\/v2\/posts\/33557","targetHints":{"allow":["GET"]}}],"collection":[{"href":"https:\/\/www.turismoitinerante.com\/site\/wp-json\/wp\/v2\/posts"}],"about":[{"href":"https:\/\/www.turismoitinerante.com\/site\/wp-json\/wp\/v2\/types\/post"}],"author":[{"embeddable":true,"href":"https:\/\/www.turismoitinerante.com\/site\/wp-json\/wp\/v2\/users\/1"}],"replies":[{"embeddable":true,"href":"https:\/\/www.turismoitinerante.com\/site\/wp-json\/wp\/v2\/comments?post=33557"}],"version-history":[{"count":5,"href":"https:\/\/www.turismoitinerante.com\/site\/wp-json\/wp\/v2\/posts\/33557\/revisions"}],"predecessor-version":[{"id":33575,"href":"https:\/\/www.turismoitinerante.com\/site\/wp-json\/wp\/v2\/posts\/33557\/revisions\/33575"}],"wp:featuredmedia":[{"embeddable":true,"href":"https:\/\/www.turismoitinerante.com\/site\/wp-json\/wp\/v2\/media\/33558"}],"wp:attachment":[{"href":"https:\/\/www.turismoitinerante.com\/site\/wp-json\/wp\/v2\/media?parent=33557"}],"wp:term":[{"taxonomy":"category","embeddable":true,"href":"https:\/\/www.turismoitinerante.com\/site\/wp-json\/wp\/v2\/categories?post=33557"},{"taxonomy":"post_tag","embeddable":true,"href":"https:\/\/www.turismoitinerante.com\/site\/wp-json\/wp\/v2\/tags?post=33557"}],"curies":[{"name":"wp","href":"https:\/\/api.w.org\/{rel}","templated":true}]}}