{"id":33431,"date":"2016-09-25T11:27:14","date_gmt":"2016-09-25T10:27:14","guid":{"rendered":"http:\/\/www.turismoitinerante.com\/site\/?p=33431"},"modified":"2016-10-03T11:27:26","modified_gmt":"2016-10-03T10:27:26","slug":"la-sagra-della-mandorla-nella-borgata-di-regalgioffoli","status":"publish","type":"post","link":"https:\/\/www.turismoitinerante.com\/site\/la-sagra-della-mandorla-nella-borgata-di-regalgioffoli\/","title":{"rendered":"La sagra della mandorla nella borgata di Regalgioffoli"},"content":{"rendered":"<p><strong>Il borgo del gusto: La sagra della mandorla nella borgata di Regalgioffoli ( Roccapalumba ).\u00a0Dal 30 Settembre al 2 Ottobre 2016 il Borgo del Gusto si arricchir\u00e0 di profumi, sapori, musiche e colori della Sicilia: un evento imperdibile, una sagra di gastronomia, turismo, cultura e tradizione. Nella caratteristica borgata di Regalgioffoli arriva la Sagra della Mandorla, tre giorni in cui questo frutto, dalle propriet\u00e0 benefiche e dal gusto prelibato, sar\u00e0 il centro di conferenze, spettacoli, degustazioni.<\/strong><\/p>\n<p>Un evento, ideato e curato dal Comune di Roccapalumba e dall\u2019Associazione Regalgioffoli nel Cuore, con il patrocinio della Regione Siciliana, che avr\u00e0 inizio Venerd\u00ec 30 Settembre con il caratteristico taglio del nastro con le autorit\u00e0 civili e militari e la presentazione della sagra. La manifestazione si snoder\u00e0 poi con momenti di musica, degustazioni di pasta al pesto di mandorle, gelato alle mandorle, cubbaita, tuma alle mandorle, zabbinata.<\/p>\n<p>Artigiani e produttori esporranno, durante i tre giorni, prodotti tipici locali e del territorio. Interessante sar\u00e0 \u201cRegalgioffoli EcoTour\u201d, itinerario turistico, culturale e naturalistico, presso le Tombe Rupestri disseminate nel territorio di Regalgioffoli. Una conferenza spiegher\u00e0 la mandorla e le sue propriet\u00e0 ai pi\u00f9 piccoli. A cura del Corteo Storico del Feudo Palumba sar\u00e0, invece, il Saluto delle Famiglie benestanti alla nuova signoria di Regalgioffoli, una riscoperta e valorizzazione delle origini storiche della borgata, accompagnati dagli sbandieratori dei Giovani del Castello.<\/p>\n<p>Cos\u00ec afferma il Presidente dell\u2019Associazione \u201cRegalgioffoli nel Cuore\u201d, Benedetto Chimenti: \u201cQuest\u2019anno abbiamo deciso di affiancare i festeggiamenti in onore della Madonna del Rosario la Sagra della Mandorla, al fine di valorizzare sia i nostri prodotti tipici che riscoprire le antiche tradizioni, il tutto in un connubio di fede, sapori e usi. Ringrazio l\u2019Amministrazione Comunale, in particolare l\u2019Assessore al Turismo Giovanni Spadafora per la preziosa e intensa collaborazione con la nostra Associazione.\u201d<\/p>\n<p>Domenica 2 Ottobre, infatti, ad affiancare prodotti tipici locali ed artigianato, i festeggiamenti in onore di Maria S.S. del Rosario, padrona della borgata di Regalgioffoli, con le Sante Messe e la Processione del Simulacro per le vie di Regalgioffoli, il tutto contornato da tradizione, con i giochi dei pignateddi, spettacoli musicali e il tradizionale gioco pirotecnico.<\/p>\n<p>\u201cAnche quest\u2019anno, grazie al lavoro dei giovani dell\u2019Associazione \u201cRegalgioffoli nel Cuore\u201d si potr\u00e0 rivivere la magia della festa della Madonna del Rosario, che come per incanto si rinnova ogni anno nella nostra borgata\u201d \u2013 commenta l\u2019Assessore al Turismo Giovanni Spadafora \u2013 \u201cQuest\u2019anno, nonostante le difficolt\u00e0 economiche, siamo riusciti a intensificare la manifestazione con la Sagra della Mandorla, dimostrando, ancora una volta, che se si vuole, con poco, si pu\u00f2 fare, e anche bene. Il mio auspicio \u00e8 quello di poter considerare la sagra un trampolino di lancio per il futuro del nostro paese, nel tentativo di crearvi intorno un circuito ampio di sviluppo economico e turistico.\u201d<\/p>\n<p><a href=\"http:\/\/www.turismoitinerante.com\/site\/wp-content\/uploads\/2016\/09\/Sagra-della-Mandorla.jpg\"><img decoding=\"async\" class=\"alignleft size-medium wp-image-33433\" alt=\"sagra-della-mandorla\" src=\"http:\/\/www.turismoitinerante.com\/site\/wp-content\/uploads\/2016\/09\/Sagra-della-Mandorla-300x75.jpg\" width=\"300\" height=\"75\" srcset=\"https:\/\/www.turismoitinerante.com\/site\/wp-content\/uploads\/2016\/09\/Sagra-della-Mandorla-300x75.jpg 300w, https:\/\/www.turismoitinerante.com\/site\/wp-content\/uploads\/2016\/09\/Sagra-della-Mandorla-400x100.jpg 400w, https:\/\/www.turismoitinerante.com\/site\/wp-content\/uploads\/2016\/09\/Sagra-della-Mandorla.jpg 600w\" sizes=\"(max-width: 300px) 100vw, 300px\" \/><\/a><\/p>\n<div class=\"7863122cad8776726ec303240ed69aa5\" data-index=\"4\" style=\"float: none; margin:10px 0 10px 0; text-align:center;\">\n<script async src=\"\/\/pagead2.googlesyndication.com\/pagead\/js\/adsbygoogle.js\"><\/script>\r\n<!-- 728x90, creato 23\/02\/11 -->\r\n<ins class=\"adsbygoogle\"\r\n     style=\"display:inline-block;width:728px;height:90px\"\r\n     data-ad-client=\"ca-pub-5798583071070083\"\r\n     data-ad-slot=\"5935394872\"><\/ins>\r\n<script>\r\n(adsbygoogle = window.adsbygoogle || []).push({});\r\n<\/script>\n<\/div>\n\n<div style=\"font-size: 0px; height: 0px; line-height: 0px; margin: 0; padding: 0; clear: both;\"><\/div>","protected":false},"excerpt":{"rendered":"<p>Il borgo del gusto: La sagra della mandorla nella borgata di Regalgioffoli ( Roccapalumba ).\u00a0Dal 30 Settembre al 2 Ottobre 2016 il Borgo del Gusto si arricchir\u00e0 di profumi, sapori, musiche e colori della Sicilia: un evento imperdibile, una sagra di gastronomia, turismo, cultura e tradizione. Nella caratteristica borgata di Regalgioffoli arriva la Sagra della [&hellip;]<\/p>\n","protected":false},"author":1,"featured_media":33432,"comment_status":"closed","ping_status":"open","sticky":false,"template":"","format":"standard","meta":{"ngg_post_thumbnail":0,"jnews-multi-image_gallery":[],"jnews_single_post":[],"jnews_primary_category":[],"jnews_override_counter":[],"footnotes":""},"categories":[643],"tags":[],"class_list":["post-33431","post","type-post","status-publish","format-standard","has-post-thumbnail","hentry","category-itinerari-gustosi"],"yoast_head":"<!-- This site is optimized with the Yoast SEO plugin v27.4 - https:\/\/yoast.com\/product\/yoast-seo-wordpress\/ -->\n<title>La sagra della mandorla nella borgata di Regalgioffoli  - TI - Turismo Itinerante<\/title>\n<meta name=\"robots\" content=\"index, follow, max-snippet:-1, max-image-preview:large, max-video-preview:-1\" \/>\n<link rel=\"canonical\" href=\"https:\/\/www.turismoitinerante.com\/site\/la-sagra-della-mandorla-nella-borgata-di-regalgioffoli\/\" \/>\n<meta property=\"og:locale\" content=\"it_IT\" \/>\n<meta property=\"og:type\" content=\"article\" \/>\n<meta property=\"og:title\" content=\"La sagra della mandorla nella borgata di Regalgioffoli  - TI - Turismo Itinerante\" \/>\n<meta property=\"og:description\" content=\"Il borgo del gusto: La sagra della mandorla nella borgata di Regalgioffoli ( Roccapalumba ).\u00a0Dal 30 Settembre al 2 Ottobre 2016 il Borgo del Gusto si arricchir\u00e0 di profumi, sapori, musiche e colori della Sicilia: un evento imperdibile, una sagra di gastronomia, turismo, cultura e tradizione. Nella caratteristica borgata di Regalgioffoli arriva la Sagra della [&hellip;]\" \/>\n<meta property=\"og:url\" content=\"https:\/\/www.turismoitinerante.com\/site\/la-sagra-della-mandorla-nella-borgata-di-regalgioffoli\/\" \/>\n<meta property=\"og:site_name\" content=\"TI - Turismo Itinerante\" \/>\n<meta property=\"article:published_time\" content=\"2016-09-25T10:27:14+00:00\" \/>\n<meta property=\"article:modified_time\" content=\"2016-10-03T10:27:26+00:00\" \/>\n<meta property=\"og:image\" content=\"https:\/\/www.turismoitinerante.com\/site\/wp-content\/uploads\/2016\/09\/DEFINITIVA.jpg\" \/>\n\t<meta property=\"og:image:width\" content=\"724\" \/>\n\t<meta property=\"og:image:height\" content=\"1024\" \/>\n\t<meta property=\"og:image:type\" content=\"image\/jpeg\" \/>\n<meta name=\"author\" content=\"admin\" \/>\n<meta name=\"twitter:card\" content=\"summary_large_image\" \/>\n<meta name=\"twitter:label1\" content=\"Scritto da\" \/>\n\t<meta name=\"twitter:data1\" content=\"admin\" \/>\n\t<meta name=\"twitter:label2\" content=\"Tempo di lettura stimato\" \/>\n\t<meta name=\"twitter:data2\" content=\"2 minuti\" \/>\n<script type=\"application\/ld+json\" class=\"yoast-schema-graph\">{\"@context\":\"https:\\\/\\\/schema.org\",\"@graph\":[{\"@type\":\"Article\",\"@id\":\"https:\\\/\\\/www.turismoitinerante.com\\\/site\\\/la-sagra-della-mandorla-nella-borgata-di-regalgioffoli\\\/#article\",\"isPartOf\":{\"@id\":\"https:\\\/\\\/www.turismoitinerante.com\\\/site\\\/la-sagra-della-mandorla-nella-borgata-di-regalgioffoli\\\/\"},\"author\":{\"name\":\"admin\",\"@id\":\"https:\\\/\\\/www.turismoitinerante.com\\\/site\\\/#\\\/schema\\\/person\\\/1e1238d2d1617438f3682e54bf4d6c05\"},\"headline\":\"La sagra della mandorla nella borgata di Regalgioffoli\",\"datePublished\":\"2016-09-25T10:27:14+00:00\",\"dateModified\":\"2016-10-03T10:27:26+00:00\",\"mainEntityOfPage\":{\"@id\":\"https:\\\/\\\/www.turismoitinerante.com\\\/site\\\/la-sagra-della-mandorla-nella-borgata-di-regalgioffoli\\\/\"},\"wordCount\":465,\"image\":{\"@id\":\"https:\\\/\\\/www.turismoitinerante.com\\\/site\\\/la-sagra-della-mandorla-nella-borgata-di-regalgioffoli\\\/#primaryimage\"},\"thumbnailUrl\":\"https:\\\/\\\/www.turismoitinerante.com\\\/site\\\/wp-content\\\/uploads\\\/2016\\\/09\\\/DEFINITIVA.jpg\",\"articleSection\":[\"Itinerari Gustosi\"],\"inLanguage\":\"it-IT\"},{\"@type\":\"WebPage\",\"@id\":\"https:\\\/\\\/www.turismoitinerante.com\\\/site\\\/la-sagra-della-mandorla-nella-borgata-di-regalgioffoli\\\/\",\"url\":\"https:\\\/\\\/www.turismoitinerante.com\\\/site\\\/la-sagra-della-mandorla-nella-borgata-di-regalgioffoli\\\/\",\"name\":\"La sagra della mandorla nella borgata di Regalgioffoli - TI - Turismo Itinerante\",\"isPartOf\":{\"@id\":\"https:\\\/\\\/www.turismoitinerante.com\\\/site\\\/#website\"},\"primaryImageOfPage\":{\"@id\":\"https:\\\/\\\/www.turismoitinerante.com\\\/site\\\/la-sagra-della-mandorla-nella-borgata-di-regalgioffoli\\\/#primaryimage\"},\"image\":{\"@id\":\"https:\\\/\\\/www.turismoitinerante.com\\\/site\\\/la-sagra-della-mandorla-nella-borgata-di-regalgioffoli\\\/#primaryimage\"},\"thumbnailUrl\":\"https:\\\/\\\/www.turismoitinerante.com\\\/site\\\/wp-content\\\/uploads\\\/2016\\\/09\\\/DEFINITIVA.jpg\",\"datePublished\":\"2016-09-25T10:27:14+00:00\",\"dateModified\":\"2016-10-03T10:27:26+00:00\",\"author\":{\"@id\":\"https:\\\/\\\/www.turismoitinerante.com\\\/site\\\/#\\\/schema\\\/person\\\/1e1238d2d1617438f3682e54bf4d6c05\"},\"breadcrumb\":{\"@id\":\"https:\\\/\\\/www.turismoitinerante.com\\\/site\\\/la-sagra-della-mandorla-nella-borgata-di-regalgioffoli\\\/#breadcrumb\"},\"inLanguage\":\"it-IT\",\"potentialAction\":[{\"@type\":\"ReadAction\",\"target\":[\"https:\\\/\\\/www.turismoitinerante.com\\\/site\\\/la-sagra-della-mandorla-nella-borgata-di-regalgioffoli\\\/\"]}]},{\"@type\":\"ImageObject\",\"inLanguage\":\"it-IT\",\"@id\":\"https:\\\/\\\/www.turismoitinerante.com\\\/site\\\/la-sagra-della-mandorla-nella-borgata-di-regalgioffoli\\\/#primaryimage\",\"url\":\"https:\\\/\\\/www.turismoitinerante.com\\\/site\\\/wp-content\\\/uploads\\\/2016\\\/09\\\/DEFINITIVA.jpg\",\"contentUrl\":\"https:\\\/\\\/www.turismoitinerante.com\\\/site\\\/wp-content\\\/uploads\\\/2016\\\/09\\\/DEFINITIVA.jpg\",\"width\":724,\"height\":1024},{\"@type\":\"BreadcrumbList\",\"@id\":\"https:\\\/\\\/www.turismoitinerante.com\\\/site\\\/la-sagra-della-mandorla-nella-borgata-di-regalgioffoli\\\/#breadcrumb\",\"itemListElement\":[{\"@type\":\"ListItem\",\"position\":1,\"name\":\"Home\",\"item\":\"https:\\\/\\\/www.turismoitinerante.com\\\/site\\\/\"},{\"@type\":\"ListItem\",\"position\":2,\"name\":\"La sagra della mandorla nella borgata di Regalgioffoli\"}]},{\"@type\":\"WebSite\",\"@id\":\"https:\\\/\\\/www.turismoitinerante.com\\\/site\\\/#website\",\"url\":\"https:\\\/\\\/www.turismoitinerante.com\\\/site\\\/\",\"name\":\"TI - Turismo Itinerante\",\"description\":\"Ritrovarsi su internet per informarsi, per informare. Il portale del turismo itinerante. Una infinit\u00e0 di notizie su camper, itinerari, aree sosta camper, concessionari, campeggi, agriturismo, raduni, sagre, fiere, mostre, associazioni, club, forum, bacheca annunci\",\"potentialAction\":[{\"@type\":\"SearchAction\",\"target\":{\"@type\":\"EntryPoint\",\"urlTemplate\":\"https:\\\/\\\/www.turismoitinerante.com\\\/site\\\/?s={search_term_string}\"},\"query-input\":{\"@type\":\"PropertyValueSpecification\",\"valueRequired\":true,\"valueName\":\"search_term_string\"}}],\"inLanguage\":\"it-IT\"},{\"@type\":\"Person\",\"@id\":\"https:\\\/\\\/www.turismoitinerante.com\\\/site\\\/#\\\/schema\\\/person\\\/1e1238d2d1617438f3682e54bf4d6c05\",\"name\":\"admin\",\"image\":{\"@type\":\"ImageObject\",\"inLanguage\":\"it-IT\",\"@id\":\"https:\\\/\\\/secure.gravatar.com\\\/avatar\\\/9102d8c23b35e2809b07ebc42ce126daa3d6a47cce9878a22d14d9852ade629e?s=96&d=mm&r=g\",\"url\":\"https:\\\/\\\/secure.gravatar.com\\\/avatar\\\/9102d8c23b35e2809b07ebc42ce126daa3d6a47cce9878a22d14d9852ade629e?s=96&d=mm&r=g\",\"contentUrl\":\"https:\\\/\\\/secure.gravatar.com\\\/avatar\\\/9102d8c23b35e2809b07ebc42ce126daa3d6a47cce9878a22d14d9852ade629e?s=96&d=mm&r=g\",\"caption\":\"admin\"},\"url\":\"https:\\\/\\\/www.turismoitinerante.com\\\/site\\\/author\\\/admin\\\/\"}]}<\/script>\n<!-- \/ Yoast SEO plugin. -->","yoast_head_json":{"title":"La sagra della mandorla nella borgata di Regalgioffoli  - TI - Turismo Itinerante","robots":{"index":"index","follow":"follow","max-snippet":"max-snippet:-1","max-image-preview":"max-image-preview:large","max-video-preview":"max-video-preview:-1"},"canonical":"https:\/\/www.turismoitinerante.com\/site\/la-sagra-della-mandorla-nella-borgata-di-regalgioffoli\/","og_locale":"it_IT","og_type":"article","og_title":"La sagra della mandorla nella borgata di Regalgioffoli  - TI - Turismo Itinerante","og_description":"Il borgo del gusto: La sagra della mandorla nella borgata di Regalgioffoli ( Roccapalumba ).\u00a0Dal 30 Settembre al 2 Ottobre 2016 il Borgo del Gusto si arricchir\u00e0 di profumi, sapori, musiche e colori della Sicilia: un evento imperdibile, una sagra di gastronomia, turismo, cultura e tradizione. Nella caratteristica borgata di Regalgioffoli arriva la Sagra della [&hellip;]","og_url":"https:\/\/www.turismoitinerante.com\/site\/la-sagra-della-mandorla-nella-borgata-di-regalgioffoli\/","og_site_name":"TI - Turismo Itinerante","article_published_time":"2016-09-25T10:27:14+00:00","article_modified_time":"2016-10-03T10:27:26+00:00","og_image":[{"width":724,"height":1024,"url":"https:\/\/www.turismoitinerante.com\/site\/wp-content\/uploads\/2016\/09\/DEFINITIVA.jpg","type":"image\/jpeg"}],"author":"admin","twitter_card":"summary_large_image","twitter_misc":{"Scritto da":"admin","Tempo di lettura stimato":"2 minuti"},"schema":{"@context":"https:\/\/schema.org","@graph":[{"@type":"Article","@id":"https:\/\/www.turismoitinerante.com\/site\/la-sagra-della-mandorla-nella-borgata-di-regalgioffoli\/#article","isPartOf":{"@id":"https:\/\/www.turismoitinerante.com\/site\/la-sagra-della-mandorla-nella-borgata-di-regalgioffoli\/"},"author":{"name":"admin","@id":"https:\/\/www.turismoitinerante.com\/site\/#\/schema\/person\/1e1238d2d1617438f3682e54bf4d6c05"},"headline":"La sagra della mandorla nella borgata di Regalgioffoli","datePublished":"2016-09-25T10:27:14+00:00","dateModified":"2016-10-03T10:27:26+00:00","mainEntityOfPage":{"@id":"https:\/\/www.turismoitinerante.com\/site\/la-sagra-della-mandorla-nella-borgata-di-regalgioffoli\/"},"wordCount":465,"image":{"@id":"https:\/\/www.turismoitinerante.com\/site\/la-sagra-della-mandorla-nella-borgata-di-regalgioffoli\/#primaryimage"},"thumbnailUrl":"https:\/\/www.turismoitinerante.com\/site\/wp-content\/uploads\/2016\/09\/DEFINITIVA.jpg","articleSection":["Itinerari Gustosi"],"inLanguage":"it-IT"},{"@type":"WebPage","@id":"https:\/\/www.turismoitinerante.com\/site\/la-sagra-della-mandorla-nella-borgata-di-regalgioffoli\/","url":"https:\/\/www.turismoitinerante.com\/site\/la-sagra-della-mandorla-nella-borgata-di-regalgioffoli\/","name":"La sagra della mandorla nella borgata di Regalgioffoli - TI - Turismo Itinerante","isPartOf":{"@id":"https:\/\/www.turismoitinerante.com\/site\/#website"},"primaryImageOfPage":{"@id":"https:\/\/www.turismoitinerante.com\/site\/la-sagra-della-mandorla-nella-borgata-di-regalgioffoli\/#primaryimage"},"image":{"@id":"https:\/\/www.turismoitinerante.com\/site\/la-sagra-della-mandorla-nella-borgata-di-regalgioffoli\/#primaryimage"},"thumbnailUrl":"https:\/\/www.turismoitinerante.com\/site\/wp-content\/uploads\/2016\/09\/DEFINITIVA.jpg","datePublished":"2016-09-25T10:27:14+00:00","dateModified":"2016-10-03T10:27:26+00:00","author":{"@id":"https:\/\/www.turismoitinerante.com\/site\/#\/schema\/person\/1e1238d2d1617438f3682e54bf4d6c05"},"breadcrumb":{"@id":"https:\/\/www.turismoitinerante.com\/site\/la-sagra-della-mandorla-nella-borgata-di-regalgioffoli\/#breadcrumb"},"inLanguage":"it-IT","potentialAction":[{"@type":"ReadAction","target":["https:\/\/www.turismoitinerante.com\/site\/la-sagra-della-mandorla-nella-borgata-di-regalgioffoli\/"]}]},{"@type":"ImageObject","inLanguage":"it-IT","@id":"https:\/\/www.turismoitinerante.com\/site\/la-sagra-della-mandorla-nella-borgata-di-regalgioffoli\/#primaryimage","url":"https:\/\/www.turismoitinerante.com\/site\/wp-content\/uploads\/2016\/09\/DEFINITIVA.jpg","contentUrl":"https:\/\/www.turismoitinerante.com\/site\/wp-content\/uploads\/2016\/09\/DEFINITIVA.jpg","width":724,"height":1024},{"@type":"BreadcrumbList","@id":"https:\/\/www.turismoitinerante.com\/site\/la-sagra-della-mandorla-nella-borgata-di-regalgioffoli\/#breadcrumb","itemListElement":[{"@type":"ListItem","position":1,"name":"Home","item":"https:\/\/www.turismoitinerante.com\/site\/"},{"@type":"ListItem","position":2,"name":"La sagra della mandorla nella borgata di Regalgioffoli"}]},{"@type":"WebSite","@id":"https:\/\/www.turismoitinerante.com\/site\/#website","url":"https:\/\/www.turismoitinerante.com\/site\/","name":"TI - Turismo Itinerante","description":"Ritrovarsi su internet per informarsi, per informare. Il portale del turismo itinerante. Una infinit\u00e0 di notizie su camper, itinerari, aree sosta camper, concessionari, campeggi, agriturismo, raduni, sagre, fiere, mostre, associazioni, club, forum, bacheca annunci","potentialAction":[{"@type":"SearchAction","target":{"@type":"EntryPoint","urlTemplate":"https:\/\/www.turismoitinerante.com\/site\/?s={search_term_string}"},"query-input":{"@type":"PropertyValueSpecification","valueRequired":true,"valueName":"search_term_string"}}],"inLanguage":"it-IT"},{"@type":"Person","@id":"https:\/\/www.turismoitinerante.com\/site\/#\/schema\/person\/1e1238d2d1617438f3682e54bf4d6c05","name":"admin","image":{"@type":"ImageObject","inLanguage":"it-IT","@id":"https:\/\/secure.gravatar.com\/avatar\/9102d8c23b35e2809b07ebc42ce126daa3d6a47cce9878a22d14d9852ade629e?s=96&d=mm&r=g","url":"https:\/\/secure.gravatar.com\/avatar\/9102d8c23b35e2809b07ebc42ce126daa3d6a47cce9878a22d14d9852ade629e?s=96&d=mm&r=g","contentUrl":"https:\/\/secure.gravatar.com\/avatar\/9102d8c23b35e2809b07ebc42ce126daa3d6a47cce9878a22d14d9852ade629e?s=96&d=mm&r=g","caption":"admin"},"url":"https:\/\/www.turismoitinerante.com\/site\/author\/admin\/"}]}},"_links":{"self":[{"href":"https:\/\/www.turismoitinerante.com\/site\/wp-json\/wp\/v2\/posts\/33431","targetHints":{"allow":["GET"]}}],"collection":[{"href":"https:\/\/www.turismoitinerante.com\/site\/wp-json\/wp\/v2\/posts"}],"about":[{"href":"https:\/\/www.turismoitinerante.com\/site\/wp-json\/wp\/v2\/types\/post"}],"author":[{"embeddable":true,"href":"https:\/\/www.turismoitinerante.com\/site\/wp-json\/wp\/v2\/users\/1"}],"replies":[{"embeddable":true,"href":"https:\/\/www.turismoitinerante.com\/site\/wp-json\/wp\/v2\/comments?post=33431"}],"version-history":[{"count":1,"href":"https:\/\/www.turismoitinerante.com\/site\/wp-json\/wp\/v2\/posts\/33431\/revisions"}],"predecessor-version":[{"id":33434,"href":"https:\/\/www.turismoitinerante.com\/site\/wp-json\/wp\/v2\/posts\/33431\/revisions\/33434"}],"wp:featuredmedia":[{"embeddable":true,"href":"https:\/\/www.turismoitinerante.com\/site\/wp-json\/wp\/v2\/media\/33432"}],"wp:attachment":[{"href":"https:\/\/www.turismoitinerante.com\/site\/wp-json\/wp\/v2\/media?parent=33431"}],"wp:term":[{"taxonomy":"category","embeddable":true,"href":"https:\/\/www.turismoitinerante.com\/site\/wp-json\/wp\/v2\/categories?post=33431"},{"taxonomy":"post_tag","embeddable":true,"href":"https:\/\/www.turismoitinerante.com\/site\/wp-json\/wp\/v2\/tags?post=33431"}],"curies":[{"name":"wp","href":"https:\/\/api.w.org\/{rel}","templated":true}]}}