{"id":33392,"date":"2016-09-22T15:23:47","date_gmt":"2016-09-22T14:23:47","guid":{"rendered":"http:\/\/www.turismoitinerante.com\/site\/?p=33392"},"modified":"2016-09-22T15:24:06","modified_gmt":"2016-09-22T14:24:06","slug":"domenica-25-settembre-il-salone-del-camper-continua-a-vicenza","status":"publish","type":"post","link":"https:\/\/www.turismoitinerante.com\/site\/domenica-25-settembre-il-salone-del-camper-continua-a-vicenza\/","title":{"rendered":"Domenica 25 settembre il salone del camper continua a Vicenza"},"content":{"rendered":"<p>Siete stati al Salone del Camper di Parma? Per chi se l&#8217;\u00e8 perso e per chi magari intende conoscere meglio i nuovi mezzi presentati in fiera, Bonometti vi aspetta domenica 25 settembre con un imperdibile porte aperte con tutte le\u00a0pi\u00f9 interessanti novit\u00e0 che hanno riscosso un grande successo alla recente kermesse con i marchi: Adria, B\u00fcrstner, Carado, Fendt, Hobby, Hymer, Heriba, Laika, Etrusko e SunLiving.<\/p>\n<p><a href=\"http:\/\/www.turismoitinerante.com\/site\/wp-content\/uploads\/2016\/09\/unnamed-11.jpg\"><img decoding=\"async\" class=\"aligncenter size-full wp-image-33393\" alt=\"unnamed-1\" src=\"http:\/\/www.turismoitinerante.com\/site\/wp-content\/uploads\/2016\/09\/unnamed-11.jpg\" width=\"666\" height=\"242\" srcset=\"https:\/\/www.turismoitinerante.com\/site\/wp-content\/uploads\/2016\/09\/unnamed-11.jpg 666w, https:\/\/www.turismoitinerante.com\/site\/wp-content\/uploads\/2016\/09\/unnamed-11-300x109.jpg 300w, https:\/\/www.turismoitinerante.com\/site\/wp-content\/uploads\/2016\/09\/unnamed-11-400x145.jpg 400w\" sizes=\"(max-width: 666px) 100vw, 666px\" \/><\/a><br \/>\nPer qualsiasi informazione:<br \/>\nBonometti Centrocaravan Vicenza<br \/>\nVia Lago di Iseo, 2<br \/>\n36077 Altavilla Vicentina<br \/>\nT. +39 0444 372372<br \/>\nF. +39 0444 573801<br \/>\nvicenza@bonometti.it<br \/>\n<a href=\"http:\/\/http:\/\/www.bonometti.it\/\" target=\"_blank\">www.bonometti.it<\/a><\/p>\n<div class=\"7863122cad8776726ec303240ed69aa5\" data-index=\"4\" style=\"float: none; margin:10px 0 10px 0; text-align:center;\">\n<script async src=\"\/\/pagead2.googlesyndication.com\/pagead\/js\/adsbygoogle.js\"><\/script>\r\n<!-- 728x90, creato 23\/02\/11 -->\r\n<ins class=\"adsbygoogle\"\r\n     style=\"display:inline-block;width:728px;height:90px\"\r\n     data-ad-client=\"ca-pub-5798583071070083\"\r\n     data-ad-slot=\"5935394872\"><\/ins>\r\n<script>\r\n(adsbygoogle = window.adsbygoogle || []).push({});\r\n<\/script>\n<\/div>\n\n<div style=\"font-size: 0px; height: 0px; line-height: 0px; margin: 0; padding: 0; clear: both;\"><\/div>","protected":false},"excerpt":{"rendered":"<p>Siete stati al Salone del Camper di Parma? Per chi se l&#8217;\u00e8 perso e per chi magari intende conoscere meglio i nuovi mezzi presentati in fiera, Bonometti vi aspetta domenica 25 settembre con un imperdibile porte aperte con tutte le\u00a0pi\u00f9 interessanti novit\u00e0 che hanno riscosso un grande successo alla recente kermesse con i marchi: Adria, [&hellip;]<\/p>\n","protected":false},"author":1,"featured_media":33393,"comment_status":"closed","ping_status":"open","sticky":false,"template":"","format":"standard","meta":{"ngg_post_thumbnail":0,"jnews-multi-image_gallery":[],"jnews_single_post":[],"jnews_primary_category":[],"jnews_override_counter":[],"footnotes":""},"categories":[642],"tags":[475],"class_list":["post-33392","post","type-post","status-publish","format-standard","has-post-thumbnail","hentry","category-caravanning","tag-bonometti"],"yoast_head":"<!-- This site is optimized with the Yoast SEO plugin v27.4 - https:\/\/yoast.com\/product\/yoast-seo-wordpress\/ -->\n<title>Domenica 25 settembre il salone del camper continua a Vicenza - TI - Turismo Itinerante<\/title>\n<meta name=\"robots\" content=\"index, follow, max-snippet:-1, max-image-preview:large, max-video-preview:-1\" \/>\n<link rel=\"canonical\" href=\"https:\/\/www.turismoitinerante.com\/site\/domenica-25-settembre-il-salone-del-camper-continua-a-vicenza\/\" \/>\n<meta property=\"og:locale\" content=\"it_IT\" \/>\n<meta property=\"og:type\" content=\"article\" \/>\n<meta property=\"og:title\" content=\"Domenica 25 settembre il salone del camper continua a Vicenza - TI - Turismo Itinerante\" \/>\n<meta property=\"og:description\" content=\"Siete stati al Salone del Camper di Parma? Per chi se l&#8217;\u00e8 perso e per chi magari intende conoscere meglio i nuovi mezzi presentati in fiera, Bonometti vi aspetta domenica 25 settembre con un imperdibile porte aperte con tutte le\u00a0pi\u00f9 interessanti novit\u00e0 che hanno riscosso un grande successo alla recente kermesse con i marchi: Adria, [&hellip;]\" \/>\n<meta property=\"og:url\" content=\"https:\/\/www.turismoitinerante.com\/site\/domenica-25-settembre-il-salone-del-camper-continua-a-vicenza\/\" \/>\n<meta property=\"og:site_name\" content=\"TI - Turismo Itinerante\" \/>\n<meta property=\"article:published_time\" content=\"2016-09-22T14:23:47+00:00\" \/>\n<meta property=\"article:modified_time\" content=\"2016-09-22T14:24:06+00:00\" \/>\n<meta property=\"og:image\" content=\"https:\/\/www.turismoitinerante.com\/site\/wp-content\/uploads\/2016\/09\/unnamed-11.jpg\" \/>\n\t<meta property=\"og:image:width\" content=\"666\" \/>\n\t<meta property=\"og:image:height\" content=\"242\" \/>\n\t<meta property=\"og:image:type\" content=\"image\/jpeg\" \/>\n<meta name=\"author\" content=\"admin\" \/>\n<meta name=\"twitter:card\" content=\"summary_large_image\" \/>\n<meta name=\"twitter:label1\" content=\"Scritto da\" \/>\n\t<meta name=\"twitter:data1\" content=\"admin\" \/>\n<script type=\"application\/ld+json\" class=\"yoast-schema-graph\">{\"@context\":\"https:\\\/\\\/schema.org\",\"@graph\":[{\"@type\":\"Article\",\"@id\":\"https:\\\/\\\/www.turismoitinerante.com\\\/site\\\/domenica-25-settembre-il-salone-del-camper-continua-a-vicenza\\\/#article\",\"isPartOf\":{\"@id\":\"https:\\\/\\\/www.turismoitinerante.com\\\/site\\\/domenica-25-settembre-il-salone-del-camper-continua-a-vicenza\\\/\"},\"author\":{\"name\":\"admin\",\"@id\":\"https:\\\/\\\/www.turismoitinerante.com\\\/site\\\/#\\\/schema\\\/person\\\/1e1238d2d1617438f3682e54bf4d6c05\"},\"headline\":\"Domenica 25 settembre il salone del camper continua a Vicenza\",\"datePublished\":\"2016-09-22T14:23:47+00:00\",\"dateModified\":\"2016-09-22T14:24:06+00:00\",\"mainEntityOfPage\":{\"@id\":\"https:\\\/\\\/www.turismoitinerante.com\\\/site\\\/domenica-25-settembre-il-salone-del-camper-continua-a-vicenza\\\/\"},\"wordCount\":95,\"image\":{\"@id\":\"https:\\\/\\\/www.turismoitinerante.com\\\/site\\\/domenica-25-settembre-il-salone-del-camper-continua-a-vicenza\\\/#primaryimage\"},\"thumbnailUrl\":\"https:\\\/\\\/www.turismoitinerante.com\\\/site\\\/wp-content\\\/uploads\\\/2016\\\/09\\\/unnamed-11.jpg\",\"keywords\":[\"Bonometti\"],\"articleSection\":[\"Caravanning\"],\"inLanguage\":\"it-IT\"},{\"@type\":\"WebPage\",\"@id\":\"https:\\\/\\\/www.turismoitinerante.com\\\/site\\\/domenica-25-settembre-il-salone-del-camper-continua-a-vicenza\\\/\",\"url\":\"https:\\\/\\\/www.turismoitinerante.com\\\/site\\\/domenica-25-settembre-il-salone-del-camper-continua-a-vicenza\\\/\",\"name\":\"Domenica 25 settembre il salone del camper continua a Vicenza - TI - Turismo Itinerante\",\"isPartOf\":{\"@id\":\"https:\\\/\\\/www.turismoitinerante.com\\\/site\\\/#website\"},\"primaryImageOfPage\":{\"@id\":\"https:\\\/\\\/www.turismoitinerante.com\\\/site\\\/domenica-25-settembre-il-salone-del-camper-continua-a-vicenza\\\/#primaryimage\"},\"image\":{\"@id\":\"https:\\\/\\\/www.turismoitinerante.com\\\/site\\\/domenica-25-settembre-il-salone-del-camper-continua-a-vicenza\\\/#primaryimage\"},\"thumbnailUrl\":\"https:\\\/\\\/www.turismoitinerante.com\\\/site\\\/wp-content\\\/uploads\\\/2016\\\/09\\\/unnamed-11.jpg\",\"datePublished\":\"2016-09-22T14:23:47+00:00\",\"dateModified\":\"2016-09-22T14:24:06+00:00\",\"author\":{\"@id\":\"https:\\\/\\\/www.turismoitinerante.com\\\/site\\\/#\\\/schema\\\/person\\\/1e1238d2d1617438f3682e54bf4d6c05\"},\"breadcrumb\":{\"@id\":\"https:\\\/\\\/www.turismoitinerante.com\\\/site\\\/domenica-25-settembre-il-salone-del-camper-continua-a-vicenza\\\/#breadcrumb\"},\"inLanguage\":\"it-IT\",\"potentialAction\":[{\"@type\":\"ReadAction\",\"target\":[\"https:\\\/\\\/www.turismoitinerante.com\\\/site\\\/domenica-25-settembre-il-salone-del-camper-continua-a-vicenza\\\/\"]}]},{\"@type\":\"ImageObject\",\"inLanguage\":\"it-IT\",\"@id\":\"https:\\\/\\\/www.turismoitinerante.com\\\/site\\\/domenica-25-settembre-il-salone-del-camper-continua-a-vicenza\\\/#primaryimage\",\"url\":\"https:\\\/\\\/www.turismoitinerante.com\\\/site\\\/wp-content\\\/uploads\\\/2016\\\/09\\\/unnamed-11.jpg\",\"contentUrl\":\"https:\\\/\\\/www.turismoitinerante.com\\\/site\\\/wp-content\\\/uploads\\\/2016\\\/09\\\/unnamed-11.jpg\",\"width\":666,\"height\":242},{\"@type\":\"BreadcrumbList\",\"@id\":\"https:\\\/\\\/www.turismoitinerante.com\\\/site\\\/domenica-25-settembre-il-salone-del-camper-continua-a-vicenza\\\/#breadcrumb\",\"itemListElement\":[{\"@type\":\"ListItem\",\"position\":1,\"name\":\"Home\",\"item\":\"https:\\\/\\\/www.turismoitinerante.com\\\/site\\\/\"},{\"@type\":\"ListItem\",\"position\":2,\"name\":\"Domenica 25 settembre il salone del camper continua a Vicenza\"}]},{\"@type\":\"WebSite\",\"@id\":\"https:\\\/\\\/www.turismoitinerante.com\\\/site\\\/#website\",\"url\":\"https:\\\/\\\/www.turismoitinerante.com\\\/site\\\/\",\"name\":\"TI - Turismo Itinerante\",\"description\":\"Ritrovarsi su internet per informarsi, per informare. Il portale del turismo itinerante. Una infinit\u00e0 di notizie su camper, itinerari, aree sosta camper, concessionari, campeggi, agriturismo, raduni, sagre, fiere, mostre, associazioni, club, forum, bacheca annunci\",\"potentialAction\":[{\"@type\":\"SearchAction\",\"target\":{\"@type\":\"EntryPoint\",\"urlTemplate\":\"https:\\\/\\\/www.turismoitinerante.com\\\/site\\\/?s={search_term_string}\"},\"query-input\":{\"@type\":\"PropertyValueSpecification\",\"valueRequired\":true,\"valueName\":\"search_term_string\"}}],\"inLanguage\":\"it-IT\"},{\"@type\":\"Person\",\"@id\":\"https:\\\/\\\/www.turismoitinerante.com\\\/site\\\/#\\\/schema\\\/person\\\/1e1238d2d1617438f3682e54bf4d6c05\",\"name\":\"admin\",\"image\":{\"@type\":\"ImageObject\",\"inLanguage\":\"it-IT\",\"@id\":\"https:\\\/\\\/secure.gravatar.com\\\/avatar\\\/9102d8c23b35e2809b07ebc42ce126daa3d6a47cce9878a22d14d9852ade629e?s=96&d=mm&r=g\",\"url\":\"https:\\\/\\\/secure.gravatar.com\\\/avatar\\\/9102d8c23b35e2809b07ebc42ce126daa3d6a47cce9878a22d14d9852ade629e?s=96&d=mm&r=g\",\"contentUrl\":\"https:\\\/\\\/secure.gravatar.com\\\/avatar\\\/9102d8c23b35e2809b07ebc42ce126daa3d6a47cce9878a22d14d9852ade629e?s=96&d=mm&r=g\",\"caption\":\"admin\"},\"url\":\"https:\\\/\\\/www.turismoitinerante.com\\\/site\\\/author\\\/admin\\\/\"}]}<\/script>\n<!-- \/ Yoast SEO plugin. -->","yoast_head_json":{"title":"Domenica 25 settembre il salone del camper continua a Vicenza - TI - Turismo Itinerante","robots":{"index":"index","follow":"follow","max-snippet":"max-snippet:-1","max-image-preview":"max-image-preview:large","max-video-preview":"max-video-preview:-1"},"canonical":"https:\/\/www.turismoitinerante.com\/site\/domenica-25-settembre-il-salone-del-camper-continua-a-vicenza\/","og_locale":"it_IT","og_type":"article","og_title":"Domenica 25 settembre il salone del camper continua a Vicenza - TI - Turismo Itinerante","og_description":"Siete stati al Salone del Camper di Parma? Per chi se l&#8217;\u00e8 perso e per chi magari intende conoscere meglio i nuovi mezzi presentati in fiera, Bonometti vi aspetta domenica 25 settembre con un imperdibile porte aperte con tutte le\u00a0pi\u00f9 interessanti novit\u00e0 che hanno riscosso un grande successo alla recente kermesse con i marchi: Adria, [&hellip;]","og_url":"https:\/\/www.turismoitinerante.com\/site\/domenica-25-settembre-il-salone-del-camper-continua-a-vicenza\/","og_site_name":"TI - Turismo Itinerante","article_published_time":"2016-09-22T14:23:47+00:00","article_modified_time":"2016-09-22T14:24:06+00:00","og_image":[{"width":666,"height":242,"url":"https:\/\/www.turismoitinerante.com\/site\/wp-content\/uploads\/2016\/09\/unnamed-11.jpg","type":"image\/jpeg"}],"author":"admin","twitter_card":"summary_large_image","twitter_misc":{"Scritto da":"admin"},"schema":{"@context":"https:\/\/schema.org","@graph":[{"@type":"Article","@id":"https:\/\/www.turismoitinerante.com\/site\/domenica-25-settembre-il-salone-del-camper-continua-a-vicenza\/#article","isPartOf":{"@id":"https:\/\/www.turismoitinerante.com\/site\/domenica-25-settembre-il-salone-del-camper-continua-a-vicenza\/"},"author":{"name":"admin","@id":"https:\/\/www.turismoitinerante.com\/site\/#\/schema\/person\/1e1238d2d1617438f3682e54bf4d6c05"},"headline":"Domenica 25 settembre il salone del camper continua a Vicenza","datePublished":"2016-09-22T14:23:47+00:00","dateModified":"2016-09-22T14:24:06+00:00","mainEntityOfPage":{"@id":"https:\/\/www.turismoitinerante.com\/site\/domenica-25-settembre-il-salone-del-camper-continua-a-vicenza\/"},"wordCount":95,"image":{"@id":"https:\/\/www.turismoitinerante.com\/site\/domenica-25-settembre-il-salone-del-camper-continua-a-vicenza\/#primaryimage"},"thumbnailUrl":"https:\/\/www.turismoitinerante.com\/site\/wp-content\/uploads\/2016\/09\/unnamed-11.jpg","keywords":["Bonometti"],"articleSection":["Caravanning"],"inLanguage":"it-IT"},{"@type":"WebPage","@id":"https:\/\/www.turismoitinerante.com\/site\/domenica-25-settembre-il-salone-del-camper-continua-a-vicenza\/","url":"https:\/\/www.turismoitinerante.com\/site\/domenica-25-settembre-il-salone-del-camper-continua-a-vicenza\/","name":"Domenica 25 settembre il salone del camper continua a Vicenza - TI - Turismo Itinerante","isPartOf":{"@id":"https:\/\/www.turismoitinerante.com\/site\/#website"},"primaryImageOfPage":{"@id":"https:\/\/www.turismoitinerante.com\/site\/domenica-25-settembre-il-salone-del-camper-continua-a-vicenza\/#primaryimage"},"image":{"@id":"https:\/\/www.turismoitinerante.com\/site\/domenica-25-settembre-il-salone-del-camper-continua-a-vicenza\/#primaryimage"},"thumbnailUrl":"https:\/\/www.turismoitinerante.com\/site\/wp-content\/uploads\/2016\/09\/unnamed-11.jpg","datePublished":"2016-09-22T14:23:47+00:00","dateModified":"2016-09-22T14:24:06+00:00","author":{"@id":"https:\/\/www.turismoitinerante.com\/site\/#\/schema\/person\/1e1238d2d1617438f3682e54bf4d6c05"},"breadcrumb":{"@id":"https:\/\/www.turismoitinerante.com\/site\/domenica-25-settembre-il-salone-del-camper-continua-a-vicenza\/#breadcrumb"},"inLanguage":"it-IT","potentialAction":[{"@type":"ReadAction","target":["https:\/\/www.turismoitinerante.com\/site\/domenica-25-settembre-il-salone-del-camper-continua-a-vicenza\/"]}]},{"@type":"ImageObject","inLanguage":"it-IT","@id":"https:\/\/www.turismoitinerante.com\/site\/domenica-25-settembre-il-salone-del-camper-continua-a-vicenza\/#primaryimage","url":"https:\/\/www.turismoitinerante.com\/site\/wp-content\/uploads\/2016\/09\/unnamed-11.jpg","contentUrl":"https:\/\/www.turismoitinerante.com\/site\/wp-content\/uploads\/2016\/09\/unnamed-11.jpg","width":666,"height":242},{"@type":"BreadcrumbList","@id":"https:\/\/www.turismoitinerante.com\/site\/domenica-25-settembre-il-salone-del-camper-continua-a-vicenza\/#breadcrumb","itemListElement":[{"@type":"ListItem","position":1,"name":"Home","item":"https:\/\/www.turismoitinerante.com\/site\/"},{"@type":"ListItem","position":2,"name":"Domenica 25 settembre il salone del camper continua a Vicenza"}]},{"@type":"WebSite","@id":"https:\/\/www.turismoitinerante.com\/site\/#website","url":"https:\/\/www.turismoitinerante.com\/site\/","name":"TI - Turismo Itinerante","description":"Ritrovarsi su internet per informarsi, per informare. Il portale del turismo itinerante. Una infinit\u00e0 di notizie su camper, itinerari, aree sosta camper, concessionari, campeggi, agriturismo, raduni, sagre, fiere, mostre, associazioni, club, forum, bacheca annunci","potentialAction":[{"@type":"SearchAction","target":{"@type":"EntryPoint","urlTemplate":"https:\/\/www.turismoitinerante.com\/site\/?s={search_term_string}"},"query-input":{"@type":"PropertyValueSpecification","valueRequired":true,"valueName":"search_term_string"}}],"inLanguage":"it-IT"},{"@type":"Person","@id":"https:\/\/www.turismoitinerante.com\/site\/#\/schema\/person\/1e1238d2d1617438f3682e54bf4d6c05","name":"admin","image":{"@type":"ImageObject","inLanguage":"it-IT","@id":"https:\/\/secure.gravatar.com\/avatar\/9102d8c23b35e2809b07ebc42ce126daa3d6a47cce9878a22d14d9852ade629e?s=96&d=mm&r=g","url":"https:\/\/secure.gravatar.com\/avatar\/9102d8c23b35e2809b07ebc42ce126daa3d6a47cce9878a22d14d9852ade629e?s=96&d=mm&r=g","contentUrl":"https:\/\/secure.gravatar.com\/avatar\/9102d8c23b35e2809b07ebc42ce126daa3d6a47cce9878a22d14d9852ade629e?s=96&d=mm&r=g","caption":"admin"},"url":"https:\/\/www.turismoitinerante.com\/site\/author\/admin\/"}]}},"_links":{"self":[{"href":"https:\/\/www.turismoitinerante.com\/site\/wp-json\/wp\/v2\/posts\/33392","targetHints":{"allow":["GET"]}}],"collection":[{"href":"https:\/\/www.turismoitinerante.com\/site\/wp-json\/wp\/v2\/posts"}],"about":[{"href":"https:\/\/www.turismoitinerante.com\/site\/wp-json\/wp\/v2\/types\/post"}],"author":[{"embeddable":true,"href":"https:\/\/www.turismoitinerante.com\/site\/wp-json\/wp\/v2\/users\/1"}],"replies":[{"embeddable":true,"href":"https:\/\/www.turismoitinerante.com\/site\/wp-json\/wp\/v2\/comments?post=33392"}],"version-history":[{"count":1,"href":"https:\/\/www.turismoitinerante.com\/site\/wp-json\/wp\/v2\/posts\/33392\/revisions"}],"predecessor-version":[{"id":33394,"href":"https:\/\/www.turismoitinerante.com\/site\/wp-json\/wp\/v2\/posts\/33392\/revisions\/33394"}],"wp:featuredmedia":[{"embeddable":true,"href":"https:\/\/www.turismoitinerante.com\/site\/wp-json\/wp\/v2\/media\/33393"}],"wp:attachment":[{"href":"https:\/\/www.turismoitinerante.com\/site\/wp-json\/wp\/v2\/media?parent=33392"}],"wp:term":[{"taxonomy":"category","embeddable":true,"href":"https:\/\/www.turismoitinerante.com\/site\/wp-json\/wp\/v2\/categories?post=33392"},{"taxonomy":"post_tag","embeddable":true,"href":"https:\/\/www.turismoitinerante.com\/site\/wp-json\/wp\/v2\/tags?post=33392"}],"curies":[{"name":"wp","href":"https:\/\/api.w.org\/{rel}","templated":true}]}}