{"id":32844,"date":"2016-02-04T20:51:43","date_gmt":"2016-02-04T19:51:43","guid":{"rendered":"http:\/\/www.turismoitinerante.com\/site\/?p=32844"},"modified":"2016-02-04T20:51:43","modified_gmt":"2016-02-04T19:51:43","slug":"la-festa-dei-limoni-a-mentone","status":"publish","type":"post","link":"https:\/\/www.turismoitinerante.com\/site\/la-festa-dei-limoni-a-mentone\/","title":{"rendered":"La Festa dei limoni a Mentone"},"content":{"rendered":"<p>La citt\u00e0 di Mentone gi\u00e0 \u00a0all\u2019inizio del 1900 era una grande produttrice di limoni, e il Comune, nel 1934 a seguito di esposizioni di limoni organizzate da alcuni albergatori negli anni precedenti appoggi\u00f2 l\u2019iniziativa che prese il nome di Festa del Limone 1934.<\/p>\n<p>Negli anni seguenti oltre alla sfilata dei carri carnevaleschi vennero organizzate anche esposizioni di agrumi e fiori nei Giardini di Boves di Mentone e da allora, escluso l\u2019intervallo della seconda guerra mondiale, \u00a0ha luogo la Festa del Limone. Essa consiste,\u00a0 oltre alla sfilata di carri,\u00a0 di una serie di giganti sculture composte alcune da tonnellate di agrumi sistemate nei Giardini di Boves.<\/p>\n<p><a href=\"http:\/\/www.turismoitinerante.com\/site\/wp-content\/uploads\/2016\/02\/festa-limoni-mentone.jpg\"><img decoding=\"async\" class=\"aligncenter size-full wp-image-32845\" alt=\"festa-limoni-mentone\" src=\"http:\/\/www.turismoitinerante.com\/site\/wp-content\/uploads\/2016\/02\/festa-limoni-mentone.jpg\" width=\"735\" height=\"278\" srcset=\"https:\/\/www.turismoitinerante.com\/site\/wp-content\/uploads\/2016\/02\/festa-limoni-mentone.jpg 735w, https:\/\/www.turismoitinerante.com\/site\/wp-content\/uploads\/2016\/02\/festa-limoni-mentone-300x113.jpg 300w, https:\/\/www.turismoitinerante.com\/site\/wp-content\/uploads\/2016\/02\/festa-limoni-mentone-400x151.jpg 400w\" sizes=\"(max-width: 735px) 100vw, 735px\" \/><\/a><\/p>\n<p>Ogni anno il tema \u00e8 diverso, quest\u2019anno il tema scelto \u00e8 stato Cinecitt\u00e0.\u00a0 Ispirandosi alla Dolce Vita le sculture rappresentano\u00a0 il\u00a0 sogno e la nostalgia del cinema italiano degli anni \u201950 e \u201960.<\/p>\n<p>Dal 13 Febbraio al 2 Marzo \u00e8 possibile vedere, realizzate con arance e limoni, rappresentazioni di\u00a0 personaggi ispirati a film drammatici come Amarcord, o a pellicole mitologiche.<\/p>\n<p>I Giardini di Boves si possono visitare da sabato 13 febbraio a mercoled\u00ec 2 marzo dalle 10 alle 18, al gioved\u00ec la visita \u00e8 consentita sino alle 19, mentre alla domenica va dalle 9 alle 19.<\/p>\n<p>Numerose le manifestazioni secondo il calendario seguente:<\/p>\n<p>Domenica 14 febbraio, ore 14.30: Sfilata dei frutti d\u2019oro<\/p>\n<ul>\n<li>Marted\u00ec 16 febbraio, ore 20.30: Giardini di luce<\/li>\n<li>Gioved\u00ec 18 febbraio, ore 20.30: Sfilata notturna (seguita da uno spettacolo pirotecnico)<\/li>\n<li>Venerd\u00ec 19 febbraio, ore 20.30: Giardini di luce<\/li>\n<li>Domenica 21 febbraio, ore 14.30: Sfilata dei frutti d\u2019oro<\/li>\n<li>Marted\u00ec 23 febbraio, ore 20.30: Giardini di luce<\/li>\n<li>Gioved\u00ec 25 febbraio, ore 20.30: Sfilata notturna (seguita da uno spettacolo pirotecnico)<\/li>\n<li>Venerd\u00ec 26 febbraio, ore 20.30: Giardini di luce<\/li>\n<\/ul>\n<p>Domenica 28 febbraio, ore 14.30: Sfilata dei frutti d\u2019oro<\/p>\n<p><b>\u00a0<\/b><\/p>\n<p><b>Viabilit\u00e0 e zone di sosta<\/b><\/p>\n<p>Per facilitare gli spostamenti durante la Festa del Limone, raccomandiamo di fare particolarmente attenzione alla segnaletica stradale:<\/p>\n<p>All\u2019uscita dell\u2019autostrada A8, dei pannelli vi indicheranno le zone di accoglienza (automobili, camper, ecc\u2026);<\/p>\n<p>In citt\u00e0, nelle zone della manifestazione, invitiamo a fare particolarmente attenzione ai divieti di sosta affissi dal comune.<\/p>\n<p>I camper possono parcheggiare nell\u2019area subito dopo la frontiera italiana. Essa dovrebbe essere collegata da navette che portano al centro citt\u00e0.<\/p>\n<p>I lettori possono trovare ulteriori informazioni sul sito:<\/p>\n<p><a href=\"http:\/\/ www.fete-du-citron.com\/programma-della-festa-del-limone\" target=\"_blank\">\u00a0www.fete-du-citron.com\/programma-della-<b>festa<\/b>-del-<b>limone<\/b><\/a><\/p>\n<p><em>Testo e foto\u00a0di Musso Camillo<\/em><\/p>\n<div class=\"7863122cad8776726ec303240ed69aa5\" data-index=\"4\" style=\"float: none; margin:10px 0 10px 0; text-align:center;\">\n<script async src=\"\/\/pagead2.googlesyndication.com\/pagead\/js\/adsbygoogle.js\"><\/script>\r\n<!-- 728x90, creato 23\/02\/11 -->\r\n<ins class=\"adsbygoogle\"\r\n     style=\"display:inline-block;width:728px;height:90px\"\r\n     data-ad-client=\"ca-pub-5798583071070083\"\r\n     data-ad-slot=\"5935394872\"><\/ins>\r\n<script>\r\n(adsbygoogle = window.adsbygoogle || []).push({});\r\n<\/script>\n<\/div>\n\n<div style=\"font-size: 0px; height: 0px; line-height: 0px; margin: 0; padding: 0; clear: both;\"><\/div>","protected":false},"excerpt":{"rendered":"<p>La citt\u00e0 di Mentone gi\u00e0 \u00a0all\u2019inizio del 1900 era una grande produttrice di limoni, e il Comune, nel 1934 a seguito di esposizioni di limoni organizzate da alcuni albergatori negli anni precedenti appoggi\u00f2 l\u2019iniziativa che prese il nome di Festa del Limone 1934. Negli anni seguenti oltre alla sfilata dei carri carnevaleschi vennero organizzate anche [&hellip;]<\/p>\n","protected":false},"author":1,"featured_media":32845,"comment_status":"closed","ping_status":"open","sticky":false,"template":"","format":"standard","meta":{"ngg_post_thumbnail":0,"jnews-multi-image_gallery":[],"jnews_single_post":[],"jnews_primary_category":[],"jnews_override_counter":[],"footnotes":""},"categories":[621],"tags":[],"class_list":["post-32844","post","type-post","status-publish","format-standard","has-post-thumbnail","hentry","category-info-turismo"],"yoast_head":"<!-- This site is optimized with the Yoast SEO plugin v27.4 - https:\/\/yoast.com\/product\/yoast-seo-wordpress\/ -->\n<title>La Festa dei limoni a Mentone - TI - Turismo Itinerante<\/title>\n<meta name=\"robots\" content=\"index, follow, max-snippet:-1, max-image-preview:large, max-video-preview:-1\" \/>\n<link rel=\"canonical\" href=\"https:\/\/www.turismoitinerante.com\/site\/la-festa-dei-limoni-a-mentone\/\" \/>\n<meta property=\"og:locale\" content=\"it_IT\" \/>\n<meta property=\"og:type\" content=\"article\" \/>\n<meta property=\"og:title\" content=\"La Festa dei limoni a Mentone - TI - Turismo Itinerante\" \/>\n<meta property=\"og:description\" content=\"La citt\u00e0 di Mentone gi\u00e0 \u00a0all\u2019inizio del 1900 era una grande produttrice di limoni, e il Comune, nel 1934 a seguito di esposizioni di limoni organizzate da alcuni albergatori negli anni precedenti appoggi\u00f2 l\u2019iniziativa che prese il nome di Festa del Limone 1934. Negli anni seguenti oltre alla sfilata dei carri carnevaleschi vennero organizzate anche [&hellip;]\" \/>\n<meta property=\"og:url\" content=\"https:\/\/www.turismoitinerante.com\/site\/la-festa-dei-limoni-a-mentone\/\" \/>\n<meta property=\"og:site_name\" content=\"TI - Turismo Itinerante\" \/>\n<meta property=\"article:published_time\" content=\"2016-02-04T19:51:43+00:00\" \/>\n<meta property=\"og:image\" content=\"https:\/\/www.turismoitinerante.com\/site\/wp-content\/uploads\/2016\/02\/festa-limoni-mentone.jpg\" \/>\n\t<meta property=\"og:image:width\" content=\"735\" \/>\n\t<meta property=\"og:image:height\" content=\"278\" \/>\n\t<meta property=\"og:image:type\" content=\"image\/jpeg\" \/>\n<meta name=\"author\" content=\"admin\" \/>\n<meta name=\"twitter:card\" content=\"summary_large_image\" \/>\n<meta name=\"twitter:label1\" content=\"Scritto da\" \/>\n\t<meta name=\"twitter:data1\" content=\"admin\" \/>\n\t<meta name=\"twitter:label2\" content=\"Tempo di lettura stimato\" \/>\n\t<meta name=\"twitter:data2\" content=\"2 minuti\" \/>\n<script type=\"application\/ld+json\" class=\"yoast-schema-graph\">{\"@context\":\"https:\\\/\\\/schema.org\",\"@graph\":[{\"@type\":\"Article\",\"@id\":\"https:\\\/\\\/www.turismoitinerante.com\\\/site\\\/la-festa-dei-limoni-a-mentone\\\/#article\",\"isPartOf\":{\"@id\":\"https:\\\/\\\/www.turismoitinerante.com\\\/site\\\/la-festa-dei-limoni-a-mentone\\\/\"},\"author\":{\"name\":\"admin\",\"@id\":\"https:\\\/\\\/www.turismoitinerante.com\\\/site\\\/#\\\/schema\\\/person\\\/1e1238d2d1617438f3682e54bf4d6c05\"},\"headline\":\"La Festa dei limoni a Mentone\",\"datePublished\":\"2016-02-04T19:51:43+00:00\",\"mainEntityOfPage\":{\"@id\":\"https:\\\/\\\/www.turismoitinerante.com\\\/site\\\/la-festa-dei-limoni-a-mentone\\\/\"},\"wordCount\":364,\"image\":{\"@id\":\"https:\\\/\\\/www.turismoitinerante.com\\\/site\\\/la-festa-dei-limoni-a-mentone\\\/#primaryimage\"},\"thumbnailUrl\":\"https:\\\/\\\/www.turismoitinerante.com\\\/site\\\/wp-content\\\/uploads\\\/2016\\\/02\\\/festa-limoni-mentone.jpg\",\"articleSection\":[\"Turismo\"],\"inLanguage\":\"it-IT\"},{\"@type\":\"WebPage\",\"@id\":\"https:\\\/\\\/www.turismoitinerante.com\\\/site\\\/la-festa-dei-limoni-a-mentone\\\/\",\"url\":\"https:\\\/\\\/www.turismoitinerante.com\\\/site\\\/la-festa-dei-limoni-a-mentone\\\/\",\"name\":\"La Festa dei limoni a Mentone - TI - Turismo Itinerante\",\"isPartOf\":{\"@id\":\"https:\\\/\\\/www.turismoitinerante.com\\\/site\\\/#website\"},\"primaryImageOfPage\":{\"@id\":\"https:\\\/\\\/www.turismoitinerante.com\\\/site\\\/la-festa-dei-limoni-a-mentone\\\/#primaryimage\"},\"image\":{\"@id\":\"https:\\\/\\\/www.turismoitinerante.com\\\/site\\\/la-festa-dei-limoni-a-mentone\\\/#primaryimage\"},\"thumbnailUrl\":\"https:\\\/\\\/www.turismoitinerante.com\\\/site\\\/wp-content\\\/uploads\\\/2016\\\/02\\\/festa-limoni-mentone.jpg\",\"datePublished\":\"2016-02-04T19:51:43+00:00\",\"author\":{\"@id\":\"https:\\\/\\\/www.turismoitinerante.com\\\/site\\\/#\\\/schema\\\/person\\\/1e1238d2d1617438f3682e54bf4d6c05\"},\"breadcrumb\":{\"@id\":\"https:\\\/\\\/www.turismoitinerante.com\\\/site\\\/la-festa-dei-limoni-a-mentone\\\/#breadcrumb\"},\"inLanguage\":\"it-IT\",\"potentialAction\":[{\"@type\":\"ReadAction\",\"target\":[\"https:\\\/\\\/www.turismoitinerante.com\\\/site\\\/la-festa-dei-limoni-a-mentone\\\/\"]}]},{\"@type\":\"ImageObject\",\"inLanguage\":\"it-IT\",\"@id\":\"https:\\\/\\\/www.turismoitinerante.com\\\/site\\\/la-festa-dei-limoni-a-mentone\\\/#primaryimage\",\"url\":\"https:\\\/\\\/www.turismoitinerante.com\\\/site\\\/wp-content\\\/uploads\\\/2016\\\/02\\\/festa-limoni-mentone.jpg\",\"contentUrl\":\"https:\\\/\\\/www.turismoitinerante.com\\\/site\\\/wp-content\\\/uploads\\\/2016\\\/02\\\/festa-limoni-mentone.jpg\",\"width\":735,\"height\":278},{\"@type\":\"BreadcrumbList\",\"@id\":\"https:\\\/\\\/www.turismoitinerante.com\\\/site\\\/la-festa-dei-limoni-a-mentone\\\/#breadcrumb\",\"itemListElement\":[{\"@type\":\"ListItem\",\"position\":1,\"name\":\"Home\",\"item\":\"https:\\\/\\\/www.turismoitinerante.com\\\/site\\\/\"},{\"@type\":\"ListItem\",\"position\":2,\"name\":\"La Festa dei limoni a Mentone\"}]},{\"@type\":\"WebSite\",\"@id\":\"https:\\\/\\\/www.turismoitinerante.com\\\/site\\\/#website\",\"url\":\"https:\\\/\\\/www.turismoitinerante.com\\\/site\\\/\",\"name\":\"TI - Turismo Itinerante\",\"description\":\"Ritrovarsi su internet per informarsi, per informare. Il portale del turismo itinerante. Una infinit\u00e0 di notizie su camper, itinerari, aree sosta camper, concessionari, campeggi, agriturismo, raduni, sagre, fiere, mostre, associazioni, club, forum, bacheca annunci\",\"potentialAction\":[{\"@type\":\"SearchAction\",\"target\":{\"@type\":\"EntryPoint\",\"urlTemplate\":\"https:\\\/\\\/www.turismoitinerante.com\\\/site\\\/?s={search_term_string}\"},\"query-input\":{\"@type\":\"PropertyValueSpecification\",\"valueRequired\":true,\"valueName\":\"search_term_string\"}}],\"inLanguage\":\"it-IT\"},{\"@type\":\"Person\",\"@id\":\"https:\\\/\\\/www.turismoitinerante.com\\\/site\\\/#\\\/schema\\\/person\\\/1e1238d2d1617438f3682e54bf4d6c05\",\"name\":\"admin\",\"image\":{\"@type\":\"ImageObject\",\"inLanguage\":\"it-IT\",\"@id\":\"https:\\\/\\\/secure.gravatar.com\\\/avatar\\\/9102d8c23b35e2809b07ebc42ce126daa3d6a47cce9878a22d14d9852ade629e?s=96&d=mm&r=g\",\"url\":\"https:\\\/\\\/secure.gravatar.com\\\/avatar\\\/9102d8c23b35e2809b07ebc42ce126daa3d6a47cce9878a22d14d9852ade629e?s=96&d=mm&r=g\",\"contentUrl\":\"https:\\\/\\\/secure.gravatar.com\\\/avatar\\\/9102d8c23b35e2809b07ebc42ce126daa3d6a47cce9878a22d14d9852ade629e?s=96&d=mm&r=g\",\"caption\":\"admin\"},\"url\":\"https:\\\/\\\/www.turismoitinerante.com\\\/site\\\/author\\\/admin\\\/\"}]}<\/script>\n<!-- \/ Yoast SEO plugin. -->","yoast_head_json":{"title":"La Festa dei limoni a Mentone - TI - Turismo Itinerante","robots":{"index":"index","follow":"follow","max-snippet":"max-snippet:-1","max-image-preview":"max-image-preview:large","max-video-preview":"max-video-preview:-1"},"canonical":"https:\/\/www.turismoitinerante.com\/site\/la-festa-dei-limoni-a-mentone\/","og_locale":"it_IT","og_type":"article","og_title":"La Festa dei limoni a Mentone - TI - Turismo Itinerante","og_description":"La citt\u00e0 di Mentone gi\u00e0 \u00a0all\u2019inizio del 1900 era una grande produttrice di limoni, e il Comune, nel 1934 a seguito di esposizioni di limoni organizzate da alcuni albergatori negli anni precedenti appoggi\u00f2 l\u2019iniziativa che prese il nome di Festa del Limone 1934. Negli anni seguenti oltre alla sfilata dei carri carnevaleschi vennero organizzate anche [&hellip;]","og_url":"https:\/\/www.turismoitinerante.com\/site\/la-festa-dei-limoni-a-mentone\/","og_site_name":"TI - Turismo Itinerante","article_published_time":"2016-02-04T19:51:43+00:00","og_image":[{"width":735,"height":278,"url":"https:\/\/www.turismoitinerante.com\/site\/wp-content\/uploads\/2016\/02\/festa-limoni-mentone.jpg","type":"image\/jpeg"}],"author":"admin","twitter_card":"summary_large_image","twitter_misc":{"Scritto da":"admin","Tempo di lettura stimato":"2 minuti"},"schema":{"@context":"https:\/\/schema.org","@graph":[{"@type":"Article","@id":"https:\/\/www.turismoitinerante.com\/site\/la-festa-dei-limoni-a-mentone\/#article","isPartOf":{"@id":"https:\/\/www.turismoitinerante.com\/site\/la-festa-dei-limoni-a-mentone\/"},"author":{"name":"admin","@id":"https:\/\/www.turismoitinerante.com\/site\/#\/schema\/person\/1e1238d2d1617438f3682e54bf4d6c05"},"headline":"La Festa dei limoni a Mentone","datePublished":"2016-02-04T19:51:43+00:00","mainEntityOfPage":{"@id":"https:\/\/www.turismoitinerante.com\/site\/la-festa-dei-limoni-a-mentone\/"},"wordCount":364,"image":{"@id":"https:\/\/www.turismoitinerante.com\/site\/la-festa-dei-limoni-a-mentone\/#primaryimage"},"thumbnailUrl":"https:\/\/www.turismoitinerante.com\/site\/wp-content\/uploads\/2016\/02\/festa-limoni-mentone.jpg","articleSection":["Turismo"],"inLanguage":"it-IT"},{"@type":"WebPage","@id":"https:\/\/www.turismoitinerante.com\/site\/la-festa-dei-limoni-a-mentone\/","url":"https:\/\/www.turismoitinerante.com\/site\/la-festa-dei-limoni-a-mentone\/","name":"La Festa dei limoni a Mentone - TI - Turismo Itinerante","isPartOf":{"@id":"https:\/\/www.turismoitinerante.com\/site\/#website"},"primaryImageOfPage":{"@id":"https:\/\/www.turismoitinerante.com\/site\/la-festa-dei-limoni-a-mentone\/#primaryimage"},"image":{"@id":"https:\/\/www.turismoitinerante.com\/site\/la-festa-dei-limoni-a-mentone\/#primaryimage"},"thumbnailUrl":"https:\/\/www.turismoitinerante.com\/site\/wp-content\/uploads\/2016\/02\/festa-limoni-mentone.jpg","datePublished":"2016-02-04T19:51:43+00:00","author":{"@id":"https:\/\/www.turismoitinerante.com\/site\/#\/schema\/person\/1e1238d2d1617438f3682e54bf4d6c05"},"breadcrumb":{"@id":"https:\/\/www.turismoitinerante.com\/site\/la-festa-dei-limoni-a-mentone\/#breadcrumb"},"inLanguage":"it-IT","potentialAction":[{"@type":"ReadAction","target":["https:\/\/www.turismoitinerante.com\/site\/la-festa-dei-limoni-a-mentone\/"]}]},{"@type":"ImageObject","inLanguage":"it-IT","@id":"https:\/\/www.turismoitinerante.com\/site\/la-festa-dei-limoni-a-mentone\/#primaryimage","url":"https:\/\/www.turismoitinerante.com\/site\/wp-content\/uploads\/2016\/02\/festa-limoni-mentone.jpg","contentUrl":"https:\/\/www.turismoitinerante.com\/site\/wp-content\/uploads\/2016\/02\/festa-limoni-mentone.jpg","width":735,"height":278},{"@type":"BreadcrumbList","@id":"https:\/\/www.turismoitinerante.com\/site\/la-festa-dei-limoni-a-mentone\/#breadcrumb","itemListElement":[{"@type":"ListItem","position":1,"name":"Home","item":"https:\/\/www.turismoitinerante.com\/site\/"},{"@type":"ListItem","position":2,"name":"La Festa dei limoni a Mentone"}]},{"@type":"WebSite","@id":"https:\/\/www.turismoitinerante.com\/site\/#website","url":"https:\/\/www.turismoitinerante.com\/site\/","name":"TI - Turismo Itinerante","description":"Ritrovarsi su internet per informarsi, per informare. Il portale del turismo itinerante. Una infinit\u00e0 di notizie su camper, itinerari, aree sosta camper, concessionari, campeggi, agriturismo, raduni, sagre, fiere, mostre, associazioni, club, forum, bacheca annunci","potentialAction":[{"@type":"SearchAction","target":{"@type":"EntryPoint","urlTemplate":"https:\/\/www.turismoitinerante.com\/site\/?s={search_term_string}"},"query-input":{"@type":"PropertyValueSpecification","valueRequired":true,"valueName":"search_term_string"}}],"inLanguage":"it-IT"},{"@type":"Person","@id":"https:\/\/www.turismoitinerante.com\/site\/#\/schema\/person\/1e1238d2d1617438f3682e54bf4d6c05","name":"admin","image":{"@type":"ImageObject","inLanguage":"it-IT","@id":"https:\/\/secure.gravatar.com\/avatar\/9102d8c23b35e2809b07ebc42ce126daa3d6a47cce9878a22d14d9852ade629e?s=96&d=mm&r=g","url":"https:\/\/secure.gravatar.com\/avatar\/9102d8c23b35e2809b07ebc42ce126daa3d6a47cce9878a22d14d9852ade629e?s=96&d=mm&r=g","contentUrl":"https:\/\/secure.gravatar.com\/avatar\/9102d8c23b35e2809b07ebc42ce126daa3d6a47cce9878a22d14d9852ade629e?s=96&d=mm&r=g","caption":"admin"},"url":"https:\/\/www.turismoitinerante.com\/site\/author\/admin\/"}]}},"_links":{"self":[{"href":"https:\/\/www.turismoitinerante.com\/site\/wp-json\/wp\/v2\/posts\/32844","targetHints":{"allow":["GET"]}}],"collection":[{"href":"https:\/\/www.turismoitinerante.com\/site\/wp-json\/wp\/v2\/posts"}],"about":[{"href":"https:\/\/www.turismoitinerante.com\/site\/wp-json\/wp\/v2\/types\/post"}],"author":[{"embeddable":true,"href":"https:\/\/www.turismoitinerante.com\/site\/wp-json\/wp\/v2\/users\/1"}],"replies":[{"embeddable":true,"href":"https:\/\/www.turismoitinerante.com\/site\/wp-json\/wp\/v2\/comments?post=32844"}],"version-history":[{"count":1,"href":"https:\/\/www.turismoitinerante.com\/site\/wp-json\/wp\/v2\/posts\/32844\/revisions"}],"predecessor-version":[{"id":32846,"href":"https:\/\/www.turismoitinerante.com\/site\/wp-json\/wp\/v2\/posts\/32844\/revisions\/32846"}],"wp:featuredmedia":[{"embeddable":true,"href":"https:\/\/www.turismoitinerante.com\/site\/wp-json\/wp\/v2\/media\/32845"}],"wp:attachment":[{"href":"https:\/\/www.turismoitinerante.com\/site\/wp-json\/wp\/v2\/media?parent=32844"}],"wp:term":[{"taxonomy":"category","embeddable":true,"href":"https:\/\/www.turismoitinerante.com\/site\/wp-json\/wp\/v2\/categories?post=32844"},{"taxonomy":"post_tag","embeddable":true,"href":"https:\/\/www.turismoitinerante.com\/site\/wp-json\/wp\/v2\/tags?post=32844"}],"curies":[{"name":"wp","href":"https:\/\/api.w.org\/{rel}","templated":true}]}}