{"id":32443,"date":"2015-11-20T09:49:52","date_gmt":"2015-11-20T08:49:52","guid":{"rendered":"http:\/\/www.turismoitinerante.com\/site\/?p=32443"},"modified":"2015-11-20T09:49:52","modified_gmt":"2015-11-20T08:49:52","slug":"latmosfera-di-natale-al-castello-di-monteu-roero-il-6-dicembre-2015","status":"publish","type":"post","link":"https:\/\/www.turismoitinerante.com\/site\/latmosfera-di-natale-al-castello-di-monteu-roero-il-6-dicembre-2015\/","title":{"rendered":"L&#8217;Atmosfera di Natale al castello di Monteu Roero il 6 dicembre 2015"},"content":{"rendered":"<p><strong>Per un giorno soltanto, il 6 dicembre il pubblico potr\u00e0 visitare il magnifico maniero ricco di storia e arte immerso nel Roero, grazie a Distillerie Berta, proprietarie dell\u2019antico edificio<\/strong><\/p>\n<p>Chi vuole vivere in anteprima la magica atmosfera di Natale, ha un appuntamento da segnare in agenda: l\u2019apertura eccezionale del Castello di Monteu Roero (CN) nel\u00a0periodo pre-natalizio: il 6 dicembre le Distillerie Berta accoglieranno nuovamente il pubblico nello storico maniero immerso nelle splendide colline patrimonio Unesco del Roero.<\/p>\n<p>Dalle 10.00 alle 12.30 e dalle 14.00 alle 17.00 sar\u00e0 quindi possibile visitare le stesse stanze che hanno ospitato Federico II e Federico Barbarossa, respirando l\u2019atmosfera d\u2019altri tempi custodita tra salotti, giardini, statue e affreschi.<\/p>\n<p><img decoding=\"async\" class=\"alignleft size-full wp-image-32445\" alt=\"castello\" src=\"http:\/\/www.turismoitinerante.com\/site\/wp-content\/uploads\/2015\/11\/castello.png\" width=\"333\" height=\"500\" srcset=\"https:\/\/www.turismoitinerante.com\/site\/wp-content\/uploads\/2015\/11\/castello.png 333w, https:\/\/www.turismoitinerante.com\/site\/wp-content\/uploads\/2015\/11\/castello-199x300.png 199w\" sizes=\"(max-width: 333px) 100vw, 333px\" \/><\/p>\n<p><span style=\"line-height: 1.5em;\">Un\u2019opportunit\u00e0 unica per riscoprire una struttura rimasta per anni celata agli occhi del pubblico: \u00e8 proprio la volont\u00e0 di far conoscere uno degli scrigni d\u2019arte del Piemonte che ha spinto la Famiglia Berta ad acquistare il Castello di Monteu Roero nel 2012 e renderlo visitabile, dando nuova vita alle tracce di una storia millenaria custodite al suo interno.<\/span><\/p>\n<p>Una parte di questo museo dentro il museo, \u00e8 rappresentata dalla biblioteca in cui sono raccolti centinaia di volumi antichi di medicina e anatomia.<\/p>\n<p><span style=\"line-height: 1.5em;\">Anticamente chiamato Monte Acuto, il maniero si trova sulla cima di una collina che offre una splendida vista del Roero, zona piemontese molto nota per il suo prestigioso vino ed inclusa recentemente nella lista del Patrimonio Unesco. Il castello, risalente al 1041 e costruito per volere di Guido Biandrate, fu dimora di Federico II mentre Federico Barbarossa vi trov\u00f2 rifugio durante l\u2019epidemia di peste che colp\u00ec le sue truppe. <\/span><\/p>\n<p><span style=\"line-height: 1.5em;\">Venne poi in parte ricostruito nel 1570-1575 mantenendo fino ad oggi quell\u2019aspetto.<\/span><\/p>\n<p>Le visite guidate al castello sono organizzate dall\u2019Associazione Culturale Bel Monteu: \u00e8 consigliata la prenotazione, chiamando il 333 7678652.<\/p>\n<p>Il viaggio nel tempo proposto da Distillerie Berta, proseguir\u00e0 nel 2016 con nuovi appuntamenti in cui sar\u00e0 possibile vistare questo maniero ricco di fascino, arte e storia.<\/p>\n<div class=\"7863122cad8776726ec303240ed69aa5\" data-index=\"4\" style=\"float: none; margin:10px 0 10px 0; text-align:center;\">\n<script async src=\"\/\/pagead2.googlesyndication.com\/pagead\/js\/adsbygoogle.js\"><\/script>\r\n<!-- 728x90, creato 23\/02\/11 -->\r\n<ins class=\"adsbygoogle\"\r\n     style=\"display:inline-block;width:728px;height:90px\"\r\n     data-ad-client=\"ca-pub-5798583071070083\"\r\n     data-ad-slot=\"5935394872\"><\/ins>\r\n<script>\r\n(adsbygoogle = window.adsbygoogle || []).push({});\r\n<\/script>\n<\/div>\n\n<div style=\"font-size: 0px; height: 0px; line-height: 0px; margin: 0; padding: 0; clear: both;\"><\/div>","protected":false},"excerpt":{"rendered":"<p>Per un giorno soltanto, il 6 dicembre il pubblico potr\u00e0 visitare il magnifico maniero ricco di storia e arte immerso nel Roero, grazie a Distillerie Berta, proprietarie dell\u2019antico edificio Chi vuole vivere in anteprima la magica atmosfera di Natale, ha un appuntamento da segnare in agenda: l\u2019apertura eccezionale del Castello di Monteu Roero (CN) nel\u00a0periodo [&hellip;]<\/p>\n","protected":false},"author":1,"featured_media":32445,"comment_status":"closed","ping_status":"open","sticky":false,"template":"","format":"standard","meta":{"ngg_post_thumbnail":0,"jnews-multi-image_gallery":[],"jnews_single_post":[],"jnews_primary_category":[],"jnews_override_counter":[],"footnotes":""},"categories":[621],"tags":[128],"class_list":["post-32443","post","type-post","status-publish","format-standard","has-post-thumbnail","hentry","category-info-turismo","tag-natale"],"yoast_head":"<!-- This site is optimized with the Yoast SEO plugin v27.4 - https:\/\/yoast.com\/product\/yoast-seo-wordpress\/ -->\n<title>L&#039;Atmosfera di Natale al castello di Monteu Roero il 6 dicembre 2015 - TI - Turismo Itinerante<\/title>\n<meta name=\"robots\" content=\"index, follow, max-snippet:-1, max-image-preview:large, max-video-preview:-1\" \/>\n<link rel=\"canonical\" href=\"https:\/\/www.turismoitinerante.com\/site\/latmosfera-di-natale-al-castello-di-monteu-roero-il-6-dicembre-2015\/\" \/>\n<meta property=\"og:locale\" content=\"it_IT\" \/>\n<meta property=\"og:type\" content=\"article\" \/>\n<meta property=\"og:title\" content=\"L&#039;Atmosfera di Natale al castello di Monteu Roero il 6 dicembre 2015 - TI - Turismo Itinerante\" \/>\n<meta property=\"og:description\" content=\"Per un giorno soltanto, il 6 dicembre il pubblico potr\u00e0 visitare il magnifico maniero ricco di storia e arte immerso nel Roero, grazie a Distillerie Berta, proprietarie dell\u2019antico edificio Chi vuole vivere in anteprima la magica atmosfera di Natale, ha un appuntamento da segnare in agenda: l\u2019apertura eccezionale del Castello di Monteu Roero (CN) nel\u00a0periodo [&hellip;]\" \/>\n<meta property=\"og:url\" content=\"https:\/\/www.turismoitinerante.com\/site\/latmosfera-di-natale-al-castello-di-monteu-roero-il-6-dicembre-2015\/\" \/>\n<meta property=\"og:site_name\" content=\"TI - Turismo Itinerante\" \/>\n<meta property=\"article:published_time\" content=\"2015-11-20T08:49:52+00:00\" \/>\n<meta property=\"og:image\" content=\"https:\/\/www.turismoitinerante.com\/site\/wp-content\/uploads\/2015\/11\/castello.png\" \/>\n\t<meta property=\"og:image:width\" content=\"333\" \/>\n\t<meta property=\"og:image:height\" content=\"500\" \/>\n\t<meta property=\"og:image:type\" content=\"image\/png\" \/>\n<meta name=\"author\" content=\"admin\" \/>\n<meta name=\"twitter:card\" content=\"summary_large_image\" \/>\n<meta name=\"twitter:label1\" content=\"Scritto da\" \/>\n\t<meta name=\"twitter:data1\" content=\"admin\" \/>\n\t<meta name=\"twitter:label2\" content=\"Tempo di lettura stimato\" \/>\n\t<meta name=\"twitter:data2\" content=\"2 minuti\" \/>\n<script type=\"application\/ld+json\" class=\"yoast-schema-graph\">{\"@context\":\"https:\\\/\\\/schema.org\",\"@graph\":[{\"@type\":\"Article\",\"@id\":\"https:\\\/\\\/www.turismoitinerante.com\\\/site\\\/latmosfera-di-natale-al-castello-di-monteu-roero-il-6-dicembre-2015\\\/#article\",\"isPartOf\":{\"@id\":\"https:\\\/\\\/www.turismoitinerante.com\\\/site\\\/latmosfera-di-natale-al-castello-di-monteu-roero-il-6-dicembre-2015\\\/\"},\"author\":{\"name\":\"admin\",\"@id\":\"https:\\\/\\\/www.turismoitinerante.com\\\/site\\\/#\\\/schema\\\/person\\\/1e1238d2d1617438f3682e54bf4d6c05\"},\"headline\":\"L&#8217;Atmosfera di Natale al castello di Monteu Roero il 6 dicembre 2015\",\"datePublished\":\"2015-11-20T08:49:52+00:00\",\"mainEntityOfPage\":{\"@id\":\"https:\\\/\\\/www.turismoitinerante.com\\\/site\\\/latmosfera-di-natale-al-castello-di-monteu-roero-il-6-dicembre-2015\\\/\"},\"wordCount\":327,\"image\":{\"@id\":\"https:\\\/\\\/www.turismoitinerante.com\\\/site\\\/latmosfera-di-natale-al-castello-di-monteu-roero-il-6-dicembre-2015\\\/#primaryimage\"},\"thumbnailUrl\":\"https:\\\/\\\/www.turismoitinerante.com\\\/site\\\/wp-content\\\/uploads\\\/2015\\\/11\\\/castello.png\",\"keywords\":[\"Natale\"],\"articleSection\":[\"Turismo\"],\"inLanguage\":\"it-IT\"},{\"@type\":\"WebPage\",\"@id\":\"https:\\\/\\\/www.turismoitinerante.com\\\/site\\\/latmosfera-di-natale-al-castello-di-monteu-roero-il-6-dicembre-2015\\\/\",\"url\":\"https:\\\/\\\/www.turismoitinerante.com\\\/site\\\/latmosfera-di-natale-al-castello-di-monteu-roero-il-6-dicembre-2015\\\/\",\"name\":\"L'Atmosfera di Natale al castello di Monteu Roero il 6 dicembre 2015 - TI - Turismo Itinerante\",\"isPartOf\":{\"@id\":\"https:\\\/\\\/www.turismoitinerante.com\\\/site\\\/#website\"},\"primaryImageOfPage\":{\"@id\":\"https:\\\/\\\/www.turismoitinerante.com\\\/site\\\/latmosfera-di-natale-al-castello-di-monteu-roero-il-6-dicembre-2015\\\/#primaryimage\"},\"image\":{\"@id\":\"https:\\\/\\\/www.turismoitinerante.com\\\/site\\\/latmosfera-di-natale-al-castello-di-monteu-roero-il-6-dicembre-2015\\\/#primaryimage\"},\"thumbnailUrl\":\"https:\\\/\\\/www.turismoitinerante.com\\\/site\\\/wp-content\\\/uploads\\\/2015\\\/11\\\/castello.png\",\"datePublished\":\"2015-11-20T08:49:52+00:00\",\"author\":{\"@id\":\"https:\\\/\\\/www.turismoitinerante.com\\\/site\\\/#\\\/schema\\\/person\\\/1e1238d2d1617438f3682e54bf4d6c05\"},\"breadcrumb\":{\"@id\":\"https:\\\/\\\/www.turismoitinerante.com\\\/site\\\/latmosfera-di-natale-al-castello-di-monteu-roero-il-6-dicembre-2015\\\/#breadcrumb\"},\"inLanguage\":\"it-IT\",\"potentialAction\":[{\"@type\":\"ReadAction\",\"target\":[\"https:\\\/\\\/www.turismoitinerante.com\\\/site\\\/latmosfera-di-natale-al-castello-di-monteu-roero-il-6-dicembre-2015\\\/\"]}]},{\"@type\":\"ImageObject\",\"inLanguage\":\"it-IT\",\"@id\":\"https:\\\/\\\/www.turismoitinerante.com\\\/site\\\/latmosfera-di-natale-al-castello-di-monteu-roero-il-6-dicembre-2015\\\/#primaryimage\",\"url\":\"https:\\\/\\\/www.turismoitinerante.com\\\/site\\\/wp-content\\\/uploads\\\/2015\\\/11\\\/castello.png\",\"contentUrl\":\"https:\\\/\\\/www.turismoitinerante.com\\\/site\\\/wp-content\\\/uploads\\\/2015\\\/11\\\/castello.png\",\"width\":333,\"height\":500},{\"@type\":\"BreadcrumbList\",\"@id\":\"https:\\\/\\\/www.turismoitinerante.com\\\/site\\\/latmosfera-di-natale-al-castello-di-monteu-roero-il-6-dicembre-2015\\\/#breadcrumb\",\"itemListElement\":[{\"@type\":\"ListItem\",\"position\":1,\"name\":\"Home\",\"item\":\"https:\\\/\\\/www.turismoitinerante.com\\\/site\\\/\"},{\"@type\":\"ListItem\",\"position\":2,\"name\":\"L&#8217;Atmosfera di Natale al castello di Monteu Roero il 6 dicembre 2015\"}]},{\"@type\":\"WebSite\",\"@id\":\"https:\\\/\\\/www.turismoitinerante.com\\\/site\\\/#website\",\"url\":\"https:\\\/\\\/www.turismoitinerante.com\\\/site\\\/\",\"name\":\"TI - Turismo Itinerante\",\"description\":\"Ritrovarsi su internet per informarsi, per informare. Il portale del turismo itinerante. Una infinit\u00e0 di notizie su camper, itinerari, aree sosta camper, concessionari, campeggi, agriturismo, raduni, sagre, fiere, mostre, associazioni, club, forum, bacheca annunci\",\"potentialAction\":[{\"@type\":\"SearchAction\",\"target\":{\"@type\":\"EntryPoint\",\"urlTemplate\":\"https:\\\/\\\/www.turismoitinerante.com\\\/site\\\/?s={search_term_string}\"},\"query-input\":{\"@type\":\"PropertyValueSpecification\",\"valueRequired\":true,\"valueName\":\"search_term_string\"}}],\"inLanguage\":\"it-IT\"},{\"@type\":\"Person\",\"@id\":\"https:\\\/\\\/www.turismoitinerante.com\\\/site\\\/#\\\/schema\\\/person\\\/1e1238d2d1617438f3682e54bf4d6c05\",\"name\":\"admin\",\"image\":{\"@type\":\"ImageObject\",\"inLanguage\":\"it-IT\",\"@id\":\"https:\\\/\\\/secure.gravatar.com\\\/avatar\\\/9102d8c23b35e2809b07ebc42ce126daa3d6a47cce9878a22d14d9852ade629e?s=96&d=mm&r=g\",\"url\":\"https:\\\/\\\/secure.gravatar.com\\\/avatar\\\/9102d8c23b35e2809b07ebc42ce126daa3d6a47cce9878a22d14d9852ade629e?s=96&d=mm&r=g\",\"contentUrl\":\"https:\\\/\\\/secure.gravatar.com\\\/avatar\\\/9102d8c23b35e2809b07ebc42ce126daa3d6a47cce9878a22d14d9852ade629e?s=96&d=mm&r=g\",\"caption\":\"admin\"},\"url\":\"https:\\\/\\\/www.turismoitinerante.com\\\/site\\\/author\\\/admin\\\/\"}]}<\/script>\n<!-- \/ Yoast SEO plugin. -->","yoast_head_json":{"title":"L'Atmosfera di Natale al castello di Monteu Roero il 6 dicembre 2015 - TI - Turismo Itinerante","robots":{"index":"index","follow":"follow","max-snippet":"max-snippet:-1","max-image-preview":"max-image-preview:large","max-video-preview":"max-video-preview:-1"},"canonical":"https:\/\/www.turismoitinerante.com\/site\/latmosfera-di-natale-al-castello-di-monteu-roero-il-6-dicembre-2015\/","og_locale":"it_IT","og_type":"article","og_title":"L'Atmosfera di Natale al castello di Monteu Roero il 6 dicembre 2015 - TI - Turismo Itinerante","og_description":"Per un giorno soltanto, il 6 dicembre il pubblico potr\u00e0 visitare il magnifico maniero ricco di storia e arte immerso nel Roero, grazie a Distillerie Berta, proprietarie dell\u2019antico edificio Chi vuole vivere in anteprima la magica atmosfera di Natale, ha un appuntamento da segnare in agenda: l\u2019apertura eccezionale del Castello di Monteu Roero (CN) nel\u00a0periodo [&hellip;]","og_url":"https:\/\/www.turismoitinerante.com\/site\/latmosfera-di-natale-al-castello-di-monteu-roero-il-6-dicembre-2015\/","og_site_name":"TI - Turismo Itinerante","article_published_time":"2015-11-20T08:49:52+00:00","og_image":[{"width":333,"height":500,"url":"https:\/\/www.turismoitinerante.com\/site\/wp-content\/uploads\/2015\/11\/castello.png","type":"image\/png"}],"author":"admin","twitter_card":"summary_large_image","twitter_misc":{"Scritto da":"admin","Tempo di lettura stimato":"2 minuti"},"schema":{"@context":"https:\/\/schema.org","@graph":[{"@type":"Article","@id":"https:\/\/www.turismoitinerante.com\/site\/latmosfera-di-natale-al-castello-di-monteu-roero-il-6-dicembre-2015\/#article","isPartOf":{"@id":"https:\/\/www.turismoitinerante.com\/site\/latmosfera-di-natale-al-castello-di-monteu-roero-il-6-dicembre-2015\/"},"author":{"name":"admin","@id":"https:\/\/www.turismoitinerante.com\/site\/#\/schema\/person\/1e1238d2d1617438f3682e54bf4d6c05"},"headline":"L&#8217;Atmosfera di Natale al castello di Monteu Roero il 6 dicembre 2015","datePublished":"2015-11-20T08:49:52+00:00","mainEntityOfPage":{"@id":"https:\/\/www.turismoitinerante.com\/site\/latmosfera-di-natale-al-castello-di-monteu-roero-il-6-dicembre-2015\/"},"wordCount":327,"image":{"@id":"https:\/\/www.turismoitinerante.com\/site\/latmosfera-di-natale-al-castello-di-monteu-roero-il-6-dicembre-2015\/#primaryimage"},"thumbnailUrl":"https:\/\/www.turismoitinerante.com\/site\/wp-content\/uploads\/2015\/11\/castello.png","keywords":["Natale"],"articleSection":["Turismo"],"inLanguage":"it-IT"},{"@type":"WebPage","@id":"https:\/\/www.turismoitinerante.com\/site\/latmosfera-di-natale-al-castello-di-monteu-roero-il-6-dicembre-2015\/","url":"https:\/\/www.turismoitinerante.com\/site\/latmosfera-di-natale-al-castello-di-monteu-roero-il-6-dicembre-2015\/","name":"L'Atmosfera di Natale al castello di Monteu Roero il 6 dicembre 2015 - TI - Turismo Itinerante","isPartOf":{"@id":"https:\/\/www.turismoitinerante.com\/site\/#website"},"primaryImageOfPage":{"@id":"https:\/\/www.turismoitinerante.com\/site\/latmosfera-di-natale-al-castello-di-monteu-roero-il-6-dicembre-2015\/#primaryimage"},"image":{"@id":"https:\/\/www.turismoitinerante.com\/site\/latmosfera-di-natale-al-castello-di-monteu-roero-il-6-dicembre-2015\/#primaryimage"},"thumbnailUrl":"https:\/\/www.turismoitinerante.com\/site\/wp-content\/uploads\/2015\/11\/castello.png","datePublished":"2015-11-20T08:49:52+00:00","author":{"@id":"https:\/\/www.turismoitinerante.com\/site\/#\/schema\/person\/1e1238d2d1617438f3682e54bf4d6c05"},"breadcrumb":{"@id":"https:\/\/www.turismoitinerante.com\/site\/latmosfera-di-natale-al-castello-di-monteu-roero-il-6-dicembre-2015\/#breadcrumb"},"inLanguage":"it-IT","potentialAction":[{"@type":"ReadAction","target":["https:\/\/www.turismoitinerante.com\/site\/latmosfera-di-natale-al-castello-di-monteu-roero-il-6-dicembre-2015\/"]}]},{"@type":"ImageObject","inLanguage":"it-IT","@id":"https:\/\/www.turismoitinerante.com\/site\/latmosfera-di-natale-al-castello-di-monteu-roero-il-6-dicembre-2015\/#primaryimage","url":"https:\/\/www.turismoitinerante.com\/site\/wp-content\/uploads\/2015\/11\/castello.png","contentUrl":"https:\/\/www.turismoitinerante.com\/site\/wp-content\/uploads\/2015\/11\/castello.png","width":333,"height":500},{"@type":"BreadcrumbList","@id":"https:\/\/www.turismoitinerante.com\/site\/latmosfera-di-natale-al-castello-di-monteu-roero-il-6-dicembre-2015\/#breadcrumb","itemListElement":[{"@type":"ListItem","position":1,"name":"Home","item":"https:\/\/www.turismoitinerante.com\/site\/"},{"@type":"ListItem","position":2,"name":"L&#8217;Atmosfera di Natale al castello di Monteu Roero il 6 dicembre 2015"}]},{"@type":"WebSite","@id":"https:\/\/www.turismoitinerante.com\/site\/#website","url":"https:\/\/www.turismoitinerante.com\/site\/","name":"TI - Turismo Itinerante","description":"Ritrovarsi su internet per informarsi, per informare. Il portale del turismo itinerante. Una infinit\u00e0 di notizie su camper, itinerari, aree sosta camper, concessionari, campeggi, agriturismo, raduni, sagre, fiere, mostre, associazioni, club, forum, bacheca annunci","potentialAction":[{"@type":"SearchAction","target":{"@type":"EntryPoint","urlTemplate":"https:\/\/www.turismoitinerante.com\/site\/?s={search_term_string}"},"query-input":{"@type":"PropertyValueSpecification","valueRequired":true,"valueName":"search_term_string"}}],"inLanguage":"it-IT"},{"@type":"Person","@id":"https:\/\/www.turismoitinerante.com\/site\/#\/schema\/person\/1e1238d2d1617438f3682e54bf4d6c05","name":"admin","image":{"@type":"ImageObject","inLanguage":"it-IT","@id":"https:\/\/secure.gravatar.com\/avatar\/9102d8c23b35e2809b07ebc42ce126daa3d6a47cce9878a22d14d9852ade629e?s=96&d=mm&r=g","url":"https:\/\/secure.gravatar.com\/avatar\/9102d8c23b35e2809b07ebc42ce126daa3d6a47cce9878a22d14d9852ade629e?s=96&d=mm&r=g","contentUrl":"https:\/\/secure.gravatar.com\/avatar\/9102d8c23b35e2809b07ebc42ce126daa3d6a47cce9878a22d14d9852ade629e?s=96&d=mm&r=g","caption":"admin"},"url":"https:\/\/www.turismoitinerante.com\/site\/author\/admin\/"}]}},"_links":{"self":[{"href":"https:\/\/www.turismoitinerante.com\/site\/wp-json\/wp\/v2\/posts\/32443","targetHints":{"allow":["GET"]}}],"collection":[{"href":"https:\/\/www.turismoitinerante.com\/site\/wp-json\/wp\/v2\/posts"}],"about":[{"href":"https:\/\/www.turismoitinerante.com\/site\/wp-json\/wp\/v2\/types\/post"}],"author":[{"embeddable":true,"href":"https:\/\/www.turismoitinerante.com\/site\/wp-json\/wp\/v2\/users\/1"}],"replies":[{"embeddable":true,"href":"https:\/\/www.turismoitinerante.com\/site\/wp-json\/wp\/v2\/comments?post=32443"}],"version-history":[{"count":5,"href":"https:\/\/www.turismoitinerante.com\/site\/wp-json\/wp\/v2\/posts\/32443\/revisions"}],"predecessor-version":[{"id":32451,"href":"https:\/\/www.turismoitinerante.com\/site\/wp-json\/wp\/v2\/posts\/32443\/revisions\/32451"}],"wp:featuredmedia":[{"embeddable":true,"href":"https:\/\/www.turismoitinerante.com\/site\/wp-json\/wp\/v2\/media\/32445"}],"wp:attachment":[{"href":"https:\/\/www.turismoitinerante.com\/site\/wp-json\/wp\/v2\/media?parent=32443"}],"wp:term":[{"taxonomy":"category","embeddable":true,"href":"https:\/\/www.turismoitinerante.com\/site\/wp-json\/wp\/v2\/categories?post=32443"},{"taxonomy":"post_tag","embeddable":true,"href":"https:\/\/www.turismoitinerante.com\/site\/wp-json\/wp\/v2\/tags?post=32443"}],"curies":[{"name":"wp","href":"https:\/\/api.w.org\/{rel}","templated":true}]}}