{"id":32080,"date":"2015-10-22T09:11:32","date_gmt":"2015-10-22T08:11:32","guid":{"rendered":"http:\/\/www.turismoitinerante.com\/site\/?p=32080"},"modified":"2015-10-22T11:29:15","modified_gmt":"2015-10-22T10:29:15","slug":"bonometti-festa-dautunno-25-ottobre-altavilla-vicentina","status":"publish","type":"post","link":"https:\/\/www.turismoitinerante.com\/site\/bonometti-festa-dautunno-25-ottobre-altavilla-vicentina\/","title":{"rendered":"Bonometti: Festa d&#8217;autunno il 25 ottobre ad Altavilla Vicentina"},"content":{"rendered":"<p><strong>Domenica 25 Ottobre 2015 presso la sede di Altavilla Vicentina, Boonometti Centrocaravan celebrer\u00e0 la FESTA D\u2019AUTUNNO. La proposta \u00e8 molto ricca e spazia dalle degustazioni alla possibilit\u00e0 di effettuare prove su strada.<\/strong><\/p>\n<p><strong>Dalle ore 9:30 alle ore 19:00<\/strong> infatti lo staff di Bonometti Centrocaravan accoglier\u00e0 i visitatori con squisiti assaggi di \u201cmarroni\u201d, caratteristici prodotti dei mesi autunnali, accompagnati dal vino novello. In questa occasione sar\u00e0 possibile scoprire e visionare gli oltre 100 nuovi modelli di caravan e camper in esposizione e il vasto showroom di veicoli usati garantiti.<\/p>\n<p>Per tutta la domenica grazie all\u2019iniziativa \u201c<strong>Test Drive Experience<\/strong>\u201d, sar\u00e0 a disposizione una caravan <strong>Hobby De Luxe 400 SFE<\/strong> per le prove su strada. Si tratta di una caravan compatta, con tre posti letto e lunga complessivamente 597 cm e larga 230 cm, ideale per chi si cimenta nel traino per la prima volta e, soprattutto, per chi desidera praticare il turismo di movimento. Chi vorr\u00e0 testarla sar\u00e0 affiancato da un esperto che sapr\u00e0 dare le indicazioni migliori per ottenere un maggiore comfort in viaggio e in manovra.<\/p>\n<p>Bonometti Centrocaravan ha pensato anche ai pi\u00f9 piccini. Infatti durante la giornata del 25 ottobre i bambini potranno divertirsi, giocare e disegnare all\u2019interno del<strong> mini-club con la festa di halloween<\/strong>.<\/p>\n<p>Una giornata da non perdere, dunque, ideale per tutta la famiglia e soprattutto per chi ama il <strong>turismo all\u2019aria aperta<\/strong>!<b><\/b><\/p>\n<p><a href=\"http:\/\/www.bonometti.it\/ita\/\" target=\"_blank\">www.bonometti.it<\/a><\/p>\n<p><a href=\"http:\/\/www.turismoitinerante.com\/site\/wp-content\/uploads\/2015\/10\/immagine-comunicato-on-line-ottobre-2015.png\"><img decoding=\"async\" class=\"aligncenter size-full wp-image-32081\" alt=\"immagine comunicato on line ottobre 2015\" src=\"http:\/\/www.turismoitinerante.com\/site\/wp-content\/uploads\/2015\/10\/immagine-comunicato-on-line-ottobre-2015.png\" width=\"660\" height=\"486\" srcset=\"https:\/\/www.turismoitinerante.com\/site\/wp-content\/uploads\/2015\/10\/immagine-comunicato-on-line-ottobre-2015.png 660w, https:\/\/www.turismoitinerante.com\/site\/wp-content\/uploads\/2015\/10\/immagine-comunicato-on-line-ottobre-2015-300x220.png 300w, https:\/\/www.turismoitinerante.com\/site\/wp-content\/uploads\/2015\/10\/immagine-comunicato-on-line-ottobre-2015-400x294.png 400w, https:\/\/www.turismoitinerante.com\/site\/wp-content\/uploads\/2015\/10\/immagine-comunicato-on-line-ottobre-2015-100x75.png 100w\" sizes=\"(max-width: 660px) 100vw, 660px\" \/><\/a><\/p>\n<div class=\"7863122cad8776726ec303240ed69aa5\" data-index=\"4\" style=\"float: none; margin:10px 0 10px 0; text-align:center;\">\n<script async src=\"\/\/pagead2.googlesyndication.com\/pagead\/js\/adsbygoogle.js\"><\/script>\r\n<!-- 728x90, creato 23\/02\/11 -->\r\n<ins class=\"adsbygoogle\"\r\n     style=\"display:inline-block;width:728px;height:90px\"\r\n     data-ad-client=\"ca-pub-5798583071070083\"\r\n     data-ad-slot=\"5935394872\"><\/ins>\r\n<script>\r\n(adsbygoogle = window.adsbygoogle || []).push({});\r\n<\/script>\n<\/div>\n\n<div style=\"font-size: 0px; height: 0px; line-height: 0px; margin: 0; padding: 0; clear: both;\"><\/div>","protected":false},"excerpt":{"rendered":"<p>Domenica 25 Ottobre 2015 presso la sede di Altavilla Vicentina, Boonometti Centrocaravan celebrer\u00e0 la FESTA D\u2019AUTUNNO. La proposta \u00e8 molto ricca e spazia dalle degustazioni alla possibilit\u00e0 di effettuare prove su strada. Dalle ore 9:30 alle ore 19:00 infatti lo staff di Bonometti Centrocaravan accoglier\u00e0 i visitatori con squisiti assaggi di \u201cmarroni\u201d, caratteristici prodotti dei [&hellip;]<\/p>\n","protected":false},"author":1,"featured_media":32081,"comment_status":"closed","ping_status":"open","sticky":false,"template":"","format":"standard","meta":{"ngg_post_thumbnail":0,"jnews-multi-image_gallery":[],"jnews_single_post":[],"jnews_primary_category":[],"jnews_override_counter":[],"footnotes":""},"categories":[642],"tags":[475],"class_list":["post-32080","post","type-post","status-publish","format-standard","has-post-thumbnail","hentry","category-caravanning","tag-bonometti"],"yoast_head":"<!-- This site is optimized with the Yoast SEO plugin v27.4 - https:\/\/yoast.com\/product\/yoast-seo-wordpress\/ -->\n<title>Bonometti: Festa d&#039;autunno il 25 ottobre ad Altavilla Vicentina - TI - Turismo Itinerante<\/title>\n<meta name=\"robots\" content=\"index, follow, max-snippet:-1, max-image-preview:large, max-video-preview:-1\" \/>\n<link rel=\"canonical\" href=\"https:\/\/www.turismoitinerante.com\/site\/bonometti-festa-dautunno-25-ottobre-altavilla-vicentina\/\" \/>\n<meta property=\"og:locale\" content=\"it_IT\" \/>\n<meta property=\"og:type\" content=\"article\" \/>\n<meta property=\"og:title\" content=\"Bonometti: Festa d&#039;autunno il 25 ottobre ad Altavilla Vicentina - TI - Turismo Itinerante\" \/>\n<meta property=\"og:description\" content=\"Domenica 25 Ottobre 2015 presso la sede di Altavilla Vicentina, Boonometti Centrocaravan celebrer\u00e0 la FESTA D\u2019AUTUNNO. La proposta \u00e8 molto ricca e spazia dalle degustazioni alla possibilit\u00e0 di effettuare prove su strada. Dalle ore 9:30 alle ore 19:00 infatti lo staff di Bonometti Centrocaravan accoglier\u00e0 i visitatori con squisiti assaggi di \u201cmarroni\u201d, caratteristici prodotti dei [&hellip;]\" \/>\n<meta property=\"og:url\" content=\"https:\/\/www.turismoitinerante.com\/site\/bonometti-festa-dautunno-25-ottobre-altavilla-vicentina\/\" \/>\n<meta property=\"og:site_name\" content=\"TI - Turismo Itinerante\" \/>\n<meta property=\"article:published_time\" content=\"2015-10-22T08:11:32+00:00\" \/>\n<meta property=\"article:modified_time\" content=\"2015-10-22T10:29:15+00:00\" \/>\n<meta property=\"og:image\" content=\"https:\/\/www.turismoitinerante.com\/site\/wp-content\/uploads\/2015\/10\/immagine-comunicato-on-line-ottobre-2015.png\" \/>\n\t<meta property=\"og:image:width\" content=\"660\" \/>\n\t<meta property=\"og:image:height\" content=\"486\" \/>\n\t<meta property=\"og:image:type\" content=\"image\/png\" \/>\n<meta name=\"author\" content=\"admin\" \/>\n<meta name=\"twitter:card\" content=\"summary_large_image\" \/>\n<meta name=\"twitter:label1\" content=\"Scritto da\" \/>\n\t<meta name=\"twitter:data1\" content=\"admin\" \/>\n\t<meta name=\"twitter:label2\" content=\"Tempo di lettura stimato\" \/>\n\t<meta name=\"twitter:data2\" content=\"1 minuto\" \/>\n<script type=\"application\/ld+json\" class=\"yoast-schema-graph\">{\"@context\":\"https:\\\/\\\/schema.org\",\"@graph\":[{\"@type\":\"Article\",\"@id\":\"https:\\\/\\\/www.turismoitinerante.com\\\/site\\\/bonometti-festa-dautunno-25-ottobre-altavilla-vicentina\\\/#article\",\"isPartOf\":{\"@id\":\"https:\\\/\\\/www.turismoitinerante.com\\\/site\\\/bonometti-festa-dautunno-25-ottobre-altavilla-vicentina\\\/\"},\"author\":{\"name\":\"admin\",\"@id\":\"https:\\\/\\\/www.turismoitinerante.com\\\/site\\\/#\\\/schema\\\/person\\\/1e1238d2d1617438f3682e54bf4d6c05\"},\"headline\":\"Bonometti: Festa d&#8217;autunno il 25 ottobre ad Altavilla Vicentina\",\"datePublished\":\"2015-10-22T08:11:32+00:00\",\"dateModified\":\"2015-10-22T10:29:15+00:00\",\"mainEntityOfPage\":{\"@id\":\"https:\\\/\\\/www.turismoitinerante.com\\\/site\\\/bonometti-festa-dautunno-25-ottobre-altavilla-vicentina\\\/\"},\"wordCount\":231,\"image\":{\"@id\":\"https:\\\/\\\/www.turismoitinerante.com\\\/site\\\/bonometti-festa-dautunno-25-ottobre-altavilla-vicentina\\\/#primaryimage\"},\"thumbnailUrl\":\"https:\\\/\\\/www.turismoitinerante.com\\\/site\\\/wp-content\\\/uploads\\\/2015\\\/10\\\/immagine-comunicato-on-line-ottobre-2015.png\",\"keywords\":[\"Bonometti\"],\"articleSection\":[\"Caravanning\"],\"inLanguage\":\"it-IT\"},{\"@type\":\"WebPage\",\"@id\":\"https:\\\/\\\/www.turismoitinerante.com\\\/site\\\/bonometti-festa-dautunno-25-ottobre-altavilla-vicentina\\\/\",\"url\":\"https:\\\/\\\/www.turismoitinerante.com\\\/site\\\/bonometti-festa-dautunno-25-ottobre-altavilla-vicentina\\\/\",\"name\":\"Bonometti: Festa d'autunno il 25 ottobre ad Altavilla Vicentina - TI - Turismo Itinerante\",\"isPartOf\":{\"@id\":\"https:\\\/\\\/www.turismoitinerante.com\\\/site\\\/#website\"},\"primaryImageOfPage\":{\"@id\":\"https:\\\/\\\/www.turismoitinerante.com\\\/site\\\/bonometti-festa-dautunno-25-ottobre-altavilla-vicentina\\\/#primaryimage\"},\"image\":{\"@id\":\"https:\\\/\\\/www.turismoitinerante.com\\\/site\\\/bonometti-festa-dautunno-25-ottobre-altavilla-vicentina\\\/#primaryimage\"},\"thumbnailUrl\":\"https:\\\/\\\/www.turismoitinerante.com\\\/site\\\/wp-content\\\/uploads\\\/2015\\\/10\\\/immagine-comunicato-on-line-ottobre-2015.png\",\"datePublished\":\"2015-10-22T08:11:32+00:00\",\"dateModified\":\"2015-10-22T10:29:15+00:00\",\"author\":{\"@id\":\"https:\\\/\\\/www.turismoitinerante.com\\\/site\\\/#\\\/schema\\\/person\\\/1e1238d2d1617438f3682e54bf4d6c05\"},\"breadcrumb\":{\"@id\":\"https:\\\/\\\/www.turismoitinerante.com\\\/site\\\/bonometti-festa-dautunno-25-ottobre-altavilla-vicentina\\\/#breadcrumb\"},\"inLanguage\":\"it-IT\",\"potentialAction\":[{\"@type\":\"ReadAction\",\"target\":[\"https:\\\/\\\/www.turismoitinerante.com\\\/site\\\/bonometti-festa-dautunno-25-ottobre-altavilla-vicentina\\\/\"]}]},{\"@type\":\"ImageObject\",\"inLanguage\":\"it-IT\",\"@id\":\"https:\\\/\\\/www.turismoitinerante.com\\\/site\\\/bonometti-festa-dautunno-25-ottobre-altavilla-vicentina\\\/#primaryimage\",\"url\":\"https:\\\/\\\/www.turismoitinerante.com\\\/site\\\/wp-content\\\/uploads\\\/2015\\\/10\\\/immagine-comunicato-on-line-ottobre-2015.png\",\"contentUrl\":\"https:\\\/\\\/www.turismoitinerante.com\\\/site\\\/wp-content\\\/uploads\\\/2015\\\/10\\\/immagine-comunicato-on-line-ottobre-2015.png\",\"width\":660,\"height\":486},{\"@type\":\"BreadcrumbList\",\"@id\":\"https:\\\/\\\/www.turismoitinerante.com\\\/site\\\/bonometti-festa-dautunno-25-ottobre-altavilla-vicentina\\\/#breadcrumb\",\"itemListElement\":[{\"@type\":\"ListItem\",\"position\":1,\"name\":\"Home\",\"item\":\"https:\\\/\\\/www.turismoitinerante.com\\\/site\\\/\"},{\"@type\":\"ListItem\",\"position\":2,\"name\":\"Bonometti: Festa d&#8217;autunno il 25 ottobre ad Altavilla Vicentina\"}]},{\"@type\":\"WebSite\",\"@id\":\"https:\\\/\\\/www.turismoitinerante.com\\\/site\\\/#website\",\"url\":\"https:\\\/\\\/www.turismoitinerante.com\\\/site\\\/\",\"name\":\"TI - Turismo Itinerante\",\"description\":\"Ritrovarsi su internet per informarsi, per informare. Il portale del turismo itinerante. Una infinit\u00e0 di notizie su camper, itinerari, aree sosta camper, concessionari, campeggi, agriturismo, raduni, sagre, fiere, mostre, associazioni, club, forum, bacheca annunci\",\"potentialAction\":[{\"@type\":\"SearchAction\",\"target\":{\"@type\":\"EntryPoint\",\"urlTemplate\":\"https:\\\/\\\/www.turismoitinerante.com\\\/site\\\/?s={search_term_string}\"},\"query-input\":{\"@type\":\"PropertyValueSpecification\",\"valueRequired\":true,\"valueName\":\"search_term_string\"}}],\"inLanguage\":\"it-IT\"},{\"@type\":\"Person\",\"@id\":\"https:\\\/\\\/www.turismoitinerante.com\\\/site\\\/#\\\/schema\\\/person\\\/1e1238d2d1617438f3682e54bf4d6c05\",\"name\":\"admin\",\"image\":{\"@type\":\"ImageObject\",\"inLanguage\":\"it-IT\",\"@id\":\"https:\\\/\\\/secure.gravatar.com\\\/avatar\\\/9102d8c23b35e2809b07ebc42ce126daa3d6a47cce9878a22d14d9852ade629e?s=96&d=mm&r=g\",\"url\":\"https:\\\/\\\/secure.gravatar.com\\\/avatar\\\/9102d8c23b35e2809b07ebc42ce126daa3d6a47cce9878a22d14d9852ade629e?s=96&d=mm&r=g\",\"contentUrl\":\"https:\\\/\\\/secure.gravatar.com\\\/avatar\\\/9102d8c23b35e2809b07ebc42ce126daa3d6a47cce9878a22d14d9852ade629e?s=96&d=mm&r=g\",\"caption\":\"admin\"},\"url\":\"https:\\\/\\\/www.turismoitinerante.com\\\/site\\\/author\\\/admin\\\/\"}]}<\/script>\n<!-- \/ Yoast SEO plugin. -->","yoast_head_json":{"title":"Bonometti: Festa d'autunno il 25 ottobre ad Altavilla Vicentina - TI - Turismo Itinerante","robots":{"index":"index","follow":"follow","max-snippet":"max-snippet:-1","max-image-preview":"max-image-preview:large","max-video-preview":"max-video-preview:-1"},"canonical":"https:\/\/www.turismoitinerante.com\/site\/bonometti-festa-dautunno-25-ottobre-altavilla-vicentina\/","og_locale":"it_IT","og_type":"article","og_title":"Bonometti: Festa d'autunno il 25 ottobre ad Altavilla Vicentina - TI - Turismo Itinerante","og_description":"Domenica 25 Ottobre 2015 presso la sede di Altavilla Vicentina, Boonometti Centrocaravan celebrer\u00e0 la FESTA D\u2019AUTUNNO. La proposta \u00e8 molto ricca e spazia dalle degustazioni alla possibilit\u00e0 di effettuare prove su strada. Dalle ore 9:30 alle ore 19:00 infatti lo staff di Bonometti Centrocaravan accoglier\u00e0 i visitatori con squisiti assaggi di \u201cmarroni\u201d, caratteristici prodotti dei [&hellip;]","og_url":"https:\/\/www.turismoitinerante.com\/site\/bonometti-festa-dautunno-25-ottobre-altavilla-vicentina\/","og_site_name":"TI - Turismo Itinerante","article_published_time":"2015-10-22T08:11:32+00:00","article_modified_time":"2015-10-22T10:29:15+00:00","og_image":[{"width":660,"height":486,"url":"https:\/\/www.turismoitinerante.com\/site\/wp-content\/uploads\/2015\/10\/immagine-comunicato-on-line-ottobre-2015.png","type":"image\/png"}],"author":"admin","twitter_card":"summary_large_image","twitter_misc":{"Scritto da":"admin","Tempo di lettura stimato":"1 minuto"},"schema":{"@context":"https:\/\/schema.org","@graph":[{"@type":"Article","@id":"https:\/\/www.turismoitinerante.com\/site\/bonometti-festa-dautunno-25-ottobre-altavilla-vicentina\/#article","isPartOf":{"@id":"https:\/\/www.turismoitinerante.com\/site\/bonometti-festa-dautunno-25-ottobre-altavilla-vicentina\/"},"author":{"name":"admin","@id":"https:\/\/www.turismoitinerante.com\/site\/#\/schema\/person\/1e1238d2d1617438f3682e54bf4d6c05"},"headline":"Bonometti: Festa d&#8217;autunno il 25 ottobre ad Altavilla Vicentina","datePublished":"2015-10-22T08:11:32+00:00","dateModified":"2015-10-22T10:29:15+00:00","mainEntityOfPage":{"@id":"https:\/\/www.turismoitinerante.com\/site\/bonometti-festa-dautunno-25-ottobre-altavilla-vicentina\/"},"wordCount":231,"image":{"@id":"https:\/\/www.turismoitinerante.com\/site\/bonometti-festa-dautunno-25-ottobre-altavilla-vicentina\/#primaryimage"},"thumbnailUrl":"https:\/\/www.turismoitinerante.com\/site\/wp-content\/uploads\/2015\/10\/immagine-comunicato-on-line-ottobre-2015.png","keywords":["Bonometti"],"articleSection":["Caravanning"],"inLanguage":"it-IT"},{"@type":"WebPage","@id":"https:\/\/www.turismoitinerante.com\/site\/bonometti-festa-dautunno-25-ottobre-altavilla-vicentina\/","url":"https:\/\/www.turismoitinerante.com\/site\/bonometti-festa-dautunno-25-ottobre-altavilla-vicentina\/","name":"Bonometti: Festa d'autunno il 25 ottobre ad Altavilla Vicentina - TI - Turismo Itinerante","isPartOf":{"@id":"https:\/\/www.turismoitinerante.com\/site\/#website"},"primaryImageOfPage":{"@id":"https:\/\/www.turismoitinerante.com\/site\/bonometti-festa-dautunno-25-ottobre-altavilla-vicentina\/#primaryimage"},"image":{"@id":"https:\/\/www.turismoitinerante.com\/site\/bonometti-festa-dautunno-25-ottobre-altavilla-vicentina\/#primaryimage"},"thumbnailUrl":"https:\/\/www.turismoitinerante.com\/site\/wp-content\/uploads\/2015\/10\/immagine-comunicato-on-line-ottobre-2015.png","datePublished":"2015-10-22T08:11:32+00:00","dateModified":"2015-10-22T10:29:15+00:00","author":{"@id":"https:\/\/www.turismoitinerante.com\/site\/#\/schema\/person\/1e1238d2d1617438f3682e54bf4d6c05"},"breadcrumb":{"@id":"https:\/\/www.turismoitinerante.com\/site\/bonometti-festa-dautunno-25-ottobre-altavilla-vicentina\/#breadcrumb"},"inLanguage":"it-IT","potentialAction":[{"@type":"ReadAction","target":["https:\/\/www.turismoitinerante.com\/site\/bonometti-festa-dautunno-25-ottobre-altavilla-vicentina\/"]}]},{"@type":"ImageObject","inLanguage":"it-IT","@id":"https:\/\/www.turismoitinerante.com\/site\/bonometti-festa-dautunno-25-ottobre-altavilla-vicentina\/#primaryimage","url":"https:\/\/www.turismoitinerante.com\/site\/wp-content\/uploads\/2015\/10\/immagine-comunicato-on-line-ottobre-2015.png","contentUrl":"https:\/\/www.turismoitinerante.com\/site\/wp-content\/uploads\/2015\/10\/immagine-comunicato-on-line-ottobre-2015.png","width":660,"height":486},{"@type":"BreadcrumbList","@id":"https:\/\/www.turismoitinerante.com\/site\/bonometti-festa-dautunno-25-ottobre-altavilla-vicentina\/#breadcrumb","itemListElement":[{"@type":"ListItem","position":1,"name":"Home","item":"https:\/\/www.turismoitinerante.com\/site\/"},{"@type":"ListItem","position":2,"name":"Bonometti: Festa d&#8217;autunno il 25 ottobre ad Altavilla Vicentina"}]},{"@type":"WebSite","@id":"https:\/\/www.turismoitinerante.com\/site\/#website","url":"https:\/\/www.turismoitinerante.com\/site\/","name":"TI - Turismo Itinerante","description":"Ritrovarsi su internet per informarsi, per informare. Il portale del turismo itinerante. Una infinit\u00e0 di notizie su camper, itinerari, aree sosta camper, concessionari, campeggi, agriturismo, raduni, sagre, fiere, mostre, associazioni, club, forum, bacheca annunci","potentialAction":[{"@type":"SearchAction","target":{"@type":"EntryPoint","urlTemplate":"https:\/\/www.turismoitinerante.com\/site\/?s={search_term_string}"},"query-input":{"@type":"PropertyValueSpecification","valueRequired":true,"valueName":"search_term_string"}}],"inLanguage":"it-IT"},{"@type":"Person","@id":"https:\/\/www.turismoitinerante.com\/site\/#\/schema\/person\/1e1238d2d1617438f3682e54bf4d6c05","name":"admin","image":{"@type":"ImageObject","inLanguage":"it-IT","@id":"https:\/\/secure.gravatar.com\/avatar\/9102d8c23b35e2809b07ebc42ce126daa3d6a47cce9878a22d14d9852ade629e?s=96&d=mm&r=g","url":"https:\/\/secure.gravatar.com\/avatar\/9102d8c23b35e2809b07ebc42ce126daa3d6a47cce9878a22d14d9852ade629e?s=96&d=mm&r=g","contentUrl":"https:\/\/secure.gravatar.com\/avatar\/9102d8c23b35e2809b07ebc42ce126daa3d6a47cce9878a22d14d9852ade629e?s=96&d=mm&r=g","caption":"admin"},"url":"https:\/\/www.turismoitinerante.com\/site\/author\/admin\/"}]}},"_links":{"self":[{"href":"https:\/\/www.turismoitinerante.com\/site\/wp-json\/wp\/v2\/posts\/32080","targetHints":{"allow":["GET"]}}],"collection":[{"href":"https:\/\/www.turismoitinerante.com\/site\/wp-json\/wp\/v2\/posts"}],"about":[{"href":"https:\/\/www.turismoitinerante.com\/site\/wp-json\/wp\/v2\/types\/post"}],"author":[{"embeddable":true,"href":"https:\/\/www.turismoitinerante.com\/site\/wp-json\/wp\/v2\/users\/1"}],"replies":[{"embeddable":true,"href":"https:\/\/www.turismoitinerante.com\/site\/wp-json\/wp\/v2\/comments?post=32080"}],"version-history":[{"count":2,"href":"https:\/\/www.turismoitinerante.com\/site\/wp-json\/wp\/v2\/posts\/32080\/revisions"}],"predecessor-version":[{"id":32083,"href":"https:\/\/www.turismoitinerante.com\/site\/wp-json\/wp\/v2\/posts\/32080\/revisions\/32083"}],"wp:featuredmedia":[{"embeddable":true,"href":"https:\/\/www.turismoitinerante.com\/site\/wp-json\/wp\/v2\/media\/32081"}],"wp:attachment":[{"href":"https:\/\/www.turismoitinerante.com\/site\/wp-json\/wp\/v2\/media?parent=32080"}],"wp:term":[{"taxonomy":"category","embeddable":true,"href":"https:\/\/www.turismoitinerante.com\/site\/wp-json\/wp\/v2\/categories?post=32080"},{"taxonomy":"post_tag","embeddable":true,"href":"https:\/\/www.turismoitinerante.com\/site\/wp-json\/wp\/v2\/tags?post=32080"}],"curies":[{"name":"wp","href":"https:\/\/api.w.org\/{rel}","templated":true}]}}