{"id":32076,"date":"2015-10-22T08:30:10","date_gmt":"2015-10-22T07:30:10","guid":{"rendered":"http:\/\/www.turismoitinerante.com\/site\/?p=32076"},"modified":"2015-10-22T08:30:10","modified_gmt":"2015-10-22T07:30:10","slug":"friuli-venezia-giulia-modello-riceittivita-turismoin-liberta","status":"publish","type":"post","link":"https:\/\/www.turismoitinerante.com\/site\/friuli-venezia-giulia-modello-riceittivita-turismoin-liberta\/","title":{"rendered":"Il Friuli Venezia Giulia modello di ricettivit\u00e0 per il turismoin libert\u00e0"},"content":{"rendered":"<p style=\"text-align: left;\" align=\"center\"><b>Presentato a Trieste il \u201cRapporto Regionale sul Turismo in Libert\u00e0 in Camper e Caravan in Friuli Venezia Giulia\u201d. Vola l\u2019usato (+17,8%), d\u2019eccellenza il servizio delle aree di sosta<\/b><i>\u00a0<\/i><\/p>\n<p>Presentato il 16 ottobre 2015, nel Palazzo della Regione Friuli Venezia Giulia di Trieste, il \u201c<strong>Rapporto Regionale sul Turismo in Libert\u00e0 in Camper e Caravan in Friuli Venezia Giulia<\/strong>\u201d, fotografia dettagliata dell\u2019industria del caravanning e del comparto ricreazionale regionale, alla presenza di Debora Serracchiani, Presidente del Friuli Venezia Giulia, e Jan de Haas, Presidente di APC \u2013 Associazione Produttori Caravan e Camper.<\/p>\n<p><a href=\"http:\/\/www.turismoitinerante.com\/site\/wp-content\/uploads\/2015\/10\/Rapporto-Regionale-APC-FVG_da-sin-Gianni-Brogini-Francesca-Tonini-Debora-Serracchiani-Klaus-Davi.jpg\"><img decoding=\"async\" class=\"aligncenter size-full wp-image-32077\" alt=\"Rapporto Regionale APC - FVG_da sin Gianni Brogini, Francesca Tonini, Debora Serracchiani, Klaus Davi\" src=\"http:\/\/www.turismoitinerante.com\/site\/wp-content\/uploads\/2015\/10\/Rapporto-Regionale-APC-FVG_da-sin-Gianni-Brogini-Francesca-Tonini-Debora-Serracchiani-Klaus-Davi.jpg\" width=\"660\" height=\"464\" srcset=\"https:\/\/www.turismoitinerante.com\/site\/wp-content\/uploads\/2015\/10\/Rapporto-Regionale-APC-FVG_da-sin-Gianni-Brogini-Francesca-Tonini-Debora-Serracchiani-Klaus-Davi.jpg 660w, https:\/\/www.turismoitinerante.com\/site\/wp-content\/uploads\/2015\/10\/Rapporto-Regionale-APC-FVG_da-sin-Gianni-Brogini-Francesca-Tonini-Debora-Serracchiani-Klaus-Davi-300x210.jpg 300w, https:\/\/www.turismoitinerante.com\/site\/wp-content\/uploads\/2015\/10\/Rapporto-Regionale-APC-FVG_da-sin-Gianni-Brogini-Francesca-Tonini-Debora-Serracchiani-Klaus-Davi-400x281.jpg 400w\" sizes=\"(max-width: 660px) 100vw, 660px\" \/><\/a><\/p>\n<p><b>Vola l\u2019usato: +17,8%<\/b><\/p>\n<p>Trainato da un settore che, tra lo scorso anno e il primo semestre 2015, ha dato forti e tangibili segnali di ripresa, il Friuli Venezia Giulia si distingue come leader del produttivo Nord-Est italiano per quel che riguarda il mercato dell\u2019usato delle caravan, con il maggior incremento percentuale nel primo semestre del 2015: +17,8% rispetto al corrispondente periodo dell\u2019anno precedente, con 411 trasferimenti netti di propriet\u00e0, piazzandosi davanti a giganti come Veneto ed Emilia Romagna e superando anche il Trentino Alto Adige che tra tutte le Regioni del Nord-Est \u00e8 quella che maggiormente sta dimostrando una alta propensione per questa tipologia di vacanza.<br \/>\nIl mercato del nuovo, similmente a quanto avvenuto nel 2014, ha fatto invece registrare una contrazione, con 90 autocaravan immatricolate nei primi sei mesi del 2015 (-12,6% rispetto al primo semestre del 2014).<\/p>\n<p><b>Aree di sosta d\u2019eccellenza<\/b><\/p>\n<p>\u00c8 per\u00f2 l\u2019offerta ricreazionale il vero punto di forza: il Friuli Venezia Giulia, nel 2014, si \u00e8 infatti distinto a livello nazionale per la qualit\u00e0 delle sue aree di sosta, intesa come incidenza percentuale delle aree attrezzate sule aree di sosta totali regionali e conferma un risultato complessivamente positivo nella valutazione dei principali indicatori analizzati ovvero la capacit\u00e0 di attrazione della domanda, il grado di specializzazione dell\u2019offerta, la qualit\u00e0 delle aree di sosta e il livello di sensibilit\u00e0 dei Comuni.<br \/>\n60 le aree di sosta totali, con una distribuzione che copre in maniera uniforme il territorio regionale e in grado di soddisfare l\u2019offerta di qualit\u00e0 e specializzazione. E\u2019 Udine (33 aree) la provincia pi\u00f9 \u201ccamper friendly\u201d, con 33 aree di sosta totali, quasi tutte attrezzate; \u00a0a seguire le province di Pordenone (17 aree), Gorizia (8 aree) e Trieste (2 aree).<br \/>\nI punti pi\u00f9 ambiti da turisti italiani e stranieri sono quelli collocati nelle vicinanze delle terme, veri esempi di aree di sosta d\u2019eccellenza: l\u2019area di Grado (GO), nei pressi delle Terme di Grado e l\u2019area di Arta Terme (UD), nei pressi delle Terme di Arta.<\/p>\n<p><b>La \u201cGuida Aree Camper\u201d <\/b><\/p>\n<p>Non si possono dimenticare le iniziative regionali in favore del turismo in libert\u00e0. Oltre all\u2019impegno delle amministrazioni comunali e alla realizzazione di nuove aree di sosta (citiamo ad esempio Sacile, vincitrice del Bando APC \u201cI Comuni del Turismo in Libert\u00e0\u201d edizione 2005-2006), gli appassionati del turismo in libert\u00e0 hanno a disposizione la\u00a0\u201cGuida Aree Camper\u201d\u00a0realizzata da Turismo FVG e presentata ufficialmente al Salone del Camper di Parma il 19 settembre 2014.<br \/>\nCompleto di schede dettagliate suddivise per provincia e corredato di mappa, il volume \u00e8 stampato anche in lingua tedesca e inglese.<\/p>\n<p><b>Legge regionale per aree di sosta<\/b><\/p>\n<p>Il Friuli Venezia Giulia si \u00e8 infine distinto a livello nazionale come precursore di una strategia elaborata per \u00a0il turismo in libert\u00e0 che per l\u2019Italia rappresenta una rarit\u00e0: la legge regionale 16 gennaio 2002, n\u00b02 &#8211; Disciplina organica del turismo &#8211; \u00e8 infatti riuscita nell\u2019intento di incentivare la creazione di aree di sosta da parte di comuni singoli o associati (art. 106), erogando contributi per una copertura massima del 50% ai comuni, al fine di realizzare, rinnovare e ingrandire aree per la sosta autocaravan e caravan (art. 109).<br \/>\nIl 22 ottobre 2003 \u00e8 poi entrato in vigore il regolamento regionale con i requisiti delle aree attrezzate per la sosta temporanea di autocaravan e caravan, nonch\u00e9 i criteri, le priorit\u00e0 e le modalit\u00e0 per la concessione dei contributi, in favore dei comuni singoli o associati, per la realizzazione, la ristrutturazione o l\u2019ampliamento delle predette aree.<\/p>\n<p>Entusiasta <strong>Jan de Haas<\/strong>, <strong>presidente di APC<\/strong>: \u201c<i>Ringraziando ancora una volta il Friuli Venezia Giulia e il Suo Presidente Serracchiani per la splendida ospitalit\u00e0, sottolineo l\u2019importanza di questa regione nel panorama camperistico italiano per la sua politica d\u2019incentivazione del turismo in libert\u00e0, in particolare con la regolamentazione delle aree di sosta. Grazie a tali requisiti il Friuli Venezia Giulia si attesta come un vero modello da seguire. I tanti esempi di aree attrezzate d\u2019eccellenza sono un plus apprezzato dai turisti in libert\u00e0 che arrivano in Friuli Venezia Giulia, in particolare dall\u2019Austria e dalla Germania, rendendo questa terra una realt\u00e0 mitteleuropea di valore assoluto<\/i>\u201d.<\/p>\n<figure id=\"attachment_32078\" aria-describedby=\"caption-attachment-32078\" style=\"width: 660px\" class=\"wp-caption aligncenter\"><a href=\"http:\/\/www.turismoitinerante.com\/site\/wp-content\/uploads\/2015\/10\/Rapporto-Regionale-APC-FVG_da-sin-Francesca-Tonini-Debora-Serracchiani.jpg\"><img decoding=\"async\" class=\"size-full wp-image-32078\" alt=\"Da sinistra: Francesca Tonini, Debora Serracchiani\" src=\"http:\/\/www.turismoitinerante.com\/site\/wp-content\/uploads\/2015\/10\/Rapporto-Regionale-APC-FVG_da-sin-Francesca-Tonini-Debora-Serracchiani.jpg\" width=\"660\" height=\"464\" srcset=\"https:\/\/www.turismoitinerante.com\/site\/wp-content\/uploads\/2015\/10\/Rapporto-Regionale-APC-FVG_da-sin-Francesca-Tonini-Debora-Serracchiani.jpg 660w, https:\/\/www.turismoitinerante.com\/site\/wp-content\/uploads\/2015\/10\/Rapporto-Regionale-APC-FVG_da-sin-Francesca-Tonini-Debora-Serracchiani-300x210.jpg 300w, https:\/\/www.turismoitinerante.com\/site\/wp-content\/uploads\/2015\/10\/Rapporto-Regionale-APC-FVG_da-sin-Francesca-Tonini-Debora-Serracchiani-400x281.jpg 400w\" sizes=\"(max-width: 660px) 100vw, 660px\" \/><\/a><figcaption id=\"caption-attachment-32078\" class=\"wp-caption-text\">Da sinistra: Francesca Tonini, Debora Serracchiani<\/figcaption><\/figure>\n<div class=\"7863122cad8776726ec303240ed69aa5\" data-index=\"4\" style=\"float: none; margin:10px 0 10px 0; text-align:center;\">\n<script async src=\"\/\/pagead2.googlesyndication.com\/pagead\/js\/adsbygoogle.js\"><\/script>\r\n<!-- 728x90, creato 23\/02\/11 -->\r\n<ins class=\"adsbygoogle\"\r\n     style=\"display:inline-block;width:728px;height:90px\"\r\n     data-ad-client=\"ca-pub-5798583071070083\"\r\n     data-ad-slot=\"5935394872\"><\/ins>\r\n<script>\r\n(adsbygoogle = window.adsbygoogle || []).push({});\r\n<\/script>\n<\/div>\n\n<div style=\"font-size: 0px; height: 0px; line-height: 0px; margin: 0; padding: 0; clear: both;\"><\/div>","protected":false},"excerpt":{"rendered":"<p>Presentato a Trieste il \u201cRapporto Regionale sul Turismo in Libert\u00e0 in Camper e Caravan in Friuli Venezia Giulia\u201d. Vola l\u2019usato (+17,8%), d\u2019eccellenza il servizio delle aree di sosta\u00a0 Presentato il 16 ottobre 2015, nel Palazzo della Regione Friuli Venezia Giulia di Trieste, il \u201cRapporto Regionale sul Turismo in Libert\u00e0 in Camper e Caravan in Friuli [&hellip;]<\/p>\n","protected":false},"author":1,"featured_media":32077,"comment_status":"closed","ping_status":"open","sticky":false,"template":"","format":"standard","meta":{"ngg_post_thumbnail":0,"jnews-multi-image_gallery":[],"jnews_single_post":[],"jnews_primary_category":[],"jnews_override_counter":[],"footnotes":""},"categories":[642],"tags":[520],"class_list":["post-32076","post","type-post","status-publish","format-standard","has-post-thumbnail","hentry","category-caravanning","tag-apc-anfia"],"yoast_head":"<!-- This site is optimized with the Yoast SEO plugin v27.4 - https:\/\/yoast.com\/product\/yoast-seo-wordpress\/ -->\n<title>Il Friuli Venezia Giulia modello di ricettivit\u00e0 per il turismoin libert\u00e0 - TI - Turismo Itinerante<\/title>\n<meta name=\"robots\" content=\"index, follow, max-snippet:-1, max-image-preview:large, max-video-preview:-1\" \/>\n<link rel=\"canonical\" href=\"https:\/\/www.turismoitinerante.com\/site\/friuli-venezia-giulia-modello-riceittivita-turismoin-liberta\/\" \/>\n<meta property=\"og:locale\" content=\"it_IT\" \/>\n<meta property=\"og:type\" content=\"article\" \/>\n<meta property=\"og:title\" content=\"Il Friuli Venezia Giulia modello di ricettivit\u00e0 per il turismoin libert\u00e0 - TI - Turismo Itinerante\" \/>\n<meta property=\"og:description\" content=\"Presentato a Trieste il \u201cRapporto Regionale sul Turismo in Libert\u00e0 in Camper e Caravan in Friuli Venezia Giulia\u201d. Vola l\u2019usato (+17,8%), d\u2019eccellenza il servizio delle aree di sosta\u00a0 Presentato il 16 ottobre 2015, nel Palazzo della Regione Friuli Venezia Giulia di Trieste, il \u201cRapporto Regionale sul Turismo in Libert\u00e0 in Camper e Caravan in Friuli [&hellip;]\" \/>\n<meta property=\"og:url\" content=\"https:\/\/www.turismoitinerante.com\/site\/friuli-venezia-giulia-modello-riceittivita-turismoin-liberta\/\" \/>\n<meta property=\"og:site_name\" content=\"TI - Turismo Itinerante\" \/>\n<meta property=\"article:published_time\" content=\"2015-10-22T07:30:10+00:00\" \/>\n<meta property=\"og:image\" content=\"https:\/\/www.turismoitinerante.com\/site\/wp-content\/uploads\/2015\/10\/Rapporto-Regionale-APC-FVG_da-sin-Gianni-Brogini-Francesca-Tonini-Debora-Serracchiani-Klaus-Davi.jpg\" \/>\n\t<meta property=\"og:image:width\" content=\"660\" \/>\n\t<meta property=\"og:image:height\" content=\"464\" \/>\n\t<meta property=\"og:image:type\" content=\"image\/jpeg\" \/>\n<meta name=\"author\" content=\"admin\" \/>\n<meta name=\"twitter:card\" content=\"summary_large_image\" \/>\n<meta name=\"twitter:label1\" content=\"Scritto da\" \/>\n\t<meta name=\"twitter:data1\" content=\"admin\" \/>\n\t<meta name=\"twitter:label2\" content=\"Tempo di lettura stimato\" \/>\n\t<meta name=\"twitter:data2\" content=\"4 minuti\" \/>\n<script type=\"application\/ld+json\" class=\"yoast-schema-graph\">{\"@context\":\"https:\\\/\\\/schema.org\",\"@graph\":[{\"@type\":\"Article\",\"@id\":\"https:\\\/\\\/www.turismoitinerante.com\\\/site\\\/friuli-venezia-giulia-modello-riceittivita-turismoin-liberta\\\/#article\",\"isPartOf\":{\"@id\":\"https:\\\/\\\/www.turismoitinerante.com\\\/site\\\/friuli-venezia-giulia-modello-riceittivita-turismoin-liberta\\\/\"},\"author\":{\"name\":\"admin\",\"@id\":\"https:\\\/\\\/www.turismoitinerante.com\\\/site\\\/#\\\/schema\\\/person\\\/1e1238d2d1617438f3682e54bf4d6c05\"},\"headline\":\"Il Friuli Venezia Giulia modello di ricettivit\u00e0 per il turismoin libert\u00e0\",\"datePublished\":\"2015-10-22T07:30:10+00:00\",\"mainEntityOfPage\":{\"@id\":\"https:\\\/\\\/www.turismoitinerante.com\\\/site\\\/friuli-venezia-giulia-modello-riceittivita-turismoin-liberta\\\/\"},\"wordCount\":777,\"image\":{\"@id\":\"https:\\\/\\\/www.turismoitinerante.com\\\/site\\\/friuli-venezia-giulia-modello-riceittivita-turismoin-liberta\\\/#primaryimage\"},\"thumbnailUrl\":\"https:\\\/\\\/www.turismoitinerante.com\\\/site\\\/wp-content\\\/uploads\\\/2015\\\/10\\\/Rapporto-Regionale-APC-FVG_da-sin-Gianni-Brogini-Francesca-Tonini-Debora-Serracchiani-Klaus-Davi.jpg\",\"keywords\":[\"APC\"],\"articleSection\":[\"Caravanning\"],\"inLanguage\":\"it-IT\"},{\"@type\":\"WebPage\",\"@id\":\"https:\\\/\\\/www.turismoitinerante.com\\\/site\\\/friuli-venezia-giulia-modello-riceittivita-turismoin-liberta\\\/\",\"url\":\"https:\\\/\\\/www.turismoitinerante.com\\\/site\\\/friuli-venezia-giulia-modello-riceittivita-turismoin-liberta\\\/\",\"name\":\"Il Friuli Venezia Giulia modello di ricettivit\u00e0 per il turismoin libert\u00e0 - TI - Turismo Itinerante\",\"isPartOf\":{\"@id\":\"https:\\\/\\\/www.turismoitinerante.com\\\/site\\\/#website\"},\"primaryImageOfPage\":{\"@id\":\"https:\\\/\\\/www.turismoitinerante.com\\\/site\\\/friuli-venezia-giulia-modello-riceittivita-turismoin-liberta\\\/#primaryimage\"},\"image\":{\"@id\":\"https:\\\/\\\/www.turismoitinerante.com\\\/site\\\/friuli-venezia-giulia-modello-riceittivita-turismoin-liberta\\\/#primaryimage\"},\"thumbnailUrl\":\"https:\\\/\\\/www.turismoitinerante.com\\\/site\\\/wp-content\\\/uploads\\\/2015\\\/10\\\/Rapporto-Regionale-APC-FVG_da-sin-Gianni-Brogini-Francesca-Tonini-Debora-Serracchiani-Klaus-Davi.jpg\",\"datePublished\":\"2015-10-22T07:30:10+00:00\",\"author\":{\"@id\":\"https:\\\/\\\/www.turismoitinerante.com\\\/site\\\/#\\\/schema\\\/person\\\/1e1238d2d1617438f3682e54bf4d6c05\"},\"breadcrumb\":{\"@id\":\"https:\\\/\\\/www.turismoitinerante.com\\\/site\\\/friuli-venezia-giulia-modello-riceittivita-turismoin-liberta\\\/#breadcrumb\"},\"inLanguage\":\"it-IT\",\"potentialAction\":[{\"@type\":\"ReadAction\",\"target\":[\"https:\\\/\\\/www.turismoitinerante.com\\\/site\\\/friuli-venezia-giulia-modello-riceittivita-turismoin-liberta\\\/\"]}]},{\"@type\":\"ImageObject\",\"inLanguage\":\"it-IT\",\"@id\":\"https:\\\/\\\/www.turismoitinerante.com\\\/site\\\/friuli-venezia-giulia-modello-riceittivita-turismoin-liberta\\\/#primaryimage\",\"url\":\"https:\\\/\\\/www.turismoitinerante.com\\\/site\\\/wp-content\\\/uploads\\\/2015\\\/10\\\/Rapporto-Regionale-APC-FVG_da-sin-Gianni-Brogini-Francesca-Tonini-Debora-Serracchiani-Klaus-Davi.jpg\",\"contentUrl\":\"https:\\\/\\\/www.turismoitinerante.com\\\/site\\\/wp-content\\\/uploads\\\/2015\\\/10\\\/Rapporto-Regionale-APC-FVG_da-sin-Gianni-Brogini-Francesca-Tonini-Debora-Serracchiani-Klaus-Davi.jpg\",\"width\":660,\"height\":464},{\"@type\":\"BreadcrumbList\",\"@id\":\"https:\\\/\\\/www.turismoitinerante.com\\\/site\\\/friuli-venezia-giulia-modello-riceittivita-turismoin-liberta\\\/#breadcrumb\",\"itemListElement\":[{\"@type\":\"ListItem\",\"position\":1,\"name\":\"Home\",\"item\":\"https:\\\/\\\/www.turismoitinerante.com\\\/site\\\/\"},{\"@type\":\"ListItem\",\"position\":2,\"name\":\"Il Friuli Venezia Giulia modello di ricettivit\u00e0 per il turismoin libert\u00e0\"}]},{\"@type\":\"WebSite\",\"@id\":\"https:\\\/\\\/www.turismoitinerante.com\\\/site\\\/#website\",\"url\":\"https:\\\/\\\/www.turismoitinerante.com\\\/site\\\/\",\"name\":\"TI - Turismo Itinerante\",\"description\":\"Ritrovarsi su internet per informarsi, per informare. Il portale del turismo itinerante. Una infinit\u00e0 di notizie su camper, itinerari, aree sosta camper, concessionari, campeggi, agriturismo, raduni, sagre, fiere, mostre, associazioni, club, forum, bacheca annunci\",\"potentialAction\":[{\"@type\":\"SearchAction\",\"target\":{\"@type\":\"EntryPoint\",\"urlTemplate\":\"https:\\\/\\\/www.turismoitinerante.com\\\/site\\\/?s={search_term_string}\"},\"query-input\":{\"@type\":\"PropertyValueSpecification\",\"valueRequired\":true,\"valueName\":\"search_term_string\"}}],\"inLanguage\":\"it-IT\"},{\"@type\":\"Person\",\"@id\":\"https:\\\/\\\/www.turismoitinerante.com\\\/site\\\/#\\\/schema\\\/person\\\/1e1238d2d1617438f3682e54bf4d6c05\",\"name\":\"admin\",\"image\":{\"@type\":\"ImageObject\",\"inLanguage\":\"it-IT\",\"@id\":\"https:\\\/\\\/secure.gravatar.com\\\/avatar\\\/9102d8c23b35e2809b07ebc42ce126daa3d6a47cce9878a22d14d9852ade629e?s=96&d=mm&r=g\",\"url\":\"https:\\\/\\\/secure.gravatar.com\\\/avatar\\\/9102d8c23b35e2809b07ebc42ce126daa3d6a47cce9878a22d14d9852ade629e?s=96&d=mm&r=g\",\"contentUrl\":\"https:\\\/\\\/secure.gravatar.com\\\/avatar\\\/9102d8c23b35e2809b07ebc42ce126daa3d6a47cce9878a22d14d9852ade629e?s=96&d=mm&r=g\",\"caption\":\"admin\"},\"url\":\"https:\\\/\\\/www.turismoitinerante.com\\\/site\\\/author\\\/admin\\\/\"}]}<\/script>\n<!-- \/ Yoast SEO plugin. -->","yoast_head_json":{"title":"Il Friuli Venezia Giulia modello di ricettivit\u00e0 per il turismoin libert\u00e0 - TI - Turismo Itinerante","robots":{"index":"index","follow":"follow","max-snippet":"max-snippet:-1","max-image-preview":"max-image-preview:large","max-video-preview":"max-video-preview:-1"},"canonical":"https:\/\/www.turismoitinerante.com\/site\/friuli-venezia-giulia-modello-riceittivita-turismoin-liberta\/","og_locale":"it_IT","og_type":"article","og_title":"Il Friuli Venezia Giulia modello di ricettivit\u00e0 per il turismoin libert\u00e0 - TI - Turismo Itinerante","og_description":"Presentato a Trieste il \u201cRapporto Regionale sul Turismo in Libert\u00e0 in Camper e Caravan in Friuli Venezia Giulia\u201d. Vola l\u2019usato (+17,8%), d\u2019eccellenza il servizio delle aree di sosta\u00a0 Presentato il 16 ottobre 2015, nel Palazzo della Regione Friuli Venezia Giulia di Trieste, il \u201cRapporto Regionale sul Turismo in Libert\u00e0 in Camper e Caravan in Friuli [&hellip;]","og_url":"https:\/\/www.turismoitinerante.com\/site\/friuli-venezia-giulia-modello-riceittivita-turismoin-liberta\/","og_site_name":"TI - Turismo Itinerante","article_published_time":"2015-10-22T07:30:10+00:00","og_image":[{"width":660,"height":464,"url":"https:\/\/www.turismoitinerante.com\/site\/wp-content\/uploads\/2015\/10\/Rapporto-Regionale-APC-FVG_da-sin-Gianni-Brogini-Francesca-Tonini-Debora-Serracchiani-Klaus-Davi.jpg","type":"image\/jpeg"}],"author":"admin","twitter_card":"summary_large_image","twitter_misc":{"Scritto da":"admin","Tempo di lettura stimato":"4 minuti"},"schema":{"@context":"https:\/\/schema.org","@graph":[{"@type":"Article","@id":"https:\/\/www.turismoitinerante.com\/site\/friuli-venezia-giulia-modello-riceittivita-turismoin-liberta\/#article","isPartOf":{"@id":"https:\/\/www.turismoitinerante.com\/site\/friuli-venezia-giulia-modello-riceittivita-turismoin-liberta\/"},"author":{"name":"admin","@id":"https:\/\/www.turismoitinerante.com\/site\/#\/schema\/person\/1e1238d2d1617438f3682e54bf4d6c05"},"headline":"Il Friuli Venezia Giulia modello di ricettivit\u00e0 per il turismoin libert\u00e0","datePublished":"2015-10-22T07:30:10+00:00","mainEntityOfPage":{"@id":"https:\/\/www.turismoitinerante.com\/site\/friuli-venezia-giulia-modello-riceittivita-turismoin-liberta\/"},"wordCount":777,"image":{"@id":"https:\/\/www.turismoitinerante.com\/site\/friuli-venezia-giulia-modello-riceittivita-turismoin-liberta\/#primaryimage"},"thumbnailUrl":"https:\/\/www.turismoitinerante.com\/site\/wp-content\/uploads\/2015\/10\/Rapporto-Regionale-APC-FVG_da-sin-Gianni-Brogini-Francesca-Tonini-Debora-Serracchiani-Klaus-Davi.jpg","keywords":["APC"],"articleSection":["Caravanning"],"inLanguage":"it-IT"},{"@type":"WebPage","@id":"https:\/\/www.turismoitinerante.com\/site\/friuli-venezia-giulia-modello-riceittivita-turismoin-liberta\/","url":"https:\/\/www.turismoitinerante.com\/site\/friuli-venezia-giulia-modello-riceittivita-turismoin-liberta\/","name":"Il Friuli Venezia Giulia modello di ricettivit\u00e0 per il turismoin libert\u00e0 - TI - Turismo Itinerante","isPartOf":{"@id":"https:\/\/www.turismoitinerante.com\/site\/#website"},"primaryImageOfPage":{"@id":"https:\/\/www.turismoitinerante.com\/site\/friuli-venezia-giulia-modello-riceittivita-turismoin-liberta\/#primaryimage"},"image":{"@id":"https:\/\/www.turismoitinerante.com\/site\/friuli-venezia-giulia-modello-riceittivita-turismoin-liberta\/#primaryimage"},"thumbnailUrl":"https:\/\/www.turismoitinerante.com\/site\/wp-content\/uploads\/2015\/10\/Rapporto-Regionale-APC-FVG_da-sin-Gianni-Brogini-Francesca-Tonini-Debora-Serracchiani-Klaus-Davi.jpg","datePublished":"2015-10-22T07:30:10+00:00","author":{"@id":"https:\/\/www.turismoitinerante.com\/site\/#\/schema\/person\/1e1238d2d1617438f3682e54bf4d6c05"},"breadcrumb":{"@id":"https:\/\/www.turismoitinerante.com\/site\/friuli-venezia-giulia-modello-riceittivita-turismoin-liberta\/#breadcrumb"},"inLanguage":"it-IT","potentialAction":[{"@type":"ReadAction","target":["https:\/\/www.turismoitinerante.com\/site\/friuli-venezia-giulia-modello-riceittivita-turismoin-liberta\/"]}]},{"@type":"ImageObject","inLanguage":"it-IT","@id":"https:\/\/www.turismoitinerante.com\/site\/friuli-venezia-giulia-modello-riceittivita-turismoin-liberta\/#primaryimage","url":"https:\/\/www.turismoitinerante.com\/site\/wp-content\/uploads\/2015\/10\/Rapporto-Regionale-APC-FVG_da-sin-Gianni-Brogini-Francesca-Tonini-Debora-Serracchiani-Klaus-Davi.jpg","contentUrl":"https:\/\/www.turismoitinerante.com\/site\/wp-content\/uploads\/2015\/10\/Rapporto-Regionale-APC-FVG_da-sin-Gianni-Brogini-Francesca-Tonini-Debora-Serracchiani-Klaus-Davi.jpg","width":660,"height":464},{"@type":"BreadcrumbList","@id":"https:\/\/www.turismoitinerante.com\/site\/friuli-venezia-giulia-modello-riceittivita-turismoin-liberta\/#breadcrumb","itemListElement":[{"@type":"ListItem","position":1,"name":"Home","item":"https:\/\/www.turismoitinerante.com\/site\/"},{"@type":"ListItem","position":2,"name":"Il Friuli Venezia Giulia modello di ricettivit\u00e0 per il turismoin libert\u00e0"}]},{"@type":"WebSite","@id":"https:\/\/www.turismoitinerante.com\/site\/#website","url":"https:\/\/www.turismoitinerante.com\/site\/","name":"TI - Turismo Itinerante","description":"Ritrovarsi su internet per informarsi, per informare. Il portale del turismo itinerante. Una infinit\u00e0 di notizie su camper, itinerari, aree sosta camper, concessionari, campeggi, agriturismo, raduni, sagre, fiere, mostre, associazioni, club, forum, bacheca annunci","potentialAction":[{"@type":"SearchAction","target":{"@type":"EntryPoint","urlTemplate":"https:\/\/www.turismoitinerante.com\/site\/?s={search_term_string}"},"query-input":{"@type":"PropertyValueSpecification","valueRequired":true,"valueName":"search_term_string"}}],"inLanguage":"it-IT"},{"@type":"Person","@id":"https:\/\/www.turismoitinerante.com\/site\/#\/schema\/person\/1e1238d2d1617438f3682e54bf4d6c05","name":"admin","image":{"@type":"ImageObject","inLanguage":"it-IT","@id":"https:\/\/secure.gravatar.com\/avatar\/9102d8c23b35e2809b07ebc42ce126daa3d6a47cce9878a22d14d9852ade629e?s=96&d=mm&r=g","url":"https:\/\/secure.gravatar.com\/avatar\/9102d8c23b35e2809b07ebc42ce126daa3d6a47cce9878a22d14d9852ade629e?s=96&d=mm&r=g","contentUrl":"https:\/\/secure.gravatar.com\/avatar\/9102d8c23b35e2809b07ebc42ce126daa3d6a47cce9878a22d14d9852ade629e?s=96&d=mm&r=g","caption":"admin"},"url":"https:\/\/www.turismoitinerante.com\/site\/author\/admin\/"}]}},"_links":{"self":[{"href":"https:\/\/www.turismoitinerante.com\/site\/wp-json\/wp\/v2\/posts\/32076","targetHints":{"allow":["GET"]}}],"collection":[{"href":"https:\/\/www.turismoitinerante.com\/site\/wp-json\/wp\/v2\/posts"}],"about":[{"href":"https:\/\/www.turismoitinerante.com\/site\/wp-json\/wp\/v2\/types\/post"}],"author":[{"embeddable":true,"href":"https:\/\/www.turismoitinerante.com\/site\/wp-json\/wp\/v2\/users\/1"}],"replies":[{"embeddable":true,"href":"https:\/\/www.turismoitinerante.com\/site\/wp-json\/wp\/v2\/comments?post=32076"}],"version-history":[{"count":1,"href":"https:\/\/www.turismoitinerante.com\/site\/wp-json\/wp\/v2\/posts\/32076\/revisions"}],"predecessor-version":[{"id":32079,"href":"https:\/\/www.turismoitinerante.com\/site\/wp-json\/wp\/v2\/posts\/32076\/revisions\/32079"}],"wp:featuredmedia":[{"embeddable":true,"href":"https:\/\/www.turismoitinerante.com\/site\/wp-json\/wp\/v2\/media\/32077"}],"wp:attachment":[{"href":"https:\/\/www.turismoitinerante.com\/site\/wp-json\/wp\/v2\/media?parent=32076"}],"wp:term":[{"taxonomy":"category","embeddable":true,"href":"https:\/\/www.turismoitinerante.com\/site\/wp-json\/wp\/v2\/categories?post=32076"},{"taxonomy":"post_tag","embeddable":true,"href":"https:\/\/www.turismoitinerante.com\/site\/wp-json\/wp\/v2\/tags?post=32076"}],"curies":[{"name":"wp","href":"https:\/\/api.w.org\/{rel}","templated":true}]}}