{"id":32055,"date":"2015-10-20T09:19:53","date_gmt":"2015-10-20T08:19:53","guid":{"rendered":"http:\/\/www.turismoitinerante.com\/site\/?p=32055"},"modified":"2015-10-20T09:19:53","modified_gmt":"2015-10-20T08:19:53","slug":"carnevale-di-fano-pesaro-e-urbino-2431-gennaio-e-7-febbraio-2016","status":"publish","type":"post","link":"https:\/\/www.turismoitinerante.com\/site\/carnevale-di-fano-pesaro-e-urbino-2431-gennaio-e-7-febbraio-2016\/","title":{"rendered":"Carnevale di Fano (Pesaro e Urbino) &#8211; 24\/31 gennaio e 7 febbraio 2016"},"content":{"rendered":"<p>Sono meno di cento i giorni che ci separano alla prima sfilata del Carnevale di Fano! E poi colori, musica e divertimento invaderanno il viale principale della citt\u00e0. Appuntamento per domenica 24 e 31 gennaio e 7 febbraio 2016!<\/p>\n<p>La citt\u00e0 di Fano, in epoca romana conosciuta come Fanum Fortunae, \u00e8 oggi un\u2019importante meta turistica per il mare (Bandiera Blu), il ricco patrimonio storico-culturale e l\u2019incantevole paesaggio collinare dell\u2019entroterra.<\/p>\n<p><a href=\"http:\/\/www.turismoitinerante.com\/site\/wp-content\/uploads\/2015\/10\/carnevale-di-fano.jpg\"><img decoding=\"async\" src=\"http:\/\/www.turismoitinerante.com\/site\/wp-content\/uploads\/2015\/10\/carnevale-di-fano.jpg\" alt=\"carnevale-di-fano\" width=\"256\" height=\"149\" class=\"alignleft size-full wp-image-32056\" \/><\/a>Fano \u00e8 luogo ideale di soggiorno da cui partire per escursioni in citt\u00e0 ricche di storia e d\u2019arte.<br \/>\nFano \u00e8 meta di un turismo attento alla qualit\u00e0 della vita: il suo territorio conserva, infatti, un patrimonio culturale, storico e ambientale di prim\u2019ordine, che consente al visitatore di passare dal mare ai suggestivi paesaggi di collina nel breve volgere di pochi chilometri.<\/p>\n<p>Prenota una visita guidata alla scoperta delle antiche terre del Ducato di Montefeltro!<\/p>\n<p>Alcune localit\u00e0 da visitare:<br \/>\nURBINO: \u201cuna citt\u00e0 in forma di palazzo\u201d, patrimonio UNESCO con il famoso Palazzo Ducale<br \/>\nGRADARA: Capitale del Medioevo e il Castello di Paolo e Francesca<br \/>\nPESARO: la citt\u00e0 di Rossini, con i bellissimi mosaici del Duomo, le sue chiese e Palazzi<br \/>\nPIOBBICO: il CASTELLO BRANCALEONI e il borgo medievale<br \/>\nE tanto altro ancora<\/p>\n<p>Info e prenotazione visite guidate Provincia di Pesaro e Urbino<br \/>\nTel\/fax 0722.99.120  &#8211;  cell. 333.38.86.193<\/p>\n<div class=\"7863122cad8776726ec303240ed69aa5\" data-index=\"4\" style=\"float: none; margin:10px 0 10px 0; text-align:center;\">\n<script async src=\"\/\/pagead2.googlesyndication.com\/pagead\/js\/adsbygoogle.js\"><\/script>\r\n<!-- 728x90, creato 23\/02\/11 -->\r\n<ins class=\"adsbygoogle\"\r\n     style=\"display:inline-block;width:728px;height:90px\"\r\n     data-ad-client=\"ca-pub-5798583071070083\"\r\n     data-ad-slot=\"5935394872\"><\/ins>\r\n<script>\r\n(adsbygoogle = window.adsbygoogle || []).push({});\r\n<\/script>\n<\/div>\n\n<div style=\"font-size: 0px; height: 0px; line-height: 0px; margin: 0; padding: 0; clear: both;\"><\/div>","protected":false},"excerpt":{"rendered":"<p>Sono meno di cento i giorni che ci separano alla prima sfilata del Carnevale di Fano! E poi colori, musica e divertimento invaderanno il viale principale della citt\u00e0. Appuntamento per domenica 24 e 31 gennaio e 7 febbraio 2016! La citt\u00e0 di Fano, in epoca romana conosciuta come Fanum Fortunae, \u00e8 oggi un\u2019importante meta turistica [&hellip;]<\/p>\n","protected":false},"author":1,"featured_media":32056,"comment_status":"closed","ping_status":"open","sticky":false,"template":"","format":"standard","meta":{"ngg_post_thumbnail":0,"jnews-multi-image_gallery":[],"jnews_single_post":[],"jnews_primary_category":[],"jnews_override_counter":[],"footnotes":""},"categories":[621],"tags":[432],"class_list":["post-32055","post","type-post","status-publish","format-standard","has-post-thumbnail","hentry","category-info-turismo","tag-carnevale"],"yoast_head":"<!-- This site is optimized with the Yoast SEO plugin v27.4 - https:\/\/yoast.com\/product\/yoast-seo-wordpress\/ -->\n<title>Carnevale di Fano (Pesaro e Urbino) - 24\/31 gennaio e 7 febbraio 2016 - TI - Turismo Itinerante<\/title>\n<meta name=\"robots\" content=\"index, follow, max-snippet:-1, max-image-preview:large, max-video-preview:-1\" \/>\n<link rel=\"canonical\" href=\"https:\/\/www.turismoitinerante.com\/site\/carnevale-di-fano-pesaro-e-urbino-2431-gennaio-e-7-febbraio-2016\/\" \/>\n<meta property=\"og:locale\" content=\"it_IT\" \/>\n<meta property=\"og:type\" content=\"article\" \/>\n<meta property=\"og:title\" content=\"Carnevale di Fano (Pesaro e Urbino) - 24\/31 gennaio e 7 febbraio 2016 - TI - Turismo Itinerante\" \/>\n<meta property=\"og:description\" content=\"Sono meno di cento i giorni che ci separano alla prima sfilata del Carnevale di Fano! E poi colori, musica e divertimento invaderanno il viale principale della citt\u00e0. Appuntamento per domenica 24 e 31 gennaio e 7 febbraio 2016! La citt\u00e0 di Fano, in epoca romana conosciuta come Fanum Fortunae, \u00e8 oggi un\u2019importante meta turistica [&hellip;]\" \/>\n<meta property=\"og:url\" content=\"https:\/\/www.turismoitinerante.com\/site\/carnevale-di-fano-pesaro-e-urbino-2431-gennaio-e-7-febbraio-2016\/\" \/>\n<meta property=\"og:site_name\" content=\"TI - Turismo Itinerante\" \/>\n<meta property=\"article:published_time\" content=\"2015-10-20T08:19:53+00:00\" \/>\n<meta property=\"og:image\" content=\"https:\/\/www.turismoitinerante.com\/site\/wp-content\/uploads\/2015\/10\/carnevale-di-fano.jpg\" \/>\n\t<meta property=\"og:image:width\" content=\"256\" \/>\n\t<meta property=\"og:image:height\" content=\"149\" \/>\n\t<meta property=\"og:image:type\" content=\"image\/jpeg\" \/>\n<meta name=\"author\" content=\"admin\" \/>\n<meta name=\"twitter:card\" content=\"summary_large_image\" \/>\n<meta name=\"twitter:label1\" content=\"Scritto da\" \/>\n\t<meta name=\"twitter:data1\" content=\"admin\" \/>\n\t<meta name=\"twitter:label2\" content=\"Tempo di lettura stimato\" \/>\n\t<meta name=\"twitter:data2\" content=\"1 minuto\" \/>\n<script type=\"application\/ld+json\" class=\"yoast-schema-graph\">{\"@context\":\"https:\\\/\\\/schema.org\",\"@graph\":[{\"@type\":\"Article\",\"@id\":\"https:\\\/\\\/www.turismoitinerante.com\\\/site\\\/carnevale-di-fano-pesaro-e-urbino-2431-gennaio-e-7-febbraio-2016\\\/#article\",\"isPartOf\":{\"@id\":\"https:\\\/\\\/www.turismoitinerante.com\\\/site\\\/carnevale-di-fano-pesaro-e-urbino-2431-gennaio-e-7-febbraio-2016\\\/\"},\"author\":{\"name\":\"admin\",\"@id\":\"https:\\\/\\\/www.turismoitinerante.com\\\/site\\\/#\\\/schema\\\/person\\\/1e1238d2d1617438f3682e54bf4d6c05\"},\"headline\":\"Carnevale di Fano (Pesaro e Urbino) &#8211; 24\\\/31 gennaio e 7 febbraio 2016\",\"datePublished\":\"2015-10-20T08:19:53+00:00\",\"mainEntityOfPage\":{\"@id\":\"https:\\\/\\\/www.turismoitinerante.com\\\/site\\\/carnevale-di-fano-pesaro-e-urbino-2431-gennaio-e-7-febbraio-2016\\\/\"},\"wordCount\":222,\"image\":{\"@id\":\"https:\\\/\\\/www.turismoitinerante.com\\\/site\\\/carnevale-di-fano-pesaro-e-urbino-2431-gennaio-e-7-febbraio-2016\\\/#primaryimage\"},\"thumbnailUrl\":\"https:\\\/\\\/www.turismoitinerante.com\\\/site\\\/wp-content\\\/uploads\\\/2015\\\/10\\\/carnevale-di-fano.jpg\",\"keywords\":[\"carnevale\"],\"articleSection\":[\"Turismo\"],\"inLanguage\":\"it-IT\"},{\"@type\":\"WebPage\",\"@id\":\"https:\\\/\\\/www.turismoitinerante.com\\\/site\\\/carnevale-di-fano-pesaro-e-urbino-2431-gennaio-e-7-febbraio-2016\\\/\",\"url\":\"https:\\\/\\\/www.turismoitinerante.com\\\/site\\\/carnevale-di-fano-pesaro-e-urbino-2431-gennaio-e-7-febbraio-2016\\\/\",\"name\":\"Carnevale di Fano (Pesaro e Urbino) - 24\\\/31 gennaio e 7 febbraio 2016 - TI - Turismo Itinerante\",\"isPartOf\":{\"@id\":\"https:\\\/\\\/www.turismoitinerante.com\\\/site\\\/#website\"},\"primaryImageOfPage\":{\"@id\":\"https:\\\/\\\/www.turismoitinerante.com\\\/site\\\/carnevale-di-fano-pesaro-e-urbino-2431-gennaio-e-7-febbraio-2016\\\/#primaryimage\"},\"image\":{\"@id\":\"https:\\\/\\\/www.turismoitinerante.com\\\/site\\\/carnevale-di-fano-pesaro-e-urbino-2431-gennaio-e-7-febbraio-2016\\\/#primaryimage\"},\"thumbnailUrl\":\"https:\\\/\\\/www.turismoitinerante.com\\\/site\\\/wp-content\\\/uploads\\\/2015\\\/10\\\/carnevale-di-fano.jpg\",\"datePublished\":\"2015-10-20T08:19:53+00:00\",\"author\":{\"@id\":\"https:\\\/\\\/www.turismoitinerante.com\\\/site\\\/#\\\/schema\\\/person\\\/1e1238d2d1617438f3682e54bf4d6c05\"},\"breadcrumb\":{\"@id\":\"https:\\\/\\\/www.turismoitinerante.com\\\/site\\\/carnevale-di-fano-pesaro-e-urbino-2431-gennaio-e-7-febbraio-2016\\\/#breadcrumb\"},\"inLanguage\":\"it-IT\",\"potentialAction\":[{\"@type\":\"ReadAction\",\"target\":[\"https:\\\/\\\/www.turismoitinerante.com\\\/site\\\/carnevale-di-fano-pesaro-e-urbino-2431-gennaio-e-7-febbraio-2016\\\/\"]}]},{\"@type\":\"ImageObject\",\"inLanguage\":\"it-IT\",\"@id\":\"https:\\\/\\\/www.turismoitinerante.com\\\/site\\\/carnevale-di-fano-pesaro-e-urbino-2431-gennaio-e-7-febbraio-2016\\\/#primaryimage\",\"url\":\"https:\\\/\\\/www.turismoitinerante.com\\\/site\\\/wp-content\\\/uploads\\\/2015\\\/10\\\/carnevale-di-fano.jpg\",\"contentUrl\":\"https:\\\/\\\/www.turismoitinerante.com\\\/site\\\/wp-content\\\/uploads\\\/2015\\\/10\\\/carnevale-di-fano.jpg\",\"width\":256,\"height\":149},{\"@type\":\"BreadcrumbList\",\"@id\":\"https:\\\/\\\/www.turismoitinerante.com\\\/site\\\/carnevale-di-fano-pesaro-e-urbino-2431-gennaio-e-7-febbraio-2016\\\/#breadcrumb\",\"itemListElement\":[{\"@type\":\"ListItem\",\"position\":1,\"name\":\"Home\",\"item\":\"https:\\\/\\\/www.turismoitinerante.com\\\/site\\\/\"},{\"@type\":\"ListItem\",\"position\":2,\"name\":\"Carnevale di Fano (Pesaro e Urbino) &#8211; 24\\\/31 gennaio e 7 febbraio 2016\"}]},{\"@type\":\"WebSite\",\"@id\":\"https:\\\/\\\/www.turismoitinerante.com\\\/site\\\/#website\",\"url\":\"https:\\\/\\\/www.turismoitinerante.com\\\/site\\\/\",\"name\":\"TI - Turismo Itinerante\",\"description\":\"Ritrovarsi su internet per informarsi, per informare. Il portale del turismo itinerante. Una infinit\u00e0 di notizie su camper, itinerari, aree sosta camper, concessionari, campeggi, agriturismo, raduni, sagre, fiere, mostre, associazioni, club, forum, bacheca annunci\",\"potentialAction\":[{\"@type\":\"SearchAction\",\"target\":{\"@type\":\"EntryPoint\",\"urlTemplate\":\"https:\\\/\\\/www.turismoitinerante.com\\\/site\\\/?s={search_term_string}\"},\"query-input\":{\"@type\":\"PropertyValueSpecification\",\"valueRequired\":true,\"valueName\":\"search_term_string\"}}],\"inLanguage\":\"it-IT\"},{\"@type\":\"Person\",\"@id\":\"https:\\\/\\\/www.turismoitinerante.com\\\/site\\\/#\\\/schema\\\/person\\\/1e1238d2d1617438f3682e54bf4d6c05\",\"name\":\"admin\",\"image\":{\"@type\":\"ImageObject\",\"inLanguage\":\"it-IT\",\"@id\":\"https:\\\/\\\/secure.gravatar.com\\\/avatar\\\/9102d8c23b35e2809b07ebc42ce126daa3d6a47cce9878a22d14d9852ade629e?s=96&d=mm&r=g\",\"url\":\"https:\\\/\\\/secure.gravatar.com\\\/avatar\\\/9102d8c23b35e2809b07ebc42ce126daa3d6a47cce9878a22d14d9852ade629e?s=96&d=mm&r=g\",\"contentUrl\":\"https:\\\/\\\/secure.gravatar.com\\\/avatar\\\/9102d8c23b35e2809b07ebc42ce126daa3d6a47cce9878a22d14d9852ade629e?s=96&d=mm&r=g\",\"caption\":\"admin\"},\"url\":\"https:\\\/\\\/www.turismoitinerante.com\\\/site\\\/author\\\/admin\\\/\"}]}<\/script>\n<!-- \/ Yoast SEO plugin. -->","yoast_head_json":{"title":"Carnevale di Fano (Pesaro e Urbino) - 24\/31 gennaio e 7 febbraio 2016 - TI - Turismo Itinerante","robots":{"index":"index","follow":"follow","max-snippet":"max-snippet:-1","max-image-preview":"max-image-preview:large","max-video-preview":"max-video-preview:-1"},"canonical":"https:\/\/www.turismoitinerante.com\/site\/carnevale-di-fano-pesaro-e-urbino-2431-gennaio-e-7-febbraio-2016\/","og_locale":"it_IT","og_type":"article","og_title":"Carnevale di Fano (Pesaro e Urbino) - 24\/31 gennaio e 7 febbraio 2016 - TI - Turismo Itinerante","og_description":"Sono meno di cento i giorni che ci separano alla prima sfilata del Carnevale di Fano! E poi colori, musica e divertimento invaderanno il viale principale della citt\u00e0. Appuntamento per domenica 24 e 31 gennaio e 7 febbraio 2016! La citt\u00e0 di Fano, in epoca romana conosciuta come Fanum Fortunae, \u00e8 oggi un\u2019importante meta turistica [&hellip;]","og_url":"https:\/\/www.turismoitinerante.com\/site\/carnevale-di-fano-pesaro-e-urbino-2431-gennaio-e-7-febbraio-2016\/","og_site_name":"TI - Turismo Itinerante","article_published_time":"2015-10-20T08:19:53+00:00","og_image":[{"width":256,"height":149,"url":"https:\/\/www.turismoitinerante.com\/site\/wp-content\/uploads\/2015\/10\/carnevale-di-fano.jpg","type":"image\/jpeg"}],"author":"admin","twitter_card":"summary_large_image","twitter_misc":{"Scritto da":"admin","Tempo di lettura stimato":"1 minuto"},"schema":{"@context":"https:\/\/schema.org","@graph":[{"@type":"Article","@id":"https:\/\/www.turismoitinerante.com\/site\/carnevale-di-fano-pesaro-e-urbino-2431-gennaio-e-7-febbraio-2016\/#article","isPartOf":{"@id":"https:\/\/www.turismoitinerante.com\/site\/carnevale-di-fano-pesaro-e-urbino-2431-gennaio-e-7-febbraio-2016\/"},"author":{"name":"admin","@id":"https:\/\/www.turismoitinerante.com\/site\/#\/schema\/person\/1e1238d2d1617438f3682e54bf4d6c05"},"headline":"Carnevale di Fano (Pesaro e Urbino) &#8211; 24\/31 gennaio e 7 febbraio 2016","datePublished":"2015-10-20T08:19:53+00:00","mainEntityOfPage":{"@id":"https:\/\/www.turismoitinerante.com\/site\/carnevale-di-fano-pesaro-e-urbino-2431-gennaio-e-7-febbraio-2016\/"},"wordCount":222,"image":{"@id":"https:\/\/www.turismoitinerante.com\/site\/carnevale-di-fano-pesaro-e-urbino-2431-gennaio-e-7-febbraio-2016\/#primaryimage"},"thumbnailUrl":"https:\/\/www.turismoitinerante.com\/site\/wp-content\/uploads\/2015\/10\/carnevale-di-fano.jpg","keywords":["carnevale"],"articleSection":["Turismo"],"inLanguage":"it-IT"},{"@type":"WebPage","@id":"https:\/\/www.turismoitinerante.com\/site\/carnevale-di-fano-pesaro-e-urbino-2431-gennaio-e-7-febbraio-2016\/","url":"https:\/\/www.turismoitinerante.com\/site\/carnevale-di-fano-pesaro-e-urbino-2431-gennaio-e-7-febbraio-2016\/","name":"Carnevale di Fano (Pesaro e Urbino) - 24\/31 gennaio e 7 febbraio 2016 - TI - Turismo Itinerante","isPartOf":{"@id":"https:\/\/www.turismoitinerante.com\/site\/#website"},"primaryImageOfPage":{"@id":"https:\/\/www.turismoitinerante.com\/site\/carnevale-di-fano-pesaro-e-urbino-2431-gennaio-e-7-febbraio-2016\/#primaryimage"},"image":{"@id":"https:\/\/www.turismoitinerante.com\/site\/carnevale-di-fano-pesaro-e-urbino-2431-gennaio-e-7-febbraio-2016\/#primaryimage"},"thumbnailUrl":"https:\/\/www.turismoitinerante.com\/site\/wp-content\/uploads\/2015\/10\/carnevale-di-fano.jpg","datePublished":"2015-10-20T08:19:53+00:00","author":{"@id":"https:\/\/www.turismoitinerante.com\/site\/#\/schema\/person\/1e1238d2d1617438f3682e54bf4d6c05"},"breadcrumb":{"@id":"https:\/\/www.turismoitinerante.com\/site\/carnevale-di-fano-pesaro-e-urbino-2431-gennaio-e-7-febbraio-2016\/#breadcrumb"},"inLanguage":"it-IT","potentialAction":[{"@type":"ReadAction","target":["https:\/\/www.turismoitinerante.com\/site\/carnevale-di-fano-pesaro-e-urbino-2431-gennaio-e-7-febbraio-2016\/"]}]},{"@type":"ImageObject","inLanguage":"it-IT","@id":"https:\/\/www.turismoitinerante.com\/site\/carnevale-di-fano-pesaro-e-urbino-2431-gennaio-e-7-febbraio-2016\/#primaryimage","url":"https:\/\/www.turismoitinerante.com\/site\/wp-content\/uploads\/2015\/10\/carnevale-di-fano.jpg","contentUrl":"https:\/\/www.turismoitinerante.com\/site\/wp-content\/uploads\/2015\/10\/carnevale-di-fano.jpg","width":256,"height":149},{"@type":"BreadcrumbList","@id":"https:\/\/www.turismoitinerante.com\/site\/carnevale-di-fano-pesaro-e-urbino-2431-gennaio-e-7-febbraio-2016\/#breadcrumb","itemListElement":[{"@type":"ListItem","position":1,"name":"Home","item":"https:\/\/www.turismoitinerante.com\/site\/"},{"@type":"ListItem","position":2,"name":"Carnevale di Fano (Pesaro e Urbino) &#8211; 24\/31 gennaio e 7 febbraio 2016"}]},{"@type":"WebSite","@id":"https:\/\/www.turismoitinerante.com\/site\/#website","url":"https:\/\/www.turismoitinerante.com\/site\/","name":"TI - Turismo Itinerante","description":"Ritrovarsi su internet per informarsi, per informare. Il portale del turismo itinerante. Una infinit\u00e0 di notizie su camper, itinerari, aree sosta camper, concessionari, campeggi, agriturismo, raduni, sagre, fiere, mostre, associazioni, club, forum, bacheca annunci","potentialAction":[{"@type":"SearchAction","target":{"@type":"EntryPoint","urlTemplate":"https:\/\/www.turismoitinerante.com\/site\/?s={search_term_string}"},"query-input":{"@type":"PropertyValueSpecification","valueRequired":true,"valueName":"search_term_string"}}],"inLanguage":"it-IT"},{"@type":"Person","@id":"https:\/\/www.turismoitinerante.com\/site\/#\/schema\/person\/1e1238d2d1617438f3682e54bf4d6c05","name":"admin","image":{"@type":"ImageObject","inLanguage":"it-IT","@id":"https:\/\/secure.gravatar.com\/avatar\/9102d8c23b35e2809b07ebc42ce126daa3d6a47cce9878a22d14d9852ade629e?s=96&d=mm&r=g","url":"https:\/\/secure.gravatar.com\/avatar\/9102d8c23b35e2809b07ebc42ce126daa3d6a47cce9878a22d14d9852ade629e?s=96&d=mm&r=g","contentUrl":"https:\/\/secure.gravatar.com\/avatar\/9102d8c23b35e2809b07ebc42ce126daa3d6a47cce9878a22d14d9852ade629e?s=96&d=mm&r=g","caption":"admin"},"url":"https:\/\/www.turismoitinerante.com\/site\/author\/admin\/"}]}},"_links":{"self":[{"href":"https:\/\/www.turismoitinerante.com\/site\/wp-json\/wp\/v2\/posts\/32055","targetHints":{"allow":["GET"]}}],"collection":[{"href":"https:\/\/www.turismoitinerante.com\/site\/wp-json\/wp\/v2\/posts"}],"about":[{"href":"https:\/\/www.turismoitinerante.com\/site\/wp-json\/wp\/v2\/types\/post"}],"author":[{"embeddable":true,"href":"https:\/\/www.turismoitinerante.com\/site\/wp-json\/wp\/v2\/users\/1"}],"replies":[{"embeddable":true,"href":"https:\/\/www.turismoitinerante.com\/site\/wp-json\/wp\/v2\/comments?post=32055"}],"version-history":[{"count":1,"href":"https:\/\/www.turismoitinerante.com\/site\/wp-json\/wp\/v2\/posts\/32055\/revisions"}],"predecessor-version":[{"id":32057,"href":"https:\/\/www.turismoitinerante.com\/site\/wp-json\/wp\/v2\/posts\/32055\/revisions\/32057"}],"wp:featuredmedia":[{"embeddable":true,"href":"https:\/\/www.turismoitinerante.com\/site\/wp-json\/wp\/v2\/media\/32056"}],"wp:attachment":[{"href":"https:\/\/www.turismoitinerante.com\/site\/wp-json\/wp\/v2\/media?parent=32055"}],"wp:term":[{"taxonomy":"category","embeddable":true,"href":"https:\/\/www.turismoitinerante.com\/site\/wp-json\/wp\/v2\/categories?post=32055"},{"taxonomy":"post_tag","embeddable":true,"href":"https:\/\/www.turismoitinerante.com\/site\/wp-json\/wp\/v2\/tags?post=32055"}],"curies":[{"name":"wp","href":"https:\/\/api.w.org\/{rel}","templated":true}]}}