{"id":31989,"date":"2015-10-13T15:27:37","date_gmt":"2015-10-13T14:27:37","guid":{"rendered":"http:\/\/www.turismoitinerante.com\/site\/?p=31989"},"modified":"2015-10-29T16:06:28","modified_gmt":"2015-10-29T15:06:28","slug":"con-le-sue-fiaccole-abbadia-san-salvatore-si-prepara-a-vivere-un-natale-oltre-la-neve","status":"publish","type":"post","link":"https:\/\/www.turismoitinerante.com\/site\/con-le-sue-fiaccole-abbadia-san-salvatore-si-prepara-a-vivere-un-natale-oltre-la-neve\/","title":{"rendered":"Con le sue Fiaccole Abbadia San Salvatore si prepara a vivere un Natale oltre la neve"},"content":{"rendered":"<p><strong>Accanto alla tradizione popolare delle \u201cFiaccole\u201d la cui preparazione inizier\u00e0 con gli inizi di dicembre e che illuminer\u00e0 il cielo nella notte della vigilia, per pi\u00f9 di un mese i visitatori potranno scoprire inediti itinerari culturali tra arte, gusto e divertimento<\/strong><\/p>\n<p>Sul Monte Amiata ( Siena ) si prepara un Natale \u201coltre la neve\u201d.<strong>\u00a0Dal 4 dicembre al 6 gennaio Abbadia San Salvatore<\/strong>, \u201cCitt\u00e0 delle Fiaccole\u201d, sar\u00e0 il centro di una serie di eventi che offriranno la possibilit\u00e0 di scoprire una montagna diversa, fatta per sciare ma anche per dedicarsi ad itinerari culturali attraverso i quali scoprire arte, antiche tradizioni, sapori e saperi di altri tempi.<\/p>\n<p><a href=\"http:\/\/www.turismoitinerante.com\/site\/wp-content\/uploads\/2015\/10\/10393687_10204628316420640_8710763947570668353_n-1.jpg\"><img decoding=\"async\" class=\"alignleft size-medium wp-image-31990\" alt=\"10393687_10204628316420640_8710763947570668353_n (1)\" src=\"http:\/\/www.turismoitinerante.com\/site\/wp-content\/uploads\/2015\/10\/10393687_10204628316420640_8710763947570668353_n-1-212x300.jpg\" width=\"212\" height=\"300\" srcset=\"https:\/\/www.turismoitinerante.com\/site\/wp-content\/uploads\/2015\/10\/10393687_10204628316420640_8710763947570668353_n-1-212x300.jpg 212w, https:\/\/www.turismoitinerante.com\/site\/wp-content\/uploads\/2015\/10\/10393687_10204628316420640_8710763947570668353_n-1-400x565.jpg 400w, https:\/\/www.turismoitinerante.com\/site\/wp-content\/uploads\/2015\/10\/10393687_10204628316420640_8710763947570668353_n-1.jpg 660w\" sizes=\"(max-width: 212px) 100vw, 212px\" \/><\/a><\/p>\n<p>Qui infatti inizia proprio con i primi giorni di dicembre la costruzione delle Fiaccole, le tradizionali cataste di legna a forma piramidale che si levano al cielo in attesa della <strong>mezzanotte del 24 dicembre<\/strong> quando poi verranno incendiate. Un rito antichissimo che coinvolge l\u2019intera popolazione e che si tramanda di generazione in generazione.<\/p>\n<p>Ma quest\u2019anno, ad Abbadia San Salvatore non saranno solo le Fiaccole a rendere unico e indimenticabile il periodo natalizio. Ogni weekend, musiche, mercatini, laboratori e mostre di presepi animeranno la citt\u00e0.<\/p>\n<p><strong>Si inizia il 4 dicembre<\/strong>, con la commemorazione di Santa Barbara, protettrice dei minatori: un evento particolarmente caro alla comunit\u00e0 di Abbadia perch\u00e9 legato al suo passato minerario. Quest\u2019anno, oltre ai tradizionali festeggiamenti sar\u00e0 inaugurato lo spettacolare Museo Multimediale che andr\u00e0 ad arricchire e completare il Museo Minerario, che vanta un allestimento assolutamente esclusivo che sfrutta parte della celebre miniera di cinabro del Monte Amiata.<br \/>\n<strong>Nel lungo ponte tra il 5 e l\u20198 dicembre<\/strong>, nel cuore di Abbadia San Salvatore prender\u00e0 vita la cerimonia di accensione delle luminarie, che accompagna l\u2019inizio della costruzione delle tradizionali Fiaccole. Tante le attrazioni, per famiglie e bambini: dai laboratori per i pi\u00f9 piccoli, la Casa di Babbo Natale, la carrozza dei cavalli, la giostra tradizionale, fino al chiosco dedicato allo street-food. E poi ancora animazioni musicali, giochi e tanto altro.<\/p>\n<p>Tutti i giorni e in particolare nei fine settimana le mostre di presepi, gli eventi e le animazioni si susseguiranno senza sosta. Gi\u00e0 dal<strong> 5 dicembre<\/strong> prenderanno il via i mercatini di Natale, un vero e proprio trionfo di profumi e sapori fatto di prodotti<br \/>\nenogastronomici locali e tradizionali, ma anche artigianato tipico, decorazioni natalizie e hobbistica.<br \/>\nSpettacoli e musiche continueranno ad animare il paese fino all\u2019<strong>attesissima sera del 24 dicembre: la notte delle Fiaccole di Natale, un evento unico al mondo.<\/strong><br \/>\nLa lunga nottata inizia alle ore 18, con la &#8220;Cerimonia di accensione&#8221; e la benedizione del fuoco che segna l&#8217;inizio della festa; la banda suona canti natalizi e la Fiaccola davanti al Municipio \u00e8 la prima ad essere accesa.<br \/>\nQuesto \u00e8 il segnale convenuto: da qui i capi fiaccola con le loro torce vanno a dare fuoco alle altre decine di fiaccole disseminate nel centro storico e in tutto il paese<br \/>\nQuindi tra canti e musiche popolari, in una tradizione che si trasmette da migliaia di anni e concilia laicit\u00e0 e spiritualit\u00e0, le Fiaccole iniziano a bruciare illuminando la notte e rendendo il Natale ad Abbadia San Salvatore un momento magico e indimenticabile.<br \/>\nL\u2019intero paese si ritrova nelle strade a rinnovare conoscenze e amicizie, mentre le cataste di legna bruciano fino all&#8217;alba e piccoli chioschi, organizzati accanto ai fuochi, offrono dolci tipici e vin brul\u00e9.<\/p>\n<p>Ma le feste di Abbadia San Salvatore continuano ben oltre il Natale: <strong>il 31 dicembre si festegger\u00e0 l\u2019arrivo del 2016<\/strong> con il \u201cCapodanno in Piazza\u201d e<strong> il 1 gennaio<\/strong> avr\u00e0 luogo il consueto \u201cConcerto di Capodanno\u201d nella suggestiva Abbazia del San Salvatore.<\/p>\n<p>Il programma si arricchisce poi con le animazioni del Museo Minerario, le ciaspolate, il trekking nel bosco e le visite guidate nel meraviglioso centro storico del paese e tantissime altre attivit\u00e0<strong> fino al 6 gennaio<\/strong>.<br \/>\nDurante tutto il periodo sar\u00e0 inoltre possibile gustare piatti della tradizione natalizia locale, grazie all&#8217;iniziativa \u201cNatale a Tavola\u201d nella maggior parte dei ristoranti del paese.<\/p>\n<p>Per maggiori informazioni<br \/>\nTel\/fax: 0577778324\/0577775221<br \/>\nsito: <a href=\"http:\/\/www.fiaccoledinatale.it\" target=\"_blank\">www.fiaccoledinatale.it<\/a><br \/>\nemail: info@prolocoabbadia.it<br \/>\nFacebook: https:\/\/<a href=\"http:\/\/www.facebook.com\/pages\/Le-Fiaccole-di-Natale\/395283027291576\" target=\"_blank\">www.facebook.com\/pages\/Le-Fiaccole-di-Natale\/395283027291576<\/a><\/p>\n<div class=\"7863122cad8776726ec303240ed69aa5\" data-index=\"4\" style=\"float: none; margin:10px 0 10px 0; text-align:center;\">\n<script async src=\"\/\/pagead2.googlesyndication.com\/pagead\/js\/adsbygoogle.js\"><\/script>\r\n<!-- 728x90, creato 23\/02\/11 -->\r\n<ins class=\"adsbygoogle\"\r\n     style=\"display:inline-block;width:728px;height:90px\"\r\n     data-ad-client=\"ca-pub-5798583071070083\"\r\n     data-ad-slot=\"5935394872\"><\/ins>\r\n<script>\r\n(adsbygoogle = window.adsbygoogle || []).push({});\r\n<\/script>\n<\/div>\n\n<div style=\"font-size: 0px; height: 0px; line-height: 0px; margin: 0; padding: 0; clear: both;\"><\/div>","protected":false},"excerpt":{"rendered":"<p>Accanto alla tradizione popolare delle \u201cFiaccole\u201d la cui preparazione inizier\u00e0 con gli inizi di dicembre e che illuminer\u00e0 il cielo nella notte della vigilia, per pi\u00f9 di un mese i visitatori potranno scoprire inediti itinerari culturali tra arte, gusto e divertimento Sul Monte Amiata ( Siena ) si prepara un Natale \u201coltre la neve\u201d.\u00a0Dal 4 [&hellip;]<\/p>\n","protected":false},"author":1,"featured_media":31990,"comment_status":"closed","ping_status":"open","sticky":false,"template":"","format":"standard","meta":{"ngg_post_thumbnail":0,"jnews-multi-image_gallery":[],"jnews_single_post":[],"jnews_primary_category":[],"jnews_override_counter":[],"footnotes":""},"categories":[621],"tags":[128],"class_list":["post-31989","post","type-post","status-publish","format-standard","has-post-thumbnail","hentry","category-info-turismo","tag-natale"],"yoast_head":"<!-- This site is optimized with the Yoast SEO plugin v27.4 - https:\/\/yoast.com\/product\/yoast-seo-wordpress\/ -->\n<title>Con le sue Fiaccole Abbadia San Salvatore si prepara a vivere un Natale oltre la neve - TI - Turismo Itinerante<\/title>\n<meta name=\"robots\" content=\"index, follow, max-snippet:-1, max-image-preview:large, max-video-preview:-1\" \/>\n<link rel=\"canonical\" href=\"https:\/\/www.turismoitinerante.com\/site\/con-le-sue-fiaccole-abbadia-san-salvatore-si-prepara-a-vivere-un-natale-oltre-la-neve\/\" \/>\n<meta property=\"og:locale\" content=\"it_IT\" \/>\n<meta property=\"og:type\" content=\"article\" \/>\n<meta property=\"og:title\" content=\"Con le sue Fiaccole Abbadia San Salvatore si prepara a vivere un Natale oltre la neve - TI - Turismo Itinerante\" \/>\n<meta property=\"og:description\" content=\"Accanto alla tradizione popolare delle \u201cFiaccole\u201d la cui preparazione inizier\u00e0 con gli inizi di dicembre e che illuminer\u00e0 il cielo nella notte della vigilia, per pi\u00f9 di un mese i visitatori potranno scoprire inediti itinerari culturali tra arte, gusto e divertimento Sul Monte Amiata ( Siena ) si prepara un Natale \u201coltre la neve\u201d.\u00a0Dal 4 [&hellip;]\" \/>\n<meta property=\"og:url\" content=\"https:\/\/www.turismoitinerante.com\/site\/con-le-sue-fiaccole-abbadia-san-salvatore-si-prepara-a-vivere-un-natale-oltre-la-neve\/\" \/>\n<meta property=\"og:site_name\" content=\"TI - Turismo Itinerante\" \/>\n<meta property=\"article:published_time\" content=\"2015-10-13T14:27:37+00:00\" \/>\n<meta property=\"article:modified_time\" content=\"2015-10-29T15:06:28+00:00\" \/>\n<meta property=\"og:image\" content=\"https:\/\/www.turismoitinerante.com\/site\/wp-content\/uploads\/2015\/10\/10393687_10204628316420640_8710763947570668353_n-1.jpg\" \/>\n\t<meta property=\"og:image:width\" content=\"660\" \/>\n\t<meta property=\"og:image:height\" content=\"933\" \/>\n\t<meta property=\"og:image:type\" content=\"image\/jpeg\" \/>\n<meta name=\"author\" content=\"admin\" \/>\n<meta name=\"twitter:card\" content=\"summary_large_image\" \/>\n<meta name=\"twitter:label1\" content=\"Scritto da\" \/>\n\t<meta name=\"twitter:data1\" content=\"admin\" \/>\n\t<meta name=\"twitter:label2\" content=\"Tempo di lettura stimato\" \/>\n\t<meta name=\"twitter:data2\" content=\"3 minuti\" \/>\n<script type=\"application\/ld+json\" class=\"yoast-schema-graph\">{\"@context\":\"https:\\\/\\\/schema.org\",\"@graph\":[{\"@type\":\"Article\",\"@id\":\"https:\\\/\\\/www.turismoitinerante.com\\\/site\\\/con-le-sue-fiaccole-abbadia-san-salvatore-si-prepara-a-vivere-un-natale-oltre-la-neve\\\/#article\",\"isPartOf\":{\"@id\":\"https:\\\/\\\/www.turismoitinerante.com\\\/site\\\/con-le-sue-fiaccole-abbadia-san-salvatore-si-prepara-a-vivere-un-natale-oltre-la-neve\\\/\"},\"author\":{\"name\":\"admin\",\"@id\":\"https:\\\/\\\/www.turismoitinerante.com\\\/site\\\/#\\\/schema\\\/person\\\/1e1238d2d1617438f3682e54bf4d6c05\"},\"headline\":\"Con le sue Fiaccole Abbadia San Salvatore si prepara a vivere un Natale oltre la neve\",\"datePublished\":\"2015-10-13T14:27:37+00:00\",\"dateModified\":\"2015-10-29T15:06:28+00:00\",\"mainEntityOfPage\":{\"@id\":\"https:\\\/\\\/www.turismoitinerante.com\\\/site\\\/con-le-sue-fiaccole-abbadia-san-salvatore-si-prepara-a-vivere-un-natale-oltre-la-neve\\\/\"},\"wordCount\":682,\"image\":{\"@id\":\"https:\\\/\\\/www.turismoitinerante.com\\\/site\\\/con-le-sue-fiaccole-abbadia-san-salvatore-si-prepara-a-vivere-un-natale-oltre-la-neve\\\/#primaryimage\"},\"thumbnailUrl\":\"https:\\\/\\\/www.turismoitinerante.com\\\/site\\\/wp-content\\\/uploads\\\/2015\\\/10\\\/10393687_10204628316420640_8710763947570668353_n-1.jpg\",\"keywords\":[\"Natale\"],\"articleSection\":[\"Turismo\"],\"inLanguage\":\"it-IT\"},{\"@type\":\"WebPage\",\"@id\":\"https:\\\/\\\/www.turismoitinerante.com\\\/site\\\/con-le-sue-fiaccole-abbadia-san-salvatore-si-prepara-a-vivere-un-natale-oltre-la-neve\\\/\",\"url\":\"https:\\\/\\\/www.turismoitinerante.com\\\/site\\\/con-le-sue-fiaccole-abbadia-san-salvatore-si-prepara-a-vivere-un-natale-oltre-la-neve\\\/\",\"name\":\"Con le sue Fiaccole Abbadia San Salvatore si prepara a vivere un Natale oltre la neve - TI - Turismo Itinerante\",\"isPartOf\":{\"@id\":\"https:\\\/\\\/www.turismoitinerante.com\\\/site\\\/#website\"},\"primaryImageOfPage\":{\"@id\":\"https:\\\/\\\/www.turismoitinerante.com\\\/site\\\/con-le-sue-fiaccole-abbadia-san-salvatore-si-prepara-a-vivere-un-natale-oltre-la-neve\\\/#primaryimage\"},\"image\":{\"@id\":\"https:\\\/\\\/www.turismoitinerante.com\\\/site\\\/con-le-sue-fiaccole-abbadia-san-salvatore-si-prepara-a-vivere-un-natale-oltre-la-neve\\\/#primaryimage\"},\"thumbnailUrl\":\"https:\\\/\\\/www.turismoitinerante.com\\\/site\\\/wp-content\\\/uploads\\\/2015\\\/10\\\/10393687_10204628316420640_8710763947570668353_n-1.jpg\",\"datePublished\":\"2015-10-13T14:27:37+00:00\",\"dateModified\":\"2015-10-29T15:06:28+00:00\",\"author\":{\"@id\":\"https:\\\/\\\/www.turismoitinerante.com\\\/site\\\/#\\\/schema\\\/person\\\/1e1238d2d1617438f3682e54bf4d6c05\"},\"breadcrumb\":{\"@id\":\"https:\\\/\\\/www.turismoitinerante.com\\\/site\\\/con-le-sue-fiaccole-abbadia-san-salvatore-si-prepara-a-vivere-un-natale-oltre-la-neve\\\/#breadcrumb\"},\"inLanguage\":\"it-IT\",\"potentialAction\":[{\"@type\":\"ReadAction\",\"target\":[\"https:\\\/\\\/www.turismoitinerante.com\\\/site\\\/con-le-sue-fiaccole-abbadia-san-salvatore-si-prepara-a-vivere-un-natale-oltre-la-neve\\\/\"]}]},{\"@type\":\"ImageObject\",\"inLanguage\":\"it-IT\",\"@id\":\"https:\\\/\\\/www.turismoitinerante.com\\\/site\\\/con-le-sue-fiaccole-abbadia-san-salvatore-si-prepara-a-vivere-un-natale-oltre-la-neve\\\/#primaryimage\",\"url\":\"https:\\\/\\\/www.turismoitinerante.com\\\/site\\\/wp-content\\\/uploads\\\/2015\\\/10\\\/10393687_10204628316420640_8710763947570668353_n-1.jpg\",\"contentUrl\":\"https:\\\/\\\/www.turismoitinerante.com\\\/site\\\/wp-content\\\/uploads\\\/2015\\\/10\\\/10393687_10204628316420640_8710763947570668353_n-1.jpg\",\"width\":660,\"height\":933},{\"@type\":\"BreadcrumbList\",\"@id\":\"https:\\\/\\\/www.turismoitinerante.com\\\/site\\\/con-le-sue-fiaccole-abbadia-san-salvatore-si-prepara-a-vivere-un-natale-oltre-la-neve\\\/#breadcrumb\",\"itemListElement\":[{\"@type\":\"ListItem\",\"position\":1,\"name\":\"Home\",\"item\":\"https:\\\/\\\/www.turismoitinerante.com\\\/site\\\/\"},{\"@type\":\"ListItem\",\"position\":2,\"name\":\"Con le sue Fiaccole Abbadia San Salvatore si prepara a vivere un Natale oltre la neve\"}]},{\"@type\":\"WebSite\",\"@id\":\"https:\\\/\\\/www.turismoitinerante.com\\\/site\\\/#website\",\"url\":\"https:\\\/\\\/www.turismoitinerante.com\\\/site\\\/\",\"name\":\"TI - Turismo Itinerante\",\"description\":\"Ritrovarsi su internet per informarsi, per informare. Il portale del turismo itinerante. Una infinit\u00e0 di notizie su camper, itinerari, aree sosta camper, concessionari, campeggi, agriturismo, raduni, sagre, fiere, mostre, associazioni, club, forum, bacheca annunci\",\"potentialAction\":[{\"@type\":\"SearchAction\",\"target\":{\"@type\":\"EntryPoint\",\"urlTemplate\":\"https:\\\/\\\/www.turismoitinerante.com\\\/site\\\/?s={search_term_string}\"},\"query-input\":{\"@type\":\"PropertyValueSpecification\",\"valueRequired\":true,\"valueName\":\"search_term_string\"}}],\"inLanguage\":\"it-IT\"},{\"@type\":\"Person\",\"@id\":\"https:\\\/\\\/www.turismoitinerante.com\\\/site\\\/#\\\/schema\\\/person\\\/1e1238d2d1617438f3682e54bf4d6c05\",\"name\":\"admin\",\"image\":{\"@type\":\"ImageObject\",\"inLanguage\":\"it-IT\",\"@id\":\"https:\\\/\\\/secure.gravatar.com\\\/avatar\\\/9102d8c23b35e2809b07ebc42ce126daa3d6a47cce9878a22d14d9852ade629e?s=96&d=mm&r=g\",\"url\":\"https:\\\/\\\/secure.gravatar.com\\\/avatar\\\/9102d8c23b35e2809b07ebc42ce126daa3d6a47cce9878a22d14d9852ade629e?s=96&d=mm&r=g\",\"contentUrl\":\"https:\\\/\\\/secure.gravatar.com\\\/avatar\\\/9102d8c23b35e2809b07ebc42ce126daa3d6a47cce9878a22d14d9852ade629e?s=96&d=mm&r=g\",\"caption\":\"admin\"},\"url\":\"https:\\\/\\\/www.turismoitinerante.com\\\/site\\\/author\\\/admin\\\/\"}]}<\/script>\n<!-- \/ Yoast SEO plugin. -->","yoast_head_json":{"title":"Con le sue Fiaccole Abbadia San Salvatore si prepara a vivere un Natale oltre la neve - TI - Turismo Itinerante","robots":{"index":"index","follow":"follow","max-snippet":"max-snippet:-1","max-image-preview":"max-image-preview:large","max-video-preview":"max-video-preview:-1"},"canonical":"https:\/\/www.turismoitinerante.com\/site\/con-le-sue-fiaccole-abbadia-san-salvatore-si-prepara-a-vivere-un-natale-oltre-la-neve\/","og_locale":"it_IT","og_type":"article","og_title":"Con le sue Fiaccole Abbadia San Salvatore si prepara a vivere un Natale oltre la neve - TI - Turismo Itinerante","og_description":"Accanto alla tradizione popolare delle \u201cFiaccole\u201d la cui preparazione inizier\u00e0 con gli inizi di dicembre e che illuminer\u00e0 il cielo nella notte della vigilia, per pi\u00f9 di un mese i visitatori potranno scoprire inediti itinerari culturali tra arte, gusto e divertimento Sul Monte Amiata ( Siena ) si prepara un Natale \u201coltre la neve\u201d.\u00a0Dal 4 [&hellip;]","og_url":"https:\/\/www.turismoitinerante.com\/site\/con-le-sue-fiaccole-abbadia-san-salvatore-si-prepara-a-vivere-un-natale-oltre-la-neve\/","og_site_name":"TI - Turismo Itinerante","article_published_time":"2015-10-13T14:27:37+00:00","article_modified_time":"2015-10-29T15:06:28+00:00","og_image":[{"width":660,"height":933,"url":"https:\/\/www.turismoitinerante.com\/site\/wp-content\/uploads\/2015\/10\/10393687_10204628316420640_8710763947570668353_n-1.jpg","type":"image\/jpeg"}],"author":"admin","twitter_card":"summary_large_image","twitter_misc":{"Scritto da":"admin","Tempo di lettura stimato":"3 minuti"},"schema":{"@context":"https:\/\/schema.org","@graph":[{"@type":"Article","@id":"https:\/\/www.turismoitinerante.com\/site\/con-le-sue-fiaccole-abbadia-san-salvatore-si-prepara-a-vivere-un-natale-oltre-la-neve\/#article","isPartOf":{"@id":"https:\/\/www.turismoitinerante.com\/site\/con-le-sue-fiaccole-abbadia-san-salvatore-si-prepara-a-vivere-un-natale-oltre-la-neve\/"},"author":{"name":"admin","@id":"https:\/\/www.turismoitinerante.com\/site\/#\/schema\/person\/1e1238d2d1617438f3682e54bf4d6c05"},"headline":"Con le sue Fiaccole Abbadia San Salvatore si prepara a vivere un Natale oltre la neve","datePublished":"2015-10-13T14:27:37+00:00","dateModified":"2015-10-29T15:06:28+00:00","mainEntityOfPage":{"@id":"https:\/\/www.turismoitinerante.com\/site\/con-le-sue-fiaccole-abbadia-san-salvatore-si-prepara-a-vivere-un-natale-oltre-la-neve\/"},"wordCount":682,"image":{"@id":"https:\/\/www.turismoitinerante.com\/site\/con-le-sue-fiaccole-abbadia-san-salvatore-si-prepara-a-vivere-un-natale-oltre-la-neve\/#primaryimage"},"thumbnailUrl":"https:\/\/www.turismoitinerante.com\/site\/wp-content\/uploads\/2015\/10\/10393687_10204628316420640_8710763947570668353_n-1.jpg","keywords":["Natale"],"articleSection":["Turismo"],"inLanguage":"it-IT"},{"@type":"WebPage","@id":"https:\/\/www.turismoitinerante.com\/site\/con-le-sue-fiaccole-abbadia-san-salvatore-si-prepara-a-vivere-un-natale-oltre-la-neve\/","url":"https:\/\/www.turismoitinerante.com\/site\/con-le-sue-fiaccole-abbadia-san-salvatore-si-prepara-a-vivere-un-natale-oltre-la-neve\/","name":"Con le sue Fiaccole Abbadia San Salvatore si prepara a vivere un Natale oltre la neve - TI - Turismo Itinerante","isPartOf":{"@id":"https:\/\/www.turismoitinerante.com\/site\/#website"},"primaryImageOfPage":{"@id":"https:\/\/www.turismoitinerante.com\/site\/con-le-sue-fiaccole-abbadia-san-salvatore-si-prepara-a-vivere-un-natale-oltre-la-neve\/#primaryimage"},"image":{"@id":"https:\/\/www.turismoitinerante.com\/site\/con-le-sue-fiaccole-abbadia-san-salvatore-si-prepara-a-vivere-un-natale-oltre-la-neve\/#primaryimage"},"thumbnailUrl":"https:\/\/www.turismoitinerante.com\/site\/wp-content\/uploads\/2015\/10\/10393687_10204628316420640_8710763947570668353_n-1.jpg","datePublished":"2015-10-13T14:27:37+00:00","dateModified":"2015-10-29T15:06:28+00:00","author":{"@id":"https:\/\/www.turismoitinerante.com\/site\/#\/schema\/person\/1e1238d2d1617438f3682e54bf4d6c05"},"breadcrumb":{"@id":"https:\/\/www.turismoitinerante.com\/site\/con-le-sue-fiaccole-abbadia-san-salvatore-si-prepara-a-vivere-un-natale-oltre-la-neve\/#breadcrumb"},"inLanguage":"it-IT","potentialAction":[{"@type":"ReadAction","target":["https:\/\/www.turismoitinerante.com\/site\/con-le-sue-fiaccole-abbadia-san-salvatore-si-prepara-a-vivere-un-natale-oltre-la-neve\/"]}]},{"@type":"ImageObject","inLanguage":"it-IT","@id":"https:\/\/www.turismoitinerante.com\/site\/con-le-sue-fiaccole-abbadia-san-salvatore-si-prepara-a-vivere-un-natale-oltre-la-neve\/#primaryimage","url":"https:\/\/www.turismoitinerante.com\/site\/wp-content\/uploads\/2015\/10\/10393687_10204628316420640_8710763947570668353_n-1.jpg","contentUrl":"https:\/\/www.turismoitinerante.com\/site\/wp-content\/uploads\/2015\/10\/10393687_10204628316420640_8710763947570668353_n-1.jpg","width":660,"height":933},{"@type":"BreadcrumbList","@id":"https:\/\/www.turismoitinerante.com\/site\/con-le-sue-fiaccole-abbadia-san-salvatore-si-prepara-a-vivere-un-natale-oltre-la-neve\/#breadcrumb","itemListElement":[{"@type":"ListItem","position":1,"name":"Home","item":"https:\/\/www.turismoitinerante.com\/site\/"},{"@type":"ListItem","position":2,"name":"Con le sue Fiaccole Abbadia San Salvatore si prepara a vivere un Natale oltre la neve"}]},{"@type":"WebSite","@id":"https:\/\/www.turismoitinerante.com\/site\/#website","url":"https:\/\/www.turismoitinerante.com\/site\/","name":"TI - Turismo Itinerante","description":"Ritrovarsi su internet per informarsi, per informare. Il portale del turismo itinerante. Una infinit\u00e0 di notizie su camper, itinerari, aree sosta camper, concessionari, campeggi, agriturismo, raduni, sagre, fiere, mostre, associazioni, club, forum, bacheca annunci","potentialAction":[{"@type":"SearchAction","target":{"@type":"EntryPoint","urlTemplate":"https:\/\/www.turismoitinerante.com\/site\/?s={search_term_string}"},"query-input":{"@type":"PropertyValueSpecification","valueRequired":true,"valueName":"search_term_string"}}],"inLanguage":"it-IT"},{"@type":"Person","@id":"https:\/\/www.turismoitinerante.com\/site\/#\/schema\/person\/1e1238d2d1617438f3682e54bf4d6c05","name":"admin","image":{"@type":"ImageObject","inLanguage":"it-IT","@id":"https:\/\/secure.gravatar.com\/avatar\/9102d8c23b35e2809b07ebc42ce126daa3d6a47cce9878a22d14d9852ade629e?s=96&d=mm&r=g","url":"https:\/\/secure.gravatar.com\/avatar\/9102d8c23b35e2809b07ebc42ce126daa3d6a47cce9878a22d14d9852ade629e?s=96&d=mm&r=g","contentUrl":"https:\/\/secure.gravatar.com\/avatar\/9102d8c23b35e2809b07ebc42ce126daa3d6a47cce9878a22d14d9852ade629e?s=96&d=mm&r=g","caption":"admin"},"url":"https:\/\/www.turismoitinerante.com\/site\/author\/admin\/"}]}},"_links":{"self":[{"href":"https:\/\/www.turismoitinerante.com\/site\/wp-json\/wp\/v2\/posts\/31989","targetHints":{"allow":["GET"]}}],"collection":[{"href":"https:\/\/www.turismoitinerante.com\/site\/wp-json\/wp\/v2\/posts"}],"about":[{"href":"https:\/\/www.turismoitinerante.com\/site\/wp-json\/wp\/v2\/types\/post"}],"author":[{"embeddable":true,"href":"https:\/\/www.turismoitinerante.com\/site\/wp-json\/wp\/v2\/users\/1"}],"replies":[{"embeddable":true,"href":"https:\/\/www.turismoitinerante.com\/site\/wp-json\/wp\/v2\/comments?post=31989"}],"version-history":[{"count":2,"href":"https:\/\/www.turismoitinerante.com\/site\/wp-json\/wp\/v2\/posts\/31989\/revisions"}],"predecessor-version":[{"id":32164,"href":"https:\/\/www.turismoitinerante.com\/site\/wp-json\/wp\/v2\/posts\/31989\/revisions\/32164"}],"wp:featuredmedia":[{"embeddable":true,"href":"https:\/\/www.turismoitinerante.com\/site\/wp-json\/wp\/v2\/media\/31990"}],"wp:attachment":[{"href":"https:\/\/www.turismoitinerante.com\/site\/wp-json\/wp\/v2\/media?parent=31989"}],"wp:term":[{"taxonomy":"category","embeddable":true,"href":"https:\/\/www.turismoitinerante.com\/site\/wp-json\/wp\/v2\/categories?post=31989"},{"taxonomy":"post_tag","embeddable":true,"href":"https:\/\/www.turismoitinerante.com\/site\/wp-json\/wp\/v2\/tags?post=31989"}],"curies":[{"name":"wp","href":"https:\/\/api.w.org\/{rel}","templated":true}]}}