{"id":31974,"date":"2015-10-13T10:49:05","date_gmt":"2015-10-13T09:49:05","guid":{"rendered":"http:\/\/www.turismoitinerante.com\/site\/?p=31974"},"modified":"2015-10-13T10:49:05","modified_gmt":"2015-10-13T09:49:05","slug":"gran-finale-allexpo-con-laceto-balsamico-di-modena-igp","status":"publish","type":"post","link":"https:\/\/www.turismoitinerante.com\/site\/gran-finale-allexpo-con-laceto-balsamico-di-modena-igp\/","title":{"rendered":"Gran finale all&#8217;EXPO con l&#8217;Aceto Balsamico di Modena IGP"},"content":{"rendered":"<p><strong>Due settimane di protagonismo della Regione Emilia Romagna accompagneranno l&#8217;Esposizione Universale verso la conclusione, con una serie di gustosi eventi dedicati all&#8217;oro nero di Modena<\/strong><\/p>\n<p>Gran Finale per Expo 2015 in compagnia dell&#8217;oro nero di Modena: da sabato 17 ottobre e fino al 31, il Consorzio di Tutela Aceto Balsamico di Modena IGP sar\u00e0 infatti protagonista presso la Piazzetta della Regione Emilia Romagna di una serie di eventi che ogni giorno, in vari orari, nell&#8217;ambito delle attivit\u00e0 dello spazio &#8220;Modena, dove tutto diventa arte&#8221;, allieter\u00e0 i presenti con suggestive performances teatro-sensoriali.<\/p>\n<p><a href=\"http:\/\/www.turismoitinerante.com\/site\/wp-content\/uploads\/2015\/10\/Degustazione-teatro-sensoriale-con-lAceto-Balsamico-di-Modena-IGP.jpg\"><img decoding=\"async\" class=\"aligncenter size-full wp-image-31975\" alt=\"Degustazione teatro-sensoriale con l'Aceto Balsamico di Modena IGP\" src=\"http:\/\/www.turismoitinerante.com\/site\/wp-content\/uploads\/2015\/10\/Degustazione-teatro-sensoriale-con-lAceto-Balsamico-di-Modena-IGP.jpg\" width=\"660\" height=\"467\" srcset=\"https:\/\/www.turismoitinerante.com\/site\/wp-content\/uploads\/2015\/10\/Degustazione-teatro-sensoriale-con-lAceto-Balsamico-di-Modena-IGP.jpg 660w, https:\/\/www.turismoitinerante.com\/site\/wp-content\/uploads\/2015\/10\/Degustazione-teatro-sensoriale-con-lAceto-Balsamico-di-Modena-IGP-300x212.jpg 300w, https:\/\/www.turismoitinerante.com\/site\/wp-content\/uploads\/2015\/10\/Degustazione-teatro-sensoriale-con-lAceto-Balsamico-di-Modena-IGP-400x283.jpg 400w\" sizes=\"(max-width: 660px) 100vw, 660px\" \/><\/a><\/p>\n<p>Cinque performance al giorno, per un totale di tre ore che quotidianamente saranno dedicate al prezioso alimento simbolo della cultura enogastronomica modenese: con una forma decisamente inedita, una introduzione canora seguita da un approfondimento del prodotto, il Consorzio di Tutela Aceto Balsamico di Modena IGP presenter\u00e0 la propria eccellenza attraverso un musical, una romanza proposta dal vivo per &#8220;de-cantare&#8221; la storia \u00e8 la tradizione del prodotto e del suo territorio che proseguir\u00e0 con una degustazione sensoriale e teatrale che porter\u00e0 i partecipanti ad immergersi totalmente nella storia e nei sapori dell&#8217;Aceto Balsamico di Modena IGP.<\/p>\n<p>Una narrazione capace di introdurre all&#8217;arte del sentire e gustare, con tutti i sensi, i colori, i profumi, gli aromi, il corpo e la voce dell&#8217;oro nero.<\/p>\n<p>&#8220;Essere presenti a Expo, vetrina mondiale che ha attirato l&#8217;attenzione di milioni di visitatori, \u00e8 gi\u00e0 di per s\u00e9 una grande soddisfazione &#8211; ha sottolineato il Direttore del Consorzio di Tutela Aceto Balsamico di Modena IGP Federico Desimoni &#8211; siamo quindi pi\u00f9 che onorati di poter rappresentare la citt\u00e0 di Modena in questa prestigiosa vetrina, da condividere nelle prossime due settimane con le altre realt\u00e0 della citt\u00e0 e dell&#8217;intera provincia.<\/p>\n<p>Ci presenteremo in modo non convenzionale cercando di stupire ancora una volta il vasto pubblico che riusciremo ad intercettare non solo per la qualit\u00e0 dei nostri prodotti e della cultura del territorio modenese, ma pure con una modalit\u00e0 innovativa di presentarli e proporli.&#8221;<\/p>\n<div class=\"7863122cad8776726ec303240ed69aa5\" data-index=\"4\" style=\"float: none; margin:10px 0 10px 0; text-align:center;\">\n<script async src=\"\/\/pagead2.googlesyndication.com\/pagead\/js\/adsbygoogle.js\"><\/script>\r\n<!-- 728x90, creato 23\/02\/11 -->\r\n<ins class=\"adsbygoogle\"\r\n     style=\"display:inline-block;width:728px;height:90px\"\r\n     data-ad-client=\"ca-pub-5798583071070083\"\r\n     data-ad-slot=\"5935394872\"><\/ins>\r\n<script>\r\n(adsbygoogle = window.adsbygoogle || []).push({});\r\n<\/script>\n<\/div>\n\n<div style=\"font-size: 0px; height: 0px; line-height: 0px; margin: 0; padding: 0; clear: both;\"><\/div>","protected":false},"excerpt":{"rendered":"<p>Due settimane di protagonismo della Regione Emilia Romagna accompagneranno l&#8217;Esposizione Universale verso la conclusione, con una serie di gustosi eventi dedicati all&#8217;oro nero di Modena Gran Finale per Expo 2015 in compagnia dell&#8217;oro nero di Modena: da sabato 17 ottobre e fino al 31, il Consorzio di Tutela Aceto Balsamico di Modena IGP sar\u00e0 infatti [&hellip;]<\/p>\n","protected":false},"author":1,"featured_media":31975,"comment_status":"closed","ping_status":"open","sticky":false,"template":"","format":"standard","meta":{"ngg_post_thumbnail":0,"jnews-multi-image_gallery":[],"jnews_single_post":[],"jnews_primary_category":[],"jnews_override_counter":[],"footnotes":""},"categories":[643],"tags":[],"class_list":["post-31974","post","type-post","status-publish","format-standard","has-post-thumbnail","hentry","category-itinerari-gustosi"],"yoast_head":"<!-- This site is optimized with the Yoast SEO plugin v27.4 - https:\/\/yoast.com\/product\/yoast-seo-wordpress\/ -->\n<title>Gran finale all&#039;EXPO con l&#039;Aceto Balsamico di Modena IGP - TI - Turismo Itinerante<\/title>\n<meta name=\"robots\" content=\"index, follow, max-snippet:-1, max-image-preview:large, max-video-preview:-1\" \/>\n<link rel=\"canonical\" href=\"https:\/\/www.turismoitinerante.com\/site\/gran-finale-allexpo-con-laceto-balsamico-di-modena-igp\/\" \/>\n<meta property=\"og:locale\" content=\"it_IT\" \/>\n<meta property=\"og:type\" content=\"article\" \/>\n<meta property=\"og:title\" content=\"Gran finale all&#039;EXPO con l&#039;Aceto Balsamico di Modena IGP - TI - Turismo Itinerante\" \/>\n<meta property=\"og:description\" content=\"Due settimane di protagonismo della Regione Emilia Romagna accompagneranno l&#8217;Esposizione Universale verso la conclusione, con una serie di gustosi eventi dedicati all&#8217;oro nero di Modena Gran Finale per Expo 2015 in compagnia dell&#8217;oro nero di Modena: da sabato 17 ottobre e fino al 31, il Consorzio di Tutela Aceto Balsamico di Modena IGP sar\u00e0 infatti [&hellip;]\" \/>\n<meta property=\"og:url\" content=\"https:\/\/www.turismoitinerante.com\/site\/gran-finale-allexpo-con-laceto-balsamico-di-modena-igp\/\" \/>\n<meta property=\"og:site_name\" content=\"TI - Turismo Itinerante\" \/>\n<meta property=\"article:published_time\" content=\"2015-10-13T09:49:05+00:00\" \/>\n<meta property=\"og:image\" content=\"https:\/\/www.turismoitinerante.com\/site\/wp-content\/uploads\/2015\/10\/Degustazione-teatro-sensoriale-con-lAceto-Balsamico-di-Modena-IGP.jpg\" \/>\n\t<meta property=\"og:image:width\" content=\"660\" \/>\n\t<meta property=\"og:image:height\" content=\"467\" \/>\n\t<meta property=\"og:image:type\" content=\"image\/jpeg\" \/>\n<meta name=\"author\" content=\"admin\" \/>\n<meta name=\"twitter:card\" content=\"summary_large_image\" \/>\n<meta name=\"twitter:label1\" content=\"Scritto da\" \/>\n\t<meta name=\"twitter:data1\" content=\"admin\" \/>\n\t<meta name=\"twitter:label2\" content=\"Tempo di lettura stimato\" \/>\n\t<meta name=\"twitter:data2\" content=\"2 minuti\" \/>\n<script type=\"application\/ld+json\" class=\"yoast-schema-graph\">{\"@context\":\"https:\\\/\\\/schema.org\",\"@graph\":[{\"@type\":\"Article\",\"@id\":\"https:\\\/\\\/www.turismoitinerante.com\\\/site\\\/gran-finale-allexpo-con-laceto-balsamico-di-modena-igp\\\/#article\",\"isPartOf\":{\"@id\":\"https:\\\/\\\/www.turismoitinerante.com\\\/site\\\/gran-finale-allexpo-con-laceto-balsamico-di-modena-igp\\\/\"},\"author\":{\"name\":\"admin\",\"@id\":\"https:\\\/\\\/www.turismoitinerante.com\\\/site\\\/#\\\/schema\\\/person\\\/1e1238d2d1617438f3682e54bf4d6c05\"},\"headline\":\"Gran finale all&#8217;EXPO con l&#8217;Aceto Balsamico di Modena IGP\",\"datePublished\":\"2015-10-13T09:49:05+00:00\",\"mainEntityOfPage\":{\"@id\":\"https:\\\/\\\/www.turismoitinerante.com\\\/site\\\/gran-finale-allexpo-con-laceto-balsamico-di-modena-igp\\\/\"},\"wordCount\":330,\"image\":{\"@id\":\"https:\\\/\\\/www.turismoitinerante.com\\\/site\\\/gran-finale-allexpo-con-laceto-balsamico-di-modena-igp\\\/#primaryimage\"},\"thumbnailUrl\":\"https:\\\/\\\/www.turismoitinerante.com\\\/site\\\/wp-content\\\/uploads\\\/2015\\\/10\\\/Degustazione-teatro-sensoriale-con-lAceto-Balsamico-di-Modena-IGP.jpg\",\"articleSection\":[\"Itinerari Gustosi\"],\"inLanguage\":\"it-IT\"},{\"@type\":\"WebPage\",\"@id\":\"https:\\\/\\\/www.turismoitinerante.com\\\/site\\\/gran-finale-allexpo-con-laceto-balsamico-di-modena-igp\\\/\",\"url\":\"https:\\\/\\\/www.turismoitinerante.com\\\/site\\\/gran-finale-allexpo-con-laceto-balsamico-di-modena-igp\\\/\",\"name\":\"Gran finale all'EXPO con l'Aceto Balsamico di Modena IGP - TI - Turismo Itinerante\",\"isPartOf\":{\"@id\":\"https:\\\/\\\/www.turismoitinerante.com\\\/site\\\/#website\"},\"primaryImageOfPage\":{\"@id\":\"https:\\\/\\\/www.turismoitinerante.com\\\/site\\\/gran-finale-allexpo-con-laceto-balsamico-di-modena-igp\\\/#primaryimage\"},\"image\":{\"@id\":\"https:\\\/\\\/www.turismoitinerante.com\\\/site\\\/gran-finale-allexpo-con-laceto-balsamico-di-modena-igp\\\/#primaryimage\"},\"thumbnailUrl\":\"https:\\\/\\\/www.turismoitinerante.com\\\/site\\\/wp-content\\\/uploads\\\/2015\\\/10\\\/Degustazione-teatro-sensoriale-con-lAceto-Balsamico-di-Modena-IGP.jpg\",\"datePublished\":\"2015-10-13T09:49:05+00:00\",\"author\":{\"@id\":\"https:\\\/\\\/www.turismoitinerante.com\\\/site\\\/#\\\/schema\\\/person\\\/1e1238d2d1617438f3682e54bf4d6c05\"},\"breadcrumb\":{\"@id\":\"https:\\\/\\\/www.turismoitinerante.com\\\/site\\\/gran-finale-allexpo-con-laceto-balsamico-di-modena-igp\\\/#breadcrumb\"},\"inLanguage\":\"it-IT\",\"potentialAction\":[{\"@type\":\"ReadAction\",\"target\":[\"https:\\\/\\\/www.turismoitinerante.com\\\/site\\\/gran-finale-allexpo-con-laceto-balsamico-di-modena-igp\\\/\"]}]},{\"@type\":\"ImageObject\",\"inLanguage\":\"it-IT\",\"@id\":\"https:\\\/\\\/www.turismoitinerante.com\\\/site\\\/gran-finale-allexpo-con-laceto-balsamico-di-modena-igp\\\/#primaryimage\",\"url\":\"https:\\\/\\\/www.turismoitinerante.com\\\/site\\\/wp-content\\\/uploads\\\/2015\\\/10\\\/Degustazione-teatro-sensoriale-con-lAceto-Balsamico-di-Modena-IGP.jpg\",\"contentUrl\":\"https:\\\/\\\/www.turismoitinerante.com\\\/site\\\/wp-content\\\/uploads\\\/2015\\\/10\\\/Degustazione-teatro-sensoriale-con-lAceto-Balsamico-di-Modena-IGP.jpg\",\"width\":660,\"height\":467},{\"@type\":\"BreadcrumbList\",\"@id\":\"https:\\\/\\\/www.turismoitinerante.com\\\/site\\\/gran-finale-allexpo-con-laceto-balsamico-di-modena-igp\\\/#breadcrumb\",\"itemListElement\":[{\"@type\":\"ListItem\",\"position\":1,\"name\":\"Home\",\"item\":\"https:\\\/\\\/www.turismoitinerante.com\\\/site\\\/\"},{\"@type\":\"ListItem\",\"position\":2,\"name\":\"Gran finale all&#8217;EXPO con l&#8217;Aceto Balsamico di Modena IGP\"}]},{\"@type\":\"WebSite\",\"@id\":\"https:\\\/\\\/www.turismoitinerante.com\\\/site\\\/#website\",\"url\":\"https:\\\/\\\/www.turismoitinerante.com\\\/site\\\/\",\"name\":\"TI - Turismo Itinerante\",\"description\":\"Ritrovarsi su internet per informarsi, per informare. Il portale del turismo itinerante. Una infinit\u00e0 di notizie su camper, itinerari, aree sosta camper, concessionari, campeggi, agriturismo, raduni, sagre, fiere, mostre, associazioni, club, forum, bacheca annunci\",\"potentialAction\":[{\"@type\":\"SearchAction\",\"target\":{\"@type\":\"EntryPoint\",\"urlTemplate\":\"https:\\\/\\\/www.turismoitinerante.com\\\/site\\\/?s={search_term_string}\"},\"query-input\":{\"@type\":\"PropertyValueSpecification\",\"valueRequired\":true,\"valueName\":\"search_term_string\"}}],\"inLanguage\":\"it-IT\"},{\"@type\":\"Person\",\"@id\":\"https:\\\/\\\/www.turismoitinerante.com\\\/site\\\/#\\\/schema\\\/person\\\/1e1238d2d1617438f3682e54bf4d6c05\",\"name\":\"admin\",\"image\":{\"@type\":\"ImageObject\",\"inLanguage\":\"it-IT\",\"@id\":\"https:\\\/\\\/secure.gravatar.com\\\/avatar\\\/9102d8c23b35e2809b07ebc42ce126daa3d6a47cce9878a22d14d9852ade629e?s=96&d=mm&r=g\",\"url\":\"https:\\\/\\\/secure.gravatar.com\\\/avatar\\\/9102d8c23b35e2809b07ebc42ce126daa3d6a47cce9878a22d14d9852ade629e?s=96&d=mm&r=g\",\"contentUrl\":\"https:\\\/\\\/secure.gravatar.com\\\/avatar\\\/9102d8c23b35e2809b07ebc42ce126daa3d6a47cce9878a22d14d9852ade629e?s=96&d=mm&r=g\",\"caption\":\"admin\"},\"url\":\"https:\\\/\\\/www.turismoitinerante.com\\\/site\\\/author\\\/admin\\\/\"}]}<\/script>\n<!-- \/ Yoast SEO plugin. -->","yoast_head_json":{"title":"Gran finale all'EXPO con l'Aceto Balsamico di Modena IGP - TI - Turismo Itinerante","robots":{"index":"index","follow":"follow","max-snippet":"max-snippet:-1","max-image-preview":"max-image-preview:large","max-video-preview":"max-video-preview:-1"},"canonical":"https:\/\/www.turismoitinerante.com\/site\/gran-finale-allexpo-con-laceto-balsamico-di-modena-igp\/","og_locale":"it_IT","og_type":"article","og_title":"Gran finale all'EXPO con l'Aceto Balsamico di Modena IGP - TI - Turismo Itinerante","og_description":"Due settimane di protagonismo della Regione Emilia Romagna accompagneranno l&#8217;Esposizione Universale verso la conclusione, con una serie di gustosi eventi dedicati all&#8217;oro nero di Modena Gran Finale per Expo 2015 in compagnia dell&#8217;oro nero di Modena: da sabato 17 ottobre e fino al 31, il Consorzio di Tutela Aceto Balsamico di Modena IGP sar\u00e0 infatti [&hellip;]","og_url":"https:\/\/www.turismoitinerante.com\/site\/gran-finale-allexpo-con-laceto-balsamico-di-modena-igp\/","og_site_name":"TI - Turismo Itinerante","article_published_time":"2015-10-13T09:49:05+00:00","og_image":[{"width":660,"height":467,"url":"https:\/\/www.turismoitinerante.com\/site\/wp-content\/uploads\/2015\/10\/Degustazione-teatro-sensoriale-con-lAceto-Balsamico-di-Modena-IGP.jpg","type":"image\/jpeg"}],"author":"admin","twitter_card":"summary_large_image","twitter_misc":{"Scritto da":"admin","Tempo di lettura stimato":"2 minuti"},"schema":{"@context":"https:\/\/schema.org","@graph":[{"@type":"Article","@id":"https:\/\/www.turismoitinerante.com\/site\/gran-finale-allexpo-con-laceto-balsamico-di-modena-igp\/#article","isPartOf":{"@id":"https:\/\/www.turismoitinerante.com\/site\/gran-finale-allexpo-con-laceto-balsamico-di-modena-igp\/"},"author":{"name":"admin","@id":"https:\/\/www.turismoitinerante.com\/site\/#\/schema\/person\/1e1238d2d1617438f3682e54bf4d6c05"},"headline":"Gran finale all&#8217;EXPO con l&#8217;Aceto Balsamico di Modena IGP","datePublished":"2015-10-13T09:49:05+00:00","mainEntityOfPage":{"@id":"https:\/\/www.turismoitinerante.com\/site\/gran-finale-allexpo-con-laceto-balsamico-di-modena-igp\/"},"wordCount":330,"image":{"@id":"https:\/\/www.turismoitinerante.com\/site\/gran-finale-allexpo-con-laceto-balsamico-di-modena-igp\/#primaryimage"},"thumbnailUrl":"https:\/\/www.turismoitinerante.com\/site\/wp-content\/uploads\/2015\/10\/Degustazione-teatro-sensoriale-con-lAceto-Balsamico-di-Modena-IGP.jpg","articleSection":["Itinerari Gustosi"],"inLanguage":"it-IT"},{"@type":"WebPage","@id":"https:\/\/www.turismoitinerante.com\/site\/gran-finale-allexpo-con-laceto-balsamico-di-modena-igp\/","url":"https:\/\/www.turismoitinerante.com\/site\/gran-finale-allexpo-con-laceto-balsamico-di-modena-igp\/","name":"Gran finale all'EXPO con l'Aceto Balsamico di Modena IGP - TI - Turismo Itinerante","isPartOf":{"@id":"https:\/\/www.turismoitinerante.com\/site\/#website"},"primaryImageOfPage":{"@id":"https:\/\/www.turismoitinerante.com\/site\/gran-finale-allexpo-con-laceto-balsamico-di-modena-igp\/#primaryimage"},"image":{"@id":"https:\/\/www.turismoitinerante.com\/site\/gran-finale-allexpo-con-laceto-balsamico-di-modena-igp\/#primaryimage"},"thumbnailUrl":"https:\/\/www.turismoitinerante.com\/site\/wp-content\/uploads\/2015\/10\/Degustazione-teatro-sensoriale-con-lAceto-Balsamico-di-Modena-IGP.jpg","datePublished":"2015-10-13T09:49:05+00:00","author":{"@id":"https:\/\/www.turismoitinerante.com\/site\/#\/schema\/person\/1e1238d2d1617438f3682e54bf4d6c05"},"breadcrumb":{"@id":"https:\/\/www.turismoitinerante.com\/site\/gran-finale-allexpo-con-laceto-balsamico-di-modena-igp\/#breadcrumb"},"inLanguage":"it-IT","potentialAction":[{"@type":"ReadAction","target":["https:\/\/www.turismoitinerante.com\/site\/gran-finale-allexpo-con-laceto-balsamico-di-modena-igp\/"]}]},{"@type":"ImageObject","inLanguage":"it-IT","@id":"https:\/\/www.turismoitinerante.com\/site\/gran-finale-allexpo-con-laceto-balsamico-di-modena-igp\/#primaryimage","url":"https:\/\/www.turismoitinerante.com\/site\/wp-content\/uploads\/2015\/10\/Degustazione-teatro-sensoriale-con-lAceto-Balsamico-di-Modena-IGP.jpg","contentUrl":"https:\/\/www.turismoitinerante.com\/site\/wp-content\/uploads\/2015\/10\/Degustazione-teatro-sensoriale-con-lAceto-Balsamico-di-Modena-IGP.jpg","width":660,"height":467},{"@type":"BreadcrumbList","@id":"https:\/\/www.turismoitinerante.com\/site\/gran-finale-allexpo-con-laceto-balsamico-di-modena-igp\/#breadcrumb","itemListElement":[{"@type":"ListItem","position":1,"name":"Home","item":"https:\/\/www.turismoitinerante.com\/site\/"},{"@type":"ListItem","position":2,"name":"Gran finale all&#8217;EXPO con l&#8217;Aceto Balsamico di Modena IGP"}]},{"@type":"WebSite","@id":"https:\/\/www.turismoitinerante.com\/site\/#website","url":"https:\/\/www.turismoitinerante.com\/site\/","name":"TI - Turismo Itinerante","description":"Ritrovarsi su internet per informarsi, per informare. Il portale del turismo itinerante. Una infinit\u00e0 di notizie su camper, itinerari, aree sosta camper, concessionari, campeggi, agriturismo, raduni, sagre, fiere, mostre, associazioni, club, forum, bacheca annunci","potentialAction":[{"@type":"SearchAction","target":{"@type":"EntryPoint","urlTemplate":"https:\/\/www.turismoitinerante.com\/site\/?s={search_term_string}"},"query-input":{"@type":"PropertyValueSpecification","valueRequired":true,"valueName":"search_term_string"}}],"inLanguage":"it-IT"},{"@type":"Person","@id":"https:\/\/www.turismoitinerante.com\/site\/#\/schema\/person\/1e1238d2d1617438f3682e54bf4d6c05","name":"admin","image":{"@type":"ImageObject","inLanguage":"it-IT","@id":"https:\/\/secure.gravatar.com\/avatar\/9102d8c23b35e2809b07ebc42ce126daa3d6a47cce9878a22d14d9852ade629e?s=96&d=mm&r=g","url":"https:\/\/secure.gravatar.com\/avatar\/9102d8c23b35e2809b07ebc42ce126daa3d6a47cce9878a22d14d9852ade629e?s=96&d=mm&r=g","contentUrl":"https:\/\/secure.gravatar.com\/avatar\/9102d8c23b35e2809b07ebc42ce126daa3d6a47cce9878a22d14d9852ade629e?s=96&d=mm&r=g","caption":"admin"},"url":"https:\/\/www.turismoitinerante.com\/site\/author\/admin\/"}]}},"_links":{"self":[{"href":"https:\/\/www.turismoitinerante.com\/site\/wp-json\/wp\/v2\/posts\/31974","targetHints":{"allow":["GET"]}}],"collection":[{"href":"https:\/\/www.turismoitinerante.com\/site\/wp-json\/wp\/v2\/posts"}],"about":[{"href":"https:\/\/www.turismoitinerante.com\/site\/wp-json\/wp\/v2\/types\/post"}],"author":[{"embeddable":true,"href":"https:\/\/www.turismoitinerante.com\/site\/wp-json\/wp\/v2\/users\/1"}],"replies":[{"embeddable":true,"href":"https:\/\/www.turismoitinerante.com\/site\/wp-json\/wp\/v2\/comments?post=31974"}],"version-history":[{"count":1,"href":"https:\/\/www.turismoitinerante.com\/site\/wp-json\/wp\/v2\/posts\/31974\/revisions"}],"predecessor-version":[{"id":31976,"href":"https:\/\/www.turismoitinerante.com\/site\/wp-json\/wp\/v2\/posts\/31974\/revisions\/31976"}],"wp:featuredmedia":[{"embeddable":true,"href":"https:\/\/www.turismoitinerante.com\/site\/wp-json\/wp\/v2\/media\/31975"}],"wp:attachment":[{"href":"https:\/\/www.turismoitinerante.com\/site\/wp-json\/wp\/v2\/media?parent=31974"}],"wp:term":[{"taxonomy":"category","embeddable":true,"href":"https:\/\/www.turismoitinerante.com\/site\/wp-json\/wp\/v2\/categories?post=31974"},{"taxonomy":"post_tag","embeddable":true,"href":"https:\/\/www.turismoitinerante.com\/site\/wp-json\/wp\/v2\/tags?post=31974"}],"curies":[{"name":"wp","href":"https:\/\/api.w.org\/{rel}","templated":true}]}}