{"id":31186,"date":"2015-05-18T08:25:56","date_gmt":"2015-05-18T07:25:56","guid":{"rendered":"http:\/\/www.turismoitinerante.com\/site\/?p=31186"},"modified":"2015-05-18T08:25:56","modified_gmt":"2015-05-18T07:25:56","slug":"villani-salumi-cinque-generazioni-della-piu-longeva-realta-salumiera-emiliana","status":"publish","type":"post","link":"https:\/\/www.turismoitinerante.com\/site\/villani-salumi-cinque-generazioni-della-piu-longeva-realta-salumiera-emiliana\/","title":{"rendered":"Villani Salumi:  cinque generazioni della pi\u00f9  longeva realt\u00e0  salumiera emiliana"},"content":{"rendered":"<p><strong>Da Castelnuovo Rangone (Mo) a Expo 2015 con Cascina Triulza: Villani salumi racconta cinque generazioni della pi\u00f9\u00a0 longeva realt\u00e0\u00a0 salumiera emiliana.<\/strong><\/p>\n<p>Villani punta di diamante per l&#8217;export che cresce a due cifre negli ultimi 3 anni. un&#8217;azienda proiettata verso il futuro.<\/p>\n<p><a href=\"http:\/\/www.turismoitinerante.com\/site\/wp-content\/uploads\/2015\/05\/VILLANI-Un-momento-della-conferenza-stampa..jpg\"><img decoding=\"async\" class=\"aligncenter size-full wp-image-31187\" alt=\"VILLANI Un momento della conferenza stampa.\" src=\"http:\/\/www.turismoitinerante.com\/site\/wp-content\/uploads\/2015\/05\/VILLANI-Un-momento-della-conferenza-stampa..jpg\" width=\"640\" height=\"478\" srcset=\"https:\/\/www.turismoitinerante.com\/site\/wp-content\/uploads\/2015\/05\/VILLANI-Un-momento-della-conferenza-stampa..jpg 640w, https:\/\/www.turismoitinerante.com\/site\/wp-content\/uploads\/2015\/05\/VILLANI-Un-momento-della-conferenza-stampa.-300x224.jpg 300w, https:\/\/www.turismoitinerante.com\/site\/wp-content\/uploads\/2015\/05\/VILLANI-Un-momento-della-conferenza-stampa.-400x298.jpg 400w, https:\/\/www.turismoitinerante.com\/site\/wp-content\/uploads\/2015\/05\/VILLANI-Un-momento-della-conferenza-stampa.-100x75.jpg 100w\" sizes=\"(max-width: 640px) 100vw, 640px\" \/><\/a><\/p>\n<p>Oltre 210 dipendenti distribuiti in cinque siti di produzione, un fatturato &#8211; che porta con s\u00e9 un incremento nel biennio 2012 \u2013 2014 di 11 milioni di euro passando da 70 a 81 milioni nel 2014 &#8211; e una produzione di oltre 100 tipi di salume di altissima qualit\u00e0, il tutto realizzato senza mai tradire lo spirito artigiano delle origini e mantenendo vivo l&#8217;attaccamento con il territorio e la popolazione che lo vive, ma guardando anche al futuro con investimenti negli ultimi tre anni di oltre 10 milioni di euro in tecnologia e macchinari. Simona Caselli, Assessore all&#8217;Agricoltura Caccia e Pesca della Regione Emilia Romagna, intervenuta alla conferenza stampa che si \u00e8 tenuta questa mattina alla Palazzina Vigarani a Modena, ha sottolineato come \u201cVillani rappresenta una punta di diamante per l&#8217;internazionalizzazione della salumeria emiliana, con una crescita nei valori delle esportazioni a doppia cifra (+13%) nell&#8217;ultimo triennio.<\/p>\n<p>La mia presenza qui oggi \u00e8 proprio per testimoniare l&#8217;appoggio della regione a questa storica impresa che incarna una eccellenza del nostro territorio\u201d.<\/p>\n<p>Questi i numeri di Villani Salumi, che dal 1 maggio al 31 ottobre rappresenta una eccellenza italiana a Expo 2015 nello spazio di Cascina Triulza, il padiglione della Societ\u00e0 Civile. &#8220;Un impegno importante &#8211; sottolinea il Direttore Generale Corradino Marconi &#8211; che ci porta nel terzo padiglione pi\u00f9 grande dell&#8217;Esposizione e ci permette di presentare al mondo i nostri prodotti e la maestria dei salumieri di Castelnuovo Rangone.<\/p>\n<p>Quello che vogliamo lanciare da Expo \u00e8 un messaggio di positivit\u00e0 e fiducia nel futuro &#8211; aggiunge Marconi &#8211; e la prova tangibile di questo nostro intento \u00e8 che dall&#8217;inizio del 2014 anzich\u00e9 diminuire il personale come avviene in molte realt\u00e0 produttive del paese, abbiamo ampliato il nostro organico di ben 25 unit\u00e0: ci\u00f2 significa che nonostante la recessione economica vogliamo assicurare un futuro ai giovani traendo motivazione dall&#8217;energia, la passione e la maestria del passato&#8221;<\/p>\n<p>Molti dei dipendenti della Villani &#8211; come la Famiglia stessa che porta avanti l&#8217;attivit\u00e0 da cinque generazioni &#8211; si sono tramandati il mestiere di padre in figlio, e questo non fa che accreditare i valori perpetrati in sintonia con la filosofia aziendale.<\/p>\n<p>Una realt\u00e0 piccola se paragonata ai big di Expo 2015, ma grande per la sua storia fatta dunque di passione artigiana e radicamento sul territorio: Villani Salumi \u00e8 la dimostrazione che si pu\u00f2 stare tra i grandi nell&#8217;esposizione universale anche con una azienda nata come attivit\u00e0 familiare, nella fattispecie la pi\u00f9 antica realt\u00e0 salumiera emiliana e tra le pi\u00f9 longeve imprese alimentari del nostro paese.<\/p>\n<p>La partnership con Cascina Triulza, il Padiglione della Societ\u00e0 Civile &#8211; luogo di forte identit\u00e0, unico all&#8217;interno di Expo &#8211; sembra essere la collocazione naturale di questa azienda da sempre sensibile ai valori etici legati alla genuinit\u00e0 e artigianalit\u00e0 dei prodotti e alla sostenibilit\u00e0 e al benessere dell\u2019animale.<\/p>\n<p>Alla valorizzazione di questi intenti e alle attivit\u00e0 in programma a Expo, \u00e8 dedicata la conferenza che Villani Salumi ha organizzato questa mattina a Modena presso la Palazzina Vigarani all&#8217;interno del Giardino Ducale &#8211; ovvero quella che sar\u00e0 &#8220;la casa dei modenesi&#8221; per tutta la durata dell&#8217;Esposizione Universale &#8211; e da cui \u00e8 partito un messaggio ampiamente positivo di crescita sia in addetti che in fatturato, che l&#8217;azienda ha voluto accompagnare &#8211; oltre che con la propria presenza a Cascina Triulza &#8211; aderendo per l&#8217;intero periodo dell&#8217;Expo con il MuSa &#8211; Museo della Salumeria Villani, al Discover Ferrari &amp; Pavarotti Land, un servizio dedicato ai turisti che potranno scoprire da vicino le eccellenze del territorio direttamente nei luoghi di origine.<\/p>\n<p>Al messaggio incoraggiante sostenuto dai numeri della Villani, la storica azienda salumiera affianca anche quello che la vuole testimonial di una storicit\u00e0 sempre vissuta da protagonista.<\/p>\n<p>&#8220;Sul Registro delle Imprese della Camera di Commercio di Modena la Villani Salumi appare come la pi\u00f9 antica del settore in Emilia Romagna e la sesta azienda alimentare pi\u00f9 longeva in assoluto nel settore della salumeria &#8211; spiega Giuseppe Villani, Amministratore Delegato della Villani SpA &#8211; e per noi questa longevit\u00e0 rappresenta un importante asset aziendale: l&#8217;impresa che sa valorizzare il proprio patrimonio di conoscenze, relazioni e valori per creare prodotti \u00e8 foriera di una immagine di affidabilit\u00e0 consolidata nel tempo. Un valore che, unito alla fiducia del consumatore nel brand aziendale, \u00e8 capace di sostenere efficacemente l&#8217;identit\u00e0 dell&#8217;impresa.<\/p>\n<p>Il percorso storico compiuto dalla Villani mostra come l&#8217;azienda sia rimasta profondamente radicata non solo al territorio ma anche all&#8217;economia reale del momento, non soffermandosi sulle conquiste del passato e cercando di fare sempre meglio muovendosi tra modernismo e tradizione.<\/p>\n<p>Se sapremo affrontare il futuro, questo sar\u00e0 grazie al continuo impegno nella ricerca dell&#8217;eccellenza e al saper ascoltare le persone che lavorano con noi.<\/p>\n<p>Ogni nostra scelta tiene in grande considerazione il loro benessere e le loro aspettative, ed \u00e8 per questo che vogliamo condividere con loro &#8211; dopo il grande Albero della Vita realizzato nelle scorse settimane &#8211; anche un importante evento che li porter\u00e0 ad essere accanto a noi, tutti insieme, a Expo il prossimo 16 giugno&#8221;.<\/p>\n<p>Testo di\u00a0Franca D.Scotti<\/p>\n<div class=\"7863122cad8776726ec303240ed69aa5\" data-index=\"4\" style=\"float: none; margin:10px 0 10px 0; text-align:center;\">\n<script async src=\"\/\/pagead2.googlesyndication.com\/pagead\/js\/adsbygoogle.js\"><\/script>\r\n<!-- 728x90, creato 23\/02\/11 -->\r\n<ins class=\"adsbygoogle\"\r\n     style=\"display:inline-block;width:728px;height:90px\"\r\n     data-ad-client=\"ca-pub-5798583071070083\"\r\n     data-ad-slot=\"5935394872\"><\/ins>\r\n<script>\r\n(adsbygoogle = window.adsbygoogle || []).push({});\r\n<\/script>\n<\/div>\n\n<div style=\"font-size: 0px; height: 0px; line-height: 0px; margin: 0; padding: 0; clear: both;\"><\/div>","protected":false},"excerpt":{"rendered":"<p>Da Castelnuovo Rangone (Mo) a Expo 2015 con Cascina Triulza: Villani salumi racconta cinque generazioni della pi\u00f9\u00a0 longeva realt\u00e0\u00a0 salumiera emiliana. Villani punta di diamante per l&#8217;export che cresce a due cifre negli ultimi 3 anni. un&#8217;azienda proiettata verso il futuro. Oltre 210 dipendenti distribuiti in cinque siti di produzione, un fatturato &#8211; che porta [&hellip;]<\/p>\n","protected":false},"author":1,"featured_media":31187,"comment_status":"closed","ping_status":"open","sticky":false,"template":"","format":"standard","meta":{"ngg_post_thumbnail":0,"jnews-multi-image_gallery":[],"jnews_single_post":[],"jnews_primary_category":[],"jnews_override_counter":[],"footnotes":""},"categories":[643],"tags":[],"class_list":["post-31186","post","type-post","status-publish","format-standard","has-post-thumbnail","hentry","category-itinerari-gustosi"],"yoast_head":"<!-- This site is optimized with the Yoast SEO plugin v27.4 - https:\/\/yoast.com\/product\/yoast-seo-wordpress\/ -->\n<title>Villani Salumi: cinque generazioni della pi\u00f9 longeva realt\u00e0 salumiera emiliana - TI - Turismo Itinerante<\/title>\n<meta name=\"robots\" content=\"index, follow, max-snippet:-1, max-image-preview:large, max-video-preview:-1\" \/>\n<link rel=\"canonical\" href=\"https:\/\/www.turismoitinerante.com\/site\/villani-salumi-cinque-generazioni-della-piu-longeva-realta-salumiera-emiliana\/\" \/>\n<meta property=\"og:locale\" content=\"it_IT\" \/>\n<meta property=\"og:type\" content=\"article\" \/>\n<meta property=\"og:title\" content=\"Villani Salumi: cinque generazioni della pi\u00f9 longeva realt\u00e0 salumiera emiliana - TI - Turismo Itinerante\" \/>\n<meta property=\"og:description\" content=\"Da Castelnuovo Rangone (Mo) a Expo 2015 con Cascina Triulza: Villani salumi racconta cinque generazioni della pi\u00f9\u00a0 longeva realt\u00e0\u00a0 salumiera emiliana. Villani punta di diamante per l&#8217;export che cresce a due cifre negli ultimi 3 anni. un&#8217;azienda proiettata verso il futuro. Oltre 210 dipendenti distribuiti in cinque siti di produzione, un fatturato &#8211; che porta [&hellip;]\" \/>\n<meta property=\"og:url\" content=\"https:\/\/www.turismoitinerante.com\/site\/villani-salumi-cinque-generazioni-della-piu-longeva-realta-salumiera-emiliana\/\" \/>\n<meta property=\"og:site_name\" content=\"TI - Turismo Itinerante\" \/>\n<meta property=\"article:published_time\" content=\"2015-05-18T07:25:56+00:00\" \/>\n<meta property=\"og:image\" content=\"https:\/\/www.turismoitinerante.com\/site\/wp-content\/uploads\/2015\/05\/VILLANI-Un-momento-della-conferenza-stampa..jpg\" \/>\n\t<meta property=\"og:image:width\" content=\"640\" \/>\n\t<meta property=\"og:image:height\" content=\"478\" \/>\n\t<meta property=\"og:image:type\" content=\"image\/jpeg\" \/>\n<meta name=\"author\" content=\"admin\" \/>\n<meta name=\"twitter:card\" content=\"summary_large_image\" \/>\n<meta name=\"twitter:label1\" content=\"Scritto da\" \/>\n\t<meta name=\"twitter:data1\" content=\"admin\" \/>\n\t<meta name=\"twitter:label2\" content=\"Tempo di lettura stimato\" \/>\n\t<meta name=\"twitter:data2\" content=\"4 minuti\" \/>\n<script type=\"application\/ld+json\" class=\"yoast-schema-graph\">{\"@context\":\"https:\\\/\\\/schema.org\",\"@graph\":[{\"@type\":\"Article\",\"@id\":\"https:\\\/\\\/www.turismoitinerante.com\\\/site\\\/villani-salumi-cinque-generazioni-della-piu-longeva-realta-salumiera-emiliana\\\/#article\",\"isPartOf\":{\"@id\":\"https:\\\/\\\/www.turismoitinerante.com\\\/site\\\/villani-salumi-cinque-generazioni-della-piu-longeva-realta-salumiera-emiliana\\\/\"},\"author\":{\"name\":\"admin\",\"@id\":\"https:\\\/\\\/www.turismoitinerante.com\\\/site\\\/#\\\/schema\\\/person\\\/1e1238d2d1617438f3682e54bf4d6c05\"},\"headline\":\"Villani Salumi: cinque generazioni della pi\u00f9 longeva realt\u00e0 salumiera emiliana\",\"datePublished\":\"2015-05-18T07:25:56+00:00\",\"mainEntityOfPage\":{\"@id\":\"https:\\\/\\\/www.turismoitinerante.com\\\/site\\\/villani-salumi-cinque-generazioni-della-piu-longeva-realta-salumiera-emiliana\\\/\"},\"wordCount\":860,\"image\":{\"@id\":\"https:\\\/\\\/www.turismoitinerante.com\\\/site\\\/villani-salumi-cinque-generazioni-della-piu-longeva-realta-salumiera-emiliana\\\/#primaryimage\"},\"thumbnailUrl\":\"https:\\\/\\\/www.turismoitinerante.com\\\/site\\\/wp-content\\\/uploads\\\/2015\\\/05\\\/VILLANI-Un-momento-della-conferenza-stampa..jpg\",\"articleSection\":[\"Itinerari Gustosi\"],\"inLanguage\":\"it-IT\"},{\"@type\":\"WebPage\",\"@id\":\"https:\\\/\\\/www.turismoitinerante.com\\\/site\\\/villani-salumi-cinque-generazioni-della-piu-longeva-realta-salumiera-emiliana\\\/\",\"url\":\"https:\\\/\\\/www.turismoitinerante.com\\\/site\\\/villani-salumi-cinque-generazioni-della-piu-longeva-realta-salumiera-emiliana\\\/\",\"name\":\"Villani Salumi: cinque generazioni della pi\u00f9 longeva realt\u00e0 salumiera emiliana - TI - Turismo Itinerante\",\"isPartOf\":{\"@id\":\"https:\\\/\\\/www.turismoitinerante.com\\\/site\\\/#website\"},\"primaryImageOfPage\":{\"@id\":\"https:\\\/\\\/www.turismoitinerante.com\\\/site\\\/villani-salumi-cinque-generazioni-della-piu-longeva-realta-salumiera-emiliana\\\/#primaryimage\"},\"image\":{\"@id\":\"https:\\\/\\\/www.turismoitinerante.com\\\/site\\\/villani-salumi-cinque-generazioni-della-piu-longeva-realta-salumiera-emiliana\\\/#primaryimage\"},\"thumbnailUrl\":\"https:\\\/\\\/www.turismoitinerante.com\\\/site\\\/wp-content\\\/uploads\\\/2015\\\/05\\\/VILLANI-Un-momento-della-conferenza-stampa..jpg\",\"datePublished\":\"2015-05-18T07:25:56+00:00\",\"author\":{\"@id\":\"https:\\\/\\\/www.turismoitinerante.com\\\/site\\\/#\\\/schema\\\/person\\\/1e1238d2d1617438f3682e54bf4d6c05\"},\"breadcrumb\":{\"@id\":\"https:\\\/\\\/www.turismoitinerante.com\\\/site\\\/villani-salumi-cinque-generazioni-della-piu-longeva-realta-salumiera-emiliana\\\/#breadcrumb\"},\"inLanguage\":\"it-IT\",\"potentialAction\":[{\"@type\":\"ReadAction\",\"target\":[\"https:\\\/\\\/www.turismoitinerante.com\\\/site\\\/villani-salumi-cinque-generazioni-della-piu-longeva-realta-salumiera-emiliana\\\/\"]}]},{\"@type\":\"ImageObject\",\"inLanguage\":\"it-IT\",\"@id\":\"https:\\\/\\\/www.turismoitinerante.com\\\/site\\\/villani-salumi-cinque-generazioni-della-piu-longeva-realta-salumiera-emiliana\\\/#primaryimage\",\"url\":\"https:\\\/\\\/www.turismoitinerante.com\\\/site\\\/wp-content\\\/uploads\\\/2015\\\/05\\\/VILLANI-Un-momento-della-conferenza-stampa..jpg\",\"contentUrl\":\"https:\\\/\\\/www.turismoitinerante.com\\\/site\\\/wp-content\\\/uploads\\\/2015\\\/05\\\/VILLANI-Un-momento-della-conferenza-stampa..jpg\",\"width\":640,\"height\":478},{\"@type\":\"BreadcrumbList\",\"@id\":\"https:\\\/\\\/www.turismoitinerante.com\\\/site\\\/villani-salumi-cinque-generazioni-della-piu-longeva-realta-salumiera-emiliana\\\/#breadcrumb\",\"itemListElement\":[{\"@type\":\"ListItem\",\"position\":1,\"name\":\"Home\",\"item\":\"https:\\\/\\\/www.turismoitinerante.com\\\/site\\\/\"},{\"@type\":\"ListItem\",\"position\":2,\"name\":\"Villani Salumi: cinque generazioni della pi\u00f9 longeva realt\u00e0 salumiera emiliana\"}]},{\"@type\":\"WebSite\",\"@id\":\"https:\\\/\\\/www.turismoitinerante.com\\\/site\\\/#website\",\"url\":\"https:\\\/\\\/www.turismoitinerante.com\\\/site\\\/\",\"name\":\"TI - Turismo Itinerante\",\"description\":\"Ritrovarsi su internet per informarsi, per informare. Il portale del turismo itinerante. Una infinit\u00e0 di notizie su camper, itinerari, aree sosta camper, concessionari, campeggi, agriturismo, raduni, sagre, fiere, mostre, associazioni, club, forum, bacheca annunci\",\"potentialAction\":[{\"@type\":\"SearchAction\",\"target\":{\"@type\":\"EntryPoint\",\"urlTemplate\":\"https:\\\/\\\/www.turismoitinerante.com\\\/site\\\/?s={search_term_string}\"},\"query-input\":{\"@type\":\"PropertyValueSpecification\",\"valueRequired\":true,\"valueName\":\"search_term_string\"}}],\"inLanguage\":\"it-IT\"},{\"@type\":\"Person\",\"@id\":\"https:\\\/\\\/www.turismoitinerante.com\\\/site\\\/#\\\/schema\\\/person\\\/1e1238d2d1617438f3682e54bf4d6c05\",\"name\":\"admin\",\"image\":{\"@type\":\"ImageObject\",\"inLanguage\":\"it-IT\",\"@id\":\"https:\\\/\\\/secure.gravatar.com\\\/avatar\\\/9102d8c23b35e2809b07ebc42ce126daa3d6a47cce9878a22d14d9852ade629e?s=96&d=mm&r=g\",\"url\":\"https:\\\/\\\/secure.gravatar.com\\\/avatar\\\/9102d8c23b35e2809b07ebc42ce126daa3d6a47cce9878a22d14d9852ade629e?s=96&d=mm&r=g\",\"contentUrl\":\"https:\\\/\\\/secure.gravatar.com\\\/avatar\\\/9102d8c23b35e2809b07ebc42ce126daa3d6a47cce9878a22d14d9852ade629e?s=96&d=mm&r=g\",\"caption\":\"admin\"},\"url\":\"https:\\\/\\\/www.turismoitinerante.com\\\/site\\\/author\\\/admin\\\/\"}]}<\/script>\n<!-- \/ Yoast SEO plugin. -->","yoast_head_json":{"title":"Villani Salumi: cinque generazioni della pi\u00f9 longeva realt\u00e0 salumiera emiliana - TI - Turismo Itinerante","robots":{"index":"index","follow":"follow","max-snippet":"max-snippet:-1","max-image-preview":"max-image-preview:large","max-video-preview":"max-video-preview:-1"},"canonical":"https:\/\/www.turismoitinerante.com\/site\/villani-salumi-cinque-generazioni-della-piu-longeva-realta-salumiera-emiliana\/","og_locale":"it_IT","og_type":"article","og_title":"Villani Salumi: cinque generazioni della pi\u00f9 longeva realt\u00e0 salumiera emiliana - TI - Turismo Itinerante","og_description":"Da Castelnuovo Rangone (Mo) a Expo 2015 con Cascina Triulza: Villani salumi racconta cinque generazioni della pi\u00f9\u00a0 longeva realt\u00e0\u00a0 salumiera emiliana. Villani punta di diamante per l&#8217;export che cresce a due cifre negli ultimi 3 anni. un&#8217;azienda proiettata verso il futuro. Oltre 210 dipendenti distribuiti in cinque siti di produzione, un fatturato &#8211; che porta [&hellip;]","og_url":"https:\/\/www.turismoitinerante.com\/site\/villani-salumi-cinque-generazioni-della-piu-longeva-realta-salumiera-emiliana\/","og_site_name":"TI - Turismo Itinerante","article_published_time":"2015-05-18T07:25:56+00:00","og_image":[{"width":640,"height":478,"url":"https:\/\/www.turismoitinerante.com\/site\/wp-content\/uploads\/2015\/05\/VILLANI-Un-momento-della-conferenza-stampa..jpg","type":"image\/jpeg"}],"author":"admin","twitter_card":"summary_large_image","twitter_misc":{"Scritto da":"admin","Tempo di lettura stimato":"4 minuti"},"schema":{"@context":"https:\/\/schema.org","@graph":[{"@type":"Article","@id":"https:\/\/www.turismoitinerante.com\/site\/villani-salumi-cinque-generazioni-della-piu-longeva-realta-salumiera-emiliana\/#article","isPartOf":{"@id":"https:\/\/www.turismoitinerante.com\/site\/villani-salumi-cinque-generazioni-della-piu-longeva-realta-salumiera-emiliana\/"},"author":{"name":"admin","@id":"https:\/\/www.turismoitinerante.com\/site\/#\/schema\/person\/1e1238d2d1617438f3682e54bf4d6c05"},"headline":"Villani Salumi: cinque generazioni della pi\u00f9 longeva realt\u00e0 salumiera emiliana","datePublished":"2015-05-18T07:25:56+00:00","mainEntityOfPage":{"@id":"https:\/\/www.turismoitinerante.com\/site\/villani-salumi-cinque-generazioni-della-piu-longeva-realta-salumiera-emiliana\/"},"wordCount":860,"image":{"@id":"https:\/\/www.turismoitinerante.com\/site\/villani-salumi-cinque-generazioni-della-piu-longeva-realta-salumiera-emiliana\/#primaryimage"},"thumbnailUrl":"https:\/\/www.turismoitinerante.com\/site\/wp-content\/uploads\/2015\/05\/VILLANI-Un-momento-della-conferenza-stampa..jpg","articleSection":["Itinerari Gustosi"],"inLanguage":"it-IT"},{"@type":"WebPage","@id":"https:\/\/www.turismoitinerante.com\/site\/villani-salumi-cinque-generazioni-della-piu-longeva-realta-salumiera-emiliana\/","url":"https:\/\/www.turismoitinerante.com\/site\/villani-salumi-cinque-generazioni-della-piu-longeva-realta-salumiera-emiliana\/","name":"Villani Salumi: cinque generazioni della pi\u00f9 longeva realt\u00e0 salumiera emiliana - TI - Turismo Itinerante","isPartOf":{"@id":"https:\/\/www.turismoitinerante.com\/site\/#website"},"primaryImageOfPage":{"@id":"https:\/\/www.turismoitinerante.com\/site\/villani-salumi-cinque-generazioni-della-piu-longeva-realta-salumiera-emiliana\/#primaryimage"},"image":{"@id":"https:\/\/www.turismoitinerante.com\/site\/villani-salumi-cinque-generazioni-della-piu-longeva-realta-salumiera-emiliana\/#primaryimage"},"thumbnailUrl":"https:\/\/www.turismoitinerante.com\/site\/wp-content\/uploads\/2015\/05\/VILLANI-Un-momento-della-conferenza-stampa..jpg","datePublished":"2015-05-18T07:25:56+00:00","author":{"@id":"https:\/\/www.turismoitinerante.com\/site\/#\/schema\/person\/1e1238d2d1617438f3682e54bf4d6c05"},"breadcrumb":{"@id":"https:\/\/www.turismoitinerante.com\/site\/villani-salumi-cinque-generazioni-della-piu-longeva-realta-salumiera-emiliana\/#breadcrumb"},"inLanguage":"it-IT","potentialAction":[{"@type":"ReadAction","target":["https:\/\/www.turismoitinerante.com\/site\/villani-salumi-cinque-generazioni-della-piu-longeva-realta-salumiera-emiliana\/"]}]},{"@type":"ImageObject","inLanguage":"it-IT","@id":"https:\/\/www.turismoitinerante.com\/site\/villani-salumi-cinque-generazioni-della-piu-longeva-realta-salumiera-emiliana\/#primaryimage","url":"https:\/\/www.turismoitinerante.com\/site\/wp-content\/uploads\/2015\/05\/VILLANI-Un-momento-della-conferenza-stampa..jpg","contentUrl":"https:\/\/www.turismoitinerante.com\/site\/wp-content\/uploads\/2015\/05\/VILLANI-Un-momento-della-conferenza-stampa..jpg","width":640,"height":478},{"@type":"BreadcrumbList","@id":"https:\/\/www.turismoitinerante.com\/site\/villani-salumi-cinque-generazioni-della-piu-longeva-realta-salumiera-emiliana\/#breadcrumb","itemListElement":[{"@type":"ListItem","position":1,"name":"Home","item":"https:\/\/www.turismoitinerante.com\/site\/"},{"@type":"ListItem","position":2,"name":"Villani Salumi: cinque generazioni della pi\u00f9 longeva realt\u00e0 salumiera emiliana"}]},{"@type":"WebSite","@id":"https:\/\/www.turismoitinerante.com\/site\/#website","url":"https:\/\/www.turismoitinerante.com\/site\/","name":"TI - Turismo Itinerante","description":"Ritrovarsi su internet per informarsi, per informare. Il portale del turismo itinerante. Una infinit\u00e0 di notizie su camper, itinerari, aree sosta camper, concessionari, campeggi, agriturismo, raduni, sagre, fiere, mostre, associazioni, club, forum, bacheca annunci","potentialAction":[{"@type":"SearchAction","target":{"@type":"EntryPoint","urlTemplate":"https:\/\/www.turismoitinerante.com\/site\/?s={search_term_string}"},"query-input":{"@type":"PropertyValueSpecification","valueRequired":true,"valueName":"search_term_string"}}],"inLanguage":"it-IT"},{"@type":"Person","@id":"https:\/\/www.turismoitinerante.com\/site\/#\/schema\/person\/1e1238d2d1617438f3682e54bf4d6c05","name":"admin","image":{"@type":"ImageObject","inLanguage":"it-IT","@id":"https:\/\/secure.gravatar.com\/avatar\/9102d8c23b35e2809b07ebc42ce126daa3d6a47cce9878a22d14d9852ade629e?s=96&d=mm&r=g","url":"https:\/\/secure.gravatar.com\/avatar\/9102d8c23b35e2809b07ebc42ce126daa3d6a47cce9878a22d14d9852ade629e?s=96&d=mm&r=g","contentUrl":"https:\/\/secure.gravatar.com\/avatar\/9102d8c23b35e2809b07ebc42ce126daa3d6a47cce9878a22d14d9852ade629e?s=96&d=mm&r=g","caption":"admin"},"url":"https:\/\/www.turismoitinerante.com\/site\/author\/admin\/"}]}},"_links":{"self":[{"href":"https:\/\/www.turismoitinerante.com\/site\/wp-json\/wp\/v2\/posts\/31186","targetHints":{"allow":["GET"]}}],"collection":[{"href":"https:\/\/www.turismoitinerante.com\/site\/wp-json\/wp\/v2\/posts"}],"about":[{"href":"https:\/\/www.turismoitinerante.com\/site\/wp-json\/wp\/v2\/types\/post"}],"author":[{"embeddable":true,"href":"https:\/\/www.turismoitinerante.com\/site\/wp-json\/wp\/v2\/users\/1"}],"replies":[{"embeddable":true,"href":"https:\/\/www.turismoitinerante.com\/site\/wp-json\/wp\/v2\/comments?post=31186"}],"version-history":[{"count":1,"href":"https:\/\/www.turismoitinerante.com\/site\/wp-json\/wp\/v2\/posts\/31186\/revisions"}],"predecessor-version":[{"id":31188,"href":"https:\/\/www.turismoitinerante.com\/site\/wp-json\/wp\/v2\/posts\/31186\/revisions\/31188"}],"wp:featuredmedia":[{"embeddable":true,"href":"https:\/\/www.turismoitinerante.com\/site\/wp-json\/wp\/v2\/media\/31187"}],"wp:attachment":[{"href":"https:\/\/www.turismoitinerante.com\/site\/wp-json\/wp\/v2\/media?parent=31186"}],"wp:term":[{"taxonomy":"category","embeddable":true,"href":"https:\/\/www.turismoitinerante.com\/site\/wp-json\/wp\/v2\/categories?post=31186"},{"taxonomy":"post_tag","embeddable":true,"href":"https:\/\/www.turismoitinerante.com\/site\/wp-json\/wp\/v2\/tags?post=31186"}],"curies":[{"name":"wp","href":"https:\/\/api.w.org\/{rel}","templated":true}]}}