{"id":31183,"date":"2015-05-18T08:23:24","date_gmt":"2015-05-18T07:23:24","guid":{"rendered":"http:\/\/www.turismoitinerante.com\/site\/?p=31183"},"modified":"2015-05-18T08:23:24","modified_gmt":"2015-05-18T07:23:24","slug":"taste-of-milano-2015-il-piu-grande-restaurant-festival-al-mondo","status":"publish","type":"post","link":"https:\/\/www.turismoitinerante.com\/site\/taste-of-milano-2015-il-piu-grande-restaurant-festival-al-mondo\/","title":{"rendered":"Taste of Milano 2015:  il pi\u00f9 grande Restaurant Festival al Mondo"},"content":{"rendered":"<p><strong>Dal 3 al 7 giugno 2015 al SuperStudio Pi\u00f9 di Via Tortona World of Taste\u00a0 aspetta con tantissime novit\u00e0: tutto in versione XL<\/strong><\/p>\n<p>Un&#8217;edizione tutta speciale e nuova quella in programma per giugno 2015. Taste of Milano torna nel capoluogo lombardo con numerosissime novit\u00e0 e ognuna di queste ideata per far s\u00ec che l&#8217;esperienza risulti unica e indimenticabile.<\/p>\n<p><a href=\"http:\/\/www.turismoitinerante.com\/site\/wp-content\/uploads\/2015\/05\/TasteofMilano_CS12maggio-2015.jpg\"><img decoding=\"async\" class=\"aligncenter size-full wp-image-31184\" alt=\"TasteofMilano_CS12maggio 2015\" src=\"http:\/\/www.turismoitinerante.com\/site\/wp-content\/uploads\/2015\/05\/TasteofMilano_CS12maggio-2015.jpg\" width=\"660\" height=\"411\" srcset=\"https:\/\/www.turismoitinerante.com\/site\/wp-content\/uploads\/2015\/05\/TasteofMilano_CS12maggio-2015.jpg 660w, https:\/\/www.turismoitinerante.com\/site\/wp-content\/uploads\/2015\/05\/TasteofMilano_CS12maggio-2015-300x186.jpg 300w, https:\/\/www.turismoitinerante.com\/site\/wp-content\/uploads\/2015\/05\/TasteofMilano_CS12maggio-2015-400x249.jpg 400w\" sizes=\"(max-width: 660px) 100vw, 660px\" \/><\/a><\/p>\n<p>I giorni da 4 diventeranno 5, con un palinsesto di appuntamenti imperdibili che per tutte le giornate daranno la possibilit\u00e0 di partecipare a showcooking, corsi di cucina e degustazioni da tutto il mondo. I ristoranti saranno tantissimi, 50 i ristoratori di altissimo livello provenienti dall&#8217;Italia e dall&#8217;estero pronti a far vivere un&#8217;esperienza unica.<\/p>\n<p>Molti i piatti che si potranno assaggiare, in un menu complessivo di 200: ogni chef proporr\u00e0 infatti quattro piatti di cui uno dedicato all&#8217;Expo 2015 e a Taste prenderanno vita anche tante nuove collaborazioni tra chef italiani e stranieri per realizzare grandi showcooking a quattro mani e non solo.<\/p>\n<p>\u00c8 proprio anche grazie a queste novit\u00e0 che Electrolux, leader mondiale nel campo delle apparecchiature sia domestiche che professionali, conferma, la sua title sponsorship sui Taste Festivals Italiani ed internazionali.<\/p>\n<p>Una collaborazione importante, iniziata nel 2012, che porta all\u2019interno delle manifestazioni un ricco calendario di eventi e di attivit\u00e0 coinvolgenti ed educative, oltre alle migliori attrezzature per la cottura e la conservazione dei cibi, che possiamo avere anche nelle nostre case.<\/p>\n<p>Taste of Milano sar\u00e0 anche l&#8217;occasione per avvicinare i pi\u00f9 piccoli al mondo della buona cucina: verr\u00e0 infatti allestita un&#8217;area Kids dedicata in cui i bambini potranno divertirsi giocando ma anche imparando tramite laboratori dedicati sotto l\u2019occhio attento di personale qualificato grazie alla collaborazione con lenuovemamme.it e Zero6.<\/p>\n<p>Edizione speciale anche per altre numerose novit\u00e0: per la prima volta nella storia dei Taste Festival l\u2019ingresso sar\u00e0 gratuito previa registrazione sul sito www.tasteofmilano.it in collaborazione con The Fork; una decisione importante maturata dalla volont\u00e0 di abbattere, proprio in occasione dell\u2019esposizione universale, qualsiasi barriera e limite alla scoperta del cibo, delle sue forme e interpretazioni.<\/p>\n<p>L\u2019accesso sar\u00e0 comunque a numero chiuso e limitato, per garantire al visitatore la pi\u00f9 alta qualit\u00e0 della sua Taste experience.\u00a0 Sar\u00e0, quindi, un World of Taste aperto a tutti.<\/p>\n<p>Anche gli orari di apertura saranno XL: Mercoled\u00ec 3 Giugno 2015 dalle 19.00 alle 24.00; Gioved\u00ec 4 Giugno 2015 dalle 19.00 alle 24.00; Venerd\u00ec 5 Giugno 2015 dalle 12.00 alle 15.30 e dalle 19.00 alle 24.00; Sabato 6 Giugno 2015 dalle 12.00 alle 17.00 e dalle 19.00 alle 24.00; Domenica 7 Giugno 2015 dalle 12.00 alle 17.00 e dalle 19.00 alle 24.00.<\/p>\n<p>Testo di\u00a0Franca D.Scotti<\/p>\n<div class=\"7863122cad8776726ec303240ed69aa5\" data-index=\"4\" style=\"float: none; margin:10px 0 10px 0; text-align:center;\">\n<script async src=\"\/\/pagead2.googlesyndication.com\/pagead\/js\/adsbygoogle.js\"><\/script>\r\n<!-- 728x90, creato 23\/02\/11 -->\r\n<ins class=\"adsbygoogle\"\r\n     style=\"display:inline-block;width:728px;height:90px\"\r\n     data-ad-client=\"ca-pub-5798583071070083\"\r\n     data-ad-slot=\"5935394872\"><\/ins>\r\n<script>\r\n(adsbygoogle = window.adsbygoogle || []).push({});\r\n<\/script>\n<\/div>\n\n<div style=\"font-size: 0px; height: 0px; line-height: 0px; margin: 0; padding: 0; clear: both;\"><\/div>","protected":false},"excerpt":{"rendered":"<p>Dal 3 al 7 giugno 2015 al SuperStudio Pi\u00f9 di Via Tortona World of Taste\u00a0 aspetta con tantissime novit\u00e0: tutto in versione XL Un&#8217;edizione tutta speciale e nuova quella in programma per giugno 2015. Taste of Milano torna nel capoluogo lombardo con numerosissime novit\u00e0 e ognuna di queste ideata per far s\u00ec che l&#8217;esperienza risulti [&hellip;]<\/p>\n","protected":false},"author":1,"featured_media":31184,"comment_status":"closed","ping_status":"open","sticky":false,"template":"","format":"standard","meta":{"ngg_post_thumbnail":0,"jnews-multi-image_gallery":[],"jnews_single_post":[],"jnews_primary_category":[],"jnews_override_counter":[],"footnotes":""},"categories":[643],"tags":[],"class_list":["post-31183","post","type-post","status-publish","format-standard","has-post-thumbnail","hentry","category-itinerari-gustosi"],"yoast_head":"<!-- This site is optimized with the Yoast SEO plugin v27.4 - https:\/\/yoast.com\/product\/yoast-seo-wordpress\/ -->\n<title>Taste of Milano 2015: il pi\u00f9 grande Restaurant Festival al Mondo - TI - Turismo Itinerante<\/title>\n<meta name=\"robots\" content=\"index, follow, max-snippet:-1, max-image-preview:large, max-video-preview:-1\" \/>\n<link rel=\"canonical\" href=\"https:\/\/www.turismoitinerante.com\/site\/taste-of-milano-2015-il-piu-grande-restaurant-festival-al-mondo\/\" \/>\n<meta property=\"og:locale\" content=\"it_IT\" \/>\n<meta property=\"og:type\" content=\"article\" \/>\n<meta property=\"og:title\" content=\"Taste of Milano 2015: il pi\u00f9 grande Restaurant Festival al Mondo - TI - Turismo Itinerante\" \/>\n<meta property=\"og:description\" content=\"Dal 3 al 7 giugno 2015 al SuperStudio Pi\u00f9 di Via Tortona World of Taste\u00a0 aspetta con tantissime novit\u00e0: tutto in versione XL Un&#8217;edizione tutta speciale e nuova quella in programma per giugno 2015. Taste of Milano torna nel capoluogo lombardo con numerosissime novit\u00e0 e ognuna di queste ideata per far s\u00ec che l&#8217;esperienza risulti [&hellip;]\" \/>\n<meta property=\"og:url\" content=\"https:\/\/www.turismoitinerante.com\/site\/taste-of-milano-2015-il-piu-grande-restaurant-festival-al-mondo\/\" \/>\n<meta property=\"og:site_name\" content=\"TI - Turismo Itinerante\" \/>\n<meta property=\"article:published_time\" content=\"2015-05-18T07:23:24+00:00\" \/>\n<meta property=\"og:image\" content=\"https:\/\/www.turismoitinerante.com\/site\/wp-content\/uploads\/2015\/05\/TasteofMilano_CS12maggio-2015.jpg\" \/>\n\t<meta property=\"og:image:width\" content=\"660\" \/>\n\t<meta property=\"og:image:height\" content=\"411\" \/>\n\t<meta property=\"og:image:type\" content=\"image\/jpeg\" \/>\n<meta name=\"author\" content=\"admin\" \/>\n<meta name=\"twitter:card\" content=\"summary_large_image\" \/>\n<meta name=\"twitter:label1\" content=\"Scritto da\" \/>\n\t<meta name=\"twitter:data1\" content=\"admin\" \/>\n\t<meta name=\"twitter:label2\" content=\"Tempo di lettura stimato\" \/>\n\t<meta name=\"twitter:data2\" content=\"2 minuti\" \/>\n<script type=\"application\/ld+json\" class=\"yoast-schema-graph\">{\"@context\":\"https:\\\/\\\/schema.org\",\"@graph\":[{\"@type\":\"Article\",\"@id\":\"https:\\\/\\\/www.turismoitinerante.com\\\/site\\\/taste-of-milano-2015-il-piu-grande-restaurant-festival-al-mondo\\\/#article\",\"isPartOf\":{\"@id\":\"https:\\\/\\\/www.turismoitinerante.com\\\/site\\\/taste-of-milano-2015-il-piu-grande-restaurant-festival-al-mondo\\\/\"},\"author\":{\"name\":\"admin\",\"@id\":\"https:\\\/\\\/www.turismoitinerante.com\\\/site\\\/#\\\/schema\\\/person\\\/1e1238d2d1617438f3682e54bf4d6c05\"},\"headline\":\"Taste of Milano 2015: il pi\u00f9 grande Restaurant Festival al Mondo\",\"datePublished\":\"2015-05-18T07:23:24+00:00\",\"mainEntityOfPage\":{\"@id\":\"https:\\\/\\\/www.turismoitinerante.com\\\/site\\\/taste-of-milano-2015-il-piu-grande-restaurant-festival-al-mondo\\\/\"},\"wordCount\":411,\"image\":{\"@id\":\"https:\\\/\\\/www.turismoitinerante.com\\\/site\\\/taste-of-milano-2015-il-piu-grande-restaurant-festival-al-mondo\\\/#primaryimage\"},\"thumbnailUrl\":\"https:\\\/\\\/www.turismoitinerante.com\\\/site\\\/wp-content\\\/uploads\\\/2015\\\/05\\\/TasteofMilano_CS12maggio-2015.jpg\",\"articleSection\":[\"Itinerari Gustosi\"],\"inLanguage\":\"it-IT\"},{\"@type\":\"WebPage\",\"@id\":\"https:\\\/\\\/www.turismoitinerante.com\\\/site\\\/taste-of-milano-2015-il-piu-grande-restaurant-festival-al-mondo\\\/\",\"url\":\"https:\\\/\\\/www.turismoitinerante.com\\\/site\\\/taste-of-milano-2015-il-piu-grande-restaurant-festival-al-mondo\\\/\",\"name\":\"Taste of Milano 2015: il pi\u00f9 grande Restaurant Festival al Mondo - TI - Turismo Itinerante\",\"isPartOf\":{\"@id\":\"https:\\\/\\\/www.turismoitinerante.com\\\/site\\\/#website\"},\"primaryImageOfPage\":{\"@id\":\"https:\\\/\\\/www.turismoitinerante.com\\\/site\\\/taste-of-milano-2015-il-piu-grande-restaurant-festival-al-mondo\\\/#primaryimage\"},\"image\":{\"@id\":\"https:\\\/\\\/www.turismoitinerante.com\\\/site\\\/taste-of-milano-2015-il-piu-grande-restaurant-festival-al-mondo\\\/#primaryimage\"},\"thumbnailUrl\":\"https:\\\/\\\/www.turismoitinerante.com\\\/site\\\/wp-content\\\/uploads\\\/2015\\\/05\\\/TasteofMilano_CS12maggio-2015.jpg\",\"datePublished\":\"2015-05-18T07:23:24+00:00\",\"author\":{\"@id\":\"https:\\\/\\\/www.turismoitinerante.com\\\/site\\\/#\\\/schema\\\/person\\\/1e1238d2d1617438f3682e54bf4d6c05\"},\"breadcrumb\":{\"@id\":\"https:\\\/\\\/www.turismoitinerante.com\\\/site\\\/taste-of-milano-2015-il-piu-grande-restaurant-festival-al-mondo\\\/#breadcrumb\"},\"inLanguage\":\"it-IT\",\"potentialAction\":[{\"@type\":\"ReadAction\",\"target\":[\"https:\\\/\\\/www.turismoitinerante.com\\\/site\\\/taste-of-milano-2015-il-piu-grande-restaurant-festival-al-mondo\\\/\"]}]},{\"@type\":\"ImageObject\",\"inLanguage\":\"it-IT\",\"@id\":\"https:\\\/\\\/www.turismoitinerante.com\\\/site\\\/taste-of-milano-2015-il-piu-grande-restaurant-festival-al-mondo\\\/#primaryimage\",\"url\":\"https:\\\/\\\/www.turismoitinerante.com\\\/site\\\/wp-content\\\/uploads\\\/2015\\\/05\\\/TasteofMilano_CS12maggio-2015.jpg\",\"contentUrl\":\"https:\\\/\\\/www.turismoitinerante.com\\\/site\\\/wp-content\\\/uploads\\\/2015\\\/05\\\/TasteofMilano_CS12maggio-2015.jpg\",\"width\":660,\"height\":411},{\"@type\":\"BreadcrumbList\",\"@id\":\"https:\\\/\\\/www.turismoitinerante.com\\\/site\\\/taste-of-milano-2015-il-piu-grande-restaurant-festival-al-mondo\\\/#breadcrumb\",\"itemListElement\":[{\"@type\":\"ListItem\",\"position\":1,\"name\":\"Home\",\"item\":\"https:\\\/\\\/www.turismoitinerante.com\\\/site\\\/\"},{\"@type\":\"ListItem\",\"position\":2,\"name\":\"Taste of Milano 2015: il pi\u00f9 grande Restaurant Festival al Mondo\"}]},{\"@type\":\"WebSite\",\"@id\":\"https:\\\/\\\/www.turismoitinerante.com\\\/site\\\/#website\",\"url\":\"https:\\\/\\\/www.turismoitinerante.com\\\/site\\\/\",\"name\":\"TI - Turismo Itinerante\",\"description\":\"Ritrovarsi su internet per informarsi, per informare. Il portale del turismo itinerante. Una infinit\u00e0 di notizie su camper, itinerari, aree sosta camper, concessionari, campeggi, agriturismo, raduni, sagre, fiere, mostre, associazioni, club, forum, bacheca annunci\",\"potentialAction\":[{\"@type\":\"SearchAction\",\"target\":{\"@type\":\"EntryPoint\",\"urlTemplate\":\"https:\\\/\\\/www.turismoitinerante.com\\\/site\\\/?s={search_term_string}\"},\"query-input\":{\"@type\":\"PropertyValueSpecification\",\"valueRequired\":true,\"valueName\":\"search_term_string\"}}],\"inLanguage\":\"it-IT\"},{\"@type\":\"Person\",\"@id\":\"https:\\\/\\\/www.turismoitinerante.com\\\/site\\\/#\\\/schema\\\/person\\\/1e1238d2d1617438f3682e54bf4d6c05\",\"name\":\"admin\",\"image\":{\"@type\":\"ImageObject\",\"inLanguage\":\"it-IT\",\"@id\":\"https:\\\/\\\/secure.gravatar.com\\\/avatar\\\/9102d8c23b35e2809b07ebc42ce126daa3d6a47cce9878a22d14d9852ade629e?s=96&d=mm&r=g\",\"url\":\"https:\\\/\\\/secure.gravatar.com\\\/avatar\\\/9102d8c23b35e2809b07ebc42ce126daa3d6a47cce9878a22d14d9852ade629e?s=96&d=mm&r=g\",\"contentUrl\":\"https:\\\/\\\/secure.gravatar.com\\\/avatar\\\/9102d8c23b35e2809b07ebc42ce126daa3d6a47cce9878a22d14d9852ade629e?s=96&d=mm&r=g\",\"caption\":\"admin\"},\"url\":\"https:\\\/\\\/www.turismoitinerante.com\\\/site\\\/author\\\/admin\\\/\"}]}<\/script>\n<!-- \/ Yoast SEO plugin. -->","yoast_head_json":{"title":"Taste of Milano 2015: il pi\u00f9 grande Restaurant Festival al Mondo - TI - Turismo Itinerante","robots":{"index":"index","follow":"follow","max-snippet":"max-snippet:-1","max-image-preview":"max-image-preview:large","max-video-preview":"max-video-preview:-1"},"canonical":"https:\/\/www.turismoitinerante.com\/site\/taste-of-milano-2015-il-piu-grande-restaurant-festival-al-mondo\/","og_locale":"it_IT","og_type":"article","og_title":"Taste of Milano 2015: il pi\u00f9 grande Restaurant Festival al Mondo - TI - Turismo Itinerante","og_description":"Dal 3 al 7 giugno 2015 al SuperStudio Pi\u00f9 di Via Tortona World of Taste\u00a0 aspetta con tantissime novit\u00e0: tutto in versione XL Un&#8217;edizione tutta speciale e nuova quella in programma per giugno 2015. Taste of Milano torna nel capoluogo lombardo con numerosissime novit\u00e0 e ognuna di queste ideata per far s\u00ec che l&#8217;esperienza risulti [&hellip;]","og_url":"https:\/\/www.turismoitinerante.com\/site\/taste-of-milano-2015-il-piu-grande-restaurant-festival-al-mondo\/","og_site_name":"TI - Turismo Itinerante","article_published_time":"2015-05-18T07:23:24+00:00","og_image":[{"width":660,"height":411,"url":"https:\/\/www.turismoitinerante.com\/site\/wp-content\/uploads\/2015\/05\/TasteofMilano_CS12maggio-2015.jpg","type":"image\/jpeg"}],"author":"admin","twitter_card":"summary_large_image","twitter_misc":{"Scritto da":"admin","Tempo di lettura stimato":"2 minuti"},"schema":{"@context":"https:\/\/schema.org","@graph":[{"@type":"Article","@id":"https:\/\/www.turismoitinerante.com\/site\/taste-of-milano-2015-il-piu-grande-restaurant-festival-al-mondo\/#article","isPartOf":{"@id":"https:\/\/www.turismoitinerante.com\/site\/taste-of-milano-2015-il-piu-grande-restaurant-festival-al-mondo\/"},"author":{"name":"admin","@id":"https:\/\/www.turismoitinerante.com\/site\/#\/schema\/person\/1e1238d2d1617438f3682e54bf4d6c05"},"headline":"Taste of Milano 2015: il pi\u00f9 grande Restaurant Festival al Mondo","datePublished":"2015-05-18T07:23:24+00:00","mainEntityOfPage":{"@id":"https:\/\/www.turismoitinerante.com\/site\/taste-of-milano-2015-il-piu-grande-restaurant-festival-al-mondo\/"},"wordCount":411,"image":{"@id":"https:\/\/www.turismoitinerante.com\/site\/taste-of-milano-2015-il-piu-grande-restaurant-festival-al-mondo\/#primaryimage"},"thumbnailUrl":"https:\/\/www.turismoitinerante.com\/site\/wp-content\/uploads\/2015\/05\/TasteofMilano_CS12maggio-2015.jpg","articleSection":["Itinerari Gustosi"],"inLanguage":"it-IT"},{"@type":"WebPage","@id":"https:\/\/www.turismoitinerante.com\/site\/taste-of-milano-2015-il-piu-grande-restaurant-festival-al-mondo\/","url":"https:\/\/www.turismoitinerante.com\/site\/taste-of-milano-2015-il-piu-grande-restaurant-festival-al-mondo\/","name":"Taste of Milano 2015: il pi\u00f9 grande Restaurant Festival al Mondo - TI - Turismo Itinerante","isPartOf":{"@id":"https:\/\/www.turismoitinerante.com\/site\/#website"},"primaryImageOfPage":{"@id":"https:\/\/www.turismoitinerante.com\/site\/taste-of-milano-2015-il-piu-grande-restaurant-festival-al-mondo\/#primaryimage"},"image":{"@id":"https:\/\/www.turismoitinerante.com\/site\/taste-of-milano-2015-il-piu-grande-restaurant-festival-al-mondo\/#primaryimage"},"thumbnailUrl":"https:\/\/www.turismoitinerante.com\/site\/wp-content\/uploads\/2015\/05\/TasteofMilano_CS12maggio-2015.jpg","datePublished":"2015-05-18T07:23:24+00:00","author":{"@id":"https:\/\/www.turismoitinerante.com\/site\/#\/schema\/person\/1e1238d2d1617438f3682e54bf4d6c05"},"breadcrumb":{"@id":"https:\/\/www.turismoitinerante.com\/site\/taste-of-milano-2015-il-piu-grande-restaurant-festival-al-mondo\/#breadcrumb"},"inLanguage":"it-IT","potentialAction":[{"@type":"ReadAction","target":["https:\/\/www.turismoitinerante.com\/site\/taste-of-milano-2015-il-piu-grande-restaurant-festival-al-mondo\/"]}]},{"@type":"ImageObject","inLanguage":"it-IT","@id":"https:\/\/www.turismoitinerante.com\/site\/taste-of-milano-2015-il-piu-grande-restaurant-festival-al-mondo\/#primaryimage","url":"https:\/\/www.turismoitinerante.com\/site\/wp-content\/uploads\/2015\/05\/TasteofMilano_CS12maggio-2015.jpg","contentUrl":"https:\/\/www.turismoitinerante.com\/site\/wp-content\/uploads\/2015\/05\/TasteofMilano_CS12maggio-2015.jpg","width":660,"height":411},{"@type":"BreadcrumbList","@id":"https:\/\/www.turismoitinerante.com\/site\/taste-of-milano-2015-il-piu-grande-restaurant-festival-al-mondo\/#breadcrumb","itemListElement":[{"@type":"ListItem","position":1,"name":"Home","item":"https:\/\/www.turismoitinerante.com\/site\/"},{"@type":"ListItem","position":2,"name":"Taste of Milano 2015: il pi\u00f9 grande Restaurant Festival al Mondo"}]},{"@type":"WebSite","@id":"https:\/\/www.turismoitinerante.com\/site\/#website","url":"https:\/\/www.turismoitinerante.com\/site\/","name":"TI - Turismo Itinerante","description":"Ritrovarsi su internet per informarsi, per informare. Il portale del turismo itinerante. Una infinit\u00e0 di notizie su camper, itinerari, aree sosta camper, concessionari, campeggi, agriturismo, raduni, sagre, fiere, mostre, associazioni, club, forum, bacheca annunci","potentialAction":[{"@type":"SearchAction","target":{"@type":"EntryPoint","urlTemplate":"https:\/\/www.turismoitinerante.com\/site\/?s={search_term_string}"},"query-input":{"@type":"PropertyValueSpecification","valueRequired":true,"valueName":"search_term_string"}}],"inLanguage":"it-IT"},{"@type":"Person","@id":"https:\/\/www.turismoitinerante.com\/site\/#\/schema\/person\/1e1238d2d1617438f3682e54bf4d6c05","name":"admin","image":{"@type":"ImageObject","inLanguage":"it-IT","@id":"https:\/\/secure.gravatar.com\/avatar\/9102d8c23b35e2809b07ebc42ce126daa3d6a47cce9878a22d14d9852ade629e?s=96&d=mm&r=g","url":"https:\/\/secure.gravatar.com\/avatar\/9102d8c23b35e2809b07ebc42ce126daa3d6a47cce9878a22d14d9852ade629e?s=96&d=mm&r=g","contentUrl":"https:\/\/secure.gravatar.com\/avatar\/9102d8c23b35e2809b07ebc42ce126daa3d6a47cce9878a22d14d9852ade629e?s=96&d=mm&r=g","caption":"admin"},"url":"https:\/\/www.turismoitinerante.com\/site\/author\/admin\/"}]}},"_links":{"self":[{"href":"https:\/\/www.turismoitinerante.com\/site\/wp-json\/wp\/v2\/posts\/31183","targetHints":{"allow":["GET"]}}],"collection":[{"href":"https:\/\/www.turismoitinerante.com\/site\/wp-json\/wp\/v2\/posts"}],"about":[{"href":"https:\/\/www.turismoitinerante.com\/site\/wp-json\/wp\/v2\/types\/post"}],"author":[{"embeddable":true,"href":"https:\/\/www.turismoitinerante.com\/site\/wp-json\/wp\/v2\/users\/1"}],"replies":[{"embeddable":true,"href":"https:\/\/www.turismoitinerante.com\/site\/wp-json\/wp\/v2\/comments?post=31183"}],"version-history":[{"count":1,"href":"https:\/\/www.turismoitinerante.com\/site\/wp-json\/wp\/v2\/posts\/31183\/revisions"}],"predecessor-version":[{"id":31185,"href":"https:\/\/www.turismoitinerante.com\/site\/wp-json\/wp\/v2\/posts\/31183\/revisions\/31185"}],"wp:featuredmedia":[{"embeddable":true,"href":"https:\/\/www.turismoitinerante.com\/site\/wp-json\/wp\/v2\/media\/31184"}],"wp:attachment":[{"href":"https:\/\/www.turismoitinerante.com\/site\/wp-json\/wp\/v2\/media?parent=31183"}],"wp:term":[{"taxonomy":"category","embeddable":true,"href":"https:\/\/www.turismoitinerante.com\/site\/wp-json\/wp\/v2\/categories?post=31183"},{"taxonomy":"post_tag","embeddable":true,"href":"https:\/\/www.turismoitinerante.com\/site\/wp-json\/wp\/v2\/tags?post=31183"}],"curies":[{"name":"wp","href":"https:\/\/api.w.org\/{rel}","templated":true}]}}