{"id":31176,"date":"2015-05-18T08:17:09","date_gmt":"2015-05-18T07:17:09","guid":{"rendered":"http:\/\/www.turismoitinerante.com\/site\/?p=31176"},"modified":"2015-05-18T08:17:41","modified_gmt":"2015-05-18T07:17:41","slug":"expo-2015-icam-protagonista-a-expo-milano-2015-tanti-appuntamenti-alla-scoperta-del-cacao","status":"publish","type":"post","link":"https:\/\/www.turismoitinerante.com\/site\/expo-2015-icam-protagonista-a-expo-milano-2015-tanti-appuntamenti-alla-scoperta-del-cacao\/","title":{"rendered":"EXPO 2015: Icam protagonista a EXPO  Milano 2015: Tanti appuntamenti alla scoperta del cacao"},"content":{"rendered":"<p>ICAM, storica azienda cioccolatiera di Lecco, presenta il suo programma di appuntamenti all\u2019interno di Expo 2015, dedicati a tutti gli appassionati di cacao e cioccolato.<\/p>\n<p>Nel corso dei sei mesi dell\u2019esposizione universale, all\u2019interno del Cluster Cacao e Cioccolato \u2013 di cui Eurochocolate \u00e8 Official Content Provider del Cluster-\u00a0 si svolgeranno incontri e degustazioni che vedranno il coinvolgimento di importanti partner come Slow Food, pasticceri di fama nazionale ed internazionale e rappresentanti delle cooperative di produzione del cacao provenienti da tutto il mondo.<\/p>\n<p><strong><a href=\"http:\/\/www.turismoitinerante.com\/site\/wp-content\/uploads\/2015\/05\/ICAM-E-KNAM.jpg\"><img decoding=\"async\" class=\"alignright size-medium wp-image-31177\" alt=\"ICAM E KNAM\" src=\"http:\/\/www.turismoitinerante.com\/site\/wp-content\/uploads\/2015\/05\/ICAM-E-KNAM-225x300.jpg\" width=\"225\" height=\"300\" srcset=\"https:\/\/www.turismoitinerante.com\/site\/wp-content\/uploads\/2015\/05\/ICAM-E-KNAM-225x300.jpg 225w, https:\/\/www.turismoitinerante.com\/site\/wp-content\/uploads\/2015\/05\/ICAM-E-KNAM.jpg 400w\" sizes=\"(max-width: 225px) 100vw, 225px\" \/><\/a>Vanini e Slow Food<\/strong><\/p>\n<p>Vanini, la nuova linea Icam di cioccolato premium realizzato con il migliore cacao proveniente da piantagioni altamente selezionate, sar\u00e0 protagonista degli incontri-degustazione guidati dai docenti dei Master of Food di Slow Food.<\/p>\n<p>Sono previsti 12 appuntamenti, in inglese e italiano, nel corso dei quali il cioccolato Vanini sar\u00e0 abbinato ad alcuni prodotti selezionati da Slow Food: distillati, vino, birra e tisane.<\/p>\n<p>Gli incontri si svolgeranno dal 22 maggio al 23 ottobre all\u2019interno del Eurochocolate Roof Garden sopra il padiglione dei Distretti Italiani del Cioccolato con i seguenti orari: 18-19 in italiano, 19.30-20.30 in inglese.<\/p>\n<p>Il Roof Garden sar\u00e0 anche sede di gustosi appuntamenti di degustazione patrocinata da Caff\u00e8 Milani che metter\u00e0 a disposizione le pi\u00f9 pregiate ed aromatiche miscele di caff\u00e8 per esaltare e apprezzare le note aromatiche del cioccolato Vanini.<\/p>\n<p><strong>I Grandi Pasticceri e Linea Professionale<\/strong><\/p>\n<p>All\u2019interno del padiglione dei Distretti Italiani del Cioccolato, nell\u2019apposita working station si esibiranno circa 65 professionisti della cioccolateria e pasticceria, italiani e stranieri, che utilizzano i prodotti di ICAM Linea Professionale. Gli appuntamenti sono previsti da inizio maggio fino al 14 ottobre.<\/p>\n<p>Tra i pasticceri presenti Luca Galli di Goloseria Galli di Livigno e Romeo Viganotti da Genova. Questi e tanti altri protagonisti dell\u2019arte cioccolatiera e pasticciera regaleranno ai visitatori esperienze di gusto davvero uniche, dove la tradizione del cioccolato Icam si fonder\u00e0 con gli ingredienti tipici dei loro diversi territori di provenienza.<\/p>\n<p><strong>\u00a0Icam e la sostenibilit\u00e0<\/strong><\/p>\n<p>Durante Expo Milano 2015, inoltre, Icam ospiter\u00e0 le delegazioni di coltivatori di cacao provenienti dai Paesi da cui l\u2019azienda acquista la materia prima. Tra questi il Per\u00f9, la Repubblica Dominicana e l\u2019Uganda. I coltivatori racconteranno la loro storia di sostenibilit\u00e0 e la collaborazione virtuosa con la storica azienda di Lecco.<\/p>\n<p>Il 26 maggio sar\u00e0 organizzato il primo appuntamento sul tema della Biodiversit\u00e0 in America Latina e nello specifico in Per\u00f9. In questa occasione, sar\u00e0 presentato il lavoro svolto da Icam in quelle zone insieme alla cooperativa Aprocam e insieme a Fondazione Slow Food si discuter\u00e0 della biodiversit\u00e0 in Per\u00f9.<\/p>\n<p><strong>ICAM E LE SCUOLE. L\u2019ABC DEL CACAO<\/strong><\/p>\n<p>Icam apre le porte alle scuole con due progetti dedicati, con l\u2019obiettivo di far scoprire a ragazzi e bambini la filiera trasforma il cacao in cioccolato, anche in un\u2019ottica di educazione alla sana alimentazione. Gli incontri si svolgeranno presso il Teatro del Cluster del Cacao e del Cioccolato: 6 appuntamenti saranno condotti dai formatori di Slow Food, mentre tutti i giorni dal luned\u00ec al venerd\u00ec dalle 12 alle 13, le scolaresche potranno partecipare ai laboratori organizzati in collaborazione con il PIME (Pontificio Istituto Missioni Estere).<\/p>\n<p>Per approfondimenti \u00e8 possibile visitare i siti web:\u00a0 www.cocoachocolatecluster.org; www.icamcioccolato.com; www.icamprofessionale.it; <a href=\"http:\/\/www.vaninicioccolato.com\/\">www.vaninicioccolato.com<\/a><\/p>\n<p>Tseto di\u00a0Franca D.Scotti<\/p>\n<div class=\"7863122cad8776726ec303240ed69aa5\" data-index=\"4\" style=\"float: none; margin:10px 0 10px 0; text-align:center;\">\n<script async src=\"\/\/pagead2.googlesyndication.com\/pagead\/js\/adsbygoogle.js\"><\/script>\r\n<!-- 728x90, creato 23\/02\/11 -->\r\n<ins class=\"adsbygoogle\"\r\n     style=\"display:inline-block;width:728px;height:90px\"\r\n     data-ad-client=\"ca-pub-5798583071070083\"\r\n     data-ad-slot=\"5935394872\"><\/ins>\r\n<script>\r\n(adsbygoogle = window.adsbygoogle || []).push({});\r\n<\/script>\n<\/div>\n\n<div style=\"font-size: 0px; height: 0px; line-height: 0px; margin: 0; padding: 0; clear: both;\"><\/div>","protected":false},"excerpt":{"rendered":"<p>ICAM, storica azienda cioccolatiera di Lecco, presenta il suo programma di appuntamenti all\u2019interno di Expo 2015, dedicati a tutti gli appassionati di cacao e cioccolato. Nel corso dei sei mesi dell\u2019esposizione universale, all\u2019interno del Cluster Cacao e Cioccolato \u2013 di cui Eurochocolate \u00e8 Official Content Provider del Cluster-\u00a0 si svolgeranno incontri e degustazioni che vedranno [&hellip;]<\/p>\n","protected":false},"author":1,"featured_media":31177,"comment_status":"closed","ping_status":"open","sticky":false,"template":"","format":"standard","meta":{"ngg_post_thumbnail":0,"jnews-multi-image_gallery":[],"jnews_single_post":[],"jnews_primary_category":[],"jnews_override_counter":[],"footnotes":""},"categories":[643],"tags":[],"class_list":["post-31176","post","type-post","status-publish","format-standard","has-post-thumbnail","hentry","category-itinerari-gustosi"],"yoast_head":"<!-- This site is optimized with the Yoast SEO plugin v27.4 - https:\/\/yoast.com\/product\/yoast-seo-wordpress\/ -->\n<title>EXPO 2015: Icam protagonista a EXPO Milano 2015: Tanti appuntamenti alla scoperta del cacao - TI - Turismo Itinerante<\/title>\n<meta name=\"robots\" content=\"index, follow, max-snippet:-1, max-image-preview:large, max-video-preview:-1\" \/>\n<link rel=\"canonical\" href=\"https:\/\/www.turismoitinerante.com\/site\/expo-2015-icam-protagonista-a-expo-milano-2015-tanti-appuntamenti-alla-scoperta-del-cacao\/\" \/>\n<meta property=\"og:locale\" content=\"it_IT\" \/>\n<meta property=\"og:type\" content=\"article\" \/>\n<meta property=\"og:title\" content=\"EXPO 2015: Icam protagonista a EXPO Milano 2015: Tanti appuntamenti alla scoperta del cacao - TI - Turismo Itinerante\" \/>\n<meta property=\"og:description\" content=\"ICAM, storica azienda cioccolatiera di Lecco, presenta il suo programma di appuntamenti all\u2019interno di Expo 2015, dedicati a tutti gli appassionati di cacao e cioccolato. Nel corso dei sei mesi dell\u2019esposizione universale, all\u2019interno del Cluster Cacao e Cioccolato \u2013 di cui Eurochocolate \u00e8 Official Content Provider del Cluster-\u00a0 si svolgeranno incontri e degustazioni che vedranno [&hellip;]\" \/>\n<meta property=\"og:url\" content=\"https:\/\/www.turismoitinerante.com\/site\/expo-2015-icam-protagonista-a-expo-milano-2015-tanti-appuntamenti-alla-scoperta-del-cacao\/\" \/>\n<meta property=\"og:site_name\" content=\"TI - Turismo Itinerante\" \/>\n<meta property=\"article:published_time\" content=\"2015-05-18T07:17:09+00:00\" \/>\n<meta property=\"article:modified_time\" content=\"2015-05-18T07:17:41+00:00\" \/>\n<meta property=\"og:image\" content=\"https:\/\/www.turismoitinerante.com\/site\/wp-content\/uploads\/2015\/05\/ICAM-E-KNAM.jpg\" \/>\n\t<meta property=\"og:image:width\" content=\"400\" \/>\n\t<meta property=\"og:image:height\" content=\"533\" \/>\n\t<meta property=\"og:image:type\" content=\"image\/jpeg\" \/>\n<meta name=\"author\" content=\"admin\" \/>\n<meta name=\"twitter:card\" content=\"summary_large_image\" \/>\n<meta name=\"twitter:label1\" content=\"Scritto da\" \/>\n\t<meta name=\"twitter:data1\" content=\"admin\" \/>\n\t<meta name=\"twitter:label2\" content=\"Tempo di lettura stimato\" \/>\n\t<meta name=\"twitter:data2\" content=\"3 minuti\" \/>\n<script type=\"application\/ld+json\" class=\"yoast-schema-graph\">{\"@context\":\"https:\\\/\\\/schema.org\",\"@graph\":[{\"@type\":\"Article\",\"@id\":\"https:\\\/\\\/www.turismoitinerante.com\\\/site\\\/expo-2015-icam-protagonista-a-expo-milano-2015-tanti-appuntamenti-alla-scoperta-del-cacao\\\/#article\",\"isPartOf\":{\"@id\":\"https:\\\/\\\/www.turismoitinerante.com\\\/site\\\/expo-2015-icam-protagonista-a-expo-milano-2015-tanti-appuntamenti-alla-scoperta-del-cacao\\\/\"},\"author\":{\"name\":\"admin\",\"@id\":\"https:\\\/\\\/www.turismoitinerante.com\\\/site\\\/#\\\/schema\\\/person\\\/1e1238d2d1617438f3682e54bf4d6c05\"},\"headline\":\"EXPO 2015: Icam protagonista a EXPO Milano 2015: Tanti appuntamenti alla scoperta del cacao\",\"datePublished\":\"2015-05-18T07:17:09+00:00\",\"dateModified\":\"2015-05-18T07:17:41+00:00\",\"mainEntityOfPage\":{\"@id\":\"https:\\\/\\\/www.turismoitinerante.com\\\/site\\\/expo-2015-icam-protagonista-a-expo-milano-2015-tanti-appuntamenti-alla-scoperta-del-cacao\\\/\"},\"wordCount\":546,\"image\":{\"@id\":\"https:\\\/\\\/www.turismoitinerante.com\\\/site\\\/expo-2015-icam-protagonista-a-expo-milano-2015-tanti-appuntamenti-alla-scoperta-del-cacao\\\/#primaryimage\"},\"thumbnailUrl\":\"https:\\\/\\\/www.turismoitinerante.com\\\/site\\\/wp-content\\\/uploads\\\/2015\\\/05\\\/ICAM-E-KNAM.jpg\",\"articleSection\":[\"Itinerari Gustosi\"],\"inLanguage\":\"it-IT\"},{\"@type\":\"WebPage\",\"@id\":\"https:\\\/\\\/www.turismoitinerante.com\\\/site\\\/expo-2015-icam-protagonista-a-expo-milano-2015-tanti-appuntamenti-alla-scoperta-del-cacao\\\/\",\"url\":\"https:\\\/\\\/www.turismoitinerante.com\\\/site\\\/expo-2015-icam-protagonista-a-expo-milano-2015-tanti-appuntamenti-alla-scoperta-del-cacao\\\/\",\"name\":\"EXPO 2015: Icam protagonista a EXPO Milano 2015: Tanti appuntamenti alla scoperta del cacao - TI - Turismo Itinerante\",\"isPartOf\":{\"@id\":\"https:\\\/\\\/www.turismoitinerante.com\\\/site\\\/#website\"},\"primaryImageOfPage\":{\"@id\":\"https:\\\/\\\/www.turismoitinerante.com\\\/site\\\/expo-2015-icam-protagonista-a-expo-milano-2015-tanti-appuntamenti-alla-scoperta-del-cacao\\\/#primaryimage\"},\"image\":{\"@id\":\"https:\\\/\\\/www.turismoitinerante.com\\\/site\\\/expo-2015-icam-protagonista-a-expo-milano-2015-tanti-appuntamenti-alla-scoperta-del-cacao\\\/#primaryimage\"},\"thumbnailUrl\":\"https:\\\/\\\/www.turismoitinerante.com\\\/site\\\/wp-content\\\/uploads\\\/2015\\\/05\\\/ICAM-E-KNAM.jpg\",\"datePublished\":\"2015-05-18T07:17:09+00:00\",\"dateModified\":\"2015-05-18T07:17:41+00:00\",\"author\":{\"@id\":\"https:\\\/\\\/www.turismoitinerante.com\\\/site\\\/#\\\/schema\\\/person\\\/1e1238d2d1617438f3682e54bf4d6c05\"},\"breadcrumb\":{\"@id\":\"https:\\\/\\\/www.turismoitinerante.com\\\/site\\\/expo-2015-icam-protagonista-a-expo-milano-2015-tanti-appuntamenti-alla-scoperta-del-cacao\\\/#breadcrumb\"},\"inLanguage\":\"it-IT\",\"potentialAction\":[{\"@type\":\"ReadAction\",\"target\":[\"https:\\\/\\\/www.turismoitinerante.com\\\/site\\\/expo-2015-icam-protagonista-a-expo-milano-2015-tanti-appuntamenti-alla-scoperta-del-cacao\\\/\"]}]},{\"@type\":\"ImageObject\",\"inLanguage\":\"it-IT\",\"@id\":\"https:\\\/\\\/www.turismoitinerante.com\\\/site\\\/expo-2015-icam-protagonista-a-expo-milano-2015-tanti-appuntamenti-alla-scoperta-del-cacao\\\/#primaryimage\",\"url\":\"https:\\\/\\\/www.turismoitinerante.com\\\/site\\\/wp-content\\\/uploads\\\/2015\\\/05\\\/ICAM-E-KNAM.jpg\",\"contentUrl\":\"https:\\\/\\\/www.turismoitinerante.com\\\/site\\\/wp-content\\\/uploads\\\/2015\\\/05\\\/ICAM-E-KNAM.jpg\",\"width\":400,\"height\":533},{\"@type\":\"BreadcrumbList\",\"@id\":\"https:\\\/\\\/www.turismoitinerante.com\\\/site\\\/expo-2015-icam-protagonista-a-expo-milano-2015-tanti-appuntamenti-alla-scoperta-del-cacao\\\/#breadcrumb\",\"itemListElement\":[{\"@type\":\"ListItem\",\"position\":1,\"name\":\"Home\",\"item\":\"https:\\\/\\\/www.turismoitinerante.com\\\/site\\\/\"},{\"@type\":\"ListItem\",\"position\":2,\"name\":\"EXPO 2015: Icam protagonista a EXPO Milano 2015: Tanti appuntamenti alla scoperta del cacao\"}]},{\"@type\":\"WebSite\",\"@id\":\"https:\\\/\\\/www.turismoitinerante.com\\\/site\\\/#website\",\"url\":\"https:\\\/\\\/www.turismoitinerante.com\\\/site\\\/\",\"name\":\"TI - Turismo Itinerante\",\"description\":\"Ritrovarsi su internet per informarsi, per informare. Il portale del turismo itinerante. Una infinit\u00e0 di notizie su camper, itinerari, aree sosta camper, concessionari, campeggi, agriturismo, raduni, sagre, fiere, mostre, associazioni, club, forum, bacheca annunci\",\"potentialAction\":[{\"@type\":\"SearchAction\",\"target\":{\"@type\":\"EntryPoint\",\"urlTemplate\":\"https:\\\/\\\/www.turismoitinerante.com\\\/site\\\/?s={search_term_string}\"},\"query-input\":{\"@type\":\"PropertyValueSpecification\",\"valueRequired\":true,\"valueName\":\"search_term_string\"}}],\"inLanguage\":\"it-IT\"},{\"@type\":\"Person\",\"@id\":\"https:\\\/\\\/www.turismoitinerante.com\\\/site\\\/#\\\/schema\\\/person\\\/1e1238d2d1617438f3682e54bf4d6c05\",\"name\":\"admin\",\"image\":{\"@type\":\"ImageObject\",\"inLanguage\":\"it-IT\",\"@id\":\"https:\\\/\\\/secure.gravatar.com\\\/avatar\\\/9102d8c23b35e2809b07ebc42ce126daa3d6a47cce9878a22d14d9852ade629e?s=96&d=mm&r=g\",\"url\":\"https:\\\/\\\/secure.gravatar.com\\\/avatar\\\/9102d8c23b35e2809b07ebc42ce126daa3d6a47cce9878a22d14d9852ade629e?s=96&d=mm&r=g\",\"contentUrl\":\"https:\\\/\\\/secure.gravatar.com\\\/avatar\\\/9102d8c23b35e2809b07ebc42ce126daa3d6a47cce9878a22d14d9852ade629e?s=96&d=mm&r=g\",\"caption\":\"admin\"},\"url\":\"https:\\\/\\\/www.turismoitinerante.com\\\/site\\\/author\\\/admin\\\/\"}]}<\/script>\n<!-- \/ Yoast SEO plugin. -->","yoast_head_json":{"title":"EXPO 2015: Icam protagonista a EXPO Milano 2015: Tanti appuntamenti alla scoperta del cacao - TI - Turismo Itinerante","robots":{"index":"index","follow":"follow","max-snippet":"max-snippet:-1","max-image-preview":"max-image-preview:large","max-video-preview":"max-video-preview:-1"},"canonical":"https:\/\/www.turismoitinerante.com\/site\/expo-2015-icam-protagonista-a-expo-milano-2015-tanti-appuntamenti-alla-scoperta-del-cacao\/","og_locale":"it_IT","og_type":"article","og_title":"EXPO 2015: Icam protagonista a EXPO Milano 2015: Tanti appuntamenti alla scoperta del cacao - TI - Turismo Itinerante","og_description":"ICAM, storica azienda cioccolatiera di Lecco, presenta il suo programma di appuntamenti all\u2019interno di Expo 2015, dedicati a tutti gli appassionati di cacao e cioccolato. Nel corso dei sei mesi dell\u2019esposizione universale, all\u2019interno del Cluster Cacao e Cioccolato \u2013 di cui Eurochocolate \u00e8 Official Content Provider del Cluster-\u00a0 si svolgeranno incontri e degustazioni che vedranno [&hellip;]","og_url":"https:\/\/www.turismoitinerante.com\/site\/expo-2015-icam-protagonista-a-expo-milano-2015-tanti-appuntamenti-alla-scoperta-del-cacao\/","og_site_name":"TI - Turismo Itinerante","article_published_time":"2015-05-18T07:17:09+00:00","article_modified_time":"2015-05-18T07:17:41+00:00","og_image":[{"width":400,"height":533,"url":"https:\/\/www.turismoitinerante.com\/site\/wp-content\/uploads\/2015\/05\/ICAM-E-KNAM.jpg","type":"image\/jpeg"}],"author":"admin","twitter_card":"summary_large_image","twitter_misc":{"Scritto da":"admin","Tempo di lettura stimato":"3 minuti"},"schema":{"@context":"https:\/\/schema.org","@graph":[{"@type":"Article","@id":"https:\/\/www.turismoitinerante.com\/site\/expo-2015-icam-protagonista-a-expo-milano-2015-tanti-appuntamenti-alla-scoperta-del-cacao\/#article","isPartOf":{"@id":"https:\/\/www.turismoitinerante.com\/site\/expo-2015-icam-protagonista-a-expo-milano-2015-tanti-appuntamenti-alla-scoperta-del-cacao\/"},"author":{"name":"admin","@id":"https:\/\/www.turismoitinerante.com\/site\/#\/schema\/person\/1e1238d2d1617438f3682e54bf4d6c05"},"headline":"EXPO 2015: Icam protagonista a EXPO Milano 2015: Tanti appuntamenti alla scoperta del cacao","datePublished":"2015-05-18T07:17:09+00:00","dateModified":"2015-05-18T07:17:41+00:00","mainEntityOfPage":{"@id":"https:\/\/www.turismoitinerante.com\/site\/expo-2015-icam-protagonista-a-expo-milano-2015-tanti-appuntamenti-alla-scoperta-del-cacao\/"},"wordCount":546,"image":{"@id":"https:\/\/www.turismoitinerante.com\/site\/expo-2015-icam-protagonista-a-expo-milano-2015-tanti-appuntamenti-alla-scoperta-del-cacao\/#primaryimage"},"thumbnailUrl":"https:\/\/www.turismoitinerante.com\/site\/wp-content\/uploads\/2015\/05\/ICAM-E-KNAM.jpg","articleSection":["Itinerari Gustosi"],"inLanguage":"it-IT"},{"@type":"WebPage","@id":"https:\/\/www.turismoitinerante.com\/site\/expo-2015-icam-protagonista-a-expo-milano-2015-tanti-appuntamenti-alla-scoperta-del-cacao\/","url":"https:\/\/www.turismoitinerante.com\/site\/expo-2015-icam-protagonista-a-expo-milano-2015-tanti-appuntamenti-alla-scoperta-del-cacao\/","name":"EXPO 2015: Icam protagonista a EXPO Milano 2015: Tanti appuntamenti alla scoperta del cacao - TI - Turismo Itinerante","isPartOf":{"@id":"https:\/\/www.turismoitinerante.com\/site\/#website"},"primaryImageOfPage":{"@id":"https:\/\/www.turismoitinerante.com\/site\/expo-2015-icam-protagonista-a-expo-milano-2015-tanti-appuntamenti-alla-scoperta-del-cacao\/#primaryimage"},"image":{"@id":"https:\/\/www.turismoitinerante.com\/site\/expo-2015-icam-protagonista-a-expo-milano-2015-tanti-appuntamenti-alla-scoperta-del-cacao\/#primaryimage"},"thumbnailUrl":"https:\/\/www.turismoitinerante.com\/site\/wp-content\/uploads\/2015\/05\/ICAM-E-KNAM.jpg","datePublished":"2015-05-18T07:17:09+00:00","dateModified":"2015-05-18T07:17:41+00:00","author":{"@id":"https:\/\/www.turismoitinerante.com\/site\/#\/schema\/person\/1e1238d2d1617438f3682e54bf4d6c05"},"breadcrumb":{"@id":"https:\/\/www.turismoitinerante.com\/site\/expo-2015-icam-protagonista-a-expo-milano-2015-tanti-appuntamenti-alla-scoperta-del-cacao\/#breadcrumb"},"inLanguage":"it-IT","potentialAction":[{"@type":"ReadAction","target":["https:\/\/www.turismoitinerante.com\/site\/expo-2015-icam-protagonista-a-expo-milano-2015-tanti-appuntamenti-alla-scoperta-del-cacao\/"]}]},{"@type":"ImageObject","inLanguage":"it-IT","@id":"https:\/\/www.turismoitinerante.com\/site\/expo-2015-icam-protagonista-a-expo-milano-2015-tanti-appuntamenti-alla-scoperta-del-cacao\/#primaryimage","url":"https:\/\/www.turismoitinerante.com\/site\/wp-content\/uploads\/2015\/05\/ICAM-E-KNAM.jpg","contentUrl":"https:\/\/www.turismoitinerante.com\/site\/wp-content\/uploads\/2015\/05\/ICAM-E-KNAM.jpg","width":400,"height":533},{"@type":"BreadcrumbList","@id":"https:\/\/www.turismoitinerante.com\/site\/expo-2015-icam-protagonista-a-expo-milano-2015-tanti-appuntamenti-alla-scoperta-del-cacao\/#breadcrumb","itemListElement":[{"@type":"ListItem","position":1,"name":"Home","item":"https:\/\/www.turismoitinerante.com\/site\/"},{"@type":"ListItem","position":2,"name":"EXPO 2015: Icam protagonista a EXPO Milano 2015: Tanti appuntamenti alla scoperta del cacao"}]},{"@type":"WebSite","@id":"https:\/\/www.turismoitinerante.com\/site\/#website","url":"https:\/\/www.turismoitinerante.com\/site\/","name":"TI - Turismo Itinerante","description":"Ritrovarsi su internet per informarsi, per informare. Il portale del turismo itinerante. Una infinit\u00e0 di notizie su camper, itinerari, aree sosta camper, concessionari, campeggi, agriturismo, raduni, sagre, fiere, mostre, associazioni, club, forum, bacheca annunci","potentialAction":[{"@type":"SearchAction","target":{"@type":"EntryPoint","urlTemplate":"https:\/\/www.turismoitinerante.com\/site\/?s={search_term_string}"},"query-input":{"@type":"PropertyValueSpecification","valueRequired":true,"valueName":"search_term_string"}}],"inLanguage":"it-IT"},{"@type":"Person","@id":"https:\/\/www.turismoitinerante.com\/site\/#\/schema\/person\/1e1238d2d1617438f3682e54bf4d6c05","name":"admin","image":{"@type":"ImageObject","inLanguage":"it-IT","@id":"https:\/\/secure.gravatar.com\/avatar\/9102d8c23b35e2809b07ebc42ce126daa3d6a47cce9878a22d14d9852ade629e?s=96&d=mm&r=g","url":"https:\/\/secure.gravatar.com\/avatar\/9102d8c23b35e2809b07ebc42ce126daa3d6a47cce9878a22d14d9852ade629e?s=96&d=mm&r=g","contentUrl":"https:\/\/secure.gravatar.com\/avatar\/9102d8c23b35e2809b07ebc42ce126daa3d6a47cce9878a22d14d9852ade629e?s=96&d=mm&r=g","caption":"admin"},"url":"https:\/\/www.turismoitinerante.com\/site\/author\/admin\/"}]}},"_links":{"self":[{"href":"https:\/\/www.turismoitinerante.com\/site\/wp-json\/wp\/v2\/posts\/31176","targetHints":{"allow":["GET"]}}],"collection":[{"href":"https:\/\/www.turismoitinerante.com\/site\/wp-json\/wp\/v2\/posts"}],"about":[{"href":"https:\/\/www.turismoitinerante.com\/site\/wp-json\/wp\/v2\/types\/post"}],"author":[{"embeddable":true,"href":"https:\/\/www.turismoitinerante.com\/site\/wp-json\/wp\/v2\/users\/1"}],"replies":[{"embeddable":true,"href":"https:\/\/www.turismoitinerante.com\/site\/wp-json\/wp\/v2\/comments?post=31176"}],"version-history":[{"count":1,"href":"https:\/\/www.turismoitinerante.com\/site\/wp-json\/wp\/v2\/posts\/31176\/revisions"}],"predecessor-version":[{"id":31178,"href":"https:\/\/www.turismoitinerante.com\/site\/wp-json\/wp\/v2\/posts\/31176\/revisions\/31178"}],"wp:featuredmedia":[{"embeddable":true,"href":"https:\/\/www.turismoitinerante.com\/site\/wp-json\/wp\/v2\/media\/31177"}],"wp:attachment":[{"href":"https:\/\/www.turismoitinerante.com\/site\/wp-json\/wp\/v2\/media?parent=31176"}],"wp:term":[{"taxonomy":"category","embeddable":true,"href":"https:\/\/www.turismoitinerante.com\/site\/wp-json\/wp\/v2\/categories?post=31176"},{"taxonomy":"post_tag","embeddable":true,"href":"https:\/\/www.turismoitinerante.com\/site\/wp-json\/wp\/v2\/tags?post=31176"}],"curies":[{"name":"wp","href":"https:\/\/api.w.org\/{rel}","templated":true}]}}