{"id":31095,"date":"2015-04-27T09:06:17","date_gmt":"2015-04-27T08:06:17","guid":{"rendered":"http:\/\/www.turismoitinerante.com\/site\/?p=31095"},"modified":"2015-05-06T08:51:47","modified_gmt":"2015-05-06T07:51:47","slug":"icc15expo-international-chef-cup-2015-litalia-e-il-mondo-si-incontrano-in-cucina","status":"publish","type":"post","link":"https:\/\/www.turismoitinerante.com\/site\/icc15expo-international-chef-cup-2015-litalia-e-il-mondo-si-incontrano-in-cucina\/","title":{"rendered":"EXPO 2015: #ICC15Expo International Chef Cup 2015: l\u2019Italia e il mondo si incontrano in cucina"},"content":{"rendered":"<p>La dieta mediterranea abbraccia le cucine dei paesi del mondo nella competizione culinaria internazionale organizzata da Eatart della scrittrice Rossella Canevari in collaborazione con La Terrazza di via Palestro. Otto coppie stellari \u2013 e stellate \u2013 per otto ricette innovative che si ispirano al tema centrale di Expo \u201cNutrire il pianeta, Energia per la vita\u201d.<\/p>\n<p><a href=\"http:\/\/www.turismoitinerante.com\/site\/wp-content\/uploads\/2015\/04\/chef-cup-SILVIO-GALIZZI.jpg\"><img decoding=\"async\" class=\"aligncenter size-full wp-image-31096\" alt=\"chef cup SILVIO GALIZZI\" src=\"http:\/\/www.turismoitinerante.com\/site\/wp-content\/uploads\/2015\/04\/chef-cup-SILVIO-GALIZZI.jpg\" width=\"660\" height=\"439\" srcset=\"https:\/\/www.turismoitinerante.com\/site\/wp-content\/uploads\/2015\/04\/chef-cup-SILVIO-GALIZZI.jpg 660w, https:\/\/www.turismoitinerante.com\/site\/wp-content\/uploads\/2015\/04\/chef-cup-SILVIO-GALIZZI-300x199.jpg 300w, https:\/\/www.turismoitinerante.com\/site\/wp-content\/uploads\/2015\/04\/chef-cup-SILVIO-GALIZZI-400x266.jpg 400w\" sizes=\"(max-width: 660px) 100vw, 660px\" \/><\/a><\/p>\n<p>Mentre oltre sessanta nazioni si apprestano a mettere in vetrina le rispettive culture alimentari nei padiglioni di Expo, prende il via #ICC15Expo \u2013 INTERNATIONAL CHEF CUP 2015 con una speciale formula che mette a confronto la tradizione culinaria italiana con quelle di otto paesi diversi attraverso una serie di sfide tra coppie di chef in uno spettacolare show cooking.<\/p>\n<p>In ognuna delle otto serate, nella piacevole cornice de La Terrazza di Via Palestro, uno chef stellato italiano e uno internazionale lavoreranno fianco a fianco per creare una ricetta unica che sia il risultato di una contaminazione tra le identit\u00e0 gastronomiche dei due paesi di provenienza. Tassativo l\u2019uso di materie prime naturali e sostenibili, nel rispetto del tema dell\u2019Esposizione Universale e delle sue parole chiave, dal risparmio energetico al rispetto dell\u2019ambiente e delle risorse naturali.<\/p>\n<p>I piatti saranno degustati da un pubblico di food lovers e valutati da una giuria di esperti, composta da tre giudici fissi \u2013 la nutrizionista Evelina Flachi, la giornalista Cristina Vigg\u00e8 e l\u2019attore e drammaturgo Massimiliano Finazzer Flory \u2013 accanto ai quali si alterneranno due giurati diversi per ognuna delle date in calendario, secondo cinque criteri: aderenza al tema, complicit\u00e0 di coppia, presentazione, bont\u00e0 del piatto e food cost. Una nona tappa, la finale, vedr\u00e0 contrapposte le due coppie pi\u00f9 votate e decreter\u00e0 la ricetta vincitrice.<\/p>\n<p>INTERNATIONAL CHEF CUP 2015 si propone come un\u2019iniziativa unica che, attraverso una serie di appuntamenti esclusivi ma al tempo stesso accessibili, permette l\u2019incontro tra le \u00e9lite della gastronomia e un pubblico appassionato. In un\u2019atmosfera conviviale, ospiti e giurati degusteranno le creazioni culinarie proposte dalle coppie di chef, accompagnate da appetitosi finger food preparati dallo Chef Siro, Chef Resident della location, coadiuvato dagli Chef Marco Marra e Stefano Piccinini, e abbinate a una selezione di vini forniti dagli sponsor.<\/p>\n<p>Le prime quattro tappe vedranno coinvolti Svizzera, Francia, Thailandia e Giappone. Si parte il 18 maggio con un inedito binomio italo-svizzero, composto da Iside de Cesare, del ristorante La Parolina di Trevinano (VT) e da Silvio Galizzi del Seven di Lugano, che elaborer\u00e0 una ricetta emblematica dell\u2019incontro tra Alpi e Mediterraneo. Nel corso della seconda serata, il 9 giugno, si realizzer\u00e0 l\u2019incontro tra la gastronomia italiana<\/p>\n<p>e il savoir-faire francese, con gli chef Stefano Cerveni, del ristorante Due Colombe di Rovato (BS) e Julien Machet, che dirige Le Far\u00e7on, nella prestigiosa localit\u00e0 sciistica di La Tania\/Courchevel, mentre le tappe successive, il 23 giugno e il 13 luglio, celebreranno i sapori dell\u2019Oriente, dalla Thailandia al Giappone. Isa Mazzocchi (La Palta, Piacenza) e Prin Polsuk (Naham, Bangkok) daranno vita a un inconsueto tandem emiliano-thailandese. A Luciano Monosilio (Pipero al Rex, Roma) e a Haruo Ichikawa (Iyo, Milano) spetter\u00e0 il compito di fondere i sapori del paese del Sol Levante con quelli della tradizione culinaria italiana.\u00a0 La manifestazione seguir\u00e0 e accompagner\u00e0 lo svolgimento di Expo fino all\u20198 ottobre, quando le prime due coppie in classifica si affronteranno in un testa a testa e una sola coppia salir\u00e0 sul podio.<\/p>\n<p>La manifestazione \u00e8 organizzata da EATART, associazione senza scopo di lucro che si propone di aiutare e promuovere talenti artistici in differenti campi della cultura e della gastronomia, con all\u2019attivo l\u2019organizzazione di eventi food molto seguiti, come per esempio le tre edizioni della competizione IMAF CHEFS CUP (2013-2014-2015), e da La Terrazza di Via Palestro, ristorante e location per eventi al quarto piano del Centro Svizzero di Milano, che domina la citt\u00e0 con la sua terrazza panoramica.<\/p>\n<p>#ICC15Expo \u00e8 resa possibile grazie al sostegno di Villeroy &amp; Boch e Broggi (che premieranno i vincitori), Segafredo Zanetti, Badoit e Evian, Il Mosnel Franciacorta, Zorzettig vini (My\u00f2), e si avvale della media partnership del quotidiano online Affaritaliani.it.<\/p>\n<p>INTERNATIONAL CHEF CUP 2015 \u2013 PRIMI 4 APPUNTAMENTI:<\/p>\n<p>Luned\u00ec 18 maggio \u2013 Iside de Cesare (La Parolina, Trevinano) e Silvio Galizzi (Seven, Lugano)<\/p>\n<p>Marted\u00ec 9 giugno \u2013 Stefano Cerveni (Due Colombe, Rovato) e Julien Machet (Le Far\u00e7on, La Tania)<\/p>\n<p>Marted\u00ec 23 giugno \u2013 Isa Mazzocchi (La Palta, Piacenza) e Prin Polsuk (Naham, Bangkok)<\/p>\n<p>Luned\u00ec 13 luglio \u2013 Luciano Monosilio (Pipero al Rex, Roma) e Haruo Ichikawa (Iyo, Milano)<\/p>\n<p>La Terrazza di via Palestro &#8211; Centro Svizzero, 4\u00b0 piano &#8211; Via Palestro, 2 &#8211; 20121 Milano &#8211; T 02 76028316<\/p>\n<p>Orario: dalle 19.30<\/p>\n<p>Ingresso: euro 20<\/p>\n<p><a href=\"http:\/\/www.laterrazzadiviapalestro.com\/\">www.laterrazzadiviapalestro.com<\/a><\/p>\n<p>Testo di\u00a0Franca D.Scotti<\/p>\n<div class=\"7863122cad8776726ec303240ed69aa5\" data-index=\"4\" style=\"float: none; margin:10px 0 10px 0; text-align:center;\">\n<script async src=\"\/\/pagead2.googlesyndication.com\/pagead\/js\/adsbygoogle.js\"><\/script>\r\n<!-- 728x90, creato 23\/02\/11 -->\r\n<ins class=\"adsbygoogle\"\r\n     style=\"display:inline-block;width:728px;height:90px\"\r\n     data-ad-client=\"ca-pub-5798583071070083\"\r\n     data-ad-slot=\"5935394872\"><\/ins>\r\n<script>\r\n(adsbygoogle = window.adsbygoogle || []).push({});\r\n<\/script>\n<\/div>\n\n<div style=\"font-size: 0px; height: 0px; line-height: 0px; margin: 0; padding: 0; clear: both;\"><\/div>","protected":false},"excerpt":{"rendered":"<p>La dieta mediterranea abbraccia le cucine dei paesi del mondo nella competizione culinaria internazionale organizzata da Eatart della scrittrice Rossella Canevari in collaborazione con La Terrazza di via Palestro. Otto coppie stellari \u2013 e stellate \u2013 per otto ricette innovative che si ispirano al tema centrale di Expo \u201cNutrire il pianeta, Energia per la vita\u201d. [&hellip;]<\/p>\n","protected":false},"author":1,"featured_media":31096,"comment_status":"closed","ping_status":"open","sticky":false,"template":"","format":"standard","meta":{"ngg_post_thumbnail":0,"jnews-multi-image_gallery":[],"jnews_single_post":[],"jnews_primary_category":[],"jnews_override_counter":[],"footnotes":""},"categories":[643],"tags":[],"class_list":["post-31095","post","type-post","status-publish","format-standard","has-post-thumbnail","hentry","category-itinerari-gustosi"],"yoast_head":"<!-- This site is optimized with the Yoast SEO plugin v27.4 - https:\/\/yoast.com\/product\/yoast-seo-wordpress\/ -->\n<title>EXPO 2015: #ICC15Expo International Chef Cup 2015: l\u2019Italia e il mondo si incontrano in cucina - TI - Turismo Itinerante<\/title>\n<meta name=\"robots\" content=\"index, follow, max-snippet:-1, max-image-preview:large, max-video-preview:-1\" \/>\n<link rel=\"canonical\" href=\"https:\/\/www.turismoitinerante.com\/site\/icc15expo-international-chef-cup-2015-litalia-e-il-mondo-si-incontrano-in-cucina\/\" \/>\n<meta property=\"og:locale\" content=\"it_IT\" \/>\n<meta property=\"og:type\" content=\"article\" \/>\n<meta property=\"og:title\" content=\"EXPO 2015: #ICC15Expo International Chef Cup 2015: l\u2019Italia e il mondo si incontrano in cucina - TI - Turismo Itinerante\" \/>\n<meta property=\"og:description\" content=\"La dieta mediterranea abbraccia le cucine dei paesi del mondo nella competizione culinaria internazionale organizzata da Eatart della scrittrice Rossella Canevari in collaborazione con La Terrazza di via Palestro. Otto coppie stellari \u2013 e stellate \u2013 per otto ricette innovative che si ispirano al tema centrale di Expo \u201cNutrire il pianeta, Energia per la vita\u201d. [&hellip;]\" \/>\n<meta property=\"og:url\" content=\"https:\/\/www.turismoitinerante.com\/site\/icc15expo-international-chef-cup-2015-litalia-e-il-mondo-si-incontrano-in-cucina\/\" \/>\n<meta property=\"og:site_name\" content=\"TI - Turismo Itinerante\" \/>\n<meta property=\"article:published_time\" content=\"2015-04-27T08:06:17+00:00\" \/>\n<meta property=\"article:modified_time\" content=\"2015-05-06T07:51:47+00:00\" \/>\n<meta property=\"og:image\" content=\"https:\/\/www.turismoitinerante.com\/site\/wp-content\/uploads\/2015\/04\/chef-cup-SILVIO-GALIZZI.jpg\" \/>\n\t<meta property=\"og:image:width\" content=\"660\" \/>\n\t<meta property=\"og:image:height\" content=\"439\" \/>\n\t<meta property=\"og:image:type\" content=\"image\/jpeg\" \/>\n<meta name=\"author\" content=\"admin\" \/>\n<meta name=\"twitter:card\" content=\"summary_large_image\" \/>\n<meta name=\"twitter:label1\" content=\"Scritto da\" \/>\n\t<meta name=\"twitter:data1\" content=\"admin\" \/>\n\t<meta name=\"twitter:label2\" content=\"Tempo di lettura stimato\" \/>\n\t<meta name=\"twitter:data2\" content=\"4 minuti\" \/>\n<script type=\"application\/ld+json\" class=\"yoast-schema-graph\">{\"@context\":\"https:\\\/\\\/schema.org\",\"@graph\":[{\"@type\":\"Article\",\"@id\":\"https:\\\/\\\/www.turismoitinerante.com\\\/site\\\/icc15expo-international-chef-cup-2015-litalia-e-il-mondo-si-incontrano-in-cucina\\\/#article\",\"isPartOf\":{\"@id\":\"https:\\\/\\\/www.turismoitinerante.com\\\/site\\\/icc15expo-international-chef-cup-2015-litalia-e-il-mondo-si-incontrano-in-cucina\\\/\"},\"author\":{\"name\":\"admin\",\"@id\":\"https:\\\/\\\/www.turismoitinerante.com\\\/site\\\/#\\\/schema\\\/person\\\/1e1238d2d1617438f3682e54bf4d6c05\"},\"headline\":\"EXPO 2015: #ICC15Expo International Chef Cup 2015: l\u2019Italia e il mondo si incontrano in cucina\",\"datePublished\":\"2015-04-27T08:06:17+00:00\",\"dateModified\":\"2015-05-06T07:51:47+00:00\",\"mainEntityOfPage\":{\"@id\":\"https:\\\/\\\/www.turismoitinerante.com\\\/site\\\/icc15expo-international-chef-cup-2015-litalia-e-il-mondo-si-incontrano-in-cucina\\\/\"},\"wordCount\":770,\"image\":{\"@id\":\"https:\\\/\\\/www.turismoitinerante.com\\\/site\\\/icc15expo-international-chef-cup-2015-litalia-e-il-mondo-si-incontrano-in-cucina\\\/#primaryimage\"},\"thumbnailUrl\":\"https:\\\/\\\/www.turismoitinerante.com\\\/site\\\/wp-content\\\/uploads\\\/2015\\\/04\\\/chef-cup-SILVIO-GALIZZI.jpg\",\"articleSection\":[\"Itinerari Gustosi\"],\"inLanguage\":\"it-IT\"},{\"@type\":\"WebPage\",\"@id\":\"https:\\\/\\\/www.turismoitinerante.com\\\/site\\\/icc15expo-international-chef-cup-2015-litalia-e-il-mondo-si-incontrano-in-cucina\\\/\",\"url\":\"https:\\\/\\\/www.turismoitinerante.com\\\/site\\\/icc15expo-international-chef-cup-2015-litalia-e-il-mondo-si-incontrano-in-cucina\\\/\",\"name\":\"EXPO 2015: #ICC15Expo International Chef Cup 2015: l\u2019Italia e il mondo si incontrano in cucina - TI - Turismo Itinerante\",\"isPartOf\":{\"@id\":\"https:\\\/\\\/www.turismoitinerante.com\\\/site\\\/#website\"},\"primaryImageOfPage\":{\"@id\":\"https:\\\/\\\/www.turismoitinerante.com\\\/site\\\/icc15expo-international-chef-cup-2015-litalia-e-il-mondo-si-incontrano-in-cucina\\\/#primaryimage\"},\"image\":{\"@id\":\"https:\\\/\\\/www.turismoitinerante.com\\\/site\\\/icc15expo-international-chef-cup-2015-litalia-e-il-mondo-si-incontrano-in-cucina\\\/#primaryimage\"},\"thumbnailUrl\":\"https:\\\/\\\/www.turismoitinerante.com\\\/site\\\/wp-content\\\/uploads\\\/2015\\\/04\\\/chef-cup-SILVIO-GALIZZI.jpg\",\"datePublished\":\"2015-04-27T08:06:17+00:00\",\"dateModified\":\"2015-05-06T07:51:47+00:00\",\"author\":{\"@id\":\"https:\\\/\\\/www.turismoitinerante.com\\\/site\\\/#\\\/schema\\\/person\\\/1e1238d2d1617438f3682e54bf4d6c05\"},\"breadcrumb\":{\"@id\":\"https:\\\/\\\/www.turismoitinerante.com\\\/site\\\/icc15expo-international-chef-cup-2015-litalia-e-il-mondo-si-incontrano-in-cucina\\\/#breadcrumb\"},\"inLanguage\":\"it-IT\",\"potentialAction\":[{\"@type\":\"ReadAction\",\"target\":[\"https:\\\/\\\/www.turismoitinerante.com\\\/site\\\/icc15expo-international-chef-cup-2015-litalia-e-il-mondo-si-incontrano-in-cucina\\\/\"]}]},{\"@type\":\"ImageObject\",\"inLanguage\":\"it-IT\",\"@id\":\"https:\\\/\\\/www.turismoitinerante.com\\\/site\\\/icc15expo-international-chef-cup-2015-litalia-e-il-mondo-si-incontrano-in-cucina\\\/#primaryimage\",\"url\":\"https:\\\/\\\/www.turismoitinerante.com\\\/site\\\/wp-content\\\/uploads\\\/2015\\\/04\\\/chef-cup-SILVIO-GALIZZI.jpg\",\"contentUrl\":\"https:\\\/\\\/www.turismoitinerante.com\\\/site\\\/wp-content\\\/uploads\\\/2015\\\/04\\\/chef-cup-SILVIO-GALIZZI.jpg\",\"width\":660,\"height\":439},{\"@type\":\"BreadcrumbList\",\"@id\":\"https:\\\/\\\/www.turismoitinerante.com\\\/site\\\/icc15expo-international-chef-cup-2015-litalia-e-il-mondo-si-incontrano-in-cucina\\\/#breadcrumb\",\"itemListElement\":[{\"@type\":\"ListItem\",\"position\":1,\"name\":\"Home\",\"item\":\"https:\\\/\\\/www.turismoitinerante.com\\\/site\\\/\"},{\"@type\":\"ListItem\",\"position\":2,\"name\":\"EXPO 2015: #ICC15Expo International Chef Cup 2015: l\u2019Italia e il mondo si incontrano in cucina\"}]},{\"@type\":\"WebSite\",\"@id\":\"https:\\\/\\\/www.turismoitinerante.com\\\/site\\\/#website\",\"url\":\"https:\\\/\\\/www.turismoitinerante.com\\\/site\\\/\",\"name\":\"TI - Turismo Itinerante\",\"description\":\"Ritrovarsi su internet per informarsi, per informare. Il portale del turismo itinerante. Una infinit\u00e0 di notizie su camper, itinerari, aree sosta camper, concessionari, campeggi, agriturismo, raduni, sagre, fiere, mostre, associazioni, club, forum, bacheca annunci\",\"potentialAction\":[{\"@type\":\"SearchAction\",\"target\":{\"@type\":\"EntryPoint\",\"urlTemplate\":\"https:\\\/\\\/www.turismoitinerante.com\\\/site\\\/?s={search_term_string}\"},\"query-input\":{\"@type\":\"PropertyValueSpecification\",\"valueRequired\":true,\"valueName\":\"search_term_string\"}}],\"inLanguage\":\"it-IT\"},{\"@type\":\"Person\",\"@id\":\"https:\\\/\\\/www.turismoitinerante.com\\\/site\\\/#\\\/schema\\\/person\\\/1e1238d2d1617438f3682e54bf4d6c05\",\"name\":\"admin\",\"image\":{\"@type\":\"ImageObject\",\"inLanguage\":\"it-IT\",\"@id\":\"https:\\\/\\\/secure.gravatar.com\\\/avatar\\\/9102d8c23b35e2809b07ebc42ce126daa3d6a47cce9878a22d14d9852ade629e?s=96&d=mm&r=g\",\"url\":\"https:\\\/\\\/secure.gravatar.com\\\/avatar\\\/9102d8c23b35e2809b07ebc42ce126daa3d6a47cce9878a22d14d9852ade629e?s=96&d=mm&r=g\",\"contentUrl\":\"https:\\\/\\\/secure.gravatar.com\\\/avatar\\\/9102d8c23b35e2809b07ebc42ce126daa3d6a47cce9878a22d14d9852ade629e?s=96&d=mm&r=g\",\"caption\":\"admin\"},\"url\":\"https:\\\/\\\/www.turismoitinerante.com\\\/site\\\/author\\\/admin\\\/\"}]}<\/script>\n<!-- \/ Yoast SEO plugin. -->","yoast_head_json":{"title":"EXPO 2015: #ICC15Expo International Chef Cup 2015: l\u2019Italia e il mondo si incontrano in cucina - TI - Turismo Itinerante","robots":{"index":"index","follow":"follow","max-snippet":"max-snippet:-1","max-image-preview":"max-image-preview:large","max-video-preview":"max-video-preview:-1"},"canonical":"https:\/\/www.turismoitinerante.com\/site\/icc15expo-international-chef-cup-2015-litalia-e-il-mondo-si-incontrano-in-cucina\/","og_locale":"it_IT","og_type":"article","og_title":"EXPO 2015: #ICC15Expo International Chef Cup 2015: l\u2019Italia e il mondo si incontrano in cucina - TI - Turismo Itinerante","og_description":"La dieta mediterranea abbraccia le cucine dei paesi del mondo nella competizione culinaria internazionale organizzata da Eatart della scrittrice Rossella Canevari in collaborazione con La Terrazza di via Palestro. Otto coppie stellari \u2013 e stellate \u2013 per otto ricette innovative che si ispirano al tema centrale di Expo \u201cNutrire il pianeta, Energia per la vita\u201d. [&hellip;]","og_url":"https:\/\/www.turismoitinerante.com\/site\/icc15expo-international-chef-cup-2015-litalia-e-il-mondo-si-incontrano-in-cucina\/","og_site_name":"TI - Turismo Itinerante","article_published_time":"2015-04-27T08:06:17+00:00","article_modified_time":"2015-05-06T07:51:47+00:00","og_image":[{"width":660,"height":439,"url":"https:\/\/www.turismoitinerante.com\/site\/wp-content\/uploads\/2015\/04\/chef-cup-SILVIO-GALIZZI.jpg","type":"image\/jpeg"}],"author":"admin","twitter_card":"summary_large_image","twitter_misc":{"Scritto da":"admin","Tempo di lettura stimato":"4 minuti"},"schema":{"@context":"https:\/\/schema.org","@graph":[{"@type":"Article","@id":"https:\/\/www.turismoitinerante.com\/site\/icc15expo-international-chef-cup-2015-litalia-e-il-mondo-si-incontrano-in-cucina\/#article","isPartOf":{"@id":"https:\/\/www.turismoitinerante.com\/site\/icc15expo-international-chef-cup-2015-litalia-e-il-mondo-si-incontrano-in-cucina\/"},"author":{"name":"admin","@id":"https:\/\/www.turismoitinerante.com\/site\/#\/schema\/person\/1e1238d2d1617438f3682e54bf4d6c05"},"headline":"EXPO 2015: #ICC15Expo International Chef Cup 2015: l\u2019Italia e il mondo si incontrano in cucina","datePublished":"2015-04-27T08:06:17+00:00","dateModified":"2015-05-06T07:51:47+00:00","mainEntityOfPage":{"@id":"https:\/\/www.turismoitinerante.com\/site\/icc15expo-international-chef-cup-2015-litalia-e-il-mondo-si-incontrano-in-cucina\/"},"wordCount":770,"image":{"@id":"https:\/\/www.turismoitinerante.com\/site\/icc15expo-international-chef-cup-2015-litalia-e-il-mondo-si-incontrano-in-cucina\/#primaryimage"},"thumbnailUrl":"https:\/\/www.turismoitinerante.com\/site\/wp-content\/uploads\/2015\/04\/chef-cup-SILVIO-GALIZZI.jpg","articleSection":["Itinerari Gustosi"],"inLanguage":"it-IT"},{"@type":"WebPage","@id":"https:\/\/www.turismoitinerante.com\/site\/icc15expo-international-chef-cup-2015-litalia-e-il-mondo-si-incontrano-in-cucina\/","url":"https:\/\/www.turismoitinerante.com\/site\/icc15expo-international-chef-cup-2015-litalia-e-il-mondo-si-incontrano-in-cucina\/","name":"EXPO 2015: #ICC15Expo International Chef Cup 2015: l\u2019Italia e il mondo si incontrano in cucina - TI - Turismo Itinerante","isPartOf":{"@id":"https:\/\/www.turismoitinerante.com\/site\/#website"},"primaryImageOfPage":{"@id":"https:\/\/www.turismoitinerante.com\/site\/icc15expo-international-chef-cup-2015-litalia-e-il-mondo-si-incontrano-in-cucina\/#primaryimage"},"image":{"@id":"https:\/\/www.turismoitinerante.com\/site\/icc15expo-international-chef-cup-2015-litalia-e-il-mondo-si-incontrano-in-cucina\/#primaryimage"},"thumbnailUrl":"https:\/\/www.turismoitinerante.com\/site\/wp-content\/uploads\/2015\/04\/chef-cup-SILVIO-GALIZZI.jpg","datePublished":"2015-04-27T08:06:17+00:00","dateModified":"2015-05-06T07:51:47+00:00","author":{"@id":"https:\/\/www.turismoitinerante.com\/site\/#\/schema\/person\/1e1238d2d1617438f3682e54bf4d6c05"},"breadcrumb":{"@id":"https:\/\/www.turismoitinerante.com\/site\/icc15expo-international-chef-cup-2015-litalia-e-il-mondo-si-incontrano-in-cucina\/#breadcrumb"},"inLanguage":"it-IT","potentialAction":[{"@type":"ReadAction","target":["https:\/\/www.turismoitinerante.com\/site\/icc15expo-international-chef-cup-2015-litalia-e-il-mondo-si-incontrano-in-cucina\/"]}]},{"@type":"ImageObject","inLanguage":"it-IT","@id":"https:\/\/www.turismoitinerante.com\/site\/icc15expo-international-chef-cup-2015-litalia-e-il-mondo-si-incontrano-in-cucina\/#primaryimage","url":"https:\/\/www.turismoitinerante.com\/site\/wp-content\/uploads\/2015\/04\/chef-cup-SILVIO-GALIZZI.jpg","contentUrl":"https:\/\/www.turismoitinerante.com\/site\/wp-content\/uploads\/2015\/04\/chef-cup-SILVIO-GALIZZI.jpg","width":660,"height":439},{"@type":"BreadcrumbList","@id":"https:\/\/www.turismoitinerante.com\/site\/icc15expo-international-chef-cup-2015-litalia-e-il-mondo-si-incontrano-in-cucina\/#breadcrumb","itemListElement":[{"@type":"ListItem","position":1,"name":"Home","item":"https:\/\/www.turismoitinerante.com\/site\/"},{"@type":"ListItem","position":2,"name":"EXPO 2015: #ICC15Expo International Chef Cup 2015: l\u2019Italia e il mondo si incontrano in cucina"}]},{"@type":"WebSite","@id":"https:\/\/www.turismoitinerante.com\/site\/#website","url":"https:\/\/www.turismoitinerante.com\/site\/","name":"TI - Turismo Itinerante","description":"Ritrovarsi su internet per informarsi, per informare. Il portale del turismo itinerante. Una infinit\u00e0 di notizie su camper, itinerari, aree sosta camper, concessionari, campeggi, agriturismo, raduni, sagre, fiere, mostre, associazioni, club, forum, bacheca annunci","potentialAction":[{"@type":"SearchAction","target":{"@type":"EntryPoint","urlTemplate":"https:\/\/www.turismoitinerante.com\/site\/?s={search_term_string}"},"query-input":{"@type":"PropertyValueSpecification","valueRequired":true,"valueName":"search_term_string"}}],"inLanguage":"it-IT"},{"@type":"Person","@id":"https:\/\/www.turismoitinerante.com\/site\/#\/schema\/person\/1e1238d2d1617438f3682e54bf4d6c05","name":"admin","image":{"@type":"ImageObject","inLanguage":"it-IT","@id":"https:\/\/secure.gravatar.com\/avatar\/9102d8c23b35e2809b07ebc42ce126daa3d6a47cce9878a22d14d9852ade629e?s=96&d=mm&r=g","url":"https:\/\/secure.gravatar.com\/avatar\/9102d8c23b35e2809b07ebc42ce126daa3d6a47cce9878a22d14d9852ade629e?s=96&d=mm&r=g","contentUrl":"https:\/\/secure.gravatar.com\/avatar\/9102d8c23b35e2809b07ebc42ce126daa3d6a47cce9878a22d14d9852ade629e?s=96&d=mm&r=g","caption":"admin"},"url":"https:\/\/www.turismoitinerante.com\/site\/author\/admin\/"}]}},"_links":{"self":[{"href":"https:\/\/www.turismoitinerante.com\/site\/wp-json\/wp\/v2\/posts\/31095","targetHints":{"allow":["GET"]}}],"collection":[{"href":"https:\/\/www.turismoitinerante.com\/site\/wp-json\/wp\/v2\/posts"}],"about":[{"href":"https:\/\/www.turismoitinerante.com\/site\/wp-json\/wp\/v2\/types\/post"}],"author":[{"embeddable":true,"href":"https:\/\/www.turismoitinerante.com\/site\/wp-json\/wp\/v2\/users\/1"}],"replies":[{"embeddable":true,"href":"https:\/\/www.turismoitinerante.com\/site\/wp-json\/wp\/v2\/comments?post=31095"}],"version-history":[{"count":2,"href":"https:\/\/www.turismoitinerante.com\/site\/wp-json\/wp\/v2\/posts\/31095\/revisions"}],"predecessor-version":[{"id":31130,"href":"https:\/\/www.turismoitinerante.com\/site\/wp-json\/wp\/v2\/posts\/31095\/revisions\/31130"}],"wp:featuredmedia":[{"embeddable":true,"href":"https:\/\/www.turismoitinerante.com\/site\/wp-json\/wp\/v2\/media\/31096"}],"wp:attachment":[{"href":"https:\/\/www.turismoitinerante.com\/site\/wp-json\/wp\/v2\/media?parent=31095"}],"wp:term":[{"taxonomy":"category","embeddable":true,"href":"https:\/\/www.turismoitinerante.com\/site\/wp-json\/wp\/v2\/categories?post=31095"},{"taxonomy":"post_tag","embeddable":true,"href":"https:\/\/www.turismoitinerante.com\/site\/wp-json\/wp\/v2\/tags?post=31095"}],"curies":[{"name":"wp","href":"https:\/\/api.w.org\/{rel}","templated":true}]}}