{"id":30730,"date":"2015-02-26T10:02:55","date_gmt":"2015-02-26T09:02:55","guid":{"rendered":"http:\/\/www.turismoitinerante.com\/site\/?p=30730"},"modified":"2015-02-26T10:02:55","modified_gmt":"2015-02-26T09:02:55","slug":"si-inaugura-larabesque-cafe-il-sapore-di-milano-a-milano","status":"publish","type":"post","link":"https:\/\/www.turismoitinerante.com\/site\/si-inaugura-larabesque-cafe-il-sapore-di-milano-a-milano\/","title":{"rendered":"Si inaugura l&#8217;Arabesque Caf\u00e9:  Il sapore di Milano a Milano"},"content":{"rendered":"<p><strong>Nasce a Milano un posto unico e raro dove \u00e8 possibile respirare e assaporare la Milano di una volta.\u00a0I veri sapori\u00a0 della cucina milanese della tradizione uniti all&#8217;atmosfera, al mooda e al design che hanno reso famosa la citt\u00e0 di Milano negli anni &#8217;50 e &#8217;60.<\/strong><\/p>\n<p><a href=\"http:\/\/www.turismoitinerante.com\/site\/wp-content\/uploads\/2015\/02\/arabesque-_01B4221.jpg\"><img decoding=\"async\" class=\"aligncenter size-full wp-image-30732\" alt=\"arabesque _01B4221\" src=\"http:\/\/www.turismoitinerante.com\/site\/wp-content\/uploads\/2015\/02\/arabesque-_01B4221.jpg\" width=\"660\" height=\"439\" srcset=\"https:\/\/www.turismoitinerante.com\/site\/wp-content\/uploads\/2015\/02\/arabesque-_01B4221.jpg 660w, https:\/\/www.turismoitinerante.com\/site\/wp-content\/uploads\/2015\/02\/arabesque-_01B4221-300x199.jpg 300w, https:\/\/www.turismoitinerante.com\/site\/wp-content\/uploads\/2015\/02\/arabesque-_01B4221-400x266.jpg 400w\" sizes=\"(max-width: 660px) 100vw, 660px\" \/><\/a><\/p>\n<p>Il tutto in un unico luogo :l&#8217;<strong>arabesque caf\u00e9<\/strong><\/p>\n<p>L&#8217;arabesque caf\u00e9 \u00e8 un nuovo punto d&#8217;incontro dalle molteplici anime: unraffinato ristorante, un caff\u00e8 letterario, un luogo di design, un salotto con angolo libreria dove poter acquistare una particolare selezione di\u00a0 libri d&#8217;immagine.<\/p>\n<p><strong>IL CONCEPT<\/strong><\/p>\n<p>\u201cL\u2019ARABESQUE CAFE\u2019\u201d \u00e8 il completamento di un\u2019idea della sua creatrice Chichi Meroni: il CULT STORE \u201cl\u2019arabesque\u201d.<\/p>\n<p>Il ristorante si inserisce infatti accanto agli spazi dedicati alla moda e al design gi\u00e0 esistenti e creati da Chichi qualche anno fa. Luoghi di rara bellezza dove chi entra si ritrova proiettato nella Milano degli anni &#8217;50, circondato da abiti, accessori, oggetti e profumi sofisticati e allo stesso tempo unici.<\/p>\n<p>Quella di Chichi Meroni \u00e8 una storia personale affascinante e creativa, che influenza e caratterizza ogni dettaglio dei suoi spazi; figlia d&#8217;arte, infatti, fin da ragazza ha frequentato le personalit\u00e0 pi\u00f9 creative e gli intellettuali pi\u00f9 brillanti della Milano degli anni &#8217;50 e &#8217;60.<\/p>\n<p><strong>IL RISTORANTE<\/strong><\/p>\n<p>Nel 1999 Chichi Meroni pubblica un libro, per quegli anni unico e meraviglioso: C&#8217;era una volta a Tavola, una raccolta di immagini e ricette che raccontano la cucina della tradizione familiare attraverso una ricerca estetica elegante e raffinata.<\/p>\n<p>Da questo libro e dalla sua storia nasce \u201cl&#8217;arabesque caf\u00e9\u201d , del quale \u00e8 responsabile uno dei figli, Leopoldo Meroni.<\/p>\n<p><strong>LA CUCINA<\/strong><\/p>\n<p>Chef executive Luciano Tona<\/p>\n<p>Chef Tania Ghedini<\/p>\n<p>La cucina si\u00a0 ispira ai piatti tipici milanesi, al territorio lombardo e ai suoi prodotti, ritrovati\u00a0 con gli occhi e la maestria del 2015 e\u00a0 rivisitati in chiave moderna in fatto di leggerezza, senza nulla togliere al gusto e ai sapori di una volta, spesso dimenticati.<\/p>\n<p>I menu traggono ispirazione anche dal libro di Chichi Meroni pubblicato nel 1999.<\/p>\n<p>Particolare attenzione \u00e8 dedicata alla ricerca delle materie prime, tutte volutamente provenienti dalla Lombardia; come il pesce di acqua dolce, per il quale \u00e8 stata riservata un&#8217;attenta cura al fine di farne riscoprire i sapori e le particolarit\u00e0 uniche.<\/p>\n<p>Lo chef ama paragonare l&#8217;arabesque caf\u00e9 ad un cerchio il cui fulcro \u00e8 Milano con tutta la sua storia e i suoi sapori, intorno si diramano i raggi delle specialit\u00e0 lombarde spesso dimenticate, dei piatti vegetariano vegani per soddisfare anche le tendenze pi\u00f9 attuali, delle nicchie gastronomiche che neanche i milanesi ricordano, dei vini sempre del territorio e delle materie prime a km 0.<\/p>\n<p>La carta dei vini<\/p>\n<p>L&#8217;offerta dei vini \u00e8 ricercata e pur non essendo molto ampia in fatto di numeri di etichette, contiene un&#8217;accurata selezione di cantine del territorio lombardo: dalla Valtellina, alla Franciacorta, all&#8217;Oltrep\u00f2 Pavese, includendo anche qualche piccolo produttore di vino biologico.<\/p>\n<p>La caffetteria<\/p>\n<p>L&#8217;ampia zona bar offre una piacevole occasione per un intermezzo gradevole durante le varie ore del giorno: dalla prima colazione fino ad un raffinato t\u00e8 e all\u2019aperitivo prima di cena. Piccola pasticceria, freschissimi smoothies, le madeleines e torte con il vero sapore di una volta,<\/p>\n<p><strong>L&#8217;AMBIENTE<\/strong><\/p>\n<p>Lo stile, ideato e scelto dalla stessa\u00a0 Chichi Meroni, \u00e8 elegante e al\u00a0 contempo moderno, si inserisce perfettamente nella cornice degli stores attigui di moda e design, nei quali si respira la stessa atmosfera di unicit\u00e0 e raffinatezza.<\/p>\n<p>Ogni dettaglio \u00e8 studiato e ricercato nei minimi particolari, come per esempio il servizio di piatti di porcellana, fatto realizzare appositamente da Villeroy&amp;Boch su ispirazione di uno storico decoro; tutto \u00e8 il frutto di una ricerca accurata per riportare\u00a0 un angolo di Milano agli anni &#8217;50.<\/p>\n<p>Il pavimento, resiliente in linoleum e gomma, \u00e8 realizzato su disegno originale di Gio Ponti con motivo fiammato bianco su fondo nero,\u00a0 mentre la tappezzeria che copre le pareti \u00e8 pailletress\u00e9e, ovvero carta paglia tessuta con armatura a righe di bamb\u00f9.<\/p>\n<p>Particolare attenzione \u00e8 stata data anche al banco della caffetteria, realizzato riprendono un particolare di un mobile di Paolo Buffa eseguendo le tecniche degli anni Cinquanta, in legno biondo, con scanalature sagomate; di fronte stools di ispirazione Fifties.<\/p>\n<p>Una luce molto calda e soffusa illumina l&#8217;arabesque caf\u00e8 grazie alle lampade Bubble di George Nelson, evocative delle lanterne di carta cinesi; nella sala i tavolini, disegnati da Chichi Meroni, anch&#8217;essi d\u2019ispirazione Fifties, sono neri con\u00a0 base di ferro epiano in vetro, circondati da poltroncine e panche in tessuto blu navy e velluto ruggine, il tutto realizzato sempre\u00a0 su disegno della stessa Chichi.<\/p>\n<p><strong>L&#8217;ANGOLO SALOTTO &#8211; LIBRERIA<\/strong><\/p>\n<p>Attiguo alla zona ristorante \u00e8 presente un vero e proprio angolo salotto, circondato da una libreria, dove si possono acquistare pubblicazioni davvero\u00a0 preziose e\u00a0 le pi\u00f9 importanti riviste di lifestyle, moda, fotografia, design, arredamento e cucina (World of Interiors, Apartamento, Cabana, Vogue, L\u2019Officiel, Numero). Direttamente da New York, in consultazione e in vendita, la pi\u00f9 prestigiosa rivista d\u2019arte contemporanea mondiale, ARTFORUM INTERNATIONAL. La scelta dei libri spazia dai testi appena usciti a quelli dimenticati, dalle pubblicazioni di piccoli editori ai libri branch\u00e9 pi\u00f9 venduti.<\/p>\n<p>Uno spazio perfettamente inserito all&#8217;interno del locale con poltrone e divani originali degli anni cinquanta, rivestiti con tessuti dell&#8217;epoca, un tavolo ripreso da un disegno di Buffa e\u00a0 lampadari Foscarini \u201cCouchin\u201d in vetro soffiato verniciato che ricordano le forme delle lanterne giapponesi.<\/p>\n<p>Un angolo dedicato a chi , nella frenetica Milano, sa ancora scegliere di fermarsi e godere della lettura di un libro o di una rivista unica e speciale.<\/p>\n<p>l&#8217;arabesque caf\u00e9<\/p>\n<p>via Francesco Sforza angolo Largo Augusto,\u00a0 20122 Milano<\/p>\n<p>l\u2019arabesque caf\u00e9\u00a0 tel: +39 02 781104<\/p>\n<p>orario: h. 7.30 \u2013 00.00<\/p>\n<p>l\u2019arabesque La\u00a0 Librairie tel: +39 02 76341477<\/p>\n<p>orario: h. 10.00 \u2013 22.00<\/p>\n<p><a href=\"http:\/\/www.larabesque.net\/\">www.larabesque.net<\/a><\/p>\n<p>Testo di\u00a0Franca D.Scotti<\/p>\n<p><a href=\"http:\/\/www.turismoitinerante.com\/site\/wp-content\/uploads\/2015\/02\/arabesque_01B4253.jpg\"><img decoding=\"async\" class=\"aligncenter size-full wp-image-30733\" alt=\"arabesque_01B4253\" src=\"http:\/\/www.turismoitinerante.com\/site\/wp-content\/uploads\/2015\/02\/arabesque_01B4253.jpg\" width=\"660\" height=\"439\" srcset=\"https:\/\/www.turismoitinerante.com\/site\/wp-content\/uploads\/2015\/02\/arabesque_01B4253.jpg 660w, https:\/\/www.turismoitinerante.com\/site\/wp-content\/uploads\/2015\/02\/arabesque_01B4253-300x199.jpg 300w, https:\/\/www.turismoitinerante.com\/site\/wp-content\/uploads\/2015\/02\/arabesque_01B4253-400x266.jpg 400w\" sizes=\"(max-width: 660px) 100vw, 660px\" \/><\/a><\/p>\n<div class=\"7863122cad8776726ec303240ed69aa5\" data-index=\"4\" style=\"float: none; margin:10px 0 10px 0; text-align:center;\">\n<script async src=\"\/\/pagead2.googlesyndication.com\/pagead\/js\/adsbygoogle.js\"><\/script>\r\n<!-- 728x90, creato 23\/02\/11 -->\r\n<ins class=\"adsbygoogle\"\r\n     style=\"display:inline-block;width:728px;height:90px\"\r\n     data-ad-client=\"ca-pub-5798583071070083\"\r\n     data-ad-slot=\"5935394872\"><\/ins>\r\n<script>\r\n(adsbygoogle = window.adsbygoogle || []).push({});\r\n<\/script>\n<\/div>\n\n<div style=\"font-size: 0px; height: 0px; line-height: 0px; margin: 0; padding: 0; clear: both;\"><\/div>","protected":false},"excerpt":{"rendered":"<p>Nasce a Milano un posto unico e raro dove \u00e8 possibile respirare e assaporare la Milano di una volta.\u00a0I veri sapori\u00a0 della cucina milanese della tradizione uniti all&#8217;atmosfera, al mooda e al design che hanno reso famosa la citt\u00e0 di Milano negli anni &#8217;50 e &#8217;60. Il tutto in un unico luogo :l&#8217;arabesque caf\u00e9 L&#8217;arabesque [&hellip;]<\/p>\n","protected":false},"author":1,"featured_media":30733,"comment_status":"closed","ping_status":"open","sticky":false,"template":"","format":"standard","meta":{"ngg_post_thumbnail":0,"jnews-multi-image_gallery":[],"jnews_single_post":[],"jnews_primary_category":[],"jnews_override_counter":[],"footnotes":""},"categories":[643],"tags":[],"class_list":["post-30730","post","type-post","status-publish","format-standard","has-post-thumbnail","hentry","category-itinerari-gustosi"],"yoast_head":"<!-- This site is optimized with the Yoast SEO plugin v27.4 - https:\/\/yoast.com\/product\/yoast-seo-wordpress\/ -->\n<title>Si inaugura l&#039;Arabesque Caf\u00e9: Il sapore di Milano a Milano - TI - Turismo Itinerante<\/title>\n<meta name=\"robots\" content=\"index, follow, max-snippet:-1, max-image-preview:large, max-video-preview:-1\" \/>\n<link rel=\"canonical\" href=\"https:\/\/www.turismoitinerante.com\/site\/si-inaugura-larabesque-cafe-il-sapore-di-milano-a-milano\/\" \/>\n<meta property=\"og:locale\" content=\"it_IT\" \/>\n<meta property=\"og:type\" content=\"article\" \/>\n<meta property=\"og:title\" content=\"Si inaugura l&#039;Arabesque Caf\u00e9: Il sapore di Milano a Milano - TI - Turismo Itinerante\" \/>\n<meta property=\"og:description\" content=\"Nasce a Milano un posto unico e raro dove \u00e8 possibile respirare e assaporare la Milano di una volta.\u00a0I veri sapori\u00a0 della cucina milanese della tradizione uniti all&#8217;atmosfera, al mooda e al design che hanno reso famosa la citt\u00e0 di Milano negli anni &#8217;50 e &#8217;60. Il tutto in un unico luogo :l&#8217;arabesque caf\u00e9 L&#8217;arabesque [&hellip;]\" \/>\n<meta property=\"og:url\" content=\"https:\/\/www.turismoitinerante.com\/site\/si-inaugura-larabesque-cafe-il-sapore-di-milano-a-milano\/\" \/>\n<meta property=\"og:site_name\" content=\"TI - Turismo Itinerante\" \/>\n<meta property=\"article:published_time\" content=\"2015-02-26T09:02:55+00:00\" \/>\n<meta property=\"og:image\" content=\"https:\/\/www.turismoitinerante.com\/site\/wp-content\/uploads\/2015\/02\/arabesque_01B4253.jpg\" \/>\n\t<meta property=\"og:image:width\" content=\"660\" \/>\n\t<meta property=\"og:image:height\" content=\"439\" \/>\n\t<meta property=\"og:image:type\" content=\"image\/jpeg\" \/>\n<meta name=\"author\" content=\"admin\" \/>\n<meta name=\"twitter:card\" content=\"summary_large_image\" \/>\n<meta name=\"twitter:label1\" content=\"Scritto da\" \/>\n\t<meta name=\"twitter:data1\" content=\"admin\" \/>\n\t<meta name=\"twitter:label2\" content=\"Tempo di lettura stimato\" \/>\n\t<meta name=\"twitter:data2\" content=\"5 minuti\" \/>\n<script type=\"application\/ld+json\" class=\"yoast-schema-graph\">{\"@context\":\"https:\\\/\\\/schema.org\",\"@graph\":[{\"@type\":\"Article\",\"@id\":\"https:\\\/\\\/www.turismoitinerante.com\\\/site\\\/si-inaugura-larabesque-cafe-il-sapore-di-milano-a-milano\\\/#article\",\"isPartOf\":{\"@id\":\"https:\\\/\\\/www.turismoitinerante.com\\\/site\\\/si-inaugura-larabesque-cafe-il-sapore-di-milano-a-milano\\\/\"},\"author\":{\"name\":\"admin\",\"@id\":\"https:\\\/\\\/www.turismoitinerante.com\\\/site\\\/#\\\/schema\\\/person\\\/1e1238d2d1617438f3682e54bf4d6c05\"},\"headline\":\"Si inaugura l&#8217;Arabesque Caf\u00e9: Il sapore di Milano a Milano\",\"datePublished\":\"2015-02-26T09:02:55+00:00\",\"mainEntityOfPage\":{\"@id\":\"https:\\\/\\\/www.turismoitinerante.com\\\/site\\\/si-inaugura-larabesque-cafe-il-sapore-di-milano-a-milano\\\/\"},\"wordCount\":935,\"image\":{\"@id\":\"https:\\\/\\\/www.turismoitinerante.com\\\/site\\\/si-inaugura-larabesque-cafe-il-sapore-di-milano-a-milano\\\/#primaryimage\"},\"thumbnailUrl\":\"https:\\\/\\\/www.turismoitinerante.com\\\/site\\\/wp-content\\\/uploads\\\/2015\\\/02\\\/arabesque_01B4253.jpg\",\"articleSection\":[\"Itinerari Gustosi\"],\"inLanguage\":\"it-IT\"},{\"@type\":\"WebPage\",\"@id\":\"https:\\\/\\\/www.turismoitinerante.com\\\/site\\\/si-inaugura-larabesque-cafe-il-sapore-di-milano-a-milano\\\/\",\"url\":\"https:\\\/\\\/www.turismoitinerante.com\\\/site\\\/si-inaugura-larabesque-cafe-il-sapore-di-milano-a-milano\\\/\",\"name\":\"Si inaugura l'Arabesque Caf\u00e9: Il sapore di Milano a Milano - TI - Turismo Itinerante\",\"isPartOf\":{\"@id\":\"https:\\\/\\\/www.turismoitinerante.com\\\/site\\\/#website\"},\"primaryImageOfPage\":{\"@id\":\"https:\\\/\\\/www.turismoitinerante.com\\\/site\\\/si-inaugura-larabesque-cafe-il-sapore-di-milano-a-milano\\\/#primaryimage\"},\"image\":{\"@id\":\"https:\\\/\\\/www.turismoitinerante.com\\\/site\\\/si-inaugura-larabesque-cafe-il-sapore-di-milano-a-milano\\\/#primaryimage\"},\"thumbnailUrl\":\"https:\\\/\\\/www.turismoitinerante.com\\\/site\\\/wp-content\\\/uploads\\\/2015\\\/02\\\/arabesque_01B4253.jpg\",\"datePublished\":\"2015-02-26T09:02:55+00:00\",\"author\":{\"@id\":\"https:\\\/\\\/www.turismoitinerante.com\\\/site\\\/#\\\/schema\\\/person\\\/1e1238d2d1617438f3682e54bf4d6c05\"},\"breadcrumb\":{\"@id\":\"https:\\\/\\\/www.turismoitinerante.com\\\/site\\\/si-inaugura-larabesque-cafe-il-sapore-di-milano-a-milano\\\/#breadcrumb\"},\"inLanguage\":\"it-IT\",\"potentialAction\":[{\"@type\":\"ReadAction\",\"target\":[\"https:\\\/\\\/www.turismoitinerante.com\\\/site\\\/si-inaugura-larabesque-cafe-il-sapore-di-milano-a-milano\\\/\"]}]},{\"@type\":\"ImageObject\",\"inLanguage\":\"it-IT\",\"@id\":\"https:\\\/\\\/www.turismoitinerante.com\\\/site\\\/si-inaugura-larabesque-cafe-il-sapore-di-milano-a-milano\\\/#primaryimage\",\"url\":\"https:\\\/\\\/www.turismoitinerante.com\\\/site\\\/wp-content\\\/uploads\\\/2015\\\/02\\\/arabesque_01B4253.jpg\",\"contentUrl\":\"https:\\\/\\\/www.turismoitinerante.com\\\/site\\\/wp-content\\\/uploads\\\/2015\\\/02\\\/arabesque_01B4253.jpg\",\"width\":660,\"height\":439},{\"@type\":\"BreadcrumbList\",\"@id\":\"https:\\\/\\\/www.turismoitinerante.com\\\/site\\\/si-inaugura-larabesque-cafe-il-sapore-di-milano-a-milano\\\/#breadcrumb\",\"itemListElement\":[{\"@type\":\"ListItem\",\"position\":1,\"name\":\"Home\",\"item\":\"https:\\\/\\\/www.turismoitinerante.com\\\/site\\\/\"},{\"@type\":\"ListItem\",\"position\":2,\"name\":\"Si inaugura l&#8217;Arabesque Caf\u00e9: Il sapore di Milano a Milano\"}]},{\"@type\":\"WebSite\",\"@id\":\"https:\\\/\\\/www.turismoitinerante.com\\\/site\\\/#website\",\"url\":\"https:\\\/\\\/www.turismoitinerante.com\\\/site\\\/\",\"name\":\"TI - Turismo Itinerante\",\"description\":\"Ritrovarsi su internet per informarsi, per informare. Il portale del turismo itinerante. Una infinit\u00e0 di notizie su camper, itinerari, aree sosta camper, concessionari, campeggi, agriturismo, raduni, sagre, fiere, mostre, associazioni, club, forum, bacheca annunci\",\"potentialAction\":[{\"@type\":\"SearchAction\",\"target\":{\"@type\":\"EntryPoint\",\"urlTemplate\":\"https:\\\/\\\/www.turismoitinerante.com\\\/site\\\/?s={search_term_string}\"},\"query-input\":{\"@type\":\"PropertyValueSpecification\",\"valueRequired\":true,\"valueName\":\"search_term_string\"}}],\"inLanguage\":\"it-IT\"},{\"@type\":\"Person\",\"@id\":\"https:\\\/\\\/www.turismoitinerante.com\\\/site\\\/#\\\/schema\\\/person\\\/1e1238d2d1617438f3682e54bf4d6c05\",\"name\":\"admin\",\"image\":{\"@type\":\"ImageObject\",\"inLanguage\":\"it-IT\",\"@id\":\"https:\\\/\\\/secure.gravatar.com\\\/avatar\\\/9102d8c23b35e2809b07ebc42ce126daa3d6a47cce9878a22d14d9852ade629e?s=96&d=mm&r=g\",\"url\":\"https:\\\/\\\/secure.gravatar.com\\\/avatar\\\/9102d8c23b35e2809b07ebc42ce126daa3d6a47cce9878a22d14d9852ade629e?s=96&d=mm&r=g\",\"contentUrl\":\"https:\\\/\\\/secure.gravatar.com\\\/avatar\\\/9102d8c23b35e2809b07ebc42ce126daa3d6a47cce9878a22d14d9852ade629e?s=96&d=mm&r=g\",\"caption\":\"admin\"},\"url\":\"https:\\\/\\\/www.turismoitinerante.com\\\/site\\\/author\\\/admin\\\/\"}]}<\/script>\n<!-- \/ Yoast SEO plugin. -->","yoast_head_json":{"title":"Si inaugura l'Arabesque Caf\u00e9: Il sapore di Milano a Milano - TI - Turismo Itinerante","robots":{"index":"index","follow":"follow","max-snippet":"max-snippet:-1","max-image-preview":"max-image-preview:large","max-video-preview":"max-video-preview:-1"},"canonical":"https:\/\/www.turismoitinerante.com\/site\/si-inaugura-larabesque-cafe-il-sapore-di-milano-a-milano\/","og_locale":"it_IT","og_type":"article","og_title":"Si inaugura l'Arabesque Caf\u00e9: Il sapore di Milano a Milano - TI - Turismo Itinerante","og_description":"Nasce a Milano un posto unico e raro dove \u00e8 possibile respirare e assaporare la Milano di una volta.\u00a0I veri sapori\u00a0 della cucina milanese della tradizione uniti all&#8217;atmosfera, al mooda e al design che hanno reso famosa la citt\u00e0 di Milano negli anni &#8217;50 e &#8217;60. Il tutto in un unico luogo :l&#8217;arabesque caf\u00e9 L&#8217;arabesque [&hellip;]","og_url":"https:\/\/www.turismoitinerante.com\/site\/si-inaugura-larabesque-cafe-il-sapore-di-milano-a-milano\/","og_site_name":"TI - Turismo Itinerante","article_published_time":"2015-02-26T09:02:55+00:00","og_image":[{"width":660,"height":439,"url":"https:\/\/www.turismoitinerante.com\/site\/wp-content\/uploads\/2015\/02\/arabesque_01B4253.jpg","type":"image\/jpeg"}],"author":"admin","twitter_card":"summary_large_image","twitter_misc":{"Scritto da":"admin","Tempo di lettura stimato":"5 minuti"},"schema":{"@context":"https:\/\/schema.org","@graph":[{"@type":"Article","@id":"https:\/\/www.turismoitinerante.com\/site\/si-inaugura-larabesque-cafe-il-sapore-di-milano-a-milano\/#article","isPartOf":{"@id":"https:\/\/www.turismoitinerante.com\/site\/si-inaugura-larabesque-cafe-il-sapore-di-milano-a-milano\/"},"author":{"name":"admin","@id":"https:\/\/www.turismoitinerante.com\/site\/#\/schema\/person\/1e1238d2d1617438f3682e54bf4d6c05"},"headline":"Si inaugura l&#8217;Arabesque Caf\u00e9: Il sapore di Milano a Milano","datePublished":"2015-02-26T09:02:55+00:00","mainEntityOfPage":{"@id":"https:\/\/www.turismoitinerante.com\/site\/si-inaugura-larabesque-cafe-il-sapore-di-milano-a-milano\/"},"wordCount":935,"image":{"@id":"https:\/\/www.turismoitinerante.com\/site\/si-inaugura-larabesque-cafe-il-sapore-di-milano-a-milano\/#primaryimage"},"thumbnailUrl":"https:\/\/www.turismoitinerante.com\/site\/wp-content\/uploads\/2015\/02\/arabesque_01B4253.jpg","articleSection":["Itinerari Gustosi"],"inLanguage":"it-IT"},{"@type":"WebPage","@id":"https:\/\/www.turismoitinerante.com\/site\/si-inaugura-larabesque-cafe-il-sapore-di-milano-a-milano\/","url":"https:\/\/www.turismoitinerante.com\/site\/si-inaugura-larabesque-cafe-il-sapore-di-milano-a-milano\/","name":"Si inaugura l'Arabesque Caf\u00e9: Il sapore di Milano a Milano - TI - Turismo Itinerante","isPartOf":{"@id":"https:\/\/www.turismoitinerante.com\/site\/#website"},"primaryImageOfPage":{"@id":"https:\/\/www.turismoitinerante.com\/site\/si-inaugura-larabesque-cafe-il-sapore-di-milano-a-milano\/#primaryimage"},"image":{"@id":"https:\/\/www.turismoitinerante.com\/site\/si-inaugura-larabesque-cafe-il-sapore-di-milano-a-milano\/#primaryimage"},"thumbnailUrl":"https:\/\/www.turismoitinerante.com\/site\/wp-content\/uploads\/2015\/02\/arabesque_01B4253.jpg","datePublished":"2015-02-26T09:02:55+00:00","author":{"@id":"https:\/\/www.turismoitinerante.com\/site\/#\/schema\/person\/1e1238d2d1617438f3682e54bf4d6c05"},"breadcrumb":{"@id":"https:\/\/www.turismoitinerante.com\/site\/si-inaugura-larabesque-cafe-il-sapore-di-milano-a-milano\/#breadcrumb"},"inLanguage":"it-IT","potentialAction":[{"@type":"ReadAction","target":["https:\/\/www.turismoitinerante.com\/site\/si-inaugura-larabesque-cafe-il-sapore-di-milano-a-milano\/"]}]},{"@type":"ImageObject","inLanguage":"it-IT","@id":"https:\/\/www.turismoitinerante.com\/site\/si-inaugura-larabesque-cafe-il-sapore-di-milano-a-milano\/#primaryimage","url":"https:\/\/www.turismoitinerante.com\/site\/wp-content\/uploads\/2015\/02\/arabesque_01B4253.jpg","contentUrl":"https:\/\/www.turismoitinerante.com\/site\/wp-content\/uploads\/2015\/02\/arabesque_01B4253.jpg","width":660,"height":439},{"@type":"BreadcrumbList","@id":"https:\/\/www.turismoitinerante.com\/site\/si-inaugura-larabesque-cafe-il-sapore-di-milano-a-milano\/#breadcrumb","itemListElement":[{"@type":"ListItem","position":1,"name":"Home","item":"https:\/\/www.turismoitinerante.com\/site\/"},{"@type":"ListItem","position":2,"name":"Si inaugura l&#8217;Arabesque Caf\u00e9: Il sapore di Milano a Milano"}]},{"@type":"WebSite","@id":"https:\/\/www.turismoitinerante.com\/site\/#website","url":"https:\/\/www.turismoitinerante.com\/site\/","name":"TI - Turismo Itinerante","description":"Ritrovarsi su internet per informarsi, per informare. Il portale del turismo itinerante. Una infinit\u00e0 di notizie su camper, itinerari, aree sosta camper, concessionari, campeggi, agriturismo, raduni, sagre, fiere, mostre, associazioni, club, forum, bacheca annunci","potentialAction":[{"@type":"SearchAction","target":{"@type":"EntryPoint","urlTemplate":"https:\/\/www.turismoitinerante.com\/site\/?s={search_term_string}"},"query-input":{"@type":"PropertyValueSpecification","valueRequired":true,"valueName":"search_term_string"}}],"inLanguage":"it-IT"},{"@type":"Person","@id":"https:\/\/www.turismoitinerante.com\/site\/#\/schema\/person\/1e1238d2d1617438f3682e54bf4d6c05","name":"admin","image":{"@type":"ImageObject","inLanguage":"it-IT","@id":"https:\/\/secure.gravatar.com\/avatar\/9102d8c23b35e2809b07ebc42ce126daa3d6a47cce9878a22d14d9852ade629e?s=96&d=mm&r=g","url":"https:\/\/secure.gravatar.com\/avatar\/9102d8c23b35e2809b07ebc42ce126daa3d6a47cce9878a22d14d9852ade629e?s=96&d=mm&r=g","contentUrl":"https:\/\/secure.gravatar.com\/avatar\/9102d8c23b35e2809b07ebc42ce126daa3d6a47cce9878a22d14d9852ade629e?s=96&d=mm&r=g","caption":"admin"},"url":"https:\/\/www.turismoitinerante.com\/site\/author\/admin\/"}]}},"_links":{"self":[{"href":"https:\/\/www.turismoitinerante.com\/site\/wp-json\/wp\/v2\/posts\/30730","targetHints":{"allow":["GET"]}}],"collection":[{"href":"https:\/\/www.turismoitinerante.com\/site\/wp-json\/wp\/v2\/posts"}],"about":[{"href":"https:\/\/www.turismoitinerante.com\/site\/wp-json\/wp\/v2\/types\/post"}],"author":[{"embeddable":true,"href":"https:\/\/www.turismoitinerante.com\/site\/wp-json\/wp\/v2\/users\/1"}],"replies":[{"embeddable":true,"href":"https:\/\/www.turismoitinerante.com\/site\/wp-json\/wp\/v2\/comments?post=30730"}],"version-history":[{"count":3,"href":"https:\/\/www.turismoitinerante.com\/site\/wp-json\/wp\/v2\/posts\/30730\/revisions"}],"predecessor-version":[{"id":30735,"href":"https:\/\/www.turismoitinerante.com\/site\/wp-json\/wp\/v2\/posts\/30730\/revisions\/30735"}],"wp:featuredmedia":[{"embeddable":true,"href":"https:\/\/www.turismoitinerante.com\/site\/wp-json\/wp\/v2\/media\/30733"}],"wp:attachment":[{"href":"https:\/\/www.turismoitinerante.com\/site\/wp-json\/wp\/v2\/media?parent=30730"}],"wp:term":[{"taxonomy":"category","embeddable":true,"href":"https:\/\/www.turismoitinerante.com\/site\/wp-json\/wp\/v2\/categories?post=30730"},{"taxonomy":"post_tag","embeddable":true,"href":"https:\/\/www.turismoitinerante.com\/site\/wp-json\/wp\/v2\/tags?post=30730"}],"curies":[{"name":"wp","href":"https:\/\/api.w.org\/{rel}","templated":true}]}}