{"id":30677,"date":"2015-02-17T09:27:24","date_gmt":"2015-02-17T08:27:24","guid":{"rendered":"http:\/\/www.turismoitinerante.com\/site\/?p=30677"},"modified":"2015-02-18T09:13:06","modified_gmt":"2015-02-18T08:13:06","slug":"un-viaggio-nel-passato-tra-palazzi-e-basiliche-testimonianze-solenni-del-passato","status":"publish","type":"post","link":"https:\/\/www.turismoitinerante.com\/site\/un-viaggio-nel-passato-tra-palazzi-e-basiliche-testimonianze-solenni-del-passato\/","title":{"rendered":"Un viaggio nel passato tra palazzi e basiliche, testimonianze solenni della storia"},"content":{"rendered":"<p><strong>Luoghi di culto, cultura e ispirazione. Dove trovare le pi\u00f9 antiche atmosfere della storia.<\/strong><\/p>\n<p>Un viaggio nel passato, partendo dalle origini del Medioevo ai primi albori del Rinascimento, dai luoghi pi\u00f9 raccolti e solenni a quelli di rinascita creativa. Le Citt\u00e0 d&#8217;arte della Pianura Padana ripercorrono i capitoli di una lunga storia, ricca di sfumature e contenuti artistici.<\/p>\n<p><a href=\"http:\/\/www.turismoitinerante.com\/site\/wp-content\/uploads\/2015\/02\/palazzi-basiliche-viaggio-italia.jpg\"><img decoding=\"async\" class=\"aligncenter size-full wp-image-30679\" alt=\"palazzi-basiliche-viaggio-italia\" src=\"http:\/\/www.turismoitinerante.com\/site\/wp-content\/uploads\/2015\/02\/palazzi-basiliche-viaggio-italia.jpg\" width=\"660\" height=\"371\" srcset=\"https:\/\/www.turismoitinerante.com\/site\/wp-content\/uploads\/2015\/02\/palazzi-basiliche-viaggio-italia.jpg 660w, https:\/\/www.turismoitinerante.com\/site\/wp-content\/uploads\/2015\/02\/palazzi-basiliche-viaggio-italia-300x168.jpg 300w, https:\/\/www.turismoitinerante.com\/site\/wp-content\/uploads\/2015\/02\/palazzi-basiliche-viaggio-italia-400x224.jpg 400w\" sizes=\"(max-width: 660px) 100vw, 660px\" \/><\/a><\/p>\n<p>Passeggiare nei centri storici significa trovare ancora testimonianze di tempi lontani, tra il rigore dei palazzi, la solennit\u00e0 dei luoghi di culto e la vivacit\u00e0 della gente per le strade. Dalle basiliche ai battisteri gotici, dalle piazze ai capolavori romanici, tante occasioni per rivivere le pi\u00f9 antiche atmosfere della storia.<\/p>\n<p>Con la nascita del Comune di Bergamo (1098) si ebbe un periodo di straordinaria crescita dell&#8217;economia mercantile della citt\u00e0 che confer\u00ec a Bergamo un&#8217;impronta di citt\u00e0 medievale che ha conservato fino ad oggi. Con la costruzione della basilica di S. Maria Maggiore, il pi\u00f9 importante monumento della citt\u00e0 e del palazzo del Comune (l&#8217;attuale Palazzo della Ragione) la piazza del Duomo divenne il centro religioso e civico della citt\u00e0.<\/p>\n<p>Il palazzo comunale con la formazione della Piazza Vecchia nel 1300, ribalt\u00f2 il proprio fronte e assunse una posizione di filtro tra le due piazze, una religiosa, Piazza Duomo e l&#8217;altra laica, piazza Vecchia. La Torre civica (Campanone) con i suoi 52,10 metri \u00e8 la torre pi\u00f9 alta della citt\u00e0, la cui sommit\u00e0 \u00e8 comodamente raggiungibile con un ascensore.<\/p>\n<p>A Vercelli si torna indietro al 1200 con una sosta alla Basilica di Sant&#8217;Andrea, costruita in soli nove anni, tra il 1219 e il 1227. Un capolavoro di eleganza architettonica, una delle prime costruzioni in Italia a presentare i tipici elementi dell&#8217;arte romanica armoniosamente intrecciati a quelli dell&#8217;arte gotica. Anche il sito patrimonio Unesco del Monastero di San Salvatore a Brescia, poi di Santa Giulia riporta all&#8217;epoca medioevale.<\/p>\n<p>Fu fondato per volont\u00e0 del re longobardo Desiderio e di sua moglie Ansa nel 753 d.C., su un&#8217;area precedentemente occupata da domus romane. I molti ampliamenti e ricostruzioni succedutesi nei secoli hanno dato forma al suggestivo complesso articolato attorno a tre chiostri, oggi sede di un interessante museo.<\/p>\n<p>Un salto nel XIII secolo in Piazza Roma, a Monza, dove sorge l\u2019antico e maestoso palazzo comunale, detto Arengario (dal latino arengarius, derivato dal germanico hari-hring, luogo per assemblee). L\u2019edificio fu costruito in posizione pressoch\u00e9 contigua al Duomo per sottolineare visivamente la contrapposizione di poteri \u2013 religioso e civile \u2013 del periodo comunale. Il palazzo \u00e8 caratterizzato da un ampio porticato al piano terra e da una grande aula al primo piano, che si apre con un balconcino a soggetta, la \u2018parlera\u2019, dal quale si leggevano i decreti emanati dal comune.<\/p>\n<p>\u00c8 invece il Rinascimento il periodo che si gode andando a Lodi e visitando il suo massimo monumento artistico, l&#8217;Incoronata. La chiesa \u00e8 opera di Giovanni Battaggio, che, lavorando sulla tipologia a pianta centrale, rielabor\u00f2 vari spunti della chiesa milanese di San Satiro del Bramante.<\/p>\n<p>Anche uno dei pi\u00f9 importanti tesori di Pavia \u00e8 religioso: la Certosa, fondata nel 1396 da Gian Galeazzo Visconti, che voleva fare della chiesa dedicata a S.ta Maria delle Grazie il mausoleo della sua dinastia. I lavori proseguirono fino al XVIII sec., cos\u00ec il complesso offre esempi artistici e architettonici lombardi dal &#8216;300 al &#8216;700, con contributi architettonici importanti.<\/p>\n<p>A Cremona, il complesso di San Sigismondo testimonia la grandezza pittorica del Cinquecento cremonese. Costruito tra il 1463 e il 1492, venne per\u00f2 interamente affrescato a partire dal 1535. Il risultato \u00e8 uno dei pi\u00f9 significativi complessi decorativi del Manierismo dell&#8217;Italia settentrionale, stilisticamente armonico e unitario nonostante l&#8217;intervento di diversi artisti.<\/p>\n<p>Si torna al &#8216;200 e all\u2019architettura civile ammirando Palazzo Gotico, a Piacenza, voluto nel 1281 da Alberto Scoto. Di stile lombardo ogivale, con la cornice ornata da archetti, la merlatura ghibellina a coda di rondine, la torretta centrale che racchiude il campanone e le due torrette laterali, \u00e8 un insigne esempio di architettura civile medioevale. Come \u00e8 Il Duomo, uno dei monumenti religiosi pi\u00f9 insigni del Nord Italia, costruito tra il 1122 e il 1233.<\/p>\n<p>Al Medioevo appartengono pure i gioielli di Parma, il Duomo e il Battistero. Il primo, dedicata all&#8217;Assunta, fu iniziato nel 1059, con facciata racchiusa da due torri, di cui solo una realizzata. Il secondo \u00e8 il capolavoro dell&#8217;Antelami, che diresse l&#8217;opera e realizz\u00f2 quasi per intero la mirabile decorazione plastica dell&#8217;edificio.<\/p>\n<p>Anche a Modena, con il Duomo e la torre Ghirlandina, un tuffo nel Medioevo \u00e8 inevitabile. Due capolavori dello stile romanico, testimonianze esemplari di tempi di passioni e battaglie, vivono ancora oggi perfettamente conservati e riconosciuti come patrimonio dell&#8217;umanit\u00e0 dall&#8217;Unesco.<\/p>\n<p>Nella Cattedrale di Reggio Emilia si consuma invece il matrimonio tra antico e moderno: nella chiesa costruita nell&#8217;857, rimaneggiata nel XV secolo, con una strepitosa cripta del &#8216;200, hanno trovato posto opere di arte moderna: l&#8217;altare di Claudio Parmiggiani, la gradinata e il leggio dell&#8217;Ambone di Hidetoshi Nagasawa e il candelabro di Ettore Spalletti.<\/p>\n<p>Cosa succede in citt\u00e0: notizie in breve dalle Citt\u00e0 d&#8217;Arte della Pianura Padana<\/p>\n<h3>BERGAMO<\/h3>\n<p>\u201cBergamo Film Meeting\u201d<br \/>\n7-15 marzo<br \/>\nFestival internazionale attento alla riscoperta dei grandi classici del passato, con omaggi e retrospettive di ampio respiro e del cinema indipendente e d\u2019autore. www.bergamofilmmeeting.it<br \/>\n\u201cPalma il Vecchio\u201d<br \/>\n13 marzo &#8211; 21 giugno.<br \/>\nIn occasione di Expo 2015, presso la GAMeC (Galleria d&#8217;Arte Moderna e Contemporanea), si terr\u00e0 la prima grande retrospettiva dedicata a Jacopo Negretti detto Palma il Vecchio. <a href=\"http:\/\/www.palmailvecchio.it\" target=\"_blank\">www.palmailvecchio.it<\/a><\/p>\n<p>\u201cDimore Storiche\u201d<br \/>\n14 marzo &#8211; 28 giugno.<br \/>\nIn occasione della mostra &#8220;Palma il Vecchio&#8221;, Palazzo Agliardi, Palazzo Moroni, il Luogo Pio Colleoni, Villa Pesenti-Agliardi e il Castello di Malpaga aprono al pubblico per visite guidate. <a href=\"http:\/\/www.bergamogiardiniedimore.it\" target=\"_blank\">www.bergamogiardiniedimore.it<\/a><\/p>\n<p>\u201cBergamo Jazz\u201d<br \/>\nDal 15 al 22 marzo<br \/>\nTorna il grande jazz al Teatro Donizetti e in altri spazi della citt\u00e0 con un cartellone ricco di personalit\u00e0 di rilievo della scena internazionale.<br \/>\n<a href=\"http:\/\/www.teatrodonizetti.it\" target=\"_blank\">www.teatrodonizetti.it<\/a><\/p>\n<h3>BRESCIA<\/h3>\n<p>\u201cIl cibo nell\u2019arte. Capolavori dei grandi maestri dal Seicento a Warhol\u201d<br \/>\nFino al 14 giugno 2015<br \/>\nPalazzo Martinengo<br \/>\nUn viaggio alla scoperta della rappresentazione del cibo nelle varie epoche storiche.<br \/>\nOltre 100 opere di maestri dell\u2019arte antica in sinergia con autori moderni e contemporanei, da Magritte a de Chirico, da Manzoni a Fontana, a Lichtenstein, fino a Andy Warhol.<br \/>\n<a href=\"http:\/\/http:\/\/www.mostraciboarte.it\" target=\"_blank\">http:\/\/www.mostraciboarte.it<\/a><\/p>\n<p>Rinascimento &#8211; Raffaello. Opera prima<br \/>\nFino al 6 aprile 2015<br \/>\nMuseo di Santa Giulia<br \/>\nLa mostra riunisce per la prima volta a Brescia tutti i frammenti sin qui individuati della bellissima pala Baronci di Raffaello, con prestiti dal Louvre e dal Museo Nazionale di Capodimonte di Napoli.<br \/>\n<a href=\"http:\/\/http:\/\/www.rinascimento.bresciamusei.com\" target=\"_blank\">http:\/\/www.rinascimento.bresciamusei.com<\/a><\/p>\n<p>Civica Liuteria Bresciana. Strumenti antichi dal Museo della Citt\u00e0<br \/>\nFino al 31 ottobre 2015<br \/>\nPalazzo Loggia, Salone Vanvitelliano<br \/>\nGli strumenti in esposizione sono la testimonianza dell\u2019importanza della tradizione liutaria cittadina, che si svilupp\u00f2 in particolare nel Cinquecento e nel Seicento.<br \/>\n<a href=\"http:\/\/http:\/\/www.bresciamusei.com\" target=\"_blank\">http:\/\/www.bresciamusei.com<\/a><\/p>\n<h3>CREMONA<\/h3>\n<p>\u201cLa collezione Carutti rivive gli anniversari della 1a e 2a guerra mondiale\u201d<br \/>\nMuseo Ala Ponzone<br \/>\nLa collezione di strumenti storici a corda di Carlo Alberto Carutti, che ripercorre quattro secoli di liuteria, si arricchisce di un mandolino costruito nel campo di prigionia di Dorchester nel 1917 e di un violino sopravvissuto alla shoah.<br \/>\n<a href=\"http:\/\/www.turismo.comune.cremona.it\" target=\"_blank\">www.turismo.comune.cremona.it<\/a><\/p>\n<h3>MODENA<\/h3>\n<p>\u201cTelevisione musica e sport in figurina\u201d<br \/>\nDal 28 febbraio ad aprile<br \/>\nMuseo della figurina<br \/>\nMostra che completa il percorso cronologico-tematico sull&#8217;editoria delle figurine. Escursus sugli anni Ottanta e Novanta, con protagonisti gli anime, i cartoni animati giapponesi e gli album sui cartoni statunitensi.<br \/>\n<a href=\"http:\/\/www.comune.modena.it\/museofigurina\" target=\"_blank\">www.comune.modena.it\/museofigurina<\/a><\/p>\n<h3>MONZA<\/h3>\n<p>\u201cLe Immagini della Fantasia\u201d<br \/>\n21 febbraio &#8211; 29 marzo 2015<br \/>\nPalazzo dell\u2019Arengario<br \/>\n32^ edizione della Mostra Internazionale d\u2019Illustrazione per l\u2019infanzia<br \/>\n<a href=\"http:\/\/www.comune.monza.it\" target=\"_blank\">www.comune.monza.it<\/a><\/p>\n<p>\u201cBiennale Giovani 2015\u201d<br \/>\ndal 11 aprile al 28 giugno 2015<br \/>\nPalazzo dell\u2019Arengario<br \/>\n6^ edizione. L\u2019energia dell\u2019arte per la vita<br \/>\n<a href=\"http:\/\/www.biennalegiovanimonza.it\" target=\"_blank\">www.biennalegiovanimonza.it<\/a><\/p>\n<p>\u201cLa cappella di Teodolinda del Duomo di Monza apre ai visitatori.\u201d<br \/>\nDopo sette anni di lavori di restauro, la cappella degli Zavattari nel Duomo di Monza apre le porte al pubblico.<br \/>\nNell\u2019altare della Cappella \u00e8 custodita la Corona Ferrea, capolavoro di oreficeria ostrogota, che secondo la tradizione conserva al suo interno una lamina ricavata da uno dei chiodi della Croce di Cristo.<br \/>\n<a href=\"http:\/\/www.museoduomomonza.iy\" target=\"_blank\">www.museoduomomonza.iy<\/a><\/p>\n<p>\u201cSteve McCurry &#8211; Oltre lo sguardo\u201d<br \/>\nFino al 6 Aprile 2015<br \/>\nVilla Reale di Monza<br \/>\nUna inedita selezione della produzione fotografica di Steve McCurry che racconta l&#8217;avventura della sua vita e della sua professione.<br \/>\n<a href=\"http:\/\/www.mostrastevemccurry.it\" target=\"_blank\">www.mostrastevemccurry.it<\/a><\/p>\n<h3>PARMA<\/h3>\n<p>\u201cFuoco nero: materia e struttura attorno e dopo Burri\u201d<br \/>\nSalone delle Scuderie, Palazzo della Pilotta<br \/>\nFino al 29 marzo<br \/>\nMostra che esplora l\u2019opera di Alberto Burri, attraverso le interpretazioni e le riletture di pittori, scultori, fotografi contemporanei e non. Circa 170 opere realizzate da grandi artisti contemporanei come Paladino, Nunzio, William Xerra raccontano il valore della lezione di Alberto Burri che rivoluzion\u00f2 nell&#8217;immediato dopoguerra la materia e la struttura dell&#8217;opera d&#8217;arte.<br \/>\n<a href=\"http:\/\/www.turismo.comune.parma.it\" target=\"_blank\">www.turismo.comune.parma.it<\/a><\/p>\n<h3>PAVIA<\/h3>\n<p>\u201cSguardi Puri 2015 &#8211; Only (my) dreams\u201d<br \/>\nDal 3 febbraio al 27 maggio 2015<br \/>\nSala Politeama<br \/>\nRassegna cinematografica organizzata dal Settore Cultura del Comune di Pavia e curata dal critico cinematografico Roberto Figazzolo, che ogni anno presenta il meglio dei film in circolazione.<br \/>\n<a href=\"http:\/\/www.comune.pv.it\" target=\"_blank\">www.comune.pv.it<\/a><\/p>\n<p>\u201cCapolavori della Johannesburg Art Gallery. Da Degas a Picasso\u201d<br \/>\nDal 21 marzo al 19 luglio 2015<br \/>\nScuderie del Castello Visconteo<br \/>\nL&#8217;esposizione presenta oltre sessanta opere, tra olii, acquerelli e grafiche, che portano le firme di alcuni dei principali protagonisti della scena artistica internazionale del XIX e del XX secolo.<br \/>\n<a href=\"http:\/\/www.scuderiepavia.com\" target=\"_blank\">www.scuderiepavia.com<\/a><\/p>\n<h3>PIACENZA<\/h3>\n<p>\u201cConcerto dell&#8217;orchestra giovanile Luigi Cherubini diretta da Riccardo Muti\u201d<br \/>\n19 Marzo<br \/>\nTeatro Municipale<br \/>\nConcerto sul programma di musiche di P.I. Cjaikovskij, F. Schubert , G. Rossini<br \/>\n<a href=\"http:\/\/www.teatripiacenza.it\" target=\"_blank\">www.teatripiacenza.it<\/a> &#8211;<a href=\"http:\/\/www.palazzomagnani.it\" target=\"_blank\"> www.teatricomunali.it<\/a><\/p>\n<h3>REGGIO EMILIA<\/h3>\n<p>\u201cPiero della Francesca. Il disegno tra arte e scienza\u201d<br \/>\n14 marzo al 14 giugno 2015<br \/>\nPalazzo Magnani<br \/>\nOltre trecento opere: dipinti, disegni, manoscritti, opere a stampa, incisioni, sculture, tarsie, maioliche e medaglie. Una mostra presenta la figura di Piero della Francesca, grande Maestro di Sansepolcro, nella sua doppia veste di disegnatore e grande matematico.<br \/>\n<a href=\"http:\/\/www.palazzomagnani.it\" target=\"_blank\">www.palazzomagnani.it<\/a><\/p>\n<p>A cura di Ornella Gamacchio, Direttore Circuito Citt\u00e0 d&#8217;Arte della Pianura Padana <a href=\"http:\/\/www.circuitocittadarte.it\" target=\"_blank\">www.circuitocittadarte.it<\/a> | 333.9493621 | direttore@circuitocittadarte.it |<\/p>\n<div class=\"7863122cad8776726ec303240ed69aa5\" data-index=\"4\" style=\"float: none; margin:10px 0 10px 0; text-align:center;\">\n<script async src=\"\/\/pagead2.googlesyndication.com\/pagead\/js\/adsbygoogle.js\"><\/script>\r\n<!-- 728x90, creato 23\/02\/11 -->\r\n<ins class=\"adsbygoogle\"\r\n     style=\"display:inline-block;width:728px;height:90px\"\r\n     data-ad-client=\"ca-pub-5798583071070083\"\r\n     data-ad-slot=\"5935394872\"><\/ins>\r\n<script>\r\n(adsbygoogle = window.adsbygoogle || []).push({});\r\n<\/script>\n<\/div>\n\n<div style=\"font-size: 0px; height: 0px; line-height: 0px; margin: 0; padding: 0; clear: both;\"><\/div>","protected":false},"excerpt":{"rendered":"<p>Luoghi di culto, cultura e ispirazione. Dove trovare le pi\u00f9 antiche atmosfere della storia. Un viaggio nel passato, partendo dalle origini del Medioevo ai primi albori del Rinascimento, dai luoghi pi\u00f9 raccolti e solenni a quelli di rinascita creativa. Le Citt\u00e0 d&#8217;arte della Pianura Padana ripercorrono i capitoli di una lunga storia, ricca di sfumature [&hellip;]<\/p>\n","protected":false},"author":1,"featured_media":30679,"comment_status":"closed","ping_status":"open","sticky":false,"template":"","format":"standard","meta":{"ngg_post_thumbnail":0,"jnews-multi-image_gallery":[],"jnews_single_post":[],"jnews_primary_category":[],"jnews_override_counter":[],"footnotes":""},"categories":[621],"tags":[],"class_list":["post-30677","post","type-post","status-publish","format-standard","has-post-thumbnail","hentry","category-info-turismo"],"yoast_head":"<!-- This site is optimized with the Yoast SEO plugin v27.4 - https:\/\/yoast.com\/product\/yoast-seo-wordpress\/ -->\n<title>Un viaggio nel passato tra palazzi e basiliche, testimonianze solenni della storia - TI - Turismo Itinerante<\/title>\n<meta name=\"robots\" content=\"index, follow, max-snippet:-1, max-image-preview:large, max-video-preview:-1\" \/>\n<link rel=\"canonical\" href=\"https:\/\/www.turismoitinerante.com\/site\/un-viaggio-nel-passato-tra-palazzi-e-basiliche-testimonianze-solenni-del-passato\/\" \/>\n<meta property=\"og:locale\" content=\"it_IT\" \/>\n<meta property=\"og:type\" content=\"article\" \/>\n<meta property=\"og:title\" content=\"Un viaggio nel passato tra palazzi e basiliche, testimonianze solenni della storia - TI - Turismo Itinerante\" \/>\n<meta property=\"og:description\" content=\"Luoghi di culto, cultura e ispirazione. Dove trovare le pi\u00f9 antiche atmosfere della storia. Un viaggio nel passato, partendo dalle origini del Medioevo ai primi albori del Rinascimento, dai luoghi pi\u00f9 raccolti e solenni a quelli di rinascita creativa. Le Citt\u00e0 d&#8217;arte della Pianura Padana ripercorrono i capitoli di una lunga storia, ricca di sfumature [&hellip;]\" \/>\n<meta property=\"og:url\" content=\"https:\/\/www.turismoitinerante.com\/site\/un-viaggio-nel-passato-tra-palazzi-e-basiliche-testimonianze-solenni-del-passato\/\" \/>\n<meta property=\"og:site_name\" content=\"TI - Turismo Itinerante\" \/>\n<meta property=\"article:published_time\" content=\"2015-02-17T08:27:24+00:00\" \/>\n<meta property=\"article:modified_time\" content=\"2015-02-18T08:13:06+00:00\" \/>\n<meta property=\"og:image\" content=\"https:\/\/www.turismoitinerante.com\/site\/wp-content\/uploads\/2015\/02\/palazzi-basiliche-viaggio-italia.jpg\" \/>\n\t<meta property=\"og:image:width\" content=\"660\" \/>\n\t<meta property=\"og:image:height\" content=\"371\" \/>\n\t<meta property=\"og:image:type\" content=\"image\/jpeg\" \/>\n<meta name=\"author\" content=\"admin\" \/>\n<meta name=\"twitter:card\" content=\"summary_large_image\" \/>\n<meta name=\"twitter:label1\" content=\"Scritto da\" \/>\n\t<meta name=\"twitter:data1\" content=\"admin\" \/>\n\t<meta name=\"twitter:label2\" content=\"Tempo di lettura stimato\" \/>\n\t<meta name=\"twitter:data2\" content=\"8 minuti\" \/>\n<script type=\"application\/ld+json\" class=\"yoast-schema-graph\">{\"@context\":\"https:\\\/\\\/schema.org\",\"@graph\":[{\"@type\":\"Article\",\"@id\":\"https:\\\/\\\/www.turismoitinerante.com\\\/site\\\/un-viaggio-nel-passato-tra-palazzi-e-basiliche-testimonianze-solenni-del-passato\\\/#article\",\"isPartOf\":{\"@id\":\"https:\\\/\\\/www.turismoitinerante.com\\\/site\\\/un-viaggio-nel-passato-tra-palazzi-e-basiliche-testimonianze-solenni-del-passato\\\/\"},\"author\":{\"name\":\"admin\",\"@id\":\"https:\\\/\\\/www.turismoitinerante.com\\\/site\\\/#\\\/schema\\\/person\\\/1e1238d2d1617438f3682e54bf4d6c05\"},\"headline\":\"Un viaggio nel passato tra palazzi e basiliche, testimonianze solenni della storia\",\"datePublished\":\"2015-02-17T08:27:24+00:00\",\"dateModified\":\"2015-02-18T08:13:06+00:00\",\"mainEntityOfPage\":{\"@id\":\"https:\\\/\\\/www.turismoitinerante.com\\\/site\\\/un-viaggio-nel-passato-tra-palazzi-e-basiliche-testimonianze-solenni-del-passato\\\/\"},\"wordCount\":1638,\"image\":{\"@id\":\"https:\\\/\\\/www.turismoitinerante.com\\\/site\\\/un-viaggio-nel-passato-tra-palazzi-e-basiliche-testimonianze-solenni-del-passato\\\/#primaryimage\"},\"thumbnailUrl\":\"https:\\\/\\\/www.turismoitinerante.com\\\/site\\\/wp-content\\\/uploads\\\/2015\\\/02\\\/palazzi-basiliche-viaggio-italia.jpg\",\"articleSection\":[\"Turismo\"],\"inLanguage\":\"it-IT\"},{\"@type\":\"WebPage\",\"@id\":\"https:\\\/\\\/www.turismoitinerante.com\\\/site\\\/un-viaggio-nel-passato-tra-palazzi-e-basiliche-testimonianze-solenni-del-passato\\\/\",\"url\":\"https:\\\/\\\/www.turismoitinerante.com\\\/site\\\/un-viaggio-nel-passato-tra-palazzi-e-basiliche-testimonianze-solenni-del-passato\\\/\",\"name\":\"Un viaggio nel passato tra palazzi e basiliche, testimonianze solenni della storia - TI - Turismo Itinerante\",\"isPartOf\":{\"@id\":\"https:\\\/\\\/www.turismoitinerante.com\\\/site\\\/#website\"},\"primaryImageOfPage\":{\"@id\":\"https:\\\/\\\/www.turismoitinerante.com\\\/site\\\/un-viaggio-nel-passato-tra-palazzi-e-basiliche-testimonianze-solenni-del-passato\\\/#primaryimage\"},\"image\":{\"@id\":\"https:\\\/\\\/www.turismoitinerante.com\\\/site\\\/un-viaggio-nel-passato-tra-palazzi-e-basiliche-testimonianze-solenni-del-passato\\\/#primaryimage\"},\"thumbnailUrl\":\"https:\\\/\\\/www.turismoitinerante.com\\\/site\\\/wp-content\\\/uploads\\\/2015\\\/02\\\/palazzi-basiliche-viaggio-italia.jpg\",\"datePublished\":\"2015-02-17T08:27:24+00:00\",\"dateModified\":\"2015-02-18T08:13:06+00:00\",\"author\":{\"@id\":\"https:\\\/\\\/www.turismoitinerante.com\\\/site\\\/#\\\/schema\\\/person\\\/1e1238d2d1617438f3682e54bf4d6c05\"},\"breadcrumb\":{\"@id\":\"https:\\\/\\\/www.turismoitinerante.com\\\/site\\\/un-viaggio-nel-passato-tra-palazzi-e-basiliche-testimonianze-solenni-del-passato\\\/#breadcrumb\"},\"inLanguage\":\"it-IT\",\"potentialAction\":[{\"@type\":\"ReadAction\",\"target\":[\"https:\\\/\\\/www.turismoitinerante.com\\\/site\\\/un-viaggio-nel-passato-tra-palazzi-e-basiliche-testimonianze-solenni-del-passato\\\/\"]}]},{\"@type\":\"ImageObject\",\"inLanguage\":\"it-IT\",\"@id\":\"https:\\\/\\\/www.turismoitinerante.com\\\/site\\\/un-viaggio-nel-passato-tra-palazzi-e-basiliche-testimonianze-solenni-del-passato\\\/#primaryimage\",\"url\":\"https:\\\/\\\/www.turismoitinerante.com\\\/site\\\/wp-content\\\/uploads\\\/2015\\\/02\\\/palazzi-basiliche-viaggio-italia.jpg\",\"contentUrl\":\"https:\\\/\\\/www.turismoitinerante.com\\\/site\\\/wp-content\\\/uploads\\\/2015\\\/02\\\/palazzi-basiliche-viaggio-italia.jpg\",\"width\":660,\"height\":371},{\"@type\":\"BreadcrumbList\",\"@id\":\"https:\\\/\\\/www.turismoitinerante.com\\\/site\\\/un-viaggio-nel-passato-tra-palazzi-e-basiliche-testimonianze-solenni-del-passato\\\/#breadcrumb\",\"itemListElement\":[{\"@type\":\"ListItem\",\"position\":1,\"name\":\"Home\",\"item\":\"https:\\\/\\\/www.turismoitinerante.com\\\/site\\\/\"},{\"@type\":\"ListItem\",\"position\":2,\"name\":\"Un viaggio nel passato tra palazzi e basiliche, testimonianze solenni della storia\"}]},{\"@type\":\"WebSite\",\"@id\":\"https:\\\/\\\/www.turismoitinerante.com\\\/site\\\/#website\",\"url\":\"https:\\\/\\\/www.turismoitinerante.com\\\/site\\\/\",\"name\":\"TI - Turismo Itinerante\",\"description\":\"Ritrovarsi su internet per informarsi, per informare. Il portale del turismo itinerante. Una infinit\u00e0 di notizie su camper, itinerari, aree sosta camper, concessionari, campeggi, agriturismo, raduni, sagre, fiere, mostre, associazioni, club, forum, bacheca annunci\",\"potentialAction\":[{\"@type\":\"SearchAction\",\"target\":{\"@type\":\"EntryPoint\",\"urlTemplate\":\"https:\\\/\\\/www.turismoitinerante.com\\\/site\\\/?s={search_term_string}\"},\"query-input\":{\"@type\":\"PropertyValueSpecification\",\"valueRequired\":true,\"valueName\":\"search_term_string\"}}],\"inLanguage\":\"it-IT\"},{\"@type\":\"Person\",\"@id\":\"https:\\\/\\\/www.turismoitinerante.com\\\/site\\\/#\\\/schema\\\/person\\\/1e1238d2d1617438f3682e54bf4d6c05\",\"name\":\"admin\",\"image\":{\"@type\":\"ImageObject\",\"inLanguage\":\"it-IT\",\"@id\":\"https:\\\/\\\/secure.gravatar.com\\\/avatar\\\/9102d8c23b35e2809b07ebc42ce126daa3d6a47cce9878a22d14d9852ade629e?s=96&d=mm&r=g\",\"url\":\"https:\\\/\\\/secure.gravatar.com\\\/avatar\\\/9102d8c23b35e2809b07ebc42ce126daa3d6a47cce9878a22d14d9852ade629e?s=96&d=mm&r=g\",\"contentUrl\":\"https:\\\/\\\/secure.gravatar.com\\\/avatar\\\/9102d8c23b35e2809b07ebc42ce126daa3d6a47cce9878a22d14d9852ade629e?s=96&d=mm&r=g\",\"caption\":\"admin\"},\"url\":\"https:\\\/\\\/www.turismoitinerante.com\\\/site\\\/author\\\/admin\\\/\"}]}<\/script>\n<!-- \/ Yoast SEO plugin. -->","yoast_head_json":{"title":"Un viaggio nel passato tra palazzi e basiliche, testimonianze solenni della storia - TI - Turismo Itinerante","robots":{"index":"index","follow":"follow","max-snippet":"max-snippet:-1","max-image-preview":"max-image-preview:large","max-video-preview":"max-video-preview:-1"},"canonical":"https:\/\/www.turismoitinerante.com\/site\/un-viaggio-nel-passato-tra-palazzi-e-basiliche-testimonianze-solenni-del-passato\/","og_locale":"it_IT","og_type":"article","og_title":"Un viaggio nel passato tra palazzi e basiliche, testimonianze solenni della storia - TI - Turismo Itinerante","og_description":"Luoghi di culto, cultura e ispirazione. Dove trovare le pi\u00f9 antiche atmosfere della storia. Un viaggio nel passato, partendo dalle origini del Medioevo ai primi albori del Rinascimento, dai luoghi pi\u00f9 raccolti e solenni a quelli di rinascita creativa. Le Citt\u00e0 d&#8217;arte della Pianura Padana ripercorrono i capitoli di una lunga storia, ricca di sfumature [&hellip;]","og_url":"https:\/\/www.turismoitinerante.com\/site\/un-viaggio-nel-passato-tra-palazzi-e-basiliche-testimonianze-solenni-del-passato\/","og_site_name":"TI - Turismo Itinerante","article_published_time":"2015-02-17T08:27:24+00:00","article_modified_time":"2015-02-18T08:13:06+00:00","og_image":[{"width":660,"height":371,"url":"https:\/\/www.turismoitinerante.com\/site\/wp-content\/uploads\/2015\/02\/palazzi-basiliche-viaggio-italia.jpg","type":"image\/jpeg"}],"author":"admin","twitter_card":"summary_large_image","twitter_misc":{"Scritto da":"admin","Tempo di lettura stimato":"8 minuti"},"schema":{"@context":"https:\/\/schema.org","@graph":[{"@type":"Article","@id":"https:\/\/www.turismoitinerante.com\/site\/un-viaggio-nel-passato-tra-palazzi-e-basiliche-testimonianze-solenni-del-passato\/#article","isPartOf":{"@id":"https:\/\/www.turismoitinerante.com\/site\/un-viaggio-nel-passato-tra-palazzi-e-basiliche-testimonianze-solenni-del-passato\/"},"author":{"name":"admin","@id":"https:\/\/www.turismoitinerante.com\/site\/#\/schema\/person\/1e1238d2d1617438f3682e54bf4d6c05"},"headline":"Un viaggio nel passato tra palazzi e basiliche, testimonianze solenni della storia","datePublished":"2015-02-17T08:27:24+00:00","dateModified":"2015-02-18T08:13:06+00:00","mainEntityOfPage":{"@id":"https:\/\/www.turismoitinerante.com\/site\/un-viaggio-nel-passato-tra-palazzi-e-basiliche-testimonianze-solenni-del-passato\/"},"wordCount":1638,"image":{"@id":"https:\/\/www.turismoitinerante.com\/site\/un-viaggio-nel-passato-tra-palazzi-e-basiliche-testimonianze-solenni-del-passato\/#primaryimage"},"thumbnailUrl":"https:\/\/www.turismoitinerante.com\/site\/wp-content\/uploads\/2015\/02\/palazzi-basiliche-viaggio-italia.jpg","articleSection":["Turismo"],"inLanguage":"it-IT"},{"@type":"WebPage","@id":"https:\/\/www.turismoitinerante.com\/site\/un-viaggio-nel-passato-tra-palazzi-e-basiliche-testimonianze-solenni-del-passato\/","url":"https:\/\/www.turismoitinerante.com\/site\/un-viaggio-nel-passato-tra-palazzi-e-basiliche-testimonianze-solenni-del-passato\/","name":"Un viaggio nel passato tra palazzi e basiliche, testimonianze solenni della storia - TI - Turismo Itinerante","isPartOf":{"@id":"https:\/\/www.turismoitinerante.com\/site\/#website"},"primaryImageOfPage":{"@id":"https:\/\/www.turismoitinerante.com\/site\/un-viaggio-nel-passato-tra-palazzi-e-basiliche-testimonianze-solenni-del-passato\/#primaryimage"},"image":{"@id":"https:\/\/www.turismoitinerante.com\/site\/un-viaggio-nel-passato-tra-palazzi-e-basiliche-testimonianze-solenni-del-passato\/#primaryimage"},"thumbnailUrl":"https:\/\/www.turismoitinerante.com\/site\/wp-content\/uploads\/2015\/02\/palazzi-basiliche-viaggio-italia.jpg","datePublished":"2015-02-17T08:27:24+00:00","dateModified":"2015-02-18T08:13:06+00:00","author":{"@id":"https:\/\/www.turismoitinerante.com\/site\/#\/schema\/person\/1e1238d2d1617438f3682e54bf4d6c05"},"breadcrumb":{"@id":"https:\/\/www.turismoitinerante.com\/site\/un-viaggio-nel-passato-tra-palazzi-e-basiliche-testimonianze-solenni-del-passato\/#breadcrumb"},"inLanguage":"it-IT","potentialAction":[{"@type":"ReadAction","target":["https:\/\/www.turismoitinerante.com\/site\/un-viaggio-nel-passato-tra-palazzi-e-basiliche-testimonianze-solenni-del-passato\/"]}]},{"@type":"ImageObject","inLanguage":"it-IT","@id":"https:\/\/www.turismoitinerante.com\/site\/un-viaggio-nel-passato-tra-palazzi-e-basiliche-testimonianze-solenni-del-passato\/#primaryimage","url":"https:\/\/www.turismoitinerante.com\/site\/wp-content\/uploads\/2015\/02\/palazzi-basiliche-viaggio-italia.jpg","contentUrl":"https:\/\/www.turismoitinerante.com\/site\/wp-content\/uploads\/2015\/02\/palazzi-basiliche-viaggio-italia.jpg","width":660,"height":371},{"@type":"BreadcrumbList","@id":"https:\/\/www.turismoitinerante.com\/site\/un-viaggio-nel-passato-tra-palazzi-e-basiliche-testimonianze-solenni-del-passato\/#breadcrumb","itemListElement":[{"@type":"ListItem","position":1,"name":"Home","item":"https:\/\/www.turismoitinerante.com\/site\/"},{"@type":"ListItem","position":2,"name":"Un viaggio nel passato tra palazzi e basiliche, testimonianze solenni della storia"}]},{"@type":"WebSite","@id":"https:\/\/www.turismoitinerante.com\/site\/#website","url":"https:\/\/www.turismoitinerante.com\/site\/","name":"TI - Turismo Itinerante","description":"Ritrovarsi su internet per informarsi, per informare. Il portale del turismo itinerante. Una infinit\u00e0 di notizie su camper, itinerari, aree sosta camper, concessionari, campeggi, agriturismo, raduni, sagre, fiere, mostre, associazioni, club, forum, bacheca annunci","potentialAction":[{"@type":"SearchAction","target":{"@type":"EntryPoint","urlTemplate":"https:\/\/www.turismoitinerante.com\/site\/?s={search_term_string}"},"query-input":{"@type":"PropertyValueSpecification","valueRequired":true,"valueName":"search_term_string"}}],"inLanguage":"it-IT"},{"@type":"Person","@id":"https:\/\/www.turismoitinerante.com\/site\/#\/schema\/person\/1e1238d2d1617438f3682e54bf4d6c05","name":"admin","image":{"@type":"ImageObject","inLanguage":"it-IT","@id":"https:\/\/secure.gravatar.com\/avatar\/9102d8c23b35e2809b07ebc42ce126daa3d6a47cce9878a22d14d9852ade629e?s=96&d=mm&r=g","url":"https:\/\/secure.gravatar.com\/avatar\/9102d8c23b35e2809b07ebc42ce126daa3d6a47cce9878a22d14d9852ade629e?s=96&d=mm&r=g","contentUrl":"https:\/\/secure.gravatar.com\/avatar\/9102d8c23b35e2809b07ebc42ce126daa3d6a47cce9878a22d14d9852ade629e?s=96&d=mm&r=g","caption":"admin"},"url":"https:\/\/www.turismoitinerante.com\/site\/author\/admin\/"}]}},"_links":{"self":[{"href":"https:\/\/www.turismoitinerante.com\/site\/wp-json\/wp\/v2\/posts\/30677","targetHints":{"allow":["GET"]}}],"collection":[{"href":"https:\/\/www.turismoitinerante.com\/site\/wp-json\/wp\/v2\/posts"}],"about":[{"href":"https:\/\/www.turismoitinerante.com\/site\/wp-json\/wp\/v2\/types\/post"}],"author":[{"embeddable":true,"href":"https:\/\/www.turismoitinerante.com\/site\/wp-json\/wp\/v2\/users\/1"}],"replies":[{"embeddable":true,"href":"https:\/\/www.turismoitinerante.com\/site\/wp-json\/wp\/v2\/comments?post=30677"}],"version-history":[{"count":5,"href":"https:\/\/www.turismoitinerante.com\/site\/wp-json\/wp\/v2\/posts\/30677\/revisions"}],"predecessor-version":[{"id":30693,"href":"https:\/\/www.turismoitinerante.com\/site\/wp-json\/wp\/v2\/posts\/30677\/revisions\/30693"}],"wp:featuredmedia":[{"embeddable":true,"href":"https:\/\/www.turismoitinerante.com\/site\/wp-json\/wp\/v2\/media\/30679"}],"wp:attachment":[{"href":"https:\/\/www.turismoitinerante.com\/site\/wp-json\/wp\/v2\/media?parent=30677"}],"wp:term":[{"taxonomy":"category","embeddable":true,"href":"https:\/\/www.turismoitinerante.com\/site\/wp-json\/wp\/v2\/categories?post=30677"},{"taxonomy":"post_tag","embeddable":true,"href":"https:\/\/www.turismoitinerante.com\/site\/wp-json\/wp\/v2\/tags?post=30677"}],"curies":[{"name":"wp","href":"https:\/\/api.w.org\/{rel}","templated":true}]}}