{"id":30665,"date":"2015-02-16T10:39:50","date_gmt":"2015-02-16T09:39:50","guid":{"rendered":"http:\/\/www.turismoitinerante.com\/site\/?p=30665"},"modified":"2015-02-16T10:39:50","modified_gmt":"2015-02-16T09:39:50","slug":"qoco-un-filo-dolio-nel-piatto-esordio-a-milano-per-la-xv-edizione-dellevento","status":"publish","type":"post","link":"https:\/\/www.turismoitinerante.com\/site\/qoco-un-filo-dolio-nel-piatto-esordio-a-milano-per-la-xv-edizione-dellevento\/","title":{"rendered":"Qoco &#8211; Un Filo d\u2019Olio nel Piatto: Esordio a Milano per la XV edizione dell&#8217;evento"},"content":{"rendered":"<p>Una conferenza stampa sul tema \u201cExtravergine di oliva. Dall&#8217;omologazione al terroir. Monocultivar nobili d&#8217;Italia: sua maest\u00e0 la Coratina\u201d \u00e8 stata programmata\u00a0 presso la prestigiosa sede di milanese di Eataly, organizzata nell&#8217;ambito della XV^ edizione di \u201cQoco &#8211; Un Filo d\u2019Olio nel Piatto\u201d, kermesse dedicata all&#8217;olio extra vergine da solo olive Coratina.<\/p>\n<p><a href=\"http:\/\/www.turismoitinerante.com\/site\/wp-content\/uploads\/2015\/02\/qoco-1936-pag.jpg\"><img decoding=\"async\" class=\"aligncenter size-full wp-image-30666\" alt=\"qoco 1936 pag\" src=\"http:\/\/www.turismoitinerante.com\/site\/wp-content\/uploads\/2015\/02\/qoco-1936-pag.jpg\" width=\"625\" height=\"347\" srcset=\"https:\/\/www.turismoitinerante.com\/site\/wp-content\/uploads\/2015\/02\/qoco-1936-pag.jpg 625w, https:\/\/www.turismoitinerante.com\/site\/wp-content\/uploads\/2015\/02\/qoco-1936-pag-300x166.jpg 300w, https:\/\/www.turismoitinerante.com\/site\/wp-content\/uploads\/2015\/02\/qoco-1936-pag-400x222.jpg 400w\" sizes=\"(max-width: 625px) 100vw, 625px\" \/><\/a><\/p>\n<p>Fari accesi sull\u2019olio andriese da olive Coratina. A organizzare una giornata totalmente all\u2019insegna dell\u2019extra vergine \u00e8 l&#8217;amministrazione comunale di Andria \u2013 per il tramite dell&#8217;assessorato allo sviluppo economico &#8211; nell&#8217;intento di promuovere adeguatamente il territorio pi\u00f9 olivetato d\u2019Italia e rilanciare in grande stile un olio monovarietale gi\u00e0 molto noto, che si sta vieppi\u00f9 imponendo all\u2019attenzione dei consumatori per le sue grandi performance a \u201ccotto\u201d e a \u201ccrudo\u201d.<\/p>\n<p>Sul tema hanno relazionato l\u2019oleologo di fama internazionale Luigi Caricato, direttore di Olio Officina, ed il professor Maurizio Servili, del Dipartimento di Scienze Alimentari dell\u2019Universit\u00e0 di Perugia.<\/p>\n<p>Con loro il sindaco di Andria, Nicola Giorgino; l&#8217;assessore allo Sviluppo Economico, nonch\u00e9 vice presidente dell&#8217;Associazione Nazionale Citt\u00e0 dell\u2019Olio, Benedetto Miscioscia; l&#8217;assessore al Turismo, Antonio Nespoli; il direttore del Gal \u201cLe citt\u00e0 di Castel del Monte\u201d, Paolo De Leonardis; oltre agli chef Pietro Zito, del ristorante \u201cAntichi Sapori\u201d di Montegrosso-Andria e Viviana Varese, di \u201cAlice Ristorante Milano\u201d, insignita di ben due stelle Michelin .<\/p>\n<p>L\u2019incontro milanese apre di fatto la XV edizione di Qoco e si propone di rafforzare il ruolo di primo piano che l\u2019olio da olive \u201cCoratina\u201d ha assunto nel corso dei decenni sul fronte delle produzioni olearie nazionali. Un\u00a0\u00a0 ricco programma si svolge il\u00a0 27 febbraio 2015, quando Andria diventa centro propulsore di nuove formulazioni gastronomiche a base di olio extra vergine di oliva e polo di attrazione di piccoli e grandi eventi sempre sul tema specifico.<\/p>\n<p>La scelta di Milano non \u00e8 casuale, perch\u00e9 citt\u00e0 \u201ceuropea\u201d ormai smaliziata ed incline a valorizzare i migliori cr\u00f9 sul mercato, e gli oli da \u201cCoratina\u201d rappresentano senza dubbio una punta di diamante nel panorama oleario nazionale ed internazionale.<\/p>\n<p><a href=\"http:\/\/www.turismoitinerante.com\/site\/wp-content\/uploads\/2015\/02\/qoco-1948-ricetta2.jpg\"><img decoding=\"async\" class=\"alignright size-full wp-image-30667\" alt=\"qoco 1948 ricetta2\" src=\"http:\/\/www.turismoitinerante.com\/site\/wp-content\/uploads\/2015\/02\/qoco-1948-ricetta2.jpg\" width=\"322\" height=\"417\" srcset=\"https:\/\/www.turismoitinerante.com\/site\/wp-content\/uploads\/2015\/02\/qoco-1948-ricetta2.jpg 322w, https:\/\/www.turismoitinerante.com\/site\/wp-content\/uploads\/2015\/02\/qoco-1948-ricetta2-231x300.jpg 231w\" sizes=\"(max-width: 322px) 100vw, 322px\" \/><\/a>L\u2019occasione della conferenza\u00a0 ha\u00a0 offerto\u00a0 la possibilit\u00e0 di scoprire le molteplici formule espressive che possono derivare dall\u2019impiego a crudo e in cottura di un olio cos\u00ec sensorialmente potente, ma certamente altrettanto fascinoso, pur nella forte personalit\u00e0 che lo contraddistingue. Tra gli artefici di questa coniugazione di gusti, nell\u2019incontro tra le varie materie prime alimentari, gli chef Pietro Zito e Viviana Varese,\u00a0 protagonisti presso \u201cAlice Ristorante\u201d, con sede proprio nello spazio Eataly Milano (ex Teatro Smeraldo), di un laboratorio di cucina \u201cdedicato\u201d alla \u201cCoratina\u201d, nell\u2019intento di scoprire ( e di far riscoprire) la specifica identit\u00e0 di un olio non ancora del tutto esplorato, eppure ricco di molte sorprese. Per il palato e la salute.<\/p>\n<p>\u201c Dopo Eataly Torino, Eataly Bari e Eataly Roma \u2013 ha sottolineato il sindaco di Andria, Nicola Giorgino &#8211; si pu\u00f2 dire che \u201cQoco\u201d chiude il cerchio con Eataly Milano e lo fa in maniera del tutto appropriata nella citt\u00e0 che ospiter\u00e0 da maggio la pi\u00f9 grande esposizione universale mondiale. Expo 2015, poi, \u00e8 ispirata ad un tema, \u201c Nutrire il Pianeta\u201d, che appare in evidente e totale sintonia con la mission di un evento come \u201cQoco\u201d, che tiene alto da ben 15 anni il vessillo di un prodotto cardine della sana e corretta alimentazione e di quella dieta mediterranea a giusta ragione considerata patrimonio universale dell&#8217;Unesco\u201d.<\/p>\n<p>\u201c La Salute con Gusto \u00e8 stato lo slogan che ci ha accompagnato in tutte le edizioni di Qoco del mio mandato \u2013 ha ricordato l&#8217;assessore allo sviluppo economico Benedetto Miscioscia \u2013 ed oggi tale slogan appare sempre pi\u00f9 calzante ed appropriato. Perch\u00e8 l&#8217;Olio di Andria, l&#8217;extravergine da cultivar coratina, si sta imponendo su un duplice fronte: quello dell&#8217;utilizzo in cucina, dove sempre pi\u00f9 chef e gourmet lo inseriscono nelle loro preparazioni a cotto e a crudo per sedurre i palati pi\u00f9 fini; e quello salutistico \u2013 nutrizionale, alla luce di recenti e prestigiosi studi scientifici che ne avvalorano qualit\u00e0 organolettiche e \u201cpeculiarit\u00e0 superiori\u201d se non addirittura uniche nel panorama mondiale degli oli extravergine. E per sostenere questa nostra profonda convinzione \u2013 ha concluso Miscioscia \u2013 quest&#8217;anno abbiamo voluto<\/p>\n<p>premiare, nel nostro piccolo, l&#8217;intero comparto oleario cittadino, realizzando uno spot sull&#8217;Olio di Andria che sar\u00e0 irradiato\u00a0 su scala nazionale sulle reti Mediaset. E&#8217; il nostro modo di dire grazie agli agricoltori, ai produttori e a quanti amano la nostra Terra dedicandole ogni giorno lavoro, sacrifici e passione\u201d.<\/p>\n<p>Dopo le sperimentazioni artigianali degli scorsi anni, Qoco accoglie la proposta dell&#8217;Accademia di\u00a0Formazione \u201c La Fabbrica del Sapere\u201d e lancia la prima edizione del Concorso \u201c Maestro\u00a0Gelatiere\/Citt\u00e0 di Andria\u201d che premier\u00e0 la miglior performance golosa di gelato a base (anche) di\u00a0olio extravergine di oliva \u201c cultivar coratina\u201d.<\/p>\n<p>\u201cAbbiamo accolto con grande favore la sollecitazione che ci \u00e8 giunta dalla Fabbrica del Sapere \u2013 ha\u00a0dichiarato l&#8217;Assessore alle Attivit\u00e0 Produttive della Citt\u00e0 di Andria, Benedetto Miscioscia. L&#8217;idea di\u00a0un concorso per gelatieri utile a introdurre il nostro Extravergine tra i vari ingredienti, ci \u00e8 parsa\u00a0subito in perfetta sintonia con la mission di Qoco. Ci auguriamo pertanto che questa prima edizione\u00a0del concorso \u2013 gi\u00e0 numericamente positiva &#8211; possa crescere e consolidarsi negli anni a venire\u201d.<\/p>\n<p>\u201cIl gelato artigianale italiano \u2013 ha sottolineato Vito di Lernia, presidente della Fabbrica del Sapere &#8211;\u00a0\u00e8 unanimemente riconosciuto come il miglior gelato al mondo. Un prodotto che nasce non soltanto\u00a0dalla selezione di ingredienti di alta qualit\u00e0, ma anche da un corretto bilanciamento degli stessi\u00a0ingredienti e, soprattutto, dalla sapienza artigianale dei nostri gelatieri. Noi abbiamo inteso\u00a0introdurre all&#8217;interno di ricette tradizionali un elemento innovativo quale l&#8217;Olio Extravergine\u00a0Cultivar Coratina. Una sorta di omaggio al prodotto di eccellenza del nostro territorio ed insieme\u00a0una sollecitazione alla creazione di una ricetta sicuramente golosa, di grande valore nutrizionale e<\/p>\n<p>dal forte connotato salutistico.<\/p>\n<p>L\u2019olio di oliva da cultivar coratina<\/p>\n<p>L\u2019olio extravergine tipico di Andria \u00e8 quello prodotto con olive della variet\u00e0 \u201cCoratina\u201d, coltivate alle pendici di Castel del Monte, dal caratteristico pizzicore che si percepisce alla gola, sinonimo di genuinit\u00e0 e autenticit\u00e0 dell\u2019olio, dovuto all\u2019elevata presenza di \u201cpolifenoli\u201d che conferiscono all\u2019olio una bassissima acidit\u00e0, rispetto alla media e che contribuiscono a migliorare la resistenza all\u2019ossidazione rendendolo il pi\u00f9 longevo tra gli oli extravergine di oliva in commercio.<\/p>\n<p>Questa caratteristica associata anche ad un elevato contenuto di acido oleico (acido monoinsaturo), gli conferisce il titolo di \u201cfruttato di Andria\u201d.<\/p>\n<p>Caratteristica determinata anche dalla modalit\u00e0 della raccolta delle olive sane in leggero anticipo che consente di conferire all\u2019olio quelle propriet\u00e0 salutistiche e sensoriali che rappresentano i veri elementi di esclusivit\u00e0 della sua composizione particolarmente ricca di polifenoli, ai quali l\u2019Autorit\u00e0 Europea per la Sicurezza Alimentare (EFSA) ha manifestato parere positivo circa il riconoscimento e, quindi, la corrispondente comunicazione al consumatore delle propriet\u00e0 salutistiche dei composti fenolici dell\u2019olio di oliva.<\/p>\n<p>In particolare l\u2019EFSA fa riferimento alla \u201ccapacit\u00e0 dell\u2019idrossitirosollo, contenuto nei secoiridoidi, di ridurre l\u2019ossidazione dell\u2019LDL colesterolo (quello \u201ccattivo\u201d) e, quindi, di prevenire alcune malattie cardiovascolari\u201d (Covas 2008 a, 2008 b). Una funzione riconosciuta in seguito a un consumo giornaliero di idrossitirosolo pari ad almeno 5mg. Al giorno (circa 20 gr.) di olio extravergine purch\u00e8 non miscelato.<\/p>\n<p>Oltre agli aspetti strettamente connessi alle attivit\u00e0 antiossidanti e salutistiche, i derivati dei secoiridoidi sono responsabili delle note sensoriali dell\u2019olio extravergine di oliva. Infatti numerose ricerche in corso evidenziano che tali sostanze come l\u2019olealcantale, al quale viene riconosciuta una propriet\u00e0 antinfiammatoria, sono responsabili delle note tipiche di \u201camaro\u201d e \u201cpungente\u201d dell\u2019olio extravergine di oliva. Una caratteristica, questa, che non \u00e8 comune ad altri oli commerciali e che conferisce all\u2019extravergine di Andria un punto di forza indiscutibile.<\/p>\n<p>Dunque l\u2019olio extravergine di \u201cCoratina\u201d prodotto in Andria, soprattutto se consumato crudo, svolge un\u2019azione antiossidante e antinfiammatoria che rafforza il binomio imprescindibile di \u201ccibo e salute\u201d. Un binomio legato ad uno stile di vita riconducibile alla famosa dieta mediterranea alla base della quale c\u2019\u00e8 l\u2019olio extravergine che rappresenta per la nostra cucina un elemento indispensabile sia crudo che cotto.<\/p>\n<p>In particolare consumato crudo l\u2019olio extravergine di \u201cCoratina\u201d si esalta tradizionalmente per condire ed insaporire il pane, le bruschette e le friselle di grano duro con pomodorini, origano e sale, ma \u00e8 indicato molto bene per esaltare il sapore delle zuppe di verdure, dei legumi ma anche alla carne alla brace o al pesce alla griglia. Senza dimenticare la capacit\u00e0 di sposarsi con la gustosa burrata di Andria esaltando una combinazione speciale tra il sapore del latte e quello dell\u2019olio, unica nel suo genere.<\/p>\n<p><em>Testo di\u00a0Franca D.Scotti<\/em><\/p>\n<div class=\"7863122cad8776726ec303240ed69aa5\" data-index=\"4\" style=\"float: none; margin:10px 0 10px 0; text-align:center;\">\n<script async src=\"\/\/pagead2.googlesyndication.com\/pagead\/js\/adsbygoogle.js\"><\/script>\r\n<!-- 728x90, creato 23\/02\/11 -->\r\n<ins class=\"adsbygoogle\"\r\n     style=\"display:inline-block;width:728px;height:90px\"\r\n     data-ad-client=\"ca-pub-5798583071070083\"\r\n     data-ad-slot=\"5935394872\"><\/ins>\r\n<script>\r\n(adsbygoogle = window.adsbygoogle || []).push({});\r\n<\/script>\n<\/div>\n\n<div style=\"font-size: 0px; height: 0px; line-height: 0px; margin: 0; padding: 0; clear: both;\"><\/div>","protected":false},"excerpt":{"rendered":"<p>Una conferenza stampa sul tema \u201cExtravergine di oliva. Dall&#8217;omologazione al terroir. Monocultivar nobili d&#8217;Italia: sua maest\u00e0 la Coratina\u201d \u00e8 stata programmata\u00a0 presso la prestigiosa sede di milanese di Eataly, organizzata nell&#8217;ambito della XV^ edizione di \u201cQoco &#8211; Un Filo d\u2019Olio nel Piatto\u201d, kermesse dedicata all&#8217;olio extra vergine da solo olive Coratina. Fari accesi sull\u2019olio andriese [&hellip;]<\/p>\n","protected":false},"author":1,"featured_media":30666,"comment_status":"closed","ping_status":"open","sticky":false,"template":"","format":"standard","meta":{"ngg_post_thumbnail":0,"jnews-multi-image_gallery":[],"jnews_single_post":[],"jnews_primary_category":[],"jnews_override_counter":[],"footnotes":""},"categories":[643],"tags":[],"class_list":["post-30665","post","type-post","status-publish","format-standard","has-post-thumbnail","hentry","category-itinerari-gustosi"],"yoast_head":"<!-- This site is optimized with the Yoast SEO plugin v27.4 - https:\/\/yoast.com\/product\/yoast-seo-wordpress\/ -->\n<title>Qoco - Un Filo d\u2019Olio nel Piatto: Esordio a Milano per la XV edizione dell&#039;evento - TI - Turismo Itinerante<\/title>\n<meta name=\"robots\" content=\"index, follow, max-snippet:-1, max-image-preview:large, max-video-preview:-1\" \/>\n<link rel=\"canonical\" href=\"https:\/\/www.turismoitinerante.com\/site\/qoco-un-filo-dolio-nel-piatto-esordio-a-milano-per-la-xv-edizione-dellevento\/\" \/>\n<meta property=\"og:locale\" content=\"it_IT\" \/>\n<meta property=\"og:type\" content=\"article\" \/>\n<meta property=\"og:title\" content=\"Qoco - Un Filo d\u2019Olio nel Piatto: Esordio a Milano per la XV edizione dell&#039;evento - TI - Turismo Itinerante\" \/>\n<meta property=\"og:description\" content=\"Una conferenza stampa sul tema \u201cExtravergine di oliva. Dall&#8217;omologazione al terroir. Monocultivar nobili d&#8217;Italia: sua maest\u00e0 la Coratina\u201d \u00e8 stata programmata\u00a0 presso la prestigiosa sede di milanese di Eataly, organizzata nell&#8217;ambito della XV^ edizione di \u201cQoco &#8211; Un Filo d\u2019Olio nel Piatto\u201d, kermesse dedicata all&#8217;olio extra vergine da solo olive Coratina. Fari accesi sull\u2019olio andriese [&hellip;]\" \/>\n<meta property=\"og:url\" content=\"https:\/\/www.turismoitinerante.com\/site\/qoco-un-filo-dolio-nel-piatto-esordio-a-milano-per-la-xv-edizione-dellevento\/\" \/>\n<meta property=\"og:site_name\" content=\"TI - Turismo Itinerante\" \/>\n<meta property=\"article:published_time\" content=\"2015-02-16T09:39:50+00:00\" \/>\n<meta property=\"og:image\" content=\"https:\/\/www.turismoitinerante.com\/site\/wp-content\/uploads\/2015\/02\/qoco-1936-pag.jpg\" \/>\n\t<meta property=\"og:image:width\" content=\"625\" \/>\n\t<meta property=\"og:image:height\" content=\"347\" \/>\n\t<meta property=\"og:image:type\" content=\"image\/jpeg\" \/>\n<meta name=\"author\" content=\"admin\" \/>\n<meta name=\"twitter:card\" content=\"summary_large_image\" \/>\n<meta name=\"twitter:label1\" content=\"Scritto da\" \/>\n\t<meta name=\"twitter:data1\" content=\"admin\" \/>\n\t<meta name=\"twitter:label2\" content=\"Tempo di lettura stimato\" \/>\n\t<meta name=\"twitter:data2\" content=\"7 minuti\" \/>\n<script type=\"application\/ld+json\" class=\"yoast-schema-graph\">{\"@context\":\"https:\\\/\\\/schema.org\",\"@graph\":[{\"@type\":\"Article\",\"@id\":\"https:\\\/\\\/www.turismoitinerante.com\\\/site\\\/qoco-un-filo-dolio-nel-piatto-esordio-a-milano-per-la-xv-edizione-dellevento\\\/#article\",\"isPartOf\":{\"@id\":\"https:\\\/\\\/www.turismoitinerante.com\\\/site\\\/qoco-un-filo-dolio-nel-piatto-esordio-a-milano-per-la-xv-edizione-dellevento\\\/\"},\"author\":{\"name\":\"admin\",\"@id\":\"https:\\\/\\\/www.turismoitinerante.com\\\/site\\\/#\\\/schema\\\/person\\\/1e1238d2d1617438f3682e54bf4d6c05\"},\"headline\":\"Qoco &#8211; Un Filo d\u2019Olio nel Piatto: Esordio a Milano per la XV edizione dell&#8217;evento\",\"datePublished\":\"2015-02-16T09:39:50+00:00\",\"mainEntityOfPage\":{\"@id\":\"https:\\\/\\\/www.turismoitinerante.com\\\/site\\\/qoco-un-filo-dolio-nel-piatto-esordio-a-milano-per-la-xv-edizione-dellevento\\\/\"},\"wordCount\":1413,\"image\":{\"@id\":\"https:\\\/\\\/www.turismoitinerante.com\\\/site\\\/qoco-un-filo-dolio-nel-piatto-esordio-a-milano-per-la-xv-edizione-dellevento\\\/#primaryimage\"},\"thumbnailUrl\":\"https:\\\/\\\/www.turismoitinerante.com\\\/site\\\/wp-content\\\/uploads\\\/2015\\\/02\\\/qoco-1936-pag.jpg\",\"articleSection\":[\"Itinerari Gustosi\"],\"inLanguage\":\"it-IT\"},{\"@type\":\"WebPage\",\"@id\":\"https:\\\/\\\/www.turismoitinerante.com\\\/site\\\/qoco-un-filo-dolio-nel-piatto-esordio-a-milano-per-la-xv-edizione-dellevento\\\/\",\"url\":\"https:\\\/\\\/www.turismoitinerante.com\\\/site\\\/qoco-un-filo-dolio-nel-piatto-esordio-a-milano-per-la-xv-edizione-dellevento\\\/\",\"name\":\"Qoco - Un Filo d\u2019Olio nel Piatto: Esordio a Milano per la XV edizione dell'evento - TI - Turismo Itinerante\",\"isPartOf\":{\"@id\":\"https:\\\/\\\/www.turismoitinerante.com\\\/site\\\/#website\"},\"primaryImageOfPage\":{\"@id\":\"https:\\\/\\\/www.turismoitinerante.com\\\/site\\\/qoco-un-filo-dolio-nel-piatto-esordio-a-milano-per-la-xv-edizione-dellevento\\\/#primaryimage\"},\"image\":{\"@id\":\"https:\\\/\\\/www.turismoitinerante.com\\\/site\\\/qoco-un-filo-dolio-nel-piatto-esordio-a-milano-per-la-xv-edizione-dellevento\\\/#primaryimage\"},\"thumbnailUrl\":\"https:\\\/\\\/www.turismoitinerante.com\\\/site\\\/wp-content\\\/uploads\\\/2015\\\/02\\\/qoco-1936-pag.jpg\",\"datePublished\":\"2015-02-16T09:39:50+00:00\",\"author\":{\"@id\":\"https:\\\/\\\/www.turismoitinerante.com\\\/site\\\/#\\\/schema\\\/person\\\/1e1238d2d1617438f3682e54bf4d6c05\"},\"breadcrumb\":{\"@id\":\"https:\\\/\\\/www.turismoitinerante.com\\\/site\\\/qoco-un-filo-dolio-nel-piatto-esordio-a-milano-per-la-xv-edizione-dellevento\\\/#breadcrumb\"},\"inLanguage\":\"it-IT\",\"potentialAction\":[{\"@type\":\"ReadAction\",\"target\":[\"https:\\\/\\\/www.turismoitinerante.com\\\/site\\\/qoco-un-filo-dolio-nel-piatto-esordio-a-milano-per-la-xv-edizione-dellevento\\\/\"]}]},{\"@type\":\"ImageObject\",\"inLanguage\":\"it-IT\",\"@id\":\"https:\\\/\\\/www.turismoitinerante.com\\\/site\\\/qoco-un-filo-dolio-nel-piatto-esordio-a-milano-per-la-xv-edizione-dellevento\\\/#primaryimage\",\"url\":\"https:\\\/\\\/www.turismoitinerante.com\\\/site\\\/wp-content\\\/uploads\\\/2015\\\/02\\\/qoco-1936-pag.jpg\",\"contentUrl\":\"https:\\\/\\\/www.turismoitinerante.com\\\/site\\\/wp-content\\\/uploads\\\/2015\\\/02\\\/qoco-1936-pag.jpg\",\"width\":625,\"height\":347},{\"@type\":\"BreadcrumbList\",\"@id\":\"https:\\\/\\\/www.turismoitinerante.com\\\/site\\\/qoco-un-filo-dolio-nel-piatto-esordio-a-milano-per-la-xv-edizione-dellevento\\\/#breadcrumb\",\"itemListElement\":[{\"@type\":\"ListItem\",\"position\":1,\"name\":\"Home\",\"item\":\"https:\\\/\\\/www.turismoitinerante.com\\\/site\\\/\"},{\"@type\":\"ListItem\",\"position\":2,\"name\":\"Qoco &#8211; Un Filo d\u2019Olio nel Piatto: Esordio a Milano per la XV edizione dell&#8217;evento\"}]},{\"@type\":\"WebSite\",\"@id\":\"https:\\\/\\\/www.turismoitinerante.com\\\/site\\\/#website\",\"url\":\"https:\\\/\\\/www.turismoitinerante.com\\\/site\\\/\",\"name\":\"TI - Turismo Itinerante\",\"description\":\"Ritrovarsi su internet per informarsi, per informare. Il portale del turismo itinerante. Una infinit\u00e0 di notizie su camper, itinerari, aree sosta camper, concessionari, campeggi, agriturismo, raduni, sagre, fiere, mostre, associazioni, club, forum, bacheca annunci\",\"potentialAction\":[{\"@type\":\"SearchAction\",\"target\":{\"@type\":\"EntryPoint\",\"urlTemplate\":\"https:\\\/\\\/www.turismoitinerante.com\\\/site\\\/?s={search_term_string}\"},\"query-input\":{\"@type\":\"PropertyValueSpecification\",\"valueRequired\":true,\"valueName\":\"search_term_string\"}}],\"inLanguage\":\"it-IT\"},{\"@type\":\"Person\",\"@id\":\"https:\\\/\\\/www.turismoitinerante.com\\\/site\\\/#\\\/schema\\\/person\\\/1e1238d2d1617438f3682e54bf4d6c05\",\"name\":\"admin\",\"image\":{\"@type\":\"ImageObject\",\"inLanguage\":\"it-IT\",\"@id\":\"https:\\\/\\\/secure.gravatar.com\\\/avatar\\\/9102d8c23b35e2809b07ebc42ce126daa3d6a47cce9878a22d14d9852ade629e?s=96&d=mm&r=g\",\"url\":\"https:\\\/\\\/secure.gravatar.com\\\/avatar\\\/9102d8c23b35e2809b07ebc42ce126daa3d6a47cce9878a22d14d9852ade629e?s=96&d=mm&r=g\",\"contentUrl\":\"https:\\\/\\\/secure.gravatar.com\\\/avatar\\\/9102d8c23b35e2809b07ebc42ce126daa3d6a47cce9878a22d14d9852ade629e?s=96&d=mm&r=g\",\"caption\":\"admin\"},\"url\":\"https:\\\/\\\/www.turismoitinerante.com\\\/site\\\/author\\\/admin\\\/\"}]}<\/script>\n<!-- \/ Yoast SEO plugin. -->","yoast_head_json":{"title":"Qoco - Un Filo d\u2019Olio nel Piatto: Esordio a Milano per la XV edizione dell'evento - TI - Turismo Itinerante","robots":{"index":"index","follow":"follow","max-snippet":"max-snippet:-1","max-image-preview":"max-image-preview:large","max-video-preview":"max-video-preview:-1"},"canonical":"https:\/\/www.turismoitinerante.com\/site\/qoco-un-filo-dolio-nel-piatto-esordio-a-milano-per-la-xv-edizione-dellevento\/","og_locale":"it_IT","og_type":"article","og_title":"Qoco - Un Filo d\u2019Olio nel Piatto: Esordio a Milano per la XV edizione dell'evento - TI - Turismo Itinerante","og_description":"Una conferenza stampa sul tema \u201cExtravergine di oliva. Dall&#8217;omologazione al terroir. Monocultivar nobili d&#8217;Italia: sua maest\u00e0 la Coratina\u201d \u00e8 stata programmata\u00a0 presso la prestigiosa sede di milanese di Eataly, organizzata nell&#8217;ambito della XV^ edizione di \u201cQoco &#8211; Un Filo d\u2019Olio nel Piatto\u201d, kermesse dedicata all&#8217;olio extra vergine da solo olive Coratina. Fari accesi sull\u2019olio andriese [&hellip;]","og_url":"https:\/\/www.turismoitinerante.com\/site\/qoco-un-filo-dolio-nel-piatto-esordio-a-milano-per-la-xv-edizione-dellevento\/","og_site_name":"TI - Turismo Itinerante","article_published_time":"2015-02-16T09:39:50+00:00","og_image":[{"width":625,"height":347,"url":"https:\/\/www.turismoitinerante.com\/site\/wp-content\/uploads\/2015\/02\/qoco-1936-pag.jpg","type":"image\/jpeg"}],"author":"admin","twitter_card":"summary_large_image","twitter_misc":{"Scritto da":"admin","Tempo di lettura stimato":"7 minuti"},"schema":{"@context":"https:\/\/schema.org","@graph":[{"@type":"Article","@id":"https:\/\/www.turismoitinerante.com\/site\/qoco-un-filo-dolio-nel-piatto-esordio-a-milano-per-la-xv-edizione-dellevento\/#article","isPartOf":{"@id":"https:\/\/www.turismoitinerante.com\/site\/qoco-un-filo-dolio-nel-piatto-esordio-a-milano-per-la-xv-edizione-dellevento\/"},"author":{"name":"admin","@id":"https:\/\/www.turismoitinerante.com\/site\/#\/schema\/person\/1e1238d2d1617438f3682e54bf4d6c05"},"headline":"Qoco &#8211; Un Filo d\u2019Olio nel Piatto: Esordio a Milano per la XV edizione dell&#8217;evento","datePublished":"2015-02-16T09:39:50+00:00","mainEntityOfPage":{"@id":"https:\/\/www.turismoitinerante.com\/site\/qoco-un-filo-dolio-nel-piatto-esordio-a-milano-per-la-xv-edizione-dellevento\/"},"wordCount":1413,"image":{"@id":"https:\/\/www.turismoitinerante.com\/site\/qoco-un-filo-dolio-nel-piatto-esordio-a-milano-per-la-xv-edizione-dellevento\/#primaryimage"},"thumbnailUrl":"https:\/\/www.turismoitinerante.com\/site\/wp-content\/uploads\/2015\/02\/qoco-1936-pag.jpg","articleSection":["Itinerari Gustosi"],"inLanguage":"it-IT"},{"@type":"WebPage","@id":"https:\/\/www.turismoitinerante.com\/site\/qoco-un-filo-dolio-nel-piatto-esordio-a-milano-per-la-xv-edizione-dellevento\/","url":"https:\/\/www.turismoitinerante.com\/site\/qoco-un-filo-dolio-nel-piatto-esordio-a-milano-per-la-xv-edizione-dellevento\/","name":"Qoco - Un Filo d\u2019Olio nel Piatto: Esordio a Milano per la XV edizione dell'evento - TI - Turismo Itinerante","isPartOf":{"@id":"https:\/\/www.turismoitinerante.com\/site\/#website"},"primaryImageOfPage":{"@id":"https:\/\/www.turismoitinerante.com\/site\/qoco-un-filo-dolio-nel-piatto-esordio-a-milano-per-la-xv-edizione-dellevento\/#primaryimage"},"image":{"@id":"https:\/\/www.turismoitinerante.com\/site\/qoco-un-filo-dolio-nel-piatto-esordio-a-milano-per-la-xv-edizione-dellevento\/#primaryimage"},"thumbnailUrl":"https:\/\/www.turismoitinerante.com\/site\/wp-content\/uploads\/2015\/02\/qoco-1936-pag.jpg","datePublished":"2015-02-16T09:39:50+00:00","author":{"@id":"https:\/\/www.turismoitinerante.com\/site\/#\/schema\/person\/1e1238d2d1617438f3682e54bf4d6c05"},"breadcrumb":{"@id":"https:\/\/www.turismoitinerante.com\/site\/qoco-un-filo-dolio-nel-piatto-esordio-a-milano-per-la-xv-edizione-dellevento\/#breadcrumb"},"inLanguage":"it-IT","potentialAction":[{"@type":"ReadAction","target":["https:\/\/www.turismoitinerante.com\/site\/qoco-un-filo-dolio-nel-piatto-esordio-a-milano-per-la-xv-edizione-dellevento\/"]}]},{"@type":"ImageObject","inLanguage":"it-IT","@id":"https:\/\/www.turismoitinerante.com\/site\/qoco-un-filo-dolio-nel-piatto-esordio-a-milano-per-la-xv-edizione-dellevento\/#primaryimage","url":"https:\/\/www.turismoitinerante.com\/site\/wp-content\/uploads\/2015\/02\/qoco-1936-pag.jpg","contentUrl":"https:\/\/www.turismoitinerante.com\/site\/wp-content\/uploads\/2015\/02\/qoco-1936-pag.jpg","width":625,"height":347},{"@type":"BreadcrumbList","@id":"https:\/\/www.turismoitinerante.com\/site\/qoco-un-filo-dolio-nel-piatto-esordio-a-milano-per-la-xv-edizione-dellevento\/#breadcrumb","itemListElement":[{"@type":"ListItem","position":1,"name":"Home","item":"https:\/\/www.turismoitinerante.com\/site\/"},{"@type":"ListItem","position":2,"name":"Qoco &#8211; Un Filo d\u2019Olio nel Piatto: Esordio a Milano per la XV edizione dell&#8217;evento"}]},{"@type":"WebSite","@id":"https:\/\/www.turismoitinerante.com\/site\/#website","url":"https:\/\/www.turismoitinerante.com\/site\/","name":"TI - Turismo Itinerante","description":"Ritrovarsi su internet per informarsi, per informare. Il portale del turismo itinerante. Una infinit\u00e0 di notizie su camper, itinerari, aree sosta camper, concessionari, campeggi, agriturismo, raduni, sagre, fiere, mostre, associazioni, club, forum, bacheca annunci","potentialAction":[{"@type":"SearchAction","target":{"@type":"EntryPoint","urlTemplate":"https:\/\/www.turismoitinerante.com\/site\/?s={search_term_string}"},"query-input":{"@type":"PropertyValueSpecification","valueRequired":true,"valueName":"search_term_string"}}],"inLanguage":"it-IT"},{"@type":"Person","@id":"https:\/\/www.turismoitinerante.com\/site\/#\/schema\/person\/1e1238d2d1617438f3682e54bf4d6c05","name":"admin","image":{"@type":"ImageObject","inLanguage":"it-IT","@id":"https:\/\/secure.gravatar.com\/avatar\/9102d8c23b35e2809b07ebc42ce126daa3d6a47cce9878a22d14d9852ade629e?s=96&d=mm&r=g","url":"https:\/\/secure.gravatar.com\/avatar\/9102d8c23b35e2809b07ebc42ce126daa3d6a47cce9878a22d14d9852ade629e?s=96&d=mm&r=g","contentUrl":"https:\/\/secure.gravatar.com\/avatar\/9102d8c23b35e2809b07ebc42ce126daa3d6a47cce9878a22d14d9852ade629e?s=96&d=mm&r=g","caption":"admin"},"url":"https:\/\/www.turismoitinerante.com\/site\/author\/admin\/"}]}},"_links":{"self":[{"href":"https:\/\/www.turismoitinerante.com\/site\/wp-json\/wp\/v2\/posts\/30665","targetHints":{"allow":["GET"]}}],"collection":[{"href":"https:\/\/www.turismoitinerante.com\/site\/wp-json\/wp\/v2\/posts"}],"about":[{"href":"https:\/\/www.turismoitinerante.com\/site\/wp-json\/wp\/v2\/types\/post"}],"author":[{"embeddable":true,"href":"https:\/\/www.turismoitinerante.com\/site\/wp-json\/wp\/v2\/users\/1"}],"replies":[{"embeddable":true,"href":"https:\/\/www.turismoitinerante.com\/site\/wp-json\/wp\/v2\/comments?post=30665"}],"version-history":[{"count":1,"href":"https:\/\/www.turismoitinerante.com\/site\/wp-json\/wp\/v2\/posts\/30665\/revisions"}],"predecessor-version":[{"id":30668,"href":"https:\/\/www.turismoitinerante.com\/site\/wp-json\/wp\/v2\/posts\/30665\/revisions\/30668"}],"wp:featuredmedia":[{"embeddable":true,"href":"https:\/\/www.turismoitinerante.com\/site\/wp-json\/wp\/v2\/media\/30666"}],"wp:attachment":[{"href":"https:\/\/www.turismoitinerante.com\/site\/wp-json\/wp\/v2\/media?parent=30665"}],"wp:term":[{"taxonomy":"category","embeddable":true,"href":"https:\/\/www.turismoitinerante.com\/site\/wp-json\/wp\/v2\/categories?post=30665"},{"taxonomy":"post_tag","embeddable":true,"href":"https:\/\/www.turismoitinerante.com\/site\/wp-json\/wp\/v2\/tags?post=30665"}],"curies":[{"name":"wp","href":"https:\/\/api.w.org\/{rel}","templated":true}]}}