{"id":30504,"date":"2015-01-27T15:40:15","date_gmt":"2015-01-27T14:40:15","guid":{"rendered":"http:\/\/www.turismoitinerante.com\/site\/?p=30504"},"modified":"2015-09-07T16:05:11","modified_gmt":"2015-09-07T15:05:11","slug":"a-italia-vacanze-veniteci-in-camper-il-raduno","status":"publish","type":"post","link":"https:\/\/www.turismoitinerante.com\/site\/a-italia-vacanze-veniteci-in-camper-il-raduno\/","title":{"rendered":"A Italia Vacanze veniteci in camper &#8211; il Raduno di Novegro"},"content":{"rendered":"<p><b>Da 41 anni Italia Vacanze \u00e8 luogo di incontro per appassionati del turismo all\u2019aria aperta. Chi viene in camper \u00e8 benvenuto, grazie ai servizi e alle attivit\u00e0 messe a punto da quattro organizzazioni specializzate lombarde.<\/b><\/p>\n<p>Anche quest\u2019anno l\u2019organizzazione dell\u2019accoglienza dei camper a Italia Vacanze \u00e8 stata affidata a degli specialisti. Si tratta delle quattro associazioni ACTI Milano, Io Viaggio in Camper, Camper Club Italiano e Federcampeggio Lombardia che hanno organizzato anche l\u2019intrattenimento serale e le visite guidate alla citt\u00e0 di Milano.<\/p>\n<p><a href=\"http:\/\/www.turismoitinerante.com\/site\/wp-content\/uploads\/2015\/01\/NOVEGRO_in_camper.jpg\"><img decoding=\"async\" class=\"aligncenter size-full wp-image-30505\" alt=\"NOVEGRO_in_camper\" src=\"http:\/\/www.turismoitinerante.com\/site\/wp-content\/uploads\/2015\/01\/NOVEGRO_in_camper.jpg\" width=\"660\" height=\"413\" srcset=\"https:\/\/www.turismoitinerante.com\/site\/wp-content\/uploads\/2015\/01\/NOVEGRO_in_camper.jpg 660w, https:\/\/www.turismoitinerante.com\/site\/wp-content\/uploads\/2015\/01\/NOVEGRO_in_camper-300x187.jpg 300w, https:\/\/www.turismoitinerante.com\/site\/wp-content\/uploads\/2015\/01\/NOVEGRO_in_camper-400x250.jpg 400w\" sizes=\"(max-width: 660px) 100vw, 660px\" \/><\/a><\/p>\n<p>Tutti i camperisti possono partecipare (senza bisogno di essere iscritti ad alcuna associazione) e potranno usufruire di parcheggi in area riservata con possibilit\u00e0 di carico acqua, di usufruire servizi igienici, del bar e del ristoro.<\/p>\n<p>Il programma prevede sia venerd\u00ec sia sabato sera delle serate danzanti con musica dal vivo. Chi lo desidera pu\u00f2 partecipare sabato mattina, con autobus riservato, a una visita guidata nel centro storico Milano che porter\u00e0 alla scoperta di Santa Maria presso San Satiro, basilica famosa per il coro prospettico del Bramante e della Chiesa di San Bernardino alle Ossa presso la cosiddetta zona del \u201cVerziere\u201d. Sabato pomeriggio la visita si sposta verso la Chiesa di S. Maurizio al Monastero Maggiore, famosa per il ciclo di affreschi del XVI secolo di Bernardino Luini, e il Museo Archeologico di Milano collocato nell\u2019ex Monastero Maggiore fondato nel VIII secolo.<\/p>\n<p>Il costo per il parcheggio e l\u2019ingresso alla manifestazione dal venerd\u00ec alla domenica \u00e8 di\u00a0 \u20ac 15,00 per un equipaggio di 2 persone (ogni persona in pi\u00f9 \u20ac 5, ragazzi sino a 18 anni gratis). Non occorre prenotazione<\/p>\n<p>Visita facoltativa a Milano: \u20ac 10 a persona, ragazzi sino a 18 anni gratis con prenotazione obbligatoria. Per informazioni e prenotazioni: ACTI Milano tel. 3389381774 www.actimilano.it actimilano@teletu.it<\/p>\n<p><b>Informazioni utili<\/b><\/p>\n<p>La fiera si terr\u00e0 dal 6 all\u20198 marzo 2015 &#8211; Orari: dalle ore 10 alle 19<\/p>\n<p>Prezzi: adulti euro 10, da 6 a 12 anni euro 5; ingresso gratuito fino a 6 anni<\/p>\n<p><span style=\"text-decoration: underline;\"><strong><a href=\"http:\/\/www.parcoesposizioninovegro.it\/\" target=\"_blank\">www.parcoesposizioninovegro.it<\/a><\/strong><\/span><\/p>\n<div class=\"7863122cad8776726ec303240ed69aa5\" data-index=\"4\" style=\"float: none; margin:10px 0 10px 0; text-align:center;\">\n<script async src=\"\/\/pagead2.googlesyndication.com\/pagead\/js\/adsbygoogle.js\"><\/script>\r\n<!-- 728x90, creato 23\/02\/11 -->\r\n<ins class=\"adsbygoogle\"\r\n     style=\"display:inline-block;width:728px;height:90px\"\r\n     data-ad-client=\"ca-pub-5798583071070083\"\r\n     data-ad-slot=\"5935394872\"><\/ins>\r\n<script>\r\n(adsbygoogle = window.adsbygoogle || []).push({});\r\n<\/script>\n<\/div>\n\n<div style=\"font-size: 0px; height: 0px; line-height: 0px; margin: 0; padding: 0; clear: both;\"><\/div>","protected":false},"excerpt":{"rendered":"<p>Da 41 anni Italia Vacanze \u00e8 luogo di incontro per appassionati del turismo all\u2019aria aperta. Chi viene in camper \u00e8 benvenuto, grazie ai servizi e alle attivit\u00e0 messe a punto da quattro organizzazioni specializzate lombarde. Anche quest\u2019anno l\u2019organizzazione dell\u2019accoglienza dei camper a Italia Vacanze \u00e8 stata affidata a degli specialisti. Si tratta delle quattro associazioni [&hellip;]<\/p>\n","protected":false},"author":1,"featured_media":30505,"comment_status":"closed","ping_status":"open","sticky":false,"template":"","format":"standard","meta":{"ngg_post_thumbnail":0,"jnews-multi-image_gallery":[],"jnews_single_post":[],"jnews_primary_category":[],"jnews_override_counter":[],"footnotes":""},"categories":[642],"tags":[467],"class_list":["post-30504","post","type-post","status-publish","format-standard","has-post-thumbnail","hentry","category-caravanning","tag-italia-vacanze"],"yoast_head":"<!-- This site is optimized with the Yoast SEO plugin v27.4 - https:\/\/yoast.com\/product\/yoast-seo-wordpress\/ -->\n<title>A Italia Vacanze veniteci in camper - il Raduno di Novegro - TI - Turismo Itinerante<\/title>\n<meta name=\"robots\" content=\"index, follow, max-snippet:-1, max-image-preview:large, max-video-preview:-1\" \/>\n<link rel=\"canonical\" href=\"https:\/\/www.turismoitinerante.com\/site\/a-italia-vacanze-veniteci-in-camper-il-raduno\/\" \/>\n<meta property=\"og:locale\" content=\"it_IT\" \/>\n<meta property=\"og:type\" content=\"article\" \/>\n<meta property=\"og:title\" content=\"A Italia Vacanze veniteci in camper - il Raduno di Novegro - TI - Turismo Itinerante\" \/>\n<meta property=\"og:description\" content=\"Da 41 anni Italia Vacanze \u00e8 luogo di incontro per appassionati del turismo all\u2019aria aperta. Chi viene in camper \u00e8 benvenuto, grazie ai servizi e alle attivit\u00e0 messe a punto da quattro organizzazioni specializzate lombarde. Anche quest\u2019anno l\u2019organizzazione dell\u2019accoglienza dei camper a Italia Vacanze \u00e8 stata affidata a degli specialisti. Si tratta delle quattro associazioni [&hellip;]\" \/>\n<meta property=\"og:url\" content=\"https:\/\/www.turismoitinerante.com\/site\/a-italia-vacanze-veniteci-in-camper-il-raduno\/\" \/>\n<meta property=\"og:site_name\" content=\"TI - Turismo Itinerante\" \/>\n<meta property=\"article:published_time\" content=\"2015-01-27T14:40:15+00:00\" \/>\n<meta property=\"article:modified_time\" content=\"2015-09-07T15:05:11+00:00\" \/>\n<meta property=\"og:image\" content=\"https:\/\/www.turismoitinerante.com\/site\/wp-content\/uploads\/2015\/01\/NOVEGRO_in_camper.jpg\" \/>\n\t<meta property=\"og:image:width\" content=\"660\" \/>\n\t<meta property=\"og:image:height\" content=\"413\" \/>\n\t<meta property=\"og:image:type\" content=\"image\/jpeg\" \/>\n<meta name=\"author\" content=\"admin\" \/>\n<meta name=\"twitter:card\" content=\"summary_large_image\" \/>\n<meta name=\"twitter:label1\" content=\"Scritto da\" \/>\n\t<meta name=\"twitter:data1\" content=\"admin\" \/>\n\t<meta name=\"twitter:label2\" content=\"Tempo di lettura stimato\" \/>\n\t<meta name=\"twitter:data2\" content=\"2 minuti\" \/>\n<script type=\"application\/ld+json\" class=\"yoast-schema-graph\">{\"@context\":\"https:\\\/\\\/schema.org\",\"@graph\":[{\"@type\":\"Article\",\"@id\":\"https:\\\/\\\/www.turismoitinerante.com\\\/site\\\/a-italia-vacanze-veniteci-in-camper-il-raduno\\\/#article\",\"isPartOf\":{\"@id\":\"https:\\\/\\\/www.turismoitinerante.com\\\/site\\\/a-italia-vacanze-veniteci-in-camper-il-raduno\\\/\"},\"author\":{\"name\":\"admin\",\"@id\":\"https:\\\/\\\/www.turismoitinerante.com\\\/site\\\/#\\\/schema\\\/person\\\/1e1238d2d1617438f3682e54bf4d6c05\"},\"headline\":\"A Italia Vacanze veniteci in camper &#8211; il Raduno di Novegro\",\"datePublished\":\"2015-01-27T14:40:15+00:00\",\"dateModified\":\"2015-09-07T15:05:11+00:00\",\"mainEntityOfPage\":{\"@id\":\"https:\\\/\\\/www.turismoitinerante.com\\\/site\\\/a-italia-vacanze-veniteci-in-camper-il-raduno\\\/\"},\"wordCount\":323,\"image\":{\"@id\":\"https:\\\/\\\/www.turismoitinerante.com\\\/site\\\/a-italia-vacanze-veniteci-in-camper-il-raduno\\\/#primaryimage\"},\"thumbnailUrl\":\"https:\\\/\\\/www.turismoitinerante.com\\\/site\\\/wp-content\\\/uploads\\\/2015\\\/01\\\/NOVEGRO_in_camper.jpg\",\"keywords\":[\"italia-vacanze\"],\"articleSection\":[\"Caravanning\"],\"inLanguage\":\"it-IT\"},{\"@type\":\"WebPage\",\"@id\":\"https:\\\/\\\/www.turismoitinerante.com\\\/site\\\/a-italia-vacanze-veniteci-in-camper-il-raduno\\\/\",\"url\":\"https:\\\/\\\/www.turismoitinerante.com\\\/site\\\/a-italia-vacanze-veniteci-in-camper-il-raduno\\\/\",\"name\":\"A Italia Vacanze veniteci in camper - il Raduno di Novegro - TI - Turismo Itinerante\",\"isPartOf\":{\"@id\":\"https:\\\/\\\/www.turismoitinerante.com\\\/site\\\/#website\"},\"primaryImageOfPage\":{\"@id\":\"https:\\\/\\\/www.turismoitinerante.com\\\/site\\\/a-italia-vacanze-veniteci-in-camper-il-raduno\\\/#primaryimage\"},\"image\":{\"@id\":\"https:\\\/\\\/www.turismoitinerante.com\\\/site\\\/a-italia-vacanze-veniteci-in-camper-il-raduno\\\/#primaryimage\"},\"thumbnailUrl\":\"https:\\\/\\\/www.turismoitinerante.com\\\/site\\\/wp-content\\\/uploads\\\/2015\\\/01\\\/NOVEGRO_in_camper.jpg\",\"datePublished\":\"2015-01-27T14:40:15+00:00\",\"dateModified\":\"2015-09-07T15:05:11+00:00\",\"author\":{\"@id\":\"https:\\\/\\\/www.turismoitinerante.com\\\/site\\\/#\\\/schema\\\/person\\\/1e1238d2d1617438f3682e54bf4d6c05\"},\"breadcrumb\":{\"@id\":\"https:\\\/\\\/www.turismoitinerante.com\\\/site\\\/a-italia-vacanze-veniteci-in-camper-il-raduno\\\/#breadcrumb\"},\"inLanguage\":\"it-IT\",\"potentialAction\":[{\"@type\":\"ReadAction\",\"target\":[\"https:\\\/\\\/www.turismoitinerante.com\\\/site\\\/a-italia-vacanze-veniteci-in-camper-il-raduno\\\/\"]}]},{\"@type\":\"ImageObject\",\"inLanguage\":\"it-IT\",\"@id\":\"https:\\\/\\\/www.turismoitinerante.com\\\/site\\\/a-italia-vacanze-veniteci-in-camper-il-raduno\\\/#primaryimage\",\"url\":\"https:\\\/\\\/www.turismoitinerante.com\\\/site\\\/wp-content\\\/uploads\\\/2015\\\/01\\\/NOVEGRO_in_camper.jpg\",\"contentUrl\":\"https:\\\/\\\/www.turismoitinerante.com\\\/site\\\/wp-content\\\/uploads\\\/2015\\\/01\\\/NOVEGRO_in_camper.jpg\",\"width\":660,\"height\":413},{\"@type\":\"BreadcrumbList\",\"@id\":\"https:\\\/\\\/www.turismoitinerante.com\\\/site\\\/a-italia-vacanze-veniteci-in-camper-il-raduno\\\/#breadcrumb\",\"itemListElement\":[{\"@type\":\"ListItem\",\"position\":1,\"name\":\"Home\",\"item\":\"https:\\\/\\\/www.turismoitinerante.com\\\/site\\\/\"},{\"@type\":\"ListItem\",\"position\":2,\"name\":\"A Italia Vacanze veniteci in camper &#8211; il Raduno di Novegro\"}]},{\"@type\":\"WebSite\",\"@id\":\"https:\\\/\\\/www.turismoitinerante.com\\\/site\\\/#website\",\"url\":\"https:\\\/\\\/www.turismoitinerante.com\\\/site\\\/\",\"name\":\"TI - Turismo Itinerante\",\"description\":\"Ritrovarsi su internet per informarsi, per informare. Il portale del turismo itinerante. Una infinit\u00e0 di notizie su camper, itinerari, aree sosta camper, concessionari, campeggi, agriturismo, raduni, sagre, fiere, mostre, associazioni, club, forum, bacheca annunci\",\"potentialAction\":[{\"@type\":\"SearchAction\",\"target\":{\"@type\":\"EntryPoint\",\"urlTemplate\":\"https:\\\/\\\/www.turismoitinerante.com\\\/site\\\/?s={search_term_string}\"},\"query-input\":{\"@type\":\"PropertyValueSpecification\",\"valueRequired\":true,\"valueName\":\"search_term_string\"}}],\"inLanguage\":\"it-IT\"},{\"@type\":\"Person\",\"@id\":\"https:\\\/\\\/www.turismoitinerante.com\\\/site\\\/#\\\/schema\\\/person\\\/1e1238d2d1617438f3682e54bf4d6c05\",\"name\":\"admin\",\"image\":{\"@type\":\"ImageObject\",\"inLanguage\":\"it-IT\",\"@id\":\"https:\\\/\\\/secure.gravatar.com\\\/avatar\\\/9102d8c23b35e2809b07ebc42ce126daa3d6a47cce9878a22d14d9852ade629e?s=96&d=mm&r=g\",\"url\":\"https:\\\/\\\/secure.gravatar.com\\\/avatar\\\/9102d8c23b35e2809b07ebc42ce126daa3d6a47cce9878a22d14d9852ade629e?s=96&d=mm&r=g\",\"contentUrl\":\"https:\\\/\\\/secure.gravatar.com\\\/avatar\\\/9102d8c23b35e2809b07ebc42ce126daa3d6a47cce9878a22d14d9852ade629e?s=96&d=mm&r=g\",\"caption\":\"admin\"},\"url\":\"https:\\\/\\\/www.turismoitinerante.com\\\/site\\\/author\\\/admin\\\/\"}]}<\/script>\n<!-- \/ Yoast SEO plugin. -->","yoast_head_json":{"title":"A Italia Vacanze veniteci in camper - il Raduno di Novegro - TI - Turismo Itinerante","robots":{"index":"index","follow":"follow","max-snippet":"max-snippet:-1","max-image-preview":"max-image-preview:large","max-video-preview":"max-video-preview:-1"},"canonical":"https:\/\/www.turismoitinerante.com\/site\/a-italia-vacanze-veniteci-in-camper-il-raduno\/","og_locale":"it_IT","og_type":"article","og_title":"A Italia Vacanze veniteci in camper - il Raduno di Novegro - TI - Turismo Itinerante","og_description":"Da 41 anni Italia Vacanze \u00e8 luogo di incontro per appassionati del turismo all\u2019aria aperta. Chi viene in camper \u00e8 benvenuto, grazie ai servizi e alle attivit\u00e0 messe a punto da quattro organizzazioni specializzate lombarde. Anche quest\u2019anno l\u2019organizzazione dell\u2019accoglienza dei camper a Italia Vacanze \u00e8 stata affidata a degli specialisti. Si tratta delle quattro associazioni [&hellip;]","og_url":"https:\/\/www.turismoitinerante.com\/site\/a-italia-vacanze-veniteci-in-camper-il-raduno\/","og_site_name":"TI - Turismo Itinerante","article_published_time":"2015-01-27T14:40:15+00:00","article_modified_time":"2015-09-07T15:05:11+00:00","og_image":[{"width":660,"height":413,"url":"https:\/\/www.turismoitinerante.com\/site\/wp-content\/uploads\/2015\/01\/NOVEGRO_in_camper.jpg","type":"image\/jpeg"}],"author":"admin","twitter_card":"summary_large_image","twitter_misc":{"Scritto da":"admin","Tempo di lettura stimato":"2 minuti"},"schema":{"@context":"https:\/\/schema.org","@graph":[{"@type":"Article","@id":"https:\/\/www.turismoitinerante.com\/site\/a-italia-vacanze-veniteci-in-camper-il-raduno\/#article","isPartOf":{"@id":"https:\/\/www.turismoitinerante.com\/site\/a-italia-vacanze-veniteci-in-camper-il-raduno\/"},"author":{"name":"admin","@id":"https:\/\/www.turismoitinerante.com\/site\/#\/schema\/person\/1e1238d2d1617438f3682e54bf4d6c05"},"headline":"A Italia Vacanze veniteci in camper &#8211; il Raduno di Novegro","datePublished":"2015-01-27T14:40:15+00:00","dateModified":"2015-09-07T15:05:11+00:00","mainEntityOfPage":{"@id":"https:\/\/www.turismoitinerante.com\/site\/a-italia-vacanze-veniteci-in-camper-il-raduno\/"},"wordCount":323,"image":{"@id":"https:\/\/www.turismoitinerante.com\/site\/a-italia-vacanze-veniteci-in-camper-il-raduno\/#primaryimage"},"thumbnailUrl":"https:\/\/www.turismoitinerante.com\/site\/wp-content\/uploads\/2015\/01\/NOVEGRO_in_camper.jpg","keywords":["italia-vacanze"],"articleSection":["Caravanning"],"inLanguage":"it-IT"},{"@type":"WebPage","@id":"https:\/\/www.turismoitinerante.com\/site\/a-italia-vacanze-veniteci-in-camper-il-raduno\/","url":"https:\/\/www.turismoitinerante.com\/site\/a-italia-vacanze-veniteci-in-camper-il-raduno\/","name":"A Italia Vacanze veniteci in camper - il Raduno di Novegro - TI - Turismo Itinerante","isPartOf":{"@id":"https:\/\/www.turismoitinerante.com\/site\/#website"},"primaryImageOfPage":{"@id":"https:\/\/www.turismoitinerante.com\/site\/a-italia-vacanze-veniteci-in-camper-il-raduno\/#primaryimage"},"image":{"@id":"https:\/\/www.turismoitinerante.com\/site\/a-italia-vacanze-veniteci-in-camper-il-raduno\/#primaryimage"},"thumbnailUrl":"https:\/\/www.turismoitinerante.com\/site\/wp-content\/uploads\/2015\/01\/NOVEGRO_in_camper.jpg","datePublished":"2015-01-27T14:40:15+00:00","dateModified":"2015-09-07T15:05:11+00:00","author":{"@id":"https:\/\/www.turismoitinerante.com\/site\/#\/schema\/person\/1e1238d2d1617438f3682e54bf4d6c05"},"breadcrumb":{"@id":"https:\/\/www.turismoitinerante.com\/site\/a-italia-vacanze-veniteci-in-camper-il-raduno\/#breadcrumb"},"inLanguage":"it-IT","potentialAction":[{"@type":"ReadAction","target":["https:\/\/www.turismoitinerante.com\/site\/a-italia-vacanze-veniteci-in-camper-il-raduno\/"]}]},{"@type":"ImageObject","inLanguage":"it-IT","@id":"https:\/\/www.turismoitinerante.com\/site\/a-italia-vacanze-veniteci-in-camper-il-raduno\/#primaryimage","url":"https:\/\/www.turismoitinerante.com\/site\/wp-content\/uploads\/2015\/01\/NOVEGRO_in_camper.jpg","contentUrl":"https:\/\/www.turismoitinerante.com\/site\/wp-content\/uploads\/2015\/01\/NOVEGRO_in_camper.jpg","width":660,"height":413},{"@type":"BreadcrumbList","@id":"https:\/\/www.turismoitinerante.com\/site\/a-italia-vacanze-veniteci-in-camper-il-raduno\/#breadcrumb","itemListElement":[{"@type":"ListItem","position":1,"name":"Home","item":"https:\/\/www.turismoitinerante.com\/site\/"},{"@type":"ListItem","position":2,"name":"A Italia Vacanze veniteci in camper &#8211; il Raduno di Novegro"}]},{"@type":"WebSite","@id":"https:\/\/www.turismoitinerante.com\/site\/#website","url":"https:\/\/www.turismoitinerante.com\/site\/","name":"TI - Turismo Itinerante","description":"Ritrovarsi su internet per informarsi, per informare. Il portale del turismo itinerante. Una infinit\u00e0 di notizie su camper, itinerari, aree sosta camper, concessionari, campeggi, agriturismo, raduni, sagre, fiere, mostre, associazioni, club, forum, bacheca annunci","potentialAction":[{"@type":"SearchAction","target":{"@type":"EntryPoint","urlTemplate":"https:\/\/www.turismoitinerante.com\/site\/?s={search_term_string}"},"query-input":{"@type":"PropertyValueSpecification","valueRequired":true,"valueName":"search_term_string"}}],"inLanguage":"it-IT"},{"@type":"Person","@id":"https:\/\/www.turismoitinerante.com\/site\/#\/schema\/person\/1e1238d2d1617438f3682e54bf4d6c05","name":"admin","image":{"@type":"ImageObject","inLanguage":"it-IT","@id":"https:\/\/secure.gravatar.com\/avatar\/9102d8c23b35e2809b07ebc42ce126daa3d6a47cce9878a22d14d9852ade629e?s=96&d=mm&r=g","url":"https:\/\/secure.gravatar.com\/avatar\/9102d8c23b35e2809b07ebc42ce126daa3d6a47cce9878a22d14d9852ade629e?s=96&d=mm&r=g","contentUrl":"https:\/\/secure.gravatar.com\/avatar\/9102d8c23b35e2809b07ebc42ce126daa3d6a47cce9878a22d14d9852ade629e?s=96&d=mm&r=g","caption":"admin"},"url":"https:\/\/www.turismoitinerante.com\/site\/author\/admin\/"}]}},"_links":{"self":[{"href":"https:\/\/www.turismoitinerante.com\/site\/wp-json\/wp\/v2\/posts\/30504","targetHints":{"allow":["GET"]}}],"collection":[{"href":"https:\/\/www.turismoitinerante.com\/site\/wp-json\/wp\/v2\/posts"}],"about":[{"href":"https:\/\/www.turismoitinerante.com\/site\/wp-json\/wp\/v2\/types\/post"}],"author":[{"embeddable":true,"href":"https:\/\/www.turismoitinerante.com\/site\/wp-json\/wp\/v2\/users\/1"}],"replies":[{"embeddable":true,"href":"https:\/\/www.turismoitinerante.com\/site\/wp-json\/wp\/v2\/comments?post=30504"}],"version-history":[{"count":3,"href":"https:\/\/www.turismoitinerante.com\/site\/wp-json\/wp\/v2\/posts\/30504\/revisions"}],"predecessor-version":[{"id":31697,"href":"https:\/\/www.turismoitinerante.com\/site\/wp-json\/wp\/v2\/posts\/30504\/revisions\/31697"}],"wp:featuredmedia":[{"embeddable":true,"href":"https:\/\/www.turismoitinerante.com\/site\/wp-json\/wp\/v2\/media\/30505"}],"wp:attachment":[{"href":"https:\/\/www.turismoitinerante.com\/site\/wp-json\/wp\/v2\/media?parent=30504"}],"wp:term":[{"taxonomy":"category","embeddable":true,"href":"https:\/\/www.turismoitinerante.com\/site\/wp-json\/wp\/v2\/categories?post=30504"},{"taxonomy":"post_tag","embeddable":true,"href":"https:\/\/www.turismoitinerante.com\/site\/wp-json\/wp\/v2\/tags?post=30504"}],"curies":[{"name":"wp","href":"https:\/\/api.w.org\/{rel}","templated":true}]}}