{"id":30492,"date":"2015-01-27T09:30:09","date_gmt":"2015-01-27T08:30:09","guid":{"rendered":"http:\/\/www.turismoitinerante.com\/site\/?p=30492"},"modified":"2015-09-07T16:05:22","modified_gmt":"2015-09-07T15:05:22","slug":"bonometti-grande-successo-per-levento-di-domenica-25-a-tutto-inverno","status":"publish","type":"post","link":"https:\/\/www.turismoitinerante.com\/site\/bonometti-grande-successo-per-levento-di-domenica-25-a-tutto-inverno\/","title":{"rendered":"Bonometti: Grande successo per l&#8217;evento di domenica 25  &#8216;A TUTTO INVERNO&#8217;"},"content":{"rendered":"<p>Un pilota esperto, tecnici competenti e un gruppo di quasi cento camperisti e caravanisti interessati al mondo dell\u2019enpleinair invernale, sono stati la ricetta ideale di una giornata riuscita con successo nella sede vicentina del Bonometti Centrocaravan.<\/p>\n<p>L\u2019evento \u201cA TUTTO INVERNO!!!\u201d\u00a0 ha avuto sin da subito un alto riscontro d\u2019interesse: Luigi Vianello , ex responsabile della formazione tecnica di BMW Italia, in collaborazione con AL-KO, ha dato inizio all\u2019evento con un corso teorico di guida sicura, con particolare attenzione alla guida con \u201cCaravan o rimorchio\u201d e ai sistemi attivi di sicurezza (ATC, AAA Brake, AKS).\u00a0 A seguire, prima dei corsi pomeridiani, un buffet ha arricchito la giornata dando ai partecipanti modo di confrontarsi con l\u2019esperto di guida sicura e con altri camperisti e caravanisti.<\/p>\n<p><a href=\"http:\/\/www.turismoitinerante.com\/site\/wp-content\/uploads\/2015\/01\/bonometti-a-tutto-inverno.jpg\"><img decoding=\"async\" class=\"aligncenter size-full wp-image-30493\" alt=\"bonometti-a-tutto-inverno\" src=\"http:\/\/www.turismoitinerante.com\/site\/wp-content\/uploads\/2015\/01\/bonometti-a-tutto-inverno.jpg\" width=\"660\" height=\"439\" srcset=\"https:\/\/www.turismoitinerante.com\/site\/wp-content\/uploads\/2015\/01\/bonometti-a-tutto-inverno.jpg 660w, https:\/\/www.turismoitinerante.com\/site\/wp-content\/uploads\/2015\/01\/bonometti-a-tutto-inverno-300x199.jpg 300w, https:\/\/www.turismoitinerante.com\/site\/wp-content\/uploads\/2015\/01\/bonometti-a-tutto-inverno-400x266.jpg 400w\" sizes=\"(max-width: 660px) 100vw, 660px\" \/><\/a><\/p>\n<p><span style=\"line-height: 1.5em;\">Nel primo pomeriggio, i tecnici del Bonometti centrocaravan, \u00a0Alessandro Molesini responsabile post vendita e service Bonometti e Lorenzo Saccozza responsabile dell\u2019assistenza della sede di Trento, hanno intrattenuto i partecipanti dando consigli utili sull\u2019utilizzo del camper e della caravan durante il periodo invernale, rispondendo inoltre a tante domande e curiosit\u00e0 che camperisti e caravanisti, esperti e non, si pongono durate la stagione invernale, ma che grazie a questi corsi hanno potuto trovare una risposta, in modo da vivere in pi\u00f9 tranquillit\u00e0 le uscite durante la stagione pi\u00f9 fredda.<\/span><\/p>\n<p>Le porte aperte appena trascorse hanno riscosso grande successo. Moltissime le persone (qualche migliaia) \u00a0sono accorse per trascorrere la giornata nella concessionaria vicentina, dove hanno inoltre potuto confrontarsi con il sig. Butturini dell\u2019azienda AL-KO approfittando delle offerte create appositamente per l\u2019occasione, \u00a0e curiosato nello stand di Caravan Park Sexten presente in azienda, ponendo al personale del rinomato campeggio trentino tutte le curiosit\u00e0 del caso.<\/p>\n<p>Grazie alla partnership con l\u2019azienda veneta Nims e Lavazza, molti visitatori hanno potuto degustare un ottimo caff\u00e8 espresso offerto da Bonometti Centrocaravan.<\/p>\n<p>A tutto inverno: un grande successo!!!<\/p>\n<div class=\"7863122cad8776726ec303240ed69aa5\" data-index=\"4\" style=\"float: none; margin:10px 0 10px 0; text-align:center;\">\n<script async src=\"\/\/pagead2.googlesyndication.com\/pagead\/js\/adsbygoogle.js\"><\/script>\r\n<!-- 728x90, creato 23\/02\/11 -->\r\n<ins class=\"adsbygoogle\"\r\n     style=\"display:inline-block;width:728px;height:90px\"\r\n     data-ad-client=\"ca-pub-5798583071070083\"\r\n     data-ad-slot=\"5935394872\"><\/ins>\r\n<script>\r\n(adsbygoogle = window.adsbygoogle || []).push({});\r\n<\/script>\n<\/div>\n\n<div style=\"font-size: 0px; height: 0px; line-height: 0px; margin: 0; padding: 0; clear: both;\"><\/div>","protected":false},"excerpt":{"rendered":"<p>Un pilota esperto, tecnici competenti e un gruppo di quasi cento camperisti e caravanisti interessati al mondo dell\u2019enpleinair invernale, sono stati la ricetta ideale di una giornata riuscita con successo nella sede vicentina del Bonometti Centrocaravan. L\u2019evento \u201cA TUTTO INVERNO!!!\u201d\u00a0 ha avuto sin da subito un alto riscontro d\u2019interesse: Luigi Vianello , ex responsabile della [&hellip;]<\/p>\n","protected":false},"author":1,"featured_media":30493,"comment_status":"closed","ping_status":"open","sticky":false,"template":"","format":"standard","meta":{"ngg_post_thumbnail":0,"jnews-multi-image_gallery":[],"jnews_single_post":[],"jnews_primary_category":[],"jnews_override_counter":[],"footnotes":""},"categories":[642],"tags":[475],"class_list":["post-30492","post","type-post","status-publish","format-standard","has-post-thumbnail","hentry","category-caravanning","tag-bonometti"],"yoast_head":"<!-- This site is optimized with the Yoast SEO plugin v27.4 - https:\/\/yoast.com\/product\/yoast-seo-wordpress\/ -->\n<title>Bonometti: Grande successo per l&#039;evento di domenica 25 &#039;A TUTTO INVERNO&#039; - TI - Turismo Itinerante<\/title>\n<meta name=\"robots\" content=\"index, follow, max-snippet:-1, max-image-preview:large, max-video-preview:-1\" \/>\n<link rel=\"canonical\" href=\"https:\/\/www.turismoitinerante.com\/site\/bonometti-grande-successo-per-levento-di-domenica-25-a-tutto-inverno\/\" \/>\n<meta property=\"og:locale\" content=\"it_IT\" \/>\n<meta property=\"og:type\" content=\"article\" \/>\n<meta property=\"og:title\" content=\"Bonometti: Grande successo per l&#039;evento di domenica 25 &#039;A TUTTO INVERNO&#039; - TI - Turismo Itinerante\" \/>\n<meta property=\"og:description\" content=\"Un pilota esperto, tecnici competenti e un gruppo di quasi cento camperisti e caravanisti interessati al mondo dell\u2019enpleinair invernale, sono stati la ricetta ideale di una giornata riuscita con successo nella sede vicentina del Bonometti Centrocaravan. L\u2019evento \u201cA TUTTO INVERNO!!!\u201d\u00a0 ha avuto sin da subito un alto riscontro d\u2019interesse: Luigi Vianello , ex responsabile della [&hellip;]\" \/>\n<meta property=\"og:url\" content=\"https:\/\/www.turismoitinerante.com\/site\/bonometti-grande-successo-per-levento-di-domenica-25-a-tutto-inverno\/\" \/>\n<meta property=\"og:site_name\" content=\"TI - Turismo Itinerante\" \/>\n<meta property=\"article:published_time\" content=\"2015-01-27T08:30:09+00:00\" \/>\n<meta property=\"article:modified_time\" content=\"2015-09-07T15:05:22+00:00\" \/>\n<meta property=\"og:image\" content=\"https:\/\/www.turismoitinerante.com\/site\/wp-content\/uploads\/2015\/01\/bonometti-a-tutto-inverno.jpg\" \/>\n\t<meta property=\"og:image:width\" content=\"660\" \/>\n\t<meta property=\"og:image:height\" content=\"439\" \/>\n\t<meta property=\"og:image:type\" content=\"image\/jpeg\" \/>\n<meta name=\"author\" content=\"admin\" \/>\n<meta name=\"twitter:card\" content=\"summary_large_image\" \/>\n<meta name=\"twitter:label1\" content=\"Scritto da\" \/>\n\t<meta name=\"twitter:data1\" content=\"admin\" \/>\n\t<meta name=\"twitter:label2\" content=\"Tempo di lettura stimato\" \/>\n\t<meta name=\"twitter:data2\" content=\"2 minuti\" \/>\n<script type=\"application\/ld+json\" class=\"yoast-schema-graph\">{\"@context\":\"https:\\\/\\\/schema.org\",\"@graph\":[{\"@type\":\"Article\",\"@id\":\"https:\\\/\\\/www.turismoitinerante.com\\\/site\\\/bonometti-grande-successo-per-levento-di-domenica-25-a-tutto-inverno\\\/#article\",\"isPartOf\":{\"@id\":\"https:\\\/\\\/www.turismoitinerante.com\\\/site\\\/bonometti-grande-successo-per-levento-di-domenica-25-a-tutto-inverno\\\/\"},\"author\":{\"name\":\"admin\",\"@id\":\"https:\\\/\\\/www.turismoitinerante.com\\\/site\\\/#\\\/schema\\\/person\\\/1e1238d2d1617438f3682e54bf4d6c05\"},\"headline\":\"Bonometti: Grande successo per l&#8217;evento di domenica 25 &#8216;A TUTTO INVERNO&#8217;\",\"datePublished\":\"2015-01-27T08:30:09+00:00\",\"dateModified\":\"2015-09-07T15:05:22+00:00\",\"mainEntityOfPage\":{\"@id\":\"https:\\\/\\\/www.turismoitinerante.com\\\/site\\\/bonometti-grande-successo-per-levento-di-domenica-25-a-tutto-inverno\\\/\"},\"wordCount\":321,\"image\":{\"@id\":\"https:\\\/\\\/www.turismoitinerante.com\\\/site\\\/bonometti-grande-successo-per-levento-di-domenica-25-a-tutto-inverno\\\/#primaryimage\"},\"thumbnailUrl\":\"https:\\\/\\\/www.turismoitinerante.com\\\/site\\\/wp-content\\\/uploads\\\/2015\\\/01\\\/bonometti-a-tutto-inverno.jpg\",\"keywords\":[\"Bonometti\"],\"articleSection\":[\"Caravanning\"],\"inLanguage\":\"it-IT\"},{\"@type\":\"WebPage\",\"@id\":\"https:\\\/\\\/www.turismoitinerante.com\\\/site\\\/bonometti-grande-successo-per-levento-di-domenica-25-a-tutto-inverno\\\/\",\"url\":\"https:\\\/\\\/www.turismoitinerante.com\\\/site\\\/bonometti-grande-successo-per-levento-di-domenica-25-a-tutto-inverno\\\/\",\"name\":\"Bonometti: Grande successo per l'evento di domenica 25 'A TUTTO INVERNO' - TI - Turismo Itinerante\",\"isPartOf\":{\"@id\":\"https:\\\/\\\/www.turismoitinerante.com\\\/site\\\/#website\"},\"primaryImageOfPage\":{\"@id\":\"https:\\\/\\\/www.turismoitinerante.com\\\/site\\\/bonometti-grande-successo-per-levento-di-domenica-25-a-tutto-inverno\\\/#primaryimage\"},\"image\":{\"@id\":\"https:\\\/\\\/www.turismoitinerante.com\\\/site\\\/bonometti-grande-successo-per-levento-di-domenica-25-a-tutto-inverno\\\/#primaryimage\"},\"thumbnailUrl\":\"https:\\\/\\\/www.turismoitinerante.com\\\/site\\\/wp-content\\\/uploads\\\/2015\\\/01\\\/bonometti-a-tutto-inverno.jpg\",\"datePublished\":\"2015-01-27T08:30:09+00:00\",\"dateModified\":\"2015-09-07T15:05:22+00:00\",\"author\":{\"@id\":\"https:\\\/\\\/www.turismoitinerante.com\\\/site\\\/#\\\/schema\\\/person\\\/1e1238d2d1617438f3682e54bf4d6c05\"},\"breadcrumb\":{\"@id\":\"https:\\\/\\\/www.turismoitinerante.com\\\/site\\\/bonometti-grande-successo-per-levento-di-domenica-25-a-tutto-inverno\\\/#breadcrumb\"},\"inLanguage\":\"it-IT\",\"potentialAction\":[{\"@type\":\"ReadAction\",\"target\":[\"https:\\\/\\\/www.turismoitinerante.com\\\/site\\\/bonometti-grande-successo-per-levento-di-domenica-25-a-tutto-inverno\\\/\"]}]},{\"@type\":\"ImageObject\",\"inLanguage\":\"it-IT\",\"@id\":\"https:\\\/\\\/www.turismoitinerante.com\\\/site\\\/bonometti-grande-successo-per-levento-di-domenica-25-a-tutto-inverno\\\/#primaryimage\",\"url\":\"https:\\\/\\\/www.turismoitinerante.com\\\/site\\\/wp-content\\\/uploads\\\/2015\\\/01\\\/bonometti-a-tutto-inverno.jpg\",\"contentUrl\":\"https:\\\/\\\/www.turismoitinerante.com\\\/site\\\/wp-content\\\/uploads\\\/2015\\\/01\\\/bonometti-a-tutto-inverno.jpg\",\"width\":660,\"height\":439},{\"@type\":\"BreadcrumbList\",\"@id\":\"https:\\\/\\\/www.turismoitinerante.com\\\/site\\\/bonometti-grande-successo-per-levento-di-domenica-25-a-tutto-inverno\\\/#breadcrumb\",\"itemListElement\":[{\"@type\":\"ListItem\",\"position\":1,\"name\":\"Home\",\"item\":\"https:\\\/\\\/www.turismoitinerante.com\\\/site\\\/\"},{\"@type\":\"ListItem\",\"position\":2,\"name\":\"Bonometti: Grande successo per l&#8217;evento di domenica 25 &#8216;A TUTTO INVERNO&#8217;\"}]},{\"@type\":\"WebSite\",\"@id\":\"https:\\\/\\\/www.turismoitinerante.com\\\/site\\\/#website\",\"url\":\"https:\\\/\\\/www.turismoitinerante.com\\\/site\\\/\",\"name\":\"TI - Turismo Itinerante\",\"description\":\"Ritrovarsi su internet per informarsi, per informare. Il portale del turismo itinerante. Una infinit\u00e0 di notizie su camper, itinerari, aree sosta camper, concessionari, campeggi, agriturismo, raduni, sagre, fiere, mostre, associazioni, club, forum, bacheca annunci\",\"potentialAction\":[{\"@type\":\"SearchAction\",\"target\":{\"@type\":\"EntryPoint\",\"urlTemplate\":\"https:\\\/\\\/www.turismoitinerante.com\\\/site\\\/?s={search_term_string}\"},\"query-input\":{\"@type\":\"PropertyValueSpecification\",\"valueRequired\":true,\"valueName\":\"search_term_string\"}}],\"inLanguage\":\"it-IT\"},{\"@type\":\"Person\",\"@id\":\"https:\\\/\\\/www.turismoitinerante.com\\\/site\\\/#\\\/schema\\\/person\\\/1e1238d2d1617438f3682e54bf4d6c05\",\"name\":\"admin\",\"image\":{\"@type\":\"ImageObject\",\"inLanguage\":\"it-IT\",\"@id\":\"https:\\\/\\\/secure.gravatar.com\\\/avatar\\\/9102d8c23b35e2809b07ebc42ce126daa3d6a47cce9878a22d14d9852ade629e?s=96&d=mm&r=g\",\"url\":\"https:\\\/\\\/secure.gravatar.com\\\/avatar\\\/9102d8c23b35e2809b07ebc42ce126daa3d6a47cce9878a22d14d9852ade629e?s=96&d=mm&r=g\",\"contentUrl\":\"https:\\\/\\\/secure.gravatar.com\\\/avatar\\\/9102d8c23b35e2809b07ebc42ce126daa3d6a47cce9878a22d14d9852ade629e?s=96&d=mm&r=g\",\"caption\":\"admin\"},\"url\":\"https:\\\/\\\/www.turismoitinerante.com\\\/site\\\/author\\\/admin\\\/\"}]}<\/script>\n<!-- \/ Yoast SEO plugin. -->","yoast_head_json":{"title":"Bonometti: Grande successo per l'evento di domenica 25 'A TUTTO INVERNO' - TI - Turismo Itinerante","robots":{"index":"index","follow":"follow","max-snippet":"max-snippet:-1","max-image-preview":"max-image-preview:large","max-video-preview":"max-video-preview:-1"},"canonical":"https:\/\/www.turismoitinerante.com\/site\/bonometti-grande-successo-per-levento-di-domenica-25-a-tutto-inverno\/","og_locale":"it_IT","og_type":"article","og_title":"Bonometti: Grande successo per l'evento di domenica 25 'A TUTTO INVERNO' - TI - Turismo Itinerante","og_description":"Un pilota esperto, tecnici competenti e un gruppo di quasi cento camperisti e caravanisti interessati al mondo dell\u2019enpleinair invernale, sono stati la ricetta ideale di una giornata riuscita con successo nella sede vicentina del Bonometti Centrocaravan. L\u2019evento \u201cA TUTTO INVERNO!!!\u201d\u00a0 ha avuto sin da subito un alto riscontro d\u2019interesse: Luigi Vianello , ex responsabile della [&hellip;]","og_url":"https:\/\/www.turismoitinerante.com\/site\/bonometti-grande-successo-per-levento-di-domenica-25-a-tutto-inverno\/","og_site_name":"TI - Turismo Itinerante","article_published_time":"2015-01-27T08:30:09+00:00","article_modified_time":"2015-09-07T15:05:22+00:00","og_image":[{"width":660,"height":439,"url":"https:\/\/www.turismoitinerante.com\/site\/wp-content\/uploads\/2015\/01\/bonometti-a-tutto-inverno.jpg","type":"image\/jpeg"}],"author":"admin","twitter_card":"summary_large_image","twitter_misc":{"Scritto da":"admin","Tempo di lettura stimato":"2 minuti"},"schema":{"@context":"https:\/\/schema.org","@graph":[{"@type":"Article","@id":"https:\/\/www.turismoitinerante.com\/site\/bonometti-grande-successo-per-levento-di-domenica-25-a-tutto-inverno\/#article","isPartOf":{"@id":"https:\/\/www.turismoitinerante.com\/site\/bonometti-grande-successo-per-levento-di-domenica-25-a-tutto-inverno\/"},"author":{"name":"admin","@id":"https:\/\/www.turismoitinerante.com\/site\/#\/schema\/person\/1e1238d2d1617438f3682e54bf4d6c05"},"headline":"Bonometti: Grande successo per l&#8217;evento di domenica 25 &#8216;A TUTTO INVERNO&#8217;","datePublished":"2015-01-27T08:30:09+00:00","dateModified":"2015-09-07T15:05:22+00:00","mainEntityOfPage":{"@id":"https:\/\/www.turismoitinerante.com\/site\/bonometti-grande-successo-per-levento-di-domenica-25-a-tutto-inverno\/"},"wordCount":321,"image":{"@id":"https:\/\/www.turismoitinerante.com\/site\/bonometti-grande-successo-per-levento-di-domenica-25-a-tutto-inverno\/#primaryimage"},"thumbnailUrl":"https:\/\/www.turismoitinerante.com\/site\/wp-content\/uploads\/2015\/01\/bonometti-a-tutto-inverno.jpg","keywords":["Bonometti"],"articleSection":["Caravanning"],"inLanguage":"it-IT"},{"@type":"WebPage","@id":"https:\/\/www.turismoitinerante.com\/site\/bonometti-grande-successo-per-levento-di-domenica-25-a-tutto-inverno\/","url":"https:\/\/www.turismoitinerante.com\/site\/bonometti-grande-successo-per-levento-di-domenica-25-a-tutto-inverno\/","name":"Bonometti: Grande successo per l'evento di domenica 25 'A TUTTO INVERNO' - TI - Turismo Itinerante","isPartOf":{"@id":"https:\/\/www.turismoitinerante.com\/site\/#website"},"primaryImageOfPage":{"@id":"https:\/\/www.turismoitinerante.com\/site\/bonometti-grande-successo-per-levento-di-domenica-25-a-tutto-inverno\/#primaryimage"},"image":{"@id":"https:\/\/www.turismoitinerante.com\/site\/bonometti-grande-successo-per-levento-di-domenica-25-a-tutto-inverno\/#primaryimage"},"thumbnailUrl":"https:\/\/www.turismoitinerante.com\/site\/wp-content\/uploads\/2015\/01\/bonometti-a-tutto-inverno.jpg","datePublished":"2015-01-27T08:30:09+00:00","dateModified":"2015-09-07T15:05:22+00:00","author":{"@id":"https:\/\/www.turismoitinerante.com\/site\/#\/schema\/person\/1e1238d2d1617438f3682e54bf4d6c05"},"breadcrumb":{"@id":"https:\/\/www.turismoitinerante.com\/site\/bonometti-grande-successo-per-levento-di-domenica-25-a-tutto-inverno\/#breadcrumb"},"inLanguage":"it-IT","potentialAction":[{"@type":"ReadAction","target":["https:\/\/www.turismoitinerante.com\/site\/bonometti-grande-successo-per-levento-di-domenica-25-a-tutto-inverno\/"]}]},{"@type":"ImageObject","inLanguage":"it-IT","@id":"https:\/\/www.turismoitinerante.com\/site\/bonometti-grande-successo-per-levento-di-domenica-25-a-tutto-inverno\/#primaryimage","url":"https:\/\/www.turismoitinerante.com\/site\/wp-content\/uploads\/2015\/01\/bonometti-a-tutto-inverno.jpg","contentUrl":"https:\/\/www.turismoitinerante.com\/site\/wp-content\/uploads\/2015\/01\/bonometti-a-tutto-inverno.jpg","width":660,"height":439},{"@type":"BreadcrumbList","@id":"https:\/\/www.turismoitinerante.com\/site\/bonometti-grande-successo-per-levento-di-domenica-25-a-tutto-inverno\/#breadcrumb","itemListElement":[{"@type":"ListItem","position":1,"name":"Home","item":"https:\/\/www.turismoitinerante.com\/site\/"},{"@type":"ListItem","position":2,"name":"Bonometti: Grande successo per l&#8217;evento di domenica 25 &#8216;A TUTTO INVERNO&#8217;"}]},{"@type":"WebSite","@id":"https:\/\/www.turismoitinerante.com\/site\/#website","url":"https:\/\/www.turismoitinerante.com\/site\/","name":"TI - Turismo Itinerante","description":"Ritrovarsi su internet per informarsi, per informare. Il portale del turismo itinerante. Una infinit\u00e0 di notizie su camper, itinerari, aree sosta camper, concessionari, campeggi, agriturismo, raduni, sagre, fiere, mostre, associazioni, club, forum, bacheca annunci","potentialAction":[{"@type":"SearchAction","target":{"@type":"EntryPoint","urlTemplate":"https:\/\/www.turismoitinerante.com\/site\/?s={search_term_string}"},"query-input":{"@type":"PropertyValueSpecification","valueRequired":true,"valueName":"search_term_string"}}],"inLanguage":"it-IT"},{"@type":"Person","@id":"https:\/\/www.turismoitinerante.com\/site\/#\/schema\/person\/1e1238d2d1617438f3682e54bf4d6c05","name":"admin","image":{"@type":"ImageObject","inLanguage":"it-IT","@id":"https:\/\/secure.gravatar.com\/avatar\/9102d8c23b35e2809b07ebc42ce126daa3d6a47cce9878a22d14d9852ade629e?s=96&d=mm&r=g","url":"https:\/\/secure.gravatar.com\/avatar\/9102d8c23b35e2809b07ebc42ce126daa3d6a47cce9878a22d14d9852ade629e?s=96&d=mm&r=g","contentUrl":"https:\/\/secure.gravatar.com\/avatar\/9102d8c23b35e2809b07ebc42ce126daa3d6a47cce9878a22d14d9852ade629e?s=96&d=mm&r=g","caption":"admin"},"url":"https:\/\/www.turismoitinerante.com\/site\/author\/admin\/"}]}},"_links":{"self":[{"href":"https:\/\/www.turismoitinerante.com\/site\/wp-json\/wp\/v2\/posts\/30492","targetHints":{"allow":["GET"]}}],"collection":[{"href":"https:\/\/www.turismoitinerante.com\/site\/wp-json\/wp\/v2\/posts"}],"about":[{"href":"https:\/\/www.turismoitinerante.com\/site\/wp-json\/wp\/v2\/types\/post"}],"author":[{"embeddable":true,"href":"https:\/\/www.turismoitinerante.com\/site\/wp-json\/wp\/v2\/users\/1"}],"replies":[{"embeddable":true,"href":"https:\/\/www.turismoitinerante.com\/site\/wp-json\/wp\/v2\/comments?post=30492"}],"version-history":[{"count":2,"href":"https:\/\/www.turismoitinerante.com\/site\/wp-json\/wp\/v2\/posts\/30492\/revisions"}],"predecessor-version":[{"id":31698,"href":"https:\/\/www.turismoitinerante.com\/site\/wp-json\/wp\/v2\/posts\/30492\/revisions\/31698"}],"wp:featuredmedia":[{"embeddable":true,"href":"https:\/\/www.turismoitinerante.com\/site\/wp-json\/wp\/v2\/media\/30493"}],"wp:attachment":[{"href":"https:\/\/www.turismoitinerante.com\/site\/wp-json\/wp\/v2\/media?parent=30492"}],"wp:term":[{"taxonomy":"category","embeddable":true,"href":"https:\/\/www.turismoitinerante.com\/site\/wp-json\/wp\/v2\/categories?post=30492"},{"taxonomy":"post_tag","embeddable":true,"href":"https:\/\/www.turismoitinerante.com\/site\/wp-json\/wp\/v2\/tags?post=30492"}],"curies":[{"name":"wp","href":"https:\/\/api.w.org\/{rel}","templated":true}]}}