{"id":30472,"date":"2015-01-24T09:31:12","date_gmt":"2015-01-24T08:31:12","guid":{"rendered":"http:\/\/www.turismoitinerante.com\/site\/?p=30472"},"modified":"2015-01-26T09:35:18","modified_gmt":"2015-01-26T08:35:18","slug":"camper-o-caravan-la-novita-presentate-a-tour-it","status":"publish","type":"post","link":"https:\/\/www.turismoitinerante.com\/site\/camper-o-caravan-la-novita-presentate-a-tour-it\/","title":{"rendered":"Camper o caravan: la novit\u00e0 presentate a Tour.it"},"content":{"rendered":"<p><strong>Mezzi e proposte di grandi marchi per la stagione 2015 esposte \u00a0dai brand pi\u00f9 prestigiosi. Focus sulle premiere del salone del turismo itinerante di CarraraFiere.<\/strong><\/p>\n<p>Proseguiamo il nostro viaggio fra le tante novit\u00e0 e le proposte pi\u00f9 stuzzicanti di Tour.it 2015 per scoprire che molti marchi, oltre ad essere presenti in forze, hanno scelto Carrara per lanciare i modelli che calamiteranno l\u2019attenzione degli appassionati nei prossimi mesi.<\/p>\n<p><a href=\"http:\/\/www.turismoitinerante.com\/site\/wp-content\/uploads\/2015\/01\/carrara-tourit-2015.jpg\"><img decoding=\"async\" class=\"aligncenter size-full wp-image-30473\" alt=\"carrara-tourit-2015\" src=\"http:\/\/www.turismoitinerante.com\/site\/wp-content\/uploads\/2015\/01\/carrara-tourit-2015.jpg\" width=\"660\" height=\"495\" srcset=\"https:\/\/www.turismoitinerante.com\/site\/wp-content\/uploads\/2015\/01\/carrara-tourit-2015.jpg 660w, https:\/\/www.turismoitinerante.com\/site\/wp-content\/uploads\/2015\/01\/carrara-tourit-2015-300x225.jpg 300w, https:\/\/www.turismoitinerante.com\/site\/wp-content\/uploads\/2015\/01\/carrara-tourit-2015-400x300.jpg 400w, https:\/\/www.turismoitinerante.com\/site\/wp-content\/uploads\/2015\/01\/carrara-tourit-2015-100x75.jpg 100w\" sizes=\"(max-width: 660px) 100vw, 660px\" \/><\/a><\/p>\n<p><b>CI <\/b>(Caravan International) ha scelto Tour.it per presentare al grande pubblico in anteprima assoluta europea i modelli esclusivi e in serie limitata per la Primavera 2015 forte di ben tre nuovi modelli in versione semintegrale con letto basculante, tre soluzioni abitative, con letto centrale fisso posteriore, tre fasce di prezzo, tutte con il massimo delle dotazioni ad un prezzo eccezionale e proposte in edizione limitata.<\/p>\n<p>In particolare<b>: Elliot 66 XT<\/b>, su meccanica <b>Ford; Magis 65 XT \u00a0e Riviera 65 XT<\/b> entrambi su meccanica FIAT .<\/p>\n<p>Fra i nuovi modelli in edizione limitata \u00e8 esposto <b>presso CaravanBacci, il nuovo Magis 65 XT Limited Edition<\/b>, con letto basculante e letto centrale posteriore fisso. Allestito su meccanica Fiat Ducato con carreggiata allargata \u00e8 offerto nelle motorizzazioni 2,3 130 \u2013 150 cv. Il layout presenta su 7410 mm di lunghezza una camera posteriore con maxiletto centrale (190&#215;140 cm) toilette separata e maxi doccia indipendente. La zona giorno \u00e8 caratterizzata da un living con divanetto a L angolare, tende a pacchetto, sedili girevoli e tavolo con movimento orizzontale e trasversale che assicura il massimo comfort di abitabilit\u00e0. La cucina a \u201cL\u201d offre spazio, funzionalit\u00e0, massime dotazioni con il frigorifero-congelatore di 150 l. Per il <b>comfort notturno<\/b>, oltre al letto posteriore maxi, Magis 65 XT dispone di letto basculante elettrico che si ferma in ogni posizione garantendo la massima stabilit\u00e0.<\/p>\n<p>La novit\u00e0 del modello \u00e8 anche la disponibilit\u00e0 di un maxi garage sotto il letto posteriore di grandi dimensioni capace di ospitare uno scooter e dotato del sistema saliscendi manuale Flex Space System per sfruttare al meglio ogni posizione in altezza del letto e il volume di carico. Ovviamente la lista degli accessori inclusi nel prezzo ( \u20ac 50.990,00 per il 2.3 MJ, 130 cv).\u00e8 praticamente infinita e c\u2019\u00e8 davvero di tutto. Provare per credere.<\/p>\n<p><b>ROLLER TEAM,<\/b> a sua volta propone le novit\u00e0 nell\u2019area del concessionario FLY CAMPER con modelli esclusivi e a tiratura limitata.<\/p>\n<p>Roller, infatti, ha firmato per il 2015\u00a0 tre nuovi modelli, in versione semintegrale con letto basculante, soluzioni abitative con letto centrale fisso posteriore e tutte con il massimo delle dotazioni.: Auto-Roller 266 TL, nuovissimo, su meccanica Ford al quale si aggiungono Zefiro 265 TL e Granduca 265 TL entrambi su meccanica FIAT, tre modelli rivolti a tre fasce diverse di prezzo.<\/p>\n<p><b>Auto-Roller 266<\/b> TL Limited Edition \u00a0\u00e8 un semintegrale con letto basculante che offre in 7450 mm un maxi letto centrale posteriore fisso (ben due metri x 140 cm) una comoda dinette e un\u2019innovativa toilette passante con lavabo centrale che divide la zona giorno dalla camera letto con pratiche porte scorrevoli, cos\u00ec che la doccia e la toilette restano indipendenti. Maxi il garage con capienza eccezionale per la categoria a \u00a046.990 euro.<\/p>\n<p><b>Granduca 265 TL Limited Edition, a sua volta, <\/b>\u00e8 un \u00a0semintegrale con letto basculante e letto centrale posteriore fisso su meccanica Fiat Ducato con carreggiata allargata \u00e8 offerto nelle motorizzazioni 2,3 130 \u2013 150 cv sempre con maxiletto anche nella zona posteriore e garage di grandi dimensioni e, ovviamente, superaccessoriato di serie.<\/p>\n<p>Gradito debutto per il <b>marchio francese\u00a0 Font Vend\u00f4me<\/b> (uno dei <b>brand del gruppo Trigano<\/b>) distribuito in Italia da Trigano SPA che presenta a Carrara i suoi esclusivi van furgonati.<\/p>\n<p><b>Font Vend\u00f4me<\/b> \u00e8 un marchio storico del panorama internazionale del plein air \u00e8\u00a0 ben conosciuto sul mercato europeo per i van allestiti e l\u2019alta qualit\u00e0 del prodotto oltre che per le dotazioni e la funzionalit\u00e0.<\/p>\n<p>La gamma Font Vend\u00f4me per il mercato italiano propone 6 allestimenti in due gamme super-accessoriate e presenta <b>a Carrara, per la prima volta al pubblico, \u00a0tre modelli di punta della gamma Font Vend\u00f4me in Italia <\/b>:<\/p>\n<p><b>XCAPE<\/b>, il monovolume estremamente compatto ( solo 4,99 m ) realizzato su base Renault Trafic. Estremamente agile e facile da guidare XCAPE offre abitabilit\u00e0 a 4 persone e ottima capacit\u00e0 (si parte da \u00a0\u20ac 41.990).<\/p>\n<p><b>HORIZON H 100<\/b> \u00e8 un van compatto (5.48 mm) con tetto alto in vetroresina, doppio letto basculante e permette di rialzare la pedana posteriore per migliore stivaggio e\u00a0 un ampio spazio cucina e toilette. Anche la seduta in dinette si trasforma in un letto doppio. \u00c8 realizzato su meccanica FIAT Ducato(2.0 MJ 115 cv) da \u20ac 52.990.<\/p>\n<p><b>HORIZON 307<\/b> \u00e8 l\u2019allestimento su Fiat Ducato dedicato alla coppia che cerca comfort e facilit\u00e0 di guida. Offre \u00a04 posti letto grazie al letto posteriore fisso e alla dinette trasformabile, cucina, toilette in legno con doccia integrata e lavabo a scomparsa massime dotazioni a partire da \u20ac 45.250 (2.0 MJ 115 CV).<\/p>\n<p>Per chi vuole prenotare la libert\u00e0 di movimento c\u2019\u00e8 solo l\u2019imbarazzo della scelta.<\/p>\n<div class=\"7863122cad8776726ec303240ed69aa5\" data-index=\"4\" style=\"float: none; margin:10px 0 10px 0; text-align:center;\">\n<script async src=\"\/\/pagead2.googlesyndication.com\/pagead\/js\/adsbygoogle.js\"><\/script>\r\n<!-- 728x90, creato 23\/02\/11 -->\r\n<ins class=\"adsbygoogle\"\r\n     style=\"display:inline-block;width:728px;height:90px\"\r\n     data-ad-client=\"ca-pub-5798583071070083\"\r\n     data-ad-slot=\"5935394872\"><\/ins>\r\n<script>\r\n(adsbygoogle = window.adsbygoogle || []).push({});\r\n<\/script>\n<\/div>\n\n<div style=\"font-size: 0px; height: 0px; line-height: 0px; margin: 0; padding: 0; clear: both;\"><\/div>","protected":false},"excerpt":{"rendered":"<p>Mezzi e proposte di grandi marchi per la stagione 2015 esposte \u00a0dai brand pi\u00f9 prestigiosi. Focus sulle premiere del salone del turismo itinerante di CarraraFiere. Proseguiamo il nostro viaggio fra le tante novit\u00e0 e le proposte pi\u00f9 stuzzicanti di Tour.it 2015 per scoprire che molti marchi, oltre ad essere presenti in forze, hanno scelto Carrara [&hellip;]<\/p>\n","protected":false},"author":1,"featured_media":30473,"comment_status":"closed","ping_status":"open","sticky":false,"template":"","format":"standard","meta":{"ngg_post_thumbnail":0,"jnews-multi-image_gallery":[],"jnews_single_post":[],"jnews_primary_category":[],"jnews_override_counter":[],"footnotes":""},"categories":[642],"tags":[612],"class_list":["post-30472","post","type-post","status-publish","format-standard","has-post-thumbnail","hentry","category-caravanning","tag-tourit"],"yoast_head":"<!-- This site is optimized with the Yoast SEO plugin v27.4 - https:\/\/yoast.com\/product\/yoast-seo-wordpress\/ -->\n<title>Camper o caravan: la novit\u00e0 presentate a Tour.it  - TI - Turismo Itinerante<\/title>\n<meta name=\"robots\" content=\"index, follow, max-snippet:-1, max-image-preview:large, max-video-preview:-1\" \/>\n<link rel=\"canonical\" href=\"https:\/\/www.turismoitinerante.com\/site\/camper-o-caravan-la-novita-presentate-a-tour-it\/\" \/>\n<meta property=\"og:locale\" content=\"it_IT\" \/>\n<meta property=\"og:type\" content=\"article\" \/>\n<meta property=\"og:title\" content=\"Camper o caravan: la novit\u00e0 presentate a Tour.it  - TI - Turismo Itinerante\" \/>\n<meta property=\"og:description\" content=\"Mezzi e proposte di grandi marchi per la stagione 2015 esposte \u00a0dai brand pi\u00f9 prestigiosi. Focus sulle premiere del salone del turismo itinerante di CarraraFiere. Proseguiamo il nostro viaggio fra le tante novit\u00e0 e le proposte pi\u00f9 stuzzicanti di Tour.it 2015 per scoprire che molti marchi, oltre ad essere presenti in forze, hanno scelto Carrara [&hellip;]\" \/>\n<meta property=\"og:url\" content=\"https:\/\/www.turismoitinerante.com\/site\/camper-o-caravan-la-novita-presentate-a-tour-it\/\" \/>\n<meta property=\"og:site_name\" content=\"TI - Turismo Itinerante\" \/>\n<meta property=\"article:published_time\" content=\"2015-01-24T08:31:12+00:00\" \/>\n<meta property=\"article:modified_time\" content=\"2015-01-26T08:35:18+00:00\" \/>\n<meta property=\"og:image\" content=\"https:\/\/www.turismoitinerante.com\/site\/wp-content\/uploads\/2015\/01\/carrara-tourit-2015.jpg\" \/>\n\t<meta property=\"og:image:width\" content=\"660\" \/>\n\t<meta property=\"og:image:height\" content=\"495\" \/>\n\t<meta property=\"og:image:type\" content=\"image\/jpeg\" \/>\n<meta name=\"author\" content=\"admin\" \/>\n<meta name=\"twitter:card\" content=\"summary_large_image\" \/>\n<meta name=\"twitter:label1\" content=\"Scritto da\" \/>\n\t<meta name=\"twitter:data1\" content=\"admin\" \/>\n\t<meta name=\"twitter:label2\" content=\"Tempo di lettura stimato\" \/>\n\t<meta name=\"twitter:data2\" content=\"4 minuti\" \/>\n<script type=\"application\/ld+json\" class=\"yoast-schema-graph\">{\"@context\":\"https:\\\/\\\/schema.org\",\"@graph\":[{\"@type\":\"Article\",\"@id\":\"https:\\\/\\\/www.turismoitinerante.com\\\/site\\\/camper-o-caravan-la-novita-presentate-a-tour-it\\\/#article\",\"isPartOf\":{\"@id\":\"https:\\\/\\\/www.turismoitinerante.com\\\/site\\\/camper-o-caravan-la-novita-presentate-a-tour-it\\\/\"},\"author\":{\"name\":\"admin\",\"@id\":\"https:\\\/\\\/www.turismoitinerante.com\\\/site\\\/#\\\/schema\\\/person\\\/1e1238d2d1617438f3682e54bf4d6c05\"},\"headline\":\"Camper o caravan: la novit\u00e0 presentate a Tour.it\",\"datePublished\":\"2015-01-24T08:31:12+00:00\",\"dateModified\":\"2015-01-26T08:35:18+00:00\",\"mainEntityOfPage\":{\"@id\":\"https:\\\/\\\/www.turismoitinerante.com\\\/site\\\/camper-o-caravan-la-novita-presentate-a-tour-it\\\/\"},\"wordCount\":784,\"image\":{\"@id\":\"https:\\\/\\\/www.turismoitinerante.com\\\/site\\\/camper-o-caravan-la-novita-presentate-a-tour-it\\\/#primaryimage\"},\"thumbnailUrl\":\"https:\\\/\\\/www.turismoitinerante.com\\\/site\\\/wp-content\\\/uploads\\\/2015\\\/01\\\/carrara-tourit-2015.jpg\",\"keywords\":[\"Tourit\"],\"articleSection\":[\"Caravanning\"],\"inLanguage\":\"it-IT\"},{\"@type\":\"WebPage\",\"@id\":\"https:\\\/\\\/www.turismoitinerante.com\\\/site\\\/camper-o-caravan-la-novita-presentate-a-tour-it\\\/\",\"url\":\"https:\\\/\\\/www.turismoitinerante.com\\\/site\\\/camper-o-caravan-la-novita-presentate-a-tour-it\\\/\",\"name\":\"Camper o caravan: la novit\u00e0 presentate a Tour.it - TI - Turismo Itinerante\",\"isPartOf\":{\"@id\":\"https:\\\/\\\/www.turismoitinerante.com\\\/site\\\/#website\"},\"primaryImageOfPage\":{\"@id\":\"https:\\\/\\\/www.turismoitinerante.com\\\/site\\\/camper-o-caravan-la-novita-presentate-a-tour-it\\\/#primaryimage\"},\"image\":{\"@id\":\"https:\\\/\\\/www.turismoitinerante.com\\\/site\\\/camper-o-caravan-la-novita-presentate-a-tour-it\\\/#primaryimage\"},\"thumbnailUrl\":\"https:\\\/\\\/www.turismoitinerante.com\\\/site\\\/wp-content\\\/uploads\\\/2015\\\/01\\\/carrara-tourit-2015.jpg\",\"datePublished\":\"2015-01-24T08:31:12+00:00\",\"dateModified\":\"2015-01-26T08:35:18+00:00\",\"author\":{\"@id\":\"https:\\\/\\\/www.turismoitinerante.com\\\/site\\\/#\\\/schema\\\/person\\\/1e1238d2d1617438f3682e54bf4d6c05\"},\"breadcrumb\":{\"@id\":\"https:\\\/\\\/www.turismoitinerante.com\\\/site\\\/camper-o-caravan-la-novita-presentate-a-tour-it\\\/#breadcrumb\"},\"inLanguage\":\"it-IT\",\"potentialAction\":[{\"@type\":\"ReadAction\",\"target\":[\"https:\\\/\\\/www.turismoitinerante.com\\\/site\\\/camper-o-caravan-la-novita-presentate-a-tour-it\\\/\"]}]},{\"@type\":\"ImageObject\",\"inLanguage\":\"it-IT\",\"@id\":\"https:\\\/\\\/www.turismoitinerante.com\\\/site\\\/camper-o-caravan-la-novita-presentate-a-tour-it\\\/#primaryimage\",\"url\":\"https:\\\/\\\/www.turismoitinerante.com\\\/site\\\/wp-content\\\/uploads\\\/2015\\\/01\\\/carrara-tourit-2015.jpg\",\"contentUrl\":\"https:\\\/\\\/www.turismoitinerante.com\\\/site\\\/wp-content\\\/uploads\\\/2015\\\/01\\\/carrara-tourit-2015.jpg\",\"width\":660,\"height\":495},{\"@type\":\"BreadcrumbList\",\"@id\":\"https:\\\/\\\/www.turismoitinerante.com\\\/site\\\/camper-o-caravan-la-novita-presentate-a-tour-it\\\/#breadcrumb\",\"itemListElement\":[{\"@type\":\"ListItem\",\"position\":1,\"name\":\"Home\",\"item\":\"https:\\\/\\\/www.turismoitinerante.com\\\/site\\\/\"},{\"@type\":\"ListItem\",\"position\":2,\"name\":\"Camper o caravan: la novit\u00e0 presentate a Tour.it\"}]},{\"@type\":\"WebSite\",\"@id\":\"https:\\\/\\\/www.turismoitinerante.com\\\/site\\\/#website\",\"url\":\"https:\\\/\\\/www.turismoitinerante.com\\\/site\\\/\",\"name\":\"TI - Turismo Itinerante\",\"description\":\"Ritrovarsi su internet per informarsi, per informare. Il portale del turismo itinerante. Una infinit\u00e0 di notizie su camper, itinerari, aree sosta camper, concessionari, campeggi, agriturismo, raduni, sagre, fiere, mostre, associazioni, club, forum, bacheca annunci\",\"potentialAction\":[{\"@type\":\"SearchAction\",\"target\":{\"@type\":\"EntryPoint\",\"urlTemplate\":\"https:\\\/\\\/www.turismoitinerante.com\\\/site\\\/?s={search_term_string}\"},\"query-input\":{\"@type\":\"PropertyValueSpecification\",\"valueRequired\":true,\"valueName\":\"search_term_string\"}}],\"inLanguage\":\"it-IT\"},{\"@type\":\"Person\",\"@id\":\"https:\\\/\\\/www.turismoitinerante.com\\\/site\\\/#\\\/schema\\\/person\\\/1e1238d2d1617438f3682e54bf4d6c05\",\"name\":\"admin\",\"image\":{\"@type\":\"ImageObject\",\"inLanguage\":\"it-IT\",\"@id\":\"https:\\\/\\\/secure.gravatar.com\\\/avatar\\\/9102d8c23b35e2809b07ebc42ce126daa3d6a47cce9878a22d14d9852ade629e?s=96&d=mm&r=g\",\"url\":\"https:\\\/\\\/secure.gravatar.com\\\/avatar\\\/9102d8c23b35e2809b07ebc42ce126daa3d6a47cce9878a22d14d9852ade629e?s=96&d=mm&r=g\",\"contentUrl\":\"https:\\\/\\\/secure.gravatar.com\\\/avatar\\\/9102d8c23b35e2809b07ebc42ce126daa3d6a47cce9878a22d14d9852ade629e?s=96&d=mm&r=g\",\"caption\":\"admin\"},\"url\":\"https:\\\/\\\/www.turismoitinerante.com\\\/site\\\/author\\\/admin\\\/\"}]}<\/script>\n<!-- \/ Yoast SEO plugin. -->","yoast_head_json":{"title":"Camper o caravan: la novit\u00e0 presentate a Tour.it  - TI - Turismo Itinerante","robots":{"index":"index","follow":"follow","max-snippet":"max-snippet:-1","max-image-preview":"max-image-preview:large","max-video-preview":"max-video-preview:-1"},"canonical":"https:\/\/www.turismoitinerante.com\/site\/camper-o-caravan-la-novita-presentate-a-tour-it\/","og_locale":"it_IT","og_type":"article","og_title":"Camper o caravan: la novit\u00e0 presentate a Tour.it  - TI - Turismo Itinerante","og_description":"Mezzi e proposte di grandi marchi per la stagione 2015 esposte \u00a0dai brand pi\u00f9 prestigiosi. Focus sulle premiere del salone del turismo itinerante di CarraraFiere. Proseguiamo il nostro viaggio fra le tante novit\u00e0 e le proposte pi\u00f9 stuzzicanti di Tour.it 2015 per scoprire che molti marchi, oltre ad essere presenti in forze, hanno scelto Carrara [&hellip;]","og_url":"https:\/\/www.turismoitinerante.com\/site\/camper-o-caravan-la-novita-presentate-a-tour-it\/","og_site_name":"TI - Turismo Itinerante","article_published_time":"2015-01-24T08:31:12+00:00","article_modified_time":"2015-01-26T08:35:18+00:00","og_image":[{"width":660,"height":495,"url":"https:\/\/www.turismoitinerante.com\/site\/wp-content\/uploads\/2015\/01\/carrara-tourit-2015.jpg","type":"image\/jpeg"}],"author":"admin","twitter_card":"summary_large_image","twitter_misc":{"Scritto da":"admin","Tempo di lettura stimato":"4 minuti"},"schema":{"@context":"https:\/\/schema.org","@graph":[{"@type":"Article","@id":"https:\/\/www.turismoitinerante.com\/site\/camper-o-caravan-la-novita-presentate-a-tour-it\/#article","isPartOf":{"@id":"https:\/\/www.turismoitinerante.com\/site\/camper-o-caravan-la-novita-presentate-a-tour-it\/"},"author":{"name":"admin","@id":"https:\/\/www.turismoitinerante.com\/site\/#\/schema\/person\/1e1238d2d1617438f3682e54bf4d6c05"},"headline":"Camper o caravan: la novit\u00e0 presentate a Tour.it","datePublished":"2015-01-24T08:31:12+00:00","dateModified":"2015-01-26T08:35:18+00:00","mainEntityOfPage":{"@id":"https:\/\/www.turismoitinerante.com\/site\/camper-o-caravan-la-novita-presentate-a-tour-it\/"},"wordCount":784,"image":{"@id":"https:\/\/www.turismoitinerante.com\/site\/camper-o-caravan-la-novita-presentate-a-tour-it\/#primaryimage"},"thumbnailUrl":"https:\/\/www.turismoitinerante.com\/site\/wp-content\/uploads\/2015\/01\/carrara-tourit-2015.jpg","keywords":["Tourit"],"articleSection":["Caravanning"],"inLanguage":"it-IT"},{"@type":"WebPage","@id":"https:\/\/www.turismoitinerante.com\/site\/camper-o-caravan-la-novita-presentate-a-tour-it\/","url":"https:\/\/www.turismoitinerante.com\/site\/camper-o-caravan-la-novita-presentate-a-tour-it\/","name":"Camper o caravan: la novit\u00e0 presentate a Tour.it - TI - Turismo Itinerante","isPartOf":{"@id":"https:\/\/www.turismoitinerante.com\/site\/#website"},"primaryImageOfPage":{"@id":"https:\/\/www.turismoitinerante.com\/site\/camper-o-caravan-la-novita-presentate-a-tour-it\/#primaryimage"},"image":{"@id":"https:\/\/www.turismoitinerante.com\/site\/camper-o-caravan-la-novita-presentate-a-tour-it\/#primaryimage"},"thumbnailUrl":"https:\/\/www.turismoitinerante.com\/site\/wp-content\/uploads\/2015\/01\/carrara-tourit-2015.jpg","datePublished":"2015-01-24T08:31:12+00:00","dateModified":"2015-01-26T08:35:18+00:00","author":{"@id":"https:\/\/www.turismoitinerante.com\/site\/#\/schema\/person\/1e1238d2d1617438f3682e54bf4d6c05"},"breadcrumb":{"@id":"https:\/\/www.turismoitinerante.com\/site\/camper-o-caravan-la-novita-presentate-a-tour-it\/#breadcrumb"},"inLanguage":"it-IT","potentialAction":[{"@type":"ReadAction","target":["https:\/\/www.turismoitinerante.com\/site\/camper-o-caravan-la-novita-presentate-a-tour-it\/"]}]},{"@type":"ImageObject","inLanguage":"it-IT","@id":"https:\/\/www.turismoitinerante.com\/site\/camper-o-caravan-la-novita-presentate-a-tour-it\/#primaryimage","url":"https:\/\/www.turismoitinerante.com\/site\/wp-content\/uploads\/2015\/01\/carrara-tourit-2015.jpg","contentUrl":"https:\/\/www.turismoitinerante.com\/site\/wp-content\/uploads\/2015\/01\/carrara-tourit-2015.jpg","width":660,"height":495},{"@type":"BreadcrumbList","@id":"https:\/\/www.turismoitinerante.com\/site\/camper-o-caravan-la-novita-presentate-a-tour-it\/#breadcrumb","itemListElement":[{"@type":"ListItem","position":1,"name":"Home","item":"https:\/\/www.turismoitinerante.com\/site\/"},{"@type":"ListItem","position":2,"name":"Camper o caravan: la novit\u00e0 presentate a Tour.it"}]},{"@type":"WebSite","@id":"https:\/\/www.turismoitinerante.com\/site\/#website","url":"https:\/\/www.turismoitinerante.com\/site\/","name":"TI - Turismo Itinerante","description":"Ritrovarsi su internet per informarsi, per informare. Il portale del turismo itinerante. Una infinit\u00e0 di notizie su camper, itinerari, aree sosta camper, concessionari, campeggi, agriturismo, raduni, sagre, fiere, mostre, associazioni, club, forum, bacheca annunci","potentialAction":[{"@type":"SearchAction","target":{"@type":"EntryPoint","urlTemplate":"https:\/\/www.turismoitinerante.com\/site\/?s={search_term_string}"},"query-input":{"@type":"PropertyValueSpecification","valueRequired":true,"valueName":"search_term_string"}}],"inLanguage":"it-IT"},{"@type":"Person","@id":"https:\/\/www.turismoitinerante.com\/site\/#\/schema\/person\/1e1238d2d1617438f3682e54bf4d6c05","name":"admin","image":{"@type":"ImageObject","inLanguage":"it-IT","@id":"https:\/\/secure.gravatar.com\/avatar\/9102d8c23b35e2809b07ebc42ce126daa3d6a47cce9878a22d14d9852ade629e?s=96&d=mm&r=g","url":"https:\/\/secure.gravatar.com\/avatar\/9102d8c23b35e2809b07ebc42ce126daa3d6a47cce9878a22d14d9852ade629e?s=96&d=mm&r=g","contentUrl":"https:\/\/secure.gravatar.com\/avatar\/9102d8c23b35e2809b07ebc42ce126daa3d6a47cce9878a22d14d9852ade629e?s=96&d=mm&r=g","caption":"admin"},"url":"https:\/\/www.turismoitinerante.com\/site\/author\/admin\/"}]}},"_links":{"self":[{"href":"https:\/\/www.turismoitinerante.com\/site\/wp-json\/wp\/v2\/posts\/30472","targetHints":{"allow":["GET"]}}],"collection":[{"href":"https:\/\/www.turismoitinerante.com\/site\/wp-json\/wp\/v2\/posts"}],"about":[{"href":"https:\/\/www.turismoitinerante.com\/site\/wp-json\/wp\/v2\/types\/post"}],"author":[{"embeddable":true,"href":"https:\/\/www.turismoitinerante.com\/site\/wp-json\/wp\/v2\/users\/1"}],"replies":[{"embeddable":true,"href":"https:\/\/www.turismoitinerante.com\/site\/wp-json\/wp\/v2\/comments?post=30472"}],"version-history":[{"count":1,"href":"https:\/\/www.turismoitinerante.com\/site\/wp-json\/wp\/v2\/posts\/30472\/revisions"}],"predecessor-version":[{"id":30474,"href":"https:\/\/www.turismoitinerante.com\/site\/wp-json\/wp\/v2\/posts\/30472\/revisions\/30474"}],"wp:featuredmedia":[{"embeddable":true,"href":"https:\/\/www.turismoitinerante.com\/site\/wp-json\/wp\/v2\/media\/30473"}],"wp:attachment":[{"href":"https:\/\/www.turismoitinerante.com\/site\/wp-json\/wp\/v2\/media?parent=30472"}],"wp:term":[{"taxonomy":"category","embeddable":true,"href":"https:\/\/www.turismoitinerante.com\/site\/wp-json\/wp\/v2\/categories?post=30472"},{"taxonomy":"post_tag","embeddable":true,"href":"https:\/\/www.turismoitinerante.com\/site\/wp-json\/wp\/v2\/tags?post=30472"}],"curies":[{"name":"wp","href":"https:\/\/api.w.org\/{rel}","templated":true}]}}