{"id":30470,"date":"2015-01-26T09:27:56","date_gmt":"2015-01-26T08:27:56","guid":{"rendered":"http:\/\/www.turismoitinerante.com\/site\/?p=30470"},"modified":"2015-01-26T09:27:56","modified_gmt":"2015-01-26T08:27:56","slug":"conclusa-tourit-soddisfazione-per-affluenza-di-pubblico-e-record-di-marchi","status":"publish","type":"post","link":"https:\/\/www.turismoitinerante.com\/site\/conclusa-tourit-soddisfazione-per-affluenza-di-pubblico-e-record-di-marchi\/","title":{"rendered":"Conclusa Tourit soddisfazione per affluenza di pubblico e record di marchi"},"content":{"rendered":"<p><i>Il mondo del camper si \u00e8 ritrovato in forze a Carrara da gioved\u00ec 22 a domenica 25 gennaio per un\u2019edizione molto positiva del salone del turismo itinerante e sostenibile. Segnali positivi dal mercato con vendite in fiera e contrattazioni sostenute grazie al grande impegno degli espositori che hanno presentato numerose novit\u00e0 per la stagione 2015. Successo del raduno nazionale organizzato dal Toscana Camper Club: quasi trecento equipaggi e tante visite\u00a0 a Pontremoli alla citt\u00e0 romana di Luni e alle cave di marmo.<\/i><\/p>\n<p><a href=\"http:\/\/www.turismoitinerante.com\/site\/wp-content\/uploads\/2015\/01\/raduno-carrara-2015-toscana_camper_club.jpg\"><img decoding=\"async\" class=\"aligncenter size-full wp-image-30331\" alt=\"raduno-carrara-2015-toscana_camper_club\" src=\"http:\/\/www.turismoitinerante.com\/site\/wp-content\/uploads\/2015\/01\/raduno-carrara-2015-toscana_camper_club.jpg\" width=\"660\" height=\"440\" srcset=\"https:\/\/www.turismoitinerante.com\/site\/wp-content\/uploads\/2015\/01\/raduno-carrara-2015-toscana_camper_club.jpg 660w, https:\/\/www.turismoitinerante.com\/site\/wp-content\/uploads\/2015\/01\/raduno-carrara-2015-toscana_camper_club-300x200.jpg 300w, https:\/\/www.turismoitinerante.com\/site\/wp-content\/uploads\/2015\/01\/raduno-carrara-2015-toscana_camper_club-400x266.jpg 400w\" sizes=\"(max-width: 660px) 100vw, 660px\" \/><\/a><\/p>\n<p>A poche ore dalla chiusura ufficiale e in attesa di valutare le statistiche dei visitatori che sono comunque positive nei confronti con le prime giornate delle edizioni precedenti, Tour.it ha comunque gi\u00e0 colto alcuni successi importanti con la presenza record in fiera di 29 marchi fra camper e caravan con un totale generale di 114 espositori (con 15mila metri quadrati occupati) provenienti da tutta Italia.<\/p>\n<p>\u201cLe valutazioni finali devono essere fate con una lettura attenta delle statistiche soprattutto di quelle dei visitatori che valutiamo comunque in leggera crescita \u2013 dice Fabio Felici presidente di CarraraFiere \u2013 ma da questa edizione cogliamo alcuni segnali molto importanti. Quello pi\u00f9 evidente \u00e8 il numero dei marchi presenti con tante novit\u00e0 e debutti assoluti per alcuni prodotti che sono stati presentati a Carrara per la prima volta in assoluto mentre un altro elemento che rafforza l\u2019importanza del Salone \u00e8 il numero e la qualit\u00e0 degli appuntamenti organizzati dalle associazioni che hanno colto l\u2019importanza dell\u2019appuntamento per veicolare informazioni, discutere e condividere problemi e soluzioni tecniche e commerciali che interessano aziende e utenti\u201d.<\/p>\n<p>Ma Tour.it \u00e8 l\u2019evento che apre la stagione e con questa edizione si sono colti anche segnali importanti dal punto di vista commerciale con vendita di mezzi in fiera e contrattazioni sostenute in un contesto che propone il meglio dei mezzi ricreazionali, accessori e servizi per il turismo plein air ed \u00e8 anche occasione per approfondire temi di grande attualit\u00e0 come l\u2019EXPO che si terr\u00e0 a Milano dal prossimo 1 maggio e si protrarr\u00e0 fino alla fine di ottobre.<\/p>\n<p>L\u2019argomento \u00e8 stato trattato nel corso di un convegno <b>\u201cEXPO MILANO 2015 e il turismo itinerante: tutto quello che c\u2019\u00e8 da sapere\u201d<\/b> che si \u00e8 svolto nella giornata conclusiva con una forte partecipazione delle associazioni e dei camperisti presenti al Salone organizzato in collaborazione con Promocamp Italia, da Mazzucchelli and Partners, editore del portale Driving Expo 2015 ( www.drivingexpo2015.com )<\/p>\n<p>\u201cOggi in Europa circolano <b>oltre cinque milioni di mezzi ricreazionali<\/b> (1.548.900 camper e 3.873.700 caravan) e si calcola che circa il 5% dei proprietari useranno i mezzi per visitare l\u2019EXPO. \u00c8 una massa importante di visitatori che necessita di strutture di accoglienza, informazioni, e assistenza di ogni genere. Per questo \u2013 ha detto Mazzucchelli \u2013 abbiamo creato un portale nel quale sar\u00e0 inserita una massa enorme di dati per iforare gli italiani e soprattutto glu stranieri su tutto quello che possono vedere all\u2019EXPO ma anche su quello che c\u2019\u00e8 al di fuori dell\u2019area espositiva.\u201d<\/p>\n<p>Il <b>presidente di Promocamp Luigi Boschetti<\/b> si \u00e8 invece soffermato sui risultati gi\u00e0 raggiunti e sugli obiettivi dell\u2019associazione \u201cconsiderato che \u00e8 necessario lavorare in sinergia con le istituzioni e in particolare con il comune di Milano per individuare e allestire nuove aree, rafforzare e migliorare l\u2019esistente e creare le condizioni per una mobilit\u00e0 urbana che consenta a chi arriva in camper di parcheggiare e poi arrivare all\u2019EXPO. Ci sono le condizioni per ottenere un grande risultato \u2013 ha detto ancora Boschetti \u2013 stiamo lavorando con impegno e dobbiamo continuare senza sosta.\u201d.<\/p>\n<p>Chi invece ha visto premiati gli sforzi organizzativi e l\u2019impegno dei soci con un bel successo \u00e8 il Toscana Camper Club che ha organizzato il suo raduno nazionale in occasione di Tourit, un appuntamento sempre particolarmente apprezzato dai camperisti che hanno risposto alla grande: <b>circa trecento mezzi<\/b> presenti nei piazzali di CarraraFiere e grande partecipazione sia alle attivit\u00e0 di socializzazione sia alle escursioni in pullman gran turismo a Pontremoli e Luni ma anche ( con mezzi fuoristrada) alle cave.<\/p>\n<p>In un momento di bassa stagione per il turismo aver convogliato verso <b>Pontremoli e la Lunigiana o verso Luni oltre 500 visitatori selezionati<\/b>, con ottima capacit\u00e0 di spesa \u00e8 un grande risultato per le ricadute che assicura. \u201cNoi siamo, come sempre soddisfatti \u2013 dice il <b>presidente del Club Guido Chiari <\/b>\u2013 perch\u00e9 abbiamo avuto adesioni e presenza anche da citt\u00e0 molto lontane.<\/p>\n<p>Questo significa che l\u2019offerta che abbiamo proposto e l\u2019organizzazione che assicuriamo grazie al lavoro dei nostri soci, viene apprezzata come viene apprezzata e partecipata la nostra attivit\u00e0 di socializzazione in fiera con spettacoli e intrattenimento che coinvolgono soci ed ospiti per tutte le giornate e le serate del raduno\u201d.<\/p>\n<div class=\"7863122cad8776726ec303240ed69aa5\" data-index=\"4\" style=\"float: none; margin:10px 0 10px 0; text-align:center;\">\n<script async src=\"\/\/pagead2.googlesyndication.com\/pagead\/js\/adsbygoogle.js\"><\/script>\r\n<!-- 728x90, creato 23\/02\/11 -->\r\n<ins class=\"adsbygoogle\"\r\n     style=\"display:inline-block;width:728px;height:90px\"\r\n     data-ad-client=\"ca-pub-5798583071070083\"\r\n     data-ad-slot=\"5935394872\"><\/ins>\r\n<script>\r\n(adsbygoogle = window.adsbygoogle || []).push({});\r\n<\/script>\n<\/div>\n\n<div style=\"font-size: 0px; height: 0px; line-height: 0px; margin: 0; padding: 0; clear: both;\"><\/div>","protected":false},"excerpt":{"rendered":"<p>Il mondo del camper si \u00e8 ritrovato in forze a Carrara da gioved\u00ec 22 a domenica 25 gennaio per un\u2019edizione molto positiva del salone del turismo itinerante e sostenibile. Segnali positivi dal mercato con vendite in fiera e contrattazioni sostenute grazie al grande impegno degli espositori che hanno presentato numerose novit\u00e0 per la stagione 2015. [&hellip;]<\/p>\n","protected":false},"author":1,"featured_media":30331,"comment_status":"closed","ping_status":"open","sticky":false,"template":"","format":"standard","meta":{"ngg_post_thumbnail":0,"jnews-multi-image_gallery":[],"jnews_single_post":[],"jnews_primary_category":[],"jnews_override_counter":[],"footnotes":""},"categories":[642],"tags":[612],"class_list":["post-30470","post","type-post","status-publish","format-standard","has-post-thumbnail","hentry","category-caravanning","tag-tourit"],"yoast_head":"<!-- This site is optimized with the Yoast SEO plugin v27.4 - https:\/\/yoast.com\/product\/yoast-seo-wordpress\/ -->\n<title>Conclusa Tourit soddisfazione per affluenza di pubblico e record di marchi  - TI - Turismo Itinerante<\/title>\n<meta name=\"robots\" content=\"index, follow, max-snippet:-1, max-image-preview:large, max-video-preview:-1\" \/>\n<link rel=\"canonical\" href=\"https:\/\/www.turismoitinerante.com\/site\/conclusa-tourit-soddisfazione-per-affluenza-di-pubblico-e-record-di-marchi\/\" \/>\n<meta property=\"og:locale\" content=\"it_IT\" \/>\n<meta property=\"og:type\" content=\"article\" \/>\n<meta property=\"og:title\" content=\"Conclusa Tourit soddisfazione per affluenza di pubblico e record di marchi  - TI - Turismo Itinerante\" \/>\n<meta property=\"og:description\" content=\"Il mondo del camper si \u00e8 ritrovato in forze a Carrara da gioved\u00ec 22 a domenica 25 gennaio per un\u2019edizione molto positiva del salone del turismo itinerante e sostenibile. Segnali positivi dal mercato con vendite in fiera e contrattazioni sostenute grazie al grande impegno degli espositori che hanno presentato numerose novit\u00e0 per la stagione 2015. [&hellip;]\" \/>\n<meta property=\"og:url\" content=\"https:\/\/www.turismoitinerante.com\/site\/conclusa-tourit-soddisfazione-per-affluenza-di-pubblico-e-record-di-marchi\/\" \/>\n<meta property=\"og:site_name\" content=\"TI - Turismo Itinerante\" \/>\n<meta property=\"article:published_time\" content=\"2015-01-26T08:27:56+00:00\" \/>\n<meta property=\"og:image\" content=\"https:\/\/www.turismoitinerante.com\/site\/wp-content\/uploads\/2015\/01\/raduno-carrara-2015-toscana_camper_club.jpg\" \/>\n\t<meta property=\"og:image:width\" content=\"660\" \/>\n\t<meta property=\"og:image:height\" content=\"440\" \/>\n\t<meta property=\"og:image:type\" content=\"image\/jpeg\" \/>\n<meta name=\"author\" content=\"admin\" \/>\n<meta name=\"twitter:card\" content=\"summary_large_image\" \/>\n<meta name=\"twitter:label1\" content=\"Scritto da\" \/>\n\t<meta name=\"twitter:data1\" content=\"admin\" \/>\n\t<meta name=\"twitter:label2\" content=\"Tempo di lettura stimato\" \/>\n\t<meta name=\"twitter:data2\" content=\"4 minuti\" \/>\n<script type=\"application\/ld+json\" class=\"yoast-schema-graph\">{\"@context\":\"https:\\\/\\\/schema.org\",\"@graph\":[{\"@type\":\"Article\",\"@id\":\"https:\\\/\\\/www.turismoitinerante.com\\\/site\\\/conclusa-tourit-soddisfazione-per-affluenza-di-pubblico-e-record-di-marchi\\\/#article\",\"isPartOf\":{\"@id\":\"https:\\\/\\\/www.turismoitinerante.com\\\/site\\\/conclusa-tourit-soddisfazione-per-affluenza-di-pubblico-e-record-di-marchi\\\/\"},\"author\":{\"name\":\"admin\",\"@id\":\"https:\\\/\\\/www.turismoitinerante.com\\\/site\\\/#\\\/schema\\\/person\\\/1e1238d2d1617438f3682e54bf4d6c05\"},\"headline\":\"Conclusa Tourit soddisfazione per affluenza di pubblico e record di marchi\",\"datePublished\":\"2015-01-26T08:27:56+00:00\",\"mainEntityOfPage\":{\"@id\":\"https:\\\/\\\/www.turismoitinerante.com\\\/site\\\/conclusa-tourit-soddisfazione-per-affluenza-di-pubblico-e-record-di-marchi\\\/\"},\"wordCount\":769,\"image\":{\"@id\":\"https:\\\/\\\/www.turismoitinerante.com\\\/site\\\/conclusa-tourit-soddisfazione-per-affluenza-di-pubblico-e-record-di-marchi\\\/#primaryimage\"},\"thumbnailUrl\":\"https:\\\/\\\/www.turismoitinerante.com\\\/site\\\/wp-content\\\/uploads\\\/2015\\\/01\\\/raduno-carrara-2015-toscana_camper_club.jpg\",\"keywords\":[\"Tourit\"],\"articleSection\":[\"Caravanning\"],\"inLanguage\":\"it-IT\"},{\"@type\":\"WebPage\",\"@id\":\"https:\\\/\\\/www.turismoitinerante.com\\\/site\\\/conclusa-tourit-soddisfazione-per-affluenza-di-pubblico-e-record-di-marchi\\\/\",\"url\":\"https:\\\/\\\/www.turismoitinerante.com\\\/site\\\/conclusa-tourit-soddisfazione-per-affluenza-di-pubblico-e-record-di-marchi\\\/\",\"name\":\"Conclusa Tourit soddisfazione per affluenza di pubblico e record di marchi - TI - Turismo Itinerante\",\"isPartOf\":{\"@id\":\"https:\\\/\\\/www.turismoitinerante.com\\\/site\\\/#website\"},\"primaryImageOfPage\":{\"@id\":\"https:\\\/\\\/www.turismoitinerante.com\\\/site\\\/conclusa-tourit-soddisfazione-per-affluenza-di-pubblico-e-record-di-marchi\\\/#primaryimage\"},\"image\":{\"@id\":\"https:\\\/\\\/www.turismoitinerante.com\\\/site\\\/conclusa-tourit-soddisfazione-per-affluenza-di-pubblico-e-record-di-marchi\\\/#primaryimage\"},\"thumbnailUrl\":\"https:\\\/\\\/www.turismoitinerante.com\\\/site\\\/wp-content\\\/uploads\\\/2015\\\/01\\\/raduno-carrara-2015-toscana_camper_club.jpg\",\"datePublished\":\"2015-01-26T08:27:56+00:00\",\"author\":{\"@id\":\"https:\\\/\\\/www.turismoitinerante.com\\\/site\\\/#\\\/schema\\\/person\\\/1e1238d2d1617438f3682e54bf4d6c05\"},\"breadcrumb\":{\"@id\":\"https:\\\/\\\/www.turismoitinerante.com\\\/site\\\/conclusa-tourit-soddisfazione-per-affluenza-di-pubblico-e-record-di-marchi\\\/#breadcrumb\"},\"inLanguage\":\"it-IT\",\"potentialAction\":[{\"@type\":\"ReadAction\",\"target\":[\"https:\\\/\\\/www.turismoitinerante.com\\\/site\\\/conclusa-tourit-soddisfazione-per-affluenza-di-pubblico-e-record-di-marchi\\\/\"]}]},{\"@type\":\"ImageObject\",\"inLanguage\":\"it-IT\",\"@id\":\"https:\\\/\\\/www.turismoitinerante.com\\\/site\\\/conclusa-tourit-soddisfazione-per-affluenza-di-pubblico-e-record-di-marchi\\\/#primaryimage\",\"url\":\"https:\\\/\\\/www.turismoitinerante.com\\\/site\\\/wp-content\\\/uploads\\\/2015\\\/01\\\/raduno-carrara-2015-toscana_camper_club.jpg\",\"contentUrl\":\"https:\\\/\\\/www.turismoitinerante.com\\\/site\\\/wp-content\\\/uploads\\\/2015\\\/01\\\/raduno-carrara-2015-toscana_camper_club.jpg\",\"width\":660,\"height\":440,\"caption\":\"raduno-carrara-2015-toscana_camper_club\"},{\"@type\":\"BreadcrumbList\",\"@id\":\"https:\\\/\\\/www.turismoitinerante.com\\\/site\\\/conclusa-tourit-soddisfazione-per-affluenza-di-pubblico-e-record-di-marchi\\\/#breadcrumb\",\"itemListElement\":[{\"@type\":\"ListItem\",\"position\":1,\"name\":\"Home\",\"item\":\"https:\\\/\\\/www.turismoitinerante.com\\\/site\\\/\"},{\"@type\":\"ListItem\",\"position\":2,\"name\":\"Conclusa Tourit soddisfazione per affluenza di pubblico e record di marchi\"}]},{\"@type\":\"WebSite\",\"@id\":\"https:\\\/\\\/www.turismoitinerante.com\\\/site\\\/#website\",\"url\":\"https:\\\/\\\/www.turismoitinerante.com\\\/site\\\/\",\"name\":\"TI - Turismo Itinerante\",\"description\":\"Ritrovarsi su internet per informarsi, per informare. Il portale del turismo itinerante. Una infinit\u00e0 di notizie su camper, itinerari, aree sosta camper, concessionari, campeggi, agriturismo, raduni, sagre, fiere, mostre, associazioni, club, forum, bacheca annunci\",\"potentialAction\":[{\"@type\":\"SearchAction\",\"target\":{\"@type\":\"EntryPoint\",\"urlTemplate\":\"https:\\\/\\\/www.turismoitinerante.com\\\/site\\\/?s={search_term_string}\"},\"query-input\":{\"@type\":\"PropertyValueSpecification\",\"valueRequired\":true,\"valueName\":\"search_term_string\"}}],\"inLanguage\":\"it-IT\"},{\"@type\":\"Person\",\"@id\":\"https:\\\/\\\/www.turismoitinerante.com\\\/site\\\/#\\\/schema\\\/person\\\/1e1238d2d1617438f3682e54bf4d6c05\",\"name\":\"admin\",\"image\":{\"@type\":\"ImageObject\",\"inLanguage\":\"it-IT\",\"@id\":\"https:\\\/\\\/secure.gravatar.com\\\/avatar\\\/9102d8c23b35e2809b07ebc42ce126daa3d6a47cce9878a22d14d9852ade629e?s=96&d=mm&r=g\",\"url\":\"https:\\\/\\\/secure.gravatar.com\\\/avatar\\\/9102d8c23b35e2809b07ebc42ce126daa3d6a47cce9878a22d14d9852ade629e?s=96&d=mm&r=g\",\"contentUrl\":\"https:\\\/\\\/secure.gravatar.com\\\/avatar\\\/9102d8c23b35e2809b07ebc42ce126daa3d6a47cce9878a22d14d9852ade629e?s=96&d=mm&r=g\",\"caption\":\"admin\"},\"url\":\"https:\\\/\\\/www.turismoitinerante.com\\\/site\\\/author\\\/admin\\\/\"}]}<\/script>\n<!-- \/ Yoast SEO plugin. -->","yoast_head_json":{"title":"Conclusa Tourit soddisfazione per affluenza di pubblico e record di marchi  - TI - Turismo Itinerante","robots":{"index":"index","follow":"follow","max-snippet":"max-snippet:-1","max-image-preview":"max-image-preview:large","max-video-preview":"max-video-preview:-1"},"canonical":"https:\/\/www.turismoitinerante.com\/site\/conclusa-tourit-soddisfazione-per-affluenza-di-pubblico-e-record-di-marchi\/","og_locale":"it_IT","og_type":"article","og_title":"Conclusa Tourit soddisfazione per affluenza di pubblico e record di marchi  - TI - Turismo Itinerante","og_description":"Il mondo del camper si \u00e8 ritrovato in forze a Carrara da gioved\u00ec 22 a domenica 25 gennaio per un\u2019edizione molto positiva del salone del turismo itinerante e sostenibile. Segnali positivi dal mercato con vendite in fiera e contrattazioni sostenute grazie al grande impegno degli espositori che hanno presentato numerose novit\u00e0 per la stagione 2015. [&hellip;]","og_url":"https:\/\/www.turismoitinerante.com\/site\/conclusa-tourit-soddisfazione-per-affluenza-di-pubblico-e-record-di-marchi\/","og_site_name":"TI - Turismo Itinerante","article_published_time":"2015-01-26T08:27:56+00:00","og_image":[{"width":660,"height":440,"url":"https:\/\/www.turismoitinerante.com\/site\/wp-content\/uploads\/2015\/01\/raduno-carrara-2015-toscana_camper_club.jpg","type":"image\/jpeg"}],"author":"admin","twitter_card":"summary_large_image","twitter_misc":{"Scritto da":"admin","Tempo di lettura stimato":"4 minuti"},"schema":{"@context":"https:\/\/schema.org","@graph":[{"@type":"Article","@id":"https:\/\/www.turismoitinerante.com\/site\/conclusa-tourit-soddisfazione-per-affluenza-di-pubblico-e-record-di-marchi\/#article","isPartOf":{"@id":"https:\/\/www.turismoitinerante.com\/site\/conclusa-tourit-soddisfazione-per-affluenza-di-pubblico-e-record-di-marchi\/"},"author":{"name":"admin","@id":"https:\/\/www.turismoitinerante.com\/site\/#\/schema\/person\/1e1238d2d1617438f3682e54bf4d6c05"},"headline":"Conclusa Tourit soddisfazione per affluenza di pubblico e record di marchi","datePublished":"2015-01-26T08:27:56+00:00","mainEntityOfPage":{"@id":"https:\/\/www.turismoitinerante.com\/site\/conclusa-tourit-soddisfazione-per-affluenza-di-pubblico-e-record-di-marchi\/"},"wordCount":769,"image":{"@id":"https:\/\/www.turismoitinerante.com\/site\/conclusa-tourit-soddisfazione-per-affluenza-di-pubblico-e-record-di-marchi\/#primaryimage"},"thumbnailUrl":"https:\/\/www.turismoitinerante.com\/site\/wp-content\/uploads\/2015\/01\/raduno-carrara-2015-toscana_camper_club.jpg","keywords":["Tourit"],"articleSection":["Caravanning"],"inLanguage":"it-IT"},{"@type":"WebPage","@id":"https:\/\/www.turismoitinerante.com\/site\/conclusa-tourit-soddisfazione-per-affluenza-di-pubblico-e-record-di-marchi\/","url":"https:\/\/www.turismoitinerante.com\/site\/conclusa-tourit-soddisfazione-per-affluenza-di-pubblico-e-record-di-marchi\/","name":"Conclusa Tourit soddisfazione per affluenza di pubblico e record di marchi - TI - Turismo Itinerante","isPartOf":{"@id":"https:\/\/www.turismoitinerante.com\/site\/#website"},"primaryImageOfPage":{"@id":"https:\/\/www.turismoitinerante.com\/site\/conclusa-tourit-soddisfazione-per-affluenza-di-pubblico-e-record-di-marchi\/#primaryimage"},"image":{"@id":"https:\/\/www.turismoitinerante.com\/site\/conclusa-tourit-soddisfazione-per-affluenza-di-pubblico-e-record-di-marchi\/#primaryimage"},"thumbnailUrl":"https:\/\/www.turismoitinerante.com\/site\/wp-content\/uploads\/2015\/01\/raduno-carrara-2015-toscana_camper_club.jpg","datePublished":"2015-01-26T08:27:56+00:00","author":{"@id":"https:\/\/www.turismoitinerante.com\/site\/#\/schema\/person\/1e1238d2d1617438f3682e54bf4d6c05"},"breadcrumb":{"@id":"https:\/\/www.turismoitinerante.com\/site\/conclusa-tourit-soddisfazione-per-affluenza-di-pubblico-e-record-di-marchi\/#breadcrumb"},"inLanguage":"it-IT","potentialAction":[{"@type":"ReadAction","target":["https:\/\/www.turismoitinerante.com\/site\/conclusa-tourit-soddisfazione-per-affluenza-di-pubblico-e-record-di-marchi\/"]}]},{"@type":"ImageObject","inLanguage":"it-IT","@id":"https:\/\/www.turismoitinerante.com\/site\/conclusa-tourit-soddisfazione-per-affluenza-di-pubblico-e-record-di-marchi\/#primaryimage","url":"https:\/\/www.turismoitinerante.com\/site\/wp-content\/uploads\/2015\/01\/raduno-carrara-2015-toscana_camper_club.jpg","contentUrl":"https:\/\/www.turismoitinerante.com\/site\/wp-content\/uploads\/2015\/01\/raduno-carrara-2015-toscana_camper_club.jpg","width":660,"height":440,"caption":"raduno-carrara-2015-toscana_camper_club"},{"@type":"BreadcrumbList","@id":"https:\/\/www.turismoitinerante.com\/site\/conclusa-tourit-soddisfazione-per-affluenza-di-pubblico-e-record-di-marchi\/#breadcrumb","itemListElement":[{"@type":"ListItem","position":1,"name":"Home","item":"https:\/\/www.turismoitinerante.com\/site\/"},{"@type":"ListItem","position":2,"name":"Conclusa Tourit soddisfazione per affluenza di pubblico e record di marchi"}]},{"@type":"WebSite","@id":"https:\/\/www.turismoitinerante.com\/site\/#website","url":"https:\/\/www.turismoitinerante.com\/site\/","name":"TI - Turismo Itinerante","description":"Ritrovarsi su internet per informarsi, per informare. Il portale del turismo itinerante. Una infinit\u00e0 di notizie su camper, itinerari, aree sosta camper, concessionari, campeggi, agriturismo, raduni, sagre, fiere, mostre, associazioni, club, forum, bacheca annunci","potentialAction":[{"@type":"SearchAction","target":{"@type":"EntryPoint","urlTemplate":"https:\/\/www.turismoitinerante.com\/site\/?s={search_term_string}"},"query-input":{"@type":"PropertyValueSpecification","valueRequired":true,"valueName":"search_term_string"}}],"inLanguage":"it-IT"},{"@type":"Person","@id":"https:\/\/www.turismoitinerante.com\/site\/#\/schema\/person\/1e1238d2d1617438f3682e54bf4d6c05","name":"admin","image":{"@type":"ImageObject","inLanguage":"it-IT","@id":"https:\/\/secure.gravatar.com\/avatar\/9102d8c23b35e2809b07ebc42ce126daa3d6a47cce9878a22d14d9852ade629e?s=96&d=mm&r=g","url":"https:\/\/secure.gravatar.com\/avatar\/9102d8c23b35e2809b07ebc42ce126daa3d6a47cce9878a22d14d9852ade629e?s=96&d=mm&r=g","contentUrl":"https:\/\/secure.gravatar.com\/avatar\/9102d8c23b35e2809b07ebc42ce126daa3d6a47cce9878a22d14d9852ade629e?s=96&d=mm&r=g","caption":"admin"},"url":"https:\/\/www.turismoitinerante.com\/site\/author\/admin\/"}]}},"_links":{"self":[{"href":"https:\/\/www.turismoitinerante.com\/site\/wp-json\/wp\/v2\/posts\/30470","targetHints":{"allow":["GET"]}}],"collection":[{"href":"https:\/\/www.turismoitinerante.com\/site\/wp-json\/wp\/v2\/posts"}],"about":[{"href":"https:\/\/www.turismoitinerante.com\/site\/wp-json\/wp\/v2\/types\/post"}],"author":[{"embeddable":true,"href":"https:\/\/www.turismoitinerante.com\/site\/wp-json\/wp\/v2\/users\/1"}],"replies":[{"embeddable":true,"href":"https:\/\/www.turismoitinerante.com\/site\/wp-json\/wp\/v2\/comments?post=30470"}],"version-history":[{"count":1,"href":"https:\/\/www.turismoitinerante.com\/site\/wp-json\/wp\/v2\/posts\/30470\/revisions"}],"predecessor-version":[{"id":30471,"href":"https:\/\/www.turismoitinerante.com\/site\/wp-json\/wp\/v2\/posts\/30470\/revisions\/30471"}],"wp:featuredmedia":[{"embeddable":true,"href":"https:\/\/www.turismoitinerante.com\/site\/wp-json\/wp\/v2\/media\/30331"}],"wp:attachment":[{"href":"https:\/\/www.turismoitinerante.com\/site\/wp-json\/wp\/v2\/media?parent=30470"}],"wp:term":[{"taxonomy":"category","embeddable":true,"href":"https:\/\/www.turismoitinerante.com\/site\/wp-json\/wp\/v2\/categories?post=30470"},{"taxonomy":"post_tag","embeddable":true,"href":"https:\/\/www.turismoitinerante.com\/site\/wp-json\/wp\/v2\/tags?post=30470"}],"curies":[{"name":"wp","href":"https:\/\/api.w.org\/{rel}","templated":true}]}}