{"id":30404,"date":"2015-01-16T11:00:10","date_gmt":"2015-01-16T10:00:10","guid":{"rendered":"http:\/\/www.turismoitinerante.com\/site\/?p=30404"},"modified":"2015-01-16T11:00:10","modified_gmt":"2015-01-16T10:00:10","slug":"al-ko-scompare-kurt-kober-alleta-di-78-anni","status":"publish","type":"post","link":"https:\/\/www.turismoitinerante.com\/site\/al-ko-scompare-kurt-kober-alleta-di-78-anni\/","title":{"rendered":"AL-KO: Scompare Kurt Kober all\u2019et\u00e0 di 78 anni"},"content":{"rendered":"<p><strong>Kurt Kober, ex presidente di AL-KO Kober GROUP, \u00e8 morto giovedi 15 gennaio, dopo una breve malattia all&#8217;et\u00e0 di 78 anni.<\/strong><\/p>\n<p><strong>Kurt Kober ha iniziato la sua attivit\u00e0 nel 1950 con l\u2019attivit\u00e0 di fabbro fondata da suo padre Alois Kober. Negli anni ha trasformato insieme ai suoi fratelli Herbert e Willy Kober \u00a0l\u2019azienda in una realt\u00e0 internazionale: AL-KO Kober<\/strong>.<\/p>\n<p><a href=\"http:\/\/www.turismoitinerante.com\/site\/wp-content\/uploads\/2015\/01\/Kurt-Kober_Al-KO.jpg\"><img decoding=\"async\" class=\"alignleft size-full wp-image-30405\" alt=\"Kurt Kober_Al-KO\" src=\"http:\/\/www.turismoitinerante.com\/site\/wp-content\/uploads\/2015\/01\/Kurt-Kober_Al-KO.jpg\" width=\"300\" height=\"450\" srcset=\"https:\/\/www.turismoitinerante.com\/site\/wp-content\/uploads\/2015\/01\/Kurt-Kober_Al-KO.jpg 300w, https:\/\/www.turismoitinerante.com\/site\/wp-content\/uploads\/2015\/01\/Kurt-Kober_Al-KO-200x300.jpg 200w\" sizes=\"(max-width: 300px) 100vw, 300px\" \/><\/a>\u00c8 stato un membro del consiglio di AL-KO Kober AG e tra i principali protagonisti nella divisione tecnologia dei veicoli. \u00c8 stato nominato Presidente nel 1999. Nel 2007 \u00e8 entrato a far parte del Consiglio di Sorveglianza, dove ha prestato servizio fino al giugno 2012.<\/p>\n<p>Kurt Kober \u00e8 stato un imprenditore appassionato. La sua grande forza creativa, la sua schiettezza e la sua apertura a nuove idee, lo hanno sempre contraddistinto. Kober \u00e8 stato molto attivo non solo nel mondo produttivo, ma anche in ambito sociale e culturale.<\/p>\n<p>Il CEO Stefan Kober e gli amministatori Roland e Harald Kober hanno dichiarato: \u201cSiamo addolorati per la morte improvvisa di nostro zio, che ha contribuito a costruire il nostro gruppo ed \u00e8 stato determinante per il suo successo. Abbiamo perso una persona straordinaria, che ha stabilito nuovi standard con il suo impegno aziendale e sociale&#8221;.<\/p>\n<p>Kurt Kober ha sempre dimostrato grande interesse per il mercato italiano, partecipando a tutte le fiere e agli eventi nel nostro Paese. Un mercato che gli \u00e8 sempre stato molto al cuore e che ha onorato con innumerevoli visite ai clienti italiani e alle consociate italiane.<\/p>\n<p>Konrad Weissteiner, amministratore delegato di AL-KO Italia: \u201cAccompagnare Kurt Kober nelle sue tante visite in Italia \u00e8 stato sempre molto istruttivo e coinvolgente. Ho apprezzato particolarmente la sua grande energia, la predilezione per l\u2019essenziale, l\u2019attenzione ai dettagli, e un grande carisma in grado di affascinare i suoi interlocutori. Ci lascia un grande uomo e un eccezionale imprenditore\u201d.<\/p>\n<div class=\"7863122cad8776726ec303240ed69aa5\" data-index=\"4\" style=\"float: none; margin:10px 0 10px 0; text-align:center;\">\n<script async src=\"\/\/pagead2.googlesyndication.com\/pagead\/js\/adsbygoogle.js\"><\/script>\r\n<!-- 728x90, creato 23\/02\/11 -->\r\n<ins class=\"adsbygoogle\"\r\n     style=\"display:inline-block;width:728px;height:90px\"\r\n     data-ad-client=\"ca-pub-5798583071070083\"\r\n     data-ad-slot=\"5935394872\"><\/ins>\r\n<script>\r\n(adsbygoogle = window.adsbygoogle || []).push({});\r\n<\/script>\n<\/div>\n\n<div style=\"font-size: 0px; height: 0px; line-height: 0px; margin: 0; padding: 0; clear: both;\"><\/div>","protected":false},"excerpt":{"rendered":"<p>Kurt Kober, ex presidente di AL-KO Kober GROUP, \u00e8 morto giovedi 15 gennaio, dopo una breve malattia all&#8217;et\u00e0 di 78 anni. Kurt Kober ha iniziato la sua attivit\u00e0 nel 1950 con l\u2019attivit\u00e0 di fabbro fondata da suo padre Alois Kober. Negli anni ha trasformato insieme ai suoi fratelli Herbert e Willy Kober \u00a0l\u2019azienda in una [&hellip;]<\/p>\n","protected":false},"author":1,"featured_media":30405,"comment_status":"closed","ping_status":"open","sticky":false,"template":"","format":"standard","meta":{"ngg_post_thumbnail":0,"jnews-multi-image_gallery":[],"jnews_single_post":[],"jnews_primary_category":[],"jnews_override_counter":[],"footnotes":""},"categories":[642],"tags":[444],"class_list":["post-30404","post","type-post","status-publish","format-standard","has-post-thumbnail","hentry","category-caravanning","tag-alko"],"yoast_head":"<!-- This site is optimized with the Yoast SEO plugin v27.4 - https:\/\/yoast.com\/product\/yoast-seo-wordpress\/ -->\n<title>AL-KO: Scompare Kurt Kober all\u2019et\u00e0 di 78 anni - TI - Turismo Itinerante<\/title>\n<meta name=\"robots\" content=\"index, follow, max-snippet:-1, max-image-preview:large, max-video-preview:-1\" \/>\n<link rel=\"canonical\" href=\"https:\/\/www.turismoitinerante.com\/site\/al-ko-scompare-kurt-kober-alleta-di-78-anni\/\" \/>\n<meta property=\"og:locale\" content=\"it_IT\" \/>\n<meta property=\"og:type\" content=\"article\" \/>\n<meta property=\"og:title\" content=\"AL-KO: Scompare Kurt Kober all\u2019et\u00e0 di 78 anni - TI - Turismo Itinerante\" \/>\n<meta property=\"og:description\" content=\"Kurt Kober, ex presidente di AL-KO Kober GROUP, \u00e8 morto giovedi 15 gennaio, dopo una breve malattia all&#8217;et\u00e0 di 78 anni. Kurt Kober ha iniziato la sua attivit\u00e0 nel 1950 con l\u2019attivit\u00e0 di fabbro fondata da suo padre Alois Kober. Negli anni ha trasformato insieme ai suoi fratelli Herbert e Willy Kober \u00a0l\u2019azienda in una [&hellip;]\" \/>\n<meta property=\"og:url\" content=\"https:\/\/www.turismoitinerante.com\/site\/al-ko-scompare-kurt-kober-alleta-di-78-anni\/\" \/>\n<meta property=\"og:site_name\" content=\"TI - Turismo Itinerante\" \/>\n<meta property=\"article:published_time\" content=\"2015-01-16T10:00:10+00:00\" \/>\n<meta property=\"og:image\" content=\"https:\/\/www.turismoitinerante.com\/site\/wp-content\/uploads\/2015\/01\/Kurt-Kober_Al-KO.jpg\" \/>\n\t<meta property=\"og:image:width\" content=\"300\" \/>\n\t<meta property=\"og:image:height\" content=\"450\" \/>\n\t<meta property=\"og:image:type\" content=\"image\/jpeg\" \/>\n<meta name=\"author\" content=\"admin\" \/>\n<meta name=\"twitter:card\" content=\"summary_large_image\" \/>\n<meta name=\"twitter:label1\" content=\"Scritto da\" \/>\n\t<meta name=\"twitter:data1\" content=\"admin\" \/>\n\t<meta name=\"twitter:label2\" content=\"Tempo di lettura stimato\" \/>\n\t<meta name=\"twitter:data2\" content=\"1 minuto\" \/>\n<script type=\"application\/ld+json\" class=\"yoast-schema-graph\">{\"@context\":\"https:\\\/\\\/schema.org\",\"@graph\":[{\"@type\":\"Article\",\"@id\":\"https:\\\/\\\/www.turismoitinerante.com\\\/site\\\/al-ko-scompare-kurt-kober-alleta-di-78-anni\\\/#article\",\"isPartOf\":{\"@id\":\"https:\\\/\\\/www.turismoitinerante.com\\\/site\\\/al-ko-scompare-kurt-kober-alleta-di-78-anni\\\/\"},\"author\":{\"name\":\"admin\",\"@id\":\"https:\\\/\\\/www.turismoitinerante.com\\\/site\\\/#\\\/schema\\\/person\\\/1e1238d2d1617438f3682e54bf4d6c05\"},\"headline\":\"AL-KO: Scompare Kurt Kober all\u2019et\u00e0 di 78 anni\",\"datePublished\":\"2015-01-16T10:00:10+00:00\",\"mainEntityOfPage\":{\"@id\":\"https:\\\/\\\/www.turismoitinerante.com\\\/site\\\/al-ko-scompare-kurt-kober-alleta-di-78-anni\\\/\"},\"wordCount\":302,\"image\":{\"@id\":\"https:\\\/\\\/www.turismoitinerante.com\\\/site\\\/al-ko-scompare-kurt-kober-alleta-di-78-anni\\\/#primaryimage\"},\"thumbnailUrl\":\"https:\\\/\\\/www.turismoitinerante.com\\\/site\\\/wp-content\\\/uploads\\\/2015\\\/01\\\/Kurt-Kober_Al-KO.jpg\",\"keywords\":[\"AL-KO\"],\"articleSection\":[\"Caravanning\"],\"inLanguage\":\"it-IT\"},{\"@type\":\"WebPage\",\"@id\":\"https:\\\/\\\/www.turismoitinerante.com\\\/site\\\/al-ko-scompare-kurt-kober-alleta-di-78-anni\\\/\",\"url\":\"https:\\\/\\\/www.turismoitinerante.com\\\/site\\\/al-ko-scompare-kurt-kober-alleta-di-78-anni\\\/\",\"name\":\"AL-KO: Scompare Kurt Kober all\u2019et\u00e0 di 78 anni - TI - Turismo Itinerante\",\"isPartOf\":{\"@id\":\"https:\\\/\\\/www.turismoitinerante.com\\\/site\\\/#website\"},\"primaryImageOfPage\":{\"@id\":\"https:\\\/\\\/www.turismoitinerante.com\\\/site\\\/al-ko-scompare-kurt-kober-alleta-di-78-anni\\\/#primaryimage\"},\"image\":{\"@id\":\"https:\\\/\\\/www.turismoitinerante.com\\\/site\\\/al-ko-scompare-kurt-kober-alleta-di-78-anni\\\/#primaryimage\"},\"thumbnailUrl\":\"https:\\\/\\\/www.turismoitinerante.com\\\/site\\\/wp-content\\\/uploads\\\/2015\\\/01\\\/Kurt-Kober_Al-KO.jpg\",\"datePublished\":\"2015-01-16T10:00:10+00:00\",\"author\":{\"@id\":\"https:\\\/\\\/www.turismoitinerante.com\\\/site\\\/#\\\/schema\\\/person\\\/1e1238d2d1617438f3682e54bf4d6c05\"},\"breadcrumb\":{\"@id\":\"https:\\\/\\\/www.turismoitinerante.com\\\/site\\\/al-ko-scompare-kurt-kober-alleta-di-78-anni\\\/#breadcrumb\"},\"inLanguage\":\"it-IT\",\"potentialAction\":[{\"@type\":\"ReadAction\",\"target\":[\"https:\\\/\\\/www.turismoitinerante.com\\\/site\\\/al-ko-scompare-kurt-kober-alleta-di-78-anni\\\/\"]}]},{\"@type\":\"ImageObject\",\"inLanguage\":\"it-IT\",\"@id\":\"https:\\\/\\\/www.turismoitinerante.com\\\/site\\\/al-ko-scompare-kurt-kober-alleta-di-78-anni\\\/#primaryimage\",\"url\":\"https:\\\/\\\/www.turismoitinerante.com\\\/site\\\/wp-content\\\/uploads\\\/2015\\\/01\\\/Kurt-Kober_Al-KO.jpg\",\"contentUrl\":\"https:\\\/\\\/www.turismoitinerante.com\\\/site\\\/wp-content\\\/uploads\\\/2015\\\/01\\\/Kurt-Kober_Al-KO.jpg\",\"width\":300,\"height\":450},{\"@type\":\"BreadcrumbList\",\"@id\":\"https:\\\/\\\/www.turismoitinerante.com\\\/site\\\/al-ko-scompare-kurt-kober-alleta-di-78-anni\\\/#breadcrumb\",\"itemListElement\":[{\"@type\":\"ListItem\",\"position\":1,\"name\":\"Home\",\"item\":\"https:\\\/\\\/www.turismoitinerante.com\\\/site\\\/\"},{\"@type\":\"ListItem\",\"position\":2,\"name\":\"AL-KO: Scompare Kurt Kober all\u2019et\u00e0 di 78 anni\"}]},{\"@type\":\"WebSite\",\"@id\":\"https:\\\/\\\/www.turismoitinerante.com\\\/site\\\/#website\",\"url\":\"https:\\\/\\\/www.turismoitinerante.com\\\/site\\\/\",\"name\":\"TI - Turismo Itinerante\",\"description\":\"Ritrovarsi su internet per informarsi, per informare. Il portale del turismo itinerante. Una infinit\u00e0 di notizie su camper, itinerari, aree sosta camper, concessionari, campeggi, agriturismo, raduni, sagre, fiere, mostre, associazioni, club, forum, bacheca annunci\",\"potentialAction\":[{\"@type\":\"SearchAction\",\"target\":{\"@type\":\"EntryPoint\",\"urlTemplate\":\"https:\\\/\\\/www.turismoitinerante.com\\\/site\\\/?s={search_term_string}\"},\"query-input\":{\"@type\":\"PropertyValueSpecification\",\"valueRequired\":true,\"valueName\":\"search_term_string\"}}],\"inLanguage\":\"it-IT\"},{\"@type\":\"Person\",\"@id\":\"https:\\\/\\\/www.turismoitinerante.com\\\/site\\\/#\\\/schema\\\/person\\\/1e1238d2d1617438f3682e54bf4d6c05\",\"name\":\"admin\",\"image\":{\"@type\":\"ImageObject\",\"inLanguage\":\"it-IT\",\"@id\":\"https:\\\/\\\/secure.gravatar.com\\\/avatar\\\/9102d8c23b35e2809b07ebc42ce126daa3d6a47cce9878a22d14d9852ade629e?s=96&d=mm&r=g\",\"url\":\"https:\\\/\\\/secure.gravatar.com\\\/avatar\\\/9102d8c23b35e2809b07ebc42ce126daa3d6a47cce9878a22d14d9852ade629e?s=96&d=mm&r=g\",\"contentUrl\":\"https:\\\/\\\/secure.gravatar.com\\\/avatar\\\/9102d8c23b35e2809b07ebc42ce126daa3d6a47cce9878a22d14d9852ade629e?s=96&d=mm&r=g\",\"caption\":\"admin\"},\"url\":\"https:\\\/\\\/www.turismoitinerante.com\\\/site\\\/author\\\/admin\\\/\"}]}<\/script>\n<!-- \/ Yoast SEO plugin. -->","yoast_head_json":{"title":"AL-KO: Scompare Kurt Kober all\u2019et\u00e0 di 78 anni - TI - Turismo Itinerante","robots":{"index":"index","follow":"follow","max-snippet":"max-snippet:-1","max-image-preview":"max-image-preview:large","max-video-preview":"max-video-preview:-1"},"canonical":"https:\/\/www.turismoitinerante.com\/site\/al-ko-scompare-kurt-kober-alleta-di-78-anni\/","og_locale":"it_IT","og_type":"article","og_title":"AL-KO: Scompare Kurt Kober all\u2019et\u00e0 di 78 anni - TI - Turismo Itinerante","og_description":"Kurt Kober, ex presidente di AL-KO Kober GROUP, \u00e8 morto giovedi 15 gennaio, dopo una breve malattia all&#8217;et\u00e0 di 78 anni. Kurt Kober ha iniziato la sua attivit\u00e0 nel 1950 con l\u2019attivit\u00e0 di fabbro fondata da suo padre Alois Kober. Negli anni ha trasformato insieme ai suoi fratelli Herbert e Willy Kober \u00a0l\u2019azienda in una [&hellip;]","og_url":"https:\/\/www.turismoitinerante.com\/site\/al-ko-scompare-kurt-kober-alleta-di-78-anni\/","og_site_name":"TI - Turismo Itinerante","article_published_time":"2015-01-16T10:00:10+00:00","og_image":[{"width":300,"height":450,"url":"https:\/\/www.turismoitinerante.com\/site\/wp-content\/uploads\/2015\/01\/Kurt-Kober_Al-KO.jpg","type":"image\/jpeg"}],"author":"admin","twitter_card":"summary_large_image","twitter_misc":{"Scritto da":"admin","Tempo di lettura stimato":"1 minuto"},"schema":{"@context":"https:\/\/schema.org","@graph":[{"@type":"Article","@id":"https:\/\/www.turismoitinerante.com\/site\/al-ko-scompare-kurt-kober-alleta-di-78-anni\/#article","isPartOf":{"@id":"https:\/\/www.turismoitinerante.com\/site\/al-ko-scompare-kurt-kober-alleta-di-78-anni\/"},"author":{"name":"admin","@id":"https:\/\/www.turismoitinerante.com\/site\/#\/schema\/person\/1e1238d2d1617438f3682e54bf4d6c05"},"headline":"AL-KO: Scompare Kurt Kober all\u2019et\u00e0 di 78 anni","datePublished":"2015-01-16T10:00:10+00:00","mainEntityOfPage":{"@id":"https:\/\/www.turismoitinerante.com\/site\/al-ko-scompare-kurt-kober-alleta-di-78-anni\/"},"wordCount":302,"image":{"@id":"https:\/\/www.turismoitinerante.com\/site\/al-ko-scompare-kurt-kober-alleta-di-78-anni\/#primaryimage"},"thumbnailUrl":"https:\/\/www.turismoitinerante.com\/site\/wp-content\/uploads\/2015\/01\/Kurt-Kober_Al-KO.jpg","keywords":["AL-KO"],"articleSection":["Caravanning"],"inLanguage":"it-IT"},{"@type":"WebPage","@id":"https:\/\/www.turismoitinerante.com\/site\/al-ko-scompare-kurt-kober-alleta-di-78-anni\/","url":"https:\/\/www.turismoitinerante.com\/site\/al-ko-scompare-kurt-kober-alleta-di-78-anni\/","name":"AL-KO: Scompare Kurt Kober all\u2019et\u00e0 di 78 anni - TI - Turismo Itinerante","isPartOf":{"@id":"https:\/\/www.turismoitinerante.com\/site\/#website"},"primaryImageOfPage":{"@id":"https:\/\/www.turismoitinerante.com\/site\/al-ko-scompare-kurt-kober-alleta-di-78-anni\/#primaryimage"},"image":{"@id":"https:\/\/www.turismoitinerante.com\/site\/al-ko-scompare-kurt-kober-alleta-di-78-anni\/#primaryimage"},"thumbnailUrl":"https:\/\/www.turismoitinerante.com\/site\/wp-content\/uploads\/2015\/01\/Kurt-Kober_Al-KO.jpg","datePublished":"2015-01-16T10:00:10+00:00","author":{"@id":"https:\/\/www.turismoitinerante.com\/site\/#\/schema\/person\/1e1238d2d1617438f3682e54bf4d6c05"},"breadcrumb":{"@id":"https:\/\/www.turismoitinerante.com\/site\/al-ko-scompare-kurt-kober-alleta-di-78-anni\/#breadcrumb"},"inLanguage":"it-IT","potentialAction":[{"@type":"ReadAction","target":["https:\/\/www.turismoitinerante.com\/site\/al-ko-scompare-kurt-kober-alleta-di-78-anni\/"]}]},{"@type":"ImageObject","inLanguage":"it-IT","@id":"https:\/\/www.turismoitinerante.com\/site\/al-ko-scompare-kurt-kober-alleta-di-78-anni\/#primaryimage","url":"https:\/\/www.turismoitinerante.com\/site\/wp-content\/uploads\/2015\/01\/Kurt-Kober_Al-KO.jpg","contentUrl":"https:\/\/www.turismoitinerante.com\/site\/wp-content\/uploads\/2015\/01\/Kurt-Kober_Al-KO.jpg","width":300,"height":450},{"@type":"BreadcrumbList","@id":"https:\/\/www.turismoitinerante.com\/site\/al-ko-scompare-kurt-kober-alleta-di-78-anni\/#breadcrumb","itemListElement":[{"@type":"ListItem","position":1,"name":"Home","item":"https:\/\/www.turismoitinerante.com\/site\/"},{"@type":"ListItem","position":2,"name":"AL-KO: Scompare Kurt Kober all\u2019et\u00e0 di 78 anni"}]},{"@type":"WebSite","@id":"https:\/\/www.turismoitinerante.com\/site\/#website","url":"https:\/\/www.turismoitinerante.com\/site\/","name":"TI - Turismo Itinerante","description":"Ritrovarsi su internet per informarsi, per informare. Il portale del turismo itinerante. Una infinit\u00e0 di notizie su camper, itinerari, aree sosta camper, concessionari, campeggi, agriturismo, raduni, sagre, fiere, mostre, associazioni, club, forum, bacheca annunci","potentialAction":[{"@type":"SearchAction","target":{"@type":"EntryPoint","urlTemplate":"https:\/\/www.turismoitinerante.com\/site\/?s={search_term_string}"},"query-input":{"@type":"PropertyValueSpecification","valueRequired":true,"valueName":"search_term_string"}}],"inLanguage":"it-IT"},{"@type":"Person","@id":"https:\/\/www.turismoitinerante.com\/site\/#\/schema\/person\/1e1238d2d1617438f3682e54bf4d6c05","name":"admin","image":{"@type":"ImageObject","inLanguage":"it-IT","@id":"https:\/\/secure.gravatar.com\/avatar\/9102d8c23b35e2809b07ebc42ce126daa3d6a47cce9878a22d14d9852ade629e?s=96&d=mm&r=g","url":"https:\/\/secure.gravatar.com\/avatar\/9102d8c23b35e2809b07ebc42ce126daa3d6a47cce9878a22d14d9852ade629e?s=96&d=mm&r=g","contentUrl":"https:\/\/secure.gravatar.com\/avatar\/9102d8c23b35e2809b07ebc42ce126daa3d6a47cce9878a22d14d9852ade629e?s=96&d=mm&r=g","caption":"admin"},"url":"https:\/\/www.turismoitinerante.com\/site\/author\/admin\/"}]}},"_links":{"self":[{"href":"https:\/\/www.turismoitinerante.com\/site\/wp-json\/wp\/v2\/posts\/30404","targetHints":{"allow":["GET"]}}],"collection":[{"href":"https:\/\/www.turismoitinerante.com\/site\/wp-json\/wp\/v2\/posts"}],"about":[{"href":"https:\/\/www.turismoitinerante.com\/site\/wp-json\/wp\/v2\/types\/post"}],"author":[{"embeddable":true,"href":"https:\/\/www.turismoitinerante.com\/site\/wp-json\/wp\/v2\/users\/1"}],"replies":[{"embeddable":true,"href":"https:\/\/www.turismoitinerante.com\/site\/wp-json\/wp\/v2\/comments?post=30404"}],"version-history":[{"count":1,"href":"https:\/\/www.turismoitinerante.com\/site\/wp-json\/wp\/v2\/posts\/30404\/revisions"}],"predecessor-version":[{"id":30406,"href":"https:\/\/www.turismoitinerante.com\/site\/wp-json\/wp\/v2\/posts\/30404\/revisions\/30406"}],"wp:featuredmedia":[{"embeddable":true,"href":"https:\/\/www.turismoitinerante.com\/site\/wp-json\/wp\/v2\/media\/30405"}],"wp:attachment":[{"href":"https:\/\/www.turismoitinerante.com\/site\/wp-json\/wp\/v2\/media?parent=30404"}],"wp:term":[{"taxonomy":"category","embeddable":true,"href":"https:\/\/www.turismoitinerante.com\/site\/wp-json\/wp\/v2\/categories?post=30404"},{"taxonomy":"post_tag","embeddable":true,"href":"https:\/\/www.turismoitinerante.com\/site\/wp-json\/wp\/v2\/tags?post=30404"}],"curies":[{"name":"wp","href":"https:\/\/api.w.org\/{rel}","templated":true}]}}