{"id":30304,"date":"2014-12-19T09:56:01","date_gmt":"2014-12-19T08:56:01","guid":{"rendered":"http:\/\/www.turismoitinerante.com\/site\/?p=30304"},"modified":"2015-09-20T14:45:10","modified_gmt":"2015-09-20T13:45:10","slug":"truma-alla-fiera-cmt-di-stoccarda-2015","status":"publish","type":"post","link":"https:\/\/www.turismoitinerante.com\/site\/truma-alla-fiera-cmt-di-stoccarda-2015\/","title":{"rendered":"Truma alla fiera CMT di Stoccarda 2015"},"content":{"rendered":"<p><strong>Nella fiera CMT di Sttoccarda per Truma tutto \u00e8 all&#8217;insegna della nuova App<\/strong>. <strong>Presso\u00a0lo Stand D22 della Truma nel padiglione 7 i visitatori troveranno uno Smartphone grande due metri\u00a0con il quale potranno navigare nella App e ricevere informazioni<\/strong>. Inoltre, uno dei giochi dell&#8217;applicazione.<\/p>\n<p>Truma invita a testare la propria abilit\u00e0.<\/p>\n<p>La <strong>Truma App<\/strong> offre informazioni aggiornate sull&#8217;azienda e d\u00e0 un rapido accesso alle istruzioni per l&#8217;uso e brevi istruzioni in formato PDF nonch\u00e9 dei video How-to-use relativi ai prodotti Truma.<\/p>\n<p><img decoding=\"async\" class=\"alignleft  wp-image-29293\" alt=\"Truma-App_Startscreen\" src=\"http:\/\/www.turismoitinerante.com\/site\/wp-content\/uploads\/2014\/07\/Truma-App_Startscreen.jpg\" width=\"159\" height=\"280\" srcset=\"https:\/\/www.turismoitinerante.com\/site\/wp-content\/uploads\/2014\/07\/Truma-App_Startscreen.jpg 199w, https:\/\/www.turismoitinerante.com\/site\/wp-content\/uploads\/2014\/07\/Truma-App_Startscreen-170x300.jpg 170w\" sizes=\"(max-width: 159px) 100vw, 159px\" \/><\/p>\n<p>Pratici strumenti come la ricerca rivenditori, l&#8217;esposizione solare e il livellamento veicolo offrono un ulteriore valore aggiunto. La Truma App \u00e8 compatibile con gli Smartphones e Tablets nonch\u00e9 con Android e iOS ed \u00e8 disponibile gratuitamente nel Apple App Store e in Google Play.<\/p>\n<p>Inoltre, Truma regala la popolare <strong>mascotte Nanuk<\/strong>, il piccolo eschimese in peluche nel CampWear Look Truma, direttamente presso la fiera di Stoccarda. &#8220;Chiediamo solamente di versare un piccolo contributo. Ognuno d\u00e0 quello che vuole, come vuole&#8221;, spiega Verena Flowers, responsabile della fiera presso Truma.<\/p>\n<p>I soldi raccolti andranno in beneficenza alla fondazione Truma Renate Schimmer-Wottrich, l&#8217;istituto sociale che si occupa dell&#8217;assistenza ai bambini e ai giovani di Putzbrunn e dintorni.<\/p>\n<p>Anche quest&#8217;anno <strong>durante tutto il periodo fieristico Truma \u00e8 nuovamente in loco con un tecnico d&#8217;assistenza, il quale ripara prodotti o li rimonta direttamente<\/strong>. E&#8217; possibile prendere un appuntamento presso lo stand fieristico della Truma nel padiglione 7, Stand D22.<\/p>\n<p><strong><a href=\"http:\/\/www.truma.com\" target=\"_blank\">www.truma.com<\/a><\/strong><\/p>\n<p><a href=\"http:\/\/www.turismoitinerante.com\/site\/wp-content\/uploads\/2014\/12\/Truma_Nanuk.jpg\"><img decoding=\"async\" class=\"aligncenter size-full wp-image-30305\" alt=\"Truma_Nanuk\" src=\"http:\/\/www.turismoitinerante.com\/site\/wp-content\/uploads\/2014\/12\/Truma_Nanuk.jpg\" width=\"660\" height=\"440\" srcset=\"https:\/\/www.turismoitinerante.com\/site\/wp-content\/uploads\/2014\/12\/Truma_Nanuk.jpg 660w, https:\/\/www.turismoitinerante.com\/site\/wp-content\/uploads\/2014\/12\/Truma_Nanuk-300x200.jpg 300w, https:\/\/www.turismoitinerante.com\/site\/wp-content\/uploads\/2014\/12\/Truma_Nanuk-400x266.jpg 400w\" sizes=\"(max-width: 660px) 100vw, 660px\" \/><\/a><\/p>\n<p><b>\u00a0<\/b><\/p>\n<div class=\"7863122cad8776726ec303240ed69aa5\" data-index=\"4\" style=\"float: none; margin:10px 0 10px 0; text-align:center;\">\n<script async src=\"\/\/pagead2.googlesyndication.com\/pagead\/js\/adsbygoogle.js\"><\/script>\r\n<!-- 728x90, creato 23\/02\/11 -->\r\n<ins class=\"adsbygoogle\"\r\n     style=\"display:inline-block;width:728px;height:90px\"\r\n     data-ad-client=\"ca-pub-5798583071070083\"\r\n     data-ad-slot=\"5935394872\"><\/ins>\r\n<script>\r\n(adsbygoogle = window.adsbygoogle || []).push({});\r\n<\/script>\n<\/div>\n\n<div style=\"font-size: 0px; height: 0px; line-height: 0px; margin: 0; padding: 0; clear: both;\"><\/div>","protected":false},"excerpt":{"rendered":"<p>Nella fiera CMT di Sttoccarda per Truma tutto \u00e8 all&#8217;insegna della nuova App. Presso\u00a0lo Stand D22 della Truma nel padiglione 7 i visitatori troveranno uno Smartphone grande due metri\u00a0con il quale potranno navigare nella App e ricevere informazioni. Inoltre, uno dei giochi dell&#8217;applicazione. Truma invita a testare la propria abilit\u00e0. La Truma App offre informazioni [&hellip;]<\/p>\n","protected":false},"author":1,"featured_media":29615,"comment_status":"closed","ping_status":"open","sticky":false,"template":"","format":"standard","meta":{"ngg_post_thumbnail":0,"jnews-multi-image_gallery":[],"jnews_single_post":[],"jnews_primary_category":[],"jnews_override_counter":[],"footnotes":""},"categories":[642],"tags":[631,436],"class_list":["post-30304","post","type-post","status-publish","format-standard","has-post-thumbnail","hentry","category-caravanning","tag-cmt-stoccarda","tag-truma"],"yoast_head":"<!-- This site is optimized with the Yoast SEO plugin v27.4 - https:\/\/yoast.com\/product\/yoast-seo-wordpress\/ -->\n<title>Truma alla fiera CMT di Stoccarda 2015 - TI - Turismo Itinerante<\/title>\n<meta name=\"robots\" content=\"index, follow, max-snippet:-1, max-image-preview:large, max-video-preview:-1\" \/>\n<link rel=\"canonical\" href=\"https:\/\/www.turismoitinerante.com\/site\/truma-alla-fiera-cmt-di-stoccarda-2015\/\" \/>\n<meta property=\"og:locale\" content=\"it_IT\" \/>\n<meta property=\"og:type\" content=\"article\" \/>\n<meta property=\"og:title\" content=\"Truma alla fiera CMT di Stoccarda 2015 - TI - Turismo Itinerante\" \/>\n<meta property=\"og:description\" content=\"Nella fiera CMT di Sttoccarda per Truma tutto \u00e8 all&#8217;insegna della nuova App. Presso\u00a0lo Stand D22 della Truma nel padiglione 7 i visitatori troveranno uno Smartphone grande due metri\u00a0con il quale potranno navigare nella App e ricevere informazioni. Inoltre, uno dei giochi dell&#8217;applicazione. Truma invita a testare la propria abilit\u00e0. La Truma App offre informazioni [&hellip;]\" \/>\n<meta property=\"og:url\" content=\"https:\/\/www.turismoitinerante.com\/site\/truma-alla-fiera-cmt-di-stoccarda-2015\/\" \/>\n<meta property=\"og:site_name\" content=\"TI - Turismo Itinerante\" \/>\n<meta property=\"article:published_time\" content=\"2014-12-19T08:56:01+00:00\" \/>\n<meta property=\"article:modified_time\" content=\"2015-09-20T13:45:10+00:00\" \/>\n<meta property=\"og:image\" content=\"https:\/\/www.turismoitinerante.com\/site\/wp-content\/uploads\/2014\/07\/truma-app-salone.camper.jpg\" \/>\n\t<meta property=\"og:image:width\" content=\"650\" \/>\n\t<meta property=\"og:image:height\" content=\"433\" \/>\n\t<meta property=\"og:image:type\" content=\"image\/jpeg\" \/>\n<meta name=\"author\" content=\"admin\" \/>\n<meta name=\"twitter:card\" content=\"summary_large_image\" \/>\n<meta name=\"twitter:label1\" content=\"Scritto da\" \/>\n\t<meta name=\"twitter:data1\" content=\"admin\" \/>\n\t<meta name=\"twitter:label2\" content=\"Tempo di lettura stimato\" \/>\n\t<meta name=\"twitter:data2\" content=\"1 minuto\" \/>\n<script type=\"application\/ld+json\" class=\"yoast-schema-graph\">{\"@context\":\"https:\\\/\\\/schema.org\",\"@graph\":[{\"@type\":\"Article\",\"@id\":\"https:\\\/\\\/www.turismoitinerante.com\\\/site\\\/truma-alla-fiera-cmt-di-stoccarda-2015\\\/#article\",\"isPartOf\":{\"@id\":\"https:\\\/\\\/www.turismoitinerante.com\\\/site\\\/truma-alla-fiera-cmt-di-stoccarda-2015\\\/\"},\"author\":{\"name\":\"admin\",\"@id\":\"https:\\\/\\\/www.turismoitinerante.com\\\/site\\\/#\\\/schema\\\/person\\\/1e1238d2d1617438f3682e54bf4d6c05\"},\"headline\":\"Truma alla fiera CMT di Stoccarda 2015\",\"datePublished\":\"2014-12-19T08:56:01+00:00\",\"dateModified\":\"2015-09-20T13:45:10+00:00\",\"mainEntityOfPage\":{\"@id\":\"https:\\\/\\\/www.turismoitinerante.com\\\/site\\\/truma-alla-fiera-cmt-di-stoccarda-2015\\\/\"},\"wordCount\":239,\"image\":{\"@id\":\"https:\\\/\\\/www.turismoitinerante.com\\\/site\\\/truma-alla-fiera-cmt-di-stoccarda-2015\\\/#primaryimage\"},\"thumbnailUrl\":\"https:\\\/\\\/www.turismoitinerante.com\\\/site\\\/wp-content\\\/uploads\\\/2014\\\/07\\\/truma-app-salone.camper.jpg\",\"keywords\":[\"CMT Stoccarda\",\"Truma\"],\"articleSection\":[\"Caravanning\"],\"inLanguage\":\"it-IT\"},{\"@type\":\"WebPage\",\"@id\":\"https:\\\/\\\/www.turismoitinerante.com\\\/site\\\/truma-alla-fiera-cmt-di-stoccarda-2015\\\/\",\"url\":\"https:\\\/\\\/www.turismoitinerante.com\\\/site\\\/truma-alla-fiera-cmt-di-stoccarda-2015\\\/\",\"name\":\"Truma alla fiera CMT di Stoccarda 2015 - TI - Turismo Itinerante\",\"isPartOf\":{\"@id\":\"https:\\\/\\\/www.turismoitinerante.com\\\/site\\\/#website\"},\"primaryImageOfPage\":{\"@id\":\"https:\\\/\\\/www.turismoitinerante.com\\\/site\\\/truma-alla-fiera-cmt-di-stoccarda-2015\\\/#primaryimage\"},\"image\":{\"@id\":\"https:\\\/\\\/www.turismoitinerante.com\\\/site\\\/truma-alla-fiera-cmt-di-stoccarda-2015\\\/#primaryimage\"},\"thumbnailUrl\":\"https:\\\/\\\/www.turismoitinerante.com\\\/site\\\/wp-content\\\/uploads\\\/2014\\\/07\\\/truma-app-salone.camper.jpg\",\"datePublished\":\"2014-12-19T08:56:01+00:00\",\"dateModified\":\"2015-09-20T13:45:10+00:00\",\"author\":{\"@id\":\"https:\\\/\\\/www.turismoitinerante.com\\\/site\\\/#\\\/schema\\\/person\\\/1e1238d2d1617438f3682e54bf4d6c05\"},\"breadcrumb\":{\"@id\":\"https:\\\/\\\/www.turismoitinerante.com\\\/site\\\/truma-alla-fiera-cmt-di-stoccarda-2015\\\/#breadcrumb\"},\"inLanguage\":\"it-IT\",\"potentialAction\":[{\"@type\":\"ReadAction\",\"target\":[\"https:\\\/\\\/www.turismoitinerante.com\\\/site\\\/truma-alla-fiera-cmt-di-stoccarda-2015\\\/\"]}]},{\"@type\":\"ImageObject\",\"inLanguage\":\"it-IT\",\"@id\":\"https:\\\/\\\/www.turismoitinerante.com\\\/site\\\/truma-alla-fiera-cmt-di-stoccarda-2015\\\/#primaryimage\",\"url\":\"https:\\\/\\\/www.turismoitinerante.com\\\/site\\\/wp-content\\\/uploads\\\/2014\\\/07\\\/truma-app-salone.camper.jpg\",\"contentUrl\":\"https:\\\/\\\/www.turismoitinerante.com\\\/site\\\/wp-content\\\/uploads\\\/2014\\\/07\\\/truma-app-salone.camper.jpg\",\"width\":650,\"height\":433},{\"@type\":\"BreadcrumbList\",\"@id\":\"https:\\\/\\\/www.turismoitinerante.com\\\/site\\\/truma-alla-fiera-cmt-di-stoccarda-2015\\\/#breadcrumb\",\"itemListElement\":[{\"@type\":\"ListItem\",\"position\":1,\"name\":\"Home\",\"item\":\"https:\\\/\\\/www.turismoitinerante.com\\\/site\\\/\"},{\"@type\":\"ListItem\",\"position\":2,\"name\":\"Truma alla fiera CMT di Stoccarda 2015\"}]},{\"@type\":\"WebSite\",\"@id\":\"https:\\\/\\\/www.turismoitinerante.com\\\/site\\\/#website\",\"url\":\"https:\\\/\\\/www.turismoitinerante.com\\\/site\\\/\",\"name\":\"TI - Turismo Itinerante\",\"description\":\"Ritrovarsi su internet per informarsi, per informare. Il portale del turismo itinerante. Una infinit\u00e0 di notizie su camper, itinerari, aree sosta camper, concessionari, campeggi, agriturismo, raduni, sagre, fiere, mostre, associazioni, club, forum, bacheca annunci\",\"potentialAction\":[{\"@type\":\"SearchAction\",\"target\":{\"@type\":\"EntryPoint\",\"urlTemplate\":\"https:\\\/\\\/www.turismoitinerante.com\\\/site\\\/?s={search_term_string}\"},\"query-input\":{\"@type\":\"PropertyValueSpecification\",\"valueRequired\":true,\"valueName\":\"search_term_string\"}}],\"inLanguage\":\"it-IT\"},{\"@type\":\"Person\",\"@id\":\"https:\\\/\\\/www.turismoitinerante.com\\\/site\\\/#\\\/schema\\\/person\\\/1e1238d2d1617438f3682e54bf4d6c05\",\"name\":\"admin\",\"image\":{\"@type\":\"ImageObject\",\"inLanguage\":\"it-IT\",\"@id\":\"https:\\\/\\\/secure.gravatar.com\\\/avatar\\\/9102d8c23b35e2809b07ebc42ce126daa3d6a47cce9878a22d14d9852ade629e?s=96&d=mm&r=g\",\"url\":\"https:\\\/\\\/secure.gravatar.com\\\/avatar\\\/9102d8c23b35e2809b07ebc42ce126daa3d6a47cce9878a22d14d9852ade629e?s=96&d=mm&r=g\",\"contentUrl\":\"https:\\\/\\\/secure.gravatar.com\\\/avatar\\\/9102d8c23b35e2809b07ebc42ce126daa3d6a47cce9878a22d14d9852ade629e?s=96&d=mm&r=g\",\"caption\":\"admin\"},\"url\":\"https:\\\/\\\/www.turismoitinerante.com\\\/site\\\/author\\\/admin\\\/\"}]}<\/script>\n<!-- \/ Yoast SEO plugin. -->","yoast_head_json":{"title":"Truma alla fiera CMT di Stoccarda 2015 - TI - Turismo Itinerante","robots":{"index":"index","follow":"follow","max-snippet":"max-snippet:-1","max-image-preview":"max-image-preview:large","max-video-preview":"max-video-preview:-1"},"canonical":"https:\/\/www.turismoitinerante.com\/site\/truma-alla-fiera-cmt-di-stoccarda-2015\/","og_locale":"it_IT","og_type":"article","og_title":"Truma alla fiera CMT di Stoccarda 2015 - TI - Turismo Itinerante","og_description":"Nella fiera CMT di Sttoccarda per Truma tutto \u00e8 all&#8217;insegna della nuova App. Presso\u00a0lo Stand D22 della Truma nel padiglione 7 i visitatori troveranno uno Smartphone grande due metri\u00a0con il quale potranno navigare nella App e ricevere informazioni. Inoltre, uno dei giochi dell&#8217;applicazione. Truma invita a testare la propria abilit\u00e0. La Truma App offre informazioni [&hellip;]","og_url":"https:\/\/www.turismoitinerante.com\/site\/truma-alla-fiera-cmt-di-stoccarda-2015\/","og_site_name":"TI - Turismo Itinerante","article_published_time":"2014-12-19T08:56:01+00:00","article_modified_time":"2015-09-20T13:45:10+00:00","og_image":[{"width":650,"height":433,"url":"https:\/\/www.turismoitinerante.com\/site\/wp-content\/uploads\/2014\/07\/truma-app-salone.camper.jpg","type":"image\/jpeg"}],"author":"admin","twitter_card":"summary_large_image","twitter_misc":{"Scritto da":"admin","Tempo di lettura stimato":"1 minuto"},"schema":{"@context":"https:\/\/schema.org","@graph":[{"@type":"Article","@id":"https:\/\/www.turismoitinerante.com\/site\/truma-alla-fiera-cmt-di-stoccarda-2015\/#article","isPartOf":{"@id":"https:\/\/www.turismoitinerante.com\/site\/truma-alla-fiera-cmt-di-stoccarda-2015\/"},"author":{"name":"admin","@id":"https:\/\/www.turismoitinerante.com\/site\/#\/schema\/person\/1e1238d2d1617438f3682e54bf4d6c05"},"headline":"Truma alla fiera CMT di Stoccarda 2015","datePublished":"2014-12-19T08:56:01+00:00","dateModified":"2015-09-20T13:45:10+00:00","mainEntityOfPage":{"@id":"https:\/\/www.turismoitinerante.com\/site\/truma-alla-fiera-cmt-di-stoccarda-2015\/"},"wordCount":239,"image":{"@id":"https:\/\/www.turismoitinerante.com\/site\/truma-alla-fiera-cmt-di-stoccarda-2015\/#primaryimage"},"thumbnailUrl":"https:\/\/www.turismoitinerante.com\/site\/wp-content\/uploads\/2014\/07\/truma-app-salone.camper.jpg","keywords":["CMT Stoccarda","Truma"],"articleSection":["Caravanning"],"inLanguage":"it-IT"},{"@type":"WebPage","@id":"https:\/\/www.turismoitinerante.com\/site\/truma-alla-fiera-cmt-di-stoccarda-2015\/","url":"https:\/\/www.turismoitinerante.com\/site\/truma-alla-fiera-cmt-di-stoccarda-2015\/","name":"Truma alla fiera CMT di Stoccarda 2015 - TI - Turismo Itinerante","isPartOf":{"@id":"https:\/\/www.turismoitinerante.com\/site\/#website"},"primaryImageOfPage":{"@id":"https:\/\/www.turismoitinerante.com\/site\/truma-alla-fiera-cmt-di-stoccarda-2015\/#primaryimage"},"image":{"@id":"https:\/\/www.turismoitinerante.com\/site\/truma-alla-fiera-cmt-di-stoccarda-2015\/#primaryimage"},"thumbnailUrl":"https:\/\/www.turismoitinerante.com\/site\/wp-content\/uploads\/2014\/07\/truma-app-salone.camper.jpg","datePublished":"2014-12-19T08:56:01+00:00","dateModified":"2015-09-20T13:45:10+00:00","author":{"@id":"https:\/\/www.turismoitinerante.com\/site\/#\/schema\/person\/1e1238d2d1617438f3682e54bf4d6c05"},"breadcrumb":{"@id":"https:\/\/www.turismoitinerante.com\/site\/truma-alla-fiera-cmt-di-stoccarda-2015\/#breadcrumb"},"inLanguage":"it-IT","potentialAction":[{"@type":"ReadAction","target":["https:\/\/www.turismoitinerante.com\/site\/truma-alla-fiera-cmt-di-stoccarda-2015\/"]}]},{"@type":"ImageObject","inLanguage":"it-IT","@id":"https:\/\/www.turismoitinerante.com\/site\/truma-alla-fiera-cmt-di-stoccarda-2015\/#primaryimage","url":"https:\/\/www.turismoitinerante.com\/site\/wp-content\/uploads\/2014\/07\/truma-app-salone.camper.jpg","contentUrl":"https:\/\/www.turismoitinerante.com\/site\/wp-content\/uploads\/2014\/07\/truma-app-salone.camper.jpg","width":650,"height":433},{"@type":"BreadcrumbList","@id":"https:\/\/www.turismoitinerante.com\/site\/truma-alla-fiera-cmt-di-stoccarda-2015\/#breadcrumb","itemListElement":[{"@type":"ListItem","position":1,"name":"Home","item":"https:\/\/www.turismoitinerante.com\/site\/"},{"@type":"ListItem","position":2,"name":"Truma alla fiera CMT di Stoccarda 2015"}]},{"@type":"WebSite","@id":"https:\/\/www.turismoitinerante.com\/site\/#website","url":"https:\/\/www.turismoitinerante.com\/site\/","name":"TI - Turismo Itinerante","description":"Ritrovarsi su internet per informarsi, per informare. Il portale del turismo itinerante. Una infinit\u00e0 di notizie su camper, itinerari, aree sosta camper, concessionari, campeggi, agriturismo, raduni, sagre, fiere, mostre, associazioni, club, forum, bacheca annunci","potentialAction":[{"@type":"SearchAction","target":{"@type":"EntryPoint","urlTemplate":"https:\/\/www.turismoitinerante.com\/site\/?s={search_term_string}"},"query-input":{"@type":"PropertyValueSpecification","valueRequired":true,"valueName":"search_term_string"}}],"inLanguage":"it-IT"},{"@type":"Person","@id":"https:\/\/www.turismoitinerante.com\/site\/#\/schema\/person\/1e1238d2d1617438f3682e54bf4d6c05","name":"admin","image":{"@type":"ImageObject","inLanguage":"it-IT","@id":"https:\/\/secure.gravatar.com\/avatar\/9102d8c23b35e2809b07ebc42ce126daa3d6a47cce9878a22d14d9852ade629e?s=96&d=mm&r=g","url":"https:\/\/secure.gravatar.com\/avatar\/9102d8c23b35e2809b07ebc42ce126daa3d6a47cce9878a22d14d9852ade629e?s=96&d=mm&r=g","contentUrl":"https:\/\/secure.gravatar.com\/avatar\/9102d8c23b35e2809b07ebc42ce126daa3d6a47cce9878a22d14d9852ade629e?s=96&d=mm&r=g","caption":"admin"},"url":"https:\/\/www.turismoitinerante.com\/site\/author\/admin\/"}]}},"_links":{"self":[{"href":"https:\/\/www.turismoitinerante.com\/site\/wp-json\/wp\/v2\/posts\/30304","targetHints":{"allow":["GET"]}}],"collection":[{"href":"https:\/\/www.turismoitinerante.com\/site\/wp-json\/wp\/v2\/posts"}],"about":[{"href":"https:\/\/www.turismoitinerante.com\/site\/wp-json\/wp\/v2\/types\/post"}],"author":[{"embeddable":true,"href":"https:\/\/www.turismoitinerante.com\/site\/wp-json\/wp\/v2\/users\/1"}],"replies":[{"embeddable":true,"href":"https:\/\/www.turismoitinerante.com\/site\/wp-json\/wp\/v2\/comments?post=30304"}],"version-history":[{"count":4,"href":"https:\/\/www.turismoitinerante.com\/site\/wp-json\/wp\/v2\/posts\/30304\/revisions"}],"predecessor-version":[{"id":31800,"href":"https:\/\/www.turismoitinerante.com\/site\/wp-json\/wp\/v2\/posts\/30304\/revisions\/31800"}],"wp:featuredmedia":[{"embeddable":true,"href":"https:\/\/www.turismoitinerante.com\/site\/wp-json\/wp\/v2\/media\/29615"}],"wp:attachment":[{"href":"https:\/\/www.turismoitinerante.com\/site\/wp-json\/wp\/v2\/media?parent=30304"}],"wp:term":[{"taxonomy":"category","embeddable":true,"href":"https:\/\/www.turismoitinerante.com\/site\/wp-json\/wp\/v2\/categories?post=30304"},{"taxonomy":"post_tag","embeddable":true,"href":"https:\/\/www.turismoitinerante.com\/site\/wp-json\/wp\/v2\/tags?post=30304"}],"curies":[{"name":"wp","href":"https:\/\/api.w.org\/{rel}","templated":true}]}}