{"id":29550,"date":"2014-09-05T16:21:11","date_gmt":"2014-09-05T15:21:11","guid":{"rendered":"http:\/\/www.turismoitinerante.com\/site\/?p=29550"},"modified":"2014-09-05T16:21:11","modified_gmt":"2014-09-05T15:21:11","slug":"sabato-8-novembre-re-artu-e-i-suoi-cavalieri-al-castello-di-gropparello-pc","status":"publish","type":"post","link":"https:\/\/www.turismoitinerante.com\/site\/sabato-8-novembre-re-artu-e-i-suoi-cavalieri-al-castello-di-gropparello-pc\/","title":{"rendered":"Sabato 8 novembre, Re Art\u00f9 e i suoi Cavalieri al Castello di Gropparello (PC)"},"content":{"rendered":"<p style=\"text-align: left;\" align=\"center\"><b>Sabato 8 novembre, Re Art\u00f9 e i suoi Cavalieri protagonisti di una cena in costume dagli imprevedibili esiti al Castello di Gropparello (PC) <\/b><\/p>\n<p>Forse non \u00e8 esattamente lo scopo primario per cui era stata concepita ma c\u2019\u00e8 da immaginare che, seduti attorno alla tavola rotonda, i leggendari cavalieri guidati da Re Art\u00f9 non tenessero soltanto accese riunioni sul bene e sulla sicurezza del regno. Capitava anche che, appoggiati gli elmi e svestiti delle pesanti armature, i paladini della giustizia si sedessero l\u2019uno accanto all\u2019altro per mangiare qualcosa. E, nel medioevo, \u201cqualcosa\u201d significava come minimo un banchetto. E durante i banchetti succedeva sempre qualcosa.<\/p>\n<p><a href=\"http:\/\/www.turismoitinerante.com\/site\/wp-content\/uploads\/2014\/09\/gropparello-re-artu-cavalieri.jpg\"><img decoding=\"async\" class=\"aligncenter size-full wp-image-29551\" alt=\"gropparello-re-artu-cavalieri\" src=\"http:\/\/www.turismoitinerante.com\/site\/wp-content\/uploads\/2014\/09\/gropparello-re-artu-cavalieri.jpg\" width=\"650\" height=\"433\" srcset=\"https:\/\/www.turismoitinerante.com\/site\/wp-content\/uploads\/2014\/09\/gropparello-re-artu-cavalieri.jpg 650w, https:\/\/www.turismoitinerante.com\/site\/wp-content\/uploads\/2014\/09\/gropparello-re-artu-cavalieri-300x199.jpg 300w, https:\/\/www.turismoitinerante.com\/site\/wp-content\/uploads\/2014\/09\/gropparello-re-artu-cavalieri-400x266.jpg 400w\" sizes=\"(max-width: 650px) 100vw, 650px\" \/><\/a><\/p>\n<p>Ad esempio, <b>sabato 8 novembre 2014<\/b>, <b>Re Art\u00f9 e i Cavalieri della Tavola Rotonda<\/b> si trasferiscono come per magia al <b>Castello di Gropparello<\/b> (PC) per la festa indetta dal sovrano per celebrare l\u2019ennesima vittoria contro le forze del male. Nei saloni del maniero circondato dalle Gole del Vezzeno, sono invitati naturalmente tutti i nobili.<\/p>\n<p>Fra questi, alla festa si presenta anche un giovane cavaliere di ventura aitante e spensierato, il cui nome \u00e8 Lancillotto, che attira l\u2019attenzione di Art\u00f9. E non solo la sua.\u2028Quello che succeder\u00e0 in seguito lo sapr\u00e0 solamente chi accetter\u00e0 l\u2019invito del re a raggiungere il luogo della festa, alle 20.00, per banchettare fuori dal tempo e dalle pagine dei libri, in compagnia dei leggendari cavalieri, valorosi e gentili ma anche terribilmente attenti alla difesa del proprio onore.<\/p>\n<p>Il costo, comprensivo di vestizione in costume, animazione a tema, banchetto \u00e8 di 59 euro per gli Adulti \u2028e di 46 euro per i bambini fino ai 10 anni.<\/p>\n<p><b>Per informazioni: Castello di Gropparello<\/b><\/p>\n<p>Via Roma 84, 20025 \u2013 Gropparello (PC)<\/p>\n<p>Tel. 0523.855814<\/p>\n<p>E-mail: <a href=\"mailto:info@castellodigropparello.it\">info@castellodigropparello.it<\/a><\/p>\n<p>Sito web: <a href=\"http:\/\/www.castellodigropparello.it\/\">www.castellodigropparello.it<\/a><\/p>\n<div class=\"7863122cad8776726ec303240ed69aa5\" data-index=\"4\" style=\"float: none; margin:10px 0 10px 0; text-align:center;\">\n<script async src=\"\/\/pagead2.googlesyndication.com\/pagead\/js\/adsbygoogle.js\"><\/script>\r\n<!-- 728x90, creato 23\/02\/11 -->\r\n<ins class=\"adsbygoogle\"\r\n     style=\"display:inline-block;width:728px;height:90px\"\r\n     data-ad-client=\"ca-pub-5798583071070083\"\r\n     data-ad-slot=\"5935394872\"><\/ins>\r\n<script>\r\n(adsbygoogle = window.adsbygoogle || []).push({});\r\n<\/script>\n<\/div>\n\n<div style=\"font-size: 0px; height: 0px; line-height: 0px; margin: 0; padding: 0; clear: both;\"><\/div>","protected":false},"excerpt":{"rendered":"<p>Sabato 8 novembre, Re Art\u00f9 e i suoi Cavalieri protagonisti di una cena in costume dagli imprevedibili esiti al Castello di Gropparello (PC) Forse non \u00e8 esattamente lo scopo primario per cui era stata concepita ma c\u2019\u00e8 da immaginare che, seduti attorno alla tavola rotonda, i leggendari cavalieri guidati da Re Art\u00f9 non tenessero soltanto [&hellip;]<\/p>\n","protected":false},"author":1,"featured_media":29551,"comment_status":"closed","ping_status":"open","sticky":false,"template":"","format":"standard","meta":{"ngg_post_thumbnail":0,"jnews-multi-image_gallery":[],"jnews_single_post":[],"jnews_primary_category":[],"jnews_override_counter":[],"footnotes":""},"categories":[621],"tags":[],"class_list":["post-29550","post","type-post","status-publish","format-standard","has-post-thumbnail","hentry","category-info-turismo"],"yoast_head":"<!-- This site is optimized with the Yoast SEO plugin v27.4 - https:\/\/yoast.com\/product\/yoast-seo-wordpress\/ -->\n<title>Sabato 8 novembre, Re Art\u00f9 e i suoi Cavalieri al Castello di Gropparello (PC) - TI - Turismo Itinerante<\/title>\n<meta name=\"robots\" content=\"index, follow, max-snippet:-1, max-image-preview:large, max-video-preview:-1\" \/>\n<link rel=\"canonical\" href=\"https:\/\/www.turismoitinerante.com\/site\/sabato-8-novembre-re-artu-e-i-suoi-cavalieri-al-castello-di-gropparello-pc\/\" \/>\n<meta property=\"og:locale\" content=\"it_IT\" \/>\n<meta property=\"og:type\" content=\"article\" \/>\n<meta property=\"og:title\" content=\"Sabato 8 novembre, Re Art\u00f9 e i suoi Cavalieri al Castello di Gropparello (PC) - TI - Turismo Itinerante\" \/>\n<meta property=\"og:description\" content=\"Sabato 8 novembre, Re Art\u00f9 e i suoi Cavalieri protagonisti di una cena in costume dagli imprevedibili esiti al Castello di Gropparello (PC) Forse non \u00e8 esattamente lo scopo primario per cui era stata concepita ma c\u2019\u00e8 da immaginare che, seduti attorno alla tavola rotonda, i leggendari cavalieri guidati da Re Art\u00f9 non tenessero soltanto [&hellip;]\" \/>\n<meta property=\"og:url\" content=\"https:\/\/www.turismoitinerante.com\/site\/sabato-8-novembre-re-artu-e-i-suoi-cavalieri-al-castello-di-gropparello-pc\/\" \/>\n<meta property=\"og:site_name\" content=\"TI - Turismo Itinerante\" \/>\n<meta property=\"article:published_time\" content=\"2014-09-05T15:21:11+00:00\" \/>\n<meta property=\"og:image\" content=\"https:\/\/www.turismoitinerante.com\/site\/wp-content\/uploads\/2014\/09\/gropparello-re-artu-cavalieri.jpg\" \/>\n\t<meta property=\"og:image:width\" content=\"650\" \/>\n\t<meta property=\"og:image:height\" content=\"433\" \/>\n\t<meta property=\"og:image:type\" content=\"image\/jpeg\" \/>\n<meta name=\"author\" content=\"admin\" \/>\n<meta name=\"twitter:card\" content=\"summary_large_image\" \/>\n<meta name=\"twitter:label1\" content=\"Scritto da\" \/>\n\t<meta name=\"twitter:data1\" content=\"admin\" \/>\n\t<meta name=\"twitter:label2\" content=\"Tempo di lettura stimato\" \/>\n\t<meta name=\"twitter:data2\" content=\"1 minuto\" \/>\n<script type=\"application\/ld+json\" class=\"yoast-schema-graph\">{\"@context\":\"https:\\\/\\\/schema.org\",\"@graph\":[{\"@type\":\"Article\",\"@id\":\"https:\\\/\\\/www.turismoitinerante.com\\\/site\\\/sabato-8-novembre-re-artu-e-i-suoi-cavalieri-al-castello-di-gropparello-pc\\\/#article\",\"isPartOf\":{\"@id\":\"https:\\\/\\\/www.turismoitinerante.com\\\/site\\\/sabato-8-novembre-re-artu-e-i-suoi-cavalieri-al-castello-di-gropparello-pc\\\/\"},\"author\":{\"name\":\"admin\",\"@id\":\"https:\\\/\\\/www.turismoitinerante.com\\\/site\\\/#\\\/schema\\\/person\\\/1e1238d2d1617438f3682e54bf4d6c05\"},\"headline\":\"Sabato 8 novembre, Re Art\u00f9 e i suoi Cavalieri al Castello di Gropparello (PC)\",\"datePublished\":\"2014-09-05T15:21:11+00:00\",\"mainEntityOfPage\":{\"@id\":\"https:\\\/\\\/www.turismoitinerante.com\\\/site\\\/sabato-8-novembre-re-artu-e-i-suoi-cavalieri-al-castello-di-gropparello-pc\\\/\"},\"wordCount\":291,\"image\":{\"@id\":\"https:\\\/\\\/www.turismoitinerante.com\\\/site\\\/sabato-8-novembre-re-artu-e-i-suoi-cavalieri-al-castello-di-gropparello-pc\\\/#primaryimage\"},\"thumbnailUrl\":\"https:\\\/\\\/www.turismoitinerante.com\\\/site\\\/wp-content\\\/uploads\\\/2014\\\/09\\\/gropparello-re-artu-cavalieri.jpg\",\"articleSection\":[\"Turismo\"],\"inLanguage\":\"it-IT\"},{\"@type\":\"WebPage\",\"@id\":\"https:\\\/\\\/www.turismoitinerante.com\\\/site\\\/sabato-8-novembre-re-artu-e-i-suoi-cavalieri-al-castello-di-gropparello-pc\\\/\",\"url\":\"https:\\\/\\\/www.turismoitinerante.com\\\/site\\\/sabato-8-novembre-re-artu-e-i-suoi-cavalieri-al-castello-di-gropparello-pc\\\/\",\"name\":\"Sabato 8 novembre, Re Art\u00f9 e i suoi Cavalieri al Castello di Gropparello (PC) - TI - Turismo Itinerante\",\"isPartOf\":{\"@id\":\"https:\\\/\\\/www.turismoitinerante.com\\\/site\\\/#website\"},\"primaryImageOfPage\":{\"@id\":\"https:\\\/\\\/www.turismoitinerante.com\\\/site\\\/sabato-8-novembre-re-artu-e-i-suoi-cavalieri-al-castello-di-gropparello-pc\\\/#primaryimage\"},\"image\":{\"@id\":\"https:\\\/\\\/www.turismoitinerante.com\\\/site\\\/sabato-8-novembre-re-artu-e-i-suoi-cavalieri-al-castello-di-gropparello-pc\\\/#primaryimage\"},\"thumbnailUrl\":\"https:\\\/\\\/www.turismoitinerante.com\\\/site\\\/wp-content\\\/uploads\\\/2014\\\/09\\\/gropparello-re-artu-cavalieri.jpg\",\"datePublished\":\"2014-09-05T15:21:11+00:00\",\"author\":{\"@id\":\"https:\\\/\\\/www.turismoitinerante.com\\\/site\\\/#\\\/schema\\\/person\\\/1e1238d2d1617438f3682e54bf4d6c05\"},\"breadcrumb\":{\"@id\":\"https:\\\/\\\/www.turismoitinerante.com\\\/site\\\/sabato-8-novembre-re-artu-e-i-suoi-cavalieri-al-castello-di-gropparello-pc\\\/#breadcrumb\"},\"inLanguage\":\"it-IT\",\"potentialAction\":[{\"@type\":\"ReadAction\",\"target\":[\"https:\\\/\\\/www.turismoitinerante.com\\\/site\\\/sabato-8-novembre-re-artu-e-i-suoi-cavalieri-al-castello-di-gropparello-pc\\\/\"]}]},{\"@type\":\"ImageObject\",\"inLanguage\":\"it-IT\",\"@id\":\"https:\\\/\\\/www.turismoitinerante.com\\\/site\\\/sabato-8-novembre-re-artu-e-i-suoi-cavalieri-al-castello-di-gropparello-pc\\\/#primaryimage\",\"url\":\"https:\\\/\\\/www.turismoitinerante.com\\\/site\\\/wp-content\\\/uploads\\\/2014\\\/09\\\/gropparello-re-artu-cavalieri.jpg\",\"contentUrl\":\"https:\\\/\\\/www.turismoitinerante.com\\\/site\\\/wp-content\\\/uploads\\\/2014\\\/09\\\/gropparello-re-artu-cavalieri.jpg\",\"width\":650,\"height\":433},{\"@type\":\"BreadcrumbList\",\"@id\":\"https:\\\/\\\/www.turismoitinerante.com\\\/site\\\/sabato-8-novembre-re-artu-e-i-suoi-cavalieri-al-castello-di-gropparello-pc\\\/#breadcrumb\",\"itemListElement\":[{\"@type\":\"ListItem\",\"position\":1,\"name\":\"Home\",\"item\":\"https:\\\/\\\/www.turismoitinerante.com\\\/site\\\/\"},{\"@type\":\"ListItem\",\"position\":2,\"name\":\"Sabato 8 novembre, Re Art\u00f9 e i suoi Cavalieri al Castello di Gropparello (PC)\"}]},{\"@type\":\"WebSite\",\"@id\":\"https:\\\/\\\/www.turismoitinerante.com\\\/site\\\/#website\",\"url\":\"https:\\\/\\\/www.turismoitinerante.com\\\/site\\\/\",\"name\":\"TI - Turismo Itinerante\",\"description\":\"Ritrovarsi su internet per informarsi, per informare. Il portale del turismo itinerante. Una infinit\u00e0 di notizie su camper, itinerari, aree sosta camper, concessionari, campeggi, agriturismo, raduni, sagre, fiere, mostre, associazioni, club, forum, bacheca annunci\",\"potentialAction\":[{\"@type\":\"SearchAction\",\"target\":{\"@type\":\"EntryPoint\",\"urlTemplate\":\"https:\\\/\\\/www.turismoitinerante.com\\\/site\\\/?s={search_term_string}\"},\"query-input\":{\"@type\":\"PropertyValueSpecification\",\"valueRequired\":true,\"valueName\":\"search_term_string\"}}],\"inLanguage\":\"it-IT\"},{\"@type\":\"Person\",\"@id\":\"https:\\\/\\\/www.turismoitinerante.com\\\/site\\\/#\\\/schema\\\/person\\\/1e1238d2d1617438f3682e54bf4d6c05\",\"name\":\"admin\",\"image\":{\"@type\":\"ImageObject\",\"inLanguage\":\"it-IT\",\"@id\":\"https:\\\/\\\/secure.gravatar.com\\\/avatar\\\/9102d8c23b35e2809b07ebc42ce126daa3d6a47cce9878a22d14d9852ade629e?s=96&d=mm&r=g\",\"url\":\"https:\\\/\\\/secure.gravatar.com\\\/avatar\\\/9102d8c23b35e2809b07ebc42ce126daa3d6a47cce9878a22d14d9852ade629e?s=96&d=mm&r=g\",\"contentUrl\":\"https:\\\/\\\/secure.gravatar.com\\\/avatar\\\/9102d8c23b35e2809b07ebc42ce126daa3d6a47cce9878a22d14d9852ade629e?s=96&d=mm&r=g\",\"caption\":\"admin\"},\"url\":\"https:\\\/\\\/www.turismoitinerante.com\\\/site\\\/author\\\/admin\\\/\"}]}<\/script>\n<!-- \/ Yoast SEO plugin. -->","yoast_head_json":{"title":"Sabato 8 novembre, Re Art\u00f9 e i suoi Cavalieri al Castello di Gropparello (PC) - TI - Turismo Itinerante","robots":{"index":"index","follow":"follow","max-snippet":"max-snippet:-1","max-image-preview":"max-image-preview:large","max-video-preview":"max-video-preview:-1"},"canonical":"https:\/\/www.turismoitinerante.com\/site\/sabato-8-novembre-re-artu-e-i-suoi-cavalieri-al-castello-di-gropparello-pc\/","og_locale":"it_IT","og_type":"article","og_title":"Sabato 8 novembre, Re Art\u00f9 e i suoi Cavalieri al Castello di Gropparello (PC) - TI - Turismo Itinerante","og_description":"Sabato 8 novembre, Re Art\u00f9 e i suoi Cavalieri protagonisti di una cena in costume dagli imprevedibili esiti al Castello di Gropparello (PC) Forse non \u00e8 esattamente lo scopo primario per cui era stata concepita ma c\u2019\u00e8 da immaginare che, seduti attorno alla tavola rotonda, i leggendari cavalieri guidati da Re Art\u00f9 non tenessero soltanto [&hellip;]","og_url":"https:\/\/www.turismoitinerante.com\/site\/sabato-8-novembre-re-artu-e-i-suoi-cavalieri-al-castello-di-gropparello-pc\/","og_site_name":"TI - Turismo Itinerante","article_published_time":"2014-09-05T15:21:11+00:00","og_image":[{"width":650,"height":433,"url":"https:\/\/www.turismoitinerante.com\/site\/wp-content\/uploads\/2014\/09\/gropparello-re-artu-cavalieri.jpg","type":"image\/jpeg"}],"author":"admin","twitter_card":"summary_large_image","twitter_misc":{"Scritto da":"admin","Tempo di lettura stimato":"1 minuto"},"schema":{"@context":"https:\/\/schema.org","@graph":[{"@type":"Article","@id":"https:\/\/www.turismoitinerante.com\/site\/sabato-8-novembre-re-artu-e-i-suoi-cavalieri-al-castello-di-gropparello-pc\/#article","isPartOf":{"@id":"https:\/\/www.turismoitinerante.com\/site\/sabato-8-novembre-re-artu-e-i-suoi-cavalieri-al-castello-di-gropparello-pc\/"},"author":{"name":"admin","@id":"https:\/\/www.turismoitinerante.com\/site\/#\/schema\/person\/1e1238d2d1617438f3682e54bf4d6c05"},"headline":"Sabato 8 novembre, Re Art\u00f9 e i suoi Cavalieri al Castello di Gropparello (PC)","datePublished":"2014-09-05T15:21:11+00:00","mainEntityOfPage":{"@id":"https:\/\/www.turismoitinerante.com\/site\/sabato-8-novembre-re-artu-e-i-suoi-cavalieri-al-castello-di-gropparello-pc\/"},"wordCount":291,"image":{"@id":"https:\/\/www.turismoitinerante.com\/site\/sabato-8-novembre-re-artu-e-i-suoi-cavalieri-al-castello-di-gropparello-pc\/#primaryimage"},"thumbnailUrl":"https:\/\/www.turismoitinerante.com\/site\/wp-content\/uploads\/2014\/09\/gropparello-re-artu-cavalieri.jpg","articleSection":["Turismo"],"inLanguage":"it-IT"},{"@type":"WebPage","@id":"https:\/\/www.turismoitinerante.com\/site\/sabato-8-novembre-re-artu-e-i-suoi-cavalieri-al-castello-di-gropparello-pc\/","url":"https:\/\/www.turismoitinerante.com\/site\/sabato-8-novembre-re-artu-e-i-suoi-cavalieri-al-castello-di-gropparello-pc\/","name":"Sabato 8 novembre, Re Art\u00f9 e i suoi Cavalieri al Castello di Gropparello (PC) - TI - Turismo Itinerante","isPartOf":{"@id":"https:\/\/www.turismoitinerante.com\/site\/#website"},"primaryImageOfPage":{"@id":"https:\/\/www.turismoitinerante.com\/site\/sabato-8-novembre-re-artu-e-i-suoi-cavalieri-al-castello-di-gropparello-pc\/#primaryimage"},"image":{"@id":"https:\/\/www.turismoitinerante.com\/site\/sabato-8-novembre-re-artu-e-i-suoi-cavalieri-al-castello-di-gropparello-pc\/#primaryimage"},"thumbnailUrl":"https:\/\/www.turismoitinerante.com\/site\/wp-content\/uploads\/2014\/09\/gropparello-re-artu-cavalieri.jpg","datePublished":"2014-09-05T15:21:11+00:00","author":{"@id":"https:\/\/www.turismoitinerante.com\/site\/#\/schema\/person\/1e1238d2d1617438f3682e54bf4d6c05"},"breadcrumb":{"@id":"https:\/\/www.turismoitinerante.com\/site\/sabato-8-novembre-re-artu-e-i-suoi-cavalieri-al-castello-di-gropparello-pc\/#breadcrumb"},"inLanguage":"it-IT","potentialAction":[{"@type":"ReadAction","target":["https:\/\/www.turismoitinerante.com\/site\/sabato-8-novembre-re-artu-e-i-suoi-cavalieri-al-castello-di-gropparello-pc\/"]}]},{"@type":"ImageObject","inLanguage":"it-IT","@id":"https:\/\/www.turismoitinerante.com\/site\/sabato-8-novembre-re-artu-e-i-suoi-cavalieri-al-castello-di-gropparello-pc\/#primaryimage","url":"https:\/\/www.turismoitinerante.com\/site\/wp-content\/uploads\/2014\/09\/gropparello-re-artu-cavalieri.jpg","contentUrl":"https:\/\/www.turismoitinerante.com\/site\/wp-content\/uploads\/2014\/09\/gropparello-re-artu-cavalieri.jpg","width":650,"height":433},{"@type":"BreadcrumbList","@id":"https:\/\/www.turismoitinerante.com\/site\/sabato-8-novembre-re-artu-e-i-suoi-cavalieri-al-castello-di-gropparello-pc\/#breadcrumb","itemListElement":[{"@type":"ListItem","position":1,"name":"Home","item":"https:\/\/www.turismoitinerante.com\/site\/"},{"@type":"ListItem","position":2,"name":"Sabato 8 novembre, Re Art\u00f9 e i suoi Cavalieri al Castello di Gropparello (PC)"}]},{"@type":"WebSite","@id":"https:\/\/www.turismoitinerante.com\/site\/#website","url":"https:\/\/www.turismoitinerante.com\/site\/","name":"TI - Turismo Itinerante","description":"Ritrovarsi su internet per informarsi, per informare. Il portale del turismo itinerante. Una infinit\u00e0 di notizie su camper, itinerari, aree sosta camper, concessionari, campeggi, agriturismo, raduni, sagre, fiere, mostre, associazioni, club, forum, bacheca annunci","potentialAction":[{"@type":"SearchAction","target":{"@type":"EntryPoint","urlTemplate":"https:\/\/www.turismoitinerante.com\/site\/?s={search_term_string}"},"query-input":{"@type":"PropertyValueSpecification","valueRequired":true,"valueName":"search_term_string"}}],"inLanguage":"it-IT"},{"@type":"Person","@id":"https:\/\/www.turismoitinerante.com\/site\/#\/schema\/person\/1e1238d2d1617438f3682e54bf4d6c05","name":"admin","image":{"@type":"ImageObject","inLanguage":"it-IT","@id":"https:\/\/secure.gravatar.com\/avatar\/9102d8c23b35e2809b07ebc42ce126daa3d6a47cce9878a22d14d9852ade629e?s=96&d=mm&r=g","url":"https:\/\/secure.gravatar.com\/avatar\/9102d8c23b35e2809b07ebc42ce126daa3d6a47cce9878a22d14d9852ade629e?s=96&d=mm&r=g","contentUrl":"https:\/\/secure.gravatar.com\/avatar\/9102d8c23b35e2809b07ebc42ce126daa3d6a47cce9878a22d14d9852ade629e?s=96&d=mm&r=g","caption":"admin"},"url":"https:\/\/www.turismoitinerante.com\/site\/author\/admin\/"}]}},"_links":{"self":[{"href":"https:\/\/www.turismoitinerante.com\/site\/wp-json\/wp\/v2\/posts\/29550","targetHints":{"allow":["GET"]}}],"collection":[{"href":"https:\/\/www.turismoitinerante.com\/site\/wp-json\/wp\/v2\/posts"}],"about":[{"href":"https:\/\/www.turismoitinerante.com\/site\/wp-json\/wp\/v2\/types\/post"}],"author":[{"embeddable":true,"href":"https:\/\/www.turismoitinerante.com\/site\/wp-json\/wp\/v2\/users\/1"}],"replies":[{"embeddable":true,"href":"https:\/\/www.turismoitinerante.com\/site\/wp-json\/wp\/v2\/comments?post=29550"}],"version-history":[{"count":1,"href":"https:\/\/www.turismoitinerante.com\/site\/wp-json\/wp\/v2\/posts\/29550\/revisions"}],"predecessor-version":[{"id":29552,"href":"https:\/\/www.turismoitinerante.com\/site\/wp-json\/wp\/v2\/posts\/29550\/revisions\/29552"}],"wp:featuredmedia":[{"embeddable":true,"href":"https:\/\/www.turismoitinerante.com\/site\/wp-json\/wp\/v2\/media\/29551"}],"wp:attachment":[{"href":"https:\/\/www.turismoitinerante.com\/site\/wp-json\/wp\/v2\/media?parent=29550"}],"wp:term":[{"taxonomy":"category","embeddable":true,"href":"https:\/\/www.turismoitinerante.com\/site\/wp-json\/wp\/v2\/categories?post=29550"},{"taxonomy":"post_tag","embeddable":true,"href":"https:\/\/www.turismoitinerante.com\/site\/wp-json\/wp\/v2\/tags?post=29550"}],"curies":[{"name":"wp","href":"https:\/\/api.w.org\/{rel}","templated":true}]}}